{"id":16797,"date":"2024-12-20T11:03:29","date_gmt":"2024-12-20T10:03:29","guid":{"rendered":"https:\/\/www.diocesitn.it\/area-testimonianza\/?p=16797"},"modified":"2024-12-20T11:03:29","modified_gmt":"2024-12-20T10:03:29","slug":"fr-gianni-dalla-rizza-thailandia","status":"publish","type":"post","link":"https:\/\/www.diocesitn.it\/area-testimonianza\/2024\/12\/20\/fr-gianni-dalla-rizza-thailandia\/","title":{"rendered":"fr. Gianni Dalla Rizza &#8211; Thailandia"},"content":{"rendered":"<p>Carissimi,<\/p>\n<p>Scrivo questa lettera di Natale dopo aver visitato tre giovani disabili che frequentano l\u2019universit\u00e0. Il nostro centro per disabili quest\u2019anno festeggia i 15 anni di vita e non ci poteva essere un modo migliore per ricordarlo. Non \u00e8 tanto la storia di uno di loro che vi voglio raccontare ma di come sia possibile vivere assieme: bambini normodotati e bambini che ora chiamiamo diversamente abili.<\/p>\n<p>Permettetemi di dire quanto mi facciano tristezza queste nuove parole che abbiamo inventato a nostro uso pi\u00f9 che a beneficio dei disabili e come avesse ragione quella psicologa spagnola che scrisse: \u201cnessuna parola \u00e8 offensiva quanto \u00e8 pronunciata con amore\u201d. E cos\u00ec anche noi abbiamo inventato una parola nuova, e fin dal primo giorno li abbiamo voluti chiamare: \u201cbambini speciali\u201d.<\/p>\n<p>Quando proposi questo progetto dentro di me avevo chiaro cosa volessi ottenere; e cio\u00e8 un gruppo di bambini normodotati che vivessero assieme a dei disabili, in modo che i due gruppi potessero dare e ricevere gli uni dagli altri. I bambini normodotati potevano apprezzare i doni che avevano avuto nell\u2019avere un corpo sano e robusto: poter andare a scuola, fare dello sport, prepararsi al lavoro\u2026 I bambini disabili potevano capire che c\u2019era amore e attenzione che spettava solo a loro\u2026 ma mi sbagliavo, almeno per quanto riguarda questo ultimo aspetto. Ho capito che quanto si d\u00e0 a una persona disabile (o anziani) non va dato come forma di carit\u00e0, ma perch\u00e9 \u00e8 qualcosa che gli spetta, come a qualsiasi altra persona.<\/p>\n<p>Ho voluto incentrare questa mia lettera di Natale sui disabili per ricordare i 15 anni di lavoro con loro. Molto importante il lavoro della direzione che ha stipulato dei memorandum con scuole analoghe in modo che i disabili possano proseguire ulteriormente la loro preparazione scolastica. L\u2019ultima volta che sono stato a trovare i ragazzi sordomuti siamo andati al ristorante tutti assieme. Le persone guardavano l\u2019allegria silenziosa di 15 bambini e ragazzi che comunicavano tra loro con la lingua dei segni. Un signore cinese, visibilmente commosso, si \u00e8 avvicinato e ha chiesto di poter offrire lui il pranzo\u2026 e non era la prima volta che accadeva.<\/p>\n<p>Il nostro lavoro prevede l\u2019aiuto ad altre forme di necessit\u00e0 e, come sapete l\u2019impegno principale resta l\u2019aiuto ai bambini delle minoranze sia a casa che nel Camillian Social Center. Assieme a loro vi mandiamo un augurio.<\/p>\n<p>Carissimi, come \u00e8 difficile trovare le parole per un augurio di Natale in un mondo che sembra aver dimenticato i veri valori.<\/p>\n<p>Eppure, vogliamo ancora augurarvi che quel Bimbo nato tanti anni fa ci aiuti a riscoprire in questo giorno il suo messaggio di speranza e di fratellanza. Lo auguriamo a voi e ai vostri cari, e auguri che nel nuovo anno si realizzi ogni desiderio di bene che \u00e8 in voi.<\/p>\n<p>Con riconoscenza,<\/p>\n<p>fr. Gianni Dalla Rizza<\/p>\n","protected":false},"excerpt":{"rendered":"<p>Carissimi, Scrivo questa lettera di Natale dopo aver visitato tre giovani disabili che frequentano l\u2019universit\u00e0. Il nostro centro per disabili quest\u2019anno festeggia i 15 anni di vita e non ci poteva essere un modo migliore<\/p>\n","protected":false},"author":161,"featured_media":16717,"comment_status":"closed","ping_status":"closed","sticky":false,"template":"","format":"standard","meta":{"footnotes":""},"categories":[1151],"tags":[2438,2469,2399],"class_list":["post-16797","post","type-post","status-publish","format-standard","has-post-thumbnail","hentry","category-servizio-missionario","tag-auguri-di-speranza-2024","tag-fr-gianni-dalla-rizza","tag-lettere-dalle-missioni"],"acf":{"seed-localization-paese-cod":"IT","seed-localization-address":"","seed-localization-citta":"Trento","seed-localization-regione-cod-istat":"04","seed-localization-citta-cod-istat":"022205","seed-localization-localita":"","seed-localization-cap":"","seed-localization-marker-visibility":false,"seed-localization-children-visibility":false,"seed-localization-kml":"","seed-localization-custom-marker":""},"yoast_head":"<!-- This site is optimized with the Yoast SEO Premium plugin v20.2.1 (Yoast SEO v22.2) - https:\/\/yoast.com\/wordpress\/plugins\/seo\/ -->\n<title>fr. Gianni Dalla Rizza - Thailandia - Testimonianza e Impegno sociale<\/title>\n<meta name=\"robots\" content=\"index, follow, max-snippet:-1, max-image-preview:large, max-video-preview:-1\" \/>\n<link rel=\"canonical\" href=\"https:\/\/www.diocesitn.it\/area-testimonianza\/2024\/12\/20\/fr-gianni-dalla-rizza-thailandia\/\" \/>\n<meta property=\"og:locale\" content=\"it_IT\" \/>\n<meta property=\"og:type\" content=\"article\" \/>\n<meta property=\"og:title\" content=\"fr. Gianni Dalla Rizza - Thailandia\" \/>\n<meta property=\"og:description\" content=\"Carissimi, Scrivo questa lettera di Natale dopo aver visitato tre giovani disabili che frequentano l\u2019universit\u00e0. Il nostro centro per disabili quest\u2019anno festeggia i 15 anni di vita e non ci poteva essere un modo migliore\" \/>\n<meta property=\"og:url\" content=\"https:\/\/www.diocesitn.it\/area-testimonianza\/2024\/12\/20\/fr-gianni-dalla-rizza-thailandia\/\" \/>\n<meta property=\"og:site_name\" content=\"Testimonianza e Impegno sociale\" \/>\n<meta property=\"article:published_time\" content=\"2024-12-20T10:03:29+00:00\" \/>\n<meta property=\"og:image\" content=\"https:\/\/www.diocesitn.it\/area-testimonianza\/wp-content\/uploads\/sites\/37\/2024\/12\/Fr.-Gianni-Dalla-Rizza-Thailandia.jpg\" \/>\n\t<meta property=\"og:image:width\" content=\"560\" \/>\n\t<meta property=\"og:image:height\" content=\"315\" \/>\n\t<meta property=\"og:image:type\" content=\"image\/jpeg\" \/>\n<meta name=\"author\" content=\"smaule\" \/>\n<meta name=\"twitter:card\" content=\"summary_large_image\" \/>\n<meta name=\"twitter:label1\" content=\"Scritto da\" \/>\n\t<meta name=\"twitter:data1\" content=\"smaule\" \/>\n\t<meta name=\"twitter:label2\" content=\"Tempo di lettura stimato\" \/>\n\t<meta name=\"twitter:data2\" content=\"3 minuti\" \/>\n<script type=\"application\/ld+json\" class=\"yoast-schema-graph\">{\"@context\":\"https:\/\/schema.org\",\"@graph\":[{\"@type\":\"Article\",\"@id\":\"https:\/\/www.diocesitn.it\/area-testimonianza\/2024\/12\/20\/fr-gianni-dalla-rizza-thailandia\/#article\",\"isPartOf\":{\"@id\":\"https:\/\/www.diocesitn.it\/area-testimonianza\/2024\/12\/20\/fr-gianni-dalla-rizza-thailandia\/\"},\"author\":{\"name\":\"smaule\",\"@id\":\"https:\/\/www.diocesitn.it\/area-testimonianza\/#\/schema\/person\/bac489aafb7f98c1ca25f76c27174a95\"},\"headline\":\"fr. Gianni Dalla Rizza &#8211; Thailandia\",\"datePublished\":\"2024-12-20T10:03:29+00:00\",\"dateModified\":\"2024-12-20T10:03:29+00:00\",\"mainEntityOfPage\":{\"@id\":\"https:\/\/www.diocesitn.it\/area-testimonianza\/2024\/12\/20\/fr-gianni-dalla-rizza-thailandia\/\"},\"wordCount\":471,\"publisher\":{\"@id\":\"https:\/\/www.diocesitn.it\/area-testimonianza\/#organization\"},\"image\":{\"@id\":\"https:\/\/www.diocesitn.it\/area-testimonianza\/2024\/12\/20\/fr-gianni-dalla-rizza-thailandia\/#primaryimage\"},\"thumbnailUrl\":\"https:\/\/www.diocesitn.it\/area-testimonianza\/wp-content\/uploads\/sites\/37\/2024\/12\/Fr.-Gianni-Dalla-Rizza-Thailandia.jpg\",\"keywords\":[\"auguri di speranza Natale 2024\",\"fr. Gianni Dalla Rizza\",\"lettere dalle missioni\"],\"articleSection\":[\"Pastorale Missionaria\"],\"inLanguage\":\"it-IT\",\"copyrightYear\":\"2024\",\"copyrightHolder\":{\"@id\":\"https:\/\/www.diocesitn.it\/#organization\"}},{\"@type\":\"WebPage\",\"@id\":\"https:\/\/www.diocesitn.it\/area-testimonianza\/2024\/12\/20\/fr-gianni-dalla-rizza-thailandia\/\",\"url\":\"https:\/\/www.diocesitn.it\/area-testimonianza\/2024\/12\/20\/fr-gianni-dalla-rizza-thailandia\/\",\"name\":\"fr. Gianni Dalla Rizza - Thailandia - Testimonianza e Impegno sociale\",\"isPartOf\":{\"@id\":\"https:\/\/www.diocesitn.it\/area-testimonianza\/#website\"},\"primaryImageOfPage\":{\"@id\":\"https:\/\/www.diocesitn.it\/area-testimonianza\/2024\/12\/20\/fr-gianni-dalla-rizza-thailandia\/#primaryimage\"},\"image\":{\"@id\":\"https:\/\/www.diocesitn.it\/area-testimonianza\/2024\/12\/20\/fr-gianni-dalla-rizza-thailandia\/#primaryimage\"},\"thumbnailUrl\":\"https:\/\/www.diocesitn.it\/area-testimonianza\/wp-content\/uploads\/sites\/37\/2024\/12\/Fr.-Gianni-Dalla-Rizza-Thailandia.jpg\",\"datePublished\":\"2024-12-20T10:03:29+00:00\",\"dateModified\":\"2024-12-20T10:03:29+00:00\",\"breadcrumb\":{\"@id\":\"https:\/\/www.diocesitn.it\/area-testimonianza\/2024\/12\/20\/fr-gianni-dalla-rizza-thailandia\/#breadcrumb\"},\"inLanguage\":\"it-IT\",\"potentialAction\":[{\"@type\":\"ReadAction\",\"target\":[\"https:\/\/www.diocesitn.it\/area-testimonianza\/2024\/12\/20\/fr-gianni-dalla-rizza-thailandia\/\"]}]},{\"@type\":\"ImageObject\",\"inLanguage\":\"it-IT\",\"@id\":\"https:\/\/www.diocesitn.it\/area-testimonianza\/2024\/12\/20\/fr-gianni-dalla-rizza-thailandia\/#primaryimage\",\"url\":\"https:\/\/www.diocesitn.it\/area-testimonianza\/wp-content\/uploads\/sites\/37\/2024\/12\/Fr.-Gianni-Dalla-Rizza-Thailandia.jpg\",\"contentUrl\":\"https:\/\/www.diocesitn.it\/area-testimonianza\/wp-content\/uploads\/sites\/37\/2024\/12\/Fr.-Gianni-Dalla-Rizza-Thailandia.jpg\",\"width\":560,\"height\":315},{\"@type\":\"BreadcrumbList\",\"@id\":\"https:\/\/www.diocesitn.it\/area-testimonianza\/2024\/12\/20\/fr-gianni-dalla-rizza-thailandia\/#breadcrumb\",\"itemListElement\":[{\"@type\":\"ListItem\",\"position\":1,\"name\":\"Home\",\"item\":\"https:\/\/www.diocesitn.it\/area-testimonianza\/\"},{\"@type\":\"ListItem\",\"position\":2,\"name\":\"fr. Gianni Dalla Rizza &#8211; Thailandia\"}]},{\"@type\":\"WebSite\",\"@id\":\"https:\/\/www.diocesitn.it\/area-testimonianza\/#website\",\"url\":\"https:\/\/www.diocesitn.it\/area-testimonianza\/\",\"name\":\"Testimonianza e Impegno sociale\",\"description\":\"Chiesa di Trento\",\"publisher\":{\"@id\":\"https:\/\/www.diocesitn.it\/area-testimonianza\/#organization\"},\"potentialAction\":[{\"@type\":\"SearchAction\",\"target\":{\"@type\":\"EntryPoint\",\"urlTemplate\":\"https:\/\/www.diocesitn.it\/area-testimonianza\/?s={search_term_string}\"},\"query-input\":\"required name=search_term_string\"}],\"inLanguage\":\"it-IT\"},{\"@type\":[\"Organization\",\"Place\"],\"@id\":\"https:\/\/www.diocesitn.it\/area-testimonianza\/#organization\",\"name\":\"Area Testimonianza e Impegno Sociale - Chiesa di Trento\",\"url\":\"https:\/\/www.diocesitn.it\/area-testimonianza\/\",\"logo\":{\"@id\":\"https:\/\/www.diocesitn.it\/area-testimonianza\/2024\/12\/20\/fr-gianni-dalla-rizza-thailandia\/#local-main-organization-logo\"},\"image\":{\"@id\":\"https:\/\/www.diocesitn.it\/area-testimonianza\/2024\/12\/20\/fr-gianni-dalla-rizza-thailandia\/#local-main-organization-logo\"},\"openingHoursSpecification\":[{\"@type\":\"OpeningHoursSpecification\",\"dayOfWeek\":[\"Monday\",\"Tuesday\",\"Wednesday\",\"Thursday\",\"Friday\",\"Saturday\",\"Sunday\"],\"opens\":\"09:00\",\"closes\":\"17:00\"}]},{\"@type\":\"ImageObject\",\"inLanguage\":\"it-IT\",\"@id\":\"https:\/\/www.diocesitn.it\/area-testimonianza\/2024\/12\/20\/fr-gianni-dalla-rizza-thailandia\/#local-main-organization-logo\",\"url\":\"https:\/\/www.diocesitn.it\/area-testimonianza\/wp-content\/uploads\/sites\/37\/2021\/09\/og-logo-testimonianza-e-impegno-sociale.jpg\",\"contentUrl\":\"https:\/\/www.diocesitn.it\/area-testimonianza\/wp-content\/uploads\/sites\/37\/2021\/09\/og-logo-testimonianza-e-impegno-sociale.jpg\",\"width\":1200,\"height\":630,\"caption\":\"Area Testimonianza e Impegno Sociale - Chiesa di Trento\"}]}<\/script>\n<!-- \/ Yoast SEO Premium plugin. -->","yoast_head_json":{"title":"fr. Gianni Dalla Rizza - Thailandia - Testimonianza e Impegno sociale","robots":{"index":"index","follow":"follow","max-snippet":"max-snippet:-1","max-image-preview":"max-image-preview:large","max-video-preview":"max-video-preview:-1"},"canonical":"https:\/\/www.diocesitn.it\/area-testimonianza\/2024\/12\/20\/fr-gianni-dalla-rizza-thailandia\/","og_locale":"it_IT","og_type":"article","og_title":"fr. Gianni Dalla Rizza - Thailandia","og_description":"Carissimi, Scrivo questa lettera di Natale dopo aver visitato tre giovani disabili che frequentano l\u2019universit\u00e0. Il nostro centro per disabili quest\u2019anno festeggia i 15 anni di vita e non ci poteva essere un modo migliore","og_url":"https:\/\/www.diocesitn.it\/area-testimonianza\/2024\/12\/20\/fr-gianni-dalla-rizza-thailandia\/","og_site_name":"Testimonianza e Impegno sociale","article_published_time":"2024-12-20T10:03:29+00:00","og_image":[{"width":560,"height":315,"url":"https:\/\/www.diocesitn.it\/area-testimonianza\/wp-content\/uploads\/sites\/37\/2024\/12\/Fr.-Gianni-Dalla-Rizza-Thailandia.jpg","type":"image\/jpeg"}],"author":"smaule","twitter_card":"summary_large_image","twitter_misc":{"Scritto da":"smaule","Tempo di lettura stimato":"3 minuti"},"schema":{"@context":"https:\/\/schema.org","@graph":[{"@type":"Article","@id":"https:\/\/www.diocesitn.it\/area-testimonianza\/2024\/12\/20\/fr-gianni-dalla-rizza-thailandia\/#article","isPartOf":{"@id":"https:\/\/www.diocesitn.it\/area-testimonianza\/2024\/12\/20\/fr-gianni-dalla-rizza-thailandia\/"},"author":{"name":"smaule","@id":"https:\/\/www.diocesitn.it\/area-testimonianza\/#\/schema\/person\/bac489aafb7f98c1ca25f76c27174a95"},"headline":"fr. Gianni Dalla Rizza &#8211; Thailandia","datePublished":"2024-12-20T10:03:29+00:00","dateModified":"2024-12-20T10:03:29+00:00","mainEntityOfPage":{"@id":"https:\/\/www.diocesitn.it\/area-testimonianza\/2024\/12\/20\/fr-gianni-dalla-rizza-thailandia\/"},"wordCount":471,"publisher":{"@id":"https:\/\/www.diocesitn.it\/area-testimonianza\/#organization"},"image":{"@id":"https:\/\/www.diocesitn.it\/area-testimonianza\/2024\/12\/20\/fr-gianni-dalla-rizza-thailandia\/#primaryimage"},"thumbnailUrl":"https:\/\/www.diocesitn.it\/area-testimonianza\/wp-content\/uploads\/sites\/37\/2024\/12\/Fr.-Gianni-Dalla-Rizza-Thailandia.jpg","keywords":["auguri di speranza Natale 2024","fr. Gianni Dalla Rizza","lettere dalle missioni"],"articleSection":["Pastorale Missionaria"],"inLanguage":"it-IT","copyrightYear":"2024","copyrightHolder":{"@id":"https:\/\/www.diocesitn.it\/#organization"}},{"@type":"WebPage","@id":"https:\/\/www.diocesitn.it\/area-testimonianza\/2024\/12\/20\/fr-gianni-dalla-rizza-thailandia\/","url":"https:\/\/www.diocesitn.it\/area-testimonianza\/2024\/12\/20\/fr-gianni-dalla-rizza-thailandia\/","name":"fr. Gianni Dalla Rizza - Thailandia - Testimonianza e Impegno sociale","isPartOf":{"@id":"https:\/\/www.diocesitn.it\/area-testimonianza\/#website"},"primaryImageOfPage":{"@id":"https:\/\/www.diocesitn.it\/area-testimonianza\/2024\/12\/20\/fr-gianni-dalla-rizza-thailandia\/#primaryimage"},"image":{"@id":"https:\/\/www.diocesitn.it\/area-testimonianza\/2024\/12\/20\/fr-gianni-dalla-rizza-thailandia\/#primaryimage"},"thumbnailUrl":"https:\/\/www.diocesitn.it\/area-testimonianza\/wp-content\/uploads\/sites\/37\/2024\/12\/Fr.-Gianni-Dalla-Rizza-Thailandia.jpg","datePublished":"2024-12-20T10:03:29+00:00","dateModified":"2024-12-20T10:03:29+00:00","breadcrumb":{"@id":"https:\/\/www.diocesitn.it\/area-testimonianza\/2024\/12\/20\/fr-gianni-dalla-rizza-thailandia\/#breadcrumb"},"inLanguage":"it-IT","potentialAction":[{"@type":"ReadAction","target":["https:\/\/www.diocesitn.it\/area-testimonianza\/2024\/12\/20\/fr-gianni-dalla-rizza-thailandia\/"]}]},{"@type":"ImageObject","inLanguage":"it-IT","@id":"https:\/\/www.diocesitn.it\/area-testimonianza\/2024\/12\/20\/fr-gianni-dalla-rizza-thailandia\/#primaryimage","url":"https:\/\/www.diocesitn.it\/area-testimonianza\/wp-content\/uploads\/sites\/37\/2024\/12\/Fr.-Gianni-Dalla-Rizza-Thailandia.jpg","contentUrl":"https:\/\/www.diocesitn.it\/area-testimonianza\/wp-content\/uploads\/sites\/37\/2024\/12\/Fr.-Gianni-Dalla-Rizza-Thailandia.jpg","width":560,"height":315},{"@type":"BreadcrumbList","@id":"https:\/\/www.diocesitn.it\/area-testimonianza\/2024\/12\/20\/fr-gianni-dalla-rizza-thailandia\/#breadcrumb","itemListElement":[{"@type":"ListItem","position":1,"name":"Home","item":"https:\/\/www.diocesitn.it\/area-testimonianza\/"},{"@type":"ListItem","position":2,"name":"fr. Gianni Dalla Rizza &#8211; Thailandia"}]},{"@type":"WebSite","@id":"https:\/\/www.diocesitn.it\/area-testimonianza\/#website","url":"https:\/\/www.diocesitn.it\/area-testimonianza\/","name":"Testimonianza e Impegno sociale","description":"Chiesa di Trento","publisher":{"@id":"https:\/\/www.diocesitn.it\/area-testimonianza\/#organization"},"potentialAction":[{"@type":"SearchAction","target":{"@type":"EntryPoint","urlTemplate":"https:\/\/www.diocesitn.it\/area-testimonianza\/?s={search_term_string}"},"query-input":"required name=search_term_string"}],"inLanguage":"it-IT"},{"@type":["Organization","Place"],"@id":"https:\/\/www.diocesitn.it\/area-testimonianza\/#organization","name":"Area Testimonianza e Impegno Sociale - Chiesa di Trento","url":"https:\/\/www.diocesitn.it\/area-testimonianza\/","logo":{"@id":"https:\/\/www.diocesitn.it\/area-testimonianza\/2024\/12\/20\/fr-gianni-dalla-rizza-thailandia\/#local-main-organization-logo"},"image":{"@id":"https:\/\/www.diocesitn.it\/area-testimonianza\/2024\/12\/20\/fr-gianni-dalla-rizza-thailandia\/#local-main-organization-logo"},"openingHoursSpecification":[{"@type":"OpeningHoursSpecification","dayOfWeek":["Monday","Tuesday","Wednesday","Thursday","Friday","Saturday","Sunday"],"opens":"09:00","closes":"17:00"}]},{"@type":"ImageObject","inLanguage":"it-IT","@id":"https:\/\/www.diocesitn.it\/area-testimonianza\/2024\/12\/20\/fr-gianni-dalla-rizza-thailandia\/#local-main-organization-logo","url":"https:\/\/www.diocesitn.it\/area-testimonianza\/wp-content\/uploads\/sites\/37\/2021\/09\/og-logo-testimonianza-e-impegno-sociale.jpg","contentUrl":"https:\/\/www.diocesitn.it\/area-testimonianza\/wp-content\/uploads\/sites\/37\/2021\/09\/og-logo-testimonianza-e-impegno-sociale.jpg","width":1200,"height":630,"caption":"Area Testimonianza e Impegno Sociale - Chiesa di Trento"}]}},"_links":{"self":[{"href":"https:\/\/www.diocesitn.it\/area-testimonianza\/wp-json\/wp\/v2\/posts\/16797","targetHints":{"allow":["GET"]}}],"collection":[{"href":"https:\/\/www.diocesitn.it\/area-testimonianza\/wp-json\/wp\/v2\/posts"}],"about":[{"href":"https:\/\/www.diocesitn.it\/area-testimonianza\/wp-json\/wp\/v2\/types\/post"}],"author":[{"embeddable":true,"href":"https:\/\/www.diocesitn.it\/area-testimonianza\/wp-json\/wp\/v2\/users\/161"}],"replies":[{"embeddable":true,"href":"https:\/\/www.diocesitn.it\/area-testimonianza\/wp-json\/wp\/v2\/comments?post=16797"}],"version-history":[{"count":1,"href":"https:\/\/www.diocesitn.it\/area-testimonianza\/wp-json\/wp\/v2\/posts\/16797\/revisions"}],"predecessor-version":[{"id":16798,"href":"https:\/\/www.diocesitn.it\/area-testimonianza\/wp-json\/wp\/v2\/posts\/16797\/revisions\/16798"}],"wp:featuredmedia":[{"embeddable":true,"href":"https:\/\/www.diocesitn.it\/area-testimonianza\/wp-json\/wp\/v2\/media\/16717"}],"wp:attachment":[{"href":"https:\/\/www.diocesitn.it\/area-testimonianza\/wp-json\/wp\/v2\/media?parent=16797"}],"wp:term":[{"taxonomy":"category","embeddable":true,"href":"https:\/\/www.diocesitn.it\/area-testimonianza\/wp-json\/wp\/v2\/categories?post=16797"},{"taxonomy":"post_tag","embeddable":true,"href":"https:\/\/www.diocesitn.it\/area-testimonianza\/wp-json\/wp\/v2\/tags?post=16797"}],"curies":[{"name":"wp","href":"https:\/\/api.w.org\/{rel}","templated":true}]}}