{"id":16780,"date":"2024-12-18T15:40:26","date_gmt":"2024-12-18T14:40:26","guid":{"rendered":"https:\/\/www.diocesitn.it\/area-testimonianza\/?p=16780"},"modified":"2024-12-18T15:40:26","modified_gmt":"2024-12-18T14:40:26","slug":"laura-ziller-brasile","status":"publish","type":"post","link":"https:\/\/www.diocesitn.it\/area-testimonianza\/2024\/12\/18\/laura-ziller-brasile\/","title":{"rendered":"Laura Ziller &#8211; Brasile"},"content":{"rendered":"<p>Cari Portatori di Speranza,<\/p>\n<p style=\"text-align: center\"><strong>\u00c8 Natale! Apriamo le porte alla speranza!<\/strong><\/p>\n<p>L\u2019apertura della Porta Santa \u00e8 simbolo delle braccia aperte e accoglienti di Colui che si \u00e8 fatto uno di noi e che si \u00e8 fatto Porta per introdurci alla casa del Padre.<\/p>\n<p>\u00c8 invito all\u2019accoglienza e all\u2019apertura, prima in noi, del nostro cuore, mente e braccia, per poi poter seminare, annunciando e vivendo concretamente la certezza di Ges\u00f9 in noi e con noi, nelle situazioni quotidiane, soprattutto quelle di sofferenza e conflittuali del nostro mondo attuale.<\/p>\n<p>\u00c8 invito a discernere e curare le piccole luci di bene, vere lucciole disperse ma insistenti nel buio che le circonda e, insieme, far risplendere la luce dell\u2019amore e della speranza davanti alle sfide che il Signore ci fa incontrare.<\/p>\n<p>Non abbiamo ricette ed \u00e8 facile scoraggiarsi, possiamo solo dare vicinanza con semplicit\u00e0 e ascolto con pazienza e amore, per trovare la porta di un cuore, siamo solo portatori di speranza e strumenti, spesso logori, nelle mani di Dio.<\/p>\n<p>Per noi, Sigilli, impegnati nell\u2019assistenza sanitaria e nelle piaghe sociali delle periferie, significa rinascere ogni giorno appoggiandoci alla preghiera e rinnovare la speranza nel sentimento e nella generosit\u00e0 (anche se confuso in tante persone) che ancora esiste nel cuore di ogni uomo e che fa parte dell\u2019essenza del seme divino e pu\u00f2 riaccendersi e influire in una vita.<\/p>\n<p>Chiediamo a Ges\u00f9, che ci ha reso visibile il volto umano di Dio Padre, di ricevere le nostre attese e trasformale in fiduciosa speranza e trovi in ogni cuore lo spazio di accoglienza affinch\u00e9 \u201csia piena la comunione tra Dio e l\u2019uomo e tra uomo e uomo\u201d. \u00c8 quanto auguro a tutti noi della Chiesa Trentina, agli amici e compagni di camminata in questo Natale, che deve prolungarsi oggi, domani e sempre perch\u00e9 possa regnare la pace in questa casa comune che \u00e8 il mondo.<\/p>\n<p>Buon Natale!!<\/p>\n<p>Laura<\/p>\n","protected":false},"excerpt":{"rendered":"<p>Cari Portatori di Speranza, \u00c8 Natale! Apriamo le porte alla speranza! L\u2019apertura della Porta Santa \u00e8 simbolo delle braccia aperte e accoglienti di Colui che si \u00e8 fatto uno di noi e che si \u00e8<\/p>\n","protected":false},"author":161,"featured_media":16719,"comment_status":"closed","ping_status":"closed","sticky":false,"template":"","format":"standard","meta":{"footnotes":""},"categories":[1151],"tags":[2438,2463,2399],"class_list":["post-16780","post","type-post","status-publish","format-standard","has-post-thumbnail","hentry","category-servizio-missionario","tag-auguri-di-speranza-2024","tag-laura-ziller","tag-lettere-dalle-missioni"],"acf":{"seed-localization-paese-cod":"IT","seed-localization-address":"","seed-localization-citta":"Trento","seed-localization-regione-cod-istat":"04","seed-localization-citta-cod-istat":"022205","seed-localization-localita":"","seed-localization-cap":"","seed-localization-marker-visibility":false,"seed-localization-children-visibility":false,"seed-localization-kml":"","seed-localization-custom-marker":""},"yoast_head":"<!-- This site is optimized with the Yoast SEO Premium plugin v20.2.1 (Yoast SEO v22.2) - https:\/\/yoast.com\/wordpress\/plugins\/seo\/ -->\n<title>Laura Ziller - Brasile - Testimonianza e Impegno sociale<\/title>\n<meta name=\"robots\" content=\"index, follow, max-snippet:-1, max-image-preview:large, max-video-preview:-1\" \/>\n<link rel=\"canonical\" href=\"https:\/\/www.diocesitn.it\/area-testimonianza\/2024\/12\/18\/laura-ziller-brasile\/\" \/>\n<meta property=\"og:locale\" content=\"it_IT\" \/>\n<meta property=\"og:type\" content=\"article\" \/>\n<meta property=\"og:title\" content=\"Laura Ziller - Brasile\" \/>\n<meta property=\"og:description\" content=\"Cari Portatori di Speranza, \u00c8 Natale! Apriamo le porte alla speranza! L\u2019apertura della Porta Santa \u00e8 simbolo delle braccia aperte e accoglienti di Colui che si \u00e8 fatto uno di noi e che si \u00e8\" \/>\n<meta property=\"og:url\" content=\"https:\/\/www.diocesitn.it\/area-testimonianza\/2024\/12\/18\/laura-ziller-brasile\/\" \/>\n<meta property=\"og:site_name\" content=\"Testimonianza e Impegno sociale\" \/>\n<meta property=\"article:published_time\" content=\"2024-12-18T14:40:26+00:00\" \/>\n<meta property=\"og:image\" content=\"https:\/\/www.diocesitn.it\/area-testimonianza\/wp-content\/uploads\/sites\/37\/2024\/12\/Laura-Ziller-Brasile.jpg\" \/>\n\t<meta property=\"og:image:width\" content=\"560\" \/>\n\t<meta property=\"og:image:height\" content=\"315\" \/>\n\t<meta property=\"og:image:type\" content=\"image\/jpeg\" \/>\n<meta name=\"author\" content=\"smaule\" \/>\n<meta name=\"twitter:card\" content=\"summary_large_image\" \/>\n<meta name=\"twitter:label1\" content=\"Scritto da\" \/>\n\t<meta name=\"twitter:data1\" content=\"smaule\" \/>\n\t<meta name=\"twitter:label2\" content=\"Tempo di lettura stimato\" \/>\n\t<meta name=\"twitter:data2\" content=\"2 minuti\" \/>\n<script type=\"application\/ld+json\" class=\"yoast-schema-graph\">{\"@context\":\"https:\/\/schema.org\",\"@graph\":[{\"@type\":\"Article\",\"@id\":\"https:\/\/www.diocesitn.it\/area-testimonianza\/2024\/12\/18\/laura-ziller-brasile\/#article\",\"isPartOf\":{\"@id\":\"https:\/\/www.diocesitn.it\/area-testimonianza\/2024\/12\/18\/laura-ziller-brasile\/\"},\"author\":{\"name\":\"smaule\",\"@id\":\"https:\/\/www.diocesitn.it\/area-testimonianza\/#\/schema\/person\/bac489aafb7f98c1ca25f76c27174a95\"},\"headline\":\"Laura Ziller &#8211; Brasile\",\"datePublished\":\"2024-12-18T14:40:26+00:00\",\"dateModified\":\"2024-12-18T14:40:26+00:00\",\"mainEntityOfPage\":{\"@id\":\"https:\/\/www.diocesitn.it\/area-testimonianza\/2024\/12\/18\/laura-ziller-brasile\/\"},\"wordCount\":314,\"publisher\":{\"@id\":\"https:\/\/www.diocesitn.it\/area-testimonianza\/#organization\"},\"image\":{\"@id\":\"https:\/\/www.diocesitn.it\/area-testimonianza\/2024\/12\/18\/laura-ziller-brasile\/#primaryimage\"},\"thumbnailUrl\":\"https:\/\/www.diocesitn.it\/area-testimonianza\/wp-content\/uploads\/sites\/37\/2024\/12\/Laura-Ziller-Brasile.jpg\",\"keywords\":[\"auguri di speranza Natale 2024\",\"Laura Ziller\",\"lettere dalle missioni\"],\"articleSection\":[\"Pastorale Missionaria\"],\"inLanguage\":\"it-IT\",\"copyrightYear\":\"2024\",\"copyrightHolder\":{\"@id\":\"https:\/\/www.diocesitn.it\/#organization\"}},{\"@type\":\"WebPage\",\"@id\":\"https:\/\/www.diocesitn.it\/area-testimonianza\/2024\/12\/18\/laura-ziller-brasile\/\",\"url\":\"https:\/\/www.diocesitn.it\/area-testimonianza\/2024\/12\/18\/laura-ziller-brasile\/\",\"name\":\"Laura Ziller - Brasile - Testimonianza e Impegno sociale\",\"isPartOf\":{\"@id\":\"https:\/\/www.diocesitn.it\/area-testimonianza\/#website\"},\"primaryImageOfPage\":{\"@id\":\"https:\/\/www.diocesitn.it\/area-testimonianza\/2024\/12\/18\/laura-ziller-brasile\/#primaryimage\"},\"image\":{\"@id\":\"https:\/\/www.diocesitn.it\/area-testimonianza\/2024\/12\/18\/laura-ziller-brasile\/#primaryimage\"},\"thumbnailUrl\":\"https:\/\/www.diocesitn.it\/area-testimonianza\/wp-content\/uploads\/sites\/37\/2024\/12\/Laura-Ziller-Brasile.jpg\",\"datePublished\":\"2024-12-18T14:40:26+00:00\",\"dateModified\":\"2024-12-18T14:40:26+00:00\",\"breadcrumb\":{\"@id\":\"https:\/\/www.diocesitn.it\/area-testimonianza\/2024\/12\/18\/laura-ziller-brasile\/#breadcrumb\"},\"inLanguage\":\"it-IT\",\"potentialAction\":[{\"@type\":\"ReadAction\",\"target\":[\"https:\/\/www.diocesitn.it\/area-testimonianza\/2024\/12\/18\/laura-ziller-brasile\/\"]}]},{\"@type\":\"ImageObject\",\"inLanguage\":\"it-IT\",\"@id\":\"https:\/\/www.diocesitn.it\/area-testimonianza\/2024\/12\/18\/laura-ziller-brasile\/#primaryimage\",\"url\":\"https:\/\/www.diocesitn.it\/area-testimonianza\/wp-content\/uploads\/sites\/37\/2024\/12\/Laura-Ziller-Brasile.jpg\",\"contentUrl\":\"https:\/\/www.diocesitn.it\/area-testimonianza\/wp-content\/uploads\/sites\/37\/2024\/12\/Laura-Ziller-Brasile.jpg\",\"width\":560,\"height\":315},{\"@type\":\"BreadcrumbList\",\"@id\":\"https:\/\/www.diocesitn.it\/area-testimonianza\/2024\/12\/18\/laura-ziller-brasile\/#breadcrumb\",\"itemListElement\":[{\"@type\":\"ListItem\",\"position\":1,\"name\":\"Home\",\"item\":\"https:\/\/www.diocesitn.it\/area-testimonianza\/\"},{\"@type\":\"ListItem\",\"position\":2,\"name\":\"Laura Ziller &#8211; Brasile\"}]},{\"@type\":\"WebSite\",\"@id\":\"https:\/\/www.diocesitn.it\/area-testimonianza\/#website\",\"url\":\"https:\/\/www.diocesitn.it\/area-testimonianza\/\",\"name\":\"Testimonianza e Impegno sociale\",\"description\":\"Chiesa di Trento\",\"publisher\":{\"@id\":\"https:\/\/www.diocesitn.it\/area-testimonianza\/#organization\"},\"potentialAction\":[{\"@type\":\"SearchAction\",\"target\":{\"@type\":\"EntryPoint\",\"urlTemplate\":\"https:\/\/www.diocesitn.it\/area-testimonianza\/?s={search_term_string}\"},\"query-input\":\"required name=search_term_string\"}],\"inLanguage\":\"it-IT\"},{\"@type\":[\"Organization\",\"Place\"],\"@id\":\"https:\/\/www.diocesitn.it\/area-testimonianza\/#organization\",\"name\":\"Area Testimonianza e Impegno Sociale - Chiesa di Trento\",\"url\":\"https:\/\/www.diocesitn.it\/area-testimonianza\/\",\"logo\":{\"@id\":\"https:\/\/www.diocesitn.it\/area-testimonianza\/2024\/12\/18\/laura-ziller-brasile\/#local-main-organization-logo\"},\"image\":{\"@id\":\"https:\/\/www.diocesitn.it\/area-testimonianza\/2024\/12\/18\/laura-ziller-brasile\/#local-main-organization-logo\"},\"openingHoursSpecification\":[{\"@type\":\"OpeningHoursSpecification\",\"dayOfWeek\":[\"Monday\",\"Tuesday\",\"Wednesday\",\"Thursday\",\"Friday\",\"Saturday\",\"Sunday\"],\"opens\":\"09:00\",\"closes\":\"17:00\"}]},{\"@type\":\"ImageObject\",\"inLanguage\":\"it-IT\",\"@id\":\"https:\/\/www.diocesitn.it\/area-testimonianza\/2024\/12\/18\/laura-ziller-brasile\/#local-main-organization-logo\",\"url\":\"https:\/\/www.diocesitn.it\/area-testimonianza\/wp-content\/uploads\/sites\/37\/2021\/09\/og-logo-testimonianza-e-impegno-sociale.jpg\",\"contentUrl\":\"https:\/\/www.diocesitn.it\/area-testimonianza\/wp-content\/uploads\/sites\/37\/2021\/09\/og-logo-testimonianza-e-impegno-sociale.jpg\",\"width\":1200,\"height\":630,\"caption\":\"Area Testimonianza e Impegno Sociale - Chiesa di Trento\"}]}<\/script>\n<!-- \/ Yoast SEO Premium plugin. -->","yoast_head_json":{"title":"Laura Ziller - Brasile - Testimonianza e Impegno sociale","robots":{"index":"index","follow":"follow","max-snippet":"max-snippet:-1","max-image-preview":"max-image-preview:large","max-video-preview":"max-video-preview:-1"},"canonical":"https:\/\/www.diocesitn.it\/area-testimonianza\/2024\/12\/18\/laura-ziller-brasile\/","og_locale":"it_IT","og_type":"article","og_title":"Laura Ziller - Brasile","og_description":"Cari Portatori di Speranza, \u00c8 Natale! Apriamo le porte alla speranza! L\u2019apertura della Porta Santa \u00e8 simbolo delle braccia aperte e accoglienti di Colui che si \u00e8 fatto uno di noi e che si \u00e8","og_url":"https:\/\/www.diocesitn.it\/area-testimonianza\/2024\/12\/18\/laura-ziller-brasile\/","og_site_name":"Testimonianza e Impegno sociale","article_published_time":"2024-12-18T14:40:26+00:00","og_image":[{"width":560,"height":315,"url":"https:\/\/www.diocesitn.it\/area-testimonianza\/wp-content\/uploads\/sites\/37\/2024\/12\/Laura-Ziller-Brasile.jpg","type":"image\/jpeg"}],"author":"smaule","twitter_card":"summary_large_image","twitter_misc":{"Scritto da":"smaule","Tempo di lettura stimato":"2 minuti"},"schema":{"@context":"https:\/\/schema.org","@graph":[{"@type":"Article","@id":"https:\/\/www.diocesitn.it\/area-testimonianza\/2024\/12\/18\/laura-ziller-brasile\/#article","isPartOf":{"@id":"https:\/\/www.diocesitn.it\/area-testimonianza\/2024\/12\/18\/laura-ziller-brasile\/"},"author":{"name":"smaule","@id":"https:\/\/www.diocesitn.it\/area-testimonianza\/#\/schema\/person\/bac489aafb7f98c1ca25f76c27174a95"},"headline":"Laura Ziller &#8211; Brasile","datePublished":"2024-12-18T14:40:26+00:00","dateModified":"2024-12-18T14:40:26+00:00","mainEntityOfPage":{"@id":"https:\/\/www.diocesitn.it\/area-testimonianza\/2024\/12\/18\/laura-ziller-brasile\/"},"wordCount":314,"publisher":{"@id":"https:\/\/www.diocesitn.it\/area-testimonianza\/#organization"},"image":{"@id":"https:\/\/www.diocesitn.it\/area-testimonianza\/2024\/12\/18\/laura-ziller-brasile\/#primaryimage"},"thumbnailUrl":"https:\/\/www.diocesitn.it\/area-testimonianza\/wp-content\/uploads\/sites\/37\/2024\/12\/Laura-Ziller-Brasile.jpg","keywords":["auguri di speranza Natale 2024","Laura Ziller","lettere dalle missioni"],"articleSection":["Pastorale Missionaria"],"inLanguage":"it-IT","copyrightYear":"2024","copyrightHolder":{"@id":"https:\/\/www.diocesitn.it\/#organization"}},{"@type":"WebPage","@id":"https:\/\/www.diocesitn.it\/area-testimonianza\/2024\/12\/18\/laura-ziller-brasile\/","url":"https:\/\/www.diocesitn.it\/area-testimonianza\/2024\/12\/18\/laura-ziller-brasile\/","name":"Laura Ziller - Brasile - Testimonianza e Impegno sociale","isPartOf":{"@id":"https:\/\/www.diocesitn.it\/area-testimonianza\/#website"},"primaryImageOfPage":{"@id":"https:\/\/www.diocesitn.it\/area-testimonianza\/2024\/12\/18\/laura-ziller-brasile\/#primaryimage"},"image":{"@id":"https:\/\/www.diocesitn.it\/area-testimonianza\/2024\/12\/18\/laura-ziller-brasile\/#primaryimage"},"thumbnailUrl":"https:\/\/www.diocesitn.it\/area-testimonianza\/wp-content\/uploads\/sites\/37\/2024\/12\/Laura-Ziller-Brasile.jpg","datePublished":"2024-12-18T14:40:26+00:00","dateModified":"2024-12-18T14:40:26+00:00","breadcrumb":{"@id":"https:\/\/www.diocesitn.it\/area-testimonianza\/2024\/12\/18\/laura-ziller-brasile\/#breadcrumb"},"inLanguage":"it-IT","potentialAction":[{"@type":"ReadAction","target":["https:\/\/www.diocesitn.it\/area-testimonianza\/2024\/12\/18\/laura-ziller-brasile\/"]}]},{"@type":"ImageObject","inLanguage":"it-IT","@id":"https:\/\/www.diocesitn.it\/area-testimonianza\/2024\/12\/18\/laura-ziller-brasile\/#primaryimage","url":"https:\/\/www.diocesitn.it\/area-testimonianza\/wp-content\/uploads\/sites\/37\/2024\/12\/Laura-Ziller-Brasile.jpg","contentUrl":"https:\/\/www.diocesitn.it\/area-testimonianza\/wp-content\/uploads\/sites\/37\/2024\/12\/Laura-Ziller-Brasile.jpg","width":560,"height":315},{"@type":"BreadcrumbList","@id":"https:\/\/www.diocesitn.it\/area-testimonianza\/2024\/12\/18\/laura-ziller-brasile\/#breadcrumb","itemListElement":[{"@type":"ListItem","position":1,"name":"Home","item":"https:\/\/www.diocesitn.it\/area-testimonianza\/"},{"@type":"ListItem","position":2,"name":"Laura Ziller &#8211; Brasile"}]},{"@type":"WebSite","@id":"https:\/\/www.diocesitn.it\/area-testimonianza\/#website","url":"https:\/\/www.diocesitn.it\/area-testimonianza\/","name":"Testimonianza e Impegno sociale","description":"Chiesa di Trento","publisher":{"@id":"https:\/\/www.diocesitn.it\/area-testimonianza\/#organization"},"potentialAction":[{"@type":"SearchAction","target":{"@type":"EntryPoint","urlTemplate":"https:\/\/www.diocesitn.it\/area-testimonianza\/?s={search_term_string}"},"query-input":"required name=search_term_string"}],"inLanguage":"it-IT"},{"@type":["Organization","Place"],"@id":"https:\/\/www.diocesitn.it\/area-testimonianza\/#organization","name":"Area Testimonianza e Impegno Sociale - Chiesa di Trento","url":"https:\/\/www.diocesitn.it\/area-testimonianza\/","logo":{"@id":"https:\/\/www.diocesitn.it\/area-testimonianza\/2024\/12\/18\/laura-ziller-brasile\/#local-main-organization-logo"},"image":{"@id":"https:\/\/www.diocesitn.it\/area-testimonianza\/2024\/12\/18\/laura-ziller-brasile\/#local-main-organization-logo"},"openingHoursSpecification":[{"@type":"OpeningHoursSpecification","dayOfWeek":["Monday","Tuesday","Wednesday","Thursday","Friday","Saturday","Sunday"],"opens":"09:00","closes":"17:00"}]},{"@type":"ImageObject","inLanguage":"it-IT","@id":"https:\/\/www.diocesitn.it\/area-testimonianza\/2024\/12\/18\/laura-ziller-brasile\/#local-main-organization-logo","url":"https:\/\/www.diocesitn.it\/area-testimonianza\/wp-content\/uploads\/sites\/37\/2021\/09\/og-logo-testimonianza-e-impegno-sociale.jpg","contentUrl":"https:\/\/www.diocesitn.it\/area-testimonianza\/wp-content\/uploads\/sites\/37\/2021\/09\/og-logo-testimonianza-e-impegno-sociale.jpg","width":1200,"height":630,"caption":"Area Testimonianza e Impegno Sociale - Chiesa di Trento"}]}},"_links":{"self":[{"href":"https:\/\/www.diocesitn.it\/area-testimonianza\/wp-json\/wp\/v2\/posts\/16780","targetHints":{"allow":["GET"]}}],"collection":[{"href":"https:\/\/www.diocesitn.it\/area-testimonianza\/wp-json\/wp\/v2\/posts"}],"about":[{"href":"https:\/\/www.diocesitn.it\/area-testimonianza\/wp-json\/wp\/v2\/types\/post"}],"author":[{"embeddable":true,"href":"https:\/\/www.diocesitn.it\/area-testimonianza\/wp-json\/wp\/v2\/users\/161"}],"replies":[{"embeddable":true,"href":"https:\/\/www.diocesitn.it\/area-testimonianza\/wp-json\/wp\/v2\/comments?post=16780"}],"version-history":[{"count":2,"href":"https:\/\/www.diocesitn.it\/area-testimonianza\/wp-json\/wp\/v2\/posts\/16780\/revisions"}],"predecessor-version":[{"id":16783,"href":"https:\/\/www.diocesitn.it\/area-testimonianza\/wp-json\/wp\/v2\/posts\/16780\/revisions\/16783"}],"wp:featuredmedia":[{"embeddable":true,"href":"https:\/\/www.diocesitn.it\/area-testimonianza\/wp-json\/wp\/v2\/media\/16719"}],"wp:attachment":[{"href":"https:\/\/www.diocesitn.it\/area-testimonianza\/wp-json\/wp\/v2\/media?parent=16780"}],"wp:term":[{"taxonomy":"category","embeddable":true,"href":"https:\/\/www.diocesitn.it\/area-testimonianza\/wp-json\/wp\/v2\/categories?post=16780"},{"taxonomy":"post_tag","embeddable":true,"href":"https:\/\/www.diocesitn.it\/area-testimonianza\/wp-json\/wp\/v2\/tags?post=16780"}],"curies":[{"name":"wp","href":"https:\/\/api.w.org\/{rel}","templated":true}]}}