{"id":16775,"date":"2024-12-18T15:28:06","date_gmt":"2024-12-18T14:28:06","guid":{"rendered":"https:\/\/www.diocesitn.it\/area-testimonianza\/?p=16775"},"modified":"2024-12-18T15:31:04","modified_gmt":"2024-12-18T14:31:04","slug":"fabio-petrini-e-mons-giancarlo-petrini-brasile","status":"publish","type":"post","link":"https:\/\/www.diocesitn.it\/area-testimonianza\/2024\/12\/18\/fabio-petrini-e-mons-giancarlo-petrini-brasile\/","title":{"rendered":"Fabio Petrini e mons. Giancarlo Petrini &#8211; Brasile"},"content":{"rendered":"<p style=\"text-align: right\"><em>Salvador, 3 dicembre 2024<\/em><\/p>\n<p>Cari amici del Centro Missionario di Trento,<\/p>\n<p>I 180 bambini che frequentano l&#8217;Asilo &#8220;Sagrada Fam\u00edlia &#8211; Iolanda Dematt\u00e9&#8221; nel quartiere &#8220;Chapada do Rio Vermelho, parte del Nordeste di Amaralina, nella citt\u00e1 di Salvador, Bahia, sono un grande segno di speranza per le loro famiglie e per noi che li incontriamo ogni giorno.<\/p>\n<p>Abbiamo iniziato da qualche mese ad incontrare sistematicamente le famiglie una per una, con un&#8217;attenzione particolare al bambino, al padre e alla madre. Gli incontri sono organizzati con le insegnati, uno psicologo specializzato, oltre alla direttrice pedagogica. Qualche mamma e qualche pap\u00e0 si sono commossi quando si sono resi conto che sono stati invitati non per ricevere un sermone pieno di recriminazioni, ma per ricevere un aiuto nel modo di seguire il bambino, per condividere la responsabilit\u00e0 educativa. Per la prima volta si sentono appoggiati. Le insegnanti si sentono confortate quando possono contare sulla partecipazione della mamma, a volte del pap\u00e0 o di altro familiare nel condividere le preoccupazioni nei confronti di ogni bambino, delineando le attenzioni necessarie nell&#8217;asilo e in casa, per favorire uno sviluppo integrale e adeguato allo specifico di ciascuno.<\/p>\n<p>La speranza che ci muove nel lavoro quotidiano nell&#8217;Asilo \u00e8 che ognuno di questi bambini abbia la possibilit\u00e0 di crescere fino a poter decidere di dedicarsi ad una formazione, avere un lavoro, costituire una famiglia, insomma, avere una vita buona, passando al largo di altre possibilit\u00e0 ad altissimo rischio che sono molto presenti negli ambienti a loro vicini.<\/p>\n<p>\u00c8 importante dire che questo passo nuovo \u00e8 sostenuto dall&#8217;appoggio che l&#8217;Asilo riceve annualmente dal Centro Missionario dell&#8217;Arcidiocesi di Trento, e siamo grati perch\u00e9 senza questa speranza sarebbe impossibile affrontare le sfide del lavoro di ogni giorno.<\/p>\n<p>&nbsp;<\/p>\n<p>Vi auguriamo un Natale di Luce e di Pace nel Signore Ges\u00f9 che viene e si dona a noi per rinnovare la speranza.<\/p>\n<p>Tantissimi auguri e saluti cari a tutti gli amici del Centro Missionario.<\/p>\n<p>mons. Giancarlo Petrini<\/p>\n<p>Fabio Petrini<\/p>\n","protected":false},"excerpt":{"rendered":"<p>Salvador, 3 dicembre 2024 Cari amici del Centro Missionario di Trento, I 180 bambini che frequentano l&#8217;Asilo &#8220;Sagrada Fam\u00edlia &#8211; Iolanda Dematt\u00e9&#8221; nel quartiere &#8220;Chapada do Rio Vermelho, parte del Nordeste di Amaralina, nella citt\u00e1<\/p>\n","protected":false},"author":161,"featured_media":16778,"comment_status":"closed","ping_status":"closed","sticky":false,"template":"","format":"standard","meta":{"footnotes":""},"categories":[1151],"tags":[2438,2461,2399,2462],"class_list":["post-16775","post","type-post","status-publish","format-standard","has-post-thumbnail","hentry","category-servizio-missionario","tag-auguri-di-speranza-2024","tag-fabio-petrini","tag-lettere-dalle-missioni","tag-mons-giancarlo-petrini"],"acf":{"seed-localization-paese-cod":"IT","seed-localization-address":"","seed-localization-citta":"Trento","seed-localization-regione-cod-istat":"04","seed-localization-citta-cod-istat":"022205","seed-localization-localita":"","seed-localization-cap":"","seed-localization-marker-visibility":false,"seed-localization-children-visibility":false,"seed-localization-kml":"","seed-localization-custom-marker":""},"yoast_head":"<!-- This site is optimized with the Yoast SEO Premium plugin v20.2.1 (Yoast SEO v22.2) - https:\/\/yoast.com\/wordpress\/plugins\/seo\/ -->\n<title>Fabio Petrini e mons. Giancarlo Petrini - Brasile - Testimonianza e Impegno sociale<\/title>\n<meta name=\"robots\" content=\"index, follow, max-snippet:-1, max-image-preview:large, max-video-preview:-1\" \/>\n<link rel=\"canonical\" href=\"https:\/\/www.diocesitn.it\/area-testimonianza\/2024\/12\/18\/fabio-petrini-e-mons-giancarlo-petrini-brasile\/\" \/>\n<meta property=\"og:locale\" content=\"it_IT\" \/>\n<meta property=\"og:type\" content=\"article\" \/>\n<meta property=\"og:title\" content=\"Fabio Petrini e mons. Giancarlo Petrini - Brasile\" \/>\n<meta property=\"og:description\" content=\"Salvador, 3 dicembre 2024 Cari amici del Centro Missionario di Trento, I 180 bambini che frequentano l&#8217;Asilo &#8220;Sagrada Fam\u00edlia &#8211; Iolanda Dematt\u00e9&#8221; nel quartiere &#8220;Chapada do Rio Vermelho, parte del Nordeste di Amaralina, nella citt\u00e1\" \/>\n<meta property=\"og:url\" content=\"https:\/\/www.diocesitn.it\/area-testimonianza\/2024\/12\/18\/fabio-petrini-e-mons-giancarlo-petrini-brasile\/\" \/>\n<meta property=\"og:site_name\" content=\"Testimonianza e Impegno sociale\" \/>\n<meta property=\"article:published_time\" content=\"2024-12-18T14:28:06+00:00\" \/>\n<meta property=\"article:modified_time\" content=\"2024-12-18T14:31:04+00:00\" \/>\n<meta property=\"og:image\" content=\"https:\/\/www.diocesitn.it\/area-testimonianza\/wp-content\/uploads\/sites\/37\/2024\/12\/mons.-Giancarlo-e-Fabio-Petrini-Brasile.jpg\" \/>\n\t<meta property=\"og:image:width\" content=\"560\" \/>\n\t<meta property=\"og:image:height\" content=\"315\" \/>\n\t<meta property=\"og:image:type\" content=\"image\/jpeg\" \/>\n<meta name=\"author\" content=\"smaule\" \/>\n<meta name=\"twitter:card\" content=\"summary_large_image\" \/>\n<meta name=\"twitter:label1\" content=\"Scritto da\" \/>\n\t<meta name=\"twitter:data1\" content=\"smaule\" \/>\n\t<meta name=\"twitter:label2\" content=\"Tempo di lettura stimato\" \/>\n\t<meta name=\"twitter:data2\" content=\"2 minuti\" \/>\n<script type=\"application\/ld+json\" class=\"yoast-schema-graph\">{\"@context\":\"https:\/\/schema.org\",\"@graph\":[{\"@type\":\"Article\",\"@id\":\"https:\/\/www.diocesitn.it\/area-testimonianza\/2024\/12\/18\/fabio-petrini-e-mons-giancarlo-petrini-brasile\/#article\",\"isPartOf\":{\"@id\":\"https:\/\/www.diocesitn.it\/area-testimonianza\/2024\/12\/18\/fabio-petrini-e-mons-giancarlo-petrini-brasile\/\"},\"author\":{\"name\":\"smaule\",\"@id\":\"https:\/\/www.diocesitn.it\/area-testimonianza\/#\/schema\/person\/bac489aafb7f98c1ca25f76c27174a95\"},\"headline\":\"Fabio Petrini e mons. Giancarlo Petrini &#8211; Brasile\",\"datePublished\":\"2024-12-18T14:28:06+00:00\",\"dateModified\":\"2024-12-18T14:31:04+00:00\",\"mainEntityOfPage\":{\"@id\":\"https:\/\/www.diocesitn.it\/area-testimonianza\/2024\/12\/18\/fabio-petrini-e-mons-giancarlo-petrini-brasile\/\"},\"wordCount\":328,\"publisher\":{\"@id\":\"https:\/\/www.diocesitn.it\/area-testimonianza\/#organization\"},\"image\":{\"@id\":\"https:\/\/www.diocesitn.it\/area-testimonianza\/2024\/12\/18\/fabio-petrini-e-mons-giancarlo-petrini-brasile\/#primaryimage\"},\"thumbnailUrl\":\"https:\/\/www.diocesitn.it\/area-testimonianza\/wp-content\/uploads\/sites\/37\/2024\/12\/mons.-Giancarlo-e-Fabio-Petrini-Brasile.jpg\",\"keywords\":[\"auguri di speranza Natale 2024\",\"Fabio Petrini\",\"lettere dalle missioni\",\"mons. Giancarlo Petrini\"],\"articleSection\":[\"Pastorale Missionaria\"],\"inLanguage\":\"it-IT\",\"copyrightYear\":\"2024\",\"copyrightHolder\":{\"@id\":\"https:\/\/www.diocesitn.it\/#organization\"}},{\"@type\":\"WebPage\",\"@id\":\"https:\/\/www.diocesitn.it\/area-testimonianza\/2024\/12\/18\/fabio-petrini-e-mons-giancarlo-petrini-brasile\/\",\"url\":\"https:\/\/www.diocesitn.it\/area-testimonianza\/2024\/12\/18\/fabio-petrini-e-mons-giancarlo-petrini-brasile\/\",\"name\":\"Fabio Petrini e mons. Giancarlo Petrini - Brasile - Testimonianza e Impegno sociale\",\"isPartOf\":{\"@id\":\"https:\/\/www.diocesitn.it\/area-testimonianza\/#website\"},\"primaryImageOfPage\":{\"@id\":\"https:\/\/www.diocesitn.it\/area-testimonianza\/2024\/12\/18\/fabio-petrini-e-mons-giancarlo-petrini-brasile\/#primaryimage\"},\"image\":{\"@id\":\"https:\/\/www.diocesitn.it\/area-testimonianza\/2024\/12\/18\/fabio-petrini-e-mons-giancarlo-petrini-brasile\/#primaryimage\"},\"thumbnailUrl\":\"https:\/\/www.diocesitn.it\/area-testimonianza\/wp-content\/uploads\/sites\/37\/2024\/12\/mons.-Giancarlo-e-Fabio-Petrini-Brasile.jpg\",\"datePublished\":\"2024-12-18T14:28:06+00:00\",\"dateModified\":\"2024-12-18T14:31:04+00:00\",\"breadcrumb\":{\"@id\":\"https:\/\/www.diocesitn.it\/area-testimonianza\/2024\/12\/18\/fabio-petrini-e-mons-giancarlo-petrini-brasile\/#breadcrumb\"},\"inLanguage\":\"it-IT\",\"potentialAction\":[{\"@type\":\"ReadAction\",\"target\":[\"https:\/\/www.diocesitn.it\/area-testimonianza\/2024\/12\/18\/fabio-petrini-e-mons-giancarlo-petrini-brasile\/\"]}]},{\"@type\":\"ImageObject\",\"inLanguage\":\"it-IT\",\"@id\":\"https:\/\/www.diocesitn.it\/area-testimonianza\/2024\/12\/18\/fabio-petrini-e-mons-giancarlo-petrini-brasile\/#primaryimage\",\"url\":\"https:\/\/www.diocesitn.it\/area-testimonianza\/wp-content\/uploads\/sites\/37\/2024\/12\/mons.-Giancarlo-e-Fabio-Petrini-Brasile.jpg\",\"contentUrl\":\"https:\/\/www.diocesitn.it\/area-testimonianza\/wp-content\/uploads\/sites\/37\/2024\/12\/mons.-Giancarlo-e-Fabio-Petrini-Brasile.jpg\",\"width\":560,\"height\":315},{\"@type\":\"BreadcrumbList\",\"@id\":\"https:\/\/www.diocesitn.it\/area-testimonianza\/2024\/12\/18\/fabio-petrini-e-mons-giancarlo-petrini-brasile\/#breadcrumb\",\"itemListElement\":[{\"@type\":\"ListItem\",\"position\":1,\"name\":\"Home\",\"item\":\"https:\/\/www.diocesitn.it\/area-testimonianza\/\"},{\"@type\":\"ListItem\",\"position\":2,\"name\":\"Fabio Petrini e mons. Giancarlo Petrini &#8211; Brasile\"}]},{\"@type\":\"WebSite\",\"@id\":\"https:\/\/www.diocesitn.it\/area-testimonianza\/#website\",\"url\":\"https:\/\/www.diocesitn.it\/area-testimonianza\/\",\"name\":\"Testimonianza e Impegno sociale\",\"description\":\"Chiesa di Trento\",\"publisher\":{\"@id\":\"https:\/\/www.diocesitn.it\/area-testimonianza\/#organization\"},\"potentialAction\":[{\"@type\":\"SearchAction\",\"target\":{\"@type\":\"EntryPoint\",\"urlTemplate\":\"https:\/\/www.diocesitn.it\/area-testimonianza\/?s={search_term_string}\"},\"query-input\":\"required name=search_term_string\"}],\"inLanguage\":\"it-IT\"},{\"@type\":[\"Organization\",\"Place\"],\"@id\":\"https:\/\/www.diocesitn.it\/area-testimonianza\/#organization\",\"name\":\"Area Testimonianza e Impegno Sociale - Chiesa di Trento\",\"url\":\"https:\/\/www.diocesitn.it\/area-testimonianza\/\",\"logo\":{\"@id\":\"https:\/\/www.diocesitn.it\/area-testimonianza\/2024\/12\/18\/fabio-petrini-e-mons-giancarlo-petrini-brasile\/#local-main-organization-logo\"},\"image\":{\"@id\":\"https:\/\/www.diocesitn.it\/area-testimonianza\/2024\/12\/18\/fabio-petrini-e-mons-giancarlo-petrini-brasile\/#local-main-organization-logo\"},\"openingHoursSpecification\":[{\"@type\":\"OpeningHoursSpecification\",\"dayOfWeek\":[\"Monday\",\"Tuesday\",\"Wednesday\",\"Thursday\",\"Friday\",\"Saturday\",\"Sunday\"],\"opens\":\"09:00\",\"closes\":\"17:00\"}]},{\"@type\":\"ImageObject\",\"inLanguage\":\"it-IT\",\"@id\":\"https:\/\/www.diocesitn.it\/area-testimonianza\/2024\/12\/18\/fabio-petrini-e-mons-giancarlo-petrini-brasile\/#local-main-organization-logo\",\"url\":\"https:\/\/www.diocesitn.it\/area-testimonianza\/wp-content\/uploads\/sites\/37\/2021\/09\/og-logo-testimonianza-e-impegno-sociale.jpg\",\"contentUrl\":\"https:\/\/www.diocesitn.it\/area-testimonianza\/wp-content\/uploads\/sites\/37\/2021\/09\/og-logo-testimonianza-e-impegno-sociale.jpg\",\"width\":1200,\"height\":630,\"caption\":\"Area Testimonianza e Impegno Sociale - Chiesa di Trento\"}]}<\/script>\n<!-- \/ Yoast SEO Premium plugin. -->","yoast_head_json":{"title":"Fabio Petrini e mons. Giancarlo Petrini - Brasile - Testimonianza e Impegno sociale","robots":{"index":"index","follow":"follow","max-snippet":"max-snippet:-1","max-image-preview":"max-image-preview:large","max-video-preview":"max-video-preview:-1"},"canonical":"https:\/\/www.diocesitn.it\/area-testimonianza\/2024\/12\/18\/fabio-petrini-e-mons-giancarlo-petrini-brasile\/","og_locale":"it_IT","og_type":"article","og_title":"Fabio Petrini e mons. Giancarlo Petrini - Brasile","og_description":"Salvador, 3 dicembre 2024 Cari amici del Centro Missionario di Trento, I 180 bambini che frequentano l&#8217;Asilo &#8220;Sagrada Fam\u00edlia &#8211; Iolanda Dematt\u00e9&#8221; nel quartiere &#8220;Chapada do Rio Vermelho, parte del Nordeste di Amaralina, nella citt\u00e1","og_url":"https:\/\/www.diocesitn.it\/area-testimonianza\/2024\/12\/18\/fabio-petrini-e-mons-giancarlo-petrini-brasile\/","og_site_name":"Testimonianza e Impegno sociale","article_published_time":"2024-12-18T14:28:06+00:00","article_modified_time":"2024-12-18T14:31:04+00:00","og_image":[{"width":560,"height":315,"url":"https:\/\/www.diocesitn.it\/area-testimonianza\/wp-content\/uploads\/sites\/37\/2024\/12\/mons.-Giancarlo-e-Fabio-Petrini-Brasile.jpg","type":"image\/jpeg"}],"author":"smaule","twitter_card":"summary_large_image","twitter_misc":{"Scritto da":"smaule","Tempo di lettura stimato":"2 minuti"},"schema":{"@context":"https:\/\/schema.org","@graph":[{"@type":"Article","@id":"https:\/\/www.diocesitn.it\/area-testimonianza\/2024\/12\/18\/fabio-petrini-e-mons-giancarlo-petrini-brasile\/#article","isPartOf":{"@id":"https:\/\/www.diocesitn.it\/area-testimonianza\/2024\/12\/18\/fabio-petrini-e-mons-giancarlo-petrini-brasile\/"},"author":{"name":"smaule","@id":"https:\/\/www.diocesitn.it\/area-testimonianza\/#\/schema\/person\/bac489aafb7f98c1ca25f76c27174a95"},"headline":"Fabio Petrini e mons. Giancarlo Petrini &#8211; Brasile","datePublished":"2024-12-18T14:28:06+00:00","dateModified":"2024-12-18T14:31:04+00:00","mainEntityOfPage":{"@id":"https:\/\/www.diocesitn.it\/area-testimonianza\/2024\/12\/18\/fabio-petrini-e-mons-giancarlo-petrini-brasile\/"},"wordCount":328,"publisher":{"@id":"https:\/\/www.diocesitn.it\/area-testimonianza\/#organization"},"image":{"@id":"https:\/\/www.diocesitn.it\/area-testimonianza\/2024\/12\/18\/fabio-petrini-e-mons-giancarlo-petrini-brasile\/#primaryimage"},"thumbnailUrl":"https:\/\/www.diocesitn.it\/area-testimonianza\/wp-content\/uploads\/sites\/37\/2024\/12\/mons.-Giancarlo-e-Fabio-Petrini-Brasile.jpg","keywords":["auguri di speranza Natale 2024","Fabio Petrini","lettere dalle missioni","mons. Giancarlo Petrini"],"articleSection":["Pastorale Missionaria"],"inLanguage":"it-IT","copyrightYear":"2024","copyrightHolder":{"@id":"https:\/\/www.diocesitn.it\/#organization"}},{"@type":"WebPage","@id":"https:\/\/www.diocesitn.it\/area-testimonianza\/2024\/12\/18\/fabio-petrini-e-mons-giancarlo-petrini-brasile\/","url":"https:\/\/www.diocesitn.it\/area-testimonianza\/2024\/12\/18\/fabio-petrini-e-mons-giancarlo-petrini-brasile\/","name":"Fabio Petrini e mons. Giancarlo Petrini - Brasile - Testimonianza e Impegno sociale","isPartOf":{"@id":"https:\/\/www.diocesitn.it\/area-testimonianza\/#website"},"primaryImageOfPage":{"@id":"https:\/\/www.diocesitn.it\/area-testimonianza\/2024\/12\/18\/fabio-petrini-e-mons-giancarlo-petrini-brasile\/#primaryimage"},"image":{"@id":"https:\/\/www.diocesitn.it\/area-testimonianza\/2024\/12\/18\/fabio-petrini-e-mons-giancarlo-petrini-brasile\/#primaryimage"},"thumbnailUrl":"https:\/\/www.diocesitn.it\/area-testimonianza\/wp-content\/uploads\/sites\/37\/2024\/12\/mons.-Giancarlo-e-Fabio-Petrini-Brasile.jpg","datePublished":"2024-12-18T14:28:06+00:00","dateModified":"2024-12-18T14:31:04+00:00","breadcrumb":{"@id":"https:\/\/www.diocesitn.it\/area-testimonianza\/2024\/12\/18\/fabio-petrini-e-mons-giancarlo-petrini-brasile\/#breadcrumb"},"inLanguage":"it-IT","potentialAction":[{"@type":"ReadAction","target":["https:\/\/www.diocesitn.it\/area-testimonianza\/2024\/12\/18\/fabio-petrini-e-mons-giancarlo-petrini-brasile\/"]}]},{"@type":"ImageObject","inLanguage":"it-IT","@id":"https:\/\/www.diocesitn.it\/area-testimonianza\/2024\/12\/18\/fabio-petrini-e-mons-giancarlo-petrini-brasile\/#primaryimage","url":"https:\/\/www.diocesitn.it\/area-testimonianza\/wp-content\/uploads\/sites\/37\/2024\/12\/mons.-Giancarlo-e-Fabio-Petrini-Brasile.jpg","contentUrl":"https:\/\/www.diocesitn.it\/area-testimonianza\/wp-content\/uploads\/sites\/37\/2024\/12\/mons.-Giancarlo-e-Fabio-Petrini-Brasile.jpg","width":560,"height":315},{"@type":"BreadcrumbList","@id":"https:\/\/www.diocesitn.it\/area-testimonianza\/2024\/12\/18\/fabio-petrini-e-mons-giancarlo-petrini-brasile\/#breadcrumb","itemListElement":[{"@type":"ListItem","position":1,"name":"Home","item":"https:\/\/www.diocesitn.it\/area-testimonianza\/"},{"@type":"ListItem","position":2,"name":"Fabio Petrini e mons. Giancarlo Petrini &#8211; Brasile"}]},{"@type":"WebSite","@id":"https:\/\/www.diocesitn.it\/area-testimonianza\/#website","url":"https:\/\/www.diocesitn.it\/area-testimonianza\/","name":"Testimonianza e Impegno sociale","description":"Chiesa di Trento","publisher":{"@id":"https:\/\/www.diocesitn.it\/area-testimonianza\/#organization"},"potentialAction":[{"@type":"SearchAction","target":{"@type":"EntryPoint","urlTemplate":"https:\/\/www.diocesitn.it\/area-testimonianza\/?s={search_term_string}"},"query-input":"required name=search_term_string"}],"inLanguage":"it-IT"},{"@type":["Organization","Place"],"@id":"https:\/\/www.diocesitn.it\/area-testimonianza\/#organization","name":"Area Testimonianza e Impegno Sociale - Chiesa di Trento","url":"https:\/\/www.diocesitn.it\/area-testimonianza\/","logo":{"@id":"https:\/\/www.diocesitn.it\/area-testimonianza\/2024\/12\/18\/fabio-petrini-e-mons-giancarlo-petrini-brasile\/#local-main-organization-logo"},"image":{"@id":"https:\/\/www.diocesitn.it\/area-testimonianza\/2024\/12\/18\/fabio-petrini-e-mons-giancarlo-petrini-brasile\/#local-main-organization-logo"},"openingHoursSpecification":[{"@type":"OpeningHoursSpecification","dayOfWeek":["Monday","Tuesday","Wednesday","Thursday","Friday","Saturday","Sunday"],"opens":"09:00","closes":"17:00"}]},{"@type":"ImageObject","inLanguage":"it-IT","@id":"https:\/\/www.diocesitn.it\/area-testimonianza\/2024\/12\/18\/fabio-petrini-e-mons-giancarlo-petrini-brasile\/#local-main-organization-logo","url":"https:\/\/www.diocesitn.it\/area-testimonianza\/wp-content\/uploads\/sites\/37\/2021\/09\/og-logo-testimonianza-e-impegno-sociale.jpg","contentUrl":"https:\/\/www.diocesitn.it\/area-testimonianza\/wp-content\/uploads\/sites\/37\/2021\/09\/og-logo-testimonianza-e-impegno-sociale.jpg","width":1200,"height":630,"caption":"Area Testimonianza e Impegno Sociale - Chiesa di Trento"}]}},"_links":{"self":[{"href":"https:\/\/www.diocesitn.it\/area-testimonianza\/wp-json\/wp\/v2\/posts\/16775","targetHints":{"allow":["GET"]}}],"collection":[{"href":"https:\/\/www.diocesitn.it\/area-testimonianza\/wp-json\/wp\/v2\/posts"}],"about":[{"href":"https:\/\/www.diocesitn.it\/area-testimonianza\/wp-json\/wp\/v2\/types\/post"}],"author":[{"embeddable":true,"href":"https:\/\/www.diocesitn.it\/area-testimonianza\/wp-json\/wp\/v2\/users\/161"}],"replies":[{"embeddable":true,"href":"https:\/\/www.diocesitn.it\/area-testimonianza\/wp-json\/wp\/v2\/comments?post=16775"}],"version-history":[{"count":3,"href":"https:\/\/www.diocesitn.it\/area-testimonianza\/wp-json\/wp\/v2\/posts\/16775\/revisions"}],"predecessor-version":[{"id":16781,"href":"https:\/\/www.diocesitn.it\/area-testimonianza\/wp-json\/wp\/v2\/posts\/16775\/revisions\/16781"}],"wp:featuredmedia":[{"embeddable":true,"href":"https:\/\/www.diocesitn.it\/area-testimonianza\/wp-json\/wp\/v2\/media\/16778"}],"wp:attachment":[{"href":"https:\/\/www.diocesitn.it\/area-testimonianza\/wp-json\/wp\/v2\/media?parent=16775"}],"wp:term":[{"taxonomy":"category","embeddable":true,"href":"https:\/\/www.diocesitn.it\/area-testimonianza\/wp-json\/wp\/v2\/categories?post=16775"},{"taxonomy":"post_tag","embeddable":true,"href":"https:\/\/www.diocesitn.it\/area-testimonianza\/wp-json\/wp\/v2\/tags?post=16775"}],"curies":[{"name":"wp","href":"https:\/\/api.w.org\/{rel}","templated":true}]}}