{"id":16768,"date":"2024-12-18T14:48:40","date_gmt":"2024-12-18T13:48:40","guid":{"rendered":"https:\/\/www.diocesitn.it\/area-testimonianza\/?p=16768"},"modified":"2024-12-18T14:48:40","modified_gmt":"2024-12-18T13:48:40","slug":"marco-revolti-brasile","status":"publish","type":"post","link":"https:\/\/www.diocesitn.it\/area-testimonianza\/2024\/12\/18\/marco-revolti-brasile\/","title":{"rendered":"Marco Revolti &#8211; Brasile"},"content":{"rendered":"<p><em>Carissimi amici,<\/em><\/p>\n<p><em>ho cercato di mettere su un foglio quello che ritengo sia per me la <strong>speranza<\/strong>.<\/em><\/p>\n<p>&nbsp;<\/p>\n<p>La speranza ha due figli bellissimi: l\u2019<strong>indignazione<\/strong> e il <strong>coraggio<\/strong>. Non so dove lo ho letto ma ci ho sempre creduto.<\/p>\n<p><strong>L\u2019indignazione<\/strong> ci insegna a non accettare le cose, i fatti come stanno, come ci vengono trasmessi e continuare a dire la frase fastidiosa \u201c\u00e8 sempre stato cos\u00ec\u201d. Il <strong>coraggio<\/strong> ci stimola al cambiamento.<\/p>\n<p>Mi ricordo di una canzone che diceva \u201cPerch\u00e9 aspettare Domani&#8230;\u201d. Il domani viene sempre dopo <strong>ieri<\/strong> e dopo <strong>oggi.<\/strong><\/p>\n<p><strong>Ieri<\/strong> il Brasile era povero e sottosviluppato.<\/p>\n<p><strong>Oggi<\/strong> il Brasile \u00e8 diverso.<\/p>\n<p><strong>Domani<\/strong> il Brasile sar\u00e0 cambiato ancora e chi lo stravolger\u00e0 di nuovo insieme al mondo sar\u00e0 <strong>la speranza.<\/strong><\/p>\n<p>Chi \u00e8 e che cos\u2019\u00e8 la <strong>speranza<\/strong>? Sono i nostri <strong>sogni<\/strong>, \u00e8 il nostro <strong>impegno<\/strong>, \u00e8 il nostro credere che \u00e8 possibile cambiare, trasformare, migliorare&#8230;<\/p>\n<p><strong>Speranza<\/strong> \u00e8 vedere che quello che sogniamo pu\u00f2 <strong>succedere.<\/strong><\/p>\n<p><strong>Speranza<\/strong> \u00e8 credere che \u00e8 possibile, anche davanti a ostacoli che sembrano insormontabili.<\/p>\n<p><strong>Speranza<\/strong> \u00e8 credere in un Dio-Mistero (imprevedibile) che butta all\u2019aria i nostri progetti, che scalza e rivolta la nostra societ\u00e0, dove tutto \u00e8 gi\u00e0 programmato, tutto \u00e8 gi\u00e0 previsto e controllato e ci dicono che deve essere cos\u00ec e che solo cos\u00ec \u00e8 possibile.<\/p>\n<p><strong>Speranza<\/strong> \u00e8 qualcosa di concreto, non \u00e8 solo utopia, ne abbiamo molti esempi: Einstein, Martin Luther King, Leonardo, Galileo, Maria Teresa di Calcutta, Ghandi, Mandela e tante persone sconosciute che nel silenzio alimentano la speranza.<\/p>\n<p><strong>La speranza<\/strong> \u00e8 la regola della natura: <strong>un seme<\/strong> diventa pianta, albero, frutti e il ciclo continua.<\/p>\n<p><strong>Se non abbiamo speranza<\/strong> e tutto \u00e8 gi\u00e0 previsto, programmato, regolato, che senso ha vivere? Piangere, soffrire, lottare, gioire&#8230;<\/p>\n<p><strong>Speranza<\/strong> \u00e8 <strong>perdono<\/strong> (atto difficilissimo), \u00e8 dar perdono, chiedere perdono e perdonarsi, perch\u00e9 <strong>credo<\/strong> nella persona umana che \u00e8 in me e negli altri; credo che sia possibile cambiare, cambiare noi, cambiare le regole, <strong>cambiare il mondo<\/strong>.<\/p>\n<p>&nbsp;<\/p>\n<p><em>In quello che ho scritto ci credo cecamente e questo non vuol dire che tutto sia facile, che non ci siano alti e bassi che ti abbattono senza piet\u00e0, ma posso dire che questi 30 anni di Brasile mi hanno dato la possibilit\u00e0 di dare un senso alla mia vita.<\/em><\/p>\n<p><em>Un forte abbraccio a tutti, grazie per il sostegno e vi auguro un Felice Natale di pace.<\/em><\/p>\n<p>Marco Revolti<\/p>\n","protected":false},"excerpt":{"rendered":"<p>Carissimi amici, ho cercato di mettere su un foglio quello che ritengo sia per me la speranza. &nbsp; La speranza ha due figli bellissimi: l\u2019indignazione e il coraggio. Non so dove lo ho letto ma<\/p>\n","protected":false},"author":161,"featured_media":16721,"comment_status":"closed","ping_status":"closed","sticky":false,"template":"","format":"standard","meta":{"footnotes":""},"categories":[1151],"tags":[2438,2399,2458],"class_list":["post-16768","post","type-post","status-publish","format-standard","has-post-thumbnail","hentry","category-servizio-missionario","tag-auguri-di-speranza-2024","tag-lettere-dalle-missioni","tag-marco-revolti"],"acf":{"seed-localization-paese-cod":"IT","seed-localization-address":"","seed-localization-citta":"Trento","seed-localization-regione-cod-istat":"04","seed-localization-citta-cod-istat":"022205","seed-localization-localita":"","seed-localization-cap":"","seed-localization-marker-visibility":false,"seed-localization-children-visibility":false,"seed-localization-kml":"","seed-localization-custom-marker":""},"yoast_head":"<!-- This site is optimized with the Yoast SEO Premium plugin v20.2.1 (Yoast SEO v22.2) - https:\/\/yoast.com\/wordpress\/plugins\/seo\/ -->\n<title>Marco Revolti - Brasile - Testimonianza e Impegno sociale<\/title>\n<meta name=\"robots\" content=\"index, follow, max-snippet:-1, max-image-preview:large, max-video-preview:-1\" \/>\n<link rel=\"canonical\" href=\"https:\/\/www.diocesitn.it\/area-testimonianza\/2024\/12\/18\/marco-revolti-brasile\/\" \/>\n<meta property=\"og:locale\" content=\"it_IT\" \/>\n<meta property=\"og:type\" content=\"article\" \/>\n<meta property=\"og:title\" content=\"Marco Revolti - Brasile\" \/>\n<meta property=\"og:description\" content=\"Carissimi amici, ho cercato di mettere su un foglio quello che ritengo sia per me la speranza. &nbsp; La speranza ha due figli bellissimi: l\u2019indignazione e il coraggio. Non so dove lo ho letto ma\" \/>\n<meta property=\"og:url\" content=\"https:\/\/www.diocesitn.it\/area-testimonianza\/2024\/12\/18\/marco-revolti-brasile\/\" \/>\n<meta property=\"og:site_name\" content=\"Testimonianza e Impegno sociale\" \/>\n<meta property=\"article:published_time\" content=\"2024-12-18T13:48:40+00:00\" \/>\n<meta property=\"og:image\" content=\"https:\/\/www.diocesitn.it\/area-testimonianza\/wp-content\/uploads\/sites\/37\/2024\/12\/Marco-Revolti-Brasile.jpg\" \/>\n\t<meta property=\"og:image:width\" content=\"560\" \/>\n\t<meta property=\"og:image:height\" content=\"315\" \/>\n\t<meta property=\"og:image:type\" content=\"image\/jpeg\" \/>\n<meta name=\"author\" content=\"smaule\" \/>\n<meta name=\"twitter:card\" content=\"summary_large_image\" \/>\n<meta name=\"twitter:label1\" content=\"Scritto da\" \/>\n\t<meta name=\"twitter:data1\" content=\"smaule\" \/>\n\t<meta name=\"twitter:label2\" content=\"Tempo di lettura stimato\" \/>\n\t<meta name=\"twitter:data2\" content=\"3 minuti\" \/>\n<script type=\"application\/ld+json\" class=\"yoast-schema-graph\">{\"@context\":\"https:\/\/schema.org\",\"@graph\":[{\"@type\":\"Article\",\"@id\":\"https:\/\/www.diocesitn.it\/area-testimonianza\/2024\/12\/18\/marco-revolti-brasile\/#article\",\"isPartOf\":{\"@id\":\"https:\/\/www.diocesitn.it\/area-testimonianza\/2024\/12\/18\/marco-revolti-brasile\/\"},\"author\":{\"name\":\"smaule\",\"@id\":\"https:\/\/www.diocesitn.it\/area-testimonianza\/#\/schema\/person\/bac489aafb7f98c1ca25f76c27174a95\"},\"headline\":\"Marco Revolti &#8211; Brasile\",\"datePublished\":\"2024-12-18T13:48:40+00:00\",\"dateModified\":\"2024-12-18T13:48:40+00:00\",\"mainEntityOfPage\":{\"@id\":\"https:\/\/www.diocesitn.it\/area-testimonianza\/2024\/12\/18\/marco-revolti-brasile\/\"},\"wordCount\":376,\"publisher\":{\"@id\":\"https:\/\/www.diocesitn.it\/area-testimonianza\/#organization\"},\"image\":{\"@id\":\"https:\/\/www.diocesitn.it\/area-testimonianza\/2024\/12\/18\/marco-revolti-brasile\/#primaryimage\"},\"thumbnailUrl\":\"https:\/\/www.diocesitn.it\/area-testimonianza\/wp-content\/uploads\/sites\/37\/2024\/12\/Marco-Revolti-Brasile.jpg\",\"keywords\":[\"auguri di speranza Natale 2024\",\"lettere dalle missioni\",\"Marco Revolti\"],\"articleSection\":[\"Pastorale Missionaria\"],\"inLanguage\":\"it-IT\",\"copyrightYear\":\"2024\",\"copyrightHolder\":{\"@id\":\"https:\/\/www.diocesitn.it\/#organization\"}},{\"@type\":\"WebPage\",\"@id\":\"https:\/\/www.diocesitn.it\/area-testimonianza\/2024\/12\/18\/marco-revolti-brasile\/\",\"url\":\"https:\/\/www.diocesitn.it\/area-testimonianza\/2024\/12\/18\/marco-revolti-brasile\/\",\"name\":\"Marco Revolti - Brasile - Testimonianza e Impegno sociale\",\"isPartOf\":{\"@id\":\"https:\/\/www.diocesitn.it\/area-testimonianza\/#website\"},\"primaryImageOfPage\":{\"@id\":\"https:\/\/www.diocesitn.it\/area-testimonianza\/2024\/12\/18\/marco-revolti-brasile\/#primaryimage\"},\"image\":{\"@id\":\"https:\/\/www.diocesitn.it\/area-testimonianza\/2024\/12\/18\/marco-revolti-brasile\/#primaryimage\"},\"thumbnailUrl\":\"https:\/\/www.diocesitn.it\/area-testimonianza\/wp-content\/uploads\/sites\/37\/2024\/12\/Marco-Revolti-Brasile.jpg\",\"datePublished\":\"2024-12-18T13:48:40+00:00\",\"dateModified\":\"2024-12-18T13:48:40+00:00\",\"breadcrumb\":{\"@id\":\"https:\/\/www.diocesitn.it\/area-testimonianza\/2024\/12\/18\/marco-revolti-brasile\/#breadcrumb\"},\"inLanguage\":\"it-IT\",\"potentialAction\":[{\"@type\":\"ReadAction\",\"target\":[\"https:\/\/www.diocesitn.it\/area-testimonianza\/2024\/12\/18\/marco-revolti-brasile\/\"]}]},{\"@type\":\"ImageObject\",\"inLanguage\":\"it-IT\",\"@id\":\"https:\/\/www.diocesitn.it\/area-testimonianza\/2024\/12\/18\/marco-revolti-brasile\/#primaryimage\",\"url\":\"https:\/\/www.diocesitn.it\/area-testimonianza\/wp-content\/uploads\/sites\/37\/2024\/12\/Marco-Revolti-Brasile.jpg\",\"contentUrl\":\"https:\/\/www.diocesitn.it\/area-testimonianza\/wp-content\/uploads\/sites\/37\/2024\/12\/Marco-Revolti-Brasile.jpg\",\"width\":560,\"height\":315},{\"@type\":\"BreadcrumbList\",\"@id\":\"https:\/\/www.diocesitn.it\/area-testimonianza\/2024\/12\/18\/marco-revolti-brasile\/#breadcrumb\",\"itemListElement\":[{\"@type\":\"ListItem\",\"position\":1,\"name\":\"Home\",\"item\":\"https:\/\/www.diocesitn.it\/area-testimonianza\/\"},{\"@type\":\"ListItem\",\"position\":2,\"name\":\"Marco Revolti &#8211; Brasile\"}]},{\"@type\":\"WebSite\",\"@id\":\"https:\/\/www.diocesitn.it\/area-testimonianza\/#website\",\"url\":\"https:\/\/www.diocesitn.it\/area-testimonianza\/\",\"name\":\"Testimonianza e Impegno sociale\",\"description\":\"Chiesa di Trento\",\"publisher\":{\"@id\":\"https:\/\/www.diocesitn.it\/area-testimonianza\/#organization\"},\"potentialAction\":[{\"@type\":\"SearchAction\",\"target\":{\"@type\":\"EntryPoint\",\"urlTemplate\":\"https:\/\/www.diocesitn.it\/area-testimonianza\/?s={search_term_string}\"},\"query-input\":\"required name=search_term_string\"}],\"inLanguage\":\"it-IT\"},{\"@type\":[\"Organization\",\"Place\"],\"@id\":\"https:\/\/www.diocesitn.it\/area-testimonianza\/#organization\",\"name\":\"Area Testimonianza e Impegno Sociale - Chiesa di Trento\",\"url\":\"https:\/\/www.diocesitn.it\/area-testimonianza\/\",\"logo\":{\"@id\":\"https:\/\/www.diocesitn.it\/area-testimonianza\/2024\/12\/18\/marco-revolti-brasile\/#local-main-organization-logo\"},\"image\":{\"@id\":\"https:\/\/www.diocesitn.it\/area-testimonianza\/2024\/12\/18\/marco-revolti-brasile\/#local-main-organization-logo\"},\"openingHoursSpecification\":[{\"@type\":\"OpeningHoursSpecification\",\"dayOfWeek\":[\"Monday\",\"Tuesday\",\"Wednesday\",\"Thursday\",\"Friday\",\"Saturday\",\"Sunday\"],\"opens\":\"09:00\",\"closes\":\"17:00\"}]},{\"@type\":\"ImageObject\",\"inLanguage\":\"it-IT\",\"@id\":\"https:\/\/www.diocesitn.it\/area-testimonianza\/2024\/12\/18\/marco-revolti-brasile\/#local-main-organization-logo\",\"url\":\"https:\/\/www.diocesitn.it\/area-testimonianza\/wp-content\/uploads\/sites\/37\/2021\/09\/og-logo-testimonianza-e-impegno-sociale.jpg\",\"contentUrl\":\"https:\/\/www.diocesitn.it\/area-testimonianza\/wp-content\/uploads\/sites\/37\/2021\/09\/og-logo-testimonianza-e-impegno-sociale.jpg\",\"width\":1200,\"height\":630,\"caption\":\"Area Testimonianza e Impegno Sociale - Chiesa di Trento\"}]}<\/script>\n<!-- \/ Yoast SEO Premium plugin. -->","yoast_head_json":{"title":"Marco Revolti - Brasile - Testimonianza e Impegno sociale","robots":{"index":"index","follow":"follow","max-snippet":"max-snippet:-1","max-image-preview":"max-image-preview:large","max-video-preview":"max-video-preview:-1"},"canonical":"https:\/\/www.diocesitn.it\/area-testimonianza\/2024\/12\/18\/marco-revolti-brasile\/","og_locale":"it_IT","og_type":"article","og_title":"Marco Revolti - Brasile","og_description":"Carissimi amici, ho cercato di mettere su un foglio quello che ritengo sia per me la speranza. &nbsp; La speranza ha due figli bellissimi: l\u2019indignazione e il coraggio. Non so dove lo ho letto ma","og_url":"https:\/\/www.diocesitn.it\/area-testimonianza\/2024\/12\/18\/marco-revolti-brasile\/","og_site_name":"Testimonianza e Impegno sociale","article_published_time":"2024-12-18T13:48:40+00:00","og_image":[{"width":560,"height":315,"url":"https:\/\/www.diocesitn.it\/area-testimonianza\/wp-content\/uploads\/sites\/37\/2024\/12\/Marco-Revolti-Brasile.jpg","type":"image\/jpeg"}],"author":"smaule","twitter_card":"summary_large_image","twitter_misc":{"Scritto da":"smaule","Tempo di lettura stimato":"3 minuti"},"schema":{"@context":"https:\/\/schema.org","@graph":[{"@type":"Article","@id":"https:\/\/www.diocesitn.it\/area-testimonianza\/2024\/12\/18\/marco-revolti-brasile\/#article","isPartOf":{"@id":"https:\/\/www.diocesitn.it\/area-testimonianza\/2024\/12\/18\/marco-revolti-brasile\/"},"author":{"name":"smaule","@id":"https:\/\/www.diocesitn.it\/area-testimonianza\/#\/schema\/person\/bac489aafb7f98c1ca25f76c27174a95"},"headline":"Marco Revolti &#8211; Brasile","datePublished":"2024-12-18T13:48:40+00:00","dateModified":"2024-12-18T13:48:40+00:00","mainEntityOfPage":{"@id":"https:\/\/www.diocesitn.it\/area-testimonianza\/2024\/12\/18\/marco-revolti-brasile\/"},"wordCount":376,"publisher":{"@id":"https:\/\/www.diocesitn.it\/area-testimonianza\/#organization"},"image":{"@id":"https:\/\/www.diocesitn.it\/area-testimonianza\/2024\/12\/18\/marco-revolti-brasile\/#primaryimage"},"thumbnailUrl":"https:\/\/www.diocesitn.it\/area-testimonianza\/wp-content\/uploads\/sites\/37\/2024\/12\/Marco-Revolti-Brasile.jpg","keywords":["auguri di speranza Natale 2024","lettere dalle missioni","Marco Revolti"],"articleSection":["Pastorale Missionaria"],"inLanguage":"it-IT","copyrightYear":"2024","copyrightHolder":{"@id":"https:\/\/www.diocesitn.it\/#organization"}},{"@type":"WebPage","@id":"https:\/\/www.diocesitn.it\/area-testimonianza\/2024\/12\/18\/marco-revolti-brasile\/","url":"https:\/\/www.diocesitn.it\/area-testimonianza\/2024\/12\/18\/marco-revolti-brasile\/","name":"Marco Revolti - Brasile - Testimonianza e Impegno sociale","isPartOf":{"@id":"https:\/\/www.diocesitn.it\/area-testimonianza\/#website"},"primaryImageOfPage":{"@id":"https:\/\/www.diocesitn.it\/area-testimonianza\/2024\/12\/18\/marco-revolti-brasile\/#primaryimage"},"image":{"@id":"https:\/\/www.diocesitn.it\/area-testimonianza\/2024\/12\/18\/marco-revolti-brasile\/#primaryimage"},"thumbnailUrl":"https:\/\/www.diocesitn.it\/area-testimonianza\/wp-content\/uploads\/sites\/37\/2024\/12\/Marco-Revolti-Brasile.jpg","datePublished":"2024-12-18T13:48:40+00:00","dateModified":"2024-12-18T13:48:40+00:00","breadcrumb":{"@id":"https:\/\/www.diocesitn.it\/area-testimonianza\/2024\/12\/18\/marco-revolti-brasile\/#breadcrumb"},"inLanguage":"it-IT","potentialAction":[{"@type":"ReadAction","target":["https:\/\/www.diocesitn.it\/area-testimonianza\/2024\/12\/18\/marco-revolti-brasile\/"]}]},{"@type":"ImageObject","inLanguage":"it-IT","@id":"https:\/\/www.diocesitn.it\/area-testimonianza\/2024\/12\/18\/marco-revolti-brasile\/#primaryimage","url":"https:\/\/www.diocesitn.it\/area-testimonianza\/wp-content\/uploads\/sites\/37\/2024\/12\/Marco-Revolti-Brasile.jpg","contentUrl":"https:\/\/www.diocesitn.it\/area-testimonianza\/wp-content\/uploads\/sites\/37\/2024\/12\/Marco-Revolti-Brasile.jpg","width":560,"height":315},{"@type":"BreadcrumbList","@id":"https:\/\/www.diocesitn.it\/area-testimonianza\/2024\/12\/18\/marco-revolti-brasile\/#breadcrumb","itemListElement":[{"@type":"ListItem","position":1,"name":"Home","item":"https:\/\/www.diocesitn.it\/area-testimonianza\/"},{"@type":"ListItem","position":2,"name":"Marco Revolti &#8211; Brasile"}]},{"@type":"WebSite","@id":"https:\/\/www.diocesitn.it\/area-testimonianza\/#website","url":"https:\/\/www.diocesitn.it\/area-testimonianza\/","name":"Testimonianza e Impegno sociale","description":"Chiesa di Trento","publisher":{"@id":"https:\/\/www.diocesitn.it\/area-testimonianza\/#organization"},"potentialAction":[{"@type":"SearchAction","target":{"@type":"EntryPoint","urlTemplate":"https:\/\/www.diocesitn.it\/area-testimonianza\/?s={search_term_string}"},"query-input":"required name=search_term_string"}],"inLanguage":"it-IT"},{"@type":["Organization","Place"],"@id":"https:\/\/www.diocesitn.it\/area-testimonianza\/#organization","name":"Area Testimonianza e Impegno Sociale - Chiesa di Trento","url":"https:\/\/www.diocesitn.it\/area-testimonianza\/","logo":{"@id":"https:\/\/www.diocesitn.it\/area-testimonianza\/2024\/12\/18\/marco-revolti-brasile\/#local-main-organization-logo"},"image":{"@id":"https:\/\/www.diocesitn.it\/area-testimonianza\/2024\/12\/18\/marco-revolti-brasile\/#local-main-organization-logo"},"openingHoursSpecification":[{"@type":"OpeningHoursSpecification","dayOfWeek":["Monday","Tuesday","Wednesday","Thursday","Friday","Saturday","Sunday"],"opens":"09:00","closes":"17:00"}]},{"@type":"ImageObject","inLanguage":"it-IT","@id":"https:\/\/www.diocesitn.it\/area-testimonianza\/2024\/12\/18\/marco-revolti-brasile\/#local-main-organization-logo","url":"https:\/\/www.diocesitn.it\/area-testimonianza\/wp-content\/uploads\/sites\/37\/2021\/09\/og-logo-testimonianza-e-impegno-sociale.jpg","contentUrl":"https:\/\/www.diocesitn.it\/area-testimonianza\/wp-content\/uploads\/sites\/37\/2021\/09\/og-logo-testimonianza-e-impegno-sociale.jpg","width":1200,"height":630,"caption":"Area Testimonianza e Impegno Sociale - Chiesa di Trento"}]}},"_links":{"self":[{"href":"https:\/\/www.diocesitn.it\/area-testimonianza\/wp-json\/wp\/v2\/posts\/16768","targetHints":{"allow":["GET"]}}],"collection":[{"href":"https:\/\/www.diocesitn.it\/area-testimonianza\/wp-json\/wp\/v2\/posts"}],"about":[{"href":"https:\/\/www.diocesitn.it\/area-testimonianza\/wp-json\/wp\/v2\/types\/post"}],"author":[{"embeddable":true,"href":"https:\/\/www.diocesitn.it\/area-testimonianza\/wp-json\/wp\/v2\/users\/161"}],"replies":[{"embeddable":true,"href":"https:\/\/www.diocesitn.it\/area-testimonianza\/wp-json\/wp\/v2\/comments?post=16768"}],"version-history":[{"count":1,"href":"https:\/\/www.diocesitn.it\/area-testimonianza\/wp-json\/wp\/v2\/posts\/16768\/revisions"}],"predecessor-version":[{"id":16769,"href":"https:\/\/www.diocesitn.it\/area-testimonianza\/wp-json\/wp\/v2\/posts\/16768\/revisions\/16769"}],"wp:featuredmedia":[{"embeddable":true,"href":"https:\/\/www.diocesitn.it\/area-testimonianza\/wp-json\/wp\/v2\/media\/16721"}],"wp:attachment":[{"href":"https:\/\/www.diocesitn.it\/area-testimonianza\/wp-json\/wp\/v2\/media?parent=16768"}],"wp:term":[{"taxonomy":"category","embeddable":true,"href":"https:\/\/www.diocesitn.it\/area-testimonianza\/wp-json\/wp\/v2\/categories?post=16768"},{"taxonomy":"post_tag","embeddable":true,"href":"https:\/\/www.diocesitn.it\/area-testimonianza\/wp-json\/wp\/v2\/tags?post=16768"}],"curies":[{"name":"wp","href":"https:\/\/api.w.org\/{rel}","templated":true}]}}