{"id":16757,"date":"2024-12-16T17:16:14","date_gmt":"2024-12-16T16:16:14","guid":{"rendered":"https:\/\/www.diocesitn.it\/area-testimonianza\/2024\/12\/16\/rimetti-a-noi-i-nostri-debiti-concedici-la-tua-pace-1-gennaio-giornata-mondiale-della-pace-a-rovereto-liniziativa-diocesana-il-messaggio-di-speranza-di-papa-francesco\/"},"modified":"2025-04-10T12:01:55","modified_gmt":"2025-04-10T10:01:55","slug":"rimetti-a-noi-i-nostri-debiti-concedici-la-tua-pace-1-gennaio-giornata-mondiale-della-pace-a-rovereto-liniziativa-diocesana-il-messaggio-di-speranza-di-papa-francesco","status":"publish","type":"post","link":"https:\/\/www.diocesitn.it\/area-testimonianza\/2024\/12\/16\/rimetti-a-noi-i-nostri-debiti-concedici-la-tua-pace-1-gennaio-giornata-mondiale-della-pace-a-rovereto-liniziativa-diocesana-il-messaggio-di-speranza-di-papa-francesco\/","title":{"rendered":"&#8220;Rimetti a noi i nostri debiti: concedici la tua pace&#8221;: 1\u00b0 gennaio, Giornata mondiale della Pace. A Rovereto l&#8217;iniziativa diocesana. Il messaggio di speranza di papa Francesco"},"content":{"rendered":"<p>Si celebra il 1\u00b0 gennaio 20245 la <strong>58\u1d45 Giornata mondiale della Pace<\/strong>. Il <strong>tema <\/strong>\u00a0scelto da <strong>papa Francesco <\/strong>\u00e8 &#8220;<strong>Rimetti a noi i nostri debiti: concedici la tua pace<\/strong>&#8220;. In occasione della Giornata , sul filo di una ormai lunga tradizione, la Diocesi di Trento propone un <strong>pomeriggio di riflessione e di preghiera<\/strong>.<\/p>\n<h5><strong>A Rovereto gli interventi di Morelli e Pertile, con l&#8217;arcivescovo Tisi e padre Zanotelli<\/strong><\/h5>\n<p>A <strong>Rovereto<\/strong>, in<strong> Sala<\/strong> <strong>Filarmonica<\/strong>, mercoled\u00ec 1 gennaio alle 18 sul tema della Giornata ci sar\u00e0 l&#8217;incontro con <strong>Alessandra Morelli<\/strong>, gi\u00e0 delegata UNHCR (Agenzia Onu per i rifugiati) e\u00a0<strong>Marco Pertile<\/strong>, dell&#8217;Universit\u00e0 di Trento &#8211; Scuola di studi internazionali. Interverranno anche l&#8217;arcivescovo\u00a0<strong>Lauro Tisi<\/strong> e\u00a0<strong>padre Alex Zanotelli<\/strong>, missionario comboniano.<\/p>\n<p>Porteranno il loro saluto i rappresentanti del Comune di Rovereto e della Fondazione Campana dei Caduti.<\/p>\n<p>Moderer\u00e0 l\u2019incontro Diego Andreatta, direttore di Vita Trentina.<\/p>\n<p>Il programma prevede poi che alle ore 19.30 circa un <strong>corteo silenzioso<\/strong> parta dalla Sala Filarmonica per raggiungere il piazzale della chiesa della Sacra Famiglia, dove alle 20 verr\u00e0 celebrata la <strong>m<\/strong><strong>essa <\/strong>dall\u2019arcivescovo Tisi.<\/p>\n<p>Aderiscono all&#8217;iniziativa il Centro Pace, ecologia e diritti di Rovereto e l&#8217;associazione Tam Tam per Korogocho odv.<\/p>\n<h5><strong>Il messaggio di Papa Francesco<\/strong><\/h5>\n<p>Viene dedicato a &#8220;chi si sente prostrato dalla propria condizione esistenziale, condannato dai propri errori, schiacciato dal giudizio altrui e non riesce a scorgere pi\u00f9 alcuna prospettiva per la propria vita&#8221;, il Messaggio del Papa per la Giornata mondiale della pace del prossimo primo gennaio, quando il Giubileo sar\u00e0 appena iniziato.<\/p>\n<p>Un messaggio che vuole infondere speranza in tutto, in linea con il tema dell&#8217;Anno Santo e perci\u00f2 il Papa suggerisce tre azioni possibili per &#8220;riaprire la via della speranza per ciascuno di noi&#8221;. La speranza, scrive, che &#8220;nasce dall\u2019esperienza della misericordia di Dio, che \u00e8 sempre illimitata&#8221;. La prima azione \u00e8 la ripresa dell\u2019appello lanciato da S. Giovanni Paolo II in occasione del Giubileo dell\u2019anno 2000, di pensare a una \u00abconsistente riduzione, se non proprio al totale condono, del debito internazionale, che pesa sul destino di molte Nazioni\u00bb.<\/p>\n<p>La seconda &#8220;un impegno fermo a promuovere il rispetto della dignit\u00e0 della vita umana, dal concepimento alla morte naturale, perch\u00e9 ogni persona possa amare la propria vita e guardare con speranza al futuro, desiderando lo sviluppo e la felicit\u00e0 per s\u00e9 e per i propri figli&#8221;.<\/p>\n<p>La terza infine consiste nel nel destinare &#8220;almeno una percentuale fissa del denaro impiegato negli armamenti per la costituzione di un Fondo mondiale che elimini definitivamente la fame e faciliti nei Paesi pi\u00f9 poveri attivit\u00e0 educative e volte a promuovere lo sviluppo sostenibile, contrastando il cambiamento climatico&#8221;.<\/p>\n<p><a href=\"https:\/\/press.vatican.va\/content\/salastampa\/it\/bollettino\/pubblico\/2024\/12\/12\/0992\/01987.html#it\">LEGGI IL MESSAGGIO COMPLETO<\/a><\/p>\n<p><a href=\"https:\/\/www.diocesitn.it\/wp-content\/uploads\/sites\/37\/2024\/12\/Osservatore_Giornata_Pace.pdf\">LEGGI LA PRESENTAZIONE SULL&#8217;OSSERVATORE ROMANO<\/a><\/p>\n","protected":false},"excerpt":{"rendered":"<p>Si celebra il 1\u00b0 gennaio 20245 la 58\u1d45 Giornata mondiale della Pace. Il tema \u00a0scelto da papa Francesco \u00e8 &#8220;Rimetti a noi i nostri debiti: concedici la tua pace&#8220;. In occasione della Giornata , sul<\/p>\n","protected":false},"author":168,"featured_media":16759,"comment_status":"closed","ping_status":"closed","sticky":false,"template":"","format":"standard","meta":{"footnotes":""},"categories":[1695,2206,1074],"tags":[2494,1269,1626,1982,1862],"class_list":["post-16757","post","type-post","status-publish","format-standard","has-post-thumbnail","hentry","category-area-testimonianza-e-impegno-sociale","category-servizio-giustizia-e-pace","category-notizie","tag-2494","tag-giornata-mondiale-della-pace","tag-messaggio","tag-p-alex-zanotelli","tag-papa-francesco"],"acf":{"seed-localization-paese-cod":"IT","seed-localization-address":"","seed-localization-citta":"Trento","seed-localization-regione-cod-istat":"04","seed-localization-citta-cod-istat":"022205","seed-localization-localita":"","seed-localization-cap":"","seed-localization-marker-visibility":false,"seed-localization-children-visibility":false,"seed-localization-kml":"","seed-localization-custom-marker":""},"yoast_head":"<!-- This site is optimized with the Yoast SEO Premium plugin v20.2.1 (Yoast SEO v22.2) - https:\/\/yoast.com\/wordpress\/plugins\/seo\/ -->\n<title>1 gennaio, giornata della Pace. A Rovereto iniziativa diocesana<\/title>\n<meta name=\"description\" content=\"1 gennaio, giornata mondiale della Pace. A Rovereto l&#039;iniziativa diocesana. Il messaggio di papa Francesco\" \/>\n<meta name=\"robots\" content=\"index, follow, max-snippet:-1, max-image-preview:large, max-video-preview:-1\" \/>\n<link rel=\"canonical\" href=\"https:\/\/www.diocesitn.it\/area-testimonianza\/2024\/12\/16\/rimetti-a-noi-i-nostri-debiti-concedici-la-tua-pace-1-gennaio-giornata-mondiale-della-pace-a-rovereto-liniziativa-diocesana-il-messaggio-di-speranza-di-papa-francesco\/\" \/>\n<meta property=\"og:locale\" content=\"it_IT\" \/>\n<meta property=\"og:type\" content=\"article\" \/>\n<meta property=\"og:title\" content=\"&quot;Rimetti a noi i nostri debiti: concedici la tua pace&quot;: 1\u00b0 gennaio, Giornata mondiale della Pace. A Rovereto l&#039;iniziativa diocesana. Il messaggio di speranza di papa Francesco\" \/>\n<meta property=\"og:description\" content=\"1 gennaio, giornata mondiale della Pace. A Rovereto l&#039;iniziativa diocesana. Il messaggio di papa Francesco\" \/>\n<meta property=\"og:url\" content=\"https:\/\/www.diocesitn.it\/area-testimonianza\/2024\/12\/16\/rimetti-a-noi-i-nostri-debiti-concedici-la-tua-pace-1-gennaio-giornata-mondiale-della-pace-a-rovereto-liniziativa-diocesana-il-messaggio-di-speranza-di-papa-francesco\/\" \/>\n<meta property=\"og:site_name\" content=\"Testimonianza e Impegno sociale\" \/>\n<meta property=\"article:published_time\" content=\"2024-12-16T16:16:14+00:00\" \/>\n<meta property=\"article:modified_time\" content=\"2025-04-10T10:01:55+00:00\" \/>\n<meta property=\"og:image\" content=\"https:\/\/www.diocesitn.it\/area-testimonianza\/wp-content\/uploads\/sites\/37\/2024\/12\/GZ9_9260-scaled.jpg\" \/>\n\t<meta property=\"og:image:width\" content=\"2560\" \/>\n\t<meta property=\"og:image:height\" content=\"1707\" \/>\n\t<meta property=\"og:image:type\" content=\"image\/jpeg\" \/>\n<meta name=\"author\" content=\"losspapot\" \/>\n<meta name=\"twitter:card\" content=\"summary_large_image\" \/>\n<meta name=\"twitter:label1\" content=\"Scritto da\" \/>\n\t<meta name=\"twitter:data1\" content=\"losspapot\" \/>\n\t<meta name=\"twitter:label2\" content=\"Tempo di lettura stimato\" \/>\n\t<meta name=\"twitter:data2\" content=\"3 minuti\" \/>\n<script type=\"application\/ld+json\" class=\"yoast-schema-graph\">{\"@context\":\"https:\/\/schema.org\",\"@graph\":[{\"@type\":\"Article\",\"@id\":\"https:\/\/www.diocesitn.it\/area-testimonianza\/2024\/12\/16\/rimetti-a-noi-i-nostri-debiti-concedici-la-tua-pace-1-gennaio-giornata-mondiale-della-pace-a-rovereto-liniziativa-diocesana-il-messaggio-di-speranza-di-papa-francesco\/#article\",\"isPartOf\":{\"@id\":\"https:\/\/www.diocesitn.it\/area-testimonianza\/2024\/12\/16\/rimetti-a-noi-i-nostri-debiti-concedici-la-tua-pace-1-gennaio-giornata-mondiale-della-pace-a-rovereto-liniziativa-diocesana-il-messaggio-di-speranza-di-papa-francesco\/\"},\"author\":{\"name\":\"losspapot\",\"@id\":\"https:\/\/www.diocesitn.it\/area-testimonianza\/#\/schema\/person\/3526ceacb35e1aa4c86252e45adfad22\"},\"headline\":\"&#8220;Rimetti a noi i nostri debiti: concedici la tua pace&#8221;: 1\u00b0 gennaio, Giornata mondiale della Pace. A Rovereto l&#8217;iniziativa diocesana. Il messaggio di speranza di papa Francesco\",\"datePublished\":\"2024-12-16T16:16:14+00:00\",\"dateModified\":\"2025-04-10T10:01:55+00:00\",\"mainEntityOfPage\":{\"@id\":\"https:\/\/www.diocesitn.it\/area-testimonianza\/2024\/12\/16\/rimetti-a-noi-i-nostri-debiti-concedici-la-tua-pace-1-gennaio-giornata-mondiale-della-pace-a-rovereto-liniziativa-diocesana-il-messaggio-di-speranza-di-papa-francesco\/\"},\"wordCount\":458,\"publisher\":{\"@id\":\"https:\/\/www.diocesitn.it\/area-testimonianza\/#organization\"},\"image\":{\"@id\":\"https:\/\/www.diocesitn.it\/area-testimonianza\/2024\/12\/16\/rimetti-a-noi-i-nostri-debiti-concedici-la-tua-pace-1-gennaio-giornata-mondiale-della-pace-a-rovereto-liniziativa-diocesana-il-messaggio-di-speranza-di-papa-francesco\/#primaryimage\"},\"thumbnailUrl\":\"https:\/\/www.diocesitn.it\/area-testimonianza\/wp-content\/uploads\/sites\/37\/2024\/12\/GZ9_9260-scaled.jpg\",\"keywords\":[\"2025\",\"Giornata mondiale della pace\",\"messaggio\",\"p. Alex Zanotelli\",\"papa Francesco\"],\"articleSection\":[\"Area Testimonianza e Impegno sociale\",\"Giustizia e pace\",\"Notizie\"],\"inLanguage\":\"it-IT\",\"copyrightYear\":\"2024\",\"copyrightHolder\":{\"@id\":\"https:\/\/www.diocesitn.it\/#organization\"}},{\"@type\":\"WebPage\",\"@id\":\"https:\/\/www.diocesitn.it\/area-testimonianza\/2024\/12\/16\/rimetti-a-noi-i-nostri-debiti-concedici-la-tua-pace-1-gennaio-giornata-mondiale-della-pace-a-rovereto-liniziativa-diocesana-il-messaggio-di-speranza-di-papa-francesco\/\",\"url\":\"https:\/\/www.diocesitn.it\/area-testimonianza\/2024\/12\/16\/rimetti-a-noi-i-nostri-debiti-concedici-la-tua-pace-1-gennaio-giornata-mondiale-della-pace-a-rovereto-liniziativa-diocesana-il-messaggio-di-speranza-di-papa-francesco\/\",\"name\":\"1 gennaio, giornata della Pace. A Rovereto iniziativa diocesana\",\"isPartOf\":{\"@id\":\"https:\/\/www.diocesitn.it\/area-testimonianza\/#website\"},\"primaryImageOfPage\":{\"@id\":\"https:\/\/www.diocesitn.it\/area-testimonianza\/2024\/12\/16\/rimetti-a-noi-i-nostri-debiti-concedici-la-tua-pace-1-gennaio-giornata-mondiale-della-pace-a-rovereto-liniziativa-diocesana-il-messaggio-di-speranza-di-papa-francesco\/#primaryimage\"},\"image\":{\"@id\":\"https:\/\/www.diocesitn.it\/area-testimonianza\/2024\/12\/16\/rimetti-a-noi-i-nostri-debiti-concedici-la-tua-pace-1-gennaio-giornata-mondiale-della-pace-a-rovereto-liniziativa-diocesana-il-messaggio-di-speranza-di-papa-francesco\/#primaryimage\"},\"thumbnailUrl\":\"https:\/\/www.diocesitn.it\/area-testimonianza\/wp-content\/uploads\/sites\/37\/2024\/12\/GZ9_9260-scaled.jpg\",\"datePublished\":\"2024-12-16T16:16:14+00:00\",\"dateModified\":\"2025-04-10T10:01:55+00:00\",\"description\":\"1 gennaio, giornata mondiale della Pace. A Rovereto l'iniziativa diocesana. Il messaggio di papa Francesco\",\"breadcrumb\":{\"@id\":\"https:\/\/www.diocesitn.it\/area-testimonianza\/2024\/12\/16\/rimetti-a-noi-i-nostri-debiti-concedici-la-tua-pace-1-gennaio-giornata-mondiale-della-pace-a-rovereto-liniziativa-diocesana-il-messaggio-di-speranza-di-papa-francesco\/#breadcrumb\"},\"inLanguage\":\"it-IT\",\"potentialAction\":[{\"@type\":\"ReadAction\",\"target\":[\"https:\/\/www.diocesitn.it\/area-testimonianza\/2024\/12\/16\/rimetti-a-noi-i-nostri-debiti-concedici-la-tua-pace-1-gennaio-giornata-mondiale-della-pace-a-rovereto-liniziativa-diocesana-il-messaggio-di-speranza-di-papa-francesco\/\"]}]},{\"@type\":\"ImageObject\",\"inLanguage\":\"it-IT\",\"@id\":\"https:\/\/www.diocesitn.it\/area-testimonianza\/2024\/12\/16\/rimetti-a-noi-i-nostri-debiti-concedici-la-tua-pace-1-gennaio-giornata-mondiale-della-pace-a-rovereto-liniziativa-diocesana-il-messaggio-di-speranza-di-papa-francesco\/#primaryimage\",\"url\":\"https:\/\/www.diocesitn.it\/area-testimonianza\/wp-content\/uploads\/sites\/37\/2024\/12\/GZ9_9260-scaled.jpg\",\"contentUrl\":\"https:\/\/www.diocesitn.it\/area-testimonianza\/wp-content\/uploads\/sites\/37\/2024\/12\/GZ9_9260-scaled.jpg\",\"width\":2560,\"height\":1707},{\"@type\":\"BreadcrumbList\",\"@id\":\"https:\/\/www.diocesitn.it\/area-testimonianza\/2024\/12\/16\/rimetti-a-noi-i-nostri-debiti-concedici-la-tua-pace-1-gennaio-giornata-mondiale-della-pace-a-rovereto-liniziativa-diocesana-il-messaggio-di-speranza-di-papa-francesco\/#breadcrumb\",\"itemListElement\":[{\"@type\":\"ListItem\",\"position\":1,\"name\":\"Home\",\"item\":\"https:\/\/www.diocesitn.it\/area-testimonianza\/\"},{\"@type\":\"ListItem\",\"position\":2,\"name\":\"&#8220;Rimetti a noi i nostri debiti: concedici la tua pace&#8221;: 1\u00b0 gennaio, Giornata mondiale della Pace. A Rovereto l&#8217;iniziativa diocesana. Il messaggio di speranza di papa Francesco\"}]},{\"@type\":\"WebSite\",\"@id\":\"https:\/\/www.diocesitn.it\/area-testimonianza\/#website\",\"url\":\"https:\/\/www.diocesitn.it\/area-testimonianza\/\",\"name\":\"Testimonianza e Impegno sociale\",\"description\":\"Chiesa di Trento\",\"publisher\":{\"@id\":\"https:\/\/www.diocesitn.it\/area-testimonianza\/#organization\"},\"potentialAction\":[{\"@type\":\"SearchAction\",\"target\":{\"@type\":\"EntryPoint\",\"urlTemplate\":\"https:\/\/www.diocesitn.it\/area-testimonianza\/?s={search_term_string}\"},\"query-input\":\"required name=search_term_string\"}],\"inLanguage\":\"it-IT\"},{\"@type\":[\"Organization\",\"Place\"],\"@id\":\"https:\/\/www.diocesitn.it\/area-testimonianza\/#organization\",\"name\":\"Area Testimonianza e Impegno Sociale - Chiesa di Trento\",\"url\":\"https:\/\/www.diocesitn.it\/area-testimonianza\/\",\"logo\":{\"@id\":\"https:\/\/www.diocesitn.it\/area-testimonianza\/2024\/12\/16\/rimetti-a-noi-i-nostri-debiti-concedici-la-tua-pace-1-gennaio-giornata-mondiale-della-pace-a-rovereto-liniziativa-diocesana-il-messaggio-di-speranza-di-papa-francesco\/#local-main-organization-logo\"},\"image\":{\"@id\":\"https:\/\/www.diocesitn.it\/area-testimonianza\/2024\/12\/16\/rimetti-a-noi-i-nostri-debiti-concedici-la-tua-pace-1-gennaio-giornata-mondiale-della-pace-a-rovereto-liniziativa-diocesana-il-messaggio-di-speranza-di-papa-francesco\/#local-main-organization-logo\"},\"openingHoursSpecification\":[{\"@type\":\"OpeningHoursSpecification\",\"dayOfWeek\":[\"Monday\",\"Tuesday\",\"Wednesday\",\"Thursday\",\"Friday\",\"Saturday\",\"Sunday\"],\"opens\":\"09:00\",\"closes\":\"17:00\"}]},{\"@type\":\"ImageObject\",\"inLanguage\":\"it-IT\",\"@id\":\"https:\/\/www.diocesitn.it\/area-testimonianza\/2024\/12\/16\/rimetti-a-noi-i-nostri-debiti-concedici-la-tua-pace-1-gennaio-giornata-mondiale-della-pace-a-rovereto-liniziativa-diocesana-il-messaggio-di-speranza-di-papa-francesco\/#local-main-organization-logo\",\"url\":\"https:\/\/www.diocesitn.it\/area-testimonianza\/wp-content\/uploads\/sites\/37\/2021\/09\/og-logo-testimonianza-e-impegno-sociale.jpg\",\"contentUrl\":\"https:\/\/www.diocesitn.it\/area-testimonianza\/wp-content\/uploads\/sites\/37\/2021\/09\/og-logo-testimonianza-e-impegno-sociale.jpg\",\"width\":1200,\"height\":630,\"caption\":\"Area Testimonianza e Impegno Sociale - Chiesa di Trento\"}]}<\/script>\n<!-- \/ Yoast SEO Premium plugin. -->","yoast_head_json":{"title":"1 gennaio, giornata della Pace. A Rovereto iniziativa diocesana","description":"1 gennaio, giornata mondiale della Pace. A Rovereto l'iniziativa diocesana. Il messaggio di papa Francesco","robots":{"index":"index","follow":"follow","max-snippet":"max-snippet:-1","max-image-preview":"max-image-preview:large","max-video-preview":"max-video-preview:-1"},"canonical":"https:\/\/www.diocesitn.it\/area-testimonianza\/2024\/12\/16\/rimetti-a-noi-i-nostri-debiti-concedici-la-tua-pace-1-gennaio-giornata-mondiale-della-pace-a-rovereto-liniziativa-diocesana-il-messaggio-di-speranza-di-papa-francesco\/","og_locale":"it_IT","og_type":"article","og_title":"\"Rimetti a noi i nostri debiti: concedici la tua pace\": 1\u00b0 gennaio, Giornata mondiale della Pace. A Rovereto l'iniziativa diocesana. Il messaggio di speranza di papa Francesco","og_description":"1 gennaio, giornata mondiale della Pace. A Rovereto l'iniziativa diocesana. Il messaggio di papa Francesco","og_url":"https:\/\/www.diocesitn.it\/area-testimonianza\/2024\/12\/16\/rimetti-a-noi-i-nostri-debiti-concedici-la-tua-pace-1-gennaio-giornata-mondiale-della-pace-a-rovereto-liniziativa-diocesana-il-messaggio-di-speranza-di-papa-francesco\/","og_site_name":"Testimonianza e Impegno sociale","article_published_time":"2024-12-16T16:16:14+00:00","article_modified_time":"2025-04-10T10:01:55+00:00","og_image":[{"width":2560,"height":1707,"url":"https:\/\/www.diocesitn.it\/area-testimonianza\/wp-content\/uploads\/sites\/37\/2024\/12\/GZ9_9260-scaled.jpg","type":"image\/jpeg"}],"author":"losspapot","twitter_card":"summary_large_image","twitter_misc":{"Scritto da":"losspapot","Tempo di lettura stimato":"3 minuti"},"schema":{"@context":"https:\/\/schema.org","@graph":[{"@type":"Article","@id":"https:\/\/www.diocesitn.it\/area-testimonianza\/2024\/12\/16\/rimetti-a-noi-i-nostri-debiti-concedici-la-tua-pace-1-gennaio-giornata-mondiale-della-pace-a-rovereto-liniziativa-diocesana-il-messaggio-di-speranza-di-papa-francesco\/#article","isPartOf":{"@id":"https:\/\/www.diocesitn.it\/area-testimonianza\/2024\/12\/16\/rimetti-a-noi-i-nostri-debiti-concedici-la-tua-pace-1-gennaio-giornata-mondiale-della-pace-a-rovereto-liniziativa-diocesana-il-messaggio-di-speranza-di-papa-francesco\/"},"author":{"name":"losspapot","@id":"https:\/\/www.diocesitn.it\/area-testimonianza\/#\/schema\/person\/3526ceacb35e1aa4c86252e45adfad22"},"headline":"&#8220;Rimetti a noi i nostri debiti: concedici la tua pace&#8221;: 1\u00b0 gennaio, Giornata mondiale della Pace. A Rovereto l&#8217;iniziativa diocesana. Il messaggio di speranza di papa Francesco","datePublished":"2024-12-16T16:16:14+00:00","dateModified":"2025-04-10T10:01:55+00:00","mainEntityOfPage":{"@id":"https:\/\/www.diocesitn.it\/area-testimonianza\/2024\/12\/16\/rimetti-a-noi-i-nostri-debiti-concedici-la-tua-pace-1-gennaio-giornata-mondiale-della-pace-a-rovereto-liniziativa-diocesana-il-messaggio-di-speranza-di-papa-francesco\/"},"wordCount":458,"publisher":{"@id":"https:\/\/www.diocesitn.it\/area-testimonianza\/#organization"},"image":{"@id":"https:\/\/www.diocesitn.it\/area-testimonianza\/2024\/12\/16\/rimetti-a-noi-i-nostri-debiti-concedici-la-tua-pace-1-gennaio-giornata-mondiale-della-pace-a-rovereto-liniziativa-diocesana-il-messaggio-di-speranza-di-papa-francesco\/#primaryimage"},"thumbnailUrl":"https:\/\/www.diocesitn.it\/area-testimonianza\/wp-content\/uploads\/sites\/37\/2024\/12\/GZ9_9260-scaled.jpg","keywords":["2025","Giornata mondiale della pace","messaggio","p. Alex Zanotelli","papa Francesco"],"articleSection":["Area Testimonianza e Impegno sociale","Giustizia e pace","Notizie"],"inLanguage":"it-IT","copyrightYear":"2024","copyrightHolder":{"@id":"https:\/\/www.diocesitn.it\/#organization"}},{"@type":"WebPage","@id":"https:\/\/www.diocesitn.it\/area-testimonianza\/2024\/12\/16\/rimetti-a-noi-i-nostri-debiti-concedici-la-tua-pace-1-gennaio-giornata-mondiale-della-pace-a-rovereto-liniziativa-diocesana-il-messaggio-di-speranza-di-papa-francesco\/","url":"https:\/\/www.diocesitn.it\/area-testimonianza\/2024\/12\/16\/rimetti-a-noi-i-nostri-debiti-concedici-la-tua-pace-1-gennaio-giornata-mondiale-della-pace-a-rovereto-liniziativa-diocesana-il-messaggio-di-speranza-di-papa-francesco\/","name":"1 gennaio, giornata della Pace. A Rovereto iniziativa diocesana","isPartOf":{"@id":"https:\/\/www.diocesitn.it\/area-testimonianza\/#website"},"primaryImageOfPage":{"@id":"https:\/\/www.diocesitn.it\/area-testimonianza\/2024\/12\/16\/rimetti-a-noi-i-nostri-debiti-concedici-la-tua-pace-1-gennaio-giornata-mondiale-della-pace-a-rovereto-liniziativa-diocesana-il-messaggio-di-speranza-di-papa-francesco\/#primaryimage"},"image":{"@id":"https:\/\/www.diocesitn.it\/area-testimonianza\/2024\/12\/16\/rimetti-a-noi-i-nostri-debiti-concedici-la-tua-pace-1-gennaio-giornata-mondiale-della-pace-a-rovereto-liniziativa-diocesana-il-messaggio-di-speranza-di-papa-francesco\/#primaryimage"},"thumbnailUrl":"https:\/\/www.diocesitn.it\/area-testimonianza\/wp-content\/uploads\/sites\/37\/2024\/12\/GZ9_9260-scaled.jpg","datePublished":"2024-12-16T16:16:14+00:00","dateModified":"2025-04-10T10:01:55+00:00","description":"1 gennaio, giornata mondiale della Pace. A Rovereto l'iniziativa diocesana. Il messaggio di papa Francesco","breadcrumb":{"@id":"https:\/\/www.diocesitn.it\/area-testimonianza\/2024\/12\/16\/rimetti-a-noi-i-nostri-debiti-concedici-la-tua-pace-1-gennaio-giornata-mondiale-della-pace-a-rovereto-liniziativa-diocesana-il-messaggio-di-speranza-di-papa-francesco\/#breadcrumb"},"inLanguage":"it-IT","potentialAction":[{"@type":"ReadAction","target":["https:\/\/www.diocesitn.it\/area-testimonianza\/2024\/12\/16\/rimetti-a-noi-i-nostri-debiti-concedici-la-tua-pace-1-gennaio-giornata-mondiale-della-pace-a-rovereto-liniziativa-diocesana-il-messaggio-di-speranza-di-papa-francesco\/"]}]},{"@type":"ImageObject","inLanguage":"it-IT","@id":"https:\/\/www.diocesitn.it\/area-testimonianza\/2024\/12\/16\/rimetti-a-noi-i-nostri-debiti-concedici-la-tua-pace-1-gennaio-giornata-mondiale-della-pace-a-rovereto-liniziativa-diocesana-il-messaggio-di-speranza-di-papa-francesco\/#primaryimage","url":"https:\/\/www.diocesitn.it\/area-testimonianza\/wp-content\/uploads\/sites\/37\/2024\/12\/GZ9_9260-scaled.jpg","contentUrl":"https:\/\/www.diocesitn.it\/area-testimonianza\/wp-content\/uploads\/sites\/37\/2024\/12\/GZ9_9260-scaled.jpg","width":2560,"height":1707},{"@type":"BreadcrumbList","@id":"https:\/\/www.diocesitn.it\/area-testimonianza\/2024\/12\/16\/rimetti-a-noi-i-nostri-debiti-concedici-la-tua-pace-1-gennaio-giornata-mondiale-della-pace-a-rovereto-liniziativa-diocesana-il-messaggio-di-speranza-di-papa-francesco\/#breadcrumb","itemListElement":[{"@type":"ListItem","position":1,"name":"Home","item":"https:\/\/www.diocesitn.it\/area-testimonianza\/"},{"@type":"ListItem","position":2,"name":"&#8220;Rimetti a noi i nostri debiti: concedici la tua pace&#8221;: 1\u00b0 gennaio, Giornata mondiale della Pace. A Rovereto l&#8217;iniziativa diocesana. Il messaggio di speranza di papa Francesco"}]},{"@type":"WebSite","@id":"https:\/\/www.diocesitn.it\/area-testimonianza\/#website","url":"https:\/\/www.diocesitn.it\/area-testimonianza\/","name":"Testimonianza e Impegno sociale","description":"Chiesa di Trento","publisher":{"@id":"https:\/\/www.diocesitn.it\/area-testimonianza\/#organization"},"potentialAction":[{"@type":"SearchAction","target":{"@type":"EntryPoint","urlTemplate":"https:\/\/www.diocesitn.it\/area-testimonianza\/?s={search_term_string}"},"query-input":"required name=search_term_string"}],"inLanguage":"it-IT"},{"@type":["Organization","Place"],"@id":"https:\/\/www.diocesitn.it\/area-testimonianza\/#organization","name":"Area Testimonianza e Impegno Sociale - Chiesa di Trento","url":"https:\/\/www.diocesitn.it\/area-testimonianza\/","logo":{"@id":"https:\/\/www.diocesitn.it\/area-testimonianza\/2024\/12\/16\/rimetti-a-noi-i-nostri-debiti-concedici-la-tua-pace-1-gennaio-giornata-mondiale-della-pace-a-rovereto-liniziativa-diocesana-il-messaggio-di-speranza-di-papa-francesco\/#local-main-organization-logo"},"image":{"@id":"https:\/\/www.diocesitn.it\/area-testimonianza\/2024\/12\/16\/rimetti-a-noi-i-nostri-debiti-concedici-la-tua-pace-1-gennaio-giornata-mondiale-della-pace-a-rovereto-liniziativa-diocesana-il-messaggio-di-speranza-di-papa-francesco\/#local-main-organization-logo"},"openingHoursSpecification":[{"@type":"OpeningHoursSpecification","dayOfWeek":["Monday","Tuesday","Wednesday","Thursday","Friday","Saturday","Sunday"],"opens":"09:00","closes":"17:00"}]},{"@type":"ImageObject","inLanguage":"it-IT","@id":"https:\/\/www.diocesitn.it\/area-testimonianza\/2024\/12\/16\/rimetti-a-noi-i-nostri-debiti-concedici-la-tua-pace-1-gennaio-giornata-mondiale-della-pace-a-rovereto-liniziativa-diocesana-il-messaggio-di-speranza-di-papa-francesco\/#local-main-organization-logo","url":"https:\/\/www.diocesitn.it\/area-testimonianza\/wp-content\/uploads\/sites\/37\/2021\/09\/og-logo-testimonianza-e-impegno-sociale.jpg","contentUrl":"https:\/\/www.diocesitn.it\/area-testimonianza\/wp-content\/uploads\/sites\/37\/2021\/09\/og-logo-testimonianza-e-impegno-sociale.jpg","width":1200,"height":630,"caption":"Area Testimonianza e Impegno Sociale - Chiesa di Trento"}]}},"_links":{"self":[{"href":"https:\/\/www.diocesitn.it\/area-testimonianza\/wp-json\/wp\/v2\/posts\/16757","targetHints":{"allow":["GET"]}}],"collection":[{"href":"https:\/\/www.diocesitn.it\/area-testimonianza\/wp-json\/wp\/v2\/posts"}],"about":[{"href":"https:\/\/www.diocesitn.it\/area-testimonianza\/wp-json\/wp\/v2\/types\/post"}],"author":[{"embeddable":true,"href":"https:\/\/www.diocesitn.it\/area-testimonianza\/wp-json\/wp\/v2\/users\/168"}],"replies":[{"embeddable":true,"href":"https:\/\/www.diocesitn.it\/area-testimonianza\/wp-json\/wp\/v2\/comments?post=16757"}],"version-history":[{"count":1,"href":"https:\/\/www.diocesitn.it\/area-testimonianza\/wp-json\/wp\/v2\/posts\/16757\/revisions"}],"predecessor-version":[{"id":16760,"href":"https:\/\/www.diocesitn.it\/area-testimonianza\/wp-json\/wp\/v2\/posts\/16757\/revisions\/16760"}],"wp:featuredmedia":[{"embeddable":true,"href":"https:\/\/www.diocesitn.it\/area-testimonianza\/wp-json\/wp\/v2\/media\/16759"}],"wp:attachment":[{"href":"https:\/\/www.diocesitn.it\/area-testimonianza\/wp-json\/wp\/v2\/media?parent=16757"}],"wp:term":[{"taxonomy":"category","embeddable":true,"href":"https:\/\/www.diocesitn.it\/area-testimonianza\/wp-json\/wp\/v2\/categories?post=16757"},{"taxonomy":"post_tag","embeddable":true,"href":"https:\/\/www.diocesitn.it\/area-testimonianza\/wp-json\/wp\/v2\/tags?post=16757"}],"curies":[{"name":"wp","href":"https:\/\/api.w.org\/{rel}","templated":true}]}}