{"id":16701,"date":"2024-12-13T11:54:24","date_gmt":"2024-12-13T10:54:24","guid":{"rendered":"https:\/\/www.diocesitn.it\/area-testimonianza\/2024\/12\/13\/giornata-diocesana-della-carita-nella-terza-domenica-davvento-15-dicembre-comunita-invitate-a-sostenere-i-servizi-caritas-fondo-solidale-accoglienza-senza-dimora-e-migranti-carcere-mense-prov\/"},"modified":"2025-02-20T09:38:56","modified_gmt":"2025-02-20T08:38:56","slug":"giornata-diocesana-della-carita-nella-terza-domenica-davvento-15-dicembre-comunita-invitate-a-sostenere-i-servizi-caritas-fondo-solidale-accoglienza-senza-dimora-e-migranti-carcere-mense-prov","status":"publish","type":"post","link":"https:\/\/www.diocesitn.it\/area-testimonianza\/2024\/12\/13\/giornata-diocesana-della-carita-nella-terza-domenica-davvento-15-dicembre-comunita-invitate-a-sostenere-i-servizi-caritas-fondo-solidale-accoglienza-senza-dimora-e-migranti-carcere-mense-prov\/","title":{"rendered":"Giornata diocesana della Carit\u00e0 nella terza domenica d&#8217;Avvento (15 dicembre). Comunit\u00e0 invitate a sostenere i servizi Caritas: Fondo solidale, accoglienza senza dimora e migranti, carcere, mense Provvidenza"},"content":{"rendered":"<p>Come da tradizione nel periodo d&#8217;Avvento, anche quest&#8217;anno la<strong> Chiesa di Trento<\/strong> invita a vivere una <strong>Giornata della Carit\u00e0<\/strong>, in calendario <strong>domenica prossima 15 dicembre<\/strong>. Le <strong>offerte raccolte domenica nelle chiese<\/strong> andranno a sostegno dei progetti solidali portati avanti in ambito diocesano (di seguito precisati).<\/p>\n<p>Nel Messaggio in cui annunciava la Visita pastorale alla Diocesi, dal titolo &#8220;La messe \u00e8 molta&#8221;, l\u2019<strong>arcivescovo Lauro<\/strong> ha scritto: \u201cNon c\u2019\u00e8 testimonianza cristiana senza l\u2019attenzione prioritaria alle persone fragili. Sogno e chiedo allo Spirito il dono di comunit\u00e0 capaci di farsi carico delle situazioni di povert\u00e0, evitando la delega a pochi volenterosi e inaugurando nuovi percorsi solidali con i tanti uomini e donne della societ\u00e0 civile che si prendono a cuore chi fa pi\u00f9 fatica\u201d.<\/p>\n<p>&#8220;La Giornata diocesana della Carit\u00e0 &#8211; precisa <strong>don Mauro Leonardelli<\/strong>, delegato per l&#8217;Area Testimonianza e Impegno sociale &#8211; vuol essere occasione di riflessione e di stimolo per tutte le Comunit\u00e0, affinch\u00e9 ognuno, anche alla luce dell\u2019Avvento, si interroghi ed apra i propri occhi ed il cuore verso tanti nostri fratelli che vivono momenti di fragilit\u00e0&#8221;.<\/p>\n<p>&#8220;Sono molte &#8211; aggiunge don Mauro &#8211; le persone che si stanno prodigando in modo esemplare e generoso per affiancare chi sta attraversando un periodo di difficolt\u00e0 psico-fisica, economica, spirituale, lavorativa&#8221;.<\/p>\n<p>La Chiesa di Trento \u00e8 impegnata in molti modi per cercare di incontrare il mondo della fragilit\u00e0. Lo fa con le tante realt\u00e0 impegnate sul <strong>territorio<\/strong> (Centri di ascolto di Zona o parrocchiali) e, centralmente, con<strong> Fondazione Caritas Diocesana<\/strong>. Operatori ed operatrici, volontari e volontarie cercano di portare un proprio segno distintivo, anche all\u2019interno dei vari servizi svolti in collaborazione con gli Enti pubblici ed altre Associazione e Cooperative sociali.<\/p>\n<h4>Offerte destinate a vari servizi Caritas<\/h4>\n<p><img loading=\"lazy\" decoding=\"async\" class=\"size-medium wp-image-16703 alignleft\" src=\"https:\/\/www.diocesitn.it\/wp-content\/uploads\/sites\/37\/2024\/12\/Magazzino_Caritas_Tn-300x225.jpg\" alt=\"\" width=\"300\" height=\"225\" \/>La Diocesi destiner\u00e0 eventuali fondi raccolti in occasione della Giornata della Carit\u00e0 ad alcuni progetti solidali. In particolare,<\/p>\n<p>&#8211; il Fondo solidale \u201c<strong>InfondoSperanza<\/strong>\u201d che in questi anni sta aiutando molte famiglie a far fronte ad impegni economici spesso imprevisti e insostenibili;<\/p>\n<p>&#8211; l\u2019<strong>accoglienza<\/strong> delle <strong>persone senza fissa dimora<\/strong>, i <strong>richiedenti protezione internazionale<\/strong> e le rispettive Comunit\u00e0 alloggio;<\/p>\n<p>&#8211; il <strong>carcere<\/strong> (foto a lato) e tutte le realt\u00e0 di aiuto, sostegno, educazione e reinserimento ad esso collegate;<\/p>\n<p>&#8211; le <strong>Mense della Provvidenza<\/strong> di Trento e Rovereto che garantiscono un pasto a chi non ne ha la possibilit\u00e0.<\/p>\n<p>Il <strong>conto corrente<\/strong> su sui far pervenire eventuali offerte \u00e8 il seguente:<\/p>\n<p>IBAN: IT 41 G 035 9901 8000 0000 0081 237 INTESTATO AD \u201cARCIDIOCESI \u2013 CARITAS\u201d<\/p>\n<p>Nella foto in alto il carcere di Trento; qui sopra il magazzino Caritas nel capoluogo.<\/p>\n","protected":false},"excerpt":{"rendered":"<p>Come da tradizione nel periodo d&#8217;Avvento, anche quest&#8217;anno la Chiesa di Trento invita a vivere una Giornata della Carit\u00e0, in calendario domenica prossima 15 dicembre. Le offerte raccolte domenica nelle chiese andranno a sostegno dei<\/p>\n","protected":false},"author":3,"featured_media":16702,"comment_status":"closed","ping_status":"closed","sticky":false,"template":"","format":"standard","meta":{"footnotes":""},"categories":[1059,2297,1074],"tags":[1515,1092,1931,1391],"class_list":["post-16701","post","type-post","status-publish","format-standard","has-post-thumbnail","hentry","category-servizio-caritas","category-fondazione-caritas-diocesana","category-notizie","tag-avvento","tag-caritas","tag-giornata-della-carita","tag-trento"],"acf":{"seed-localization-paese-cod":"IT","seed-localization-address":"","seed-localization-citta":"Trento","seed-localization-regione-cod-istat":"04","seed-localization-citta-cod-istat":"022205","seed-localization-localita":"","seed-localization-cap":"","seed-localization-marker-visibility":false,"seed-localization-children-visibility":false,"seed-localization-kml":"","seed-localization-custom-marker":""},"yoast_head":"<!-- This site is optimized with the Yoast SEO Premium plugin v20.2.1 (Yoast SEO v22.2) - https:\/\/yoast.com\/wordpress\/plugins\/seo\/ -->\n<title>Giornata della Carit\u00e0 nella terza domenica d&#039;Avvento (15 dicembre<\/title>\n<meta name=\"description\" content=\"Giornata della Carit\u00e0 nella terza domenica d&#039;Avvento (15 dicembre). Comunit\u00e0 invitate a sostenere i servizi Caritas\" \/>\n<meta name=\"robots\" content=\"index, follow, max-snippet:-1, max-image-preview:large, max-video-preview:-1\" \/>\n<link rel=\"canonical\" href=\"https:\/\/www.diocesitn.it\/area-testimonianza\/2024\/12\/13\/giornata-diocesana-della-carita-nella-terza-domenica-davvento-15-dicembre-comunita-invitate-a-sostenere-i-servizi-caritas-fondo-solidale-accoglienza-senza-dimora-e-migranti-carcere-mense-prov\/\" \/>\n<meta property=\"og:locale\" content=\"it_IT\" \/>\n<meta property=\"og:type\" content=\"article\" \/>\n<meta property=\"og:title\" content=\"Giornata diocesana della Carit\u00e0 nella terza domenica d&#039;Avvento (15 dicembre). Comunit\u00e0 invitate a sostenere i servizi Caritas: Fondo solidale, accoglienza senza dimora e migranti, carcere, mense Provvidenza\" \/>\n<meta property=\"og:description\" content=\"Giornata della Carit\u00e0 nella terza domenica d&#039;Avvento (15 dicembre). Comunit\u00e0 invitate a sostenere i servizi Caritas\" \/>\n<meta property=\"og:url\" content=\"https:\/\/www.diocesitn.it\/area-testimonianza\/2024\/12\/13\/giornata-diocesana-della-carita-nella-terza-domenica-davvento-15-dicembre-comunita-invitate-a-sostenere-i-servizi-caritas-fondo-solidale-accoglienza-senza-dimora-e-migranti-carcere-mense-prov\/\" \/>\n<meta property=\"og:site_name\" content=\"Testimonianza e Impegno sociale\" \/>\n<meta property=\"article:published_time\" content=\"2024-12-13T10:54:24+00:00\" \/>\n<meta property=\"article:modified_time\" content=\"2025-02-20T08:38:56+00:00\" \/>\n<meta property=\"og:image\" content=\"https:\/\/www.diocesitn.it\/area-testimonianza\/wp-content\/uploads\/sites\/37\/2024\/12\/Carita_Carcere-scaled.jpg\" \/>\n\t<meta property=\"og:image:width\" content=\"2560\" \/>\n\t<meta property=\"og:image:height\" content=\"1441\" \/>\n\t<meta property=\"og:image:type\" content=\"image\/jpeg\" \/>\n<meta name=\"author\" content=\"Piergiorgio Franceschini\" \/>\n<meta name=\"twitter:card\" content=\"summary_large_image\" \/>\n<meta name=\"twitter:label1\" content=\"Scritto da\" \/>\n\t<meta name=\"twitter:data1\" content=\"Piergiorgio Franceschini\" \/>\n\t<meta name=\"twitter:label2\" content=\"Tempo di lettura stimato\" \/>\n\t<meta name=\"twitter:data2\" content=\"3 minuti\" \/>\n<script type=\"application\/ld+json\" class=\"yoast-schema-graph\">{\"@context\":\"https:\/\/schema.org\",\"@graph\":[{\"@type\":\"Article\",\"@id\":\"https:\/\/www.diocesitn.it\/area-testimonianza\/2024\/12\/13\/giornata-diocesana-della-carita-nella-terza-domenica-davvento-15-dicembre-comunita-invitate-a-sostenere-i-servizi-caritas-fondo-solidale-accoglienza-senza-dimora-e-migranti-carcere-mense-prov\/#article\",\"isPartOf\":{\"@id\":\"https:\/\/www.diocesitn.it\/area-testimonianza\/2024\/12\/13\/giornata-diocesana-della-carita-nella-terza-domenica-davvento-15-dicembre-comunita-invitate-a-sostenere-i-servizi-caritas-fondo-solidale-accoglienza-senza-dimora-e-migranti-carcere-mense-prov\/\"},\"author\":{\"name\":\"Piergiorgio Franceschini\",\"@id\":\"https:\/\/www.diocesitn.it\/area-testimonianza\/#\/schema\/person\/99590c84577873a025247b6aeb16ad2e\"},\"headline\":\"Giornata diocesana della Carit\u00e0 nella terza domenica d&#8217;Avvento (15 dicembre). Comunit\u00e0 invitate a sostenere i servizi Caritas: Fondo solidale, accoglienza senza dimora e migranti, carcere, mense Provvidenza\",\"datePublished\":\"2024-12-13T10:54:24+00:00\",\"dateModified\":\"2025-02-20T08:38:56+00:00\",\"mainEntityOfPage\":{\"@id\":\"https:\/\/www.diocesitn.it\/area-testimonianza\/2024\/12\/13\/giornata-diocesana-della-carita-nella-terza-domenica-davvento-15-dicembre-comunita-invitate-a-sostenere-i-servizi-caritas-fondo-solidale-accoglienza-senza-dimora-e-migranti-carcere-mense-prov\/\"},\"wordCount\":440,\"publisher\":{\"@id\":\"https:\/\/www.diocesitn.it\/area-testimonianza\/#organization\"},\"image\":{\"@id\":\"https:\/\/www.diocesitn.it\/area-testimonianza\/2024\/12\/13\/giornata-diocesana-della-carita-nella-terza-domenica-davvento-15-dicembre-comunita-invitate-a-sostenere-i-servizi-caritas-fondo-solidale-accoglienza-senza-dimora-e-migranti-carcere-mense-prov\/#primaryimage\"},\"thumbnailUrl\":\"https:\/\/www.diocesitn.it\/area-testimonianza\/wp-content\/uploads\/sites\/37\/2024\/12\/Carita_Carcere-scaled.jpg\",\"keywords\":[\"avvento\",\"Caritas\",\"Giornata della carit\u00e0\",\"Trento\"],\"articleSection\":[\"Caritas diocesana\",\"Fondazione Caritas Diocesana\",\"Notizie\"],\"inLanguage\":\"it-IT\",\"copyrightYear\":\"2024\",\"copyrightHolder\":{\"@id\":\"https:\/\/www.diocesitn.it\/#organization\"}},{\"@type\":\"WebPage\",\"@id\":\"https:\/\/www.diocesitn.it\/area-testimonianza\/2024\/12\/13\/giornata-diocesana-della-carita-nella-terza-domenica-davvento-15-dicembre-comunita-invitate-a-sostenere-i-servizi-caritas-fondo-solidale-accoglienza-senza-dimora-e-migranti-carcere-mense-prov\/\",\"url\":\"https:\/\/www.diocesitn.it\/area-testimonianza\/2024\/12\/13\/giornata-diocesana-della-carita-nella-terza-domenica-davvento-15-dicembre-comunita-invitate-a-sostenere-i-servizi-caritas-fondo-solidale-accoglienza-senza-dimora-e-migranti-carcere-mense-prov\/\",\"name\":\"Giornata della Carit\u00e0 nella terza domenica d'Avvento (15 dicembre\",\"isPartOf\":{\"@id\":\"https:\/\/www.diocesitn.it\/area-testimonianza\/#website\"},\"primaryImageOfPage\":{\"@id\":\"https:\/\/www.diocesitn.it\/area-testimonianza\/2024\/12\/13\/giornata-diocesana-della-carita-nella-terza-domenica-davvento-15-dicembre-comunita-invitate-a-sostenere-i-servizi-caritas-fondo-solidale-accoglienza-senza-dimora-e-migranti-carcere-mense-prov\/#primaryimage\"},\"image\":{\"@id\":\"https:\/\/www.diocesitn.it\/area-testimonianza\/2024\/12\/13\/giornata-diocesana-della-carita-nella-terza-domenica-davvento-15-dicembre-comunita-invitate-a-sostenere-i-servizi-caritas-fondo-solidale-accoglienza-senza-dimora-e-migranti-carcere-mense-prov\/#primaryimage\"},\"thumbnailUrl\":\"https:\/\/www.diocesitn.it\/area-testimonianza\/wp-content\/uploads\/sites\/37\/2024\/12\/Carita_Carcere-scaled.jpg\",\"datePublished\":\"2024-12-13T10:54:24+00:00\",\"dateModified\":\"2025-02-20T08:38:56+00:00\",\"description\":\"Giornata della Carit\u00e0 nella terza domenica d'Avvento (15 dicembre). Comunit\u00e0 invitate a sostenere i servizi Caritas\",\"breadcrumb\":{\"@id\":\"https:\/\/www.diocesitn.it\/area-testimonianza\/2024\/12\/13\/giornata-diocesana-della-carita-nella-terza-domenica-davvento-15-dicembre-comunita-invitate-a-sostenere-i-servizi-caritas-fondo-solidale-accoglienza-senza-dimora-e-migranti-carcere-mense-prov\/#breadcrumb\"},\"inLanguage\":\"it-IT\",\"potentialAction\":[{\"@type\":\"ReadAction\",\"target\":[\"https:\/\/www.diocesitn.it\/area-testimonianza\/2024\/12\/13\/giornata-diocesana-della-carita-nella-terza-domenica-davvento-15-dicembre-comunita-invitate-a-sostenere-i-servizi-caritas-fondo-solidale-accoglienza-senza-dimora-e-migranti-carcere-mense-prov\/\"]}]},{\"@type\":\"ImageObject\",\"inLanguage\":\"it-IT\",\"@id\":\"https:\/\/www.diocesitn.it\/area-testimonianza\/2024\/12\/13\/giornata-diocesana-della-carita-nella-terza-domenica-davvento-15-dicembre-comunita-invitate-a-sostenere-i-servizi-caritas-fondo-solidale-accoglienza-senza-dimora-e-migranti-carcere-mense-prov\/#primaryimage\",\"url\":\"https:\/\/www.diocesitn.it\/area-testimonianza\/wp-content\/uploads\/sites\/37\/2024\/12\/Carita_Carcere-scaled.jpg\",\"contentUrl\":\"https:\/\/www.diocesitn.it\/area-testimonianza\/wp-content\/uploads\/sites\/37\/2024\/12\/Carita_Carcere-scaled.jpg\",\"width\":2560,\"height\":1441},{\"@type\":\"BreadcrumbList\",\"@id\":\"https:\/\/www.diocesitn.it\/area-testimonianza\/2024\/12\/13\/giornata-diocesana-della-carita-nella-terza-domenica-davvento-15-dicembre-comunita-invitate-a-sostenere-i-servizi-caritas-fondo-solidale-accoglienza-senza-dimora-e-migranti-carcere-mense-prov\/#breadcrumb\",\"itemListElement\":[{\"@type\":\"ListItem\",\"position\":1,\"name\":\"Home\",\"item\":\"https:\/\/www.diocesitn.it\/area-testimonianza\/\"},{\"@type\":\"ListItem\",\"position\":2,\"name\":\"Giornata diocesana della Carit\u00e0 nella terza domenica d&#8217;Avvento (15 dicembre). Comunit\u00e0 invitate a sostenere i servizi Caritas: Fondo solidale, accoglienza senza dimora e migranti, carcere, mense Provvidenza\"}]},{\"@type\":\"WebSite\",\"@id\":\"https:\/\/www.diocesitn.it\/area-testimonianza\/#website\",\"url\":\"https:\/\/www.diocesitn.it\/area-testimonianza\/\",\"name\":\"Testimonianza e Impegno sociale\",\"description\":\"Chiesa di Trento\",\"publisher\":{\"@id\":\"https:\/\/www.diocesitn.it\/area-testimonianza\/#organization\"},\"potentialAction\":[{\"@type\":\"SearchAction\",\"target\":{\"@type\":\"EntryPoint\",\"urlTemplate\":\"https:\/\/www.diocesitn.it\/area-testimonianza\/?s={search_term_string}\"},\"query-input\":\"required name=search_term_string\"}],\"inLanguage\":\"it-IT\"},{\"@type\":[\"Organization\",\"Place\"],\"@id\":\"https:\/\/www.diocesitn.it\/area-testimonianza\/#organization\",\"name\":\"Area Testimonianza e Impegno Sociale - Chiesa di Trento\",\"url\":\"https:\/\/www.diocesitn.it\/area-testimonianza\/\",\"logo\":{\"@id\":\"https:\/\/www.diocesitn.it\/area-testimonianza\/2024\/12\/13\/giornata-diocesana-della-carita-nella-terza-domenica-davvento-15-dicembre-comunita-invitate-a-sostenere-i-servizi-caritas-fondo-solidale-accoglienza-senza-dimora-e-migranti-carcere-mense-prov\/#local-main-organization-logo\"},\"image\":{\"@id\":\"https:\/\/www.diocesitn.it\/area-testimonianza\/2024\/12\/13\/giornata-diocesana-della-carita-nella-terza-domenica-davvento-15-dicembre-comunita-invitate-a-sostenere-i-servizi-caritas-fondo-solidale-accoglienza-senza-dimora-e-migranti-carcere-mense-prov\/#local-main-organization-logo\"},\"openingHoursSpecification\":[{\"@type\":\"OpeningHoursSpecification\",\"dayOfWeek\":[\"Monday\",\"Tuesday\",\"Wednesday\",\"Thursday\",\"Friday\",\"Saturday\",\"Sunday\"],\"opens\":\"09:00\",\"closes\":\"17:00\"}]},{\"@type\":\"ImageObject\",\"inLanguage\":\"it-IT\",\"@id\":\"https:\/\/www.diocesitn.it\/area-testimonianza\/2024\/12\/13\/giornata-diocesana-della-carita-nella-terza-domenica-davvento-15-dicembre-comunita-invitate-a-sostenere-i-servizi-caritas-fondo-solidale-accoglienza-senza-dimora-e-migranti-carcere-mense-prov\/#local-main-organization-logo\",\"url\":\"https:\/\/www.diocesitn.it\/area-testimonianza\/wp-content\/uploads\/sites\/37\/2021\/09\/og-logo-testimonianza-e-impegno-sociale.jpg\",\"contentUrl\":\"https:\/\/www.diocesitn.it\/area-testimonianza\/wp-content\/uploads\/sites\/37\/2021\/09\/og-logo-testimonianza-e-impegno-sociale.jpg\",\"width\":1200,\"height\":630,\"caption\":\"Area Testimonianza e Impegno Sociale - Chiesa di Trento\"}]}<\/script>\n<!-- \/ Yoast SEO Premium plugin. -->","yoast_head_json":{"title":"Giornata della Carit\u00e0 nella terza domenica d'Avvento (15 dicembre","description":"Giornata della Carit\u00e0 nella terza domenica d'Avvento (15 dicembre). Comunit\u00e0 invitate a sostenere i servizi Caritas","robots":{"index":"index","follow":"follow","max-snippet":"max-snippet:-1","max-image-preview":"max-image-preview:large","max-video-preview":"max-video-preview:-1"},"canonical":"https:\/\/www.diocesitn.it\/area-testimonianza\/2024\/12\/13\/giornata-diocesana-della-carita-nella-terza-domenica-davvento-15-dicembre-comunita-invitate-a-sostenere-i-servizi-caritas-fondo-solidale-accoglienza-senza-dimora-e-migranti-carcere-mense-prov\/","og_locale":"it_IT","og_type":"article","og_title":"Giornata diocesana della Carit\u00e0 nella terza domenica d'Avvento (15 dicembre). Comunit\u00e0 invitate a sostenere i servizi Caritas: Fondo solidale, accoglienza senza dimora e migranti, carcere, mense Provvidenza","og_description":"Giornata della Carit\u00e0 nella terza domenica d'Avvento (15 dicembre). Comunit\u00e0 invitate a sostenere i servizi Caritas","og_url":"https:\/\/www.diocesitn.it\/area-testimonianza\/2024\/12\/13\/giornata-diocesana-della-carita-nella-terza-domenica-davvento-15-dicembre-comunita-invitate-a-sostenere-i-servizi-caritas-fondo-solidale-accoglienza-senza-dimora-e-migranti-carcere-mense-prov\/","og_site_name":"Testimonianza e Impegno sociale","article_published_time":"2024-12-13T10:54:24+00:00","article_modified_time":"2025-02-20T08:38:56+00:00","og_image":[{"width":2560,"height":1441,"url":"https:\/\/www.diocesitn.it\/area-testimonianza\/wp-content\/uploads\/sites\/37\/2024\/12\/Carita_Carcere-scaled.jpg","type":"image\/jpeg"}],"author":"Piergiorgio Franceschini","twitter_card":"summary_large_image","twitter_misc":{"Scritto da":"Piergiorgio Franceschini","Tempo di lettura stimato":"3 minuti"},"schema":{"@context":"https:\/\/schema.org","@graph":[{"@type":"Article","@id":"https:\/\/www.diocesitn.it\/area-testimonianza\/2024\/12\/13\/giornata-diocesana-della-carita-nella-terza-domenica-davvento-15-dicembre-comunita-invitate-a-sostenere-i-servizi-caritas-fondo-solidale-accoglienza-senza-dimora-e-migranti-carcere-mense-prov\/#article","isPartOf":{"@id":"https:\/\/www.diocesitn.it\/area-testimonianza\/2024\/12\/13\/giornata-diocesana-della-carita-nella-terza-domenica-davvento-15-dicembre-comunita-invitate-a-sostenere-i-servizi-caritas-fondo-solidale-accoglienza-senza-dimora-e-migranti-carcere-mense-prov\/"},"author":{"name":"Piergiorgio Franceschini","@id":"https:\/\/www.diocesitn.it\/area-testimonianza\/#\/schema\/person\/99590c84577873a025247b6aeb16ad2e"},"headline":"Giornata diocesana della Carit\u00e0 nella terza domenica d&#8217;Avvento (15 dicembre). Comunit\u00e0 invitate a sostenere i servizi Caritas: Fondo solidale, accoglienza senza dimora e migranti, carcere, mense Provvidenza","datePublished":"2024-12-13T10:54:24+00:00","dateModified":"2025-02-20T08:38:56+00:00","mainEntityOfPage":{"@id":"https:\/\/www.diocesitn.it\/area-testimonianza\/2024\/12\/13\/giornata-diocesana-della-carita-nella-terza-domenica-davvento-15-dicembre-comunita-invitate-a-sostenere-i-servizi-caritas-fondo-solidale-accoglienza-senza-dimora-e-migranti-carcere-mense-prov\/"},"wordCount":440,"publisher":{"@id":"https:\/\/www.diocesitn.it\/area-testimonianza\/#organization"},"image":{"@id":"https:\/\/www.diocesitn.it\/area-testimonianza\/2024\/12\/13\/giornata-diocesana-della-carita-nella-terza-domenica-davvento-15-dicembre-comunita-invitate-a-sostenere-i-servizi-caritas-fondo-solidale-accoglienza-senza-dimora-e-migranti-carcere-mense-prov\/#primaryimage"},"thumbnailUrl":"https:\/\/www.diocesitn.it\/area-testimonianza\/wp-content\/uploads\/sites\/37\/2024\/12\/Carita_Carcere-scaled.jpg","keywords":["avvento","Caritas","Giornata della carit\u00e0","Trento"],"articleSection":["Caritas diocesana","Fondazione Caritas Diocesana","Notizie"],"inLanguage":"it-IT","copyrightYear":"2024","copyrightHolder":{"@id":"https:\/\/www.diocesitn.it\/#organization"}},{"@type":"WebPage","@id":"https:\/\/www.diocesitn.it\/area-testimonianza\/2024\/12\/13\/giornata-diocesana-della-carita-nella-terza-domenica-davvento-15-dicembre-comunita-invitate-a-sostenere-i-servizi-caritas-fondo-solidale-accoglienza-senza-dimora-e-migranti-carcere-mense-prov\/","url":"https:\/\/www.diocesitn.it\/area-testimonianza\/2024\/12\/13\/giornata-diocesana-della-carita-nella-terza-domenica-davvento-15-dicembre-comunita-invitate-a-sostenere-i-servizi-caritas-fondo-solidale-accoglienza-senza-dimora-e-migranti-carcere-mense-prov\/","name":"Giornata della Carit\u00e0 nella terza domenica d'Avvento (15 dicembre","isPartOf":{"@id":"https:\/\/www.diocesitn.it\/area-testimonianza\/#website"},"primaryImageOfPage":{"@id":"https:\/\/www.diocesitn.it\/area-testimonianza\/2024\/12\/13\/giornata-diocesana-della-carita-nella-terza-domenica-davvento-15-dicembre-comunita-invitate-a-sostenere-i-servizi-caritas-fondo-solidale-accoglienza-senza-dimora-e-migranti-carcere-mense-prov\/#primaryimage"},"image":{"@id":"https:\/\/www.diocesitn.it\/area-testimonianza\/2024\/12\/13\/giornata-diocesana-della-carita-nella-terza-domenica-davvento-15-dicembre-comunita-invitate-a-sostenere-i-servizi-caritas-fondo-solidale-accoglienza-senza-dimora-e-migranti-carcere-mense-prov\/#primaryimage"},"thumbnailUrl":"https:\/\/www.diocesitn.it\/area-testimonianza\/wp-content\/uploads\/sites\/37\/2024\/12\/Carita_Carcere-scaled.jpg","datePublished":"2024-12-13T10:54:24+00:00","dateModified":"2025-02-20T08:38:56+00:00","description":"Giornata della Carit\u00e0 nella terza domenica d'Avvento (15 dicembre). Comunit\u00e0 invitate a sostenere i servizi Caritas","breadcrumb":{"@id":"https:\/\/www.diocesitn.it\/area-testimonianza\/2024\/12\/13\/giornata-diocesana-della-carita-nella-terza-domenica-davvento-15-dicembre-comunita-invitate-a-sostenere-i-servizi-caritas-fondo-solidale-accoglienza-senza-dimora-e-migranti-carcere-mense-prov\/#breadcrumb"},"inLanguage":"it-IT","potentialAction":[{"@type":"ReadAction","target":["https:\/\/www.diocesitn.it\/area-testimonianza\/2024\/12\/13\/giornata-diocesana-della-carita-nella-terza-domenica-davvento-15-dicembre-comunita-invitate-a-sostenere-i-servizi-caritas-fondo-solidale-accoglienza-senza-dimora-e-migranti-carcere-mense-prov\/"]}]},{"@type":"ImageObject","inLanguage":"it-IT","@id":"https:\/\/www.diocesitn.it\/area-testimonianza\/2024\/12\/13\/giornata-diocesana-della-carita-nella-terza-domenica-davvento-15-dicembre-comunita-invitate-a-sostenere-i-servizi-caritas-fondo-solidale-accoglienza-senza-dimora-e-migranti-carcere-mense-prov\/#primaryimage","url":"https:\/\/www.diocesitn.it\/area-testimonianza\/wp-content\/uploads\/sites\/37\/2024\/12\/Carita_Carcere-scaled.jpg","contentUrl":"https:\/\/www.diocesitn.it\/area-testimonianza\/wp-content\/uploads\/sites\/37\/2024\/12\/Carita_Carcere-scaled.jpg","width":2560,"height":1441},{"@type":"BreadcrumbList","@id":"https:\/\/www.diocesitn.it\/area-testimonianza\/2024\/12\/13\/giornata-diocesana-della-carita-nella-terza-domenica-davvento-15-dicembre-comunita-invitate-a-sostenere-i-servizi-caritas-fondo-solidale-accoglienza-senza-dimora-e-migranti-carcere-mense-prov\/#breadcrumb","itemListElement":[{"@type":"ListItem","position":1,"name":"Home","item":"https:\/\/www.diocesitn.it\/area-testimonianza\/"},{"@type":"ListItem","position":2,"name":"Giornata diocesana della Carit\u00e0 nella terza domenica d&#8217;Avvento (15 dicembre). Comunit\u00e0 invitate a sostenere i servizi Caritas: Fondo solidale, accoglienza senza dimora e migranti, carcere, mense Provvidenza"}]},{"@type":"WebSite","@id":"https:\/\/www.diocesitn.it\/area-testimonianza\/#website","url":"https:\/\/www.diocesitn.it\/area-testimonianza\/","name":"Testimonianza e Impegno sociale","description":"Chiesa di Trento","publisher":{"@id":"https:\/\/www.diocesitn.it\/area-testimonianza\/#organization"},"potentialAction":[{"@type":"SearchAction","target":{"@type":"EntryPoint","urlTemplate":"https:\/\/www.diocesitn.it\/area-testimonianza\/?s={search_term_string}"},"query-input":"required name=search_term_string"}],"inLanguage":"it-IT"},{"@type":["Organization","Place"],"@id":"https:\/\/www.diocesitn.it\/area-testimonianza\/#organization","name":"Area Testimonianza e Impegno Sociale - Chiesa di Trento","url":"https:\/\/www.diocesitn.it\/area-testimonianza\/","logo":{"@id":"https:\/\/www.diocesitn.it\/area-testimonianza\/2024\/12\/13\/giornata-diocesana-della-carita-nella-terza-domenica-davvento-15-dicembre-comunita-invitate-a-sostenere-i-servizi-caritas-fondo-solidale-accoglienza-senza-dimora-e-migranti-carcere-mense-prov\/#local-main-organization-logo"},"image":{"@id":"https:\/\/www.diocesitn.it\/area-testimonianza\/2024\/12\/13\/giornata-diocesana-della-carita-nella-terza-domenica-davvento-15-dicembre-comunita-invitate-a-sostenere-i-servizi-caritas-fondo-solidale-accoglienza-senza-dimora-e-migranti-carcere-mense-prov\/#local-main-organization-logo"},"openingHoursSpecification":[{"@type":"OpeningHoursSpecification","dayOfWeek":["Monday","Tuesday","Wednesday","Thursday","Friday","Saturday","Sunday"],"opens":"09:00","closes":"17:00"}]},{"@type":"ImageObject","inLanguage":"it-IT","@id":"https:\/\/www.diocesitn.it\/area-testimonianza\/2024\/12\/13\/giornata-diocesana-della-carita-nella-terza-domenica-davvento-15-dicembre-comunita-invitate-a-sostenere-i-servizi-caritas-fondo-solidale-accoglienza-senza-dimora-e-migranti-carcere-mense-prov\/#local-main-organization-logo","url":"https:\/\/www.diocesitn.it\/area-testimonianza\/wp-content\/uploads\/sites\/37\/2021\/09\/og-logo-testimonianza-e-impegno-sociale.jpg","contentUrl":"https:\/\/www.diocesitn.it\/area-testimonianza\/wp-content\/uploads\/sites\/37\/2021\/09\/og-logo-testimonianza-e-impegno-sociale.jpg","width":1200,"height":630,"caption":"Area Testimonianza e Impegno Sociale - Chiesa di Trento"}]}},"_links":{"self":[{"href":"https:\/\/www.diocesitn.it\/area-testimonianza\/wp-json\/wp\/v2\/posts\/16701","targetHints":{"allow":["GET"]}}],"collection":[{"href":"https:\/\/www.diocesitn.it\/area-testimonianza\/wp-json\/wp\/v2\/posts"}],"about":[{"href":"https:\/\/www.diocesitn.it\/area-testimonianza\/wp-json\/wp\/v2\/types\/post"}],"author":[{"embeddable":true,"href":"https:\/\/www.diocesitn.it\/area-testimonianza\/wp-json\/wp\/v2\/users\/3"}],"replies":[{"embeddable":true,"href":"https:\/\/www.diocesitn.it\/area-testimonianza\/wp-json\/wp\/v2\/comments?post=16701"}],"version-history":[{"count":1,"href":"https:\/\/www.diocesitn.it\/area-testimonianza\/wp-json\/wp\/v2\/posts\/16701\/revisions"}],"predecessor-version":[{"id":16704,"href":"https:\/\/www.diocesitn.it\/area-testimonianza\/wp-json\/wp\/v2\/posts\/16701\/revisions\/16704"}],"wp:featuredmedia":[{"embeddable":true,"href":"https:\/\/www.diocesitn.it\/area-testimonianza\/wp-json\/wp\/v2\/media\/16702"}],"wp:attachment":[{"href":"https:\/\/www.diocesitn.it\/area-testimonianza\/wp-json\/wp\/v2\/media?parent=16701"}],"wp:term":[{"taxonomy":"category","embeddable":true,"href":"https:\/\/www.diocesitn.it\/area-testimonianza\/wp-json\/wp\/v2\/categories?post=16701"},{"taxonomy":"post_tag","embeddable":true,"href":"https:\/\/www.diocesitn.it\/area-testimonianza\/wp-json\/wp\/v2\/tags?post=16701"}],"curies":[{"name":"wp","href":"https:\/\/api.w.org\/{rel}","templated":true}]}}