{"id":16550,"date":"2024-11-28T11:04:23","date_gmt":"2024-11-28T10:04:23","guid":{"rendered":"https:\/\/www.diocesitn.it\/area-testimonianza\/2024\/11\/28\/al-vigilianum-le-testimonianza-dei-genitori-di-luca-attanasio-lambasciatore-ucciso-in-repubblica-democratica-del-congo\/"},"modified":"2025-02-20T11:08:22","modified_gmt":"2025-02-20T10:08:22","slug":"al-vigilianum-le-testimonianza-dei-genitori-di-luca-attanasio-lambasciatore-ucciso-in-repubblica-democratica-del-congo","status":"publish","type":"post","link":"https:\/\/www.diocesitn.it\/area-testimonianza\/2024\/11\/28\/al-vigilianum-le-testimonianza-dei-genitori-di-luca-attanasio-lambasciatore-ucciso-in-repubblica-democratica-del-congo\/","title":{"rendered":"Al Vigilianum la testimonianza dei genitori di Luca Attanasio, l\u2019ambasciatore ucciso in Repubblica democratica del Congo"},"content":{"rendered":"<p>Una persona appassionata, determinata ed empatica, che voleva ridisegnare il mondo seguendo i propri sogni.<strong>\u00a0Luca Attanasio<\/strong>, l\u2019ambasciatore italiano che venne ucciso in\u00a0<strong>Repubblica democratica del Congo<\/strong>\u00a0il 22 febbraio 2021, era cos\u00ec. Lo ha raccontato suo padre,\u00a0<strong>Salvatore Attanasio<\/strong>, ospite al Polo culturale diocesano \u201cVigilianum\u201d di\u00a0<strong>Trento<\/strong>\u00a0insieme alla moglie<strong> Alida<\/strong>. L&#8217;<a href=\"https:\/\/www.diocesitn.it\/site\/luca-attanasio-uomo-di-pace-incontro-il-27-novembre-al-vigilianum\/\">incontro<\/a> era promosso dall&#8217;<strong>Associazione Via Pacis <\/strong>in collaborazione con la <strong>Diocesi di Trento <\/strong>(Area Testimonianza).<\/p>\n<p>L\u2019ambasciatore 43enne aveva usato la passione per creare l\u2019associazione\u00a0<strong>MamaSofia<\/strong>, che ancora oggi, grazie all\u2019impegno della moglie\u00a0<strong>Zakia Seddiki<\/strong>, si occupa dell\u2019educazione e della formazione dei minori in difficolt\u00e0. Con la determinazione era riuscito ad ottenere di studiare all\u2019Universit\u00e0 Bocconi, dove si era laureato con 110 e lode con una tesi sulla New Economy.<\/p>\n<h4>Innamorato di Taiz\u00e9<\/h4>\n<p>E l\u2019empatia l\u2019aveva respirata a\u00a0<strong>Taiz\u00e9<\/strong>, il monastero ecumenico fondato durante la Seconda guerra mondiale da fr\u00e8re Roger. \u201cLuca era innamorato di Taiz\u00e9, perch\u00e9 era un posto dove trovava amici di ogni nazionalit\u00e0, di ogni cultura\u2026 Ci diceva sempre che ci dovevamo andare con lui, che era una bellissima esperienza\u2026 E dopo la sua morte l\u2019abbiamo fatto. Con alcuni amici siamo andati a Taiz\u00e9. Quando siamo entrati abbiamo trovato un grande manifesto con la biografia di Luca scritta dai fr\u00e8re\u201d, ha raccontato Salvatore Attanasio, invitato a Trento dall\u2019associazione\u00a0<strong>Via Pacis<\/strong>\u00a0e intervenuto in mattinata al liceo Da Vinci di Trento.<\/p>\n<p>La storia del Congo, un Paese grande otto volte l\u2019Italia, poverissimo eppure ricchissimo di risorse naturali, \u00e8 stata tratteggiata dal professore del Da Vinci\u00a0<strong>Alberto Conci<\/strong>\u00a0e dall\u2019attivista per i diritti umani<strong>\u00a0John Mpaliza<\/strong>, originario proprio del Paese centrafricano. Mentre Dio camminava nel mondo per distribuire le risorse, ha ricordato Mpaliza, \u201csi racconta che, arrivato sul Kilimangiaro, inciamp\u00f2, e tutto fin\u00ec in Congo\u201d. Il Paese, un tempo chiamato la Svizzera dell\u2019Africa, vive per\u00f2 molte contraddizioni, \u201ccon foreste distrutte e bambine e bambine che fanno i minatori\u201d. Attanasio \u00e8 arrivato in questo Paese, dove vivono anche circa mille italiani. \u201cLui \u00e8 andato a trovarli tutti. Per ognuno cercava di capire che bisogni avesse\u201d, ha raccontato il padre. \u201cL\u2019hanno anche nominato ambasciatore di strada perch\u00e9 non stava in ufficio, ma andava ad ascoltare i problemi della gente. Lo faceva con interesse, per dare un aiuto concreto a queste persone\u201d.<\/p>\n<h4>Quel 22 febbraio 2021<\/h4>\n<p><img loading=\"lazy\" decoding=\"async\" class=\" wp-image-16552 alignleft\" src=\"https:\/\/www.diocesitn.it\/wp-content\/uploads\/sites\/37\/2024\/11\/attanasio_incontro_1-300x225.jpg\" alt=\"\" width=\"406\" height=\"304\" srcset=\"https:\/\/www.diocesitn.it\/area-testimonianza\/wp-content\/uploads\/sites\/37\/2024\/11\/attanasio_incontro_1-300x225.jpg 300w, https:\/\/www.diocesitn.it\/area-testimonianza\/wp-content\/uploads\/sites\/37\/2024\/11\/attanasio_incontro_1-1024x768.jpg 1024w, https:\/\/www.diocesitn.it\/area-testimonianza\/wp-content\/uploads\/sites\/37\/2024\/11\/attanasio_incontro_1-768x576.jpg 768w, https:\/\/www.diocesitn.it\/area-testimonianza\/wp-content\/uploads\/sites\/37\/2024\/11\/attanasio_incontro_1-360x270.jpg 360w, https:\/\/www.diocesitn.it\/area-testimonianza\/wp-content\/uploads\/sites\/37\/2024\/11\/attanasio_incontro_1-1536x1152.jpg 1536w, https:\/\/www.diocesitn.it\/area-testimonianza\/wp-content\/uploads\/sites\/37\/2024\/11\/attanasio_incontro_1-800x600.jpg 800w, https:\/\/www.diocesitn.it\/area-testimonianza\/wp-content\/uploads\/sites\/37\/2024\/11\/attanasio_incontro_1-1200x900.jpg 1200w, https:\/\/www.diocesitn.it\/area-testimonianza\/wp-content\/uploads\/sites\/37\/2024\/11\/attanasio_incontro_1.jpg 2048w\" sizes=\"auto, (max-width: 406px) 100vw, 406px\" \/>Il <strong>22 febbraio 2021<\/strong> Attanasio viaggiava con un convoglio composto da due jeep dell\u2019agenzia dell\u2019Onu Pam (Programma alimentare mondiale) lungo la strada che da Goma porta a Rutshuru.<\/p>\n<p>A circa 20-25 chilometri da Goma un gruppo di terroristi armati di kalashnikov ferm\u00f2 tutti, uccidendo a sangue freddo l\u2019autista\u00a0<strong>Mustapha Milambo<\/strong>. Tutte le altre persone vennero fatte scendere dalle macchine e accompagnate in una stradina laterale.<\/p>\n<p>\u201cDopo qualche minuto, si sentono degli spari.\u00a0Tutti illesi tranne il nostro ambasciatore e la sua guardia di scorta\u00a0<strong>Vittorio Iacovacci<\/strong>\u201c, ha ricordato il padre. \u201cI giornali hanno parlato di un tentativo di rapimento andato male, ma le indagini private che abbiamo svolto portano a conclusioni diverse.\u00a0<strong>Non crediamo a un finto rapimento<\/strong>, non crediamo a un incidente, anche perch\u00e9 ci sono dei riscontri oggettivi che portano a conclusioni diverse. Lo stavano aspettando. Chi \u00e8 quel sequestratore che uccide il suo ostaggio, che \u00e8 la sua carta di credito? E poi c\u2019\u00e8 da notare che era gi\u00e0 passato un altro convoglio con dei bianchi dentro. Nessuno l\u2019ha toccato. Infine, i sequestratori erano sul posto gi\u00e0 due giorni prima, perch\u00e9 gli abitanti del luogo avevano avvisato i guardiani del parco di quest\u2019insolita presenza\u201d, ha sottolineato ancora Salvatore Attanasio, spiegando che \u201cnoi vogliamo arrivare al mandante e al movente dell\u2019omicidio\u201d.<\/p>\n<p>Un obiettivo che si prefigge l\u2019associazione\u00a0<strong>\u201cAmici di Luca Attanasio\u201d<\/strong>, nata nel 2022 per portare la testimonianza del giovane ambasciatore italiano nelle scuole e per \u201cfare una battaglia di civilt\u00e0 perch\u00e9 l\u2019immunit\u00e0 non pu\u00f2 essere il passe-partout per ogni nefandezza\u201d. Qui il riferimento fatto dal padre di Luca Attanasio \u00e8 alla\u00a0<a href=\"https:\/\/www.ansa.it\/sito\/notizie\/cronaca\/2024\/02\/13\/attanasio-non-luogo-a-procedere-per-i-dipendenti-pam_570bf39a-2e81-4272-8452-626cb56ff65b.html\" target=\"_blank\" rel=\"noopener noreferrer\">decisione presa a febbraio dal gup di Roma di disporre il non luogo a procedere nei confronti di due funzionari delle Nazioni Unite coinvolti nell\u2019indagine della Procura legata alla morte dell\u2019ambasciatore, perch\u00e9 \u00e8 stata loro riconosciuta l\u2019immunit\u00e0 diplomatica<\/a>. \u201cL\u2019omicidio di un ambasciatore \u00e8 un attacco allo Stato. E ci amareggia il fatto che Luca, che ha portato avanti il nome dell\u2019Italia con orgoglio ed onore, sia stato dimenticato\u201d, ha spiegato Salvatore Attanasio, ricordando che \u201clo Stato non si \u00e8 presentato come parte civile al processo\u201d.<\/p>\n<h4>Vescovo Lauro: parte di una storia non vista che tiene in piedi il mondo<\/h4>\n<p><img loading=\"lazy\" decoding=\"async\" class=\" wp-image-16551 alignleft\" src=\"https:\/\/www.diocesitn.it\/wp-content\/uploads\/sites\/37\/2024\/11\/Attanasio_incontro_2-300x225.jpg\" alt=\"\" width=\"408\" height=\"306\" srcset=\"https:\/\/www.diocesitn.it\/area-testimonianza\/wp-content\/uploads\/sites\/37\/2024\/11\/Attanasio_incontro_2-300x225.jpg 300w, https:\/\/www.diocesitn.it\/area-testimonianza\/wp-content\/uploads\/sites\/37\/2024\/11\/Attanasio_incontro_2-1024x768.jpg 1024w, https:\/\/www.diocesitn.it\/area-testimonianza\/wp-content\/uploads\/sites\/37\/2024\/11\/Attanasio_incontro_2-768x576.jpg 768w, https:\/\/www.diocesitn.it\/area-testimonianza\/wp-content\/uploads\/sites\/37\/2024\/11\/Attanasio_incontro_2-360x270.jpg 360w, https:\/\/www.diocesitn.it\/area-testimonianza\/wp-content\/uploads\/sites\/37\/2024\/11\/Attanasio_incontro_2-1536x1152.jpg 1536w, https:\/\/www.diocesitn.it\/area-testimonianza\/wp-content\/uploads\/sites\/37\/2024\/11\/Attanasio_incontro_2-800x600.jpg 800w, https:\/\/www.diocesitn.it\/area-testimonianza\/wp-content\/uploads\/sites\/37\/2024\/11\/Attanasio_incontro_2-1200x900.jpg 1200w, https:\/\/www.diocesitn.it\/area-testimonianza\/wp-content\/uploads\/sites\/37\/2024\/11\/Attanasio_incontro_2.jpg 2048w\" sizes=\"auto, (max-width: 408px) 100vw, 408px\" \/>Era presente all\u2019incontro al Vigilianum anche l\u2019<strong>arcivescovo di Trento Lauro Tisi<\/strong>, che ha parlato della storia di Attanasio come una parte di quella\u00a0<strong>\u201cstoria non vista che tiene in piedi il mondo\u201d<\/strong>. \u201cIn queste settimane di visita pastorale nella Piana Rotaliana \u2013 ha raccontato don Lauro \u2013 l\u2019incontro con le storie mi sta profondamente cambiando. Quando sento parlare solo di catastrofe, quindi, dico che c\u2019\u00e8 anche una storia nascosta, una storia non vista, che tiene in piedi l\u2019umanit\u00e0. Quello che abbiamo sentito di Luca questa sera \u00e8 qualcosa da lasciare senza parole, il\u00a0<strong>racconto di una persona che \u00e8 diventata un testimone di una vita non vissuta per se stessi<\/strong>\u201c.<\/p>\n<p>(Marianna Malpaga da <em>vitatrentina.it<\/em>)<\/p>\n","protected":false},"excerpt":{"rendered":"<p>Una persona appassionata, determinata ed empatica, che voleva ridisegnare il mondo seguendo i propri sogni.\u00a0Luca Attanasio, l\u2019ambasciatore italiano che venne ucciso in\u00a0Repubblica democratica del Congo\u00a0il 22 febbraio 2021, era cos\u00ec. Lo ha raccontato suo padre,\u00a0Salvatore<\/p>\n","protected":false},"author":3,"featured_media":16553,"comment_status":"closed","ping_status":"closed","sticky":false,"template":"","format":"standard","meta":{"footnotes":""},"categories":[1074,1151],"tags":[2411],"class_list":["post-16550","post","type-post","status-publish","format-standard","has-post-thumbnail","hentry","category-notizie","category-servizio-missionario","tag-luca-attanasio"],"acf":{"seed-localization-paese-cod":"IT","seed-localization-address":"","seed-localization-citta":"Trento","seed-localization-regione-cod-istat":"04","seed-localization-citta-cod-istat":"022205","seed-localization-localita":"","seed-localization-cap":"","seed-localization-marker-visibility":false,"seed-localization-children-visibility":false,"seed-localization-kml":"","seed-localization-custom-marker":""},"yoast_head":"<!-- This site is optimized with the Yoast SEO Premium plugin v20.2.1 (Yoast SEO v22.2) - https:\/\/yoast.com\/wordpress\/plugins\/seo\/ -->\n<title>Al Vigilianum le testimonianza dei genitori di Luca Attanasio<\/title>\n<meta name=\"description\" content=\"Al Vigilianum le testimonianza dei genitori di Luca Attanasio, l\u2019ambasciatore ucciso in Repubblica democratica del Congo\" \/>\n<meta name=\"robots\" content=\"index, follow, max-snippet:-1, max-image-preview:large, max-video-preview:-1\" \/>\n<link rel=\"canonical\" href=\"https:\/\/www.diocesitn.it\/area-testimonianza\/2024\/11\/28\/al-vigilianum-le-testimonianza-dei-genitori-di-luca-attanasio-lambasciatore-ucciso-in-repubblica-democratica-del-congo\/\" \/>\n<meta property=\"og:locale\" content=\"it_IT\" \/>\n<meta property=\"og:type\" content=\"article\" \/>\n<meta property=\"og:title\" content=\"Al Vigilianum la testimonianza dei genitori di Luca Attanasio, l\u2019ambasciatore ucciso in Repubblica democratica del Congo\" \/>\n<meta property=\"og:description\" content=\"Al Vigilianum le testimonianza dei genitori di Luca Attanasio, l\u2019ambasciatore ucciso in Repubblica democratica del Congo\" \/>\n<meta property=\"og:url\" content=\"https:\/\/www.diocesitn.it\/area-testimonianza\/2024\/11\/28\/al-vigilianum-le-testimonianza-dei-genitori-di-luca-attanasio-lambasciatore-ucciso-in-repubblica-democratica-del-congo\/\" \/>\n<meta property=\"og:site_name\" content=\"Testimonianza e Impegno sociale\" \/>\n<meta property=\"article:published_time\" content=\"2024-11-28T10:04:23+00:00\" \/>\n<meta property=\"article:modified_time\" content=\"2025-02-20T10:08:22+00:00\" \/>\n<meta property=\"og:image\" content=\"https:\/\/www.diocesitn.it\/area-testimonianza\/wp-content\/uploads\/sites\/37\/2024\/11\/Coniugi_Attanasio_con_Luca-e1732788381117.jpeg\" \/>\n\t<meta property=\"og:image:width\" content=\"900\" \/>\n\t<meta property=\"og:image:height\" content=\"562\" \/>\n\t<meta property=\"og:image:type\" content=\"image\/jpeg\" \/>\n<meta name=\"author\" content=\"Piergiorgio Franceschini\" \/>\n<meta name=\"twitter:card\" content=\"summary_large_image\" \/>\n<meta name=\"twitter:label1\" content=\"Scritto da\" \/>\n\t<meta name=\"twitter:data1\" content=\"Piergiorgio Franceschini\" \/>\n\t<meta name=\"twitter:label2\" content=\"Tempo di lettura stimato\" \/>\n\t<meta name=\"twitter:data2\" content=\"6 minuti\" \/>\n<script type=\"application\/ld+json\" class=\"yoast-schema-graph\">{\"@context\":\"https:\/\/schema.org\",\"@graph\":[{\"@type\":\"Article\",\"@id\":\"https:\/\/www.diocesitn.it\/area-testimonianza\/2024\/11\/28\/al-vigilianum-le-testimonianza-dei-genitori-di-luca-attanasio-lambasciatore-ucciso-in-repubblica-democratica-del-congo\/#article\",\"isPartOf\":{\"@id\":\"https:\/\/www.diocesitn.it\/area-testimonianza\/2024\/11\/28\/al-vigilianum-le-testimonianza-dei-genitori-di-luca-attanasio-lambasciatore-ucciso-in-repubblica-democratica-del-congo\/\"},\"author\":{\"name\":\"Piergiorgio Franceschini\",\"@id\":\"https:\/\/www.diocesitn.it\/area-testimonianza\/#\/schema\/person\/99590c84577873a025247b6aeb16ad2e\"},\"headline\":\"Al Vigilianum la testimonianza dei genitori di Luca Attanasio, l\u2019ambasciatore ucciso in Repubblica democratica del Congo\",\"datePublished\":\"2024-11-28T10:04:23+00:00\",\"dateModified\":\"2025-02-20T10:08:22+00:00\",\"mainEntityOfPage\":{\"@id\":\"https:\/\/www.diocesitn.it\/area-testimonianza\/2024\/11\/28\/al-vigilianum-le-testimonianza-dei-genitori-di-luca-attanasio-lambasciatore-ucciso-in-repubblica-democratica-del-congo\/\"},\"wordCount\":882,\"publisher\":{\"@id\":\"https:\/\/www.diocesitn.it\/area-testimonianza\/#organization\"},\"image\":{\"@id\":\"https:\/\/www.diocesitn.it\/area-testimonianza\/2024\/11\/28\/al-vigilianum-le-testimonianza-dei-genitori-di-luca-attanasio-lambasciatore-ucciso-in-repubblica-democratica-del-congo\/#primaryimage\"},\"thumbnailUrl\":\"https:\/\/www.diocesitn.it\/area-testimonianza\/wp-content\/uploads\/sites\/37\/2024\/11\/Coniugi_Attanasio_con_Luca-e1732788381117.jpeg\",\"keywords\":[\"Luca Attanasio\"],\"articleSection\":[\"Notizie\",\"Pastorale Missionaria\"],\"inLanguage\":\"it-IT\",\"copyrightYear\":\"2024\",\"copyrightHolder\":{\"@id\":\"https:\/\/www.diocesitn.it\/#organization\"}},{\"@type\":\"WebPage\",\"@id\":\"https:\/\/www.diocesitn.it\/area-testimonianza\/2024\/11\/28\/al-vigilianum-le-testimonianza-dei-genitori-di-luca-attanasio-lambasciatore-ucciso-in-repubblica-democratica-del-congo\/\",\"url\":\"https:\/\/www.diocesitn.it\/area-testimonianza\/2024\/11\/28\/al-vigilianum-le-testimonianza-dei-genitori-di-luca-attanasio-lambasciatore-ucciso-in-repubblica-democratica-del-congo\/\",\"name\":\"Al Vigilianum le testimonianza dei genitori di Luca Attanasio\",\"isPartOf\":{\"@id\":\"https:\/\/www.diocesitn.it\/area-testimonianza\/#website\"},\"primaryImageOfPage\":{\"@id\":\"https:\/\/www.diocesitn.it\/area-testimonianza\/2024\/11\/28\/al-vigilianum-le-testimonianza-dei-genitori-di-luca-attanasio-lambasciatore-ucciso-in-repubblica-democratica-del-congo\/#primaryimage\"},\"image\":{\"@id\":\"https:\/\/www.diocesitn.it\/area-testimonianza\/2024\/11\/28\/al-vigilianum-le-testimonianza-dei-genitori-di-luca-attanasio-lambasciatore-ucciso-in-repubblica-democratica-del-congo\/#primaryimage\"},\"thumbnailUrl\":\"https:\/\/www.diocesitn.it\/area-testimonianza\/wp-content\/uploads\/sites\/37\/2024\/11\/Coniugi_Attanasio_con_Luca-e1732788381117.jpeg\",\"datePublished\":\"2024-11-28T10:04:23+00:00\",\"dateModified\":\"2025-02-20T10:08:22+00:00\",\"description\":\"Al Vigilianum le testimonianza dei genitori di Luca Attanasio, l\u2019ambasciatore ucciso in Repubblica democratica del Congo\",\"breadcrumb\":{\"@id\":\"https:\/\/www.diocesitn.it\/area-testimonianza\/2024\/11\/28\/al-vigilianum-le-testimonianza-dei-genitori-di-luca-attanasio-lambasciatore-ucciso-in-repubblica-democratica-del-congo\/#breadcrumb\"},\"inLanguage\":\"it-IT\",\"potentialAction\":[{\"@type\":\"ReadAction\",\"target\":[\"https:\/\/www.diocesitn.it\/area-testimonianza\/2024\/11\/28\/al-vigilianum-le-testimonianza-dei-genitori-di-luca-attanasio-lambasciatore-ucciso-in-repubblica-democratica-del-congo\/\"]}]},{\"@type\":\"ImageObject\",\"inLanguage\":\"it-IT\",\"@id\":\"https:\/\/www.diocesitn.it\/area-testimonianza\/2024\/11\/28\/al-vigilianum-le-testimonianza-dei-genitori-di-luca-attanasio-lambasciatore-ucciso-in-repubblica-democratica-del-congo\/#primaryimage\",\"url\":\"https:\/\/www.diocesitn.it\/area-testimonianza\/wp-content\/uploads\/sites\/37\/2024\/11\/Coniugi_Attanasio_con_Luca-e1732788381117.jpeg\",\"contentUrl\":\"https:\/\/www.diocesitn.it\/area-testimonianza\/wp-content\/uploads\/sites\/37\/2024\/11\/Coniugi_Attanasio_con_Luca-e1732788381117.jpeg\",\"width\":900,\"height\":562},{\"@type\":\"BreadcrumbList\",\"@id\":\"https:\/\/www.diocesitn.it\/area-testimonianza\/2024\/11\/28\/al-vigilianum-le-testimonianza-dei-genitori-di-luca-attanasio-lambasciatore-ucciso-in-repubblica-democratica-del-congo\/#breadcrumb\",\"itemListElement\":[{\"@type\":\"ListItem\",\"position\":1,\"name\":\"Home\",\"item\":\"https:\/\/www.diocesitn.it\/area-testimonianza\/\"},{\"@type\":\"ListItem\",\"position\":2,\"name\":\"Al Vigilianum la testimonianza dei genitori di Luca Attanasio, l\u2019ambasciatore ucciso in Repubblica democratica del Congo\"}]},{\"@type\":\"WebSite\",\"@id\":\"https:\/\/www.diocesitn.it\/area-testimonianza\/#website\",\"url\":\"https:\/\/www.diocesitn.it\/area-testimonianza\/\",\"name\":\"Testimonianza e Impegno sociale\",\"description\":\"Chiesa di Trento\",\"publisher\":{\"@id\":\"https:\/\/www.diocesitn.it\/area-testimonianza\/#organization\"},\"potentialAction\":[{\"@type\":\"SearchAction\",\"target\":{\"@type\":\"EntryPoint\",\"urlTemplate\":\"https:\/\/www.diocesitn.it\/area-testimonianza\/?s={search_term_string}\"},\"query-input\":\"required name=search_term_string\"}],\"inLanguage\":\"it-IT\"},{\"@type\":[\"Organization\",\"Place\"],\"@id\":\"https:\/\/www.diocesitn.it\/area-testimonianza\/#organization\",\"name\":\"Area Testimonianza e Impegno Sociale - Chiesa di Trento\",\"url\":\"https:\/\/www.diocesitn.it\/area-testimonianza\/\",\"logo\":{\"@id\":\"https:\/\/www.diocesitn.it\/area-testimonianza\/2024\/11\/28\/al-vigilianum-le-testimonianza-dei-genitori-di-luca-attanasio-lambasciatore-ucciso-in-repubblica-democratica-del-congo\/#local-main-organization-logo\"},\"image\":{\"@id\":\"https:\/\/www.diocesitn.it\/area-testimonianza\/2024\/11\/28\/al-vigilianum-le-testimonianza-dei-genitori-di-luca-attanasio-lambasciatore-ucciso-in-repubblica-democratica-del-congo\/#local-main-organization-logo\"},\"openingHoursSpecification\":[{\"@type\":\"OpeningHoursSpecification\",\"dayOfWeek\":[\"Monday\",\"Tuesday\",\"Wednesday\",\"Thursday\",\"Friday\",\"Saturday\",\"Sunday\"],\"opens\":\"09:00\",\"closes\":\"17:00\"}]},{\"@type\":\"ImageObject\",\"inLanguage\":\"it-IT\",\"@id\":\"https:\/\/www.diocesitn.it\/area-testimonianza\/2024\/11\/28\/al-vigilianum-le-testimonianza-dei-genitori-di-luca-attanasio-lambasciatore-ucciso-in-repubblica-democratica-del-congo\/#local-main-organization-logo\",\"url\":\"https:\/\/www.diocesitn.it\/area-testimonianza\/wp-content\/uploads\/sites\/37\/2021\/09\/og-logo-testimonianza-e-impegno-sociale.jpg\",\"contentUrl\":\"https:\/\/www.diocesitn.it\/area-testimonianza\/wp-content\/uploads\/sites\/37\/2021\/09\/og-logo-testimonianza-e-impegno-sociale.jpg\",\"width\":1200,\"height\":630,\"caption\":\"Area Testimonianza e Impegno Sociale - Chiesa di Trento\"}]}<\/script>\n<!-- \/ Yoast SEO Premium plugin. -->","yoast_head_json":{"title":"Al Vigilianum le testimonianza dei genitori di Luca Attanasio","description":"Al Vigilianum le testimonianza dei genitori di Luca Attanasio, l\u2019ambasciatore ucciso in Repubblica democratica del Congo","robots":{"index":"index","follow":"follow","max-snippet":"max-snippet:-1","max-image-preview":"max-image-preview:large","max-video-preview":"max-video-preview:-1"},"canonical":"https:\/\/www.diocesitn.it\/area-testimonianza\/2024\/11\/28\/al-vigilianum-le-testimonianza-dei-genitori-di-luca-attanasio-lambasciatore-ucciso-in-repubblica-democratica-del-congo\/","og_locale":"it_IT","og_type":"article","og_title":"Al Vigilianum la testimonianza dei genitori di Luca Attanasio, l\u2019ambasciatore ucciso in Repubblica democratica del Congo","og_description":"Al Vigilianum le testimonianza dei genitori di Luca Attanasio, l\u2019ambasciatore ucciso in Repubblica democratica del Congo","og_url":"https:\/\/www.diocesitn.it\/area-testimonianza\/2024\/11\/28\/al-vigilianum-le-testimonianza-dei-genitori-di-luca-attanasio-lambasciatore-ucciso-in-repubblica-democratica-del-congo\/","og_site_name":"Testimonianza e Impegno sociale","article_published_time":"2024-11-28T10:04:23+00:00","article_modified_time":"2025-02-20T10:08:22+00:00","og_image":[{"width":900,"height":562,"url":"https:\/\/www.diocesitn.it\/area-testimonianza\/wp-content\/uploads\/sites\/37\/2024\/11\/Coniugi_Attanasio_con_Luca-e1732788381117.jpeg","type":"image\/jpeg"}],"author":"Piergiorgio Franceschini","twitter_card":"summary_large_image","twitter_misc":{"Scritto da":"Piergiorgio Franceschini","Tempo di lettura stimato":"6 minuti"},"schema":{"@context":"https:\/\/schema.org","@graph":[{"@type":"Article","@id":"https:\/\/www.diocesitn.it\/area-testimonianza\/2024\/11\/28\/al-vigilianum-le-testimonianza-dei-genitori-di-luca-attanasio-lambasciatore-ucciso-in-repubblica-democratica-del-congo\/#article","isPartOf":{"@id":"https:\/\/www.diocesitn.it\/area-testimonianza\/2024\/11\/28\/al-vigilianum-le-testimonianza-dei-genitori-di-luca-attanasio-lambasciatore-ucciso-in-repubblica-democratica-del-congo\/"},"author":{"name":"Piergiorgio Franceschini","@id":"https:\/\/www.diocesitn.it\/area-testimonianza\/#\/schema\/person\/99590c84577873a025247b6aeb16ad2e"},"headline":"Al Vigilianum la testimonianza dei genitori di Luca Attanasio, l\u2019ambasciatore ucciso in Repubblica democratica del Congo","datePublished":"2024-11-28T10:04:23+00:00","dateModified":"2025-02-20T10:08:22+00:00","mainEntityOfPage":{"@id":"https:\/\/www.diocesitn.it\/area-testimonianza\/2024\/11\/28\/al-vigilianum-le-testimonianza-dei-genitori-di-luca-attanasio-lambasciatore-ucciso-in-repubblica-democratica-del-congo\/"},"wordCount":882,"publisher":{"@id":"https:\/\/www.diocesitn.it\/area-testimonianza\/#organization"},"image":{"@id":"https:\/\/www.diocesitn.it\/area-testimonianza\/2024\/11\/28\/al-vigilianum-le-testimonianza-dei-genitori-di-luca-attanasio-lambasciatore-ucciso-in-repubblica-democratica-del-congo\/#primaryimage"},"thumbnailUrl":"https:\/\/www.diocesitn.it\/area-testimonianza\/wp-content\/uploads\/sites\/37\/2024\/11\/Coniugi_Attanasio_con_Luca-e1732788381117.jpeg","keywords":["Luca Attanasio"],"articleSection":["Notizie","Pastorale Missionaria"],"inLanguage":"it-IT","copyrightYear":"2024","copyrightHolder":{"@id":"https:\/\/www.diocesitn.it\/#organization"}},{"@type":"WebPage","@id":"https:\/\/www.diocesitn.it\/area-testimonianza\/2024\/11\/28\/al-vigilianum-le-testimonianza-dei-genitori-di-luca-attanasio-lambasciatore-ucciso-in-repubblica-democratica-del-congo\/","url":"https:\/\/www.diocesitn.it\/area-testimonianza\/2024\/11\/28\/al-vigilianum-le-testimonianza-dei-genitori-di-luca-attanasio-lambasciatore-ucciso-in-repubblica-democratica-del-congo\/","name":"Al Vigilianum le testimonianza dei genitori di Luca Attanasio","isPartOf":{"@id":"https:\/\/www.diocesitn.it\/area-testimonianza\/#website"},"primaryImageOfPage":{"@id":"https:\/\/www.diocesitn.it\/area-testimonianza\/2024\/11\/28\/al-vigilianum-le-testimonianza-dei-genitori-di-luca-attanasio-lambasciatore-ucciso-in-repubblica-democratica-del-congo\/#primaryimage"},"image":{"@id":"https:\/\/www.diocesitn.it\/area-testimonianza\/2024\/11\/28\/al-vigilianum-le-testimonianza-dei-genitori-di-luca-attanasio-lambasciatore-ucciso-in-repubblica-democratica-del-congo\/#primaryimage"},"thumbnailUrl":"https:\/\/www.diocesitn.it\/area-testimonianza\/wp-content\/uploads\/sites\/37\/2024\/11\/Coniugi_Attanasio_con_Luca-e1732788381117.jpeg","datePublished":"2024-11-28T10:04:23+00:00","dateModified":"2025-02-20T10:08:22+00:00","description":"Al Vigilianum le testimonianza dei genitori di Luca Attanasio, l\u2019ambasciatore ucciso in Repubblica democratica del Congo","breadcrumb":{"@id":"https:\/\/www.diocesitn.it\/area-testimonianza\/2024\/11\/28\/al-vigilianum-le-testimonianza-dei-genitori-di-luca-attanasio-lambasciatore-ucciso-in-repubblica-democratica-del-congo\/#breadcrumb"},"inLanguage":"it-IT","potentialAction":[{"@type":"ReadAction","target":["https:\/\/www.diocesitn.it\/area-testimonianza\/2024\/11\/28\/al-vigilianum-le-testimonianza-dei-genitori-di-luca-attanasio-lambasciatore-ucciso-in-repubblica-democratica-del-congo\/"]}]},{"@type":"ImageObject","inLanguage":"it-IT","@id":"https:\/\/www.diocesitn.it\/area-testimonianza\/2024\/11\/28\/al-vigilianum-le-testimonianza-dei-genitori-di-luca-attanasio-lambasciatore-ucciso-in-repubblica-democratica-del-congo\/#primaryimage","url":"https:\/\/www.diocesitn.it\/area-testimonianza\/wp-content\/uploads\/sites\/37\/2024\/11\/Coniugi_Attanasio_con_Luca-e1732788381117.jpeg","contentUrl":"https:\/\/www.diocesitn.it\/area-testimonianza\/wp-content\/uploads\/sites\/37\/2024\/11\/Coniugi_Attanasio_con_Luca-e1732788381117.jpeg","width":900,"height":562},{"@type":"BreadcrumbList","@id":"https:\/\/www.diocesitn.it\/area-testimonianza\/2024\/11\/28\/al-vigilianum-le-testimonianza-dei-genitori-di-luca-attanasio-lambasciatore-ucciso-in-repubblica-democratica-del-congo\/#breadcrumb","itemListElement":[{"@type":"ListItem","position":1,"name":"Home","item":"https:\/\/www.diocesitn.it\/area-testimonianza\/"},{"@type":"ListItem","position":2,"name":"Al Vigilianum la testimonianza dei genitori di Luca Attanasio, l\u2019ambasciatore ucciso in Repubblica democratica del Congo"}]},{"@type":"WebSite","@id":"https:\/\/www.diocesitn.it\/area-testimonianza\/#website","url":"https:\/\/www.diocesitn.it\/area-testimonianza\/","name":"Testimonianza e Impegno sociale","description":"Chiesa di Trento","publisher":{"@id":"https:\/\/www.diocesitn.it\/area-testimonianza\/#organization"},"potentialAction":[{"@type":"SearchAction","target":{"@type":"EntryPoint","urlTemplate":"https:\/\/www.diocesitn.it\/area-testimonianza\/?s={search_term_string}"},"query-input":"required name=search_term_string"}],"inLanguage":"it-IT"},{"@type":["Organization","Place"],"@id":"https:\/\/www.diocesitn.it\/area-testimonianza\/#organization","name":"Area Testimonianza e Impegno Sociale - Chiesa di Trento","url":"https:\/\/www.diocesitn.it\/area-testimonianza\/","logo":{"@id":"https:\/\/www.diocesitn.it\/area-testimonianza\/2024\/11\/28\/al-vigilianum-le-testimonianza-dei-genitori-di-luca-attanasio-lambasciatore-ucciso-in-repubblica-democratica-del-congo\/#local-main-organization-logo"},"image":{"@id":"https:\/\/www.diocesitn.it\/area-testimonianza\/2024\/11\/28\/al-vigilianum-le-testimonianza-dei-genitori-di-luca-attanasio-lambasciatore-ucciso-in-repubblica-democratica-del-congo\/#local-main-organization-logo"},"openingHoursSpecification":[{"@type":"OpeningHoursSpecification","dayOfWeek":["Monday","Tuesday","Wednesday","Thursday","Friday","Saturday","Sunday"],"opens":"09:00","closes":"17:00"}]},{"@type":"ImageObject","inLanguage":"it-IT","@id":"https:\/\/www.diocesitn.it\/area-testimonianza\/2024\/11\/28\/al-vigilianum-le-testimonianza-dei-genitori-di-luca-attanasio-lambasciatore-ucciso-in-repubblica-democratica-del-congo\/#local-main-organization-logo","url":"https:\/\/www.diocesitn.it\/area-testimonianza\/wp-content\/uploads\/sites\/37\/2021\/09\/og-logo-testimonianza-e-impegno-sociale.jpg","contentUrl":"https:\/\/www.diocesitn.it\/area-testimonianza\/wp-content\/uploads\/sites\/37\/2021\/09\/og-logo-testimonianza-e-impegno-sociale.jpg","width":1200,"height":630,"caption":"Area Testimonianza e Impegno Sociale - Chiesa di Trento"}]}},"_links":{"self":[{"href":"https:\/\/www.diocesitn.it\/area-testimonianza\/wp-json\/wp\/v2\/posts\/16550","targetHints":{"allow":["GET"]}}],"collection":[{"href":"https:\/\/www.diocesitn.it\/area-testimonianza\/wp-json\/wp\/v2\/posts"}],"about":[{"href":"https:\/\/www.diocesitn.it\/area-testimonianza\/wp-json\/wp\/v2\/types\/post"}],"author":[{"embeddable":true,"href":"https:\/\/www.diocesitn.it\/area-testimonianza\/wp-json\/wp\/v2\/users\/3"}],"replies":[{"embeddable":true,"href":"https:\/\/www.diocesitn.it\/area-testimonianza\/wp-json\/wp\/v2\/comments?post=16550"}],"version-history":[{"count":1,"href":"https:\/\/www.diocesitn.it\/area-testimonianza\/wp-json\/wp\/v2\/posts\/16550\/revisions"}],"predecessor-version":[{"id":16554,"href":"https:\/\/www.diocesitn.it\/area-testimonianza\/wp-json\/wp\/v2\/posts\/16550\/revisions\/16554"}],"wp:featuredmedia":[{"embeddable":true,"href":"https:\/\/www.diocesitn.it\/area-testimonianza\/wp-json\/wp\/v2\/media\/16553"}],"wp:attachment":[{"href":"https:\/\/www.diocesitn.it\/area-testimonianza\/wp-json\/wp\/v2\/media?parent=16550"}],"wp:term":[{"taxonomy":"category","embeddable":true,"href":"https:\/\/www.diocesitn.it\/area-testimonianza\/wp-json\/wp\/v2\/categories?post=16550"},{"taxonomy":"post_tag","embeddable":true,"href":"https:\/\/www.diocesitn.it\/area-testimonianza\/wp-json\/wp\/v2\/tags?post=16550"}],"curies":[{"name":"wp","href":"https:\/\/api.w.org\/{rel}","templated":true}]}}