{"id":16530,"date":"2024-11-22T08:56:53","date_gmt":"2024-11-22T07:56:53","guid":{"rendered":"https:\/\/www.diocesitn.it\/area-testimonianza\/2024\/11\/22\/cursillos-di-cristianita-incontro-il-30-novembre-a-gardolo\/"},"modified":"2024-11-25T12:00:35","modified_gmt":"2024-11-25T11:00:35","slug":"cursillos-di-cristianita-incontro-il-30-novembre-a-gardolo","status":"publish","type":"post","link":"https:\/\/www.diocesitn.it\/area-testimonianza\/2024\/11\/22\/cursillos-di-cristianita-incontro-il-30-novembre-a-gardolo\/","title":{"rendered":"Cursillos di Cristianit\u00e0, a Gardolo sabato 30 novembre un incontro per conoscere il Movimento e ascoltare la testimonianza di una famiglia in missione"},"content":{"rendered":"<p><strong>Sabato 30 novembre<\/strong> alle <strong>14.30 <\/strong>all&#8217;oratorio di <strong>Gardolo<\/strong> il <strong>Cursillos di Cristianit\u00e0<\/strong> propone un incontro aperto a tutti. Sar\u00e0 l\u2019occasione per conoscere il Movimento presente in tutti i continenti con il suo gioioso modo di stare insieme.<\/p>\n<p>Mediante un metodo proprio, il <strong>Cursillos<\/strong> si prefigge di far s\u00ec che le realt\u00e0 del quotidiano si trasformino in vita piena, alla luce del Vangelo, valorizzando la singolarit\u00e0, l\u2019originalit\u00e0 e la creativit\u00e0 di ogni persona.<\/p>\n<p>Oltre alla presentazione del Movimento ci sar\u00e0 un momento di testimonianza: <strong>Davide e Michela<\/strong> con i loro <strong>tre figli<\/strong> racconteranno la loro <strong>esperienza di missione <\/strong>a <strong>Chungchillan<\/strong>, in\u00a0<strong>Ecuador<\/strong>, <span style=\"font-size: inherit\">con l&#8217;<\/span><strong style=\"font-size: inherit\">Operazione Mato Grosso<\/strong>. Oltre alla loro testimonianza, at<span style=\"font-size: inherit\">traverso il racconto e le immagini, sar\u00e0 un momento per approfondire la conoscenza di questo Paese del Sud America e per confrontarsi sulla <strong>missione<\/strong> e sulla dimensione del <\/span><span style=\"font-size: inherit\"><strong>viaggio,<\/strong> come <strong>occasione per allargare i propri orizzonti<\/strong> e conoscere luoghi e persone.<\/span><\/p>\n<p>Per informazioni: <strong>Bianca<\/strong> 333.2903005 ; <strong>Gervasio<\/strong> 335.6001006 ; <strong>don Gianluca<\/strong> 327.7353359; email: <strong>palancatn@gmail.com<\/strong><\/p>\n<p><a href=\"https:\/\/www.diocesitn.it\/wp-content\/uploads\/sites\/37\/2024\/11\/Incontrare-per-conoscere-e-conoscersi-1\u00b0-Cursillos-di-cristianita-Raccontando-lEcuador-30.11.2024-Gardolo.jpg\" target=\"_blank\" rel=\"noopener\"><img loading=\"lazy\" decoding=\"async\" class=\"alignleft wp-image-16532 size-medium\" src=\"https:\/\/www.diocesitn.it\/wp-content\/uploads\/sites\/37\/2024\/11\/Incontrare-per-conoscere-e-conoscersi-1\u00b0-Cursillos-di-cristianita-Raccontando-lEcuador-30.11.2024-Gardolo-214x300.jpg\" alt=\"\" width=\"214\" height=\"300\" srcset=\"https:\/\/www.diocesitn.it\/area-testimonianza\/wp-content\/uploads\/sites\/37\/2024\/11\/Incontrare-per-conoscere-e-conoscersi-1\u00b0-Cursillos-di-cristianita-Raccontando-lEcuador-30.11.2024-Gardolo-214x300.jpg 214w, https:\/\/www.diocesitn.it\/area-testimonianza\/wp-content\/uploads\/sites\/37\/2024\/11\/Incontrare-per-conoscere-e-conoscersi-1\u00b0-Cursillos-di-cristianita-Raccontando-lEcuador-30.11.2024-Gardolo-732x1024.jpg 732w, https:\/\/www.diocesitn.it\/area-testimonianza\/wp-content\/uploads\/sites\/37\/2024\/11\/Incontrare-per-conoscere-e-conoscersi-1\u00b0-Cursillos-di-cristianita-Raccontando-lEcuador-30.11.2024-Gardolo-768x1075.jpg 768w, https:\/\/www.diocesitn.it\/area-testimonianza\/wp-content\/uploads\/sites\/37\/2024\/11\/Incontrare-per-conoscere-e-conoscersi-1\u00b0-Cursillos-di-cristianita-Raccontando-lEcuador-30.11.2024-Gardolo-200x280.jpg 200w, https:\/\/www.diocesitn.it\/area-testimonianza\/wp-content\/uploads\/sites\/37\/2024\/11\/Incontrare-per-conoscere-e-conoscersi-1\u00b0-Cursillos-di-cristianita-Raccontando-lEcuador-30.11.2024-Gardolo-549x768.jpg 549w, https:\/\/www.diocesitn.it\/area-testimonianza\/wp-content\/uploads\/sites\/37\/2024\/11\/Incontrare-per-conoscere-e-conoscersi-1\u00b0-Cursillos-di-cristianita-Raccontando-lEcuador-30.11.2024-Gardolo-1097x1536.jpg 1097w, https:\/\/www.diocesitn.it\/area-testimonianza\/wp-content\/uploads\/sites\/37\/2024\/11\/Incontrare-per-conoscere-e-conoscersi-1\u00b0-Cursillos-di-cristianita-Raccontando-lEcuador-30.11.2024-Gardolo-800x1120.jpg 800w, https:\/\/www.diocesitn.it\/area-testimonianza\/wp-content\/uploads\/sites\/37\/2024\/11\/Incontrare-per-conoscere-e-conoscersi-1\u00b0-Cursillos-di-cristianita-Raccontando-lEcuador-30.11.2024-Gardolo-1200x1679.jpg 1200w, https:\/\/www.diocesitn.it\/area-testimonianza\/wp-content\/uploads\/sites\/37\/2024\/11\/Incontrare-per-conoscere-e-conoscersi-1\u00b0-Cursillos-di-cristianita-Raccontando-lEcuador-30.11.2024-Gardolo.jpg 1429w\" sizes=\"auto, (max-width: 214px) 100vw, 214px\" \/><\/a><\/p>\n","protected":false},"excerpt":{"rendered":"<p>Sabato 30 novembre alle 14.30 all&#8217;oratorio di Gardolo il Cursillos di Cristianit\u00e0 propone un incontro aperto a tutti. Sar\u00e0 l\u2019occasione per conoscere il Movimento presente in tutti i continenti con il suo gioioso modo di<\/p>\n","protected":false},"author":177,"featured_media":16531,"comment_status":"closed","ping_status":"closed","sticky":false,"template":"","format":"standard","meta":{"footnotes":""},"categories":[1074,1151],"tags":[2422,2423,1415],"class_list":["post-16530","post","type-post","status-publish","format-standard","has-post-thumbnail","hentry","category-notizie","category-servizio-missionario","tag-cursillos-di-cristianita","tag-ecuador","tag-missione"],"acf":{"seed-localization-paese-cod":"IT","seed-localization-address":"","seed-localization-citta":"Trento","seed-localization-regione-cod-istat":"04","seed-localization-citta-cod-istat":"022205","seed-localization-localita":"","seed-localization-cap":"","seed-localization-marker-visibility":false,"seed-localization-children-visibility":false,"seed-localization-kml":"","seed-localization-custom-marker":""},"yoast_head":"<!-- This site is optimized with the Yoast SEO Premium plugin v20.2.1 (Yoast SEO v22.2) - https:\/\/yoast.com\/wordpress\/plugins\/seo\/ -->\n<title>Cursillos di Cristianit\u00e0 incontro il 30 novembre a Gardolo<\/title>\n<meta name=\"description\" content=\"Cursillos di Cristianit\u00e0 incontro il 30 novembre a Gardolo per conoscersi e per riflettere sul senso del viaggio con una testimonianza\" \/>\n<meta name=\"robots\" content=\"index, follow, max-snippet:-1, max-image-preview:large, max-video-preview:-1\" \/>\n<link rel=\"canonical\" href=\"https:\/\/www.diocesitn.it\/area-testimonianza\/2024\/11\/22\/cursillos-di-cristianita-incontro-il-30-novembre-a-gardolo\/\" \/>\n<meta property=\"og:locale\" content=\"it_IT\" \/>\n<meta property=\"og:type\" content=\"article\" \/>\n<meta property=\"og:title\" content=\"Cursillos di Cristianit\u00e0, a Gardolo sabato 30 novembre un incontro per conoscere il Movimento e ascoltare la testimonianza di una famiglia in missione\" \/>\n<meta property=\"og:description\" content=\"Cursillos di Cristianit\u00e0 incontro il 30 novembre a Gardolo per conoscersi e per riflettere sul senso del viaggio con una testimonianza\" \/>\n<meta property=\"og:url\" content=\"https:\/\/www.diocesitn.it\/area-testimonianza\/2024\/11\/22\/cursillos-di-cristianita-incontro-il-30-novembre-a-gardolo\/\" \/>\n<meta property=\"og:site_name\" content=\"Testimonianza e Impegno sociale\" \/>\n<meta property=\"article:published_time\" content=\"2024-11-22T07:56:53+00:00\" \/>\n<meta property=\"article:modified_time\" content=\"2024-11-25T11:00:35+00:00\" \/>\n<meta property=\"og:image\" content=\"https:\/\/www.diocesitn.it\/area-testimonianza\/wp-content\/uploads\/sites\/37\/2024\/11\/distribuzione-cibo.jpeg\" \/>\n\t<meta property=\"og:image:width\" content=\"1560\" \/>\n\t<meta property=\"og:image:height\" content=\"995\" \/>\n\t<meta property=\"og:image:type\" content=\"image\/jpeg\" \/>\n<meta name=\"author\" content=\"cweiss\" \/>\n<meta name=\"twitter:card\" content=\"summary_large_image\" \/>\n<meta name=\"twitter:label1\" content=\"Scritto da\" \/>\n\t<meta name=\"twitter:data1\" content=\"cweiss\" \/>\n\t<meta name=\"twitter:label2\" content=\"Tempo di lettura stimato\" \/>\n\t<meta name=\"twitter:data2\" content=\"2 minuti\" \/>\n<script type=\"application\/ld+json\" class=\"yoast-schema-graph\">{\"@context\":\"https:\/\/schema.org\",\"@graph\":[{\"@type\":\"Article\",\"@id\":\"https:\/\/www.diocesitn.it\/area-testimonianza\/2024\/11\/22\/cursillos-di-cristianita-incontro-il-30-novembre-a-gardolo\/#article\",\"isPartOf\":{\"@id\":\"https:\/\/www.diocesitn.it\/area-testimonianza\/2024\/11\/22\/cursillos-di-cristianita-incontro-il-30-novembre-a-gardolo\/\"},\"author\":{\"name\":\"cweiss\",\"@id\":\"https:\/\/www.diocesitn.it\/area-testimonianza\/#\/schema\/person\/4d1771273d5fc5c33cf486f49f0d18fb\"},\"headline\":\"Cursillos di Cristianit\u00e0, a Gardolo sabato 30 novembre un incontro per conoscere il Movimento e ascoltare la testimonianza di una famiglia in missione\",\"datePublished\":\"2024-11-22T07:56:53+00:00\",\"dateModified\":\"2024-11-25T11:00:35+00:00\",\"mainEntityOfPage\":{\"@id\":\"https:\/\/www.diocesitn.it\/area-testimonianza\/2024\/11\/22\/cursillos-di-cristianita-incontro-il-30-novembre-a-gardolo\/\"},\"wordCount\":183,\"publisher\":{\"@id\":\"https:\/\/www.diocesitn.it\/area-testimonianza\/#organization\"},\"image\":{\"@id\":\"https:\/\/www.diocesitn.it\/area-testimonianza\/2024\/11\/22\/cursillos-di-cristianita-incontro-il-30-novembre-a-gardolo\/#primaryimage\"},\"thumbnailUrl\":\"https:\/\/www.diocesitn.it\/area-testimonianza\/wp-content\/uploads\/sites\/37\/2024\/11\/distribuzione-cibo.jpeg\",\"keywords\":[\"Cursillos di cristianit\u00e0\",\"Ecuador\",\"missione\"],\"articleSection\":[\"Notizie\",\"Pastorale Missionaria\"],\"inLanguage\":\"it-IT\",\"copyrightYear\":\"2024\",\"copyrightHolder\":{\"@id\":\"https:\/\/www.diocesitn.it\/#organization\"}},{\"@type\":\"WebPage\",\"@id\":\"https:\/\/www.diocesitn.it\/area-testimonianza\/2024\/11\/22\/cursillos-di-cristianita-incontro-il-30-novembre-a-gardolo\/\",\"url\":\"https:\/\/www.diocesitn.it\/area-testimonianza\/2024\/11\/22\/cursillos-di-cristianita-incontro-il-30-novembre-a-gardolo\/\",\"name\":\"Cursillos di Cristianit\u00e0 incontro il 30 novembre a Gardolo\",\"isPartOf\":{\"@id\":\"https:\/\/www.diocesitn.it\/area-testimonianza\/#website\"},\"primaryImageOfPage\":{\"@id\":\"https:\/\/www.diocesitn.it\/area-testimonianza\/2024\/11\/22\/cursillos-di-cristianita-incontro-il-30-novembre-a-gardolo\/#primaryimage\"},\"image\":{\"@id\":\"https:\/\/www.diocesitn.it\/area-testimonianza\/2024\/11\/22\/cursillos-di-cristianita-incontro-il-30-novembre-a-gardolo\/#primaryimage\"},\"thumbnailUrl\":\"https:\/\/www.diocesitn.it\/area-testimonianza\/wp-content\/uploads\/sites\/37\/2024\/11\/distribuzione-cibo.jpeg\",\"datePublished\":\"2024-11-22T07:56:53+00:00\",\"dateModified\":\"2024-11-25T11:00:35+00:00\",\"description\":\"Cursillos di Cristianit\u00e0 incontro il 30 novembre a Gardolo per conoscersi e per riflettere sul senso del viaggio con una testimonianza\",\"breadcrumb\":{\"@id\":\"https:\/\/www.diocesitn.it\/area-testimonianza\/2024\/11\/22\/cursillos-di-cristianita-incontro-il-30-novembre-a-gardolo\/#breadcrumb\"},\"inLanguage\":\"it-IT\",\"potentialAction\":[{\"@type\":\"ReadAction\",\"target\":[\"https:\/\/www.diocesitn.it\/area-testimonianza\/2024\/11\/22\/cursillos-di-cristianita-incontro-il-30-novembre-a-gardolo\/\"]}]},{\"@type\":\"ImageObject\",\"inLanguage\":\"it-IT\",\"@id\":\"https:\/\/www.diocesitn.it\/area-testimonianza\/2024\/11\/22\/cursillos-di-cristianita-incontro-il-30-novembre-a-gardolo\/#primaryimage\",\"url\":\"https:\/\/www.diocesitn.it\/area-testimonianza\/wp-content\/uploads\/sites\/37\/2024\/11\/distribuzione-cibo.jpeg\",\"contentUrl\":\"https:\/\/www.diocesitn.it\/area-testimonianza\/wp-content\/uploads\/sites\/37\/2024\/11\/distribuzione-cibo.jpeg\",\"width\":1560,\"height\":995},{\"@type\":\"BreadcrumbList\",\"@id\":\"https:\/\/www.diocesitn.it\/area-testimonianza\/2024\/11\/22\/cursillos-di-cristianita-incontro-il-30-novembre-a-gardolo\/#breadcrumb\",\"itemListElement\":[{\"@type\":\"ListItem\",\"position\":1,\"name\":\"Home\",\"item\":\"https:\/\/www.diocesitn.it\/area-testimonianza\/\"},{\"@type\":\"ListItem\",\"position\":2,\"name\":\"Cursillos di Cristianit\u00e0, a Gardolo sabato 30 novembre un incontro per conoscere il Movimento e ascoltare la testimonianza di una famiglia in missione\"}]},{\"@type\":\"WebSite\",\"@id\":\"https:\/\/www.diocesitn.it\/area-testimonianza\/#website\",\"url\":\"https:\/\/www.diocesitn.it\/area-testimonianza\/\",\"name\":\"Testimonianza e Impegno sociale\",\"description\":\"Chiesa di Trento\",\"publisher\":{\"@id\":\"https:\/\/www.diocesitn.it\/area-testimonianza\/#organization\"},\"potentialAction\":[{\"@type\":\"SearchAction\",\"target\":{\"@type\":\"EntryPoint\",\"urlTemplate\":\"https:\/\/www.diocesitn.it\/area-testimonianza\/?s={search_term_string}\"},\"query-input\":\"required name=search_term_string\"}],\"inLanguage\":\"it-IT\"},{\"@type\":[\"Organization\",\"Place\"],\"@id\":\"https:\/\/www.diocesitn.it\/area-testimonianza\/#organization\",\"name\":\"Area Testimonianza e Impegno Sociale - Chiesa di Trento\",\"url\":\"https:\/\/www.diocesitn.it\/area-testimonianza\/\",\"logo\":{\"@id\":\"https:\/\/www.diocesitn.it\/area-testimonianza\/2024\/11\/22\/cursillos-di-cristianita-incontro-il-30-novembre-a-gardolo\/#local-main-organization-logo\"},\"image\":{\"@id\":\"https:\/\/www.diocesitn.it\/area-testimonianza\/2024\/11\/22\/cursillos-di-cristianita-incontro-il-30-novembre-a-gardolo\/#local-main-organization-logo\"},\"openingHoursSpecification\":[{\"@type\":\"OpeningHoursSpecification\",\"dayOfWeek\":[\"Monday\",\"Tuesday\",\"Wednesday\",\"Thursday\",\"Friday\",\"Saturday\",\"Sunday\"],\"opens\":\"09:00\",\"closes\":\"17:00\"}]},{\"@type\":\"ImageObject\",\"inLanguage\":\"it-IT\",\"@id\":\"https:\/\/www.diocesitn.it\/area-testimonianza\/2024\/11\/22\/cursillos-di-cristianita-incontro-il-30-novembre-a-gardolo\/#local-main-organization-logo\",\"url\":\"https:\/\/www.diocesitn.it\/area-testimonianza\/wp-content\/uploads\/sites\/37\/2021\/09\/og-logo-testimonianza-e-impegno-sociale.jpg\",\"contentUrl\":\"https:\/\/www.diocesitn.it\/area-testimonianza\/wp-content\/uploads\/sites\/37\/2021\/09\/og-logo-testimonianza-e-impegno-sociale.jpg\",\"width\":1200,\"height\":630,\"caption\":\"Area Testimonianza e Impegno Sociale - Chiesa di Trento\"}]}<\/script>\n<!-- \/ Yoast SEO Premium plugin. -->","yoast_head_json":{"title":"Cursillos di Cristianit\u00e0 incontro il 30 novembre a Gardolo","description":"Cursillos di Cristianit\u00e0 incontro il 30 novembre a Gardolo per conoscersi e per riflettere sul senso del viaggio con una testimonianza","robots":{"index":"index","follow":"follow","max-snippet":"max-snippet:-1","max-image-preview":"max-image-preview:large","max-video-preview":"max-video-preview:-1"},"canonical":"https:\/\/www.diocesitn.it\/area-testimonianza\/2024\/11\/22\/cursillos-di-cristianita-incontro-il-30-novembre-a-gardolo\/","og_locale":"it_IT","og_type":"article","og_title":"Cursillos di Cristianit\u00e0, a Gardolo sabato 30 novembre un incontro per conoscere il Movimento e ascoltare la testimonianza di una famiglia in missione","og_description":"Cursillos di Cristianit\u00e0 incontro il 30 novembre a Gardolo per conoscersi e per riflettere sul senso del viaggio con una testimonianza","og_url":"https:\/\/www.diocesitn.it\/area-testimonianza\/2024\/11\/22\/cursillos-di-cristianita-incontro-il-30-novembre-a-gardolo\/","og_site_name":"Testimonianza e Impegno sociale","article_published_time":"2024-11-22T07:56:53+00:00","article_modified_time":"2024-11-25T11:00:35+00:00","og_image":[{"width":1560,"height":995,"url":"https:\/\/www.diocesitn.it\/area-testimonianza\/wp-content\/uploads\/sites\/37\/2024\/11\/distribuzione-cibo.jpeg","type":"image\/jpeg"}],"author":"cweiss","twitter_card":"summary_large_image","twitter_misc":{"Scritto da":"cweiss","Tempo di lettura stimato":"2 minuti"},"schema":{"@context":"https:\/\/schema.org","@graph":[{"@type":"Article","@id":"https:\/\/www.diocesitn.it\/area-testimonianza\/2024\/11\/22\/cursillos-di-cristianita-incontro-il-30-novembre-a-gardolo\/#article","isPartOf":{"@id":"https:\/\/www.diocesitn.it\/area-testimonianza\/2024\/11\/22\/cursillos-di-cristianita-incontro-il-30-novembre-a-gardolo\/"},"author":{"name":"cweiss","@id":"https:\/\/www.diocesitn.it\/area-testimonianza\/#\/schema\/person\/4d1771273d5fc5c33cf486f49f0d18fb"},"headline":"Cursillos di Cristianit\u00e0, a Gardolo sabato 30 novembre un incontro per conoscere il Movimento e ascoltare la testimonianza di una famiglia in missione","datePublished":"2024-11-22T07:56:53+00:00","dateModified":"2024-11-25T11:00:35+00:00","mainEntityOfPage":{"@id":"https:\/\/www.diocesitn.it\/area-testimonianza\/2024\/11\/22\/cursillos-di-cristianita-incontro-il-30-novembre-a-gardolo\/"},"wordCount":183,"publisher":{"@id":"https:\/\/www.diocesitn.it\/area-testimonianza\/#organization"},"image":{"@id":"https:\/\/www.diocesitn.it\/area-testimonianza\/2024\/11\/22\/cursillos-di-cristianita-incontro-il-30-novembre-a-gardolo\/#primaryimage"},"thumbnailUrl":"https:\/\/www.diocesitn.it\/area-testimonianza\/wp-content\/uploads\/sites\/37\/2024\/11\/distribuzione-cibo.jpeg","keywords":["Cursillos di cristianit\u00e0","Ecuador","missione"],"articleSection":["Notizie","Pastorale Missionaria"],"inLanguage":"it-IT","copyrightYear":"2024","copyrightHolder":{"@id":"https:\/\/www.diocesitn.it\/#organization"}},{"@type":"WebPage","@id":"https:\/\/www.diocesitn.it\/area-testimonianza\/2024\/11\/22\/cursillos-di-cristianita-incontro-il-30-novembre-a-gardolo\/","url":"https:\/\/www.diocesitn.it\/area-testimonianza\/2024\/11\/22\/cursillos-di-cristianita-incontro-il-30-novembre-a-gardolo\/","name":"Cursillos di Cristianit\u00e0 incontro il 30 novembre a Gardolo","isPartOf":{"@id":"https:\/\/www.diocesitn.it\/area-testimonianza\/#website"},"primaryImageOfPage":{"@id":"https:\/\/www.diocesitn.it\/area-testimonianza\/2024\/11\/22\/cursillos-di-cristianita-incontro-il-30-novembre-a-gardolo\/#primaryimage"},"image":{"@id":"https:\/\/www.diocesitn.it\/area-testimonianza\/2024\/11\/22\/cursillos-di-cristianita-incontro-il-30-novembre-a-gardolo\/#primaryimage"},"thumbnailUrl":"https:\/\/www.diocesitn.it\/area-testimonianza\/wp-content\/uploads\/sites\/37\/2024\/11\/distribuzione-cibo.jpeg","datePublished":"2024-11-22T07:56:53+00:00","dateModified":"2024-11-25T11:00:35+00:00","description":"Cursillos di Cristianit\u00e0 incontro il 30 novembre a Gardolo per conoscersi e per riflettere sul senso del viaggio con una testimonianza","breadcrumb":{"@id":"https:\/\/www.diocesitn.it\/area-testimonianza\/2024\/11\/22\/cursillos-di-cristianita-incontro-il-30-novembre-a-gardolo\/#breadcrumb"},"inLanguage":"it-IT","potentialAction":[{"@type":"ReadAction","target":["https:\/\/www.diocesitn.it\/area-testimonianza\/2024\/11\/22\/cursillos-di-cristianita-incontro-il-30-novembre-a-gardolo\/"]}]},{"@type":"ImageObject","inLanguage":"it-IT","@id":"https:\/\/www.diocesitn.it\/area-testimonianza\/2024\/11\/22\/cursillos-di-cristianita-incontro-il-30-novembre-a-gardolo\/#primaryimage","url":"https:\/\/www.diocesitn.it\/area-testimonianza\/wp-content\/uploads\/sites\/37\/2024\/11\/distribuzione-cibo.jpeg","contentUrl":"https:\/\/www.diocesitn.it\/area-testimonianza\/wp-content\/uploads\/sites\/37\/2024\/11\/distribuzione-cibo.jpeg","width":1560,"height":995},{"@type":"BreadcrumbList","@id":"https:\/\/www.diocesitn.it\/area-testimonianza\/2024\/11\/22\/cursillos-di-cristianita-incontro-il-30-novembre-a-gardolo\/#breadcrumb","itemListElement":[{"@type":"ListItem","position":1,"name":"Home","item":"https:\/\/www.diocesitn.it\/area-testimonianza\/"},{"@type":"ListItem","position":2,"name":"Cursillos di Cristianit\u00e0, a Gardolo sabato 30 novembre un incontro per conoscere il Movimento e ascoltare la testimonianza di una famiglia in missione"}]},{"@type":"WebSite","@id":"https:\/\/www.diocesitn.it\/area-testimonianza\/#website","url":"https:\/\/www.diocesitn.it\/area-testimonianza\/","name":"Testimonianza e Impegno sociale","description":"Chiesa di Trento","publisher":{"@id":"https:\/\/www.diocesitn.it\/area-testimonianza\/#organization"},"potentialAction":[{"@type":"SearchAction","target":{"@type":"EntryPoint","urlTemplate":"https:\/\/www.diocesitn.it\/area-testimonianza\/?s={search_term_string}"},"query-input":"required name=search_term_string"}],"inLanguage":"it-IT"},{"@type":["Organization","Place"],"@id":"https:\/\/www.diocesitn.it\/area-testimonianza\/#organization","name":"Area Testimonianza e Impegno Sociale - Chiesa di Trento","url":"https:\/\/www.diocesitn.it\/area-testimonianza\/","logo":{"@id":"https:\/\/www.diocesitn.it\/area-testimonianza\/2024\/11\/22\/cursillos-di-cristianita-incontro-il-30-novembre-a-gardolo\/#local-main-organization-logo"},"image":{"@id":"https:\/\/www.diocesitn.it\/area-testimonianza\/2024\/11\/22\/cursillos-di-cristianita-incontro-il-30-novembre-a-gardolo\/#local-main-organization-logo"},"openingHoursSpecification":[{"@type":"OpeningHoursSpecification","dayOfWeek":["Monday","Tuesday","Wednesday","Thursday","Friday","Saturday","Sunday"],"opens":"09:00","closes":"17:00"}]},{"@type":"ImageObject","inLanguage":"it-IT","@id":"https:\/\/www.diocesitn.it\/area-testimonianza\/2024\/11\/22\/cursillos-di-cristianita-incontro-il-30-novembre-a-gardolo\/#local-main-organization-logo","url":"https:\/\/www.diocesitn.it\/area-testimonianza\/wp-content\/uploads\/sites\/37\/2021\/09\/og-logo-testimonianza-e-impegno-sociale.jpg","contentUrl":"https:\/\/www.diocesitn.it\/area-testimonianza\/wp-content\/uploads\/sites\/37\/2021\/09\/og-logo-testimonianza-e-impegno-sociale.jpg","width":1200,"height":630,"caption":"Area Testimonianza e Impegno Sociale - Chiesa di Trento"}]}},"_links":{"self":[{"href":"https:\/\/www.diocesitn.it\/area-testimonianza\/wp-json\/wp\/v2\/posts\/16530","targetHints":{"allow":["GET"]}}],"collection":[{"href":"https:\/\/www.diocesitn.it\/area-testimonianza\/wp-json\/wp\/v2\/posts"}],"about":[{"href":"https:\/\/www.diocesitn.it\/area-testimonianza\/wp-json\/wp\/v2\/types\/post"}],"author":[{"embeddable":true,"href":"https:\/\/www.diocesitn.it\/area-testimonianza\/wp-json\/wp\/v2\/users\/177"}],"replies":[{"embeddable":true,"href":"https:\/\/www.diocesitn.it\/area-testimonianza\/wp-json\/wp\/v2\/comments?post=16530"}],"version-history":[{"count":1,"href":"https:\/\/www.diocesitn.it\/area-testimonianza\/wp-json\/wp\/v2\/posts\/16530\/revisions"}],"predecessor-version":[{"id":16533,"href":"https:\/\/www.diocesitn.it\/area-testimonianza\/wp-json\/wp\/v2\/posts\/16530\/revisions\/16533"}],"wp:featuredmedia":[{"embeddable":true,"href":"https:\/\/www.diocesitn.it\/area-testimonianza\/wp-json\/wp\/v2\/media\/16531"}],"wp:attachment":[{"href":"https:\/\/www.diocesitn.it\/area-testimonianza\/wp-json\/wp\/v2\/media?parent=16530"}],"wp:term":[{"taxonomy":"category","embeddable":true,"href":"https:\/\/www.diocesitn.it\/area-testimonianza\/wp-json\/wp\/v2\/categories?post=16530"},{"taxonomy":"post_tag","embeddable":true,"href":"https:\/\/www.diocesitn.it\/area-testimonianza\/wp-json\/wp\/v2\/tags?post=16530"}],"curies":[{"name":"wp","href":"https:\/\/api.w.org\/{rel}","templated":true}]}}