{"id":16520,"date":"2024-11-22T12:00:37","date_gmt":"2024-11-22T11:00:37","guid":{"rendered":"https:\/\/www.diocesitn.it\/area-testimonianza\/2024\/11\/22\/luca-attanasio-uomo-di-pace-incontro-il-27-novembre-al-vigilianum\/"},"modified":"2025-02-20T11:09:04","modified_gmt":"2025-02-20T10:09:04","slug":"luca-attanasio-uomo-di-pace-incontro-il-27-novembre-al-vigilianum","status":"publish","type":"post","link":"https:\/\/www.diocesitn.it\/area-testimonianza\/2024\/11\/22\/luca-attanasio-uomo-di-pace-incontro-il-27-novembre-al-vigilianum\/","title":{"rendered":"&#8220;Attanasio, ambasciatore di pace&#8221;: il 27 novembre al Vigilianum i genitori raccontano la testimonianza del figlio Luca"},"content":{"rendered":"<p>Mercoled\u00ec<strong> 27 novembre<\/strong> alle <strong>18<\/strong>, <strong>Alida e Salvatore Attanasio<\/strong>, genitori di <strong>Luca Attanasio<\/strong>, ambasciatore morto nel 2021 nella <strong>Repubblica Democratica del Congo<\/strong>, saranno presenti al <strong>Vigilianum<\/strong> (via Endrici 14) per portare la testimonianza di pace e di impegno civile di loro figlio. L&#8217;incontro, che fa parte di un ciclo pi\u00f9 ampio, \u00e8 organizzato in collaborazione con l&#8217;<strong>Area testimonianza e impegno sociale<\/strong> della <strong>Pastorale missionaria<\/strong>. Sar\u00e0 presente anche l&#8217;arcivescovo <strong>Lauro Tisi<\/strong>.<\/p>\n<p>Il 22 febbraio 2021 un convoglio del<strong> Programma alimentare mondiale<\/strong> che si trovava nei pressi di Kibumba, zona congolese non distante dal confine con il Ruanda, venne attaccato da un gruppo armato. Nello scontro a fuoco rimase gravemente ferito l&#8217;ambasciatore Luca Attanasio, che mor\u00ec poco dopo all&#8217;ospedale dell&#8217;Onu a Goma, e restarono uccisi l&#8217;autista del convoglio, il congolese <strong>Mustapha Milambo<\/strong>, e il carabiniere della scorta, <strong>Vittorio Iacovacci<\/strong>.<\/p>\n<p>La morte di Attanasio ha addolorato non solo perch\u00e9 \u00e8 stato un ambasciatore italiano ucciso nell&#8217;adempimento delle sue funzioni, ma soprattutto perch\u00e9 era un <strong>uomo di pace<\/strong>, sensibile alle emergenze sociali del continente africano, impegnato nella difesa degli ultimi e attivo in molti programmi di aiuto promossi dalla <strong>Comunit\u00e0 di Sant&#8217;Egidio<\/strong>. Questa dedizione alla fratellanza ha valso ad Attanasio nel 2020 il <strong>Premio internazionale Nassiriya<\/strong> <strong>per la pace<\/strong> \u00abper il suo impegno volto alla salvaguardia della pace tra i popoli\u00bb.<\/p>\n<p>Dal 2021 i genitori Alida e Salvatore mantengono viva la memoria di Luca e del suo <strong>impegno per la pace<\/strong>. Una<strong> missione di speranza e cambiamento<\/strong> che si rispecchia in quella che Luca Attanasio ha incarnato durante la sua vita e che continua a vivere attraverso i suoi genitori.<\/p>\n<p>\u00c8 questa anche la sfida raccolta da <strong>Via Pacis<\/strong>, associazione impegnata nella promozione della pace, della solidariet\u00e0 e della giustizia nel mondo<span style=\"font-size: inherit\">: cercare di vivere ogni giorno il <strong>Vangelo della pace<\/strong> nella propria quotidianit\u00e0 per essere goccia di speranza capace di arrivare ai confini del mondo attraverso parole di pace e fraternit\u00e0.<\/span><\/p>\n<p>Da qui l&#8217;idea di un <strong>ciclo di eventi<\/strong> aperti a tutti: il primo al Vigilianum il 27 novembre e poi a seguire <strong>gioved\u00ec 28<\/strong> a <strong>Tione<\/strong> alle 20.30 all&#8217;auditorium Guetti (in via Durone 53, prenotazione obbligatoria al\u00a0<a style=\"background-color: #ffffff\" href=\"http:\/\/www.viapacis.info-TIONE\"><strong>link<\/strong><\/a>) e infine, ad <strong>Arco venerd\u00ec 29 novembre<\/strong> alle 20.30 al Centro internazionale Via Pacis (in via Monte Baldo 5), presente padre <strong>Fran\u00e7ois Kangalo Kulongisa<\/strong>, cappellano dell&#8217;ospedale di Arco, originario della Repubblica Democratica del Congo e che ha conosciuto Luca durante il suo servizio (posti limitati, prenotazione obbligatoria al\u00a0<a style=\"background-color: #ffffff\" href=\"http:\/\/www.viapacis.info-ARCO\"><strong>link<\/strong><\/a>).<\/p>\n<p>Oltre a questi incontri pubblici i signori Attanasio incontreranno pi\u00f9 di mille studenti al <strong>liceo Da Vinci di Trento<\/strong>, all&#8217;<strong>istituto Guetti di Tione<\/strong> e al <strong>Gardascuola<\/strong> di <strong>Arco<\/strong> nelle mattine del 27, del 28 e del 29 novembre.<\/p>\n<p>Maggiori informazioni e prenotazioni sul <a href=\"http:\/\/www.viapacis.info\"><strong>sito<\/strong><\/a>.<\/p>\n<p><a href=\"https:\/\/www.diocesitn.it\/area-testimonianza\/wp-content\/uploads\/sites\/37\/2024\/11\/Trento-locandina-quadrata-per-IG.png\"><img loading=\"lazy\" decoding=\"async\" class=\"alignleft wp-image-16351 size-medium\" src=\"https:\/\/www.diocesitn.it\/area-testimonianza\/wp-content\/uploads\/sites\/37\/2024\/11\/Trento-locandina-quadrata-per-IG-300x300.png\" alt=\"\" width=\"300\" height=\"300\" srcset=\"https:\/\/www.diocesitn.it\/area-testimonianza\/wp-content\/uploads\/sites\/37\/2024\/11\/Trento-locandina-quadrata-per-IG-300x300.png 300w, https:\/\/www.diocesitn.it\/area-testimonianza\/wp-content\/uploads\/sites\/37\/2024\/11\/Trento-locandina-quadrata-per-IG-1024x1024.png 1024w, https:\/\/www.diocesitn.it\/area-testimonianza\/wp-content\/uploads\/sites\/37\/2024\/11\/Trento-locandina-quadrata-per-IG-150x150.png 150w, https:\/\/www.diocesitn.it\/area-testimonianza\/wp-content\/uploads\/sites\/37\/2024\/11\/Trento-locandina-quadrata-per-IG-768x768.png 768w, https:\/\/www.diocesitn.it\/area-testimonianza\/wp-content\/uploads\/sites\/37\/2024\/11\/Trento-locandina-quadrata-per-IG-200x200.png 200w, https:\/\/www.diocesitn.it\/area-testimonianza\/wp-content\/uploads\/sites\/37\/2024\/11\/Trento-locandina-quadrata-per-IG-280x280.png 280w, https:\/\/www.diocesitn.it\/area-testimonianza\/wp-content\/uploads\/sites\/37\/2024\/11\/Trento-locandina-quadrata-per-IG-800x800.png 800w, https:\/\/www.diocesitn.it\/area-testimonianza\/wp-content\/uploads\/sites\/37\/2024\/11\/Trento-locandina-quadrata-per-IG.png 1080w\" sizes=\"auto, (max-width: 300px) 100vw, 300px\" \/><\/a><\/p>\n","protected":false},"excerpt":{"rendered":"<p>Mercoled\u00ec 27 novembre alle 18, Alida e Salvatore Attanasio, genitori di Luca Attanasio, ambasciatore morto nel 2021 nella Repubblica Democratica del Congo, saranno presenti al Vigilianum (via Endrici 14) per portare la testimonianza di pace<\/p>\n","protected":false},"author":177,"featured_media":16521,"comment_status":"closed","ping_status":"closed","sticky":false,"template":"","format":"standard","meta":{"footnotes":""},"categories":[1074,1151],"tags":[2411,2104,1660],"class_list":["post-16520","post","type-post","status-publish","format-standard","has-post-thumbnail","hentry","category-notizie","category-servizio-missionario","tag-luca-attanasio","tag-via-pacis","tag-vigilianum"],"acf":{"seed-localization-paese-cod":"IT","seed-localization-address":"","seed-localization-citta":"Trento","seed-localization-regione-cod-istat":"04","seed-localization-citta-cod-istat":"022205","seed-localization-localita":"","seed-localization-cap":"","seed-localization-marker-visibility":false,"seed-localization-children-visibility":false,"seed-localization-kml":"","seed-localization-custom-marker":""},"yoast_head":"<!-- This site is optimized with the Yoast SEO Premium plugin v20.2.1 (Yoast SEO v22.2) - https:\/\/yoast.com\/wordpress\/plugins\/seo\/ -->\n<title>Luca Attanasio uomo di pace: incontro il 27 novembre al Vigilianum<\/title>\n<meta name=\"description\" content=\"Luca Attanasio uomo di pace: incontro il 27 novembre al Vigilianum con i genitori di Luca e il vescovo Lauro\" \/>\n<meta name=\"robots\" content=\"index, follow, max-snippet:-1, max-image-preview:large, max-video-preview:-1\" \/>\n<link rel=\"canonical\" href=\"https:\/\/www.diocesitn.it\/area-testimonianza\/2024\/11\/22\/luca-attanasio-uomo-di-pace-incontro-il-27-novembre-al-vigilianum\/\" \/>\n<meta property=\"og:locale\" content=\"it_IT\" \/>\n<meta property=\"og:type\" content=\"article\" \/>\n<meta property=\"og:title\" content=\"&quot;Attanasio, ambasciatore di pace&quot;: il 27 novembre al Vigilianum i genitori raccontano la testimonianza del figlio Luca\" \/>\n<meta property=\"og:description\" content=\"Luca Attanasio uomo di pace: incontro il 27 novembre al Vigilianum con i genitori di Luca e il vescovo Lauro\" \/>\n<meta property=\"og:url\" content=\"https:\/\/www.diocesitn.it\/area-testimonianza\/2024\/11\/22\/luca-attanasio-uomo-di-pace-incontro-il-27-novembre-al-vigilianum\/\" \/>\n<meta property=\"og:site_name\" content=\"Testimonianza e Impegno sociale\" \/>\n<meta property=\"article:published_time\" content=\"2024-11-22T11:00:37+00:00\" \/>\n<meta property=\"article:modified_time\" content=\"2025-02-20T10:09:04+00:00\" \/>\n<meta property=\"og:image\" content=\"https:\/\/www.diocesitn.it\/area-testimonianza\/wp-content\/uploads\/sites\/37\/2024\/11\/attanasio2.png\" \/>\n\t<meta property=\"og:image:width\" content=\"879\" \/>\n\t<meta property=\"og:image:height\" content=\"530\" \/>\n\t<meta property=\"og:image:type\" content=\"image\/png\" \/>\n<meta name=\"author\" content=\"cweiss\" \/>\n<meta name=\"twitter:card\" content=\"summary_large_image\" \/>\n<meta name=\"twitter:label1\" content=\"Scritto da\" \/>\n\t<meta name=\"twitter:data1\" content=\"cweiss\" \/>\n\t<meta name=\"twitter:label2\" content=\"Tempo di lettura stimato\" \/>\n\t<meta name=\"twitter:data2\" content=\"3 minuti\" \/>\n<script type=\"application\/ld+json\" class=\"yoast-schema-graph\">{\"@context\":\"https:\/\/schema.org\",\"@graph\":[{\"@type\":\"Article\",\"@id\":\"https:\/\/www.diocesitn.it\/area-testimonianza\/2024\/11\/22\/luca-attanasio-uomo-di-pace-incontro-il-27-novembre-al-vigilianum\/#article\",\"isPartOf\":{\"@id\":\"https:\/\/www.diocesitn.it\/area-testimonianza\/2024\/11\/22\/luca-attanasio-uomo-di-pace-incontro-il-27-novembre-al-vigilianum\/\"},\"author\":{\"name\":\"cweiss\",\"@id\":\"https:\/\/www.diocesitn.it\/area-testimonianza\/#\/schema\/person\/4d1771273d5fc5c33cf486f49f0d18fb\"},\"headline\":\"&#8220;Attanasio, ambasciatore di pace&#8221;: il 27 novembre al Vigilianum i genitori raccontano la testimonianza del figlio Luca\",\"datePublished\":\"2024-11-22T11:00:37+00:00\",\"dateModified\":\"2025-02-20T10:09:04+00:00\",\"mainEntityOfPage\":{\"@id\":\"https:\/\/www.diocesitn.it\/area-testimonianza\/2024\/11\/22\/luca-attanasio-uomo-di-pace-incontro-il-27-novembre-al-vigilianum\/\"},\"wordCount\":445,\"publisher\":{\"@id\":\"https:\/\/www.diocesitn.it\/area-testimonianza\/#organization\"},\"image\":{\"@id\":\"https:\/\/www.diocesitn.it\/area-testimonianza\/2024\/11\/22\/luca-attanasio-uomo-di-pace-incontro-il-27-novembre-al-vigilianum\/#primaryimage\"},\"thumbnailUrl\":\"https:\/\/www.diocesitn.it\/area-testimonianza\/wp-content\/uploads\/sites\/37\/2024\/11\/attanasio2.png\",\"keywords\":[\"Luca Attanasio\",\"Via Pacis\",\"Vigilianum\"],\"articleSection\":[\"Notizie\",\"Pastorale Missionaria\"],\"inLanguage\":\"it-IT\",\"copyrightYear\":\"2024\",\"copyrightHolder\":{\"@id\":\"https:\/\/www.diocesitn.it\/#organization\"}},{\"@type\":\"WebPage\",\"@id\":\"https:\/\/www.diocesitn.it\/area-testimonianza\/2024\/11\/22\/luca-attanasio-uomo-di-pace-incontro-il-27-novembre-al-vigilianum\/\",\"url\":\"https:\/\/www.diocesitn.it\/area-testimonianza\/2024\/11\/22\/luca-attanasio-uomo-di-pace-incontro-il-27-novembre-al-vigilianum\/\",\"name\":\"Luca Attanasio uomo di pace: incontro il 27 novembre al Vigilianum\",\"isPartOf\":{\"@id\":\"https:\/\/www.diocesitn.it\/area-testimonianza\/#website\"},\"primaryImageOfPage\":{\"@id\":\"https:\/\/www.diocesitn.it\/area-testimonianza\/2024\/11\/22\/luca-attanasio-uomo-di-pace-incontro-il-27-novembre-al-vigilianum\/#primaryimage\"},\"image\":{\"@id\":\"https:\/\/www.diocesitn.it\/area-testimonianza\/2024\/11\/22\/luca-attanasio-uomo-di-pace-incontro-il-27-novembre-al-vigilianum\/#primaryimage\"},\"thumbnailUrl\":\"https:\/\/www.diocesitn.it\/area-testimonianza\/wp-content\/uploads\/sites\/37\/2024\/11\/attanasio2.png\",\"datePublished\":\"2024-11-22T11:00:37+00:00\",\"dateModified\":\"2025-02-20T10:09:04+00:00\",\"description\":\"Luca Attanasio uomo di pace: incontro il 27 novembre al Vigilianum con i genitori di Luca e il vescovo Lauro\",\"breadcrumb\":{\"@id\":\"https:\/\/www.diocesitn.it\/area-testimonianza\/2024\/11\/22\/luca-attanasio-uomo-di-pace-incontro-il-27-novembre-al-vigilianum\/#breadcrumb\"},\"inLanguage\":\"it-IT\",\"potentialAction\":[{\"@type\":\"ReadAction\",\"target\":[\"https:\/\/www.diocesitn.it\/area-testimonianza\/2024\/11\/22\/luca-attanasio-uomo-di-pace-incontro-il-27-novembre-al-vigilianum\/\"]}]},{\"@type\":\"ImageObject\",\"inLanguage\":\"it-IT\",\"@id\":\"https:\/\/www.diocesitn.it\/area-testimonianza\/2024\/11\/22\/luca-attanasio-uomo-di-pace-incontro-il-27-novembre-al-vigilianum\/#primaryimage\",\"url\":\"https:\/\/www.diocesitn.it\/area-testimonianza\/wp-content\/uploads\/sites\/37\/2024\/11\/attanasio2.png\",\"contentUrl\":\"https:\/\/www.diocesitn.it\/area-testimonianza\/wp-content\/uploads\/sites\/37\/2024\/11\/attanasio2.png\",\"width\":879,\"height\":530},{\"@type\":\"BreadcrumbList\",\"@id\":\"https:\/\/www.diocesitn.it\/area-testimonianza\/2024\/11\/22\/luca-attanasio-uomo-di-pace-incontro-il-27-novembre-al-vigilianum\/#breadcrumb\",\"itemListElement\":[{\"@type\":\"ListItem\",\"position\":1,\"name\":\"Home\",\"item\":\"https:\/\/www.diocesitn.it\/area-testimonianza\/\"},{\"@type\":\"ListItem\",\"position\":2,\"name\":\"&#8220;Attanasio, ambasciatore di pace&#8221;: il 27 novembre al Vigilianum i genitori raccontano la testimonianza del figlio Luca\"}]},{\"@type\":\"WebSite\",\"@id\":\"https:\/\/www.diocesitn.it\/area-testimonianza\/#website\",\"url\":\"https:\/\/www.diocesitn.it\/area-testimonianza\/\",\"name\":\"Testimonianza e Impegno sociale\",\"description\":\"Chiesa di Trento\",\"publisher\":{\"@id\":\"https:\/\/www.diocesitn.it\/area-testimonianza\/#organization\"},\"potentialAction\":[{\"@type\":\"SearchAction\",\"target\":{\"@type\":\"EntryPoint\",\"urlTemplate\":\"https:\/\/www.diocesitn.it\/area-testimonianza\/?s={search_term_string}\"},\"query-input\":\"required name=search_term_string\"}],\"inLanguage\":\"it-IT\"},{\"@type\":[\"Organization\",\"Place\"],\"@id\":\"https:\/\/www.diocesitn.it\/area-testimonianza\/#organization\",\"name\":\"Area Testimonianza e Impegno Sociale - Chiesa di Trento\",\"url\":\"https:\/\/www.diocesitn.it\/area-testimonianza\/\",\"logo\":{\"@id\":\"https:\/\/www.diocesitn.it\/area-testimonianza\/2024\/11\/22\/luca-attanasio-uomo-di-pace-incontro-il-27-novembre-al-vigilianum\/#local-main-organization-logo\"},\"image\":{\"@id\":\"https:\/\/www.diocesitn.it\/area-testimonianza\/2024\/11\/22\/luca-attanasio-uomo-di-pace-incontro-il-27-novembre-al-vigilianum\/#local-main-organization-logo\"},\"openingHoursSpecification\":[{\"@type\":\"OpeningHoursSpecification\",\"dayOfWeek\":[\"Monday\",\"Tuesday\",\"Wednesday\",\"Thursday\",\"Friday\",\"Saturday\",\"Sunday\"],\"opens\":\"09:00\",\"closes\":\"17:00\"}]},{\"@type\":\"ImageObject\",\"inLanguage\":\"it-IT\",\"@id\":\"https:\/\/www.diocesitn.it\/area-testimonianza\/2024\/11\/22\/luca-attanasio-uomo-di-pace-incontro-il-27-novembre-al-vigilianum\/#local-main-organization-logo\",\"url\":\"https:\/\/www.diocesitn.it\/area-testimonianza\/wp-content\/uploads\/sites\/37\/2021\/09\/og-logo-testimonianza-e-impegno-sociale.jpg\",\"contentUrl\":\"https:\/\/www.diocesitn.it\/area-testimonianza\/wp-content\/uploads\/sites\/37\/2021\/09\/og-logo-testimonianza-e-impegno-sociale.jpg\",\"width\":1200,\"height\":630,\"caption\":\"Area Testimonianza e Impegno Sociale - Chiesa di Trento\"}]}<\/script>\n<!-- \/ Yoast SEO Premium plugin. -->","yoast_head_json":{"title":"Luca Attanasio uomo di pace: incontro il 27 novembre al Vigilianum","description":"Luca Attanasio uomo di pace: incontro il 27 novembre al Vigilianum con i genitori di Luca e il vescovo Lauro","robots":{"index":"index","follow":"follow","max-snippet":"max-snippet:-1","max-image-preview":"max-image-preview:large","max-video-preview":"max-video-preview:-1"},"canonical":"https:\/\/www.diocesitn.it\/area-testimonianza\/2024\/11\/22\/luca-attanasio-uomo-di-pace-incontro-il-27-novembre-al-vigilianum\/","og_locale":"it_IT","og_type":"article","og_title":"\"Attanasio, ambasciatore di pace\": il 27 novembre al Vigilianum i genitori raccontano la testimonianza del figlio Luca","og_description":"Luca Attanasio uomo di pace: incontro il 27 novembre al Vigilianum con i genitori di Luca e il vescovo Lauro","og_url":"https:\/\/www.diocesitn.it\/area-testimonianza\/2024\/11\/22\/luca-attanasio-uomo-di-pace-incontro-il-27-novembre-al-vigilianum\/","og_site_name":"Testimonianza e Impegno sociale","article_published_time":"2024-11-22T11:00:37+00:00","article_modified_time":"2025-02-20T10:09:04+00:00","og_image":[{"width":879,"height":530,"url":"https:\/\/www.diocesitn.it\/area-testimonianza\/wp-content\/uploads\/sites\/37\/2024\/11\/attanasio2.png","type":"image\/png"}],"author":"cweiss","twitter_card":"summary_large_image","twitter_misc":{"Scritto da":"cweiss","Tempo di lettura stimato":"3 minuti"},"schema":{"@context":"https:\/\/schema.org","@graph":[{"@type":"Article","@id":"https:\/\/www.diocesitn.it\/area-testimonianza\/2024\/11\/22\/luca-attanasio-uomo-di-pace-incontro-il-27-novembre-al-vigilianum\/#article","isPartOf":{"@id":"https:\/\/www.diocesitn.it\/area-testimonianza\/2024\/11\/22\/luca-attanasio-uomo-di-pace-incontro-il-27-novembre-al-vigilianum\/"},"author":{"name":"cweiss","@id":"https:\/\/www.diocesitn.it\/area-testimonianza\/#\/schema\/person\/4d1771273d5fc5c33cf486f49f0d18fb"},"headline":"&#8220;Attanasio, ambasciatore di pace&#8221;: il 27 novembre al Vigilianum i genitori raccontano la testimonianza del figlio Luca","datePublished":"2024-11-22T11:00:37+00:00","dateModified":"2025-02-20T10:09:04+00:00","mainEntityOfPage":{"@id":"https:\/\/www.diocesitn.it\/area-testimonianza\/2024\/11\/22\/luca-attanasio-uomo-di-pace-incontro-il-27-novembre-al-vigilianum\/"},"wordCount":445,"publisher":{"@id":"https:\/\/www.diocesitn.it\/area-testimonianza\/#organization"},"image":{"@id":"https:\/\/www.diocesitn.it\/area-testimonianza\/2024\/11\/22\/luca-attanasio-uomo-di-pace-incontro-il-27-novembre-al-vigilianum\/#primaryimage"},"thumbnailUrl":"https:\/\/www.diocesitn.it\/area-testimonianza\/wp-content\/uploads\/sites\/37\/2024\/11\/attanasio2.png","keywords":["Luca Attanasio","Via Pacis","Vigilianum"],"articleSection":["Notizie","Pastorale Missionaria"],"inLanguage":"it-IT","copyrightYear":"2024","copyrightHolder":{"@id":"https:\/\/www.diocesitn.it\/#organization"}},{"@type":"WebPage","@id":"https:\/\/www.diocesitn.it\/area-testimonianza\/2024\/11\/22\/luca-attanasio-uomo-di-pace-incontro-il-27-novembre-al-vigilianum\/","url":"https:\/\/www.diocesitn.it\/area-testimonianza\/2024\/11\/22\/luca-attanasio-uomo-di-pace-incontro-il-27-novembre-al-vigilianum\/","name":"Luca Attanasio uomo di pace: incontro il 27 novembre al Vigilianum","isPartOf":{"@id":"https:\/\/www.diocesitn.it\/area-testimonianza\/#website"},"primaryImageOfPage":{"@id":"https:\/\/www.diocesitn.it\/area-testimonianza\/2024\/11\/22\/luca-attanasio-uomo-di-pace-incontro-il-27-novembre-al-vigilianum\/#primaryimage"},"image":{"@id":"https:\/\/www.diocesitn.it\/area-testimonianza\/2024\/11\/22\/luca-attanasio-uomo-di-pace-incontro-il-27-novembre-al-vigilianum\/#primaryimage"},"thumbnailUrl":"https:\/\/www.diocesitn.it\/area-testimonianza\/wp-content\/uploads\/sites\/37\/2024\/11\/attanasio2.png","datePublished":"2024-11-22T11:00:37+00:00","dateModified":"2025-02-20T10:09:04+00:00","description":"Luca Attanasio uomo di pace: incontro il 27 novembre al Vigilianum con i genitori di Luca e il vescovo Lauro","breadcrumb":{"@id":"https:\/\/www.diocesitn.it\/area-testimonianza\/2024\/11\/22\/luca-attanasio-uomo-di-pace-incontro-il-27-novembre-al-vigilianum\/#breadcrumb"},"inLanguage":"it-IT","potentialAction":[{"@type":"ReadAction","target":["https:\/\/www.diocesitn.it\/area-testimonianza\/2024\/11\/22\/luca-attanasio-uomo-di-pace-incontro-il-27-novembre-al-vigilianum\/"]}]},{"@type":"ImageObject","inLanguage":"it-IT","@id":"https:\/\/www.diocesitn.it\/area-testimonianza\/2024\/11\/22\/luca-attanasio-uomo-di-pace-incontro-il-27-novembre-al-vigilianum\/#primaryimage","url":"https:\/\/www.diocesitn.it\/area-testimonianza\/wp-content\/uploads\/sites\/37\/2024\/11\/attanasio2.png","contentUrl":"https:\/\/www.diocesitn.it\/area-testimonianza\/wp-content\/uploads\/sites\/37\/2024\/11\/attanasio2.png","width":879,"height":530},{"@type":"BreadcrumbList","@id":"https:\/\/www.diocesitn.it\/area-testimonianza\/2024\/11\/22\/luca-attanasio-uomo-di-pace-incontro-il-27-novembre-al-vigilianum\/#breadcrumb","itemListElement":[{"@type":"ListItem","position":1,"name":"Home","item":"https:\/\/www.diocesitn.it\/area-testimonianza\/"},{"@type":"ListItem","position":2,"name":"&#8220;Attanasio, ambasciatore di pace&#8221;: il 27 novembre al Vigilianum i genitori raccontano la testimonianza del figlio Luca"}]},{"@type":"WebSite","@id":"https:\/\/www.diocesitn.it\/area-testimonianza\/#website","url":"https:\/\/www.diocesitn.it\/area-testimonianza\/","name":"Testimonianza e Impegno sociale","description":"Chiesa di Trento","publisher":{"@id":"https:\/\/www.diocesitn.it\/area-testimonianza\/#organization"},"potentialAction":[{"@type":"SearchAction","target":{"@type":"EntryPoint","urlTemplate":"https:\/\/www.diocesitn.it\/area-testimonianza\/?s={search_term_string}"},"query-input":"required name=search_term_string"}],"inLanguage":"it-IT"},{"@type":["Organization","Place"],"@id":"https:\/\/www.diocesitn.it\/area-testimonianza\/#organization","name":"Area Testimonianza e Impegno Sociale - Chiesa di Trento","url":"https:\/\/www.diocesitn.it\/area-testimonianza\/","logo":{"@id":"https:\/\/www.diocesitn.it\/area-testimonianza\/2024\/11\/22\/luca-attanasio-uomo-di-pace-incontro-il-27-novembre-al-vigilianum\/#local-main-organization-logo"},"image":{"@id":"https:\/\/www.diocesitn.it\/area-testimonianza\/2024\/11\/22\/luca-attanasio-uomo-di-pace-incontro-il-27-novembre-al-vigilianum\/#local-main-organization-logo"},"openingHoursSpecification":[{"@type":"OpeningHoursSpecification","dayOfWeek":["Monday","Tuesday","Wednesday","Thursday","Friday","Saturday","Sunday"],"opens":"09:00","closes":"17:00"}]},{"@type":"ImageObject","inLanguage":"it-IT","@id":"https:\/\/www.diocesitn.it\/area-testimonianza\/2024\/11\/22\/luca-attanasio-uomo-di-pace-incontro-il-27-novembre-al-vigilianum\/#local-main-organization-logo","url":"https:\/\/www.diocesitn.it\/area-testimonianza\/wp-content\/uploads\/sites\/37\/2021\/09\/og-logo-testimonianza-e-impegno-sociale.jpg","contentUrl":"https:\/\/www.diocesitn.it\/area-testimonianza\/wp-content\/uploads\/sites\/37\/2021\/09\/og-logo-testimonianza-e-impegno-sociale.jpg","width":1200,"height":630,"caption":"Area Testimonianza e Impegno Sociale - Chiesa di Trento"}]}},"_links":{"self":[{"href":"https:\/\/www.diocesitn.it\/area-testimonianza\/wp-json\/wp\/v2\/posts\/16520","targetHints":{"allow":["GET"]}}],"collection":[{"href":"https:\/\/www.diocesitn.it\/area-testimonianza\/wp-json\/wp\/v2\/posts"}],"about":[{"href":"https:\/\/www.diocesitn.it\/area-testimonianza\/wp-json\/wp\/v2\/types\/post"}],"author":[{"embeddable":true,"href":"https:\/\/www.diocesitn.it\/area-testimonianza\/wp-json\/wp\/v2\/users\/177"}],"replies":[{"embeddable":true,"href":"https:\/\/www.diocesitn.it\/area-testimonianza\/wp-json\/wp\/v2\/comments?post=16520"}],"version-history":[{"count":1,"href":"https:\/\/www.diocesitn.it\/area-testimonianza\/wp-json\/wp\/v2\/posts\/16520\/revisions"}],"predecessor-version":[{"id":16522,"href":"https:\/\/www.diocesitn.it\/area-testimonianza\/wp-json\/wp\/v2\/posts\/16520\/revisions\/16522"}],"wp:featuredmedia":[{"embeddable":true,"href":"https:\/\/www.diocesitn.it\/area-testimonianza\/wp-json\/wp\/v2\/media\/16521"}],"wp:attachment":[{"href":"https:\/\/www.diocesitn.it\/area-testimonianza\/wp-json\/wp\/v2\/media?parent=16520"}],"wp:term":[{"taxonomy":"category","embeddable":true,"href":"https:\/\/www.diocesitn.it\/area-testimonianza\/wp-json\/wp\/v2\/categories?post=16520"},{"taxonomy":"post_tag","embeddable":true,"href":"https:\/\/www.diocesitn.it\/area-testimonianza\/wp-json\/wp\/v2\/tags?post=16520"}],"curies":[{"name":"wp","href":"https:\/\/api.w.org\/{rel}","templated":true}]}}