{"id":16507,"date":"2024-11-15T10:20:02","date_gmt":"2024-11-15T09:20:02","guid":{"rendered":"https:\/\/www.diocesitn.it\/area-testimonianza\/2024\/11\/15\/la-poverta-testimoniata-sul-palco-a-mezzocorona-sala-gremita-per-lincontro-presente-anche-larcivescovo-tisi\/"},"modified":"2025-02-20T09:40:08","modified_gmt":"2025-02-20T08:40:08","slug":"la-poverta-testimoniata-sul-palco-a-mezzocorona-sala-gremita-per-lincontro-presente-anche-larcivescovo-tisi","status":"publish","type":"post","link":"https:\/\/www.diocesitn.it\/area-testimonianza\/2024\/11\/15\/la-poverta-testimoniata-sul-palco-a-mezzocorona-sala-gremita-per-lincontro-presente-anche-larcivescovo-tisi\/","title":{"rendered":"La povert\u00e0 \u201ctestimoniata\u201d sul palco: a Mezzocorona sala gremita per l&#8217;incontro. Presente anche l&#8217;arcivescovo Tisi"},"content":{"rendered":"<p>Duecento persone in sala per una serata sulla fragilit\u00e0 umana, affrontata con testimonianze toccanti e, al termine, il \u201cCredo negli esseri umani\u201d di Marco Mengoni cantato dal pubblico insieme al coro sul palco. Davvero riuscita, ieri sera al teatro di Mezzocorona gremito,<strong>\u00a0la serata dal titolo \u201cTutti fragili, tutte persone\u201d<\/strong>\u00a0che ha anticipato con forza e realismo i temi della Giornata mondiale del povero di domenica 17 novembre, grazie alla collaborazione di varie realt\u00e0 interessate dalla Visita pastorale dell\u2019Arcivescovo Tisi, presente insieme ai parroci della Zona e ai responsabili della Caritas diocesana.<\/p>\n<p>Introdotte da alcune canzoni dei giovani del coro\u00a0<strong>\u201cGrazie alla vita\u201d di Mezzolombardo<\/strong>\u00a0con ottime voci e abili percussionisti, si sono alternate alcune testimonianze raccolte sul territorio e valorizzate anche dall\u2019interpretazione di alcuni attori della\u00a0<strong>locale Filo San Gottardo.<\/strong><\/p>\n<p>Si \u00e8 partiti con \u201cuna vita allo specchio\u201d segnata dal disagio psichico esploso all\u2019improvviso con le conseguenze dello stigma sociale ma anche la possibilit\u00e0 di essere d\u2019aiuto agli altri; quindi le difficolt\u00e0 abitative e lavorative di una famiglia che fugge dalla miseria di un paese asiatico e solo grazie ai servizi sociali e al volontariato riesce a ricomporre in Italia la propria famiglia; poi la solitudine \u201cpesante\u201d di un\u2019anziana che deve far fronte anche alla non autosufficienza del marito e il fenomeno del ritiro sociale che attanaglia alcuni ragazzi fin dall\u2019adolescenza mettendo in crisi anche i loro genitori per finire con la dipendenza dall\u2019alcol dalla quale si pu\u00f2 uscire con la scoperta nei gruppi di auto aiuto della possibilit\u00e0 di cambiamento.<\/p>\n<p><strong>Cinque storie diverse ed emblematiche<\/strong>\u00a0anche di altri disagi (non si \u00e8 parlato di violenze, ludopatia e marginalit\u00e0 sociale) che sono state ispirate dalla lettura del vangelo di Matteo (\u201cVenite a me voi tutti che siete stanchi e oppressi\u201d, Mt 11,28-30) e commentate a caldo dall\u2019arcivescovo Lauro Tisi: \u201cVi ringrazio\u00a0 \u2013 ha detto alle tante persone che hanno collaborato \u2013 perch\u00e8 ci avete indicato la possibilit\u00e0 di un riscatto dalla povert\u00e0, attraverso la richiesta aiuto, offerto poi da una comunit\u00e0 che riesce a farsi prossimo all\u2019altro\u201d.\u00a0 In un intenso dialogo con\u00a0<strong>il prof. Rolando Pizzini, che ha introdotto con profondit\u00e0\u00a0 la serata,<\/strong>\u00a0mons. Tisi ha evidenziato in tutte le cinque testimonianze il ruolo decisivo e determinante della famiglia: \u201cSpesso parliamo delle nostre famiglie come problematiche ma queste storie ci dicono che la famiglia rappresenta talvolta l\u2019unica o la prima risorsa per uscire da una situazione di fragilit\u00e0. Il vero soccorso spesso ti viene proprio da quanto \u00e8 rimasto delle tua famiglia e i veri disperati sono quelli che non possono contare su nessuno.\u00a0<strong>Per questo dobbiamo sostenere sempre la famiglia,<\/strong>\u00a0tanto pi\u00f9 quando \u00e8 in difficolt\u00e0\u201d.<\/p>\n<p>L\u2019Arcivescovo ha evidenziato poi<strong>\u00a0l\u2019importanza di \u201cappartenere a qualcuno<\/strong>, sentire il bisogno di \u201cfar parte di una comunit\u00e0, di essere uno\u201d proprio nel momento in cui la cultura spinge ognuno di noi al dovere di competere con gli altri e di diventare, invece, non \u201cuno\u201d ma\u00a0 \u201cil numero uno\u201d.<\/p>\n<p><strong>Ad un mese ormai dall\u2019avvio della Visita pastorale<\/strong>\u00a0l\u2019Arcivescovo ha ringraziato anche per l\u2019attenzione ricevuta negli incontro con gli alunni di Mezzocorona e \u2013 ieri mattina \u2013 con gli studenti dell\u2019Istituto di San Michele che lo hanno interrogato per quasi due ore. \u201cIn queste settimane mi accorgo di aver goduto della forza che sempre ti d\u00e0 l\u2019incontro con le persone, tanti di questi incontri mi hanno convertito come vescovo e mi hanno confermato che il Regno di Dio \u00e8 gi\u00e0 qui, dove ci sono uomini e donne che sanno prendersi cura degli altri\u201d.<\/p>\n<p>Le realt\u00e0 che hanno collaborato alla serata, oltre alle parrocchie della Zona pastorale e alla Caritas diocesana sono state: A.M.A., Grazie alla Vita di Mezzolombardo, Oratori di Mezzocorona e Mezzolombardo, Biblioteca di Mezzocorona e Rover\u00e8 della Luna, ACLI di Mezzocorona, Club di Ecologia Familiare di Mezzocorona e Rover\u00e8 della Luna, Filodrammatica San Gottardo.<\/p>\n<p><em>Fonte: vitatrentina.it<\/em><\/p>\n","protected":false},"excerpt":{"rendered":"<p>Duecento persone in sala per una serata sulla fragilit\u00e0 umana, affrontata con testimonianze toccanti e, al termine, il \u201cCredo negli esseri umani\u201d di Marco Mengoni cantato dal pubblico insieme al coro sul palco. Davvero riuscita,<\/p>\n","protected":false},"author":168,"featured_media":16508,"comment_status":"closed","ping_status":"closed","sticky":false,"template":"","format":"standard","meta":{"footnotes":""},"categories":[1059,1074],"tags":[1097,2397],"class_list":["post-16507","post","type-post","status-publish","format-standard","has-post-thumbnail","hentry","category-servizio-caritas","category-notizie","tag-poverta","tag-visita-pastorale"],"acf":{"seed-localization-paese-cod":"IT","seed-localization-address":"","seed-localization-citta":"","seed-localization-regione-cod-istat":"04","seed-localization-citta-cod-istat":"","seed-localization-localita":"","seed-localization-cap":"","seed-localization-marker-visibility":false,"seed-localization-children-visibility":false,"seed-localization-kml":"","seed-localization-custom-marker":""},"yoast_head":"<!-- This site is optimized with the Yoast SEO Premium plugin v20.2.1 (Yoast SEO v22.2) - https:\/\/yoast.com\/wordpress\/plugins\/seo\/ -->\n<title>La povert\u00e0 \u201ctestimoniata\u201d sul palco: a Mezzocorona sala gremita per l&#039;incontro. Presente anche l&#039;arcivescovo Tisi - Testimonianza e Impegno sociale<\/title>\n<meta name=\"robots\" content=\"index, follow, max-snippet:-1, max-image-preview:large, max-video-preview:-1\" \/>\n<link rel=\"canonical\" href=\"https:\/\/www.diocesitn.it\/area-testimonianza\/2024\/11\/15\/la-poverta-testimoniata-sul-palco-a-mezzocorona-sala-gremita-per-lincontro-presente-anche-larcivescovo-tisi\/\" \/>\n<meta property=\"og:locale\" content=\"it_IT\" \/>\n<meta property=\"og:type\" content=\"article\" \/>\n<meta property=\"og:title\" content=\"La povert\u00e0 \u201ctestimoniata\u201d sul palco: a Mezzocorona sala gremita per l&#039;incontro. Presente anche l&#039;arcivescovo Tisi\" \/>\n<meta property=\"og:description\" content=\"Duecento persone in sala per una serata sulla fragilit\u00e0 umana, affrontata con testimonianze toccanti e, al termine, il \u201cCredo negli esseri umani\u201d di Marco Mengoni cantato dal pubblico insieme al coro sul palco. Davvero riuscita,\" \/>\n<meta property=\"og:url\" content=\"https:\/\/www.diocesitn.it\/area-testimonianza\/2024\/11\/15\/la-poverta-testimoniata-sul-palco-a-mezzocorona-sala-gremita-per-lincontro-presente-anche-larcivescovo-tisi\/\" \/>\n<meta property=\"og:site_name\" content=\"Testimonianza e Impegno sociale\" \/>\n<meta property=\"article:published_time\" content=\"2024-11-15T09:20:02+00:00\" \/>\n<meta property=\"article:modified_time\" content=\"2025-02-20T08:40:08+00:00\" \/>\n<meta property=\"og:image\" content=\"https:\/\/www.diocesitn.it\/area-testimonianza\/wp-content\/uploads\/sites\/37\/2024\/11\/Immagine-WhatsApp-2024-11-15-ore-09.30.48_2c68cb74-1024x768-1.jpg\" \/>\n\t<meta property=\"og:image:width\" content=\"1024\" \/>\n\t<meta property=\"og:image:height\" content=\"768\" \/>\n\t<meta property=\"og:image:type\" content=\"image\/jpeg\" \/>\n<meta name=\"author\" content=\"losspapot\" \/>\n<meta name=\"twitter:card\" content=\"summary_large_image\" \/>\n<meta name=\"twitter:label1\" content=\"Scritto da\" \/>\n\t<meta name=\"twitter:data1\" content=\"losspapot\" \/>\n\t<meta name=\"twitter:label2\" content=\"Tempo di lettura stimato\" \/>\n\t<meta name=\"twitter:data2\" content=\"4 minuti\" \/>\n<script type=\"application\/ld+json\" class=\"yoast-schema-graph\">{\"@context\":\"https:\/\/schema.org\",\"@graph\":[{\"@type\":\"Article\",\"@id\":\"https:\/\/www.diocesitn.it\/area-testimonianza\/2024\/11\/15\/la-poverta-testimoniata-sul-palco-a-mezzocorona-sala-gremita-per-lincontro-presente-anche-larcivescovo-tisi\/#article\",\"isPartOf\":{\"@id\":\"https:\/\/www.diocesitn.it\/area-testimonianza\/2024\/11\/15\/la-poverta-testimoniata-sul-palco-a-mezzocorona-sala-gremita-per-lincontro-presente-anche-larcivescovo-tisi\/\"},\"author\":{\"name\":\"losspapot\",\"@id\":\"https:\/\/www.diocesitn.it\/area-testimonianza\/#\/schema\/person\/3526ceacb35e1aa4c86252e45adfad22\"},\"headline\":\"La povert\u00e0 \u201ctestimoniata\u201d sul palco: a Mezzocorona sala gremita per l&#8217;incontro. Presente anche l&#8217;arcivescovo Tisi\",\"datePublished\":\"2024-11-15T09:20:02+00:00\",\"dateModified\":\"2025-02-20T08:40:08+00:00\",\"mainEntityOfPage\":{\"@id\":\"https:\/\/www.diocesitn.it\/area-testimonianza\/2024\/11\/15\/la-poverta-testimoniata-sul-palco-a-mezzocorona-sala-gremita-per-lincontro-presente-anche-larcivescovo-tisi\/\"},\"wordCount\":660,\"publisher\":{\"@id\":\"https:\/\/www.diocesitn.it\/area-testimonianza\/#organization\"},\"image\":{\"@id\":\"https:\/\/www.diocesitn.it\/area-testimonianza\/2024\/11\/15\/la-poverta-testimoniata-sul-palco-a-mezzocorona-sala-gremita-per-lincontro-presente-anche-larcivescovo-tisi\/#primaryimage\"},\"thumbnailUrl\":\"https:\/\/www.diocesitn.it\/area-testimonianza\/wp-content\/uploads\/sites\/37\/2024\/11\/Immagine-WhatsApp-2024-11-15-ore-09.30.48_2c68cb74-1024x768-1.jpg\",\"keywords\":[\"povert\u00e0\",\"visita pastorale\"],\"articleSection\":[\"Caritas diocesana\",\"Notizie\"],\"inLanguage\":\"it-IT\",\"copyrightYear\":\"2024\",\"copyrightHolder\":{\"@id\":\"https:\/\/www.diocesitn.it\/#organization\"}},{\"@type\":\"WebPage\",\"@id\":\"https:\/\/www.diocesitn.it\/area-testimonianza\/2024\/11\/15\/la-poverta-testimoniata-sul-palco-a-mezzocorona-sala-gremita-per-lincontro-presente-anche-larcivescovo-tisi\/\",\"url\":\"https:\/\/www.diocesitn.it\/area-testimonianza\/2024\/11\/15\/la-poverta-testimoniata-sul-palco-a-mezzocorona-sala-gremita-per-lincontro-presente-anche-larcivescovo-tisi\/\",\"name\":\"La povert\u00e0 \u201ctestimoniata\u201d sul palco: a Mezzocorona sala gremita per l'incontro. Presente anche l'arcivescovo Tisi - Testimonianza e Impegno sociale\",\"isPartOf\":{\"@id\":\"https:\/\/www.diocesitn.it\/area-testimonianza\/#website\"},\"primaryImageOfPage\":{\"@id\":\"https:\/\/www.diocesitn.it\/area-testimonianza\/2024\/11\/15\/la-poverta-testimoniata-sul-palco-a-mezzocorona-sala-gremita-per-lincontro-presente-anche-larcivescovo-tisi\/#primaryimage\"},\"image\":{\"@id\":\"https:\/\/www.diocesitn.it\/area-testimonianza\/2024\/11\/15\/la-poverta-testimoniata-sul-palco-a-mezzocorona-sala-gremita-per-lincontro-presente-anche-larcivescovo-tisi\/#primaryimage\"},\"thumbnailUrl\":\"https:\/\/www.diocesitn.it\/area-testimonianza\/wp-content\/uploads\/sites\/37\/2024\/11\/Immagine-WhatsApp-2024-11-15-ore-09.30.48_2c68cb74-1024x768-1.jpg\",\"datePublished\":\"2024-11-15T09:20:02+00:00\",\"dateModified\":\"2025-02-20T08:40:08+00:00\",\"breadcrumb\":{\"@id\":\"https:\/\/www.diocesitn.it\/area-testimonianza\/2024\/11\/15\/la-poverta-testimoniata-sul-palco-a-mezzocorona-sala-gremita-per-lincontro-presente-anche-larcivescovo-tisi\/#breadcrumb\"},\"inLanguage\":\"it-IT\",\"potentialAction\":[{\"@type\":\"ReadAction\",\"target\":[\"https:\/\/www.diocesitn.it\/area-testimonianza\/2024\/11\/15\/la-poverta-testimoniata-sul-palco-a-mezzocorona-sala-gremita-per-lincontro-presente-anche-larcivescovo-tisi\/\"]}]},{\"@type\":\"ImageObject\",\"inLanguage\":\"it-IT\",\"@id\":\"https:\/\/www.diocesitn.it\/area-testimonianza\/2024\/11\/15\/la-poverta-testimoniata-sul-palco-a-mezzocorona-sala-gremita-per-lincontro-presente-anche-larcivescovo-tisi\/#primaryimage\",\"url\":\"https:\/\/www.diocesitn.it\/area-testimonianza\/wp-content\/uploads\/sites\/37\/2024\/11\/Immagine-WhatsApp-2024-11-15-ore-09.30.48_2c68cb74-1024x768-1.jpg\",\"contentUrl\":\"https:\/\/www.diocesitn.it\/area-testimonianza\/wp-content\/uploads\/sites\/37\/2024\/11\/Immagine-WhatsApp-2024-11-15-ore-09.30.48_2c68cb74-1024x768-1.jpg\",\"width\":1024,\"height\":768},{\"@type\":\"BreadcrumbList\",\"@id\":\"https:\/\/www.diocesitn.it\/area-testimonianza\/2024\/11\/15\/la-poverta-testimoniata-sul-palco-a-mezzocorona-sala-gremita-per-lincontro-presente-anche-larcivescovo-tisi\/#breadcrumb\",\"itemListElement\":[{\"@type\":\"ListItem\",\"position\":1,\"name\":\"Home\",\"item\":\"https:\/\/www.diocesitn.it\/area-testimonianza\/\"},{\"@type\":\"ListItem\",\"position\":2,\"name\":\"La povert\u00e0 \u201ctestimoniata\u201d sul palco: a Mezzocorona sala gremita per l&#8217;incontro. Presente anche l&#8217;arcivescovo Tisi\"}]},{\"@type\":\"WebSite\",\"@id\":\"https:\/\/www.diocesitn.it\/area-testimonianza\/#website\",\"url\":\"https:\/\/www.diocesitn.it\/area-testimonianza\/\",\"name\":\"Testimonianza e Impegno sociale\",\"description\":\"Chiesa di Trento\",\"publisher\":{\"@id\":\"https:\/\/www.diocesitn.it\/area-testimonianza\/#organization\"},\"potentialAction\":[{\"@type\":\"SearchAction\",\"target\":{\"@type\":\"EntryPoint\",\"urlTemplate\":\"https:\/\/www.diocesitn.it\/area-testimonianza\/?s={search_term_string}\"},\"query-input\":\"required name=search_term_string\"}],\"inLanguage\":\"it-IT\"},{\"@type\":[\"Organization\",\"Place\"],\"@id\":\"https:\/\/www.diocesitn.it\/area-testimonianza\/#organization\",\"name\":\"Area Testimonianza e Impegno Sociale - Chiesa di Trento\",\"url\":\"https:\/\/www.diocesitn.it\/area-testimonianza\/\",\"logo\":{\"@id\":\"https:\/\/www.diocesitn.it\/area-testimonianza\/2024\/11\/15\/la-poverta-testimoniata-sul-palco-a-mezzocorona-sala-gremita-per-lincontro-presente-anche-larcivescovo-tisi\/#local-main-organization-logo\"},\"image\":{\"@id\":\"https:\/\/www.diocesitn.it\/area-testimonianza\/2024\/11\/15\/la-poverta-testimoniata-sul-palco-a-mezzocorona-sala-gremita-per-lincontro-presente-anche-larcivescovo-tisi\/#local-main-organization-logo\"},\"openingHoursSpecification\":[{\"@type\":\"OpeningHoursSpecification\",\"dayOfWeek\":[\"Monday\",\"Tuesday\",\"Wednesday\",\"Thursday\",\"Friday\",\"Saturday\",\"Sunday\"],\"opens\":\"09:00\",\"closes\":\"17:00\"}]},{\"@type\":\"ImageObject\",\"inLanguage\":\"it-IT\",\"@id\":\"https:\/\/www.diocesitn.it\/area-testimonianza\/2024\/11\/15\/la-poverta-testimoniata-sul-palco-a-mezzocorona-sala-gremita-per-lincontro-presente-anche-larcivescovo-tisi\/#local-main-organization-logo\",\"url\":\"https:\/\/www.diocesitn.it\/area-testimonianza\/wp-content\/uploads\/sites\/37\/2021\/09\/og-logo-testimonianza-e-impegno-sociale.jpg\",\"contentUrl\":\"https:\/\/www.diocesitn.it\/area-testimonianza\/wp-content\/uploads\/sites\/37\/2021\/09\/og-logo-testimonianza-e-impegno-sociale.jpg\",\"width\":1200,\"height\":630,\"caption\":\"Area Testimonianza e Impegno Sociale - Chiesa di Trento\"}]}<\/script>\n<!-- \/ Yoast SEO Premium plugin. -->","yoast_head_json":{"title":"La povert\u00e0 \u201ctestimoniata\u201d sul palco: a Mezzocorona sala gremita per l'incontro. Presente anche l'arcivescovo Tisi - Testimonianza e Impegno sociale","robots":{"index":"index","follow":"follow","max-snippet":"max-snippet:-1","max-image-preview":"max-image-preview:large","max-video-preview":"max-video-preview:-1"},"canonical":"https:\/\/www.diocesitn.it\/area-testimonianza\/2024\/11\/15\/la-poverta-testimoniata-sul-palco-a-mezzocorona-sala-gremita-per-lincontro-presente-anche-larcivescovo-tisi\/","og_locale":"it_IT","og_type":"article","og_title":"La povert\u00e0 \u201ctestimoniata\u201d sul palco: a Mezzocorona sala gremita per l'incontro. Presente anche l'arcivescovo Tisi","og_description":"Duecento persone in sala per una serata sulla fragilit\u00e0 umana, affrontata con testimonianze toccanti e, al termine, il \u201cCredo negli esseri umani\u201d di Marco Mengoni cantato dal pubblico insieme al coro sul palco. Davvero riuscita,","og_url":"https:\/\/www.diocesitn.it\/area-testimonianza\/2024\/11\/15\/la-poverta-testimoniata-sul-palco-a-mezzocorona-sala-gremita-per-lincontro-presente-anche-larcivescovo-tisi\/","og_site_name":"Testimonianza e Impegno sociale","article_published_time":"2024-11-15T09:20:02+00:00","article_modified_time":"2025-02-20T08:40:08+00:00","og_image":[{"width":1024,"height":768,"url":"https:\/\/www.diocesitn.it\/area-testimonianza\/wp-content\/uploads\/sites\/37\/2024\/11\/Immagine-WhatsApp-2024-11-15-ore-09.30.48_2c68cb74-1024x768-1.jpg","type":"image\/jpeg"}],"author":"losspapot","twitter_card":"summary_large_image","twitter_misc":{"Scritto da":"losspapot","Tempo di lettura stimato":"4 minuti"},"schema":{"@context":"https:\/\/schema.org","@graph":[{"@type":"Article","@id":"https:\/\/www.diocesitn.it\/area-testimonianza\/2024\/11\/15\/la-poverta-testimoniata-sul-palco-a-mezzocorona-sala-gremita-per-lincontro-presente-anche-larcivescovo-tisi\/#article","isPartOf":{"@id":"https:\/\/www.diocesitn.it\/area-testimonianza\/2024\/11\/15\/la-poverta-testimoniata-sul-palco-a-mezzocorona-sala-gremita-per-lincontro-presente-anche-larcivescovo-tisi\/"},"author":{"name":"losspapot","@id":"https:\/\/www.diocesitn.it\/area-testimonianza\/#\/schema\/person\/3526ceacb35e1aa4c86252e45adfad22"},"headline":"La povert\u00e0 \u201ctestimoniata\u201d sul palco: a Mezzocorona sala gremita per l&#8217;incontro. Presente anche l&#8217;arcivescovo Tisi","datePublished":"2024-11-15T09:20:02+00:00","dateModified":"2025-02-20T08:40:08+00:00","mainEntityOfPage":{"@id":"https:\/\/www.diocesitn.it\/area-testimonianza\/2024\/11\/15\/la-poverta-testimoniata-sul-palco-a-mezzocorona-sala-gremita-per-lincontro-presente-anche-larcivescovo-tisi\/"},"wordCount":660,"publisher":{"@id":"https:\/\/www.diocesitn.it\/area-testimonianza\/#organization"},"image":{"@id":"https:\/\/www.diocesitn.it\/area-testimonianza\/2024\/11\/15\/la-poverta-testimoniata-sul-palco-a-mezzocorona-sala-gremita-per-lincontro-presente-anche-larcivescovo-tisi\/#primaryimage"},"thumbnailUrl":"https:\/\/www.diocesitn.it\/area-testimonianza\/wp-content\/uploads\/sites\/37\/2024\/11\/Immagine-WhatsApp-2024-11-15-ore-09.30.48_2c68cb74-1024x768-1.jpg","keywords":["povert\u00e0","visita pastorale"],"articleSection":["Caritas diocesana","Notizie"],"inLanguage":"it-IT","copyrightYear":"2024","copyrightHolder":{"@id":"https:\/\/www.diocesitn.it\/#organization"}},{"@type":"WebPage","@id":"https:\/\/www.diocesitn.it\/area-testimonianza\/2024\/11\/15\/la-poverta-testimoniata-sul-palco-a-mezzocorona-sala-gremita-per-lincontro-presente-anche-larcivescovo-tisi\/","url":"https:\/\/www.diocesitn.it\/area-testimonianza\/2024\/11\/15\/la-poverta-testimoniata-sul-palco-a-mezzocorona-sala-gremita-per-lincontro-presente-anche-larcivescovo-tisi\/","name":"La povert\u00e0 \u201ctestimoniata\u201d sul palco: a Mezzocorona sala gremita per l'incontro. Presente anche l'arcivescovo Tisi - Testimonianza e Impegno sociale","isPartOf":{"@id":"https:\/\/www.diocesitn.it\/area-testimonianza\/#website"},"primaryImageOfPage":{"@id":"https:\/\/www.diocesitn.it\/area-testimonianza\/2024\/11\/15\/la-poverta-testimoniata-sul-palco-a-mezzocorona-sala-gremita-per-lincontro-presente-anche-larcivescovo-tisi\/#primaryimage"},"image":{"@id":"https:\/\/www.diocesitn.it\/area-testimonianza\/2024\/11\/15\/la-poverta-testimoniata-sul-palco-a-mezzocorona-sala-gremita-per-lincontro-presente-anche-larcivescovo-tisi\/#primaryimage"},"thumbnailUrl":"https:\/\/www.diocesitn.it\/area-testimonianza\/wp-content\/uploads\/sites\/37\/2024\/11\/Immagine-WhatsApp-2024-11-15-ore-09.30.48_2c68cb74-1024x768-1.jpg","datePublished":"2024-11-15T09:20:02+00:00","dateModified":"2025-02-20T08:40:08+00:00","breadcrumb":{"@id":"https:\/\/www.diocesitn.it\/area-testimonianza\/2024\/11\/15\/la-poverta-testimoniata-sul-palco-a-mezzocorona-sala-gremita-per-lincontro-presente-anche-larcivescovo-tisi\/#breadcrumb"},"inLanguage":"it-IT","potentialAction":[{"@type":"ReadAction","target":["https:\/\/www.diocesitn.it\/area-testimonianza\/2024\/11\/15\/la-poverta-testimoniata-sul-palco-a-mezzocorona-sala-gremita-per-lincontro-presente-anche-larcivescovo-tisi\/"]}]},{"@type":"ImageObject","inLanguage":"it-IT","@id":"https:\/\/www.diocesitn.it\/area-testimonianza\/2024\/11\/15\/la-poverta-testimoniata-sul-palco-a-mezzocorona-sala-gremita-per-lincontro-presente-anche-larcivescovo-tisi\/#primaryimage","url":"https:\/\/www.diocesitn.it\/area-testimonianza\/wp-content\/uploads\/sites\/37\/2024\/11\/Immagine-WhatsApp-2024-11-15-ore-09.30.48_2c68cb74-1024x768-1.jpg","contentUrl":"https:\/\/www.diocesitn.it\/area-testimonianza\/wp-content\/uploads\/sites\/37\/2024\/11\/Immagine-WhatsApp-2024-11-15-ore-09.30.48_2c68cb74-1024x768-1.jpg","width":1024,"height":768},{"@type":"BreadcrumbList","@id":"https:\/\/www.diocesitn.it\/area-testimonianza\/2024\/11\/15\/la-poverta-testimoniata-sul-palco-a-mezzocorona-sala-gremita-per-lincontro-presente-anche-larcivescovo-tisi\/#breadcrumb","itemListElement":[{"@type":"ListItem","position":1,"name":"Home","item":"https:\/\/www.diocesitn.it\/area-testimonianza\/"},{"@type":"ListItem","position":2,"name":"La povert\u00e0 \u201ctestimoniata\u201d sul palco: a Mezzocorona sala gremita per l&#8217;incontro. Presente anche l&#8217;arcivescovo Tisi"}]},{"@type":"WebSite","@id":"https:\/\/www.diocesitn.it\/area-testimonianza\/#website","url":"https:\/\/www.diocesitn.it\/area-testimonianza\/","name":"Testimonianza e Impegno sociale","description":"Chiesa di Trento","publisher":{"@id":"https:\/\/www.diocesitn.it\/area-testimonianza\/#organization"},"potentialAction":[{"@type":"SearchAction","target":{"@type":"EntryPoint","urlTemplate":"https:\/\/www.diocesitn.it\/area-testimonianza\/?s={search_term_string}"},"query-input":"required name=search_term_string"}],"inLanguage":"it-IT"},{"@type":["Organization","Place"],"@id":"https:\/\/www.diocesitn.it\/area-testimonianza\/#organization","name":"Area Testimonianza e Impegno Sociale - Chiesa di Trento","url":"https:\/\/www.diocesitn.it\/area-testimonianza\/","logo":{"@id":"https:\/\/www.diocesitn.it\/area-testimonianza\/2024\/11\/15\/la-poverta-testimoniata-sul-palco-a-mezzocorona-sala-gremita-per-lincontro-presente-anche-larcivescovo-tisi\/#local-main-organization-logo"},"image":{"@id":"https:\/\/www.diocesitn.it\/area-testimonianza\/2024\/11\/15\/la-poverta-testimoniata-sul-palco-a-mezzocorona-sala-gremita-per-lincontro-presente-anche-larcivescovo-tisi\/#local-main-organization-logo"},"openingHoursSpecification":[{"@type":"OpeningHoursSpecification","dayOfWeek":["Monday","Tuesday","Wednesday","Thursday","Friday","Saturday","Sunday"],"opens":"09:00","closes":"17:00"}]},{"@type":"ImageObject","inLanguage":"it-IT","@id":"https:\/\/www.diocesitn.it\/area-testimonianza\/2024\/11\/15\/la-poverta-testimoniata-sul-palco-a-mezzocorona-sala-gremita-per-lincontro-presente-anche-larcivescovo-tisi\/#local-main-organization-logo","url":"https:\/\/www.diocesitn.it\/area-testimonianza\/wp-content\/uploads\/sites\/37\/2021\/09\/og-logo-testimonianza-e-impegno-sociale.jpg","contentUrl":"https:\/\/www.diocesitn.it\/area-testimonianza\/wp-content\/uploads\/sites\/37\/2021\/09\/og-logo-testimonianza-e-impegno-sociale.jpg","width":1200,"height":630,"caption":"Area Testimonianza e Impegno Sociale - Chiesa di Trento"}]}},"_links":{"self":[{"href":"https:\/\/www.diocesitn.it\/area-testimonianza\/wp-json\/wp\/v2\/posts\/16507","targetHints":{"allow":["GET"]}}],"collection":[{"href":"https:\/\/www.diocesitn.it\/area-testimonianza\/wp-json\/wp\/v2\/posts"}],"about":[{"href":"https:\/\/www.diocesitn.it\/area-testimonianza\/wp-json\/wp\/v2\/types\/post"}],"author":[{"embeddable":true,"href":"https:\/\/www.diocesitn.it\/area-testimonianza\/wp-json\/wp\/v2\/users\/168"}],"replies":[{"embeddable":true,"href":"https:\/\/www.diocesitn.it\/area-testimonianza\/wp-json\/wp\/v2\/comments?post=16507"}],"version-history":[{"count":1,"href":"https:\/\/www.diocesitn.it\/area-testimonianza\/wp-json\/wp\/v2\/posts\/16507\/revisions"}],"predecessor-version":[{"id":16510,"href":"https:\/\/www.diocesitn.it\/area-testimonianza\/wp-json\/wp\/v2\/posts\/16507\/revisions\/16510"}],"wp:featuredmedia":[{"embeddable":true,"href":"https:\/\/www.diocesitn.it\/area-testimonianza\/wp-json\/wp\/v2\/media\/16508"}],"wp:attachment":[{"href":"https:\/\/www.diocesitn.it\/area-testimonianza\/wp-json\/wp\/v2\/media?parent=16507"}],"wp:term":[{"taxonomy":"category","embeddable":true,"href":"https:\/\/www.diocesitn.it\/area-testimonianza\/wp-json\/wp\/v2\/categories?post=16507"},{"taxonomy":"post_tag","embeddable":true,"href":"https:\/\/www.diocesitn.it\/area-testimonianza\/wp-json\/wp\/v2\/tags?post=16507"}],"curies":[{"name":"wp","href":"https:\/\/api.w.org\/{rel}","templated":true}]}}