{"id":16436,"date":"2024-11-13T13:11:09","date_gmt":"2024-11-13T12:11:09","guid":{"rendered":"https:\/\/www.diocesitn.it\/area-testimonianza\/2024\/11\/13\/chiesa-trentina-presentato-il-rapporto-sulle-poverta-incontrate-della-rete-caritas-tisi-la-poverta-piu-grande-la-mancanza-di-sussulto-e-compassione\/"},"modified":"2025-04-10T12:15:54","modified_gmt":"2025-04-10T10:15:54","slug":"chiesa-trentina-presentato-il-rapporto-sulle-poverta-incontrate-della-rete-caritas-tisi-la-poverta-piu-grande-la-mancanza-di-sussulto-e-compassione","status":"publish","type":"post","link":"https:\/\/www.diocesitn.it\/area-testimonianza\/2024\/11\/13\/chiesa-trentina-presentato-il-rapporto-sulle-poverta-incontrate-della-rete-caritas-tisi-la-poverta-piu-grande-la-mancanza-di-sussulto-e-compassione\/","title":{"rendered":"Chiesa trentina, presentato il Rapporto sulle povert\u00e0 incontrate della rete Caritas."},"content":{"rendered":"<p>Nel corso dell\u2019anno <strong>2023 <\/strong>sono state <strong>2.500 <\/strong>le situazioni personali o familiari di bisogno incontrate dalla Chiesa di Trento, attraverso i Centri di ascolto Caritas sul territorio e l\u2019attivit\u00e0 di Fondazione Caritas Diocesana (FCD). Poco meno di <strong>800 i volontari <\/strong>coinvolti, accanto a <strong>70 operatori professionisti <\/strong>di FCD.<!--more--><\/p>\n<p>Sono solo alcuni dei dati contenuti nel <strong>Rapporto annuale sulle povert\u00e0<\/strong> dal titolo \u201c<strong>Mani unite<\/strong>\u201d, presentato questa mattina in conferenza stampa al Vigilianum di Trento, all\u2019indomani della diffusione del Rapporto di Caritas nazionale e alla vigilia dell\u2019<strong>VIII Giornata Mondiale dei Poveri<\/strong>, in calendario domenica 17 novembre.<\/p>\n<p>I numeri sono in linea con il precedente Rapporto, quando i casi segnalati furono poco pi\u00f9 di tremila, riferiti per\u00f2 a <strong>28 Centri di Ascolto<\/strong> (sui 38 complessivi), tre in pi\u00f9 rispetto a quest\u2019anno. Non tutti i Centri zonali e i Punti di ascolto parrocchiali riescono a fornire un report puntuale della loro attivit\u00e0 durante la raccolta dati, pur garantendo un servizio stabile sul territorio.<\/p>\n<p>Alla presentazione sono intervenuti l\u2019<strong>arcivescovo di Trento Lauro Tisi<\/strong>, il delegato dell\u2019Area Testimonianza e Impegno Sociale<strong> don Mauro Leonardelli, <\/strong>il Referente Caritas <strong>Fabio Chiari <\/strong>e il curatore del Rapporto<strong> Giulio Bertoluzza. <\/strong><\/p>\n<p>I dati dell\u2019attivit\u00e0 Caritas \u2013 \u00e8 stato ribadito in conferenza stampa alla luce del Rapporto \u2013 raccontano <strong>solo uno<\/strong> <strong>spaccato dell\u2019universo della povert\u00e0 in Trentino<\/strong> dove le statistiche attestano, su una popolazione di <strong>545 mila abitanti<\/strong>, la presenza di quasi <strong>58 mila persone a rischio di povert\u00e0<\/strong> o esclusione sociale e oltre <strong>17 mila<\/strong> alle prese con una <strong>deprivazione materiale e sociale grave<\/strong>.<\/p>\n<h4>La riflessione dell&#8217;arcivescovo Lauro: \u201cGiovani fuori dall\u2019agenda politica. Mi fa male sentire come parliamo dei migranti\u201d<\/h4>\n<p>\u201cCi\u00f2 che pi\u00f9 preoccupa \u2013 ha esordito l\u2019<strong>arcivescovo Lauro<\/strong> \u2013 \u00e8 che i <strong>dati vengono registrati ma non creano sussulto<\/strong>. Fa paura una societ\u00e0, ma anche un mondo ecclesiale sonnolento, che non s\u2019accorge e non vuol vedere. Questa \u00e8 la <strong>povert\u00e0 pi\u00f9 grande<\/strong>: un <strong>mondo che non ha pi\u00f9 compassione<\/strong>, intesa non come pietismo ma come capacit\u00e0 di farsi carico e di assumersi le storie affaticate&#8221;.<\/p>\n<p>Secondo monsignor Tisi &#8220;c\u2019\u00e8 una deflagrazione del tessuto sociale, un venir meno dei fattori comunitari. Genera povert\u00e0 il procedere senza gli altri, la dinamica dell\u2019uomo dalla zampata vincente, anche sul piano politico, con partiti identificati in una persona\u201d.<\/p>\n<p>Tisi sottolinea inoltre come \u201cla povert\u00e0 colpisca soprattutto il <strong>mondo giovanile<\/strong> e i dati ci dicono quanto i giovani non siano nell\u2019agenda politica e talvolta anche ecclesiale\u201d. \u201cVi sono poi \u2013 aggiunge l\u2019Arcivescovo \u2013 molti <strong>anziani che hanno rinunciato a curarsi e alla prevenzione<\/strong> sanitaria. Vi sono fenomeni di <strong>disagio importante sul versante relazionale<\/strong> e della <strong>fatica psichica&#8221;<\/strong>.<\/p>\n<p>&#8220;Dovremmo parlare \u2013 rimarca Tisi &#8211; di poveri pi\u00f9 che di povert\u00e0 per associarla ai <strong>volti, alle storie<\/strong>. E i volti dei poveri sono scrigno di umanit\u00e0 e di bellezza a cui non \u00e8 concesso di manifestarsi, come riscontro anche nella Visita pastorale&#8221;.<\/p>\n<p>&#8220;Mi fa male &#8211; aggiunge don Lauro &#8211; vedere come parliamo dei <strong>migranti<\/strong> che potrebbero \u2018decollare\u2019 e noi invece tarpiamo loro le loro ali, salvo poi utilizzarli per mantenere i nostri servizi. Sentire parlare di <strong>deportazione di migranti<\/strong> e non indignarsi \u00e8 davvero grave\u201d.<\/p>\n<p>Da parte dell\u2019arcivescovo Lauro il \u201cgrazie\u201d ai tanti <strong>volontari Caritas<\/strong> ma anche l\u2019auspicio di una comunit\u00e0 che non \u201cdelega a qualche ente ma si prende cura delle proprie fragilit\u00e0\u201d. Infine, una sottolineatura sul \u201c<strong>dramma abitativo<\/strong> del nostro Trentino: in alcune valli vi \u00e8 l\u2019impossibilit\u00e0 di avere un appartamento per persone impegnate nei servizi, perch\u00e9 tutto va nella direzione del massimo reddito per il turismo. Avremo valli che avranno i turisti ma non chi segue i servizi e si prende cura delle persone, perch\u00e9 l\u2019<strong>unica regola \u00e8 il massimo profitto<\/strong>. Alla fine, perderemo tutti\u201d.<\/p>\n<hr \/>\n<h4>IL RAPPORTO<\/h4>\n<p><a href=\"https:\/\/www.diocesitn.it\/area-testimonianza\/wp-content\/uploads\/sites\/37\/2024\/11\/Report-poverta-2024.pdf\" target=\"_blank\" rel=\"noopener\"><img loading=\"lazy\" decoding=\"async\" class=\"alignnone wp-image-16512\" src=\"https:\/\/www.diocesitn.it\/area-testimonianza\/wp-content\/uploads\/sites\/37\/2024\/11\/Report-poverta-2024-copertina-215x300.jpg\" alt=\"\" width=\"148\" height=\"207\" srcset=\"https:\/\/www.diocesitn.it\/area-testimonianza\/wp-content\/uploads\/sites\/37\/2024\/11\/Report-poverta-2024-copertina-215x300.jpg 215w, https:\/\/www.diocesitn.it\/area-testimonianza\/wp-content\/uploads\/sites\/37\/2024\/11\/Report-poverta-2024-copertina-734x1024.jpg 734w, https:\/\/www.diocesitn.it\/area-testimonianza\/wp-content\/uploads\/sites\/37\/2024\/11\/Report-poverta-2024-copertina-768x1072.jpg 768w, https:\/\/www.diocesitn.it\/area-testimonianza\/wp-content\/uploads\/sites\/37\/2024\/11\/Report-poverta-2024-copertina-201x280.jpg 201w, https:\/\/www.diocesitn.it\/area-testimonianza\/wp-content\/uploads\/sites\/37\/2024\/11\/Report-poverta-2024-copertina-550x768.jpg 550w, https:\/\/www.diocesitn.it\/area-testimonianza\/wp-content\/uploads\/sites\/37\/2024\/11\/Report-poverta-2024-copertina-1101x1536.jpg 1101w, https:\/\/www.diocesitn.it\/area-testimonianza\/wp-content\/uploads\/sites\/37\/2024\/11\/Report-poverta-2024-copertina-1468x2048.jpg 1468w, https:\/\/www.diocesitn.it\/area-testimonianza\/wp-content\/uploads\/sites\/37\/2024\/11\/Report-poverta-2024-copertina-800x1116.jpg 800w, https:\/\/www.diocesitn.it\/area-testimonianza\/wp-content\/uploads\/sites\/37\/2024\/11\/Report-poverta-2024-copertina-1200x1675.jpg 1200w, https:\/\/www.diocesitn.it\/area-testimonianza\/wp-content\/uploads\/sites\/37\/2024\/11\/Report-poverta-2024-copertina-1320x1842.jpg 1320w, https:\/\/www.diocesitn.it\/area-testimonianza\/wp-content\/uploads\/sites\/37\/2024\/11\/Report-poverta-2024-copertina-scaled.jpg 1834w\" sizes=\"auto, (max-width: 148px) 100vw, 148px\" \/><\/a>\u00a0 \u00a0 \u00a0 \u00a0<a href=\"https:\/\/www.diocesitn.it\/area-testimonianza\/wp-content\/uploads\/sites\/37\/2024\/11\/Report-poverta-2024.pdf\" target=\"_blank\" rel=\"noopener\">Scarica il rapporto<\/a><\/p>\n<h4>Interventi economici<\/h4>\n<p>Oltre alla presa in carico delle persone in stato di bisogno accolte nei Punti di ascolto, con i primi aiuti materiali e un costante accompagnamento relazionale, la Rete Caritas ha garantito nel corso dell\u2019anno <strong>interventi economici per circa 700 mila euro<\/strong>.<\/p>\n<p>\u00c8 proseguita inoltre l\u2019attivit\u00e0 ordinaria di \u201c<strong>Infondo speranza<\/strong>\u201d (il fondo solidale nato sotto Covid) e del <strong>Fondo straordinario di Rovereto<\/strong> che negli ultimi tre anni hanno distribuito complessivamente oltre <strong>610 mila euro<\/strong>, offrendo sostegno a famiglie e singoli per un totale di <strong>1.341 beneficiari.<\/strong><\/p>\n<h4>Area Accoglienza<\/h4>\n<p>Sul versante dell\u2019accoglienza, si segnala un aumento rilevante delle persone che hanno fatto domanda allo Sportello maschile per l\u2019accoglienza, coordinato da FCD in accordo con il Servizio politiche sociali della PAT. Le <strong>persone che hanno fatto domanda di accoglienza nelle strutture di accoglienza notturna<\/strong> sono praticamente <strong>raddoppiate<\/strong> nell\u2019ultimo anno, passando dai <strong>926 casi<\/strong> nel 2022 ai <strong>1.767<\/strong> del 2023.<\/p>\n<p><strong>1147<\/strong> sono le persone accolte nel 2023 nelle tre strutture principali di FCD: la Casa di accoglienza Mons. Bonomelli e il Centro di accoglienza notturna \u201cLavisotto\u201d a Trento, \u201cIl Portico\u201d a Rovereto.<\/p>\n<h4>Area abitare<\/h4>\n<p>Nel 2023, negli alloggi gestiti da FCD sono state accolte in totale <strong>149 persone<\/strong>, un dato in linea con quello dell\u2019anno precedente (157 persone accolte nel 2022).<\/p>\n<p>\u201cSul versante dell\u2019emergenza casa in senso pi\u00f9 ampio \u2013 ha sottolineato in sede di commento <strong>don Mauro Leonardelli<\/strong> -, va considerato l\u2019impegno di Arcidiocesi nel mettere a disposizione il proprio patrimonio immobiliare a canone moderato\u201d.<\/p>\n<h4>Area progetti<\/h4>\n<p>I <strong>negozi Altr\u2019uso<\/strong>, presenti a Trento e Rovereto, nel 2023 hanno visto l\u2019accesso di oltre <strong>30mila persone<\/strong> con un incremento del 20% rispetto al 2022, per un totale di pi\u00f9 di 60mila capi venduti. Importanti anche il Servizio magazzino mobili di Rovereto, il Servizio carcere, l\u2019Emporio Solidale delle parrocchie di Trento Nord con sede a Cristo Re.<\/p>\n<h4>Area migranti<\/h4>\n<p>Il progetto \u201cUCI \u2013 Una comunit\u00e0 intera\u201d ha ospitato <strong>157 persone<\/strong>, ma ha progressivamente visto una diminuzione dei posti disponibili per l\u2019accoglienza. C\u2019\u00e8 maggiore fragilit\u00e0 tra i nuovi ingressi, per via dei tempi d\u2019attesa lunghi dovuti ai posti in diminuzione e alle richieste in aumento. Nel 2023 Caritas ha accolto inoltre 116 sfollati ucraini, appartenenti a 44 nuclei famigliari.<\/p>\n<h4>Il ruolo dei volontari<\/h4>\n<p>Nel report si trovano infine molti dati e riflessioni utili a inquadrare il <strong>volontariato<\/strong> in Trentino attraverso l\u2019esperienza di Caritas, anche in relazione a Trento Capitale europea del volontariato.<\/p>\n<p>Il numero dei volontari Caritas si attesta attualmente su 759 persone: 450 ruotano negli ambiti parrocchiali, 309 sono direttamente coinvolti nei servizi di FCD. \u201cAltri 250 volontari \u2013 ha notato <strong>Fabio Chiari<\/strong> \u2013 non sono conteggiati nel Rapporto ma sono coloro che operano all\u2019interno della Mensa della Provvidenza, di cui FCD ha assunto la gestione da settembre 2023\u201d, trasferendone da poco pi\u00f9 di un mese la sede in via Giusti.<\/p>\n<h4>Giornata dei Poveri, le iniziative a Trento e Mezzocorona<\/h4>\n<p>In preparazione alla <strong>Giornata mondiale dei poveri <\/strong>di domenica 17, \u00e8 previsto <strong>sabato 16 novembre<\/strong> un incontro rivolto in particolare ai <strong>volontari<\/strong> a Trento nell\u2019aula magna del Seminario (dalle ore 8.45) sul tema \u201c<strong>Essere comunit\u00e0. Germogli di speranza<\/strong>\u201d. Nel pomeriggio, saranno presentati alcuni possibili ambiti di impegno, come la Mensa della Provvidenza (di cui la Diocesi ha assunto la gestione nella nuova sede di via Giusti) e la pastorale carceraria.<\/p>\n<p>Sempre in vista della Giornata dei Poveri e nell\u2019ambito della Visita pastorale, l\u2019<strong>arcivescovo Lauro Tisi<\/strong> sar\u00e0 <strong>gioved\u00ec 14 novembre<\/strong> alle 20.30 al teatro San Gottardo di Mezzocorona per l\u2019incontro \u201c<strong>Tutti fragili, tutte persone: testimonianze di vita e germogli di speranza<\/strong>\u201d. Alle voci di testimoni impegnati sul versante della solidariet\u00e0, seguir\u00e0 l\u2019intervento di monsignor Tisi. La serata, moderata da Rolando Pizzini, \u00e8 organizzata dal mondo Caritas con la collaborazione del coro Grazie alla vita e della Filodrammatica di Mezzocorona.<\/p>\n\n\n\t\t<style type='text\/css'>\n\n\t\t\t\/* PhotoSwipe Plugin *\/\n\t\t\t.psgal {\n\t\t\t\tmargin: auto;\n\t\t\t\tpadding-bottom:40px;\n\n\t\t\t\t-webkit-transition: all 0.4s ease;\n\t\t\t\t-moz-transition: all 0.4s ease;\n\t\t\t\t-o-transition: all 0.4s ease;\n\t\t\t\ttransition: all 0.4s ease;\n\t\t\t}\n\n\t\t\t.psgal figure {\n\t\t\t\tfloat: left;\n\t\t\t\ttext-align: center;\n    \t\t\twidth: 200px;\n                max-width: 50%;\n\t\t\t\tpadding:5px;\n\t\t\t\tmargin: 0px;\n\t\t\t\tbox-sizing:border-box;\n\t\t\t}\n\t\t\t.psgal a{\n\t\t\t\tdisplay:block;\n\t\t\t}\n\t\t\t.psgal figure figcaption{\n\t\t\t\tfont-size:13px;\n\t\t\t}\n\n\t\t\t.msnry{\n\t\t\t\tmargin:auto;\n\t\t\t}\n\t\t\t.pswp__caption__center{\n\t\t\t\ttext-align: center;\n\t\t\t}\n\t\t\t\n\n\t\t\t.photoswipe-gallery-caption{\n\t\t\t\tdisplay:none;\n\t\t\t}\n\n\t\t\t\n\t\t<\/style> <div style=\"clear:both\"><\/div>\n\n\t\t<div id=\"psgal_16436_1\" class=\"ps-gallery psgal gallery-columns-3 gallery-size-thumbnail\" itemscope itemtype=\"http:\/\/schema.org\/ImageGallery\" >\n\t\t\t\t<figure class=\"msnry_item\" itemscope itemtype=\"http:\/\/schema.org\/ImageObject\">\n\t\t\t\t\t<a href=\"https:\/\/www.diocesitn.it\/area-testimonianza\/wp-content\/uploads\/sites\/37\/2024\/11\/rapporto_Caritas_2024_1-1024x768.jpg\"\n\t\t\t\t\titemprop=\"contentUrl\"\n\t\t\t\t\tdata-pswp-width=\"800\" \n\t\t\t\t    data-pswp-height=\"600\" \n\t\t\t\t    data-cropped=\"true\"\n\t\t\t\t\tdata-caption=\"\"\n\t\t\t\t\tclass=\"post-thumbnail-image-link container-fixed-aspect-ratio__16-9\">\n\t\t\t\t        <img src=https:\/\/www.diocesitn.it\/area-testimonianza\/wp-content\/uploads\/sites\/37\/2024\/11\/rapporto_Caritas_2024_1-300x225.jpg itemprop=\"thumbnail\" alt=\"\"  \/>\n\t\t\t\t    <\/a>\n\t\t\t\t    <figcaption class=\"photoswipe-gallery-caption\" ><\/figcaption>\n\t\t\t    <\/figure>\n\t\t\t\t\n\t\t\t\t<figure class=\"msnry_item\" itemscope itemtype=\"http:\/\/schema.org\/ImageObject\">\n\t\t\t\t\t<a href=\"https:\/\/www.diocesitn.it\/area-testimonianza\/wp-content\/uploads\/sites\/37\/2024\/11\/rapporto_Caritas_2024_4-e1731499146323.jpg\"\n\t\t\t\t\titemprop=\"contentUrl\"\n\t\t\t\t\tdata-pswp-width=\"800\" \n\t\t\t\t    data-pswp-height=\"600\" \n\t\t\t\t    data-cropped=\"true\"\n\t\t\t\t\tdata-caption=\"\"\n\t\t\t\t\tclass=\"post-thumbnail-image-link container-fixed-aspect-ratio__16-9\">\n\t\t\t\t        <img src=https:\/\/www.diocesitn.it\/area-testimonianza\/wp-content\/uploads\/sites\/37\/2024\/11\/rapporto_Caritas_2024_4-e1731499146323-300x225.jpg itemprop=\"thumbnail\" alt=\"\"  \/>\n\t\t\t\t    <\/a>\n\t\t\t\t    <figcaption class=\"photoswipe-gallery-caption\" ><\/figcaption>\n\t\t\t    <\/figure>\n\t\t\t\t\n\t\t\t\t<figure class=\"msnry_item\" itemscope itemtype=\"http:\/\/schema.org\/ImageObject\">\n\t\t\t\t\t<a href=\"https:\/\/www.diocesitn.it\/area-testimonianza\/wp-content\/uploads\/sites\/37\/2024\/11\/rapporto_Caritas_2024_3-1024x768.jpg\"\n\t\t\t\t\titemprop=\"contentUrl\"\n\t\t\t\t\tdata-pswp-width=\"800\" \n\t\t\t\t    data-pswp-height=\"600\" \n\t\t\t\t    data-cropped=\"true\"\n\t\t\t\t\tdata-caption=\"\"\n\t\t\t\t\tclass=\"post-thumbnail-image-link container-fixed-aspect-ratio__16-9\">\n\t\t\t\t        <img src=https:\/\/www.diocesitn.it\/area-testimonianza\/wp-content\/uploads\/sites\/37\/2024\/11\/rapporto_Caritas_2024_3-300x225.jpg itemprop=\"thumbnail\" alt=\"\"  \/>\n\t\t\t\t    <\/a>\n\t\t\t\t    <figcaption class=\"photoswipe-gallery-caption\" ><\/figcaption>\n\t\t\t    <\/figure>\n\t\t\t\t\n\t\t\t\t<figure class=\"msnry_item\" itemscope itemtype=\"http:\/\/schema.org\/ImageObject\">\n\t\t\t\t\t<a href=\"https:\/\/www.diocesitn.it\/area-testimonianza\/wp-content\/uploads\/sites\/37\/2024\/11\/rapporto_Caritas_2024_2-1024x768.jpg\"\n\t\t\t\t\titemprop=\"contentUrl\"\n\t\t\t\t\tdata-pswp-width=\"800\" \n\t\t\t\t    data-pswp-height=\"600\" \n\t\t\t\t    data-cropped=\"true\"\n\t\t\t\t\tdata-caption=\"\"\n\t\t\t\t\tclass=\"post-thumbnail-image-link container-fixed-aspect-ratio__16-9\">\n\t\t\t\t        <img src=https:\/\/www.diocesitn.it\/area-testimonianza\/wp-content\/uploads\/sites\/37\/2024\/11\/rapporto_Caritas_2024_2-300x225.jpg itemprop=\"thumbnail\" alt=\"\"  \/>\n\t\t\t\t    <\/a>\n\t\t\t\t    <figcaption class=\"photoswipe-gallery-caption\" ><\/figcaption>\n\t\t\t    <\/figure>\n\t\t\t\t<\/div>\n\t\t<div style='clear:both'><\/div>\n\t\n","protected":false},"excerpt":{"rendered":"<p>Nel corso dell\u2019anno 2023 sono state 2.500 le situazioni personali o familiari di bisogno incontrate dalla Chiesa di Trento, attraverso i Centri di ascolto Caritas sul territorio e l\u2019attivit\u00e0 di Fondazione Caritas Diocesana (FCD). Poco<\/p>\n","protected":false},"author":3,"featured_media":16627,"comment_status":"closed","ping_status":"closed","sticky":false,"template":"","format":"standard","meta":{"footnotes":""},"categories":[1059,1074],"tags":[1092,2418,2033,1399],"class_list":["post-16436","post","type-post","status-publish","format-standard","has-post-thumbnail","hentry","category-servizio-caritas","category-notizie","tag-caritas","tag-mauro-leonardelli","tag-fabio-chiari","tag-vescovo-lauro-tisi"],"acf":{"seed-localization-paese-cod":"IT","seed-localization-address":"","seed-localization-citta":"Trento","seed-localization-regione-cod-istat":"04","seed-localization-citta-cod-istat":"022205","seed-localization-localita":"","seed-localization-cap":"","seed-localization-marker-visibility":false,"seed-localization-children-visibility":false,"seed-localization-kml":"","seed-localization-custom-marker":""},"yoast_head":"<!-- This site is optimized with the Yoast SEO Premium plugin v20.2.1 (Yoast SEO v22.2) - https:\/\/yoast.com\/wordpress\/plugins\/seo\/ -->\n<title>Chiesa trentina, presentato il Rapporto della rete Caritas<\/title>\n<meta name=\"description\" content=\"Chiesa trentina, presentato il Rapporto della rete Caritas. Tisi: \u201cLa povert\u00e0 pi\u00f9 grande? Mancanza di sussulto e compassione&quot;\" \/>\n<meta name=\"robots\" content=\"index, follow, max-snippet:-1, max-image-preview:large, max-video-preview:-1\" \/>\n<link rel=\"canonical\" href=\"https:\/\/www.diocesitn.it\/area-testimonianza\/2024\/11\/13\/chiesa-trentina-presentato-il-rapporto-sulle-poverta-incontrate-della-rete-caritas-tisi-la-poverta-piu-grande-la-mancanza-di-sussulto-e-compassione\/\" \/>\n<meta property=\"og:locale\" content=\"it_IT\" \/>\n<meta property=\"og:type\" content=\"article\" \/>\n<meta property=\"og:title\" content=\"Chiesa trentina, presentato il Rapporto sulle povert\u00e0 incontrate della rete Caritas.\" \/>\n<meta property=\"og:description\" content=\"Chiesa trentina, presentato il Rapporto della rete Caritas. Tisi: \u201cLa povert\u00e0 pi\u00f9 grande? Mancanza di sussulto e compassione&quot;\" \/>\n<meta property=\"og:url\" content=\"https:\/\/www.diocesitn.it\/area-testimonianza\/2024\/11\/13\/chiesa-trentina-presentato-il-rapporto-sulle-poverta-incontrate-della-rete-caritas-tisi-la-poverta-piu-grande-la-mancanza-di-sussulto-e-compassione\/\" \/>\n<meta property=\"og:site_name\" content=\"Testimonianza e Impegno sociale\" \/>\n<meta property=\"article:published_time\" content=\"2024-11-13T12:11:09+00:00\" \/>\n<meta property=\"article:modified_time\" content=\"2025-04-10T10:15:54+00:00\" \/>\n<meta property=\"og:image\" content=\"https:\/\/www.diocesitn.it\/area-testimonianza\/wp-content\/uploads\/sites\/37\/2024\/12\/Papporto-poverta-banner.jpg\" \/>\n\t<meta property=\"og:image:width\" content=\"560\" \/>\n\t<meta property=\"og:image:height\" content=\"315\" \/>\n\t<meta property=\"og:image:type\" content=\"image\/jpeg\" \/>\n<meta name=\"author\" content=\"Piergiorgio Franceschini\" \/>\n<meta name=\"twitter:card\" content=\"summary_large_image\" \/>\n<meta name=\"twitter:label1\" content=\"Scritto da\" \/>\n\t<meta name=\"twitter:data1\" content=\"Piergiorgio Franceschini\" \/>\n\t<meta name=\"twitter:label2\" content=\"Tempo di lettura stimato\" \/>\n\t<meta name=\"twitter:data2\" content=\"7 minuti\" \/>\n<script type=\"application\/ld+json\" class=\"yoast-schema-graph\">{\"@context\":\"https:\/\/schema.org\",\"@graph\":[{\"@type\":\"Article\",\"@id\":\"https:\/\/www.diocesitn.it\/area-testimonianza\/2024\/11\/13\/chiesa-trentina-presentato-il-rapporto-sulle-poverta-incontrate-della-rete-caritas-tisi-la-poverta-piu-grande-la-mancanza-di-sussulto-e-compassione\/#article\",\"isPartOf\":{\"@id\":\"https:\/\/www.diocesitn.it\/area-testimonianza\/2024\/11\/13\/chiesa-trentina-presentato-il-rapporto-sulle-poverta-incontrate-della-rete-caritas-tisi-la-poverta-piu-grande-la-mancanza-di-sussulto-e-compassione\/\"},\"author\":{\"name\":\"Piergiorgio Franceschini\",\"@id\":\"https:\/\/www.diocesitn.it\/area-testimonianza\/#\/schema\/person\/99590c84577873a025247b6aeb16ad2e\"},\"headline\":\"Chiesa trentina, presentato il Rapporto sulle povert\u00e0 incontrate della rete Caritas.\",\"datePublished\":\"2024-11-13T12:11:09+00:00\",\"dateModified\":\"2025-04-10T10:15:54+00:00\",\"mainEntityOfPage\":{\"@id\":\"https:\/\/www.diocesitn.it\/area-testimonianza\/2024\/11\/13\/chiesa-trentina-presentato-il-rapporto-sulle-poverta-incontrate-della-rete-caritas-tisi-la-poverta-piu-grande-la-mancanza-di-sussulto-e-compassione\/\"},\"wordCount\":1231,\"publisher\":{\"@id\":\"https:\/\/www.diocesitn.it\/area-testimonianza\/#organization\"},\"image\":{\"@id\":\"https:\/\/www.diocesitn.it\/area-testimonianza\/2024\/11\/13\/chiesa-trentina-presentato-il-rapporto-sulle-poverta-incontrate-della-rete-caritas-tisi-la-poverta-piu-grande-la-mancanza-di-sussulto-e-compassione\/#primaryimage\"},\"thumbnailUrl\":\"https:\/\/www.diocesitn.it\/area-testimonianza\/wp-content\/uploads\/sites\/37\/2024\/12\/Papporto-poverta-banner.jpg\",\"keywords\":[\"Caritas\",\"d. Mauro Leonardelli\",\"Fabio Chiari\",\"mons. Lauro Tisi\"],\"articleSection\":[\"Caritas diocesana\",\"Notizie\"],\"inLanguage\":\"it-IT\",\"copyrightYear\":\"2024\",\"copyrightHolder\":{\"@id\":\"https:\/\/www.diocesitn.it\/#organization\"}},{\"@type\":\"WebPage\",\"@id\":\"https:\/\/www.diocesitn.it\/area-testimonianza\/2024\/11\/13\/chiesa-trentina-presentato-il-rapporto-sulle-poverta-incontrate-della-rete-caritas-tisi-la-poverta-piu-grande-la-mancanza-di-sussulto-e-compassione\/\",\"url\":\"https:\/\/www.diocesitn.it\/area-testimonianza\/2024\/11\/13\/chiesa-trentina-presentato-il-rapporto-sulle-poverta-incontrate-della-rete-caritas-tisi-la-poverta-piu-grande-la-mancanza-di-sussulto-e-compassione\/\",\"name\":\"Chiesa trentina, presentato il Rapporto della rete Caritas\",\"isPartOf\":{\"@id\":\"https:\/\/www.diocesitn.it\/area-testimonianza\/#website\"},\"primaryImageOfPage\":{\"@id\":\"https:\/\/www.diocesitn.it\/area-testimonianza\/2024\/11\/13\/chiesa-trentina-presentato-il-rapporto-sulle-poverta-incontrate-della-rete-caritas-tisi-la-poverta-piu-grande-la-mancanza-di-sussulto-e-compassione\/#primaryimage\"},\"image\":{\"@id\":\"https:\/\/www.diocesitn.it\/area-testimonianza\/2024\/11\/13\/chiesa-trentina-presentato-il-rapporto-sulle-poverta-incontrate-della-rete-caritas-tisi-la-poverta-piu-grande-la-mancanza-di-sussulto-e-compassione\/#primaryimage\"},\"thumbnailUrl\":\"https:\/\/www.diocesitn.it\/area-testimonianza\/wp-content\/uploads\/sites\/37\/2024\/12\/Papporto-poverta-banner.jpg\",\"datePublished\":\"2024-11-13T12:11:09+00:00\",\"dateModified\":\"2025-04-10T10:15:54+00:00\",\"description\":\"Chiesa trentina, presentato il Rapporto della rete Caritas. Tisi: \u201cLa povert\u00e0 pi\u00f9 grande? Mancanza di sussulto e compassione\\\"\",\"breadcrumb\":{\"@id\":\"https:\/\/www.diocesitn.it\/area-testimonianza\/2024\/11\/13\/chiesa-trentina-presentato-il-rapporto-sulle-poverta-incontrate-della-rete-caritas-tisi-la-poverta-piu-grande-la-mancanza-di-sussulto-e-compassione\/#breadcrumb\"},\"inLanguage\":\"it-IT\",\"potentialAction\":[{\"@type\":\"ReadAction\",\"target\":[\"https:\/\/www.diocesitn.it\/area-testimonianza\/2024\/11\/13\/chiesa-trentina-presentato-il-rapporto-sulle-poverta-incontrate-della-rete-caritas-tisi-la-poverta-piu-grande-la-mancanza-di-sussulto-e-compassione\/\"]}]},{\"@type\":\"ImageObject\",\"inLanguage\":\"it-IT\",\"@id\":\"https:\/\/www.diocesitn.it\/area-testimonianza\/2024\/11\/13\/chiesa-trentina-presentato-il-rapporto-sulle-poverta-incontrate-della-rete-caritas-tisi-la-poverta-piu-grande-la-mancanza-di-sussulto-e-compassione\/#primaryimage\",\"url\":\"https:\/\/www.diocesitn.it\/area-testimonianza\/wp-content\/uploads\/sites\/37\/2024\/12\/Papporto-poverta-banner.jpg\",\"contentUrl\":\"https:\/\/www.diocesitn.it\/area-testimonianza\/wp-content\/uploads\/sites\/37\/2024\/12\/Papporto-poverta-banner.jpg\",\"width\":560,\"height\":315},{\"@type\":\"BreadcrumbList\",\"@id\":\"https:\/\/www.diocesitn.it\/area-testimonianza\/2024\/11\/13\/chiesa-trentina-presentato-il-rapporto-sulle-poverta-incontrate-della-rete-caritas-tisi-la-poverta-piu-grande-la-mancanza-di-sussulto-e-compassione\/#breadcrumb\",\"itemListElement\":[{\"@type\":\"ListItem\",\"position\":1,\"name\":\"Home\",\"item\":\"https:\/\/www.diocesitn.it\/area-testimonianza\/\"},{\"@type\":\"ListItem\",\"position\":2,\"name\":\"Chiesa trentina, presentato il Rapporto sulle povert\u00e0 incontrate della rete Caritas.\"}]},{\"@type\":\"WebSite\",\"@id\":\"https:\/\/www.diocesitn.it\/area-testimonianza\/#website\",\"url\":\"https:\/\/www.diocesitn.it\/area-testimonianza\/\",\"name\":\"Testimonianza e Impegno sociale\",\"description\":\"Chiesa di Trento\",\"publisher\":{\"@id\":\"https:\/\/www.diocesitn.it\/area-testimonianza\/#organization\"},\"potentialAction\":[{\"@type\":\"SearchAction\",\"target\":{\"@type\":\"EntryPoint\",\"urlTemplate\":\"https:\/\/www.diocesitn.it\/area-testimonianza\/?s={search_term_string}\"},\"query-input\":\"required name=search_term_string\"}],\"inLanguage\":\"it-IT\"},{\"@type\":[\"Organization\",\"Place\"],\"@id\":\"https:\/\/www.diocesitn.it\/area-testimonianza\/#organization\",\"name\":\"Area Testimonianza e Impegno Sociale - Chiesa di Trento\",\"url\":\"https:\/\/www.diocesitn.it\/area-testimonianza\/\",\"logo\":{\"@id\":\"https:\/\/www.diocesitn.it\/area-testimonianza\/2024\/11\/13\/chiesa-trentina-presentato-il-rapporto-sulle-poverta-incontrate-della-rete-caritas-tisi-la-poverta-piu-grande-la-mancanza-di-sussulto-e-compassione\/#local-main-organization-logo\"},\"image\":{\"@id\":\"https:\/\/www.diocesitn.it\/area-testimonianza\/2024\/11\/13\/chiesa-trentina-presentato-il-rapporto-sulle-poverta-incontrate-della-rete-caritas-tisi-la-poverta-piu-grande-la-mancanza-di-sussulto-e-compassione\/#local-main-organization-logo\"},\"openingHoursSpecification\":[{\"@type\":\"OpeningHoursSpecification\",\"dayOfWeek\":[\"Monday\",\"Tuesday\",\"Wednesday\",\"Thursday\",\"Friday\",\"Saturday\",\"Sunday\"],\"opens\":\"09:00\",\"closes\":\"17:00\"}]},{\"@type\":\"ImageObject\",\"inLanguage\":\"it-IT\",\"@id\":\"https:\/\/www.diocesitn.it\/area-testimonianza\/2024\/11\/13\/chiesa-trentina-presentato-il-rapporto-sulle-poverta-incontrate-della-rete-caritas-tisi-la-poverta-piu-grande-la-mancanza-di-sussulto-e-compassione\/#local-main-organization-logo\",\"url\":\"https:\/\/www.diocesitn.it\/area-testimonianza\/wp-content\/uploads\/sites\/37\/2021\/09\/og-logo-testimonianza-e-impegno-sociale.jpg\",\"contentUrl\":\"https:\/\/www.diocesitn.it\/area-testimonianza\/wp-content\/uploads\/sites\/37\/2021\/09\/og-logo-testimonianza-e-impegno-sociale.jpg\",\"width\":1200,\"height\":630,\"caption\":\"Area Testimonianza e Impegno Sociale - Chiesa di Trento\"}]}<\/script>\n<!-- \/ Yoast SEO Premium plugin. -->","yoast_head_json":{"title":"Chiesa trentina, presentato il Rapporto della rete Caritas","description":"Chiesa trentina, presentato il Rapporto della rete Caritas. Tisi: \u201cLa povert\u00e0 pi\u00f9 grande? Mancanza di sussulto e compassione\"","robots":{"index":"index","follow":"follow","max-snippet":"max-snippet:-1","max-image-preview":"max-image-preview:large","max-video-preview":"max-video-preview:-1"},"canonical":"https:\/\/www.diocesitn.it\/area-testimonianza\/2024\/11\/13\/chiesa-trentina-presentato-il-rapporto-sulle-poverta-incontrate-della-rete-caritas-tisi-la-poverta-piu-grande-la-mancanza-di-sussulto-e-compassione\/","og_locale":"it_IT","og_type":"article","og_title":"Chiesa trentina, presentato il Rapporto sulle povert\u00e0 incontrate della rete Caritas.","og_description":"Chiesa trentina, presentato il Rapporto della rete Caritas. Tisi: \u201cLa povert\u00e0 pi\u00f9 grande? Mancanza di sussulto e compassione\"","og_url":"https:\/\/www.diocesitn.it\/area-testimonianza\/2024\/11\/13\/chiesa-trentina-presentato-il-rapporto-sulle-poverta-incontrate-della-rete-caritas-tisi-la-poverta-piu-grande-la-mancanza-di-sussulto-e-compassione\/","og_site_name":"Testimonianza e Impegno sociale","article_published_time":"2024-11-13T12:11:09+00:00","article_modified_time":"2025-04-10T10:15:54+00:00","og_image":[{"width":560,"height":315,"url":"https:\/\/www.diocesitn.it\/area-testimonianza\/wp-content\/uploads\/sites\/37\/2024\/12\/Papporto-poverta-banner.jpg","type":"image\/jpeg"}],"author":"Piergiorgio Franceschini","twitter_card":"summary_large_image","twitter_misc":{"Scritto da":"Piergiorgio Franceschini","Tempo di lettura stimato":"7 minuti"},"schema":{"@context":"https:\/\/schema.org","@graph":[{"@type":"Article","@id":"https:\/\/www.diocesitn.it\/area-testimonianza\/2024\/11\/13\/chiesa-trentina-presentato-il-rapporto-sulle-poverta-incontrate-della-rete-caritas-tisi-la-poverta-piu-grande-la-mancanza-di-sussulto-e-compassione\/#article","isPartOf":{"@id":"https:\/\/www.diocesitn.it\/area-testimonianza\/2024\/11\/13\/chiesa-trentina-presentato-il-rapporto-sulle-poverta-incontrate-della-rete-caritas-tisi-la-poverta-piu-grande-la-mancanza-di-sussulto-e-compassione\/"},"author":{"name":"Piergiorgio Franceschini","@id":"https:\/\/www.diocesitn.it\/area-testimonianza\/#\/schema\/person\/99590c84577873a025247b6aeb16ad2e"},"headline":"Chiesa trentina, presentato il Rapporto sulle povert\u00e0 incontrate della rete Caritas.","datePublished":"2024-11-13T12:11:09+00:00","dateModified":"2025-04-10T10:15:54+00:00","mainEntityOfPage":{"@id":"https:\/\/www.diocesitn.it\/area-testimonianza\/2024\/11\/13\/chiesa-trentina-presentato-il-rapporto-sulle-poverta-incontrate-della-rete-caritas-tisi-la-poverta-piu-grande-la-mancanza-di-sussulto-e-compassione\/"},"wordCount":1231,"publisher":{"@id":"https:\/\/www.diocesitn.it\/area-testimonianza\/#organization"},"image":{"@id":"https:\/\/www.diocesitn.it\/area-testimonianza\/2024\/11\/13\/chiesa-trentina-presentato-il-rapporto-sulle-poverta-incontrate-della-rete-caritas-tisi-la-poverta-piu-grande-la-mancanza-di-sussulto-e-compassione\/#primaryimage"},"thumbnailUrl":"https:\/\/www.diocesitn.it\/area-testimonianza\/wp-content\/uploads\/sites\/37\/2024\/12\/Papporto-poverta-banner.jpg","keywords":["Caritas","d. Mauro Leonardelli","Fabio Chiari","mons. Lauro Tisi"],"articleSection":["Caritas diocesana","Notizie"],"inLanguage":"it-IT","copyrightYear":"2024","copyrightHolder":{"@id":"https:\/\/www.diocesitn.it\/#organization"}},{"@type":"WebPage","@id":"https:\/\/www.diocesitn.it\/area-testimonianza\/2024\/11\/13\/chiesa-trentina-presentato-il-rapporto-sulle-poverta-incontrate-della-rete-caritas-tisi-la-poverta-piu-grande-la-mancanza-di-sussulto-e-compassione\/","url":"https:\/\/www.diocesitn.it\/area-testimonianza\/2024\/11\/13\/chiesa-trentina-presentato-il-rapporto-sulle-poverta-incontrate-della-rete-caritas-tisi-la-poverta-piu-grande-la-mancanza-di-sussulto-e-compassione\/","name":"Chiesa trentina, presentato il Rapporto della rete Caritas","isPartOf":{"@id":"https:\/\/www.diocesitn.it\/area-testimonianza\/#website"},"primaryImageOfPage":{"@id":"https:\/\/www.diocesitn.it\/area-testimonianza\/2024\/11\/13\/chiesa-trentina-presentato-il-rapporto-sulle-poverta-incontrate-della-rete-caritas-tisi-la-poverta-piu-grande-la-mancanza-di-sussulto-e-compassione\/#primaryimage"},"image":{"@id":"https:\/\/www.diocesitn.it\/area-testimonianza\/2024\/11\/13\/chiesa-trentina-presentato-il-rapporto-sulle-poverta-incontrate-della-rete-caritas-tisi-la-poverta-piu-grande-la-mancanza-di-sussulto-e-compassione\/#primaryimage"},"thumbnailUrl":"https:\/\/www.diocesitn.it\/area-testimonianza\/wp-content\/uploads\/sites\/37\/2024\/12\/Papporto-poverta-banner.jpg","datePublished":"2024-11-13T12:11:09+00:00","dateModified":"2025-04-10T10:15:54+00:00","description":"Chiesa trentina, presentato il Rapporto della rete Caritas. Tisi: \u201cLa povert\u00e0 pi\u00f9 grande? Mancanza di sussulto e compassione\"","breadcrumb":{"@id":"https:\/\/www.diocesitn.it\/area-testimonianza\/2024\/11\/13\/chiesa-trentina-presentato-il-rapporto-sulle-poverta-incontrate-della-rete-caritas-tisi-la-poverta-piu-grande-la-mancanza-di-sussulto-e-compassione\/#breadcrumb"},"inLanguage":"it-IT","potentialAction":[{"@type":"ReadAction","target":["https:\/\/www.diocesitn.it\/area-testimonianza\/2024\/11\/13\/chiesa-trentina-presentato-il-rapporto-sulle-poverta-incontrate-della-rete-caritas-tisi-la-poverta-piu-grande-la-mancanza-di-sussulto-e-compassione\/"]}]},{"@type":"ImageObject","inLanguage":"it-IT","@id":"https:\/\/www.diocesitn.it\/area-testimonianza\/2024\/11\/13\/chiesa-trentina-presentato-il-rapporto-sulle-poverta-incontrate-della-rete-caritas-tisi-la-poverta-piu-grande-la-mancanza-di-sussulto-e-compassione\/#primaryimage","url":"https:\/\/www.diocesitn.it\/area-testimonianza\/wp-content\/uploads\/sites\/37\/2024\/12\/Papporto-poverta-banner.jpg","contentUrl":"https:\/\/www.diocesitn.it\/area-testimonianza\/wp-content\/uploads\/sites\/37\/2024\/12\/Papporto-poverta-banner.jpg","width":560,"height":315},{"@type":"BreadcrumbList","@id":"https:\/\/www.diocesitn.it\/area-testimonianza\/2024\/11\/13\/chiesa-trentina-presentato-il-rapporto-sulle-poverta-incontrate-della-rete-caritas-tisi-la-poverta-piu-grande-la-mancanza-di-sussulto-e-compassione\/#breadcrumb","itemListElement":[{"@type":"ListItem","position":1,"name":"Home","item":"https:\/\/www.diocesitn.it\/area-testimonianza\/"},{"@type":"ListItem","position":2,"name":"Chiesa trentina, presentato il Rapporto sulle povert\u00e0 incontrate della rete Caritas."}]},{"@type":"WebSite","@id":"https:\/\/www.diocesitn.it\/area-testimonianza\/#website","url":"https:\/\/www.diocesitn.it\/area-testimonianza\/","name":"Testimonianza e Impegno sociale","description":"Chiesa di Trento","publisher":{"@id":"https:\/\/www.diocesitn.it\/area-testimonianza\/#organization"},"potentialAction":[{"@type":"SearchAction","target":{"@type":"EntryPoint","urlTemplate":"https:\/\/www.diocesitn.it\/area-testimonianza\/?s={search_term_string}"},"query-input":"required name=search_term_string"}],"inLanguage":"it-IT"},{"@type":["Organization","Place"],"@id":"https:\/\/www.diocesitn.it\/area-testimonianza\/#organization","name":"Area Testimonianza e Impegno Sociale - Chiesa di Trento","url":"https:\/\/www.diocesitn.it\/area-testimonianza\/","logo":{"@id":"https:\/\/www.diocesitn.it\/area-testimonianza\/2024\/11\/13\/chiesa-trentina-presentato-il-rapporto-sulle-poverta-incontrate-della-rete-caritas-tisi-la-poverta-piu-grande-la-mancanza-di-sussulto-e-compassione\/#local-main-organization-logo"},"image":{"@id":"https:\/\/www.diocesitn.it\/area-testimonianza\/2024\/11\/13\/chiesa-trentina-presentato-il-rapporto-sulle-poverta-incontrate-della-rete-caritas-tisi-la-poverta-piu-grande-la-mancanza-di-sussulto-e-compassione\/#local-main-organization-logo"},"openingHoursSpecification":[{"@type":"OpeningHoursSpecification","dayOfWeek":["Monday","Tuesday","Wednesday","Thursday","Friday","Saturday","Sunday"],"opens":"09:00","closes":"17:00"}]},{"@type":"ImageObject","inLanguage":"it-IT","@id":"https:\/\/www.diocesitn.it\/area-testimonianza\/2024\/11\/13\/chiesa-trentina-presentato-il-rapporto-sulle-poverta-incontrate-della-rete-caritas-tisi-la-poverta-piu-grande-la-mancanza-di-sussulto-e-compassione\/#local-main-organization-logo","url":"https:\/\/www.diocesitn.it\/area-testimonianza\/wp-content\/uploads\/sites\/37\/2021\/09\/og-logo-testimonianza-e-impegno-sociale.jpg","contentUrl":"https:\/\/www.diocesitn.it\/area-testimonianza\/wp-content\/uploads\/sites\/37\/2021\/09\/og-logo-testimonianza-e-impegno-sociale.jpg","width":1200,"height":630,"caption":"Area Testimonianza e Impegno Sociale - Chiesa di Trento"}]}},"_links":{"self":[{"href":"https:\/\/www.diocesitn.it\/area-testimonianza\/wp-json\/wp\/v2\/posts\/16436","targetHints":{"allow":["GET"]}}],"collection":[{"href":"https:\/\/www.diocesitn.it\/area-testimonianza\/wp-json\/wp\/v2\/posts"}],"about":[{"href":"https:\/\/www.diocesitn.it\/area-testimonianza\/wp-json\/wp\/v2\/types\/post"}],"author":[{"embeddable":true,"href":"https:\/\/www.diocesitn.it\/area-testimonianza\/wp-json\/wp\/v2\/users\/3"}],"replies":[{"embeddable":true,"href":"https:\/\/www.diocesitn.it\/area-testimonianza\/wp-json\/wp\/v2\/comments?post=16436"}],"version-history":[{"count":3,"href":"https:\/\/www.diocesitn.it\/area-testimonianza\/wp-json\/wp\/v2\/posts\/16436\/revisions"}],"predecessor-version":[{"id":16624,"href":"https:\/\/www.diocesitn.it\/area-testimonianza\/wp-json\/wp\/v2\/posts\/16436\/revisions\/16624"}],"wp:featuredmedia":[{"embeddable":true,"href":"https:\/\/www.diocesitn.it\/area-testimonianza\/wp-json\/wp\/v2\/media\/16627"}],"wp:attachment":[{"href":"https:\/\/www.diocesitn.it\/area-testimonianza\/wp-json\/wp\/v2\/media?parent=16436"}],"wp:term":[{"taxonomy":"category","embeddable":true,"href":"https:\/\/www.diocesitn.it\/area-testimonianza\/wp-json\/wp\/v2\/categories?post=16436"},{"taxonomy":"post_tag","embeddable":true,"href":"https:\/\/www.diocesitn.it\/area-testimonianza\/wp-json\/wp\/v2\/tags?post=16436"}],"curies":[{"name":"wp","href":"https:\/\/api.w.org\/{rel}","templated":true}]}}