{"id":16145,"date":"2024-10-18T09:39:36","date_gmt":"2024-10-18T07:39:36","guid":{"rendered":"https:\/\/www.diocesitn.it\/area-testimonianza\/?p=16145"},"modified":"2024-11-04T09:45:22","modified_gmt":"2024-11-04T08:45:22","slug":"la-missione-ora-chiama-anche-leuropa","status":"publish","type":"post","link":"https:\/\/www.diocesitn.it\/area-testimonianza\/2024\/10\/18\/la-missione-ora-chiama-anche-leuropa\/","title":{"rendered":"La missione ora \u201cchiama\u201d anche l\u2019Europa"},"content":{"rendered":"<div class=\"text\">\n<p>Gommoni di profughi nordafricani che cercano di sbarcare sulle coste inglesi, mentre sulle sponde albanesi il governo italiano prepara i container per la detenzione di altri migranti. Due immagini opposte, specchio dello stesso disagio, messe sul piatto dai nostri Tg a ora di cena. Per guardarci dentro, nel\u00a0<strong>mese missionario<\/strong> la Diocesi ci offre l\u2019iniziativa \u201c<a href=\"https:\/\/www.diocesitn.it\/area-testimonianza\/centro-missionario-diocesano\/appuntamenti-missionari\/il-trentino-chiama-europa\/\"><strong>Il Trentino chiama\u2026 Europa<\/strong><\/a>\u201d.<\/p>\n<p>\u201cNon abbiamo scelto l\u2019Europa perch\u00e9 era pi\u00f9 vicina o perch\u00e9 era pi\u00f9 facile parlarne\u2026\u201d ha sottolineato il delegato\u00a0<strong>don Mauro Leonardelli<\/strong>\u00a0all\u2019inizio del mese missionario che porter\u00e0 il Vecchio continente (lo scorso anno il Trentino aveva \u201cchiamato\u201d l\u2019Africa) all\u2019attenzione delle nostre comunit\u00e0 ecclesiali e anche delle scuole che incontrano i nostri venti missionari \u201ceuropei\u201d.<\/p>\n<p>Se\u00a0<strong>la Chiesa trentina punta i fari sull\u2019Europa<\/strong>\u00a0\u2013 a pochi mesi da un esito elettorale che in giugno ha premiato un vento di estrema destra dalle pericolose sferzate nazionalistiche \u2013 \u00e8\u00a0<strong>per coltivare il sogno di Alcide De Gasperi e di Antonio Megalizzi<\/strong>\u00a0(ne hanno parlato Michele Nicoletti e Caterina Moser al \u201cVigilianum\u201d mercoled\u00ec 16 sera insieme all\u2019arcivescovo Lauro) e non tradire la preoccupazione di papa Francesco che gi\u00e0 10 anni fa denunciava a Bruxelles \u201cun\u2019impressione generale di stanchezza, e d\u2019invecchiamento, di un\u2019Europa nonna e non pi\u00f9 fertile e vivace. Per cui i grandi ideali che hanno ispirato l\u2019Europa sembrano aver perso forza attrattiva, in favore dei tecnicismi burocratici delle sue istituzioni\u201c.<\/p>\n<p>L\u2019equipe del Centro Missionario Diocesano, che ha promosso al \u201cClesio\u201d\u00a0<strong>un\u2019imperdibile mostra curata dal Centro Astalli sulla rotta balcanica<\/strong>\u00a0ci invita a considerare con preoccupazione la \u201cdirezione\u201d dei popoli europei, pi\u00f9 richiusi nell\u2019egoismo che aperti alla solidariet\u00e0, per i diritti umani: i missionari trentini impegnati da Scampia (come suor Marina) a Stoccolma (come la focolarina Maria Luce) vanno ripetendo in questi giorni che\u00a0<strong>\u201criconoscersi fratelli\u201d \u00e8 un\u2019urgenza storica che i conflitti acuiscono e rendono ancora pi\u00f9 irrinunciabile<\/strong>.<\/p>\n<p>Lo affermano\u00a0<strong>i nostri religiosi<\/strong>\u00a0che\u00a0<strong>in Albania<\/strong>\u00a0(come i Concezionisti del \u201cPadre Monti\u201d)\u00a0<strong>cercano di arginare la fuga dal Paese delle Aquile verso le chimere inglesi, italiane e tedesche<\/strong>: un\u2019esperienza che porta le migliori forze giovanili a smarrirsi o a finire nei giri della delinquenza organizzata. Dobbiamo dire grazie a questi missionari se all\u2019ospedale di Tirana si forma una nuova generazione di medici. E il pluriennale progetto di cooperazione fra la diocesi di Rreshen e quella di Trento sta \u201csfornando\u201d quest\u2019anno un\u2019ottantina di giovani operatrici sociosanitarie (un diploma finalmente riconosciuto anche in Albania) e alcune di loro, future formatrici, hanno potuto specializzarsi in Trentino grazie alla collaborazione della Fondazione \u201cArmida Barelli\u201d. Lo documentano pure altri religiosi trentini impegnati nel cuore dell\u2019Europa: come padre Stefano Conotter, carmelitano scalzo, che annuncia il Vangelo in una Bruxelles pi\u00f9 divisa di un tempo o padre Fabio Volani, giuseppino del Murialdo, che si dedica ai giovani di Roman al confine rumeno con l\u2019Ucraina.<\/p>\n<p><strong>Questo \u00e8 il punto di osservazione con cui guardare all\u2019Europa oggi: quello dei poveri.<\/strong>\u00a0Siano gli esclusi delle periferie cittadine, siano i disperati che approdano a Trento dall\u2019Est: \u201cDobbiamo ammetterlo \u2013 si \u00e8 detto luned\u00ec alla presentazione della mostra \u2013<strong>\u00a0in Trentino ci riempiamo la bocca di solidariet\u00e0, ma non riconosciamo umanit\u00e0 a quanti arrivano da noi dalla rotta balcanica<\/strong>\u201d. Ecco perch\u00e9\u00a0<strong>il mese missionario non vuole ignorare un\u2019Europa che<\/strong>\u00a0\u2013 ha detto l\u2019<strong>Arcivescovo Lauro<\/strong>\u00a0\u2013 \u201c<strong>rischia la disumanizzazione<\/strong>\u201d.<\/p>\n<p>Nella Chiesa trentina riscontriamo gi\u00e0 positivi esempi di religiosi immigrati o giovani battezzati a Pasqua e volontari di \u201cMigrantes\u201d ben inseriti nella nostra pastorale. A conferma che\u00a0<strong>l\u2019Europa pu\u00f2 farsi cambiare, rinnovare, anche dagli immigrati<\/strong>. E comprenderemo \u2013 come dice il titolo della Giornata missionaria mondiale di questa domenica 20 ottobre \u2013 che\u00a0<strong>dobbiamo preparare \u201cUn banchetto per tutte le genti\u201d\u00a0<\/strong>(Mt. 22,9).<\/p>\n<\/div>\n<div class=\"post-author\"><em>di Diego Andreatta, Vita Trentina<\/em><\/div>\n","protected":false},"excerpt":{"rendered":"<p>Gommoni di profughi nordafricani che cercano di sbarcare sulle coste inglesi, mentre sulle sponde albanesi il governo italiano prepara i container per la detenzione di altri migranti. Due immagini opposte, specchio dello stesso disagio, messe<\/p>\n","protected":false},"author":161,"featured_media":16147,"comment_status":"closed","ping_status":"closed","sticky":false,"template":"","format":"standard","meta":{"footnotes":""},"categories":[1695,1074,1662,1151],"tags":[2377,1602],"class_list":["post-16145","post","type-post","status-publish","format-standard","has-post-thumbnail","hentry","category-area-testimonianza-e-impegno-sociale","category-notizie","category-servizio-migrazioni","category-servizio-missionario","tag-il-trentino-chiama-europa","tag-vita-trentina"],"acf":{"seed-localization-paese-cod":"IT","seed-localization-address":"","seed-localization-citta":"Trento","seed-localization-regione-cod-istat":"04","seed-localization-citta-cod-istat":"022205","seed-localization-localita":"","seed-localization-cap":"","seed-localization-marker-visibility":false,"seed-localization-children-visibility":false,"seed-localization-kml":"","seed-localization-custom-marker":""},"yoast_head":"<!-- This site is optimized with the Yoast SEO Premium plugin v20.2.1 (Yoast SEO v22.2) - https:\/\/yoast.com\/wordpress\/plugins\/seo\/ -->\n<title>La missione ora \u201cchiama\u201d anche l\u2019Europa - Testimonianza e Impegno sociale<\/title>\n<meta name=\"robots\" content=\"index, follow, max-snippet:-1, max-image-preview:large, max-video-preview:-1\" \/>\n<link rel=\"canonical\" href=\"https:\/\/www.diocesitn.it\/area-testimonianza\/2024\/10\/18\/la-missione-ora-chiama-anche-leuropa\/\" \/>\n<meta property=\"og:locale\" content=\"it_IT\" \/>\n<meta property=\"og:type\" content=\"article\" \/>\n<meta property=\"og:title\" content=\"La missione ora \u201cchiama\u201d anche l\u2019Europa\" \/>\n<meta property=\"og:description\" content=\"Gommoni di profughi nordafricani che cercano di sbarcare sulle coste inglesi, mentre sulle sponde albanesi il governo italiano prepara i container per la detenzione di altri migranti. Due immagini opposte, specchio dello stesso disagio, messe\" \/>\n<meta property=\"og:url\" content=\"https:\/\/www.diocesitn.it\/area-testimonianza\/2024\/10\/18\/la-missione-ora-chiama-anche-leuropa\/\" \/>\n<meta property=\"og:site_name\" content=\"Testimonianza e Impegno sociale\" \/>\n<meta property=\"article:published_time\" content=\"2024-10-18T07:39:36+00:00\" \/>\n<meta property=\"article:modified_time\" content=\"2024-11-04T08:45:22+00:00\" \/>\n<meta property=\"og:image\" content=\"https:\/\/www.diocesitn.it\/area-testimonianza\/wp-content\/uploads\/sites\/37\/2024\/10\/20241014_174525-scaled.jpg\" \/>\n\t<meta property=\"og:image:width\" content=\"2560\" \/>\n\t<meta property=\"og:image:height\" content=\"1920\" \/>\n\t<meta property=\"og:image:type\" content=\"image\/jpeg\" \/>\n<meta name=\"author\" content=\"smaule\" \/>\n<meta name=\"twitter:card\" content=\"summary_large_image\" \/>\n<meta name=\"twitter:label1\" content=\"Scritto da\" \/>\n\t<meta name=\"twitter:data1\" content=\"smaule\" \/>\n\t<meta name=\"twitter:label2\" content=\"Tempo di lettura stimato\" \/>\n\t<meta name=\"twitter:data2\" content=\"4 minuti\" \/>\n<script type=\"application\/ld+json\" class=\"yoast-schema-graph\">{\"@context\":\"https:\/\/schema.org\",\"@graph\":[{\"@type\":\"Article\",\"@id\":\"https:\/\/www.diocesitn.it\/area-testimonianza\/2024\/10\/18\/la-missione-ora-chiama-anche-leuropa\/#article\",\"isPartOf\":{\"@id\":\"https:\/\/www.diocesitn.it\/area-testimonianza\/2024\/10\/18\/la-missione-ora-chiama-anche-leuropa\/\"},\"author\":{\"name\":\"smaule\",\"@id\":\"https:\/\/www.diocesitn.it\/area-testimonianza\/#\/schema\/person\/bac489aafb7f98c1ca25f76c27174a95\"},\"headline\":\"La missione ora \u201cchiama\u201d anche l\u2019Europa\",\"datePublished\":\"2024-10-18T07:39:36+00:00\",\"dateModified\":\"2024-11-04T08:45:22+00:00\",\"mainEntityOfPage\":{\"@id\":\"https:\/\/www.diocesitn.it\/area-testimonianza\/2024\/10\/18\/la-missione-ora-chiama-anche-leuropa\/\"},\"wordCount\":626,\"publisher\":{\"@id\":\"https:\/\/www.diocesitn.it\/area-testimonianza\/#organization\"},\"image\":{\"@id\":\"https:\/\/www.diocesitn.it\/area-testimonianza\/2024\/10\/18\/la-missione-ora-chiama-anche-leuropa\/#primaryimage\"},\"thumbnailUrl\":\"https:\/\/www.diocesitn.it\/area-testimonianza\/wp-content\/uploads\/sites\/37\/2024\/10\/20241014_174525-scaled.jpg\",\"keywords\":[\"Il Trentino chiama... Europa\",\"Vita Trentina\"],\"articleSection\":[\"Area Testimonianza e Impegno sociale\",\"Notizie\",\"Pastorale delle Migrazioni\",\"Pastorale Missionaria\"],\"inLanguage\":\"it-IT\",\"copyrightYear\":\"2024\",\"copyrightHolder\":{\"@id\":\"https:\/\/www.diocesitn.it\/#organization\"}},{\"@type\":\"WebPage\",\"@id\":\"https:\/\/www.diocesitn.it\/area-testimonianza\/2024\/10\/18\/la-missione-ora-chiama-anche-leuropa\/\",\"url\":\"https:\/\/www.diocesitn.it\/area-testimonianza\/2024\/10\/18\/la-missione-ora-chiama-anche-leuropa\/\",\"name\":\"La missione ora \u201cchiama\u201d anche l\u2019Europa - Testimonianza e Impegno sociale\",\"isPartOf\":{\"@id\":\"https:\/\/www.diocesitn.it\/area-testimonianza\/#website\"},\"primaryImageOfPage\":{\"@id\":\"https:\/\/www.diocesitn.it\/area-testimonianza\/2024\/10\/18\/la-missione-ora-chiama-anche-leuropa\/#primaryimage\"},\"image\":{\"@id\":\"https:\/\/www.diocesitn.it\/area-testimonianza\/2024\/10\/18\/la-missione-ora-chiama-anche-leuropa\/#primaryimage\"},\"thumbnailUrl\":\"https:\/\/www.diocesitn.it\/area-testimonianza\/wp-content\/uploads\/sites\/37\/2024\/10\/20241014_174525-scaled.jpg\",\"datePublished\":\"2024-10-18T07:39:36+00:00\",\"dateModified\":\"2024-11-04T08:45:22+00:00\",\"breadcrumb\":{\"@id\":\"https:\/\/www.diocesitn.it\/area-testimonianza\/2024\/10\/18\/la-missione-ora-chiama-anche-leuropa\/#breadcrumb\"},\"inLanguage\":\"it-IT\",\"potentialAction\":[{\"@type\":\"ReadAction\",\"target\":[\"https:\/\/www.diocesitn.it\/area-testimonianza\/2024\/10\/18\/la-missione-ora-chiama-anche-leuropa\/\"]}]},{\"@type\":\"ImageObject\",\"inLanguage\":\"it-IT\",\"@id\":\"https:\/\/www.diocesitn.it\/area-testimonianza\/2024\/10\/18\/la-missione-ora-chiama-anche-leuropa\/#primaryimage\",\"url\":\"https:\/\/www.diocesitn.it\/area-testimonianza\/wp-content\/uploads\/sites\/37\/2024\/10\/20241014_174525-scaled.jpg\",\"contentUrl\":\"https:\/\/www.diocesitn.it\/area-testimonianza\/wp-content\/uploads\/sites\/37\/2024\/10\/20241014_174525-scaled.jpg\",\"width\":2560,\"height\":1920},{\"@type\":\"BreadcrumbList\",\"@id\":\"https:\/\/www.diocesitn.it\/area-testimonianza\/2024\/10\/18\/la-missione-ora-chiama-anche-leuropa\/#breadcrumb\",\"itemListElement\":[{\"@type\":\"ListItem\",\"position\":1,\"name\":\"Home\",\"item\":\"https:\/\/www.diocesitn.it\/area-testimonianza\/\"},{\"@type\":\"ListItem\",\"position\":2,\"name\":\"La missione ora \u201cchiama\u201d anche l\u2019Europa\"}]},{\"@type\":\"WebSite\",\"@id\":\"https:\/\/www.diocesitn.it\/area-testimonianza\/#website\",\"url\":\"https:\/\/www.diocesitn.it\/area-testimonianza\/\",\"name\":\"Testimonianza e Impegno sociale\",\"description\":\"Chiesa di Trento\",\"publisher\":{\"@id\":\"https:\/\/www.diocesitn.it\/area-testimonianza\/#organization\"},\"potentialAction\":[{\"@type\":\"SearchAction\",\"target\":{\"@type\":\"EntryPoint\",\"urlTemplate\":\"https:\/\/www.diocesitn.it\/area-testimonianza\/?s={search_term_string}\"},\"query-input\":\"required name=search_term_string\"}],\"inLanguage\":\"it-IT\"},{\"@type\":[\"Organization\",\"Place\"],\"@id\":\"https:\/\/www.diocesitn.it\/area-testimonianza\/#organization\",\"name\":\"Area Testimonianza e Impegno Sociale - Chiesa di Trento\",\"url\":\"https:\/\/www.diocesitn.it\/area-testimonianza\/\",\"logo\":{\"@id\":\"https:\/\/www.diocesitn.it\/area-testimonianza\/2024\/10\/18\/la-missione-ora-chiama-anche-leuropa\/#local-main-organization-logo\"},\"image\":{\"@id\":\"https:\/\/www.diocesitn.it\/area-testimonianza\/2024\/10\/18\/la-missione-ora-chiama-anche-leuropa\/#local-main-organization-logo\"},\"openingHoursSpecification\":[{\"@type\":\"OpeningHoursSpecification\",\"dayOfWeek\":[\"Monday\",\"Tuesday\",\"Wednesday\",\"Thursday\",\"Friday\",\"Saturday\",\"Sunday\"],\"opens\":\"09:00\",\"closes\":\"17:00\"}]},{\"@type\":\"ImageObject\",\"inLanguage\":\"it-IT\",\"@id\":\"https:\/\/www.diocesitn.it\/area-testimonianza\/2024\/10\/18\/la-missione-ora-chiama-anche-leuropa\/#local-main-organization-logo\",\"url\":\"https:\/\/www.diocesitn.it\/area-testimonianza\/wp-content\/uploads\/sites\/37\/2021\/09\/og-logo-testimonianza-e-impegno-sociale.jpg\",\"contentUrl\":\"https:\/\/www.diocesitn.it\/area-testimonianza\/wp-content\/uploads\/sites\/37\/2021\/09\/og-logo-testimonianza-e-impegno-sociale.jpg\",\"width\":1200,\"height\":630,\"caption\":\"Area Testimonianza e Impegno Sociale - Chiesa di Trento\"}]}<\/script>\n<!-- \/ Yoast SEO Premium plugin. -->","yoast_head_json":{"title":"La missione ora \u201cchiama\u201d anche l\u2019Europa - Testimonianza e Impegno sociale","robots":{"index":"index","follow":"follow","max-snippet":"max-snippet:-1","max-image-preview":"max-image-preview:large","max-video-preview":"max-video-preview:-1"},"canonical":"https:\/\/www.diocesitn.it\/area-testimonianza\/2024\/10\/18\/la-missione-ora-chiama-anche-leuropa\/","og_locale":"it_IT","og_type":"article","og_title":"La missione ora \u201cchiama\u201d anche l\u2019Europa","og_description":"Gommoni di profughi nordafricani che cercano di sbarcare sulle coste inglesi, mentre sulle sponde albanesi il governo italiano prepara i container per la detenzione di altri migranti. Due immagini opposte, specchio dello stesso disagio, messe","og_url":"https:\/\/www.diocesitn.it\/area-testimonianza\/2024\/10\/18\/la-missione-ora-chiama-anche-leuropa\/","og_site_name":"Testimonianza e Impegno sociale","article_published_time":"2024-10-18T07:39:36+00:00","article_modified_time":"2024-11-04T08:45:22+00:00","og_image":[{"width":2560,"height":1920,"url":"https:\/\/www.diocesitn.it\/area-testimonianza\/wp-content\/uploads\/sites\/37\/2024\/10\/20241014_174525-scaled.jpg","type":"image\/jpeg"}],"author":"smaule","twitter_card":"summary_large_image","twitter_misc":{"Scritto da":"smaule","Tempo di lettura stimato":"4 minuti"},"schema":{"@context":"https:\/\/schema.org","@graph":[{"@type":"Article","@id":"https:\/\/www.diocesitn.it\/area-testimonianza\/2024\/10\/18\/la-missione-ora-chiama-anche-leuropa\/#article","isPartOf":{"@id":"https:\/\/www.diocesitn.it\/area-testimonianza\/2024\/10\/18\/la-missione-ora-chiama-anche-leuropa\/"},"author":{"name":"smaule","@id":"https:\/\/www.diocesitn.it\/area-testimonianza\/#\/schema\/person\/bac489aafb7f98c1ca25f76c27174a95"},"headline":"La missione ora \u201cchiama\u201d anche l\u2019Europa","datePublished":"2024-10-18T07:39:36+00:00","dateModified":"2024-11-04T08:45:22+00:00","mainEntityOfPage":{"@id":"https:\/\/www.diocesitn.it\/area-testimonianza\/2024\/10\/18\/la-missione-ora-chiama-anche-leuropa\/"},"wordCount":626,"publisher":{"@id":"https:\/\/www.diocesitn.it\/area-testimonianza\/#organization"},"image":{"@id":"https:\/\/www.diocesitn.it\/area-testimonianza\/2024\/10\/18\/la-missione-ora-chiama-anche-leuropa\/#primaryimage"},"thumbnailUrl":"https:\/\/www.diocesitn.it\/area-testimonianza\/wp-content\/uploads\/sites\/37\/2024\/10\/20241014_174525-scaled.jpg","keywords":["Il Trentino chiama... Europa","Vita Trentina"],"articleSection":["Area Testimonianza e Impegno sociale","Notizie","Pastorale delle Migrazioni","Pastorale Missionaria"],"inLanguage":"it-IT","copyrightYear":"2024","copyrightHolder":{"@id":"https:\/\/www.diocesitn.it\/#organization"}},{"@type":"WebPage","@id":"https:\/\/www.diocesitn.it\/area-testimonianza\/2024\/10\/18\/la-missione-ora-chiama-anche-leuropa\/","url":"https:\/\/www.diocesitn.it\/area-testimonianza\/2024\/10\/18\/la-missione-ora-chiama-anche-leuropa\/","name":"La missione ora \u201cchiama\u201d anche l\u2019Europa - Testimonianza e Impegno sociale","isPartOf":{"@id":"https:\/\/www.diocesitn.it\/area-testimonianza\/#website"},"primaryImageOfPage":{"@id":"https:\/\/www.diocesitn.it\/area-testimonianza\/2024\/10\/18\/la-missione-ora-chiama-anche-leuropa\/#primaryimage"},"image":{"@id":"https:\/\/www.diocesitn.it\/area-testimonianza\/2024\/10\/18\/la-missione-ora-chiama-anche-leuropa\/#primaryimage"},"thumbnailUrl":"https:\/\/www.diocesitn.it\/area-testimonianza\/wp-content\/uploads\/sites\/37\/2024\/10\/20241014_174525-scaled.jpg","datePublished":"2024-10-18T07:39:36+00:00","dateModified":"2024-11-04T08:45:22+00:00","breadcrumb":{"@id":"https:\/\/www.diocesitn.it\/area-testimonianza\/2024\/10\/18\/la-missione-ora-chiama-anche-leuropa\/#breadcrumb"},"inLanguage":"it-IT","potentialAction":[{"@type":"ReadAction","target":["https:\/\/www.diocesitn.it\/area-testimonianza\/2024\/10\/18\/la-missione-ora-chiama-anche-leuropa\/"]}]},{"@type":"ImageObject","inLanguage":"it-IT","@id":"https:\/\/www.diocesitn.it\/area-testimonianza\/2024\/10\/18\/la-missione-ora-chiama-anche-leuropa\/#primaryimage","url":"https:\/\/www.diocesitn.it\/area-testimonianza\/wp-content\/uploads\/sites\/37\/2024\/10\/20241014_174525-scaled.jpg","contentUrl":"https:\/\/www.diocesitn.it\/area-testimonianza\/wp-content\/uploads\/sites\/37\/2024\/10\/20241014_174525-scaled.jpg","width":2560,"height":1920},{"@type":"BreadcrumbList","@id":"https:\/\/www.diocesitn.it\/area-testimonianza\/2024\/10\/18\/la-missione-ora-chiama-anche-leuropa\/#breadcrumb","itemListElement":[{"@type":"ListItem","position":1,"name":"Home","item":"https:\/\/www.diocesitn.it\/area-testimonianza\/"},{"@type":"ListItem","position":2,"name":"La missione ora \u201cchiama\u201d anche l\u2019Europa"}]},{"@type":"WebSite","@id":"https:\/\/www.diocesitn.it\/area-testimonianza\/#website","url":"https:\/\/www.diocesitn.it\/area-testimonianza\/","name":"Testimonianza e Impegno sociale","description":"Chiesa di Trento","publisher":{"@id":"https:\/\/www.diocesitn.it\/area-testimonianza\/#organization"},"potentialAction":[{"@type":"SearchAction","target":{"@type":"EntryPoint","urlTemplate":"https:\/\/www.diocesitn.it\/area-testimonianza\/?s={search_term_string}"},"query-input":"required name=search_term_string"}],"inLanguage":"it-IT"},{"@type":["Organization","Place"],"@id":"https:\/\/www.diocesitn.it\/area-testimonianza\/#organization","name":"Area Testimonianza e Impegno Sociale - Chiesa di Trento","url":"https:\/\/www.diocesitn.it\/area-testimonianza\/","logo":{"@id":"https:\/\/www.diocesitn.it\/area-testimonianza\/2024\/10\/18\/la-missione-ora-chiama-anche-leuropa\/#local-main-organization-logo"},"image":{"@id":"https:\/\/www.diocesitn.it\/area-testimonianza\/2024\/10\/18\/la-missione-ora-chiama-anche-leuropa\/#local-main-organization-logo"},"openingHoursSpecification":[{"@type":"OpeningHoursSpecification","dayOfWeek":["Monday","Tuesday","Wednesday","Thursday","Friday","Saturday","Sunday"],"opens":"09:00","closes":"17:00"}]},{"@type":"ImageObject","inLanguage":"it-IT","@id":"https:\/\/www.diocesitn.it\/area-testimonianza\/2024\/10\/18\/la-missione-ora-chiama-anche-leuropa\/#local-main-organization-logo","url":"https:\/\/www.diocesitn.it\/area-testimonianza\/wp-content\/uploads\/sites\/37\/2021\/09\/og-logo-testimonianza-e-impegno-sociale.jpg","contentUrl":"https:\/\/www.diocesitn.it\/area-testimonianza\/wp-content\/uploads\/sites\/37\/2021\/09\/og-logo-testimonianza-e-impegno-sociale.jpg","width":1200,"height":630,"caption":"Area Testimonianza e Impegno Sociale - Chiesa di Trento"}]}},"_links":{"self":[{"href":"https:\/\/www.diocesitn.it\/area-testimonianza\/wp-json\/wp\/v2\/posts\/16145","targetHints":{"allow":["GET"]}}],"collection":[{"href":"https:\/\/www.diocesitn.it\/area-testimonianza\/wp-json\/wp\/v2\/posts"}],"about":[{"href":"https:\/\/www.diocesitn.it\/area-testimonianza\/wp-json\/wp\/v2\/types\/post"}],"author":[{"embeddable":true,"href":"https:\/\/www.diocesitn.it\/area-testimonianza\/wp-json\/wp\/v2\/users\/161"}],"replies":[{"embeddable":true,"href":"https:\/\/www.diocesitn.it\/area-testimonianza\/wp-json\/wp\/v2\/comments?post=16145"}],"version-history":[{"count":2,"href":"https:\/\/www.diocesitn.it\/area-testimonianza\/wp-json\/wp\/v2\/posts\/16145\/revisions"}],"predecessor-version":[{"id":16148,"href":"https:\/\/www.diocesitn.it\/area-testimonianza\/wp-json\/wp\/v2\/posts\/16145\/revisions\/16148"}],"wp:featuredmedia":[{"embeddable":true,"href":"https:\/\/www.diocesitn.it\/area-testimonianza\/wp-json\/wp\/v2\/media\/16147"}],"wp:attachment":[{"href":"https:\/\/www.diocesitn.it\/area-testimonianza\/wp-json\/wp\/v2\/media?parent=16145"}],"wp:term":[{"taxonomy":"category","embeddable":true,"href":"https:\/\/www.diocesitn.it\/area-testimonianza\/wp-json\/wp\/v2\/categories?post=16145"},{"taxonomy":"post_tag","embeddable":true,"href":"https:\/\/www.diocesitn.it\/area-testimonianza\/wp-json\/wp\/v2\/tags?post=16145"}],"curies":[{"name":"wp","href":"https:\/\/api.w.org\/{rel}","templated":true}]}}