{"id":16137,"date":"2024-10-16T16:18:42","date_gmt":"2024-10-16T14:18:42","guid":{"rendered":"https:\/\/www.diocesitn.it\/area-testimonianza\/2024\/10\/16\/in-italia-poco-piu-di-5-milioni-di-cittadini-stranieri-secondo-il-rapporto-caritas-migranti-il-paese-reale-piu-avanti-del-dibattito-politico\/"},"modified":"2025-02-20T09:41:01","modified_gmt":"2025-02-20T08:41:01","slug":"in-italia-poco-piu-di-5-milioni-di-cittadini-stranieri-secondo-il-rapporto-caritas-migranti-il-paese-reale-piu-avanti-del-dibattito-politico","status":"publish","type":"post","link":"https:\/\/www.diocesitn.it\/area-testimonianza\/2024\/10\/16\/in-italia-poco-piu-di-5-milioni-di-cittadini-stranieri-secondo-il-rapporto-caritas-migranti-il-paese-reale-piu-avanti-del-dibattito-politico\/","title":{"rendered":"In Italia poco pi\u00f9 di 5 milioni di cittadini stranieri secondo il Rapporto Caritas Migrantes"},"content":{"rendered":"<p>Sono oltre <strong>5 milioni e 300 mila i cittadini stranieri residenti in Italia<\/strong> (+3,2% rispetto allo scorso anno), oltre <strong>200 mila <\/strong>di loro hanno conseguito la<strong> cittadinanza<\/strong> lo scorso anno e in media rappresentano il <strong>9% della popolazione<\/strong> residente in Italia.<\/p>\n<p><!--more-->Questi alcuni dei macro-dati che emergono dalla XXXIII edizione del <strong>Rapporto Immigrazione<\/strong> realizzato da <strong>Caritas Italiana<\/strong> e <strong>Fondazione Migrantes<\/strong>, presentata questa mattina a Roma, e che analizza e rielabora i dati disponibili sul fenomeno migratorio.<\/p>\n<p>Un\u2019edizione che \u00e8 stata integrata da <strong>4 ricerche inedite<\/strong>, frutto delle reti territoriali dei due organismi pastorali della Conferenza episcopale italiana su<strong> lavoro, scuola e appartenenza religiosa<\/strong>.<\/p>\n<h4>Cittadinanza: aumentano tra i nuovi italiani i neomaggiorenni nati in Italia<\/h4>\n<p>Tra coloro che hanno conseguito la cittadinanza lo scorso anno, un dato in linea con gli anni precedenti, prevale la modalit\u00e0 di acquisizione \u201caltro\u201d (46,1%) rispetto alla residenza continuativa (45,1%) e al matrimonio con un\/a cittadino\/a italiano\/a (8,8%). Si tratta prevalentemente dei neomaggiorenni nati in Italia.<\/p>\n<h4>Lavoro: cresce occupazione, accanto per\u00f2 ad abbandono scolastico e working poor<\/h4>\n<p>Lo scorso anno il tasso di occupazione dei lavoratori non-Ue si \u00e8 avvicinato maggiormente (60,7%) a quello della totalit\u00e0 dei lavoratori (61,5%). Tra il 2019 e il 2023, la domanda di lavoratori immigrati \u00e8 aumentata significativamente e la quota di lavoratori stranieri sulle assunzioni totali \u00e8 salita dal 13,6% del 2019 al 19,2% del 2023.<\/p>\n<p>I servizi sono l\u2019ambito che ne assorbe di pi\u00f9, e in cui l\u2019aumento delle assunzioni \u00e8 stato nell\u2019ordine del 58,9%, in particolare, nel settore della cura alle persone e del lavoro domestico (10,6% delle attivazioni). In generale, per\u00f2, le attivazioni che hanno riguardato i cittadini stranieri sono state come \u201cpersonale non qualificato\u201d, inoltre, le donne presentano tassi occupazionali inferiori a quello delle italiane e degli stessi lavoratori stranieri e un tasso di disoccupazione pi\u00f9 elevato.<\/p>\n<p><strong>Il tasso di occupazione pi\u00f9 alto \u00e8 tra i giovani<\/strong> non comunitari (42%), seguito dai comunitari (38,6%) e dagli italiani (34%). Ma non si tratta necessariamente di un dato incoraggiante: si ricollega, almeno in parte, all\u2019alto tasso di abbandono scolastico (quasi un terzo di loro, lascia prematuramente la scuola, tre volte di pi\u00f9 rispetto ai giovani italiani).<\/p>\n<p>A proposito della fragilit\u00e0 di chi un lavoro lo possiede, i dati raccolti attraverso i Centri d\u2019ascolto e i servizi Caritas, ci dicono che quasi <strong>uno straniero su quattro che chiede assistenza \u00e8 un lavoratore<\/strong> povero (working poor, 28,1%) e che in presenza di difficolt\u00e0 ad accedere alle misure governative di contrasto alla povert\u00e0 il supporto familistico e informale \u00e8 ancora la strategia di resilienza alle situazioni di difficolt\u00e0 economica pi\u00f9 resistente e probabilmente ritenuto pi\u00f9 affidabile dai migranti in Italia.<\/p>\n<p>Secondo i dati dei Centri d\u2019ascolto e dei servizi Caritas \u00e8 risultato percettore di RdC (Reddito di Cittadinanza, poi sostituito dall\u2019AdI \u2013 Assegno di Inclusione) il 27,2% delle famiglie italiane, a fronte del solo 7,2% di quelle immigrate, soprattutto per l\u2019imposizione del requisito normativo dei 10 anni di residenza.<\/p>\n<h4>Scuola e cultura hip-hop: contraddittori spazi di integrazione<\/h4>\n<p>Il totale degli alunni con cittadinanza non italiana nell\u2019anno scolastico 2023\/2023 \u00e8 di quasi 915 mila, e la percentuale dei nati in Italia cresce sempre pi\u00f9 fino ad arrivare al 65,4%. Tra le principali difficolt\u00e0 si segnalano la ridotta frequenza della scuola dell\u2019infanzia; il ritardo scolastico; la difficolt\u00e0 nel completamento e proseguimento degli studi; l\u2019abbandono scolastico, in particolare dopo la scuola secondaria di primo grado.<\/p>\n<p>Il fenomeno migratorio \u00e8 mal rappresentato nei <strong>libri di testo scolastici<\/strong>. Secondo una delle ricerche inedite del Rapporto, nei libri di scuola mancano riferimenti al ruolo che delle ong o delle associazioni laiche o religiose nei processi di integrazione dei migranti sul territorio; e alle difficolt\u00e0, degli ostacoli burocratici, normativi che i migranti devono affrontare per soggiornare regolarmente in Italia, acquisire diritti e obblighi formali.<\/p>\n<p>L\u2019impatto dei <strong>doposcuola diocesani<\/strong> nel supporto alla didattica dei minori stranieri, gi\u00e0 strutturato in particolare nel periodo della pandemia, \u00e8 stato pressoch\u00e9 mantenuto e nel 36% dei casi anche ampliato sia nella tipologia dei destinatari (giovani con un\u2019et\u00e0 media pi\u00f9 elevata e maggiore partecipazione delle ragazze), sia per il tipo di supporto offerto.<\/p>\n<p>La relazione del<strong> mondo hip-hop <\/strong>con il tema della cittadinanza e dei \u201cnuovi italiani\u201d \u00e8 un indicatore. Musica e stili di vita legati a questa cultura molto diffusa tra i giovani sembrano cogliere meglio di altri settori l\u2019evoluzione della societ\u00e0, con una reciproca contaminazione sul piano multiculturale e multilinguistico che, pur fra molte contraddizioni, si rivela uno strumento educativo.<\/p>\n<h4>Appartenenza religiosa: il ruolo dei cattolici immigrati in Italia<\/h4>\n<p>All\u2019inizio del 2024 i <strong>cristiani<\/strong> tornano ad incidere sul totale della popolazione straniera iscritta nelle anagrafi dei comuni italiani per il <strong>53,0%<\/strong> sul totale, mantenendo il proprio ruolo di maggioranza assoluta; quello di maggioranza relativa passa per molto poco ai <strong>musulmani<\/strong>, col <strong>29,8%<\/strong> d\u2019incidenza (1 milione 582 mila). Nella pratica religiosa comunitaria il <strong>ruolo dei cattolici immigrati<\/strong> \u2013 consacrati e laici, provenienti da Paesi extra-europei e in massima parte pi\u00f9 giovani rispetto agli autoctoni \u2013 appare fondamentale, sebbene ancora oggi non pienamente espresso, anche a causa del perdurare di alcuni stereotipi sull\u2019immigrazione.<\/p>\n<h4>Card. Matteo Zuppi (presidente CEI): superare approccio orientato soltanto all\u2019emergenza<\/h4>\n<p>\u201cSpesso assistiamo al perdurare di un approccio orientato soltanto all\u2019emergenza \u2013 scrive in apertura del volume S. Em. il card. Matteo Zuppi, arcivescovo di Bologna e presidente della Conferenza episcopale italiana \u2013 che trascura promozione e integrazione: dimentichiamo che l\u2019immigrazione, se ben gestita, pu\u00f2 essere una risorsa per la societ\u00e0\u201d. Per Zuppi, \u201cl\u2019eccessiva politicizzazione del fenomeno migratorio, fondata sulla ricerca del consenso e sulle paure, impedisce la creazione di un sistema di accoglienza autentico e non opportunistico. Ed \u00e8 invece di questo che abbiamo bisogno, per la sicurezza reciproca, di chi parte e di chi accoglie\u201d.<\/p>\n<p><strong>Tutte le informazioni<\/strong>: <a href=\"https:\/\/www.caritas.it\/presentazione-del-rapporto-immigrazione-caritas-e-migrantes-2024\/\">https:\/\/www.caritas.it\/presentazione-del-rapporto-immigrazione-caritas-e-migrantes-2024\/<\/a><\/p>\n","protected":false},"excerpt":{"rendered":"<p>Sono oltre 5 milioni e 300 mila i cittadini stranieri residenti in Italia (+3,2% rispetto allo scorso anno), oltre 200 mila di loro hanno conseguito la cittadinanza lo scorso anno e in media rappresentano il<\/p>\n","protected":false},"author":3,"featured_media":16138,"comment_status":"closed","ping_status":"closed","sticky":false,"template":"","format":"standard","meta":{"footnotes":""},"categories":[1695,1059,1074,1662],"tags":[1095,2393,2394],"class_list":["post-16137","post","type-post","status-publish","format-standard","has-post-thumbnail","hentry","category-area-testimonianza-e-impegno-sociale","category-servizio-caritas","category-notizie","category-servizio-migrazioni","tag-migranti","tag-rapporto-caritas-fondazione-migrantes","tag-strenieri"],"acf":{"seed-localization-paese-cod":"IT","seed-localization-address":"","seed-localization-citta":"Trento","seed-localization-regione-cod-istat":"04","seed-localization-citta-cod-istat":"022205","seed-localization-localita":"","seed-localization-cap":"","seed-localization-marker-visibility":false,"seed-localization-children-visibility":false,"seed-localization-kml":"","seed-localization-custom-marker":""},"yoast_head":"<!-- This site is optimized with the Yoast SEO Premium plugin v20.2.1 (Yoast SEO v22.2) - https:\/\/yoast.com\/wordpress\/plugins\/seo\/ -->\n<title>Migranti, Caritas: in Italia poco pi\u00f9 di 5 milioni di cittadini stranieri<\/title>\n<meta name=\"description\" content=\"Migranti, Rapporto Caritas: in Italia poco pi\u00f9 di 5 milioni di cittadini stranieri. &quot;Il Paese reale pi\u00f9 avanti del dibattito politico&quot;\" \/>\n<meta name=\"robots\" content=\"index, follow, max-snippet:-1, max-image-preview:large, max-video-preview:-1\" \/>\n<link rel=\"canonical\" href=\"https:\/\/www.diocesitn.it\/area-testimonianza\/2024\/10\/16\/in-italia-poco-piu-di-5-milioni-di-cittadini-stranieri-secondo-il-rapporto-caritas-migranti-il-paese-reale-piu-avanti-del-dibattito-politico\/\" \/>\n<meta property=\"og:locale\" content=\"it_IT\" \/>\n<meta property=\"og:type\" content=\"article\" \/>\n<meta property=\"og:title\" content=\"In Italia poco pi\u00f9 di 5 milioni di cittadini stranieri secondo il Rapporto Caritas Migrantes\" \/>\n<meta property=\"og:description\" content=\"Migranti, Rapporto Caritas: in Italia poco pi\u00f9 di 5 milioni di cittadini stranieri. &quot;Il Paese reale pi\u00f9 avanti del dibattito politico&quot;\" \/>\n<meta property=\"og:url\" content=\"https:\/\/www.diocesitn.it\/area-testimonianza\/2024\/10\/16\/in-italia-poco-piu-di-5-milioni-di-cittadini-stranieri-secondo-il-rapporto-caritas-migranti-il-paese-reale-piu-avanti-del-dibattito-politico\/\" \/>\n<meta property=\"og:site_name\" content=\"Testimonianza e Impegno sociale\" \/>\n<meta property=\"article:published_time\" content=\"2024-10-16T14:18:42+00:00\" \/>\n<meta property=\"article:modified_time\" content=\"2025-02-20T08:41:01+00:00\" \/>\n<meta property=\"og:image\" content=\"https:\/\/www.diocesitn.it\/area-testimonianza\/wp-content\/uploads\/sites\/37\/2024\/10\/migranti_rapporto24-e1729087898626.jpg\" \/>\n\t<meta property=\"og:image:width\" content=\"900\" \/>\n\t<meta property=\"og:image:height\" content=\"677\" \/>\n\t<meta property=\"og:image:type\" content=\"image\/jpeg\" \/>\n<meta name=\"author\" content=\"Piergiorgio Franceschini\" \/>\n<meta name=\"twitter:card\" content=\"summary_large_image\" \/>\n<meta name=\"twitter:label1\" content=\"Scritto da\" \/>\n\t<meta name=\"twitter:data1\" content=\"Piergiorgio Franceschini\" \/>\n\t<meta name=\"twitter:label2\" content=\"Tempo di lettura stimato\" \/>\n\t<meta name=\"twitter:data2\" content=\"6 minuti\" \/>\n<script type=\"application\/ld+json\" class=\"yoast-schema-graph\">{\"@context\":\"https:\/\/schema.org\",\"@graph\":[{\"@type\":\"Article\",\"@id\":\"https:\/\/www.diocesitn.it\/area-testimonianza\/2024\/10\/16\/in-italia-poco-piu-di-5-milioni-di-cittadini-stranieri-secondo-il-rapporto-caritas-migranti-il-paese-reale-piu-avanti-del-dibattito-politico\/#article\",\"isPartOf\":{\"@id\":\"https:\/\/www.diocesitn.it\/area-testimonianza\/2024\/10\/16\/in-italia-poco-piu-di-5-milioni-di-cittadini-stranieri-secondo-il-rapporto-caritas-migranti-il-paese-reale-piu-avanti-del-dibattito-politico\/\"},\"author\":{\"name\":\"Piergiorgio Franceschini\",\"@id\":\"https:\/\/www.diocesitn.it\/area-testimonianza\/#\/schema\/person\/99590c84577873a025247b6aeb16ad2e\"},\"headline\":\"In Italia poco pi\u00f9 di 5 milioni di cittadini stranieri secondo il Rapporto Caritas Migrantes\",\"datePublished\":\"2024-10-16T14:18:42+00:00\",\"dateModified\":\"2025-02-20T08:41:01+00:00\",\"mainEntityOfPage\":{\"@id\":\"https:\/\/www.diocesitn.it\/area-testimonianza\/2024\/10\/16\/in-italia-poco-piu-di-5-milioni-di-cittadini-stranieri-secondo-il-rapporto-caritas-migranti-il-paese-reale-piu-avanti-del-dibattito-politico\/\"},\"wordCount\":938,\"publisher\":{\"@id\":\"https:\/\/www.diocesitn.it\/area-testimonianza\/#organization\"},\"image\":{\"@id\":\"https:\/\/www.diocesitn.it\/area-testimonianza\/2024\/10\/16\/in-italia-poco-piu-di-5-milioni-di-cittadini-stranieri-secondo-il-rapporto-caritas-migranti-il-paese-reale-piu-avanti-del-dibattito-politico\/#primaryimage\"},\"thumbnailUrl\":\"https:\/\/www.diocesitn.it\/area-testimonianza\/wp-content\/uploads\/sites\/37\/2024\/10\/migranti_rapporto24-e1729087898626.jpg\",\"keywords\":[\"migranti\",\"rapporto caritas fondazione migrantes\",\"strenieri\"],\"articleSection\":[\"Area Testimonianza e Impegno sociale\",\"Caritas diocesana\",\"Notizie\",\"Pastorale delle Migrazioni\"],\"inLanguage\":\"it-IT\",\"copyrightYear\":\"2024\",\"copyrightHolder\":{\"@id\":\"https:\/\/www.diocesitn.it\/#organization\"}},{\"@type\":\"WebPage\",\"@id\":\"https:\/\/www.diocesitn.it\/area-testimonianza\/2024\/10\/16\/in-italia-poco-piu-di-5-milioni-di-cittadini-stranieri-secondo-il-rapporto-caritas-migranti-il-paese-reale-piu-avanti-del-dibattito-politico\/\",\"url\":\"https:\/\/www.diocesitn.it\/area-testimonianza\/2024\/10\/16\/in-italia-poco-piu-di-5-milioni-di-cittadini-stranieri-secondo-il-rapporto-caritas-migranti-il-paese-reale-piu-avanti-del-dibattito-politico\/\",\"name\":\"Migranti, Caritas: in Italia poco pi\u00f9 di 5 milioni di cittadini stranieri\",\"isPartOf\":{\"@id\":\"https:\/\/www.diocesitn.it\/area-testimonianza\/#website\"},\"primaryImageOfPage\":{\"@id\":\"https:\/\/www.diocesitn.it\/area-testimonianza\/2024\/10\/16\/in-italia-poco-piu-di-5-milioni-di-cittadini-stranieri-secondo-il-rapporto-caritas-migranti-il-paese-reale-piu-avanti-del-dibattito-politico\/#primaryimage\"},\"image\":{\"@id\":\"https:\/\/www.diocesitn.it\/area-testimonianza\/2024\/10\/16\/in-italia-poco-piu-di-5-milioni-di-cittadini-stranieri-secondo-il-rapporto-caritas-migranti-il-paese-reale-piu-avanti-del-dibattito-politico\/#primaryimage\"},\"thumbnailUrl\":\"https:\/\/www.diocesitn.it\/area-testimonianza\/wp-content\/uploads\/sites\/37\/2024\/10\/migranti_rapporto24-e1729087898626.jpg\",\"datePublished\":\"2024-10-16T14:18:42+00:00\",\"dateModified\":\"2025-02-20T08:41:01+00:00\",\"description\":\"Migranti, Rapporto Caritas: in Italia poco pi\u00f9 di 5 milioni di cittadini stranieri. \\\"Il Paese reale pi\u00f9 avanti del dibattito politico\\\"\",\"breadcrumb\":{\"@id\":\"https:\/\/www.diocesitn.it\/area-testimonianza\/2024\/10\/16\/in-italia-poco-piu-di-5-milioni-di-cittadini-stranieri-secondo-il-rapporto-caritas-migranti-il-paese-reale-piu-avanti-del-dibattito-politico\/#breadcrumb\"},\"inLanguage\":\"it-IT\",\"potentialAction\":[{\"@type\":\"ReadAction\",\"target\":[\"https:\/\/www.diocesitn.it\/area-testimonianza\/2024\/10\/16\/in-italia-poco-piu-di-5-milioni-di-cittadini-stranieri-secondo-il-rapporto-caritas-migranti-il-paese-reale-piu-avanti-del-dibattito-politico\/\"]}]},{\"@type\":\"ImageObject\",\"inLanguage\":\"it-IT\",\"@id\":\"https:\/\/www.diocesitn.it\/area-testimonianza\/2024\/10\/16\/in-italia-poco-piu-di-5-milioni-di-cittadini-stranieri-secondo-il-rapporto-caritas-migranti-il-paese-reale-piu-avanti-del-dibattito-politico\/#primaryimage\",\"url\":\"https:\/\/www.diocesitn.it\/area-testimonianza\/wp-content\/uploads\/sites\/37\/2024\/10\/migranti_rapporto24-e1729087898626.jpg\",\"contentUrl\":\"https:\/\/www.diocesitn.it\/area-testimonianza\/wp-content\/uploads\/sites\/37\/2024\/10\/migranti_rapporto24-e1729087898626.jpg\",\"width\":900,\"height\":677},{\"@type\":\"BreadcrumbList\",\"@id\":\"https:\/\/www.diocesitn.it\/area-testimonianza\/2024\/10\/16\/in-italia-poco-piu-di-5-milioni-di-cittadini-stranieri-secondo-il-rapporto-caritas-migranti-il-paese-reale-piu-avanti-del-dibattito-politico\/#breadcrumb\",\"itemListElement\":[{\"@type\":\"ListItem\",\"position\":1,\"name\":\"Home\",\"item\":\"https:\/\/www.diocesitn.it\/area-testimonianza\/\"},{\"@type\":\"ListItem\",\"position\":2,\"name\":\"In Italia poco pi\u00f9 di 5 milioni di cittadini stranieri secondo il Rapporto Caritas Migrantes\"}]},{\"@type\":\"WebSite\",\"@id\":\"https:\/\/www.diocesitn.it\/area-testimonianza\/#website\",\"url\":\"https:\/\/www.diocesitn.it\/area-testimonianza\/\",\"name\":\"Testimonianza e Impegno sociale\",\"description\":\"Chiesa di Trento\",\"publisher\":{\"@id\":\"https:\/\/www.diocesitn.it\/area-testimonianza\/#organization\"},\"potentialAction\":[{\"@type\":\"SearchAction\",\"target\":{\"@type\":\"EntryPoint\",\"urlTemplate\":\"https:\/\/www.diocesitn.it\/area-testimonianza\/?s={search_term_string}\"},\"query-input\":\"required name=search_term_string\"}],\"inLanguage\":\"it-IT\"},{\"@type\":[\"Organization\",\"Place\"],\"@id\":\"https:\/\/www.diocesitn.it\/area-testimonianza\/#organization\",\"name\":\"Area Testimonianza e Impegno Sociale - Chiesa di Trento\",\"url\":\"https:\/\/www.diocesitn.it\/area-testimonianza\/\",\"logo\":{\"@id\":\"https:\/\/www.diocesitn.it\/area-testimonianza\/2024\/10\/16\/in-italia-poco-piu-di-5-milioni-di-cittadini-stranieri-secondo-il-rapporto-caritas-migranti-il-paese-reale-piu-avanti-del-dibattito-politico\/#local-main-organization-logo\"},\"image\":{\"@id\":\"https:\/\/www.diocesitn.it\/area-testimonianza\/2024\/10\/16\/in-italia-poco-piu-di-5-milioni-di-cittadini-stranieri-secondo-il-rapporto-caritas-migranti-il-paese-reale-piu-avanti-del-dibattito-politico\/#local-main-organization-logo\"},\"openingHoursSpecification\":[{\"@type\":\"OpeningHoursSpecification\",\"dayOfWeek\":[\"Monday\",\"Tuesday\",\"Wednesday\",\"Thursday\",\"Friday\",\"Saturday\",\"Sunday\"],\"opens\":\"09:00\",\"closes\":\"17:00\"}]},{\"@type\":\"ImageObject\",\"inLanguage\":\"it-IT\",\"@id\":\"https:\/\/www.diocesitn.it\/area-testimonianza\/2024\/10\/16\/in-italia-poco-piu-di-5-milioni-di-cittadini-stranieri-secondo-il-rapporto-caritas-migranti-il-paese-reale-piu-avanti-del-dibattito-politico\/#local-main-organization-logo\",\"url\":\"https:\/\/www.diocesitn.it\/area-testimonianza\/wp-content\/uploads\/sites\/37\/2021\/09\/og-logo-testimonianza-e-impegno-sociale.jpg\",\"contentUrl\":\"https:\/\/www.diocesitn.it\/area-testimonianza\/wp-content\/uploads\/sites\/37\/2021\/09\/og-logo-testimonianza-e-impegno-sociale.jpg\",\"width\":1200,\"height\":630,\"caption\":\"Area Testimonianza e Impegno Sociale - Chiesa di Trento\"}]}<\/script>\n<!-- \/ Yoast SEO Premium plugin. -->","yoast_head_json":{"title":"Migranti, Caritas: in Italia poco pi\u00f9 di 5 milioni di cittadini stranieri","description":"Migranti, Rapporto Caritas: in Italia poco pi\u00f9 di 5 milioni di cittadini stranieri. \"Il Paese reale pi\u00f9 avanti del dibattito politico\"","robots":{"index":"index","follow":"follow","max-snippet":"max-snippet:-1","max-image-preview":"max-image-preview:large","max-video-preview":"max-video-preview:-1"},"canonical":"https:\/\/www.diocesitn.it\/area-testimonianza\/2024\/10\/16\/in-italia-poco-piu-di-5-milioni-di-cittadini-stranieri-secondo-il-rapporto-caritas-migranti-il-paese-reale-piu-avanti-del-dibattito-politico\/","og_locale":"it_IT","og_type":"article","og_title":"In Italia poco pi\u00f9 di 5 milioni di cittadini stranieri secondo il Rapporto Caritas Migrantes","og_description":"Migranti, Rapporto Caritas: in Italia poco pi\u00f9 di 5 milioni di cittadini stranieri. \"Il Paese reale pi\u00f9 avanti del dibattito politico\"","og_url":"https:\/\/www.diocesitn.it\/area-testimonianza\/2024\/10\/16\/in-italia-poco-piu-di-5-milioni-di-cittadini-stranieri-secondo-il-rapporto-caritas-migranti-il-paese-reale-piu-avanti-del-dibattito-politico\/","og_site_name":"Testimonianza e Impegno sociale","article_published_time":"2024-10-16T14:18:42+00:00","article_modified_time":"2025-02-20T08:41:01+00:00","og_image":[{"width":900,"height":677,"url":"https:\/\/www.diocesitn.it\/area-testimonianza\/wp-content\/uploads\/sites\/37\/2024\/10\/migranti_rapporto24-e1729087898626.jpg","type":"image\/jpeg"}],"author":"Piergiorgio Franceschini","twitter_card":"summary_large_image","twitter_misc":{"Scritto da":"Piergiorgio Franceschini","Tempo di lettura stimato":"6 minuti"},"schema":{"@context":"https:\/\/schema.org","@graph":[{"@type":"Article","@id":"https:\/\/www.diocesitn.it\/area-testimonianza\/2024\/10\/16\/in-italia-poco-piu-di-5-milioni-di-cittadini-stranieri-secondo-il-rapporto-caritas-migranti-il-paese-reale-piu-avanti-del-dibattito-politico\/#article","isPartOf":{"@id":"https:\/\/www.diocesitn.it\/area-testimonianza\/2024\/10\/16\/in-italia-poco-piu-di-5-milioni-di-cittadini-stranieri-secondo-il-rapporto-caritas-migranti-il-paese-reale-piu-avanti-del-dibattito-politico\/"},"author":{"name":"Piergiorgio Franceschini","@id":"https:\/\/www.diocesitn.it\/area-testimonianza\/#\/schema\/person\/99590c84577873a025247b6aeb16ad2e"},"headline":"In Italia poco pi\u00f9 di 5 milioni di cittadini stranieri secondo il Rapporto Caritas Migrantes","datePublished":"2024-10-16T14:18:42+00:00","dateModified":"2025-02-20T08:41:01+00:00","mainEntityOfPage":{"@id":"https:\/\/www.diocesitn.it\/area-testimonianza\/2024\/10\/16\/in-italia-poco-piu-di-5-milioni-di-cittadini-stranieri-secondo-il-rapporto-caritas-migranti-il-paese-reale-piu-avanti-del-dibattito-politico\/"},"wordCount":938,"publisher":{"@id":"https:\/\/www.diocesitn.it\/area-testimonianza\/#organization"},"image":{"@id":"https:\/\/www.diocesitn.it\/area-testimonianza\/2024\/10\/16\/in-italia-poco-piu-di-5-milioni-di-cittadini-stranieri-secondo-il-rapporto-caritas-migranti-il-paese-reale-piu-avanti-del-dibattito-politico\/#primaryimage"},"thumbnailUrl":"https:\/\/www.diocesitn.it\/area-testimonianza\/wp-content\/uploads\/sites\/37\/2024\/10\/migranti_rapporto24-e1729087898626.jpg","keywords":["migranti","rapporto caritas fondazione migrantes","strenieri"],"articleSection":["Area Testimonianza e Impegno sociale","Caritas diocesana","Notizie","Pastorale delle Migrazioni"],"inLanguage":"it-IT","copyrightYear":"2024","copyrightHolder":{"@id":"https:\/\/www.diocesitn.it\/#organization"}},{"@type":"WebPage","@id":"https:\/\/www.diocesitn.it\/area-testimonianza\/2024\/10\/16\/in-italia-poco-piu-di-5-milioni-di-cittadini-stranieri-secondo-il-rapporto-caritas-migranti-il-paese-reale-piu-avanti-del-dibattito-politico\/","url":"https:\/\/www.diocesitn.it\/area-testimonianza\/2024\/10\/16\/in-italia-poco-piu-di-5-milioni-di-cittadini-stranieri-secondo-il-rapporto-caritas-migranti-il-paese-reale-piu-avanti-del-dibattito-politico\/","name":"Migranti, Caritas: in Italia poco pi\u00f9 di 5 milioni di cittadini stranieri","isPartOf":{"@id":"https:\/\/www.diocesitn.it\/area-testimonianza\/#website"},"primaryImageOfPage":{"@id":"https:\/\/www.diocesitn.it\/area-testimonianza\/2024\/10\/16\/in-italia-poco-piu-di-5-milioni-di-cittadini-stranieri-secondo-il-rapporto-caritas-migranti-il-paese-reale-piu-avanti-del-dibattito-politico\/#primaryimage"},"image":{"@id":"https:\/\/www.diocesitn.it\/area-testimonianza\/2024\/10\/16\/in-italia-poco-piu-di-5-milioni-di-cittadini-stranieri-secondo-il-rapporto-caritas-migranti-il-paese-reale-piu-avanti-del-dibattito-politico\/#primaryimage"},"thumbnailUrl":"https:\/\/www.diocesitn.it\/area-testimonianza\/wp-content\/uploads\/sites\/37\/2024\/10\/migranti_rapporto24-e1729087898626.jpg","datePublished":"2024-10-16T14:18:42+00:00","dateModified":"2025-02-20T08:41:01+00:00","description":"Migranti, Rapporto Caritas: in Italia poco pi\u00f9 di 5 milioni di cittadini stranieri. \"Il Paese reale pi\u00f9 avanti del dibattito politico\"","breadcrumb":{"@id":"https:\/\/www.diocesitn.it\/area-testimonianza\/2024\/10\/16\/in-italia-poco-piu-di-5-milioni-di-cittadini-stranieri-secondo-il-rapporto-caritas-migranti-il-paese-reale-piu-avanti-del-dibattito-politico\/#breadcrumb"},"inLanguage":"it-IT","potentialAction":[{"@type":"ReadAction","target":["https:\/\/www.diocesitn.it\/area-testimonianza\/2024\/10\/16\/in-italia-poco-piu-di-5-milioni-di-cittadini-stranieri-secondo-il-rapporto-caritas-migranti-il-paese-reale-piu-avanti-del-dibattito-politico\/"]}]},{"@type":"ImageObject","inLanguage":"it-IT","@id":"https:\/\/www.diocesitn.it\/area-testimonianza\/2024\/10\/16\/in-italia-poco-piu-di-5-milioni-di-cittadini-stranieri-secondo-il-rapporto-caritas-migranti-il-paese-reale-piu-avanti-del-dibattito-politico\/#primaryimage","url":"https:\/\/www.diocesitn.it\/area-testimonianza\/wp-content\/uploads\/sites\/37\/2024\/10\/migranti_rapporto24-e1729087898626.jpg","contentUrl":"https:\/\/www.diocesitn.it\/area-testimonianza\/wp-content\/uploads\/sites\/37\/2024\/10\/migranti_rapporto24-e1729087898626.jpg","width":900,"height":677},{"@type":"BreadcrumbList","@id":"https:\/\/www.diocesitn.it\/area-testimonianza\/2024\/10\/16\/in-italia-poco-piu-di-5-milioni-di-cittadini-stranieri-secondo-il-rapporto-caritas-migranti-il-paese-reale-piu-avanti-del-dibattito-politico\/#breadcrumb","itemListElement":[{"@type":"ListItem","position":1,"name":"Home","item":"https:\/\/www.diocesitn.it\/area-testimonianza\/"},{"@type":"ListItem","position":2,"name":"In Italia poco pi\u00f9 di 5 milioni di cittadini stranieri secondo il Rapporto Caritas Migrantes"}]},{"@type":"WebSite","@id":"https:\/\/www.diocesitn.it\/area-testimonianza\/#website","url":"https:\/\/www.diocesitn.it\/area-testimonianza\/","name":"Testimonianza e Impegno sociale","description":"Chiesa di Trento","publisher":{"@id":"https:\/\/www.diocesitn.it\/area-testimonianza\/#organization"},"potentialAction":[{"@type":"SearchAction","target":{"@type":"EntryPoint","urlTemplate":"https:\/\/www.diocesitn.it\/area-testimonianza\/?s={search_term_string}"},"query-input":"required name=search_term_string"}],"inLanguage":"it-IT"},{"@type":["Organization","Place"],"@id":"https:\/\/www.diocesitn.it\/area-testimonianza\/#organization","name":"Area Testimonianza e Impegno Sociale - Chiesa di Trento","url":"https:\/\/www.diocesitn.it\/area-testimonianza\/","logo":{"@id":"https:\/\/www.diocesitn.it\/area-testimonianza\/2024\/10\/16\/in-italia-poco-piu-di-5-milioni-di-cittadini-stranieri-secondo-il-rapporto-caritas-migranti-il-paese-reale-piu-avanti-del-dibattito-politico\/#local-main-organization-logo"},"image":{"@id":"https:\/\/www.diocesitn.it\/area-testimonianza\/2024\/10\/16\/in-italia-poco-piu-di-5-milioni-di-cittadini-stranieri-secondo-il-rapporto-caritas-migranti-il-paese-reale-piu-avanti-del-dibattito-politico\/#local-main-organization-logo"},"openingHoursSpecification":[{"@type":"OpeningHoursSpecification","dayOfWeek":["Monday","Tuesday","Wednesday","Thursday","Friday","Saturday","Sunday"],"opens":"09:00","closes":"17:00"}]},{"@type":"ImageObject","inLanguage":"it-IT","@id":"https:\/\/www.diocesitn.it\/area-testimonianza\/2024\/10\/16\/in-italia-poco-piu-di-5-milioni-di-cittadini-stranieri-secondo-il-rapporto-caritas-migranti-il-paese-reale-piu-avanti-del-dibattito-politico\/#local-main-organization-logo","url":"https:\/\/www.diocesitn.it\/area-testimonianza\/wp-content\/uploads\/sites\/37\/2021\/09\/og-logo-testimonianza-e-impegno-sociale.jpg","contentUrl":"https:\/\/www.diocesitn.it\/area-testimonianza\/wp-content\/uploads\/sites\/37\/2021\/09\/og-logo-testimonianza-e-impegno-sociale.jpg","width":1200,"height":630,"caption":"Area Testimonianza e Impegno Sociale - Chiesa di Trento"}]}},"_links":{"self":[{"href":"https:\/\/www.diocesitn.it\/area-testimonianza\/wp-json\/wp\/v2\/posts\/16137","targetHints":{"allow":["GET"]}}],"collection":[{"href":"https:\/\/www.diocesitn.it\/area-testimonianza\/wp-json\/wp\/v2\/posts"}],"about":[{"href":"https:\/\/www.diocesitn.it\/area-testimonianza\/wp-json\/wp\/v2\/types\/post"}],"author":[{"embeddable":true,"href":"https:\/\/www.diocesitn.it\/area-testimonianza\/wp-json\/wp\/v2\/users\/3"}],"replies":[{"embeddable":true,"href":"https:\/\/www.diocesitn.it\/area-testimonianza\/wp-json\/wp\/v2\/comments?post=16137"}],"version-history":[{"count":3,"href":"https:\/\/www.diocesitn.it\/area-testimonianza\/wp-json\/wp\/v2\/posts\/16137\/revisions"}],"predecessor-version":[{"id":16404,"href":"https:\/\/www.diocesitn.it\/area-testimonianza\/wp-json\/wp\/v2\/posts\/16137\/revisions\/16404"}],"wp:featuredmedia":[{"embeddable":true,"href":"https:\/\/www.diocesitn.it\/area-testimonianza\/wp-json\/wp\/v2\/media\/16138"}],"wp:attachment":[{"href":"https:\/\/www.diocesitn.it\/area-testimonianza\/wp-json\/wp\/v2\/media?parent=16137"}],"wp:term":[{"taxonomy":"category","embeddable":true,"href":"https:\/\/www.diocesitn.it\/area-testimonianza\/wp-json\/wp\/v2\/categories?post=16137"},{"taxonomy":"post_tag","embeddable":true,"href":"https:\/\/www.diocesitn.it\/area-testimonianza\/wp-json\/wp\/v2\/tags?post=16137"}],"curies":[{"name":"wp","href":"https:\/\/api.w.org\/{rel}","templated":true}]}}