{"id":16115,"date":"2024-10-07T14:43:51","date_gmt":"2024-10-07T12:43:51","guid":{"rendered":"https:\/\/www.diocesitn.it\/area-testimonianza\/2024\/10\/07\/rovereto-alla-casa-di-accoglienza-il-portico-riparte-distribuzione-pasti-per-senza-dimora\/"},"modified":"2025-02-20T09:41:11","modified_gmt":"2025-02-20T08:41:11","slug":"rovereto-alla-casa-di-accoglienza-il-portico-riparte-distribuzione-pasti-per-senza-dimora","status":"publish","type":"post","link":"https:\/\/www.diocesitn.it\/area-testimonianza\/2024\/10\/07\/rovereto-alla-casa-di-accoglienza-il-portico-riparte-distribuzione-pasti-per-senza-dimora\/","title":{"rendered":"Rovereto, alla Casa di accoglienza \u201cIl Portico\u201d riparte distribuzione pasti per senza dimora  \u00a0"},"content":{"rendered":"<p>Oltre al normale servizio di accoglienza notturna per senza dimora, <strong>torna da domani, marted\u00ec 8 ottobre, a Rovereto nella struttura di accoglienza \u201cIl Portico\u201d gestita da Fondazione Caritas Diocesana, la distribuzione stabile a chiunque ne abbia bisogno di un cestino alimentare<\/strong>. Il servizio sar\u00e0 attivo <strong>dalle ore 17.00 alle 18.15, dal luned\u00ec al venerd\u00ec<\/strong>. Il cibo potr\u00e0 eventualmente essere consumato all\u2019interno della struttura oppure d\u2019asporto.<\/p>\n<p>Il servizio viene riattivato, dopo la sospensione estiva, d\u2019intesa con le istituzioni pubbliche e le altre realt\u00e0 del privato-sociale che operano nel campo del disagio.<\/p>\n<p>La <strong>preparazione<\/strong> del pasto sar\u00e0 anche quest\u2019anno a cura dell\u2019impresa sociale \u201c<strong>Le Formichine<\/strong>\u201d di Rovereto.\u00a0 A garantirne la <strong>distribuzione<\/strong> provveder\u00e0 un gruppo di <strong>volontari delle parrocchie roveretane<\/strong> e con il supporto costante di un operatore de \u201cIl Portico\u201d.<\/p>\n<h4>L&#8217;attivit\u00e0 quotidiana al &#8220;Portico&#8221;<\/h4>\n<p>All\u2019interno de &#8220;Il Portico&#8221; sono impegnati nella gestione ordinaria\u00a0<strong>8 operatori<\/strong> per garantire<strong> l\u2019accoglienza diurna<\/strong> <strong>sette giorni su sette <\/strong>a chiunque chieda assistenza (con la distribuzione di colazione e pranzo) e <strong>l\u2019ospitalit\u00e0 notturna<\/strong> con <strong>30 posti<\/strong> letto per senza dimora che salgono a <strong>38<\/strong> nel periodo invernale. I posti sono assegnati dallo Sportello unico per l\u2019accoglienza che coordina gli accessi alle strutture di accoglienza di Trento e Rovereto. Gli operatori garantiscono accompagnamento e sostegno educativo alle persone accolte.<\/p>\n<p>Agli ospiti che passano la notte al \u201cPortico\u201d (dalle 19 alle 8.30 dal luned\u00ec al sabato, la domenica e festivi fino alle 10) viene garantita anche la <strong>cena<\/strong>, nella cui preparazione si alternano attualmente non meno di <strong>settanta volontari<\/strong> delle parrocchie della citt\u00e0 di Rovereto e della Vallagarina, senza distinzione d\u2019et\u00e0. Si va infatti dai giovani degli oratori ai gruppi anziani. Attualmente conferiscono al Portico il cibo per la mensa serale, in un significativo e costante passaggio di testimone, le parrocchie di S. Caterina, San Giuseppe (gruppo anziani), S. Maria, Borgo Sacco-San Giorgio, Besenello, Nomi, Sano di Mori, Pomarolo, l\u2019oratorio di Volano, l\u2019Unit\u00e0 Pastorale Lagarina delle sette chiese.<\/p>\n<h4>Solidariet\u00e0 diffusa<\/h4>\n<p>A supporto dell\u2019attivit\u00e0 de \u201cIl Portico\u201d, in particolare nella fornitura di alimenti di vario genere, confermano anche quest\u2019anno il loro impegno stabile Rovereto Solidale, Banco alimentare di Trento, ALMAC di Rovereto, Panificio Moderno di Isera, la pizzeria La Rocca di Calliano, oltre a privati cittadini compresi alcuni contadini della zona con i loro prodotti agricoli.<\/p>\n<p>Dal 23 settembre, la Diocesi, attraverso <strong>Fondazione Caritas<\/strong> e con il supporto determinante di <strong>250 volontari<\/strong>, ha riaperto a Trento la <a href=\"https:\/\/www.diocesitn.it\/site\/la-diocesi-riapre-la-mensa-della-provvidenza-da-lunedi-23-settembre-a-trento-in-via-giusti-ogni-sera-120-pasti-grazie-a-250-volontari-dalla-palazzina-destinata-ai-servizi-per-i-piu-poveri\/\"><strong>Mensa della Provvidenza<\/strong> <\/a>nella nuova sede di via Giusti, dopo aver lasciato la storica location nell\u2019ex convento dei Cappuccini.<\/p>\n","protected":false},"excerpt":{"rendered":"<p>Oltre al normale servizio di accoglienza notturna per senza dimora, torna da domani, marted\u00ec 8 ottobre, a Rovereto nella struttura di accoglienza \u201cIl Portico\u201d gestita da Fondazione Caritas Diocesana, la distribuzione stabile a chiunque ne<\/p>\n","protected":false},"author":3,"featured_media":13672,"comment_status":"closed","ping_status":"closed","sticky":false,"template":"","format":"standard","meta":{"footnotes":""},"categories":[1059,2297,1074],"tags":[2389,2390,2391,1880,1783],"class_list":["post-16115","post","type-post","status-publish","format-standard","has-post-thumbnail","hentry","category-servizio-caritas","category-fondazione-caritas-diocesana","category-notizie","tag-distribuzione","tag-il-portico","tag-pasti","tag-rovereto","tag-senza-dimora"],"acf":{"seed-localization-paese-cod":"IT","seed-localization-address":"","seed-localization-citta":"Trento","seed-localization-regione-cod-istat":"04","seed-localization-citta-cod-istat":"022205","seed-localization-localita":"","seed-localization-cap":"","seed-localization-marker-visibility":false,"seed-localization-children-visibility":false,"seed-localization-kml":"","seed-localization-custom-marker":""},"yoast_head":"<!-- This site is optimized with the Yoast SEO Premium plugin v20.2.1 (Yoast SEO v22.2) - https:\/\/yoast.com\/wordpress\/plugins\/seo\/ -->\n<title>Rovereto, riparte al &quot;Portico\u201d la distribuzione pasti per senza dimora \u00a0<\/title>\n<meta name=\"description\" content=\"Rovereto, alla Casa di accoglienza \u201cIl Portico\u201d riparte distribuzione pasti per senza dimora dall&#039;8 ottobre dalle 17 alle 18.15 \u00a0\" \/>\n<meta name=\"robots\" content=\"index, follow, max-snippet:-1, max-image-preview:large, max-video-preview:-1\" \/>\n<link rel=\"canonical\" href=\"https:\/\/www.diocesitn.it\/area-testimonianza\/2024\/10\/07\/rovereto-alla-casa-di-accoglienza-il-portico-riparte-distribuzione-pasti-per-senza-dimora\/\" \/>\n<meta property=\"og:locale\" content=\"it_IT\" \/>\n<meta property=\"og:type\" content=\"article\" \/>\n<meta property=\"og:title\" content=\"Rovereto, alla Casa di accoglienza \u201cIl Portico\u201d riparte distribuzione pasti per senza dimora \u00a0\" \/>\n<meta property=\"og:description\" content=\"Rovereto, alla Casa di accoglienza \u201cIl Portico\u201d riparte distribuzione pasti per senza dimora dall&#039;8 ottobre dalle 17 alle 18.15 \u00a0\" \/>\n<meta property=\"og:url\" content=\"https:\/\/www.diocesitn.it\/area-testimonianza\/2024\/10\/07\/rovereto-alla-casa-di-accoglienza-il-portico-riparte-distribuzione-pasti-per-senza-dimora\/\" \/>\n<meta property=\"og:site_name\" content=\"Testimonianza e Impegno sociale\" \/>\n<meta property=\"article:published_time\" content=\"2024-10-07T12:43:51+00:00\" \/>\n<meta property=\"article:modified_time\" content=\"2025-02-20T08:41:11+00:00\" \/>\n<meta property=\"og:image\" content=\"https:\/\/www.diocesitn.it\/area-testimonianza\/wp-content\/uploads\/sites\/37\/2023\/10\/portico_rovereto_8nov2022_Zotta-scaled.jpg\" \/>\n\t<meta property=\"og:image:width\" content=\"2560\" \/>\n\t<meta property=\"og:image:height\" content=\"1694\" \/>\n\t<meta property=\"og:image:type\" content=\"image\/jpeg\" \/>\n<meta name=\"author\" content=\"Piergiorgio Franceschini\" \/>\n<meta name=\"twitter:card\" content=\"summary_large_image\" \/>\n<meta name=\"twitter:label1\" content=\"Scritto da\" \/>\n\t<meta name=\"twitter:data1\" content=\"Piergiorgio Franceschini\" \/>\n\t<meta name=\"twitter:label2\" content=\"Tempo di lettura stimato\" \/>\n\t<meta name=\"twitter:data2\" content=\"3 minuti\" \/>\n<script type=\"application\/ld+json\" class=\"yoast-schema-graph\">{\"@context\":\"https:\/\/schema.org\",\"@graph\":[{\"@type\":\"Article\",\"@id\":\"https:\/\/www.diocesitn.it\/area-testimonianza\/2024\/10\/07\/rovereto-alla-casa-di-accoglienza-il-portico-riparte-distribuzione-pasti-per-senza-dimora\/#article\",\"isPartOf\":{\"@id\":\"https:\/\/www.diocesitn.it\/area-testimonianza\/2024\/10\/07\/rovereto-alla-casa-di-accoglienza-il-portico-riparte-distribuzione-pasti-per-senza-dimora\/\"},\"author\":{\"name\":\"Piergiorgio Franceschini\",\"@id\":\"https:\/\/www.diocesitn.it\/area-testimonianza\/#\/schema\/person\/99590c84577873a025247b6aeb16ad2e\"},\"headline\":\"Rovereto, alla Casa di accoglienza \u201cIl Portico\u201d riparte distribuzione pasti per senza dimora \u00a0\",\"datePublished\":\"2024-10-07T12:43:51+00:00\",\"dateModified\":\"2025-02-20T08:41:11+00:00\",\"mainEntityOfPage\":{\"@id\":\"https:\/\/www.diocesitn.it\/area-testimonianza\/2024\/10\/07\/rovereto-alla-casa-di-accoglienza-il-portico-riparte-distribuzione-pasti-per-senza-dimora\/\"},\"wordCount\":432,\"publisher\":{\"@id\":\"https:\/\/www.diocesitn.it\/area-testimonianza\/#organization\"},\"image\":{\"@id\":\"https:\/\/www.diocesitn.it\/area-testimonianza\/2024\/10\/07\/rovereto-alla-casa-di-accoglienza-il-portico-riparte-distribuzione-pasti-per-senza-dimora\/#primaryimage\"},\"thumbnailUrl\":\"https:\/\/www.diocesitn.it\/area-testimonianza\/wp-content\/uploads\/sites\/37\/2023\/10\/portico_rovereto_8nov2022_Zotta-scaled.jpg\",\"keywords\":[\"distribuzione\",\"il portico\",\"pasti\",\"rovereto\",\"senza dimora\"],\"articleSection\":[\"Caritas diocesana\",\"Fondazione Caritas Diocesana\",\"Notizie\"],\"inLanguage\":\"it-IT\",\"copyrightYear\":\"2024\",\"copyrightHolder\":{\"@id\":\"https:\/\/www.diocesitn.it\/#organization\"}},{\"@type\":\"WebPage\",\"@id\":\"https:\/\/www.diocesitn.it\/area-testimonianza\/2024\/10\/07\/rovereto-alla-casa-di-accoglienza-il-portico-riparte-distribuzione-pasti-per-senza-dimora\/\",\"url\":\"https:\/\/www.diocesitn.it\/area-testimonianza\/2024\/10\/07\/rovereto-alla-casa-di-accoglienza-il-portico-riparte-distribuzione-pasti-per-senza-dimora\/\",\"name\":\"Rovereto, riparte al \\\"Portico\u201d la distribuzione pasti per senza dimora \u00a0\",\"isPartOf\":{\"@id\":\"https:\/\/www.diocesitn.it\/area-testimonianza\/#website\"},\"primaryImageOfPage\":{\"@id\":\"https:\/\/www.diocesitn.it\/area-testimonianza\/2024\/10\/07\/rovereto-alla-casa-di-accoglienza-il-portico-riparte-distribuzione-pasti-per-senza-dimora\/#primaryimage\"},\"image\":{\"@id\":\"https:\/\/www.diocesitn.it\/area-testimonianza\/2024\/10\/07\/rovereto-alla-casa-di-accoglienza-il-portico-riparte-distribuzione-pasti-per-senza-dimora\/#primaryimage\"},\"thumbnailUrl\":\"https:\/\/www.diocesitn.it\/area-testimonianza\/wp-content\/uploads\/sites\/37\/2023\/10\/portico_rovereto_8nov2022_Zotta-scaled.jpg\",\"datePublished\":\"2024-10-07T12:43:51+00:00\",\"dateModified\":\"2025-02-20T08:41:11+00:00\",\"description\":\"Rovereto, alla Casa di accoglienza \u201cIl Portico\u201d riparte distribuzione pasti per senza dimora dall'8 ottobre dalle 17 alle 18.15 \u00a0\",\"breadcrumb\":{\"@id\":\"https:\/\/www.diocesitn.it\/area-testimonianza\/2024\/10\/07\/rovereto-alla-casa-di-accoglienza-il-portico-riparte-distribuzione-pasti-per-senza-dimora\/#breadcrumb\"},\"inLanguage\":\"it-IT\",\"potentialAction\":[{\"@type\":\"ReadAction\",\"target\":[\"https:\/\/www.diocesitn.it\/area-testimonianza\/2024\/10\/07\/rovereto-alla-casa-di-accoglienza-il-portico-riparte-distribuzione-pasti-per-senza-dimora\/\"]}]},{\"@type\":\"ImageObject\",\"inLanguage\":\"it-IT\",\"@id\":\"https:\/\/www.diocesitn.it\/area-testimonianza\/2024\/10\/07\/rovereto-alla-casa-di-accoglienza-il-portico-riparte-distribuzione-pasti-per-senza-dimora\/#primaryimage\",\"url\":\"https:\/\/www.diocesitn.it\/area-testimonianza\/wp-content\/uploads\/sites\/37\/2023\/10\/portico_rovereto_8nov2022_Zotta-scaled.jpg\",\"contentUrl\":\"https:\/\/www.diocesitn.it\/area-testimonianza\/wp-content\/uploads\/sites\/37\/2023\/10\/portico_rovereto_8nov2022_Zotta-scaled.jpg\",\"width\":2560,\"height\":1694},{\"@type\":\"BreadcrumbList\",\"@id\":\"https:\/\/www.diocesitn.it\/area-testimonianza\/2024\/10\/07\/rovereto-alla-casa-di-accoglienza-il-portico-riparte-distribuzione-pasti-per-senza-dimora\/#breadcrumb\",\"itemListElement\":[{\"@type\":\"ListItem\",\"position\":1,\"name\":\"Home\",\"item\":\"https:\/\/www.diocesitn.it\/area-testimonianza\/\"},{\"@type\":\"ListItem\",\"position\":2,\"name\":\"Rovereto, alla Casa di accoglienza \u201cIl Portico\u201d riparte distribuzione pasti per senza dimora \u00a0\"}]},{\"@type\":\"WebSite\",\"@id\":\"https:\/\/www.diocesitn.it\/area-testimonianza\/#website\",\"url\":\"https:\/\/www.diocesitn.it\/area-testimonianza\/\",\"name\":\"Testimonianza e Impegno sociale\",\"description\":\"Chiesa di Trento\",\"publisher\":{\"@id\":\"https:\/\/www.diocesitn.it\/area-testimonianza\/#organization\"},\"potentialAction\":[{\"@type\":\"SearchAction\",\"target\":{\"@type\":\"EntryPoint\",\"urlTemplate\":\"https:\/\/www.diocesitn.it\/area-testimonianza\/?s={search_term_string}\"},\"query-input\":\"required name=search_term_string\"}],\"inLanguage\":\"it-IT\"},{\"@type\":[\"Organization\",\"Place\"],\"@id\":\"https:\/\/www.diocesitn.it\/area-testimonianza\/#organization\",\"name\":\"Area Testimonianza e Impegno Sociale - Chiesa di Trento\",\"url\":\"https:\/\/www.diocesitn.it\/area-testimonianza\/\",\"logo\":{\"@id\":\"https:\/\/www.diocesitn.it\/area-testimonianza\/2024\/10\/07\/rovereto-alla-casa-di-accoglienza-il-portico-riparte-distribuzione-pasti-per-senza-dimora\/#local-main-organization-logo\"},\"image\":{\"@id\":\"https:\/\/www.diocesitn.it\/area-testimonianza\/2024\/10\/07\/rovereto-alla-casa-di-accoglienza-il-portico-riparte-distribuzione-pasti-per-senza-dimora\/#local-main-organization-logo\"},\"openingHoursSpecification\":[{\"@type\":\"OpeningHoursSpecification\",\"dayOfWeek\":[\"Monday\",\"Tuesday\",\"Wednesday\",\"Thursday\",\"Friday\",\"Saturday\",\"Sunday\"],\"opens\":\"09:00\",\"closes\":\"17:00\"}]},{\"@type\":\"ImageObject\",\"inLanguage\":\"it-IT\",\"@id\":\"https:\/\/www.diocesitn.it\/area-testimonianza\/2024\/10\/07\/rovereto-alla-casa-di-accoglienza-il-portico-riparte-distribuzione-pasti-per-senza-dimora\/#local-main-organization-logo\",\"url\":\"https:\/\/www.diocesitn.it\/area-testimonianza\/wp-content\/uploads\/sites\/37\/2021\/09\/og-logo-testimonianza-e-impegno-sociale.jpg\",\"contentUrl\":\"https:\/\/www.diocesitn.it\/area-testimonianza\/wp-content\/uploads\/sites\/37\/2021\/09\/og-logo-testimonianza-e-impegno-sociale.jpg\",\"width\":1200,\"height\":630,\"caption\":\"Area Testimonianza e Impegno Sociale - Chiesa di Trento\"}]}<\/script>\n<!-- \/ Yoast SEO Premium plugin. -->","yoast_head_json":{"title":"Rovereto, riparte al \"Portico\u201d la distribuzione pasti per senza dimora \u00a0","description":"Rovereto, alla Casa di accoglienza \u201cIl Portico\u201d riparte distribuzione pasti per senza dimora dall'8 ottobre dalle 17 alle 18.15 \u00a0","robots":{"index":"index","follow":"follow","max-snippet":"max-snippet:-1","max-image-preview":"max-image-preview:large","max-video-preview":"max-video-preview:-1"},"canonical":"https:\/\/www.diocesitn.it\/area-testimonianza\/2024\/10\/07\/rovereto-alla-casa-di-accoglienza-il-portico-riparte-distribuzione-pasti-per-senza-dimora\/","og_locale":"it_IT","og_type":"article","og_title":"Rovereto, alla Casa di accoglienza \u201cIl Portico\u201d riparte distribuzione pasti per senza dimora \u00a0","og_description":"Rovereto, alla Casa di accoglienza \u201cIl Portico\u201d riparte distribuzione pasti per senza dimora dall'8 ottobre dalle 17 alle 18.15 \u00a0","og_url":"https:\/\/www.diocesitn.it\/area-testimonianza\/2024\/10\/07\/rovereto-alla-casa-di-accoglienza-il-portico-riparte-distribuzione-pasti-per-senza-dimora\/","og_site_name":"Testimonianza e Impegno sociale","article_published_time":"2024-10-07T12:43:51+00:00","article_modified_time":"2025-02-20T08:41:11+00:00","og_image":[{"width":2560,"height":1694,"url":"https:\/\/www.diocesitn.it\/area-testimonianza\/wp-content\/uploads\/sites\/37\/2023\/10\/portico_rovereto_8nov2022_Zotta-scaled.jpg","type":"image\/jpeg"}],"author":"Piergiorgio Franceschini","twitter_card":"summary_large_image","twitter_misc":{"Scritto da":"Piergiorgio Franceschini","Tempo di lettura stimato":"3 minuti"},"schema":{"@context":"https:\/\/schema.org","@graph":[{"@type":"Article","@id":"https:\/\/www.diocesitn.it\/area-testimonianza\/2024\/10\/07\/rovereto-alla-casa-di-accoglienza-il-portico-riparte-distribuzione-pasti-per-senza-dimora\/#article","isPartOf":{"@id":"https:\/\/www.diocesitn.it\/area-testimonianza\/2024\/10\/07\/rovereto-alla-casa-di-accoglienza-il-portico-riparte-distribuzione-pasti-per-senza-dimora\/"},"author":{"name":"Piergiorgio Franceschini","@id":"https:\/\/www.diocesitn.it\/area-testimonianza\/#\/schema\/person\/99590c84577873a025247b6aeb16ad2e"},"headline":"Rovereto, alla Casa di accoglienza \u201cIl Portico\u201d riparte distribuzione pasti per senza dimora \u00a0","datePublished":"2024-10-07T12:43:51+00:00","dateModified":"2025-02-20T08:41:11+00:00","mainEntityOfPage":{"@id":"https:\/\/www.diocesitn.it\/area-testimonianza\/2024\/10\/07\/rovereto-alla-casa-di-accoglienza-il-portico-riparte-distribuzione-pasti-per-senza-dimora\/"},"wordCount":432,"publisher":{"@id":"https:\/\/www.diocesitn.it\/area-testimonianza\/#organization"},"image":{"@id":"https:\/\/www.diocesitn.it\/area-testimonianza\/2024\/10\/07\/rovereto-alla-casa-di-accoglienza-il-portico-riparte-distribuzione-pasti-per-senza-dimora\/#primaryimage"},"thumbnailUrl":"https:\/\/www.diocesitn.it\/area-testimonianza\/wp-content\/uploads\/sites\/37\/2023\/10\/portico_rovereto_8nov2022_Zotta-scaled.jpg","keywords":["distribuzione","il portico","pasti","rovereto","senza dimora"],"articleSection":["Caritas diocesana","Fondazione Caritas Diocesana","Notizie"],"inLanguage":"it-IT","copyrightYear":"2024","copyrightHolder":{"@id":"https:\/\/www.diocesitn.it\/#organization"}},{"@type":"WebPage","@id":"https:\/\/www.diocesitn.it\/area-testimonianza\/2024\/10\/07\/rovereto-alla-casa-di-accoglienza-il-portico-riparte-distribuzione-pasti-per-senza-dimora\/","url":"https:\/\/www.diocesitn.it\/area-testimonianza\/2024\/10\/07\/rovereto-alla-casa-di-accoglienza-il-portico-riparte-distribuzione-pasti-per-senza-dimora\/","name":"Rovereto, riparte al \"Portico\u201d la distribuzione pasti per senza dimora \u00a0","isPartOf":{"@id":"https:\/\/www.diocesitn.it\/area-testimonianza\/#website"},"primaryImageOfPage":{"@id":"https:\/\/www.diocesitn.it\/area-testimonianza\/2024\/10\/07\/rovereto-alla-casa-di-accoglienza-il-portico-riparte-distribuzione-pasti-per-senza-dimora\/#primaryimage"},"image":{"@id":"https:\/\/www.diocesitn.it\/area-testimonianza\/2024\/10\/07\/rovereto-alla-casa-di-accoglienza-il-portico-riparte-distribuzione-pasti-per-senza-dimora\/#primaryimage"},"thumbnailUrl":"https:\/\/www.diocesitn.it\/area-testimonianza\/wp-content\/uploads\/sites\/37\/2023\/10\/portico_rovereto_8nov2022_Zotta-scaled.jpg","datePublished":"2024-10-07T12:43:51+00:00","dateModified":"2025-02-20T08:41:11+00:00","description":"Rovereto, alla Casa di accoglienza \u201cIl Portico\u201d riparte distribuzione pasti per senza dimora dall'8 ottobre dalle 17 alle 18.15 \u00a0","breadcrumb":{"@id":"https:\/\/www.diocesitn.it\/area-testimonianza\/2024\/10\/07\/rovereto-alla-casa-di-accoglienza-il-portico-riparte-distribuzione-pasti-per-senza-dimora\/#breadcrumb"},"inLanguage":"it-IT","potentialAction":[{"@type":"ReadAction","target":["https:\/\/www.diocesitn.it\/area-testimonianza\/2024\/10\/07\/rovereto-alla-casa-di-accoglienza-il-portico-riparte-distribuzione-pasti-per-senza-dimora\/"]}]},{"@type":"ImageObject","inLanguage":"it-IT","@id":"https:\/\/www.diocesitn.it\/area-testimonianza\/2024\/10\/07\/rovereto-alla-casa-di-accoglienza-il-portico-riparte-distribuzione-pasti-per-senza-dimora\/#primaryimage","url":"https:\/\/www.diocesitn.it\/area-testimonianza\/wp-content\/uploads\/sites\/37\/2023\/10\/portico_rovereto_8nov2022_Zotta-scaled.jpg","contentUrl":"https:\/\/www.diocesitn.it\/area-testimonianza\/wp-content\/uploads\/sites\/37\/2023\/10\/portico_rovereto_8nov2022_Zotta-scaled.jpg","width":2560,"height":1694},{"@type":"BreadcrumbList","@id":"https:\/\/www.diocesitn.it\/area-testimonianza\/2024\/10\/07\/rovereto-alla-casa-di-accoglienza-il-portico-riparte-distribuzione-pasti-per-senza-dimora\/#breadcrumb","itemListElement":[{"@type":"ListItem","position":1,"name":"Home","item":"https:\/\/www.diocesitn.it\/area-testimonianza\/"},{"@type":"ListItem","position":2,"name":"Rovereto, alla Casa di accoglienza \u201cIl Portico\u201d riparte distribuzione pasti per senza dimora \u00a0"}]},{"@type":"WebSite","@id":"https:\/\/www.diocesitn.it\/area-testimonianza\/#website","url":"https:\/\/www.diocesitn.it\/area-testimonianza\/","name":"Testimonianza e Impegno sociale","description":"Chiesa di Trento","publisher":{"@id":"https:\/\/www.diocesitn.it\/area-testimonianza\/#organization"},"potentialAction":[{"@type":"SearchAction","target":{"@type":"EntryPoint","urlTemplate":"https:\/\/www.diocesitn.it\/area-testimonianza\/?s={search_term_string}"},"query-input":"required name=search_term_string"}],"inLanguage":"it-IT"},{"@type":["Organization","Place"],"@id":"https:\/\/www.diocesitn.it\/area-testimonianza\/#organization","name":"Area Testimonianza e Impegno Sociale - Chiesa di Trento","url":"https:\/\/www.diocesitn.it\/area-testimonianza\/","logo":{"@id":"https:\/\/www.diocesitn.it\/area-testimonianza\/2024\/10\/07\/rovereto-alla-casa-di-accoglienza-il-portico-riparte-distribuzione-pasti-per-senza-dimora\/#local-main-organization-logo"},"image":{"@id":"https:\/\/www.diocesitn.it\/area-testimonianza\/2024\/10\/07\/rovereto-alla-casa-di-accoglienza-il-portico-riparte-distribuzione-pasti-per-senza-dimora\/#local-main-organization-logo"},"openingHoursSpecification":[{"@type":"OpeningHoursSpecification","dayOfWeek":["Monday","Tuesday","Wednesday","Thursday","Friday","Saturday","Sunday"],"opens":"09:00","closes":"17:00"}]},{"@type":"ImageObject","inLanguage":"it-IT","@id":"https:\/\/www.diocesitn.it\/area-testimonianza\/2024\/10\/07\/rovereto-alla-casa-di-accoglienza-il-portico-riparte-distribuzione-pasti-per-senza-dimora\/#local-main-organization-logo","url":"https:\/\/www.diocesitn.it\/area-testimonianza\/wp-content\/uploads\/sites\/37\/2021\/09\/og-logo-testimonianza-e-impegno-sociale.jpg","contentUrl":"https:\/\/www.diocesitn.it\/area-testimonianza\/wp-content\/uploads\/sites\/37\/2021\/09\/og-logo-testimonianza-e-impegno-sociale.jpg","width":1200,"height":630,"caption":"Area Testimonianza e Impegno Sociale - Chiesa di Trento"}]}},"_links":{"self":[{"href":"https:\/\/www.diocesitn.it\/area-testimonianza\/wp-json\/wp\/v2\/posts\/16115","targetHints":{"allow":["GET"]}}],"collection":[{"href":"https:\/\/www.diocesitn.it\/area-testimonianza\/wp-json\/wp\/v2\/posts"}],"about":[{"href":"https:\/\/www.diocesitn.it\/area-testimonianza\/wp-json\/wp\/v2\/types\/post"}],"author":[{"embeddable":true,"href":"https:\/\/www.diocesitn.it\/area-testimonianza\/wp-json\/wp\/v2\/users\/3"}],"replies":[{"embeddable":true,"href":"https:\/\/www.diocesitn.it\/area-testimonianza\/wp-json\/wp\/v2\/comments?post=16115"}],"version-history":[{"count":1,"href":"https:\/\/www.diocesitn.it\/area-testimonianza\/wp-json\/wp\/v2\/posts\/16115\/revisions"}],"predecessor-version":[{"id":16118,"href":"https:\/\/www.diocesitn.it\/area-testimonianza\/wp-json\/wp\/v2\/posts\/16115\/revisions\/16118"}],"wp:featuredmedia":[{"embeddable":true,"href":"https:\/\/www.diocesitn.it\/area-testimonianza\/wp-json\/wp\/v2\/media\/13672"}],"wp:attachment":[{"href":"https:\/\/www.diocesitn.it\/area-testimonianza\/wp-json\/wp\/v2\/media?parent=16115"}],"wp:term":[{"taxonomy":"category","embeddable":true,"href":"https:\/\/www.diocesitn.it\/area-testimonianza\/wp-json\/wp\/v2\/categories?post=16115"},{"taxonomy":"post_tag","embeddable":true,"href":"https:\/\/www.diocesitn.it\/area-testimonianza\/wp-json\/wp\/v2\/tags?post=16115"}],"curies":[{"name":"wp","href":"https:\/\/api.w.org\/{rel}","templated":true}]}}