{"id":16110,"date":"2024-10-08T12:25:27","date_gmt":"2024-10-08T10:25:27","guid":{"rendered":"https:\/\/www.diocesitn.it\/area-testimonianza\/2024\/10\/08\/uniti-per-la-pace-anche-in-diocesi-la-preghiera-voluta-dal-papa-dalla-terra-santa-lappello-del-custode-patton-piu-realistico-costruire-la-pace-che-pensare-di-eliminare-laltro\/"},"modified":"2024-12-18T08:47:15","modified_gmt":"2024-12-18T07:47:15","slug":"uniti-per-la-pace-anche-in-diocesi-la-preghiera-voluta-dal-papa-dalla-terra-santa-lappello-del-custode-patton-piu-realistico-costruire-la-pace-che-pensare-di-eliminare-laltro","status":"publish","type":"post","link":"https:\/\/www.diocesitn.it\/area-testimonianza\/2024\/10\/08\/uniti-per-la-pace-anche-in-diocesi-la-preghiera-voluta-dal-papa-dalla-terra-santa-lappello-del-custode-patton-piu-realistico-costruire-la-pace-che-pensare-di-eliminare-laltro\/","title":{"rendered":"Uniti per la pace. Anche in Diocesi la preghiera voluta dal Papa. Dalla Terra Santa l&#8217;appello del Custode Patton: &#8220;Pi\u00f9 realistico costruire la pace che pensare di eliminare l\u2019altro&#8221;"},"content":{"rendered":"<p>&#8220;Vergine Maria, Madre della speranza, ottieni il <strong>dono della pace per la Santa Terra<\/strong> che ti ha generato e <strong>per il mondo intero<\/strong>!&#8221;. Sono le parole conclusive della <strong>grande invocazione<\/strong> risuonata ieri in cattedrale a Trento e in molte chiese della Diocesi dove le comunit\u00e0 sono state invitate a <strong>pregare per la pace<\/strong>, raccogliendo l&#8217;appello di <strong>papa Franceso<\/strong>.<\/p>\n<p>In Duomo la Veglia \u00e8 stata presieduta dal vicario generale don Claudio Ferrari (con il vescovo impegnato a Roma in CEI) e guidata da don Mauro Leonardelli, delegato dell&#8217;Area Testimonianza che ha concluso il momento di preghiera con l&#8217;auspicio: &#8220;Ogni cuore si apra alla pace e all&#8217;umanit\u00e0&#8221;.<\/p>\n<p>Il Rosario e le riflessioni che lo hanno accompagnato \u00e8 stato proposto dalla <strong>Custodia di Terra Santa<\/strong>. E proprio dalla Terra Santa e in particolare dal Custode fra Francesco Patton arriva un nuovo forte appello alla ricerca del dialogo per giungere ad un cessate il fuoco.<\/p>\n<h4><img loading=\"lazy\" decoding=\"async\" class=\"size-medium wp-image-16113 alignleft\" src=\"https:\/\/www.diocesitn.it\/area-testimonianza\/wp-content\/uploads\/sites\/37\/2024\/10\/Patton_colletta_aprile2023-300x190.jpeg\" alt=\"\" width=\"300\" height=\"190\" srcset=\"https:\/\/www.diocesitn.it\/area-testimonianza\/wp-content\/uploads\/sites\/37\/2024\/10\/Patton_colletta_aprile2023-300x190.jpeg 300w, https:\/\/www.diocesitn.it\/area-testimonianza\/wp-content\/uploads\/sites\/37\/2024\/10\/Patton_colletta_aprile2023-360x228.jpeg 360w, https:\/\/www.diocesitn.it\/area-testimonianza\/wp-content\/uploads\/sites\/37\/2024\/10\/Patton_colletta_aprile2023.jpeg 600w\" sizes=\"auto, (max-width: 300px) 100vw, 300px\" \/>L&#8217;intervista ad Avvenire<\/h4>\n<p>Patton lo ribadisce dalle colonne di <strong>Avvenire<\/strong> nel numero di <strong>marted\u00ec 8 ottobre<\/strong>: \u00abE&#8217; pi\u00f9 realistico &#8211; dichiara &#8211; costruire la pace che pensare di eliminare l\u2019altro\u00bb. &#8220;Su un piano politico- nota Patton -, la pace \u00e8 un processo. Per avviarlo \u2013 e gi\u00e0 questo sarebbe un successo \u2013 occorrono azioni concrete. Prima fra tutte il cessate il fuoco. E, al contempo, un negoziato. Il che implica la disposizione delle due parti a concedere per ottenere. In questo caso, per\u00f2, il dialogo richiede l\u2019intervento di soggetti terzi che lo facilitino e lo spingano.<\/p>\n<p>&#8220;Per il Medio Oriente &#8211; aggiunge il Custode &#8211; \u00e8 giunto il tempo di <strong>andare oltre la soluzione dei due Stati<\/strong>, ipotizzando una comunit\u00e0 pi\u00f9 ampia legata da vincoli economici e politici. Dobbiamo pensare fuori dagli schemi. Occorre, per\u00f2, una classe politica con una mentalit\u00e0 nuova, in grado di pensare fuori dagli schemi della paura e del conflitto con cui non si pu\u00f2 realizzare alcun futuro.<\/p>\n<h4>Il libro &#8220;I miei giorni in Terra Santa&#8221;<\/h4>\n<p>Un appello rilanciato anche nelle pagine del <strong>libro<\/strong> &#8220;<strong>Come un pellegrinaggio &#8211; I miei giorni in Terra Santa<\/strong>&#8221; (Ts Edizioni, Milano 2024, pp. 128, 12,90 euro) scritto da padre Patton con il giornalista di Vatican Media Roberto Cetera. Il volume \u00e8 stato presentato a Bologna domenica 29 settembre, nell&#8217;ambito del Festival Francescano. Il libro si avvale della prefazione di papa Francesco che tra l&#8217;altro scrive: \u00abGerusalemme \u00e8 di nessuno, ma \u00e8 di tutti\u00bb (<a href=\"https:\/\/www.vaticannews.va\/it\/papa\/news\/2024-10\/papa-prefazione-libro-patton-terra-santa-come-pellegrinaggio.html\">LEGGI QUI PREFAZIONE<\/a>).<\/p>\n","protected":false},"excerpt":{"rendered":"<p>&#8220;Vergine Maria, Madre della speranza, ottieni il dono della pace per la Santa Terra che ti ha generato e per il mondo intero!&#8221;. Sono le parole conclusive della grande invocazione risuonata ieri in cattedrale a<\/p>\n","protected":false},"author":3,"featured_media":16113,"comment_status":"closed","ping_status":"closed","sticky":false,"template":"","format":"standard","meta":{"footnotes":""},"categories":[2206,1074],"tags":[1579,1595,1317,1412,1391],"class_list":["post-16110","post","type-post","status-publish","format-standard","has-post-thumbnail","hentry","category-servizio-giustizia-e-pace","category-notizie","tag-duomo","tag-padre-francesco-patton","tag-pace","tag-terra-santa","tag-trento"],"acf":{"seed-localization-paese-cod":"IT","seed-localization-address":"","seed-localization-citta":"Trento","seed-localization-regione-cod-istat":"04","seed-localization-citta-cod-istat":"022205","seed-localization-localita":"","seed-localization-cap":"","seed-localization-marker-visibility":false,"seed-localization-children-visibility":false,"seed-localization-kml":"","seed-localization-custom-marker":""},"yoast_head":"<!-- This site is optimized with the Yoast SEO Premium plugin v20.2.1 (Yoast SEO v22.2) - https:\/\/yoast.com\/wordpress\/plugins\/seo\/ -->\n<title>Uniti per la pace anche in Diocesi. L&#039;appello del Custode Patton<\/title>\n<meta name=\"description\" content=\"Uniti per la pace. Anche in Diocesi la preghiera voluta dal Papa. Dalla Terra Santa l&#039;appello del Custode Patton\" \/>\n<meta name=\"robots\" content=\"index, follow, max-snippet:-1, max-image-preview:large, max-video-preview:-1\" \/>\n<link rel=\"canonical\" href=\"https:\/\/www.diocesitn.it\/area-testimonianza\/2024\/10\/08\/uniti-per-la-pace-anche-in-diocesi-la-preghiera-voluta-dal-papa-dalla-terra-santa-lappello-del-custode-patton-piu-realistico-costruire-la-pace-che-pensare-di-eliminare-laltro\/\" \/>\n<meta property=\"og:locale\" content=\"it_IT\" \/>\n<meta property=\"og:type\" content=\"article\" \/>\n<meta property=\"og:title\" content=\"Uniti per la pace. Anche in Diocesi la preghiera voluta dal Papa. Dalla Terra Santa l&#039;appello del Custode Patton: &quot;Pi\u00f9 realistico costruire la pace che pensare di eliminare l\u2019altro&quot;\" \/>\n<meta property=\"og:description\" content=\"Uniti per la pace. Anche in Diocesi la preghiera voluta dal Papa. Dalla Terra Santa l&#039;appello del Custode Patton\" \/>\n<meta property=\"og:url\" content=\"https:\/\/www.diocesitn.it\/area-testimonianza\/2024\/10\/08\/uniti-per-la-pace-anche-in-diocesi-la-preghiera-voluta-dal-papa-dalla-terra-santa-lappello-del-custode-patton-piu-realistico-costruire-la-pace-che-pensare-di-eliminare-laltro\/\" \/>\n<meta property=\"og:site_name\" content=\"Testimonianza e Impegno sociale\" \/>\n<meta property=\"article:published_time\" content=\"2024-10-08T10:25:27+00:00\" \/>\n<meta property=\"article:modified_time\" content=\"2024-12-18T07:47:15+00:00\" \/>\n<meta property=\"og:image\" content=\"https:\/\/www.diocesitn.it\/area-testimonianza\/wp-content\/uploads\/sites\/37\/2024\/10\/Patton_colletta_aprile2023.jpeg\" \/>\n\t<meta property=\"og:image:width\" content=\"600\" \/>\n\t<meta property=\"og:image:height\" content=\"380\" \/>\n\t<meta property=\"og:image:type\" content=\"image\/jpeg\" \/>\n<meta name=\"author\" content=\"Piergiorgio Franceschini\" \/>\n<meta name=\"twitter:card\" content=\"summary_large_image\" \/>\n<meta name=\"twitter:label1\" content=\"Scritto da\" \/>\n\t<meta name=\"twitter:data1\" content=\"Piergiorgio Franceschini\" \/>\n\t<meta name=\"twitter:label2\" content=\"Tempo di lettura stimato\" \/>\n\t<meta name=\"twitter:data2\" content=\"3 minuti\" \/>\n<script type=\"application\/ld+json\" class=\"yoast-schema-graph\">{\"@context\":\"https:\/\/schema.org\",\"@graph\":[{\"@type\":\"Article\",\"@id\":\"https:\/\/www.diocesitn.it\/area-testimonianza\/2024\/10\/08\/uniti-per-la-pace-anche-in-diocesi-la-preghiera-voluta-dal-papa-dalla-terra-santa-lappello-del-custode-patton-piu-realistico-costruire-la-pace-che-pensare-di-eliminare-laltro\/#article\",\"isPartOf\":{\"@id\":\"https:\/\/www.diocesitn.it\/area-testimonianza\/2024\/10\/08\/uniti-per-la-pace-anche-in-diocesi-la-preghiera-voluta-dal-papa-dalla-terra-santa-lappello-del-custode-patton-piu-realistico-costruire-la-pace-che-pensare-di-eliminare-laltro\/\"},\"author\":{\"name\":\"Piergiorgio Franceschini\",\"@id\":\"https:\/\/www.diocesitn.it\/area-testimonianza\/#\/schema\/person\/99590c84577873a025247b6aeb16ad2e\"},\"headline\":\"Uniti per la pace. Anche in Diocesi la preghiera voluta dal Papa. Dalla Terra Santa l&#8217;appello del Custode Patton: &#8220;Pi\u00f9 realistico costruire la pace che pensare di eliminare l\u2019altro&#8221;\",\"datePublished\":\"2024-10-08T10:25:27+00:00\",\"dateModified\":\"2024-12-18T07:47:15+00:00\",\"mainEntityOfPage\":{\"@id\":\"https:\/\/www.diocesitn.it\/area-testimonianza\/2024\/10\/08\/uniti-per-la-pace-anche-in-diocesi-la-preghiera-voluta-dal-papa-dalla-terra-santa-lappello-del-custode-patton-piu-realistico-costruire-la-pace-che-pensare-di-eliminare-laltro\/\"},\"wordCount\":415,\"publisher\":{\"@id\":\"https:\/\/www.diocesitn.it\/area-testimonianza\/#organization\"},\"image\":{\"@id\":\"https:\/\/www.diocesitn.it\/area-testimonianza\/2024\/10\/08\/uniti-per-la-pace-anche-in-diocesi-la-preghiera-voluta-dal-papa-dalla-terra-santa-lappello-del-custode-patton-piu-realistico-costruire-la-pace-che-pensare-di-eliminare-laltro\/#primaryimage\"},\"thumbnailUrl\":\"https:\/\/www.diocesitn.it\/area-testimonianza\/wp-content\/uploads\/sites\/37\/2024\/10\/Patton_colletta_aprile2023.jpeg\",\"keywords\":[\"Duomo\",\"p. Francesco Patton\",\"pace\",\"terra Santa\",\"Trento\"],\"articleSection\":[\"Giustizia e pace\",\"Notizie\"],\"inLanguage\":\"it-IT\",\"copyrightYear\":\"2024\",\"copyrightHolder\":{\"@id\":\"https:\/\/www.diocesitn.it\/#organization\"}},{\"@type\":\"WebPage\",\"@id\":\"https:\/\/www.diocesitn.it\/area-testimonianza\/2024\/10\/08\/uniti-per-la-pace-anche-in-diocesi-la-preghiera-voluta-dal-papa-dalla-terra-santa-lappello-del-custode-patton-piu-realistico-costruire-la-pace-che-pensare-di-eliminare-laltro\/\",\"url\":\"https:\/\/www.diocesitn.it\/area-testimonianza\/2024\/10\/08\/uniti-per-la-pace-anche-in-diocesi-la-preghiera-voluta-dal-papa-dalla-terra-santa-lappello-del-custode-patton-piu-realistico-costruire-la-pace-che-pensare-di-eliminare-laltro\/\",\"name\":\"Uniti per la pace anche in Diocesi. L'appello del Custode Patton\",\"isPartOf\":{\"@id\":\"https:\/\/www.diocesitn.it\/area-testimonianza\/#website\"},\"primaryImageOfPage\":{\"@id\":\"https:\/\/www.diocesitn.it\/area-testimonianza\/2024\/10\/08\/uniti-per-la-pace-anche-in-diocesi-la-preghiera-voluta-dal-papa-dalla-terra-santa-lappello-del-custode-patton-piu-realistico-costruire-la-pace-che-pensare-di-eliminare-laltro\/#primaryimage\"},\"image\":{\"@id\":\"https:\/\/www.diocesitn.it\/area-testimonianza\/2024\/10\/08\/uniti-per-la-pace-anche-in-diocesi-la-preghiera-voluta-dal-papa-dalla-terra-santa-lappello-del-custode-patton-piu-realistico-costruire-la-pace-che-pensare-di-eliminare-laltro\/#primaryimage\"},\"thumbnailUrl\":\"https:\/\/www.diocesitn.it\/area-testimonianza\/wp-content\/uploads\/sites\/37\/2024\/10\/Patton_colletta_aprile2023.jpeg\",\"datePublished\":\"2024-10-08T10:25:27+00:00\",\"dateModified\":\"2024-12-18T07:47:15+00:00\",\"description\":\"Uniti per la pace. Anche in Diocesi la preghiera voluta dal Papa. Dalla Terra Santa l'appello del Custode Patton\",\"breadcrumb\":{\"@id\":\"https:\/\/www.diocesitn.it\/area-testimonianza\/2024\/10\/08\/uniti-per-la-pace-anche-in-diocesi-la-preghiera-voluta-dal-papa-dalla-terra-santa-lappello-del-custode-patton-piu-realistico-costruire-la-pace-che-pensare-di-eliminare-laltro\/#breadcrumb\"},\"inLanguage\":\"it-IT\",\"potentialAction\":[{\"@type\":\"ReadAction\",\"target\":[\"https:\/\/www.diocesitn.it\/area-testimonianza\/2024\/10\/08\/uniti-per-la-pace-anche-in-diocesi-la-preghiera-voluta-dal-papa-dalla-terra-santa-lappello-del-custode-patton-piu-realistico-costruire-la-pace-che-pensare-di-eliminare-laltro\/\"]}]},{\"@type\":\"ImageObject\",\"inLanguage\":\"it-IT\",\"@id\":\"https:\/\/www.diocesitn.it\/area-testimonianza\/2024\/10\/08\/uniti-per-la-pace-anche-in-diocesi-la-preghiera-voluta-dal-papa-dalla-terra-santa-lappello-del-custode-patton-piu-realistico-costruire-la-pace-che-pensare-di-eliminare-laltro\/#primaryimage\",\"url\":\"https:\/\/www.diocesitn.it\/area-testimonianza\/wp-content\/uploads\/sites\/37\/2024\/10\/Patton_colletta_aprile2023.jpeg\",\"contentUrl\":\"https:\/\/www.diocesitn.it\/area-testimonianza\/wp-content\/uploads\/sites\/37\/2024\/10\/Patton_colletta_aprile2023.jpeg\",\"width\":600,\"height\":380},{\"@type\":\"BreadcrumbList\",\"@id\":\"https:\/\/www.diocesitn.it\/area-testimonianza\/2024\/10\/08\/uniti-per-la-pace-anche-in-diocesi-la-preghiera-voluta-dal-papa-dalla-terra-santa-lappello-del-custode-patton-piu-realistico-costruire-la-pace-che-pensare-di-eliminare-laltro\/#breadcrumb\",\"itemListElement\":[{\"@type\":\"ListItem\",\"position\":1,\"name\":\"Home\",\"item\":\"https:\/\/www.diocesitn.it\/area-testimonianza\/\"},{\"@type\":\"ListItem\",\"position\":2,\"name\":\"Uniti per la pace. Anche in Diocesi la preghiera voluta dal Papa. Dalla Terra Santa l&#8217;appello del Custode Patton: &#8220;Pi\u00f9 realistico costruire la pace che pensare di eliminare l\u2019altro&#8221;\"}]},{\"@type\":\"WebSite\",\"@id\":\"https:\/\/www.diocesitn.it\/area-testimonianza\/#website\",\"url\":\"https:\/\/www.diocesitn.it\/area-testimonianza\/\",\"name\":\"Testimonianza e Impegno sociale\",\"description\":\"Chiesa di Trento\",\"publisher\":{\"@id\":\"https:\/\/www.diocesitn.it\/area-testimonianza\/#organization\"},\"potentialAction\":[{\"@type\":\"SearchAction\",\"target\":{\"@type\":\"EntryPoint\",\"urlTemplate\":\"https:\/\/www.diocesitn.it\/area-testimonianza\/?s={search_term_string}\"},\"query-input\":\"required name=search_term_string\"}],\"inLanguage\":\"it-IT\"},{\"@type\":[\"Organization\",\"Place\"],\"@id\":\"https:\/\/www.diocesitn.it\/area-testimonianza\/#organization\",\"name\":\"Area Testimonianza e Impegno Sociale - Chiesa di Trento\",\"url\":\"https:\/\/www.diocesitn.it\/area-testimonianza\/\",\"logo\":{\"@id\":\"https:\/\/www.diocesitn.it\/area-testimonianza\/2024\/10\/08\/uniti-per-la-pace-anche-in-diocesi-la-preghiera-voluta-dal-papa-dalla-terra-santa-lappello-del-custode-patton-piu-realistico-costruire-la-pace-che-pensare-di-eliminare-laltro\/#local-main-organization-logo\"},\"image\":{\"@id\":\"https:\/\/www.diocesitn.it\/area-testimonianza\/2024\/10\/08\/uniti-per-la-pace-anche-in-diocesi-la-preghiera-voluta-dal-papa-dalla-terra-santa-lappello-del-custode-patton-piu-realistico-costruire-la-pace-che-pensare-di-eliminare-laltro\/#local-main-organization-logo\"},\"openingHoursSpecification\":[{\"@type\":\"OpeningHoursSpecification\",\"dayOfWeek\":[\"Monday\",\"Tuesday\",\"Wednesday\",\"Thursday\",\"Friday\",\"Saturday\",\"Sunday\"],\"opens\":\"09:00\",\"closes\":\"17:00\"}]},{\"@type\":\"ImageObject\",\"inLanguage\":\"it-IT\",\"@id\":\"https:\/\/www.diocesitn.it\/area-testimonianza\/2024\/10\/08\/uniti-per-la-pace-anche-in-diocesi-la-preghiera-voluta-dal-papa-dalla-terra-santa-lappello-del-custode-patton-piu-realistico-costruire-la-pace-che-pensare-di-eliminare-laltro\/#local-main-organization-logo\",\"url\":\"https:\/\/www.diocesitn.it\/area-testimonianza\/wp-content\/uploads\/sites\/37\/2021\/09\/og-logo-testimonianza-e-impegno-sociale.jpg\",\"contentUrl\":\"https:\/\/www.diocesitn.it\/area-testimonianza\/wp-content\/uploads\/sites\/37\/2021\/09\/og-logo-testimonianza-e-impegno-sociale.jpg\",\"width\":1200,\"height\":630,\"caption\":\"Area Testimonianza e Impegno Sociale - Chiesa di Trento\"}]}<\/script>\n<!-- \/ Yoast SEO Premium plugin. -->","yoast_head_json":{"title":"Uniti per la pace anche in Diocesi. L'appello del Custode Patton","description":"Uniti per la pace. Anche in Diocesi la preghiera voluta dal Papa. Dalla Terra Santa l'appello del Custode Patton","robots":{"index":"index","follow":"follow","max-snippet":"max-snippet:-1","max-image-preview":"max-image-preview:large","max-video-preview":"max-video-preview:-1"},"canonical":"https:\/\/www.diocesitn.it\/area-testimonianza\/2024\/10\/08\/uniti-per-la-pace-anche-in-diocesi-la-preghiera-voluta-dal-papa-dalla-terra-santa-lappello-del-custode-patton-piu-realistico-costruire-la-pace-che-pensare-di-eliminare-laltro\/","og_locale":"it_IT","og_type":"article","og_title":"Uniti per la pace. Anche in Diocesi la preghiera voluta dal Papa. Dalla Terra Santa l'appello del Custode Patton: \"Pi\u00f9 realistico costruire la pace che pensare di eliminare l\u2019altro\"","og_description":"Uniti per la pace. Anche in Diocesi la preghiera voluta dal Papa. Dalla Terra Santa l'appello del Custode Patton","og_url":"https:\/\/www.diocesitn.it\/area-testimonianza\/2024\/10\/08\/uniti-per-la-pace-anche-in-diocesi-la-preghiera-voluta-dal-papa-dalla-terra-santa-lappello-del-custode-patton-piu-realistico-costruire-la-pace-che-pensare-di-eliminare-laltro\/","og_site_name":"Testimonianza e Impegno sociale","article_published_time":"2024-10-08T10:25:27+00:00","article_modified_time":"2024-12-18T07:47:15+00:00","og_image":[{"width":600,"height":380,"url":"https:\/\/www.diocesitn.it\/area-testimonianza\/wp-content\/uploads\/sites\/37\/2024\/10\/Patton_colletta_aprile2023.jpeg","type":"image\/jpeg"}],"author":"Piergiorgio Franceschini","twitter_card":"summary_large_image","twitter_misc":{"Scritto da":"Piergiorgio Franceschini","Tempo di lettura stimato":"3 minuti"},"schema":{"@context":"https:\/\/schema.org","@graph":[{"@type":"Article","@id":"https:\/\/www.diocesitn.it\/area-testimonianza\/2024\/10\/08\/uniti-per-la-pace-anche-in-diocesi-la-preghiera-voluta-dal-papa-dalla-terra-santa-lappello-del-custode-patton-piu-realistico-costruire-la-pace-che-pensare-di-eliminare-laltro\/#article","isPartOf":{"@id":"https:\/\/www.diocesitn.it\/area-testimonianza\/2024\/10\/08\/uniti-per-la-pace-anche-in-diocesi-la-preghiera-voluta-dal-papa-dalla-terra-santa-lappello-del-custode-patton-piu-realistico-costruire-la-pace-che-pensare-di-eliminare-laltro\/"},"author":{"name":"Piergiorgio Franceschini","@id":"https:\/\/www.diocesitn.it\/area-testimonianza\/#\/schema\/person\/99590c84577873a025247b6aeb16ad2e"},"headline":"Uniti per la pace. Anche in Diocesi la preghiera voluta dal Papa. Dalla Terra Santa l&#8217;appello del Custode Patton: &#8220;Pi\u00f9 realistico costruire la pace che pensare di eliminare l\u2019altro&#8221;","datePublished":"2024-10-08T10:25:27+00:00","dateModified":"2024-12-18T07:47:15+00:00","mainEntityOfPage":{"@id":"https:\/\/www.diocesitn.it\/area-testimonianza\/2024\/10\/08\/uniti-per-la-pace-anche-in-diocesi-la-preghiera-voluta-dal-papa-dalla-terra-santa-lappello-del-custode-patton-piu-realistico-costruire-la-pace-che-pensare-di-eliminare-laltro\/"},"wordCount":415,"publisher":{"@id":"https:\/\/www.diocesitn.it\/area-testimonianza\/#organization"},"image":{"@id":"https:\/\/www.diocesitn.it\/area-testimonianza\/2024\/10\/08\/uniti-per-la-pace-anche-in-diocesi-la-preghiera-voluta-dal-papa-dalla-terra-santa-lappello-del-custode-patton-piu-realistico-costruire-la-pace-che-pensare-di-eliminare-laltro\/#primaryimage"},"thumbnailUrl":"https:\/\/www.diocesitn.it\/area-testimonianza\/wp-content\/uploads\/sites\/37\/2024\/10\/Patton_colletta_aprile2023.jpeg","keywords":["Duomo","p. Francesco Patton","pace","terra Santa","Trento"],"articleSection":["Giustizia e pace","Notizie"],"inLanguage":"it-IT","copyrightYear":"2024","copyrightHolder":{"@id":"https:\/\/www.diocesitn.it\/#organization"}},{"@type":"WebPage","@id":"https:\/\/www.diocesitn.it\/area-testimonianza\/2024\/10\/08\/uniti-per-la-pace-anche-in-diocesi-la-preghiera-voluta-dal-papa-dalla-terra-santa-lappello-del-custode-patton-piu-realistico-costruire-la-pace-che-pensare-di-eliminare-laltro\/","url":"https:\/\/www.diocesitn.it\/area-testimonianza\/2024\/10\/08\/uniti-per-la-pace-anche-in-diocesi-la-preghiera-voluta-dal-papa-dalla-terra-santa-lappello-del-custode-patton-piu-realistico-costruire-la-pace-che-pensare-di-eliminare-laltro\/","name":"Uniti per la pace anche in Diocesi. L'appello del Custode Patton","isPartOf":{"@id":"https:\/\/www.diocesitn.it\/area-testimonianza\/#website"},"primaryImageOfPage":{"@id":"https:\/\/www.diocesitn.it\/area-testimonianza\/2024\/10\/08\/uniti-per-la-pace-anche-in-diocesi-la-preghiera-voluta-dal-papa-dalla-terra-santa-lappello-del-custode-patton-piu-realistico-costruire-la-pace-che-pensare-di-eliminare-laltro\/#primaryimage"},"image":{"@id":"https:\/\/www.diocesitn.it\/area-testimonianza\/2024\/10\/08\/uniti-per-la-pace-anche-in-diocesi-la-preghiera-voluta-dal-papa-dalla-terra-santa-lappello-del-custode-patton-piu-realistico-costruire-la-pace-che-pensare-di-eliminare-laltro\/#primaryimage"},"thumbnailUrl":"https:\/\/www.diocesitn.it\/area-testimonianza\/wp-content\/uploads\/sites\/37\/2024\/10\/Patton_colletta_aprile2023.jpeg","datePublished":"2024-10-08T10:25:27+00:00","dateModified":"2024-12-18T07:47:15+00:00","description":"Uniti per la pace. Anche in Diocesi la preghiera voluta dal Papa. Dalla Terra Santa l'appello del Custode Patton","breadcrumb":{"@id":"https:\/\/www.diocesitn.it\/area-testimonianza\/2024\/10\/08\/uniti-per-la-pace-anche-in-diocesi-la-preghiera-voluta-dal-papa-dalla-terra-santa-lappello-del-custode-patton-piu-realistico-costruire-la-pace-che-pensare-di-eliminare-laltro\/#breadcrumb"},"inLanguage":"it-IT","potentialAction":[{"@type":"ReadAction","target":["https:\/\/www.diocesitn.it\/area-testimonianza\/2024\/10\/08\/uniti-per-la-pace-anche-in-diocesi-la-preghiera-voluta-dal-papa-dalla-terra-santa-lappello-del-custode-patton-piu-realistico-costruire-la-pace-che-pensare-di-eliminare-laltro\/"]}]},{"@type":"ImageObject","inLanguage":"it-IT","@id":"https:\/\/www.diocesitn.it\/area-testimonianza\/2024\/10\/08\/uniti-per-la-pace-anche-in-diocesi-la-preghiera-voluta-dal-papa-dalla-terra-santa-lappello-del-custode-patton-piu-realistico-costruire-la-pace-che-pensare-di-eliminare-laltro\/#primaryimage","url":"https:\/\/www.diocesitn.it\/area-testimonianza\/wp-content\/uploads\/sites\/37\/2024\/10\/Patton_colletta_aprile2023.jpeg","contentUrl":"https:\/\/www.diocesitn.it\/area-testimonianza\/wp-content\/uploads\/sites\/37\/2024\/10\/Patton_colletta_aprile2023.jpeg","width":600,"height":380},{"@type":"BreadcrumbList","@id":"https:\/\/www.diocesitn.it\/area-testimonianza\/2024\/10\/08\/uniti-per-la-pace-anche-in-diocesi-la-preghiera-voluta-dal-papa-dalla-terra-santa-lappello-del-custode-patton-piu-realistico-costruire-la-pace-che-pensare-di-eliminare-laltro\/#breadcrumb","itemListElement":[{"@type":"ListItem","position":1,"name":"Home","item":"https:\/\/www.diocesitn.it\/area-testimonianza\/"},{"@type":"ListItem","position":2,"name":"Uniti per la pace. Anche in Diocesi la preghiera voluta dal Papa. Dalla Terra Santa l&#8217;appello del Custode Patton: &#8220;Pi\u00f9 realistico costruire la pace che pensare di eliminare l\u2019altro&#8221;"}]},{"@type":"WebSite","@id":"https:\/\/www.diocesitn.it\/area-testimonianza\/#website","url":"https:\/\/www.diocesitn.it\/area-testimonianza\/","name":"Testimonianza e Impegno sociale","description":"Chiesa di Trento","publisher":{"@id":"https:\/\/www.diocesitn.it\/area-testimonianza\/#organization"},"potentialAction":[{"@type":"SearchAction","target":{"@type":"EntryPoint","urlTemplate":"https:\/\/www.diocesitn.it\/area-testimonianza\/?s={search_term_string}"},"query-input":"required name=search_term_string"}],"inLanguage":"it-IT"},{"@type":["Organization","Place"],"@id":"https:\/\/www.diocesitn.it\/area-testimonianza\/#organization","name":"Area Testimonianza e Impegno Sociale - Chiesa di Trento","url":"https:\/\/www.diocesitn.it\/area-testimonianza\/","logo":{"@id":"https:\/\/www.diocesitn.it\/area-testimonianza\/2024\/10\/08\/uniti-per-la-pace-anche-in-diocesi-la-preghiera-voluta-dal-papa-dalla-terra-santa-lappello-del-custode-patton-piu-realistico-costruire-la-pace-che-pensare-di-eliminare-laltro\/#local-main-organization-logo"},"image":{"@id":"https:\/\/www.diocesitn.it\/area-testimonianza\/2024\/10\/08\/uniti-per-la-pace-anche-in-diocesi-la-preghiera-voluta-dal-papa-dalla-terra-santa-lappello-del-custode-patton-piu-realistico-costruire-la-pace-che-pensare-di-eliminare-laltro\/#local-main-organization-logo"},"openingHoursSpecification":[{"@type":"OpeningHoursSpecification","dayOfWeek":["Monday","Tuesday","Wednesday","Thursday","Friday","Saturday","Sunday"],"opens":"09:00","closes":"17:00"}]},{"@type":"ImageObject","inLanguage":"it-IT","@id":"https:\/\/www.diocesitn.it\/area-testimonianza\/2024\/10\/08\/uniti-per-la-pace-anche-in-diocesi-la-preghiera-voluta-dal-papa-dalla-terra-santa-lappello-del-custode-patton-piu-realistico-costruire-la-pace-che-pensare-di-eliminare-laltro\/#local-main-organization-logo","url":"https:\/\/www.diocesitn.it\/area-testimonianza\/wp-content\/uploads\/sites\/37\/2021\/09\/og-logo-testimonianza-e-impegno-sociale.jpg","contentUrl":"https:\/\/www.diocesitn.it\/area-testimonianza\/wp-content\/uploads\/sites\/37\/2021\/09\/og-logo-testimonianza-e-impegno-sociale.jpg","width":1200,"height":630,"caption":"Area Testimonianza e Impegno Sociale - Chiesa di Trento"}]}},"_links":{"self":[{"href":"https:\/\/www.diocesitn.it\/area-testimonianza\/wp-json\/wp\/v2\/posts\/16110","targetHints":{"allow":["GET"]}}],"collection":[{"href":"https:\/\/www.diocesitn.it\/area-testimonianza\/wp-json\/wp\/v2\/posts"}],"about":[{"href":"https:\/\/www.diocesitn.it\/area-testimonianza\/wp-json\/wp\/v2\/types\/post"}],"author":[{"embeddable":true,"href":"https:\/\/www.diocesitn.it\/area-testimonianza\/wp-json\/wp\/v2\/users\/3"}],"replies":[{"embeddable":true,"href":"https:\/\/www.diocesitn.it\/area-testimonianza\/wp-json\/wp\/v2\/comments?post=16110"}],"version-history":[{"count":2,"href":"https:\/\/www.diocesitn.it\/area-testimonianza\/wp-json\/wp\/v2\/posts\/16110\/revisions"}],"predecessor-version":[{"id":16117,"href":"https:\/\/www.diocesitn.it\/area-testimonianza\/wp-json\/wp\/v2\/posts\/16110\/revisions\/16117"}],"wp:featuredmedia":[{"embeddable":true,"href":"https:\/\/www.diocesitn.it\/area-testimonianza\/wp-json\/wp\/v2\/media\/16113"}],"wp:attachment":[{"href":"https:\/\/www.diocesitn.it\/area-testimonianza\/wp-json\/wp\/v2\/media?parent=16110"}],"wp:term":[{"taxonomy":"category","embeddable":true,"href":"https:\/\/www.diocesitn.it\/area-testimonianza\/wp-json\/wp\/v2\/categories?post=16110"},{"taxonomy":"post_tag","embeddable":true,"href":"https:\/\/www.diocesitn.it\/area-testimonianza\/wp-json\/wp\/v2\/tags?post=16110"}],"curies":[{"name":"wp","href":"https:\/\/api.w.org\/{rel}","templated":true}]}}