{"id":16074,"date":"2024-10-04T09:03:24","date_gmt":"2024-10-04T07:03:24","guid":{"rendered":"https:\/\/www.diocesitn.it\/area-testimonianza\/2024\/10\/04\/a-trento-il-ricordo-delle-vittime-dellimmigrazione-commemorazione-al-cimitero-monumentale-con-larcivescovo-lauro\/"},"modified":"2024-10-07T10:23:50","modified_gmt":"2024-10-07T08:23:50","slug":"a-trento-il-ricordo-delle-vittime-dellimmigrazione-commemorazione-al-cimitero-monumentale-con-larcivescovo-lauro","status":"publish","type":"post","link":"https:\/\/www.diocesitn.it\/area-testimonianza\/2024\/10\/04\/a-trento-il-ricordo-delle-vittime-dellimmigrazione-commemorazione-al-cimitero-monumentale-con-larcivescovo-lauro\/","title":{"rendered":"A Trento il ricordo delle vittime dell\u2019immigrazione: commemorazione al cimitero monumentale con l&#8217;arcivescovo Lauro"},"content":{"rendered":"<p>Sono tanti \u2013 troppi \u2013 gli \u201cN. N.\u201d (Nessun Nome) che si leggono sulla grande tela preparata dagli studenti del Da Vinci di Trento ormai alcuni anni fa per\u00a0<strong>ricordare chi ha perso la vita nel Mar Mediterraneo<\/strong>\u00a0dal 1998 al 2018. Nonostante la pioggia oggi, in occasione della\u00a0<strong>Giornata nazionale in memoria delle vittime dell\u2019immigrazione<\/strong>, la tela \u00e8 stata fatta sfilare da un gruppo di persone, tra cui le autorit\u00e0 civili e religiose e i rappresentanti del Centro Astalli di Trento e del Forum trentino per la Pace e i Diritti umani, all\u2019interno del\u00a0<strong>cimitero monumentale di Trento<\/strong>. Solo dal 2014 al 2023 sono state almeno 63mila le vittime dei viaggi nel Mediterraneo secondo le stime diffuse dall\u2019Organizzazione internazionale per le migrazioni (Oim).<\/p>\n<p>\u201c\u00c8 incredibile il\u00a0<strong>deposito di ricchezza<\/strong>\u00a0che abbiamo fatto\u00a0<strong>sparire nel Mar Mediterraneo<\/strong>\u201c, ha commentato l\u2019<strong>arcivescovo di Trento Lauro Tisi<\/strong>, che ha esordito nel suo discorso facendo presente l\u2019importanza di una domanda: \u201c<strong>Mi aiuti?<\/strong>\u201c. \u201cQuest\u2019espressione \u2013 ha constatato monsignor Tisi \u2013 sta scomparendo dal nostro vocabolario. Sempre pi\u00f9 frequentemente vengo interpellato dagli organi di stampa con questa domanda: \u2018Accogliere \u00e8 un valore?\u2019. \u00c8 drammatico che dobbiamo chiedercelo.\u00a0<strong>Accogliere \u00e8 l\u2019umano<\/strong>. L\u2019umano esiste per accogliere. Ed \u00e8 drammatico pensare che l\u2019identit\u00e0 la costruisci erigendo muri.\u00a0<strong>Il modo migliore per difendere l\u2019identit\u00e0 \u00e8 l\u2019incontro con gli altri<\/strong>. Noi siamo incontro e relazione e l\u2019espressione \u2018Mi aiuti?\u2019 \u00e8 tipica dell\u2019umano\u201d.<\/p>\n<p>\u201cChi \u00e8 umano \u2013 ha aggiunto \u2013 domanda e offre aiuto, sa che fare spazio \u00e8 un valore e che rubare lo spazio \u00e8 un qualche cosa di negativo, che dietro un volto c\u2019\u00e8 un tesoro incredibile che nessuna formula matematica \u00e8 in grado di produrre\u201d.\u00a0Di fronte a un<strong>\u00a0patrimonio di umanit\u00e0 che \u00e8 andato disperso<\/strong>, monsignor Tisi ha lanciato un appello: \u201cDobbiamo<strong>\u00a0tornare semplicemente ad essere umani<\/strong>. L\u2019unica alternativa che abbiamo alla barbarie \u00e8 tornare a dire \u2018Mi aiuti?\u2019, \u00e8 tornare a sentire che il volto \u00e8 un patrimonio che nessuno \u00e8 in grado di contenere, che l\u2019identit\u00e0 la abbraccio ascoltando pensieri diversi dai miei\u201d.<\/p>\n<p>La commemorazione, accompagnata dai canti della\u00a0<strong>Corale Bella Ciao<\/strong>, \u00e8 stata introdotta dal capoufficio dei Servizi funerari del Comune di Trento<strong>\u00a0Joseph Tassone<\/strong>. \u201c\u00c8 il quinto anno consecutivo \u2013 ha ricordato \u2013 che ho l\u2019onore di accogliervi in questo posto in cui diamo asilo al dolore e piano piano proviamo a trasformarlo in memoria\u201d. Tra tante frasi che Tassoni ha menzionato nel suo discorso, una \u00e8 tratta dallo\u00a0<strong>spettacolo dei giornalisti Giulio Cavalli e Nello Scavo<\/strong>\u00a0che ha seguito la commemorazione: \u201cRicordare e denunciare quello che succede in quel mare, il Mediteranneo, che \u00e8 sempre pi\u00f9 un cimitero liquido\u201d.<\/p>\n<p>Hanno preso parola anche l\u2019assessore alle politiche sociali del Comune di Trento\u00a0<strong>Alberto Pedrotti<\/strong>\u00a0e il presidente del Centro Astalli\u00a0<strong>Stefano Graiff<\/strong>. \u201cMoltissime di queste persone \u2013 ha detto Pedrotti guardando i tanti N. N. sulla tela \u2013 non hanno potuto avere neanche la dignit\u00e0 di un saluto e quello che stiamo facendo oggi \u00e8 un parziale risarcimento per queste persone, che per qualcuno sono state il mondo intero\u201d. Graiff si \u00e8 detto sgomento che i sogni e le speranze di chi cerca una vita migliore fuori dalla propria terra e riesce a raggiungere l\u2019Italia \u201csi spengano sotto i ponti di questa citt\u00e0, che ancora si stupisce come questi fratelli possono essere liberi. Ecco dove sta il buio che li trasforma in clandestini. Quel buio in realt\u00e0 rende noi clandestini di un mondo che ci \u00e8 stato dato perch\u00e9 fosse casa per tutti\u201d.<\/p>\n<p><em>da vitatrentina.it<\/em><\/p>\n","protected":false},"excerpt":{"rendered":"<p>Sono tanti \u2013 troppi \u2013 gli \u201cN. N.\u201d (Nessun Nome) che si leggono sulla grande tela preparata dagli studenti del Da Vinci di Trento ormai alcuni anni fa per\u00a0ricordare chi ha perso la vita nel<\/p>\n","protected":false},"author":168,"featured_media":16075,"comment_status":"closed","ping_status":"closed","sticky":false,"template":"","format":"standard","meta":{"footnotes":""},"categories":[1074,1662],"tags":[],"class_list":["post-16074","post","type-post","status-publish","format-standard","has-post-thumbnail","hentry","category-notizie","category-servizio-migrazioni"],"acf":{"seed-localization-paese-cod":"IT","seed-localization-address":"","seed-localization-citta":"Trento","seed-localization-regione-cod-istat":"04","seed-localization-citta-cod-istat":"022205","seed-localization-localita":"","seed-localization-cap":"","seed-localization-marker-visibility":false,"seed-localization-children-visibility":false,"seed-localization-kml":"","seed-localization-custom-marker":""},"yoast_head":"<!-- This site is optimized with the Yoast SEO Premium plugin v20.2.1 (Yoast SEO v22.2) - https:\/\/yoast.com\/wordpress\/plugins\/seo\/ -->\n<title>A Trento il ricordo delle vittime dell\u2019immigrazione: commemorazione al cimitero monumentale con l&#039;arcivescovo Lauro - Testimonianza e Impegno sociale<\/title>\n<meta name=\"robots\" content=\"index, follow, max-snippet:-1, max-image-preview:large, max-video-preview:-1\" \/>\n<link rel=\"canonical\" href=\"https:\/\/www.diocesitn.it\/area-testimonianza\/2024\/10\/04\/a-trento-il-ricordo-delle-vittime-dellimmigrazione-commemorazione-al-cimitero-monumentale-con-larcivescovo-lauro\/\" \/>\n<meta property=\"og:locale\" content=\"it_IT\" \/>\n<meta property=\"og:type\" content=\"article\" \/>\n<meta property=\"og:title\" content=\"A Trento il ricordo delle vittime dell\u2019immigrazione: commemorazione al cimitero monumentale con l&#039;arcivescovo Lauro\" \/>\n<meta property=\"og:description\" content=\"Sono tanti \u2013 troppi \u2013 gli \u201cN. N.\u201d (Nessun Nome) che si leggono sulla grande tela preparata dagli studenti del Da Vinci di Trento ormai alcuni anni fa per\u00a0ricordare chi ha perso la vita nel\" \/>\n<meta property=\"og:url\" content=\"https:\/\/www.diocesitn.it\/area-testimonianza\/2024\/10\/04\/a-trento-il-ricordo-delle-vittime-dellimmigrazione-commemorazione-al-cimitero-monumentale-con-larcivescovo-lauro\/\" \/>\n<meta property=\"og:site_name\" content=\"Testimonianza e Impegno sociale\" \/>\n<meta property=\"article:published_time\" content=\"2024-10-04T07:03:24+00:00\" \/>\n<meta property=\"article:modified_time\" content=\"2024-10-07T08:23:50+00:00\" \/>\n<meta property=\"og:image\" content=\"https:\/\/www.diocesitn.it\/area-testimonianza\/wp-content\/uploads\/sites\/37\/2024\/10\/WhatsApp-Image-2024-10-03-at-19.05.42-1024x768-1.jpg\" \/>\n\t<meta property=\"og:image:width\" content=\"1024\" \/>\n\t<meta property=\"og:image:height\" content=\"768\" \/>\n\t<meta property=\"og:image:type\" content=\"image\/jpeg\" \/>\n<meta name=\"author\" content=\"losspapot\" \/>\n<meta name=\"twitter:card\" content=\"summary_large_image\" \/>\n<meta name=\"twitter:label1\" content=\"Scritto da\" \/>\n\t<meta name=\"twitter:data1\" content=\"losspapot\" \/>\n\t<meta name=\"twitter:label2\" content=\"Tempo di lettura stimato\" \/>\n\t<meta name=\"twitter:data2\" content=\"4 minuti\" \/>\n<script type=\"application\/ld+json\" class=\"yoast-schema-graph\">{\"@context\":\"https:\/\/schema.org\",\"@graph\":[{\"@type\":\"Article\",\"@id\":\"https:\/\/www.diocesitn.it\/area-testimonianza\/2024\/10\/04\/a-trento-il-ricordo-delle-vittime-dellimmigrazione-commemorazione-al-cimitero-monumentale-con-larcivescovo-lauro\/#article\",\"isPartOf\":{\"@id\":\"https:\/\/www.diocesitn.it\/area-testimonianza\/2024\/10\/04\/a-trento-il-ricordo-delle-vittime-dellimmigrazione-commemorazione-al-cimitero-monumentale-con-larcivescovo-lauro\/\"},\"author\":{\"name\":\"losspapot\",\"@id\":\"https:\/\/www.diocesitn.it\/area-testimonianza\/#\/schema\/person\/3526ceacb35e1aa4c86252e45adfad22\"},\"headline\":\"A Trento il ricordo delle vittime dell\u2019immigrazione: commemorazione al cimitero monumentale con l&#8217;arcivescovo Lauro\",\"datePublished\":\"2024-10-04T07:03:24+00:00\",\"dateModified\":\"2024-10-07T08:23:50+00:00\",\"mainEntityOfPage\":{\"@id\":\"https:\/\/www.diocesitn.it\/area-testimonianza\/2024\/10\/04\/a-trento-il-ricordo-delle-vittime-dellimmigrazione-commemorazione-al-cimitero-monumentale-con-larcivescovo-lauro\/\"},\"wordCount\":578,\"publisher\":{\"@id\":\"https:\/\/www.diocesitn.it\/area-testimonianza\/#organization\"},\"image\":{\"@id\":\"https:\/\/www.diocesitn.it\/area-testimonianza\/2024\/10\/04\/a-trento-il-ricordo-delle-vittime-dellimmigrazione-commemorazione-al-cimitero-monumentale-con-larcivescovo-lauro\/#primaryimage\"},\"thumbnailUrl\":\"https:\/\/www.diocesitn.it\/area-testimonianza\/wp-content\/uploads\/sites\/37\/2024\/10\/WhatsApp-Image-2024-10-03-at-19.05.42-1024x768-1.jpg\",\"articleSection\":[\"Notizie\",\"Pastorale delle Migrazioni\"],\"inLanguage\":\"it-IT\",\"copyrightYear\":\"2024\",\"copyrightHolder\":{\"@id\":\"https:\/\/www.diocesitn.it\/#organization\"}},{\"@type\":\"WebPage\",\"@id\":\"https:\/\/www.diocesitn.it\/area-testimonianza\/2024\/10\/04\/a-trento-il-ricordo-delle-vittime-dellimmigrazione-commemorazione-al-cimitero-monumentale-con-larcivescovo-lauro\/\",\"url\":\"https:\/\/www.diocesitn.it\/area-testimonianza\/2024\/10\/04\/a-trento-il-ricordo-delle-vittime-dellimmigrazione-commemorazione-al-cimitero-monumentale-con-larcivescovo-lauro\/\",\"name\":\"A Trento il ricordo delle vittime dell\u2019immigrazione: commemorazione al cimitero monumentale con l'arcivescovo Lauro - Testimonianza e Impegno sociale\",\"isPartOf\":{\"@id\":\"https:\/\/www.diocesitn.it\/area-testimonianza\/#website\"},\"primaryImageOfPage\":{\"@id\":\"https:\/\/www.diocesitn.it\/area-testimonianza\/2024\/10\/04\/a-trento-il-ricordo-delle-vittime-dellimmigrazione-commemorazione-al-cimitero-monumentale-con-larcivescovo-lauro\/#primaryimage\"},\"image\":{\"@id\":\"https:\/\/www.diocesitn.it\/area-testimonianza\/2024\/10\/04\/a-trento-il-ricordo-delle-vittime-dellimmigrazione-commemorazione-al-cimitero-monumentale-con-larcivescovo-lauro\/#primaryimage\"},\"thumbnailUrl\":\"https:\/\/www.diocesitn.it\/area-testimonianza\/wp-content\/uploads\/sites\/37\/2024\/10\/WhatsApp-Image-2024-10-03-at-19.05.42-1024x768-1.jpg\",\"datePublished\":\"2024-10-04T07:03:24+00:00\",\"dateModified\":\"2024-10-07T08:23:50+00:00\",\"breadcrumb\":{\"@id\":\"https:\/\/www.diocesitn.it\/area-testimonianza\/2024\/10\/04\/a-trento-il-ricordo-delle-vittime-dellimmigrazione-commemorazione-al-cimitero-monumentale-con-larcivescovo-lauro\/#breadcrumb\"},\"inLanguage\":\"it-IT\",\"potentialAction\":[{\"@type\":\"ReadAction\",\"target\":[\"https:\/\/www.diocesitn.it\/area-testimonianza\/2024\/10\/04\/a-trento-il-ricordo-delle-vittime-dellimmigrazione-commemorazione-al-cimitero-monumentale-con-larcivescovo-lauro\/\"]}]},{\"@type\":\"ImageObject\",\"inLanguage\":\"it-IT\",\"@id\":\"https:\/\/www.diocesitn.it\/area-testimonianza\/2024\/10\/04\/a-trento-il-ricordo-delle-vittime-dellimmigrazione-commemorazione-al-cimitero-monumentale-con-larcivescovo-lauro\/#primaryimage\",\"url\":\"https:\/\/www.diocesitn.it\/area-testimonianza\/wp-content\/uploads\/sites\/37\/2024\/10\/WhatsApp-Image-2024-10-03-at-19.05.42-1024x768-1.jpg\",\"contentUrl\":\"https:\/\/www.diocesitn.it\/area-testimonianza\/wp-content\/uploads\/sites\/37\/2024\/10\/WhatsApp-Image-2024-10-03-at-19.05.42-1024x768-1.jpg\",\"width\":1024,\"height\":768},{\"@type\":\"BreadcrumbList\",\"@id\":\"https:\/\/www.diocesitn.it\/area-testimonianza\/2024\/10\/04\/a-trento-il-ricordo-delle-vittime-dellimmigrazione-commemorazione-al-cimitero-monumentale-con-larcivescovo-lauro\/#breadcrumb\",\"itemListElement\":[{\"@type\":\"ListItem\",\"position\":1,\"name\":\"Home\",\"item\":\"https:\/\/www.diocesitn.it\/area-testimonianza\/\"},{\"@type\":\"ListItem\",\"position\":2,\"name\":\"A Trento il ricordo delle vittime dell\u2019immigrazione: commemorazione al cimitero monumentale con l&#8217;arcivescovo Lauro\"}]},{\"@type\":\"WebSite\",\"@id\":\"https:\/\/www.diocesitn.it\/area-testimonianza\/#website\",\"url\":\"https:\/\/www.diocesitn.it\/area-testimonianza\/\",\"name\":\"Testimonianza e Impegno sociale\",\"description\":\"Chiesa di Trento\",\"publisher\":{\"@id\":\"https:\/\/www.diocesitn.it\/area-testimonianza\/#organization\"},\"potentialAction\":[{\"@type\":\"SearchAction\",\"target\":{\"@type\":\"EntryPoint\",\"urlTemplate\":\"https:\/\/www.diocesitn.it\/area-testimonianza\/?s={search_term_string}\"},\"query-input\":\"required name=search_term_string\"}],\"inLanguage\":\"it-IT\"},{\"@type\":[\"Organization\",\"Place\"],\"@id\":\"https:\/\/www.diocesitn.it\/area-testimonianza\/#organization\",\"name\":\"Area Testimonianza e Impegno Sociale - Chiesa di Trento\",\"url\":\"https:\/\/www.diocesitn.it\/area-testimonianza\/\",\"logo\":{\"@id\":\"https:\/\/www.diocesitn.it\/area-testimonianza\/2024\/10\/04\/a-trento-il-ricordo-delle-vittime-dellimmigrazione-commemorazione-al-cimitero-monumentale-con-larcivescovo-lauro\/#local-main-organization-logo\"},\"image\":{\"@id\":\"https:\/\/www.diocesitn.it\/area-testimonianza\/2024\/10\/04\/a-trento-il-ricordo-delle-vittime-dellimmigrazione-commemorazione-al-cimitero-monumentale-con-larcivescovo-lauro\/#local-main-organization-logo\"},\"openingHoursSpecification\":[{\"@type\":\"OpeningHoursSpecification\",\"dayOfWeek\":[\"Monday\",\"Tuesday\",\"Wednesday\",\"Thursday\",\"Friday\",\"Saturday\",\"Sunday\"],\"opens\":\"09:00\",\"closes\":\"17:00\"}]},{\"@type\":\"ImageObject\",\"inLanguage\":\"it-IT\",\"@id\":\"https:\/\/www.diocesitn.it\/area-testimonianza\/2024\/10\/04\/a-trento-il-ricordo-delle-vittime-dellimmigrazione-commemorazione-al-cimitero-monumentale-con-larcivescovo-lauro\/#local-main-organization-logo\",\"url\":\"https:\/\/www.diocesitn.it\/area-testimonianza\/wp-content\/uploads\/sites\/37\/2021\/09\/og-logo-testimonianza-e-impegno-sociale.jpg\",\"contentUrl\":\"https:\/\/www.diocesitn.it\/area-testimonianza\/wp-content\/uploads\/sites\/37\/2021\/09\/og-logo-testimonianza-e-impegno-sociale.jpg\",\"width\":1200,\"height\":630,\"caption\":\"Area Testimonianza e Impegno Sociale - Chiesa di Trento\"}]}<\/script>\n<!-- \/ Yoast SEO Premium plugin. -->","yoast_head_json":{"title":"A Trento il ricordo delle vittime dell\u2019immigrazione: commemorazione al cimitero monumentale con l'arcivescovo Lauro - Testimonianza e Impegno sociale","robots":{"index":"index","follow":"follow","max-snippet":"max-snippet:-1","max-image-preview":"max-image-preview:large","max-video-preview":"max-video-preview:-1"},"canonical":"https:\/\/www.diocesitn.it\/area-testimonianza\/2024\/10\/04\/a-trento-il-ricordo-delle-vittime-dellimmigrazione-commemorazione-al-cimitero-monumentale-con-larcivescovo-lauro\/","og_locale":"it_IT","og_type":"article","og_title":"A Trento il ricordo delle vittime dell\u2019immigrazione: commemorazione al cimitero monumentale con l'arcivescovo Lauro","og_description":"Sono tanti \u2013 troppi \u2013 gli \u201cN. N.\u201d (Nessun Nome) che si leggono sulla grande tela preparata dagli studenti del Da Vinci di Trento ormai alcuni anni fa per\u00a0ricordare chi ha perso la vita nel","og_url":"https:\/\/www.diocesitn.it\/area-testimonianza\/2024\/10\/04\/a-trento-il-ricordo-delle-vittime-dellimmigrazione-commemorazione-al-cimitero-monumentale-con-larcivescovo-lauro\/","og_site_name":"Testimonianza e Impegno sociale","article_published_time":"2024-10-04T07:03:24+00:00","article_modified_time":"2024-10-07T08:23:50+00:00","og_image":[{"width":1024,"height":768,"url":"https:\/\/www.diocesitn.it\/area-testimonianza\/wp-content\/uploads\/sites\/37\/2024\/10\/WhatsApp-Image-2024-10-03-at-19.05.42-1024x768-1.jpg","type":"image\/jpeg"}],"author":"losspapot","twitter_card":"summary_large_image","twitter_misc":{"Scritto da":"losspapot","Tempo di lettura stimato":"4 minuti"},"schema":{"@context":"https:\/\/schema.org","@graph":[{"@type":"Article","@id":"https:\/\/www.diocesitn.it\/area-testimonianza\/2024\/10\/04\/a-trento-il-ricordo-delle-vittime-dellimmigrazione-commemorazione-al-cimitero-monumentale-con-larcivescovo-lauro\/#article","isPartOf":{"@id":"https:\/\/www.diocesitn.it\/area-testimonianza\/2024\/10\/04\/a-trento-il-ricordo-delle-vittime-dellimmigrazione-commemorazione-al-cimitero-monumentale-con-larcivescovo-lauro\/"},"author":{"name":"losspapot","@id":"https:\/\/www.diocesitn.it\/area-testimonianza\/#\/schema\/person\/3526ceacb35e1aa4c86252e45adfad22"},"headline":"A Trento il ricordo delle vittime dell\u2019immigrazione: commemorazione al cimitero monumentale con l&#8217;arcivescovo Lauro","datePublished":"2024-10-04T07:03:24+00:00","dateModified":"2024-10-07T08:23:50+00:00","mainEntityOfPage":{"@id":"https:\/\/www.diocesitn.it\/area-testimonianza\/2024\/10\/04\/a-trento-il-ricordo-delle-vittime-dellimmigrazione-commemorazione-al-cimitero-monumentale-con-larcivescovo-lauro\/"},"wordCount":578,"publisher":{"@id":"https:\/\/www.diocesitn.it\/area-testimonianza\/#organization"},"image":{"@id":"https:\/\/www.diocesitn.it\/area-testimonianza\/2024\/10\/04\/a-trento-il-ricordo-delle-vittime-dellimmigrazione-commemorazione-al-cimitero-monumentale-con-larcivescovo-lauro\/#primaryimage"},"thumbnailUrl":"https:\/\/www.diocesitn.it\/area-testimonianza\/wp-content\/uploads\/sites\/37\/2024\/10\/WhatsApp-Image-2024-10-03-at-19.05.42-1024x768-1.jpg","articleSection":["Notizie","Pastorale delle Migrazioni"],"inLanguage":"it-IT","copyrightYear":"2024","copyrightHolder":{"@id":"https:\/\/www.diocesitn.it\/#organization"}},{"@type":"WebPage","@id":"https:\/\/www.diocesitn.it\/area-testimonianza\/2024\/10\/04\/a-trento-il-ricordo-delle-vittime-dellimmigrazione-commemorazione-al-cimitero-monumentale-con-larcivescovo-lauro\/","url":"https:\/\/www.diocesitn.it\/area-testimonianza\/2024\/10\/04\/a-trento-il-ricordo-delle-vittime-dellimmigrazione-commemorazione-al-cimitero-monumentale-con-larcivescovo-lauro\/","name":"A Trento il ricordo delle vittime dell\u2019immigrazione: commemorazione al cimitero monumentale con l'arcivescovo Lauro - Testimonianza e Impegno sociale","isPartOf":{"@id":"https:\/\/www.diocesitn.it\/area-testimonianza\/#website"},"primaryImageOfPage":{"@id":"https:\/\/www.diocesitn.it\/area-testimonianza\/2024\/10\/04\/a-trento-il-ricordo-delle-vittime-dellimmigrazione-commemorazione-al-cimitero-monumentale-con-larcivescovo-lauro\/#primaryimage"},"image":{"@id":"https:\/\/www.diocesitn.it\/area-testimonianza\/2024\/10\/04\/a-trento-il-ricordo-delle-vittime-dellimmigrazione-commemorazione-al-cimitero-monumentale-con-larcivescovo-lauro\/#primaryimage"},"thumbnailUrl":"https:\/\/www.diocesitn.it\/area-testimonianza\/wp-content\/uploads\/sites\/37\/2024\/10\/WhatsApp-Image-2024-10-03-at-19.05.42-1024x768-1.jpg","datePublished":"2024-10-04T07:03:24+00:00","dateModified":"2024-10-07T08:23:50+00:00","breadcrumb":{"@id":"https:\/\/www.diocesitn.it\/area-testimonianza\/2024\/10\/04\/a-trento-il-ricordo-delle-vittime-dellimmigrazione-commemorazione-al-cimitero-monumentale-con-larcivescovo-lauro\/#breadcrumb"},"inLanguage":"it-IT","potentialAction":[{"@type":"ReadAction","target":["https:\/\/www.diocesitn.it\/area-testimonianza\/2024\/10\/04\/a-trento-il-ricordo-delle-vittime-dellimmigrazione-commemorazione-al-cimitero-monumentale-con-larcivescovo-lauro\/"]}]},{"@type":"ImageObject","inLanguage":"it-IT","@id":"https:\/\/www.diocesitn.it\/area-testimonianza\/2024\/10\/04\/a-trento-il-ricordo-delle-vittime-dellimmigrazione-commemorazione-al-cimitero-monumentale-con-larcivescovo-lauro\/#primaryimage","url":"https:\/\/www.diocesitn.it\/area-testimonianza\/wp-content\/uploads\/sites\/37\/2024\/10\/WhatsApp-Image-2024-10-03-at-19.05.42-1024x768-1.jpg","contentUrl":"https:\/\/www.diocesitn.it\/area-testimonianza\/wp-content\/uploads\/sites\/37\/2024\/10\/WhatsApp-Image-2024-10-03-at-19.05.42-1024x768-1.jpg","width":1024,"height":768},{"@type":"BreadcrumbList","@id":"https:\/\/www.diocesitn.it\/area-testimonianza\/2024\/10\/04\/a-trento-il-ricordo-delle-vittime-dellimmigrazione-commemorazione-al-cimitero-monumentale-con-larcivescovo-lauro\/#breadcrumb","itemListElement":[{"@type":"ListItem","position":1,"name":"Home","item":"https:\/\/www.diocesitn.it\/area-testimonianza\/"},{"@type":"ListItem","position":2,"name":"A Trento il ricordo delle vittime dell\u2019immigrazione: commemorazione al cimitero monumentale con l&#8217;arcivescovo Lauro"}]},{"@type":"WebSite","@id":"https:\/\/www.diocesitn.it\/area-testimonianza\/#website","url":"https:\/\/www.diocesitn.it\/area-testimonianza\/","name":"Testimonianza e Impegno sociale","description":"Chiesa di Trento","publisher":{"@id":"https:\/\/www.diocesitn.it\/area-testimonianza\/#organization"},"potentialAction":[{"@type":"SearchAction","target":{"@type":"EntryPoint","urlTemplate":"https:\/\/www.diocesitn.it\/area-testimonianza\/?s={search_term_string}"},"query-input":"required name=search_term_string"}],"inLanguage":"it-IT"},{"@type":["Organization","Place"],"@id":"https:\/\/www.diocesitn.it\/area-testimonianza\/#organization","name":"Area Testimonianza e Impegno Sociale - Chiesa di Trento","url":"https:\/\/www.diocesitn.it\/area-testimonianza\/","logo":{"@id":"https:\/\/www.diocesitn.it\/area-testimonianza\/2024\/10\/04\/a-trento-il-ricordo-delle-vittime-dellimmigrazione-commemorazione-al-cimitero-monumentale-con-larcivescovo-lauro\/#local-main-organization-logo"},"image":{"@id":"https:\/\/www.diocesitn.it\/area-testimonianza\/2024\/10\/04\/a-trento-il-ricordo-delle-vittime-dellimmigrazione-commemorazione-al-cimitero-monumentale-con-larcivescovo-lauro\/#local-main-organization-logo"},"openingHoursSpecification":[{"@type":"OpeningHoursSpecification","dayOfWeek":["Monday","Tuesday","Wednesday","Thursday","Friday","Saturday","Sunday"],"opens":"09:00","closes":"17:00"}]},{"@type":"ImageObject","inLanguage":"it-IT","@id":"https:\/\/www.diocesitn.it\/area-testimonianza\/2024\/10\/04\/a-trento-il-ricordo-delle-vittime-dellimmigrazione-commemorazione-al-cimitero-monumentale-con-larcivescovo-lauro\/#local-main-organization-logo","url":"https:\/\/www.diocesitn.it\/area-testimonianza\/wp-content\/uploads\/sites\/37\/2021\/09\/og-logo-testimonianza-e-impegno-sociale.jpg","contentUrl":"https:\/\/www.diocesitn.it\/area-testimonianza\/wp-content\/uploads\/sites\/37\/2021\/09\/og-logo-testimonianza-e-impegno-sociale.jpg","width":1200,"height":630,"caption":"Area Testimonianza e Impegno Sociale - Chiesa di Trento"}]}},"_links":{"self":[{"href":"https:\/\/www.diocesitn.it\/area-testimonianza\/wp-json\/wp\/v2\/posts\/16074","targetHints":{"allow":["GET"]}}],"collection":[{"href":"https:\/\/www.diocesitn.it\/area-testimonianza\/wp-json\/wp\/v2\/posts"}],"about":[{"href":"https:\/\/www.diocesitn.it\/area-testimonianza\/wp-json\/wp\/v2\/types\/post"}],"author":[{"embeddable":true,"href":"https:\/\/www.diocesitn.it\/area-testimonianza\/wp-json\/wp\/v2\/users\/168"}],"replies":[{"embeddable":true,"href":"https:\/\/www.diocesitn.it\/area-testimonianza\/wp-json\/wp\/v2\/comments?post=16074"}],"version-history":[{"count":1,"href":"https:\/\/www.diocesitn.it\/area-testimonianza\/wp-json\/wp\/v2\/posts\/16074\/revisions"}],"predecessor-version":[{"id":16096,"href":"https:\/\/www.diocesitn.it\/area-testimonianza\/wp-json\/wp\/v2\/posts\/16074\/revisions\/16096"}],"wp:featuredmedia":[{"embeddable":true,"href":"https:\/\/www.diocesitn.it\/area-testimonianza\/wp-json\/wp\/v2\/media\/16075"}],"wp:attachment":[{"href":"https:\/\/www.diocesitn.it\/area-testimonianza\/wp-json\/wp\/v2\/media?parent=16074"}],"wp:term":[{"taxonomy":"category","embeddable":true,"href":"https:\/\/www.diocesitn.it\/area-testimonianza\/wp-json\/wp\/v2\/categories?post=16074"},{"taxonomy":"post_tag","embeddable":true,"href":"https:\/\/www.diocesitn.it\/area-testimonianza\/wp-json\/wp\/v2\/tags?post=16074"}],"curies":[{"name":"wp","href":"https:\/\/api.w.org\/{rel}","templated":true}]}}