{"id":16054,"date":"2024-10-02T14:06:07","date_gmt":"2024-10-02T12:06:07","guid":{"rendered":"https:\/\/www.diocesitn.it\/area-testimonianza\/2024\/10\/02\/ad-un-anno-dallinizio-della-guerra-in-medio-oriente-la-preghiera-per-la-pace-lunedi-7-ottobre-in-cattedrale-a-trento\/"},"modified":"2024-10-16T10:15:44","modified_gmt":"2024-10-16T08:15:44","slug":"ad-un-anno-dallinizio-della-guerra-in-medio-oriente-la-preghiera-per-la-pace-lunedi-7-ottobre-in-cattedrale-a-trento","status":"publish","type":"post","link":"https:\/\/www.diocesitn.it\/area-testimonianza\/2024\/10\/02\/ad-un-anno-dallinizio-della-guerra-in-medio-oriente-la-preghiera-per-la-pace-lunedi-7-ottobre-in-cattedrale-a-trento\/","title":{"rendered":"Ad un anno dallo scoppio della guerra in Medio Oriente, la Chiesa trentina raccoglie l&#8217;appello del Papa alla preghiera per la pace. Luned\u00ec 7 ottobre appuntamento anche in Cattedrale"},"content":{"rendered":"<p>Anche la <strong>Chiesa trentina<\/strong> si unisce nuovamente alla <strong>preghiera per la pace <\/strong>invocata da <strong>papa Francesco <\/strong>per il <strong>6 e 7 ottobre<\/strong>.<\/p>\n<h4>L&#8217;appello del Papa<\/h4>\n<p>Il <strong>Papa<\/strong>, nella mattinata di <strong>mercoled\u00ec 2 ottobre<\/strong>, durante la <strong>Messa di apertura dell\u2019Assemblea Generale Ordinaria del Sinodo dei Vescovi<\/strong>, ha annunciato un <strong>doppio appuntamento di preghiera. <\/strong>&#8220;Per invocare dall\u2019intercessione di Maria Santissima il dono della pace, domenica prossima &#8211; ha annunciato il Pontefice &#8211; mi recher\u00f2 nella Basilica di Santa Maria Maggiore dove reciter\u00f2 il santo Rosario e rivolger\u00f2 alla Vergine un\u2019accorata supplica; se possibile, chiedo anche a voi, membri del Sinodo, di unirvi a me in quell\u2019occasione. E, il giorno dopo, 7 ottobre, chiedo a tutti di vivere una giornata di preghiera e di digiuno per la pace nel mondo\u201d.<\/p>\n<h4>Appuntamento per tutte le comunit\u00e0 luned\u00ec 7 ottobre. In cattedrale alle 20.30<\/h4>\n<p><strong>Luned\u00ec 7 ottobre<\/strong>, pertanto, ad un anno dall&#8217;inizio della <strong>guerra<\/strong> che sta insanguinando la <strong>Terra Santa, la Palestina ed ora anche in Libano<\/strong>, tutte le comunit\u00e0 della Diocesi di Trento\u00a0sono invitate a <strong>pregare per la pace. <\/strong>La traccia di preghiera \u00e8 il Santo Rosario preparato dalla Custodia di terra Santa guidata da fra Francesco Patton (Il libretto della preghiera si pu\u00f2 scaricare <a href=\"https:\/\/www.diocesitn.it\/wp-content\/uploads\/2024\/10\/Rosario-per-pace_240930_120329.pdf\"><strong>A QUESTO LINK<\/strong><\/a>.<\/p>\n<p>Un momento di preghiera \u00e8 previsto in <strong>Cattedrale a Trento<\/strong>, con inizio alle ore 20.30. La recita del Rosario sar\u00e0 presieduta dal <strong>vicario Generale, don Claudio Ferrari <\/strong>(assente il vescovo Lauro impegnato a Roma). La Diocesi si era riunita in preghiera per la pace anche nella <strong><a href=\"https:\/\/www.diocesitn.it\/site\/veglia-per-la-pace-in-cattedrale-il-monito-del-vescovo-lauro-la-guerra-e-il-sistema-con-cui-affrontiamo-la-vita\/\">Veglia dello scorso 12 settembre.<\/a><\/strong><\/p>\n<h4>La riflessione su Famiglia Cristiana<\/h4>\n<p>Sul tema della pace segnaliamo anche la riflessione di <strong>don Renato Sacco<\/strong>, <strong>consigliere nazionale di Pax Christi,<\/strong> nell&#8217;intervista rilasciata a <strong>Famiglia Cristiana<\/strong> (<strong><a href=\"https:\/\/www.famigliacristiana.it\/articolo\/don-renato-sacco-ma-ci-interessa-ancora-davvero-chi-muore-nelle-guerre-chi-chiede-la-pace-non-e-filo-putin-o-per-hamas.aspx\">LINK COMPLETO QUI<\/a><\/strong>): &#8220;C\u2019\u00e8 un piano diabolico &#8211; dice &#8211; che cerca di convincerci che la guerra \u00e8 l&#8217;unica strada, e che i morti s\u00ec effettivamente ci sono, ma non sono cos\u00ec importanti, sono \u201ceffetti collaterali\u201d. Ma questa situazione di oggi interpella davvero il mondo politico? La pastorale? La vita delle nostre comunit\u00e0? O prevale ancora indifferenza, abitudine o rassegnazione?&#8221;.<\/p>\n","protected":false},"excerpt":{"rendered":"<p>Anche la Chiesa trentina si unisce nuovamente alla preghiera per la pace invocata da papa Francesco per il 6 e 7 ottobre. L&#8217;appello del Papa Il Papa, nella mattinata di mercoled\u00ec 2 ottobre, durante la<\/p>\n","protected":false},"author":168,"featured_media":16055,"comment_status":"closed","ping_status":"closed","sticky":false,"template":"","format":"standard","meta":{"footnotes":""},"categories":[2206,1074],"tags":[1548,2379,1317,2380],"class_list":["post-16054","post","type-post","status-publish","format-standard","has-post-thumbnail","hentry","category-servizio-giustizia-e-pace","category-notizie","tag-guerra","tag-guerre","tag-pace","tag-preghiera-per-la-pace"],"acf":{"seed-localization-paese-cod":"IT","seed-localization-address":"","seed-localization-citta":"Trento","seed-localization-regione-cod-istat":"04","seed-localization-citta-cod-istat":"022205","seed-localization-localita":"","seed-localization-cap":"","seed-localization-marker-visibility":false,"seed-localization-children-visibility":false,"seed-localization-kml":"","seed-localization-custom-marker":""},"yoast_head":"<!-- This site is optimized with the Yoast SEO Premium plugin v20.2.1 (Yoast SEO v22.2) - https:\/\/yoast.com\/wordpress\/plugins\/seo\/ -->\n<title>La Chiesa trentina prega per la pace il 6 e 7 ottobre<\/title>\n<meta name=\"description\" content=\"Anche la Chiesa trentina si unisce nuovamente alla preghiera per la pace invocata da papa Francesco per il 6 e 7 ottobre.\" \/>\n<meta name=\"robots\" content=\"index, follow, max-snippet:-1, max-image-preview:large, max-video-preview:-1\" \/>\n<link rel=\"canonical\" href=\"https:\/\/www.diocesitn.it\/area-testimonianza\/2024\/10\/02\/ad-un-anno-dallinizio-della-guerra-in-medio-oriente-la-preghiera-per-la-pace-lunedi-7-ottobre-in-cattedrale-a-trento\/\" \/>\n<meta property=\"og:locale\" content=\"it_IT\" \/>\n<meta property=\"og:type\" content=\"article\" \/>\n<meta property=\"og:title\" content=\"Ad un anno dallo scoppio della guerra in Medio Oriente, la Chiesa trentina raccoglie l&#039;appello del Papa alla preghiera per la pace. Luned\u00ec 7 ottobre appuntamento anche in Cattedrale\" \/>\n<meta property=\"og:description\" content=\"Anche la Chiesa trentina si unisce nuovamente alla preghiera per la pace invocata da papa Francesco per il 6 e 7 ottobre.\" \/>\n<meta property=\"og:url\" content=\"https:\/\/www.diocesitn.it\/area-testimonianza\/2024\/10\/02\/ad-un-anno-dallinizio-della-guerra-in-medio-oriente-la-preghiera-per-la-pace-lunedi-7-ottobre-in-cattedrale-a-trento\/\" \/>\n<meta property=\"og:site_name\" content=\"Testimonianza e Impegno sociale\" \/>\n<meta property=\"article:published_time\" content=\"2024-10-02T12:06:07+00:00\" \/>\n<meta property=\"article:modified_time\" content=\"2024-10-16T08:15:44+00:00\" \/>\n<meta property=\"og:image\" content=\"https:\/\/www.diocesitn.it\/area-testimonianza\/wp-content\/uploads\/sites\/37\/2024\/10\/pace_fa_notizia.jpg\" \/>\n\t<meta property=\"og:image:width\" content=\"1600\" \/>\n\t<meta property=\"og:image:height\" content=\"786\" \/>\n\t<meta property=\"og:image:type\" content=\"image\/jpeg\" \/>\n<meta name=\"author\" content=\"losspapot\" \/>\n<meta name=\"twitter:card\" content=\"summary_large_image\" \/>\n<meta name=\"twitter:label1\" content=\"Scritto da\" \/>\n\t<meta name=\"twitter:data1\" content=\"losspapot\" \/>\n\t<meta name=\"twitter:label2\" content=\"Tempo di lettura stimato\" \/>\n\t<meta name=\"twitter:data2\" content=\"3 minuti\" \/>\n<script type=\"application\/ld+json\" class=\"yoast-schema-graph\">{\"@context\":\"https:\/\/schema.org\",\"@graph\":[{\"@type\":\"Article\",\"@id\":\"https:\/\/www.diocesitn.it\/area-testimonianza\/2024\/10\/02\/ad-un-anno-dallinizio-della-guerra-in-medio-oriente-la-preghiera-per-la-pace-lunedi-7-ottobre-in-cattedrale-a-trento\/#article\",\"isPartOf\":{\"@id\":\"https:\/\/www.diocesitn.it\/area-testimonianza\/2024\/10\/02\/ad-un-anno-dallinizio-della-guerra-in-medio-oriente-la-preghiera-per-la-pace-lunedi-7-ottobre-in-cattedrale-a-trento\/\"},\"author\":{\"name\":\"losspapot\",\"@id\":\"https:\/\/www.diocesitn.it\/area-testimonianza\/#\/schema\/person\/3526ceacb35e1aa4c86252e45adfad22\"},\"headline\":\"Ad un anno dallo scoppio della guerra in Medio Oriente, la Chiesa trentina raccoglie l&#8217;appello del Papa alla preghiera per la pace. Luned\u00ec 7 ottobre appuntamento anche in Cattedrale\",\"datePublished\":\"2024-10-02T12:06:07+00:00\",\"dateModified\":\"2024-10-16T08:15:44+00:00\",\"mainEntityOfPage\":{\"@id\":\"https:\/\/www.diocesitn.it\/area-testimonianza\/2024\/10\/02\/ad-un-anno-dallinizio-della-guerra-in-medio-oriente-la-preghiera-per-la-pace-lunedi-7-ottobre-in-cattedrale-a-trento\/\"},\"wordCount\":363,\"publisher\":{\"@id\":\"https:\/\/www.diocesitn.it\/area-testimonianza\/#organization\"},\"image\":{\"@id\":\"https:\/\/www.diocesitn.it\/area-testimonianza\/2024\/10\/02\/ad-un-anno-dallinizio-della-guerra-in-medio-oriente-la-preghiera-per-la-pace-lunedi-7-ottobre-in-cattedrale-a-trento\/#primaryimage\"},\"thumbnailUrl\":\"https:\/\/www.diocesitn.it\/area-testimonianza\/wp-content\/uploads\/sites\/37\/2024\/10\/pace_fa_notizia.jpg\",\"keywords\":[\"guerra\",\"guerre\",\"pace\",\"preghiera per la pace\"],\"articleSection\":[\"Giustizia e pace\",\"Notizie\"],\"inLanguage\":\"it-IT\",\"copyrightYear\":\"2024\",\"copyrightHolder\":{\"@id\":\"https:\/\/www.diocesitn.it\/#organization\"}},{\"@type\":\"WebPage\",\"@id\":\"https:\/\/www.diocesitn.it\/area-testimonianza\/2024\/10\/02\/ad-un-anno-dallinizio-della-guerra-in-medio-oriente-la-preghiera-per-la-pace-lunedi-7-ottobre-in-cattedrale-a-trento\/\",\"url\":\"https:\/\/www.diocesitn.it\/area-testimonianza\/2024\/10\/02\/ad-un-anno-dallinizio-della-guerra-in-medio-oriente-la-preghiera-per-la-pace-lunedi-7-ottobre-in-cattedrale-a-trento\/\",\"name\":\"La Chiesa trentina prega per la pace il 6 e 7 ottobre\",\"isPartOf\":{\"@id\":\"https:\/\/www.diocesitn.it\/area-testimonianza\/#website\"},\"primaryImageOfPage\":{\"@id\":\"https:\/\/www.diocesitn.it\/area-testimonianza\/2024\/10\/02\/ad-un-anno-dallinizio-della-guerra-in-medio-oriente-la-preghiera-per-la-pace-lunedi-7-ottobre-in-cattedrale-a-trento\/#primaryimage\"},\"image\":{\"@id\":\"https:\/\/www.diocesitn.it\/area-testimonianza\/2024\/10\/02\/ad-un-anno-dallinizio-della-guerra-in-medio-oriente-la-preghiera-per-la-pace-lunedi-7-ottobre-in-cattedrale-a-trento\/#primaryimage\"},\"thumbnailUrl\":\"https:\/\/www.diocesitn.it\/area-testimonianza\/wp-content\/uploads\/sites\/37\/2024\/10\/pace_fa_notizia.jpg\",\"datePublished\":\"2024-10-02T12:06:07+00:00\",\"dateModified\":\"2024-10-16T08:15:44+00:00\",\"description\":\"Anche la Chiesa trentina si unisce nuovamente alla preghiera per la pace invocata da papa Francesco per il 6 e 7 ottobre.\",\"breadcrumb\":{\"@id\":\"https:\/\/www.diocesitn.it\/area-testimonianza\/2024\/10\/02\/ad-un-anno-dallinizio-della-guerra-in-medio-oriente-la-preghiera-per-la-pace-lunedi-7-ottobre-in-cattedrale-a-trento\/#breadcrumb\"},\"inLanguage\":\"it-IT\",\"potentialAction\":[{\"@type\":\"ReadAction\",\"target\":[\"https:\/\/www.diocesitn.it\/area-testimonianza\/2024\/10\/02\/ad-un-anno-dallinizio-della-guerra-in-medio-oriente-la-preghiera-per-la-pace-lunedi-7-ottobre-in-cattedrale-a-trento\/\"]}]},{\"@type\":\"ImageObject\",\"inLanguage\":\"it-IT\",\"@id\":\"https:\/\/www.diocesitn.it\/area-testimonianza\/2024\/10\/02\/ad-un-anno-dallinizio-della-guerra-in-medio-oriente-la-preghiera-per-la-pace-lunedi-7-ottobre-in-cattedrale-a-trento\/#primaryimage\",\"url\":\"https:\/\/www.diocesitn.it\/area-testimonianza\/wp-content\/uploads\/sites\/37\/2024\/10\/pace_fa_notizia.jpg\",\"contentUrl\":\"https:\/\/www.diocesitn.it\/area-testimonianza\/wp-content\/uploads\/sites\/37\/2024\/10\/pace_fa_notizia.jpg\",\"width\":1600,\"height\":786},{\"@type\":\"BreadcrumbList\",\"@id\":\"https:\/\/www.diocesitn.it\/area-testimonianza\/2024\/10\/02\/ad-un-anno-dallinizio-della-guerra-in-medio-oriente-la-preghiera-per-la-pace-lunedi-7-ottobre-in-cattedrale-a-trento\/#breadcrumb\",\"itemListElement\":[{\"@type\":\"ListItem\",\"position\":1,\"name\":\"Home\",\"item\":\"https:\/\/www.diocesitn.it\/area-testimonianza\/\"},{\"@type\":\"ListItem\",\"position\":2,\"name\":\"Ad un anno dallo scoppio della guerra in Medio Oriente, la Chiesa trentina raccoglie l&#8217;appello del Papa alla preghiera per la pace. Luned\u00ec 7 ottobre appuntamento anche in Cattedrale\"}]},{\"@type\":\"WebSite\",\"@id\":\"https:\/\/www.diocesitn.it\/area-testimonianza\/#website\",\"url\":\"https:\/\/www.diocesitn.it\/area-testimonianza\/\",\"name\":\"Testimonianza e Impegno sociale\",\"description\":\"Chiesa di Trento\",\"publisher\":{\"@id\":\"https:\/\/www.diocesitn.it\/area-testimonianza\/#organization\"},\"potentialAction\":[{\"@type\":\"SearchAction\",\"target\":{\"@type\":\"EntryPoint\",\"urlTemplate\":\"https:\/\/www.diocesitn.it\/area-testimonianza\/?s={search_term_string}\"},\"query-input\":\"required name=search_term_string\"}],\"inLanguage\":\"it-IT\"},{\"@type\":[\"Organization\",\"Place\"],\"@id\":\"https:\/\/www.diocesitn.it\/area-testimonianza\/#organization\",\"name\":\"Area Testimonianza e Impegno Sociale - Chiesa di Trento\",\"url\":\"https:\/\/www.diocesitn.it\/area-testimonianza\/\",\"logo\":{\"@id\":\"https:\/\/www.diocesitn.it\/area-testimonianza\/2024\/10\/02\/ad-un-anno-dallinizio-della-guerra-in-medio-oriente-la-preghiera-per-la-pace-lunedi-7-ottobre-in-cattedrale-a-trento\/#local-main-organization-logo\"},\"image\":{\"@id\":\"https:\/\/www.diocesitn.it\/area-testimonianza\/2024\/10\/02\/ad-un-anno-dallinizio-della-guerra-in-medio-oriente-la-preghiera-per-la-pace-lunedi-7-ottobre-in-cattedrale-a-trento\/#local-main-organization-logo\"},\"openingHoursSpecification\":[{\"@type\":\"OpeningHoursSpecification\",\"dayOfWeek\":[\"Monday\",\"Tuesday\",\"Wednesday\",\"Thursday\",\"Friday\",\"Saturday\",\"Sunday\"],\"opens\":\"09:00\",\"closes\":\"17:00\"}]},{\"@type\":\"ImageObject\",\"inLanguage\":\"it-IT\",\"@id\":\"https:\/\/www.diocesitn.it\/area-testimonianza\/2024\/10\/02\/ad-un-anno-dallinizio-della-guerra-in-medio-oriente-la-preghiera-per-la-pace-lunedi-7-ottobre-in-cattedrale-a-trento\/#local-main-organization-logo\",\"url\":\"https:\/\/www.diocesitn.it\/area-testimonianza\/wp-content\/uploads\/sites\/37\/2021\/09\/og-logo-testimonianza-e-impegno-sociale.jpg\",\"contentUrl\":\"https:\/\/www.diocesitn.it\/area-testimonianza\/wp-content\/uploads\/sites\/37\/2021\/09\/og-logo-testimonianza-e-impegno-sociale.jpg\",\"width\":1200,\"height\":630,\"caption\":\"Area Testimonianza e Impegno Sociale - Chiesa di Trento\"}]}<\/script>\n<!-- \/ Yoast SEO Premium plugin. -->","yoast_head_json":{"title":"La Chiesa trentina prega per la pace il 6 e 7 ottobre","description":"Anche la Chiesa trentina si unisce nuovamente alla preghiera per la pace invocata da papa Francesco per il 6 e 7 ottobre.","robots":{"index":"index","follow":"follow","max-snippet":"max-snippet:-1","max-image-preview":"max-image-preview:large","max-video-preview":"max-video-preview:-1"},"canonical":"https:\/\/www.diocesitn.it\/area-testimonianza\/2024\/10\/02\/ad-un-anno-dallinizio-della-guerra-in-medio-oriente-la-preghiera-per-la-pace-lunedi-7-ottobre-in-cattedrale-a-trento\/","og_locale":"it_IT","og_type":"article","og_title":"Ad un anno dallo scoppio della guerra in Medio Oriente, la Chiesa trentina raccoglie l'appello del Papa alla preghiera per la pace. Luned\u00ec 7 ottobre appuntamento anche in Cattedrale","og_description":"Anche la Chiesa trentina si unisce nuovamente alla preghiera per la pace invocata da papa Francesco per il 6 e 7 ottobre.","og_url":"https:\/\/www.diocesitn.it\/area-testimonianza\/2024\/10\/02\/ad-un-anno-dallinizio-della-guerra-in-medio-oriente-la-preghiera-per-la-pace-lunedi-7-ottobre-in-cattedrale-a-trento\/","og_site_name":"Testimonianza e Impegno sociale","article_published_time":"2024-10-02T12:06:07+00:00","article_modified_time":"2024-10-16T08:15:44+00:00","og_image":[{"width":1600,"height":786,"url":"https:\/\/www.diocesitn.it\/area-testimonianza\/wp-content\/uploads\/sites\/37\/2024\/10\/pace_fa_notizia.jpg","type":"image\/jpeg"}],"author":"losspapot","twitter_card":"summary_large_image","twitter_misc":{"Scritto da":"losspapot","Tempo di lettura stimato":"3 minuti"},"schema":{"@context":"https:\/\/schema.org","@graph":[{"@type":"Article","@id":"https:\/\/www.diocesitn.it\/area-testimonianza\/2024\/10\/02\/ad-un-anno-dallinizio-della-guerra-in-medio-oriente-la-preghiera-per-la-pace-lunedi-7-ottobre-in-cattedrale-a-trento\/#article","isPartOf":{"@id":"https:\/\/www.diocesitn.it\/area-testimonianza\/2024\/10\/02\/ad-un-anno-dallinizio-della-guerra-in-medio-oriente-la-preghiera-per-la-pace-lunedi-7-ottobre-in-cattedrale-a-trento\/"},"author":{"name":"losspapot","@id":"https:\/\/www.diocesitn.it\/area-testimonianza\/#\/schema\/person\/3526ceacb35e1aa4c86252e45adfad22"},"headline":"Ad un anno dallo scoppio della guerra in Medio Oriente, la Chiesa trentina raccoglie l&#8217;appello del Papa alla preghiera per la pace. Luned\u00ec 7 ottobre appuntamento anche in Cattedrale","datePublished":"2024-10-02T12:06:07+00:00","dateModified":"2024-10-16T08:15:44+00:00","mainEntityOfPage":{"@id":"https:\/\/www.diocesitn.it\/area-testimonianza\/2024\/10\/02\/ad-un-anno-dallinizio-della-guerra-in-medio-oriente-la-preghiera-per-la-pace-lunedi-7-ottobre-in-cattedrale-a-trento\/"},"wordCount":363,"publisher":{"@id":"https:\/\/www.diocesitn.it\/area-testimonianza\/#organization"},"image":{"@id":"https:\/\/www.diocesitn.it\/area-testimonianza\/2024\/10\/02\/ad-un-anno-dallinizio-della-guerra-in-medio-oriente-la-preghiera-per-la-pace-lunedi-7-ottobre-in-cattedrale-a-trento\/#primaryimage"},"thumbnailUrl":"https:\/\/www.diocesitn.it\/area-testimonianza\/wp-content\/uploads\/sites\/37\/2024\/10\/pace_fa_notizia.jpg","keywords":["guerra","guerre","pace","preghiera per la pace"],"articleSection":["Giustizia e pace","Notizie"],"inLanguage":"it-IT","copyrightYear":"2024","copyrightHolder":{"@id":"https:\/\/www.diocesitn.it\/#organization"}},{"@type":"WebPage","@id":"https:\/\/www.diocesitn.it\/area-testimonianza\/2024\/10\/02\/ad-un-anno-dallinizio-della-guerra-in-medio-oriente-la-preghiera-per-la-pace-lunedi-7-ottobre-in-cattedrale-a-trento\/","url":"https:\/\/www.diocesitn.it\/area-testimonianza\/2024\/10\/02\/ad-un-anno-dallinizio-della-guerra-in-medio-oriente-la-preghiera-per-la-pace-lunedi-7-ottobre-in-cattedrale-a-trento\/","name":"La Chiesa trentina prega per la pace il 6 e 7 ottobre","isPartOf":{"@id":"https:\/\/www.diocesitn.it\/area-testimonianza\/#website"},"primaryImageOfPage":{"@id":"https:\/\/www.diocesitn.it\/area-testimonianza\/2024\/10\/02\/ad-un-anno-dallinizio-della-guerra-in-medio-oriente-la-preghiera-per-la-pace-lunedi-7-ottobre-in-cattedrale-a-trento\/#primaryimage"},"image":{"@id":"https:\/\/www.diocesitn.it\/area-testimonianza\/2024\/10\/02\/ad-un-anno-dallinizio-della-guerra-in-medio-oriente-la-preghiera-per-la-pace-lunedi-7-ottobre-in-cattedrale-a-trento\/#primaryimage"},"thumbnailUrl":"https:\/\/www.diocesitn.it\/area-testimonianza\/wp-content\/uploads\/sites\/37\/2024\/10\/pace_fa_notizia.jpg","datePublished":"2024-10-02T12:06:07+00:00","dateModified":"2024-10-16T08:15:44+00:00","description":"Anche la Chiesa trentina si unisce nuovamente alla preghiera per la pace invocata da papa Francesco per il 6 e 7 ottobre.","breadcrumb":{"@id":"https:\/\/www.diocesitn.it\/area-testimonianza\/2024\/10\/02\/ad-un-anno-dallinizio-della-guerra-in-medio-oriente-la-preghiera-per-la-pace-lunedi-7-ottobre-in-cattedrale-a-trento\/#breadcrumb"},"inLanguage":"it-IT","potentialAction":[{"@type":"ReadAction","target":["https:\/\/www.diocesitn.it\/area-testimonianza\/2024\/10\/02\/ad-un-anno-dallinizio-della-guerra-in-medio-oriente-la-preghiera-per-la-pace-lunedi-7-ottobre-in-cattedrale-a-trento\/"]}]},{"@type":"ImageObject","inLanguage":"it-IT","@id":"https:\/\/www.diocesitn.it\/area-testimonianza\/2024\/10\/02\/ad-un-anno-dallinizio-della-guerra-in-medio-oriente-la-preghiera-per-la-pace-lunedi-7-ottobre-in-cattedrale-a-trento\/#primaryimage","url":"https:\/\/www.diocesitn.it\/area-testimonianza\/wp-content\/uploads\/sites\/37\/2024\/10\/pace_fa_notizia.jpg","contentUrl":"https:\/\/www.diocesitn.it\/area-testimonianza\/wp-content\/uploads\/sites\/37\/2024\/10\/pace_fa_notizia.jpg","width":1600,"height":786},{"@type":"BreadcrumbList","@id":"https:\/\/www.diocesitn.it\/area-testimonianza\/2024\/10\/02\/ad-un-anno-dallinizio-della-guerra-in-medio-oriente-la-preghiera-per-la-pace-lunedi-7-ottobre-in-cattedrale-a-trento\/#breadcrumb","itemListElement":[{"@type":"ListItem","position":1,"name":"Home","item":"https:\/\/www.diocesitn.it\/area-testimonianza\/"},{"@type":"ListItem","position":2,"name":"Ad un anno dallo scoppio della guerra in Medio Oriente, la Chiesa trentina raccoglie l&#8217;appello del Papa alla preghiera per la pace. Luned\u00ec 7 ottobre appuntamento anche in Cattedrale"}]},{"@type":"WebSite","@id":"https:\/\/www.diocesitn.it\/area-testimonianza\/#website","url":"https:\/\/www.diocesitn.it\/area-testimonianza\/","name":"Testimonianza e Impegno sociale","description":"Chiesa di Trento","publisher":{"@id":"https:\/\/www.diocesitn.it\/area-testimonianza\/#organization"},"potentialAction":[{"@type":"SearchAction","target":{"@type":"EntryPoint","urlTemplate":"https:\/\/www.diocesitn.it\/area-testimonianza\/?s={search_term_string}"},"query-input":"required name=search_term_string"}],"inLanguage":"it-IT"},{"@type":["Organization","Place"],"@id":"https:\/\/www.diocesitn.it\/area-testimonianza\/#organization","name":"Area Testimonianza e Impegno Sociale - Chiesa di Trento","url":"https:\/\/www.diocesitn.it\/area-testimonianza\/","logo":{"@id":"https:\/\/www.diocesitn.it\/area-testimonianza\/2024\/10\/02\/ad-un-anno-dallinizio-della-guerra-in-medio-oriente-la-preghiera-per-la-pace-lunedi-7-ottobre-in-cattedrale-a-trento\/#local-main-organization-logo"},"image":{"@id":"https:\/\/www.diocesitn.it\/area-testimonianza\/2024\/10\/02\/ad-un-anno-dallinizio-della-guerra-in-medio-oriente-la-preghiera-per-la-pace-lunedi-7-ottobre-in-cattedrale-a-trento\/#local-main-organization-logo"},"openingHoursSpecification":[{"@type":"OpeningHoursSpecification","dayOfWeek":["Monday","Tuesday","Wednesday","Thursday","Friday","Saturday","Sunday"],"opens":"09:00","closes":"17:00"}]},{"@type":"ImageObject","inLanguage":"it-IT","@id":"https:\/\/www.diocesitn.it\/area-testimonianza\/2024\/10\/02\/ad-un-anno-dallinizio-della-guerra-in-medio-oriente-la-preghiera-per-la-pace-lunedi-7-ottobre-in-cattedrale-a-trento\/#local-main-organization-logo","url":"https:\/\/www.diocesitn.it\/area-testimonianza\/wp-content\/uploads\/sites\/37\/2021\/09\/og-logo-testimonianza-e-impegno-sociale.jpg","contentUrl":"https:\/\/www.diocesitn.it\/area-testimonianza\/wp-content\/uploads\/sites\/37\/2021\/09\/og-logo-testimonianza-e-impegno-sociale.jpg","width":1200,"height":630,"caption":"Area Testimonianza e Impegno Sociale - Chiesa di Trento"}]}},"_links":{"self":[{"href":"https:\/\/www.diocesitn.it\/area-testimonianza\/wp-json\/wp\/v2\/posts\/16054","targetHints":{"allow":["GET"]}}],"collection":[{"href":"https:\/\/www.diocesitn.it\/area-testimonianza\/wp-json\/wp\/v2\/posts"}],"about":[{"href":"https:\/\/www.diocesitn.it\/area-testimonianza\/wp-json\/wp\/v2\/types\/post"}],"author":[{"embeddable":true,"href":"https:\/\/www.diocesitn.it\/area-testimonianza\/wp-json\/wp\/v2\/users\/168"}],"replies":[{"embeddable":true,"href":"https:\/\/www.diocesitn.it\/area-testimonianza\/wp-json\/wp\/v2\/comments?post=16054"}],"version-history":[{"count":1,"href":"https:\/\/www.diocesitn.it\/area-testimonianza\/wp-json\/wp\/v2\/posts\/16054\/revisions"}],"predecessor-version":[{"id":16058,"href":"https:\/\/www.diocesitn.it\/area-testimonianza\/wp-json\/wp\/v2\/posts\/16054\/revisions\/16058"}],"wp:featuredmedia":[{"embeddable":true,"href":"https:\/\/www.diocesitn.it\/area-testimonianza\/wp-json\/wp\/v2\/media\/16055"}],"wp:attachment":[{"href":"https:\/\/www.diocesitn.it\/area-testimonianza\/wp-json\/wp\/v2\/media?parent=16054"}],"wp:term":[{"taxonomy":"category","embeddable":true,"href":"https:\/\/www.diocesitn.it\/area-testimonianza\/wp-json\/wp\/v2\/categories?post=16054"},{"taxonomy":"post_tag","embeddable":true,"href":"https:\/\/www.diocesitn.it\/area-testimonianza\/wp-json\/wp\/v2\/tags?post=16054"}],"curies":[{"name":"wp","href":"https:\/\/api.w.org\/{rel}","templated":true}]}}