{"id":16038,"date":"2024-10-01T14:08:21","date_gmt":"2024-10-01T12:08:21","guid":{"rendered":"https:\/\/www.diocesitn.it\/area-testimonianza\/?p=16038"},"modified":"2024-11-05T09:19:28","modified_gmt":"2024-11-05T08:19:28","slug":"ma-ci-interessa-ancora-davvero-chi-muore-nelle-guerre-chi-chiede-la-pace-non-e-filo-putin-o-per-hamas-una-riflessione-di-don-renato-sacco","status":"publish","type":"post","link":"https:\/\/www.diocesitn.it\/area-testimonianza\/2024\/10\/01\/ma-ci-interessa-ancora-davvero-chi-muore-nelle-guerre-chi-chiede-la-pace-non-e-filo-putin-o-per-hamas-una-riflessione-di-don-renato-sacco\/","title":{"rendered":"\u00abMa ci interessa ancora davvero chi muore nelle guerre? Chi chiede la pace non \u00e8 filo Putin o per Hamas\u00bb Una riflessione di don Renato Sacco"},"content":{"rendered":"<p>Pubblichiamo alcuni estratti di un articolo di don Renato Sacco,\u00a0consigliere nazionale di Pax Christi, pubblicato sul sito di Famiglia Cristiana in data 28\/09\/2024.<!--more--><\/p>\n<p><a href=\"https:\/\/www.famigliacristiana.it\/articolo\/don-renato-sacco-ma-ci-interessa-ancora-davvero-chi-muore-nelle-guerre-chi-chiede-la-pace-non-e-filo-putin-o-per-hamas.aspx\" target=\"_blank\" rel=\"noopener\">Qui si pu\u00f2 leggere l&#8217;articolo completo.<\/a><\/p>\n<hr \/>\n<p class=\"detailpaginatedsubtitle\"><em>C\u2019\u00e8 un piano diabolico che cerca di convincerci che la guerra \u00e8 l&#8217;unica strada, e che i morti s\u00ec effettivamente ci sono, ma non sono cos\u00ec importanti, sono \u201ceffetti collaterali\u201d. Ma questa situazione di oggi interpella davvero il mondo politico? La pastorale? La vita delle nostre comunit\u00e0? O prevale ancora indifferenza, abitudine o rassegnazione?<\/em><\/p>\n<p><em>[&#8230;]<\/em><\/p>\n<p><em><span style=\"font-size: inherit\">Il ministro della Difesa Crosetto ha chiesto altri 7 miliardi di euro per acquistare nuovi F-35, per passare dai 90 previsti a 115. <\/span>Tutto questo e molto altro pu\u00f2 essere considerato normale?<span style=\"font-size: inherit\">\u00a0Una situazione che sembra non avere una fine n\u00e9 un fine. \u00abChi non grida con gli ebrei non pu\u00f2 cantare il gregoriano\u00bb, scriveva il teologo Bonoheffer nel 1938.<\/span><\/em><\/p>\n<div class=\"article-content clear\">\n<div class=\"detailpaginatedparagraphs fontresizable\">\n<div class=\"evenparagraph\">\n<p><em>Oggi quante persone sono nelle condizioni degli ebrei di allora?\u00a0Assistiamo a genocidi, massacri, bombardamenti e violenze di ogni genere anche sui migranti.\u00a0\u00c8 vero che con il ddl 1660, il disegno di legge sulla sicurezza, sar\u00e0 sempre difficile esprimere dissenso con la stretta liberticida che porta. Ma non possiamo guardare dall&#8217;altra parte!<\/em><\/p>\n<p><em>[&#8230;]<\/em><\/p>\n<p><em>C&#8217;\u00e8 il rischio reale di guardare il mondo da tifosi. E ci\u00f2 che \u00e8 giusto o sbagliato dipende dal colore della maglia.\u00a0Ma qui la maglia che dovrebbe contare \u00e8 l&#8217;umanit\u00e0. E la pace, o la guerra, non pu\u00f2 essere solo un argomento trattato in modo asettico dai personaggi in giacca e cravatta che nei vari Telegiornali, col sorriso sulle labbra, cercano di convincerci che in fondo la guerra \u00e8 una grande opportunit\u00e0, muove risorse, genera guadagni.\u00a0<\/em><\/p>\n<p><em>[&#8230;]<\/em><\/p>\n<p><em>Quanti morti sono necessari per arrivare a dire: basta! Per arrivare a un cessate il fuoco?\u00a0<\/em><\/p>\n<\/div>\n<\/div>\n<\/div>\n","protected":false},"excerpt":{"rendered":"<p>Pubblichiamo alcuni estratti di un articolo di don Renato Sacco,\u00a0consigliere nazionale di Pax Christi, pubblicato sul sito di Famiglia Cristiana in data 28\/09\/2024.<\/p>\n","protected":false},"author":161,"featured_media":16039,"comment_status":"closed","ping_status":"closed","sticky":false,"template":"","format":"standard","meta":{"footnotes":""},"categories":[2206,1074],"tags":[],"class_list":["post-16038","post","type-post","status-publish","format-standard","has-post-thumbnail","hentry","category-servizio-giustizia-e-pace","category-notizie"],"acf":{"seed-localization-paese-cod":"IT","seed-localization-address":"","seed-localization-citta":"Trento","seed-localization-regione-cod-istat":"04","seed-localization-citta-cod-istat":"022205","seed-localization-localita":"","seed-localization-cap":"","seed-localization-marker-visibility":false,"seed-localization-children-visibility":false,"seed-localization-kml":"","seed-localization-custom-marker":""},"yoast_head":"<!-- This site is optimized with the Yoast SEO Premium plugin v20.2.1 (Yoast SEO v22.2) - https:\/\/yoast.com\/wordpress\/plugins\/seo\/ -->\n<title>\u00abMa ci interessa ancora davvero chi muore nelle guerre? Chi chiede la pace non \u00e8 filo Putin o per Hamas\u00bb Una riflessione di don Renato Sacco - Testimonianza e Impegno sociale<\/title>\n<meta name=\"robots\" content=\"index, follow, max-snippet:-1, max-image-preview:large, max-video-preview:-1\" \/>\n<link rel=\"canonical\" href=\"https:\/\/www.diocesitn.it\/area-testimonianza\/2024\/10\/01\/ma-ci-interessa-ancora-davvero-chi-muore-nelle-guerre-chi-chiede-la-pace-non-e-filo-putin-o-per-hamas-una-riflessione-di-don-renato-sacco\/\" \/>\n<meta property=\"og:locale\" content=\"it_IT\" \/>\n<meta property=\"og:type\" content=\"article\" \/>\n<meta property=\"og:title\" content=\"\u00abMa ci interessa ancora davvero chi muore nelle guerre? Chi chiede la pace non \u00e8 filo Putin o per Hamas\u00bb Una riflessione di don Renato Sacco\" \/>\n<meta property=\"og:description\" content=\"Pubblichiamo alcuni estratti di un articolo di don Renato Sacco,\u00a0consigliere nazionale di Pax Christi, pubblicato sul sito di Famiglia Cristiana in data 28\/09\/2024.\" \/>\n<meta property=\"og:url\" content=\"https:\/\/www.diocesitn.it\/area-testimonianza\/2024\/10\/01\/ma-ci-interessa-ancora-davvero-chi-muore-nelle-guerre-chi-chiede-la-pace-non-e-filo-putin-o-per-hamas-una-riflessione-di-don-renato-sacco\/\" \/>\n<meta property=\"og:site_name\" content=\"Testimonianza e Impegno sociale\" \/>\n<meta property=\"article:published_time\" content=\"2024-10-01T12:08:21+00:00\" \/>\n<meta property=\"article:modified_time\" content=\"2024-11-05T08:19:28+00:00\" \/>\n<meta property=\"og:image\" content=\"https:\/\/www.diocesitn.it\/area-testimonianza\/wp-content\/uploads\/sites\/37\/2024\/10\/guerra-pace.jpg\" \/>\n\t<meta property=\"og:image:width\" content=\"1280\" \/>\n\t<meta property=\"og:image:height\" content=\"960\" \/>\n\t<meta property=\"og:image:type\" content=\"image\/jpeg\" \/>\n<meta name=\"author\" content=\"smaule\" \/>\n<meta name=\"twitter:card\" content=\"summary_large_image\" \/>\n<meta name=\"twitter:label1\" content=\"Scritto da\" \/>\n\t<meta name=\"twitter:data1\" content=\"smaule\" \/>\n\t<meta name=\"twitter:label2\" content=\"Tempo di lettura stimato\" \/>\n\t<meta name=\"twitter:data2\" content=\"2 minuti\" \/>\n<script type=\"application\/ld+json\" class=\"yoast-schema-graph\">{\"@context\":\"https:\/\/schema.org\",\"@graph\":[{\"@type\":\"Article\",\"@id\":\"https:\/\/www.diocesitn.it\/area-testimonianza\/2024\/10\/01\/ma-ci-interessa-ancora-davvero-chi-muore-nelle-guerre-chi-chiede-la-pace-non-e-filo-putin-o-per-hamas-una-riflessione-di-don-renato-sacco\/#article\",\"isPartOf\":{\"@id\":\"https:\/\/www.diocesitn.it\/area-testimonianza\/2024\/10\/01\/ma-ci-interessa-ancora-davvero-chi-muore-nelle-guerre-chi-chiede-la-pace-non-e-filo-putin-o-per-hamas-una-riflessione-di-don-renato-sacco\/\"},\"author\":{\"name\":\"smaule\",\"@id\":\"https:\/\/www.diocesitn.it\/area-testimonianza\/#\/schema\/person\/bac489aafb7f98c1ca25f76c27174a95\"},\"headline\":\"\u00abMa ci interessa ancora davvero chi muore nelle guerre? Chi chiede la pace non \u00e8 filo Putin o per Hamas\u00bb Una riflessione di don Renato Sacco\",\"datePublished\":\"2024-10-01T12:08:21+00:00\",\"dateModified\":\"2024-11-05T08:19:28+00:00\",\"mainEntityOfPage\":{\"@id\":\"https:\/\/www.diocesitn.it\/area-testimonianza\/2024\/10\/01\/ma-ci-interessa-ancora-davvero-chi-muore-nelle-guerre-chi-chiede-la-pace-non-e-filo-putin-o-per-hamas-una-riflessione-di-don-renato-sacco\/\"},\"wordCount\":304,\"publisher\":{\"@id\":\"https:\/\/www.diocesitn.it\/area-testimonianza\/#organization\"},\"image\":{\"@id\":\"https:\/\/www.diocesitn.it\/area-testimonianza\/2024\/10\/01\/ma-ci-interessa-ancora-davvero-chi-muore-nelle-guerre-chi-chiede-la-pace-non-e-filo-putin-o-per-hamas-una-riflessione-di-don-renato-sacco\/#primaryimage\"},\"thumbnailUrl\":\"https:\/\/www.diocesitn.it\/area-testimonianza\/wp-content\/uploads\/sites\/37\/2024\/10\/guerra-pace.jpg\",\"articleSection\":[\"Giustizia e pace\",\"Notizie\"],\"inLanguage\":\"it-IT\",\"copyrightYear\":\"2024\",\"copyrightHolder\":{\"@id\":\"https:\/\/www.diocesitn.it\/#organization\"}},{\"@type\":\"WebPage\",\"@id\":\"https:\/\/www.diocesitn.it\/area-testimonianza\/2024\/10\/01\/ma-ci-interessa-ancora-davvero-chi-muore-nelle-guerre-chi-chiede-la-pace-non-e-filo-putin-o-per-hamas-una-riflessione-di-don-renato-sacco\/\",\"url\":\"https:\/\/www.diocesitn.it\/area-testimonianza\/2024\/10\/01\/ma-ci-interessa-ancora-davvero-chi-muore-nelle-guerre-chi-chiede-la-pace-non-e-filo-putin-o-per-hamas-una-riflessione-di-don-renato-sacco\/\",\"name\":\"\u00abMa ci interessa ancora davvero chi muore nelle guerre? Chi chiede la pace non \u00e8 filo Putin o per Hamas\u00bb Una riflessione di don Renato Sacco - Testimonianza e Impegno sociale\",\"isPartOf\":{\"@id\":\"https:\/\/www.diocesitn.it\/area-testimonianza\/#website\"},\"primaryImageOfPage\":{\"@id\":\"https:\/\/www.diocesitn.it\/area-testimonianza\/2024\/10\/01\/ma-ci-interessa-ancora-davvero-chi-muore-nelle-guerre-chi-chiede-la-pace-non-e-filo-putin-o-per-hamas-una-riflessione-di-don-renato-sacco\/#primaryimage\"},\"image\":{\"@id\":\"https:\/\/www.diocesitn.it\/area-testimonianza\/2024\/10\/01\/ma-ci-interessa-ancora-davvero-chi-muore-nelle-guerre-chi-chiede-la-pace-non-e-filo-putin-o-per-hamas-una-riflessione-di-don-renato-sacco\/#primaryimage\"},\"thumbnailUrl\":\"https:\/\/www.diocesitn.it\/area-testimonianza\/wp-content\/uploads\/sites\/37\/2024\/10\/guerra-pace.jpg\",\"datePublished\":\"2024-10-01T12:08:21+00:00\",\"dateModified\":\"2024-11-05T08:19:28+00:00\",\"breadcrumb\":{\"@id\":\"https:\/\/www.diocesitn.it\/area-testimonianza\/2024\/10\/01\/ma-ci-interessa-ancora-davvero-chi-muore-nelle-guerre-chi-chiede-la-pace-non-e-filo-putin-o-per-hamas-una-riflessione-di-don-renato-sacco\/#breadcrumb\"},\"inLanguage\":\"it-IT\",\"potentialAction\":[{\"@type\":\"ReadAction\",\"target\":[\"https:\/\/www.diocesitn.it\/area-testimonianza\/2024\/10\/01\/ma-ci-interessa-ancora-davvero-chi-muore-nelle-guerre-chi-chiede-la-pace-non-e-filo-putin-o-per-hamas-una-riflessione-di-don-renato-sacco\/\"]}]},{\"@type\":\"ImageObject\",\"inLanguage\":\"it-IT\",\"@id\":\"https:\/\/www.diocesitn.it\/area-testimonianza\/2024\/10\/01\/ma-ci-interessa-ancora-davvero-chi-muore-nelle-guerre-chi-chiede-la-pace-non-e-filo-putin-o-per-hamas-una-riflessione-di-don-renato-sacco\/#primaryimage\",\"url\":\"https:\/\/www.diocesitn.it\/area-testimonianza\/wp-content\/uploads\/sites\/37\/2024\/10\/guerra-pace.jpg\",\"contentUrl\":\"https:\/\/www.diocesitn.it\/area-testimonianza\/wp-content\/uploads\/sites\/37\/2024\/10\/guerra-pace.jpg\",\"width\":1280,\"height\":960},{\"@type\":\"BreadcrumbList\",\"@id\":\"https:\/\/www.diocesitn.it\/area-testimonianza\/2024\/10\/01\/ma-ci-interessa-ancora-davvero-chi-muore-nelle-guerre-chi-chiede-la-pace-non-e-filo-putin-o-per-hamas-una-riflessione-di-don-renato-sacco\/#breadcrumb\",\"itemListElement\":[{\"@type\":\"ListItem\",\"position\":1,\"name\":\"Home\",\"item\":\"https:\/\/www.diocesitn.it\/area-testimonianza\/\"},{\"@type\":\"ListItem\",\"position\":2,\"name\":\"\u00abMa ci interessa ancora davvero chi muore nelle guerre? Chi chiede la pace non \u00e8 filo Putin o per Hamas\u00bb Una riflessione di don Renato Sacco\"}]},{\"@type\":\"WebSite\",\"@id\":\"https:\/\/www.diocesitn.it\/area-testimonianza\/#website\",\"url\":\"https:\/\/www.diocesitn.it\/area-testimonianza\/\",\"name\":\"Testimonianza e Impegno sociale\",\"description\":\"Chiesa di Trento\",\"publisher\":{\"@id\":\"https:\/\/www.diocesitn.it\/area-testimonianza\/#organization\"},\"potentialAction\":[{\"@type\":\"SearchAction\",\"target\":{\"@type\":\"EntryPoint\",\"urlTemplate\":\"https:\/\/www.diocesitn.it\/area-testimonianza\/?s={search_term_string}\"},\"query-input\":\"required name=search_term_string\"}],\"inLanguage\":\"it-IT\"},{\"@type\":[\"Organization\",\"Place\"],\"@id\":\"https:\/\/www.diocesitn.it\/area-testimonianza\/#organization\",\"name\":\"Area Testimonianza e Impegno Sociale - Chiesa di Trento\",\"url\":\"https:\/\/www.diocesitn.it\/area-testimonianza\/\",\"logo\":{\"@id\":\"https:\/\/www.diocesitn.it\/area-testimonianza\/2024\/10\/01\/ma-ci-interessa-ancora-davvero-chi-muore-nelle-guerre-chi-chiede-la-pace-non-e-filo-putin-o-per-hamas-una-riflessione-di-don-renato-sacco\/#local-main-organization-logo\"},\"image\":{\"@id\":\"https:\/\/www.diocesitn.it\/area-testimonianza\/2024\/10\/01\/ma-ci-interessa-ancora-davvero-chi-muore-nelle-guerre-chi-chiede-la-pace-non-e-filo-putin-o-per-hamas-una-riflessione-di-don-renato-sacco\/#local-main-organization-logo\"},\"openingHoursSpecification\":[{\"@type\":\"OpeningHoursSpecification\",\"dayOfWeek\":[\"Monday\",\"Tuesday\",\"Wednesday\",\"Thursday\",\"Friday\",\"Saturday\",\"Sunday\"],\"opens\":\"09:00\",\"closes\":\"17:00\"}]},{\"@type\":\"ImageObject\",\"inLanguage\":\"it-IT\",\"@id\":\"https:\/\/www.diocesitn.it\/area-testimonianza\/2024\/10\/01\/ma-ci-interessa-ancora-davvero-chi-muore-nelle-guerre-chi-chiede-la-pace-non-e-filo-putin-o-per-hamas-una-riflessione-di-don-renato-sacco\/#local-main-organization-logo\",\"url\":\"https:\/\/www.diocesitn.it\/area-testimonianza\/wp-content\/uploads\/sites\/37\/2021\/09\/og-logo-testimonianza-e-impegno-sociale.jpg\",\"contentUrl\":\"https:\/\/www.diocesitn.it\/area-testimonianza\/wp-content\/uploads\/sites\/37\/2021\/09\/og-logo-testimonianza-e-impegno-sociale.jpg\",\"width\":1200,\"height\":630,\"caption\":\"Area Testimonianza e Impegno Sociale - Chiesa di Trento\"}]}<\/script>\n<!-- \/ Yoast SEO Premium plugin. -->","yoast_head_json":{"title":"\u00abMa ci interessa ancora davvero chi muore nelle guerre? Chi chiede la pace non \u00e8 filo Putin o per Hamas\u00bb Una riflessione di don Renato Sacco - Testimonianza e Impegno sociale","robots":{"index":"index","follow":"follow","max-snippet":"max-snippet:-1","max-image-preview":"max-image-preview:large","max-video-preview":"max-video-preview:-1"},"canonical":"https:\/\/www.diocesitn.it\/area-testimonianza\/2024\/10\/01\/ma-ci-interessa-ancora-davvero-chi-muore-nelle-guerre-chi-chiede-la-pace-non-e-filo-putin-o-per-hamas-una-riflessione-di-don-renato-sacco\/","og_locale":"it_IT","og_type":"article","og_title":"\u00abMa ci interessa ancora davvero chi muore nelle guerre? Chi chiede la pace non \u00e8 filo Putin o per Hamas\u00bb Una riflessione di don Renato Sacco","og_description":"Pubblichiamo alcuni estratti di un articolo di don Renato Sacco,\u00a0consigliere nazionale di Pax Christi, pubblicato sul sito di Famiglia Cristiana in data 28\/09\/2024.","og_url":"https:\/\/www.diocesitn.it\/area-testimonianza\/2024\/10\/01\/ma-ci-interessa-ancora-davvero-chi-muore-nelle-guerre-chi-chiede-la-pace-non-e-filo-putin-o-per-hamas-una-riflessione-di-don-renato-sacco\/","og_site_name":"Testimonianza e Impegno sociale","article_published_time":"2024-10-01T12:08:21+00:00","article_modified_time":"2024-11-05T08:19:28+00:00","og_image":[{"width":1280,"height":960,"url":"https:\/\/www.diocesitn.it\/area-testimonianza\/wp-content\/uploads\/sites\/37\/2024\/10\/guerra-pace.jpg","type":"image\/jpeg"}],"author":"smaule","twitter_card":"summary_large_image","twitter_misc":{"Scritto da":"smaule","Tempo di lettura stimato":"2 minuti"},"schema":{"@context":"https:\/\/schema.org","@graph":[{"@type":"Article","@id":"https:\/\/www.diocesitn.it\/area-testimonianza\/2024\/10\/01\/ma-ci-interessa-ancora-davvero-chi-muore-nelle-guerre-chi-chiede-la-pace-non-e-filo-putin-o-per-hamas-una-riflessione-di-don-renato-sacco\/#article","isPartOf":{"@id":"https:\/\/www.diocesitn.it\/area-testimonianza\/2024\/10\/01\/ma-ci-interessa-ancora-davvero-chi-muore-nelle-guerre-chi-chiede-la-pace-non-e-filo-putin-o-per-hamas-una-riflessione-di-don-renato-sacco\/"},"author":{"name":"smaule","@id":"https:\/\/www.diocesitn.it\/area-testimonianza\/#\/schema\/person\/bac489aafb7f98c1ca25f76c27174a95"},"headline":"\u00abMa ci interessa ancora davvero chi muore nelle guerre? Chi chiede la pace non \u00e8 filo Putin o per Hamas\u00bb Una riflessione di don Renato Sacco","datePublished":"2024-10-01T12:08:21+00:00","dateModified":"2024-11-05T08:19:28+00:00","mainEntityOfPage":{"@id":"https:\/\/www.diocesitn.it\/area-testimonianza\/2024\/10\/01\/ma-ci-interessa-ancora-davvero-chi-muore-nelle-guerre-chi-chiede-la-pace-non-e-filo-putin-o-per-hamas-una-riflessione-di-don-renato-sacco\/"},"wordCount":304,"publisher":{"@id":"https:\/\/www.diocesitn.it\/area-testimonianza\/#organization"},"image":{"@id":"https:\/\/www.diocesitn.it\/area-testimonianza\/2024\/10\/01\/ma-ci-interessa-ancora-davvero-chi-muore-nelle-guerre-chi-chiede-la-pace-non-e-filo-putin-o-per-hamas-una-riflessione-di-don-renato-sacco\/#primaryimage"},"thumbnailUrl":"https:\/\/www.diocesitn.it\/area-testimonianza\/wp-content\/uploads\/sites\/37\/2024\/10\/guerra-pace.jpg","articleSection":["Giustizia e pace","Notizie"],"inLanguage":"it-IT","copyrightYear":"2024","copyrightHolder":{"@id":"https:\/\/www.diocesitn.it\/#organization"}},{"@type":"WebPage","@id":"https:\/\/www.diocesitn.it\/area-testimonianza\/2024\/10\/01\/ma-ci-interessa-ancora-davvero-chi-muore-nelle-guerre-chi-chiede-la-pace-non-e-filo-putin-o-per-hamas-una-riflessione-di-don-renato-sacco\/","url":"https:\/\/www.diocesitn.it\/area-testimonianza\/2024\/10\/01\/ma-ci-interessa-ancora-davvero-chi-muore-nelle-guerre-chi-chiede-la-pace-non-e-filo-putin-o-per-hamas-una-riflessione-di-don-renato-sacco\/","name":"\u00abMa ci interessa ancora davvero chi muore nelle guerre? Chi chiede la pace non \u00e8 filo Putin o per Hamas\u00bb Una riflessione di don Renato Sacco - Testimonianza e Impegno sociale","isPartOf":{"@id":"https:\/\/www.diocesitn.it\/area-testimonianza\/#website"},"primaryImageOfPage":{"@id":"https:\/\/www.diocesitn.it\/area-testimonianza\/2024\/10\/01\/ma-ci-interessa-ancora-davvero-chi-muore-nelle-guerre-chi-chiede-la-pace-non-e-filo-putin-o-per-hamas-una-riflessione-di-don-renato-sacco\/#primaryimage"},"image":{"@id":"https:\/\/www.diocesitn.it\/area-testimonianza\/2024\/10\/01\/ma-ci-interessa-ancora-davvero-chi-muore-nelle-guerre-chi-chiede-la-pace-non-e-filo-putin-o-per-hamas-una-riflessione-di-don-renato-sacco\/#primaryimage"},"thumbnailUrl":"https:\/\/www.diocesitn.it\/area-testimonianza\/wp-content\/uploads\/sites\/37\/2024\/10\/guerra-pace.jpg","datePublished":"2024-10-01T12:08:21+00:00","dateModified":"2024-11-05T08:19:28+00:00","breadcrumb":{"@id":"https:\/\/www.diocesitn.it\/area-testimonianza\/2024\/10\/01\/ma-ci-interessa-ancora-davvero-chi-muore-nelle-guerre-chi-chiede-la-pace-non-e-filo-putin-o-per-hamas-una-riflessione-di-don-renato-sacco\/#breadcrumb"},"inLanguage":"it-IT","potentialAction":[{"@type":"ReadAction","target":["https:\/\/www.diocesitn.it\/area-testimonianza\/2024\/10\/01\/ma-ci-interessa-ancora-davvero-chi-muore-nelle-guerre-chi-chiede-la-pace-non-e-filo-putin-o-per-hamas-una-riflessione-di-don-renato-sacco\/"]}]},{"@type":"ImageObject","inLanguage":"it-IT","@id":"https:\/\/www.diocesitn.it\/area-testimonianza\/2024\/10\/01\/ma-ci-interessa-ancora-davvero-chi-muore-nelle-guerre-chi-chiede-la-pace-non-e-filo-putin-o-per-hamas-una-riflessione-di-don-renato-sacco\/#primaryimage","url":"https:\/\/www.diocesitn.it\/area-testimonianza\/wp-content\/uploads\/sites\/37\/2024\/10\/guerra-pace.jpg","contentUrl":"https:\/\/www.diocesitn.it\/area-testimonianza\/wp-content\/uploads\/sites\/37\/2024\/10\/guerra-pace.jpg","width":1280,"height":960},{"@type":"BreadcrumbList","@id":"https:\/\/www.diocesitn.it\/area-testimonianza\/2024\/10\/01\/ma-ci-interessa-ancora-davvero-chi-muore-nelle-guerre-chi-chiede-la-pace-non-e-filo-putin-o-per-hamas-una-riflessione-di-don-renato-sacco\/#breadcrumb","itemListElement":[{"@type":"ListItem","position":1,"name":"Home","item":"https:\/\/www.diocesitn.it\/area-testimonianza\/"},{"@type":"ListItem","position":2,"name":"\u00abMa ci interessa ancora davvero chi muore nelle guerre? Chi chiede la pace non \u00e8 filo Putin o per Hamas\u00bb Una riflessione di don Renato Sacco"}]},{"@type":"WebSite","@id":"https:\/\/www.diocesitn.it\/area-testimonianza\/#website","url":"https:\/\/www.diocesitn.it\/area-testimonianza\/","name":"Testimonianza e Impegno sociale","description":"Chiesa di Trento","publisher":{"@id":"https:\/\/www.diocesitn.it\/area-testimonianza\/#organization"},"potentialAction":[{"@type":"SearchAction","target":{"@type":"EntryPoint","urlTemplate":"https:\/\/www.diocesitn.it\/area-testimonianza\/?s={search_term_string}"},"query-input":"required name=search_term_string"}],"inLanguage":"it-IT"},{"@type":["Organization","Place"],"@id":"https:\/\/www.diocesitn.it\/area-testimonianza\/#organization","name":"Area Testimonianza e Impegno Sociale - Chiesa di Trento","url":"https:\/\/www.diocesitn.it\/area-testimonianza\/","logo":{"@id":"https:\/\/www.diocesitn.it\/area-testimonianza\/2024\/10\/01\/ma-ci-interessa-ancora-davvero-chi-muore-nelle-guerre-chi-chiede-la-pace-non-e-filo-putin-o-per-hamas-una-riflessione-di-don-renato-sacco\/#local-main-organization-logo"},"image":{"@id":"https:\/\/www.diocesitn.it\/area-testimonianza\/2024\/10\/01\/ma-ci-interessa-ancora-davvero-chi-muore-nelle-guerre-chi-chiede-la-pace-non-e-filo-putin-o-per-hamas-una-riflessione-di-don-renato-sacco\/#local-main-organization-logo"},"openingHoursSpecification":[{"@type":"OpeningHoursSpecification","dayOfWeek":["Monday","Tuesday","Wednesday","Thursday","Friday","Saturday","Sunday"],"opens":"09:00","closes":"17:00"}]},{"@type":"ImageObject","inLanguage":"it-IT","@id":"https:\/\/www.diocesitn.it\/area-testimonianza\/2024\/10\/01\/ma-ci-interessa-ancora-davvero-chi-muore-nelle-guerre-chi-chiede-la-pace-non-e-filo-putin-o-per-hamas-una-riflessione-di-don-renato-sacco\/#local-main-organization-logo","url":"https:\/\/www.diocesitn.it\/area-testimonianza\/wp-content\/uploads\/sites\/37\/2021\/09\/og-logo-testimonianza-e-impegno-sociale.jpg","contentUrl":"https:\/\/www.diocesitn.it\/area-testimonianza\/wp-content\/uploads\/sites\/37\/2021\/09\/og-logo-testimonianza-e-impegno-sociale.jpg","width":1200,"height":630,"caption":"Area Testimonianza e Impegno Sociale - Chiesa di Trento"}]}},"_links":{"self":[{"href":"https:\/\/www.diocesitn.it\/area-testimonianza\/wp-json\/wp\/v2\/posts\/16038","targetHints":{"allow":["GET"]}}],"collection":[{"href":"https:\/\/www.diocesitn.it\/area-testimonianza\/wp-json\/wp\/v2\/posts"}],"about":[{"href":"https:\/\/www.diocesitn.it\/area-testimonianza\/wp-json\/wp\/v2\/types\/post"}],"author":[{"embeddable":true,"href":"https:\/\/www.diocesitn.it\/area-testimonianza\/wp-json\/wp\/v2\/users\/161"}],"replies":[{"embeddable":true,"href":"https:\/\/www.diocesitn.it\/area-testimonianza\/wp-json\/wp\/v2\/comments?post=16038"}],"version-history":[{"count":2,"href":"https:\/\/www.diocesitn.it\/area-testimonianza\/wp-json\/wp\/v2\/posts\/16038\/revisions"}],"predecessor-version":[{"id":16053,"href":"https:\/\/www.diocesitn.it\/area-testimonianza\/wp-json\/wp\/v2\/posts\/16038\/revisions\/16053"}],"wp:featuredmedia":[{"embeddable":true,"href":"https:\/\/www.diocesitn.it\/area-testimonianza\/wp-json\/wp\/v2\/media\/16039"}],"wp:attachment":[{"href":"https:\/\/www.diocesitn.it\/area-testimonianza\/wp-json\/wp\/v2\/media?parent=16038"}],"wp:term":[{"taxonomy":"category","embeddable":true,"href":"https:\/\/www.diocesitn.it\/area-testimonianza\/wp-json\/wp\/v2\/categories?post=16038"},{"taxonomy":"post_tag","embeddable":true,"href":"https:\/\/www.diocesitn.it\/area-testimonianza\/wp-json\/wp\/v2\/tags?post=16038"}],"curies":[{"name":"wp","href":"https:\/\/api.w.org\/{rel}","templated":true}]}}