{"id":15987,"date":"2024-09-25T14:53:25","date_gmt":"2024-09-25T12:53:25","guid":{"rendered":"https:\/\/www.diocesitn.it\/area-testimonianza\/2024\/09\/25\/dal-libano-sotto-attacco-la-testimonianza-delle-religiose-sostenute-dalla-diocesi-di-trento-notizie-drammatiche-la-bramosia-del-potere-acceca-la-vista\/"},"modified":"2024-11-05T09:19:18","modified_gmt":"2024-11-05T08:19:18","slug":"dal-libano-sotto-attacco-la-testimonianza-delle-religiose-sostenute-dalla-diocesi-di-trento-notizie-drammatiche-la-bramosia-del-potere-acceca-la-vista","status":"publish","type":"post","link":"https:\/\/www.diocesitn.it\/area-testimonianza\/2024\/09\/25\/dal-libano-sotto-attacco-la-testimonianza-delle-religiose-sostenute-dalla-diocesi-di-trento-notizie-drammatiche-la-bramosia-del-potere-acceca-la-vista\/","title":{"rendered":"Dal Libano sotto attacco la testimonianza delle religiose sostenute dalla Diocesi di Trento: &#8220;Notizie drammatiche. La bramosia del potere acceca la vista&#8221;"},"content":{"rendered":"<p>Ore di paura in tutto il Medio Oriente e in particolare in <strong>Libano<\/strong>, dove si allarga l&#8217;offensiva israeliana, con quasi 600 morti, mentre si riunisce d&#8217;urgenza il Consiglio di sicurezza dell&#8217;Onu. E proprio dal Libano arriva anche in Trentino la testimonianza allarmata della comunit\u00e0 delle <strong>suore di Nostra Signora del Buon Servizio.<\/strong><!--more--><\/p>\n<p>In Libano gestiscono <strong>scuole e centri di assistenza<\/strong> a <strong>Jabboul\u00e9<\/strong> e a <strong>Jdeidet El Fakiha<\/strong>, nella <strong>valle della Bekaa<\/strong>. Per la loro attivit\u00e0, le suore ricevono da anni un sostegno anche dalla Diocesi di Trento, attraverso il Centro Missionario.<\/p>\n<p>Le religiose hanno scritto manifestando tutta la loro preoccupazione per l&#8217;escalation in corso. &#8220;Notizie drammatiche&#8221;, sostiene la superiora suor <strong>Jocelyne Joumaa<\/strong> in un breve messaggio al Centro Missionario. &#8220;Preghiamo tanto lo Spirito Santo &#8211; aggiunge &#8211; perch\u00e9 illumini la mente dei governanti e converta il loro cuore. La bramosia del potere acceca la vista sugli effetti che la guerra determina sulla vita della gente&#8221;. Il conflitto in corso rischia di ferire mortalmente una comunit\u00e0 gi\u00e0 duramente provata da anni di disastrosa crisi economica (seguita all&#8217;epidemia di Covid) che ha colpito anche le scuole cristiane, fondamentali nel sistema scolastico libanese.<\/p>\n<p><strong>Papa Francesco<\/strong>, al termine dell&#8217;Udienza generale del mercoled\u00ec ha manifestato dolore e vicinanza al popolo libanese.\u00a0&#8220;Sono addolorato dalle notizie che giungono dal Libano dove negli ultimi giorni intensi bombardamenti hanno provocato molte vittime e distruzioni&#8221;. Francesco auspica \u201cche la comunit\u00e0 internazionale faccia ogni sforzo per fermare questa terribile escalation. \u00c8 inaccettabile!\u201d, scandisce il Pontefice, ribadendo la vicinanza ad una popolazione gi\u00e0 piagata da anni da una crisi politica, economica e sociale che sembra senza soluzione.<\/p>\n<p><img loading=\"lazy\" decoding=\"async\" class=\"size-medium wp-image-15989 alignleft\" src=\"https:\/\/www.diocesitn.it\/wp-content\/uploads\/sites\/37\/2024\/09\/Libano_Jabboule_2-300x227.jpg\" alt=\"\" width=\"300\" height=\"227\" srcset=\"https:\/\/www.diocesitn.it\/area-testimonianza\/wp-content\/uploads\/sites\/37\/2024\/09\/Libano_Jabboule_2-300x227.jpg 300w, https:\/\/www.diocesitn.it\/area-testimonianza\/wp-content\/uploads\/sites\/37\/2024\/09\/Libano_Jabboule_2-1024x773.jpg 1024w, https:\/\/www.diocesitn.it\/area-testimonianza\/wp-content\/uploads\/sites\/37\/2024\/09\/Libano_Jabboule_2-768x580.jpg 768w, https:\/\/www.diocesitn.it\/area-testimonianza\/wp-content\/uploads\/sites\/37\/2024\/09\/Libano_Jabboule_2-360x272.jpg 360w, https:\/\/www.diocesitn.it\/area-testimonianza\/wp-content\/uploads\/sites\/37\/2024\/09\/Libano_Jabboule_2-1017x768.jpg 1017w, https:\/\/www.diocesitn.it\/area-testimonianza\/wp-content\/uploads\/sites\/37\/2024\/09\/Libano_Jabboule_2-800x604.jpg 800w, https:\/\/www.diocesitn.it\/area-testimonianza\/wp-content\/uploads\/sites\/37\/2024\/09\/Libano_Jabboule_2.jpg 1200w\" sizes=\"auto, (max-width: 300px) 100vw, 300px\" \/>Gi\u00e0 nel 2020 notava cos\u00ec il periodico dell&#8217;<strong>Associazione Svizzera di Terra Santa<\/strong>: &#8220;Pi\u00f9 della met\u00e0 della popolazione vive gi\u00e0 al di sotto della soglia di povert\u00e0. La disoccupazione, quella giovanile in particolare, sta aumentando in modo esponenziale. Pi\u00f9 di un milione\u00a0 e mezzo di rifugiati siriani sono arrivati in un Paese di sette milioni\u00a0 di abitanti. <span style=\"font-size: inherit\">Decine di migliaia di persone senza prospettive per\u00a0 il futuro sono costrette a vivere nei campi profughi palestinesi sparsi su tutto il territorio. Mentre in molti lasciano il Libano\u00a0 in direzione dell\u2019Europa e del Nord America, le suore di Jabboul\u00e9 confermano il loro impegno in loco&#8221;.<\/span><\/p>\n<p>\u201cCi\u00f2 che pi\u00f9 manca a questo Paese, pi\u00f9 dell\u2019acqua, pi\u00f9 delle infrastrutture, pi\u00f9 dell\u2019elettricit\u00e0, sono persone dedite totalmente al bene comune e che collaborino a tutti i livelli per risolvere i molti problemi che esistono\u201d, \u00e8 l&#8217;auspicio, non senza amarezza, di suor Jocelyne.<\/p>\n<p>Nelle foto inviate dal Libano, uno dei centri di accoglienza gestiti dalle suore di Nostra Signora del Buon Servizio.<\/p>\n","protected":false},"excerpt":{"rendered":"<p>Ore di paura in tutto il Medio Oriente e in particolare in Libano, dove si allarga l&#8217;offensiva israeliana, con quasi 600 morti, mentre si riunisce d&#8217;urgenza il Consiglio di sicurezza dell&#8217;Onu. E proprio dal Libano<\/p>\n","protected":false},"author":3,"featured_media":15988,"comment_status":"closed","ping_status":"closed","sticky":false,"template":"","format":"standard","meta":{"footnotes":""},"categories":[1074,1151],"tags":[2399,1421,2370],"class_list":["post-15987","post","type-post","status-publish","format-standard","has-post-thumbnail","hentry","category-notizie","category-servizio-missionario","tag-lettere-dalle-missioni","tag-libano","tag-suore-di-nostra-signora-del-buon-servizio"],"acf":{"seed-localization-paese-cod":"IT","seed-localization-address":"","seed-localization-citta":"Trento","seed-localization-regione-cod-istat":"04","seed-localization-citta-cod-istat":"022205","seed-localization-localita":"","seed-localization-cap":"","seed-localization-marker-visibility":false,"seed-localization-children-visibility":false,"seed-localization-kml":"","seed-localization-custom-marker":""},"yoast_head":"<!-- This site is optimized with the Yoast SEO Premium plugin v20.2.1 (Yoast SEO v22.2) - https:\/\/yoast.com\/wordpress\/plugins\/seo\/ -->\n<title>Libano, testimonianza delle suore sostenute dalla Diocesi di Trento<\/title>\n<meta name=\"description\" content=\"Paura in Libano: la testimonianza delle religiose sostenute dalla Diocesi di Trento: &quot;Notizie drammatiche&quot;\" \/>\n<meta name=\"robots\" content=\"index, follow, max-snippet:-1, max-image-preview:large, max-video-preview:-1\" \/>\n<link rel=\"canonical\" href=\"https:\/\/www.diocesitn.it\/area-testimonianza\/2024\/09\/25\/dal-libano-sotto-attacco-la-testimonianza-delle-religiose-sostenute-dalla-diocesi-di-trento-notizie-drammatiche-la-bramosia-del-potere-acceca-la-vista\/\" \/>\n<meta property=\"og:locale\" content=\"it_IT\" \/>\n<meta property=\"og:type\" content=\"article\" \/>\n<meta property=\"og:title\" content=\"Dal Libano sotto attacco la testimonianza delle religiose sostenute dalla Diocesi di Trento: &quot;Notizie drammatiche. La bramosia del potere acceca la vista&quot;\" \/>\n<meta property=\"og:description\" content=\"Paura in Libano: la testimonianza delle religiose sostenute dalla Diocesi di Trento: &quot;Notizie drammatiche&quot;\" \/>\n<meta property=\"og:url\" content=\"https:\/\/www.diocesitn.it\/area-testimonianza\/2024\/09\/25\/dal-libano-sotto-attacco-la-testimonianza-delle-religiose-sostenute-dalla-diocesi-di-trento-notizie-drammatiche-la-bramosia-del-potere-acceca-la-vista\/\" \/>\n<meta property=\"og:site_name\" content=\"Testimonianza e Impegno sociale\" \/>\n<meta property=\"article:published_time\" content=\"2024-09-25T12:53:25+00:00\" \/>\n<meta property=\"article:modified_time\" content=\"2024-11-05T08:19:18+00:00\" \/>\n<meta property=\"og:image\" content=\"https:\/\/www.diocesitn.it\/area-testimonianza\/wp-content\/uploads\/sites\/37\/2024\/09\/Libano_Jabboule.jpg\" \/>\n\t<meta property=\"og:image:width\" content=\"1038\" \/>\n\t<meta property=\"og:image:height\" content=\"670\" \/>\n\t<meta property=\"og:image:type\" content=\"image\/jpeg\" \/>\n<meta name=\"author\" content=\"Piergiorgio Franceschini\" \/>\n<meta name=\"twitter:card\" content=\"summary_large_image\" \/>\n<meta name=\"twitter:label1\" content=\"Scritto da\" \/>\n\t<meta name=\"twitter:data1\" content=\"Piergiorgio Franceschini\" \/>\n\t<meta name=\"twitter:label2\" content=\"Tempo di lettura stimato\" \/>\n\t<meta name=\"twitter:data2\" content=\"3 minuti\" \/>\n<script type=\"application\/ld+json\" class=\"yoast-schema-graph\">{\"@context\":\"https:\/\/schema.org\",\"@graph\":[{\"@type\":\"Article\",\"@id\":\"https:\/\/www.diocesitn.it\/area-testimonianza\/2024\/09\/25\/dal-libano-sotto-attacco-la-testimonianza-delle-religiose-sostenute-dalla-diocesi-di-trento-notizie-drammatiche-la-bramosia-del-potere-acceca-la-vista\/#article\",\"isPartOf\":{\"@id\":\"https:\/\/www.diocesitn.it\/area-testimonianza\/2024\/09\/25\/dal-libano-sotto-attacco-la-testimonianza-delle-religiose-sostenute-dalla-diocesi-di-trento-notizie-drammatiche-la-bramosia-del-potere-acceca-la-vista\/\"},\"author\":{\"name\":\"Piergiorgio Franceschini\",\"@id\":\"https:\/\/www.diocesitn.it\/area-testimonianza\/#\/schema\/person\/99590c84577873a025247b6aeb16ad2e\"},\"headline\":\"Dal Libano sotto attacco la testimonianza delle religiose sostenute dalla Diocesi di Trento: &#8220;Notizie drammatiche. La bramosia del potere acceca la vista&#8221;\",\"datePublished\":\"2024-09-25T12:53:25+00:00\",\"dateModified\":\"2024-11-05T08:19:18+00:00\",\"mainEntityOfPage\":{\"@id\":\"https:\/\/www.diocesitn.it\/area-testimonianza\/2024\/09\/25\/dal-libano-sotto-attacco-la-testimonianza-delle-religiose-sostenute-dalla-diocesi-di-trento-notizie-drammatiche-la-bramosia-del-potere-acceca-la-vista\/\"},\"wordCount\":451,\"publisher\":{\"@id\":\"https:\/\/www.diocesitn.it\/area-testimonianza\/#organization\"},\"image\":{\"@id\":\"https:\/\/www.diocesitn.it\/area-testimonianza\/2024\/09\/25\/dal-libano-sotto-attacco-la-testimonianza-delle-religiose-sostenute-dalla-diocesi-di-trento-notizie-drammatiche-la-bramosia-del-potere-acceca-la-vista\/#primaryimage\"},\"thumbnailUrl\":\"https:\/\/www.diocesitn.it\/area-testimonianza\/wp-content\/uploads\/sites\/37\/2024\/09\/Libano_Jabboule.jpg\",\"keywords\":[\"lettere dalle missioni\",\"Libano\",\"suore di Nostra Signora del Buon Servizio\"],\"articleSection\":[\"Notizie\",\"Pastorale Missionaria\"],\"inLanguage\":\"it-IT\",\"copyrightYear\":\"2024\",\"copyrightHolder\":{\"@id\":\"https:\/\/www.diocesitn.it\/#organization\"}},{\"@type\":\"WebPage\",\"@id\":\"https:\/\/www.diocesitn.it\/area-testimonianza\/2024\/09\/25\/dal-libano-sotto-attacco-la-testimonianza-delle-religiose-sostenute-dalla-diocesi-di-trento-notizie-drammatiche-la-bramosia-del-potere-acceca-la-vista\/\",\"url\":\"https:\/\/www.diocesitn.it\/area-testimonianza\/2024\/09\/25\/dal-libano-sotto-attacco-la-testimonianza-delle-religiose-sostenute-dalla-diocesi-di-trento-notizie-drammatiche-la-bramosia-del-potere-acceca-la-vista\/\",\"name\":\"Libano, testimonianza delle suore sostenute dalla Diocesi di Trento\",\"isPartOf\":{\"@id\":\"https:\/\/www.diocesitn.it\/area-testimonianza\/#website\"},\"primaryImageOfPage\":{\"@id\":\"https:\/\/www.diocesitn.it\/area-testimonianza\/2024\/09\/25\/dal-libano-sotto-attacco-la-testimonianza-delle-religiose-sostenute-dalla-diocesi-di-trento-notizie-drammatiche-la-bramosia-del-potere-acceca-la-vista\/#primaryimage\"},\"image\":{\"@id\":\"https:\/\/www.diocesitn.it\/area-testimonianza\/2024\/09\/25\/dal-libano-sotto-attacco-la-testimonianza-delle-religiose-sostenute-dalla-diocesi-di-trento-notizie-drammatiche-la-bramosia-del-potere-acceca-la-vista\/#primaryimage\"},\"thumbnailUrl\":\"https:\/\/www.diocesitn.it\/area-testimonianza\/wp-content\/uploads\/sites\/37\/2024\/09\/Libano_Jabboule.jpg\",\"datePublished\":\"2024-09-25T12:53:25+00:00\",\"dateModified\":\"2024-11-05T08:19:18+00:00\",\"description\":\"Paura in Libano: la testimonianza delle religiose sostenute dalla Diocesi di Trento: \\\"Notizie drammatiche\\\"\",\"breadcrumb\":{\"@id\":\"https:\/\/www.diocesitn.it\/area-testimonianza\/2024\/09\/25\/dal-libano-sotto-attacco-la-testimonianza-delle-religiose-sostenute-dalla-diocesi-di-trento-notizie-drammatiche-la-bramosia-del-potere-acceca-la-vista\/#breadcrumb\"},\"inLanguage\":\"it-IT\",\"potentialAction\":[{\"@type\":\"ReadAction\",\"target\":[\"https:\/\/www.diocesitn.it\/area-testimonianza\/2024\/09\/25\/dal-libano-sotto-attacco-la-testimonianza-delle-religiose-sostenute-dalla-diocesi-di-trento-notizie-drammatiche-la-bramosia-del-potere-acceca-la-vista\/\"]}]},{\"@type\":\"ImageObject\",\"inLanguage\":\"it-IT\",\"@id\":\"https:\/\/www.diocesitn.it\/area-testimonianza\/2024\/09\/25\/dal-libano-sotto-attacco-la-testimonianza-delle-religiose-sostenute-dalla-diocesi-di-trento-notizie-drammatiche-la-bramosia-del-potere-acceca-la-vista\/#primaryimage\",\"url\":\"https:\/\/www.diocesitn.it\/area-testimonianza\/wp-content\/uploads\/sites\/37\/2024\/09\/Libano_Jabboule.jpg\",\"contentUrl\":\"https:\/\/www.diocesitn.it\/area-testimonianza\/wp-content\/uploads\/sites\/37\/2024\/09\/Libano_Jabboule.jpg\",\"width\":1038,\"height\":670},{\"@type\":\"BreadcrumbList\",\"@id\":\"https:\/\/www.diocesitn.it\/area-testimonianza\/2024\/09\/25\/dal-libano-sotto-attacco-la-testimonianza-delle-religiose-sostenute-dalla-diocesi-di-trento-notizie-drammatiche-la-bramosia-del-potere-acceca-la-vista\/#breadcrumb\",\"itemListElement\":[{\"@type\":\"ListItem\",\"position\":1,\"name\":\"Home\",\"item\":\"https:\/\/www.diocesitn.it\/area-testimonianza\/\"},{\"@type\":\"ListItem\",\"position\":2,\"name\":\"Dal Libano sotto attacco la testimonianza delle religiose sostenute dalla Diocesi di Trento: &#8220;Notizie drammatiche. La bramosia del potere acceca la vista&#8221;\"}]},{\"@type\":\"WebSite\",\"@id\":\"https:\/\/www.diocesitn.it\/area-testimonianza\/#website\",\"url\":\"https:\/\/www.diocesitn.it\/area-testimonianza\/\",\"name\":\"Testimonianza e Impegno sociale\",\"description\":\"Chiesa di Trento\",\"publisher\":{\"@id\":\"https:\/\/www.diocesitn.it\/area-testimonianza\/#organization\"},\"potentialAction\":[{\"@type\":\"SearchAction\",\"target\":{\"@type\":\"EntryPoint\",\"urlTemplate\":\"https:\/\/www.diocesitn.it\/area-testimonianza\/?s={search_term_string}\"},\"query-input\":\"required name=search_term_string\"}],\"inLanguage\":\"it-IT\"},{\"@type\":[\"Organization\",\"Place\"],\"@id\":\"https:\/\/www.diocesitn.it\/area-testimonianza\/#organization\",\"name\":\"Area Testimonianza e Impegno Sociale - Chiesa di Trento\",\"url\":\"https:\/\/www.diocesitn.it\/area-testimonianza\/\",\"logo\":{\"@id\":\"https:\/\/www.diocesitn.it\/area-testimonianza\/2024\/09\/25\/dal-libano-sotto-attacco-la-testimonianza-delle-religiose-sostenute-dalla-diocesi-di-trento-notizie-drammatiche-la-bramosia-del-potere-acceca-la-vista\/#local-main-organization-logo\"},\"image\":{\"@id\":\"https:\/\/www.diocesitn.it\/area-testimonianza\/2024\/09\/25\/dal-libano-sotto-attacco-la-testimonianza-delle-religiose-sostenute-dalla-diocesi-di-trento-notizie-drammatiche-la-bramosia-del-potere-acceca-la-vista\/#local-main-organization-logo\"},\"openingHoursSpecification\":[{\"@type\":\"OpeningHoursSpecification\",\"dayOfWeek\":[\"Monday\",\"Tuesday\",\"Wednesday\",\"Thursday\",\"Friday\",\"Saturday\",\"Sunday\"],\"opens\":\"09:00\",\"closes\":\"17:00\"}]},{\"@type\":\"ImageObject\",\"inLanguage\":\"it-IT\",\"@id\":\"https:\/\/www.diocesitn.it\/area-testimonianza\/2024\/09\/25\/dal-libano-sotto-attacco-la-testimonianza-delle-religiose-sostenute-dalla-diocesi-di-trento-notizie-drammatiche-la-bramosia-del-potere-acceca-la-vista\/#local-main-organization-logo\",\"url\":\"https:\/\/www.diocesitn.it\/area-testimonianza\/wp-content\/uploads\/sites\/37\/2021\/09\/og-logo-testimonianza-e-impegno-sociale.jpg\",\"contentUrl\":\"https:\/\/www.diocesitn.it\/area-testimonianza\/wp-content\/uploads\/sites\/37\/2021\/09\/og-logo-testimonianza-e-impegno-sociale.jpg\",\"width\":1200,\"height\":630,\"caption\":\"Area Testimonianza e Impegno Sociale - Chiesa di Trento\"}]}<\/script>\n<!-- \/ Yoast SEO Premium plugin. -->","yoast_head_json":{"title":"Libano, testimonianza delle suore sostenute dalla Diocesi di Trento","description":"Paura in Libano: la testimonianza delle religiose sostenute dalla Diocesi di Trento: \"Notizie drammatiche\"","robots":{"index":"index","follow":"follow","max-snippet":"max-snippet:-1","max-image-preview":"max-image-preview:large","max-video-preview":"max-video-preview:-1"},"canonical":"https:\/\/www.diocesitn.it\/area-testimonianza\/2024\/09\/25\/dal-libano-sotto-attacco-la-testimonianza-delle-religiose-sostenute-dalla-diocesi-di-trento-notizie-drammatiche-la-bramosia-del-potere-acceca-la-vista\/","og_locale":"it_IT","og_type":"article","og_title":"Dal Libano sotto attacco la testimonianza delle religiose sostenute dalla Diocesi di Trento: \"Notizie drammatiche. La bramosia del potere acceca la vista\"","og_description":"Paura in Libano: la testimonianza delle religiose sostenute dalla Diocesi di Trento: \"Notizie drammatiche\"","og_url":"https:\/\/www.diocesitn.it\/area-testimonianza\/2024\/09\/25\/dal-libano-sotto-attacco-la-testimonianza-delle-religiose-sostenute-dalla-diocesi-di-trento-notizie-drammatiche-la-bramosia-del-potere-acceca-la-vista\/","og_site_name":"Testimonianza e Impegno sociale","article_published_time":"2024-09-25T12:53:25+00:00","article_modified_time":"2024-11-05T08:19:18+00:00","og_image":[{"width":1038,"height":670,"url":"https:\/\/www.diocesitn.it\/area-testimonianza\/wp-content\/uploads\/sites\/37\/2024\/09\/Libano_Jabboule.jpg","type":"image\/jpeg"}],"author":"Piergiorgio Franceschini","twitter_card":"summary_large_image","twitter_misc":{"Scritto da":"Piergiorgio Franceschini","Tempo di lettura stimato":"3 minuti"},"schema":{"@context":"https:\/\/schema.org","@graph":[{"@type":"Article","@id":"https:\/\/www.diocesitn.it\/area-testimonianza\/2024\/09\/25\/dal-libano-sotto-attacco-la-testimonianza-delle-religiose-sostenute-dalla-diocesi-di-trento-notizie-drammatiche-la-bramosia-del-potere-acceca-la-vista\/#article","isPartOf":{"@id":"https:\/\/www.diocesitn.it\/area-testimonianza\/2024\/09\/25\/dal-libano-sotto-attacco-la-testimonianza-delle-religiose-sostenute-dalla-diocesi-di-trento-notizie-drammatiche-la-bramosia-del-potere-acceca-la-vista\/"},"author":{"name":"Piergiorgio Franceschini","@id":"https:\/\/www.diocesitn.it\/area-testimonianza\/#\/schema\/person\/99590c84577873a025247b6aeb16ad2e"},"headline":"Dal Libano sotto attacco la testimonianza delle religiose sostenute dalla Diocesi di Trento: &#8220;Notizie drammatiche. La bramosia del potere acceca la vista&#8221;","datePublished":"2024-09-25T12:53:25+00:00","dateModified":"2024-11-05T08:19:18+00:00","mainEntityOfPage":{"@id":"https:\/\/www.diocesitn.it\/area-testimonianza\/2024\/09\/25\/dal-libano-sotto-attacco-la-testimonianza-delle-religiose-sostenute-dalla-diocesi-di-trento-notizie-drammatiche-la-bramosia-del-potere-acceca-la-vista\/"},"wordCount":451,"publisher":{"@id":"https:\/\/www.diocesitn.it\/area-testimonianza\/#organization"},"image":{"@id":"https:\/\/www.diocesitn.it\/area-testimonianza\/2024\/09\/25\/dal-libano-sotto-attacco-la-testimonianza-delle-religiose-sostenute-dalla-diocesi-di-trento-notizie-drammatiche-la-bramosia-del-potere-acceca-la-vista\/#primaryimage"},"thumbnailUrl":"https:\/\/www.diocesitn.it\/area-testimonianza\/wp-content\/uploads\/sites\/37\/2024\/09\/Libano_Jabboule.jpg","keywords":["lettere dalle missioni","Libano","suore di Nostra Signora del Buon Servizio"],"articleSection":["Notizie","Pastorale Missionaria"],"inLanguage":"it-IT","copyrightYear":"2024","copyrightHolder":{"@id":"https:\/\/www.diocesitn.it\/#organization"}},{"@type":"WebPage","@id":"https:\/\/www.diocesitn.it\/area-testimonianza\/2024\/09\/25\/dal-libano-sotto-attacco-la-testimonianza-delle-religiose-sostenute-dalla-diocesi-di-trento-notizie-drammatiche-la-bramosia-del-potere-acceca-la-vista\/","url":"https:\/\/www.diocesitn.it\/area-testimonianza\/2024\/09\/25\/dal-libano-sotto-attacco-la-testimonianza-delle-religiose-sostenute-dalla-diocesi-di-trento-notizie-drammatiche-la-bramosia-del-potere-acceca-la-vista\/","name":"Libano, testimonianza delle suore sostenute dalla Diocesi di Trento","isPartOf":{"@id":"https:\/\/www.diocesitn.it\/area-testimonianza\/#website"},"primaryImageOfPage":{"@id":"https:\/\/www.diocesitn.it\/area-testimonianza\/2024\/09\/25\/dal-libano-sotto-attacco-la-testimonianza-delle-religiose-sostenute-dalla-diocesi-di-trento-notizie-drammatiche-la-bramosia-del-potere-acceca-la-vista\/#primaryimage"},"image":{"@id":"https:\/\/www.diocesitn.it\/area-testimonianza\/2024\/09\/25\/dal-libano-sotto-attacco-la-testimonianza-delle-religiose-sostenute-dalla-diocesi-di-trento-notizie-drammatiche-la-bramosia-del-potere-acceca-la-vista\/#primaryimage"},"thumbnailUrl":"https:\/\/www.diocesitn.it\/area-testimonianza\/wp-content\/uploads\/sites\/37\/2024\/09\/Libano_Jabboule.jpg","datePublished":"2024-09-25T12:53:25+00:00","dateModified":"2024-11-05T08:19:18+00:00","description":"Paura in Libano: la testimonianza delle religiose sostenute dalla Diocesi di Trento: \"Notizie drammatiche\"","breadcrumb":{"@id":"https:\/\/www.diocesitn.it\/area-testimonianza\/2024\/09\/25\/dal-libano-sotto-attacco-la-testimonianza-delle-religiose-sostenute-dalla-diocesi-di-trento-notizie-drammatiche-la-bramosia-del-potere-acceca-la-vista\/#breadcrumb"},"inLanguage":"it-IT","potentialAction":[{"@type":"ReadAction","target":["https:\/\/www.diocesitn.it\/area-testimonianza\/2024\/09\/25\/dal-libano-sotto-attacco-la-testimonianza-delle-religiose-sostenute-dalla-diocesi-di-trento-notizie-drammatiche-la-bramosia-del-potere-acceca-la-vista\/"]}]},{"@type":"ImageObject","inLanguage":"it-IT","@id":"https:\/\/www.diocesitn.it\/area-testimonianza\/2024\/09\/25\/dal-libano-sotto-attacco-la-testimonianza-delle-religiose-sostenute-dalla-diocesi-di-trento-notizie-drammatiche-la-bramosia-del-potere-acceca-la-vista\/#primaryimage","url":"https:\/\/www.diocesitn.it\/area-testimonianza\/wp-content\/uploads\/sites\/37\/2024\/09\/Libano_Jabboule.jpg","contentUrl":"https:\/\/www.diocesitn.it\/area-testimonianza\/wp-content\/uploads\/sites\/37\/2024\/09\/Libano_Jabboule.jpg","width":1038,"height":670},{"@type":"BreadcrumbList","@id":"https:\/\/www.diocesitn.it\/area-testimonianza\/2024\/09\/25\/dal-libano-sotto-attacco-la-testimonianza-delle-religiose-sostenute-dalla-diocesi-di-trento-notizie-drammatiche-la-bramosia-del-potere-acceca-la-vista\/#breadcrumb","itemListElement":[{"@type":"ListItem","position":1,"name":"Home","item":"https:\/\/www.diocesitn.it\/area-testimonianza\/"},{"@type":"ListItem","position":2,"name":"Dal Libano sotto attacco la testimonianza delle religiose sostenute dalla Diocesi di Trento: &#8220;Notizie drammatiche. La bramosia del potere acceca la vista&#8221;"}]},{"@type":"WebSite","@id":"https:\/\/www.diocesitn.it\/area-testimonianza\/#website","url":"https:\/\/www.diocesitn.it\/area-testimonianza\/","name":"Testimonianza e Impegno sociale","description":"Chiesa di Trento","publisher":{"@id":"https:\/\/www.diocesitn.it\/area-testimonianza\/#organization"},"potentialAction":[{"@type":"SearchAction","target":{"@type":"EntryPoint","urlTemplate":"https:\/\/www.diocesitn.it\/area-testimonianza\/?s={search_term_string}"},"query-input":"required name=search_term_string"}],"inLanguage":"it-IT"},{"@type":["Organization","Place"],"@id":"https:\/\/www.diocesitn.it\/area-testimonianza\/#organization","name":"Area Testimonianza e Impegno Sociale - Chiesa di Trento","url":"https:\/\/www.diocesitn.it\/area-testimonianza\/","logo":{"@id":"https:\/\/www.diocesitn.it\/area-testimonianza\/2024\/09\/25\/dal-libano-sotto-attacco-la-testimonianza-delle-religiose-sostenute-dalla-diocesi-di-trento-notizie-drammatiche-la-bramosia-del-potere-acceca-la-vista\/#local-main-organization-logo"},"image":{"@id":"https:\/\/www.diocesitn.it\/area-testimonianza\/2024\/09\/25\/dal-libano-sotto-attacco-la-testimonianza-delle-religiose-sostenute-dalla-diocesi-di-trento-notizie-drammatiche-la-bramosia-del-potere-acceca-la-vista\/#local-main-organization-logo"},"openingHoursSpecification":[{"@type":"OpeningHoursSpecification","dayOfWeek":["Monday","Tuesday","Wednesday","Thursday","Friday","Saturday","Sunday"],"opens":"09:00","closes":"17:00"}]},{"@type":"ImageObject","inLanguage":"it-IT","@id":"https:\/\/www.diocesitn.it\/area-testimonianza\/2024\/09\/25\/dal-libano-sotto-attacco-la-testimonianza-delle-religiose-sostenute-dalla-diocesi-di-trento-notizie-drammatiche-la-bramosia-del-potere-acceca-la-vista\/#local-main-organization-logo","url":"https:\/\/www.diocesitn.it\/area-testimonianza\/wp-content\/uploads\/sites\/37\/2021\/09\/og-logo-testimonianza-e-impegno-sociale.jpg","contentUrl":"https:\/\/www.diocesitn.it\/area-testimonianza\/wp-content\/uploads\/sites\/37\/2021\/09\/og-logo-testimonianza-e-impegno-sociale.jpg","width":1200,"height":630,"caption":"Area Testimonianza e Impegno Sociale - Chiesa di Trento"}]}},"_links":{"self":[{"href":"https:\/\/www.diocesitn.it\/area-testimonianza\/wp-json\/wp\/v2\/posts\/15987","targetHints":{"allow":["GET"]}}],"collection":[{"href":"https:\/\/www.diocesitn.it\/area-testimonianza\/wp-json\/wp\/v2\/posts"}],"about":[{"href":"https:\/\/www.diocesitn.it\/area-testimonianza\/wp-json\/wp\/v2\/types\/post"}],"author":[{"embeddable":true,"href":"https:\/\/www.diocesitn.it\/area-testimonianza\/wp-json\/wp\/v2\/users\/3"}],"replies":[{"embeddable":true,"href":"https:\/\/www.diocesitn.it\/area-testimonianza\/wp-json\/wp\/v2\/comments?post=15987"}],"version-history":[{"count":3,"href":"https:\/\/www.diocesitn.it\/area-testimonianza\/wp-json\/wp\/v2\/posts\/15987\/revisions"}],"predecessor-version":[{"id":16027,"href":"https:\/\/www.diocesitn.it\/area-testimonianza\/wp-json\/wp\/v2\/posts\/15987\/revisions\/16027"}],"wp:featuredmedia":[{"embeddable":true,"href":"https:\/\/www.diocesitn.it\/area-testimonianza\/wp-json\/wp\/v2\/media\/15988"}],"wp:attachment":[{"href":"https:\/\/www.diocesitn.it\/area-testimonianza\/wp-json\/wp\/v2\/media?parent=15987"}],"wp:term":[{"taxonomy":"category","embeddable":true,"href":"https:\/\/www.diocesitn.it\/area-testimonianza\/wp-json\/wp\/v2\/categories?post=15987"},{"taxonomy":"post_tag","embeddable":true,"href":"https:\/\/www.diocesitn.it\/area-testimonianza\/wp-json\/wp\/v2\/tags?post=15987"}],"curies":[{"name":"wp","href":"https:\/\/api.w.org\/{rel}","templated":true}]}}