{"id":15943,"date":"2024-09-23T16:08:25","date_gmt":"2024-09-23T14:08:25","guid":{"rendered":"https:\/\/www.diocesitn.it\/area-testimonianza\/2024\/09\/23\/religion-today-film-festival-il-trentino-andrea-franceschini-sbanca-con-il-documentario-bridging-the-gap\/"},"modified":"2024-11-05T09:18:36","modified_gmt":"2024-11-05T08:18:36","slug":"religion-today-film-festival-il-trentino-andrea-franceschini-sbanca-con-il-documentario-bridging-the-gap","status":"publish","type":"post","link":"https:\/\/www.diocesitn.it\/area-testimonianza\/2024\/09\/23\/religion-today-film-festival-il-trentino-andrea-franceschini-sbanca-con-il-documentario-bridging-the-gap\/","title":{"rendered":"Religion Today Film Festival: il trentino Andrea Franceschini \u201csbanca\u201d con il documentario \u201cBridging The Gap\u201d"},"content":{"rendered":"<p><img loading=\"lazy\" decoding=\"async\" class=\"wp-image-15945 size-medium alignleft\" src=\"https:\/\/www.diocesitn.it\/area-testimonianza\/wp-content\/uploads\/sites\/37\/2024\/09\/22092024-_DSC2034-scaled-230x300.jpg\" alt=\"\" width=\"230\" height=\"300\" srcset=\"https:\/\/www.diocesitn.it\/area-testimonianza\/wp-content\/uploads\/sites\/37\/2024\/09\/22092024-_DSC2034-scaled-230x300.jpg 230w, https:\/\/www.diocesitn.it\/area-testimonianza\/wp-content\/uploads\/sites\/37\/2024\/09\/22092024-_DSC2034-scaled-786x1024.jpg 786w, https:\/\/www.diocesitn.it\/area-testimonianza\/wp-content\/uploads\/sites\/37\/2024\/09\/22092024-_DSC2034-scaled-768x1001.jpg 768w, https:\/\/www.diocesitn.it\/area-testimonianza\/wp-content\/uploads\/sites\/37\/2024\/09\/22092024-_DSC2034-scaled-215x280.jpg 215w, https:\/\/www.diocesitn.it\/area-testimonianza\/wp-content\/uploads\/sites\/37\/2024\/09\/22092024-_DSC2034-scaled-589x768.jpg 589w, https:\/\/www.diocesitn.it\/area-testimonianza\/wp-content\/uploads\/sites\/37\/2024\/09\/22092024-_DSC2034-scaled-1178x1536.jpg 1178w, https:\/\/www.diocesitn.it\/area-testimonianza\/wp-content\/uploads\/sites\/37\/2024\/09\/22092024-_DSC2034-scaled-1571x2048.jpg 1571w, https:\/\/www.diocesitn.it\/area-testimonianza\/wp-content\/uploads\/sites\/37\/2024\/09\/22092024-_DSC2034-scaled-800x1043.jpg 800w, https:\/\/www.diocesitn.it\/area-testimonianza\/wp-content\/uploads\/sites\/37\/2024\/09\/22092024-_DSC2034-scaled-1200x1564.jpg 1200w, https:\/\/www.diocesitn.it\/area-testimonianza\/wp-content\/uploads\/sites\/37\/2024\/09\/22092024-_DSC2034-scaled.jpg 1964w\" sizes=\"auto, (max-width: 230px) 100vw, 230px\" \/><a href=\"https:\/\/rtff.it\/\" target=\"_blank\" rel=\"noopener\">Religion Today Film Festival<\/a> regala due grandi successi ad<strong> Andrea Franceschini, autore trentino, <\/strong>che viene<strong> insignito del premio come Miglior Documentario dalla giuria internazionale e del premio CinemAMoRE, dalla giuria \u201cpopoli e religioni\u201d.<\/strong><!--more--><\/p>\n<p>Il suo<strong> \u201cBridging the Gap\u201d (Italia, 42\u2019) <\/strong>ha rapito giurati e pubblico con la sua autenticit\u00e0 e il suo messaggio di dialogo e cooperazione tra persone di fede e culture diverse: il documentario infatti racconta di come in Myanmar, due comunit\u00e0 di cristiani e buddisti decidano di collaborare insieme nella creazione di materiale musicale, che crei unione. \u201cIl mio film parla di dialogo religioso, dunque calza a pennello con Religion Today: qui \u00e8 un luogo di confronto, conoscenza e dialogo per me molto importante\u201d dichiara Franceschini.<\/p>\n<p>La <strong>Cerimonia di Premiazione di questa 27esima edizione<\/strong> si \u00e8 tenuta il 22 settembre a <strong>Montagnaga di Pin\u00e9<\/strong>, presso \u201c<strong>Casa Iride<\/strong>\u201d, sede della giovane associazione <strong>Shem\u00e0<\/strong>, con la quale Religion Today ha instaurato una solida collaborazione negli anni. Tanti i registi, produttori e lavoratori del settore da tutto il mondo che erano presenti all\u2019evento trentino.<\/p>\n<p>Un altro italiano ha raggiunto il \u201cpodio\u201d della rassegna, <strong>Denis Nazzari, regista di \u201cA Proof of Love<\/strong>\u201d (Italia 10\u2019), short che ha vinto il \u201c<strong>Gran Premio nello Spirito della Fede<\/strong>\u201d, riconoscimento pi\u00f9 rappresentativo di Religion Today Film Festival. In pochi minuti di proiezione, Nazzari riesce a toccare le corde pi\u00f9 profonde, raccontando la disabilit\u00e0 all\u2019interno di una coppia.<\/p>\n<p><strong>The Erl-King (Serbia 92\u2019) di Goran Radovanovic <\/strong>si porta a casa invece il premio come miglior <em>feature film<\/em>, con un racconto di una famiglia della Serbia di fine anni 90, che vive una faticosa quotidianit\u00e0 tra sanzioni internazionali e assenza del padre.<\/p>\n<p>Come miglior documentario <em>short<\/em> \u00e8 stato battezzato <strong>\u201cDhye Dreams\u201d (Nepal 27\u2019) di Shanta Nepali, <\/strong>un viaggio nella vita himalayana di 3 donne nei villaggi tibetani in Nepal.<\/p>\n<p><strong>\u201cAppalachia\u201d (Romania 28\u2019), di Roxana Stroe <\/strong>\u00e8 stato riconosciuto come <em>best<\/em> cortometraggio col suo racconto di una giovane coppia nella Romania pi\u00f9 \u201cprofonda e conservatrice\u201d.<\/p>\n<p>Tanti altri i premi e le menzioni che le numerose giurie del Festival hanno consegnato a Pin\u00e8, a testimonianza della capacit\u00e0 di Religion Today di riuscire a fare \u201cnetwork\u201d, su scala locale, nazionale ed internazionale.<\/p>\n<p>A questa 27esima edizione hanno partecipato <strong>64 film in concorso, provenienti da 32 Paesi diversi: <\/strong><strong>mercoled\u00ec 25 settembre, a Bolzano, <\/strong><strong>la giuria formata dai giovani studenti del liceo Pascoli annuncer\u00e0 l\u2019ultimo premio mancante, il \u201cFilm for our Future\u201d Award.<\/strong><\/p>\n","protected":false},"excerpt":{"rendered":"<p>Religion Today Film Festival regala due grandi successi ad Andrea Franceschini, autore trentino, che viene insignito del premio come Miglior Documentario dalla giuria internazionale e del premio CinemAMoRE, dalla giuria \u201cpopoli e religioni\u201d.<\/p>\n","protected":false},"author":168,"featured_media":15944,"comment_status":"closed","ping_status":"closed","sticky":false,"template":"","format":"standard","meta":{"footnotes":""},"categories":[1695,1074],"tags":[2368],"class_list":["post-15943","post","type-post","status-publish","format-standard","has-post-thumbnail","hentry","category-area-testimonianza-e-impegno-sociale","category-notizie","tag-religion-today-film-festival"],"acf":{"seed-localization-paese-cod":"IT","seed-localization-address":"","seed-localization-citta":"Trento","seed-localization-regione-cod-istat":"04","seed-localization-citta-cod-istat":"022205","seed-localization-localita":"","seed-localization-cap":"","seed-localization-marker-visibility":false,"seed-localization-children-visibility":false,"seed-localization-kml":"","seed-localization-custom-marker":""},"yoast_head":"<!-- This site is optimized with the Yoast SEO Premium plugin v20.2.1 (Yoast SEO v22.2) - https:\/\/yoast.com\/wordpress\/plugins\/seo\/ -->\n<title>Religion Today Film Festival: il trentino Andrea Franceschini \u201csbanca\u201d con il documentario \u201cBridging The Gap\u201d - Testimonianza e Impegno sociale<\/title>\n<meta name=\"robots\" content=\"index, follow, max-snippet:-1, max-image-preview:large, max-video-preview:-1\" \/>\n<link rel=\"canonical\" href=\"https:\/\/www.diocesitn.it\/area-testimonianza\/2024\/09\/23\/religion-today-film-festival-il-trentino-andrea-franceschini-sbanca-con-il-documentario-bridging-the-gap\/\" \/>\n<meta property=\"og:locale\" content=\"it_IT\" \/>\n<meta property=\"og:type\" content=\"article\" \/>\n<meta property=\"og:title\" content=\"Religion Today Film Festival: il trentino Andrea Franceschini \u201csbanca\u201d con il documentario \u201cBridging The Gap\u201d\" \/>\n<meta property=\"og:description\" content=\"Religion Today Film Festival regala due grandi successi ad Andrea Franceschini, autore trentino, che viene insignito del premio come Miglior Documentario dalla giuria internazionale e del premio CinemAMoRE, dalla giuria \u201cpopoli e religioni\u201d.\" \/>\n<meta property=\"og:url\" content=\"https:\/\/www.diocesitn.it\/area-testimonianza\/2024\/09\/23\/religion-today-film-festival-il-trentino-andrea-franceschini-sbanca-con-il-documentario-bridging-the-gap\/\" \/>\n<meta property=\"og:site_name\" content=\"Testimonianza e Impegno sociale\" \/>\n<meta property=\"article:published_time\" content=\"2024-09-23T14:08:25+00:00\" \/>\n<meta property=\"article:modified_time\" content=\"2024-11-05T08:18:36+00:00\" \/>\n<meta property=\"og:image\" content=\"https:\/\/www.diocesitn.it\/area-testimonianza\/wp-content\/uploads\/sites\/37\/2024\/09\/22092024-_DSC1910-scaled.jpg\" \/>\n\t<meta property=\"og:image:width\" content=\"2560\" \/>\n\t<meta property=\"og:image:height\" content=\"1708\" \/>\n\t<meta property=\"og:image:type\" content=\"image\/jpeg\" \/>\n<meta name=\"author\" content=\"losspapot\" \/>\n<meta name=\"twitter:card\" content=\"summary_large_image\" \/>\n<meta name=\"twitter:label1\" content=\"Scritto da\" \/>\n\t<meta name=\"twitter:data1\" content=\"losspapot\" \/>\n\t<meta name=\"twitter:label2\" content=\"Tempo di lettura stimato\" \/>\n\t<meta name=\"twitter:data2\" content=\"3 minuti\" \/>\n<script type=\"application\/ld+json\" class=\"yoast-schema-graph\">{\"@context\":\"https:\/\/schema.org\",\"@graph\":[{\"@type\":\"Article\",\"@id\":\"https:\/\/www.diocesitn.it\/area-testimonianza\/2024\/09\/23\/religion-today-film-festival-il-trentino-andrea-franceschini-sbanca-con-il-documentario-bridging-the-gap\/#article\",\"isPartOf\":{\"@id\":\"https:\/\/www.diocesitn.it\/area-testimonianza\/2024\/09\/23\/religion-today-film-festival-il-trentino-andrea-franceschini-sbanca-con-il-documentario-bridging-the-gap\/\"},\"author\":{\"name\":\"losspapot\",\"@id\":\"https:\/\/www.diocesitn.it\/area-testimonianza\/#\/schema\/person\/3526ceacb35e1aa4c86252e45adfad22\"},\"headline\":\"Religion Today Film Festival: il trentino Andrea Franceschini \u201csbanca\u201d con il documentario \u201cBridging The Gap\u201d\",\"datePublished\":\"2024-09-23T14:08:25+00:00\",\"dateModified\":\"2024-11-05T08:18:36+00:00\",\"mainEntityOfPage\":{\"@id\":\"https:\/\/www.diocesitn.it\/area-testimonianza\/2024\/09\/23\/religion-today-film-festival-il-trentino-andrea-franceschini-sbanca-con-il-documentario-bridging-the-gap\/\"},\"wordCount\":403,\"publisher\":{\"@id\":\"https:\/\/www.diocesitn.it\/area-testimonianza\/#organization\"},\"image\":{\"@id\":\"https:\/\/www.diocesitn.it\/area-testimonianza\/2024\/09\/23\/religion-today-film-festival-il-trentino-andrea-franceschini-sbanca-con-il-documentario-bridging-the-gap\/#primaryimage\"},\"thumbnailUrl\":\"https:\/\/www.diocesitn.it\/area-testimonianza\/wp-content\/uploads\/sites\/37\/2024\/09\/22092024-_DSC1910-scaled.jpg\",\"keywords\":[\"Religion Today Film Festival\"],\"articleSection\":[\"Area Testimonianza e Impegno sociale\",\"Notizie\"],\"inLanguage\":\"it-IT\",\"copyrightYear\":\"2024\",\"copyrightHolder\":{\"@id\":\"https:\/\/www.diocesitn.it\/#organization\"}},{\"@type\":\"WebPage\",\"@id\":\"https:\/\/www.diocesitn.it\/area-testimonianza\/2024\/09\/23\/religion-today-film-festival-il-trentino-andrea-franceschini-sbanca-con-il-documentario-bridging-the-gap\/\",\"url\":\"https:\/\/www.diocesitn.it\/area-testimonianza\/2024\/09\/23\/religion-today-film-festival-il-trentino-andrea-franceschini-sbanca-con-il-documentario-bridging-the-gap\/\",\"name\":\"Religion Today Film Festival: il trentino Andrea Franceschini \u201csbanca\u201d con il documentario \u201cBridging The Gap\u201d - Testimonianza e Impegno sociale\",\"isPartOf\":{\"@id\":\"https:\/\/www.diocesitn.it\/area-testimonianza\/#website\"},\"primaryImageOfPage\":{\"@id\":\"https:\/\/www.diocesitn.it\/area-testimonianza\/2024\/09\/23\/religion-today-film-festival-il-trentino-andrea-franceschini-sbanca-con-il-documentario-bridging-the-gap\/#primaryimage\"},\"image\":{\"@id\":\"https:\/\/www.diocesitn.it\/area-testimonianza\/2024\/09\/23\/religion-today-film-festival-il-trentino-andrea-franceschini-sbanca-con-il-documentario-bridging-the-gap\/#primaryimage\"},\"thumbnailUrl\":\"https:\/\/www.diocesitn.it\/area-testimonianza\/wp-content\/uploads\/sites\/37\/2024\/09\/22092024-_DSC1910-scaled.jpg\",\"datePublished\":\"2024-09-23T14:08:25+00:00\",\"dateModified\":\"2024-11-05T08:18:36+00:00\",\"breadcrumb\":{\"@id\":\"https:\/\/www.diocesitn.it\/area-testimonianza\/2024\/09\/23\/religion-today-film-festival-il-trentino-andrea-franceschini-sbanca-con-il-documentario-bridging-the-gap\/#breadcrumb\"},\"inLanguage\":\"it-IT\",\"potentialAction\":[{\"@type\":\"ReadAction\",\"target\":[\"https:\/\/www.diocesitn.it\/area-testimonianza\/2024\/09\/23\/religion-today-film-festival-il-trentino-andrea-franceschini-sbanca-con-il-documentario-bridging-the-gap\/\"]}]},{\"@type\":\"ImageObject\",\"inLanguage\":\"it-IT\",\"@id\":\"https:\/\/www.diocesitn.it\/area-testimonianza\/2024\/09\/23\/religion-today-film-festival-il-trentino-andrea-franceschini-sbanca-con-il-documentario-bridging-the-gap\/#primaryimage\",\"url\":\"https:\/\/www.diocesitn.it\/area-testimonianza\/wp-content\/uploads\/sites\/37\/2024\/09\/22092024-_DSC1910-scaled.jpg\",\"contentUrl\":\"https:\/\/www.diocesitn.it\/area-testimonianza\/wp-content\/uploads\/sites\/37\/2024\/09\/22092024-_DSC1910-scaled.jpg\",\"width\":2560,\"height\":1708},{\"@type\":\"BreadcrumbList\",\"@id\":\"https:\/\/www.diocesitn.it\/area-testimonianza\/2024\/09\/23\/religion-today-film-festival-il-trentino-andrea-franceschini-sbanca-con-il-documentario-bridging-the-gap\/#breadcrumb\",\"itemListElement\":[{\"@type\":\"ListItem\",\"position\":1,\"name\":\"Home\",\"item\":\"https:\/\/www.diocesitn.it\/area-testimonianza\/\"},{\"@type\":\"ListItem\",\"position\":2,\"name\":\"Religion Today Film Festival: il trentino Andrea Franceschini \u201csbanca\u201d con il documentario \u201cBridging The Gap\u201d\"}]},{\"@type\":\"WebSite\",\"@id\":\"https:\/\/www.diocesitn.it\/area-testimonianza\/#website\",\"url\":\"https:\/\/www.diocesitn.it\/area-testimonianza\/\",\"name\":\"Testimonianza e Impegno sociale\",\"description\":\"Chiesa di Trento\",\"publisher\":{\"@id\":\"https:\/\/www.diocesitn.it\/area-testimonianza\/#organization\"},\"potentialAction\":[{\"@type\":\"SearchAction\",\"target\":{\"@type\":\"EntryPoint\",\"urlTemplate\":\"https:\/\/www.diocesitn.it\/area-testimonianza\/?s={search_term_string}\"},\"query-input\":\"required name=search_term_string\"}],\"inLanguage\":\"it-IT\"},{\"@type\":[\"Organization\",\"Place\"],\"@id\":\"https:\/\/www.diocesitn.it\/area-testimonianza\/#organization\",\"name\":\"Area Testimonianza e Impegno Sociale - Chiesa di Trento\",\"url\":\"https:\/\/www.diocesitn.it\/area-testimonianza\/\",\"logo\":{\"@id\":\"https:\/\/www.diocesitn.it\/area-testimonianza\/2024\/09\/23\/religion-today-film-festival-il-trentino-andrea-franceschini-sbanca-con-il-documentario-bridging-the-gap\/#local-main-organization-logo\"},\"image\":{\"@id\":\"https:\/\/www.diocesitn.it\/area-testimonianza\/2024\/09\/23\/religion-today-film-festival-il-trentino-andrea-franceschini-sbanca-con-il-documentario-bridging-the-gap\/#local-main-organization-logo\"},\"openingHoursSpecification\":[{\"@type\":\"OpeningHoursSpecification\",\"dayOfWeek\":[\"Monday\",\"Tuesday\",\"Wednesday\",\"Thursday\",\"Friday\",\"Saturday\",\"Sunday\"],\"opens\":\"09:00\",\"closes\":\"17:00\"}]},{\"@type\":\"ImageObject\",\"inLanguage\":\"it-IT\",\"@id\":\"https:\/\/www.diocesitn.it\/area-testimonianza\/2024\/09\/23\/religion-today-film-festival-il-trentino-andrea-franceschini-sbanca-con-il-documentario-bridging-the-gap\/#local-main-organization-logo\",\"url\":\"https:\/\/www.diocesitn.it\/area-testimonianza\/wp-content\/uploads\/sites\/37\/2021\/09\/og-logo-testimonianza-e-impegno-sociale.jpg\",\"contentUrl\":\"https:\/\/www.diocesitn.it\/area-testimonianza\/wp-content\/uploads\/sites\/37\/2021\/09\/og-logo-testimonianza-e-impegno-sociale.jpg\",\"width\":1200,\"height\":630,\"caption\":\"Area Testimonianza e Impegno Sociale - Chiesa di Trento\"}]}<\/script>\n<!-- \/ Yoast SEO Premium plugin. -->","yoast_head_json":{"title":"Religion Today Film Festival: il trentino Andrea Franceschini \u201csbanca\u201d con il documentario \u201cBridging The Gap\u201d - Testimonianza e Impegno sociale","robots":{"index":"index","follow":"follow","max-snippet":"max-snippet:-1","max-image-preview":"max-image-preview:large","max-video-preview":"max-video-preview:-1"},"canonical":"https:\/\/www.diocesitn.it\/area-testimonianza\/2024\/09\/23\/religion-today-film-festival-il-trentino-andrea-franceschini-sbanca-con-il-documentario-bridging-the-gap\/","og_locale":"it_IT","og_type":"article","og_title":"Religion Today Film Festival: il trentino Andrea Franceschini \u201csbanca\u201d con il documentario \u201cBridging The Gap\u201d","og_description":"Religion Today Film Festival regala due grandi successi ad Andrea Franceschini, autore trentino, che viene insignito del premio come Miglior Documentario dalla giuria internazionale e del premio CinemAMoRE, dalla giuria \u201cpopoli e religioni\u201d.","og_url":"https:\/\/www.diocesitn.it\/area-testimonianza\/2024\/09\/23\/religion-today-film-festival-il-trentino-andrea-franceschini-sbanca-con-il-documentario-bridging-the-gap\/","og_site_name":"Testimonianza e Impegno sociale","article_published_time":"2024-09-23T14:08:25+00:00","article_modified_time":"2024-11-05T08:18:36+00:00","og_image":[{"width":2560,"height":1708,"url":"https:\/\/www.diocesitn.it\/area-testimonianza\/wp-content\/uploads\/sites\/37\/2024\/09\/22092024-_DSC1910-scaled.jpg","type":"image\/jpeg"}],"author":"losspapot","twitter_card":"summary_large_image","twitter_misc":{"Scritto da":"losspapot","Tempo di lettura stimato":"3 minuti"},"schema":{"@context":"https:\/\/schema.org","@graph":[{"@type":"Article","@id":"https:\/\/www.diocesitn.it\/area-testimonianza\/2024\/09\/23\/religion-today-film-festival-il-trentino-andrea-franceschini-sbanca-con-il-documentario-bridging-the-gap\/#article","isPartOf":{"@id":"https:\/\/www.diocesitn.it\/area-testimonianza\/2024\/09\/23\/religion-today-film-festival-il-trentino-andrea-franceschini-sbanca-con-il-documentario-bridging-the-gap\/"},"author":{"name":"losspapot","@id":"https:\/\/www.diocesitn.it\/area-testimonianza\/#\/schema\/person\/3526ceacb35e1aa4c86252e45adfad22"},"headline":"Religion Today Film Festival: il trentino Andrea Franceschini \u201csbanca\u201d con il documentario \u201cBridging The Gap\u201d","datePublished":"2024-09-23T14:08:25+00:00","dateModified":"2024-11-05T08:18:36+00:00","mainEntityOfPage":{"@id":"https:\/\/www.diocesitn.it\/area-testimonianza\/2024\/09\/23\/religion-today-film-festival-il-trentino-andrea-franceschini-sbanca-con-il-documentario-bridging-the-gap\/"},"wordCount":403,"publisher":{"@id":"https:\/\/www.diocesitn.it\/area-testimonianza\/#organization"},"image":{"@id":"https:\/\/www.diocesitn.it\/area-testimonianza\/2024\/09\/23\/religion-today-film-festival-il-trentino-andrea-franceschini-sbanca-con-il-documentario-bridging-the-gap\/#primaryimage"},"thumbnailUrl":"https:\/\/www.diocesitn.it\/area-testimonianza\/wp-content\/uploads\/sites\/37\/2024\/09\/22092024-_DSC1910-scaled.jpg","keywords":["Religion Today Film Festival"],"articleSection":["Area Testimonianza e Impegno sociale","Notizie"],"inLanguage":"it-IT","copyrightYear":"2024","copyrightHolder":{"@id":"https:\/\/www.diocesitn.it\/#organization"}},{"@type":"WebPage","@id":"https:\/\/www.diocesitn.it\/area-testimonianza\/2024\/09\/23\/religion-today-film-festival-il-trentino-andrea-franceschini-sbanca-con-il-documentario-bridging-the-gap\/","url":"https:\/\/www.diocesitn.it\/area-testimonianza\/2024\/09\/23\/religion-today-film-festival-il-trentino-andrea-franceschini-sbanca-con-il-documentario-bridging-the-gap\/","name":"Religion Today Film Festival: il trentino Andrea Franceschini \u201csbanca\u201d con il documentario \u201cBridging The Gap\u201d - Testimonianza e Impegno sociale","isPartOf":{"@id":"https:\/\/www.diocesitn.it\/area-testimonianza\/#website"},"primaryImageOfPage":{"@id":"https:\/\/www.diocesitn.it\/area-testimonianza\/2024\/09\/23\/religion-today-film-festival-il-trentino-andrea-franceschini-sbanca-con-il-documentario-bridging-the-gap\/#primaryimage"},"image":{"@id":"https:\/\/www.diocesitn.it\/area-testimonianza\/2024\/09\/23\/religion-today-film-festival-il-trentino-andrea-franceschini-sbanca-con-il-documentario-bridging-the-gap\/#primaryimage"},"thumbnailUrl":"https:\/\/www.diocesitn.it\/area-testimonianza\/wp-content\/uploads\/sites\/37\/2024\/09\/22092024-_DSC1910-scaled.jpg","datePublished":"2024-09-23T14:08:25+00:00","dateModified":"2024-11-05T08:18:36+00:00","breadcrumb":{"@id":"https:\/\/www.diocesitn.it\/area-testimonianza\/2024\/09\/23\/religion-today-film-festival-il-trentino-andrea-franceschini-sbanca-con-il-documentario-bridging-the-gap\/#breadcrumb"},"inLanguage":"it-IT","potentialAction":[{"@type":"ReadAction","target":["https:\/\/www.diocesitn.it\/area-testimonianza\/2024\/09\/23\/religion-today-film-festival-il-trentino-andrea-franceschini-sbanca-con-il-documentario-bridging-the-gap\/"]}]},{"@type":"ImageObject","inLanguage":"it-IT","@id":"https:\/\/www.diocesitn.it\/area-testimonianza\/2024\/09\/23\/religion-today-film-festival-il-trentino-andrea-franceschini-sbanca-con-il-documentario-bridging-the-gap\/#primaryimage","url":"https:\/\/www.diocesitn.it\/area-testimonianza\/wp-content\/uploads\/sites\/37\/2024\/09\/22092024-_DSC1910-scaled.jpg","contentUrl":"https:\/\/www.diocesitn.it\/area-testimonianza\/wp-content\/uploads\/sites\/37\/2024\/09\/22092024-_DSC1910-scaled.jpg","width":2560,"height":1708},{"@type":"BreadcrumbList","@id":"https:\/\/www.diocesitn.it\/area-testimonianza\/2024\/09\/23\/religion-today-film-festival-il-trentino-andrea-franceschini-sbanca-con-il-documentario-bridging-the-gap\/#breadcrumb","itemListElement":[{"@type":"ListItem","position":1,"name":"Home","item":"https:\/\/www.diocesitn.it\/area-testimonianza\/"},{"@type":"ListItem","position":2,"name":"Religion Today Film Festival: il trentino Andrea Franceschini \u201csbanca\u201d con il documentario \u201cBridging The Gap\u201d"}]},{"@type":"WebSite","@id":"https:\/\/www.diocesitn.it\/area-testimonianza\/#website","url":"https:\/\/www.diocesitn.it\/area-testimonianza\/","name":"Testimonianza e Impegno sociale","description":"Chiesa di Trento","publisher":{"@id":"https:\/\/www.diocesitn.it\/area-testimonianza\/#organization"},"potentialAction":[{"@type":"SearchAction","target":{"@type":"EntryPoint","urlTemplate":"https:\/\/www.diocesitn.it\/area-testimonianza\/?s={search_term_string}"},"query-input":"required name=search_term_string"}],"inLanguage":"it-IT"},{"@type":["Organization","Place"],"@id":"https:\/\/www.diocesitn.it\/area-testimonianza\/#organization","name":"Area Testimonianza e Impegno Sociale - Chiesa di Trento","url":"https:\/\/www.diocesitn.it\/area-testimonianza\/","logo":{"@id":"https:\/\/www.diocesitn.it\/area-testimonianza\/2024\/09\/23\/religion-today-film-festival-il-trentino-andrea-franceschini-sbanca-con-il-documentario-bridging-the-gap\/#local-main-organization-logo"},"image":{"@id":"https:\/\/www.diocesitn.it\/area-testimonianza\/2024\/09\/23\/religion-today-film-festival-il-trentino-andrea-franceschini-sbanca-con-il-documentario-bridging-the-gap\/#local-main-organization-logo"},"openingHoursSpecification":[{"@type":"OpeningHoursSpecification","dayOfWeek":["Monday","Tuesday","Wednesday","Thursday","Friday","Saturday","Sunday"],"opens":"09:00","closes":"17:00"}]},{"@type":"ImageObject","inLanguage":"it-IT","@id":"https:\/\/www.diocesitn.it\/area-testimonianza\/2024\/09\/23\/religion-today-film-festival-il-trentino-andrea-franceschini-sbanca-con-il-documentario-bridging-the-gap\/#local-main-organization-logo","url":"https:\/\/www.diocesitn.it\/area-testimonianza\/wp-content\/uploads\/sites\/37\/2021\/09\/og-logo-testimonianza-e-impegno-sociale.jpg","contentUrl":"https:\/\/www.diocesitn.it\/area-testimonianza\/wp-content\/uploads\/sites\/37\/2021\/09\/og-logo-testimonianza-e-impegno-sociale.jpg","width":1200,"height":630,"caption":"Area Testimonianza e Impegno Sociale - Chiesa di Trento"}]}},"_links":{"self":[{"href":"https:\/\/www.diocesitn.it\/area-testimonianza\/wp-json\/wp\/v2\/posts\/15943","targetHints":{"allow":["GET"]}}],"collection":[{"href":"https:\/\/www.diocesitn.it\/area-testimonianza\/wp-json\/wp\/v2\/posts"}],"about":[{"href":"https:\/\/www.diocesitn.it\/area-testimonianza\/wp-json\/wp\/v2\/types\/post"}],"author":[{"embeddable":true,"href":"https:\/\/www.diocesitn.it\/area-testimonianza\/wp-json\/wp\/v2\/users\/168"}],"replies":[{"embeddable":true,"href":"https:\/\/www.diocesitn.it\/area-testimonianza\/wp-json\/wp\/v2\/comments?post=15943"}],"version-history":[{"count":4,"href":"https:\/\/www.diocesitn.it\/area-testimonianza\/wp-json\/wp\/v2\/posts\/15943\/revisions"}],"predecessor-version":[{"id":16045,"href":"https:\/\/www.diocesitn.it\/area-testimonianza\/wp-json\/wp\/v2\/posts\/15943\/revisions\/16045"}],"wp:featuredmedia":[{"embeddable":true,"href":"https:\/\/www.diocesitn.it\/area-testimonianza\/wp-json\/wp\/v2\/media\/15944"}],"wp:attachment":[{"href":"https:\/\/www.diocesitn.it\/area-testimonianza\/wp-json\/wp\/v2\/media?parent=15943"}],"wp:term":[{"taxonomy":"category","embeddable":true,"href":"https:\/\/www.diocesitn.it\/area-testimonianza\/wp-json\/wp\/v2\/categories?post=15943"},{"taxonomy":"post_tag","embeddable":true,"href":"https:\/\/www.diocesitn.it\/area-testimonianza\/wp-json\/wp\/v2\/tags?post=15943"}],"curies":[{"name":"wp","href":"https:\/\/api.w.org\/{rel}","templated":true}]}}