{"id":15929,"date":"2024-09-21T08:29:37","date_gmt":"2024-09-21T06:29:37","guid":{"rendered":"https:\/\/www.diocesitn.it\/area-testimonianza\/?p=15929"},"modified":"2024-09-26T08:23:52","modified_gmt":"2024-09-26T06:23:52","slug":"successo-al-vigilianum-per-iginio-la-storia-di-una-vocazione","status":"publish","type":"post","link":"https:\/\/www.diocesitn.it\/area-testimonianza\/2024\/09\/21\/successo-al-vigilianum-per-iginio-la-storia-di-una-vocazione\/","title":{"rendered":"Successo al Vigilianum per \u201cIginio\u201d, la storia di una vocazione"},"content":{"rendered":"<div class=\"text\">\n<p>\u00c8 stato proiettato ieri al Vigilianum, nell\u2019ambito della programmazione del\u00a0<strong>Religion Today Film Festival<\/strong>, il film \u201c<strong>Iginio<\/strong>\u201d, che racconta l\u2019esperienza di<strong>\u00a0Padre Iginio Mazzucchi<\/strong>, missionario dell\u2019ordine degli oblati da anni in\u00a0<strong>Amazzonia<\/strong>: la storia di una vocazione, di un impegno missionario e come insegnante ma anche di una straordinaria esperienza umana orientata verso altre culture.<\/p>\n<p>L\u2019opera,\u00a0prodotta dall\u2019Ufficio stampa della Provincia autonoma di Trento, con materiale raccolto in Trentino e in Brasile, in collaborazione con l\u2019Unit\u00e0 di missione semplice Coesione territoriale e valorizzazione del capitale sociale trentino all\u2019estero, \u00e8 stata introdotta da<strong>\u00a0Ileana Olivo<\/strong>, dirigente dell\u2019UMSe, che\u00a0 ha sottolineato come sia importante che la figura di padre Iginio sia conosciuta. La struttura da lei diretta, ha spiegato, ha tra i suoi obiettivi anche quello di\u00a0<strong>valorizzare i rapporti con i trentini che vivono nel mondo<\/strong>. Padre Iginio, ha aggiunto, \u00e8 un\u00a0<strong>uomo di grande semplicit\u00e0<\/strong>\u00a0e nello stesso tempo di<strong>\u00a0grande forza<\/strong>, ha realizzato molto in Brasile tenendo sempre il Trentino nel cuore. Olivo ha sottolineato la collaborazione che si \u00e8 realizzata con l\u2019Ufficio Stampa della Provincia per produrre il video che racconta la sua storia.<\/p>\n<p class=\" text-justify\">Il direttore artistico del Festival Religion Today\u00a0<strong>Andrea Morghen<\/strong>\u00a0ha aperto la serata evidenziando la sua soddisfazione per la decisione di ospitare la proiezione che ha per protagonista un missionario.\u00a0Il saluto dell\u2019<strong>arcivescovo Lauro Tisi<\/strong>\u00a0\u00e8 arrivato al pubblico in sala attraverso un video. L\u2019Arcivescovo ha parlato di padre Iginio come di una\u00a0<strong>figura straordinaria<\/strong>\u00a0che porta con s\u00e9\u00a0<strong>ispirazione e voglia di vivere<\/strong>\u00a0e che ha mantenuto un forte legame con il Trentino legandosi molto anche al Brasile.<\/p>\n<p class=\" text-justify\">Durante l\u2019evento\u00a0<strong>Padre Iginio si \u00e8 collegato in video dal Brasile<\/strong>. Un grande applauso dalla sala lo ha salutato e lui non ha fatto mancare al pubblico la sua visione del mondo, raccontando anche come si \u00e8 svolta la realizzazione del filmato che lo vede protagonista. Padre Iginio ha parlato anche del suo forte legame tanto con la sua terra d\u2019origine che con quella che lo ospita.\u00a0A seguire si \u00e8 tenuta la proiezione che \u00e8 stata apprezzata dal pubblico in sala. La serata si \u00e8 conclusa con la testimonianza di chi ha lavorato alla produzione del filmato. Alla proiezione hanno assistito anche alcuni parenti di Padre Iginio.<\/p>\n<p class=\" text-justify\">La serata, moderata per il Festival da\u00a0<strong>Katia Malatesta<\/strong>, \u00e8 stata realizzata con la collaborazione organizzativa e logistica del Centro Missionario Diocesano di Trento.<\/p>\n<\/div>\n<div class=\"post-author\"><em>di\u00a0redazione VT<\/em><\/div>\n","protected":false},"excerpt":{"rendered":"<p>\u00c8 stato proiettato ieri al Vigilianum, nell\u2019ambito della programmazione del\u00a0Religion Today Film Festival, il film \u201cIginio\u201d, che racconta l\u2019esperienza di\u00a0Padre Iginio Mazzucchi, missionario dell\u2019ordine degli oblati da anni in\u00a0Amazzonia: la storia di una vocazione, di<\/p>\n","protected":false},"author":161,"featured_media":15930,"comment_status":"closed","ping_status":"closed","sticky":false,"template":"","format":"standard","meta":{"footnotes":""},"categories":[1695,1074],"tags":[2041,2367,2368],"class_list":["post-15929","post","type-post","status-publish","format-standard","has-post-thumbnail","hentry","category-area-testimonianza-e-impegno-sociale","category-notizie","tag-documentario","tag-p-iginio-mazzucchi","tag-religion-today-film-festival"],"acf":{"seed-localization-paese-cod":"IT","seed-localization-address":"","seed-localization-citta":"Trento","seed-localization-regione-cod-istat":"04","seed-localization-citta-cod-istat":"022205","seed-localization-localita":"","seed-localization-cap":"","seed-localization-marker-visibility":false,"seed-localization-children-visibility":false,"seed-localization-kml":"","seed-localization-custom-marker":""},"yoast_head":"<!-- This site is optimized with the Yoast SEO Premium plugin v20.2.1 (Yoast SEO v22.2) - https:\/\/yoast.com\/wordpress\/plugins\/seo\/ -->\n<title>Successo al Vigilianum per \u201cIginio\u201d, la storia di una vocazione - Testimonianza e Impegno sociale<\/title>\n<meta name=\"robots\" content=\"index, follow, max-snippet:-1, max-image-preview:large, max-video-preview:-1\" \/>\n<link rel=\"canonical\" href=\"https:\/\/www.diocesitn.it\/area-testimonianza\/2024\/09\/21\/successo-al-vigilianum-per-iginio-la-storia-di-una-vocazione\/\" \/>\n<meta property=\"og:locale\" content=\"it_IT\" \/>\n<meta property=\"og:type\" content=\"article\" \/>\n<meta property=\"og:title\" content=\"Successo al Vigilianum per \u201cIginio\u201d, la storia di una vocazione\" \/>\n<meta property=\"og:description\" content=\"\u00c8 stato proiettato ieri al Vigilianum, nell\u2019ambito della programmazione del\u00a0Religion Today Film Festival, il film \u201cIginio\u201d, che racconta l\u2019esperienza di\u00a0Padre Iginio Mazzucchi, missionario dell\u2019ordine degli oblati da anni in\u00a0Amazzonia: la storia di una vocazione, di\" \/>\n<meta property=\"og:url\" content=\"https:\/\/www.diocesitn.it\/area-testimonianza\/2024\/09\/21\/successo-al-vigilianum-per-iginio-la-storia-di-una-vocazione\/\" \/>\n<meta property=\"og:site_name\" content=\"Testimonianza e Impegno sociale\" \/>\n<meta property=\"article:published_time\" content=\"2024-09-21T06:29:37+00:00\" \/>\n<meta property=\"article:modified_time\" content=\"2024-09-26T06:23:52+00:00\" \/>\n<meta property=\"og:image\" content=\"https:\/\/www.diocesitn.it\/area-testimonianza\/wp-content\/uploads\/sites\/37\/2024\/09\/Iginio-Mazzucchi.jpg\" \/>\n\t<meta property=\"og:image:width\" content=\"1024\" \/>\n\t<meta property=\"og:image:height\" content=\"768\" \/>\n\t<meta property=\"og:image:type\" content=\"image\/jpeg\" \/>\n<meta name=\"author\" content=\"smaule\" \/>\n<meta name=\"twitter:card\" content=\"summary_large_image\" \/>\n<meta name=\"twitter:label1\" content=\"Scritto da\" \/>\n\t<meta name=\"twitter:data1\" content=\"smaule\" \/>\n\t<meta name=\"twitter:label2\" content=\"Tempo di lettura stimato\" \/>\n\t<meta name=\"twitter:data2\" content=\"3 minuti\" \/>\n<script type=\"application\/ld+json\" class=\"yoast-schema-graph\">{\"@context\":\"https:\/\/schema.org\",\"@graph\":[{\"@type\":\"Article\",\"@id\":\"https:\/\/www.diocesitn.it\/area-testimonianza\/2024\/09\/21\/successo-al-vigilianum-per-iginio-la-storia-di-una-vocazione\/#article\",\"isPartOf\":{\"@id\":\"https:\/\/www.diocesitn.it\/area-testimonianza\/2024\/09\/21\/successo-al-vigilianum-per-iginio-la-storia-di-una-vocazione\/\"},\"author\":{\"name\":\"smaule\",\"@id\":\"https:\/\/www.diocesitn.it\/area-testimonianza\/#\/schema\/person\/bac489aafb7f98c1ca25f76c27174a95\"},\"headline\":\"Successo al Vigilianum per \u201cIginio\u201d, la storia di una vocazione\",\"datePublished\":\"2024-09-21T06:29:37+00:00\",\"dateModified\":\"2024-09-26T06:23:52+00:00\",\"mainEntityOfPage\":{\"@id\":\"https:\/\/www.diocesitn.it\/area-testimonianza\/2024\/09\/21\/successo-al-vigilianum-per-iginio-la-storia-di-una-vocazione\/\"},\"wordCount\":412,\"publisher\":{\"@id\":\"https:\/\/www.diocesitn.it\/area-testimonianza\/#organization\"},\"image\":{\"@id\":\"https:\/\/www.diocesitn.it\/area-testimonianza\/2024\/09\/21\/successo-al-vigilianum-per-iginio-la-storia-di-una-vocazione\/#primaryimage\"},\"thumbnailUrl\":\"https:\/\/www.diocesitn.it\/area-testimonianza\/wp-content\/uploads\/sites\/37\/2024\/09\/Iginio-Mazzucchi.jpg\",\"keywords\":[\"documentario\",\"p. Iginio Mazzucchi\",\"Religion Today Film Festival\"],\"articleSection\":[\"Area Testimonianza e Impegno sociale\",\"Notizie\"],\"inLanguage\":\"it-IT\",\"copyrightYear\":\"2024\",\"copyrightHolder\":{\"@id\":\"https:\/\/www.diocesitn.it\/#organization\"}},{\"@type\":\"WebPage\",\"@id\":\"https:\/\/www.diocesitn.it\/area-testimonianza\/2024\/09\/21\/successo-al-vigilianum-per-iginio-la-storia-di-una-vocazione\/\",\"url\":\"https:\/\/www.diocesitn.it\/area-testimonianza\/2024\/09\/21\/successo-al-vigilianum-per-iginio-la-storia-di-una-vocazione\/\",\"name\":\"Successo al Vigilianum per \u201cIginio\u201d, la storia di una vocazione - Testimonianza e Impegno sociale\",\"isPartOf\":{\"@id\":\"https:\/\/www.diocesitn.it\/area-testimonianza\/#website\"},\"primaryImageOfPage\":{\"@id\":\"https:\/\/www.diocesitn.it\/area-testimonianza\/2024\/09\/21\/successo-al-vigilianum-per-iginio-la-storia-di-una-vocazione\/#primaryimage\"},\"image\":{\"@id\":\"https:\/\/www.diocesitn.it\/area-testimonianza\/2024\/09\/21\/successo-al-vigilianum-per-iginio-la-storia-di-una-vocazione\/#primaryimage\"},\"thumbnailUrl\":\"https:\/\/www.diocesitn.it\/area-testimonianza\/wp-content\/uploads\/sites\/37\/2024\/09\/Iginio-Mazzucchi.jpg\",\"datePublished\":\"2024-09-21T06:29:37+00:00\",\"dateModified\":\"2024-09-26T06:23:52+00:00\",\"breadcrumb\":{\"@id\":\"https:\/\/www.diocesitn.it\/area-testimonianza\/2024\/09\/21\/successo-al-vigilianum-per-iginio-la-storia-di-una-vocazione\/#breadcrumb\"},\"inLanguage\":\"it-IT\",\"potentialAction\":[{\"@type\":\"ReadAction\",\"target\":[\"https:\/\/www.diocesitn.it\/area-testimonianza\/2024\/09\/21\/successo-al-vigilianum-per-iginio-la-storia-di-una-vocazione\/\"]}]},{\"@type\":\"ImageObject\",\"inLanguage\":\"it-IT\",\"@id\":\"https:\/\/www.diocesitn.it\/area-testimonianza\/2024\/09\/21\/successo-al-vigilianum-per-iginio-la-storia-di-una-vocazione\/#primaryimage\",\"url\":\"https:\/\/www.diocesitn.it\/area-testimonianza\/wp-content\/uploads\/sites\/37\/2024\/09\/Iginio-Mazzucchi.jpg\",\"contentUrl\":\"https:\/\/www.diocesitn.it\/area-testimonianza\/wp-content\/uploads\/sites\/37\/2024\/09\/Iginio-Mazzucchi.jpg\",\"width\":1024,\"height\":768},{\"@type\":\"BreadcrumbList\",\"@id\":\"https:\/\/www.diocesitn.it\/area-testimonianza\/2024\/09\/21\/successo-al-vigilianum-per-iginio-la-storia-di-una-vocazione\/#breadcrumb\",\"itemListElement\":[{\"@type\":\"ListItem\",\"position\":1,\"name\":\"Home\",\"item\":\"https:\/\/www.diocesitn.it\/area-testimonianza\/\"},{\"@type\":\"ListItem\",\"position\":2,\"name\":\"Successo al Vigilianum per \u201cIginio\u201d, la storia di una vocazione\"}]},{\"@type\":\"WebSite\",\"@id\":\"https:\/\/www.diocesitn.it\/area-testimonianza\/#website\",\"url\":\"https:\/\/www.diocesitn.it\/area-testimonianza\/\",\"name\":\"Testimonianza e Impegno sociale\",\"description\":\"Chiesa di Trento\",\"publisher\":{\"@id\":\"https:\/\/www.diocesitn.it\/area-testimonianza\/#organization\"},\"potentialAction\":[{\"@type\":\"SearchAction\",\"target\":{\"@type\":\"EntryPoint\",\"urlTemplate\":\"https:\/\/www.diocesitn.it\/area-testimonianza\/?s={search_term_string}\"},\"query-input\":\"required name=search_term_string\"}],\"inLanguage\":\"it-IT\"},{\"@type\":[\"Organization\",\"Place\"],\"@id\":\"https:\/\/www.diocesitn.it\/area-testimonianza\/#organization\",\"name\":\"Area Testimonianza e Impegno Sociale - Chiesa di Trento\",\"url\":\"https:\/\/www.diocesitn.it\/area-testimonianza\/\",\"logo\":{\"@id\":\"https:\/\/www.diocesitn.it\/area-testimonianza\/2024\/09\/21\/successo-al-vigilianum-per-iginio-la-storia-di-una-vocazione\/#local-main-organization-logo\"},\"image\":{\"@id\":\"https:\/\/www.diocesitn.it\/area-testimonianza\/2024\/09\/21\/successo-al-vigilianum-per-iginio-la-storia-di-una-vocazione\/#local-main-organization-logo\"},\"openingHoursSpecification\":[{\"@type\":\"OpeningHoursSpecification\",\"dayOfWeek\":[\"Monday\",\"Tuesday\",\"Wednesday\",\"Thursday\",\"Friday\",\"Saturday\",\"Sunday\"],\"opens\":\"09:00\",\"closes\":\"17:00\"}]},{\"@type\":\"ImageObject\",\"inLanguage\":\"it-IT\",\"@id\":\"https:\/\/www.diocesitn.it\/area-testimonianza\/2024\/09\/21\/successo-al-vigilianum-per-iginio-la-storia-di-una-vocazione\/#local-main-organization-logo\",\"url\":\"https:\/\/www.diocesitn.it\/area-testimonianza\/wp-content\/uploads\/sites\/37\/2021\/09\/og-logo-testimonianza-e-impegno-sociale.jpg\",\"contentUrl\":\"https:\/\/www.diocesitn.it\/area-testimonianza\/wp-content\/uploads\/sites\/37\/2021\/09\/og-logo-testimonianza-e-impegno-sociale.jpg\",\"width\":1200,\"height\":630,\"caption\":\"Area Testimonianza e Impegno Sociale - Chiesa di Trento\"}]}<\/script>\n<!-- \/ Yoast SEO Premium plugin. -->","yoast_head_json":{"title":"Successo al Vigilianum per \u201cIginio\u201d, la storia di una vocazione - Testimonianza e Impegno sociale","robots":{"index":"index","follow":"follow","max-snippet":"max-snippet:-1","max-image-preview":"max-image-preview:large","max-video-preview":"max-video-preview:-1"},"canonical":"https:\/\/www.diocesitn.it\/area-testimonianza\/2024\/09\/21\/successo-al-vigilianum-per-iginio-la-storia-di-una-vocazione\/","og_locale":"it_IT","og_type":"article","og_title":"Successo al Vigilianum per \u201cIginio\u201d, la storia di una vocazione","og_description":"\u00c8 stato proiettato ieri al Vigilianum, nell\u2019ambito della programmazione del\u00a0Religion Today Film Festival, il film \u201cIginio\u201d, che racconta l\u2019esperienza di\u00a0Padre Iginio Mazzucchi, missionario dell\u2019ordine degli oblati da anni in\u00a0Amazzonia: la storia di una vocazione, di","og_url":"https:\/\/www.diocesitn.it\/area-testimonianza\/2024\/09\/21\/successo-al-vigilianum-per-iginio-la-storia-di-una-vocazione\/","og_site_name":"Testimonianza e Impegno sociale","article_published_time":"2024-09-21T06:29:37+00:00","article_modified_time":"2024-09-26T06:23:52+00:00","og_image":[{"width":1024,"height":768,"url":"https:\/\/www.diocesitn.it\/area-testimonianza\/wp-content\/uploads\/sites\/37\/2024\/09\/Iginio-Mazzucchi.jpg","type":"image\/jpeg"}],"author":"smaule","twitter_card":"summary_large_image","twitter_misc":{"Scritto da":"smaule","Tempo di lettura stimato":"3 minuti"},"schema":{"@context":"https:\/\/schema.org","@graph":[{"@type":"Article","@id":"https:\/\/www.diocesitn.it\/area-testimonianza\/2024\/09\/21\/successo-al-vigilianum-per-iginio-la-storia-di-una-vocazione\/#article","isPartOf":{"@id":"https:\/\/www.diocesitn.it\/area-testimonianza\/2024\/09\/21\/successo-al-vigilianum-per-iginio-la-storia-di-una-vocazione\/"},"author":{"name":"smaule","@id":"https:\/\/www.diocesitn.it\/area-testimonianza\/#\/schema\/person\/bac489aafb7f98c1ca25f76c27174a95"},"headline":"Successo al Vigilianum per \u201cIginio\u201d, la storia di una vocazione","datePublished":"2024-09-21T06:29:37+00:00","dateModified":"2024-09-26T06:23:52+00:00","mainEntityOfPage":{"@id":"https:\/\/www.diocesitn.it\/area-testimonianza\/2024\/09\/21\/successo-al-vigilianum-per-iginio-la-storia-di-una-vocazione\/"},"wordCount":412,"publisher":{"@id":"https:\/\/www.diocesitn.it\/area-testimonianza\/#organization"},"image":{"@id":"https:\/\/www.diocesitn.it\/area-testimonianza\/2024\/09\/21\/successo-al-vigilianum-per-iginio-la-storia-di-una-vocazione\/#primaryimage"},"thumbnailUrl":"https:\/\/www.diocesitn.it\/area-testimonianza\/wp-content\/uploads\/sites\/37\/2024\/09\/Iginio-Mazzucchi.jpg","keywords":["documentario","p. Iginio Mazzucchi","Religion Today Film Festival"],"articleSection":["Area Testimonianza e Impegno sociale","Notizie"],"inLanguage":"it-IT","copyrightYear":"2024","copyrightHolder":{"@id":"https:\/\/www.diocesitn.it\/#organization"}},{"@type":"WebPage","@id":"https:\/\/www.diocesitn.it\/area-testimonianza\/2024\/09\/21\/successo-al-vigilianum-per-iginio-la-storia-di-una-vocazione\/","url":"https:\/\/www.diocesitn.it\/area-testimonianza\/2024\/09\/21\/successo-al-vigilianum-per-iginio-la-storia-di-una-vocazione\/","name":"Successo al Vigilianum per \u201cIginio\u201d, la storia di una vocazione - Testimonianza e Impegno sociale","isPartOf":{"@id":"https:\/\/www.diocesitn.it\/area-testimonianza\/#website"},"primaryImageOfPage":{"@id":"https:\/\/www.diocesitn.it\/area-testimonianza\/2024\/09\/21\/successo-al-vigilianum-per-iginio-la-storia-di-una-vocazione\/#primaryimage"},"image":{"@id":"https:\/\/www.diocesitn.it\/area-testimonianza\/2024\/09\/21\/successo-al-vigilianum-per-iginio-la-storia-di-una-vocazione\/#primaryimage"},"thumbnailUrl":"https:\/\/www.diocesitn.it\/area-testimonianza\/wp-content\/uploads\/sites\/37\/2024\/09\/Iginio-Mazzucchi.jpg","datePublished":"2024-09-21T06:29:37+00:00","dateModified":"2024-09-26T06:23:52+00:00","breadcrumb":{"@id":"https:\/\/www.diocesitn.it\/area-testimonianza\/2024\/09\/21\/successo-al-vigilianum-per-iginio-la-storia-di-una-vocazione\/#breadcrumb"},"inLanguage":"it-IT","potentialAction":[{"@type":"ReadAction","target":["https:\/\/www.diocesitn.it\/area-testimonianza\/2024\/09\/21\/successo-al-vigilianum-per-iginio-la-storia-di-una-vocazione\/"]}]},{"@type":"ImageObject","inLanguage":"it-IT","@id":"https:\/\/www.diocesitn.it\/area-testimonianza\/2024\/09\/21\/successo-al-vigilianum-per-iginio-la-storia-di-una-vocazione\/#primaryimage","url":"https:\/\/www.diocesitn.it\/area-testimonianza\/wp-content\/uploads\/sites\/37\/2024\/09\/Iginio-Mazzucchi.jpg","contentUrl":"https:\/\/www.diocesitn.it\/area-testimonianza\/wp-content\/uploads\/sites\/37\/2024\/09\/Iginio-Mazzucchi.jpg","width":1024,"height":768},{"@type":"BreadcrumbList","@id":"https:\/\/www.diocesitn.it\/area-testimonianza\/2024\/09\/21\/successo-al-vigilianum-per-iginio-la-storia-di-una-vocazione\/#breadcrumb","itemListElement":[{"@type":"ListItem","position":1,"name":"Home","item":"https:\/\/www.diocesitn.it\/area-testimonianza\/"},{"@type":"ListItem","position":2,"name":"Successo al Vigilianum per \u201cIginio\u201d, la storia di una vocazione"}]},{"@type":"WebSite","@id":"https:\/\/www.diocesitn.it\/area-testimonianza\/#website","url":"https:\/\/www.diocesitn.it\/area-testimonianza\/","name":"Testimonianza e Impegno sociale","description":"Chiesa di Trento","publisher":{"@id":"https:\/\/www.diocesitn.it\/area-testimonianza\/#organization"},"potentialAction":[{"@type":"SearchAction","target":{"@type":"EntryPoint","urlTemplate":"https:\/\/www.diocesitn.it\/area-testimonianza\/?s={search_term_string}"},"query-input":"required name=search_term_string"}],"inLanguage":"it-IT"},{"@type":["Organization","Place"],"@id":"https:\/\/www.diocesitn.it\/area-testimonianza\/#organization","name":"Area Testimonianza e Impegno Sociale - Chiesa di Trento","url":"https:\/\/www.diocesitn.it\/area-testimonianza\/","logo":{"@id":"https:\/\/www.diocesitn.it\/area-testimonianza\/2024\/09\/21\/successo-al-vigilianum-per-iginio-la-storia-di-una-vocazione\/#local-main-organization-logo"},"image":{"@id":"https:\/\/www.diocesitn.it\/area-testimonianza\/2024\/09\/21\/successo-al-vigilianum-per-iginio-la-storia-di-una-vocazione\/#local-main-organization-logo"},"openingHoursSpecification":[{"@type":"OpeningHoursSpecification","dayOfWeek":["Monday","Tuesday","Wednesday","Thursday","Friday","Saturday","Sunday"],"opens":"09:00","closes":"17:00"}]},{"@type":"ImageObject","inLanguage":"it-IT","@id":"https:\/\/www.diocesitn.it\/area-testimonianza\/2024\/09\/21\/successo-al-vigilianum-per-iginio-la-storia-di-una-vocazione\/#local-main-organization-logo","url":"https:\/\/www.diocesitn.it\/area-testimonianza\/wp-content\/uploads\/sites\/37\/2021\/09\/og-logo-testimonianza-e-impegno-sociale.jpg","contentUrl":"https:\/\/www.diocesitn.it\/area-testimonianza\/wp-content\/uploads\/sites\/37\/2021\/09\/og-logo-testimonianza-e-impegno-sociale.jpg","width":1200,"height":630,"caption":"Area Testimonianza e Impegno Sociale - Chiesa di Trento"}]}},"_links":{"self":[{"href":"https:\/\/www.diocesitn.it\/area-testimonianza\/wp-json\/wp\/v2\/posts\/15929","targetHints":{"allow":["GET"]}}],"collection":[{"href":"https:\/\/www.diocesitn.it\/area-testimonianza\/wp-json\/wp\/v2\/posts"}],"about":[{"href":"https:\/\/www.diocesitn.it\/area-testimonianza\/wp-json\/wp\/v2\/types\/post"}],"author":[{"embeddable":true,"href":"https:\/\/www.diocesitn.it\/area-testimonianza\/wp-json\/wp\/v2\/users\/161"}],"replies":[{"embeddable":true,"href":"https:\/\/www.diocesitn.it\/area-testimonianza\/wp-json\/wp\/v2\/comments?post=15929"}],"version-history":[{"count":1,"href":"https:\/\/www.diocesitn.it\/area-testimonianza\/wp-json\/wp\/v2\/posts\/15929\/revisions"}],"predecessor-version":[{"id":15931,"href":"https:\/\/www.diocesitn.it\/area-testimonianza\/wp-json\/wp\/v2\/posts\/15929\/revisions\/15931"}],"wp:featuredmedia":[{"embeddable":true,"href":"https:\/\/www.diocesitn.it\/area-testimonianza\/wp-json\/wp\/v2\/media\/15930"}],"wp:attachment":[{"href":"https:\/\/www.diocesitn.it\/area-testimonianza\/wp-json\/wp\/v2\/media?parent=15929"}],"wp:term":[{"taxonomy":"category","embeddable":true,"href":"https:\/\/www.diocesitn.it\/area-testimonianza\/wp-json\/wp\/v2\/categories?post=15929"},{"taxonomy":"post_tag","embeddable":true,"href":"https:\/\/www.diocesitn.it\/area-testimonianza\/wp-json\/wp\/v2\/tags?post=15929"}],"curies":[{"name":"wp","href":"https:\/\/api.w.org\/{rel}","templated":true}]}}