{"id":15917,"date":"2024-09-20T15:45:12","date_gmt":"2024-09-20T13:45:12","guid":{"rendered":"https:\/\/www.diocesitn.it\/area-testimonianza\/2024\/09\/20\/la-diocesi-riapre-la-mensa-della-provvidenza-da-lunedi-23-settembre-a-trento-in-via-giusti-ogni-sera-120-pasti-grazie-a-250-volontari-dalla-palazzina-destinata-ai-servizi-per-i-piu-poveri\/"},"modified":"2025-04-29T17:01:55","modified_gmt":"2025-04-29T15:01:55","slug":"la-diocesi-riapre-la-mensa-della-provvidenza-da-lunedi-23-settembre-a-trento-in-via-giusti-ogni-sera-120-pasti-grazie-a-250-volontari-dalla-palazzina-destinata-ai-servizi-per-i-piu-poveri","status":"publish","type":"post","link":"https:\/\/www.diocesitn.it\/area-testimonianza\/2024\/09\/20\/la-diocesi-riapre-la-mensa-della-provvidenza-da-lunedi-23-settembre-a-trento-in-via-giusti-ogni-sera-120-pasti-grazie-a-250-volontari-dalla-palazzina-destinata-ai-servizi-per-i-piu-poveri\/","title":{"rendered":"La Diocesi riapre la Mensa della Provvidenza da luned\u00ec 23 settembre a Trento in via Giusti. Ogni sera 120 pasti grazie a 250 volontari. Dalla palazzina destinata ai servizi per i pi\u00f9 poveri \u2013 per l\u2019Arcivescovo una \u201cseconda cattedrale\u201d \u2013 l\u2019appello alla solidariet\u00e0"},"content":{"rendered":"<p><strong>Luned\u00ec prossimo, 23 settembre, aprir\u00e0 le porte, a Trento in via Giusti, la nuova sede della Mensa della Provvidenza, nei locali prima occupati dal CEDAS, il Centro di ascolto della Caritas diocesana. La struttura \u00e8 stata presentata nella mattinata di venerd\u00ec 20 settembre nel corso di una conferenza stampa alla presenza anche di molti volontari. <\/strong><\/p>\n<p><strong>Per l\u2019arcivescovo di Trento Lauro Tisi la nuova Mensa \u00e8 come una \u201cseconda cattedrale destinata alla carit\u00e0: qui non contano i numeri dei pasti, ma i volti e le storie. Questa \u2013 aggiunge \u2013 \u00e8 la casa del dialogo e dell\u2019incontro\u201d. \u00a0\u00a0<\/strong><\/p>\n<p>La riapertura della Mensa, fino a luglio operativa nell\u2019ex convento dei Cappuccini, giunge dopo una prima fase di lavori di ristrutturazione sostenuti da Arcidiocesi nel corso degli ultimi mesi per un totale di 1 milione di euro. Il cantiere \u00e8 ancora operativo, ma la Mensa pu\u00f2 finalmente tornare ad offrire un pasto caldo serale a pi\u00f9 di 120 persone bisognose, grazie all\u2019aiuto di centinaia di benefattori e volontari, coordinati dalla Fondazione Caritas Diocesana.<\/p>\n<p>Alla conferenza stampa, nella sede di via Giusti, oltre all\u2019Arcivescovo, <strong>fra Ezio Tavernini<\/strong> in rappresentanza dei frati Cappuccini; l\u2019economo diocesano <strong>Claudio Puerari<\/strong>; <strong>don Mauro Leonardelli<\/strong>, delegato dell\u2019Area Testimonianza e Impegno Sociale; <strong>Fabio Chiari<\/strong>, referente della Caritas Diocesana.<\/p>\n<p>Erano inoltre presenti <strong>suor Maria Aparecida De Goes<\/strong>, <strong>suor Clara Fontana<\/strong> e <strong>suor Sumitra Mandi<\/strong>, le tre religiose della piccola comunit\u00e0 di Suore della Provvidenza, giunte in Trentino nel marzo scorso, impegnate prevalentemente a coordinare l\u2019attivit\u00e0 della Mensa e in particolare i ben <strong>250 volontari<\/strong>. Un piccolo esercito della gratuit\u00e0, determinante per garantire il pieno funzionamento della struttura, ruotando nella preparazione e distribuzione dei pasti. Alcuni volontari sono coinvolti fin dalla fondazione della Mensa nel convento dei Cappuccini, avvenuta trent\u2019anni fa per iniziativa di <strong>padre Antonio Butterini<\/strong> e <strong>padre Fabrizio Forti<\/strong>. In conferenza stampa \u00e8 stato ricordato anche <strong>padre Luca Trivellato<\/strong>, l\u2019ultimo frate \u201cguardiano\u201d del convento, scomparso prematuramente lo scorso agosto.<\/p>\n<h4>Il monito dell\u2019arcivescovo: \u201cNon possiamo non accogliere\u201d. Mensa &#8220;seconda cattedrale&#8221;<\/h4>\n<p>\u201cAll\u2019apertura di questa casa, destinata alla carit\u00e0, sono tranciante: non possiamo non accogliere, ma non perch\u00e9 c\u2019\u00e8 una legge che lo dice ma perch\u00e9 l\u2019umano esiste per accogliere\u201d, cos\u00ec l\u2019arcivescovo Lauro in apertura della conferenza stampa. \u201cSe smettiamo di accogliere \u2013 aggiunge \u2013 smettiamo di essere umani e creiamo i presupposti delle guerre. Che poi l\u2019accoglienza abbia la sua complessit\u00e0, questo \u00e8 proprio di ogni relazione umana\u201d.<\/p>\n<p>\u201cQuesta struttura \u2013 sottolinea don Lauro \u2013 \u00e8 solo una goccia nel mare nei problemi dei poveri, ma \u00e8 un elemento-segno. A poche centinaia di metri abbiamo due cattedrali: l\u2019una dove veniamo convocati per pregare e poi questa. L\u2019una chiama l\u2019altra e, come diceva don Tonino Bello, l\u2019Eucarestia ha il compito di affliggere i consolati e dalla cattedrale si deve uscire con il grembiule per andare a servire. Il servizio ha bisogno del momento eucaristico e viceversa. Questa \u00e8 una seconda cattedrale!&#8221;<\/p>\n<h4>&#8220;Non self-service ma Casa del dialogo e dell&#8217;incontro&#8221;<\/h4>\n<p>\u201cTra i volontari \u2013 rimarca monsignor Tisi &#8211; vi sono credenti e non credenti. Per questo la considero la <strong>Casa del dialogo e dell\u2019incontro<\/strong> e quando questo avviene sul fronte del servizio funziona sempre. San Giovanni Crisostomo diceva: stai attento di non onorare Dio sull\u2019altare e poi umiliarlo nei poveri\u201d.<\/p>\n<p>\u201cQuesto luogo \u2013 conclude don Lauro \u2013 non \u00e8 un self-service, non contano i numeri dei pasti, ma volti, storie e biografie. Vogliamo farlo diventare un piccolo laboratorio di accoglienza e di umanizzazione, dove scopriamo che \u2018io sono gli altri\u2019. \u00a0Chiunque entri qui sar\u00e0 portatore di ricchezza\u201d.<\/p>\n<h4>Porte aperte ogni giorno dalle 17 alle 18.15<\/h4>\n<p>La Mensa, dotata di <strong>56 posti<\/strong>, aprir\u00e0 come sempre \u00e8 accaduto le sue porte ogni giorno dell\u2019anno (fatta eccezione per il mese di agosto) alle ore 17; la distribuzione dei pasti proseguir\u00e0, su due o tre turni, fino alle 18.15, per non meno di 120 coperti complessivi, destinati probabilmente ad aumentare. \u201cA qualunque persona in stato di bisogno si presenti alla Mensa, viene servito un pasto caldo\u201d, ha ricordato <strong>Fabio Chiari<\/strong>. Gli utenti sono in particolare uomini, per lo pi\u00f9 stranieri, ma non mancano anche molti italiani, con et\u00e0 media tra i 18 e i 35 anni, in graduale abbassamento.<\/p>\n<p>Nella sede di via Giusti sar\u00e0 trasferita anche la <strong>distribuzione dei pacchi viveri<\/strong> per le famiglie in difficolt\u00e0. Attualmente sono un centinaio le derrate alimentari consegnate ogni mese ai nuclei pi\u00f9 bisognosi.<\/p>\n<h4>Un appello per nuovi volontari<\/h4>\n<p>La presentazione della nuova Mensa \u00e8 stata l\u2019occasione per rinnovare l\u2019appello a prestare servizio volontario all\u2019interno della struttura o a donare cibo (preferibilmente a lunga conservazione) o denaro per l\u2019acquisto dei viveri, proseguendo cos\u00ec nel solco di tanti benefattori \u2013 singoli e aziende \u2013 che hanno supportato e continuano a sostenere quotidianamente la Mensa con il proprio servizio personale o con la fornitura alimentare o il contributo economico.<\/p>\n<p>\u201cFaccio un appello a tutta la Diocesi \u2013 ha rilanciato Tisi \u2013 e invito quelli che ci stanno a intraprendere la strada del servizio. Basta anche un\u2019ora al mese, c\u2019\u00e8 bisogno di tutti\u201d.<\/p>\n<h4>Numero telefonico e mail di riferimento<\/h4>\n<p><strong>Don Mauro Leonardelli<\/strong> \u00e8 sceso nel concreto, spiegando che chiunque fosse interessato ad entrare a far parte dei volontari della Mensa pu\u00f2 mettersi in contatto con la comunit\u00e0 delle religiose al numero telefonico<strong> 339-1700373. <\/strong>L\u2019indirizzo mail \u00e8 <a href=\"mailto:mensaprovvidenza@diocesitn.it\"><strong>mensaprovvidenza@diocesitn.it<\/strong><\/a>.<\/p>\n<p>Per i nuovi volontari si stanno predisponendo dei <strong>percorsi formativi<\/strong>, al fine di introdurli gradualmente e con maggiori competenze nella turnazione alla Mensa o in altri servizi Caritas a contatto con i pi\u00f9 poveri.<\/p>\n<p>Per eventuali offerte in denaro, vi \u00e8 un conto dedicato al seguente IBAN con la causale \u201cMensa della Provvidenza\u201d: IT 41 G 035 9901 8000 0000 0081 237<\/p>\n<h4>Altre voci: suor Maria Aparecida e fra Ezio<\/h4>\n<p>A nome delle religiose \u2013 \u201cle Suore della Provvidenza non potevano che operare proprio nella Mensa della Provvidenza\u201d, scherza don Lauro \u2013 ha preso la parola la superiora della comunit\u00e0 <strong>suor Maria Aparecida<\/strong>, origini brasiliane, che ha ringraziato per l\u2019accoglienza da parte dei trentini: \u201cSiamo qui \u2013 ha detto &#8211; per cercare di lavorare insieme. Vorremmo essere solo un canale in grado di veicolare la Provvidenza\u201d.<\/p>\n<p>Seduto accanto a don Lauro, <strong>fra Ezio Tavernini<\/strong>, attuale cappellano ospedaliero a Rovereto dopo vent\u2019anni al S. Chiara di Trento, ricorda l\u2019impegno di tanti confratelli Cappuccini nella storia della Mensa. \u201cOltre all\u2019accoglienza, uno dei fattori costitutivi delle persone \u2013 aggiunge poi pensando agli ospiti e ai volontari della Mensa \u2013 \u00e8 la fragilit\u00e0: da cappellano ed ex infermiere lo constato quotidianamente. Ma se trovo una persona che mi ascolta, mi guarda negli occhi e mi rispetta, io rivivo\u201d.<\/p>\n<h4>Non solo Mensa: l\u2019intera struttura destinata alla carit\u00e0 ai pi\u00f9 poveri<\/h4>\n<p>I lavori, progettati dall\u2019architetto Fabio Pasquar\u00e8 e dall\u2019ingegner Luca Oss Emer (studio New Engineering) sono stati realizzati in soli tre mesi da un gruppo di imprese (*) coordinate da Ecoplan.<\/p>\n<p>Ad oggi \u00e8 completata la realizzazione della cucina dotata di impianti interamente ad induzione, di un ampio refettorio, magazzini per la raccolta e la conservazione dei viveri, nuovi impianti di aerazione e servizi igienici. Sono in fase di completamento cappotto, tetto e impianto fotovoltaico.<\/p>\n<p>Il tutto a servizio non solo della Mensa, ma dell\u2019intera palazzina destinata ad attivit\u00e0 caritative e al servizio dei pi\u00f9 poveri su una superficie complessiva di 1500 mq. Prosegue infatti l\u2019attivit\u00e0 del <strong>negozio \u201cAltr\u2019uso\u201d<\/strong>, con i locali per lo stoccaggio dei vestiti (il magazzino ha ceduto spazi alla mensa) frutto della solidariet\u00e0 di tante persone. Sempre nella stessa sede, sono presenti le stanze di raccolta del materiale che viene portato in carcere (abbigliamento e kit per l\u2019igiene personale) e trova casa, inoltre, l\u2019Ufficio Caritas per l\u2019orientamento lavorativo.<\/p>\n<p>I <strong>costi della ristrutturazione complessiva<\/strong> dello stabile di via Giusti, avviata all\u2019inizio dell\u2019estate, \u201csi attestano \u2013 ha documentato l\u2019economo <strong>Claudio Puerari<\/strong> \u2013 su <strong>1 milione 127 mila di euro<\/strong>, interamente a carico di Arcidiocesi che ha investito in carit\u00e0 l\u2019intero utile realizzato nel bilancio dello scorso anno\u201d.<\/p>\n<p>Il CEDAS, Centro di ascolto della Caritas diocesana, prima ospitato in via Giusti, ha trovato ora sede negli Uffici della Fondazione Caritas Diocesana, in via Barbacovi, 2.<\/p>\n<h4>Le imprese coinvolte nei lavori di ristrutturazione<\/h4>\n<p>* Ecco l\u2019elenco delle imprese che hanno lavorato alla ristrutturazione della sede Caritas di via Giusti a Trento e alla realizzazione della Mensa: HYDROTEK SOLUTIONS SRL, NEFI NISHORI, SONI COSTRUZIONI SRLS, ILIR SULA, MSC HOME DESIGN SAS, PISETTA ROMANO DI PISETTA DIEGO E MARCO SNC; FOR.X SRL; B&amp;R SERVICE SRL; IL GABBIANO SOCIETA\u2019 COOPERATIVA SOCIALE DI SOLIDARIETA\u2019; BROILO TECNOIMPIANTI SRL; FBT COSTRUZIONI GENERALI SRL; ACTIVA SOCIETA\u2019 COOPERATIVA; SOVECAR SRL; SUD FERRAMENTA SRL; CAR-MEC SNC; SERVIZI ANTINCENDIO SRL; SERISOLAR SRL; BAUEXPERT SPA; CENTRO EDILE GIORDANO SRL; DOLOMATIC SRL; SALGAROLO MASSIMO; RIGOTTI FRATELLI SRL; ECOOPERA SOCIETA\u2019 COOPERATIVA; ECONORD SRL; SB TECHNOLOGIES SRL; FABIO GIUDICE; G.B. MANCI NOLEGGI SRL; ADUA HOLZ SRL; PANGEA SMART ELEVATORS; RESS FOOD TECH; FBL IMPIANTI.<\/p>\n<p>Foto Zotta e Ufficio Stampa<\/p>\n\n\n\t\t<style type='text\/css'>\n\n\t\t\t\/* PhotoSwipe Plugin *\/\n\t\t\t.psgal {\n\t\t\t\tmargin: auto;\n\t\t\t\tpadding-bottom:40px;\n\n\t\t\t\t-webkit-transition: all 0.4s ease;\n\t\t\t\t-moz-transition: all 0.4s ease;\n\t\t\t\t-o-transition: all 0.4s ease;\n\t\t\t\ttransition: all 0.4s ease;\n\t\t\t}\n\n\t\t\t.psgal figure {\n\t\t\t\tfloat: left;\n\t\t\t\ttext-align: center;\n    \t\t\twidth: 200px;\n                max-width: 50%;\n\t\t\t\tpadding:5px;\n\t\t\t\tmargin: 0px;\n\t\t\t\tbox-sizing:border-box;\n\t\t\t}\n\t\t\t.psgal a{\n\t\t\t\tdisplay:block;\n\t\t\t}\n\t\t\t.psgal figure figcaption{\n\t\t\t\tfont-size:13px;\n\t\t\t}\n\n\t\t\t.msnry{\n\t\t\t\tmargin:auto;\n\t\t\t}\n\t\t\t.pswp__caption__center{\n\t\t\t\ttext-align: center;\n\t\t\t}\n\t\t\t\n\n\t\t\t.photoswipe-gallery-caption{\n\t\t\t\tdisplay:none;\n\t\t\t}\n\n\t\t\t\n\t\t<\/style> <div style=\"clear:both\"><\/div>\n\n\t\t<div id=\"psgal_15917_1\" class=\"ps-gallery psgal gallery-columns-3 gallery-size-thumbnail\" itemscope itemtype=\"http:\/\/schema.org\/ImageGallery\" >\n\t\t\t\t<figure class=\"msnry_item\" itemscope itemtype=\"http:\/\/schema.org\/ImageObject\">\n\t\t\t\t\t<a href=\"https:\/\/www.diocesitn.it\/area-testimonianza\/wp-content\/uploads\/sites\/37\/2024\/09\/mensa_provvidenza_relatori-scaled-1024x709.jpg\"\n\t\t\t\t\titemprop=\"contentUrl\"\n\t\t\t\t\tdata-pswp-width=\"800\" \n\t\t\t\t    data-pswp-height=\"554\" \n\t\t\t\t    data-cropped=\"true\"\n\t\t\t\t\tdata-caption=\"\"\n\t\t\t\t\tclass=\"post-thumbnail-image-link container-fixed-aspect-ratio__16-9\">\n\t\t\t\t        <img src=https:\/\/www.diocesitn.it\/area-testimonianza\/wp-content\/uploads\/sites\/37\/2024\/09\/mensa_provvidenza_relatori-scaled-300x208.jpg itemprop=\"thumbnail\" alt=\"\"  \/>\n\t\t\t\t    <\/a>\n\t\t\t\t    <figcaption class=\"photoswipe-gallery-caption\" ><\/figcaption>\n\t\t\t    <\/figure>\n\t\t\t\t\n\t\t\t\t<figure class=\"msnry_item\" itemscope itemtype=\"http:\/\/schema.org\/ImageObject\">\n\t\t\t\t\t<a href=\"https:\/\/www.diocesitn.it\/area-testimonianza\/wp-content\/uploads\/sites\/37\/2024\/09\/mensa_provvidenza_volontari-1024x768.jpg\"\n\t\t\t\t\titemprop=\"contentUrl\"\n\t\t\t\t\tdata-pswp-width=\"800\" \n\t\t\t\t    data-pswp-height=\"600\" \n\t\t\t\t    data-cropped=\"true\"\n\t\t\t\t\tdata-caption=\"\"\n\t\t\t\t\tclass=\"post-thumbnail-image-link container-fixed-aspect-ratio__16-9\">\n\t\t\t\t        <img src=https:\/\/www.diocesitn.it\/area-testimonianza\/wp-content\/uploads\/sites\/37\/2024\/09\/mensa_provvidenza_volontari-300x225.jpg itemprop=\"thumbnail\" alt=\"\"  \/>\n\t\t\t\t    <\/a>\n\t\t\t\t    <figcaption class=\"photoswipe-gallery-caption\" ><\/figcaption>\n\t\t\t    <\/figure>\n\t\t\t\t\n\t\t\t\t<figure class=\"msnry_item\" itemscope itemtype=\"http:\/\/schema.org\/ImageObject\">\n\t\t\t\t\t<a href=\"https:\/\/www.diocesitn.it\/area-testimonianza\/wp-content\/uploads\/sites\/37\/2024\/09\/mensa_provvidenza_relatori_1.jpg\"\n\t\t\t\t\titemprop=\"contentUrl\"\n\t\t\t\t\tdata-pswp-width=\"800\" \n\t\t\t\t    data-pswp-height=\"561\" \n\t\t\t\t    data-cropped=\"true\"\n\t\t\t\t\tdata-caption=\"\"\n\t\t\t\t\tclass=\"post-thumbnail-image-link container-fixed-aspect-ratio__16-9\">\n\t\t\t\t        <img src=https:\/\/www.diocesitn.it\/area-testimonianza\/wp-content\/uploads\/sites\/37\/2024\/09\/mensa_provvidenza_relatori_1-300x210.jpg itemprop=\"thumbnail\" alt=\"\"  \/>\n\t\t\t\t    <\/a>\n\t\t\t\t    <figcaption class=\"photoswipe-gallery-caption\" ><\/figcaption>\n\t\t\t    <\/figure>\n\t\t\t\t\n\t\t\t\t<figure class=\"msnry_item\" itemscope itemtype=\"http:\/\/schema.org\/ImageObject\">\n\t\t\t\t\t<a href=\"https:\/\/www.diocesitn.it\/area-testimonianza\/wp-content\/uploads\/sites\/37\/2024\/09\/mensa_provvidenza_suor_Maria-e1726840815206.jpg\"\n\t\t\t\t\titemprop=\"contentUrl\"\n\t\t\t\t\tdata-pswp-width=\"800\" \n\t\t\t\t    data-pswp-height=\"600\" \n\t\t\t\t    data-cropped=\"true\"\n\t\t\t\t\tdata-caption=\"\"\n\t\t\t\t\tclass=\"post-thumbnail-image-link container-fixed-aspect-ratio__16-9\">\n\t\t\t\t        <img src=https:\/\/www.diocesitn.it\/area-testimonianza\/wp-content\/uploads\/sites\/37\/2024\/09\/mensa_provvidenza_suor_Maria-e1726840815206-300x225.jpg itemprop=\"thumbnail\" alt=\"\"  \/>\n\t\t\t\t    <\/a>\n\t\t\t\t    <figcaption class=\"photoswipe-gallery-caption\" ><\/figcaption>\n\t\t\t    <\/figure>\n\t\t\t\t\n\t\t\t\t<figure class=\"msnry_item\" itemscope itemtype=\"http:\/\/schema.org\/ImageObject\">\n\t\t\t\t\t<a href=\"https:\/\/www.diocesitn.it\/area-testimonianza\/wp-content\/uploads\/sites\/37\/2024\/09\/mensa_provvidenza_tisi_tabernini-scaled-1024x817.jpg\"\n\t\t\t\t\titemprop=\"contentUrl\"\n\t\t\t\t\tdata-pswp-width=\"800\" \n\t\t\t\t    data-pswp-height=\"638\" \n\t\t\t\t    data-cropped=\"true\"\n\t\t\t\t\tdata-caption=\"\"\n\t\t\t\t\tclass=\"post-thumbnail-image-link container-fixed-aspect-ratio__16-9\">\n\t\t\t\t        <img src=https:\/\/www.diocesitn.it\/area-testimonianza\/wp-content\/uploads\/sites\/37\/2024\/09\/mensa_provvidenza_tisi_tabernini-scaled-300x239.jpg itemprop=\"thumbnail\" alt=\"\"  \/>\n\t\t\t\t    <\/a>\n\t\t\t\t    <figcaption class=\"photoswipe-gallery-caption\" ><\/figcaption>\n\t\t\t    <\/figure>\n\t\t\t\t\n\t\t\t\t<figure class=\"msnry_item\" itemscope itemtype=\"http:\/\/schema.org\/ImageObject\">\n\t\t\t\t\t<a href=\"https:\/\/www.diocesitn.it\/area-testimonianza\/wp-content\/uploads\/sites\/37\/2024\/09\/mensa_provvidenza_cucina1-e1726840891650.jpg\"\n\t\t\t\t\titemprop=\"contentUrl\"\n\t\t\t\t\tdata-pswp-width=\"800\" \n\t\t\t\t    data-pswp-height=\"600\" \n\t\t\t\t    data-cropped=\"true\"\n\t\t\t\t\tdata-caption=\"\"\n\t\t\t\t\tclass=\"post-thumbnail-image-link container-fixed-aspect-ratio__16-9\">\n\t\t\t\t        <img src=https:\/\/www.diocesitn.it\/area-testimonianza\/wp-content\/uploads\/sites\/37\/2024\/09\/mensa_provvidenza_cucina1-e1726840891650-300x225.jpg itemprop=\"thumbnail\" alt=\"\"  \/>\n\t\t\t\t    <\/a>\n\t\t\t\t    <figcaption class=\"photoswipe-gallery-caption\" ><\/figcaption>\n\t\t\t    <\/figure>\n\t\t\t\t\n\t\t\t\t<figure class=\"msnry_item\" itemscope itemtype=\"http:\/\/schema.org\/ImageObject\">\n\t\t\t\t\t<a href=\"https:\/\/www.diocesitn.it\/area-testimonianza\/wp-content\/uploads\/sites\/37\/2024\/09\/mensa_provvidenza_cucina2-scaled-1024x682.jpg\"\n\t\t\t\t\titemprop=\"contentUrl\"\n\t\t\t\t\tdata-pswp-width=\"800\" \n\t\t\t\t    data-pswp-height=\"533\" \n\t\t\t\t    data-cropped=\"true\"\n\t\t\t\t\tdata-caption=\"\"\n\t\t\t\t\tclass=\"post-thumbnail-image-link container-fixed-aspect-ratio__16-9\">\n\t\t\t\t        <img src=https:\/\/www.diocesitn.it\/area-testimonianza\/wp-content\/uploads\/sites\/37\/2024\/09\/mensa_provvidenza_cucina2-scaled-300x200.jpg itemprop=\"thumbnail\" alt=\"\"  \/>\n\t\t\t\t    <\/a>\n\t\t\t\t    <figcaption class=\"photoswipe-gallery-caption\" ><\/figcaption>\n\t\t\t    <\/figure>\n\t\t\t\t\n\t\t\t\t<figure class=\"msnry_item\" itemscope itemtype=\"http:\/\/schema.org\/ImageObject\">\n\t\t\t\t\t<a href=\"https:\/\/www.diocesitn.it\/area-testimonianza\/wp-content\/uploads\/sites\/37\/2024\/09\/mensa_provvidenza_cucina-1024x768.jpg\"\n\t\t\t\t\titemprop=\"contentUrl\"\n\t\t\t\t\tdata-pswp-width=\"800\" \n\t\t\t\t    data-pswp-height=\"600\" \n\t\t\t\t    data-cropped=\"true\"\n\t\t\t\t\tdata-caption=\"\"\n\t\t\t\t\tclass=\"post-thumbnail-image-link container-fixed-aspect-ratio__16-9\">\n\t\t\t\t        <img src=https:\/\/www.diocesitn.it\/area-testimonianza\/wp-content\/uploads\/sites\/37\/2024\/09\/mensa_provvidenza_cucina-300x225.jpg itemprop=\"thumbnail\" alt=\"\"  \/>\n\t\t\t\t    <\/a>\n\t\t\t\t    <figcaption class=\"photoswipe-gallery-caption\" ><\/figcaption>\n\t\t\t    <\/figure>\n\t\t\t\t\n\t\t\t\t<figure class=\"msnry_item\" itemscope itemtype=\"http:\/\/schema.org\/ImageObject\">\n\t\t\t\t\t<a href=\"https:\/\/www.diocesitn.it\/area-testimonianza\/wp-content\/uploads\/sites\/37\/2024\/09\/mensa_provvidenza_refettorio-1024x768.jpg\"\n\t\t\t\t\titemprop=\"contentUrl\"\n\t\t\t\t\tdata-pswp-width=\"800\" \n\t\t\t\t    data-pswp-height=\"600\" \n\t\t\t\t    data-cropped=\"true\"\n\t\t\t\t\tdata-caption=\"\"\n\t\t\t\t\tclass=\"post-thumbnail-image-link container-fixed-aspect-ratio__16-9\">\n\t\t\t\t        <img src=https:\/\/www.diocesitn.it\/area-testimonianza\/wp-content\/uploads\/sites\/37\/2024\/09\/mensa_provvidenza_refettorio-300x225.jpg itemprop=\"thumbnail\" alt=\"\"  \/>\n\t\t\t\t    <\/a>\n\t\t\t\t    <figcaption class=\"photoswipe-gallery-caption\" ><\/figcaption>\n\t\t\t    <\/figure>\n\t\t\t\t\n\t\t\t\t<figure class=\"msnry_item\" itemscope itemtype=\"http:\/\/schema.org\/ImageObject\">\n\t\t\t\t\t<a href=\"https:\/\/www.diocesitn.it\/area-testimonianza\/wp-content\/uploads\/sites\/37\/2024\/09\/mensa_provvidenza_refettorio2-1024x768.jpg\"\n\t\t\t\t\titemprop=\"contentUrl\"\n\t\t\t\t\tdata-pswp-width=\"800\" \n\t\t\t\t    data-pswp-height=\"600\" \n\t\t\t\t    data-cropped=\"true\"\n\t\t\t\t\tdata-caption=\"\"\n\t\t\t\t\tclass=\"post-thumbnail-image-link container-fixed-aspect-ratio__16-9\">\n\t\t\t\t        <img src=https:\/\/www.diocesitn.it\/area-testimonianza\/wp-content\/uploads\/sites\/37\/2024\/09\/mensa_provvidenza_refettorio2-300x225.jpg itemprop=\"thumbnail\" alt=\"\"  \/>\n\t\t\t\t    <\/a>\n\t\t\t\t    <figcaption class=\"photoswipe-gallery-caption\" ><\/figcaption>\n\t\t\t    <\/figure>\n\t\t\t\t<\/div>\n\t\t<div style='clear:both'><\/div>\n\t\n<p>&nbsp;<\/p>\n<p>&nbsp;<\/p>\n","protected":false},"excerpt":{"rendered":"<p>Luned\u00ec prossimo, 23 settembre, aprir\u00e0 le porte, a Trento in via Giusti, la nuova sede della Mensa della Provvidenza, nei locali prima occupati dal CEDAS, il Centro di ascolto della Caritas diocesana. La struttura \u00e8<\/p>\n","protected":false},"author":168,"featured_media":15923,"comment_status":"closed","ping_status":"closed","sticky":false,"template":"","format":"standard","meta":{"footnotes":""},"categories":[1059,1074],"tags":[2268,1624,2186,1726],"class_list":["post-15917","post","type-post","status-publish","format-standard","has-post-thumbnail","hentry","category-servizio-caritas","category-notizie","tag-caritas-diocesana","tag-diocesi-di-trento","tag-mensa-della-provvidenza","tag-via-giusti"],"acf":{"seed-localization-paese-cod":"IT","seed-localization-address":"","seed-localization-citta":"Trento","seed-localization-regione-cod-istat":"04","seed-localization-citta-cod-istat":"022205","seed-localization-localita":"","seed-localization-cap":"","seed-localization-marker-visibility":false,"seed-localization-children-visibility":false,"seed-localization-kml":"","seed-localization-custom-marker":""},"yoast_head":"<!-- This site is optimized with the Yoast SEO Premium plugin v20.2.1 (Yoast SEO v22.2) - https:\/\/yoast.com\/wordpress\/plugins\/seo\/ -->\n<title>Diocesi di Trento riapre la Mensa della Provvidenza in via Giusti<\/title>\n<meta name=\"description\" content=\"La Diocesi riapre la Mensa della Provvidenza da luned\u00ec 23 settembre a Trento in via Giusti. Ogni sera 120 pasti grazie a 250 volontari\" \/>\n<meta name=\"robots\" content=\"index, follow, max-snippet:-1, max-image-preview:large, max-video-preview:-1\" \/>\n<link rel=\"canonical\" href=\"https:\/\/www.diocesitn.it\/area-testimonianza\/2024\/09\/20\/la-diocesi-riapre-la-mensa-della-provvidenza-da-lunedi-23-settembre-a-trento-in-via-giusti-ogni-sera-120-pasti-grazie-a-250-volontari-dalla-palazzina-destinata-ai-servizi-per-i-piu-poveri\/\" \/>\n<meta property=\"og:locale\" content=\"it_IT\" \/>\n<meta property=\"og:type\" content=\"article\" \/>\n<meta property=\"og:title\" content=\"La Diocesi riapre la Mensa della Provvidenza da luned\u00ec 23 settembre a Trento in via Giusti. Ogni sera 120 pasti grazie a 250 volontari. Dalla palazzina destinata ai servizi per i pi\u00f9 poveri \u2013 per l\u2019Arcivescovo una \u201cseconda cattedrale\u201d \u2013 l\u2019appello alla solidariet\u00e0\" \/>\n<meta property=\"og:description\" content=\"La Diocesi riapre la Mensa della Provvidenza da luned\u00ec 23 settembre a Trento in via Giusti. Ogni sera 120 pasti grazie a 250 volontari\" \/>\n<meta property=\"og:url\" content=\"https:\/\/www.diocesitn.it\/area-testimonianza\/2024\/09\/20\/la-diocesi-riapre-la-mensa-della-provvidenza-da-lunedi-23-settembre-a-trento-in-via-giusti-ogni-sera-120-pasti-grazie-a-250-volontari-dalla-palazzina-destinata-ai-servizi-per-i-piu-poveri\/\" \/>\n<meta property=\"og:site_name\" content=\"Testimonianza e Impegno sociale\" \/>\n<meta property=\"article:published_time\" content=\"2024-09-20T13:45:12+00:00\" \/>\n<meta property=\"article:modified_time\" content=\"2025-04-29T15:01:55+00:00\" \/>\n<meta property=\"og:image\" content=\"https:\/\/www.diocesitn.it\/area-testimonianza\/wp-content\/uploads\/sites\/37\/2024\/09\/mensa_provvidenza_cucina1-e1726840891650.jpg\" \/>\n\t<meta property=\"og:image:width\" content=\"900\" \/>\n\t<meta property=\"og:image:height\" content=\"675\" \/>\n\t<meta property=\"og:image:type\" content=\"image\/jpeg\" \/>\n<meta name=\"author\" content=\"losspapot\" \/>\n<meta name=\"twitter:card\" content=\"summary_large_image\" \/>\n<meta name=\"twitter:label1\" content=\"Scritto da\" \/>\n\t<meta name=\"twitter:data1\" content=\"losspapot\" \/>\n\t<meta name=\"twitter:label2\" content=\"Tempo di lettura stimato\" \/>\n\t<meta name=\"twitter:data2\" content=\"8 minuti\" \/>\n<script type=\"application\/ld+json\" class=\"yoast-schema-graph\">{\"@context\":\"https:\/\/schema.org\",\"@graph\":[{\"@type\":\"Article\",\"@id\":\"https:\/\/www.diocesitn.it\/area-testimonianza\/2024\/09\/20\/la-diocesi-riapre-la-mensa-della-provvidenza-da-lunedi-23-settembre-a-trento-in-via-giusti-ogni-sera-120-pasti-grazie-a-250-volontari-dalla-palazzina-destinata-ai-servizi-per-i-piu-poveri\/#article\",\"isPartOf\":{\"@id\":\"https:\/\/www.diocesitn.it\/area-testimonianza\/2024\/09\/20\/la-diocesi-riapre-la-mensa-della-provvidenza-da-lunedi-23-settembre-a-trento-in-via-giusti-ogni-sera-120-pasti-grazie-a-250-volontari-dalla-palazzina-destinata-ai-servizi-per-i-piu-poveri\/\"},\"author\":{\"name\":\"losspapot\",\"@id\":\"https:\/\/www.diocesitn.it\/area-testimonianza\/#\/schema\/person\/3526ceacb35e1aa4c86252e45adfad22\"},\"headline\":\"La Diocesi riapre la Mensa della Provvidenza da luned\u00ec 23 settembre a Trento in via Giusti. Ogni sera 120 pasti grazie a 250 volontari. Dalla palazzina destinata ai servizi per i pi\u00f9 poveri \u2013 per l\u2019Arcivescovo una \u201cseconda cattedrale\u201d \u2013 l\u2019appello alla solidariet\u00e0\",\"datePublished\":\"2024-09-20T13:45:12+00:00\",\"dateModified\":\"2025-04-29T15:01:55+00:00\",\"mainEntityOfPage\":{\"@id\":\"https:\/\/www.diocesitn.it\/area-testimonianza\/2024\/09\/20\/la-diocesi-riapre-la-mensa-della-provvidenza-da-lunedi-23-settembre-a-trento-in-via-giusti-ogni-sera-120-pasti-grazie-a-250-volontari-dalla-palazzina-destinata-ai-servizi-per-i-piu-poveri\/\"},\"wordCount\":1493,\"publisher\":{\"@id\":\"https:\/\/www.diocesitn.it\/area-testimonianza\/#organization\"},\"image\":{\"@id\":\"https:\/\/www.diocesitn.it\/area-testimonianza\/2024\/09\/20\/la-diocesi-riapre-la-mensa-della-provvidenza-da-lunedi-23-settembre-a-trento-in-via-giusti-ogni-sera-120-pasti-grazie-a-250-volontari-dalla-palazzina-destinata-ai-servizi-per-i-piu-poveri\/#primaryimage\"},\"thumbnailUrl\":\"https:\/\/www.diocesitn.it\/area-testimonianza\/wp-content\/uploads\/sites\/37\/2024\/09\/mensa_provvidenza_cucina1-e1726840891650.jpg\",\"keywords\":[\"caritas diocesana\",\"Diocesi di Trento\",\"mensa della provvidenza\",\"via giusti\"],\"articleSection\":[\"Caritas diocesana\",\"Notizie\"],\"inLanguage\":\"it-IT\",\"copyrightYear\":\"2024\",\"copyrightHolder\":{\"@id\":\"https:\/\/www.diocesitn.it\/#organization\"}},{\"@type\":\"WebPage\",\"@id\":\"https:\/\/www.diocesitn.it\/area-testimonianza\/2024\/09\/20\/la-diocesi-riapre-la-mensa-della-provvidenza-da-lunedi-23-settembre-a-trento-in-via-giusti-ogni-sera-120-pasti-grazie-a-250-volontari-dalla-palazzina-destinata-ai-servizi-per-i-piu-poveri\/\",\"url\":\"https:\/\/www.diocesitn.it\/area-testimonianza\/2024\/09\/20\/la-diocesi-riapre-la-mensa-della-provvidenza-da-lunedi-23-settembre-a-trento-in-via-giusti-ogni-sera-120-pasti-grazie-a-250-volontari-dalla-palazzina-destinata-ai-servizi-per-i-piu-poveri\/\",\"name\":\"Diocesi di Trento riapre la Mensa della Provvidenza in via Giusti\",\"isPartOf\":{\"@id\":\"https:\/\/www.diocesitn.it\/area-testimonianza\/#website\"},\"primaryImageOfPage\":{\"@id\":\"https:\/\/www.diocesitn.it\/area-testimonianza\/2024\/09\/20\/la-diocesi-riapre-la-mensa-della-provvidenza-da-lunedi-23-settembre-a-trento-in-via-giusti-ogni-sera-120-pasti-grazie-a-250-volontari-dalla-palazzina-destinata-ai-servizi-per-i-piu-poveri\/#primaryimage\"},\"image\":{\"@id\":\"https:\/\/www.diocesitn.it\/area-testimonianza\/2024\/09\/20\/la-diocesi-riapre-la-mensa-della-provvidenza-da-lunedi-23-settembre-a-trento-in-via-giusti-ogni-sera-120-pasti-grazie-a-250-volontari-dalla-palazzina-destinata-ai-servizi-per-i-piu-poveri\/#primaryimage\"},\"thumbnailUrl\":\"https:\/\/www.diocesitn.it\/area-testimonianza\/wp-content\/uploads\/sites\/37\/2024\/09\/mensa_provvidenza_cucina1-e1726840891650.jpg\",\"datePublished\":\"2024-09-20T13:45:12+00:00\",\"dateModified\":\"2025-04-29T15:01:55+00:00\",\"description\":\"La Diocesi riapre la Mensa della Provvidenza da luned\u00ec 23 settembre a Trento in via Giusti. Ogni sera 120 pasti grazie a 250 volontari\",\"breadcrumb\":{\"@id\":\"https:\/\/www.diocesitn.it\/area-testimonianza\/2024\/09\/20\/la-diocesi-riapre-la-mensa-della-provvidenza-da-lunedi-23-settembre-a-trento-in-via-giusti-ogni-sera-120-pasti-grazie-a-250-volontari-dalla-palazzina-destinata-ai-servizi-per-i-piu-poveri\/#breadcrumb\"},\"inLanguage\":\"it-IT\",\"potentialAction\":[{\"@type\":\"ReadAction\",\"target\":[\"https:\/\/www.diocesitn.it\/area-testimonianza\/2024\/09\/20\/la-diocesi-riapre-la-mensa-della-provvidenza-da-lunedi-23-settembre-a-trento-in-via-giusti-ogni-sera-120-pasti-grazie-a-250-volontari-dalla-palazzina-destinata-ai-servizi-per-i-piu-poveri\/\"]}]},{\"@type\":\"ImageObject\",\"inLanguage\":\"it-IT\",\"@id\":\"https:\/\/www.diocesitn.it\/area-testimonianza\/2024\/09\/20\/la-diocesi-riapre-la-mensa-della-provvidenza-da-lunedi-23-settembre-a-trento-in-via-giusti-ogni-sera-120-pasti-grazie-a-250-volontari-dalla-palazzina-destinata-ai-servizi-per-i-piu-poveri\/#primaryimage\",\"url\":\"https:\/\/www.diocesitn.it\/area-testimonianza\/wp-content\/uploads\/sites\/37\/2024\/09\/mensa_provvidenza_cucina1-e1726840891650.jpg\",\"contentUrl\":\"https:\/\/www.diocesitn.it\/area-testimonianza\/wp-content\/uploads\/sites\/37\/2024\/09\/mensa_provvidenza_cucina1-e1726840891650.jpg\",\"width\":900,\"height\":675},{\"@type\":\"BreadcrumbList\",\"@id\":\"https:\/\/www.diocesitn.it\/area-testimonianza\/2024\/09\/20\/la-diocesi-riapre-la-mensa-della-provvidenza-da-lunedi-23-settembre-a-trento-in-via-giusti-ogni-sera-120-pasti-grazie-a-250-volontari-dalla-palazzina-destinata-ai-servizi-per-i-piu-poveri\/#breadcrumb\",\"itemListElement\":[{\"@type\":\"ListItem\",\"position\":1,\"name\":\"Home\",\"item\":\"https:\/\/www.diocesitn.it\/area-testimonianza\/\"},{\"@type\":\"ListItem\",\"position\":2,\"name\":\"La Diocesi riapre la Mensa della Provvidenza da luned\u00ec 23 settembre a Trento in via Giusti. Ogni sera 120 pasti grazie a 250 volontari. Dalla palazzina destinata ai servizi per i pi\u00f9 poveri \u2013 per l\u2019Arcivescovo una \u201cseconda cattedrale\u201d \u2013 l\u2019appello alla solidariet\u00e0\"}]},{\"@type\":\"WebSite\",\"@id\":\"https:\/\/www.diocesitn.it\/area-testimonianza\/#website\",\"url\":\"https:\/\/www.diocesitn.it\/area-testimonianza\/\",\"name\":\"Testimonianza e Impegno sociale\",\"description\":\"Chiesa di Trento\",\"publisher\":{\"@id\":\"https:\/\/www.diocesitn.it\/area-testimonianza\/#organization\"},\"potentialAction\":[{\"@type\":\"SearchAction\",\"target\":{\"@type\":\"EntryPoint\",\"urlTemplate\":\"https:\/\/www.diocesitn.it\/area-testimonianza\/?s={search_term_string}\"},\"query-input\":\"required name=search_term_string\"}],\"inLanguage\":\"it-IT\"},{\"@type\":[\"Organization\",\"Place\"],\"@id\":\"https:\/\/www.diocesitn.it\/area-testimonianza\/#organization\",\"name\":\"Area Testimonianza e Impegno Sociale - Chiesa di Trento\",\"url\":\"https:\/\/www.diocesitn.it\/area-testimonianza\/\",\"logo\":{\"@id\":\"https:\/\/www.diocesitn.it\/area-testimonianza\/2024\/09\/20\/la-diocesi-riapre-la-mensa-della-provvidenza-da-lunedi-23-settembre-a-trento-in-via-giusti-ogni-sera-120-pasti-grazie-a-250-volontari-dalla-palazzina-destinata-ai-servizi-per-i-piu-poveri\/#local-main-organization-logo\"},\"image\":{\"@id\":\"https:\/\/www.diocesitn.it\/area-testimonianza\/2024\/09\/20\/la-diocesi-riapre-la-mensa-della-provvidenza-da-lunedi-23-settembre-a-trento-in-via-giusti-ogni-sera-120-pasti-grazie-a-250-volontari-dalla-palazzina-destinata-ai-servizi-per-i-piu-poveri\/#local-main-organization-logo\"},\"openingHoursSpecification\":[{\"@type\":\"OpeningHoursSpecification\",\"dayOfWeek\":[\"Monday\",\"Tuesday\",\"Wednesday\",\"Thursday\",\"Friday\",\"Saturday\",\"Sunday\"],\"opens\":\"09:00\",\"closes\":\"17:00\"}]},{\"@type\":\"ImageObject\",\"inLanguage\":\"it-IT\",\"@id\":\"https:\/\/www.diocesitn.it\/area-testimonianza\/2024\/09\/20\/la-diocesi-riapre-la-mensa-della-provvidenza-da-lunedi-23-settembre-a-trento-in-via-giusti-ogni-sera-120-pasti-grazie-a-250-volontari-dalla-palazzina-destinata-ai-servizi-per-i-piu-poveri\/#local-main-organization-logo\",\"url\":\"https:\/\/www.diocesitn.it\/area-testimonianza\/wp-content\/uploads\/sites\/37\/2021\/09\/og-logo-testimonianza-e-impegno-sociale.jpg\",\"contentUrl\":\"https:\/\/www.diocesitn.it\/area-testimonianza\/wp-content\/uploads\/sites\/37\/2021\/09\/og-logo-testimonianza-e-impegno-sociale.jpg\",\"width\":1200,\"height\":630,\"caption\":\"Area Testimonianza e Impegno Sociale - Chiesa di Trento\"}]}<\/script>\n<!-- \/ Yoast SEO Premium plugin. -->","yoast_head_json":{"title":"Diocesi di Trento riapre la Mensa della Provvidenza in via Giusti","description":"La Diocesi riapre la Mensa della Provvidenza da luned\u00ec 23 settembre a Trento in via Giusti. Ogni sera 120 pasti grazie a 250 volontari","robots":{"index":"index","follow":"follow","max-snippet":"max-snippet:-1","max-image-preview":"max-image-preview:large","max-video-preview":"max-video-preview:-1"},"canonical":"https:\/\/www.diocesitn.it\/area-testimonianza\/2024\/09\/20\/la-diocesi-riapre-la-mensa-della-provvidenza-da-lunedi-23-settembre-a-trento-in-via-giusti-ogni-sera-120-pasti-grazie-a-250-volontari-dalla-palazzina-destinata-ai-servizi-per-i-piu-poveri\/","og_locale":"it_IT","og_type":"article","og_title":"La Diocesi riapre la Mensa della Provvidenza da luned\u00ec 23 settembre a Trento in via Giusti. Ogni sera 120 pasti grazie a 250 volontari. Dalla palazzina destinata ai servizi per i pi\u00f9 poveri \u2013 per l\u2019Arcivescovo una \u201cseconda cattedrale\u201d \u2013 l\u2019appello alla solidariet\u00e0","og_description":"La Diocesi riapre la Mensa della Provvidenza da luned\u00ec 23 settembre a Trento in via Giusti. Ogni sera 120 pasti grazie a 250 volontari","og_url":"https:\/\/www.diocesitn.it\/area-testimonianza\/2024\/09\/20\/la-diocesi-riapre-la-mensa-della-provvidenza-da-lunedi-23-settembre-a-trento-in-via-giusti-ogni-sera-120-pasti-grazie-a-250-volontari-dalla-palazzina-destinata-ai-servizi-per-i-piu-poveri\/","og_site_name":"Testimonianza e Impegno sociale","article_published_time":"2024-09-20T13:45:12+00:00","article_modified_time":"2025-04-29T15:01:55+00:00","og_image":[{"width":900,"height":675,"url":"https:\/\/www.diocesitn.it\/area-testimonianza\/wp-content\/uploads\/sites\/37\/2024\/09\/mensa_provvidenza_cucina1-e1726840891650.jpg","type":"image\/jpeg"}],"author":"losspapot","twitter_card":"summary_large_image","twitter_misc":{"Scritto da":"losspapot","Tempo di lettura stimato":"8 minuti"},"schema":{"@context":"https:\/\/schema.org","@graph":[{"@type":"Article","@id":"https:\/\/www.diocesitn.it\/area-testimonianza\/2024\/09\/20\/la-diocesi-riapre-la-mensa-della-provvidenza-da-lunedi-23-settembre-a-trento-in-via-giusti-ogni-sera-120-pasti-grazie-a-250-volontari-dalla-palazzina-destinata-ai-servizi-per-i-piu-poveri\/#article","isPartOf":{"@id":"https:\/\/www.diocesitn.it\/area-testimonianza\/2024\/09\/20\/la-diocesi-riapre-la-mensa-della-provvidenza-da-lunedi-23-settembre-a-trento-in-via-giusti-ogni-sera-120-pasti-grazie-a-250-volontari-dalla-palazzina-destinata-ai-servizi-per-i-piu-poveri\/"},"author":{"name":"losspapot","@id":"https:\/\/www.diocesitn.it\/area-testimonianza\/#\/schema\/person\/3526ceacb35e1aa4c86252e45adfad22"},"headline":"La Diocesi riapre la Mensa della Provvidenza da luned\u00ec 23 settembre a Trento in via Giusti. Ogni sera 120 pasti grazie a 250 volontari. Dalla palazzina destinata ai servizi per i pi\u00f9 poveri \u2013 per l\u2019Arcivescovo una \u201cseconda cattedrale\u201d \u2013 l\u2019appello alla solidariet\u00e0","datePublished":"2024-09-20T13:45:12+00:00","dateModified":"2025-04-29T15:01:55+00:00","mainEntityOfPage":{"@id":"https:\/\/www.diocesitn.it\/area-testimonianza\/2024\/09\/20\/la-diocesi-riapre-la-mensa-della-provvidenza-da-lunedi-23-settembre-a-trento-in-via-giusti-ogni-sera-120-pasti-grazie-a-250-volontari-dalla-palazzina-destinata-ai-servizi-per-i-piu-poveri\/"},"wordCount":1493,"publisher":{"@id":"https:\/\/www.diocesitn.it\/area-testimonianza\/#organization"},"image":{"@id":"https:\/\/www.diocesitn.it\/area-testimonianza\/2024\/09\/20\/la-diocesi-riapre-la-mensa-della-provvidenza-da-lunedi-23-settembre-a-trento-in-via-giusti-ogni-sera-120-pasti-grazie-a-250-volontari-dalla-palazzina-destinata-ai-servizi-per-i-piu-poveri\/#primaryimage"},"thumbnailUrl":"https:\/\/www.diocesitn.it\/area-testimonianza\/wp-content\/uploads\/sites\/37\/2024\/09\/mensa_provvidenza_cucina1-e1726840891650.jpg","keywords":["caritas diocesana","Diocesi di Trento","mensa della provvidenza","via giusti"],"articleSection":["Caritas diocesana","Notizie"],"inLanguage":"it-IT","copyrightYear":"2024","copyrightHolder":{"@id":"https:\/\/www.diocesitn.it\/#organization"}},{"@type":"WebPage","@id":"https:\/\/www.diocesitn.it\/area-testimonianza\/2024\/09\/20\/la-diocesi-riapre-la-mensa-della-provvidenza-da-lunedi-23-settembre-a-trento-in-via-giusti-ogni-sera-120-pasti-grazie-a-250-volontari-dalla-palazzina-destinata-ai-servizi-per-i-piu-poveri\/","url":"https:\/\/www.diocesitn.it\/area-testimonianza\/2024\/09\/20\/la-diocesi-riapre-la-mensa-della-provvidenza-da-lunedi-23-settembre-a-trento-in-via-giusti-ogni-sera-120-pasti-grazie-a-250-volontari-dalla-palazzina-destinata-ai-servizi-per-i-piu-poveri\/","name":"Diocesi di Trento riapre la Mensa della Provvidenza in via Giusti","isPartOf":{"@id":"https:\/\/www.diocesitn.it\/area-testimonianza\/#website"},"primaryImageOfPage":{"@id":"https:\/\/www.diocesitn.it\/area-testimonianza\/2024\/09\/20\/la-diocesi-riapre-la-mensa-della-provvidenza-da-lunedi-23-settembre-a-trento-in-via-giusti-ogni-sera-120-pasti-grazie-a-250-volontari-dalla-palazzina-destinata-ai-servizi-per-i-piu-poveri\/#primaryimage"},"image":{"@id":"https:\/\/www.diocesitn.it\/area-testimonianza\/2024\/09\/20\/la-diocesi-riapre-la-mensa-della-provvidenza-da-lunedi-23-settembre-a-trento-in-via-giusti-ogni-sera-120-pasti-grazie-a-250-volontari-dalla-palazzina-destinata-ai-servizi-per-i-piu-poveri\/#primaryimage"},"thumbnailUrl":"https:\/\/www.diocesitn.it\/area-testimonianza\/wp-content\/uploads\/sites\/37\/2024\/09\/mensa_provvidenza_cucina1-e1726840891650.jpg","datePublished":"2024-09-20T13:45:12+00:00","dateModified":"2025-04-29T15:01:55+00:00","description":"La Diocesi riapre la Mensa della Provvidenza da luned\u00ec 23 settembre a Trento in via Giusti. Ogni sera 120 pasti grazie a 250 volontari","breadcrumb":{"@id":"https:\/\/www.diocesitn.it\/area-testimonianza\/2024\/09\/20\/la-diocesi-riapre-la-mensa-della-provvidenza-da-lunedi-23-settembre-a-trento-in-via-giusti-ogni-sera-120-pasti-grazie-a-250-volontari-dalla-palazzina-destinata-ai-servizi-per-i-piu-poveri\/#breadcrumb"},"inLanguage":"it-IT","potentialAction":[{"@type":"ReadAction","target":["https:\/\/www.diocesitn.it\/area-testimonianza\/2024\/09\/20\/la-diocesi-riapre-la-mensa-della-provvidenza-da-lunedi-23-settembre-a-trento-in-via-giusti-ogni-sera-120-pasti-grazie-a-250-volontari-dalla-palazzina-destinata-ai-servizi-per-i-piu-poveri\/"]}]},{"@type":"ImageObject","inLanguage":"it-IT","@id":"https:\/\/www.diocesitn.it\/area-testimonianza\/2024\/09\/20\/la-diocesi-riapre-la-mensa-della-provvidenza-da-lunedi-23-settembre-a-trento-in-via-giusti-ogni-sera-120-pasti-grazie-a-250-volontari-dalla-palazzina-destinata-ai-servizi-per-i-piu-poveri\/#primaryimage","url":"https:\/\/www.diocesitn.it\/area-testimonianza\/wp-content\/uploads\/sites\/37\/2024\/09\/mensa_provvidenza_cucina1-e1726840891650.jpg","contentUrl":"https:\/\/www.diocesitn.it\/area-testimonianza\/wp-content\/uploads\/sites\/37\/2024\/09\/mensa_provvidenza_cucina1-e1726840891650.jpg","width":900,"height":675},{"@type":"BreadcrumbList","@id":"https:\/\/www.diocesitn.it\/area-testimonianza\/2024\/09\/20\/la-diocesi-riapre-la-mensa-della-provvidenza-da-lunedi-23-settembre-a-trento-in-via-giusti-ogni-sera-120-pasti-grazie-a-250-volontari-dalla-palazzina-destinata-ai-servizi-per-i-piu-poveri\/#breadcrumb","itemListElement":[{"@type":"ListItem","position":1,"name":"Home","item":"https:\/\/www.diocesitn.it\/area-testimonianza\/"},{"@type":"ListItem","position":2,"name":"La Diocesi riapre la Mensa della Provvidenza da luned\u00ec 23 settembre a Trento in via Giusti. Ogni sera 120 pasti grazie a 250 volontari. Dalla palazzina destinata ai servizi per i pi\u00f9 poveri \u2013 per l\u2019Arcivescovo una \u201cseconda cattedrale\u201d \u2013 l\u2019appello alla solidariet\u00e0"}]},{"@type":"WebSite","@id":"https:\/\/www.diocesitn.it\/area-testimonianza\/#website","url":"https:\/\/www.diocesitn.it\/area-testimonianza\/","name":"Testimonianza e Impegno sociale","description":"Chiesa di Trento","publisher":{"@id":"https:\/\/www.diocesitn.it\/area-testimonianza\/#organization"},"potentialAction":[{"@type":"SearchAction","target":{"@type":"EntryPoint","urlTemplate":"https:\/\/www.diocesitn.it\/area-testimonianza\/?s={search_term_string}"},"query-input":"required name=search_term_string"}],"inLanguage":"it-IT"},{"@type":["Organization","Place"],"@id":"https:\/\/www.diocesitn.it\/area-testimonianza\/#organization","name":"Area Testimonianza e Impegno Sociale - Chiesa di Trento","url":"https:\/\/www.diocesitn.it\/area-testimonianza\/","logo":{"@id":"https:\/\/www.diocesitn.it\/area-testimonianza\/2024\/09\/20\/la-diocesi-riapre-la-mensa-della-provvidenza-da-lunedi-23-settembre-a-trento-in-via-giusti-ogni-sera-120-pasti-grazie-a-250-volontari-dalla-palazzina-destinata-ai-servizi-per-i-piu-poveri\/#local-main-organization-logo"},"image":{"@id":"https:\/\/www.diocesitn.it\/area-testimonianza\/2024\/09\/20\/la-diocesi-riapre-la-mensa-della-provvidenza-da-lunedi-23-settembre-a-trento-in-via-giusti-ogni-sera-120-pasti-grazie-a-250-volontari-dalla-palazzina-destinata-ai-servizi-per-i-piu-poveri\/#local-main-organization-logo"},"openingHoursSpecification":[{"@type":"OpeningHoursSpecification","dayOfWeek":["Monday","Tuesday","Wednesday","Thursday","Friday","Saturday","Sunday"],"opens":"09:00","closes":"17:00"}]},{"@type":"ImageObject","inLanguage":"it-IT","@id":"https:\/\/www.diocesitn.it\/area-testimonianza\/2024\/09\/20\/la-diocesi-riapre-la-mensa-della-provvidenza-da-lunedi-23-settembre-a-trento-in-via-giusti-ogni-sera-120-pasti-grazie-a-250-volontari-dalla-palazzina-destinata-ai-servizi-per-i-piu-poveri\/#local-main-organization-logo","url":"https:\/\/www.diocesitn.it\/area-testimonianza\/wp-content\/uploads\/sites\/37\/2021\/09\/og-logo-testimonianza-e-impegno-sociale.jpg","contentUrl":"https:\/\/www.diocesitn.it\/area-testimonianza\/wp-content\/uploads\/sites\/37\/2021\/09\/og-logo-testimonianza-e-impegno-sociale.jpg","width":1200,"height":630,"caption":"Area Testimonianza e Impegno Sociale - Chiesa di Trento"}]}},"_links":{"self":[{"href":"https:\/\/www.diocesitn.it\/area-testimonianza\/wp-json\/wp\/v2\/posts\/15917","targetHints":{"allow":["GET"]}}],"collection":[{"href":"https:\/\/www.diocesitn.it\/area-testimonianza\/wp-json\/wp\/v2\/posts"}],"about":[{"href":"https:\/\/www.diocesitn.it\/area-testimonianza\/wp-json\/wp\/v2\/types\/post"}],"author":[{"embeddable":true,"href":"https:\/\/www.diocesitn.it\/area-testimonianza\/wp-json\/wp\/v2\/users\/168"}],"replies":[{"embeddable":true,"href":"https:\/\/www.diocesitn.it\/area-testimonianza\/wp-json\/wp\/v2\/comments?post=15917"}],"version-history":[{"count":3,"href":"https:\/\/www.diocesitn.it\/area-testimonianza\/wp-json\/wp\/v2\/posts\/15917\/revisions"}],"predecessor-version":[{"id":17616,"href":"https:\/\/www.diocesitn.it\/area-testimonianza\/wp-json\/wp\/v2\/posts\/15917\/revisions\/17616"}],"wp:featuredmedia":[{"embeddable":true,"href":"https:\/\/www.diocesitn.it\/area-testimonianza\/wp-json\/wp\/v2\/media\/15923"}],"wp:attachment":[{"href":"https:\/\/www.diocesitn.it\/area-testimonianza\/wp-json\/wp\/v2\/media?parent=15917"}],"wp:term":[{"taxonomy":"category","embeddable":true,"href":"https:\/\/www.diocesitn.it\/area-testimonianza\/wp-json\/wp\/v2\/categories?post=15917"},{"taxonomy":"post_tag","embeddable":true,"href":"https:\/\/www.diocesitn.it\/area-testimonianza\/wp-json\/wp\/v2\/tags?post=15917"}],"curies":[{"name":"wp","href":"https:\/\/api.w.org\/{rel}","templated":true}]}}