{"id":15914,"date":"2024-09-19T14:49:44","date_gmt":"2024-09-19T12:49:44","guid":{"rendered":"https:\/\/www.diocesitn.it\/area-testimonianza\/2024\/09\/19\/i-camilliani-lasciano-il-trentino-a-fine-mese\/"},"modified":"2024-09-24T08:37:58","modified_gmt":"2024-09-24T06:37:58","slug":"i-camilliani-lasciano-il-trentino-a-fine-mese","status":"publish","type":"post","link":"https:\/\/www.diocesitn.it\/area-testimonianza\/2024\/09\/19\/i-camilliani-lasciano-il-trentino-a-fine-mese\/","title":{"rendered":"I Camilliani lasciano il Trentino a fine mese. Il saluto dei cappellani ospedalieri padre Davide e padre Fausto"},"content":{"rendered":"<p>Da fine mese <strong>terminer\u00e0 la presenza dei Camilliani in Trentino<\/strong>: lasceranno infatti i loro incarichi i fratelli valtellinesi <strong>padre Davide e Fausto Negrini<\/strong>.<\/p>\n<p>Padre Davide presta servizio come assistente spirituale all\u2019<strong>ospedale Santa Chiara<\/strong> da gennaio 2016, mentre padre Fausto in un primo tempo dalle <strong>Figlie di San Camillo<\/strong> (dicembre 2017 \u2013 marzo 2020) e da ottobre 2018 nella APSP <strong>Beato de Tschiderer<\/strong>. La Diocesi li ha salutati in particolare con una Messa presieduta dall&#8217;arcivescovo Lauro nel pomeriggio gioved\u00ec 19 settembre alla <strong>de Tschiderer.\u00a0<\/strong><\/p>\n<h5><strong>Le motivazioni<\/strong><\/h5>\n<p>A causa di esigenze interne all\u2019Ordine Religioso, dovute principalmente ad un sempre pi\u00f9 preoccupante calo di vocazioni, all\u2019invecchiamento delle comunit\u00e0 religiose, ad una ridistribuzione interna delle forze ed al ritiro dei religiosi camilliani indiani dall\u2019Italia, la Provincia Nord Italiana dei Camilliani \u00e8 stata costretta a chiudere due comunit\u00e0, tra cui quella di Trento.<\/p>\n<blockquote><p>Cogliamo l\u2019occasione &#8211; scrivono padre Davide e padre Fausto &#8211; per ringraziare mons. Lauro Tisi e la sua Diocesi; gli ospedali S. Chiara, San Camillo e l\u2019APSP Beato de Tschiderer con i loro malati, ospiti, direttori e personale tutto; i Religiosi ed in generale la citt\u00e0 e provincia di Trento per averci fatto sentire a casa e per averci permesso di condividere un pezzettino delle nostre vite. Grazie a tutti!<\/p><\/blockquote>\n<h5><strong>La presenza camilliana in Trentino<\/strong><\/h5>\n<p>Proseguono padre Davide e padre Fausto:<\/p>\n<blockquote><p>Questo ci farebbe pensare che con poche righe si possa archiviare la nostra storia in questa regione, ma il solo pensarlo invece sarebbe sia un errore che una grave ingiustizia. Il motivo \u00e8 che da questa splendida terra tra vallate e imponenti montagne la vocazione Camilliana \u00e8 fiorita in modo strepitoso. Il tutto appare ancora pi\u00f9 sorprendente se pensiamo che in Trentino non vi sono grandi citt\u00e0 ma piccoli villaggi. Tra questi paesi ci limitiamo a citarne alcuni: Fornace, che ebbe con fratel Domenico Lorenzi la prima vocazione camilliana del Trentino, dal quale successivamente uscirono altre diciotto vocazioni; Cavizzana con dodici; Sevignano con undici; Mezzolombardo con dieci; Segonzano con otto e numerose altre vocazioni.<\/p>\n<p>La curiosit\u00e0 e l\u2019interesse verso i religiosi che portavano una croce rossa sulla veste talare deve essersi diffusa tra i giovani del Trentino quando, durante la Seconda guerra mondiale, gli studenti camilliani di Teologia da Verona furono sfollati a Prabubolo di Ronchi di Ala. Da allora sono nate numerose vocazioni e si sono diffuse varie opere sul territorio.<\/p>\n<p>Negli anni 50 \u00e8 segnalata la presenza dei Camilliani come Cappellani all\u2019Ospedale di Ala. Nel 1962 si aprirono a S. Vito di Pergine e Vigolo Vattaro un Seminario per studenti delle Scuole Medie Inferiori, che rimasero in funzione fino al 1980.\u00a0 Dagli untimi anni \u201870 fino all\u201982 i Camilliani ressero anche la Parrocchia di S. Vito di Pergine. Dopo di noi la struttura di S. Vito \u00e8 stata occupata per un periodo dalla Comunit\u00e0 di S. Patrignano e ora dalla Cooperativa Sociale Kaleidoscopio; mentre a Vigolo Vattaro ora c\u2019\u00e8 la RSA Villa Santa Maria.<\/p>\n<p>Con la chiusura del Seminario di S. Vito la comunit\u00e0 camilliana si trasfer\u00ec in citt\u00e0 a Trento presso l\u2019Istituto per sordi <em>\u201cNepomuceno De Tschiderer\u201d<\/em> in via Piave, con compiti di direzione e assistenza spirituale; ricordiamo qui la figura di P. Giovanni Pisetta. All\u2019inizi\u00f2 degli anni \u201980, grazie all\u2019impegno di P. Alfredo Rizzi, i camilliani intrapresero un lungo lavoro di accompagnamento e cura dei tossicodipendenti a Trento e a Nomi, dove si trovava la Comunit\u00e0 di recupero, che continu\u00f2 con buoni risultati fino a met\u00e0 degli anni \u201990.<\/p>\n<p>Nel 1985 i camilliani, nella persona di P. Beppino Taufer, iniziarono a Pergine Valsugana un lavoro di accoglienza e riabilitazione per soggetti con disturbi psichiatrici, su richiesta dell\u2019U.S.L. \u201cAlta Valsugana\u201d. Venne cos\u00ec aperta la <em>Comunit\u00e0 Terapeutica \u201cMaso S. Pietro\u201d<\/em> alla quale nel 1996 si aggiunse anche il<em> \u201cMaso Tre Castagni\u201d<\/em>. Tali strutture accolgono 30 pazienti psichiatrici (18 a Maso S. Pietro e 12 a Maso Tre castagni) per periodi prefissati e in accordo con i Servizi psichiatrici del territorio, con lo scopo della cura e della riabilitazione fino al possibile reinserimento sul territorio di questi ospiti. Un anno dopo la morte di P. Beppino (gennaio del 2021) i Camilliani restituiscono la struttura alla APSS di Trento.<\/p>\n<p>Nel novembre del 2009 il P. Provinciale espresse, al Vescovo Mons. Luigi Bressan, la richiesta di inviare dei religiosi che potessero ricostituire la comunit\u00e0 religiosa, e il desiderio di metterci a servizio della diocesi, secondo il carisma di S. Camillo, rispondendo alle necessit\u00e0 e ai bisogni emergenti.<\/p>\n<p>Dopo un anno di soggiorno in localit\u00e0 S. Nicol\u00f2, in una casa della curia, su indicazione dell\u2019allora Vicario ed attuale Arcivescovo della diocesi di Trento mons. Lauro Tisi, il 6 ottobre del 2010 i camilliani si trasferirono nella canonica della parrocchia del S. Cuore, e il 23 settembre 2021 presso l\u2019oratorio della parrocchia dei SS. Pietro e Paolo, nel cuore del centro storico della citt\u00e0.<\/p><\/blockquote>\n","protected":false},"excerpt":{"rendered":"<p>Da fine mese terminer\u00e0 la presenza dei Camilliani in Trentino: lasceranno infatti i loro incarichi i fratelli valtellinesi padre Davide e Fausto Negrini. Padre Davide presta servizio come assistente spirituale all\u2019ospedale Santa Chiara da gennaio<\/p>\n","protected":false},"author":168,"featured_media":15915,"comment_status":"closed","ping_status":"closed","sticky":false,"template":"","format":"standard","meta":{"footnotes":""},"categories":[1074,1102],"tags":[2363,2364,2365],"class_list":["post-15914","post","type-post","status-publish","format-standard","has-post-thumbnail","hentry","category-notizie","category-servizio-salute-pellegrinaggi-anziani","tag-camilliani","tag-padre-davide-negrini","tag-padre-fausto-negrini"],"acf":{"seed-localization-paese-cod":"IT","seed-localization-address":"","seed-localization-citta":"Trento","seed-localization-regione-cod-istat":"04","seed-localization-citta-cod-istat":"022205","seed-localization-localita":"","seed-localization-cap":"","seed-localization-marker-visibility":false,"seed-localization-children-visibility":false,"seed-localization-kml":"","seed-localization-custom-marker":""},"yoast_head":"<!-- This site is optimized with the Yoast SEO Premium plugin v20.2.1 (Yoast SEO v22.2) - https:\/\/yoast.com\/wordpress\/plugins\/seo\/ -->\n<title>I Camilliani padre Davide e padre Fausto lasciano il Trentino<\/title>\n<meta name=\"description\" content=\"I Camilliani lasciano il Trentino a fine mese. Il saluto ai cappellani ospedalieri padre Davide e padre Fausto\" \/>\n<meta name=\"robots\" content=\"index, follow, max-snippet:-1, max-image-preview:large, max-video-preview:-1\" \/>\n<link rel=\"canonical\" href=\"https:\/\/www.diocesitn.it\/area-testimonianza\/2024\/09\/19\/i-camilliani-lasciano-il-trentino-a-fine-mese\/\" \/>\n<meta property=\"og:locale\" content=\"it_IT\" \/>\n<meta property=\"og:type\" content=\"article\" \/>\n<meta property=\"og:title\" content=\"I Camilliani lasciano il Trentino a fine mese. Il saluto dei cappellani ospedalieri padre Davide e padre Fausto\" \/>\n<meta property=\"og:description\" content=\"I Camilliani lasciano il Trentino a fine mese. Il saluto ai cappellani ospedalieri padre Davide e padre Fausto\" \/>\n<meta property=\"og:url\" content=\"https:\/\/www.diocesitn.it\/area-testimonianza\/2024\/09\/19\/i-camilliani-lasciano-il-trentino-a-fine-mese\/\" \/>\n<meta property=\"og:site_name\" content=\"Testimonianza e Impegno sociale\" \/>\n<meta property=\"article:published_time\" content=\"2024-09-19T12:49:44+00:00\" \/>\n<meta property=\"article:modified_time\" content=\"2024-09-24T06:37:58+00:00\" \/>\n<meta property=\"og:image\" content=\"https:\/\/www.diocesitn.it\/area-testimonianza\/wp-content\/uploads\/sites\/37\/2024\/09\/IMG_2728-scaled-e1726749135789.jpeg\" \/>\n\t<meta property=\"og:image:width\" content=\"2225\" \/>\n\t<meta property=\"og:image:height\" content=\"1529\" \/>\n\t<meta property=\"og:image:type\" content=\"image\/jpeg\" \/>\n<meta name=\"author\" content=\"losspapot\" \/>\n<meta name=\"twitter:card\" content=\"summary_large_image\" \/>\n<meta name=\"twitter:label1\" content=\"Scritto da\" \/>\n\t<meta name=\"twitter:data1\" content=\"losspapot\" \/>\n\t<meta name=\"twitter:label2\" content=\"Tempo di lettura stimato\" \/>\n\t<meta name=\"twitter:data2\" content=\"1 minuto\" \/>\n<script type=\"application\/ld+json\" class=\"yoast-schema-graph\">{\"@context\":\"https:\/\/schema.org\",\"@graph\":[{\"@type\":\"Article\",\"@id\":\"https:\/\/www.diocesitn.it\/area-testimonianza\/2024\/09\/19\/i-camilliani-lasciano-il-trentino-a-fine-mese\/#article\",\"isPartOf\":{\"@id\":\"https:\/\/www.diocesitn.it\/area-testimonianza\/2024\/09\/19\/i-camilliani-lasciano-il-trentino-a-fine-mese\/\"},\"author\":{\"name\":\"losspapot\",\"@id\":\"https:\/\/www.diocesitn.it\/area-testimonianza\/#\/schema\/person\/3526ceacb35e1aa4c86252e45adfad22\"},\"headline\":\"I Camilliani lasciano il Trentino a fine mese. Il saluto dei cappellani ospedalieri padre Davide e padre Fausto\",\"datePublished\":\"2024-09-19T12:49:44+00:00\",\"dateModified\":\"2024-09-24T06:37:58+00:00\",\"mainEntityOfPage\":{\"@id\":\"https:\/\/www.diocesitn.it\/area-testimonianza\/2024\/09\/19\/i-camilliani-lasciano-il-trentino-a-fine-mese\/\"},\"wordCount\":806,\"publisher\":{\"@id\":\"https:\/\/www.diocesitn.it\/area-testimonianza\/#organization\"},\"image\":{\"@id\":\"https:\/\/www.diocesitn.it\/area-testimonianza\/2024\/09\/19\/i-camilliani-lasciano-il-trentino-a-fine-mese\/#primaryimage\"},\"thumbnailUrl\":\"https:\/\/www.diocesitn.it\/area-testimonianza\/wp-content\/uploads\/sites\/37\/2024\/09\/IMG_2728-scaled-e1726749135789.jpeg\",\"keywords\":[\"camilliani\",\"p. Davide Negrini\",\"p. Fausto Negrini\"],\"articleSection\":[\"Notizie\",\"Salute Pellegrinaggi Anziani\"],\"inLanguage\":\"it-IT\",\"copyrightYear\":\"2024\",\"copyrightHolder\":{\"@id\":\"https:\/\/www.diocesitn.it\/#organization\"}},{\"@type\":\"WebPage\",\"@id\":\"https:\/\/www.diocesitn.it\/area-testimonianza\/2024\/09\/19\/i-camilliani-lasciano-il-trentino-a-fine-mese\/\",\"url\":\"https:\/\/www.diocesitn.it\/area-testimonianza\/2024\/09\/19\/i-camilliani-lasciano-il-trentino-a-fine-mese\/\",\"name\":\"I Camilliani padre Davide e padre Fausto lasciano il Trentino\",\"isPartOf\":{\"@id\":\"https:\/\/www.diocesitn.it\/area-testimonianza\/#website\"},\"primaryImageOfPage\":{\"@id\":\"https:\/\/www.diocesitn.it\/area-testimonianza\/2024\/09\/19\/i-camilliani-lasciano-il-trentino-a-fine-mese\/#primaryimage\"},\"image\":{\"@id\":\"https:\/\/www.diocesitn.it\/area-testimonianza\/2024\/09\/19\/i-camilliani-lasciano-il-trentino-a-fine-mese\/#primaryimage\"},\"thumbnailUrl\":\"https:\/\/www.diocesitn.it\/area-testimonianza\/wp-content\/uploads\/sites\/37\/2024\/09\/IMG_2728-scaled-e1726749135789.jpeg\",\"datePublished\":\"2024-09-19T12:49:44+00:00\",\"dateModified\":\"2024-09-24T06:37:58+00:00\",\"description\":\"I Camilliani lasciano il Trentino a fine mese. Il saluto ai cappellani ospedalieri padre Davide e padre Fausto\",\"breadcrumb\":{\"@id\":\"https:\/\/www.diocesitn.it\/area-testimonianza\/2024\/09\/19\/i-camilliani-lasciano-il-trentino-a-fine-mese\/#breadcrumb\"},\"inLanguage\":\"it-IT\",\"potentialAction\":[{\"@type\":\"ReadAction\",\"target\":[\"https:\/\/www.diocesitn.it\/area-testimonianza\/2024\/09\/19\/i-camilliani-lasciano-il-trentino-a-fine-mese\/\"]}]},{\"@type\":\"ImageObject\",\"inLanguage\":\"it-IT\",\"@id\":\"https:\/\/www.diocesitn.it\/area-testimonianza\/2024\/09\/19\/i-camilliani-lasciano-il-trentino-a-fine-mese\/#primaryimage\",\"url\":\"https:\/\/www.diocesitn.it\/area-testimonianza\/wp-content\/uploads\/sites\/37\/2024\/09\/IMG_2728-scaled-e1726749135789.jpeg\",\"contentUrl\":\"https:\/\/www.diocesitn.it\/area-testimonianza\/wp-content\/uploads\/sites\/37\/2024\/09\/IMG_2728-scaled-e1726749135789.jpeg\",\"width\":2225,\"height\":1529},{\"@type\":\"BreadcrumbList\",\"@id\":\"https:\/\/www.diocesitn.it\/area-testimonianza\/2024\/09\/19\/i-camilliani-lasciano-il-trentino-a-fine-mese\/#breadcrumb\",\"itemListElement\":[{\"@type\":\"ListItem\",\"position\":1,\"name\":\"Home\",\"item\":\"https:\/\/www.diocesitn.it\/area-testimonianza\/\"},{\"@type\":\"ListItem\",\"position\":2,\"name\":\"I Camilliani lasciano il Trentino a fine mese. Il saluto dei cappellani ospedalieri padre Davide e padre Fausto\"}]},{\"@type\":\"WebSite\",\"@id\":\"https:\/\/www.diocesitn.it\/area-testimonianza\/#website\",\"url\":\"https:\/\/www.diocesitn.it\/area-testimonianza\/\",\"name\":\"Testimonianza e Impegno sociale\",\"description\":\"Chiesa di Trento\",\"publisher\":{\"@id\":\"https:\/\/www.diocesitn.it\/area-testimonianza\/#organization\"},\"potentialAction\":[{\"@type\":\"SearchAction\",\"target\":{\"@type\":\"EntryPoint\",\"urlTemplate\":\"https:\/\/www.diocesitn.it\/area-testimonianza\/?s={search_term_string}\"},\"query-input\":\"required name=search_term_string\"}],\"inLanguage\":\"it-IT\"},{\"@type\":[\"Organization\",\"Place\"],\"@id\":\"https:\/\/www.diocesitn.it\/area-testimonianza\/#organization\",\"name\":\"Area Testimonianza e Impegno Sociale - Chiesa di Trento\",\"url\":\"https:\/\/www.diocesitn.it\/area-testimonianza\/\",\"logo\":{\"@id\":\"https:\/\/www.diocesitn.it\/area-testimonianza\/2024\/09\/19\/i-camilliani-lasciano-il-trentino-a-fine-mese\/#local-main-organization-logo\"},\"image\":{\"@id\":\"https:\/\/www.diocesitn.it\/area-testimonianza\/2024\/09\/19\/i-camilliani-lasciano-il-trentino-a-fine-mese\/#local-main-organization-logo\"},\"openingHoursSpecification\":[{\"@type\":\"OpeningHoursSpecification\",\"dayOfWeek\":[\"Monday\",\"Tuesday\",\"Wednesday\",\"Thursday\",\"Friday\",\"Saturday\",\"Sunday\"],\"opens\":\"09:00\",\"closes\":\"17:00\"}]},{\"@type\":\"ImageObject\",\"inLanguage\":\"it-IT\",\"@id\":\"https:\/\/www.diocesitn.it\/area-testimonianza\/2024\/09\/19\/i-camilliani-lasciano-il-trentino-a-fine-mese\/#local-main-organization-logo\",\"url\":\"https:\/\/www.diocesitn.it\/area-testimonianza\/wp-content\/uploads\/sites\/37\/2021\/09\/og-logo-testimonianza-e-impegno-sociale.jpg\",\"contentUrl\":\"https:\/\/www.diocesitn.it\/area-testimonianza\/wp-content\/uploads\/sites\/37\/2021\/09\/og-logo-testimonianza-e-impegno-sociale.jpg\",\"width\":1200,\"height\":630,\"caption\":\"Area Testimonianza e Impegno Sociale - Chiesa di Trento\"}]}<\/script>\n<!-- \/ Yoast SEO Premium plugin. -->","yoast_head_json":{"title":"I Camilliani padre Davide e padre Fausto lasciano il Trentino","description":"I Camilliani lasciano il Trentino a fine mese. Il saluto ai cappellani ospedalieri padre Davide e padre Fausto","robots":{"index":"index","follow":"follow","max-snippet":"max-snippet:-1","max-image-preview":"max-image-preview:large","max-video-preview":"max-video-preview:-1"},"canonical":"https:\/\/www.diocesitn.it\/area-testimonianza\/2024\/09\/19\/i-camilliani-lasciano-il-trentino-a-fine-mese\/","og_locale":"it_IT","og_type":"article","og_title":"I Camilliani lasciano il Trentino a fine mese. Il saluto dei cappellani ospedalieri padre Davide e padre Fausto","og_description":"I Camilliani lasciano il Trentino a fine mese. Il saluto ai cappellani ospedalieri padre Davide e padre Fausto","og_url":"https:\/\/www.diocesitn.it\/area-testimonianza\/2024\/09\/19\/i-camilliani-lasciano-il-trentino-a-fine-mese\/","og_site_name":"Testimonianza e Impegno sociale","article_published_time":"2024-09-19T12:49:44+00:00","article_modified_time":"2024-09-24T06:37:58+00:00","og_image":[{"width":2225,"height":1529,"url":"https:\/\/www.diocesitn.it\/area-testimonianza\/wp-content\/uploads\/sites\/37\/2024\/09\/IMG_2728-scaled-e1726749135789.jpeg","type":"image\/jpeg"}],"author":"losspapot","twitter_card":"summary_large_image","twitter_misc":{"Scritto da":"losspapot","Tempo di lettura stimato":"1 minuto"},"schema":{"@context":"https:\/\/schema.org","@graph":[{"@type":"Article","@id":"https:\/\/www.diocesitn.it\/area-testimonianza\/2024\/09\/19\/i-camilliani-lasciano-il-trentino-a-fine-mese\/#article","isPartOf":{"@id":"https:\/\/www.diocesitn.it\/area-testimonianza\/2024\/09\/19\/i-camilliani-lasciano-il-trentino-a-fine-mese\/"},"author":{"name":"losspapot","@id":"https:\/\/www.diocesitn.it\/area-testimonianza\/#\/schema\/person\/3526ceacb35e1aa4c86252e45adfad22"},"headline":"I Camilliani lasciano il Trentino a fine mese. Il saluto dei cappellani ospedalieri padre Davide e padre Fausto","datePublished":"2024-09-19T12:49:44+00:00","dateModified":"2024-09-24T06:37:58+00:00","mainEntityOfPage":{"@id":"https:\/\/www.diocesitn.it\/area-testimonianza\/2024\/09\/19\/i-camilliani-lasciano-il-trentino-a-fine-mese\/"},"wordCount":806,"publisher":{"@id":"https:\/\/www.diocesitn.it\/area-testimonianza\/#organization"},"image":{"@id":"https:\/\/www.diocesitn.it\/area-testimonianza\/2024\/09\/19\/i-camilliani-lasciano-il-trentino-a-fine-mese\/#primaryimage"},"thumbnailUrl":"https:\/\/www.diocesitn.it\/area-testimonianza\/wp-content\/uploads\/sites\/37\/2024\/09\/IMG_2728-scaled-e1726749135789.jpeg","keywords":["camilliani","p. Davide Negrini","p. Fausto Negrini"],"articleSection":["Notizie","Salute Pellegrinaggi Anziani"],"inLanguage":"it-IT","copyrightYear":"2024","copyrightHolder":{"@id":"https:\/\/www.diocesitn.it\/#organization"}},{"@type":"WebPage","@id":"https:\/\/www.diocesitn.it\/area-testimonianza\/2024\/09\/19\/i-camilliani-lasciano-il-trentino-a-fine-mese\/","url":"https:\/\/www.diocesitn.it\/area-testimonianza\/2024\/09\/19\/i-camilliani-lasciano-il-trentino-a-fine-mese\/","name":"I Camilliani padre Davide e padre Fausto lasciano il Trentino","isPartOf":{"@id":"https:\/\/www.diocesitn.it\/area-testimonianza\/#website"},"primaryImageOfPage":{"@id":"https:\/\/www.diocesitn.it\/area-testimonianza\/2024\/09\/19\/i-camilliani-lasciano-il-trentino-a-fine-mese\/#primaryimage"},"image":{"@id":"https:\/\/www.diocesitn.it\/area-testimonianza\/2024\/09\/19\/i-camilliani-lasciano-il-trentino-a-fine-mese\/#primaryimage"},"thumbnailUrl":"https:\/\/www.diocesitn.it\/area-testimonianza\/wp-content\/uploads\/sites\/37\/2024\/09\/IMG_2728-scaled-e1726749135789.jpeg","datePublished":"2024-09-19T12:49:44+00:00","dateModified":"2024-09-24T06:37:58+00:00","description":"I Camilliani lasciano il Trentino a fine mese. Il saluto ai cappellani ospedalieri padre Davide e padre Fausto","breadcrumb":{"@id":"https:\/\/www.diocesitn.it\/area-testimonianza\/2024\/09\/19\/i-camilliani-lasciano-il-trentino-a-fine-mese\/#breadcrumb"},"inLanguage":"it-IT","potentialAction":[{"@type":"ReadAction","target":["https:\/\/www.diocesitn.it\/area-testimonianza\/2024\/09\/19\/i-camilliani-lasciano-il-trentino-a-fine-mese\/"]}]},{"@type":"ImageObject","inLanguage":"it-IT","@id":"https:\/\/www.diocesitn.it\/area-testimonianza\/2024\/09\/19\/i-camilliani-lasciano-il-trentino-a-fine-mese\/#primaryimage","url":"https:\/\/www.diocesitn.it\/area-testimonianza\/wp-content\/uploads\/sites\/37\/2024\/09\/IMG_2728-scaled-e1726749135789.jpeg","contentUrl":"https:\/\/www.diocesitn.it\/area-testimonianza\/wp-content\/uploads\/sites\/37\/2024\/09\/IMG_2728-scaled-e1726749135789.jpeg","width":2225,"height":1529},{"@type":"BreadcrumbList","@id":"https:\/\/www.diocesitn.it\/area-testimonianza\/2024\/09\/19\/i-camilliani-lasciano-il-trentino-a-fine-mese\/#breadcrumb","itemListElement":[{"@type":"ListItem","position":1,"name":"Home","item":"https:\/\/www.diocesitn.it\/area-testimonianza\/"},{"@type":"ListItem","position":2,"name":"I Camilliani lasciano il Trentino a fine mese. Il saluto dei cappellani ospedalieri padre Davide e padre Fausto"}]},{"@type":"WebSite","@id":"https:\/\/www.diocesitn.it\/area-testimonianza\/#website","url":"https:\/\/www.diocesitn.it\/area-testimonianza\/","name":"Testimonianza e Impegno sociale","description":"Chiesa di Trento","publisher":{"@id":"https:\/\/www.diocesitn.it\/area-testimonianza\/#organization"},"potentialAction":[{"@type":"SearchAction","target":{"@type":"EntryPoint","urlTemplate":"https:\/\/www.diocesitn.it\/area-testimonianza\/?s={search_term_string}"},"query-input":"required name=search_term_string"}],"inLanguage":"it-IT"},{"@type":["Organization","Place"],"@id":"https:\/\/www.diocesitn.it\/area-testimonianza\/#organization","name":"Area Testimonianza e Impegno Sociale - Chiesa di Trento","url":"https:\/\/www.diocesitn.it\/area-testimonianza\/","logo":{"@id":"https:\/\/www.diocesitn.it\/area-testimonianza\/2024\/09\/19\/i-camilliani-lasciano-il-trentino-a-fine-mese\/#local-main-organization-logo"},"image":{"@id":"https:\/\/www.diocesitn.it\/area-testimonianza\/2024\/09\/19\/i-camilliani-lasciano-il-trentino-a-fine-mese\/#local-main-organization-logo"},"openingHoursSpecification":[{"@type":"OpeningHoursSpecification","dayOfWeek":["Monday","Tuesday","Wednesday","Thursday","Friday","Saturday","Sunday"],"opens":"09:00","closes":"17:00"}]},{"@type":"ImageObject","inLanguage":"it-IT","@id":"https:\/\/www.diocesitn.it\/area-testimonianza\/2024\/09\/19\/i-camilliani-lasciano-il-trentino-a-fine-mese\/#local-main-organization-logo","url":"https:\/\/www.diocesitn.it\/area-testimonianza\/wp-content\/uploads\/sites\/37\/2021\/09\/og-logo-testimonianza-e-impegno-sociale.jpg","contentUrl":"https:\/\/www.diocesitn.it\/area-testimonianza\/wp-content\/uploads\/sites\/37\/2021\/09\/og-logo-testimonianza-e-impegno-sociale.jpg","width":1200,"height":630,"caption":"Area Testimonianza e Impegno Sociale - Chiesa di Trento"}]}},"_links":{"self":[{"href":"https:\/\/www.diocesitn.it\/area-testimonianza\/wp-json\/wp\/v2\/posts\/15914","targetHints":{"allow":["GET"]}}],"collection":[{"href":"https:\/\/www.diocesitn.it\/area-testimonianza\/wp-json\/wp\/v2\/posts"}],"about":[{"href":"https:\/\/www.diocesitn.it\/area-testimonianza\/wp-json\/wp\/v2\/types\/post"}],"author":[{"embeddable":true,"href":"https:\/\/www.diocesitn.it\/area-testimonianza\/wp-json\/wp\/v2\/users\/168"}],"replies":[{"embeddable":true,"href":"https:\/\/www.diocesitn.it\/area-testimonianza\/wp-json\/wp\/v2\/comments?post=15914"}],"version-history":[{"count":1,"href":"https:\/\/www.diocesitn.it\/area-testimonianza\/wp-json\/wp\/v2\/posts\/15914\/revisions"}],"predecessor-version":[{"id":15916,"href":"https:\/\/www.diocesitn.it\/area-testimonianza\/wp-json\/wp\/v2\/posts\/15914\/revisions\/15916"}],"wp:featuredmedia":[{"embeddable":true,"href":"https:\/\/www.diocesitn.it\/area-testimonianza\/wp-json\/wp\/v2\/media\/15915"}],"wp:attachment":[{"href":"https:\/\/www.diocesitn.it\/area-testimonianza\/wp-json\/wp\/v2\/media?parent=15914"}],"wp:term":[{"taxonomy":"category","embeddable":true,"href":"https:\/\/www.diocesitn.it\/area-testimonianza\/wp-json\/wp\/v2\/categories?post=15914"},{"taxonomy":"post_tag","embeddable":true,"href":"https:\/\/www.diocesitn.it\/area-testimonianza\/wp-json\/wp\/v2\/tags?post=15914"}],"curies":[{"name":"wp","href":"https:\/\/api.w.org\/{rel}","templated":true}]}}