{"id":15756,"date":"2024-09-13T12:44:53","date_gmt":"2024-09-13T10:44:53","guid":{"rendered":"https:\/\/www.diocesitn.it\/area-testimonianza\/2024\/09\/13\/veglia-per-la-pace-in-cattedrale-il-monito-del-vescovo-lauro-la-guerra-e-il-sistema-con-cui-affrontiamo-la-vita\/"},"modified":"2024-09-18T08:38:30","modified_gmt":"2024-09-18T06:38:30","slug":"veglia-per-la-pace-in-cattedrale-il-monito-del-vescovo-lauro-la-guerra-e-il-sistema-con-cui-affrontiamo-la-vita","status":"publish","type":"post","link":"https:\/\/www.diocesitn.it\/area-testimonianza\/2024\/09\/13\/veglia-per-la-pace-in-cattedrale-il-monito-del-vescovo-lauro-la-guerra-e-il-sistema-con-cui-affrontiamo-la-vita\/","title":{"rendered":"Veglia per la pace in Cattedrale, il monito del vescovo Lauro: &#8220;La guerra \u00e8 il sistema con cui affrontiamo la vita&#8221;"},"content":{"rendered":"<p>&#8220;La guerra ha preso il sopravvento non solo nella crudezza delle operazioni militari ma \u00e8 diventata il sistema con cui noi affrontiamo la vita. Chi si preoccupa di invocare la pace \u00e8 percepito come velleitario e fuori dal reale. Ma fuori dal reale sono gli uomini di guerra, non quelli di pace&#8221;. Cos\u00ec l&#8217;<strong>arcivescovo Lauro<\/strong> ha aperto la <a href=\"https:\/\/www.diocesitn.it\/site\/veglia-per-la-pace-in-cattedrale-a-trento-giovedi-12-settembre-linvito-della-diocesi-diretta-streaming-e-tv\/\"><strong>Veglia per la pace<\/strong> <\/a>in Cattedrale a Trento <strong>gioved\u00ec 12 settembre<\/strong>. Nella meditazione seguita alla Parola di Dio, don Lauro declina cos\u00ec una celebre frase di Peppino Impastato, vittima della mafia: &#8220;Nessuno pu\u00f2 essere un uomo antimafia se prima non ha combattuto la mafia che lo abita dentro&#8221;. &#8220;Analogamente &#8211; sottolinea Tisi &#8211; non possiamo pensarci uomini di pace se prima di tutto non riconosciamo che ognuno di noi \u00e8 abitato dalla guerra&#8221;.<\/p>\n<p>Alla preghiera per invocare pace per tutti i conflitti in atto nel mondo, sono presenti molte donne ucraine, insieme al loro &#8220;parroco&#8221; <strong>don Augustin Babiak<\/strong>. In Duomo anche alcuni <strong>rappresentanti del Consiglio di Chiese cristiane<\/strong>.<\/p>\n<h4>La guerra invisibile<\/h4>\n<p>L&#8217;Arcivescovo prosegue invitando ad un&#8217;assunzione collettiva di responsabilit\u00e0: &#8220;ognuno di noi &#8211; incalza &#8211; \u00e8 un <strong>semplificatore che legge la realt\u00e0 in bianco e nero<\/strong> e identifica qualcuno con il male e se stesso magari con il bene; ognuno di noi alimenta psicologie da vittima, dove si sente aggredito dagli altri e per questo si sente autorizzato a parlar male a vendicarsi, a mandare in giro cattiverie; ancora, ognuno di noi, come capita nelle guerre armate, dentro di s\u00e9 silenzia la compassione e diventa spietato e indifferente al fratello a chi gli sta accanto&#8221;. Una &#8220;<strong>guerra invisibile<\/strong>&#8221; la definisce don Lauro, &#8220;pensando &#8211; aggiunge &#8211; che la <strong>nostra realizzazione \u00e8 figlia della vittoria del nostro ego<\/strong> che si impone sugli altri&#8221;.<\/p>\n<h4><img loading=\"lazy\" decoding=\"async\" class=\"size-medium wp-image-15757 alignleft\" src=\"https:\/\/www.diocesitn.it\/wp-content\/uploads\/sites\/37\/2024\/09\/veglia_pace_12set24-300x163.jpg\" alt=\"\" width=\"300\" height=\"163\" srcset=\"https:\/\/www.diocesitn.it\/area-testimonianza\/wp-content\/uploads\/sites\/37\/2024\/09\/veglia_pace_12set24-300x163.jpg 300w, https:\/\/www.diocesitn.it\/area-testimonianza\/wp-content\/uploads\/sites\/37\/2024\/09\/veglia_pace_12set24-768x418.jpg 768w, https:\/\/www.diocesitn.it\/area-testimonianza\/wp-content\/uploads\/sites\/37\/2024\/09\/veglia_pace_12set24-360x196.jpg 360w, https:\/\/www.diocesitn.it\/area-testimonianza\/wp-content\/uploads\/sites\/37\/2024\/09\/veglia_pace_12set24-800x436.jpg 800w, https:\/\/www.diocesitn.it\/area-testimonianza\/wp-content\/uploads\/sites\/37\/2024\/09\/veglia_pace_12set24.jpg 900w\" sizes=\"auto, (max-width: 300px) 100vw, 300px\" \/>Preghiera la pace? Siamo inadempienti<\/h4>\n<p>Monsignor Tisi ammette poi una diffusa <strong>carenza<\/strong> nella risposta alla <strong>preghiera<\/strong> per la pace, come invece invocava papa Francesco allo scoppio della guerra in Ucraina: &#8220;questa sera siamo qui anche per <strong>smascherare questa nostra inadempienza<\/strong>&#8221; e per &#8220;provare a diventare uomini che usano parole che edificano, parole abitate dall\u2019incontro&#8221;.<\/p>\n<h4>Il muro dell&#8217;io contro il noi, anche nella spiritualit\u00e0<\/h4>\n<p>Il pensiero dell&#8217;Arcivescovo va poi ai recenti &#8220;drammatici episodi di <strong>violenza<\/strong> che hanno avuto come contesto l\u2019ambiente <strong>familiare<\/strong>&#8220;. Per Tisi sono &#8220;l\u2019iceberg del sistema vita che abbiamo costruito a partire dal 1989, quando \u00e8 caduto il muro fisico di Berlino ma \u00e8 partito nell\u2019Occidente un <strong>muro<\/strong> molto pi\u00f9 terribile: la <strong>cultura dell\u2019io che si pensa senza gli altri<\/strong>&#8220;.<\/p>\n<p>Non ne sono esenti nemmeno i percorsi di &#8220;spiritualit\u00e0&#8221;, secondo Tisi. &#8220;Quanta preghiera anche nelle chiese &#8211; denuncia Tisi &#8211; \u00e8 preghiera solipsista di uomini che non hanno gli altri seduti a tavola, di &#8216;uomini-io&#8217; che chiamano Dio il proprio ombelico. Signore, aiutaci a uscire da questa deriva malvagia che fa s\u00ec che noi andiamo davanti al Padre senza i fratelli&#8221;.<\/p>\n<h4><img loading=\"lazy\" decoding=\"async\" class=\"size-medium wp-image-15760 alignleft\" src=\"https:\/\/www.diocesitn.it\/wp-content\/uploads\/sites\/37\/2024\/09\/veglia_pace_12set24_3-300x176.jpg\" alt=\"\" width=\"300\" height=\"176\" srcset=\"https:\/\/www.diocesitn.it\/area-testimonianza\/wp-content\/uploads\/sites\/37\/2024\/09\/veglia_pace_12set24_3-300x176.jpg 300w, https:\/\/www.diocesitn.it\/area-testimonianza\/wp-content\/uploads\/sites\/37\/2024\/09\/veglia_pace_12set24_3-768x450.jpg 768w, https:\/\/www.diocesitn.it\/area-testimonianza\/wp-content\/uploads\/sites\/37\/2024\/09\/veglia_pace_12set24_3-360x211.jpg 360w, https:\/\/www.diocesitn.it\/area-testimonianza\/wp-content\/uploads\/sites\/37\/2024\/09\/veglia_pace_12set24_3-800x468.jpg 800w, https:\/\/www.diocesitn.it\/area-testimonianza\/wp-content\/uploads\/sites\/37\/2024\/09\/veglia_pace_12set24_3.jpg 900w\" sizes=\"auto, (max-width: 300px) 100vw, 300px\" \/>Dov&#8217;\u00e8 la comunit\u00e0?<\/h4>\n<p>Riprendendo il contenuto di una sua intervista alla TGR Trento (<a href=\"https:\/\/www.rainews.it\/tgr\/trento\/video\/2024\/09\/dallarcivescovo-tisi-lappello-per-la-pace-guai-a-fare-labitudine-ai-conflitti-db62a47e-c8f6-4659-a8f5-14e00b00f24a.html\">RIVEDI QUI<\/a>) in vista della Veglia serale, monsignor Tisi nota: &#8220;Mi \u00e8 stato chiesto: &#8216;le <strong>chiese si svuotano<\/strong>, lei \u00e8 preoccupato?&#8217; Certamente, mi rincresce che le chiese si svuotino, ma ho anche risposto che pure le comunit\u00e0 civili non ci sono pi\u00f9, sono dormitori abitati dalla solitudine di gente che con i muri dell\u2019Occidente ha costruito appartamenti in torri d\u2019avorio dove abitano <strong>singoli ma non abita pi\u00f9 comunit\u00e0<\/strong>. Se vogliamo la pace dobbiamo <strong>ritrovare il gusto di essere comunit\u00e0<\/strong>&#8220;.<\/p>\n<h4>La guerra \u00e8 sempre una sconfitta. Dio della vita tocca il nostro cuore!<\/h4>\n<p>Nel suo appello finale, don Lauro invita, citando Annah Arendt e la sua &#8220;banalit\u00e0 del male&#8221;, a non cedere alla &#8220;banalit\u00e0 della guerra&#8221;: &#8220;la guerra \u00e8 follia, mentre per noi \u00e8 soluzione ai problemi. Nessuna guerra risolve problemi, la <strong>guerra \u00e8 sempre una sconfitta<\/strong> che prepara un&#8217;ulteriore guerra e un&#8217;ulteriore sconfitta. E allora Dio della vita, meraviglioso Dio che hai abbracciato il nemico e dall\u2019albero della croce hai fatto risuonare in modo mirabile il grido del perdono, meraviglioso Dio che abbraccia il nemico, <strong>tocca il nostro cuore ormai lontano dalla vita e impegnato a fare guerra<\/strong> e fa&#8217; che, come il centurione, mentre ti riconosciamo Signore della vita, ci battiamo il petto e torniamo a casa provando a cambiare rotta&#8221;.<\/p>\n<p><iframe loading=\"lazy\" title=\"Veglia per la pace in cattedrale a Trento gioved\u00ec 12 settembre\" width=\"800\" height=\"450\" src=\"https:\/\/www.youtube.com\/embed\/fsbOFJXonko?feature=oembed\" frameborder=\"0\" allow=\"accelerometer; autoplay; clipboard-write; encrypted-media; gyroscope; picture-in-picture; web-share\" referrerpolicy=\"strict-origin-when-cross-origin\" allowfullscreen><\/iframe><\/p>\n<p>&nbsp;<\/p>\n","protected":false},"excerpt":{"rendered":"<p>&#8220;La guerra ha preso il sopravvento non solo nella crudezza delle operazioni militari ma \u00e8 diventata il sistema con cui noi affrontiamo la vita. Chi si preoccupa di invocare la pace \u00e8 percepito come velleitario<\/p>\n","protected":false},"author":3,"featured_media":15758,"comment_status":"closed","ping_status":"closed","sticky":false,"template":"","format":"standard","meta":{"footnotes":""},"categories":[1130,2206,1074],"tags":[1653],"class_list":["post-15756","post","type-post","status-publish","format-standard","has-post-thumbnail","hentry","category-servizio-ecumenismo-e-dialogo","category-servizio-giustizia-e-pace","category-notizie","tag-arcivescovo-lauro"],"acf":{"seed-localization-paese-cod":"IT","seed-localization-address":"","seed-localization-citta":"Trento","seed-localization-regione-cod-istat":"04","seed-localization-citta-cod-istat":"022205","seed-localization-localita":"","seed-localization-cap":"","seed-localization-marker-visibility":false,"seed-localization-children-visibility":false,"seed-localization-kml":"","seed-localization-custom-marker":""},"yoast_head":"<!-- This site is optimized with the Yoast SEO Premium plugin v20.2.1 (Yoast SEO v22.2) - https:\/\/yoast.com\/wordpress\/plugins\/seo\/ -->\n<title>Veglia per pace cattedrale trento 12 settembre<\/title>\n<meta name=\"description\" content=\"Veglia per la pace in cattedrale a trento gioved\u00ec 12 settembre con vescovo Lauro e Consiglio di Chiese cristiane di Trento\" \/>\n<meta name=\"robots\" content=\"index, follow, max-snippet:-1, max-image-preview:large, max-video-preview:-1\" \/>\n<link rel=\"canonical\" href=\"https:\/\/www.diocesitn.it\/area-testimonianza\/2024\/09\/13\/veglia-per-la-pace-in-cattedrale-il-monito-del-vescovo-lauro-la-guerra-e-il-sistema-con-cui-affrontiamo-la-vita\/\" \/>\n<meta property=\"og:locale\" content=\"it_IT\" \/>\n<meta property=\"og:type\" content=\"article\" \/>\n<meta property=\"og:title\" content=\"Veglia per la pace in Cattedrale, il monito del vescovo Lauro: &quot;La guerra \u00e8 il sistema con cui affrontiamo la vita&quot;\" \/>\n<meta property=\"og:description\" content=\"Veglia per la pace in cattedrale a trento gioved\u00ec 12 settembre con vescovo Lauro e Consiglio di Chiese cristiane di Trento\" \/>\n<meta property=\"og:url\" content=\"https:\/\/www.diocesitn.it\/area-testimonianza\/2024\/09\/13\/veglia-per-la-pace-in-cattedrale-il-monito-del-vescovo-lauro-la-guerra-e-il-sistema-con-cui-affrontiamo-la-vita\/\" \/>\n<meta property=\"og:site_name\" content=\"Testimonianza e Impegno sociale\" \/>\n<meta property=\"article:published_time\" content=\"2024-09-13T10:44:53+00:00\" \/>\n<meta property=\"article:modified_time\" content=\"2024-09-18T06:38:30+00:00\" \/>\n<meta property=\"og:image\" content=\"https:\/\/www.diocesitn.it\/area-testimonianza\/wp-content\/uploads\/sites\/37\/2024\/09\/veglia_pace_12set24_2.jpg\" \/>\n\t<meta property=\"og:image:width\" content=\"1255\" \/>\n\t<meta property=\"og:image:height\" content=\"719\" \/>\n\t<meta property=\"og:image:type\" content=\"image\/jpeg\" \/>\n<meta name=\"author\" content=\"Piergiorgio Franceschini\" \/>\n<meta name=\"twitter:card\" content=\"summary_large_image\" \/>\n<meta name=\"twitter:label1\" content=\"Scritto da\" \/>\n\t<meta name=\"twitter:data1\" content=\"Piergiorgio Franceschini\" \/>\n\t<meta name=\"twitter:label2\" content=\"Tempo di lettura stimato\" \/>\n\t<meta name=\"twitter:data2\" content=\"5 minuti\" \/>\n<script type=\"application\/ld+json\" class=\"yoast-schema-graph\">{\"@context\":\"https:\/\/schema.org\",\"@graph\":[{\"@type\":\"Article\",\"@id\":\"https:\/\/www.diocesitn.it\/area-testimonianza\/2024\/09\/13\/veglia-per-la-pace-in-cattedrale-il-monito-del-vescovo-lauro-la-guerra-e-il-sistema-con-cui-affrontiamo-la-vita\/#article\",\"isPartOf\":{\"@id\":\"https:\/\/www.diocesitn.it\/area-testimonianza\/2024\/09\/13\/veglia-per-la-pace-in-cattedrale-il-monito-del-vescovo-lauro-la-guerra-e-il-sistema-con-cui-affrontiamo-la-vita\/\"},\"author\":{\"name\":\"Piergiorgio Franceschini\",\"@id\":\"https:\/\/www.diocesitn.it\/area-testimonianza\/#\/schema\/person\/99590c84577873a025247b6aeb16ad2e\"},\"headline\":\"Veglia per la pace in Cattedrale, il monito del vescovo Lauro: &#8220;La guerra \u00e8 il sistema con cui affrontiamo la vita&#8221;\",\"datePublished\":\"2024-09-13T10:44:53+00:00\",\"dateModified\":\"2024-09-18T06:38:30+00:00\",\"mainEntityOfPage\":{\"@id\":\"https:\/\/www.diocesitn.it\/area-testimonianza\/2024\/09\/13\/veglia-per-la-pace-in-cattedrale-il-monito-del-vescovo-lauro-la-guerra-e-il-sistema-con-cui-affrontiamo-la-vita\/\"},\"wordCount\":718,\"publisher\":{\"@id\":\"https:\/\/www.diocesitn.it\/area-testimonianza\/#organization\"},\"image\":{\"@id\":\"https:\/\/www.diocesitn.it\/area-testimonianza\/2024\/09\/13\/veglia-per-la-pace-in-cattedrale-il-monito-del-vescovo-lauro-la-guerra-e-il-sistema-con-cui-affrontiamo-la-vita\/#primaryimage\"},\"thumbnailUrl\":\"https:\/\/www.diocesitn.it\/area-testimonianza\/wp-content\/uploads\/sites\/37\/2024\/09\/veglia_pace_12set24_2.jpg\",\"keywords\":[\"arcivescovo Lauro\"],\"articleSection\":[\"Ecumenismo e Dialogo interreligioso\",\"Giustizia e pace\",\"Notizie\"],\"inLanguage\":\"it-IT\",\"copyrightYear\":\"2024\",\"copyrightHolder\":{\"@id\":\"https:\/\/www.diocesitn.it\/#organization\"}},{\"@type\":\"WebPage\",\"@id\":\"https:\/\/www.diocesitn.it\/area-testimonianza\/2024\/09\/13\/veglia-per-la-pace-in-cattedrale-il-monito-del-vescovo-lauro-la-guerra-e-il-sistema-con-cui-affrontiamo-la-vita\/\",\"url\":\"https:\/\/www.diocesitn.it\/area-testimonianza\/2024\/09\/13\/veglia-per-la-pace-in-cattedrale-il-monito-del-vescovo-lauro-la-guerra-e-il-sistema-con-cui-affrontiamo-la-vita\/\",\"name\":\"Veglia per pace cattedrale trento 12 settembre\",\"isPartOf\":{\"@id\":\"https:\/\/www.diocesitn.it\/area-testimonianza\/#website\"},\"primaryImageOfPage\":{\"@id\":\"https:\/\/www.diocesitn.it\/area-testimonianza\/2024\/09\/13\/veglia-per-la-pace-in-cattedrale-il-monito-del-vescovo-lauro-la-guerra-e-il-sistema-con-cui-affrontiamo-la-vita\/#primaryimage\"},\"image\":{\"@id\":\"https:\/\/www.diocesitn.it\/area-testimonianza\/2024\/09\/13\/veglia-per-la-pace-in-cattedrale-il-monito-del-vescovo-lauro-la-guerra-e-il-sistema-con-cui-affrontiamo-la-vita\/#primaryimage\"},\"thumbnailUrl\":\"https:\/\/www.diocesitn.it\/area-testimonianza\/wp-content\/uploads\/sites\/37\/2024\/09\/veglia_pace_12set24_2.jpg\",\"datePublished\":\"2024-09-13T10:44:53+00:00\",\"dateModified\":\"2024-09-18T06:38:30+00:00\",\"description\":\"Veglia per la pace in cattedrale a trento gioved\u00ec 12 settembre con vescovo Lauro e Consiglio di Chiese cristiane di Trento\",\"breadcrumb\":{\"@id\":\"https:\/\/www.diocesitn.it\/area-testimonianza\/2024\/09\/13\/veglia-per-la-pace-in-cattedrale-il-monito-del-vescovo-lauro-la-guerra-e-il-sistema-con-cui-affrontiamo-la-vita\/#breadcrumb\"},\"inLanguage\":\"it-IT\",\"potentialAction\":[{\"@type\":\"ReadAction\",\"target\":[\"https:\/\/www.diocesitn.it\/area-testimonianza\/2024\/09\/13\/veglia-per-la-pace-in-cattedrale-il-monito-del-vescovo-lauro-la-guerra-e-il-sistema-con-cui-affrontiamo-la-vita\/\"]}]},{\"@type\":\"ImageObject\",\"inLanguage\":\"it-IT\",\"@id\":\"https:\/\/www.diocesitn.it\/area-testimonianza\/2024\/09\/13\/veglia-per-la-pace-in-cattedrale-il-monito-del-vescovo-lauro-la-guerra-e-il-sistema-con-cui-affrontiamo-la-vita\/#primaryimage\",\"url\":\"https:\/\/www.diocesitn.it\/area-testimonianza\/wp-content\/uploads\/sites\/37\/2024\/09\/veglia_pace_12set24_2.jpg\",\"contentUrl\":\"https:\/\/www.diocesitn.it\/area-testimonianza\/wp-content\/uploads\/sites\/37\/2024\/09\/veglia_pace_12set24_2.jpg\",\"width\":1255,\"height\":719,\"caption\":\"Veglia per pace cattedrale trento 12 settembre\"},{\"@type\":\"BreadcrumbList\",\"@id\":\"https:\/\/www.diocesitn.it\/area-testimonianza\/2024\/09\/13\/veglia-per-la-pace-in-cattedrale-il-monito-del-vescovo-lauro-la-guerra-e-il-sistema-con-cui-affrontiamo-la-vita\/#breadcrumb\",\"itemListElement\":[{\"@type\":\"ListItem\",\"position\":1,\"name\":\"Home\",\"item\":\"https:\/\/www.diocesitn.it\/area-testimonianza\/\"},{\"@type\":\"ListItem\",\"position\":2,\"name\":\"Veglia per la pace in Cattedrale, il monito del vescovo Lauro: &#8220;La guerra \u00e8 il sistema con cui affrontiamo la vita&#8221;\"}]},{\"@type\":\"WebSite\",\"@id\":\"https:\/\/www.diocesitn.it\/area-testimonianza\/#website\",\"url\":\"https:\/\/www.diocesitn.it\/area-testimonianza\/\",\"name\":\"Testimonianza e Impegno sociale\",\"description\":\"Chiesa di Trento\",\"publisher\":{\"@id\":\"https:\/\/www.diocesitn.it\/area-testimonianza\/#organization\"},\"potentialAction\":[{\"@type\":\"SearchAction\",\"target\":{\"@type\":\"EntryPoint\",\"urlTemplate\":\"https:\/\/www.diocesitn.it\/area-testimonianza\/?s={search_term_string}\"},\"query-input\":\"required name=search_term_string\"}],\"inLanguage\":\"it-IT\"},{\"@type\":[\"Organization\",\"Place\"],\"@id\":\"https:\/\/www.diocesitn.it\/area-testimonianza\/#organization\",\"name\":\"Area Testimonianza e Impegno Sociale - Chiesa di Trento\",\"url\":\"https:\/\/www.diocesitn.it\/area-testimonianza\/\",\"logo\":{\"@id\":\"https:\/\/www.diocesitn.it\/area-testimonianza\/2024\/09\/13\/veglia-per-la-pace-in-cattedrale-il-monito-del-vescovo-lauro-la-guerra-e-il-sistema-con-cui-affrontiamo-la-vita\/#local-main-organization-logo\"},\"image\":{\"@id\":\"https:\/\/www.diocesitn.it\/area-testimonianza\/2024\/09\/13\/veglia-per-la-pace-in-cattedrale-il-monito-del-vescovo-lauro-la-guerra-e-il-sistema-con-cui-affrontiamo-la-vita\/#local-main-organization-logo\"},\"openingHoursSpecification\":[{\"@type\":\"OpeningHoursSpecification\",\"dayOfWeek\":[\"Monday\",\"Tuesday\",\"Wednesday\",\"Thursday\",\"Friday\",\"Saturday\",\"Sunday\"],\"opens\":\"09:00\",\"closes\":\"17:00\"}]},{\"@type\":\"ImageObject\",\"inLanguage\":\"it-IT\",\"@id\":\"https:\/\/www.diocesitn.it\/area-testimonianza\/2024\/09\/13\/veglia-per-la-pace-in-cattedrale-il-monito-del-vescovo-lauro-la-guerra-e-il-sistema-con-cui-affrontiamo-la-vita\/#local-main-organization-logo\",\"url\":\"https:\/\/www.diocesitn.it\/area-testimonianza\/wp-content\/uploads\/sites\/37\/2021\/09\/og-logo-testimonianza-e-impegno-sociale.jpg\",\"contentUrl\":\"https:\/\/www.diocesitn.it\/area-testimonianza\/wp-content\/uploads\/sites\/37\/2021\/09\/og-logo-testimonianza-e-impegno-sociale.jpg\",\"width\":1200,\"height\":630,\"caption\":\"Area Testimonianza e Impegno Sociale - Chiesa di Trento\"}]}<\/script>\n<!-- \/ Yoast SEO Premium plugin. -->","yoast_head_json":{"title":"Veglia per pace cattedrale trento 12 settembre","description":"Veglia per la pace in cattedrale a trento gioved\u00ec 12 settembre con vescovo Lauro e Consiglio di Chiese cristiane di Trento","robots":{"index":"index","follow":"follow","max-snippet":"max-snippet:-1","max-image-preview":"max-image-preview:large","max-video-preview":"max-video-preview:-1"},"canonical":"https:\/\/www.diocesitn.it\/area-testimonianza\/2024\/09\/13\/veglia-per-la-pace-in-cattedrale-il-monito-del-vescovo-lauro-la-guerra-e-il-sistema-con-cui-affrontiamo-la-vita\/","og_locale":"it_IT","og_type":"article","og_title":"Veglia per la pace in Cattedrale, il monito del vescovo Lauro: \"La guerra \u00e8 il sistema con cui affrontiamo la vita\"","og_description":"Veglia per la pace in cattedrale a trento gioved\u00ec 12 settembre con vescovo Lauro e Consiglio di Chiese cristiane di Trento","og_url":"https:\/\/www.diocesitn.it\/area-testimonianza\/2024\/09\/13\/veglia-per-la-pace-in-cattedrale-il-monito-del-vescovo-lauro-la-guerra-e-il-sistema-con-cui-affrontiamo-la-vita\/","og_site_name":"Testimonianza e Impegno sociale","article_published_time":"2024-09-13T10:44:53+00:00","article_modified_time":"2024-09-18T06:38:30+00:00","og_image":[{"width":1255,"height":719,"url":"https:\/\/www.diocesitn.it\/area-testimonianza\/wp-content\/uploads\/sites\/37\/2024\/09\/veglia_pace_12set24_2.jpg","type":"image\/jpeg"}],"author":"Piergiorgio Franceschini","twitter_card":"summary_large_image","twitter_misc":{"Scritto da":"Piergiorgio Franceschini","Tempo di lettura stimato":"5 minuti"},"schema":{"@context":"https:\/\/schema.org","@graph":[{"@type":"Article","@id":"https:\/\/www.diocesitn.it\/area-testimonianza\/2024\/09\/13\/veglia-per-la-pace-in-cattedrale-il-monito-del-vescovo-lauro-la-guerra-e-il-sistema-con-cui-affrontiamo-la-vita\/#article","isPartOf":{"@id":"https:\/\/www.diocesitn.it\/area-testimonianza\/2024\/09\/13\/veglia-per-la-pace-in-cattedrale-il-monito-del-vescovo-lauro-la-guerra-e-il-sistema-con-cui-affrontiamo-la-vita\/"},"author":{"name":"Piergiorgio Franceschini","@id":"https:\/\/www.diocesitn.it\/area-testimonianza\/#\/schema\/person\/99590c84577873a025247b6aeb16ad2e"},"headline":"Veglia per la pace in Cattedrale, il monito del vescovo Lauro: &#8220;La guerra \u00e8 il sistema con cui affrontiamo la vita&#8221;","datePublished":"2024-09-13T10:44:53+00:00","dateModified":"2024-09-18T06:38:30+00:00","mainEntityOfPage":{"@id":"https:\/\/www.diocesitn.it\/area-testimonianza\/2024\/09\/13\/veglia-per-la-pace-in-cattedrale-il-monito-del-vescovo-lauro-la-guerra-e-il-sistema-con-cui-affrontiamo-la-vita\/"},"wordCount":718,"publisher":{"@id":"https:\/\/www.diocesitn.it\/area-testimonianza\/#organization"},"image":{"@id":"https:\/\/www.diocesitn.it\/area-testimonianza\/2024\/09\/13\/veglia-per-la-pace-in-cattedrale-il-monito-del-vescovo-lauro-la-guerra-e-il-sistema-con-cui-affrontiamo-la-vita\/#primaryimage"},"thumbnailUrl":"https:\/\/www.diocesitn.it\/area-testimonianza\/wp-content\/uploads\/sites\/37\/2024\/09\/veglia_pace_12set24_2.jpg","keywords":["arcivescovo Lauro"],"articleSection":["Ecumenismo e Dialogo interreligioso","Giustizia e pace","Notizie"],"inLanguage":"it-IT","copyrightYear":"2024","copyrightHolder":{"@id":"https:\/\/www.diocesitn.it\/#organization"}},{"@type":"WebPage","@id":"https:\/\/www.diocesitn.it\/area-testimonianza\/2024\/09\/13\/veglia-per-la-pace-in-cattedrale-il-monito-del-vescovo-lauro-la-guerra-e-il-sistema-con-cui-affrontiamo-la-vita\/","url":"https:\/\/www.diocesitn.it\/area-testimonianza\/2024\/09\/13\/veglia-per-la-pace-in-cattedrale-il-monito-del-vescovo-lauro-la-guerra-e-il-sistema-con-cui-affrontiamo-la-vita\/","name":"Veglia per pace cattedrale trento 12 settembre","isPartOf":{"@id":"https:\/\/www.diocesitn.it\/area-testimonianza\/#website"},"primaryImageOfPage":{"@id":"https:\/\/www.diocesitn.it\/area-testimonianza\/2024\/09\/13\/veglia-per-la-pace-in-cattedrale-il-monito-del-vescovo-lauro-la-guerra-e-il-sistema-con-cui-affrontiamo-la-vita\/#primaryimage"},"image":{"@id":"https:\/\/www.diocesitn.it\/area-testimonianza\/2024\/09\/13\/veglia-per-la-pace-in-cattedrale-il-monito-del-vescovo-lauro-la-guerra-e-il-sistema-con-cui-affrontiamo-la-vita\/#primaryimage"},"thumbnailUrl":"https:\/\/www.diocesitn.it\/area-testimonianza\/wp-content\/uploads\/sites\/37\/2024\/09\/veglia_pace_12set24_2.jpg","datePublished":"2024-09-13T10:44:53+00:00","dateModified":"2024-09-18T06:38:30+00:00","description":"Veglia per la pace in cattedrale a trento gioved\u00ec 12 settembre con vescovo Lauro e Consiglio di Chiese cristiane di Trento","breadcrumb":{"@id":"https:\/\/www.diocesitn.it\/area-testimonianza\/2024\/09\/13\/veglia-per-la-pace-in-cattedrale-il-monito-del-vescovo-lauro-la-guerra-e-il-sistema-con-cui-affrontiamo-la-vita\/#breadcrumb"},"inLanguage":"it-IT","potentialAction":[{"@type":"ReadAction","target":["https:\/\/www.diocesitn.it\/area-testimonianza\/2024\/09\/13\/veglia-per-la-pace-in-cattedrale-il-monito-del-vescovo-lauro-la-guerra-e-il-sistema-con-cui-affrontiamo-la-vita\/"]}]},{"@type":"ImageObject","inLanguage":"it-IT","@id":"https:\/\/www.diocesitn.it\/area-testimonianza\/2024\/09\/13\/veglia-per-la-pace-in-cattedrale-il-monito-del-vescovo-lauro-la-guerra-e-il-sistema-con-cui-affrontiamo-la-vita\/#primaryimage","url":"https:\/\/www.diocesitn.it\/area-testimonianza\/wp-content\/uploads\/sites\/37\/2024\/09\/veglia_pace_12set24_2.jpg","contentUrl":"https:\/\/www.diocesitn.it\/area-testimonianza\/wp-content\/uploads\/sites\/37\/2024\/09\/veglia_pace_12set24_2.jpg","width":1255,"height":719,"caption":"Veglia per pace cattedrale trento 12 settembre"},{"@type":"BreadcrumbList","@id":"https:\/\/www.diocesitn.it\/area-testimonianza\/2024\/09\/13\/veglia-per-la-pace-in-cattedrale-il-monito-del-vescovo-lauro-la-guerra-e-il-sistema-con-cui-affrontiamo-la-vita\/#breadcrumb","itemListElement":[{"@type":"ListItem","position":1,"name":"Home","item":"https:\/\/www.diocesitn.it\/area-testimonianza\/"},{"@type":"ListItem","position":2,"name":"Veglia per la pace in Cattedrale, il monito del vescovo Lauro: &#8220;La guerra \u00e8 il sistema con cui affrontiamo la vita&#8221;"}]},{"@type":"WebSite","@id":"https:\/\/www.diocesitn.it\/area-testimonianza\/#website","url":"https:\/\/www.diocesitn.it\/area-testimonianza\/","name":"Testimonianza e Impegno sociale","description":"Chiesa di Trento","publisher":{"@id":"https:\/\/www.diocesitn.it\/area-testimonianza\/#organization"},"potentialAction":[{"@type":"SearchAction","target":{"@type":"EntryPoint","urlTemplate":"https:\/\/www.diocesitn.it\/area-testimonianza\/?s={search_term_string}"},"query-input":"required name=search_term_string"}],"inLanguage":"it-IT"},{"@type":["Organization","Place"],"@id":"https:\/\/www.diocesitn.it\/area-testimonianza\/#organization","name":"Area Testimonianza e Impegno Sociale - Chiesa di Trento","url":"https:\/\/www.diocesitn.it\/area-testimonianza\/","logo":{"@id":"https:\/\/www.diocesitn.it\/area-testimonianza\/2024\/09\/13\/veglia-per-la-pace-in-cattedrale-il-monito-del-vescovo-lauro-la-guerra-e-il-sistema-con-cui-affrontiamo-la-vita\/#local-main-organization-logo"},"image":{"@id":"https:\/\/www.diocesitn.it\/area-testimonianza\/2024\/09\/13\/veglia-per-la-pace-in-cattedrale-il-monito-del-vescovo-lauro-la-guerra-e-il-sistema-con-cui-affrontiamo-la-vita\/#local-main-organization-logo"},"openingHoursSpecification":[{"@type":"OpeningHoursSpecification","dayOfWeek":["Monday","Tuesday","Wednesday","Thursday","Friday","Saturday","Sunday"],"opens":"09:00","closes":"17:00"}]},{"@type":"ImageObject","inLanguage":"it-IT","@id":"https:\/\/www.diocesitn.it\/area-testimonianza\/2024\/09\/13\/veglia-per-la-pace-in-cattedrale-il-monito-del-vescovo-lauro-la-guerra-e-il-sistema-con-cui-affrontiamo-la-vita\/#local-main-organization-logo","url":"https:\/\/www.diocesitn.it\/area-testimonianza\/wp-content\/uploads\/sites\/37\/2021\/09\/og-logo-testimonianza-e-impegno-sociale.jpg","contentUrl":"https:\/\/www.diocesitn.it\/area-testimonianza\/wp-content\/uploads\/sites\/37\/2021\/09\/og-logo-testimonianza-e-impegno-sociale.jpg","width":1200,"height":630,"caption":"Area Testimonianza e Impegno Sociale - Chiesa di Trento"}]}},"_links":{"self":[{"href":"https:\/\/www.diocesitn.it\/area-testimonianza\/wp-json\/wp\/v2\/posts\/15756","targetHints":{"allow":["GET"]}}],"collection":[{"href":"https:\/\/www.diocesitn.it\/area-testimonianza\/wp-json\/wp\/v2\/posts"}],"about":[{"href":"https:\/\/www.diocesitn.it\/area-testimonianza\/wp-json\/wp\/v2\/types\/post"}],"author":[{"embeddable":true,"href":"https:\/\/www.diocesitn.it\/area-testimonianza\/wp-json\/wp\/v2\/users\/3"}],"replies":[{"embeddable":true,"href":"https:\/\/www.diocesitn.it\/area-testimonianza\/wp-json\/wp\/v2\/comments?post=15756"}],"version-history":[{"count":1,"href":"https:\/\/www.diocesitn.it\/area-testimonianza\/wp-json\/wp\/v2\/posts\/15756\/revisions"}],"predecessor-version":[{"id":15761,"href":"https:\/\/www.diocesitn.it\/area-testimonianza\/wp-json\/wp\/v2\/posts\/15756\/revisions\/15761"}],"wp:featuredmedia":[{"embeddable":true,"href":"https:\/\/www.diocesitn.it\/area-testimonianza\/wp-json\/wp\/v2\/media\/15758"}],"wp:attachment":[{"href":"https:\/\/www.diocesitn.it\/area-testimonianza\/wp-json\/wp\/v2\/media?parent=15756"}],"wp:term":[{"taxonomy":"category","embeddable":true,"href":"https:\/\/www.diocesitn.it\/area-testimonianza\/wp-json\/wp\/v2\/categories?post=15756"},{"taxonomy":"post_tag","embeddable":true,"href":"https:\/\/www.diocesitn.it\/area-testimonianza\/wp-json\/wp\/v2\/tags?post=15756"}],"curies":[{"name":"wp","href":"https:\/\/api.w.org\/{rel}","templated":true}]}}