{"id":15743,"date":"2024-09-11T15:00:07","date_gmt":"2024-09-11T13:00:07","guid":{"rendered":"https:\/\/www.diocesitn.it\/area-testimonianza\/2024\/09\/11\/al-via-il-104-pellegrinaggio-diocesano-a-lourdes-13-16-settembre-210-trentini-con-il-vescovo-lauro-bagno-di-verita\/"},"modified":"2024-09-16T09:13:19","modified_gmt":"2024-09-16T07:13:19","slug":"al-via-il-104-pellegrinaggio-diocesano-a-lourdes-13-16-settembre-210-trentini-con-il-vescovo-lauro-bagno-di-verita","status":"publish","type":"post","link":"https:\/\/www.diocesitn.it\/area-testimonianza\/2024\/09\/11\/al-via-il-104-pellegrinaggio-diocesano-a-lourdes-13-16-settembre-210-trentini-con-il-vescovo-lauro-bagno-di-verita\/","title":{"rendered":"Al via il 104\u00b0 pellegrinaggio diocesano a Lourdes (13-16 settembre). 210 trentini con il vescovo Lauro: \u201cBagno di verit\u00e0\u201d"},"content":{"rendered":"<p>Sono <strong>210 i trentini<\/strong> in partenza per il <strong>104\u00b0 pellegrinaggio diocesano al santuario mariano di Lourdes<\/strong>, in programma <strong>dal 13 al 16 settembre<\/strong>, guidato dall\u2019<strong>arcivescovo Lauro Tisi<\/strong>.<\/p>\n<p>C\u2019\u00e8 chi va per trovare conforto mentre sta affrontando una malattia o una situazione di fragilit\u00e0. Molti si apprestano a vivere un\u2019esperienza gratificante di volontariato. Per altri si tratta anche solo di immergersi in un clima di intensa spiritualit\u00e0, staccando da giornate scandite da agende sempre piene.<\/p>\n<p>Un\u2019attenzione particolare sar\u00e0 riservata ai <strong>23 ammalati presenti<\/strong>,<strong> con 5 medici<\/strong>,<strong> 5 infermieri <\/strong>e una <strong>cinquantina di volontari<\/strong>\u00a0 &#8211; tra dame e barellieri, alcuni tornano a Lourdes da almeno quarant\u2019anni &#8211; coordinati da <strong>Ospitalit\u00e0 Tridentina<\/strong>. L\u2019accompagnamento spirituale, accanto all\u2019arcivescovo Lauro, sar\u00e0 favorito dalla presenza del delegato dell\u2019Area Testimonianza don Mauro Leonardelli e da altri cinque preti.<\/p>\n<p>Un primo gruppo di <strong>30 fedeli <\/strong>raggiunger\u00e0 Lourdes in pullman, partendo da Trento (ex Zuffo) alle ore 20 di <strong>gioved\u00ec 12<\/strong>. Per altre <strong>180 persone<\/strong> la partenza \u00e8 fissata all&#8217;alba di <strong>venerd\u00ec 13 settembre <\/strong>alle <strong>ore 4.45<\/strong>, sempre dall\u2019 ex Zuffo, con destinazione l\u2019aeroporto Caravaggio di Orio al Serio (Bg).<\/p>\n<p>La provenienza dei partecipanti \u00e8 distribuita su tutto il territorio provinciale con prevalenza di chi abita nel <strong>capoluogo<\/strong>, <strong>Vallagarina<\/strong>, <strong>Valsugana<\/strong> e <strong>Giudicarie<\/strong>.<\/p>\n<p>Il pellegrinaggio avr\u00e0 come sfondo tematico la <strong>Lettera alla comunit\u00e0<\/strong> dell\u2019arcivescovo Lauro dal titolo \u201c<a href=\"https:\/\/www.diocesitn.it\/site\/la-scommessa-nuova-lettera-alla-comunita-dellarcivescovo-tisi-un-invito-a-non-vivere-nellazzardo-ma-a-fidarsi-degli-altri-e-di-un-dio-mite\/\"><strong>La scommessa<\/strong><\/a>\u201d, inno alla riscoperta della <strong>mitezza<\/strong>.<\/p>\n<p>\u201cA Lourdes \u2013 scrive don Lauro nell\u2019introduzione al diario del pellegrino \u2013 si arriva con il bagaglio di una vita. Non ci sono infingimenti, nessuna immagine social edulcorata: siamo noi stessi, con le nostre lacrime e i nostri sorrisi. Siamo qui anzitutto per un bagno di verit\u00e0. Nella straordinaria capacit\u00e0 di tante persone di accettare con serenit\u00e0 la malattia e la fatica dell\u2019et\u00e0 avanzata, leggo segni di incredibile mitezza. Mentre lo dico ho davanti \u2013 scrive don Lauro ai pellegrini \u2013 il volto di ognuno di voi: siete voi i primi testimonial della mitezza\u201d.<\/p>\n","protected":false},"excerpt":{"rendered":"<p>Sono 210 i trentini in partenza per il 104\u00b0 pellegrinaggio diocesano al santuario mariano di Lourdes, in programma dal 13 al 16 settembre, guidato dall\u2019arcivescovo Lauro Tisi. C\u2019\u00e8 chi va per trovare conforto mentre sta<\/p>\n","protected":false},"author":168,"featured_media":15744,"comment_status":"closed","ping_status":"closed","sticky":false,"template":"","format":"standard","meta":{"footnotes":""},"categories":[1074,1102],"tags":[1653,1677,2349],"class_list":["post-15743","post","type-post","status-publish","format-standard","has-post-thumbnail","hentry","category-notizie","category-servizio-salute-pellegrinaggi-anziani","tag-arcivescovo-lauro","tag-ospitalita-tridentina","tag-pellegrinaggio-lourdes"],"acf":{"seed-localization-paese-cod":"IT","seed-localization-address":"","seed-localization-citta":"Trento","seed-localization-regione-cod-istat":"04","seed-localization-citta-cod-istat":"022205","seed-localization-localita":"","seed-localization-cap":"","seed-localization-marker-visibility":false,"seed-localization-children-visibility":false,"seed-localization-kml":"","seed-localization-custom-marker":""},"yoast_head":"<!-- This site is optimized with the Yoast SEO Premium plugin v20.2.1 (Yoast SEO v22.2) - https:\/\/yoast.com\/wordpress\/plugins\/seo\/ -->\n<title>Trento, al via il 104\u00b0 pellegrinaggio diocesano a Lourdes<\/title>\n<meta name=\"description\" content=\"Al via il 104\u00b0 pellegrinaggio diocesano a Lourdes (13-16 settembre). 210 trentini con il vescovo Lauro: \u201cBagno di verit\u00e0\u201d\" \/>\n<meta name=\"robots\" content=\"index, follow, max-snippet:-1, max-image-preview:large, max-video-preview:-1\" \/>\n<link rel=\"canonical\" href=\"https:\/\/www.diocesitn.it\/area-testimonianza\/2024\/09\/11\/al-via-il-104-pellegrinaggio-diocesano-a-lourdes-13-16-settembre-210-trentini-con-il-vescovo-lauro-bagno-di-verita\/\" \/>\n<meta property=\"og:locale\" content=\"it_IT\" \/>\n<meta property=\"og:type\" content=\"article\" \/>\n<meta property=\"og:title\" content=\"Al via il 104\u00b0 pellegrinaggio diocesano a Lourdes (13-16 settembre). 210 trentini con il vescovo Lauro: \u201cBagno di verit\u00e0\u201d\" \/>\n<meta property=\"og:description\" content=\"Al via il 104\u00b0 pellegrinaggio diocesano a Lourdes (13-16 settembre). 210 trentini con il vescovo Lauro: \u201cBagno di verit\u00e0\u201d\" \/>\n<meta property=\"og:url\" content=\"https:\/\/www.diocesitn.it\/area-testimonianza\/2024\/09\/11\/al-via-il-104-pellegrinaggio-diocesano-a-lourdes-13-16-settembre-210-trentini-con-il-vescovo-lauro-bagno-di-verita\/\" \/>\n<meta property=\"og:site_name\" content=\"Testimonianza e Impegno sociale\" \/>\n<meta property=\"article:published_time\" content=\"2024-09-11T13:00:07+00:00\" \/>\n<meta property=\"article:modified_time\" content=\"2024-09-16T07:13:19+00:00\" \/>\n<meta property=\"og:image\" content=\"https:\/\/www.diocesitn.it\/area-testimonianza\/wp-content\/uploads\/sites\/37\/2024\/09\/lourdes2022_1_web.jpg\" \/>\n\t<meta property=\"og:image:width\" content=\"900\" \/>\n\t<meta property=\"og:image:height\" content=\"644\" \/>\n\t<meta property=\"og:image:type\" content=\"image\/jpeg\" \/>\n<meta name=\"author\" content=\"losspapot\" \/>\n<meta name=\"twitter:card\" content=\"summary_large_image\" \/>\n<meta name=\"twitter:label1\" content=\"Scritto da\" \/>\n\t<meta name=\"twitter:data1\" content=\"losspapot\" \/>\n\t<meta name=\"twitter:label2\" content=\"Tempo di lettura stimato\" \/>\n\t<meta name=\"twitter:data2\" content=\"2 minuti\" \/>\n<script type=\"application\/ld+json\" class=\"yoast-schema-graph\">{\"@context\":\"https:\/\/schema.org\",\"@graph\":[{\"@type\":\"Article\",\"@id\":\"https:\/\/www.diocesitn.it\/area-testimonianza\/2024\/09\/11\/al-via-il-104-pellegrinaggio-diocesano-a-lourdes-13-16-settembre-210-trentini-con-il-vescovo-lauro-bagno-di-verita\/#article\",\"isPartOf\":{\"@id\":\"https:\/\/www.diocesitn.it\/area-testimonianza\/2024\/09\/11\/al-via-il-104-pellegrinaggio-diocesano-a-lourdes-13-16-settembre-210-trentini-con-il-vescovo-lauro-bagno-di-verita\/\"},\"author\":{\"name\":\"losspapot\",\"@id\":\"https:\/\/www.diocesitn.it\/area-testimonianza\/#\/schema\/person\/3526ceacb35e1aa4c86252e45adfad22\"},\"headline\":\"Al via il 104\u00b0 pellegrinaggio diocesano a Lourdes (13-16 settembre). 210 trentini con il vescovo Lauro: \u201cBagno di verit\u00e0\u201d\",\"datePublished\":\"2024-09-11T13:00:07+00:00\",\"dateModified\":\"2024-09-16T07:13:19+00:00\",\"mainEntityOfPage\":{\"@id\":\"https:\/\/www.diocesitn.it\/area-testimonianza\/2024\/09\/11\/al-via-il-104-pellegrinaggio-diocesano-a-lourdes-13-16-settembre-210-trentini-con-il-vescovo-lauro-bagno-di-verita\/\"},\"wordCount\":326,\"publisher\":{\"@id\":\"https:\/\/www.diocesitn.it\/area-testimonianza\/#organization\"},\"image\":{\"@id\":\"https:\/\/www.diocesitn.it\/area-testimonianza\/2024\/09\/11\/al-via-il-104-pellegrinaggio-diocesano-a-lourdes-13-16-settembre-210-trentini-con-il-vescovo-lauro-bagno-di-verita\/#primaryimage\"},\"thumbnailUrl\":\"https:\/\/www.diocesitn.it\/area-testimonianza\/wp-content\/uploads\/sites\/37\/2024\/09\/lourdes2022_1_web.jpg\",\"keywords\":[\"arcivescovo Lauro\",\"Ospitalit\u00e0 Tridentina\",\"pellegrinaggio lourdes\"],\"articleSection\":[\"Notizie\",\"Salute Pellegrinaggi Anziani\"],\"inLanguage\":\"it-IT\",\"copyrightYear\":\"2024\",\"copyrightHolder\":{\"@id\":\"https:\/\/www.diocesitn.it\/#organization\"}},{\"@type\":\"WebPage\",\"@id\":\"https:\/\/www.diocesitn.it\/area-testimonianza\/2024\/09\/11\/al-via-il-104-pellegrinaggio-diocesano-a-lourdes-13-16-settembre-210-trentini-con-il-vescovo-lauro-bagno-di-verita\/\",\"url\":\"https:\/\/www.diocesitn.it\/area-testimonianza\/2024\/09\/11\/al-via-il-104-pellegrinaggio-diocesano-a-lourdes-13-16-settembre-210-trentini-con-il-vescovo-lauro-bagno-di-verita\/\",\"name\":\"Trento, al via il 104\u00b0 pellegrinaggio diocesano a Lourdes\",\"isPartOf\":{\"@id\":\"https:\/\/www.diocesitn.it\/area-testimonianza\/#website\"},\"primaryImageOfPage\":{\"@id\":\"https:\/\/www.diocesitn.it\/area-testimonianza\/2024\/09\/11\/al-via-il-104-pellegrinaggio-diocesano-a-lourdes-13-16-settembre-210-trentini-con-il-vescovo-lauro-bagno-di-verita\/#primaryimage\"},\"image\":{\"@id\":\"https:\/\/www.diocesitn.it\/area-testimonianza\/2024\/09\/11\/al-via-il-104-pellegrinaggio-diocesano-a-lourdes-13-16-settembre-210-trentini-con-il-vescovo-lauro-bagno-di-verita\/#primaryimage\"},\"thumbnailUrl\":\"https:\/\/www.diocesitn.it\/area-testimonianza\/wp-content\/uploads\/sites\/37\/2024\/09\/lourdes2022_1_web.jpg\",\"datePublished\":\"2024-09-11T13:00:07+00:00\",\"dateModified\":\"2024-09-16T07:13:19+00:00\",\"description\":\"Al via il 104\u00b0 pellegrinaggio diocesano a Lourdes (13-16 settembre). 210 trentini con il vescovo Lauro: \u201cBagno di verit\u00e0\u201d\",\"breadcrumb\":{\"@id\":\"https:\/\/www.diocesitn.it\/area-testimonianza\/2024\/09\/11\/al-via-il-104-pellegrinaggio-diocesano-a-lourdes-13-16-settembre-210-trentini-con-il-vescovo-lauro-bagno-di-verita\/#breadcrumb\"},\"inLanguage\":\"it-IT\",\"potentialAction\":[{\"@type\":\"ReadAction\",\"target\":[\"https:\/\/www.diocesitn.it\/area-testimonianza\/2024\/09\/11\/al-via-il-104-pellegrinaggio-diocesano-a-lourdes-13-16-settembre-210-trentini-con-il-vescovo-lauro-bagno-di-verita\/\"]}]},{\"@type\":\"ImageObject\",\"inLanguage\":\"it-IT\",\"@id\":\"https:\/\/www.diocesitn.it\/area-testimonianza\/2024\/09\/11\/al-via-il-104-pellegrinaggio-diocesano-a-lourdes-13-16-settembre-210-trentini-con-il-vescovo-lauro-bagno-di-verita\/#primaryimage\",\"url\":\"https:\/\/www.diocesitn.it\/area-testimonianza\/wp-content\/uploads\/sites\/37\/2024\/09\/lourdes2022_1_web.jpg\",\"contentUrl\":\"https:\/\/www.diocesitn.it\/area-testimonianza\/wp-content\/uploads\/sites\/37\/2024\/09\/lourdes2022_1_web.jpg\",\"width\":900,\"height\":644},{\"@type\":\"BreadcrumbList\",\"@id\":\"https:\/\/www.diocesitn.it\/area-testimonianza\/2024\/09\/11\/al-via-il-104-pellegrinaggio-diocesano-a-lourdes-13-16-settembre-210-trentini-con-il-vescovo-lauro-bagno-di-verita\/#breadcrumb\",\"itemListElement\":[{\"@type\":\"ListItem\",\"position\":1,\"name\":\"Home\",\"item\":\"https:\/\/www.diocesitn.it\/area-testimonianza\/\"},{\"@type\":\"ListItem\",\"position\":2,\"name\":\"Al via il 104\u00b0 pellegrinaggio diocesano a Lourdes (13-16 settembre). 210 trentini con il vescovo Lauro: \u201cBagno di verit\u00e0\u201d\"}]},{\"@type\":\"WebSite\",\"@id\":\"https:\/\/www.diocesitn.it\/area-testimonianza\/#website\",\"url\":\"https:\/\/www.diocesitn.it\/area-testimonianza\/\",\"name\":\"Testimonianza e Impegno sociale\",\"description\":\"Chiesa di Trento\",\"publisher\":{\"@id\":\"https:\/\/www.diocesitn.it\/area-testimonianza\/#organization\"},\"potentialAction\":[{\"@type\":\"SearchAction\",\"target\":{\"@type\":\"EntryPoint\",\"urlTemplate\":\"https:\/\/www.diocesitn.it\/area-testimonianza\/?s={search_term_string}\"},\"query-input\":\"required name=search_term_string\"}],\"inLanguage\":\"it-IT\"},{\"@type\":[\"Organization\",\"Place\"],\"@id\":\"https:\/\/www.diocesitn.it\/area-testimonianza\/#organization\",\"name\":\"Area Testimonianza e Impegno Sociale - Chiesa di Trento\",\"url\":\"https:\/\/www.diocesitn.it\/area-testimonianza\/\",\"logo\":{\"@id\":\"https:\/\/www.diocesitn.it\/area-testimonianza\/2024\/09\/11\/al-via-il-104-pellegrinaggio-diocesano-a-lourdes-13-16-settembre-210-trentini-con-il-vescovo-lauro-bagno-di-verita\/#local-main-organization-logo\"},\"image\":{\"@id\":\"https:\/\/www.diocesitn.it\/area-testimonianza\/2024\/09\/11\/al-via-il-104-pellegrinaggio-diocesano-a-lourdes-13-16-settembre-210-trentini-con-il-vescovo-lauro-bagno-di-verita\/#local-main-organization-logo\"},\"openingHoursSpecification\":[{\"@type\":\"OpeningHoursSpecification\",\"dayOfWeek\":[\"Monday\",\"Tuesday\",\"Wednesday\",\"Thursday\",\"Friday\",\"Saturday\",\"Sunday\"],\"opens\":\"09:00\",\"closes\":\"17:00\"}]},{\"@type\":\"ImageObject\",\"inLanguage\":\"it-IT\",\"@id\":\"https:\/\/www.diocesitn.it\/area-testimonianza\/2024\/09\/11\/al-via-il-104-pellegrinaggio-diocesano-a-lourdes-13-16-settembre-210-trentini-con-il-vescovo-lauro-bagno-di-verita\/#local-main-organization-logo\",\"url\":\"https:\/\/www.diocesitn.it\/area-testimonianza\/wp-content\/uploads\/sites\/37\/2021\/09\/og-logo-testimonianza-e-impegno-sociale.jpg\",\"contentUrl\":\"https:\/\/www.diocesitn.it\/area-testimonianza\/wp-content\/uploads\/sites\/37\/2021\/09\/og-logo-testimonianza-e-impegno-sociale.jpg\",\"width\":1200,\"height\":630,\"caption\":\"Area Testimonianza e Impegno Sociale - Chiesa di Trento\"}]}<\/script>\n<!-- \/ Yoast SEO Premium plugin. -->","yoast_head_json":{"title":"Trento, al via il 104\u00b0 pellegrinaggio diocesano a Lourdes","description":"Al via il 104\u00b0 pellegrinaggio diocesano a Lourdes (13-16 settembre). 210 trentini con il vescovo Lauro: \u201cBagno di verit\u00e0\u201d","robots":{"index":"index","follow":"follow","max-snippet":"max-snippet:-1","max-image-preview":"max-image-preview:large","max-video-preview":"max-video-preview:-1"},"canonical":"https:\/\/www.diocesitn.it\/area-testimonianza\/2024\/09\/11\/al-via-il-104-pellegrinaggio-diocesano-a-lourdes-13-16-settembre-210-trentini-con-il-vescovo-lauro-bagno-di-verita\/","og_locale":"it_IT","og_type":"article","og_title":"Al via il 104\u00b0 pellegrinaggio diocesano a Lourdes (13-16 settembre). 210 trentini con il vescovo Lauro: \u201cBagno di verit\u00e0\u201d","og_description":"Al via il 104\u00b0 pellegrinaggio diocesano a Lourdes (13-16 settembre). 210 trentini con il vescovo Lauro: \u201cBagno di verit\u00e0\u201d","og_url":"https:\/\/www.diocesitn.it\/area-testimonianza\/2024\/09\/11\/al-via-il-104-pellegrinaggio-diocesano-a-lourdes-13-16-settembre-210-trentini-con-il-vescovo-lauro-bagno-di-verita\/","og_site_name":"Testimonianza e Impegno sociale","article_published_time":"2024-09-11T13:00:07+00:00","article_modified_time":"2024-09-16T07:13:19+00:00","og_image":[{"width":900,"height":644,"url":"https:\/\/www.diocesitn.it\/area-testimonianza\/wp-content\/uploads\/sites\/37\/2024\/09\/lourdes2022_1_web.jpg","type":"image\/jpeg"}],"author":"losspapot","twitter_card":"summary_large_image","twitter_misc":{"Scritto da":"losspapot","Tempo di lettura stimato":"2 minuti"},"schema":{"@context":"https:\/\/schema.org","@graph":[{"@type":"Article","@id":"https:\/\/www.diocesitn.it\/area-testimonianza\/2024\/09\/11\/al-via-il-104-pellegrinaggio-diocesano-a-lourdes-13-16-settembre-210-trentini-con-il-vescovo-lauro-bagno-di-verita\/#article","isPartOf":{"@id":"https:\/\/www.diocesitn.it\/area-testimonianza\/2024\/09\/11\/al-via-il-104-pellegrinaggio-diocesano-a-lourdes-13-16-settembre-210-trentini-con-il-vescovo-lauro-bagno-di-verita\/"},"author":{"name":"losspapot","@id":"https:\/\/www.diocesitn.it\/area-testimonianza\/#\/schema\/person\/3526ceacb35e1aa4c86252e45adfad22"},"headline":"Al via il 104\u00b0 pellegrinaggio diocesano a Lourdes (13-16 settembre). 210 trentini con il vescovo Lauro: \u201cBagno di verit\u00e0\u201d","datePublished":"2024-09-11T13:00:07+00:00","dateModified":"2024-09-16T07:13:19+00:00","mainEntityOfPage":{"@id":"https:\/\/www.diocesitn.it\/area-testimonianza\/2024\/09\/11\/al-via-il-104-pellegrinaggio-diocesano-a-lourdes-13-16-settembre-210-trentini-con-il-vescovo-lauro-bagno-di-verita\/"},"wordCount":326,"publisher":{"@id":"https:\/\/www.diocesitn.it\/area-testimonianza\/#organization"},"image":{"@id":"https:\/\/www.diocesitn.it\/area-testimonianza\/2024\/09\/11\/al-via-il-104-pellegrinaggio-diocesano-a-lourdes-13-16-settembre-210-trentini-con-il-vescovo-lauro-bagno-di-verita\/#primaryimage"},"thumbnailUrl":"https:\/\/www.diocesitn.it\/area-testimonianza\/wp-content\/uploads\/sites\/37\/2024\/09\/lourdes2022_1_web.jpg","keywords":["arcivescovo Lauro","Ospitalit\u00e0 Tridentina","pellegrinaggio lourdes"],"articleSection":["Notizie","Salute Pellegrinaggi Anziani"],"inLanguage":"it-IT","copyrightYear":"2024","copyrightHolder":{"@id":"https:\/\/www.diocesitn.it\/#organization"}},{"@type":"WebPage","@id":"https:\/\/www.diocesitn.it\/area-testimonianza\/2024\/09\/11\/al-via-il-104-pellegrinaggio-diocesano-a-lourdes-13-16-settembre-210-trentini-con-il-vescovo-lauro-bagno-di-verita\/","url":"https:\/\/www.diocesitn.it\/area-testimonianza\/2024\/09\/11\/al-via-il-104-pellegrinaggio-diocesano-a-lourdes-13-16-settembre-210-trentini-con-il-vescovo-lauro-bagno-di-verita\/","name":"Trento, al via il 104\u00b0 pellegrinaggio diocesano a Lourdes","isPartOf":{"@id":"https:\/\/www.diocesitn.it\/area-testimonianza\/#website"},"primaryImageOfPage":{"@id":"https:\/\/www.diocesitn.it\/area-testimonianza\/2024\/09\/11\/al-via-il-104-pellegrinaggio-diocesano-a-lourdes-13-16-settembre-210-trentini-con-il-vescovo-lauro-bagno-di-verita\/#primaryimage"},"image":{"@id":"https:\/\/www.diocesitn.it\/area-testimonianza\/2024\/09\/11\/al-via-il-104-pellegrinaggio-diocesano-a-lourdes-13-16-settembre-210-trentini-con-il-vescovo-lauro-bagno-di-verita\/#primaryimage"},"thumbnailUrl":"https:\/\/www.diocesitn.it\/area-testimonianza\/wp-content\/uploads\/sites\/37\/2024\/09\/lourdes2022_1_web.jpg","datePublished":"2024-09-11T13:00:07+00:00","dateModified":"2024-09-16T07:13:19+00:00","description":"Al via il 104\u00b0 pellegrinaggio diocesano a Lourdes (13-16 settembre). 210 trentini con il vescovo Lauro: \u201cBagno di verit\u00e0\u201d","breadcrumb":{"@id":"https:\/\/www.diocesitn.it\/area-testimonianza\/2024\/09\/11\/al-via-il-104-pellegrinaggio-diocesano-a-lourdes-13-16-settembre-210-trentini-con-il-vescovo-lauro-bagno-di-verita\/#breadcrumb"},"inLanguage":"it-IT","potentialAction":[{"@type":"ReadAction","target":["https:\/\/www.diocesitn.it\/area-testimonianza\/2024\/09\/11\/al-via-il-104-pellegrinaggio-diocesano-a-lourdes-13-16-settembre-210-trentini-con-il-vescovo-lauro-bagno-di-verita\/"]}]},{"@type":"ImageObject","inLanguage":"it-IT","@id":"https:\/\/www.diocesitn.it\/area-testimonianza\/2024\/09\/11\/al-via-il-104-pellegrinaggio-diocesano-a-lourdes-13-16-settembre-210-trentini-con-il-vescovo-lauro-bagno-di-verita\/#primaryimage","url":"https:\/\/www.diocesitn.it\/area-testimonianza\/wp-content\/uploads\/sites\/37\/2024\/09\/lourdes2022_1_web.jpg","contentUrl":"https:\/\/www.diocesitn.it\/area-testimonianza\/wp-content\/uploads\/sites\/37\/2024\/09\/lourdes2022_1_web.jpg","width":900,"height":644},{"@type":"BreadcrumbList","@id":"https:\/\/www.diocesitn.it\/area-testimonianza\/2024\/09\/11\/al-via-il-104-pellegrinaggio-diocesano-a-lourdes-13-16-settembre-210-trentini-con-il-vescovo-lauro-bagno-di-verita\/#breadcrumb","itemListElement":[{"@type":"ListItem","position":1,"name":"Home","item":"https:\/\/www.diocesitn.it\/area-testimonianza\/"},{"@type":"ListItem","position":2,"name":"Al via il 104\u00b0 pellegrinaggio diocesano a Lourdes (13-16 settembre). 210 trentini con il vescovo Lauro: \u201cBagno di verit\u00e0\u201d"}]},{"@type":"WebSite","@id":"https:\/\/www.diocesitn.it\/area-testimonianza\/#website","url":"https:\/\/www.diocesitn.it\/area-testimonianza\/","name":"Testimonianza e Impegno sociale","description":"Chiesa di Trento","publisher":{"@id":"https:\/\/www.diocesitn.it\/area-testimonianza\/#organization"},"potentialAction":[{"@type":"SearchAction","target":{"@type":"EntryPoint","urlTemplate":"https:\/\/www.diocesitn.it\/area-testimonianza\/?s={search_term_string}"},"query-input":"required name=search_term_string"}],"inLanguage":"it-IT"},{"@type":["Organization","Place"],"@id":"https:\/\/www.diocesitn.it\/area-testimonianza\/#organization","name":"Area Testimonianza e Impegno Sociale - Chiesa di Trento","url":"https:\/\/www.diocesitn.it\/area-testimonianza\/","logo":{"@id":"https:\/\/www.diocesitn.it\/area-testimonianza\/2024\/09\/11\/al-via-il-104-pellegrinaggio-diocesano-a-lourdes-13-16-settembre-210-trentini-con-il-vescovo-lauro-bagno-di-verita\/#local-main-organization-logo"},"image":{"@id":"https:\/\/www.diocesitn.it\/area-testimonianza\/2024\/09\/11\/al-via-il-104-pellegrinaggio-diocesano-a-lourdes-13-16-settembre-210-trentini-con-il-vescovo-lauro-bagno-di-verita\/#local-main-organization-logo"},"openingHoursSpecification":[{"@type":"OpeningHoursSpecification","dayOfWeek":["Monday","Tuesday","Wednesday","Thursday","Friday","Saturday","Sunday"],"opens":"09:00","closes":"17:00"}]},{"@type":"ImageObject","inLanguage":"it-IT","@id":"https:\/\/www.diocesitn.it\/area-testimonianza\/2024\/09\/11\/al-via-il-104-pellegrinaggio-diocesano-a-lourdes-13-16-settembre-210-trentini-con-il-vescovo-lauro-bagno-di-verita\/#local-main-organization-logo","url":"https:\/\/www.diocesitn.it\/area-testimonianza\/wp-content\/uploads\/sites\/37\/2021\/09\/og-logo-testimonianza-e-impegno-sociale.jpg","contentUrl":"https:\/\/www.diocesitn.it\/area-testimonianza\/wp-content\/uploads\/sites\/37\/2021\/09\/og-logo-testimonianza-e-impegno-sociale.jpg","width":1200,"height":630,"caption":"Area Testimonianza e Impegno Sociale - Chiesa di Trento"}]}},"_links":{"self":[{"href":"https:\/\/www.diocesitn.it\/area-testimonianza\/wp-json\/wp\/v2\/posts\/15743","targetHints":{"allow":["GET"]}}],"collection":[{"href":"https:\/\/www.diocesitn.it\/area-testimonianza\/wp-json\/wp\/v2\/posts"}],"about":[{"href":"https:\/\/www.diocesitn.it\/area-testimonianza\/wp-json\/wp\/v2\/types\/post"}],"author":[{"embeddable":true,"href":"https:\/\/www.diocesitn.it\/area-testimonianza\/wp-json\/wp\/v2\/users\/168"}],"replies":[{"embeddable":true,"href":"https:\/\/www.diocesitn.it\/area-testimonianza\/wp-json\/wp\/v2\/comments?post=15743"}],"version-history":[{"count":1,"href":"https:\/\/www.diocesitn.it\/area-testimonianza\/wp-json\/wp\/v2\/posts\/15743\/revisions"}],"predecessor-version":[{"id":15745,"href":"https:\/\/www.diocesitn.it\/area-testimonianza\/wp-json\/wp\/v2\/posts\/15743\/revisions\/15745"}],"wp:featuredmedia":[{"embeddable":true,"href":"https:\/\/www.diocesitn.it\/area-testimonianza\/wp-json\/wp\/v2\/media\/15744"}],"wp:attachment":[{"href":"https:\/\/www.diocesitn.it\/area-testimonianza\/wp-json\/wp\/v2\/media?parent=15743"}],"wp:term":[{"taxonomy":"category","embeddable":true,"href":"https:\/\/www.diocesitn.it\/area-testimonianza\/wp-json\/wp\/v2\/categories?post=15743"},{"taxonomy":"post_tag","embeddable":true,"href":"https:\/\/www.diocesitn.it\/area-testimonianza\/wp-json\/wp\/v2\/tags?post=15743"}],"curies":[{"name":"wp","href":"https:\/\/api.w.org\/{rel}","templated":true}]}}