{"id":15699,"date":"2024-09-07T23:18:14","date_gmt":"2024-09-07T21:18:14","guid":{"rendered":"https:\/\/www.diocesitn.it\/area-testimonianza\/2024\/09\/07\/anziani-in-pellegrinaggio-a-pine-su-invito-di-arcidiocesi-circoli-e-fap-acli-fotogallery-e-audio-omelia-vescico-lauro\/"},"modified":"2024-09-16T09:04:59","modified_gmt":"2024-09-16T07:04:59","slug":"anziani-in-pellegrinaggio-a-pine-su-invito-di-arcidiocesi-circoli-e-fap-acli-fotogallery-e-audio-omelia-vescico-lauro","status":"publish","type":"post","link":"https:\/\/www.diocesitn.it\/area-testimonianza\/2024\/09\/07\/anziani-in-pellegrinaggio-a-pine-su-invito-di-arcidiocesi-circoli-e-fap-acli-fotogallery-e-audio-omelia-vescico-lauro\/","title":{"rendered":"Anziani in pellegrinaggio a Pin\u00e9 su invito di Arcidiocesi, Circoli e Fap Acli (Fotogallery e audio omelia vescovo Lauro)"},"content":{"rendered":"\n\n\t\t<style type='text\/css'>\n\n\t\t\t\/* PhotoSwipe Plugin *\/\n\t\t\t.psgal {\n\t\t\t\tmargin: auto;\n\t\t\t\tpadding-bottom:40px;\n\n\t\t\t\t-webkit-transition: all 0.4s ease;\n\t\t\t\t-moz-transition: all 0.4s ease;\n\t\t\t\t-o-transition: all 0.4s ease;\n\t\t\t\ttransition: all 0.4s ease;\n\t\t\t}\n\n\t\t\t.psgal figure {\n\t\t\t\tfloat: left;\n\t\t\t\ttext-align: center;\n    \t\t\twidth: 200px;\n                max-width: 50%;\n\t\t\t\tpadding:5px;\n\t\t\t\tmargin: 0px;\n\t\t\t\tbox-sizing:border-box;\n\t\t\t}\n\t\t\t.psgal a{\n\t\t\t\tdisplay:block;\n\t\t\t}\n\t\t\t.psgal figure figcaption{\n\t\t\t\tfont-size:13px;\n\t\t\t}\n\n\t\t\t.msnry{\n\t\t\t\tmargin:auto;\n\t\t\t}\n\t\t\t.pswp__caption__center{\n\t\t\t\ttext-align: center;\n\t\t\t}\n\t\t\t\n\n\t\t\t.photoswipe-gallery-caption{\n\t\t\t\tdisplay:none;\n\t\t\t}\n\n\t\t\t\n\t\t<\/style> <div style=\"clear:both\"><\/div>\n\n\t\t<div id=\"psgal_15699_1\" class=\"ps-gallery psgal gallery-columns-3 gallery-size-thumbnail\" itemscope itemtype=\"http:\/\/schema.org\/ImageGallery\" >\n\t\t\t\t<figure class=\"msnry_item\" itemscope itemtype=\"http:\/\/schema.org\/ImageObject\">\n\t\t\t\t\t<a href=\"https:\/\/www.diocesitn.it\/area-testimonianza\/wp-content\/uploads\/sites\/37\/2024\/09\/90772249-0816-4e37-b452-e85f0d460537-1024x766.jpeg\"\n\t\t\t\t\titemprop=\"contentUrl\"\n\t\t\t\t\tdata-pswp-width=\"800\" \n\t\t\t\t    data-pswp-height=\"598\" \n\t\t\t\t    data-cropped=\"true\"\n\t\t\t\t\tdata-caption=\"\"\n\t\t\t\t\tclass=\"post-thumbnail-image-link container-fixed-aspect-ratio__16-9\">\n\t\t\t\t        <img src=https:\/\/www.diocesitn.it\/area-testimonianza\/wp-content\/uploads\/sites\/37\/2024\/09\/90772249-0816-4e37-b452-e85f0d460537-300x224.jpeg itemprop=\"thumbnail\" alt=\"\"  \/>\n\t\t\t\t    <\/a>\n\t\t\t\t    <figcaption class=\"photoswipe-gallery-caption\" ><\/figcaption>\n\t\t\t    <\/figure>\n\t\t\t\t\n\t\t\t\t<figure class=\"msnry_item\" itemscope itemtype=\"http:\/\/schema.org\/ImageObject\">\n\t\t\t\t\t<a href=\"https:\/\/www.diocesitn.it\/area-testimonianza\/wp-content\/uploads\/sites\/37\/2024\/09\/d9ae1daf-c811-47b2-ac88-876175fe4d39-1024x766.jpeg\"\n\t\t\t\t\titemprop=\"contentUrl\"\n\t\t\t\t\tdata-pswp-width=\"800\" \n\t\t\t\t    data-pswp-height=\"598\" \n\t\t\t\t    data-cropped=\"true\"\n\t\t\t\t\tdata-caption=\"\"\n\t\t\t\t\tclass=\"post-thumbnail-image-link container-fixed-aspect-ratio__16-9\">\n\t\t\t\t        <img src=https:\/\/www.diocesitn.it\/area-testimonianza\/wp-content\/uploads\/sites\/37\/2024\/09\/d9ae1daf-c811-47b2-ac88-876175fe4d39-300x224.jpeg itemprop=\"thumbnail\" alt=\"\"  \/>\n\t\t\t\t    <\/a>\n\t\t\t\t    <figcaption class=\"photoswipe-gallery-caption\" ><\/figcaption>\n\t\t\t    <\/figure>\n\t\t\t\t\n\t\t\t\t<figure class=\"msnry_item\" itemscope itemtype=\"http:\/\/schema.org\/ImageObject\">\n\t\t\t\t\t<a href=\"https:\/\/www.diocesitn.it\/area-testimonianza\/wp-content\/uploads\/sites\/37\/2024\/09\/1f72e600-3f19-4f33-9db4-9e36a41a4760-1024x766.jpeg\"\n\t\t\t\t\titemprop=\"contentUrl\"\n\t\t\t\t\tdata-pswp-width=\"800\" \n\t\t\t\t    data-pswp-height=\"598\" \n\t\t\t\t    data-cropped=\"true\"\n\t\t\t\t\tdata-caption=\"\"\n\t\t\t\t\tclass=\"post-thumbnail-image-link container-fixed-aspect-ratio__16-9\">\n\t\t\t\t        <img src=https:\/\/www.diocesitn.it\/area-testimonianza\/wp-content\/uploads\/sites\/37\/2024\/09\/1f72e600-3f19-4f33-9db4-9e36a41a4760-300x224.jpeg itemprop=\"thumbnail\" alt=\"\"  \/>\n\t\t\t\t    <\/a>\n\t\t\t\t    <figcaption class=\"photoswipe-gallery-caption\" ><\/figcaption>\n\t\t\t    <\/figure>\n\t\t\t\t\n\t\t\t\t<figure class=\"msnry_item\" itemscope itemtype=\"http:\/\/schema.org\/ImageObject\">\n\t\t\t\t\t<a href=\"https:\/\/www.diocesitn.it\/area-testimonianza\/wp-content\/uploads\/sites\/37\/2024\/09\/6012074d-237c-4805-8d7f-b6ed531e2c2b-1024x766.jpeg\"\n\t\t\t\t\titemprop=\"contentUrl\"\n\t\t\t\t\tdata-pswp-width=\"800\" \n\t\t\t\t    data-pswp-height=\"598\" \n\t\t\t\t    data-cropped=\"true\"\n\t\t\t\t\tdata-caption=\"\"\n\t\t\t\t\tclass=\"post-thumbnail-image-link container-fixed-aspect-ratio__16-9\">\n\t\t\t\t        <img src=https:\/\/www.diocesitn.it\/area-testimonianza\/wp-content\/uploads\/sites\/37\/2024\/09\/6012074d-237c-4805-8d7f-b6ed531e2c2b-300x224.jpeg itemprop=\"thumbnail\" alt=\"\"  \/>\n\t\t\t\t    <\/a>\n\t\t\t\t    <figcaption class=\"photoswipe-gallery-caption\" ><\/figcaption>\n\t\t\t    <\/figure>\n\t\t\t\t\n\t\t\t\t<figure class=\"msnry_item\" itemscope itemtype=\"http:\/\/schema.org\/ImageObject\">\n\t\t\t\t\t<a href=\"https:\/\/www.diocesitn.it\/area-testimonianza\/wp-content\/uploads\/sites\/37\/2024\/09\/bfb8a3aa-0bd9-4d4c-9359-9af407662a40-1024x766.jpeg\"\n\t\t\t\t\titemprop=\"contentUrl\"\n\t\t\t\t\tdata-pswp-width=\"800\" \n\t\t\t\t    data-pswp-height=\"598\" \n\t\t\t\t    data-cropped=\"true\"\n\t\t\t\t\tdata-caption=\"\"\n\t\t\t\t\tclass=\"post-thumbnail-image-link container-fixed-aspect-ratio__16-9\">\n\t\t\t\t        <img src=https:\/\/www.diocesitn.it\/area-testimonianza\/wp-content\/uploads\/sites\/37\/2024\/09\/bfb8a3aa-0bd9-4d4c-9359-9af407662a40-300x224.jpeg itemprop=\"thumbnail\" alt=\"\"  \/>\n\t\t\t\t    <\/a>\n\t\t\t\t    <figcaption class=\"photoswipe-gallery-caption\" ><\/figcaption>\n\t\t\t    <\/figure>\n\t\t\t\t\n\t\t\t\t<figure class=\"msnry_item\" itemscope itemtype=\"http:\/\/schema.org\/ImageObject\">\n\t\t\t\t\t<a href=\"https:\/\/www.diocesitn.it\/area-testimonianza\/wp-content\/uploads\/sites\/37\/2024\/09\/c2f5f19e-2844-4ecf-8d55-5c084b24f4b8-1024x766.jpeg\"\n\t\t\t\t\titemprop=\"contentUrl\"\n\t\t\t\t\tdata-pswp-width=\"800\" \n\t\t\t\t    data-pswp-height=\"598\" \n\t\t\t\t    data-cropped=\"true\"\n\t\t\t\t\tdata-caption=\"\"\n\t\t\t\t\tclass=\"post-thumbnail-image-link container-fixed-aspect-ratio__16-9\">\n\t\t\t\t        <img src=https:\/\/www.diocesitn.it\/area-testimonianza\/wp-content\/uploads\/sites\/37\/2024\/09\/c2f5f19e-2844-4ecf-8d55-5c084b24f4b8-300x224.jpeg itemprop=\"thumbnail\" alt=\"\"  \/>\n\t\t\t\t    <\/a>\n\t\t\t\t    <figcaption class=\"photoswipe-gallery-caption\" ><\/figcaption>\n\t\t\t    <\/figure>\n\t\t\t\t\n\t\t\t\t<figure class=\"msnry_item\" itemscope itemtype=\"http:\/\/schema.org\/ImageObject\">\n\t\t\t\t\t<a href=\"https:\/\/www.diocesitn.it\/area-testimonianza\/wp-content\/uploads\/sites\/37\/2024\/09\/cf3b87b7-ed8b-4528-b1b3-79af85d4a5a4-1024x766.jpeg\"\n\t\t\t\t\titemprop=\"contentUrl\"\n\t\t\t\t\tdata-pswp-width=\"800\" \n\t\t\t\t    data-pswp-height=\"598\" \n\t\t\t\t    data-cropped=\"true\"\n\t\t\t\t\tdata-caption=\"\"\n\t\t\t\t\tclass=\"post-thumbnail-image-link container-fixed-aspect-ratio__16-9\">\n\t\t\t\t        <img src=https:\/\/www.diocesitn.it\/area-testimonianza\/wp-content\/uploads\/sites\/37\/2024\/09\/cf3b87b7-ed8b-4528-b1b3-79af85d4a5a4-300x224.jpeg itemprop=\"thumbnail\" alt=\"\"  \/>\n\t\t\t\t    <\/a>\n\t\t\t\t    <figcaption class=\"photoswipe-gallery-caption\" ><\/figcaption>\n\t\t\t    <\/figure>\n\t\t\t\t\n\t\t\t\t<figure class=\"msnry_item\" itemscope itemtype=\"http:\/\/schema.org\/ImageObject\">\n\t\t\t\t\t<a href=\"https:\/\/www.diocesitn.it\/area-testimonianza\/wp-content\/uploads\/sites\/37\/2024\/09\/a90bef0f-a9a1-45fe-88b0-fb54696f2e4e-1024x766.jpeg\"\n\t\t\t\t\titemprop=\"contentUrl\"\n\t\t\t\t\tdata-pswp-width=\"800\" \n\t\t\t\t    data-pswp-height=\"598\" \n\t\t\t\t    data-cropped=\"true\"\n\t\t\t\t\tdata-caption=\"\"\n\t\t\t\t\tclass=\"post-thumbnail-image-link container-fixed-aspect-ratio__16-9\">\n\t\t\t\t        <img src=https:\/\/www.diocesitn.it\/area-testimonianza\/wp-content\/uploads\/sites\/37\/2024\/09\/a90bef0f-a9a1-45fe-88b0-fb54696f2e4e-300x224.jpeg itemprop=\"thumbnail\" alt=\"\"  \/>\n\t\t\t\t    <\/a>\n\t\t\t\t    <figcaption class=\"photoswipe-gallery-caption\" ><\/figcaption>\n\t\t\t    <\/figure>\n\t\t\t\t\n\t\t\t\t<figure class=\"msnry_item\" itemscope itemtype=\"http:\/\/schema.org\/ImageObject\">\n\t\t\t\t\t<a href=\"https:\/\/www.diocesitn.it\/area-testimonianza\/wp-content\/uploads\/sites\/37\/2024\/09\/19bae275-0c38-4fc3-9c46-c0fd4b1a08d0-e1725743751913.jpeg\"\n\t\t\t\t\titemprop=\"contentUrl\"\n\t\t\t\t\tdata-pswp-width=\"800\" \n\t\t\t\t    data-pswp-height=\"600\" \n\t\t\t\t    data-cropped=\"true\"\n\t\t\t\t\tdata-caption=\"\"\n\t\t\t\t\tclass=\"post-thumbnail-image-link container-fixed-aspect-ratio__16-9\">\n\t\t\t\t        <img src=https:\/\/www.diocesitn.it\/area-testimonianza\/wp-content\/uploads\/sites\/37\/2024\/09\/19bae275-0c38-4fc3-9c46-c0fd4b1a08d0-e1725743751913-300x225.jpeg itemprop=\"thumbnail\" alt=\"\"  \/>\n\t\t\t\t    <\/a>\n\t\t\t\t    <figcaption class=\"photoswipe-gallery-caption\" ><\/figcaption>\n\t\t\t    <\/figure>\n\t\t\t\t<\/div>\n\t\t<div style='clear:both'><\/div>\n\t\n<p><strong>Almeno cinquecento pensionati <\/strong>e <strong>anziani <\/strong>provenienti da tutto il Trentino sono stati protagonisti <strong>sabato 7 settembre <\/strong>del loro tradizionale <strong>pellegrinaggio <\/strong>alla <strong>Madonna di Pin\u00e8<\/strong>.<\/p>\n<p>L\u2019appuntamento era promosso dall\u2019<strong>Arcidiocesi di Trento<\/strong>, in collaborazione con il <strong>Coordinamento provinciale dei Circoli Pensionati e Anziani <\/strong>e<strong> Fap Acli <\/strong>(Federazione anziani e pensionati).<\/p>\n<p>Dopo la preghiera del Rosario, guidata dal rettore del santuario <strong>don Piero Rattin, \u00e8 <\/strong>stata celebrata la S. Messa presieduta dall\u2019<strong>arcivescovo Lauro Tisi<\/strong>.<\/p>\n<p>QUI OMELIA<\/p>\n<!--[if lt IE 9]><script>document.createElement('audio');<\/script><![endif]-->\n<audio class=\"wp-audio-shortcode\" id=\"audio-15699-1\" preload=\"none\" style=\"width: 100%;\" controls=\"controls\"><source type=\"audio\/mpeg\" src=\"https:\/\/www.diocesitn.it\/wp-content\/uploads\/sites\/37\/2024\/09\/AUDIO-2024-09-07-11-03-47.m4a?_=1\" \/><a href=\"https:\/\/www.diocesitn.it\/wp-content\/uploads\/sites\/37\/2024\/09\/AUDIO-2024-09-07-11-03-47.m4a\">https:\/\/www.diocesitn.it\/wp-content\/uploads\/sites\/37\/2024\/09\/AUDIO-2024-09-07-11-03-47.m4a<\/a><\/audio>\n<h4>Volontariato fonte di benessere<\/h4>\n<p>Nell\u2019anno di Trento (e del Trentino) capitale del volontariato, la riflessione che ha animato e motivato il pellegrinaggio di pensionati e anziani non poteva che avere a tema il volontariato, ben rappresentato, com\u2019\u00e8 noto, dalle persone della terza et\u00e0 e considerato in tutte le sue forme di impegno, sia materiali sia spirituali.<\/p>\n<p>Secondo le statistiche, pi\u00f9 dell\u2019<strong>11 per cento delle persone oltre i 65 anni fa volontariato in modo continuo e non occasionale<\/strong>, a fronte di una media nel resto della popolazione (adulta e giovane) che si attesta attorno al 9 per cento.<\/p>\n<p>Diversi studi \u2013 si legge del d\u00e9pliant distribuito a Pin\u00e8 \u2013 evidenziano una <strong>crescita in termini di benessere per gli anziani<\/strong> che svolgano attivit\u00e0 di volontariato, che \u00e8 quindi sicuramente da consigliare non solo per motivi di solidariet\u00e0 sociale e umana, ma anche per il riflesso benefico su chi la svolge in et\u00e0 anziana, perch\u00e9 aiuta ad invecchiare meglio.<\/p>\n<p><span style=\"font-size: inherit\">Prima della celebrazione, hanno preso la parola i responsabili delle realt\u00e0 promotrici: <\/span><strong style=\"font-size: inherit\">don Mauro Leonardelli<\/strong><span style=\"font-size: inherit\"> per Arcidiocesi (Area testimonianza), <\/span><strong style=\"font-size: inherit\">Tullio Cova<\/strong><span style=\"font-size: inherit\">, presidente del Coordinamento circoli anziani della Provincia e<\/span><strong style=\"font-size: inherit\"> Luisa Masera<\/strong><span style=\"font-size: inherit\">, presidente di Fap Acli.<\/span><\/p>\n<h4>Frutta e fiori in offerta<\/h4>\n<p>Al momento dell\u2019offertorio, Cova e Masera hanno portato all\u2019altare rispettivamente un <strong>cesto di frutta<\/strong> (per indicare la stagionalit\u00e0 dei prodotti della terra in parallelo alle stagioni della vita) e una <strong>composizione floreale<\/strong>, segno della bellezza che caratterizza ogni fase della vita, al di l\u00e0 della crescente fragilit\u00e0 con l\u2019avanzare dell\u2019et\u00e0. <strong>Silvio Magnini<\/strong>, in rappresentanza dei gruppi parrocchiali della pastorale anziani, ha portato invece alcune copie della Rivista \u201cVivere Insieme\u201d, apprezzato periodico di collegamento per gli anziani trentini, allegato al settimanale Vita Trentina con cadenza trimestrale.<\/p>\n<p>Il <strong>Coro <\/strong>di <strong>Santa Giuliana <\/strong>di Levico ha animato l\u2019intera celebrazione.<\/p>\n<p>&nbsp;<\/p>\n<p>&nbsp;<\/p>\n<p>&nbsp;<\/p>\n","protected":false},"excerpt":{"rendered":"<p>Almeno cinquecento pensionati e anziani provenienti da tutto il Trentino sono stati protagonisti sabato 7 settembre del loro tradizionale pellegrinaggio alla Madonna di Pin\u00e8. L\u2019appuntamento era promosso dall\u2019Arcidiocesi di Trento, in collaborazione con il Coordinamento<\/p>\n","protected":false},"author":3,"featured_media":15701,"comment_status":"closed","ping_status":"closed","sticky":false,"template":"","format":"standard","meta":{"footnotes":""},"categories":[1074,1102],"tags":[1455,2346,2004,1128,1420,1423],"class_list":["post-15699","post","type-post","status-publish","format-standard","has-post-thumbnail","hentry","category-notizie","category-servizio-salute-pellegrinaggi-anziani","tag-anziani","tag-circoli","tag-fap-acli","tag-pellegrinaggio","tag-pine","tag-vescovo-lauro"],"acf":{"seed-localization-paese-cod":"IT","seed-localization-address":"","seed-localization-citta":"Trento","seed-localization-regione-cod-istat":"04","seed-localization-citta-cod-istat":"022205","seed-localization-localita":"","seed-localization-cap":"","seed-localization-marker-visibility":false,"seed-localization-children-visibility":false,"seed-localization-kml":"","seed-localization-custom-marker":""},"yoast_head":"<!-- This site is optimized with the Yoast SEO Premium plugin v20.2.1 (Yoast SEO v22.2) - https:\/\/yoast.com\/wordpress\/plugins\/seo\/ -->\n<title>Pensionati e anziani sabato 7 settembre nel pellegrinaggio a Pin\u00e8<\/title>\n<meta name=\"description\" content=\"Pensionati e anziani sabato 7 settembre nel tradizionale pellegrinaggio alla Madonna di Pin\u00e8 con vescovo Lauro. Attese cinquecento persone.\" \/>\n<meta name=\"robots\" content=\"index, follow, max-snippet:-1, max-image-preview:large, max-video-preview:-1\" \/>\n<link rel=\"canonical\" href=\"https:\/\/www.diocesitn.it\/area-testimonianza\/2024\/09\/07\/anziani-in-pellegrinaggio-a-pine-su-invito-di-arcidiocesi-circoli-e-fap-acli-fotogallery-e-audio-omelia-vescico-lauro\/\" \/>\n<meta property=\"og:locale\" content=\"it_IT\" \/>\n<meta property=\"og:type\" content=\"article\" \/>\n<meta property=\"og:title\" content=\"Anziani in pellegrinaggio a Pin\u00e9 su invito di Arcidiocesi, Circoli e Fap Acli (Fotogallery e audio omelia vescovo Lauro)\" \/>\n<meta property=\"og:description\" content=\"Pensionati e anziani sabato 7 settembre nel tradizionale pellegrinaggio alla Madonna di Pin\u00e8 con vescovo Lauro. Attese cinquecento persone.\" \/>\n<meta property=\"og:url\" content=\"https:\/\/www.diocesitn.it\/area-testimonianza\/2024\/09\/07\/anziani-in-pellegrinaggio-a-pine-su-invito-di-arcidiocesi-circoli-e-fap-acli-fotogallery-e-audio-omelia-vescico-lauro\/\" \/>\n<meta property=\"og:site_name\" content=\"Testimonianza e Impegno sociale\" \/>\n<meta property=\"article:published_time\" content=\"2024-09-07T21:18:14+00:00\" \/>\n<meta property=\"article:modified_time\" content=\"2024-09-16T07:04:59+00:00\" \/>\n<meta property=\"og:image\" content=\"https:\/\/www.diocesitn.it\/area-testimonianza\/wp-content\/uploads\/sites\/37\/2024\/09\/19bae275-0c38-4fc3-9c46-c0fd4b1a08d0-e1725743751913.jpeg\" \/>\n\t<meta property=\"og:image:width\" content=\"900\" \/>\n\t<meta property=\"og:image:height\" content=\"675\" \/>\n\t<meta property=\"og:image:type\" content=\"image\/jpeg\" \/>\n<meta name=\"author\" content=\"Piergiorgio Franceschini\" \/>\n<meta name=\"twitter:card\" content=\"summary_large_image\" \/>\n<meta name=\"twitter:label1\" content=\"Scritto da\" \/>\n\t<meta name=\"twitter:data1\" content=\"Piergiorgio Franceschini\" \/>\n\t<meta name=\"twitter:label2\" content=\"Tempo di lettura stimato\" \/>\n\t<meta name=\"twitter:data2\" content=\"3 minuti\" \/>\n<script type=\"application\/ld+json\" class=\"yoast-schema-graph\">{\"@context\":\"https:\/\/schema.org\",\"@graph\":[{\"@type\":\"Article\",\"@id\":\"https:\/\/www.diocesitn.it\/area-testimonianza\/2024\/09\/07\/anziani-in-pellegrinaggio-a-pine-su-invito-di-arcidiocesi-circoli-e-fap-acli-fotogallery-e-audio-omelia-vescico-lauro\/#article\",\"isPartOf\":{\"@id\":\"https:\/\/www.diocesitn.it\/area-testimonianza\/2024\/09\/07\/anziani-in-pellegrinaggio-a-pine-su-invito-di-arcidiocesi-circoli-e-fap-acli-fotogallery-e-audio-omelia-vescico-lauro\/\"},\"author\":{\"name\":\"Piergiorgio Franceschini\",\"@id\":\"https:\/\/www.diocesitn.it\/area-testimonianza\/#\/schema\/person\/99590c84577873a025247b6aeb16ad2e\"},\"headline\":\"Anziani in pellegrinaggio a Pin\u00e9 su invito di Arcidiocesi, Circoli e Fap Acli (Fotogallery e audio omelia vescovo Lauro)\",\"datePublished\":\"2024-09-07T21:18:14+00:00\",\"dateModified\":\"2024-09-16T07:04:59+00:00\",\"mainEntityOfPage\":{\"@id\":\"https:\/\/www.diocesitn.it\/area-testimonianza\/2024\/09\/07\/anziani-in-pellegrinaggio-a-pine-su-invito-di-arcidiocesi-circoli-e-fap-acli-fotogallery-e-audio-omelia-vescico-lauro\/\"},\"wordCount\":411,\"publisher\":{\"@id\":\"https:\/\/www.diocesitn.it\/area-testimonianza\/#organization\"},\"image\":{\"@id\":\"https:\/\/www.diocesitn.it\/area-testimonianza\/2024\/09\/07\/anziani-in-pellegrinaggio-a-pine-su-invito-di-arcidiocesi-circoli-e-fap-acli-fotogallery-e-audio-omelia-vescico-lauro\/#primaryimage\"},\"thumbnailUrl\":\"https:\/\/www.diocesitn.it\/area-testimonianza\/wp-content\/uploads\/sites\/37\/2024\/09\/19bae275-0c38-4fc3-9c46-c0fd4b1a08d0-e1725743751913.jpeg\",\"keywords\":[\"anziani\",\"circoli\",\"fap acli\",\"pellegrinaggio\",\"Pin\u00e8\",\"vescovo Lauro\"],\"articleSection\":[\"Notizie\",\"Salute Pellegrinaggi Anziani\"],\"inLanguage\":\"it-IT\",\"copyrightYear\":\"2024\",\"copyrightHolder\":{\"@id\":\"https:\/\/www.diocesitn.it\/#organization\"}},{\"@type\":\"WebPage\",\"@id\":\"https:\/\/www.diocesitn.it\/area-testimonianza\/2024\/09\/07\/anziani-in-pellegrinaggio-a-pine-su-invito-di-arcidiocesi-circoli-e-fap-acli-fotogallery-e-audio-omelia-vescico-lauro\/\",\"url\":\"https:\/\/www.diocesitn.it\/area-testimonianza\/2024\/09\/07\/anziani-in-pellegrinaggio-a-pine-su-invito-di-arcidiocesi-circoli-e-fap-acli-fotogallery-e-audio-omelia-vescico-lauro\/\",\"name\":\"Pensionati e anziani sabato 7 settembre nel pellegrinaggio a Pin\u00e8\",\"isPartOf\":{\"@id\":\"https:\/\/www.diocesitn.it\/area-testimonianza\/#website\"},\"primaryImageOfPage\":{\"@id\":\"https:\/\/www.diocesitn.it\/area-testimonianza\/2024\/09\/07\/anziani-in-pellegrinaggio-a-pine-su-invito-di-arcidiocesi-circoli-e-fap-acli-fotogallery-e-audio-omelia-vescico-lauro\/#primaryimage\"},\"image\":{\"@id\":\"https:\/\/www.diocesitn.it\/area-testimonianza\/2024\/09\/07\/anziani-in-pellegrinaggio-a-pine-su-invito-di-arcidiocesi-circoli-e-fap-acli-fotogallery-e-audio-omelia-vescico-lauro\/#primaryimage\"},\"thumbnailUrl\":\"https:\/\/www.diocesitn.it\/area-testimonianza\/wp-content\/uploads\/sites\/37\/2024\/09\/19bae275-0c38-4fc3-9c46-c0fd4b1a08d0-e1725743751913.jpeg\",\"datePublished\":\"2024-09-07T21:18:14+00:00\",\"dateModified\":\"2024-09-16T07:04:59+00:00\",\"description\":\"Pensionati e anziani sabato 7 settembre nel tradizionale pellegrinaggio alla Madonna di Pin\u00e8 con vescovo Lauro. Attese cinquecento persone.\",\"breadcrumb\":{\"@id\":\"https:\/\/www.diocesitn.it\/area-testimonianza\/2024\/09\/07\/anziani-in-pellegrinaggio-a-pine-su-invito-di-arcidiocesi-circoli-e-fap-acli-fotogallery-e-audio-omelia-vescico-lauro\/#breadcrumb\"},\"inLanguage\":\"it-IT\",\"potentialAction\":[{\"@type\":\"ReadAction\",\"target\":[\"https:\/\/www.diocesitn.it\/area-testimonianza\/2024\/09\/07\/anziani-in-pellegrinaggio-a-pine-su-invito-di-arcidiocesi-circoli-e-fap-acli-fotogallery-e-audio-omelia-vescico-lauro\/\"]}]},{\"@type\":\"ImageObject\",\"inLanguage\":\"it-IT\",\"@id\":\"https:\/\/www.diocesitn.it\/area-testimonianza\/2024\/09\/07\/anziani-in-pellegrinaggio-a-pine-su-invito-di-arcidiocesi-circoli-e-fap-acli-fotogallery-e-audio-omelia-vescico-lauro\/#primaryimage\",\"url\":\"https:\/\/www.diocesitn.it\/area-testimonianza\/wp-content\/uploads\/sites\/37\/2024\/09\/19bae275-0c38-4fc3-9c46-c0fd4b1a08d0-e1725743751913.jpeg\",\"contentUrl\":\"https:\/\/www.diocesitn.it\/area-testimonianza\/wp-content\/uploads\/sites\/37\/2024\/09\/19bae275-0c38-4fc3-9c46-c0fd4b1a08d0-e1725743751913.jpeg\",\"width\":900,\"height\":675},{\"@type\":\"BreadcrumbList\",\"@id\":\"https:\/\/www.diocesitn.it\/area-testimonianza\/2024\/09\/07\/anziani-in-pellegrinaggio-a-pine-su-invito-di-arcidiocesi-circoli-e-fap-acli-fotogallery-e-audio-omelia-vescico-lauro\/#breadcrumb\",\"itemListElement\":[{\"@type\":\"ListItem\",\"position\":1,\"name\":\"Home\",\"item\":\"https:\/\/www.diocesitn.it\/area-testimonianza\/\"},{\"@type\":\"ListItem\",\"position\":2,\"name\":\"Anziani in pellegrinaggio a Pin\u00e9 su invito di Arcidiocesi, Circoli e Fap Acli (Fotogallery e audio omelia vescovo Lauro)\"}]},{\"@type\":\"WebSite\",\"@id\":\"https:\/\/www.diocesitn.it\/area-testimonianza\/#website\",\"url\":\"https:\/\/www.diocesitn.it\/area-testimonianza\/\",\"name\":\"Testimonianza e Impegno sociale\",\"description\":\"Chiesa di Trento\",\"publisher\":{\"@id\":\"https:\/\/www.diocesitn.it\/area-testimonianza\/#organization\"},\"potentialAction\":[{\"@type\":\"SearchAction\",\"target\":{\"@type\":\"EntryPoint\",\"urlTemplate\":\"https:\/\/www.diocesitn.it\/area-testimonianza\/?s={search_term_string}\"},\"query-input\":\"required name=search_term_string\"}],\"inLanguage\":\"it-IT\"},{\"@type\":[\"Organization\",\"Place\"],\"@id\":\"https:\/\/www.diocesitn.it\/area-testimonianza\/#organization\",\"name\":\"Area Testimonianza e Impegno Sociale - Chiesa di Trento\",\"url\":\"https:\/\/www.diocesitn.it\/area-testimonianza\/\",\"logo\":{\"@id\":\"https:\/\/www.diocesitn.it\/area-testimonianza\/2024\/09\/07\/anziani-in-pellegrinaggio-a-pine-su-invito-di-arcidiocesi-circoli-e-fap-acli-fotogallery-e-audio-omelia-vescico-lauro\/#local-main-organization-logo\"},\"image\":{\"@id\":\"https:\/\/www.diocesitn.it\/area-testimonianza\/2024\/09\/07\/anziani-in-pellegrinaggio-a-pine-su-invito-di-arcidiocesi-circoli-e-fap-acli-fotogallery-e-audio-omelia-vescico-lauro\/#local-main-organization-logo\"},\"openingHoursSpecification\":[{\"@type\":\"OpeningHoursSpecification\",\"dayOfWeek\":[\"Monday\",\"Tuesday\",\"Wednesday\",\"Thursday\",\"Friday\",\"Saturday\",\"Sunday\"],\"opens\":\"09:00\",\"closes\":\"17:00\"}]},{\"@type\":\"ImageObject\",\"inLanguage\":\"it-IT\",\"@id\":\"https:\/\/www.diocesitn.it\/area-testimonianza\/2024\/09\/07\/anziani-in-pellegrinaggio-a-pine-su-invito-di-arcidiocesi-circoli-e-fap-acli-fotogallery-e-audio-omelia-vescico-lauro\/#local-main-organization-logo\",\"url\":\"https:\/\/www.diocesitn.it\/area-testimonianza\/wp-content\/uploads\/sites\/37\/2021\/09\/og-logo-testimonianza-e-impegno-sociale.jpg\",\"contentUrl\":\"https:\/\/www.diocesitn.it\/area-testimonianza\/wp-content\/uploads\/sites\/37\/2021\/09\/og-logo-testimonianza-e-impegno-sociale.jpg\",\"width\":1200,\"height\":630,\"caption\":\"Area Testimonianza e Impegno Sociale - Chiesa di Trento\"}]}<\/script>\n<!-- \/ Yoast SEO Premium plugin. -->","yoast_head_json":{"title":"Pensionati e anziani sabato 7 settembre nel pellegrinaggio a Pin\u00e8","description":"Pensionati e anziani sabato 7 settembre nel tradizionale pellegrinaggio alla Madonna di Pin\u00e8 con vescovo Lauro. Attese cinquecento persone.","robots":{"index":"index","follow":"follow","max-snippet":"max-snippet:-1","max-image-preview":"max-image-preview:large","max-video-preview":"max-video-preview:-1"},"canonical":"https:\/\/www.diocesitn.it\/area-testimonianza\/2024\/09\/07\/anziani-in-pellegrinaggio-a-pine-su-invito-di-arcidiocesi-circoli-e-fap-acli-fotogallery-e-audio-omelia-vescico-lauro\/","og_locale":"it_IT","og_type":"article","og_title":"Anziani in pellegrinaggio a Pin\u00e9 su invito di Arcidiocesi, Circoli e Fap Acli (Fotogallery e audio omelia vescovo Lauro)","og_description":"Pensionati e anziani sabato 7 settembre nel tradizionale pellegrinaggio alla Madonna di Pin\u00e8 con vescovo Lauro. Attese cinquecento persone.","og_url":"https:\/\/www.diocesitn.it\/area-testimonianza\/2024\/09\/07\/anziani-in-pellegrinaggio-a-pine-su-invito-di-arcidiocesi-circoli-e-fap-acli-fotogallery-e-audio-omelia-vescico-lauro\/","og_site_name":"Testimonianza e Impegno sociale","article_published_time":"2024-09-07T21:18:14+00:00","article_modified_time":"2024-09-16T07:04:59+00:00","og_image":[{"width":900,"height":675,"url":"https:\/\/www.diocesitn.it\/area-testimonianza\/wp-content\/uploads\/sites\/37\/2024\/09\/19bae275-0c38-4fc3-9c46-c0fd4b1a08d0-e1725743751913.jpeg","type":"image\/jpeg"}],"author":"Piergiorgio Franceschini","twitter_card":"summary_large_image","twitter_misc":{"Scritto da":"Piergiorgio Franceschini","Tempo di lettura stimato":"3 minuti"},"schema":{"@context":"https:\/\/schema.org","@graph":[{"@type":"Article","@id":"https:\/\/www.diocesitn.it\/area-testimonianza\/2024\/09\/07\/anziani-in-pellegrinaggio-a-pine-su-invito-di-arcidiocesi-circoli-e-fap-acli-fotogallery-e-audio-omelia-vescico-lauro\/#article","isPartOf":{"@id":"https:\/\/www.diocesitn.it\/area-testimonianza\/2024\/09\/07\/anziani-in-pellegrinaggio-a-pine-su-invito-di-arcidiocesi-circoli-e-fap-acli-fotogallery-e-audio-omelia-vescico-lauro\/"},"author":{"name":"Piergiorgio Franceschini","@id":"https:\/\/www.diocesitn.it\/area-testimonianza\/#\/schema\/person\/99590c84577873a025247b6aeb16ad2e"},"headline":"Anziani in pellegrinaggio a Pin\u00e9 su invito di Arcidiocesi, Circoli e Fap Acli (Fotogallery e audio omelia vescovo Lauro)","datePublished":"2024-09-07T21:18:14+00:00","dateModified":"2024-09-16T07:04:59+00:00","mainEntityOfPage":{"@id":"https:\/\/www.diocesitn.it\/area-testimonianza\/2024\/09\/07\/anziani-in-pellegrinaggio-a-pine-su-invito-di-arcidiocesi-circoli-e-fap-acli-fotogallery-e-audio-omelia-vescico-lauro\/"},"wordCount":411,"publisher":{"@id":"https:\/\/www.diocesitn.it\/area-testimonianza\/#organization"},"image":{"@id":"https:\/\/www.diocesitn.it\/area-testimonianza\/2024\/09\/07\/anziani-in-pellegrinaggio-a-pine-su-invito-di-arcidiocesi-circoli-e-fap-acli-fotogallery-e-audio-omelia-vescico-lauro\/#primaryimage"},"thumbnailUrl":"https:\/\/www.diocesitn.it\/area-testimonianza\/wp-content\/uploads\/sites\/37\/2024\/09\/19bae275-0c38-4fc3-9c46-c0fd4b1a08d0-e1725743751913.jpeg","keywords":["anziani","circoli","fap acli","pellegrinaggio","Pin\u00e8","vescovo Lauro"],"articleSection":["Notizie","Salute Pellegrinaggi Anziani"],"inLanguage":"it-IT","copyrightYear":"2024","copyrightHolder":{"@id":"https:\/\/www.diocesitn.it\/#organization"}},{"@type":"WebPage","@id":"https:\/\/www.diocesitn.it\/area-testimonianza\/2024\/09\/07\/anziani-in-pellegrinaggio-a-pine-su-invito-di-arcidiocesi-circoli-e-fap-acli-fotogallery-e-audio-omelia-vescico-lauro\/","url":"https:\/\/www.diocesitn.it\/area-testimonianza\/2024\/09\/07\/anziani-in-pellegrinaggio-a-pine-su-invito-di-arcidiocesi-circoli-e-fap-acli-fotogallery-e-audio-omelia-vescico-lauro\/","name":"Pensionati e anziani sabato 7 settembre nel pellegrinaggio a Pin\u00e8","isPartOf":{"@id":"https:\/\/www.diocesitn.it\/area-testimonianza\/#website"},"primaryImageOfPage":{"@id":"https:\/\/www.diocesitn.it\/area-testimonianza\/2024\/09\/07\/anziani-in-pellegrinaggio-a-pine-su-invito-di-arcidiocesi-circoli-e-fap-acli-fotogallery-e-audio-omelia-vescico-lauro\/#primaryimage"},"image":{"@id":"https:\/\/www.diocesitn.it\/area-testimonianza\/2024\/09\/07\/anziani-in-pellegrinaggio-a-pine-su-invito-di-arcidiocesi-circoli-e-fap-acli-fotogallery-e-audio-omelia-vescico-lauro\/#primaryimage"},"thumbnailUrl":"https:\/\/www.diocesitn.it\/area-testimonianza\/wp-content\/uploads\/sites\/37\/2024\/09\/19bae275-0c38-4fc3-9c46-c0fd4b1a08d0-e1725743751913.jpeg","datePublished":"2024-09-07T21:18:14+00:00","dateModified":"2024-09-16T07:04:59+00:00","description":"Pensionati e anziani sabato 7 settembre nel tradizionale pellegrinaggio alla Madonna di Pin\u00e8 con vescovo Lauro. Attese cinquecento persone.","breadcrumb":{"@id":"https:\/\/www.diocesitn.it\/area-testimonianza\/2024\/09\/07\/anziani-in-pellegrinaggio-a-pine-su-invito-di-arcidiocesi-circoli-e-fap-acli-fotogallery-e-audio-omelia-vescico-lauro\/#breadcrumb"},"inLanguage":"it-IT","potentialAction":[{"@type":"ReadAction","target":["https:\/\/www.diocesitn.it\/area-testimonianza\/2024\/09\/07\/anziani-in-pellegrinaggio-a-pine-su-invito-di-arcidiocesi-circoli-e-fap-acli-fotogallery-e-audio-omelia-vescico-lauro\/"]}]},{"@type":"ImageObject","inLanguage":"it-IT","@id":"https:\/\/www.diocesitn.it\/area-testimonianza\/2024\/09\/07\/anziani-in-pellegrinaggio-a-pine-su-invito-di-arcidiocesi-circoli-e-fap-acli-fotogallery-e-audio-omelia-vescico-lauro\/#primaryimage","url":"https:\/\/www.diocesitn.it\/area-testimonianza\/wp-content\/uploads\/sites\/37\/2024\/09\/19bae275-0c38-4fc3-9c46-c0fd4b1a08d0-e1725743751913.jpeg","contentUrl":"https:\/\/www.diocesitn.it\/area-testimonianza\/wp-content\/uploads\/sites\/37\/2024\/09\/19bae275-0c38-4fc3-9c46-c0fd4b1a08d0-e1725743751913.jpeg","width":900,"height":675},{"@type":"BreadcrumbList","@id":"https:\/\/www.diocesitn.it\/area-testimonianza\/2024\/09\/07\/anziani-in-pellegrinaggio-a-pine-su-invito-di-arcidiocesi-circoli-e-fap-acli-fotogallery-e-audio-omelia-vescico-lauro\/#breadcrumb","itemListElement":[{"@type":"ListItem","position":1,"name":"Home","item":"https:\/\/www.diocesitn.it\/area-testimonianza\/"},{"@type":"ListItem","position":2,"name":"Anziani in pellegrinaggio a Pin\u00e9 su invito di Arcidiocesi, Circoli e Fap Acli (Fotogallery e audio omelia vescovo Lauro)"}]},{"@type":"WebSite","@id":"https:\/\/www.diocesitn.it\/area-testimonianza\/#website","url":"https:\/\/www.diocesitn.it\/area-testimonianza\/","name":"Testimonianza e Impegno sociale","description":"Chiesa di Trento","publisher":{"@id":"https:\/\/www.diocesitn.it\/area-testimonianza\/#organization"},"potentialAction":[{"@type":"SearchAction","target":{"@type":"EntryPoint","urlTemplate":"https:\/\/www.diocesitn.it\/area-testimonianza\/?s={search_term_string}"},"query-input":"required name=search_term_string"}],"inLanguage":"it-IT"},{"@type":["Organization","Place"],"@id":"https:\/\/www.diocesitn.it\/area-testimonianza\/#organization","name":"Area Testimonianza e Impegno Sociale - Chiesa di Trento","url":"https:\/\/www.diocesitn.it\/area-testimonianza\/","logo":{"@id":"https:\/\/www.diocesitn.it\/area-testimonianza\/2024\/09\/07\/anziani-in-pellegrinaggio-a-pine-su-invito-di-arcidiocesi-circoli-e-fap-acli-fotogallery-e-audio-omelia-vescico-lauro\/#local-main-organization-logo"},"image":{"@id":"https:\/\/www.diocesitn.it\/area-testimonianza\/2024\/09\/07\/anziani-in-pellegrinaggio-a-pine-su-invito-di-arcidiocesi-circoli-e-fap-acli-fotogallery-e-audio-omelia-vescico-lauro\/#local-main-organization-logo"},"openingHoursSpecification":[{"@type":"OpeningHoursSpecification","dayOfWeek":["Monday","Tuesday","Wednesday","Thursday","Friday","Saturday","Sunday"],"opens":"09:00","closes":"17:00"}]},{"@type":"ImageObject","inLanguage":"it-IT","@id":"https:\/\/www.diocesitn.it\/area-testimonianza\/2024\/09\/07\/anziani-in-pellegrinaggio-a-pine-su-invito-di-arcidiocesi-circoli-e-fap-acli-fotogallery-e-audio-omelia-vescico-lauro\/#local-main-organization-logo","url":"https:\/\/www.diocesitn.it\/area-testimonianza\/wp-content\/uploads\/sites\/37\/2021\/09\/og-logo-testimonianza-e-impegno-sociale.jpg","contentUrl":"https:\/\/www.diocesitn.it\/area-testimonianza\/wp-content\/uploads\/sites\/37\/2021\/09\/og-logo-testimonianza-e-impegno-sociale.jpg","width":1200,"height":630,"caption":"Area Testimonianza e Impegno Sociale - Chiesa di Trento"}]}},"_links":{"self":[{"href":"https:\/\/www.diocesitn.it\/area-testimonianza\/wp-json\/wp\/v2\/posts\/15699","targetHints":{"allow":["GET"]}}],"collection":[{"href":"https:\/\/www.diocesitn.it\/area-testimonianza\/wp-json\/wp\/v2\/posts"}],"about":[{"href":"https:\/\/www.diocesitn.it\/area-testimonianza\/wp-json\/wp\/v2\/types\/post"}],"author":[{"embeddable":true,"href":"https:\/\/www.diocesitn.it\/area-testimonianza\/wp-json\/wp\/v2\/users\/3"}],"replies":[{"embeddable":true,"href":"https:\/\/www.diocesitn.it\/area-testimonianza\/wp-json\/wp\/v2\/comments?post=15699"}],"version-history":[{"count":1,"href":"https:\/\/www.diocesitn.it\/area-testimonianza\/wp-json\/wp\/v2\/posts\/15699\/revisions"}],"predecessor-version":[{"id":15710,"href":"https:\/\/www.diocesitn.it\/area-testimonianza\/wp-json\/wp\/v2\/posts\/15699\/revisions\/15710"}],"wp:featuredmedia":[{"embeddable":true,"href":"https:\/\/www.diocesitn.it\/area-testimonianza\/wp-json\/wp\/v2\/media\/15701"}],"wp:attachment":[{"href":"https:\/\/www.diocesitn.it\/area-testimonianza\/wp-json\/wp\/v2\/media?parent=15699"}],"wp:term":[{"taxonomy":"category","embeddable":true,"href":"https:\/\/www.diocesitn.it\/area-testimonianza\/wp-json\/wp\/v2\/categories?post=15699"},{"taxonomy":"post_tag","embeddable":true,"href":"https:\/\/www.diocesitn.it\/area-testimonianza\/wp-json\/wp\/v2\/tags?post=15699"}],"curies":[{"name":"wp","href":"https:\/\/api.w.org\/{rel}","templated":true}]}}