{"id":15695,"date":"2024-09-07T23:47:44","date_gmt":"2024-09-07T21:47:44","guid":{"rendered":"https:\/\/www.diocesitn.it\/area-testimonianza\/2024\/09\/07\/veglia-per-la-pace-in-cattedrale-a-trento-giovedi-12-settembre-linvito-della-diocesi-diretta-streaming-e-tv\/"},"modified":"2024-09-16T09:13:00","modified_gmt":"2024-09-16T07:13:00","slug":"veglia-per-la-pace-in-cattedrale-a-trento-giovedi-12-settembre-linvito-della-diocesi-diretta-streaming-e-tv","status":"publish","type":"post","link":"https:\/\/www.diocesitn.it\/area-testimonianza\/2024\/09\/07\/veglia-per-la-pace-in-cattedrale-a-trento-giovedi-12-settembre-linvito-della-diocesi-diretta-streaming-e-tv\/","title":{"rendered":"Veglia per la pace in cattedrale a Trento gioved\u00ec 12 settembre. L\u2019appello ecumenico della Diocesi. Diretta streaming e tv"},"content":{"rendered":"<p>La <strong>Chiesa di Trento<\/strong> invita tutti a invocare <strong>pace e perdono<\/strong> per <strong>ogni conflitto<\/strong> in corso nel mondo. \u00c8 quanto accadr\u00e0 in particolare nella <strong>Veglia<\/strong> in programma <strong>gioved\u00ec 12 settembre<\/strong> alle <strong>ore 20.30<\/strong> in cattedrale a Trento.<br \/>\nUn appello a camminare \u201c<strong>Insieme sulla via della pace<\/strong>\u201d, come recita il titolo dell&#8217;iniziativa, affidandosi alla forza della preghiera condivisa. La Veglia, guidata dall&#8217;arcivescovo Lauro Tisi, vedr\u00e0 anche la partecipazione di rappresentanti di altre confessioni, riuniti del <strong>Consiglio di Chiese Cristiane<\/strong> di Trento.<\/p>\n<p>Sullo sfondo, gli appelli costanti di <strong>papa Francesco<\/strong> che pi\u00f9 volte ha denunciato una &#8220;terza guerra mondiale a pezzi&#8221; che caratterizza ormai un &#8220;vero e proprio conflitto globale\u201d, come ricordava a gennaio 2024 nel tradizionale discorso di inizio anno al Corpo diplomatico.<\/p>\n<p>Nella Veglia di gioved\u00ec 12 sar\u00e0 ricordata la guerra su larga scala scatenata <strong>dall&#8217;invasione russa dell\u2019Ucraina e il conflitto infinito tra Israele e Palestina<\/strong>, che rischia di allargarsi a tutto lo scacchiere mediorientale.<br \/>\nMa nella preghiera in cattedrale passerano idealmente davanti agli occhi le immagini dei <b>56 conflitti attivi nel mondo<\/b>, come registra l\u2019edizione 2024 del Global peace index e come raccontano anche molti missionari trentini impegnati negli scenari pi\u00f9 problematici. Si tratta del numero pi\u00f9 alto mai registrato dalla fine della Seconda guerra mondiale.<\/p>\n<p>La Veglia potr\u00e0 essere seguita <b>in diretta <\/b>anche sul canale YouTube della Diocesi e su Telepace Trento (canale 12).<\/p>\n<p>&nbsp;<\/p>\n<p><img loading=\"lazy\" decoding=\"async\" class=\"alignnone wp-image-15696 size-medium\" src=\"https:\/\/www.diocesitn.it\/wp-content\/uploads\/sites\/37\/2024\/09\/veglia-pace-settembre-2024-1-212x300.jpg\" alt=\"\" width=\"212\" height=\"300\" srcset=\"https:\/\/www.diocesitn.it\/area-testimonianza\/wp-content\/uploads\/sites\/37\/2024\/09\/veglia-pace-settembre-2024-1-212x300.jpg 212w, https:\/\/www.diocesitn.it\/area-testimonianza\/wp-content\/uploads\/sites\/37\/2024\/09\/veglia-pace-settembre-2024-1-724x1024.jpg 724w, https:\/\/www.diocesitn.it\/area-testimonianza\/wp-content\/uploads\/sites\/37\/2024\/09\/veglia-pace-settembre-2024-1-768x1086.jpg 768w, https:\/\/www.diocesitn.it\/area-testimonianza\/wp-content\/uploads\/sites\/37\/2024\/09\/veglia-pace-settembre-2024-1-198x280.jpg 198w, https:\/\/www.diocesitn.it\/area-testimonianza\/wp-content\/uploads\/sites\/37\/2024\/09\/veglia-pace-settembre-2024-1-543x768.jpg 543w, https:\/\/www.diocesitn.it\/area-testimonianza\/wp-content\/uploads\/sites\/37\/2024\/09\/veglia-pace-settembre-2024-1-1086x1536.jpg 1086w, https:\/\/www.diocesitn.it\/area-testimonianza\/wp-content\/uploads\/sites\/37\/2024\/09\/veglia-pace-settembre-2024-1-800x1132.jpg 800w, https:\/\/www.diocesitn.it\/area-testimonianza\/wp-content\/uploads\/sites\/37\/2024\/09\/veglia-pace-settembre-2024-1-1200x1697.jpg 1200w, https:\/\/www.diocesitn.it\/area-testimonianza\/wp-content\/uploads\/sites\/37\/2024\/09\/veglia-pace-settembre-2024-1.jpg 1414w\" sizes=\"auto, (max-width: 212px) 100vw, 212px\" \/><\/p>\n<p>&nbsp;<\/p>\n","protected":false},"excerpt":{"rendered":"<p>La Chiesa di Trento invita tutti a invocare pace e perdono per ogni conflitto in corso nel mondo. \u00c8 quanto accadr\u00e0 in particolare nella Veglia in programma gioved\u00ec 12 settembre alle ore 20.30 in cattedrale<\/p>\n","protected":false},"author":3,"featured_media":15697,"comment_status":"closed","ping_status":"closed","sticky":false,"template":"","format":"standard","meta":{"footnotes":""},"categories":[1130,1074],"tags":[1653],"class_list":["post-15695","post","type-post","status-publish","format-standard","has-post-thumbnail","hentry","category-servizio-ecumenismo-e-dialogo","category-notizie","tag-arcivescovo-lauro"],"acf":{"seed-localization-paese-cod":"IT","seed-localization-address":"","seed-localization-citta":"Trento","seed-localization-regione-cod-istat":"04","seed-localization-citta-cod-istat":"022205","seed-localization-localita":"","seed-localization-cap":"","seed-localization-marker-visibility":false,"seed-localization-children-visibility":false,"seed-localization-kml":"","seed-localization-custom-marker":""},"yoast_head":"<!-- This site is optimized with the Yoast SEO Premium plugin v20.2.1 (Yoast SEO v22.2) - https:\/\/yoast.com\/wordpress\/plugins\/seo\/ -->\n<title>Veglia per pace cattedrale trento 12 settembre<\/title>\n<meta name=\"description\" content=\"Veglia per la pace in cattedrale a trento gioved\u00ec 12 settembre con vescovo Lauro e Consiglio di Chiese cristiane di Trento\" \/>\n<meta name=\"robots\" content=\"index, follow, max-snippet:-1, max-image-preview:large, max-video-preview:-1\" \/>\n<link rel=\"canonical\" href=\"https:\/\/www.diocesitn.it\/area-testimonianza\/2024\/09\/07\/veglia-per-la-pace-in-cattedrale-a-trento-giovedi-12-settembre-linvito-della-diocesi-diretta-streaming-e-tv\/\" \/>\n<meta property=\"og:locale\" content=\"it_IT\" \/>\n<meta property=\"og:type\" content=\"article\" \/>\n<meta property=\"og:title\" content=\"Veglia per la pace in cattedrale a Trento gioved\u00ec 12 settembre. L\u2019appello ecumenico della Diocesi. Diretta streaming e tv\" \/>\n<meta property=\"og:description\" content=\"Veglia per la pace in cattedrale a trento gioved\u00ec 12 settembre con vescovo Lauro e Consiglio di Chiese cristiane di Trento\" \/>\n<meta property=\"og:url\" content=\"https:\/\/www.diocesitn.it\/area-testimonianza\/2024\/09\/07\/veglia-per-la-pace-in-cattedrale-a-trento-giovedi-12-settembre-linvito-della-diocesi-diretta-streaming-e-tv\/\" \/>\n<meta property=\"og:site_name\" content=\"Testimonianza e Impegno sociale\" \/>\n<meta property=\"article:published_time\" content=\"2024-09-07T21:47:44+00:00\" \/>\n<meta property=\"article:modified_time\" content=\"2024-09-16T07:13:00+00:00\" \/>\n<meta property=\"og:image\" content=\"https:\/\/www.diocesitn.it\/area-testimonianza\/wp-content\/uploads\/sites\/37\/2024\/09\/veglia_pace_16ott23-scaled-e1697533018268.jpg\" \/>\n\t<meta property=\"og:image:width\" content=\"900\" \/>\n\t<meta property=\"og:image:height\" content=\"675\" \/>\n\t<meta property=\"og:image:type\" content=\"image\/jpeg\" \/>\n<meta name=\"author\" content=\"Piergiorgio Franceschini\" \/>\n<meta name=\"twitter:card\" content=\"summary_large_image\" \/>\n<meta name=\"twitter:label1\" content=\"Scritto da\" \/>\n\t<meta name=\"twitter:data1\" content=\"Piergiorgio Franceschini\" \/>\n\t<meta name=\"twitter:label2\" content=\"Tempo di lettura stimato\" \/>\n\t<meta name=\"twitter:data2\" content=\"2 minuti\" \/>\n<script type=\"application\/ld+json\" class=\"yoast-schema-graph\">{\"@context\":\"https:\/\/schema.org\",\"@graph\":[{\"@type\":\"Article\",\"@id\":\"https:\/\/www.diocesitn.it\/area-testimonianza\/2024\/09\/07\/veglia-per-la-pace-in-cattedrale-a-trento-giovedi-12-settembre-linvito-della-diocesi-diretta-streaming-e-tv\/#article\",\"isPartOf\":{\"@id\":\"https:\/\/www.diocesitn.it\/area-testimonianza\/2024\/09\/07\/veglia-per-la-pace-in-cattedrale-a-trento-giovedi-12-settembre-linvito-della-diocesi-diretta-streaming-e-tv\/\"},\"author\":{\"name\":\"Piergiorgio Franceschini\",\"@id\":\"https:\/\/www.diocesitn.it\/area-testimonianza\/#\/schema\/person\/99590c84577873a025247b6aeb16ad2e\"},\"headline\":\"Veglia per la pace in cattedrale a Trento gioved\u00ec 12 settembre. L\u2019appello ecumenico della Diocesi. Diretta streaming e tv\",\"datePublished\":\"2024-09-07T21:47:44+00:00\",\"dateModified\":\"2024-09-16T07:13:00+00:00\",\"mainEntityOfPage\":{\"@id\":\"https:\/\/www.diocesitn.it\/area-testimonianza\/2024\/09\/07\/veglia-per-la-pace-in-cattedrale-a-trento-giovedi-12-settembre-linvito-della-diocesi-diretta-streaming-e-tv\/\"},\"wordCount\":241,\"publisher\":{\"@id\":\"https:\/\/www.diocesitn.it\/area-testimonianza\/#organization\"},\"image\":{\"@id\":\"https:\/\/www.diocesitn.it\/area-testimonianza\/2024\/09\/07\/veglia-per-la-pace-in-cattedrale-a-trento-giovedi-12-settembre-linvito-della-diocesi-diretta-streaming-e-tv\/#primaryimage\"},\"thumbnailUrl\":\"https:\/\/www.diocesitn.it\/area-testimonianza\/wp-content\/uploads\/sites\/37\/2024\/09\/veglia_pace_16ott23-scaled-e1697533018268.jpg\",\"keywords\":[\"arcivescovo Lauro\"],\"articleSection\":[\"Ecumenismo e Dialogo interreligioso\",\"Notizie\"],\"inLanguage\":\"it-IT\",\"copyrightYear\":\"2024\",\"copyrightHolder\":{\"@id\":\"https:\/\/www.diocesitn.it\/#organization\"}},{\"@type\":\"WebPage\",\"@id\":\"https:\/\/www.diocesitn.it\/area-testimonianza\/2024\/09\/07\/veglia-per-la-pace-in-cattedrale-a-trento-giovedi-12-settembre-linvito-della-diocesi-diretta-streaming-e-tv\/\",\"url\":\"https:\/\/www.diocesitn.it\/area-testimonianza\/2024\/09\/07\/veglia-per-la-pace-in-cattedrale-a-trento-giovedi-12-settembre-linvito-della-diocesi-diretta-streaming-e-tv\/\",\"name\":\"Veglia per pace cattedrale trento 12 settembre\",\"isPartOf\":{\"@id\":\"https:\/\/www.diocesitn.it\/area-testimonianza\/#website\"},\"primaryImageOfPage\":{\"@id\":\"https:\/\/www.diocesitn.it\/area-testimonianza\/2024\/09\/07\/veglia-per-la-pace-in-cattedrale-a-trento-giovedi-12-settembre-linvito-della-diocesi-diretta-streaming-e-tv\/#primaryimage\"},\"image\":{\"@id\":\"https:\/\/www.diocesitn.it\/area-testimonianza\/2024\/09\/07\/veglia-per-la-pace-in-cattedrale-a-trento-giovedi-12-settembre-linvito-della-diocesi-diretta-streaming-e-tv\/#primaryimage\"},\"thumbnailUrl\":\"https:\/\/www.diocesitn.it\/area-testimonianza\/wp-content\/uploads\/sites\/37\/2024\/09\/veglia_pace_16ott23-scaled-e1697533018268.jpg\",\"datePublished\":\"2024-09-07T21:47:44+00:00\",\"dateModified\":\"2024-09-16T07:13:00+00:00\",\"description\":\"Veglia per la pace in cattedrale a trento gioved\u00ec 12 settembre con vescovo Lauro e Consiglio di Chiese cristiane di Trento\",\"breadcrumb\":{\"@id\":\"https:\/\/www.diocesitn.it\/area-testimonianza\/2024\/09\/07\/veglia-per-la-pace-in-cattedrale-a-trento-giovedi-12-settembre-linvito-della-diocesi-diretta-streaming-e-tv\/#breadcrumb\"},\"inLanguage\":\"it-IT\",\"potentialAction\":[{\"@type\":\"ReadAction\",\"target\":[\"https:\/\/www.diocesitn.it\/area-testimonianza\/2024\/09\/07\/veglia-per-la-pace-in-cattedrale-a-trento-giovedi-12-settembre-linvito-della-diocesi-diretta-streaming-e-tv\/\"]}]},{\"@type\":\"ImageObject\",\"inLanguage\":\"it-IT\",\"@id\":\"https:\/\/www.diocesitn.it\/area-testimonianza\/2024\/09\/07\/veglia-per-la-pace-in-cattedrale-a-trento-giovedi-12-settembre-linvito-della-diocesi-diretta-streaming-e-tv\/#primaryimage\",\"url\":\"https:\/\/www.diocesitn.it\/area-testimonianza\/wp-content\/uploads\/sites\/37\/2024\/09\/veglia_pace_16ott23-scaled-e1697533018268.jpg\",\"contentUrl\":\"https:\/\/www.diocesitn.it\/area-testimonianza\/wp-content\/uploads\/sites\/37\/2024\/09\/veglia_pace_16ott23-scaled-e1697533018268.jpg\",\"width\":900,\"height\":675},{\"@type\":\"BreadcrumbList\",\"@id\":\"https:\/\/www.diocesitn.it\/area-testimonianza\/2024\/09\/07\/veglia-per-la-pace-in-cattedrale-a-trento-giovedi-12-settembre-linvito-della-diocesi-diretta-streaming-e-tv\/#breadcrumb\",\"itemListElement\":[{\"@type\":\"ListItem\",\"position\":1,\"name\":\"Home\",\"item\":\"https:\/\/www.diocesitn.it\/area-testimonianza\/\"},{\"@type\":\"ListItem\",\"position\":2,\"name\":\"Veglia per la pace in cattedrale a Trento gioved\u00ec 12 settembre. L\u2019appello ecumenico della Diocesi. Diretta streaming e tv\"}]},{\"@type\":\"WebSite\",\"@id\":\"https:\/\/www.diocesitn.it\/area-testimonianza\/#website\",\"url\":\"https:\/\/www.diocesitn.it\/area-testimonianza\/\",\"name\":\"Testimonianza e Impegno sociale\",\"description\":\"Chiesa di Trento\",\"publisher\":{\"@id\":\"https:\/\/www.diocesitn.it\/area-testimonianza\/#organization\"},\"potentialAction\":[{\"@type\":\"SearchAction\",\"target\":{\"@type\":\"EntryPoint\",\"urlTemplate\":\"https:\/\/www.diocesitn.it\/area-testimonianza\/?s={search_term_string}\"},\"query-input\":\"required name=search_term_string\"}],\"inLanguage\":\"it-IT\"},{\"@type\":[\"Organization\",\"Place\"],\"@id\":\"https:\/\/www.diocesitn.it\/area-testimonianza\/#organization\",\"name\":\"Area Testimonianza e Impegno Sociale - Chiesa di Trento\",\"url\":\"https:\/\/www.diocesitn.it\/area-testimonianza\/\",\"logo\":{\"@id\":\"https:\/\/www.diocesitn.it\/area-testimonianza\/2024\/09\/07\/veglia-per-la-pace-in-cattedrale-a-trento-giovedi-12-settembre-linvito-della-diocesi-diretta-streaming-e-tv\/#local-main-organization-logo\"},\"image\":{\"@id\":\"https:\/\/www.diocesitn.it\/area-testimonianza\/2024\/09\/07\/veglia-per-la-pace-in-cattedrale-a-trento-giovedi-12-settembre-linvito-della-diocesi-diretta-streaming-e-tv\/#local-main-organization-logo\"},\"openingHoursSpecification\":[{\"@type\":\"OpeningHoursSpecification\",\"dayOfWeek\":[\"Monday\",\"Tuesday\",\"Wednesday\",\"Thursday\",\"Friday\",\"Saturday\",\"Sunday\"],\"opens\":\"09:00\",\"closes\":\"17:00\"}]},{\"@type\":\"ImageObject\",\"inLanguage\":\"it-IT\",\"@id\":\"https:\/\/www.diocesitn.it\/area-testimonianza\/2024\/09\/07\/veglia-per-la-pace-in-cattedrale-a-trento-giovedi-12-settembre-linvito-della-diocesi-diretta-streaming-e-tv\/#local-main-organization-logo\",\"url\":\"https:\/\/www.diocesitn.it\/area-testimonianza\/wp-content\/uploads\/sites\/37\/2021\/09\/og-logo-testimonianza-e-impegno-sociale.jpg\",\"contentUrl\":\"https:\/\/www.diocesitn.it\/area-testimonianza\/wp-content\/uploads\/sites\/37\/2021\/09\/og-logo-testimonianza-e-impegno-sociale.jpg\",\"width\":1200,\"height\":630,\"caption\":\"Area Testimonianza e Impegno Sociale - Chiesa di Trento\"}]}<\/script>\n<!-- \/ Yoast SEO Premium plugin. -->","yoast_head_json":{"title":"Veglia per pace cattedrale trento 12 settembre","description":"Veglia per la pace in cattedrale a trento gioved\u00ec 12 settembre con vescovo Lauro e Consiglio di Chiese cristiane di Trento","robots":{"index":"index","follow":"follow","max-snippet":"max-snippet:-1","max-image-preview":"max-image-preview:large","max-video-preview":"max-video-preview:-1"},"canonical":"https:\/\/www.diocesitn.it\/area-testimonianza\/2024\/09\/07\/veglia-per-la-pace-in-cattedrale-a-trento-giovedi-12-settembre-linvito-della-diocesi-diretta-streaming-e-tv\/","og_locale":"it_IT","og_type":"article","og_title":"Veglia per la pace in cattedrale a Trento gioved\u00ec 12 settembre. L\u2019appello ecumenico della Diocesi. Diretta streaming e tv","og_description":"Veglia per la pace in cattedrale a trento gioved\u00ec 12 settembre con vescovo Lauro e Consiglio di Chiese cristiane di Trento","og_url":"https:\/\/www.diocesitn.it\/area-testimonianza\/2024\/09\/07\/veglia-per-la-pace-in-cattedrale-a-trento-giovedi-12-settembre-linvito-della-diocesi-diretta-streaming-e-tv\/","og_site_name":"Testimonianza e Impegno sociale","article_published_time":"2024-09-07T21:47:44+00:00","article_modified_time":"2024-09-16T07:13:00+00:00","og_image":[{"width":900,"height":675,"url":"https:\/\/www.diocesitn.it\/area-testimonianza\/wp-content\/uploads\/sites\/37\/2024\/09\/veglia_pace_16ott23-scaled-e1697533018268.jpg","type":"image\/jpeg"}],"author":"Piergiorgio Franceschini","twitter_card":"summary_large_image","twitter_misc":{"Scritto da":"Piergiorgio Franceschini","Tempo di lettura stimato":"2 minuti"},"schema":{"@context":"https:\/\/schema.org","@graph":[{"@type":"Article","@id":"https:\/\/www.diocesitn.it\/area-testimonianza\/2024\/09\/07\/veglia-per-la-pace-in-cattedrale-a-trento-giovedi-12-settembre-linvito-della-diocesi-diretta-streaming-e-tv\/#article","isPartOf":{"@id":"https:\/\/www.diocesitn.it\/area-testimonianza\/2024\/09\/07\/veglia-per-la-pace-in-cattedrale-a-trento-giovedi-12-settembre-linvito-della-diocesi-diretta-streaming-e-tv\/"},"author":{"name":"Piergiorgio Franceschini","@id":"https:\/\/www.diocesitn.it\/area-testimonianza\/#\/schema\/person\/99590c84577873a025247b6aeb16ad2e"},"headline":"Veglia per la pace in cattedrale a Trento gioved\u00ec 12 settembre. L\u2019appello ecumenico della Diocesi. Diretta streaming e tv","datePublished":"2024-09-07T21:47:44+00:00","dateModified":"2024-09-16T07:13:00+00:00","mainEntityOfPage":{"@id":"https:\/\/www.diocesitn.it\/area-testimonianza\/2024\/09\/07\/veglia-per-la-pace-in-cattedrale-a-trento-giovedi-12-settembre-linvito-della-diocesi-diretta-streaming-e-tv\/"},"wordCount":241,"publisher":{"@id":"https:\/\/www.diocesitn.it\/area-testimonianza\/#organization"},"image":{"@id":"https:\/\/www.diocesitn.it\/area-testimonianza\/2024\/09\/07\/veglia-per-la-pace-in-cattedrale-a-trento-giovedi-12-settembre-linvito-della-diocesi-diretta-streaming-e-tv\/#primaryimage"},"thumbnailUrl":"https:\/\/www.diocesitn.it\/area-testimonianza\/wp-content\/uploads\/sites\/37\/2024\/09\/veglia_pace_16ott23-scaled-e1697533018268.jpg","keywords":["arcivescovo Lauro"],"articleSection":["Ecumenismo e Dialogo interreligioso","Notizie"],"inLanguage":"it-IT","copyrightYear":"2024","copyrightHolder":{"@id":"https:\/\/www.diocesitn.it\/#organization"}},{"@type":"WebPage","@id":"https:\/\/www.diocesitn.it\/area-testimonianza\/2024\/09\/07\/veglia-per-la-pace-in-cattedrale-a-trento-giovedi-12-settembre-linvito-della-diocesi-diretta-streaming-e-tv\/","url":"https:\/\/www.diocesitn.it\/area-testimonianza\/2024\/09\/07\/veglia-per-la-pace-in-cattedrale-a-trento-giovedi-12-settembre-linvito-della-diocesi-diretta-streaming-e-tv\/","name":"Veglia per pace cattedrale trento 12 settembre","isPartOf":{"@id":"https:\/\/www.diocesitn.it\/area-testimonianza\/#website"},"primaryImageOfPage":{"@id":"https:\/\/www.diocesitn.it\/area-testimonianza\/2024\/09\/07\/veglia-per-la-pace-in-cattedrale-a-trento-giovedi-12-settembre-linvito-della-diocesi-diretta-streaming-e-tv\/#primaryimage"},"image":{"@id":"https:\/\/www.diocesitn.it\/area-testimonianza\/2024\/09\/07\/veglia-per-la-pace-in-cattedrale-a-trento-giovedi-12-settembre-linvito-della-diocesi-diretta-streaming-e-tv\/#primaryimage"},"thumbnailUrl":"https:\/\/www.diocesitn.it\/area-testimonianza\/wp-content\/uploads\/sites\/37\/2024\/09\/veglia_pace_16ott23-scaled-e1697533018268.jpg","datePublished":"2024-09-07T21:47:44+00:00","dateModified":"2024-09-16T07:13:00+00:00","description":"Veglia per la pace in cattedrale a trento gioved\u00ec 12 settembre con vescovo Lauro e Consiglio di Chiese cristiane di Trento","breadcrumb":{"@id":"https:\/\/www.diocesitn.it\/area-testimonianza\/2024\/09\/07\/veglia-per-la-pace-in-cattedrale-a-trento-giovedi-12-settembre-linvito-della-diocesi-diretta-streaming-e-tv\/#breadcrumb"},"inLanguage":"it-IT","potentialAction":[{"@type":"ReadAction","target":["https:\/\/www.diocesitn.it\/area-testimonianza\/2024\/09\/07\/veglia-per-la-pace-in-cattedrale-a-trento-giovedi-12-settembre-linvito-della-diocesi-diretta-streaming-e-tv\/"]}]},{"@type":"ImageObject","inLanguage":"it-IT","@id":"https:\/\/www.diocesitn.it\/area-testimonianza\/2024\/09\/07\/veglia-per-la-pace-in-cattedrale-a-trento-giovedi-12-settembre-linvito-della-diocesi-diretta-streaming-e-tv\/#primaryimage","url":"https:\/\/www.diocesitn.it\/area-testimonianza\/wp-content\/uploads\/sites\/37\/2024\/09\/veglia_pace_16ott23-scaled-e1697533018268.jpg","contentUrl":"https:\/\/www.diocesitn.it\/area-testimonianza\/wp-content\/uploads\/sites\/37\/2024\/09\/veglia_pace_16ott23-scaled-e1697533018268.jpg","width":900,"height":675},{"@type":"BreadcrumbList","@id":"https:\/\/www.diocesitn.it\/area-testimonianza\/2024\/09\/07\/veglia-per-la-pace-in-cattedrale-a-trento-giovedi-12-settembre-linvito-della-diocesi-diretta-streaming-e-tv\/#breadcrumb","itemListElement":[{"@type":"ListItem","position":1,"name":"Home","item":"https:\/\/www.diocesitn.it\/area-testimonianza\/"},{"@type":"ListItem","position":2,"name":"Veglia per la pace in cattedrale a Trento gioved\u00ec 12 settembre. L\u2019appello ecumenico della Diocesi. Diretta streaming e tv"}]},{"@type":"WebSite","@id":"https:\/\/www.diocesitn.it\/area-testimonianza\/#website","url":"https:\/\/www.diocesitn.it\/area-testimonianza\/","name":"Testimonianza e Impegno sociale","description":"Chiesa di Trento","publisher":{"@id":"https:\/\/www.diocesitn.it\/area-testimonianza\/#organization"},"potentialAction":[{"@type":"SearchAction","target":{"@type":"EntryPoint","urlTemplate":"https:\/\/www.diocesitn.it\/area-testimonianza\/?s={search_term_string}"},"query-input":"required name=search_term_string"}],"inLanguage":"it-IT"},{"@type":["Organization","Place"],"@id":"https:\/\/www.diocesitn.it\/area-testimonianza\/#organization","name":"Area Testimonianza e Impegno Sociale - Chiesa di Trento","url":"https:\/\/www.diocesitn.it\/area-testimonianza\/","logo":{"@id":"https:\/\/www.diocesitn.it\/area-testimonianza\/2024\/09\/07\/veglia-per-la-pace-in-cattedrale-a-trento-giovedi-12-settembre-linvito-della-diocesi-diretta-streaming-e-tv\/#local-main-organization-logo"},"image":{"@id":"https:\/\/www.diocesitn.it\/area-testimonianza\/2024\/09\/07\/veglia-per-la-pace-in-cattedrale-a-trento-giovedi-12-settembre-linvito-della-diocesi-diretta-streaming-e-tv\/#local-main-organization-logo"},"openingHoursSpecification":[{"@type":"OpeningHoursSpecification","dayOfWeek":["Monday","Tuesday","Wednesday","Thursday","Friday","Saturday","Sunday"],"opens":"09:00","closes":"17:00"}]},{"@type":"ImageObject","inLanguage":"it-IT","@id":"https:\/\/www.diocesitn.it\/area-testimonianza\/2024\/09\/07\/veglia-per-la-pace-in-cattedrale-a-trento-giovedi-12-settembre-linvito-della-diocesi-diretta-streaming-e-tv\/#local-main-organization-logo","url":"https:\/\/www.diocesitn.it\/area-testimonianza\/wp-content\/uploads\/sites\/37\/2021\/09\/og-logo-testimonianza-e-impegno-sociale.jpg","contentUrl":"https:\/\/www.diocesitn.it\/area-testimonianza\/wp-content\/uploads\/sites\/37\/2021\/09\/og-logo-testimonianza-e-impegno-sociale.jpg","width":1200,"height":630,"caption":"Area Testimonianza e Impegno Sociale - Chiesa di Trento"}]}},"_links":{"self":[{"href":"https:\/\/www.diocesitn.it\/area-testimonianza\/wp-json\/wp\/v2\/posts\/15695","targetHints":{"allow":["GET"]}}],"collection":[{"href":"https:\/\/www.diocesitn.it\/area-testimonianza\/wp-json\/wp\/v2\/posts"}],"about":[{"href":"https:\/\/www.diocesitn.it\/area-testimonianza\/wp-json\/wp\/v2\/types\/post"}],"author":[{"embeddable":true,"href":"https:\/\/www.diocesitn.it\/area-testimonianza\/wp-json\/wp\/v2\/users\/3"}],"replies":[{"embeddable":true,"href":"https:\/\/www.diocesitn.it\/area-testimonianza\/wp-json\/wp\/v2\/comments?post=15695"}],"version-history":[{"count":1,"href":"https:\/\/www.diocesitn.it\/area-testimonianza\/wp-json\/wp\/v2\/posts\/15695\/revisions"}],"predecessor-version":[{"id":15698,"href":"https:\/\/www.diocesitn.it\/area-testimonianza\/wp-json\/wp\/v2\/posts\/15695\/revisions\/15698"}],"wp:featuredmedia":[{"embeddable":true,"href":"https:\/\/www.diocesitn.it\/area-testimonianza\/wp-json\/wp\/v2\/media\/15697"}],"wp:attachment":[{"href":"https:\/\/www.diocesitn.it\/area-testimonianza\/wp-json\/wp\/v2\/media?parent=15695"}],"wp:term":[{"taxonomy":"category","embeddable":true,"href":"https:\/\/www.diocesitn.it\/area-testimonianza\/wp-json\/wp\/v2\/categories?post=15695"},{"taxonomy":"post_tag","embeddable":true,"href":"https:\/\/www.diocesitn.it\/area-testimonianza\/wp-json\/wp\/v2\/tags?post=15695"}],"curies":[{"name":"wp","href":"https:\/\/api.w.org\/{rel}","templated":true}]}}