{"id":15692,"date":"2024-09-05T10:41:34","date_gmt":"2024-09-05T08:41:34","guid":{"rendered":"https:\/\/www.diocesitn.it\/area-testimonianza\/2024\/09\/05\/anziani-in-pellegrinaggio-a-pine-sabato-7-settembre-su-invito-di-arcidiocesi-circoli-e-fap-acli-messa-con-il-vescovo-tisi-volontariato-al-centro-nellanno-di-trento-capitale\/"},"modified":"2024-09-16T09:06:04","modified_gmt":"2024-09-16T07:06:04","slug":"anziani-in-pellegrinaggio-a-pine-sabato-7-settembre-su-invito-di-arcidiocesi-circoli-e-fap-acli-messa-con-il-vescovo-tisi-volontariato-al-centro-nellanno-di-trento-capitale","status":"publish","type":"post","link":"https:\/\/www.diocesitn.it\/area-testimonianza\/2024\/09\/05\/anziani-in-pellegrinaggio-a-pine-sabato-7-settembre-su-invito-di-arcidiocesi-circoli-e-fap-acli-messa-con-il-vescovo-tisi-volontariato-al-centro-nellanno-di-trento-capitale\/","title":{"rendered":"Anziani in pellegrinaggio a Pin\u00e9 sabato 7 settembre su invito di Arcidiocesi, Circoli e Fap Acli. Messa con il vescovo Tisi. Volontariato al centro, nell\u2019anno di Trento capitale"},"content":{"rendered":"<p><strong>Pensionati <\/strong>e <strong>anziani <\/strong>provenienti da tutto il Trentino saranno protagonisti <strong>sabato 7 settembre <\/strong>del loro tradizionale <strong>pellegrinaggio <\/strong>alla <strong>Madonna di Pin\u00e8<\/strong>, dove sono attese non meno di cinquecento persone.<\/p>\n<p>L\u2019appuntamento \u00e8 promosso dall\u2019<strong>Arcidiocesi di Trento<\/strong>, in collaborazione con il <strong>Coordinamento provinciale dei Circoli Pensionati e Anziani <\/strong>e<strong> Fap Acli <\/strong>(Federazione anziani e pensionati).<\/p>\n<p>Gli arrivi nel prato della <strong>Comparsa<\/strong> sono previsti per le <strong>ore 9.00<\/strong>, con la possibilit\u00e0 della confessione personale e la preghiera del Rosario (ore 9.30), guidata dal rettore del santuario <strong>don Piero Rattin<\/strong>. Alle 10 avr\u00e0 inizio la S. Messa presieduta dall\u2019<strong>arcivescovo Lauro Tisi<\/strong>.<\/p>\n<h4>Volontariato fonte di benessere<\/h4>\n<p>Nell\u2019anno di Trento (e del Trentino) capitale del volontariato, la riflessione che anima e motiva il pellegrinaggio di pensionati e anziani non potr\u00e0 che avere a tema il volontariato, ben rappresentato, com\u2019\u00e8 noto, dalle persone della terza et\u00e0 e considerato in tutte le sue forme di impegno, sia materiali sia spirituali.<\/p>\n<p>Secondo le statistiche, pi\u00f9 dell\u2019<strong>11 per cento delle persone oltre i 65 anni fa volontariato in modo continuo e non occasionale<\/strong>, a fronte di una media nel resto della popolazione (adulta e giovane) che si attesta attorno al 9 per cento.<\/p>\n<p>Diversi studi \u2013 si legge del d\u00e9pliant che sar\u00e0 distribuito a Pin\u00e8 \u2013 evidenziano una <strong>crescita in termini di benessere per gli anziani<\/strong> che svolgano attivit\u00e0 di volontariato, che \u00e8 quindi sicuramente da consigliare non solo per motivi di solidariet\u00e0 sociale e umana, ma anche per il riflesso benefico su chi la svolge in et\u00e0 anziana, perch\u00e9 aiuta ad invecchiare meglio.<\/p>\n<p>Prima della celebrazione, con l\u2019attesa omelia dell\u2019arcivescovo Lauro, prenderanno la parola i responsabili delle realt\u00e0 promotrici: <strong>don Mauro Leonardelli<\/strong> per Arcidiocesi (Area testimonianza), <strong>Tullio Cova<\/strong>, presidente del Coordinamento circoli anziani della Provincia e<strong> Luisa Masera<\/strong>, presidente di Fap Acli.<\/p>\n<h4><img loading=\"lazy\" decoding=\"async\" class=\"size-medium wp-image-34379 alignleft\" src=\"https:\/\/www.diocesitn.it\/wp-content\/uploads\/2023\/09\/2023_09_16_Pellegrinaggio-Anziani-Pine-9-300x225.jpg\" alt=\"\" width=\"300\" height=\"225\" \/>Frutta e fiori in offerta<\/h4>\n<p>Al momento dell\u2019offertorio, Cova e Masera porteranno all\u2019altare rispettivamente un <strong>cesto di frutta<\/strong> (per indicare la stagionalit\u00e0 dei prodotti della terra in parallelo alle stagioni della vita) e una <strong>composizione floreale<\/strong>, segno della bellezza che caratterizza ogni fase della vita, al di l\u00e0 della crescente fragilit\u00e0 con l\u2019avanzare dell\u2019et\u00e0. <strong>Silvio Magnini<\/strong>, in rappresentanza dei gruppi parrocchiali della pastorale anziani, porter\u00e0 invece alcune copie della Rivista \u201cVivere Insieme\u201d, apprezzato periodico di collegamento per gli anziani trentini, allegato al settimanale Vita Trentina con cadenza trimestrale.<\/p>\n<p>Il <strong>Coro <\/strong>di <strong>Santa Giuliana <\/strong>di Levico animer\u00e0 l\u2019intera celebrazione.<\/p>\n","protected":false},"excerpt":{"rendered":"<p>Pensionati e anziani provenienti da tutto il Trentino saranno protagonisti sabato 7 settembre del loro tradizionale pellegrinaggio alla Madonna di Pin\u00e8, dove sono attese non meno di cinquecento persone. L\u2019appuntamento \u00e8 promosso dall\u2019Arcidiocesi di Trento,<\/p>\n","protected":false},"author":3,"featured_media":15693,"comment_status":"closed","ping_status":"closed","sticky":false,"template":"","format":"standard","meta":{"footnotes":""},"categories":[1074,1102],"tags":[1455,2346,2004,1128,1420,1423],"class_list":["post-15692","post","type-post","status-publish","format-standard","has-post-thumbnail","hentry","category-notizie","category-servizio-salute-pellegrinaggi-anziani","tag-anziani","tag-circoli","tag-fap-acli","tag-pellegrinaggio","tag-pine","tag-vescovo-lauro"],"acf":{"seed-localization-paese-cod":"IT","seed-localization-address":"","seed-localization-citta":"Trento","seed-localization-regione-cod-istat":"04","seed-localization-citta-cod-istat":"022205","seed-localization-localita":"","seed-localization-cap":"","seed-localization-marker-visibility":false,"seed-localization-children-visibility":false,"seed-localization-kml":"","seed-localization-custom-marker":""},"yoast_head":"<!-- This site is optimized with the Yoast SEO Premium plugin v20.2.1 (Yoast SEO v22.2) - https:\/\/yoast.com\/wordpress\/plugins\/seo\/ -->\n<title>Pensionati e anziani sabato 7 settembre nel pellegrinaggio a Pin\u00e8<\/title>\n<meta name=\"description\" content=\"Pensionati e anziani sabato 7 settembre nel tradizionale pellegrinaggio alla Madonna di Pin\u00e8 con vescovo Lauro. Attese cinquecento persone.\" \/>\n<meta name=\"robots\" content=\"index, follow, max-snippet:-1, max-image-preview:large, max-video-preview:-1\" \/>\n<link rel=\"canonical\" href=\"https:\/\/www.diocesitn.it\/area-testimonianza\/2024\/09\/05\/anziani-in-pellegrinaggio-a-pine-sabato-7-settembre-su-invito-di-arcidiocesi-circoli-e-fap-acli-messa-con-il-vescovo-tisi-volontariato-al-centro-nellanno-di-trento-capitale\/\" \/>\n<meta property=\"og:locale\" content=\"it_IT\" \/>\n<meta property=\"og:type\" content=\"article\" \/>\n<meta property=\"og:title\" content=\"Anziani in pellegrinaggio a Pin\u00e9 sabato 7 settembre su invito di Arcidiocesi, Circoli e Fap Acli. Messa con il vescovo Tisi. Volontariato al centro, nell\u2019anno di Trento capitale\" \/>\n<meta property=\"og:description\" content=\"Pensionati e anziani sabato 7 settembre nel tradizionale pellegrinaggio alla Madonna di Pin\u00e8 con vescovo Lauro. Attese cinquecento persone.\" \/>\n<meta property=\"og:url\" content=\"https:\/\/www.diocesitn.it\/area-testimonianza\/2024\/09\/05\/anziani-in-pellegrinaggio-a-pine-sabato-7-settembre-su-invito-di-arcidiocesi-circoli-e-fap-acli-messa-con-il-vescovo-tisi-volontariato-al-centro-nellanno-di-trento-capitale\/\" \/>\n<meta property=\"og:site_name\" content=\"Testimonianza e Impegno sociale\" \/>\n<meta property=\"article:published_time\" content=\"2024-09-05T08:41:34+00:00\" \/>\n<meta property=\"article:modified_time\" content=\"2024-09-16T07:06:04+00:00\" \/>\n<meta property=\"og:image\" content=\"https:\/\/www.diocesitn.it\/area-testimonianza\/wp-content\/uploads\/sites\/37\/2024\/09\/2023_09_16_Pellegrinaggio-Anziani-Pine-2-scaled.jpg\" \/>\n\t<meta property=\"og:image:width\" content=\"2560\" \/>\n\t<meta property=\"og:image:height\" content=\"1920\" \/>\n\t<meta property=\"og:image:type\" content=\"image\/jpeg\" \/>\n<meta name=\"author\" content=\"Piergiorgio Franceschini\" \/>\n<meta name=\"twitter:card\" content=\"summary_large_image\" \/>\n<meta name=\"twitter:label1\" content=\"Scritto da\" \/>\n\t<meta name=\"twitter:data1\" content=\"Piergiorgio Franceschini\" \/>\n\t<meta name=\"twitter:label2\" content=\"Tempo di lettura stimato\" \/>\n\t<meta name=\"twitter:data2\" content=\"3 minuti\" \/>\n<script type=\"application\/ld+json\" class=\"yoast-schema-graph\">{\"@context\":\"https:\/\/schema.org\",\"@graph\":[{\"@type\":\"Article\",\"@id\":\"https:\/\/www.diocesitn.it\/area-testimonianza\/2024\/09\/05\/anziani-in-pellegrinaggio-a-pine-sabato-7-settembre-su-invito-di-arcidiocesi-circoli-e-fap-acli-messa-con-il-vescovo-tisi-volontariato-al-centro-nellanno-di-trento-capitale\/#article\",\"isPartOf\":{\"@id\":\"https:\/\/www.diocesitn.it\/area-testimonianza\/2024\/09\/05\/anziani-in-pellegrinaggio-a-pine-sabato-7-settembre-su-invito-di-arcidiocesi-circoli-e-fap-acli-messa-con-il-vescovo-tisi-volontariato-al-centro-nellanno-di-trento-capitale\/\"},\"author\":{\"name\":\"Piergiorgio Franceschini\",\"@id\":\"https:\/\/www.diocesitn.it\/area-testimonianza\/#\/schema\/person\/99590c84577873a025247b6aeb16ad2e\"},\"headline\":\"Anziani in pellegrinaggio a Pin\u00e9 sabato 7 settembre su invito di Arcidiocesi, Circoli e Fap Acli. Messa con il vescovo Tisi. Volontariato al centro, nell\u2019anno di Trento capitale\",\"datePublished\":\"2024-09-05T08:41:34+00:00\",\"dateModified\":\"2024-09-16T07:06:04+00:00\",\"mainEntityOfPage\":{\"@id\":\"https:\/\/www.diocesitn.it\/area-testimonianza\/2024\/09\/05\/anziani-in-pellegrinaggio-a-pine-sabato-7-settembre-su-invito-di-arcidiocesi-circoli-e-fap-acli-messa-con-il-vescovo-tisi-volontariato-al-centro-nellanno-di-trento-capitale\/\"},\"wordCount\":421,\"publisher\":{\"@id\":\"https:\/\/www.diocesitn.it\/area-testimonianza\/#organization\"},\"image\":{\"@id\":\"https:\/\/www.diocesitn.it\/area-testimonianza\/2024\/09\/05\/anziani-in-pellegrinaggio-a-pine-sabato-7-settembre-su-invito-di-arcidiocesi-circoli-e-fap-acli-messa-con-il-vescovo-tisi-volontariato-al-centro-nellanno-di-trento-capitale\/#primaryimage\"},\"thumbnailUrl\":\"https:\/\/www.diocesitn.it\/area-testimonianza\/wp-content\/uploads\/sites\/37\/2024\/09\/2023_09_16_Pellegrinaggio-Anziani-Pine-2-scaled.jpg\",\"keywords\":[\"anziani\",\"circoli\",\"fap acli\",\"pellegrinaggio\",\"Pin\u00e8\",\"vescovo Lauro\"],\"articleSection\":[\"Notizie\",\"Salute Pellegrinaggi Anziani\"],\"inLanguage\":\"it-IT\",\"copyrightYear\":\"2024\",\"copyrightHolder\":{\"@id\":\"https:\/\/www.diocesitn.it\/#organization\"}},{\"@type\":\"WebPage\",\"@id\":\"https:\/\/www.diocesitn.it\/area-testimonianza\/2024\/09\/05\/anziani-in-pellegrinaggio-a-pine-sabato-7-settembre-su-invito-di-arcidiocesi-circoli-e-fap-acli-messa-con-il-vescovo-tisi-volontariato-al-centro-nellanno-di-trento-capitale\/\",\"url\":\"https:\/\/www.diocesitn.it\/area-testimonianza\/2024\/09\/05\/anziani-in-pellegrinaggio-a-pine-sabato-7-settembre-su-invito-di-arcidiocesi-circoli-e-fap-acli-messa-con-il-vescovo-tisi-volontariato-al-centro-nellanno-di-trento-capitale\/\",\"name\":\"Pensionati e anziani sabato 7 settembre nel pellegrinaggio a Pin\u00e8\",\"isPartOf\":{\"@id\":\"https:\/\/www.diocesitn.it\/area-testimonianza\/#website\"},\"primaryImageOfPage\":{\"@id\":\"https:\/\/www.diocesitn.it\/area-testimonianza\/2024\/09\/05\/anziani-in-pellegrinaggio-a-pine-sabato-7-settembre-su-invito-di-arcidiocesi-circoli-e-fap-acli-messa-con-il-vescovo-tisi-volontariato-al-centro-nellanno-di-trento-capitale\/#primaryimage\"},\"image\":{\"@id\":\"https:\/\/www.diocesitn.it\/area-testimonianza\/2024\/09\/05\/anziani-in-pellegrinaggio-a-pine-sabato-7-settembre-su-invito-di-arcidiocesi-circoli-e-fap-acli-messa-con-il-vescovo-tisi-volontariato-al-centro-nellanno-di-trento-capitale\/#primaryimage\"},\"thumbnailUrl\":\"https:\/\/www.diocesitn.it\/area-testimonianza\/wp-content\/uploads\/sites\/37\/2024\/09\/2023_09_16_Pellegrinaggio-Anziani-Pine-2-scaled.jpg\",\"datePublished\":\"2024-09-05T08:41:34+00:00\",\"dateModified\":\"2024-09-16T07:06:04+00:00\",\"description\":\"Pensionati e anziani sabato 7 settembre nel tradizionale pellegrinaggio alla Madonna di Pin\u00e8 con vescovo Lauro. Attese cinquecento persone.\",\"breadcrumb\":{\"@id\":\"https:\/\/www.diocesitn.it\/area-testimonianza\/2024\/09\/05\/anziani-in-pellegrinaggio-a-pine-sabato-7-settembre-su-invito-di-arcidiocesi-circoli-e-fap-acli-messa-con-il-vescovo-tisi-volontariato-al-centro-nellanno-di-trento-capitale\/#breadcrumb\"},\"inLanguage\":\"it-IT\",\"potentialAction\":[{\"@type\":\"ReadAction\",\"target\":[\"https:\/\/www.diocesitn.it\/area-testimonianza\/2024\/09\/05\/anziani-in-pellegrinaggio-a-pine-sabato-7-settembre-su-invito-di-arcidiocesi-circoli-e-fap-acli-messa-con-il-vescovo-tisi-volontariato-al-centro-nellanno-di-trento-capitale\/\"]}]},{\"@type\":\"ImageObject\",\"inLanguage\":\"it-IT\",\"@id\":\"https:\/\/www.diocesitn.it\/area-testimonianza\/2024\/09\/05\/anziani-in-pellegrinaggio-a-pine-sabato-7-settembre-su-invito-di-arcidiocesi-circoli-e-fap-acli-messa-con-il-vescovo-tisi-volontariato-al-centro-nellanno-di-trento-capitale\/#primaryimage\",\"url\":\"https:\/\/www.diocesitn.it\/area-testimonianza\/wp-content\/uploads\/sites\/37\/2024\/09\/2023_09_16_Pellegrinaggio-Anziani-Pine-2-scaled.jpg\",\"contentUrl\":\"https:\/\/www.diocesitn.it\/area-testimonianza\/wp-content\/uploads\/sites\/37\/2024\/09\/2023_09_16_Pellegrinaggio-Anziani-Pine-2-scaled.jpg\",\"width\":2560,\"height\":1920},{\"@type\":\"BreadcrumbList\",\"@id\":\"https:\/\/www.diocesitn.it\/area-testimonianza\/2024\/09\/05\/anziani-in-pellegrinaggio-a-pine-sabato-7-settembre-su-invito-di-arcidiocesi-circoli-e-fap-acli-messa-con-il-vescovo-tisi-volontariato-al-centro-nellanno-di-trento-capitale\/#breadcrumb\",\"itemListElement\":[{\"@type\":\"ListItem\",\"position\":1,\"name\":\"Home\",\"item\":\"https:\/\/www.diocesitn.it\/area-testimonianza\/\"},{\"@type\":\"ListItem\",\"position\":2,\"name\":\"Anziani in pellegrinaggio a Pin\u00e9 sabato 7 settembre su invito di Arcidiocesi, Circoli e Fap Acli. Messa con il vescovo Tisi. Volontariato al centro, nell\u2019anno di Trento capitale\"}]},{\"@type\":\"WebSite\",\"@id\":\"https:\/\/www.diocesitn.it\/area-testimonianza\/#website\",\"url\":\"https:\/\/www.diocesitn.it\/area-testimonianza\/\",\"name\":\"Testimonianza e Impegno sociale\",\"description\":\"Chiesa di Trento\",\"publisher\":{\"@id\":\"https:\/\/www.diocesitn.it\/area-testimonianza\/#organization\"},\"potentialAction\":[{\"@type\":\"SearchAction\",\"target\":{\"@type\":\"EntryPoint\",\"urlTemplate\":\"https:\/\/www.diocesitn.it\/area-testimonianza\/?s={search_term_string}\"},\"query-input\":\"required name=search_term_string\"}],\"inLanguage\":\"it-IT\"},{\"@type\":[\"Organization\",\"Place\"],\"@id\":\"https:\/\/www.diocesitn.it\/area-testimonianza\/#organization\",\"name\":\"Area Testimonianza e Impegno Sociale - Chiesa di Trento\",\"url\":\"https:\/\/www.diocesitn.it\/area-testimonianza\/\",\"logo\":{\"@id\":\"https:\/\/www.diocesitn.it\/area-testimonianza\/2024\/09\/05\/anziani-in-pellegrinaggio-a-pine-sabato-7-settembre-su-invito-di-arcidiocesi-circoli-e-fap-acli-messa-con-il-vescovo-tisi-volontariato-al-centro-nellanno-di-trento-capitale\/#local-main-organization-logo\"},\"image\":{\"@id\":\"https:\/\/www.diocesitn.it\/area-testimonianza\/2024\/09\/05\/anziani-in-pellegrinaggio-a-pine-sabato-7-settembre-su-invito-di-arcidiocesi-circoli-e-fap-acli-messa-con-il-vescovo-tisi-volontariato-al-centro-nellanno-di-trento-capitale\/#local-main-organization-logo\"},\"openingHoursSpecification\":[{\"@type\":\"OpeningHoursSpecification\",\"dayOfWeek\":[\"Monday\",\"Tuesday\",\"Wednesday\",\"Thursday\",\"Friday\",\"Saturday\",\"Sunday\"],\"opens\":\"09:00\",\"closes\":\"17:00\"}]},{\"@type\":\"ImageObject\",\"inLanguage\":\"it-IT\",\"@id\":\"https:\/\/www.diocesitn.it\/area-testimonianza\/2024\/09\/05\/anziani-in-pellegrinaggio-a-pine-sabato-7-settembre-su-invito-di-arcidiocesi-circoli-e-fap-acli-messa-con-il-vescovo-tisi-volontariato-al-centro-nellanno-di-trento-capitale\/#local-main-organization-logo\",\"url\":\"https:\/\/www.diocesitn.it\/area-testimonianza\/wp-content\/uploads\/sites\/37\/2021\/09\/og-logo-testimonianza-e-impegno-sociale.jpg\",\"contentUrl\":\"https:\/\/www.diocesitn.it\/area-testimonianza\/wp-content\/uploads\/sites\/37\/2021\/09\/og-logo-testimonianza-e-impegno-sociale.jpg\",\"width\":1200,\"height\":630,\"caption\":\"Area Testimonianza e Impegno Sociale - Chiesa di Trento\"}]}<\/script>\n<!-- \/ Yoast SEO Premium plugin. -->","yoast_head_json":{"title":"Pensionati e anziani sabato 7 settembre nel pellegrinaggio a Pin\u00e8","description":"Pensionati e anziani sabato 7 settembre nel tradizionale pellegrinaggio alla Madonna di Pin\u00e8 con vescovo Lauro. Attese cinquecento persone.","robots":{"index":"index","follow":"follow","max-snippet":"max-snippet:-1","max-image-preview":"max-image-preview:large","max-video-preview":"max-video-preview:-1"},"canonical":"https:\/\/www.diocesitn.it\/area-testimonianza\/2024\/09\/05\/anziani-in-pellegrinaggio-a-pine-sabato-7-settembre-su-invito-di-arcidiocesi-circoli-e-fap-acli-messa-con-il-vescovo-tisi-volontariato-al-centro-nellanno-di-trento-capitale\/","og_locale":"it_IT","og_type":"article","og_title":"Anziani in pellegrinaggio a Pin\u00e9 sabato 7 settembre su invito di Arcidiocesi, Circoli e Fap Acli. Messa con il vescovo Tisi. Volontariato al centro, nell\u2019anno di Trento capitale","og_description":"Pensionati e anziani sabato 7 settembre nel tradizionale pellegrinaggio alla Madonna di Pin\u00e8 con vescovo Lauro. Attese cinquecento persone.","og_url":"https:\/\/www.diocesitn.it\/area-testimonianza\/2024\/09\/05\/anziani-in-pellegrinaggio-a-pine-sabato-7-settembre-su-invito-di-arcidiocesi-circoli-e-fap-acli-messa-con-il-vescovo-tisi-volontariato-al-centro-nellanno-di-trento-capitale\/","og_site_name":"Testimonianza e Impegno sociale","article_published_time":"2024-09-05T08:41:34+00:00","article_modified_time":"2024-09-16T07:06:04+00:00","og_image":[{"width":2560,"height":1920,"url":"https:\/\/www.diocesitn.it\/area-testimonianza\/wp-content\/uploads\/sites\/37\/2024\/09\/2023_09_16_Pellegrinaggio-Anziani-Pine-2-scaled.jpg","type":"image\/jpeg"}],"author":"Piergiorgio Franceschini","twitter_card":"summary_large_image","twitter_misc":{"Scritto da":"Piergiorgio Franceschini","Tempo di lettura stimato":"3 minuti"},"schema":{"@context":"https:\/\/schema.org","@graph":[{"@type":"Article","@id":"https:\/\/www.diocesitn.it\/area-testimonianza\/2024\/09\/05\/anziani-in-pellegrinaggio-a-pine-sabato-7-settembre-su-invito-di-arcidiocesi-circoli-e-fap-acli-messa-con-il-vescovo-tisi-volontariato-al-centro-nellanno-di-trento-capitale\/#article","isPartOf":{"@id":"https:\/\/www.diocesitn.it\/area-testimonianza\/2024\/09\/05\/anziani-in-pellegrinaggio-a-pine-sabato-7-settembre-su-invito-di-arcidiocesi-circoli-e-fap-acli-messa-con-il-vescovo-tisi-volontariato-al-centro-nellanno-di-trento-capitale\/"},"author":{"name":"Piergiorgio Franceschini","@id":"https:\/\/www.diocesitn.it\/area-testimonianza\/#\/schema\/person\/99590c84577873a025247b6aeb16ad2e"},"headline":"Anziani in pellegrinaggio a Pin\u00e9 sabato 7 settembre su invito di Arcidiocesi, Circoli e Fap Acli. Messa con il vescovo Tisi. Volontariato al centro, nell\u2019anno di Trento capitale","datePublished":"2024-09-05T08:41:34+00:00","dateModified":"2024-09-16T07:06:04+00:00","mainEntityOfPage":{"@id":"https:\/\/www.diocesitn.it\/area-testimonianza\/2024\/09\/05\/anziani-in-pellegrinaggio-a-pine-sabato-7-settembre-su-invito-di-arcidiocesi-circoli-e-fap-acli-messa-con-il-vescovo-tisi-volontariato-al-centro-nellanno-di-trento-capitale\/"},"wordCount":421,"publisher":{"@id":"https:\/\/www.diocesitn.it\/area-testimonianza\/#organization"},"image":{"@id":"https:\/\/www.diocesitn.it\/area-testimonianza\/2024\/09\/05\/anziani-in-pellegrinaggio-a-pine-sabato-7-settembre-su-invito-di-arcidiocesi-circoli-e-fap-acli-messa-con-il-vescovo-tisi-volontariato-al-centro-nellanno-di-trento-capitale\/#primaryimage"},"thumbnailUrl":"https:\/\/www.diocesitn.it\/area-testimonianza\/wp-content\/uploads\/sites\/37\/2024\/09\/2023_09_16_Pellegrinaggio-Anziani-Pine-2-scaled.jpg","keywords":["anziani","circoli","fap acli","pellegrinaggio","Pin\u00e8","vescovo Lauro"],"articleSection":["Notizie","Salute Pellegrinaggi Anziani"],"inLanguage":"it-IT","copyrightYear":"2024","copyrightHolder":{"@id":"https:\/\/www.diocesitn.it\/#organization"}},{"@type":"WebPage","@id":"https:\/\/www.diocesitn.it\/area-testimonianza\/2024\/09\/05\/anziani-in-pellegrinaggio-a-pine-sabato-7-settembre-su-invito-di-arcidiocesi-circoli-e-fap-acli-messa-con-il-vescovo-tisi-volontariato-al-centro-nellanno-di-trento-capitale\/","url":"https:\/\/www.diocesitn.it\/area-testimonianza\/2024\/09\/05\/anziani-in-pellegrinaggio-a-pine-sabato-7-settembre-su-invito-di-arcidiocesi-circoli-e-fap-acli-messa-con-il-vescovo-tisi-volontariato-al-centro-nellanno-di-trento-capitale\/","name":"Pensionati e anziani sabato 7 settembre nel pellegrinaggio a Pin\u00e8","isPartOf":{"@id":"https:\/\/www.diocesitn.it\/area-testimonianza\/#website"},"primaryImageOfPage":{"@id":"https:\/\/www.diocesitn.it\/area-testimonianza\/2024\/09\/05\/anziani-in-pellegrinaggio-a-pine-sabato-7-settembre-su-invito-di-arcidiocesi-circoli-e-fap-acli-messa-con-il-vescovo-tisi-volontariato-al-centro-nellanno-di-trento-capitale\/#primaryimage"},"image":{"@id":"https:\/\/www.diocesitn.it\/area-testimonianza\/2024\/09\/05\/anziani-in-pellegrinaggio-a-pine-sabato-7-settembre-su-invito-di-arcidiocesi-circoli-e-fap-acli-messa-con-il-vescovo-tisi-volontariato-al-centro-nellanno-di-trento-capitale\/#primaryimage"},"thumbnailUrl":"https:\/\/www.diocesitn.it\/area-testimonianza\/wp-content\/uploads\/sites\/37\/2024\/09\/2023_09_16_Pellegrinaggio-Anziani-Pine-2-scaled.jpg","datePublished":"2024-09-05T08:41:34+00:00","dateModified":"2024-09-16T07:06:04+00:00","description":"Pensionati e anziani sabato 7 settembre nel tradizionale pellegrinaggio alla Madonna di Pin\u00e8 con vescovo Lauro. Attese cinquecento persone.","breadcrumb":{"@id":"https:\/\/www.diocesitn.it\/area-testimonianza\/2024\/09\/05\/anziani-in-pellegrinaggio-a-pine-sabato-7-settembre-su-invito-di-arcidiocesi-circoli-e-fap-acli-messa-con-il-vescovo-tisi-volontariato-al-centro-nellanno-di-trento-capitale\/#breadcrumb"},"inLanguage":"it-IT","potentialAction":[{"@type":"ReadAction","target":["https:\/\/www.diocesitn.it\/area-testimonianza\/2024\/09\/05\/anziani-in-pellegrinaggio-a-pine-sabato-7-settembre-su-invito-di-arcidiocesi-circoli-e-fap-acli-messa-con-il-vescovo-tisi-volontariato-al-centro-nellanno-di-trento-capitale\/"]}]},{"@type":"ImageObject","inLanguage":"it-IT","@id":"https:\/\/www.diocesitn.it\/area-testimonianza\/2024\/09\/05\/anziani-in-pellegrinaggio-a-pine-sabato-7-settembre-su-invito-di-arcidiocesi-circoli-e-fap-acli-messa-con-il-vescovo-tisi-volontariato-al-centro-nellanno-di-trento-capitale\/#primaryimage","url":"https:\/\/www.diocesitn.it\/area-testimonianza\/wp-content\/uploads\/sites\/37\/2024\/09\/2023_09_16_Pellegrinaggio-Anziani-Pine-2-scaled.jpg","contentUrl":"https:\/\/www.diocesitn.it\/area-testimonianza\/wp-content\/uploads\/sites\/37\/2024\/09\/2023_09_16_Pellegrinaggio-Anziani-Pine-2-scaled.jpg","width":2560,"height":1920},{"@type":"BreadcrumbList","@id":"https:\/\/www.diocesitn.it\/area-testimonianza\/2024\/09\/05\/anziani-in-pellegrinaggio-a-pine-sabato-7-settembre-su-invito-di-arcidiocesi-circoli-e-fap-acli-messa-con-il-vescovo-tisi-volontariato-al-centro-nellanno-di-trento-capitale\/#breadcrumb","itemListElement":[{"@type":"ListItem","position":1,"name":"Home","item":"https:\/\/www.diocesitn.it\/area-testimonianza\/"},{"@type":"ListItem","position":2,"name":"Anziani in pellegrinaggio a Pin\u00e9 sabato 7 settembre su invito di Arcidiocesi, Circoli e Fap Acli. Messa con il vescovo Tisi. Volontariato al centro, nell\u2019anno di Trento capitale"}]},{"@type":"WebSite","@id":"https:\/\/www.diocesitn.it\/area-testimonianza\/#website","url":"https:\/\/www.diocesitn.it\/area-testimonianza\/","name":"Testimonianza e Impegno sociale","description":"Chiesa di Trento","publisher":{"@id":"https:\/\/www.diocesitn.it\/area-testimonianza\/#organization"},"potentialAction":[{"@type":"SearchAction","target":{"@type":"EntryPoint","urlTemplate":"https:\/\/www.diocesitn.it\/area-testimonianza\/?s={search_term_string}"},"query-input":"required name=search_term_string"}],"inLanguage":"it-IT"},{"@type":["Organization","Place"],"@id":"https:\/\/www.diocesitn.it\/area-testimonianza\/#organization","name":"Area Testimonianza e Impegno Sociale - Chiesa di Trento","url":"https:\/\/www.diocesitn.it\/area-testimonianza\/","logo":{"@id":"https:\/\/www.diocesitn.it\/area-testimonianza\/2024\/09\/05\/anziani-in-pellegrinaggio-a-pine-sabato-7-settembre-su-invito-di-arcidiocesi-circoli-e-fap-acli-messa-con-il-vescovo-tisi-volontariato-al-centro-nellanno-di-trento-capitale\/#local-main-organization-logo"},"image":{"@id":"https:\/\/www.diocesitn.it\/area-testimonianza\/2024\/09\/05\/anziani-in-pellegrinaggio-a-pine-sabato-7-settembre-su-invito-di-arcidiocesi-circoli-e-fap-acli-messa-con-il-vescovo-tisi-volontariato-al-centro-nellanno-di-trento-capitale\/#local-main-organization-logo"},"openingHoursSpecification":[{"@type":"OpeningHoursSpecification","dayOfWeek":["Monday","Tuesday","Wednesday","Thursday","Friday","Saturday","Sunday"],"opens":"09:00","closes":"17:00"}]},{"@type":"ImageObject","inLanguage":"it-IT","@id":"https:\/\/www.diocesitn.it\/area-testimonianza\/2024\/09\/05\/anziani-in-pellegrinaggio-a-pine-sabato-7-settembre-su-invito-di-arcidiocesi-circoli-e-fap-acli-messa-con-il-vescovo-tisi-volontariato-al-centro-nellanno-di-trento-capitale\/#local-main-organization-logo","url":"https:\/\/www.diocesitn.it\/area-testimonianza\/wp-content\/uploads\/sites\/37\/2021\/09\/og-logo-testimonianza-e-impegno-sociale.jpg","contentUrl":"https:\/\/www.diocesitn.it\/area-testimonianza\/wp-content\/uploads\/sites\/37\/2021\/09\/og-logo-testimonianza-e-impegno-sociale.jpg","width":1200,"height":630,"caption":"Area Testimonianza e Impegno Sociale - Chiesa di Trento"}]}},"_links":{"self":[{"href":"https:\/\/www.diocesitn.it\/area-testimonianza\/wp-json\/wp\/v2\/posts\/15692","targetHints":{"allow":["GET"]}}],"collection":[{"href":"https:\/\/www.diocesitn.it\/area-testimonianza\/wp-json\/wp\/v2\/posts"}],"about":[{"href":"https:\/\/www.diocesitn.it\/area-testimonianza\/wp-json\/wp\/v2\/types\/post"}],"author":[{"embeddable":true,"href":"https:\/\/www.diocesitn.it\/area-testimonianza\/wp-json\/wp\/v2\/users\/3"}],"replies":[{"embeddable":true,"href":"https:\/\/www.diocesitn.it\/area-testimonianza\/wp-json\/wp\/v2\/comments?post=15692"}],"version-history":[{"count":1,"href":"https:\/\/www.diocesitn.it\/area-testimonianza\/wp-json\/wp\/v2\/posts\/15692\/revisions"}],"predecessor-version":[{"id":15694,"href":"https:\/\/www.diocesitn.it\/area-testimonianza\/wp-json\/wp\/v2\/posts\/15692\/revisions\/15694"}],"wp:featuredmedia":[{"embeddable":true,"href":"https:\/\/www.diocesitn.it\/area-testimonianza\/wp-json\/wp\/v2\/media\/15693"}],"wp:attachment":[{"href":"https:\/\/www.diocesitn.it\/area-testimonianza\/wp-json\/wp\/v2\/media?parent=15692"}],"wp:term":[{"taxonomy":"category","embeddable":true,"href":"https:\/\/www.diocesitn.it\/area-testimonianza\/wp-json\/wp\/v2\/categories?post=15692"},{"taxonomy":"post_tag","embeddable":true,"href":"https:\/\/www.diocesitn.it\/area-testimonianza\/wp-json\/wp\/v2\/tags?post=15692"}],"curies":[{"name":"wp","href":"https:\/\/api.w.org\/{rel}","templated":true}]}}