{"id":15618,"date":"2024-08-29T10:07:23","date_gmt":"2024-08-29T08:07:23","guid":{"rendered":"https:\/\/www.diocesitn.it\/area-testimonianza\/2024\/08\/29\/1-settembre-inizia-il-tempo-del-creato-messaggio-di-papa-francesco-spera-e-agisci-con-il-creato-e-materiale-per-lanimazione-comunitaria\/"},"modified":"2024-09-09T15:21:04","modified_gmt":"2024-09-09T13:21:04","slug":"1-settembre-inizia-il-tempo-del-creato-messaggio-di-papa-francesco-spera-e-agisci-con-il-creato-e-materiale-per-lanimazione-comunitaria","status":"publish","type":"post","link":"https:\/\/www.diocesitn.it\/area-testimonianza\/2024\/08\/29\/1-settembre-inizia-il-tempo-del-creato-messaggio-di-papa-francesco-spera-e-agisci-con-il-creato-e-materiale-per-lanimazione-comunitaria\/","title":{"rendered":"1\u00b0 settembre, inizia il Tempo del Creato. Messaggio di papa Francesco (&#8220;Spera e agisci con il creato&#8221;) e materiale per l&#8217;animazione comunitaria"},"content":{"rendered":"<div id=\"pg-w5775387f2b5ac-0\" class=\"panel-grid panel-no-style\">\n<div id=\"pgc-w5775387f2b5ac-0-0\" class=\"panel-grid-cell\">\n<div id=\"panel-w5775387f2b5ac-0-0-2\" class=\"so-panel widget widget_text panel-last-child\" data-index=\"2\">\n<div class=\"textwidget\">\n<div class=\"seed_content_tbt_single_article_excerpt\">La <strong>Giornata Mondiale di Preghiera per la Cura del Creato<\/strong> di <strong>domenica 1\u00b0 settembre<\/strong> &#8211; giunta quest&#8217;anno alla 19a edizione &#8211; segna l\u2019inizio del <strong>Tempo del Creato<\/strong>, che si conclude il <strong>4 ottobre<\/strong>, festa liturgica di San Francesco d\u2019Assisi.<\/div>\n<div class=\"seed_content_tbt_single_article_excerpt\">\u201c<strong>Spera e agisci con il creato<\/strong>\u201d \u00e8 il tema della Giornata e titolo del Messaggio del Papa (diffuso a fine giugno). \u00c8 riferito alla Lettera di San Paolo ai Romani 8,19-25: l\u2019Apostolo sta chiarendo cosa significhi vivere secondo lo Spirito e si concentra sulla speranza certa della salvezza per mezzo della fede, che \u00e8 vita nuova in Cristo.<\/div>\n<div>Sui temi legati al tempo del Creato, anche in Diocesi di Trento tutte le comunit\u00e0 parrocchiali sono invitate a riflettere, per maturare sempre pi\u00f9 scelte condivise legate a nuovi stili di vita.<\/div>\n<div>In dialogo con il Creato si sono senz&#8217;altro posti i 240 ragazze e ragazzi trentini in <strong>cammino-pellegrinaggio<\/strong> a fine agosto verso il santuario <strong>La Verna<\/strong> e <strong>Arezzo<\/strong> (vedi <a href=\"https:\/\/www.diocesitn.it\/site\/la-pace-e-la-via-pellegrinaggio-arezzo-la-verna-per-i-giovani\/\">cronaca quotidiana<\/a>).<\/div>\n<div>\n<hr \/>\n<\/div>\n<h4 class=\"seed_content_tbt_single_article_excerpt\">Il Papa: madre terra violentata<\/h4>\n<\/div>\n<\/div>\n<\/div>\n<\/div>\n<div><span style=\"font-size: inherit\">&#8220;Perch\u00e9 tanto male nel mondo? Perch\u00e9 tanta ingiustizia, tante guerre fratricide che fanno morire i bambini, distruggono le citt\u00e0, inquinano l\u2019ambiente vitale dell\u2019uomo, la madre terra, violentata e devastata? &#8221; si chiede nel Messaggio papa Francesco. &#8220;<\/span><span style=\"font-size: inherit\">Nell\u2019attesa speranzosa e perseverante del ritorno glorioso di Ges\u00f9- scrive poco oltre Bergoglio -, lo Spirito Santo tiene vigile la comunit\u00e0 credente e la istruisce continuamente, la chiama a conversione negli stili di vita, per resistere al degrado umano dell\u2019ambiente e manifestare quella critica sociale che \u00e8 anzitutto testimonianza della possibilit\u00e0 di cambiare&#8221;.\u00a0<\/span><\/div>\n<div id=\"pg-w5775387f2b5ac-0\" class=\"panel-grid panel-no-style\">\n<div id=\"pgc-w5775387f2b5ac-0-0\" class=\"panel-grid-cell\">\n<div id=\"panel-w5775387f2b5ac-0-0-2\" class=\"so-panel widget widget_text panel-last-child\" data-index=\"2\">\n<div class=\"textwidget\">\n<div class=\"seed_content_tbt_single_article_excerpt\"><\/div>\n<\/div>\n<\/div>\n<\/div>\n<div>Di seguito i link rispettivamente a:<\/div>\n<\/div>\n<div id=\"pg-w5775387f2b5ac-1\" class=\"panel-grid panel-has-style\">\n<div class=\"row seed_content_tbt_single_article_wrapper panel-row-style panel-row-style-for-w5775387f2b5ac-1\">\n<div id=\"pgc-w5775387f2b5ac-1-1\" class=\"panel-grid-cell\">\n<div class=\"col-lg-12 cci-content-tbt-page-wrapper-content panel-cell-style panel-cell-style-for-w5775387f2b5ac-1-1\">\n<div id=\"panel-w5775387f2b5ac-1-1-0\" class=\"so-panel widget widget_text panel-first-child panel-last-child\" data-index=\"4\">\n<div class=\"textwidget\">\n<ul class=\"x1e56ztr x1xmf6yo x1xfsgkm xtaz4m5\">\n<li>\n<div class=\"x1e56ztr\"><span class=\"x193iq5w xeuugli x13faqbe x1vvkbs x1xmvt09 x6prxxf xvq8zen xo1l8bm xzsf02u\"><i><a href=\"https:\/\/new.express.adobe.com\/webpage\/JStv0VFspeUWA\" target=\"_blank\" rel=\"noopener\">Messaggio<\/a> del Papa\u00a0<\/i><\/span><\/div>\n<\/li>\n<li>\n<div class=\"x1e56ztr\"><span class=\"x193iq5w xeuugli x13faqbe x1vvkbs x1xmvt09 x6prxxf xvq8zen xo1l8bm xzsf02u\"><span class=\"x193iq5w xeuugli x13faqbe x1vvkbs x1xmvt09 x6prxxf xvq8zen xo1l8bm xzsf02u\"><i><a href=\"https:\/\/unedi.chiesacattolica.it\/giornata-del-creato-2024\/?_gl=1*1mt5lor*_ga*MjA0MjAyMzI5MS4xNjg1MDA3NzQ5*_ga_VMSXLL2MYL*MTcxOTg0NzEyMy44MTYuMS4xNzE5ODQ3MTQwLjAuMC4w\" target=\"_blank\" rel=\"noopener\">Sussidio<\/a>\u00a0per l&#8217;animazione liturgica-teologica-culturale<\/i><\/span><\/span><\/p>\n<hr \/>\n<p><i><\/i><\/div>\n<\/li>\n<\/ul>\n<h4>Le 5c al tempo del creato<\/h4>\n<p><a href=\"https:\/\/www.diocesitn.it\/area-testimonianza\/wp-content\/uploads\/sites\/37\/2024\/08\/Le-5-C-x-tempo-del-Creato-2024.pdf\" target=\"_blank\" rel=\"noopener\"><img loading=\"lazy\" decoding=\"async\" class=\"size-medium wp-image-15620 alignleft\" src=\"https:\/\/www.diocesitn.it\/area-testimonianza\/wp-content\/uploads\/sites\/37\/2024\/08\/Le-5-C-x-tempo-del-Creato-2024-002_Pagina_1-scaled-178x300.jpg\" alt=\"\" width=\"178\" height=\"300\" srcset=\"https:\/\/www.diocesitn.it\/area-testimonianza\/wp-content\/uploads\/sites\/37\/2024\/08\/Le-5-C-x-tempo-del-Creato-2024-002_Pagina_1-scaled-178x300.jpg 178w, https:\/\/www.diocesitn.it\/area-testimonianza\/wp-content\/uploads\/sites\/37\/2024\/08\/Le-5-C-x-tempo-del-Creato-2024-002_Pagina_1-scaled-608x1024.jpg 608w, https:\/\/www.diocesitn.it\/area-testimonianza\/wp-content\/uploads\/sites\/37\/2024\/08\/Le-5-C-x-tempo-del-Creato-2024-002_Pagina_1-scaled-768x1293.jpg 768w, https:\/\/www.diocesitn.it\/area-testimonianza\/wp-content\/uploads\/sites\/37\/2024\/08\/Le-5-C-x-tempo-del-Creato-2024-002_Pagina_1-scaled-166x280.jpg 166w, https:\/\/www.diocesitn.it\/area-testimonianza\/wp-content\/uploads\/sites\/37\/2024\/08\/Le-5-C-x-tempo-del-Creato-2024-002_Pagina_1-scaled-456x768.jpg 456w, https:\/\/www.diocesitn.it\/area-testimonianza\/wp-content\/uploads\/sites\/37\/2024\/08\/Le-5-C-x-tempo-del-Creato-2024-002_Pagina_1-scaled-913x1536.jpg 913w, https:\/\/www.diocesitn.it\/area-testimonianza\/wp-content\/uploads\/sites\/37\/2024\/08\/Le-5-C-x-tempo-del-Creato-2024-002_Pagina_1-scaled-1217x2048.jpg 1217w, https:\/\/www.diocesitn.it\/area-testimonianza\/wp-content\/uploads\/sites\/37\/2024\/08\/Le-5-C-x-tempo-del-Creato-2024-002_Pagina_1-scaled-800x1346.jpg 800w, https:\/\/www.diocesitn.it\/area-testimonianza\/wp-content\/uploads\/sites\/37\/2024\/08\/Le-5-C-x-tempo-del-Creato-2024-002_Pagina_1-scaled-1200x2020.jpg 1200w, https:\/\/www.diocesitn.it\/area-testimonianza\/wp-content\/uploads\/sites\/37\/2024\/08\/Le-5-C-x-tempo-del-Creato-2024-002_Pagina_1-scaled.jpg 1521w\" sizes=\"auto, (max-width: 178px) 100vw, 178px\" \/><\/a>Alla luce del Messaggio del Papa, <strong>Adriano Sella<\/strong>, vicentino, scrittore ed educatore nel campo dei Nuovi stili di vita e promotore del movimento Gocce di giustizia ha elaborato le &#8220;<strong>5 C per vivere bene il Tempo del Creato 2024<\/strong>&#8221; (una per ogni domenica): <strong>custodia<\/strong>, <strong>conversione<\/strong>, <strong>comunit\u00e0<\/strong>, <strong>cura<\/strong>, <strong>cambiamento<\/strong>. Qui le sue indicazioni (<strong><a href=\"https:\/\/www.diocesitn.it\/wp-content\/uploads\/sites\/37\/2024\/08\/Le-5-C-x-tempo-del-Creato-2024.pdf\">scarica file<\/a><\/strong>)<\/p>\n<h4><\/h4>\n<h4><\/h4>\n<h4><\/h4>\n<\/div>\n<\/div>\n<hr \/>\n<div id=\"panel-w5775387f2b5ac-1-1-0\" class=\"so-panel widget widget_text panel-first-child panel-last-child\" data-index=\"4\">\n<h4>L&#8217;approfondimento su Vita Trentina<\/h4>\n<p>Il settimanale <strong>Vita Trentina<\/strong> riserva l&#8217;apertura dell&#8217;ultimo numero (<strong>Sos dal Creato<\/strong>) alla Giornata del Creato e al &#8220;Tempo&#8221; dedicato con un ampio servizio in cui richiama <strong>tre questioni cruciali<\/strong> per il futuro, anche e soprattutto in Trentino: <strong>ritiro dei ghiacciai<\/strong>, <strong>sovraffollamento turistico<\/strong> (tema pi\u00f9 volte sollevato nel dibattito pubblico nel corso dell&#8217;estate) e <strong>coesistenza con gli animali selvatici<\/strong> (al centro anche di sondaggi popolari avviati nelle ultime settimane).<\/p>\n<hr \/>\n<div class=\"textwidget\">\n<h4>A fine settembre tavola rotonda con Accri<\/h4>\n<p>Sabato 28 settembre a <strong>Trento<\/strong> al <strong>Collegio Arcivescovile<\/strong> (sala Gabrielli) \u00e8 in programma alle <strong>ore 10.00<\/strong> una tavola rotonda sul tema dell&#8217;ecologia integrale promossa dalla Diocesi con Focsiv e Accri. Interverranno:<\/p>\n<ul>\n<li><strong>Andrea Stocchiero &#8211; <\/strong>\u00a0policy officer di FOCSIV e ricercatore del Centro Studi di Politica Internazionale (CESPI).<\/li>\n<li><strong>Mons. Luigi Bressan \u2013 <\/strong>arcivescovo emerito di Trento e rappresentante CEI presso FOCSIV<\/li>\n<li><strong>Pietro Comper \u2013 <\/strong>imprenditore Economia di Comunione<\/li>\n<li><strong>Francesco Dellagiacoma<\/strong> \u2013 Rete interdiocesana Nuovi stili di vita<br \/>\n<hr \/>\n<\/li>\n<\/ul>\n<\/div>\n<p><span style=\"font-size: inherit\">Nella foto principale, localit\u00e0 Fuchiade (val di Fassa) &#8211; Ufficio Stampa Diocesi-Tn\u00a0<\/span><\/p>\n<\/div>\n<\/div>\n<\/div>\n<\/div>\n<\/div>\n","protected":false},"excerpt":{"rendered":"<p>La Giornata Mondiale di Preghiera per la Cura del Creato di domenica 1\u00b0 settembre &#8211; giunta quest&#8217;anno alla 19a edizione &#8211; segna l\u2019inizio del Tempo del Creato, che si conclude il 4 ottobre, festa liturgica<\/p>\n","protected":false},"author":3,"featured_media":15619,"comment_status":"closed","ping_status":"closed","sticky":false,"template":"","format":"standard","meta":{"footnotes":""},"categories":[2113,1074],"tags":[2270,1868,2343],"class_list":["post-15618","post","type-post","status-publish","format-standard","has-post-thumbnail","hentry","category-servizio-cura-creato","category-notizie","tag-creato","tag-giornata-del-creato","tag-tempo-del-creato"],"acf":{"seed-localization-paese-cod":"IT","seed-localization-address":"","seed-localization-citta":"Trento","seed-localization-regione-cod-istat":"04","seed-localization-citta-cod-istat":"022205","seed-localization-localita":"","seed-localization-cap":"","seed-localization-marker-visibility":false,"seed-localization-children-visibility":false,"seed-localization-kml":"","seed-localization-custom-marker":""},"yoast_head":"<!-- This site is optimized with the Yoast SEO Premium plugin v20.2.1 (Yoast SEO v22.2) - https:\/\/yoast.com\/wordpress\/plugins\/seo\/ -->\n<title>1\u00b0 settembre, Tempo del Creato. Papa: spera e agisci con il creato<\/title>\n<meta name=\"description\" content=\"1\u00b0 settembre, inizia il Tempo del Creato. Messaggio di papa Francesco (&quot;Spera e agisci con il creato&quot;) e materiale per l&#039;animazione\" \/>\n<meta name=\"robots\" content=\"index, follow, max-snippet:-1, max-image-preview:large, max-video-preview:-1\" \/>\n<link rel=\"canonical\" href=\"https:\/\/www.diocesitn.it\/area-testimonianza\/2024\/08\/29\/1-settembre-inizia-il-tempo-del-creato-messaggio-di-papa-francesco-spera-e-agisci-con-il-creato-e-materiale-per-lanimazione-comunitaria\/\" \/>\n<meta property=\"og:locale\" content=\"it_IT\" \/>\n<meta property=\"og:type\" content=\"article\" \/>\n<meta property=\"og:title\" content=\"1\u00b0 settembre, inizia il Tempo del Creato. Messaggio di papa Francesco (&quot;Spera e agisci con il creato&quot;) e materiale per l&#039;animazione comunitaria\" \/>\n<meta property=\"og:description\" content=\"1\u00b0 settembre, inizia il Tempo del Creato. Messaggio di papa Francesco (&quot;Spera e agisci con il creato&quot;) e materiale per l&#039;animazione\" \/>\n<meta property=\"og:url\" content=\"https:\/\/www.diocesitn.it\/area-testimonianza\/2024\/08\/29\/1-settembre-inizia-il-tempo-del-creato-messaggio-di-papa-francesco-spera-e-agisci-con-il-creato-e-materiale-per-lanimazione-comunitaria\/\" \/>\n<meta property=\"og:site_name\" content=\"Testimonianza e Impegno sociale\" \/>\n<meta property=\"article:published_time\" content=\"2024-08-29T08:07:23+00:00\" \/>\n<meta property=\"article:modified_time\" content=\"2024-09-09T13:21:04+00:00\" \/>\n<meta property=\"og:image\" content=\"https:\/\/www.diocesitn.it\/area-testimonianza\/wp-content\/uploads\/sites\/37\/2024\/08\/Creato_Fuchiade_agosto24_web.jpg\" \/>\n\t<meta property=\"og:image:width\" content=\"900\" \/>\n\t<meta property=\"og:image:height\" content=\"675\" \/>\n\t<meta property=\"og:image:type\" content=\"image\/jpeg\" \/>\n<meta name=\"author\" content=\"Piergiorgio Franceschini\" \/>\n<meta name=\"twitter:card\" content=\"summary_large_image\" \/>\n<meta name=\"twitter:label1\" content=\"Scritto da\" \/>\n\t<meta name=\"twitter:data1\" content=\"Piergiorgio Franceschini\" \/>\n\t<meta name=\"twitter:label2\" content=\"Tempo di lettura stimato\" \/>\n\t<meta name=\"twitter:data2\" content=\"3 minuti\" \/>\n<script type=\"application\/ld+json\" class=\"yoast-schema-graph\">{\"@context\":\"https:\/\/schema.org\",\"@graph\":[{\"@type\":\"Article\",\"@id\":\"https:\/\/www.diocesitn.it\/area-testimonianza\/2024\/08\/29\/1-settembre-inizia-il-tempo-del-creato-messaggio-di-papa-francesco-spera-e-agisci-con-il-creato-e-materiale-per-lanimazione-comunitaria\/#article\",\"isPartOf\":{\"@id\":\"https:\/\/www.diocesitn.it\/area-testimonianza\/2024\/08\/29\/1-settembre-inizia-il-tempo-del-creato-messaggio-di-papa-francesco-spera-e-agisci-con-il-creato-e-materiale-per-lanimazione-comunitaria\/\"},\"author\":{\"name\":\"Piergiorgio Franceschini\",\"@id\":\"https:\/\/www.diocesitn.it\/area-testimonianza\/#\/schema\/person\/99590c84577873a025247b6aeb16ad2e\"},\"headline\":\"1\u00b0 settembre, inizia il Tempo del Creato. Messaggio di papa Francesco (&#8220;Spera e agisci con il creato&#8221;) e materiale per l&#8217;animazione comunitaria\",\"datePublished\":\"2024-08-29T08:07:23+00:00\",\"dateModified\":\"2024-09-09T13:21:04+00:00\",\"mainEntityOfPage\":{\"@id\":\"https:\/\/www.diocesitn.it\/area-testimonianza\/2024\/08\/29\/1-settembre-inizia-il-tempo-del-creato-messaggio-di-papa-francesco-spera-e-agisci-con-il-creato-e-materiale-per-lanimazione-comunitaria\/\"},\"wordCount\":506,\"publisher\":{\"@id\":\"https:\/\/www.diocesitn.it\/area-testimonianza\/#organization\"},\"image\":{\"@id\":\"https:\/\/www.diocesitn.it\/area-testimonianza\/2024\/08\/29\/1-settembre-inizia-il-tempo-del-creato-messaggio-di-papa-francesco-spera-e-agisci-con-il-creato-e-materiale-per-lanimazione-comunitaria\/#primaryimage\"},\"thumbnailUrl\":\"https:\/\/www.diocesitn.it\/area-testimonianza\/wp-content\/uploads\/sites\/37\/2024\/08\/Creato_Fuchiade_agosto24_web.jpg\",\"keywords\":[\"creato\",\"Giornata del Creato\",\"tempo del creato\"],\"articleSection\":[\"Cura del Creato\",\"Notizie\"],\"inLanguage\":\"it-IT\",\"copyrightYear\":\"2024\",\"copyrightHolder\":{\"@id\":\"https:\/\/www.diocesitn.it\/#organization\"}},{\"@type\":\"WebPage\",\"@id\":\"https:\/\/www.diocesitn.it\/area-testimonianza\/2024\/08\/29\/1-settembre-inizia-il-tempo-del-creato-messaggio-di-papa-francesco-spera-e-agisci-con-il-creato-e-materiale-per-lanimazione-comunitaria\/\",\"url\":\"https:\/\/www.diocesitn.it\/area-testimonianza\/2024\/08\/29\/1-settembre-inizia-il-tempo-del-creato-messaggio-di-papa-francesco-spera-e-agisci-con-il-creato-e-materiale-per-lanimazione-comunitaria\/\",\"name\":\"1\u00b0 settembre, Tempo del Creato. Papa: spera e agisci con il creato\",\"isPartOf\":{\"@id\":\"https:\/\/www.diocesitn.it\/area-testimonianza\/#website\"},\"primaryImageOfPage\":{\"@id\":\"https:\/\/www.diocesitn.it\/area-testimonianza\/2024\/08\/29\/1-settembre-inizia-il-tempo-del-creato-messaggio-di-papa-francesco-spera-e-agisci-con-il-creato-e-materiale-per-lanimazione-comunitaria\/#primaryimage\"},\"image\":{\"@id\":\"https:\/\/www.diocesitn.it\/area-testimonianza\/2024\/08\/29\/1-settembre-inizia-il-tempo-del-creato-messaggio-di-papa-francesco-spera-e-agisci-con-il-creato-e-materiale-per-lanimazione-comunitaria\/#primaryimage\"},\"thumbnailUrl\":\"https:\/\/www.diocesitn.it\/area-testimonianza\/wp-content\/uploads\/sites\/37\/2024\/08\/Creato_Fuchiade_agosto24_web.jpg\",\"datePublished\":\"2024-08-29T08:07:23+00:00\",\"dateModified\":\"2024-09-09T13:21:04+00:00\",\"description\":\"1\u00b0 settembre, inizia il Tempo del Creato. Messaggio di papa Francesco (\\\"Spera e agisci con il creato\\\") e materiale per l'animazione\",\"breadcrumb\":{\"@id\":\"https:\/\/www.diocesitn.it\/area-testimonianza\/2024\/08\/29\/1-settembre-inizia-il-tempo-del-creato-messaggio-di-papa-francesco-spera-e-agisci-con-il-creato-e-materiale-per-lanimazione-comunitaria\/#breadcrumb\"},\"inLanguage\":\"it-IT\",\"potentialAction\":[{\"@type\":\"ReadAction\",\"target\":[\"https:\/\/www.diocesitn.it\/area-testimonianza\/2024\/08\/29\/1-settembre-inizia-il-tempo-del-creato-messaggio-di-papa-francesco-spera-e-agisci-con-il-creato-e-materiale-per-lanimazione-comunitaria\/\"]}]},{\"@type\":\"ImageObject\",\"inLanguage\":\"it-IT\",\"@id\":\"https:\/\/www.diocesitn.it\/area-testimonianza\/2024\/08\/29\/1-settembre-inizia-il-tempo-del-creato-messaggio-di-papa-francesco-spera-e-agisci-con-il-creato-e-materiale-per-lanimazione-comunitaria\/#primaryimage\",\"url\":\"https:\/\/www.diocesitn.it\/area-testimonianza\/wp-content\/uploads\/sites\/37\/2024\/08\/Creato_Fuchiade_agosto24_web.jpg\",\"contentUrl\":\"https:\/\/www.diocesitn.it\/area-testimonianza\/wp-content\/uploads\/sites\/37\/2024\/08\/Creato_Fuchiade_agosto24_web.jpg\",\"width\":900,\"height\":675},{\"@type\":\"BreadcrumbList\",\"@id\":\"https:\/\/www.diocesitn.it\/area-testimonianza\/2024\/08\/29\/1-settembre-inizia-il-tempo-del-creato-messaggio-di-papa-francesco-spera-e-agisci-con-il-creato-e-materiale-per-lanimazione-comunitaria\/#breadcrumb\",\"itemListElement\":[{\"@type\":\"ListItem\",\"position\":1,\"name\":\"Home\",\"item\":\"https:\/\/www.diocesitn.it\/area-testimonianza\/\"},{\"@type\":\"ListItem\",\"position\":2,\"name\":\"1\u00b0 settembre, inizia il Tempo del Creato. Messaggio di papa Francesco (&#8220;Spera e agisci con il creato&#8221;) e materiale per l&#8217;animazione comunitaria\"}]},{\"@type\":\"WebSite\",\"@id\":\"https:\/\/www.diocesitn.it\/area-testimonianza\/#website\",\"url\":\"https:\/\/www.diocesitn.it\/area-testimonianza\/\",\"name\":\"Testimonianza e Impegno sociale\",\"description\":\"Chiesa di Trento\",\"publisher\":{\"@id\":\"https:\/\/www.diocesitn.it\/area-testimonianza\/#organization\"},\"potentialAction\":[{\"@type\":\"SearchAction\",\"target\":{\"@type\":\"EntryPoint\",\"urlTemplate\":\"https:\/\/www.diocesitn.it\/area-testimonianza\/?s={search_term_string}\"},\"query-input\":\"required name=search_term_string\"}],\"inLanguage\":\"it-IT\"},{\"@type\":[\"Organization\",\"Place\"],\"@id\":\"https:\/\/www.diocesitn.it\/area-testimonianza\/#organization\",\"name\":\"Area Testimonianza e Impegno Sociale - Chiesa di Trento\",\"url\":\"https:\/\/www.diocesitn.it\/area-testimonianza\/\",\"logo\":{\"@id\":\"https:\/\/www.diocesitn.it\/area-testimonianza\/2024\/08\/29\/1-settembre-inizia-il-tempo-del-creato-messaggio-di-papa-francesco-spera-e-agisci-con-il-creato-e-materiale-per-lanimazione-comunitaria\/#local-main-organization-logo\"},\"image\":{\"@id\":\"https:\/\/www.diocesitn.it\/area-testimonianza\/2024\/08\/29\/1-settembre-inizia-il-tempo-del-creato-messaggio-di-papa-francesco-spera-e-agisci-con-il-creato-e-materiale-per-lanimazione-comunitaria\/#local-main-organization-logo\"},\"openingHoursSpecification\":[{\"@type\":\"OpeningHoursSpecification\",\"dayOfWeek\":[\"Monday\",\"Tuesday\",\"Wednesday\",\"Thursday\",\"Friday\",\"Saturday\",\"Sunday\"],\"opens\":\"09:00\",\"closes\":\"17:00\"}]},{\"@type\":\"ImageObject\",\"inLanguage\":\"it-IT\",\"@id\":\"https:\/\/www.diocesitn.it\/area-testimonianza\/2024\/08\/29\/1-settembre-inizia-il-tempo-del-creato-messaggio-di-papa-francesco-spera-e-agisci-con-il-creato-e-materiale-per-lanimazione-comunitaria\/#local-main-organization-logo\",\"url\":\"https:\/\/www.diocesitn.it\/area-testimonianza\/wp-content\/uploads\/sites\/37\/2021\/09\/og-logo-testimonianza-e-impegno-sociale.jpg\",\"contentUrl\":\"https:\/\/www.diocesitn.it\/area-testimonianza\/wp-content\/uploads\/sites\/37\/2021\/09\/og-logo-testimonianza-e-impegno-sociale.jpg\",\"width\":1200,\"height\":630,\"caption\":\"Area Testimonianza e Impegno Sociale - Chiesa di Trento\"}]}<\/script>\n<!-- \/ Yoast SEO Premium plugin. -->","yoast_head_json":{"title":"1\u00b0 settembre, Tempo del Creato. Papa: spera e agisci con il creato","description":"1\u00b0 settembre, inizia il Tempo del Creato. Messaggio di papa Francesco (\"Spera e agisci con il creato\") e materiale per l'animazione","robots":{"index":"index","follow":"follow","max-snippet":"max-snippet:-1","max-image-preview":"max-image-preview:large","max-video-preview":"max-video-preview:-1"},"canonical":"https:\/\/www.diocesitn.it\/area-testimonianza\/2024\/08\/29\/1-settembre-inizia-il-tempo-del-creato-messaggio-di-papa-francesco-spera-e-agisci-con-il-creato-e-materiale-per-lanimazione-comunitaria\/","og_locale":"it_IT","og_type":"article","og_title":"1\u00b0 settembre, inizia il Tempo del Creato. Messaggio di papa Francesco (\"Spera e agisci con il creato\") e materiale per l'animazione comunitaria","og_description":"1\u00b0 settembre, inizia il Tempo del Creato. Messaggio di papa Francesco (\"Spera e agisci con il creato\") e materiale per l'animazione","og_url":"https:\/\/www.diocesitn.it\/area-testimonianza\/2024\/08\/29\/1-settembre-inizia-il-tempo-del-creato-messaggio-di-papa-francesco-spera-e-agisci-con-il-creato-e-materiale-per-lanimazione-comunitaria\/","og_site_name":"Testimonianza e Impegno sociale","article_published_time":"2024-08-29T08:07:23+00:00","article_modified_time":"2024-09-09T13:21:04+00:00","og_image":[{"width":900,"height":675,"url":"https:\/\/www.diocesitn.it\/area-testimonianza\/wp-content\/uploads\/sites\/37\/2024\/08\/Creato_Fuchiade_agosto24_web.jpg","type":"image\/jpeg"}],"author":"Piergiorgio Franceschini","twitter_card":"summary_large_image","twitter_misc":{"Scritto da":"Piergiorgio Franceschini","Tempo di lettura stimato":"3 minuti"},"schema":{"@context":"https:\/\/schema.org","@graph":[{"@type":"Article","@id":"https:\/\/www.diocesitn.it\/area-testimonianza\/2024\/08\/29\/1-settembre-inizia-il-tempo-del-creato-messaggio-di-papa-francesco-spera-e-agisci-con-il-creato-e-materiale-per-lanimazione-comunitaria\/#article","isPartOf":{"@id":"https:\/\/www.diocesitn.it\/area-testimonianza\/2024\/08\/29\/1-settembre-inizia-il-tempo-del-creato-messaggio-di-papa-francesco-spera-e-agisci-con-il-creato-e-materiale-per-lanimazione-comunitaria\/"},"author":{"name":"Piergiorgio Franceschini","@id":"https:\/\/www.diocesitn.it\/area-testimonianza\/#\/schema\/person\/99590c84577873a025247b6aeb16ad2e"},"headline":"1\u00b0 settembre, inizia il Tempo del Creato. Messaggio di papa Francesco (&#8220;Spera e agisci con il creato&#8221;) e materiale per l&#8217;animazione comunitaria","datePublished":"2024-08-29T08:07:23+00:00","dateModified":"2024-09-09T13:21:04+00:00","mainEntityOfPage":{"@id":"https:\/\/www.diocesitn.it\/area-testimonianza\/2024\/08\/29\/1-settembre-inizia-il-tempo-del-creato-messaggio-di-papa-francesco-spera-e-agisci-con-il-creato-e-materiale-per-lanimazione-comunitaria\/"},"wordCount":506,"publisher":{"@id":"https:\/\/www.diocesitn.it\/area-testimonianza\/#organization"},"image":{"@id":"https:\/\/www.diocesitn.it\/area-testimonianza\/2024\/08\/29\/1-settembre-inizia-il-tempo-del-creato-messaggio-di-papa-francesco-spera-e-agisci-con-il-creato-e-materiale-per-lanimazione-comunitaria\/#primaryimage"},"thumbnailUrl":"https:\/\/www.diocesitn.it\/area-testimonianza\/wp-content\/uploads\/sites\/37\/2024\/08\/Creato_Fuchiade_agosto24_web.jpg","keywords":["creato","Giornata del Creato","tempo del creato"],"articleSection":["Cura del Creato","Notizie"],"inLanguage":"it-IT","copyrightYear":"2024","copyrightHolder":{"@id":"https:\/\/www.diocesitn.it\/#organization"}},{"@type":"WebPage","@id":"https:\/\/www.diocesitn.it\/area-testimonianza\/2024\/08\/29\/1-settembre-inizia-il-tempo-del-creato-messaggio-di-papa-francesco-spera-e-agisci-con-il-creato-e-materiale-per-lanimazione-comunitaria\/","url":"https:\/\/www.diocesitn.it\/area-testimonianza\/2024\/08\/29\/1-settembre-inizia-il-tempo-del-creato-messaggio-di-papa-francesco-spera-e-agisci-con-il-creato-e-materiale-per-lanimazione-comunitaria\/","name":"1\u00b0 settembre, Tempo del Creato. Papa: spera e agisci con il creato","isPartOf":{"@id":"https:\/\/www.diocesitn.it\/area-testimonianza\/#website"},"primaryImageOfPage":{"@id":"https:\/\/www.diocesitn.it\/area-testimonianza\/2024\/08\/29\/1-settembre-inizia-il-tempo-del-creato-messaggio-di-papa-francesco-spera-e-agisci-con-il-creato-e-materiale-per-lanimazione-comunitaria\/#primaryimage"},"image":{"@id":"https:\/\/www.diocesitn.it\/area-testimonianza\/2024\/08\/29\/1-settembre-inizia-il-tempo-del-creato-messaggio-di-papa-francesco-spera-e-agisci-con-il-creato-e-materiale-per-lanimazione-comunitaria\/#primaryimage"},"thumbnailUrl":"https:\/\/www.diocesitn.it\/area-testimonianza\/wp-content\/uploads\/sites\/37\/2024\/08\/Creato_Fuchiade_agosto24_web.jpg","datePublished":"2024-08-29T08:07:23+00:00","dateModified":"2024-09-09T13:21:04+00:00","description":"1\u00b0 settembre, inizia il Tempo del Creato. Messaggio di papa Francesco (\"Spera e agisci con il creato\") e materiale per l'animazione","breadcrumb":{"@id":"https:\/\/www.diocesitn.it\/area-testimonianza\/2024\/08\/29\/1-settembre-inizia-il-tempo-del-creato-messaggio-di-papa-francesco-spera-e-agisci-con-il-creato-e-materiale-per-lanimazione-comunitaria\/#breadcrumb"},"inLanguage":"it-IT","potentialAction":[{"@type":"ReadAction","target":["https:\/\/www.diocesitn.it\/area-testimonianza\/2024\/08\/29\/1-settembre-inizia-il-tempo-del-creato-messaggio-di-papa-francesco-spera-e-agisci-con-il-creato-e-materiale-per-lanimazione-comunitaria\/"]}]},{"@type":"ImageObject","inLanguage":"it-IT","@id":"https:\/\/www.diocesitn.it\/area-testimonianza\/2024\/08\/29\/1-settembre-inizia-il-tempo-del-creato-messaggio-di-papa-francesco-spera-e-agisci-con-il-creato-e-materiale-per-lanimazione-comunitaria\/#primaryimage","url":"https:\/\/www.diocesitn.it\/area-testimonianza\/wp-content\/uploads\/sites\/37\/2024\/08\/Creato_Fuchiade_agosto24_web.jpg","contentUrl":"https:\/\/www.diocesitn.it\/area-testimonianza\/wp-content\/uploads\/sites\/37\/2024\/08\/Creato_Fuchiade_agosto24_web.jpg","width":900,"height":675},{"@type":"BreadcrumbList","@id":"https:\/\/www.diocesitn.it\/area-testimonianza\/2024\/08\/29\/1-settembre-inizia-il-tempo-del-creato-messaggio-di-papa-francesco-spera-e-agisci-con-il-creato-e-materiale-per-lanimazione-comunitaria\/#breadcrumb","itemListElement":[{"@type":"ListItem","position":1,"name":"Home","item":"https:\/\/www.diocesitn.it\/area-testimonianza\/"},{"@type":"ListItem","position":2,"name":"1\u00b0 settembre, inizia il Tempo del Creato. Messaggio di papa Francesco (&#8220;Spera e agisci con il creato&#8221;) e materiale per l&#8217;animazione comunitaria"}]},{"@type":"WebSite","@id":"https:\/\/www.diocesitn.it\/area-testimonianza\/#website","url":"https:\/\/www.diocesitn.it\/area-testimonianza\/","name":"Testimonianza e Impegno sociale","description":"Chiesa di Trento","publisher":{"@id":"https:\/\/www.diocesitn.it\/area-testimonianza\/#organization"},"potentialAction":[{"@type":"SearchAction","target":{"@type":"EntryPoint","urlTemplate":"https:\/\/www.diocesitn.it\/area-testimonianza\/?s={search_term_string}"},"query-input":"required name=search_term_string"}],"inLanguage":"it-IT"},{"@type":["Organization","Place"],"@id":"https:\/\/www.diocesitn.it\/area-testimonianza\/#organization","name":"Area Testimonianza e Impegno Sociale - Chiesa di Trento","url":"https:\/\/www.diocesitn.it\/area-testimonianza\/","logo":{"@id":"https:\/\/www.diocesitn.it\/area-testimonianza\/2024\/08\/29\/1-settembre-inizia-il-tempo-del-creato-messaggio-di-papa-francesco-spera-e-agisci-con-il-creato-e-materiale-per-lanimazione-comunitaria\/#local-main-organization-logo"},"image":{"@id":"https:\/\/www.diocesitn.it\/area-testimonianza\/2024\/08\/29\/1-settembre-inizia-il-tempo-del-creato-messaggio-di-papa-francesco-spera-e-agisci-con-il-creato-e-materiale-per-lanimazione-comunitaria\/#local-main-organization-logo"},"openingHoursSpecification":[{"@type":"OpeningHoursSpecification","dayOfWeek":["Monday","Tuesday","Wednesday","Thursday","Friday","Saturday","Sunday"],"opens":"09:00","closes":"17:00"}]},{"@type":"ImageObject","inLanguage":"it-IT","@id":"https:\/\/www.diocesitn.it\/area-testimonianza\/2024\/08\/29\/1-settembre-inizia-il-tempo-del-creato-messaggio-di-papa-francesco-spera-e-agisci-con-il-creato-e-materiale-per-lanimazione-comunitaria\/#local-main-organization-logo","url":"https:\/\/www.diocesitn.it\/area-testimonianza\/wp-content\/uploads\/sites\/37\/2021\/09\/og-logo-testimonianza-e-impegno-sociale.jpg","contentUrl":"https:\/\/www.diocesitn.it\/area-testimonianza\/wp-content\/uploads\/sites\/37\/2021\/09\/og-logo-testimonianza-e-impegno-sociale.jpg","width":1200,"height":630,"caption":"Area Testimonianza e Impegno Sociale - Chiesa di Trento"}]}},"_links":{"self":[{"href":"https:\/\/www.diocesitn.it\/area-testimonianza\/wp-json\/wp\/v2\/posts\/15618","targetHints":{"allow":["GET"]}}],"collection":[{"href":"https:\/\/www.diocesitn.it\/area-testimonianza\/wp-json\/wp\/v2\/posts"}],"about":[{"href":"https:\/\/www.diocesitn.it\/area-testimonianza\/wp-json\/wp\/v2\/types\/post"}],"author":[{"embeddable":true,"href":"https:\/\/www.diocesitn.it\/area-testimonianza\/wp-json\/wp\/v2\/users\/3"}],"replies":[{"embeddable":true,"href":"https:\/\/www.diocesitn.it\/area-testimonianza\/wp-json\/wp\/v2\/comments?post=15618"}],"version-history":[{"count":3,"href":"https:\/\/www.diocesitn.it\/area-testimonianza\/wp-json\/wp\/v2\/posts\/15618\/revisions"}],"predecessor-version":[{"id":15624,"href":"https:\/\/www.diocesitn.it\/area-testimonianza\/wp-json\/wp\/v2\/posts\/15618\/revisions\/15624"}],"wp:featuredmedia":[{"embeddable":true,"href":"https:\/\/www.diocesitn.it\/area-testimonianza\/wp-json\/wp\/v2\/media\/15619"}],"wp:attachment":[{"href":"https:\/\/www.diocesitn.it\/area-testimonianza\/wp-json\/wp\/v2\/media?parent=15618"}],"wp:term":[{"taxonomy":"category","embeddable":true,"href":"https:\/\/www.diocesitn.it\/area-testimonianza\/wp-json\/wp\/v2\/categories?post=15618"},{"taxonomy":"post_tag","embeddable":true,"href":"https:\/\/www.diocesitn.it\/area-testimonianza\/wp-json\/wp\/v2\/tags?post=15618"}],"curies":[{"name":"wp","href":"https:\/\/api.w.org\/{rel}","templated":true}]}}