{"id":15587,"date":"2024-08-28T16:25:28","date_gmt":"2024-08-28T14:25:28","guid":{"rendered":"https:\/\/www.diocesitn.it\/area-testimonianza\/2024\/08\/28\/francesco-respingere-i-migranti-e-peccato-grave-mari-e-deserti-non-siano-cimiteri\/"},"modified":"2024-10-01T08:38:53","modified_gmt":"2024-10-01T06:38:53","slug":"francesco-respingere-i-migranti-e-peccato-grave-mari-e-deserti-non-siano-cimiteri","status":"publish","type":"post","link":"https:\/\/www.diocesitn.it\/area-testimonianza\/2024\/08\/28\/francesco-respingere-i-migranti-e-peccato-grave-mari-e-deserti-non-siano-cimiteri\/","title":{"rendered":"Papa Francesco: respingere i migranti \u00e8 peccato grave, mari e deserti non siano cimiteri"},"content":{"rendered":"<div><img loading=\"lazy\" decoding=\"async\" class=\"size-medium wp-image-15589 alignleft\" src=\"https:\/\/www.diocesitn.it\/wp-content\/uploads\/sites\/37\/2024\/08\/papa_migranti2-300x200.jpg\" alt=\"\" width=\"300\" height=\"200\" srcset=\"https:\/\/www.diocesitn.it\/area-testimonianza\/wp-content\/uploads\/sites\/37\/2024\/08\/papa_migranti2-300x200.jpg 300w, https:\/\/www.diocesitn.it\/area-testimonianza\/wp-content\/uploads\/sites\/37\/2024\/08\/papa_migranti2-768x512.jpg 768w, https:\/\/www.diocesitn.it\/area-testimonianza\/wp-content\/uploads\/sites\/37\/2024\/08\/papa_migranti2-360x240.jpg 360w, https:\/\/www.diocesitn.it\/area-testimonianza\/wp-content\/uploads\/sites\/37\/2024\/08\/papa_migranti2-800x533.jpg 800w, https:\/\/www.diocesitn.it\/area-testimonianza\/wp-content\/uploads\/sites\/37\/2024\/08\/papa_migranti2-272x182.jpg 272w, https:\/\/www.diocesitn.it\/area-testimonianza\/wp-content\/uploads\/sites\/37\/2024\/08\/papa_migranti2.jpg 900w\" sizes=\"auto, (max-width: 300px) 100vw, 300px\" \/>Il <strong>Mediterraneo<\/strong> &#8220;mare nostrum, luogo di comunicazione fra popoli e civilt\u00e0, \u00e8 diventato un cimitero. E la tragedia \u00e8 che molti, la maggior parte di questi morti, potevano essere salvati.<\/div>\n<p><!--more--><\/p>\n<div>Bisogna dirlo con chiarezza: c\u2019\u00e8 chi opera sistematicamente e con ogni mezzo per <strong>respingere i migranti<\/strong>. E questo, quando \u00e8 fatto con coscienza e responsabilit\u00e0, \u00e8 un peccato grave&#8221;.<\/div>\n<div>Non usa giri di parole <strong>papa Francesco<\/strong> per denunciare le troppi stragi di persone in fuga da guerre e calamit\u00e0. Lo fa in piazza san Pietro all&#8217;<strong>udienza generale <\/strong>di <strong>mercoled\u00ec 28 agosto<\/strong>, ricordando quanti sono costretti ad attraversare i pericoli di territori ostili, rimettendoci troppe volte la vita.<\/div>\n<div><\/div>\n<div>Per Bergoglio non servono leggi restrittive o la militarizzazione delle frontiere, ma &#8220;vie di accesso sicure e regolari&#8221; e &#8220;una governance globale delle migrazioni fondata sulla giustizia, sulla fratellanza e sulla solidariet\u00e0&#8221;.\u00a0<b><\/b><\/div>\n<div><\/div>\n<div><\/div>\n<div>Leggi tutto su <a href=\"https:\/\/www.vaticannews.va\/it\/papa\/news\/2024-08\/catechesi-papa-francesco-udienza-generale-28-agosto-2024.html\">Vatican News<\/a><\/div>\n<div><\/div>\n<div>Qui <a href=\"https:\/\/www.youtube.com\/watch?v=i2q75kLhPKs\">link al video<\/a> integrale dell&#8217;Udienza<\/div>\n<div><\/div>\n<div>Foto: Vatican Media\/SIR<\/div>\n<div><\/div>\n","protected":false},"excerpt":{"rendered":"<p>Il Mediterraneo &#8220;mare nostrum, luogo di comunicazione fra popoli e civilt\u00e0, \u00e8 diventato un cimitero. E la tragedia \u00e8 che molti, la maggior parte di questi morti, potevano essere salvati.<\/p>\n","protected":false},"author":3,"featured_media":15588,"comment_status":"closed","ping_status":"closed","sticky":false,"template":"","format":"standard","meta":{"footnotes":""},"categories":[1074,1662],"tags":[1095,2338],"class_list":["post-15587","post","type-post","status-publish","format-standard","has-post-thumbnail","hentry","category-notizie","category-servizio-migrazioni","tag-migranti","tag-papa"],"acf":{"seed-localization-paese-cod":"IT","seed-localization-address":"","seed-localization-citta":"Trento","seed-localization-regione-cod-istat":"04","seed-localization-citta-cod-istat":"022205","seed-localization-localita":"","seed-localization-cap":"","seed-localization-marker-visibility":false,"seed-localization-children-visibility":false,"seed-localization-kml":"","seed-localization-custom-marker":""},"yoast_head":"<!-- This site is optimized with the Yoast SEO Premium plugin v20.2.1 (Yoast SEO v22.2) - https:\/\/yoast.com\/wordpress\/plugins\/seo\/ -->\n<title>Francesco: respingere i migranti \u00e8 peccato grave<\/title>\n<meta name=\"description\" content=\"Francesco: respingere i migranti \u00e8 peccato grave, mari e deserti non siano cimiteri. La denucnia all&#039;udienza generale\" \/>\n<meta name=\"robots\" content=\"index, follow, max-snippet:-1, max-image-preview:large, max-video-preview:-1\" \/>\n<link rel=\"canonical\" href=\"https:\/\/www.diocesitn.it\/area-testimonianza\/2024\/08\/28\/francesco-respingere-i-migranti-e-peccato-grave-mari-e-deserti-non-siano-cimiteri\/\" \/>\n<meta property=\"og:locale\" content=\"it_IT\" \/>\n<meta property=\"og:type\" content=\"article\" \/>\n<meta property=\"og:title\" content=\"Papa Francesco: respingere i migranti \u00e8 peccato grave, mari e deserti non siano cimiteri\" \/>\n<meta property=\"og:description\" content=\"Francesco: respingere i migranti \u00e8 peccato grave, mari e deserti non siano cimiteri. La denucnia all&#039;udienza generale\" \/>\n<meta property=\"og:url\" content=\"https:\/\/www.diocesitn.it\/area-testimonianza\/2024\/08\/28\/francesco-respingere-i-migranti-e-peccato-grave-mari-e-deserti-non-siano-cimiteri\/\" \/>\n<meta property=\"og:site_name\" content=\"Testimonianza e Impegno sociale\" \/>\n<meta property=\"article:published_time\" content=\"2024-08-28T14:25:28+00:00\" \/>\n<meta property=\"article:modified_time\" content=\"2024-10-01T06:38:53+00:00\" \/>\n<meta property=\"og:image\" content=\"https:\/\/www.diocesitn.it\/area-testimonianza\/wp-content\/uploads\/sites\/37\/2024\/08\/Papa_migranti.jpg\" \/>\n\t<meta property=\"og:image:width\" content=\"900\" \/>\n\t<meta property=\"og:image:height\" content=\"600\" \/>\n\t<meta property=\"og:image:type\" content=\"image\/jpeg\" \/>\n<meta name=\"author\" content=\"Piergiorgio Franceschini\" \/>\n<meta name=\"twitter:card\" content=\"summary_large_image\" \/>\n<meta name=\"twitter:label1\" content=\"Scritto da\" \/>\n\t<meta name=\"twitter:data1\" content=\"Piergiorgio Franceschini\" \/>\n\t<meta name=\"twitter:label2\" content=\"Tempo di lettura stimato\" \/>\n\t<meta name=\"twitter:data2\" content=\"2 minuti\" \/>\n<script type=\"application\/ld+json\" class=\"yoast-schema-graph\">{\"@context\":\"https:\/\/schema.org\",\"@graph\":[{\"@type\":\"Article\",\"@id\":\"https:\/\/www.diocesitn.it\/area-testimonianza\/2024\/08\/28\/francesco-respingere-i-migranti-e-peccato-grave-mari-e-deserti-non-siano-cimiteri\/#article\",\"isPartOf\":{\"@id\":\"https:\/\/www.diocesitn.it\/area-testimonianza\/2024\/08\/28\/francesco-respingere-i-migranti-e-peccato-grave-mari-e-deserti-non-siano-cimiteri\/\"},\"author\":{\"name\":\"Piergiorgio Franceschini\",\"@id\":\"https:\/\/www.diocesitn.it\/area-testimonianza\/#\/schema\/person\/99590c84577873a025247b6aeb16ad2e\"},\"headline\":\"Papa Francesco: respingere i migranti \u00e8 peccato grave, mari e deserti non siano cimiteri\",\"datePublished\":\"2024-08-28T14:25:28+00:00\",\"dateModified\":\"2024-10-01T06:38:53+00:00\",\"mainEntityOfPage\":{\"@id\":\"https:\/\/www.diocesitn.it\/area-testimonianza\/2024\/08\/28\/francesco-respingere-i-migranti-e-peccato-grave-mari-e-deserti-non-siano-cimiteri\/\"},\"wordCount\":162,\"publisher\":{\"@id\":\"https:\/\/www.diocesitn.it\/area-testimonianza\/#organization\"},\"image\":{\"@id\":\"https:\/\/www.diocesitn.it\/area-testimonianza\/2024\/08\/28\/francesco-respingere-i-migranti-e-peccato-grave-mari-e-deserti-non-siano-cimiteri\/#primaryimage\"},\"thumbnailUrl\":\"https:\/\/www.diocesitn.it\/area-testimonianza\/wp-content\/uploads\/sites\/37\/2024\/08\/Papa_migranti.jpg\",\"keywords\":[\"migranti\",\"Papa\"],\"articleSection\":[\"Notizie\",\"Pastorale delle Migrazioni\"],\"inLanguage\":\"it-IT\",\"copyrightYear\":\"2024\",\"copyrightHolder\":{\"@id\":\"https:\/\/www.diocesitn.it\/#organization\"}},{\"@type\":\"WebPage\",\"@id\":\"https:\/\/www.diocesitn.it\/area-testimonianza\/2024\/08\/28\/francesco-respingere-i-migranti-e-peccato-grave-mari-e-deserti-non-siano-cimiteri\/\",\"url\":\"https:\/\/www.diocesitn.it\/area-testimonianza\/2024\/08\/28\/francesco-respingere-i-migranti-e-peccato-grave-mari-e-deserti-non-siano-cimiteri\/\",\"name\":\"Francesco: respingere i migranti \u00e8 peccato grave\",\"isPartOf\":{\"@id\":\"https:\/\/www.diocesitn.it\/area-testimonianza\/#website\"},\"primaryImageOfPage\":{\"@id\":\"https:\/\/www.diocesitn.it\/area-testimonianza\/2024\/08\/28\/francesco-respingere-i-migranti-e-peccato-grave-mari-e-deserti-non-siano-cimiteri\/#primaryimage\"},\"image\":{\"@id\":\"https:\/\/www.diocesitn.it\/area-testimonianza\/2024\/08\/28\/francesco-respingere-i-migranti-e-peccato-grave-mari-e-deserti-non-siano-cimiteri\/#primaryimage\"},\"thumbnailUrl\":\"https:\/\/www.diocesitn.it\/area-testimonianza\/wp-content\/uploads\/sites\/37\/2024\/08\/Papa_migranti.jpg\",\"datePublished\":\"2024-08-28T14:25:28+00:00\",\"dateModified\":\"2024-10-01T06:38:53+00:00\",\"description\":\"Francesco: respingere i migranti \u00e8 peccato grave, mari e deserti non siano cimiteri. La denucnia all'udienza generale\",\"breadcrumb\":{\"@id\":\"https:\/\/www.diocesitn.it\/area-testimonianza\/2024\/08\/28\/francesco-respingere-i-migranti-e-peccato-grave-mari-e-deserti-non-siano-cimiteri\/#breadcrumb\"},\"inLanguage\":\"it-IT\",\"potentialAction\":[{\"@type\":\"ReadAction\",\"target\":[\"https:\/\/www.diocesitn.it\/area-testimonianza\/2024\/08\/28\/francesco-respingere-i-migranti-e-peccato-grave-mari-e-deserti-non-siano-cimiteri\/\"]}]},{\"@type\":\"ImageObject\",\"inLanguage\":\"it-IT\",\"@id\":\"https:\/\/www.diocesitn.it\/area-testimonianza\/2024\/08\/28\/francesco-respingere-i-migranti-e-peccato-grave-mari-e-deserti-non-siano-cimiteri\/#primaryimage\",\"url\":\"https:\/\/www.diocesitn.it\/area-testimonianza\/wp-content\/uploads\/sites\/37\/2024\/08\/Papa_migranti.jpg\",\"contentUrl\":\"https:\/\/www.diocesitn.it\/area-testimonianza\/wp-content\/uploads\/sites\/37\/2024\/08\/Papa_migranti.jpg\",\"width\":900,\"height\":600},{\"@type\":\"BreadcrumbList\",\"@id\":\"https:\/\/www.diocesitn.it\/area-testimonianza\/2024\/08\/28\/francesco-respingere-i-migranti-e-peccato-grave-mari-e-deserti-non-siano-cimiteri\/#breadcrumb\",\"itemListElement\":[{\"@type\":\"ListItem\",\"position\":1,\"name\":\"Home\",\"item\":\"https:\/\/www.diocesitn.it\/area-testimonianza\/\"},{\"@type\":\"ListItem\",\"position\":2,\"name\":\"Papa Francesco: respingere i migranti \u00e8 peccato grave, mari e deserti non siano cimiteri\"}]},{\"@type\":\"WebSite\",\"@id\":\"https:\/\/www.diocesitn.it\/area-testimonianza\/#website\",\"url\":\"https:\/\/www.diocesitn.it\/area-testimonianza\/\",\"name\":\"Testimonianza e Impegno sociale\",\"description\":\"Chiesa di Trento\",\"publisher\":{\"@id\":\"https:\/\/www.diocesitn.it\/area-testimonianza\/#organization\"},\"potentialAction\":[{\"@type\":\"SearchAction\",\"target\":{\"@type\":\"EntryPoint\",\"urlTemplate\":\"https:\/\/www.diocesitn.it\/area-testimonianza\/?s={search_term_string}\"},\"query-input\":\"required name=search_term_string\"}],\"inLanguage\":\"it-IT\"},{\"@type\":[\"Organization\",\"Place\"],\"@id\":\"https:\/\/www.diocesitn.it\/area-testimonianza\/#organization\",\"name\":\"Area Testimonianza e Impegno Sociale - Chiesa di Trento\",\"url\":\"https:\/\/www.diocesitn.it\/area-testimonianza\/\",\"logo\":{\"@id\":\"https:\/\/www.diocesitn.it\/area-testimonianza\/2024\/08\/28\/francesco-respingere-i-migranti-e-peccato-grave-mari-e-deserti-non-siano-cimiteri\/#local-main-organization-logo\"},\"image\":{\"@id\":\"https:\/\/www.diocesitn.it\/area-testimonianza\/2024\/08\/28\/francesco-respingere-i-migranti-e-peccato-grave-mari-e-deserti-non-siano-cimiteri\/#local-main-organization-logo\"},\"openingHoursSpecification\":[{\"@type\":\"OpeningHoursSpecification\",\"dayOfWeek\":[\"Monday\",\"Tuesday\",\"Wednesday\",\"Thursday\",\"Friday\",\"Saturday\",\"Sunday\"],\"opens\":\"09:00\",\"closes\":\"17:00\"}]},{\"@type\":\"ImageObject\",\"inLanguage\":\"it-IT\",\"@id\":\"https:\/\/www.diocesitn.it\/area-testimonianza\/2024\/08\/28\/francesco-respingere-i-migranti-e-peccato-grave-mari-e-deserti-non-siano-cimiteri\/#local-main-organization-logo\",\"url\":\"https:\/\/www.diocesitn.it\/area-testimonianza\/wp-content\/uploads\/sites\/37\/2021\/09\/og-logo-testimonianza-e-impegno-sociale.jpg\",\"contentUrl\":\"https:\/\/www.diocesitn.it\/area-testimonianza\/wp-content\/uploads\/sites\/37\/2021\/09\/og-logo-testimonianza-e-impegno-sociale.jpg\",\"width\":1200,\"height\":630,\"caption\":\"Area Testimonianza e Impegno Sociale - Chiesa di Trento\"}]}<\/script>\n<!-- \/ Yoast SEO Premium plugin. -->","yoast_head_json":{"title":"Francesco: respingere i migranti \u00e8 peccato grave","description":"Francesco: respingere i migranti \u00e8 peccato grave, mari e deserti non siano cimiteri. La denucnia all'udienza generale","robots":{"index":"index","follow":"follow","max-snippet":"max-snippet:-1","max-image-preview":"max-image-preview:large","max-video-preview":"max-video-preview:-1"},"canonical":"https:\/\/www.diocesitn.it\/area-testimonianza\/2024\/08\/28\/francesco-respingere-i-migranti-e-peccato-grave-mari-e-deserti-non-siano-cimiteri\/","og_locale":"it_IT","og_type":"article","og_title":"Papa Francesco: respingere i migranti \u00e8 peccato grave, mari e deserti non siano cimiteri","og_description":"Francesco: respingere i migranti \u00e8 peccato grave, mari e deserti non siano cimiteri. La denucnia all'udienza generale","og_url":"https:\/\/www.diocesitn.it\/area-testimonianza\/2024\/08\/28\/francesco-respingere-i-migranti-e-peccato-grave-mari-e-deserti-non-siano-cimiteri\/","og_site_name":"Testimonianza e Impegno sociale","article_published_time":"2024-08-28T14:25:28+00:00","article_modified_time":"2024-10-01T06:38:53+00:00","og_image":[{"width":900,"height":600,"url":"https:\/\/www.diocesitn.it\/area-testimonianza\/wp-content\/uploads\/sites\/37\/2024\/08\/Papa_migranti.jpg","type":"image\/jpeg"}],"author":"Piergiorgio Franceschini","twitter_card":"summary_large_image","twitter_misc":{"Scritto da":"Piergiorgio Franceschini","Tempo di lettura stimato":"2 minuti"},"schema":{"@context":"https:\/\/schema.org","@graph":[{"@type":"Article","@id":"https:\/\/www.diocesitn.it\/area-testimonianza\/2024\/08\/28\/francesco-respingere-i-migranti-e-peccato-grave-mari-e-deserti-non-siano-cimiteri\/#article","isPartOf":{"@id":"https:\/\/www.diocesitn.it\/area-testimonianza\/2024\/08\/28\/francesco-respingere-i-migranti-e-peccato-grave-mari-e-deserti-non-siano-cimiteri\/"},"author":{"name":"Piergiorgio Franceschini","@id":"https:\/\/www.diocesitn.it\/area-testimonianza\/#\/schema\/person\/99590c84577873a025247b6aeb16ad2e"},"headline":"Papa Francesco: respingere i migranti \u00e8 peccato grave, mari e deserti non siano cimiteri","datePublished":"2024-08-28T14:25:28+00:00","dateModified":"2024-10-01T06:38:53+00:00","mainEntityOfPage":{"@id":"https:\/\/www.diocesitn.it\/area-testimonianza\/2024\/08\/28\/francesco-respingere-i-migranti-e-peccato-grave-mari-e-deserti-non-siano-cimiteri\/"},"wordCount":162,"publisher":{"@id":"https:\/\/www.diocesitn.it\/area-testimonianza\/#organization"},"image":{"@id":"https:\/\/www.diocesitn.it\/area-testimonianza\/2024\/08\/28\/francesco-respingere-i-migranti-e-peccato-grave-mari-e-deserti-non-siano-cimiteri\/#primaryimage"},"thumbnailUrl":"https:\/\/www.diocesitn.it\/area-testimonianza\/wp-content\/uploads\/sites\/37\/2024\/08\/Papa_migranti.jpg","keywords":["migranti","Papa"],"articleSection":["Notizie","Pastorale delle Migrazioni"],"inLanguage":"it-IT","copyrightYear":"2024","copyrightHolder":{"@id":"https:\/\/www.diocesitn.it\/#organization"}},{"@type":"WebPage","@id":"https:\/\/www.diocesitn.it\/area-testimonianza\/2024\/08\/28\/francesco-respingere-i-migranti-e-peccato-grave-mari-e-deserti-non-siano-cimiteri\/","url":"https:\/\/www.diocesitn.it\/area-testimonianza\/2024\/08\/28\/francesco-respingere-i-migranti-e-peccato-grave-mari-e-deserti-non-siano-cimiteri\/","name":"Francesco: respingere i migranti \u00e8 peccato grave","isPartOf":{"@id":"https:\/\/www.diocesitn.it\/area-testimonianza\/#website"},"primaryImageOfPage":{"@id":"https:\/\/www.diocesitn.it\/area-testimonianza\/2024\/08\/28\/francesco-respingere-i-migranti-e-peccato-grave-mari-e-deserti-non-siano-cimiteri\/#primaryimage"},"image":{"@id":"https:\/\/www.diocesitn.it\/area-testimonianza\/2024\/08\/28\/francesco-respingere-i-migranti-e-peccato-grave-mari-e-deserti-non-siano-cimiteri\/#primaryimage"},"thumbnailUrl":"https:\/\/www.diocesitn.it\/area-testimonianza\/wp-content\/uploads\/sites\/37\/2024\/08\/Papa_migranti.jpg","datePublished":"2024-08-28T14:25:28+00:00","dateModified":"2024-10-01T06:38:53+00:00","description":"Francesco: respingere i migranti \u00e8 peccato grave, mari e deserti non siano cimiteri. La denucnia all'udienza generale","breadcrumb":{"@id":"https:\/\/www.diocesitn.it\/area-testimonianza\/2024\/08\/28\/francesco-respingere-i-migranti-e-peccato-grave-mari-e-deserti-non-siano-cimiteri\/#breadcrumb"},"inLanguage":"it-IT","potentialAction":[{"@type":"ReadAction","target":["https:\/\/www.diocesitn.it\/area-testimonianza\/2024\/08\/28\/francesco-respingere-i-migranti-e-peccato-grave-mari-e-deserti-non-siano-cimiteri\/"]}]},{"@type":"ImageObject","inLanguage":"it-IT","@id":"https:\/\/www.diocesitn.it\/area-testimonianza\/2024\/08\/28\/francesco-respingere-i-migranti-e-peccato-grave-mari-e-deserti-non-siano-cimiteri\/#primaryimage","url":"https:\/\/www.diocesitn.it\/area-testimonianza\/wp-content\/uploads\/sites\/37\/2024\/08\/Papa_migranti.jpg","contentUrl":"https:\/\/www.diocesitn.it\/area-testimonianza\/wp-content\/uploads\/sites\/37\/2024\/08\/Papa_migranti.jpg","width":900,"height":600},{"@type":"BreadcrumbList","@id":"https:\/\/www.diocesitn.it\/area-testimonianza\/2024\/08\/28\/francesco-respingere-i-migranti-e-peccato-grave-mari-e-deserti-non-siano-cimiteri\/#breadcrumb","itemListElement":[{"@type":"ListItem","position":1,"name":"Home","item":"https:\/\/www.diocesitn.it\/area-testimonianza\/"},{"@type":"ListItem","position":2,"name":"Papa Francesco: respingere i migranti \u00e8 peccato grave, mari e deserti non siano cimiteri"}]},{"@type":"WebSite","@id":"https:\/\/www.diocesitn.it\/area-testimonianza\/#website","url":"https:\/\/www.diocesitn.it\/area-testimonianza\/","name":"Testimonianza e Impegno sociale","description":"Chiesa di Trento","publisher":{"@id":"https:\/\/www.diocesitn.it\/area-testimonianza\/#organization"},"potentialAction":[{"@type":"SearchAction","target":{"@type":"EntryPoint","urlTemplate":"https:\/\/www.diocesitn.it\/area-testimonianza\/?s={search_term_string}"},"query-input":"required name=search_term_string"}],"inLanguage":"it-IT"},{"@type":["Organization","Place"],"@id":"https:\/\/www.diocesitn.it\/area-testimonianza\/#organization","name":"Area Testimonianza e Impegno Sociale - Chiesa di Trento","url":"https:\/\/www.diocesitn.it\/area-testimonianza\/","logo":{"@id":"https:\/\/www.diocesitn.it\/area-testimonianza\/2024\/08\/28\/francesco-respingere-i-migranti-e-peccato-grave-mari-e-deserti-non-siano-cimiteri\/#local-main-organization-logo"},"image":{"@id":"https:\/\/www.diocesitn.it\/area-testimonianza\/2024\/08\/28\/francesco-respingere-i-migranti-e-peccato-grave-mari-e-deserti-non-siano-cimiteri\/#local-main-organization-logo"},"openingHoursSpecification":[{"@type":"OpeningHoursSpecification","dayOfWeek":["Monday","Tuesday","Wednesday","Thursday","Friday","Saturday","Sunday"],"opens":"09:00","closes":"17:00"}]},{"@type":"ImageObject","inLanguage":"it-IT","@id":"https:\/\/www.diocesitn.it\/area-testimonianza\/2024\/08\/28\/francesco-respingere-i-migranti-e-peccato-grave-mari-e-deserti-non-siano-cimiteri\/#local-main-organization-logo","url":"https:\/\/www.diocesitn.it\/area-testimonianza\/wp-content\/uploads\/sites\/37\/2021\/09\/og-logo-testimonianza-e-impegno-sociale.jpg","contentUrl":"https:\/\/www.diocesitn.it\/area-testimonianza\/wp-content\/uploads\/sites\/37\/2021\/09\/og-logo-testimonianza-e-impegno-sociale.jpg","width":1200,"height":630,"caption":"Area Testimonianza e Impegno Sociale - Chiesa di Trento"}]}},"_links":{"self":[{"href":"https:\/\/www.diocesitn.it\/area-testimonianza\/wp-json\/wp\/v2\/posts\/15587","targetHints":{"allow":["GET"]}}],"collection":[{"href":"https:\/\/www.diocesitn.it\/area-testimonianza\/wp-json\/wp\/v2\/posts"}],"about":[{"href":"https:\/\/www.diocesitn.it\/area-testimonianza\/wp-json\/wp\/v2\/types\/post"}],"author":[{"embeddable":true,"href":"https:\/\/www.diocesitn.it\/area-testimonianza\/wp-json\/wp\/v2\/users\/3"}],"replies":[{"embeddable":true,"href":"https:\/\/www.diocesitn.it\/area-testimonianza\/wp-json\/wp\/v2\/comments?post=15587"}],"version-history":[{"count":3,"href":"https:\/\/www.diocesitn.it\/area-testimonianza\/wp-json\/wp\/v2\/posts\/15587\/revisions"}],"predecessor-version":[{"id":15627,"href":"https:\/\/www.diocesitn.it\/area-testimonianza\/wp-json\/wp\/v2\/posts\/15587\/revisions\/15627"}],"wp:featuredmedia":[{"embeddable":true,"href":"https:\/\/www.diocesitn.it\/area-testimonianza\/wp-json\/wp\/v2\/media\/15588"}],"wp:attachment":[{"href":"https:\/\/www.diocesitn.it\/area-testimonianza\/wp-json\/wp\/v2\/media?parent=15587"}],"wp:term":[{"taxonomy":"category","embeddable":true,"href":"https:\/\/www.diocesitn.it\/area-testimonianza\/wp-json\/wp\/v2\/categories?post=15587"},{"taxonomy":"post_tag","embeddable":true,"href":"https:\/\/www.diocesitn.it\/area-testimonianza\/wp-json\/wp\/v2\/tags?post=15587"}],"curies":[{"name":"wp","href":"https:\/\/api.w.org\/{rel}","templated":true}]}}