{"id":15576,"date":"2024-08-28T08:42:29","date_gmt":"2024-08-28T06:42:29","guid":{"rendered":"https:\/\/www.diocesitn.it\/area-testimonianza\/?p=15576"},"modified":"2024-09-25T09:43:30","modified_gmt":"2024-09-25T07:43:30","slug":"nuove-visioni-al-religion-today-film-festival","status":"publish","type":"post","link":"https:\/\/www.diocesitn.it\/area-testimonianza\/2024\/08\/28\/nuove-visioni-al-religion-today-film-festival\/","title":{"rendered":"\u201cNuove Visioni\u201d al Religion Today Film Festival"},"content":{"rendered":"<div class=\"text\">\n<h4 style=\"text-align: center\"><a href=\"https:\/\/rtff.it\/wp-content\/uploads\/2024\/09\/Religion-Today-27-Programma-2024.pdf\" target=\"_blank\" rel=\"noopener\">Programma completo 2024<\/a><\/h4>\n<h4 style=\"text-align: center\">Tutti i dettagli sul sito di <a href=\"https:\/\/rtff.it\/\" target=\"_blank\" rel=\"noopener\">Religion Today Film Festival<\/a>.<\/h4>\n<hr \/>\n<h4 style=\"text-align: center\">Leggi <a href=\"https:\/\/www.diocesitn.it\/area-testimonianza\/tag\/religion-today-film-festival\/\">tutti gli articoli<\/a> del nostro sito sul Festival.<\/h4>\n<h4 style=\"text-align: center\">Leggi<a href=\"https:\/\/www.vitatrentina.it\/?s=religion+today+film+festival\" target=\"_blank\" rel=\"noopener\"> tutti gli articoli<\/a> del sito di Vita Trentina sul Festival.<\/h4>\n<hr \/>\n<p>Saranno<strong>\u00a064 i film<\/strong>, provenienti da 32 Paesi diversi, in concorso all\u2019edizione numero 27 del\u00a0<strong>Religion Today Film Festival<\/strong>, dal titolo \u201c<strong>Nuove Visioni<\/strong>\u201c, in programma\u00a0<strong>dal 18 al 25 settembre<\/strong>. Il Festival anche quest\u2019anno partir\u00e0 dalla citt\u00e0 di\u00a0<strong>Trento<\/strong>, per raggiungere le\u00a0<strong>periferie<\/strong>, passando per Arco, Dro, Lavarone, Riva del Garda, Altopiano di Pin\u00e8 e, infine, Bolzano, dove si concluder\u00e0 la manifestazione, portando in Trentino Alto Adige<strong>\u00a0ospiti e opere artistiche di respiro globale<\/strong>, parlando di fede, religione e strizzando l\u2019occhio all\u2019attualit\u00e0, coinvolgendo le giovani generazioni.<\/p>\n<p>Mai come in questa edizione, Religion Today si propone di diventare una finestra di riflessione sul futuro: uno sguardo su come il cinema stia evolvendo insieme alla societ\u00e0, tra intelligenza artificiale e fruizione dando vita a una vera e propria rivoluzione nei mezzi e nei contenuti, sempre pi\u00f9 a portata dell\u2019utente: un pubblico che diventa creatore e protagonista, plasmando il mercato.<\/p>\n<p>\u201cPer la 27 edizione del Religion Today Film Festival, in collaborazione con il direttore artistico Andrea Morghen, abbiamo riflettuto e deciso di focalizzare su come la spiritualit\u00e0 tra i giovani sia e stia diventando un tema sempre pi\u00f9 presente nelle narrazioni contemporanee, liberandosi dei suoi connotati di vergogna o tab\u00f9\u201d, spiega\u00a0<strong>Lisa Martelli<\/strong>, presidente di Religion Today: \u201cGli artisti della generazione Alpha affrontano questi argomenti adottando linguaggi e codici propri dell\u2019intrattenimento, permettendo al cinema, alle arti visive, grafiche e alla musica di esplorare la spiritualit\u00e0 con una nuova profondit\u00e0.\u00a0In questo contesto, celebriamo anche il fumetto come medium spirituale, riconoscendo la straordinaria visione di Altan, che cinquant\u2019anni fa ha interpretato la religione e la spiritualit\u00e0 attraverso il personaggio di Trino, riflettendo perfettamente il senso di questa edizione del festival\u201d.<\/p>\n<p>Quest\u2019anno per realizzare la<strong>\u00a0locandina del Festival<\/strong>, \u00e8 stato coinvolto il celebre\u00a0<strong>Altan<\/strong>\u00a0(Francesco Tullio Altan), vignettista e fumettista che ha accompagnato generazioni di italiani, dal 1975, con la creazione de \u201cLa Pimpa\u201d e altri personaggi, tra satira, riflessioni e divertimento.<\/p>\n<p>\u201cSiamo molto soddisfatti del programma cinematografico, con oltre 60 film in concorso tra anteprime mondiali e nazionali, un cinema di religione aperto al dialogo e al confronto\u201d spiega il direttore artistico del Festival<strong>\u00a0Andrea Morghen<\/strong>, \u201cSi conferma inoltre il richiamo internazionale del festival con pi\u00f9 di 20 tra registi e autori che hanno gi\u00e0 confermato la loro partecipazione alla kermesse. Grande attenzione al mondo della scuola con matin\u00e8e dedicate agli studenti, masterclass ed eventi di approfondimento con grandi nomi del panorama nazionale, come il fumettista Andrea Artusi\u201d.<\/p>\n<p>Il palco di Religion Today sar\u00e0 anche l\u2019ennesima occasione per rilanciare la parola \u201c<strong>pace<\/strong>\u201d, dando spazio al\u00a0<strong>dialogo<\/strong>\u00a0e al\u00a0<strong>confronto<\/strong>\u00a0tra le diversit\u00e0, un messaggio che per l\u2019Associazione Bianconero, organizzatrice della manifestazione, riveste un carattere primario.\u00a0In questa occasione, a rappresentare questo melting pot artistico-culturale e religioso, sar\u00e0 in primis la<strong>\u00a0giuria internazionale<\/strong>, composta da professionisti di spicco dell\u2019industria cinematografica internazionale: Stefania Ippoliti (Italia) direttrice Toscana Film Commission; Sabrina Ghannoudi (Tunisia) attrice e poetessa; Sam Lahoud (Libano) sceneggiatore, regista, produttore, consulente di sceneggiatura e docente di cinema, teatro e media; Fateme Hjavhersaz (Iran) specialista nell\u2019acquisizione di contenuti, produttrice e ricercatrice; Lakshan Abeynayake, (Sri Lanka) attore e produttore.<\/p>\n<\/div>\n<div class=\"post-author\">\n<p style=\"text-align: right\"><em>di\u00a0redazione VT<\/em><a href=\"https:\/\/www.diocesitn.it\/area-testimonianza\/wp-content\/uploads\/sites\/37\/2024\/08\/2024-Religion-Today-Locandina.jpg\" target=\"_blank\" rel=\"noopener\"><img loading=\"lazy\" decoding=\"async\" class=\"wp-image-15577 aligncenter\" src=\"https:\/\/www.diocesitn.it\/area-testimonianza\/wp-content\/uploads\/sites\/37\/2024\/08\/2024-Religion-Today-Locandina-214x300.jpg\" alt=\"\" width=\"420\" height=\"589\" srcset=\"https:\/\/www.diocesitn.it\/area-testimonianza\/wp-content\/uploads\/sites\/37\/2024\/08\/2024-Religion-Today-Locandina-214x300.jpg 214w, https:\/\/www.diocesitn.it\/area-testimonianza\/wp-content\/uploads\/sites\/37\/2024\/08\/2024-Religion-Today-Locandina-732x1024.jpg 732w, https:\/\/www.diocesitn.it\/area-testimonianza\/wp-content\/uploads\/sites\/37\/2024\/08\/2024-Religion-Today-Locandina-768x1075.jpg 768w, https:\/\/www.diocesitn.it\/area-testimonianza\/wp-content\/uploads\/sites\/37\/2024\/08\/2024-Religion-Today-Locandina-200x280.jpg 200w, https:\/\/www.diocesitn.it\/area-testimonianza\/wp-content\/uploads\/sites\/37\/2024\/08\/2024-Religion-Today-Locandina-549x768.jpg 549w, https:\/\/www.diocesitn.it\/area-testimonianza\/wp-content\/uploads\/sites\/37\/2024\/08\/2024-Religion-Today-Locandina-1097x1536.jpg 1097w, https:\/\/www.diocesitn.it\/area-testimonianza\/wp-content\/uploads\/sites\/37\/2024\/08\/2024-Religion-Today-Locandina-1463x2048.jpg 1463w, https:\/\/www.diocesitn.it\/area-testimonianza\/wp-content\/uploads\/sites\/37\/2024\/08\/2024-Religion-Today-Locandina-800x1120.jpg 800w, https:\/\/www.diocesitn.it\/area-testimonianza\/wp-content\/uploads\/sites\/37\/2024\/08\/2024-Religion-Today-Locandina-1200x1680.jpg 1200w, https:\/\/www.diocesitn.it\/area-testimonianza\/wp-content\/uploads\/sites\/37\/2024\/08\/2024-Religion-Today-Locandina-1320x1848.jpg 1320w, https:\/\/www.diocesitn.it\/area-testimonianza\/wp-content\/uploads\/sites\/37\/2024\/08\/2024-Religion-Today-Locandina.jpg 1829w\" sizes=\"auto, (max-width: 420px) 100vw, 420px\" \/><\/a><\/p>\n<hr \/>\n<\/div>\n","protected":false},"excerpt":{"rendered":"<p>Programma completo 2024 Tutti i dettagli sul sito di Religion Today Film Festival. Leggi tutti gli articoli del nostro sito sul Festival. Leggi tutti gli articoli del sito di Vita Trentina sul Festival. Saranno\u00a064 i<\/p>\n","protected":false},"author":161,"featured_media":15578,"comment_status":"closed","ping_status":"closed","sticky":false,"template":"","format":"standard","meta":{"footnotes":""},"categories":[1695,1074],"tags":[2194,1139,2368],"class_list":["post-15576","post","type-post","status-publish","format-standard","has-post-thumbnail","hentry","category-area-testimonianza-e-impegno-sociale","category-notizie","tag-2194","tag-film","tag-religion-today-film-festival"],"acf":{"seed-localization-paese-cod":"IT","seed-localization-address":"","seed-localization-citta":"Trento","seed-localization-regione-cod-istat":"04","seed-localization-citta-cod-istat":"022205","seed-localization-localita":"","seed-localization-cap":"","seed-localization-marker-visibility":false,"seed-localization-children-visibility":false,"seed-localization-kml":"","seed-localization-custom-marker":""},"yoast_head":"<!-- This site is optimized with the Yoast SEO Premium plugin v20.2.1 (Yoast SEO v22.2) - https:\/\/yoast.com\/wordpress\/plugins\/seo\/ -->\n<title>\u201cNuove Visioni\u201d al Religion Today Film Festival - Testimonianza e Impegno sociale<\/title>\n<meta name=\"robots\" content=\"index, follow, max-snippet:-1, max-image-preview:large, max-video-preview:-1\" \/>\n<link rel=\"canonical\" href=\"https:\/\/www.diocesitn.it\/area-testimonianza\/2024\/08\/28\/nuove-visioni-al-religion-today-film-festival\/\" \/>\n<meta property=\"og:locale\" content=\"it_IT\" \/>\n<meta property=\"og:type\" content=\"article\" \/>\n<meta property=\"og:title\" content=\"\u201cNuove Visioni\u201d al Religion Today Film Festival\" \/>\n<meta property=\"og:description\" content=\"Programma completo 2024 Tutti i dettagli sul sito di Religion Today Film Festival. Leggi tutti gli articoli del nostro sito sul Festival. Leggi tutti gli articoli del sito di Vita Trentina sul Festival. Saranno\u00a064 i\" \/>\n<meta property=\"og:url\" content=\"https:\/\/www.diocesitn.it\/area-testimonianza\/2024\/08\/28\/nuove-visioni-al-religion-today-film-festival\/\" \/>\n<meta property=\"og:site_name\" content=\"Testimonianza e Impegno sociale\" \/>\n<meta property=\"article:published_time\" content=\"2024-08-28T06:42:29+00:00\" \/>\n<meta property=\"article:modified_time\" content=\"2024-09-25T07:43:30+00:00\" \/>\n<meta property=\"og:image\" content=\"https:\/\/www.diocesitn.it\/area-testimonianza\/wp-content\/uploads\/sites\/37\/2024\/08\/2024-Religion-Today-banner.jpg\" \/>\n\t<meta property=\"og:image:width\" content=\"960\" \/>\n\t<meta property=\"og:image:height\" content=\"365\" \/>\n\t<meta property=\"og:image:type\" content=\"image\/jpeg\" \/>\n<meta name=\"author\" content=\"smaule\" \/>\n<meta name=\"twitter:card\" content=\"summary_large_image\" \/>\n<meta name=\"twitter:label1\" content=\"Scritto da\" \/>\n\t<meta name=\"twitter:data1\" content=\"smaule\" \/>\n\t<meta name=\"twitter:label2\" content=\"Tempo di lettura stimato\" \/>\n\t<meta name=\"twitter:data2\" content=\"4 minuti\" \/>\n<script type=\"application\/ld+json\" class=\"yoast-schema-graph\">{\"@context\":\"https:\/\/schema.org\",\"@graph\":[{\"@type\":\"Article\",\"@id\":\"https:\/\/www.diocesitn.it\/area-testimonianza\/2024\/08\/28\/nuove-visioni-al-religion-today-film-festival\/#article\",\"isPartOf\":{\"@id\":\"https:\/\/www.diocesitn.it\/area-testimonianza\/2024\/08\/28\/nuove-visioni-al-religion-today-film-festival\/\"},\"author\":{\"name\":\"smaule\",\"@id\":\"https:\/\/www.diocesitn.it\/area-testimonianza\/#\/schema\/person\/bac489aafb7f98c1ca25f76c27174a95\"},\"headline\":\"\u201cNuove Visioni\u201d al Religion Today Film Festival\",\"datePublished\":\"2024-08-28T06:42:29+00:00\",\"dateModified\":\"2024-09-25T07:43:30+00:00\",\"mainEntityOfPage\":{\"@id\":\"https:\/\/www.diocesitn.it\/area-testimonianza\/2024\/08\/28\/nuove-visioni-al-religion-today-film-festival\/\"},\"wordCount\":557,\"publisher\":{\"@id\":\"https:\/\/www.diocesitn.it\/area-testimonianza\/#organization\"},\"image\":{\"@id\":\"https:\/\/www.diocesitn.it\/area-testimonianza\/2024\/08\/28\/nuove-visioni-al-religion-today-film-festival\/#primaryimage\"},\"thumbnailUrl\":\"https:\/\/www.diocesitn.it\/area-testimonianza\/wp-content\/uploads\/sites\/37\/2024\/08\/2024-Religion-Today-banner.jpg\",\"keywords\":[\"2024\",\"film\",\"Religion Today Film Festival\"],\"articleSection\":[\"Area Testimonianza e Impegno sociale\",\"Notizie\"],\"inLanguage\":\"it-IT\",\"copyrightYear\":\"2024\",\"copyrightHolder\":{\"@id\":\"https:\/\/www.diocesitn.it\/#organization\"}},{\"@type\":\"WebPage\",\"@id\":\"https:\/\/www.diocesitn.it\/area-testimonianza\/2024\/08\/28\/nuove-visioni-al-religion-today-film-festival\/\",\"url\":\"https:\/\/www.diocesitn.it\/area-testimonianza\/2024\/08\/28\/nuove-visioni-al-religion-today-film-festival\/\",\"name\":\"\u201cNuove Visioni\u201d al Religion Today Film Festival - Testimonianza e Impegno sociale\",\"isPartOf\":{\"@id\":\"https:\/\/www.diocesitn.it\/area-testimonianza\/#website\"},\"primaryImageOfPage\":{\"@id\":\"https:\/\/www.diocesitn.it\/area-testimonianza\/2024\/08\/28\/nuove-visioni-al-religion-today-film-festival\/#primaryimage\"},\"image\":{\"@id\":\"https:\/\/www.diocesitn.it\/area-testimonianza\/2024\/08\/28\/nuove-visioni-al-religion-today-film-festival\/#primaryimage\"},\"thumbnailUrl\":\"https:\/\/www.diocesitn.it\/area-testimonianza\/wp-content\/uploads\/sites\/37\/2024\/08\/2024-Religion-Today-banner.jpg\",\"datePublished\":\"2024-08-28T06:42:29+00:00\",\"dateModified\":\"2024-09-25T07:43:30+00:00\",\"breadcrumb\":{\"@id\":\"https:\/\/www.diocesitn.it\/area-testimonianza\/2024\/08\/28\/nuove-visioni-al-religion-today-film-festival\/#breadcrumb\"},\"inLanguage\":\"it-IT\",\"potentialAction\":[{\"@type\":\"ReadAction\",\"target\":[\"https:\/\/www.diocesitn.it\/area-testimonianza\/2024\/08\/28\/nuove-visioni-al-religion-today-film-festival\/\"]}]},{\"@type\":\"ImageObject\",\"inLanguage\":\"it-IT\",\"@id\":\"https:\/\/www.diocesitn.it\/area-testimonianza\/2024\/08\/28\/nuove-visioni-al-religion-today-film-festival\/#primaryimage\",\"url\":\"https:\/\/www.diocesitn.it\/area-testimonianza\/wp-content\/uploads\/sites\/37\/2024\/08\/2024-Religion-Today-banner.jpg\",\"contentUrl\":\"https:\/\/www.diocesitn.it\/area-testimonianza\/wp-content\/uploads\/sites\/37\/2024\/08\/2024-Religion-Today-banner.jpg\",\"width\":960,\"height\":365},{\"@type\":\"BreadcrumbList\",\"@id\":\"https:\/\/www.diocesitn.it\/area-testimonianza\/2024\/08\/28\/nuove-visioni-al-religion-today-film-festival\/#breadcrumb\",\"itemListElement\":[{\"@type\":\"ListItem\",\"position\":1,\"name\":\"Home\",\"item\":\"https:\/\/www.diocesitn.it\/area-testimonianza\/\"},{\"@type\":\"ListItem\",\"position\":2,\"name\":\"\u201cNuove Visioni\u201d al Religion Today Film Festival\"}]},{\"@type\":\"WebSite\",\"@id\":\"https:\/\/www.diocesitn.it\/area-testimonianza\/#website\",\"url\":\"https:\/\/www.diocesitn.it\/area-testimonianza\/\",\"name\":\"Testimonianza e Impegno sociale\",\"description\":\"Chiesa di Trento\",\"publisher\":{\"@id\":\"https:\/\/www.diocesitn.it\/area-testimonianza\/#organization\"},\"potentialAction\":[{\"@type\":\"SearchAction\",\"target\":{\"@type\":\"EntryPoint\",\"urlTemplate\":\"https:\/\/www.diocesitn.it\/area-testimonianza\/?s={search_term_string}\"},\"query-input\":\"required name=search_term_string\"}],\"inLanguage\":\"it-IT\"},{\"@type\":[\"Organization\",\"Place\"],\"@id\":\"https:\/\/www.diocesitn.it\/area-testimonianza\/#organization\",\"name\":\"Area Testimonianza e Impegno Sociale - Chiesa di Trento\",\"url\":\"https:\/\/www.diocesitn.it\/area-testimonianza\/\",\"logo\":{\"@id\":\"https:\/\/www.diocesitn.it\/area-testimonianza\/2024\/08\/28\/nuove-visioni-al-religion-today-film-festival\/#local-main-organization-logo\"},\"image\":{\"@id\":\"https:\/\/www.diocesitn.it\/area-testimonianza\/2024\/08\/28\/nuove-visioni-al-religion-today-film-festival\/#local-main-organization-logo\"},\"openingHoursSpecification\":[{\"@type\":\"OpeningHoursSpecification\",\"dayOfWeek\":[\"Monday\",\"Tuesday\",\"Wednesday\",\"Thursday\",\"Friday\",\"Saturday\",\"Sunday\"],\"opens\":\"09:00\",\"closes\":\"17:00\"}]},{\"@type\":\"ImageObject\",\"inLanguage\":\"it-IT\",\"@id\":\"https:\/\/www.diocesitn.it\/area-testimonianza\/2024\/08\/28\/nuove-visioni-al-religion-today-film-festival\/#local-main-organization-logo\",\"url\":\"https:\/\/www.diocesitn.it\/area-testimonianza\/wp-content\/uploads\/sites\/37\/2021\/09\/og-logo-testimonianza-e-impegno-sociale.jpg\",\"contentUrl\":\"https:\/\/www.diocesitn.it\/area-testimonianza\/wp-content\/uploads\/sites\/37\/2021\/09\/og-logo-testimonianza-e-impegno-sociale.jpg\",\"width\":1200,\"height\":630,\"caption\":\"Area Testimonianza e Impegno Sociale - Chiesa di Trento\"}]}<\/script>\n<!-- \/ Yoast SEO Premium plugin. -->","yoast_head_json":{"title":"\u201cNuove Visioni\u201d al Religion Today Film Festival - Testimonianza e Impegno sociale","robots":{"index":"index","follow":"follow","max-snippet":"max-snippet:-1","max-image-preview":"max-image-preview:large","max-video-preview":"max-video-preview:-1"},"canonical":"https:\/\/www.diocesitn.it\/area-testimonianza\/2024\/08\/28\/nuove-visioni-al-religion-today-film-festival\/","og_locale":"it_IT","og_type":"article","og_title":"\u201cNuove Visioni\u201d al Religion Today Film Festival","og_description":"Programma completo 2024 Tutti i dettagli sul sito di Religion Today Film Festival. Leggi tutti gli articoli del nostro sito sul Festival. Leggi tutti gli articoli del sito di Vita Trentina sul Festival. Saranno\u00a064 i","og_url":"https:\/\/www.diocesitn.it\/area-testimonianza\/2024\/08\/28\/nuove-visioni-al-religion-today-film-festival\/","og_site_name":"Testimonianza e Impegno sociale","article_published_time":"2024-08-28T06:42:29+00:00","article_modified_time":"2024-09-25T07:43:30+00:00","og_image":[{"width":960,"height":365,"url":"https:\/\/www.diocesitn.it\/area-testimonianza\/wp-content\/uploads\/sites\/37\/2024\/08\/2024-Religion-Today-banner.jpg","type":"image\/jpeg"}],"author":"smaule","twitter_card":"summary_large_image","twitter_misc":{"Scritto da":"smaule","Tempo di lettura stimato":"4 minuti"},"schema":{"@context":"https:\/\/schema.org","@graph":[{"@type":"Article","@id":"https:\/\/www.diocesitn.it\/area-testimonianza\/2024\/08\/28\/nuove-visioni-al-religion-today-film-festival\/#article","isPartOf":{"@id":"https:\/\/www.diocesitn.it\/area-testimonianza\/2024\/08\/28\/nuove-visioni-al-religion-today-film-festival\/"},"author":{"name":"smaule","@id":"https:\/\/www.diocesitn.it\/area-testimonianza\/#\/schema\/person\/bac489aafb7f98c1ca25f76c27174a95"},"headline":"\u201cNuove Visioni\u201d al Religion Today Film Festival","datePublished":"2024-08-28T06:42:29+00:00","dateModified":"2024-09-25T07:43:30+00:00","mainEntityOfPage":{"@id":"https:\/\/www.diocesitn.it\/area-testimonianza\/2024\/08\/28\/nuove-visioni-al-religion-today-film-festival\/"},"wordCount":557,"publisher":{"@id":"https:\/\/www.diocesitn.it\/area-testimonianza\/#organization"},"image":{"@id":"https:\/\/www.diocesitn.it\/area-testimonianza\/2024\/08\/28\/nuove-visioni-al-religion-today-film-festival\/#primaryimage"},"thumbnailUrl":"https:\/\/www.diocesitn.it\/area-testimonianza\/wp-content\/uploads\/sites\/37\/2024\/08\/2024-Religion-Today-banner.jpg","keywords":["2024","film","Religion Today Film Festival"],"articleSection":["Area Testimonianza e Impegno sociale","Notizie"],"inLanguage":"it-IT","copyrightYear":"2024","copyrightHolder":{"@id":"https:\/\/www.diocesitn.it\/#organization"}},{"@type":"WebPage","@id":"https:\/\/www.diocesitn.it\/area-testimonianza\/2024\/08\/28\/nuove-visioni-al-religion-today-film-festival\/","url":"https:\/\/www.diocesitn.it\/area-testimonianza\/2024\/08\/28\/nuove-visioni-al-religion-today-film-festival\/","name":"\u201cNuove Visioni\u201d al Religion Today Film Festival - Testimonianza e Impegno sociale","isPartOf":{"@id":"https:\/\/www.diocesitn.it\/area-testimonianza\/#website"},"primaryImageOfPage":{"@id":"https:\/\/www.diocesitn.it\/area-testimonianza\/2024\/08\/28\/nuove-visioni-al-religion-today-film-festival\/#primaryimage"},"image":{"@id":"https:\/\/www.diocesitn.it\/area-testimonianza\/2024\/08\/28\/nuove-visioni-al-religion-today-film-festival\/#primaryimage"},"thumbnailUrl":"https:\/\/www.diocesitn.it\/area-testimonianza\/wp-content\/uploads\/sites\/37\/2024\/08\/2024-Religion-Today-banner.jpg","datePublished":"2024-08-28T06:42:29+00:00","dateModified":"2024-09-25T07:43:30+00:00","breadcrumb":{"@id":"https:\/\/www.diocesitn.it\/area-testimonianza\/2024\/08\/28\/nuove-visioni-al-religion-today-film-festival\/#breadcrumb"},"inLanguage":"it-IT","potentialAction":[{"@type":"ReadAction","target":["https:\/\/www.diocesitn.it\/area-testimonianza\/2024\/08\/28\/nuove-visioni-al-religion-today-film-festival\/"]}]},{"@type":"ImageObject","inLanguage":"it-IT","@id":"https:\/\/www.diocesitn.it\/area-testimonianza\/2024\/08\/28\/nuove-visioni-al-religion-today-film-festival\/#primaryimage","url":"https:\/\/www.diocesitn.it\/area-testimonianza\/wp-content\/uploads\/sites\/37\/2024\/08\/2024-Religion-Today-banner.jpg","contentUrl":"https:\/\/www.diocesitn.it\/area-testimonianza\/wp-content\/uploads\/sites\/37\/2024\/08\/2024-Religion-Today-banner.jpg","width":960,"height":365},{"@type":"BreadcrumbList","@id":"https:\/\/www.diocesitn.it\/area-testimonianza\/2024\/08\/28\/nuove-visioni-al-religion-today-film-festival\/#breadcrumb","itemListElement":[{"@type":"ListItem","position":1,"name":"Home","item":"https:\/\/www.diocesitn.it\/area-testimonianza\/"},{"@type":"ListItem","position":2,"name":"\u201cNuove Visioni\u201d al Religion Today Film Festival"}]},{"@type":"WebSite","@id":"https:\/\/www.diocesitn.it\/area-testimonianza\/#website","url":"https:\/\/www.diocesitn.it\/area-testimonianza\/","name":"Testimonianza e Impegno sociale","description":"Chiesa di Trento","publisher":{"@id":"https:\/\/www.diocesitn.it\/area-testimonianza\/#organization"},"potentialAction":[{"@type":"SearchAction","target":{"@type":"EntryPoint","urlTemplate":"https:\/\/www.diocesitn.it\/area-testimonianza\/?s={search_term_string}"},"query-input":"required name=search_term_string"}],"inLanguage":"it-IT"},{"@type":["Organization","Place"],"@id":"https:\/\/www.diocesitn.it\/area-testimonianza\/#organization","name":"Area Testimonianza e Impegno Sociale - Chiesa di Trento","url":"https:\/\/www.diocesitn.it\/area-testimonianza\/","logo":{"@id":"https:\/\/www.diocesitn.it\/area-testimonianza\/2024\/08\/28\/nuove-visioni-al-religion-today-film-festival\/#local-main-organization-logo"},"image":{"@id":"https:\/\/www.diocesitn.it\/area-testimonianza\/2024\/08\/28\/nuove-visioni-al-religion-today-film-festival\/#local-main-organization-logo"},"openingHoursSpecification":[{"@type":"OpeningHoursSpecification","dayOfWeek":["Monday","Tuesday","Wednesday","Thursday","Friday","Saturday","Sunday"],"opens":"09:00","closes":"17:00"}]},{"@type":"ImageObject","inLanguage":"it-IT","@id":"https:\/\/www.diocesitn.it\/area-testimonianza\/2024\/08\/28\/nuove-visioni-al-religion-today-film-festival\/#local-main-organization-logo","url":"https:\/\/www.diocesitn.it\/area-testimonianza\/wp-content\/uploads\/sites\/37\/2021\/09\/og-logo-testimonianza-e-impegno-sociale.jpg","contentUrl":"https:\/\/www.diocesitn.it\/area-testimonianza\/wp-content\/uploads\/sites\/37\/2021\/09\/og-logo-testimonianza-e-impegno-sociale.jpg","width":1200,"height":630,"caption":"Area Testimonianza e Impegno Sociale - Chiesa di Trento"}]}},"_links":{"self":[{"href":"https:\/\/www.diocesitn.it\/area-testimonianza\/wp-json\/wp\/v2\/posts\/15576","targetHints":{"allow":["GET"]}}],"collection":[{"href":"https:\/\/www.diocesitn.it\/area-testimonianza\/wp-json\/wp\/v2\/posts"}],"about":[{"href":"https:\/\/www.diocesitn.it\/area-testimonianza\/wp-json\/wp\/v2\/types\/post"}],"author":[{"embeddable":true,"href":"https:\/\/www.diocesitn.it\/area-testimonianza\/wp-json\/wp\/v2\/users\/161"}],"replies":[{"embeddable":true,"href":"https:\/\/www.diocesitn.it\/area-testimonianza\/wp-json\/wp\/v2\/comments?post=15576"}],"version-history":[{"count":3,"href":"https:\/\/www.diocesitn.it\/area-testimonianza\/wp-json\/wp\/v2\/posts\/15576\/revisions"}],"predecessor-version":[{"id":15954,"href":"https:\/\/www.diocesitn.it\/area-testimonianza\/wp-json\/wp\/v2\/posts\/15576\/revisions\/15954"}],"wp:featuredmedia":[{"embeddable":true,"href":"https:\/\/www.diocesitn.it\/area-testimonianza\/wp-json\/wp\/v2\/media\/15578"}],"wp:attachment":[{"href":"https:\/\/www.diocesitn.it\/area-testimonianza\/wp-json\/wp\/v2\/media?parent=15576"}],"wp:term":[{"taxonomy":"category","embeddable":true,"href":"https:\/\/www.diocesitn.it\/area-testimonianza\/wp-json\/wp\/v2\/categories?post=15576"},{"taxonomy":"post_tag","embeddable":true,"href":"https:\/\/www.diocesitn.it\/area-testimonianza\/wp-json\/wp\/v2\/tags?post=15576"}],"curies":[{"name":"wp","href":"https:\/\/api.w.org\/{rel}","templated":true}]}}