{"id":15568,"date":"2024-08-26T15:58:35","date_gmt":"2024-08-26T13:58:35","guid":{"rendered":"https:\/\/www.diocesitn.it\/area-testimonianza\/2024\/08\/26\/inaugurata-a-dardine-una-statua-in-memoria-di-monsignor-frasnelli-donata-dal-peru-al-vescovo-dei-poveri-tisi-mmodello-di-liberta-da-se-stesso\/"},"modified":"2024-09-16T09:02:58","modified_gmt":"2024-09-16T07:02:58","slug":"inaugurata-a-dardine-una-statua-in-memoria-di-monsignor-frasnelli-donata-dal-peru-al-vescovo-dei-poveri-tisi-mmodello-di-liberta-da-se-stesso","status":"publish","type":"post","link":"https:\/\/www.diocesitn.it\/area-testimonianza\/2024\/08\/26\/inaugurata-a-dardine-una-statua-in-memoria-di-monsignor-frasnelli-donata-dal-peru-al-vescovo-dei-poveri-tisi-mmodello-di-liberta-da-se-stesso\/","title":{"rendered":"Inaugurata a Dardine una statua in memoria di monsignor Frasnelli, donata dal Per\u00f9 al \u201cvescovo dei poveri\u201d. Tisi: Modello di libert\u00e0 da se stesso\u201d"},"content":{"rendered":"<p>La statua con il volto sorridente e sereno di <a href=\"https:\/\/www.diocesitn.it\/site\/a-dardine-la-messa-in-suffragio-del-vescovo-missionario-trentino-monsignor-dante-frasnelli-2\/\"><strong>monsignor Dante Frasnelli<\/strong> <\/a>\u201cvescovo dei poveri\u201d, come \u00e8 scritto nella predella, campeggia ufficialmente da <strong><a href=\"https:\/\/www.diocesitn.it\/site\/dal-peru-in-dono-alla-comunita-di-dardine-una-statua-in-memoria-del-vescovo-missionario-frasnelli\/\">domenica 25 agosto<\/a><\/strong> nella piazza del suo paese natale, <strong>Dardine<\/strong>, frazione di <strong>Predaia<\/strong>, in <strong>val di Non<\/strong>.<\/p>\n<p>Il religioso degli Oblati di San Giuseppe, partito missionario per il Per\u00f9 e scomparso nel gennaio 2020, poco dopo aver compiuto i 95 anni (QUI <a href=\"https:\/\/www.diocesitn.it\/site\/addio-in-peru-al-vescovo-missionario-trentino-monsignor-dante-frasnelli-nato-a-dardine-95-anni-fa-guido-per-35-anni-la-diocesi-di-huari\/\">ARTICOLO<\/a>), rivive, non solo idealmente, nel cuore dei suoi compaesani anche grazie all\u2019opera marmorea dono della comunit\u00e0 di <strong>Huari<\/strong>, la Diocesi peruviana guidata da Frasnelli per pi\u00f9 di trent\u2019anni.<\/p>\n<p>\u00c8 stato l\u2019<strong>arcivescovo Lauro Tisi<\/strong> a presiedere la Messa inaugurale, sotto il tendone allestito nel piazzale davanti alla statua. Hanno concelebrato <strong>padre Michele Piscopo<\/strong> ex superiore degli Oblati di S. Giuseppe, <strong>don Lorenzo Salinetti<\/strong> (Mato Grosso), due <strong>religiosi<\/strong> oblati provenienti rispettivamente dal <strong>Per\u00f9<\/strong> e dalla <strong>Nigeria<\/strong>, alcuni <strong>parroci<\/strong> (o ex) della val di di Non tra cui don Riccardo Pedrotti, don Daniele Armani, don Renzo Zeni e don Carlo Daz, oltre al rettore del Seminario don Tiziano Telch e al delegato don Mauro Leonardelli.<\/p>\n<p>Insieme alla comunit\u00e0 parrocchiale e all\u2019amministrazione comunale, hanno promosso l\u2019iniziativa anche la associazioni <strong>Aca de Vita<\/strong> e <strong>Mato Grosso<\/strong>.<\/p>\n<h4>L&#8217;omelia dell&#8217;Arcivescovo: liberi o prigionieri dei like?<\/h4>\n<p>Nell\u2019omelia don Lauro commenta il <strong>Vangelo secondo Giovanni<\/strong> in cui <strong>Ges\u00f9<\/strong>, dopo aver sottolineato \u201cNessuno pu\u00f2 venire a me se non gli \u00e8 concesso dal Padre\u201d, interpella i discepoli (\u201c<strong>Volete andarvene anche voi?<\/strong>\u201d) ottenendo da Pietro una netta risposta: \u201cSignore da chi andremo?\u201d.<\/p>\n<p>Per don Lauro da <strong>Ges\u00f9<\/strong> arriva \u201cuna lezione stupenda perch\u00e9 si dimostra <strong>totalmente libero da s\u00e9 stesso<\/strong>. Chiede infatti \u2018volete andarvene anche voi?\u2019, anzich\u00e9 dire \u2018almeno voi rimanete qui\u2019. <strong>La libert\u00e0 da se stessi \u00e8 la madre di tutte le libert\u00e0<\/strong> e solo Dio sa quanto in questo momento \u2013 prigionieri dei like e del consenso, preoccupati della nostra immagine \u2013 ci sia bisogno di bonificare le nostre relazioni perch\u00e9 siano relazioni tra uomini e donne liberi da se stessi\u201d. \u00a0\u201cSpesso invece \u2013 incalza don Lauro \u2013 i nostri gesti e le nostre relazioni, quello che andiamo dicendo non \u00e8 quello che viviamo, \u00e8 quello che opportunisticamente facciamo per farci ammirare o in qualche misura condizionare gli altri\u201d.<\/p>\n<h4>Frasnelli uomo libero da se stesso<\/h4>\n<p>\u201cMi piace sottolineare alla comunit\u00e0 di <strong>Dardine<\/strong> e a quella di <strong>Huari<\/strong>, cos\u00ec come a tutti coloro che l\u2019hanno conosciuto, che <strong>monsignor Dante<\/strong> \u2013 ha sottolineato l\u2019Arcivescovo &#8211; \u00e8 stato davvero un <strong>uomo libero da s\u00e9 stesso<\/strong> e questa libert\u00e0 si esprimeva sia nel parlare sia nell\u2019agire perch\u00e9 dimostrava di saper percorrere la propria strada con coraggio e indipendenza\u201d. Come quando \u2013 ha lasciato intendere Tisi \u2013 il vescovo Dante accolse in missione la realt\u00e0 carismatica del Mato Grosso perch\u00e9 \u201csolo gli uomini liberi da se stessi \u2013 ha chiosato don Lauro \u2013 riescono ad accogliere le novit\u00e0\u201d.<\/p>\n<h4>Lezione per la &#8220;vecchia&#8221; Europa<\/h4>\n<p>Una lezione, secondo l\u2019Arcivescovo, per un\u2019\u201d<strong>Europa vecchia che non sa accogliere novit\u00e0<\/strong> ed \u00e8 solo prigioniera degli slogan\u201d. \u201c\u00c8 bello che ci siano qui i nostri amici del Sudamerica e dell\u2019Africa a raccontarci che il mondo \u00e8 un altro\u201d. Quindi l\u2019appello-invocazione di monsignor Tisi: \u201cVieni Ges\u00f9, meraviglioso Dio libero da te, vieni e apri gli occhi a questa stanca Europa, <strong>mandaci nuovi Dante Frasnelli<\/strong> a darci il gusto della libert\u00e0 da noi stessi, madre di tutte le libert\u00e0\u201d.<\/p>\n<h4>Il nostro Dio \u00e8 il Dio dei perdonati<\/h4>\n<p>Osservando il \u201cfalegname di Nazaret con i calli sulle mani, il Dio che non si imbarazza ad abitare l\u2019umano\u201d, l\u2019Arcivescovo ribadisce con passione: \u201cSia benedetto Dio che mi chiedi una cosa sola: racconta che sei perdonato a un mondo di intolleranti e di fustigatori e di gente che &#8211; lo vediamo nel panorama internazionale &#8211; si fa la guerra uno con l\u2019altro. La notizia cristiana \u00e8 questa: c\u2019\u00e8 posto per te presso Dio perch\u00e9 il nostro Dio \u00e8 il Dio dei perdonati e non dei duri e puri e allora sia benedetto Dio che ci ama come siamo\u201d.<\/p>\n<h4>Caro fratello Dante&#8230;<\/h4>\n<p>Poco prima di scoprire il monumento, don Lauro si rivolge a Frasnelli: &#8220;Caro fratello Dante, fa\u2019 che <strong>come te<\/strong> ci prendiamo il tempo di scrivere <strong>pagine di Vangelo<\/strong> attraverso umanit\u00e0 che abbracciano, servono, donano, accarezzano e togli da noi la mano che si alza per colpire, per ferire e per portare morte. Correggi le nostre parole e falle diventare parole-ponte e non parole divisive\u201d.<\/p>\n<p>Alla Messa \u00e8 seguita la proiezione di un <strong>filmato<\/strong> per ricordare le opere del vescovo Dante; quindi un fraterno momento di condivisione.<\/p>\n<p>Nella foto, davanti alla statua donata dalla comunit\u00e0 di Huari, l&#8217;arcivescovo Tisi con la sorella e la cognata di monsignor Frasnelli; sullo sfondo don Riccardo Pedrotti.<\/p>\n\n\n\t\t<style type='text\/css'>\n\n\t\t\t\/* PhotoSwipe Plugin *\/\n\t\t\t.psgal {\n\t\t\t\tmargin: auto;\n\t\t\t\tpadding-bottom:40px;\n\n\t\t\t\t-webkit-transition: all 0.4s ease;\n\t\t\t\t-moz-transition: all 0.4s ease;\n\t\t\t\t-o-transition: all 0.4s ease;\n\t\t\t\ttransition: all 0.4s ease;\n\t\t\t}\n\n\t\t\t.psgal figure {\n\t\t\t\tfloat: left;\n\t\t\t\ttext-align: center;\n    \t\t\twidth: 200px;\n                max-width: 50%;\n\t\t\t\tpadding:5px;\n\t\t\t\tmargin: 0px;\n\t\t\t\tbox-sizing:border-box;\n\t\t\t}\n\t\t\t.psgal a{\n\t\t\t\tdisplay:block;\n\t\t\t}\n\t\t\t.psgal figure figcaption{\n\t\t\t\tfont-size:13px;\n\t\t\t}\n\n\t\t\t.msnry{\n\t\t\t\tmargin:auto;\n\t\t\t}\n\t\t\t.pswp__caption__center{\n\t\t\t\ttext-align: center;\n\t\t\t}\n\t\t\t\n\n\t\t\t.photoswipe-gallery-caption{\n\t\t\t\tdisplay:none;\n\t\t\t}\n\n\t\t\t\n\t\t<\/style> <div style=\"clear:both\"><\/div>\n\n\t\t<div id=\"psgal_15568_1\" class=\"ps-gallery psgal gallery-columns-3 gallery-size-thumbnail\" itemscope itemtype=\"http:\/\/schema.org\/ImageGallery\" >\n\t\t\t\t<figure class=\"msnry_item\" itemscope itemtype=\"http:\/\/schema.org\/ImageObject\">\n\t\t\t\t\t<a href=\"https:\/\/www.diocesitn.it\/area-testimonianza\/wp-content\/uploads\/sites\/37\/2024\/08\/Frasnelli_messa2-e1724680428912.jpg\"\n\t\t\t\t\titemprop=\"contentUrl\"\n\t\t\t\t\tdata-pswp-width=\"800\" \n\t\t\t\t    data-pswp-height=\"600\" \n\t\t\t\t    data-cropped=\"true\"\n\t\t\t\t\tdata-caption=\"\"\n\t\t\t\t\tclass=\"post-thumbnail-image-link container-fixed-aspect-ratio__16-9\">\n\t\t\t\t        <img src=https:\/\/www.diocesitn.it\/area-testimonianza\/wp-content\/uploads\/sites\/37\/2024\/08\/Frasnelli_messa2-e1724680428912-300x225.jpg itemprop=\"thumbnail\" alt=\"\"  \/>\n\t\t\t\t    <\/a>\n\t\t\t\t    <figcaption class=\"photoswipe-gallery-caption\" ><\/figcaption>\n\t\t\t    <\/figure>\n\t\t\t\t\n\t\t\t\t<figure class=\"msnry_item\" itemscope itemtype=\"http:\/\/schema.org\/ImageObject\">\n\t\t\t\t\t<a href=\"https:\/\/www.diocesitn.it\/area-testimonianza\/wp-content\/uploads\/sites\/37\/2024\/08\/Frasnelli_messa-e1724680440452.jpg\"\n\t\t\t\t\titemprop=\"contentUrl\"\n\t\t\t\t\tdata-pswp-width=\"800\" \n\t\t\t\t    data-pswp-height=\"600\" \n\t\t\t\t    data-cropped=\"true\"\n\t\t\t\t\tdata-caption=\"\"\n\t\t\t\t\tclass=\"post-thumbnail-image-link container-fixed-aspect-ratio__16-9\">\n\t\t\t\t        <img src=https:\/\/www.diocesitn.it\/area-testimonianza\/wp-content\/uploads\/sites\/37\/2024\/08\/Frasnelli_messa-e1724680440452-300x225.jpg itemprop=\"thumbnail\" alt=\"\"  \/>\n\t\t\t\t    <\/a>\n\t\t\t\t    <figcaption class=\"photoswipe-gallery-caption\" ><\/figcaption>\n\t\t\t    <\/figure>\n\t\t\t\t\n\t\t\t\t<figure class=\"msnry_item\" itemscope itemtype=\"http:\/\/schema.org\/ImageObject\">\n\t\t\t\t\t<a href=\"https:\/\/www.diocesitn.it\/area-testimonianza\/wp-content\/uploads\/sites\/37\/2024\/08\/Frasnelli_vescovo1-e1724680402778.jpg\"\n\t\t\t\t\titemprop=\"contentUrl\"\n\t\t\t\t\tdata-pswp-width=\"800\" \n\t\t\t\t    data-pswp-height=\"455\" \n\t\t\t\t    data-cropped=\"true\"\n\t\t\t\t\tdata-caption=\"\"\n\t\t\t\t\tclass=\"post-thumbnail-image-link container-fixed-aspect-ratio__16-9\">\n\t\t\t\t        <img src=https:\/\/www.diocesitn.it\/area-testimonianza\/wp-content\/uploads\/sites\/37\/2024\/08\/Frasnelli_vescovo1-e1724680402778-300x171.jpg itemprop=\"thumbnail\" alt=\"\"  \/>\n\t\t\t\t    <\/a>\n\t\t\t\t    <figcaption class=\"photoswipe-gallery-caption\" ><\/figcaption>\n\t\t\t    <\/figure>\n\t\t\t\t\n\t\t\t\t<figure class=\"msnry_item\" itemscope itemtype=\"http:\/\/schema.org\/ImageObject\">\n\t\t\t\t\t<a href=\"https:\/\/www.diocesitn.it\/area-testimonianza\/wp-content\/uploads\/sites\/37\/2024\/08\/Frasnelli_statua-e1724680415829-768x1024.jpg\"\n\t\t\t\t\titemprop=\"contentUrl\"\n\t\t\t\t\tdata-pswp-width=\"768\" \n\t\t\t\t    data-pswp-height=\"1024\" \n\t\t\t\t    data-cropped=\"true\"\n\t\t\t\t\tdata-caption=\"\"\n\t\t\t\t\tclass=\"post-thumbnail-image-link container-fixed-aspect-ratio__16-9\">\n\t\t\t\t        <img src=https:\/\/www.diocesitn.it\/area-testimonianza\/wp-content\/uploads\/sites\/37\/2024\/08\/Frasnelli_statua-e1724680415829-225x300.jpg itemprop=\"thumbnail\" alt=\"\"  \/>\n\t\t\t\t    <\/a>\n\t\t\t\t    <figcaption class=\"photoswipe-gallery-caption\" ><\/figcaption>\n\t\t\t    <\/figure>\n\t\t\t\t<\/div>\n\t\t<div style='clear:both'><\/div>\n\t\n","protected":false},"excerpt":{"rendered":"<p>La statua con il volto sorridente e sereno di monsignor Dante Frasnelli \u201cvescovo dei poveri\u201d, come \u00e8 scritto nella predella, campeggia ufficialmente da domenica 25 agosto nella piazza del suo paese natale, Dardine, frazione di<\/p>\n","protected":false},"author":3,"featured_media":15570,"comment_status":"closed","ping_status":"closed","sticky":false,"template":"","format":"standard","meta":{"footnotes":""},"categories":[1074,1151],"tags":[2330,2331,1292,2329,2332,2333],"class_list":["post-15568","post","type-post","status-publish","format-standard","has-post-thumbnail","hentry","category-notizie","category-servizio-missionario","tag-dardine","tag-huari","tag-messa","tag-dante-frasnelli","tag-peru","tag-statua"],"acf":{"seed-localization-paese-cod":"IT","seed-localization-address":"","seed-localization-citta":"Trento","seed-localization-regione-cod-istat":"04","seed-localization-citta-cod-istat":"022205","seed-localization-localita":"","seed-localization-cap":"","seed-localization-marker-visibility":false,"seed-localization-children-visibility":false,"seed-localization-kml":"","seed-localization-custom-marker":""},"yoast_head":"<!-- This site is optimized with the Yoast SEO Premium plugin v20.2.1 (Yoast SEO v22.2) - https:\/\/yoast.com\/wordpress\/plugins\/seo\/ -->\n<title>Inaugurata a Dardine una statua per monsignor Frasnelli.<\/title>\n<meta name=\"description\" content=\"Inaugurata a Dardine una statua per monsignor Frasnelli, \u201cvescovo dei poveri\u201d. Tisi: \u201cmodello di libert\u00e0 da se stesso\u201d\" \/>\n<meta name=\"robots\" content=\"index, follow, max-snippet:-1, max-image-preview:large, max-video-preview:-1\" \/>\n<link rel=\"canonical\" href=\"https:\/\/www.diocesitn.it\/area-testimonianza\/2024\/08\/26\/inaugurata-a-dardine-una-statua-in-memoria-di-monsignor-frasnelli-donata-dal-peru-al-vescovo-dei-poveri-tisi-mmodello-di-liberta-da-se-stesso\/\" \/>\n<meta property=\"og:locale\" content=\"it_IT\" \/>\n<meta property=\"og:type\" content=\"article\" \/>\n<meta property=\"og:title\" content=\"Inaugurata a Dardine una statua in memoria di monsignor Frasnelli, donata dal Per\u00f9 al \u201cvescovo dei poveri\u201d. Tisi: Modello di libert\u00e0 da se stesso\u201d\" \/>\n<meta property=\"og:description\" content=\"Inaugurata a Dardine una statua per monsignor Frasnelli, \u201cvescovo dei poveri\u201d. Tisi: \u201cmodello di libert\u00e0 da se stesso\u201d\" \/>\n<meta property=\"og:url\" content=\"https:\/\/www.diocesitn.it\/area-testimonianza\/2024\/08\/26\/inaugurata-a-dardine-una-statua-in-memoria-di-monsignor-frasnelli-donata-dal-peru-al-vescovo-dei-poveri-tisi-mmodello-di-liberta-da-se-stesso\/\" \/>\n<meta property=\"og:site_name\" content=\"Testimonianza e Impegno sociale\" \/>\n<meta property=\"article:published_time\" content=\"2024-08-26T13:58:35+00:00\" \/>\n<meta property=\"article:modified_time\" content=\"2024-09-16T07:02:58+00:00\" \/>\n<meta property=\"og:image\" content=\"https:\/\/www.diocesitn.it\/area-testimonianza\/wp-content\/uploads\/sites\/37\/2024\/08\/Frasnelli_vescovo1-e1724680402778.jpg\" \/>\n\t<meta property=\"og:image:width\" content=\"900\" \/>\n\t<meta property=\"og:image:height\" content=\"512\" \/>\n\t<meta property=\"og:image:type\" content=\"image\/jpeg\" \/>\n<meta name=\"author\" content=\"Piergiorgio Franceschini\" \/>\n<meta name=\"twitter:card\" content=\"summary_large_image\" \/>\n<meta name=\"twitter:label1\" content=\"Scritto da\" \/>\n\t<meta name=\"twitter:data1\" content=\"Piergiorgio Franceschini\" \/>\n\t<meta name=\"twitter:label2\" content=\"Tempo di lettura stimato\" \/>\n\t<meta name=\"twitter:data2\" content=\"5 minuti\" \/>\n<script type=\"application\/ld+json\" class=\"yoast-schema-graph\">{\"@context\":\"https:\/\/schema.org\",\"@graph\":[{\"@type\":\"Article\",\"@id\":\"https:\/\/www.diocesitn.it\/area-testimonianza\/2024\/08\/26\/inaugurata-a-dardine-una-statua-in-memoria-di-monsignor-frasnelli-donata-dal-peru-al-vescovo-dei-poveri-tisi-mmodello-di-liberta-da-se-stesso\/#article\",\"isPartOf\":{\"@id\":\"https:\/\/www.diocesitn.it\/area-testimonianza\/2024\/08\/26\/inaugurata-a-dardine-una-statua-in-memoria-di-monsignor-frasnelli-donata-dal-peru-al-vescovo-dei-poveri-tisi-mmodello-di-liberta-da-se-stesso\/\"},\"author\":{\"name\":\"Piergiorgio Franceschini\",\"@id\":\"https:\/\/www.diocesitn.it\/area-testimonianza\/#\/schema\/person\/99590c84577873a025247b6aeb16ad2e\"},\"headline\":\"Inaugurata a Dardine una statua in memoria di monsignor Frasnelli, donata dal Per\u00f9 al \u201cvescovo dei poveri\u201d. Tisi: Modello di libert\u00e0 da se stesso\u201d\",\"datePublished\":\"2024-08-26T13:58:35+00:00\",\"dateModified\":\"2024-09-16T07:02:58+00:00\",\"mainEntityOfPage\":{\"@id\":\"https:\/\/www.diocesitn.it\/area-testimonianza\/2024\/08\/26\/inaugurata-a-dardine-una-statua-in-memoria-di-monsignor-frasnelli-donata-dal-peru-al-vescovo-dei-poveri-tisi-mmodello-di-liberta-da-se-stesso\/\"},\"wordCount\":789,\"publisher\":{\"@id\":\"https:\/\/www.diocesitn.it\/area-testimonianza\/#organization\"},\"image\":{\"@id\":\"https:\/\/www.diocesitn.it\/area-testimonianza\/2024\/08\/26\/inaugurata-a-dardine-una-statua-in-memoria-di-monsignor-frasnelli-donata-dal-peru-al-vescovo-dei-poveri-tisi-mmodello-di-liberta-da-se-stesso\/#primaryimage\"},\"thumbnailUrl\":\"https:\/\/www.diocesitn.it\/area-testimonianza\/wp-content\/uploads\/sites\/37\/2024\/08\/Frasnelli_vescovo1-e1724680402778.jpg\",\"keywords\":[\"Dardine\",\"huari\",\"messa\",\"mons. Dante Frasnelli\",\"per\u00f9\",\"statua\"],\"articleSection\":[\"Notizie\",\"Pastorale Missionaria\"],\"inLanguage\":\"it-IT\",\"copyrightYear\":\"2024\",\"copyrightHolder\":{\"@id\":\"https:\/\/www.diocesitn.it\/#organization\"}},{\"@type\":\"WebPage\",\"@id\":\"https:\/\/www.diocesitn.it\/area-testimonianza\/2024\/08\/26\/inaugurata-a-dardine-una-statua-in-memoria-di-monsignor-frasnelli-donata-dal-peru-al-vescovo-dei-poveri-tisi-mmodello-di-liberta-da-se-stesso\/\",\"url\":\"https:\/\/www.diocesitn.it\/area-testimonianza\/2024\/08\/26\/inaugurata-a-dardine-una-statua-in-memoria-di-monsignor-frasnelli-donata-dal-peru-al-vescovo-dei-poveri-tisi-mmodello-di-liberta-da-se-stesso\/\",\"name\":\"Inaugurata a Dardine una statua per monsignor Frasnelli.\",\"isPartOf\":{\"@id\":\"https:\/\/www.diocesitn.it\/area-testimonianza\/#website\"},\"primaryImageOfPage\":{\"@id\":\"https:\/\/www.diocesitn.it\/area-testimonianza\/2024\/08\/26\/inaugurata-a-dardine-una-statua-in-memoria-di-monsignor-frasnelli-donata-dal-peru-al-vescovo-dei-poveri-tisi-mmodello-di-liberta-da-se-stesso\/#primaryimage\"},\"image\":{\"@id\":\"https:\/\/www.diocesitn.it\/area-testimonianza\/2024\/08\/26\/inaugurata-a-dardine-una-statua-in-memoria-di-monsignor-frasnelli-donata-dal-peru-al-vescovo-dei-poveri-tisi-mmodello-di-liberta-da-se-stesso\/#primaryimage\"},\"thumbnailUrl\":\"https:\/\/www.diocesitn.it\/area-testimonianza\/wp-content\/uploads\/sites\/37\/2024\/08\/Frasnelli_vescovo1-e1724680402778.jpg\",\"datePublished\":\"2024-08-26T13:58:35+00:00\",\"dateModified\":\"2024-09-16T07:02:58+00:00\",\"description\":\"Inaugurata a Dardine una statua per monsignor Frasnelli, \u201cvescovo dei poveri\u201d. Tisi: \u201cmodello di libert\u00e0 da se stesso\u201d\",\"breadcrumb\":{\"@id\":\"https:\/\/www.diocesitn.it\/area-testimonianza\/2024\/08\/26\/inaugurata-a-dardine-una-statua-in-memoria-di-monsignor-frasnelli-donata-dal-peru-al-vescovo-dei-poveri-tisi-mmodello-di-liberta-da-se-stesso\/#breadcrumb\"},\"inLanguage\":\"it-IT\",\"potentialAction\":[{\"@type\":\"ReadAction\",\"target\":[\"https:\/\/www.diocesitn.it\/area-testimonianza\/2024\/08\/26\/inaugurata-a-dardine-una-statua-in-memoria-di-monsignor-frasnelli-donata-dal-peru-al-vescovo-dei-poveri-tisi-mmodello-di-liberta-da-se-stesso\/\"]}]},{\"@type\":\"ImageObject\",\"inLanguage\":\"it-IT\",\"@id\":\"https:\/\/www.diocesitn.it\/area-testimonianza\/2024\/08\/26\/inaugurata-a-dardine-una-statua-in-memoria-di-monsignor-frasnelli-donata-dal-peru-al-vescovo-dei-poveri-tisi-mmodello-di-liberta-da-se-stesso\/#primaryimage\",\"url\":\"https:\/\/www.diocesitn.it\/area-testimonianza\/wp-content\/uploads\/sites\/37\/2024\/08\/Frasnelli_vescovo1-e1724680402778.jpg\",\"contentUrl\":\"https:\/\/www.diocesitn.it\/area-testimonianza\/wp-content\/uploads\/sites\/37\/2024\/08\/Frasnelli_vescovo1-e1724680402778.jpg\",\"width\":900,\"height\":512},{\"@type\":\"BreadcrumbList\",\"@id\":\"https:\/\/www.diocesitn.it\/area-testimonianza\/2024\/08\/26\/inaugurata-a-dardine-una-statua-in-memoria-di-monsignor-frasnelli-donata-dal-peru-al-vescovo-dei-poveri-tisi-mmodello-di-liberta-da-se-stesso\/#breadcrumb\",\"itemListElement\":[{\"@type\":\"ListItem\",\"position\":1,\"name\":\"Home\",\"item\":\"https:\/\/www.diocesitn.it\/area-testimonianza\/\"},{\"@type\":\"ListItem\",\"position\":2,\"name\":\"Inaugurata a Dardine una statua in memoria di monsignor Frasnelli, donata dal Per\u00f9 al \u201cvescovo dei poveri\u201d. Tisi: Modello di libert\u00e0 da se stesso\u201d\"}]},{\"@type\":\"WebSite\",\"@id\":\"https:\/\/www.diocesitn.it\/area-testimonianza\/#website\",\"url\":\"https:\/\/www.diocesitn.it\/area-testimonianza\/\",\"name\":\"Testimonianza e Impegno sociale\",\"description\":\"Chiesa di Trento\",\"publisher\":{\"@id\":\"https:\/\/www.diocesitn.it\/area-testimonianza\/#organization\"},\"potentialAction\":[{\"@type\":\"SearchAction\",\"target\":{\"@type\":\"EntryPoint\",\"urlTemplate\":\"https:\/\/www.diocesitn.it\/area-testimonianza\/?s={search_term_string}\"},\"query-input\":\"required name=search_term_string\"}],\"inLanguage\":\"it-IT\"},{\"@type\":[\"Organization\",\"Place\"],\"@id\":\"https:\/\/www.diocesitn.it\/area-testimonianza\/#organization\",\"name\":\"Area Testimonianza e Impegno Sociale - Chiesa di Trento\",\"url\":\"https:\/\/www.diocesitn.it\/area-testimonianza\/\",\"logo\":{\"@id\":\"https:\/\/www.diocesitn.it\/area-testimonianza\/2024\/08\/26\/inaugurata-a-dardine-una-statua-in-memoria-di-monsignor-frasnelli-donata-dal-peru-al-vescovo-dei-poveri-tisi-mmodello-di-liberta-da-se-stesso\/#local-main-organization-logo\"},\"image\":{\"@id\":\"https:\/\/www.diocesitn.it\/area-testimonianza\/2024\/08\/26\/inaugurata-a-dardine-una-statua-in-memoria-di-monsignor-frasnelli-donata-dal-peru-al-vescovo-dei-poveri-tisi-mmodello-di-liberta-da-se-stesso\/#local-main-organization-logo\"},\"openingHoursSpecification\":[{\"@type\":\"OpeningHoursSpecification\",\"dayOfWeek\":[\"Monday\",\"Tuesday\",\"Wednesday\",\"Thursday\",\"Friday\",\"Saturday\",\"Sunday\"],\"opens\":\"09:00\",\"closes\":\"17:00\"}]},{\"@type\":\"ImageObject\",\"inLanguage\":\"it-IT\",\"@id\":\"https:\/\/www.diocesitn.it\/area-testimonianza\/2024\/08\/26\/inaugurata-a-dardine-una-statua-in-memoria-di-monsignor-frasnelli-donata-dal-peru-al-vescovo-dei-poveri-tisi-mmodello-di-liberta-da-se-stesso\/#local-main-organization-logo\",\"url\":\"https:\/\/www.diocesitn.it\/area-testimonianza\/wp-content\/uploads\/sites\/37\/2021\/09\/og-logo-testimonianza-e-impegno-sociale.jpg\",\"contentUrl\":\"https:\/\/www.diocesitn.it\/area-testimonianza\/wp-content\/uploads\/sites\/37\/2021\/09\/og-logo-testimonianza-e-impegno-sociale.jpg\",\"width\":1200,\"height\":630,\"caption\":\"Area Testimonianza e Impegno Sociale - Chiesa di Trento\"}]}<\/script>\n<!-- \/ Yoast SEO Premium plugin. -->","yoast_head_json":{"title":"Inaugurata a Dardine una statua per monsignor Frasnelli.","description":"Inaugurata a Dardine una statua per monsignor Frasnelli, \u201cvescovo dei poveri\u201d. Tisi: \u201cmodello di libert\u00e0 da se stesso\u201d","robots":{"index":"index","follow":"follow","max-snippet":"max-snippet:-1","max-image-preview":"max-image-preview:large","max-video-preview":"max-video-preview:-1"},"canonical":"https:\/\/www.diocesitn.it\/area-testimonianza\/2024\/08\/26\/inaugurata-a-dardine-una-statua-in-memoria-di-monsignor-frasnelli-donata-dal-peru-al-vescovo-dei-poveri-tisi-mmodello-di-liberta-da-se-stesso\/","og_locale":"it_IT","og_type":"article","og_title":"Inaugurata a Dardine una statua in memoria di monsignor Frasnelli, donata dal Per\u00f9 al \u201cvescovo dei poveri\u201d. Tisi: Modello di libert\u00e0 da se stesso\u201d","og_description":"Inaugurata a Dardine una statua per monsignor Frasnelli, \u201cvescovo dei poveri\u201d. Tisi: \u201cmodello di libert\u00e0 da se stesso\u201d","og_url":"https:\/\/www.diocesitn.it\/area-testimonianza\/2024\/08\/26\/inaugurata-a-dardine-una-statua-in-memoria-di-monsignor-frasnelli-donata-dal-peru-al-vescovo-dei-poveri-tisi-mmodello-di-liberta-da-se-stesso\/","og_site_name":"Testimonianza e Impegno sociale","article_published_time":"2024-08-26T13:58:35+00:00","article_modified_time":"2024-09-16T07:02:58+00:00","og_image":[{"width":900,"height":512,"url":"https:\/\/www.diocesitn.it\/area-testimonianza\/wp-content\/uploads\/sites\/37\/2024\/08\/Frasnelli_vescovo1-e1724680402778.jpg","type":"image\/jpeg"}],"author":"Piergiorgio Franceschini","twitter_card":"summary_large_image","twitter_misc":{"Scritto da":"Piergiorgio Franceschini","Tempo di lettura stimato":"5 minuti"},"schema":{"@context":"https:\/\/schema.org","@graph":[{"@type":"Article","@id":"https:\/\/www.diocesitn.it\/area-testimonianza\/2024\/08\/26\/inaugurata-a-dardine-una-statua-in-memoria-di-monsignor-frasnelli-donata-dal-peru-al-vescovo-dei-poveri-tisi-mmodello-di-liberta-da-se-stesso\/#article","isPartOf":{"@id":"https:\/\/www.diocesitn.it\/area-testimonianza\/2024\/08\/26\/inaugurata-a-dardine-una-statua-in-memoria-di-monsignor-frasnelli-donata-dal-peru-al-vescovo-dei-poveri-tisi-mmodello-di-liberta-da-se-stesso\/"},"author":{"name":"Piergiorgio Franceschini","@id":"https:\/\/www.diocesitn.it\/area-testimonianza\/#\/schema\/person\/99590c84577873a025247b6aeb16ad2e"},"headline":"Inaugurata a Dardine una statua in memoria di monsignor Frasnelli, donata dal Per\u00f9 al \u201cvescovo dei poveri\u201d. Tisi: Modello di libert\u00e0 da se stesso\u201d","datePublished":"2024-08-26T13:58:35+00:00","dateModified":"2024-09-16T07:02:58+00:00","mainEntityOfPage":{"@id":"https:\/\/www.diocesitn.it\/area-testimonianza\/2024\/08\/26\/inaugurata-a-dardine-una-statua-in-memoria-di-monsignor-frasnelli-donata-dal-peru-al-vescovo-dei-poveri-tisi-mmodello-di-liberta-da-se-stesso\/"},"wordCount":789,"publisher":{"@id":"https:\/\/www.diocesitn.it\/area-testimonianza\/#organization"},"image":{"@id":"https:\/\/www.diocesitn.it\/area-testimonianza\/2024\/08\/26\/inaugurata-a-dardine-una-statua-in-memoria-di-monsignor-frasnelli-donata-dal-peru-al-vescovo-dei-poveri-tisi-mmodello-di-liberta-da-se-stesso\/#primaryimage"},"thumbnailUrl":"https:\/\/www.diocesitn.it\/area-testimonianza\/wp-content\/uploads\/sites\/37\/2024\/08\/Frasnelli_vescovo1-e1724680402778.jpg","keywords":["Dardine","huari","messa","mons. Dante Frasnelli","per\u00f9","statua"],"articleSection":["Notizie","Pastorale Missionaria"],"inLanguage":"it-IT","copyrightYear":"2024","copyrightHolder":{"@id":"https:\/\/www.diocesitn.it\/#organization"}},{"@type":"WebPage","@id":"https:\/\/www.diocesitn.it\/area-testimonianza\/2024\/08\/26\/inaugurata-a-dardine-una-statua-in-memoria-di-monsignor-frasnelli-donata-dal-peru-al-vescovo-dei-poveri-tisi-mmodello-di-liberta-da-se-stesso\/","url":"https:\/\/www.diocesitn.it\/area-testimonianza\/2024\/08\/26\/inaugurata-a-dardine-una-statua-in-memoria-di-monsignor-frasnelli-donata-dal-peru-al-vescovo-dei-poveri-tisi-mmodello-di-liberta-da-se-stesso\/","name":"Inaugurata a Dardine una statua per monsignor Frasnelli.","isPartOf":{"@id":"https:\/\/www.diocesitn.it\/area-testimonianza\/#website"},"primaryImageOfPage":{"@id":"https:\/\/www.diocesitn.it\/area-testimonianza\/2024\/08\/26\/inaugurata-a-dardine-una-statua-in-memoria-di-monsignor-frasnelli-donata-dal-peru-al-vescovo-dei-poveri-tisi-mmodello-di-liberta-da-se-stesso\/#primaryimage"},"image":{"@id":"https:\/\/www.diocesitn.it\/area-testimonianza\/2024\/08\/26\/inaugurata-a-dardine-una-statua-in-memoria-di-monsignor-frasnelli-donata-dal-peru-al-vescovo-dei-poveri-tisi-mmodello-di-liberta-da-se-stesso\/#primaryimage"},"thumbnailUrl":"https:\/\/www.diocesitn.it\/area-testimonianza\/wp-content\/uploads\/sites\/37\/2024\/08\/Frasnelli_vescovo1-e1724680402778.jpg","datePublished":"2024-08-26T13:58:35+00:00","dateModified":"2024-09-16T07:02:58+00:00","description":"Inaugurata a Dardine una statua per monsignor Frasnelli, \u201cvescovo dei poveri\u201d. Tisi: \u201cmodello di libert\u00e0 da se stesso\u201d","breadcrumb":{"@id":"https:\/\/www.diocesitn.it\/area-testimonianza\/2024\/08\/26\/inaugurata-a-dardine-una-statua-in-memoria-di-monsignor-frasnelli-donata-dal-peru-al-vescovo-dei-poveri-tisi-mmodello-di-liberta-da-se-stesso\/#breadcrumb"},"inLanguage":"it-IT","potentialAction":[{"@type":"ReadAction","target":["https:\/\/www.diocesitn.it\/area-testimonianza\/2024\/08\/26\/inaugurata-a-dardine-una-statua-in-memoria-di-monsignor-frasnelli-donata-dal-peru-al-vescovo-dei-poveri-tisi-mmodello-di-liberta-da-se-stesso\/"]}]},{"@type":"ImageObject","inLanguage":"it-IT","@id":"https:\/\/www.diocesitn.it\/area-testimonianza\/2024\/08\/26\/inaugurata-a-dardine-una-statua-in-memoria-di-monsignor-frasnelli-donata-dal-peru-al-vescovo-dei-poveri-tisi-mmodello-di-liberta-da-se-stesso\/#primaryimage","url":"https:\/\/www.diocesitn.it\/area-testimonianza\/wp-content\/uploads\/sites\/37\/2024\/08\/Frasnelli_vescovo1-e1724680402778.jpg","contentUrl":"https:\/\/www.diocesitn.it\/area-testimonianza\/wp-content\/uploads\/sites\/37\/2024\/08\/Frasnelli_vescovo1-e1724680402778.jpg","width":900,"height":512},{"@type":"BreadcrumbList","@id":"https:\/\/www.diocesitn.it\/area-testimonianza\/2024\/08\/26\/inaugurata-a-dardine-una-statua-in-memoria-di-monsignor-frasnelli-donata-dal-peru-al-vescovo-dei-poveri-tisi-mmodello-di-liberta-da-se-stesso\/#breadcrumb","itemListElement":[{"@type":"ListItem","position":1,"name":"Home","item":"https:\/\/www.diocesitn.it\/area-testimonianza\/"},{"@type":"ListItem","position":2,"name":"Inaugurata a Dardine una statua in memoria di monsignor Frasnelli, donata dal Per\u00f9 al \u201cvescovo dei poveri\u201d. Tisi: Modello di libert\u00e0 da se stesso\u201d"}]},{"@type":"WebSite","@id":"https:\/\/www.diocesitn.it\/area-testimonianza\/#website","url":"https:\/\/www.diocesitn.it\/area-testimonianza\/","name":"Testimonianza e Impegno sociale","description":"Chiesa di Trento","publisher":{"@id":"https:\/\/www.diocesitn.it\/area-testimonianza\/#organization"},"potentialAction":[{"@type":"SearchAction","target":{"@type":"EntryPoint","urlTemplate":"https:\/\/www.diocesitn.it\/area-testimonianza\/?s={search_term_string}"},"query-input":"required name=search_term_string"}],"inLanguage":"it-IT"},{"@type":["Organization","Place"],"@id":"https:\/\/www.diocesitn.it\/area-testimonianza\/#organization","name":"Area Testimonianza e Impegno Sociale - Chiesa di Trento","url":"https:\/\/www.diocesitn.it\/area-testimonianza\/","logo":{"@id":"https:\/\/www.diocesitn.it\/area-testimonianza\/2024\/08\/26\/inaugurata-a-dardine-una-statua-in-memoria-di-monsignor-frasnelli-donata-dal-peru-al-vescovo-dei-poveri-tisi-mmodello-di-liberta-da-se-stesso\/#local-main-organization-logo"},"image":{"@id":"https:\/\/www.diocesitn.it\/area-testimonianza\/2024\/08\/26\/inaugurata-a-dardine-una-statua-in-memoria-di-monsignor-frasnelli-donata-dal-peru-al-vescovo-dei-poveri-tisi-mmodello-di-liberta-da-se-stesso\/#local-main-organization-logo"},"openingHoursSpecification":[{"@type":"OpeningHoursSpecification","dayOfWeek":["Monday","Tuesday","Wednesday","Thursday","Friday","Saturday","Sunday"],"opens":"09:00","closes":"17:00"}]},{"@type":"ImageObject","inLanguage":"it-IT","@id":"https:\/\/www.diocesitn.it\/area-testimonianza\/2024\/08\/26\/inaugurata-a-dardine-una-statua-in-memoria-di-monsignor-frasnelli-donata-dal-peru-al-vescovo-dei-poveri-tisi-mmodello-di-liberta-da-se-stesso\/#local-main-organization-logo","url":"https:\/\/www.diocesitn.it\/area-testimonianza\/wp-content\/uploads\/sites\/37\/2021\/09\/og-logo-testimonianza-e-impegno-sociale.jpg","contentUrl":"https:\/\/www.diocesitn.it\/area-testimonianza\/wp-content\/uploads\/sites\/37\/2021\/09\/og-logo-testimonianza-e-impegno-sociale.jpg","width":1200,"height":630,"caption":"Area Testimonianza e Impegno Sociale - Chiesa di Trento"}]}},"_links":{"self":[{"href":"https:\/\/www.diocesitn.it\/area-testimonianza\/wp-json\/wp\/v2\/posts\/15568","targetHints":{"allow":["GET"]}}],"collection":[{"href":"https:\/\/www.diocesitn.it\/area-testimonianza\/wp-json\/wp\/v2\/posts"}],"about":[{"href":"https:\/\/www.diocesitn.it\/area-testimonianza\/wp-json\/wp\/v2\/types\/post"}],"author":[{"embeddable":true,"href":"https:\/\/www.diocesitn.it\/area-testimonianza\/wp-json\/wp\/v2\/users\/3"}],"replies":[{"embeddable":true,"href":"https:\/\/www.diocesitn.it\/area-testimonianza\/wp-json\/wp\/v2\/comments?post=15568"}],"version-history":[{"count":1,"href":"https:\/\/www.diocesitn.it\/area-testimonianza\/wp-json\/wp\/v2\/posts\/15568\/revisions"}],"predecessor-version":[{"id":15573,"href":"https:\/\/www.diocesitn.it\/area-testimonianza\/wp-json\/wp\/v2\/posts\/15568\/revisions\/15573"}],"wp:featuredmedia":[{"embeddable":true,"href":"https:\/\/www.diocesitn.it\/area-testimonianza\/wp-json\/wp\/v2\/media\/15570"}],"wp:attachment":[{"href":"https:\/\/www.diocesitn.it\/area-testimonianza\/wp-json\/wp\/v2\/media?parent=15568"}],"wp:term":[{"taxonomy":"category","embeddable":true,"href":"https:\/\/www.diocesitn.it\/area-testimonianza\/wp-json\/wp\/v2\/categories?post=15568"},{"taxonomy":"post_tag","embeddable":true,"href":"https:\/\/www.diocesitn.it\/area-testimonianza\/wp-json\/wp\/v2\/tags?post=15568"}],"curies":[{"name":"wp","href":"https:\/\/api.w.org\/{rel}","templated":true}]}}