{"id":15544,"date":"2024-08-19T14:55:41","date_gmt":"2024-08-19T12:55:41","guid":{"rendered":"https:\/\/www.diocesitn.it\/area-testimonianza\/2024\/08\/19\/dal-peru-in-dono-alla-comunita-di-dardine-una-statua-in-memoria-del-vescovo-missionario-frasnelli\/"},"modified":"2024-08-28T09:06:08","modified_gmt":"2024-08-28T07:06:08","slug":"dal-peru-in-dono-alla-comunita-di-dardine-una-statua-in-memoria-del-vescovo-missionario-frasnelli","status":"publish","type":"post","link":"https:\/\/www.diocesitn.it\/area-testimonianza\/2024\/08\/19\/dal-peru-in-dono-alla-comunita-di-dardine-una-statua-in-memoria-del-vescovo-missionario-frasnelli\/","title":{"rendered":"Dal Per\u00f9 in dono alla comunit\u00e0 di Dardine una statua in memoria del vescovo missionario Frasnelli"},"content":{"rendered":"<p><strong>Domenica 25 agosto<\/strong> a <strong>Dardine<\/strong> sar\u00e0 ricordato il compianto vescovo missionario <strong>monsignor Dante Frasnelli<\/strong>, nativo del paese noneso, alla guida <strong>della Diocesi di Huari in Per\u00f9<\/strong> per pi\u00f9 di trent&#8217;anni, scomparso nel gennaio 2020, poco dopo aver compiuto i 95 anni (QUI <a href=\"https:\/\/www.diocesitn.it\/site\/addio-in-peru-al-vescovo-missionario-trentino-monsignor-dante-frasnelli-nato-a-dardine-95-anni-fa-guido-per-35-anni-la-diocesi-di-huari\/\">ARTICOLO<\/a>).<\/p>\n<p>Sar\u00e0 l&#8217;<strong>arcivescovo Lauro Tisi<\/strong> a presiedere la Messa nella chiesa parrocchiale con inizio alle ore 15. Nell&#8217;occasione sar\u00e0 <strong>inaugurata la statua donata dalla comunit\u00e0 di Huari<\/strong> a quella di Dardine in memoria di monsignor Frasnelli, Alla Messa seguir\u00e0 la proiezione di un filmato per ricordare le opere del vescovo Dante; quindi un fraterno momento di condivisione.<\/p>\n<p>Oltre alla comunit\u00e0 parrocchiale e all&#8217;amministrazione comunale, promuovono l&#8217;iniziativa anche la associazioni Aca de Vita e Mato Grosso.<\/p>\n<p><a href=\"https:\/\/www.diocesitn.it\/wp-content\/uploads\/sites\/37\/2024\/08\/Locandina_Frasnelli_msg.pdf\"><img loading=\"lazy\" decoding=\"async\" class=\"alignnone wp-image-15545 size-medium\" src=\"https:\/\/www.diocesitn.it\/wp-content\/uploads\/sites\/37\/2024\/08\/Locandina_Frasnelli_msg-002-212x300.jpg\" alt=\"\" width=\"212\" height=\"300\" srcset=\"https:\/\/www.diocesitn.it\/area-testimonianza\/wp-content\/uploads\/sites\/37\/2024\/08\/Locandina_Frasnelli_msg-002-212x300.jpg 212w, https:\/\/www.diocesitn.it\/area-testimonianza\/wp-content\/uploads\/sites\/37\/2024\/08\/Locandina_Frasnelli_msg-002-724x1024.jpg 724w, https:\/\/www.diocesitn.it\/area-testimonianza\/wp-content\/uploads\/sites\/37\/2024\/08\/Locandina_Frasnelli_msg-002-768x1087.jpg 768w, https:\/\/www.diocesitn.it\/area-testimonianza\/wp-content\/uploads\/sites\/37\/2024\/08\/Locandina_Frasnelli_msg-002-198x280.jpg 198w, https:\/\/www.diocesitn.it\/area-testimonianza\/wp-content\/uploads\/sites\/37\/2024\/08\/Locandina_Frasnelli_msg-002-543x768.jpg 543w, https:\/\/www.diocesitn.it\/area-testimonianza\/wp-content\/uploads\/sites\/37\/2024\/08\/Locandina_Frasnelli_msg-002-800x1132.jpg 800w, https:\/\/www.diocesitn.it\/area-testimonianza\/wp-content\/uploads\/sites\/37\/2024\/08\/Locandina_Frasnelli_msg-002.jpg 826w\" sizes=\"auto, (max-width: 212px) 100vw, 212px\" \/><\/a><\/p>\n","protected":false},"excerpt":{"rendered":"<p>Domenica 25 agosto a Dardine sar\u00e0 ricordato il compianto vescovo missionario monsignor Dante Frasnelli, nativo del paese noneso, alla guida della Diocesi di Huari in Per\u00f9 per pi\u00f9 di trent&#8217;anni, scomparso nel gennaio 2020, poco<\/p>\n","protected":false},"author":3,"featured_media":15548,"comment_status":"closed","ping_status":"closed","sticky":false,"template":"","format":"standard","meta":{"footnotes":""},"categories":[1074,1151],"tags":[2330,2331,1292,2329,2332,2333],"class_list":["post-15544","post","type-post","status-publish","format-standard","has-post-thumbnail","hentry","category-notizie","category-servizio-missionario","tag-dardine","tag-huari","tag-messa","tag-dante-frasnelli","tag-peru","tag-statua"],"acf":{"seed-localization-paese-cod":"IT","seed-localization-address":"","seed-localization-citta":"Trento","seed-localization-regione-cod-istat":"04","seed-localization-citta-cod-istat":"022205","seed-localization-localita":"","seed-localization-cap":"","seed-localization-marker-visibility":false,"seed-localization-children-visibility":false,"seed-localization-kml":"","seed-localization-custom-marker":""},"yoast_head":"<!-- This site is optimized with the Yoast SEO Premium plugin v20.2.1 (Yoast SEO v22.2) - https:\/\/yoast.com\/wordpress\/plugins\/seo\/ -->\n<title>Huari (Per\u00f9) dona a Dardine statua del vescovo Dante Frasnelli<\/title>\n<meta name=\"description\" content=\"Da Huari (Per\u00f9) in dono alla comunit\u00e0 di Dardine una statua in memoria del vescovo missionario Frasnelli. Messa domenica 25 con vescovo Lauro\" \/>\n<meta name=\"robots\" content=\"index, follow, max-snippet:-1, max-image-preview:large, max-video-preview:-1\" \/>\n<link rel=\"canonical\" href=\"https:\/\/www.diocesitn.it\/area-testimonianza\/2024\/08\/19\/dal-peru-in-dono-alla-comunita-di-dardine-una-statua-in-memoria-del-vescovo-missionario-frasnelli\/\" \/>\n<meta property=\"og:locale\" content=\"it_IT\" \/>\n<meta property=\"og:type\" content=\"article\" \/>\n<meta property=\"og:title\" content=\"Dal Per\u00f9 in dono alla comunit\u00e0 di Dardine una statua in memoria del vescovo missionario Frasnelli\" \/>\n<meta property=\"og:description\" content=\"Da Huari (Per\u00f9) in dono alla comunit\u00e0 di Dardine una statua in memoria del vescovo missionario Frasnelli. Messa domenica 25 con vescovo Lauro\" \/>\n<meta property=\"og:url\" content=\"https:\/\/www.diocesitn.it\/area-testimonianza\/2024\/08\/19\/dal-peru-in-dono-alla-comunita-di-dardine-una-statua-in-memoria-del-vescovo-missionario-frasnelli\/\" \/>\n<meta property=\"og:site_name\" content=\"Testimonianza e Impegno sociale\" \/>\n<meta property=\"article:published_time\" content=\"2024-08-19T12:55:41+00:00\" \/>\n<meta property=\"article:modified_time\" content=\"2024-08-28T07:06:08+00:00\" \/>\n<meta property=\"og:image\" content=\"https:\/\/www.diocesitn.it\/area-testimonianza\/wp-content\/uploads\/sites\/37\/2024\/08\/mons._dante_frasnelli_vescovo_emerito_di_huari_festa_dei_popoli_2010.jpg\" \/>\n\t<meta property=\"og:image:width\" content=\"770\" \/>\n\t<meta property=\"og:image:height\" content=\"515\" \/>\n\t<meta property=\"og:image:type\" content=\"image\/jpeg\" \/>\n<meta name=\"author\" content=\"Piergiorgio Franceschini\" \/>\n<meta name=\"twitter:card\" content=\"summary_large_image\" \/>\n<meta name=\"twitter:label1\" content=\"Scritto da\" \/>\n\t<meta name=\"twitter:data1\" content=\"Piergiorgio Franceschini\" \/>\n\t<meta name=\"twitter:label2\" content=\"Tempo di lettura stimato\" \/>\n\t<meta name=\"twitter:data2\" content=\"2 minuti\" \/>\n<script type=\"application\/ld+json\" class=\"yoast-schema-graph\">{\"@context\":\"https:\/\/schema.org\",\"@graph\":[{\"@type\":\"Article\",\"@id\":\"https:\/\/www.diocesitn.it\/area-testimonianza\/2024\/08\/19\/dal-peru-in-dono-alla-comunita-di-dardine-una-statua-in-memoria-del-vescovo-missionario-frasnelli\/#article\",\"isPartOf\":{\"@id\":\"https:\/\/www.diocesitn.it\/area-testimonianza\/2024\/08\/19\/dal-peru-in-dono-alla-comunita-di-dardine-una-statua-in-memoria-del-vescovo-missionario-frasnelli\/\"},\"author\":{\"name\":\"Piergiorgio Franceschini\",\"@id\":\"https:\/\/www.diocesitn.it\/area-testimonianza\/#\/schema\/person\/99590c84577873a025247b6aeb16ad2e\"},\"headline\":\"Dal Per\u00f9 in dono alla comunit\u00e0 di Dardine una statua in memoria del vescovo missionario Frasnelli\",\"datePublished\":\"2024-08-19T12:55:41+00:00\",\"dateModified\":\"2024-08-28T07:06:08+00:00\",\"mainEntityOfPage\":{\"@id\":\"https:\/\/www.diocesitn.it\/area-testimonianza\/2024\/08\/19\/dal-peru-in-dono-alla-comunita-di-dardine-una-statua-in-memoria-del-vescovo-missionario-frasnelli\/\"},\"wordCount\":129,\"publisher\":{\"@id\":\"https:\/\/www.diocesitn.it\/area-testimonianza\/#organization\"},\"image\":{\"@id\":\"https:\/\/www.diocesitn.it\/area-testimonianza\/2024\/08\/19\/dal-peru-in-dono-alla-comunita-di-dardine-una-statua-in-memoria-del-vescovo-missionario-frasnelli\/#primaryimage\"},\"thumbnailUrl\":\"https:\/\/www.diocesitn.it\/area-testimonianza\/wp-content\/uploads\/sites\/37\/2024\/08\/mons._dante_frasnelli_vescovo_emerito_di_huari_festa_dei_popoli_2010.jpg\",\"keywords\":[\"Dardine\",\"huari\",\"messa\",\"mons. Dante Frasnelli\",\"per\u00f9\",\"statua\"],\"articleSection\":[\"Notizie\",\"Pastorale Missionaria\"],\"inLanguage\":\"it-IT\",\"copyrightYear\":\"2024\",\"copyrightHolder\":{\"@id\":\"https:\/\/www.diocesitn.it\/#organization\"}},{\"@type\":\"WebPage\",\"@id\":\"https:\/\/www.diocesitn.it\/area-testimonianza\/2024\/08\/19\/dal-peru-in-dono-alla-comunita-di-dardine-una-statua-in-memoria-del-vescovo-missionario-frasnelli\/\",\"url\":\"https:\/\/www.diocesitn.it\/area-testimonianza\/2024\/08\/19\/dal-peru-in-dono-alla-comunita-di-dardine-una-statua-in-memoria-del-vescovo-missionario-frasnelli\/\",\"name\":\"Huari (Per\u00f9) dona a Dardine statua del vescovo Dante Frasnelli\",\"isPartOf\":{\"@id\":\"https:\/\/www.diocesitn.it\/area-testimonianza\/#website\"},\"primaryImageOfPage\":{\"@id\":\"https:\/\/www.diocesitn.it\/area-testimonianza\/2024\/08\/19\/dal-peru-in-dono-alla-comunita-di-dardine-una-statua-in-memoria-del-vescovo-missionario-frasnelli\/#primaryimage\"},\"image\":{\"@id\":\"https:\/\/www.diocesitn.it\/area-testimonianza\/2024\/08\/19\/dal-peru-in-dono-alla-comunita-di-dardine-una-statua-in-memoria-del-vescovo-missionario-frasnelli\/#primaryimage\"},\"thumbnailUrl\":\"https:\/\/www.diocesitn.it\/area-testimonianza\/wp-content\/uploads\/sites\/37\/2024\/08\/mons._dante_frasnelli_vescovo_emerito_di_huari_festa_dei_popoli_2010.jpg\",\"datePublished\":\"2024-08-19T12:55:41+00:00\",\"dateModified\":\"2024-08-28T07:06:08+00:00\",\"description\":\"Da Huari (Per\u00f9) in dono alla comunit\u00e0 di Dardine una statua in memoria del vescovo missionario Frasnelli. Messa domenica 25 con vescovo Lauro\",\"breadcrumb\":{\"@id\":\"https:\/\/www.diocesitn.it\/area-testimonianza\/2024\/08\/19\/dal-peru-in-dono-alla-comunita-di-dardine-una-statua-in-memoria-del-vescovo-missionario-frasnelli\/#breadcrumb\"},\"inLanguage\":\"it-IT\",\"potentialAction\":[{\"@type\":\"ReadAction\",\"target\":[\"https:\/\/www.diocesitn.it\/area-testimonianza\/2024\/08\/19\/dal-peru-in-dono-alla-comunita-di-dardine-una-statua-in-memoria-del-vescovo-missionario-frasnelli\/\"]}]},{\"@type\":\"ImageObject\",\"inLanguage\":\"it-IT\",\"@id\":\"https:\/\/www.diocesitn.it\/area-testimonianza\/2024\/08\/19\/dal-peru-in-dono-alla-comunita-di-dardine-una-statua-in-memoria-del-vescovo-missionario-frasnelli\/#primaryimage\",\"url\":\"https:\/\/www.diocesitn.it\/area-testimonianza\/wp-content\/uploads\/sites\/37\/2024\/08\/mons._dante_frasnelli_vescovo_emerito_di_huari_festa_dei_popoli_2010.jpg\",\"contentUrl\":\"https:\/\/www.diocesitn.it\/area-testimonianza\/wp-content\/uploads\/sites\/37\/2024\/08\/mons._dante_frasnelli_vescovo_emerito_di_huari_festa_dei_popoli_2010.jpg\",\"width\":770,\"height\":515},{\"@type\":\"BreadcrumbList\",\"@id\":\"https:\/\/www.diocesitn.it\/area-testimonianza\/2024\/08\/19\/dal-peru-in-dono-alla-comunita-di-dardine-una-statua-in-memoria-del-vescovo-missionario-frasnelli\/#breadcrumb\",\"itemListElement\":[{\"@type\":\"ListItem\",\"position\":1,\"name\":\"Home\",\"item\":\"https:\/\/www.diocesitn.it\/area-testimonianza\/\"},{\"@type\":\"ListItem\",\"position\":2,\"name\":\"Dal Per\u00f9 in dono alla comunit\u00e0 di Dardine una statua in memoria del vescovo missionario Frasnelli\"}]},{\"@type\":\"WebSite\",\"@id\":\"https:\/\/www.diocesitn.it\/area-testimonianza\/#website\",\"url\":\"https:\/\/www.diocesitn.it\/area-testimonianza\/\",\"name\":\"Testimonianza e Impegno sociale\",\"description\":\"Chiesa di Trento\",\"publisher\":{\"@id\":\"https:\/\/www.diocesitn.it\/area-testimonianza\/#organization\"},\"potentialAction\":[{\"@type\":\"SearchAction\",\"target\":{\"@type\":\"EntryPoint\",\"urlTemplate\":\"https:\/\/www.diocesitn.it\/area-testimonianza\/?s={search_term_string}\"},\"query-input\":\"required name=search_term_string\"}],\"inLanguage\":\"it-IT\"},{\"@type\":[\"Organization\",\"Place\"],\"@id\":\"https:\/\/www.diocesitn.it\/area-testimonianza\/#organization\",\"name\":\"Area Testimonianza e Impegno Sociale - Chiesa di Trento\",\"url\":\"https:\/\/www.diocesitn.it\/area-testimonianza\/\",\"logo\":{\"@id\":\"https:\/\/www.diocesitn.it\/area-testimonianza\/2024\/08\/19\/dal-peru-in-dono-alla-comunita-di-dardine-una-statua-in-memoria-del-vescovo-missionario-frasnelli\/#local-main-organization-logo\"},\"image\":{\"@id\":\"https:\/\/www.diocesitn.it\/area-testimonianza\/2024\/08\/19\/dal-peru-in-dono-alla-comunita-di-dardine-una-statua-in-memoria-del-vescovo-missionario-frasnelli\/#local-main-organization-logo\"},\"openingHoursSpecification\":[{\"@type\":\"OpeningHoursSpecification\",\"dayOfWeek\":[\"Monday\",\"Tuesday\",\"Wednesday\",\"Thursday\",\"Friday\",\"Saturday\",\"Sunday\"],\"opens\":\"09:00\",\"closes\":\"17:00\"}]},{\"@type\":\"ImageObject\",\"inLanguage\":\"it-IT\",\"@id\":\"https:\/\/www.diocesitn.it\/area-testimonianza\/2024\/08\/19\/dal-peru-in-dono-alla-comunita-di-dardine-una-statua-in-memoria-del-vescovo-missionario-frasnelli\/#local-main-organization-logo\",\"url\":\"https:\/\/www.diocesitn.it\/area-testimonianza\/wp-content\/uploads\/sites\/37\/2021\/09\/og-logo-testimonianza-e-impegno-sociale.jpg\",\"contentUrl\":\"https:\/\/www.diocesitn.it\/area-testimonianza\/wp-content\/uploads\/sites\/37\/2021\/09\/og-logo-testimonianza-e-impegno-sociale.jpg\",\"width\":1200,\"height\":630,\"caption\":\"Area Testimonianza e Impegno Sociale - Chiesa di Trento\"}]}<\/script>\n<!-- \/ Yoast SEO Premium plugin. -->","yoast_head_json":{"title":"Huari (Per\u00f9) dona a Dardine statua del vescovo Dante Frasnelli","description":"Da Huari (Per\u00f9) in dono alla comunit\u00e0 di Dardine una statua in memoria del vescovo missionario Frasnelli. Messa domenica 25 con vescovo Lauro","robots":{"index":"index","follow":"follow","max-snippet":"max-snippet:-1","max-image-preview":"max-image-preview:large","max-video-preview":"max-video-preview:-1"},"canonical":"https:\/\/www.diocesitn.it\/area-testimonianza\/2024\/08\/19\/dal-peru-in-dono-alla-comunita-di-dardine-una-statua-in-memoria-del-vescovo-missionario-frasnelli\/","og_locale":"it_IT","og_type":"article","og_title":"Dal Per\u00f9 in dono alla comunit\u00e0 di Dardine una statua in memoria del vescovo missionario Frasnelli","og_description":"Da Huari (Per\u00f9) in dono alla comunit\u00e0 di Dardine una statua in memoria del vescovo missionario Frasnelli. Messa domenica 25 con vescovo Lauro","og_url":"https:\/\/www.diocesitn.it\/area-testimonianza\/2024\/08\/19\/dal-peru-in-dono-alla-comunita-di-dardine-una-statua-in-memoria-del-vescovo-missionario-frasnelli\/","og_site_name":"Testimonianza e Impegno sociale","article_published_time":"2024-08-19T12:55:41+00:00","article_modified_time":"2024-08-28T07:06:08+00:00","og_image":[{"width":770,"height":515,"url":"https:\/\/www.diocesitn.it\/area-testimonianza\/wp-content\/uploads\/sites\/37\/2024\/08\/mons._dante_frasnelli_vescovo_emerito_di_huari_festa_dei_popoli_2010.jpg","type":"image\/jpeg"}],"author":"Piergiorgio Franceschini","twitter_card":"summary_large_image","twitter_misc":{"Scritto da":"Piergiorgio Franceschini","Tempo di lettura stimato":"2 minuti"},"schema":{"@context":"https:\/\/schema.org","@graph":[{"@type":"Article","@id":"https:\/\/www.diocesitn.it\/area-testimonianza\/2024\/08\/19\/dal-peru-in-dono-alla-comunita-di-dardine-una-statua-in-memoria-del-vescovo-missionario-frasnelli\/#article","isPartOf":{"@id":"https:\/\/www.diocesitn.it\/area-testimonianza\/2024\/08\/19\/dal-peru-in-dono-alla-comunita-di-dardine-una-statua-in-memoria-del-vescovo-missionario-frasnelli\/"},"author":{"name":"Piergiorgio Franceschini","@id":"https:\/\/www.diocesitn.it\/area-testimonianza\/#\/schema\/person\/99590c84577873a025247b6aeb16ad2e"},"headline":"Dal Per\u00f9 in dono alla comunit\u00e0 di Dardine una statua in memoria del vescovo missionario Frasnelli","datePublished":"2024-08-19T12:55:41+00:00","dateModified":"2024-08-28T07:06:08+00:00","mainEntityOfPage":{"@id":"https:\/\/www.diocesitn.it\/area-testimonianza\/2024\/08\/19\/dal-peru-in-dono-alla-comunita-di-dardine-una-statua-in-memoria-del-vescovo-missionario-frasnelli\/"},"wordCount":129,"publisher":{"@id":"https:\/\/www.diocesitn.it\/area-testimonianza\/#organization"},"image":{"@id":"https:\/\/www.diocesitn.it\/area-testimonianza\/2024\/08\/19\/dal-peru-in-dono-alla-comunita-di-dardine-una-statua-in-memoria-del-vescovo-missionario-frasnelli\/#primaryimage"},"thumbnailUrl":"https:\/\/www.diocesitn.it\/area-testimonianza\/wp-content\/uploads\/sites\/37\/2024\/08\/mons._dante_frasnelli_vescovo_emerito_di_huari_festa_dei_popoli_2010.jpg","keywords":["Dardine","huari","messa","mons. Dante Frasnelli","per\u00f9","statua"],"articleSection":["Notizie","Pastorale Missionaria"],"inLanguage":"it-IT","copyrightYear":"2024","copyrightHolder":{"@id":"https:\/\/www.diocesitn.it\/#organization"}},{"@type":"WebPage","@id":"https:\/\/www.diocesitn.it\/area-testimonianza\/2024\/08\/19\/dal-peru-in-dono-alla-comunita-di-dardine-una-statua-in-memoria-del-vescovo-missionario-frasnelli\/","url":"https:\/\/www.diocesitn.it\/area-testimonianza\/2024\/08\/19\/dal-peru-in-dono-alla-comunita-di-dardine-una-statua-in-memoria-del-vescovo-missionario-frasnelli\/","name":"Huari (Per\u00f9) dona a Dardine statua del vescovo Dante Frasnelli","isPartOf":{"@id":"https:\/\/www.diocesitn.it\/area-testimonianza\/#website"},"primaryImageOfPage":{"@id":"https:\/\/www.diocesitn.it\/area-testimonianza\/2024\/08\/19\/dal-peru-in-dono-alla-comunita-di-dardine-una-statua-in-memoria-del-vescovo-missionario-frasnelli\/#primaryimage"},"image":{"@id":"https:\/\/www.diocesitn.it\/area-testimonianza\/2024\/08\/19\/dal-peru-in-dono-alla-comunita-di-dardine-una-statua-in-memoria-del-vescovo-missionario-frasnelli\/#primaryimage"},"thumbnailUrl":"https:\/\/www.diocesitn.it\/area-testimonianza\/wp-content\/uploads\/sites\/37\/2024\/08\/mons._dante_frasnelli_vescovo_emerito_di_huari_festa_dei_popoli_2010.jpg","datePublished":"2024-08-19T12:55:41+00:00","dateModified":"2024-08-28T07:06:08+00:00","description":"Da Huari (Per\u00f9) in dono alla comunit\u00e0 di Dardine una statua in memoria del vescovo missionario Frasnelli. Messa domenica 25 con vescovo Lauro","breadcrumb":{"@id":"https:\/\/www.diocesitn.it\/area-testimonianza\/2024\/08\/19\/dal-peru-in-dono-alla-comunita-di-dardine-una-statua-in-memoria-del-vescovo-missionario-frasnelli\/#breadcrumb"},"inLanguage":"it-IT","potentialAction":[{"@type":"ReadAction","target":["https:\/\/www.diocesitn.it\/area-testimonianza\/2024\/08\/19\/dal-peru-in-dono-alla-comunita-di-dardine-una-statua-in-memoria-del-vescovo-missionario-frasnelli\/"]}]},{"@type":"ImageObject","inLanguage":"it-IT","@id":"https:\/\/www.diocesitn.it\/area-testimonianza\/2024\/08\/19\/dal-peru-in-dono-alla-comunita-di-dardine-una-statua-in-memoria-del-vescovo-missionario-frasnelli\/#primaryimage","url":"https:\/\/www.diocesitn.it\/area-testimonianza\/wp-content\/uploads\/sites\/37\/2024\/08\/mons._dante_frasnelli_vescovo_emerito_di_huari_festa_dei_popoli_2010.jpg","contentUrl":"https:\/\/www.diocesitn.it\/area-testimonianza\/wp-content\/uploads\/sites\/37\/2024\/08\/mons._dante_frasnelli_vescovo_emerito_di_huari_festa_dei_popoli_2010.jpg","width":770,"height":515},{"@type":"BreadcrumbList","@id":"https:\/\/www.diocesitn.it\/area-testimonianza\/2024\/08\/19\/dal-peru-in-dono-alla-comunita-di-dardine-una-statua-in-memoria-del-vescovo-missionario-frasnelli\/#breadcrumb","itemListElement":[{"@type":"ListItem","position":1,"name":"Home","item":"https:\/\/www.diocesitn.it\/area-testimonianza\/"},{"@type":"ListItem","position":2,"name":"Dal Per\u00f9 in dono alla comunit\u00e0 di Dardine una statua in memoria del vescovo missionario Frasnelli"}]},{"@type":"WebSite","@id":"https:\/\/www.diocesitn.it\/area-testimonianza\/#website","url":"https:\/\/www.diocesitn.it\/area-testimonianza\/","name":"Testimonianza e Impegno sociale","description":"Chiesa di Trento","publisher":{"@id":"https:\/\/www.diocesitn.it\/area-testimonianza\/#organization"},"potentialAction":[{"@type":"SearchAction","target":{"@type":"EntryPoint","urlTemplate":"https:\/\/www.diocesitn.it\/area-testimonianza\/?s={search_term_string}"},"query-input":"required name=search_term_string"}],"inLanguage":"it-IT"},{"@type":["Organization","Place"],"@id":"https:\/\/www.diocesitn.it\/area-testimonianza\/#organization","name":"Area Testimonianza e Impegno Sociale - Chiesa di Trento","url":"https:\/\/www.diocesitn.it\/area-testimonianza\/","logo":{"@id":"https:\/\/www.diocesitn.it\/area-testimonianza\/2024\/08\/19\/dal-peru-in-dono-alla-comunita-di-dardine-una-statua-in-memoria-del-vescovo-missionario-frasnelli\/#local-main-organization-logo"},"image":{"@id":"https:\/\/www.diocesitn.it\/area-testimonianza\/2024\/08\/19\/dal-peru-in-dono-alla-comunita-di-dardine-una-statua-in-memoria-del-vescovo-missionario-frasnelli\/#local-main-organization-logo"},"openingHoursSpecification":[{"@type":"OpeningHoursSpecification","dayOfWeek":["Monday","Tuesday","Wednesday","Thursday","Friday","Saturday","Sunday"],"opens":"09:00","closes":"17:00"}]},{"@type":"ImageObject","inLanguage":"it-IT","@id":"https:\/\/www.diocesitn.it\/area-testimonianza\/2024\/08\/19\/dal-peru-in-dono-alla-comunita-di-dardine-una-statua-in-memoria-del-vescovo-missionario-frasnelli\/#local-main-organization-logo","url":"https:\/\/www.diocesitn.it\/area-testimonianza\/wp-content\/uploads\/sites\/37\/2021\/09\/og-logo-testimonianza-e-impegno-sociale.jpg","contentUrl":"https:\/\/www.diocesitn.it\/area-testimonianza\/wp-content\/uploads\/sites\/37\/2021\/09\/og-logo-testimonianza-e-impegno-sociale.jpg","width":1200,"height":630,"caption":"Area Testimonianza e Impegno Sociale - Chiesa di Trento"}]}},"_links":{"self":[{"href":"https:\/\/www.diocesitn.it\/area-testimonianza\/wp-json\/wp\/v2\/posts\/15544","targetHints":{"allow":["GET"]}}],"collection":[{"href":"https:\/\/www.diocesitn.it\/area-testimonianza\/wp-json\/wp\/v2\/posts"}],"about":[{"href":"https:\/\/www.diocesitn.it\/area-testimonianza\/wp-json\/wp\/v2\/types\/post"}],"author":[{"embeddable":true,"href":"https:\/\/www.diocesitn.it\/area-testimonianza\/wp-json\/wp\/v2\/users\/3"}],"replies":[{"embeddable":true,"href":"https:\/\/www.diocesitn.it\/area-testimonianza\/wp-json\/wp\/v2\/comments?post=15544"}],"version-history":[{"count":3,"href":"https:\/\/www.diocesitn.it\/area-testimonianza\/wp-json\/wp\/v2\/posts\/15544\/revisions"}],"predecessor-version":[{"id":15551,"href":"https:\/\/www.diocesitn.it\/area-testimonianza\/wp-json\/wp\/v2\/posts\/15544\/revisions\/15551"}],"wp:featuredmedia":[{"embeddable":true,"href":"https:\/\/www.diocesitn.it\/area-testimonianza\/wp-json\/wp\/v2\/media\/15548"}],"wp:attachment":[{"href":"https:\/\/www.diocesitn.it\/area-testimonianza\/wp-json\/wp\/v2\/media?parent=15544"}],"wp:term":[{"taxonomy":"category","embeddable":true,"href":"https:\/\/www.diocesitn.it\/area-testimonianza\/wp-json\/wp\/v2\/categories?post=15544"},{"taxonomy":"post_tag","embeddable":true,"href":"https:\/\/www.diocesitn.it\/area-testimonianza\/wp-json\/wp\/v2\/tags?post=15544"}],"curies":[{"name":"wp","href":"https:\/\/api.w.org\/{rel}","templated":true}]}}