{"id":15493,"date":"2024-07-25T13:34:57","date_gmt":"2024-07-25T11:34:57","guid":{"rendered":"https:\/\/www.diocesitn.it\/area-testimonianza\/2024\/07\/25\/una-terra-da-salvare-tra-mitezza-e-microetica-bellezza-e-biofilia-a-canazei-ricco-confronto-tra-vescovo-lauro-tisi-e-la-filosofa-ambientale-viola-ducati\/"},"modified":"2024-08-28T09:06:19","modified_gmt":"2024-08-28T07:06:19","slug":"una-terra-da-salvare-tra-mitezza-e-microetica-bellezza-e-biofilia-a-canazei-ricco-confronto-tra-vescovo-lauro-tisi-e-la-filosofa-ambientale-viola-ducati","status":"publish","type":"post","link":"https:\/\/www.diocesitn.it\/area-testimonianza\/2024\/07\/25\/una-terra-da-salvare-tra-mitezza-e-microetica-bellezza-e-biofilia-a-canazei-ricco-confronto-tra-vescovo-lauro-tisi-e-la-filosofa-ambientale-viola-ducati\/","title":{"rendered":"Una Terra da salvare, tra mitezza e microetica, bellezza e biofilia. A Canazei ricco confronto tra vescovo Lauro Tisi e la filosofa ambientale Viola Ducati"},"content":{"rendered":"<p>L&#8217;arcivescovo di Trento <strong>Lauro Tisi<\/strong> e la ventottenne <a href=\"https:\/\/equilibrimagazine.it\/categoria-autori\/viola-ducati\/\"><strong>Viola Ducati<\/strong><\/a>, filosofa di formazione ed emergente divulgatrice ambientale, sono stati protagonisti nella serata di mercoled\u00ec <strong>24 luglio<\/strong> a <strong>Canazei<\/strong> al Cinema Marmolada di un ricco confronto sui temi della <strong>sostenibilit\u00e0 <\/strong>e dell&#8217;<strong>ecologia integrale<\/strong>, a partire dalle provocazioni dell&#8217;enciclica <strong>Laudato si&#8217;<\/strong> di papa Francesco e con sullo sfondo l&#8217;inno al creato di <strong>San Francesco<\/strong> che arriva a chiamare la terra &#8220;sorella&#8221; e &#8220;madre&#8221;.<\/p>\n<p>L&#8217;incontro, moderato dal professor <strong>Cesare Bernard<\/strong>, era inserito nella\u00a0rassegna fassana &#8220;<a href=\"https:\/\/www.diocesitn.it\/site\/paura-del-futuro-e-ansia-di-pace-al-centro-delle-ispirazioni-destate-in-val-di-fassa-con-un-ricco-calendario-tra-cultura-attualita-e-arte-proposto-da-parrocchie-e-apt-saba\/\">Ispirazioni d&#8217;estate<\/a>&#8221; promossa da parrocchie e Apt.<\/p>\n<h4><span style=\"color: inherit;font-size: 1.5625rem\">Siamo solo frammento di una Terra che si commuove<\/span><\/h4>\n<h4><img loading=\"lazy\" decoding=\"async\" class=\"size-medium wp-image-15495 alignleft\" src=\"https:\/\/www.diocesitn.it\/area-testimonianza\/wp-content\/uploads\/sites\/37\/2024\/07\/Tisi_Ducati_240724_6-scaled-300x182.jpg\" alt=\"\" width=\"300\" height=\"182\" srcset=\"https:\/\/www.diocesitn.it\/area-testimonianza\/wp-content\/uploads\/sites\/37\/2024\/07\/Tisi_Ducati_240724_6-scaled-300x182.jpg 300w, https:\/\/www.diocesitn.it\/area-testimonianza\/wp-content\/uploads\/sites\/37\/2024\/07\/Tisi_Ducati_240724_6-scaled-1024x620.jpg 1024w, https:\/\/www.diocesitn.it\/area-testimonianza\/wp-content\/uploads\/sites\/37\/2024\/07\/Tisi_Ducati_240724_6-scaled-768x465.jpg 768w, https:\/\/www.diocesitn.it\/area-testimonianza\/wp-content\/uploads\/sites\/37\/2024\/07\/Tisi_Ducati_240724_6-scaled-360x218.jpg 360w, https:\/\/www.diocesitn.it\/area-testimonianza\/wp-content\/uploads\/sites\/37\/2024\/07\/Tisi_Ducati_240724_6-scaled-1536x931.jpg 1536w, https:\/\/www.diocesitn.it\/area-testimonianza\/wp-content\/uploads\/sites\/37\/2024\/07\/Tisi_Ducati_240724_6-scaled-2048x1241.jpg 2048w, https:\/\/www.diocesitn.it\/area-testimonianza\/wp-content\/uploads\/sites\/37\/2024\/07\/Tisi_Ducati_240724_6-scaled-800x485.jpg 800w, https:\/\/www.diocesitn.it\/area-testimonianza\/wp-content\/uploads\/sites\/37\/2024\/07\/Tisi_Ducati_240724_6-scaled-1200x727.jpg 1200w\" sizes=\"auto, (max-width: 300px) 100vw, 300px\" \/><\/h4>\n<p>&#8220;La natura torni ad essere mia compagna di viaggio perch\u00e9 io stesso sono natura&#8221; \u00e8 l&#8217;auspicio iniziale di monsignor Tisi, che evoca la &#8220;tragica deriva antropologica di pensarsi qualcos&#8217;altro dalla natura o suoi dominatori&#8221; ed evoca come &#8220;benedizione&#8221; il fatto di &#8220;percepirsi non come il tutto, ma semplicemente un <strong>frammento<\/strong>&#8220;.<\/p>\n<p>Viola Ducati, origini arcensi, dipinge l&#8217;immagine di una &#8220;Terra mutevole e fragile che non solo si muove ma si <strong>commuove<\/strong>&#8221; e per questo chiama in causa una &#8220;grandissima <strong>responsabilit\u00e0<\/strong>&#8221; nell&#8217;approccio al creato: in ballo c&#8217;\u00e8 la &#8220;vita &#8211; ammonisce &#8211; che vogliamo avere sul pianeta&#8221;. &#8220;Credo &#8211; auspica la filosofa &#8211; che una certa fase storica, dove abbiamo veramente premuto solamente il piede sulla sull\u2019acceleratore, ora debba per forza concludersi&#8221;.<\/p>\n<h4>Tra mitezza e microetica<\/h4>\n<p>Bernard invita l&#8217;Arcivescovo a declinare il tema alla luce della <strong>mitezza<\/strong> evocata nella Lettera alla comunit\u00e0 &#8220;La scommessa&#8221; e Tisi la descrive &#8220;non come una virt\u00f9, ma come un <strong>modo di stare al mondo<\/strong>: starci in modo non violento ma mite significa dire all&#8217;altro: voglio che tu sia&#8221;.\u00a0 Dal canto suo, Ducati invita a porre in atto comportamenti riconducibili\u00a0 ad una &#8220;<strong>microetica<\/strong>&#8221; che precisa come &#8220;etica del quotidiano, riconoscendosi segnati dalla &#8220;finitezza&#8221; e &#8220;parte di un contesto&#8221;, capaci di operare, nell&#8217;ottica di quella ecologia integrale auspicata da papa Francesco, anche in prospettiva di una rinnovata &#8220;giustizia sociale&#8221;.<\/p>\n<h4><img loading=\"lazy\" decoding=\"async\" class=\"size-medium wp-image-15494 alignleft\" src=\"https:\/\/www.diocesitn.it\/wp-content\/uploads\/sites\/37\/2024\/07\/Tisi_Ducati_240724_5-300x180.jpg\" alt=\"\" width=\"300\" height=\"180\" srcset=\"https:\/\/www.diocesitn.it\/area-testimonianza\/wp-content\/uploads\/sites\/37\/2024\/07\/Tisi_Ducati_240724_5-300x180.jpg 300w, https:\/\/www.diocesitn.it\/area-testimonianza\/wp-content\/uploads\/sites\/37\/2024\/07\/Tisi_Ducati_240724_5-768x460.jpg 768w, https:\/\/www.diocesitn.it\/area-testimonianza\/wp-content\/uploads\/sites\/37\/2024\/07\/Tisi_Ducati_240724_5-360x216.jpg 360w, https:\/\/www.diocesitn.it\/area-testimonianza\/wp-content\/uploads\/sites\/37\/2024\/07\/Tisi_Ducati_240724_5-800x479.jpg 800w, https:\/\/www.diocesitn.it\/area-testimonianza\/wp-content\/uploads\/sites\/37\/2024\/07\/Tisi_Ducati_240724_5.jpg 900w\" sizes=\"auto, (max-width: 300px) 100vw, 300px\" \/>Tra bellezza e biofilia<\/h4>\n<p>Don Lauro invita a rivedere il concetto di &#8220;<strong>bellezza<\/strong>&#8220;: &#8220;Abbiamo identificato il bello con un elemento performante. Non con la sobriet\u00e0. Dobbiamo appropriarci del fatto che accumulare non \u00e8 bello, il lusso e l\u2019esagerazione non hanno bellezza. Dobbiamo esaltare il bello, come mostra l&#8217;arte incompiuta, anche come trionfo dell&#8217;imperfetto&#8221;.<\/p>\n<p>Viola Ducati rilancia parlando della percezione del &#8220;<strong>limite come liberazione<\/strong>&#8221; e ricorda l&#8217;intuizione del biologo Edward Wilson che ha coniato il concetto di &#8220;<strong>biofilia<\/strong>&#8220;:\u00a0 &#8220;ovvero &#8211; precisa &#8211; il fatto che noi come specie umana abbiamo interesse e passione per ci\u00f2 che \u00e8 vivo intorno a noi&#8221;. &#8220;Percepire davvero le cose pi\u00f9 semplici che ci fanno stare bene pu\u00f2 essere una chiave per vivere anche un cambiamento in una direzione pi\u00f9 sostenibile&#8221;.<\/p>\n<h4>Turismo? A cinque sensi, da ripensare<\/h4>\n<p>La riflessione, anche considerata la location, si sposta sul rapporto ambiente-turismo: Viola invita a giudicare un contesto avvalendosi non solo degli occhi e delle immagini da cartolina ma di &#8220;<strong>tutti i sensi<\/strong>&#8221; per giungere inevitabilmente a denunciare il peso del turismo di massa. Concetto sul quale don Lauro ribadisce una sua chiara posizione, gi\u00e0 evidenziata in passato: &#8220;Il nostro sistema turistico deve ripensarsi! Su questo, guardando anche alla politica, dobbiamo tornare a disturbare il manovratore!&#8221;<\/p>\n<p>Ampia sintesi del dibattito nel prossimo numero di <strong>Vita Trentina<\/strong>.<\/p>\n<p>&nbsp;<\/p>\n","protected":false},"excerpt":{"rendered":"<p>L&#8217;arcivescovo di Trento Lauro Tisi e la ventottenne Viola Ducati, filosofa di formazione ed emergente divulgatrice ambientale, sono stati protagonisti nella serata di mercoled\u00ec 24 luglio a Canazei al Cinema Marmolada di un ricco confronto<\/p>\n","protected":false},"author":3,"featured_media":15496,"comment_status":"closed","ping_status":"closed","sticky":false,"template":"","format":"standard","meta":{"footnotes":""},"categories":[2113,1074],"tags":[],"class_list":["post-15493","post","type-post","status-publish","format-standard","has-post-thumbnail","hentry","category-servizio-cura-creato","category-notizie"],"acf":{"seed-localization-paese-cod":"IT","seed-localization-address":"","seed-localization-citta":"Trento","seed-localization-regione-cod-istat":"04","seed-localization-citta-cod-istat":"022205","seed-localization-localita":"","seed-localization-cap":"","seed-localization-marker-visibility":false,"seed-localization-children-visibility":false,"seed-localization-kml":"","seed-localization-custom-marker":""},"yoast_head":"<!-- This site is optimized with the Yoast SEO Premium plugin v20.2.1 (Yoast SEO v22.2) - https:\/\/yoast.com\/wordpress\/plugins\/seo\/ -->\n<title>Canazei, vescovo Tisi ed esperta ambientale Ducati a confronto<\/title>\n<meta name=\"description\" content=\"A Canazei confronto &quot;ecologico&quot; mercoled\u00ec 24 luglio tra vescovo Tisi e la divulgatrice ambientale Ducati per &quot;Ispirazioni d&#039;estate&quot;\" \/>\n<meta name=\"robots\" content=\"index, follow, max-snippet:-1, max-image-preview:large, max-video-preview:-1\" \/>\n<link rel=\"canonical\" href=\"https:\/\/www.diocesitn.it\/area-testimonianza\/2024\/07\/25\/una-terra-da-salvare-tra-mitezza-e-microetica-bellezza-e-biofilia-a-canazei-ricco-confronto-tra-vescovo-lauro-tisi-e-la-filosofa-ambientale-viola-ducati\/\" \/>\n<meta property=\"og:locale\" content=\"it_IT\" \/>\n<meta property=\"og:type\" content=\"article\" \/>\n<meta property=\"og:title\" content=\"Una Terra da salvare, tra mitezza e microetica, bellezza e biofilia. A Canazei ricco confronto tra vescovo Lauro Tisi e la filosofa ambientale Viola Ducati\" \/>\n<meta property=\"og:description\" content=\"A Canazei confronto &quot;ecologico&quot; mercoled\u00ec 24 luglio tra vescovo Tisi e la divulgatrice ambientale Ducati per &quot;Ispirazioni d&#039;estate&quot;\" \/>\n<meta property=\"og:url\" content=\"https:\/\/www.diocesitn.it\/area-testimonianza\/2024\/07\/25\/una-terra-da-salvare-tra-mitezza-e-microetica-bellezza-e-biofilia-a-canazei-ricco-confronto-tra-vescovo-lauro-tisi-e-la-filosofa-ambientale-viola-ducati\/\" \/>\n<meta property=\"og:site_name\" content=\"Testimonianza e Impegno sociale\" \/>\n<meta property=\"article:published_time\" content=\"2024-07-25T11:34:57+00:00\" \/>\n<meta property=\"article:modified_time\" content=\"2024-08-28T07:06:19+00:00\" \/>\n<meta property=\"og:image\" content=\"https:\/\/www.diocesitn.it\/area-testimonianza\/wp-content\/uploads\/sites\/37\/2024\/07\/Tisi_Ducati_240724_2_bis-e1721907242712.jpg\" \/>\n\t<meta property=\"og:image:width\" content=\"900\" \/>\n\t<meta property=\"og:image:height\" content=\"578\" \/>\n\t<meta property=\"og:image:type\" content=\"image\/jpeg\" \/>\n<meta name=\"author\" content=\"Piergiorgio Franceschini\" \/>\n<meta name=\"twitter:card\" content=\"summary_large_image\" \/>\n<meta name=\"twitter:label1\" content=\"Scritto da\" \/>\n\t<meta name=\"twitter:data1\" content=\"Piergiorgio Franceschini\" \/>\n\t<meta name=\"twitter:label2\" content=\"Tempo di lettura stimato\" \/>\n\t<meta name=\"twitter:data2\" content=\"4 minuti\" \/>\n<script type=\"application\/ld+json\" class=\"yoast-schema-graph\">{\"@context\":\"https:\/\/schema.org\",\"@graph\":[{\"@type\":\"Article\",\"@id\":\"https:\/\/www.diocesitn.it\/area-testimonianza\/2024\/07\/25\/una-terra-da-salvare-tra-mitezza-e-microetica-bellezza-e-biofilia-a-canazei-ricco-confronto-tra-vescovo-lauro-tisi-e-la-filosofa-ambientale-viola-ducati\/#article\",\"isPartOf\":{\"@id\":\"https:\/\/www.diocesitn.it\/area-testimonianza\/2024\/07\/25\/una-terra-da-salvare-tra-mitezza-e-microetica-bellezza-e-biofilia-a-canazei-ricco-confronto-tra-vescovo-lauro-tisi-e-la-filosofa-ambientale-viola-ducati\/\"},\"author\":{\"name\":\"Piergiorgio Franceschini\",\"@id\":\"https:\/\/www.diocesitn.it\/area-testimonianza\/#\/schema\/person\/99590c84577873a025247b6aeb16ad2e\"},\"headline\":\"Una Terra da salvare, tra mitezza e microetica, bellezza e biofilia. A Canazei ricco confronto tra vescovo Lauro Tisi e la filosofa ambientale Viola Ducati\",\"datePublished\":\"2024-07-25T11:34:57+00:00\",\"dateModified\":\"2024-08-28T07:06:19+00:00\",\"mainEntityOfPage\":{\"@id\":\"https:\/\/www.diocesitn.it\/area-testimonianza\/2024\/07\/25\/una-terra-da-salvare-tra-mitezza-e-microetica-bellezza-e-biofilia-a-canazei-ricco-confronto-tra-vescovo-lauro-tisi-e-la-filosofa-ambientale-viola-ducati\/\"},\"wordCount\":559,\"publisher\":{\"@id\":\"https:\/\/www.diocesitn.it\/area-testimonianza\/#organization\"},\"image\":{\"@id\":\"https:\/\/www.diocesitn.it\/area-testimonianza\/2024\/07\/25\/una-terra-da-salvare-tra-mitezza-e-microetica-bellezza-e-biofilia-a-canazei-ricco-confronto-tra-vescovo-lauro-tisi-e-la-filosofa-ambientale-viola-ducati\/#primaryimage\"},\"thumbnailUrl\":\"https:\/\/www.diocesitn.it\/area-testimonianza\/wp-content\/uploads\/sites\/37\/2024\/07\/Tisi_Ducati_240724_2_bis-e1721907242712.jpg\",\"articleSection\":[\"Cura del Creato\",\"Notizie\"],\"inLanguage\":\"it-IT\",\"copyrightYear\":\"2024\",\"copyrightHolder\":{\"@id\":\"https:\/\/www.diocesitn.it\/#organization\"}},{\"@type\":\"WebPage\",\"@id\":\"https:\/\/www.diocesitn.it\/area-testimonianza\/2024\/07\/25\/una-terra-da-salvare-tra-mitezza-e-microetica-bellezza-e-biofilia-a-canazei-ricco-confronto-tra-vescovo-lauro-tisi-e-la-filosofa-ambientale-viola-ducati\/\",\"url\":\"https:\/\/www.diocesitn.it\/area-testimonianza\/2024\/07\/25\/una-terra-da-salvare-tra-mitezza-e-microetica-bellezza-e-biofilia-a-canazei-ricco-confronto-tra-vescovo-lauro-tisi-e-la-filosofa-ambientale-viola-ducati\/\",\"name\":\"Canazei, vescovo Tisi ed esperta ambientale Ducati a confronto\",\"isPartOf\":{\"@id\":\"https:\/\/www.diocesitn.it\/area-testimonianza\/#website\"},\"primaryImageOfPage\":{\"@id\":\"https:\/\/www.diocesitn.it\/area-testimonianza\/2024\/07\/25\/una-terra-da-salvare-tra-mitezza-e-microetica-bellezza-e-biofilia-a-canazei-ricco-confronto-tra-vescovo-lauro-tisi-e-la-filosofa-ambientale-viola-ducati\/#primaryimage\"},\"image\":{\"@id\":\"https:\/\/www.diocesitn.it\/area-testimonianza\/2024\/07\/25\/una-terra-da-salvare-tra-mitezza-e-microetica-bellezza-e-biofilia-a-canazei-ricco-confronto-tra-vescovo-lauro-tisi-e-la-filosofa-ambientale-viola-ducati\/#primaryimage\"},\"thumbnailUrl\":\"https:\/\/www.diocesitn.it\/area-testimonianza\/wp-content\/uploads\/sites\/37\/2024\/07\/Tisi_Ducati_240724_2_bis-e1721907242712.jpg\",\"datePublished\":\"2024-07-25T11:34:57+00:00\",\"dateModified\":\"2024-08-28T07:06:19+00:00\",\"description\":\"A Canazei confronto \\\"ecologico\\\" mercoled\u00ec 24 luglio tra vescovo Tisi e la divulgatrice ambientale Ducati per \\\"Ispirazioni d'estate\\\"\",\"breadcrumb\":{\"@id\":\"https:\/\/www.diocesitn.it\/area-testimonianza\/2024\/07\/25\/una-terra-da-salvare-tra-mitezza-e-microetica-bellezza-e-biofilia-a-canazei-ricco-confronto-tra-vescovo-lauro-tisi-e-la-filosofa-ambientale-viola-ducati\/#breadcrumb\"},\"inLanguage\":\"it-IT\",\"potentialAction\":[{\"@type\":\"ReadAction\",\"target\":[\"https:\/\/www.diocesitn.it\/area-testimonianza\/2024\/07\/25\/una-terra-da-salvare-tra-mitezza-e-microetica-bellezza-e-biofilia-a-canazei-ricco-confronto-tra-vescovo-lauro-tisi-e-la-filosofa-ambientale-viola-ducati\/\"]}]},{\"@type\":\"ImageObject\",\"inLanguage\":\"it-IT\",\"@id\":\"https:\/\/www.diocesitn.it\/area-testimonianza\/2024\/07\/25\/una-terra-da-salvare-tra-mitezza-e-microetica-bellezza-e-biofilia-a-canazei-ricco-confronto-tra-vescovo-lauro-tisi-e-la-filosofa-ambientale-viola-ducati\/#primaryimage\",\"url\":\"https:\/\/www.diocesitn.it\/area-testimonianza\/wp-content\/uploads\/sites\/37\/2024\/07\/Tisi_Ducati_240724_2_bis-e1721907242712.jpg\",\"contentUrl\":\"https:\/\/www.diocesitn.it\/area-testimonianza\/wp-content\/uploads\/sites\/37\/2024\/07\/Tisi_Ducati_240724_2_bis-e1721907242712.jpg\",\"width\":900,\"height\":578},{\"@type\":\"BreadcrumbList\",\"@id\":\"https:\/\/www.diocesitn.it\/area-testimonianza\/2024\/07\/25\/una-terra-da-salvare-tra-mitezza-e-microetica-bellezza-e-biofilia-a-canazei-ricco-confronto-tra-vescovo-lauro-tisi-e-la-filosofa-ambientale-viola-ducati\/#breadcrumb\",\"itemListElement\":[{\"@type\":\"ListItem\",\"position\":1,\"name\":\"Home\",\"item\":\"https:\/\/www.diocesitn.it\/area-testimonianza\/\"},{\"@type\":\"ListItem\",\"position\":2,\"name\":\"Una Terra da salvare, tra mitezza e microetica, bellezza e biofilia. A Canazei ricco confronto tra vescovo Lauro Tisi e la filosofa ambientale Viola Ducati\"}]},{\"@type\":\"WebSite\",\"@id\":\"https:\/\/www.diocesitn.it\/area-testimonianza\/#website\",\"url\":\"https:\/\/www.diocesitn.it\/area-testimonianza\/\",\"name\":\"Testimonianza e Impegno sociale\",\"description\":\"Chiesa di Trento\",\"publisher\":{\"@id\":\"https:\/\/www.diocesitn.it\/area-testimonianza\/#organization\"},\"potentialAction\":[{\"@type\":\"SearchAction\",\"target\":{\"@type\":\"EntryPoint\",\"urlTemplate\":\"https:\/\/www.diocesitn.it\/area-testimonianza\/?s={search_term_string}\"},\"query-input\":\"required name=search_term_string\"}],\"inLanguage\":\"it-IT\"},{\"@type\":[\"Organization\",\"Place\"],\"@id\":\"https:\/\/www.diocesitn.it\/area-testimonianza\/#organization\",\"name\":\"Area Testimonianza e Impegno Sociale - Chiesa di Trento\",\"url\":\"https:\/\/www.diocesitn.it\/area-testimonianza\/\",\"logo\":{\"@id\":\"https:\/\/www.diocesitn.it\/area-testimonianza\/2024\/07\/25\/una-terra-da-salvare-tra-mitezza-e-microetica-bellezza-e-biofilia-a-canazei-ricco-confronto-tra-vescovo-lauro-tisi-e-la-filosofa-ambientale-viola-ducati\/#local-main-organization-logo\"},\"image\":{\"@id\":\"https:\/\/www.diocesitn.it\/area-testimonianza\/2024\/07\/25\/una-terra-da-salvare-tra-mitezza-e-microetica-bellezza-e-biofilia-a-canazei-ricco-confronto-tra-vescovo-lauro-tisi-e-la-filosofa-ambientale-viola-ducati\/#local-main-organization-logo\"},\"openingHoursSpecification\":[{\"@type\":\"OpeningHoursSpecification\",\"dayOfWeek\":[\"Monday\",\"Tuesday\",\"Wednesday\",\"Thursday\",\"Friday\",\"Saturday\",\"Sunday\"],\"opens\":\"09:00\",\"closes\":\"17:00\"}]},{\"@type\":\"ImageObject\",\"inLanguage\":\"it-IT\",\"@id\":\"https:\/\/www.diocesitn.it\/area-testimonianza\/2024\/07\/25\/una-terra-da-salvare-tra-mitezza-e-microetica-bellezza-e-biofilia-a-canazei-ricco-confronto-tra-vescovo-lauro-tisi-e-la-filosofa-ambientale-viola-ducati\/#local-main-organization-logo\",\"url\":\"https:\/\/www.diocesitn.it\/area-testimonianza\/wp-content\/uploads\/sites\/37\/2021\/09\/og-logo-testimonianza-e-impegno-sociale.jpg\",\"contentUrl\":\"https:\/\/www.diocesitn.it\/area-testimonianza\/wp-content\/uploads\/sites\/37\/2021\/09\/og-logo-testimonianza-e-impegno-sociale.jpg\",\"width\":1200,\"height\":630,\"caption\":\"Area Testimonianza e Impegno Sociale - Chiesa di Trento\"}]}<\/script>\n<!-- \/ Yoast SEO Premium plugin. -->","yoast_head_json":{"title":"Canazei, vescovo Tisi ed esperta ambientale Ducati a confronto","description":"A Canazei confronto \"ecologico\" mercoled\u00ec 24 luglio tra vescovo Tisi e la divulgatrice ambientale Ducati per \"Ispirazioni d'estate\"","robots":{"index":"index","follow":"follow","max-snippet":"max-snippet:-1","max-image-preview":"max-image-preview:large","max-video-preview":"max-video-preview:-1"},"canonical":"https:\/\/www.diocesitn.it\/area-testimonianza\/2024\/07\/25\/una-terra-da-salvare-tra-mitezza-e-microetica-bellezza-e-biofilia-a-canazei-ricco-confronto-tra-vescovo-lauro-tisi-e-la-filosofa-ambientale-viola-ducati\/","og_locale":"it_IT","og_type":"article","og_title":"Una Terra da salvare, tra mitezza e microetica, bellezza e biofilia. A Canazei ricco confronto tra vescovo Lauro Tisi e la filosofa ambientale Viola Ducati","og_description":"A Canazei confronto \"ecologico\" mercoled\u00ec 24 luglio tra vescovo Tisi e la divulgatrice ambientale Ducati per \"Ispirazioni d'estate\"","og_url":"https:\/\/www.diocesitn.it\/area-testimonianza\/2024\/07\/25\/una-terra-da-salvare-tra-mitezza-e-microetica-bellezza-e-biofilia-a-canazei-ricco-confronto-tra-vescovo-lauro-tisi-e-la-filosofa-ambientale-viola-ducati\/","og_site_name":"Testimonianza e Impegno sociale","article_published_time":"2024-07-25T11:34:57+00:00","article_modified_time":"2024-08-28T07:06:19+00:00","og_image":[{"width":900,"height":578,"url":"https:\/\/www.diocesitn.it\/area-testimonianza\/wp-content\/uploads\/sites\/37\/2024\/07\/Tisi_Ducati_240724_2_bis-e1721907242712.jpg","type":"image\/jpeg"}],"author":"Piergiorgio Franceschini","twitter_card":"summary_large_image","twitter_misc":{"Scritto da":"Piergiorgio Franceschini","Tempo di lettura stimato":"4 minuti"},"schema":{"@context":"https:\/\/schema.org","@graph":[{"@type":"Article","@id":"https:\/\/www.diocesitn.it\/area-testimonianza\/2024\/07\/25\/una-terra-da-salvare-tra-mitezza-e-microetica-bellezza-e-biofilia-a-canazei-ricco-confronto-tra-vescovo-lauro-tisi-e-la-filosofa-ambientale-viola-ducati\/#article","isPartOf":{"@id":"https:\/\/www.diocesitn.it\/area-testimonianza\/2024\/07\/25\/una-terra-da-salvare-tra-mitezza-e-microetica-bellezza-e-biofilia-a-canazei-ricco-confronto-tra-vescovo-lauro-tisi-e-la-filosofa-ambientale-viola-ducati\/"},"author":{"name":"Piergiorgio Franceschini","@id":"https:\/\/www.diocesitn.it\/area-testimonianza\/#\/schema\/person\/99590c84577873a025247b6aeb16ad2e"},"headline":"Una Terra da salvare, tra mitezza e microetica, bellezza e biofilia. A Canazei ricco confronto tra vescovo Lauro Tisi e la filosofa ambientale Viola Ducati","datePublished":"2024-07-25T11:34:57+00:00","dateModified":"2024-08-28T07:06:19+00:00","mainEntityOfPage":{"@id":"https:\/\/www.diocesitn.it\/area-testimonianza\/2024\/07\/25\/una-terra-da-salvare-tra-mitezza-e-microetica-bellezza-e-biofilia-a-canazei-ricco-confronto-tra-vescovo-lauro-tisi-e-la-filosofa-ambientale-viola-ducati\/"},"wordCount":559,"publisher":{"@id":"https:\/\/www.diocesitn.it\/area-testimonianza\/#organization"},"image":{"@id":"https:\/\/www.diocesitn.it\/area-testimonianza\/2024\/07\/25\/una-terra-da-salvare-tra-mitezza-e-microetica-bellezza-e-biofilia-a-canazei-ricco-confronto-tra-vescovo-lauro-tisi-e-la-filosofa-ambientale-viola-ducati\/#primaryimage"},"thumbnailUrl":"https:\/\/www.diocesitn.it\/area-testimonianza\/wp-content\/uploads\/sites\/37\/2024\/07\/Tisi_Ducati_240724_2_bis-e1721907242712.jpg","articleSection":["Cura del Creato","Notizie"],"inLanguage":"it-IT","copyrightYear":"2024","copyrightHolder":{"@id":"https:\/\/www.diocesitn.it\/#organization"}},{"@type":"WebPage","@id":"https:\/\/www.diocesitn.it\/area-testimonianza\/2024\/07\/25\/una-terra-da-salvare-tra-mitezza-e-microetica-bellezza-e-biofilia-a-canazei-ricco-confronto-tra-vescovo-lauro-tisi-e-la-filosofa-ambientale-viola-ducati\/","url":"https:\/\/www.diocesitn.it\/area-testimonianza\/2024\/07\/25\/una-terra-da-salvare-tra-mitezza-e-microetica-bellezza-e-biofilia-a-canazei-ricco-confronto-tra-vescovo-lauro-tisi-e-la-filosofa-ambientale-viola-ducati\/","name":"Canazei, vescovo Tisi ed esperta ambientale Ducati a confronto","isPartOf":{"@id":"https:\/\/www.diocesitn.it\/area-testimonianza\/#website"},"primaryImageOfPage":{"@id":"https:\/\/www.diocesitn.it\/area-testimonianza\/2024\/07\/25\/una-terra-da-salvare-tra-mitezza-e-microetica-bellezza-e-biofilia-a-canazei-ricco-confronto-tra-vescovo-lauro-tisi-e-la-filosofa-ambientale-viola-ducati\/#primaryimage"},"image":{"@id":"https:\/\/www.diocesitn.it\/area-testimonianza\/2024\/07\/25\/una-terra-da-salvare-tra-mitezza-e-microetica-bellezza-e-biofilia-a-canazei-ricco-confronto-tra-vescovo-lauro-tisi-e-la-filosofa-ambientale-viola-ducati\/#primaryimage"},"thumbnailUrl":"https:\/\/www.diocesitn.it\/area-testimonianza\/wp-content\/uploads\/sites\/37\/2024\/07\/Tisi_Ducati_240724_2_bis-e1721907242712.jpg","datePublished":"2024-07-25T11:34:57+00:00","dateModified":"2024-08-28T07:06:19+00:00","description":"A Canazei confronto \"ecologico\" mercoled\u00ec 24 luglio tra vescovo Tisi e la divulgatrice ambientale Ducati per \"Ispirazioni d'estate\"","breadcrumb":{"@id":"https:\/\/www.diocesitn.it\/area-testimonianza\/2024\/07\/25\/una-terra-da-salvare-tra-mitezza-e-microetica-bellezza-e-biofilia-a-canazei-ricco-confronto-tra-vescovo-lauro-tisi-e-la-filosofa-ambientale-viola-ducati\/#breadcrumb"},"inLanguage":"it-IT","potentialAction":[{"@type":"ReadAction","target":["https:\/\/www.diocesitn.it\/area-testimonianza\/2024\/07\/25\/una-terra-da-salvare-tra-mitezza-e-microetica-bellezza-e-biofilia-a-canazei-ricco-confronto-tra-vescovo-lauro-tisi-e-la-filosofa-ambientale-viola-ducati\/"]}]},{"@type":"ImageObject","inLanguage":"it-IT","@id":"https:\/\/www.diocesitn.it\/area-testimonianza\/2024\/07\/25\/una-terra-da-salvare-tra-mitezza-e-microetica-bellezza-e-biofilia-a-canazei-ricco-confronto-tra-vescovo-lauro-tisi-e-la-filosofa-ambientale-viola-ducati\/#primaryimage","url":"https:\/\/www.diocesitn.it\/area-testimonianza\/wp-content\/uploads\/sites\/37\/2024\/07\/Tisi_Ducati_240724_2_bis-e1721907242712.jpg","contentUrl":"https:\/\/www.diocesitn.it\/area-testimonianza\/wp-content\/uploads\/sites\/37\/2024\/07\/Tisi_Ducati_240724_2_bis-e1721907242712.jpg","width":900,"height":578},{"@type":"BreadcrumbList","@id":"https:\/\/www.diocesitn.it\/area-testimonianza\/2024\/07\/25\/una-terra-da-salvare-tra-mitezza-e-microetica-bellezza-e-biofilia-a-canazei-ricco-confronto-tra-vescovo-lauro-tisi-e-la-filosofa-ambientale-viola-ducati\/#breadcrumb","itemListElement":[{"@type":"ListItem","position":1,"name":"Home","item":"https:\/\/www.diocesitn.it\/area-testimonianza\/"},{"@type":"ListItem","position":2,"name":"Una Terra da salvare, tra mitezza e microetica, bellezza e biofilia. A Canazei ricco confronto tra vescovo Lauro Tisi e la filosofa ambientale Viola Ducati"}]},{"@type":"WebSite","@id":"https:\/\/www.diocesitn.it\/area-testimonianza\/#website","url":"https:\/\/www.diocesitn.it\/area-testimonianza\/","name":"Testimonianza e Impegno sociale","description":"Chiesa di Trento","publisher":{"@id":"https:\/\/www.diocesitn.it\/area-testimonianza\/#organization"},"potentialAction":[{"@type":"SearchAction","target":{"@type":"EntryPoint","urlTemplate":"https:\/\/www.diocesitn.it\/area-testimonianza\/?s={search_term_string}"},"query-input":"required name=search_term_string"}],"inLanguage":"it-IT"},{"@type":["Organization","Place"],"@id":"https:\/\/www.diocesitn.it\/area-testimonianza\/#organization","name":"Area Testimonianza e Impegno Sociale - Chiesa di Trento","url":"https:\/\/www.diocesitn.it\/area-testimonianza\/","logo":{"@id":"https:\/\/www.diocesitn.it\/area-testimonianza\/2024\/07\/25\/una-terra-da-salvare-tra-mitezza-e-microetica-bellezza-e-biofilia-a-canazei-ricco-confronto-tra-vescovo-lauro-tisi-e-la-filosofa-ambientale-viola-ducati\/#local-main-organization-logo"},"image":{"@id":"https:\/\/www.diocesitn.it\/area-testimonianza\/2024\/07\/25\/una-terra-da-salvare-tra-mitezza-e-microetica-bellezza-e-biofilia-a-canazei-ricco-confronto-tra-vescovo-lauro-tisi-e-la-filosofa-ambientale-viola-ducati\/#local-main-organization-logo"},"openingHoursSpecification":[{"@type":"OpeningHoursSpecification","dayOfWeek":["Monday","Tuesday","Wednesday","Thursday","Friday","Saturday","Sunday"],"opens":"09:00","closes":"17:00"}]},{"@type":"ImageObject","inLanguage":"it-IT","@id":"https:\/\/www.diocesitn.it\/area-testimonianza\/2024\/07\/25\/una-terra-da-salvare-tra-mitezza-e-microetica-bellezza-e-biofilia-a-canazei-ricco-confronto-tra-vescovo-lauro-tisi-e-la-filosofa-ambientale-viola-ducati\/#local-main-organization-logo","url":"https:\/\/www.diocesitn.it\/area-testimonianza\/wp-content\/uploads\/sites\/37\/2021\/09\/og-logo-testimonianza-e-impegno-sociale.jpg","contentUrl":"https:\/\/www.diocesitn.it\/area-testimonianza\/wp-content\/uploads\/sites\/37\/2021\/09\/og-logo-testimonianza-e-impegno-sociale.jpg","width":1200,"height":630,"caption":"Area Testimonianza e Impegno Sociale - Chiesa di Trento"}]}},"_links":{"self":[{"href":"https:\/\/www.diocesitn.it\/area-testimonianza\/wp-json\/wp\/v2\/posts\/15493","targetHints":{"allow":["GET"]}}],"collection":[{"href":"https:\/\/www.diocesitn.it\/area-testimonianza\/wp-json\/wp\/v2\/posts"}],"about":[{"href":"https:\/\/www.diocesitn.it\/area-testimonianza\/wp-json\/wp\/v2\/types\/post"}],"author":[{"embeddable":true,"href":"https:\/\/www.diocesitn.it\/area-testimonianza\/wp-json\/wp\/v2\/users\/3"}],"replies":[{"embeddable":true,"href":"https:\/\/www.diocesitn.it\/area-testimonianza\/wp-json\/wp\/v2\/comments?post=15493"}],"version-history":[{"count":2,"href":"https:\/\/www.diocesitn.it\/area-testimonianza\/wp-json\/wp\/v2\/posts\/15493\/revisions"}],"predecessor-version":[{"id":15498,"href":"https:\/\/www.diocesitn.it\/area-testimonianza\/wp-json\/wp\/v2\/posts\/15493\/revisions\/15498"}],"wp:featuredmedia":[{"embeddable":true,"href":"https:\/\/www.diocesitn.it\/area-testimonianza\/wp-json\/wp\/v2\/media\/15496"}],"wp:attachment":[{"href":"https:\/\/www.diocesitn.it\/area-testimonianza\/wp-json\/wp\/v2\/media?parent=15493"}],"wp:term":[{"taxonomy":"category","embeddable":true,"href":"https:\/\/www.diocesitn.it\/area-testimonianza\/wp-json\/wp\/v2\/categories?post=15493"},{"taxonomy":"post_tag","embeddable":true,"href":"https:\/\/www.diocesitn.it\/area-testimonianza\/wp-json\/wp\/v2\/tags?post=15493"}],"curies":[{"name":"wp","href":"https:\/\/api.w.org\/{rel}","templated":true}]}}