{"id":15369,"date":"2024-07-03T10:41:25","date_gmt":"2024-07-03T08:41:25","guid":{"rendered":"https:\/\/www.diocesitn.it\/area-testimonianza\/?p=15369"},"modified":"2025-02-20T09:42:09","modified_gmt":"2025-02-20T08:42:09","slug":"otto-progetti-di-servizio-civile-tra-oratori-vigilianum-e-caritas-in-partenza-a-settembre","status":"publish","type":"post","link":"https:\/\/www.diocesitn.it\/area-testimonianza\/2024\/07\/03\/otto-progetti-di-servizio-civile-tra-oratori-vigilianum-e-caritas-in-partenza-a-settembre\/","title":{"rendered":"Otto progetti di servizio civile in partenza a settembre tra oratori, \u201cVigilianum\u201d e Caritas"},"content":{"rendered":"<div class=\"text\">\n<p>Il primo settembre negli oratori trentini, al Polo culturale diocesano \u201cVigilianum\u201d di Trento e alla Caritas di Trento e di Rovereto partiranno otto progetti di Servizio civile universale provinciale (Scup) rivolti ai giovani dai 18 ai 29 anni.<\/p>\n<p><!--more--><\/p>\n<\/div>\n<p>I posti complessivi per i progetti, che hanno una durata di 12 mesi (30 ore settimanali), sono quattordici.<\/p>\n<p><strong>Scadono marted\u00ec 23 luglio<\/strong>\u00a0le iscrizioni per i progetti di Scup negli\u00a0<strong>oratori di San Michele all\u2019Adige (un posto), Riva del Garda (due posti), Arco (due posti) e Borgo Sacco (un posto)<\/strong>. I giovani coinvolti in questi progetti avranno la possibilit\u00e0 di partecipare a tempo pieno alla vita degli oratori, tra attivit\u00e0 di aiuto compiti e di solidariet\u00e0: nel caso dell\u2019oratorio di San Michele all\u2019Adige, per esempio, i giovani presteranno servizio anche tra le fila dei volontari di \u201cRotaliana Solidale\u201d, che aderisce a Trentino Solidale odv. Oltre al Servizio civile universale provinciale negli oratori, a settembre partir\u00e0 anche un progetto presso la sede dell\u2019Associazione Noi Oratori di piazza Fiera:\u00a0<strong>\u201cOratori InsideOUT! Comunicazione social e web\u201d<\/strong>. Il giovane selezionato (iscrizioni sempre entro il 23 luglio) entrer\u00e0 a far parte del gruppo che si occupa di promuovere e di raccontare, attraverso i social media e il web, le diverse iniziative promosse dalla rete degli oratori.<\/p>\n<p><strong>Scadono invece venerd\u00ec 26 luglio<\/strong>\u00a0le iscrizioni ai progetti che si svolgeranno al\u00a0<strong>Polo culturale diocesano \u201cVigilianum\u201d di Trento (tre posti) e nei negozi Altr\u2019Uso della Caritas di Trento e di Rovereto (due posti in ciascun esercizio commerciale)<\/strong>. Chi avr\u00e0 l\u2019opportunit\u00e0 di partecipare al progetto \u201cVigilianum: scopri e valorizza il patrimonio culturale attraverso il digitale (seconda edizione)\u201d divider\u00e0 il proprio tempo tra la biblioteca e l\u2019archivio diocesano. Tra le competenze che si apprendono ci sono l\u2019organizzazione di contenuti informativi in ambito digitale, la riproduzione digitale di materiale librario antico, la gestione e il riordino della sala lettura e dei depositi, il contatto con il patrimonio culturale e la collaborazione nella gestione delle attivit\u00e0 didattiche e culturali. Si imparano anche le tecniche di catalogazione e gestione degli archivi e il metodo ricerca d\u2019archivio.<\/p>\n<p>I quattro giovani che saranno selezionati per il progetto di Scup nei negozi Altr\u2019Uso, invece, svilupperanno competenze di tipo pratico nella gestione del punto vendita e impareranno ad entrare in relazione con l\u2019utenza che lo frequenta, ma impareranno anche a lavorare in team.<\/p>\n<p><a href=\"https:\/\/serviziocivile.provincia.tn.it\/Progetti\/(filter)\/Progetti%20SCUP_PAT\" target=\"_blank\" rel=\"noopener noreferrer\">QUI IL LINK AI PROGETTI<\/a><\/p>\n<div class=\"post-author\"><em>di\u00a0redazione VT<\/em><\/div>\n<p><a style=\"background-color: #ffffff;color: #1585cf\" href=\"https:\/\/www.diocesitn.it\/area-testimonianza\/wp-content\/uploads\/sites\/37\/2024\/07\/Bando-Scup-2024.pdf\" target=\"_blank\" rel=\"noopener\">Qui il volantino dei progetti di Caritas<\/a><\/p>\n","protected":false},"excerpt":{"rendered":"<p>Il primo settembre negli oratori trentini, al Polo culturale diocesano \u201cVigilianum\u201d di Trento e alla Caritas di Trento e di Rovereto partiranno otto progetti di Servizio civile universale provinciale (Scup) rivolti ai giovani dai 18<\/p>\n","protected":false},"author":161,"featured_media":15370,"comment_status":"closed","ping_status":"closed","sticky":false,"template":"","format":"standard","meta":{"footnotes":""},"categories":[1059,1074,2246],"tags":[1765],"class_list":["post-15369","post","type-post","status-publish","format-standard","has-post-thumbnail","hentry","category-servizio-caritas","category-notizie","category-servizio-catechistico-giovani-pastorale-giovanile","tag-scup"],"acf":{"seed-localization-paese-cod":"IT","seed-localization-address":"","seed-localization-citta":"Trento","seed-localization-regione-cod-istat":"04","seed-localization-citta-cod-istat":"022205","seed-localization-localita":"","seed-localization-cap":"","seed-localization-marker-visibility":false,"seed-localization-children-visibility":false,"seed-localization-kml":"","seed-localization-custom-marker":""},"yoast_head":"<!-- This site is optimized with the Yoast SEO Premium plugin v20.2.1 (Yoast SEO v22.2) - https:\/\/yoast.com\/wordpress\/plugins\/seo\/ -->\n<title>Otto progetti di servizio civile in partenza a settembre tra oratori, \u201cVigilianum\u201d e Caritas - Testimonianza e Impegno sociale<\/title>\n<meta name=\"robots\" content=\"index, follow, max-snippet:-1, max-image-preview:large, max-video-preview:-1\" \/>\n<link rel=\"canonical\" href=\"https:\/\/www.diocesitn.it\/area-testimonianza\/2024\/07\/03\/otto-progetti-di-servizio-civile-tra-oratori-vigilianum-e-caritas-in-partenza-a-settembre\/\" \/>\n<meta property=\"og:locale\" content=\"it_IT\" \/>\n<meta property=\"og:type\" content=\"article\" \/>\n<meta property=\"og:title\" content=\"Otto progetti di servizio civile in partenza a settembre tra oratori, \u201cVigilianum\u201d e Caritas\" \/>\n<meta property=\"og:description\" content=\"Il primo settembre negli oratori trentini, al Polo culturale diocesano \u201cVigilianum\u201d di Trento e alla Caritas di Trento e di Rovereto partiranno otto progetti di Servizio civile universale provinciale (Scup) rivolti ai giovani dai 18\" \/>\n<meta property=\"og:url\" content=\"https:\/\/www.diocesitn.it\/area-testimonianza\/2024\/07\/03\/otto-progetti-di-servizio-civile-tra-oratori-vigilianum-e-caritas-in-partenza-a-settembre\/\" \/>\n<meta property=\"og:site_name\" content=\"Testimonianza e Impegno sociale\" \/>\n<meta property=\"article:published_time\" content=\"2024-07-03T08:41:25+00:00\" \/>\n<meta property=\"article:modified_time\" content=\"2025-02-20T08:42:09+00:00\" \/>\n<meta property=\"og:image\" content=\"https:\/\/www.diocesitn.it\/area-testimonianza\/wp-content\/uploads\/sites\/37\/2024\/07\/9scup.jpg\" \/>\n\t<meta property=\"og:image:width\" content=\"1024\" \/>\n\t<meta property=\"og:image:height\" content=\"683\" \/>\n\t<meta property=\"og:image:type\" content=\"image\/jpeg\" \/>\n<meta name=\"author\" content=\"smaule\" \/>\n<meta name=\"twitter:card\" content=\"summary_large_image\" \/>\n<meta name=\"twitter:label1\" content=\"Scritto da\" \/>\n\t<meta name=\"twitter:data1\" content=\"smaule\" \/>\n\t<meta name=\"twitter:label2\" content=\"Tempo di lettura stimato\" \/>\n\t<meta name=\"twitter:data2\" content=\"3 minuti\" \/>\n<script type=\"application\/ld+json\" class=\"yoast-schema-graph\">{\"@context\":\"https:\/\/schema.org\",\"@graph\":[{\"@type\":\"Article\",\"@id\":\"https:\/\/www.diocesitn.it\/area-testimonianza\/2024\/07\/03\/otto-progetti-di-servizio-civile-tra-oratori-vigilianum-e-caritas-in-partenza-a-settembre\/#article\",\"isPartOf\":{\"@id\":\"https:\/\/www.diocesitn.it\/area-testimonianza\/2024\/07\/03\/otto-progetti-di-servizio-civile-tra-oratori-vigilianum-e-caritas-in-partenza-a-settembre\/\"},\"author\":{\"name\":\"smaule\",\"@id\":\"https:\/\/www.diocesitn.it\/area-testimonianza\/#\/schema\/person\/bac489aafb7f98c1ca25f76c27174a95\"},\"headline\":\"Otto progetti di servizio civile in partenza a settembre tra oratori, \u201cVigilianum\u201d e Caritas\",\"datePublished\":\"2024-07-03T08:41:25+00:00\",\"dateModified\":\"2025-02-20T08:42:09+00:00\",\"mainEntityOfPage\":{\"@id\":\"https:\/\/www.diocesitn.it\/area-testimonianza\/2024\/07\/03\/otto-progetti-di-servizio-civile-tra-oratori-vigilianum-e-caritas-in-partenza-a-settembre\/\"},\"wordCount\":417,\"publisher\":{\"@id\":\"https:\/\/www.diocesitn.it\/area-testimonianza\/#organization\"},\"image\":{\"@id\":\"https:\/\/www.diocesitn.it\/area-testimonianza\/2024\/07\/03\/otto-progetti-di-servizio-civile-tra-oratori-vigilianum-e-caritas-in-partenza-a-settembre\/#primaryimage\"},\"thumbnailUrl\":\"https:\/\/www.diocesitn.it\/area-testimonianza\/wp-content\/uploads\/sites\/37\/2024\/07\/9scup.jpg\",\"keywords\":[\"SCUP\"],\"articleSection\":[\"Caritas diocesana\",\"Notizie\",\"Pastorale giovanile\"],\"inLanguage\":\"it-IT\",\"copyrightYear\":\"2024\",\"copyrightHolder\":{\"@id\":\"https:\/\/www.diocesitn.it\/#organization\"}},{\"@type\":\"WebPage\",\"@id\":\"https:\/\/www.diocesitn.it\/area-testimonianza\/2024\/07\/03\/otto-progetti-di-servizio-civile-tra-oratori-vigilianum-e-caritas-in-partenza-a-settembre\/\",\"url\":\"https:\/\/www.diocesitn.it\/area-testimonianza\/2024\/07\/03\/otto-progetti-di-servizio-civile-tra-oratori-vigilianum-e-caritas-in-partenza-a-settembre\/\",\"name\":\"Otto progetti di servizio civile in partenza a settembre tra oratori, \u201cVigilianum\u201d e Caritas - Testimonianza e Impegno sociale\",\"isPartOf\":{\"@id\":\"https:\/\/www.diocesitn.it\/area-testimonianza\/#website\"},\"primaryImageOfPage\":{\"@id\":\"https:\/\/www.diocesitn.it\/area-testimonianza\/2024\/07\/03\/otto-progetti-di-servizio-civile-tra-oratori-vigilianum-e-caritas-in-partenza-a-settembre\/#primaryimage\"},\"image\":{\"@id\":\"https:\/\/www.diocesitn.it\/area-testimonianza\/2024\/07\/03\/otto-progetti-di-servizio-civile-tra-oratori-vigilianum-e-caritas-in-partenza-a-settembre\/#primaryimage\"},\"thumbnailUrl\":\"https:\/\/www.diocesitn.it\/area-testimonianza\/wp-content\/uploads\/sites\/37\/2024\/07\/9scup.jpg\",\"datePublished\":\"2024-07-03T08:41:25+00:00\",\"dateModified\":\"2025-02-20T08:42:09+00:00\",\"breadcrumb\":{\"@id\":\"https:\/\/www.diocesitn.it\/area-testimonianza\/2024\/07\/03\/otto-progetti-di-servizio-civile-tra-oratori-vigilianum-e-caritas-in-partenza-a-settembre\/#breadcrumb\"},\"inLanguage\":\"it-IT\",\"potentialAction\":[{\"@type\":\"ReadAction\",\"target\":[\"https:\/\/www.diocesitn.it\/area-testimonianza\/2024\/07\/03\/otto-progetti-di-servizio-civile-tra-oratori-vigilianum-e-caritas-in-partenza-a-settembre\/\"]}]},{\"@type\":\"ImageObject\",\"inLanguage\":\"it-IT\",\"@id\":\"https:\/\/www.diocesitn.it\/area-testimonianza\/2024\/07\/03\/otto-progetti-di-servizio-civile-tra-oratori-vigilianum-e-caritas-in-partenza-a-settembre\/#primaryimage\",\"url\":\"https:\/\/www.diocesitn.it\/area-testimonianza\/wp-content\/uploads\/sites\/37\/2024\/07\/9scup.jpg\",\"contentUrl\":\"https:\/\/www.diocesitn.it\/area-testimonianza\/wp-content\/uploads\/sites\/37\/2024\/07\/9scup.jpg\",\"width\":1024,\"height\":683},{\"@type\":\"BreadcrumbList\",\"@id\":\"https:\/\/www.diocesitn.it\/area-testimonianza\/2024\/07\/03\/otto-progetti-di-servizio-civile-tra-oratori-vigilianum-e-caritas-in-partenza-a-settembre\/#breadcrumb\",\"itemListElement\":[{\"@type\":\"ListItem\",\"position\":1,\"name\":\"Home\",\"item\":\"https:\/\/www.diocesitn.it\/area-testimonianza\/\"},{\"@type\":\"ListItem\",\"position\":2,\"name\":\"Otto progetti di servizio civile in partenza a settembre tra oratori, \u201cVigilianum\u201d e Caritas\"}]},{\"@type\":\"WebSite\",\"@id\":\"https:\/\/www.diocesitn.it\/area-testimonianza\/#website\",\"url\":\"https:\/\/www.diocesitn.it\/area-testimonianza\/\",\"name\":\"Testimonianza e Impegno sociale\",\"description\":\"Chiesa di Trento\",\"publisher\":{\"@id\":\"https:\/\/www.diocesitn.it\/area-testimonianza\/#organization\"},\"potentialAction\":[{\"@type\":\"SearchAction\",\"target\":{\"@type\":\"EntryPoint\",\"urlTemplate\":\"https:\/\/www.diocesitn.it\/area-testimonianza\/?s={search_term_string}\"},\"query-input\":\"required name=search_term_string\"}],\"inLanguage\":\"it-IT\"},{\"@type\":[\"Organization\",\"Place\"],\"@id\":\"https:\/\/www.diocesitn.it\/area-testimonianza\/#organization\",\"name\":\"Area Testimonianza e Impegno Sociale - Chiesa di Trento\",\"url\":\"https:\/\/www.diocesitn.it\/area-testimonianza\/\",\"logo\":{\"@id\":\"https:\/\/www.diocesitn.it\/area-testimonianza\/2024\/07\/03\/otto-progetti-di-servizio-civile-tra-oratori-vigilianum-e-caritas-in-partenza-a-settembre\/#local-main-organization-logo\"},\"image\":{\"@id\":\"https:\/\/www.diocesitn.it\/area-testimonianza\/2024\/07\/03\/otto-progetti-di-servizio-civile-tra-oratori-vigilianum-e-caritas-in-partenza-a-settembre\/#local-main-organization-logo\"},\"openingHoursSpecification\":[{\"@type\":\"OpeningHoursSpecification\",\"dayOfWeek\":[\"Monday\",\"Tuesday\",\"Wednesday\",\"Thursday\",\"Friday\",\"Saturday\",\"Sunday\"],\"opens\":\"09:00\",\"closes\":\"17:00\"}]},{\"@type\":\"ImageObject\",\"inLanguage\":\"it-IT\",\"@id\":\"https:\/\/www.diocesitn.it\/area-testimonianza\/2024\/07\/03\/otto-progetti-di-servizio-civile-tra-oratori-vigilianum-e-caritas-in-partenza-a-settembre\/#local-main-organization-logo\",\"url\":\"https:\/\/www.diocesitn.it\/area-testimonianza\/wp-content\/uploads\/sites\/37\/2021\/09\/og-logo-testimonianza-e-impegno-sociale.jpg\",\"contentUrl\":\"https:\/\/www.diocesitn.it\/area-testimonianza\/wp-content\/uploads\/sites\/37\/2021\/09\/og-logo-testimonianza-e-impegno-sociale.jpg\",\"width\":1200,\"height\":630,\"caption\":\"Area Testimonianza e Impegno Sociale - Chiesa di Trento\"}]}<\/script>\n<!-- \/ Yoast SEO Premium plugin. -->","yoast_head_json":{"title":"Otto progetti di servizio civile in partenza a settembre tra oratori, \u201cVigilianum\u201d e Caritas - Testimonianza e Impegno sociale","robots":{"index":"index","follow":"follow","max-snippet":"max-snippet:-1","max-image-preview":"max-image-preview:large","max-video-preview":"max-video-preview:-1"},"canonical":"https:\/\/www.diocesitn.it\/area-testimonianza\/2024\/07\/03\/otto-progetti-di-servizio-civile-tra-oratori-vigilianum-e-caritas-in-partenza-a-settembre\/","og_locale":"it_IT","og_type":"article","og_title":"Otto progetti di servizio civile in partenza a settembre tra oratori, \u201cVigilianum\u201d e Caritas","og_description":"Il primo settembre negli oratori trentini, al Polo culturale diocesano \u201cVigilianum\u201d di Trento e alla Caritas di Trento e di Rovereto partiranno otto progetti di Servizio civile universale provinciale (Scup) rivolti ai giovani dai 18","og_url":"https:\/\/www.diocesitn.it\/area-testimonianza\/2024\/07\/03\/otto-progetti-di-servizio-civile-tra-oratori-vigilianum-e-caritas-in-partenza-a-settembre\/","og_site_name":"Testimonianza e Impegno sociale","article_published_time":"2024-07-03T08:41:25+00:00","article_modified_time":"2025-02-20T08:42:09+00:00","og_image":[{"width":1024,"height":683,"url":"https:\/\/www.diocesitn.it\/area-testimonianza\/wp-content\/uploads\/sites\/37\/2024\/07\/9scup.jpg","type":"image\/jpeg"}],"author":"smaule","twitter_card":"summary_large_image","twitter_misc":{"Scritto da":"smaule","Tempo di lettura stimato":"3 minuti"},"schema":{"@context":"https:\/\/schema.org","@graph":[{"@type":"Article","@id":"https:\/\/www.diocesitn.it\/area-testimonianza\/2024\/07\/03\/otto-progetti-di-servizio-civile-tra-oratori-vigilianum-e-caritas-in-partenza-a-settembre\/#article","isPartOf":{"@id":"https:\/\/www.diocesitn.it\/area-testimonianza\/2024\/07\/03\/otto-progetti-di-servizio-civile-tra-oratori-vigilianum-e-caritas-in-partenza-a-settembre\/"},"author":{"name":"smaule","@id":"https:\/\/www.diocesitn.it\/area-testimonianza\/#\/schema\/person\/bac489aafb7f98c1ca25f76c27174a95"},"headline":"Otto progetti di servizio civile in partenza a settembre tra oratori, \u201cVigilianum\u201d e Caritas","datePublished":"2024-07-03T08:41:25+00:00","dateModified":"2025-02-20T08:42:09+00:00","mainEntityOfPage":{"@id":"https:\/\/www.diocesitn.it\/area-testimonianza\/2024\/07\/03\/otto-progetti-di-servizio-civile-tra-oratori-vigilianum-e-caritas-in-partenza-a-settembre\/"},"wordCount":417,"publisher":{"@id":"https:\/\/www.diocesitn.it\/area-testimonianza\/#organization"},"image":{"@id":"https:\/\/www.diocesitn.it\/area-testimonianza\/2024\/07\/03\/otto-progetti-di-servizio-civile-tra-oratori-vigilianum-e-caritas-in-partenza-a-settembre\/#primaryimage"},"thumbnailUrl":"https:\/\/www.diocesitn.it\/area-testimonianza\/wp-content\/uploads\/sites\/37\/2024\/07\/9scup.jpg","keywords":["SCUP"],"articleSection":["Caritas diocesana","Notizie","Pastorale giovanile"],"inLanguage":"it-IT","copyrightYear":"2024","copyrightHolder":{"@id":"https:\/\/www.diocesitn.it\/#organization"}},{"@type":"WebPage","@id":"https:\/\/www.diocesitn.it\/area-testimonianza\/2024\/07\/03\/otto-progetti-di-servizio-civile-tra-oratori-vigilianum-e-caritas-in-partenza-a-settembre\/","url":"https:\/\/www.diocesitn.it\/area-testimonianza\/2024\/07\/03\/otto-progetti-di-servizio-civile-tra-oratori-vigilianum-e-caritas-in-partenza-a-settembre\/","name":"Otto progetti di servizio civile in partenza a settembre tra oratori, \u201cVigilianum\u201d e Caritas - Testimonianza e Impegno sociale","isPartOf":{"@id":"https:\/\/www.diocesitn.it\/area-testimonianza\/#website"},"primaryImageOfPage":{"@id":"https:\/\/www.diocesitn.it\/area-testimonianza\/2024\/07\/03\/otto-progetti-di-servizio-civile-tra-oratori-vigilianum-e-caritas-in-partenza-a-settembre\/#primaryimage"},"image":{"@id":"https:\/\/www.diocesitn.it\/area-testimonianza\/2024\/07\/03\/otto-progetti-di-servizio-civile-tra-oratori-vigilianum-e-caritas-in-partenza-a-settembre\/#primaryimage"},"thumbnailUrl":"https:\/\/www.diocesitn.it\/area-testimonianza\/wp-content\/uploads\/sites\/37\/2024\/07\/9scup.jpg","datePublished":"2024-07-03T08:41:25+00:00","dateModified":"2025-02-20T08:42:09+00:00","breadcrumb":{"@id":"https:\/\/www.diocesitn.it\/area-testimonianza\/2024\/07\/03\/otto-progetti-di-servizio-civile-tra-oratori-vigilianum-e-caritas-in-partenza-a-settembre\/#breadcrumb"},"inLanguage":"it-IT","potentialAction":[{"@type":"ReadAction","target":["https:\/\/www.diocesitn.it\/area-testimonianza\/2024\/07\/03\/otto-progetti-di-servizio-civile-tra-oratori-vigilianum-e-caritas-in-partenza-a-settembre\/"]}]},{"@type":"ImageObject","inLanguage":"it-IT","@id":"https:\/\/www.diocesitn.it\/area-testimonianza\/2024\/07\/03\/otto-progetti-di-servizio-civile-tra-oratori-vigilianum-e-caritas-in-partenza-a-settembre\/#primaryimage","url":"https:\/\/www.diocesitn.it\/area-testimonianza\/wp-content\/uploads\/sites\/37\/2024\/07\/9scup.jpg","contentUrl":"https:\/\/www.diocesitn.it\/area-testimonianza\/wp-content\/uploads\/sites\/37\/2024\/07\/9scup.jpg","width":1024,"height":683},{"@type":"BreadcrumbList","@id":"https:\/\/www.diocesitn.it\/area-testimonianza\/2024\/07\/03\/otto-progetti-di-servizio-civile-tra-oratori-vigilianum-e-caritas-in-partenza-a-settembre\/#breadcrumb","itemListElement":[{"@type":"ListItem","position":1,"name":"Home","item":"https:\/\/www.diocesitn.it\/area-testimonianza\/"},{"@type":"ListItem","position":2,"name":"Otto progetti di servizio civile in partenza a settembre tra oratori, \u201cVigilianum\u201d e Caritas"}]},{"@type":"WebSite","@id":"https:\/\/www.diocesitn.it\/area-testimonianza\/#website","url":"https:\/\/www.diocesitn.it\/area-testimonianza\/","name":"Testimonianza e Impegno sociale","description":"Chiesa di Trento","publisher":{"@id":"https:\/\/www.diocesitn.it\/area-testimonianza\/#organization"},"potentialAction":[{"@type":"SearchAction","target":{"@type":"EntryPoint","urlTemplate":"https:\/\/www.diocesitn.it\/area-testimonianza\/?s={search_term_string}"},"query-input":"required name=search_term_string"}],"inLanguage":"it-IT"},{"@type":["Organization","Place"],"@id":"https:\/\/www.diocesitn.it\/area-testimonianza\/#organization","name":"Area Testimonianza e Impegno Sociale - Chiesa di Trento","url":"https:\/\/www.diocesitn.it\/area-testimonianza\/","logo":{"@id":"https:\/\/www.diocesitn.it\/area-testimonianza\/2024\/07\/03\/otto-progetti-di-servizio-civile-tra-oratori-vigilianum-e-caritas-in-partenza-a-settembre\/#local-main-organization-logo"},"image":{"@id":"https:\/\/www.diocesitn.it\/area-testimonianza\/2024\/07\/03\/otto-progetti-di-servizio-civile-tra-oratori-vigilianum-e-caritas-in-partenza-a-settembre\/#local-main-organization-logo"},"openingHoursSpecification":[{"@type":"OpeningHoursSpecification","dayOfWeek":["Monday","Tuesday","Wednesday","Thursday","Friday","Saturday","Sunday"],"opens":"09:00","closes":"17:00"}]},{"@type":"ImageObject","inLanguage":"it-IT","@id":"https:\/\/www.diocesitn.it\/area-testimonianza\/2024\/07\/03\/otto-progetti-di-servizio-civile-tra-oratori-vigilianum-e-caritas-in-partenza-a-settembre\/#local-main-organization-logo","url":"https:\/\/www.diocesitn.it\/area-testimonianza\/wp-content\/uploads\/sites\/37\/2021\/09\/og-logo-testimonianza-e-impegno-sociale.jpg","contentUrl":"https:\/\/www.diocesitn.it\/area-testimonianza\/wp-content\/uploads\/sites\/37\/2021\/09\/og-logo-testimonianza-e-impegno-sociale.jpg","width":1200,"height":630,"caption":"Area Testimonianza e Impegno Sociale - Chiesa di Trento"}]}},"_links":{"self":[{"href":"https:\/\/www.diocesitn.it\/area-testimonianza\/wp-json\/wp\/v2\/posts\/15369","targetHints":{"allow":["GET"]}}],"collection":[{"href":"https:\/\/www.diocesitn.it\/area-testimonianza\/wp-json\/wp\/v2\/posts"}],"about":[{"href":"https:\/\/www.diocesitn.it\/area-testimonianza\/wp-json\/wp\/v2\/types\/post"}],"author":[{"embeddable":true,"href":"https:\/\/www.diocesitn.it\/area-testimonianza\/wp-json\/wp\/v2\/users\/161"}],"replies":[{"embeddable":true,"href":"https:\/\/www.diocesitn.it\/area-testimonianza\/wp-json\/wp\/v2\/comments?post=15369"}],"version-history":[{"count":3,"href":"https:\/\/www.diocesitn.it\/area-testimonianza\/wp-json\/wp\/v2\/posts\/15369\/revisions"}],"predecessor-version":[{"id":15428,"href":"https:\/\/www.diocesitn.it\/area-testimonianza\/wp-json\/wp\/v2\/posts\/15369\/revisions\/15428"}],"wp:featuredmedia":[{"embeddable":true,"href":"https:\/\/www.diocesitn.it\/area-testimonianza\/wp-json\/wp\/v2\/media\/15370"}],"wp:attachment":[{"href":"https:\/\/www.diocesitn.it\/area-testimonianza\/wp-json\/wp\/v2\/media?parent=15369"}],"wp:term":[{"taxonomy":"category","embeddable":true,"href":"https:\/\/www.diocesitn.it\/area-testimonianza\/wp-json\/wp\/v2\/categories?post=15369"},{"taxonomy":"post_tag","embeddable":true,"href":"https:\/\/www.diocesitn.it\/area-testimonianza\/wp-json\/wp\/v2\/tags?post=15369"}],"curies":[{"name":"wp","href":"https:\/\/api.w.org\/{rel}","templated":true}]}}