{"id":15362,"date":"2024-07-01T17:07:15","date_gmt":"2024-07-01T15:07:15","guid":{"rendered":"https:\/\/www.diocesitn.it\/area-testimonianza\/2024\/07\/01\/missionari-trentini-pellegrini-al-santuario-della-madonna-di-senale-vescovo-lauro-siete-frammento-della-luce-di-cristo\/"},"modified":"2024-07-10T08:58:08","modified_gmt":"2024-07-10T06:58:08","slug":"missionari-trentini-pellegrini-al-santuario-della-madonna-di-senale-vescovo-lauro-siete-frammento-della-luce-di-cristo","status":"publish","type":"post","link":"https:\/\/www.diocesitn.it\/area-testimonianza\/2024\/07\/01\/missionari-trentini-pellegrini-al-santuario-della-madonna-di-senale-vescovo-lauro-siete-frammento-della-luce-di-cristo\/","title":{"rendered":"Missionari trentini pellegrini al santuario della Madonna di Senale. Vescovo Lauro: siete frammento della luce di Cristo"},"content":{"rendered":"<p>Il santuario della Madonna di Senale, in alta Val di Non, appena varcato il confine tra Trentino e Alto Adige, ha fatto da cornice luned\u00ec 1\u00b0 luglio al tradizionale incontro dei missionari trentini rientrati momentaneamente in terra d&#8217;origine per un periodo di riposo estivo.<\/p>\n<p>Pur con numeri in calo e il crescere dei capelli grigi, una quarantina tra missionarie e missionari (compresi gli ex ora parroci in Diocesi) sono saliti in pullman all&#8217;antico luogo di preghiera mariano. Ad accompagnarne la trasferta, oltre al personale del Centro Missionario coordinato dal delegato don Mauro Leonardelli (presente pure il predecessore don Cristiano Bettega), anche <strong>tre vescovi missionari<\/strong>: <strong>monsignor Adriano Tomasi<\/strong>, ausiliare emerito\u00a0 di Lima in Per\u00f9, <strong>monsignor Mariano Manzana<\/strong>, vescovo emerito di Mossor\u00f2 in Brasile, gi\u00e0 missionario <em>fidei donum<\/em> e direttore del Centro Missionario e <strong>monsignor Giuseppe Filippi<\/strong>, vescovo emerito di Kotido (Uganda), mentre l&#8217;<strong>arcivescovo Lauro Tisi<\/strong> ha raggiunto il gruppo per presiedere la <strong>Santa Messa<\/strong> al santuario. &#8220;Chiediamo &#8211; ha esordito &#8211; che questa giornata diventi un rendimento di grazie per tutto il bene che la nostra Chiesa \u00e8 riuscita a portare nel mondo per merito vostro&#8221;.<\/p>\n<h4>Siete frammenti di Cristo<\/h4>\n<p>Dopo aver sottolineato l&#8217;unit\u00e0 con l&#8217;ospitante diocesi di Bolzano-Bressanone (anche grazie all&#8217;amicizia con il vescovo Ivo) e ringraziato i confratelli vescovi presenti (oltre all&#8217;emerito Bressan) che quest&#8217;anno celebrano importanti giubilei (vedi <a href=\"https:\/\/www.diocesitn.it\/site\/san-vigilio-solenne-pontificale-per-il-patrono-con-cinque-vescovi-trentini\/\">Articolo<\/a> sul patrono San Vigilio), don Lauro ha valorizzato la felice <strong>memoria liturgica, in questo 1\u00b0 luglio, del beato trentino Antonio Rosmini<\/strong> per invitare tutti a &#8220;sentire che la sua testimonianza \u00e8 per noi invito forte ad avere come unico riferimento il Vangelo&#8221;.\u00a0 &#8220;Per Antonio Rosmini, la sua produzione filosofica e teologica poteva essere cancellata; quello che pi\u00f9 gli premeva era che non\u00a0 sparisse l&#8217;Istituto della Carit\u00e0, la sua opera pi\u00f9 preziosa&#8221;. <span style=\"font-size: inherit\">\u00a0<\/span><\/p>\n<p><img loading=\"lazy\" decoding=\"async\" class=\"wp-image-15363 alignleft\" src=\"https:\/\/www.diocesitn.it\/wp-content\/uploads\/sites\/37\/2024\/07\/sENALE_1LUG24_2-300x174.jpg\" alt=\"\" width=\"406\" height=\"235\" srcset=\"https:\/\/www.diocesitn.it\/area-testimonianza\/wp-content\/uploads\/sites\/37\/2024\/07\/sENALE_1LUG24_2-300x174.jpg 300w, https:\/\/www.diocesitn.it\/area-testimonianza\/wp-content\/uploads\/sites\/37\/2024\/07\/sENALE_1LUG24_2-360x209.jpg 360w, https:\/\/www.diocesitn.it\/area-testimonianza\/wp-content\/uploads\/sites\/37\/2024\/07\/sENALE_1LUG24_2.jpg 640w\" sizes=\"auto, (max-width: 406px) 100vw, 406px\" \/><span style=\"font-size: inherit\">Don Lauro precisa: &#8220;Non carit\u00e0 nel senso che noi andiamo indicando: servizio, organizzazione di opere per i poveri. Ma carit\u00e0 intesa come il vivere la vita stessa di Ges\u00f9 Cristo. La notizia per tutti noi \u00e8 che ognuno di noi pu\u00f2 diventare un <\/span><strong style=\"font-size: inherit\">frammento importante di Cristo<\/strong><span style=\"font-size: inherit\">, grazie alla potenza dello Spirito. \u00c8 lo Spirito l&#8217;autore di tutta l&#8217;attivit\u00e0 evangelizzatrice e missionaria della Chiesa&#8221;. &#8220;In questo luogo di fede mariana, sentiamo come la missione \u00e8 sulle spalle dello Spirito Santo. Quello che avete realizzate e siete, la vostra inquietudine missionaria, &#8211; sottolinea Tisi con affetto e stima &#8211; \u00e8 un miracolo dello Spirito che vi ha consentito di mandare in onda un <\/span><strong style=\"font-size: inherit\">frammento della luce di Cristo<\/strong><span style=\"font-size: inherit\">&#8220;.<\/span><\/p>\n<h4>Non testimoni solitari ma promotori di comunit\u00e0<\/h4>\n<p>&#8220;Frammento &#8211; ribadisce don Lauro &#8211; perch\u00e9 ognuno di noi \u00e8 tessera di un mosaico: non c&#8217;\u00e8 autentica testimonianza solitaria, non ci pu\u00f2 essere accreditamento di Cristo, senza comunione e comunit\u00e0&#8221;.\u00a0 Una verit\u00e0 attestata anche dal Vangelo odierno: &#8220;Con quell&#8217;amatevi gli uni gli altri, giocate &#8211; commenta don Lauro &#8211; la partita dell&#8217;unione e dell&#8217;incontro&#8221;, &#8220;Cristo &#8211; aggiunge &#8211; genera la comunit\u00e0. La <strong>Chiesa<\/strong>, come ribadiva don Piergiorgio Piechele (teologo e compianto rettore del seminario, n.d.r.), \u00e8 una <strong>dilatazione dell&#8217;umanit\u00e0 di Ges\u00f9<\/strong>. Se c&#8217;\u00e8 il radicamento in Cristo, perfino le botte che prendi dai fratelli non spaccano la comunione. Diviene una comunione crocifissa, ma feconda, come \u00e8 stata la vita di Rosmini: un uomo crocifisso dalla sua stessa Chiesa, divenuto Vangelo vivo&#8221;.<\/p>\n<p>La giornata, pur segnata da pioggia e temperatura rigida, \u00e8 proseguita con il pranzo comunitario e con un fraterno confronto pomeridiano, per rinnovare nella condivisione e nello spirito di comunione , nonostante l&#8217;et\u00e0 e le gambe che talora vacillano, quell&#8217;entusiasmo che continua ad aprire pagine nuove nelle ricche biografie dei tanti trentini, testimoni del Vangelo nel mondo.<\/p>\n<p>FOTO ZOTTA<\/p>\n<p>Ampio servizio con le voci dei protagonisti nel prossimo numero di Vita Trentina .<\/p>\n<p>&nbsp;<\/p>\n<p>&nbsp;<\/p>\n","protected":false},"excerpt":{"rendered":"<p>Il santuario della Madonna di Senale, in alta Val di Non, appena varcato il confine tra Trentino e Alto Adige, ha fatto da cornice luned\u00ec 1\u00b0 luglio al tradizionale incontro dei missionari trentini rientrati momentaneamente<\/p>\n","protected":false},"author":3,"featured_media":15364,"comment_status":"closed","ping_status":"closed","sticky":false,"template":"","format":"standard","meta":{"footnotes":""},"categories":[1074,1151],"tags":[2038,1180],"class_list":["post-15362","post","type-post","status-publish","format-standard","has-post-thumbnail","hentry","category-notizie","category-servizio-missionario","tag-madonna-di-senale","tag-missionari"],"acf":{"seed-localization-paese-cod":"IT","seed-localization-address":"","seed-localization-citta":"Trento","seed-localization-regione-cod-istat":"04","seed-localization-citta-cod-istat":"022205","seed-localization-localita":"","seed-localization-cap":"","seed-localization-marker-visibility":false,"seed-localization-children-visibility":false,"seed-localization-kml":"","seed-localization-custom-marker":""},"yoast_head":"<!-- This site is optimized with the Yoast SEO Premium plugin v20.2.1 (Yoast SEO v22.2) - https:\/\/yoast.com\/wordpress\/plugins\/seo\/ -->\n<title>Missionari trentini pellegrini al santuario della Madonna di Senale<\/title>\n<meta name=\"description\" content=\"Missionari trentini pellegrini al santuario della Madonna di Senale. Vescovo Lauro: siete frammento della luce di Cristo\" \/>\n<meta name=\"robots\" content=\"index, follow, max-snippet:-1, max-image-preview:large, max-video-preview:-1\" \/>\n<link rel=\"canonical\" href=\"https:\/\/www.diocesitn.it\/area-testimonianza\/2024\/07\/01\/missionari-trentini-pellegrini-al-santuario-della-madonna-di-senale-vescovo-lauro-siete-frammento-della-luce-di-cristo\/\" \/>\n<meta property=\"og:locale\" content=\"it_IT\" \/>\n<meta property=\"og:type\" content=\"article\" \/>\n<meta property=\"og:title\" content=\"Missionari trentini pellegrini al santuario della Madonna di Senale. Vescovo Lauro: siete frammento della luce di Cristo\" \/>\n<meta property=\"og:description\" content=\"Missionari trentini pellegrini al santuario della Madonna di Senale. Vescovo Lauro: siete frammento della luce di Cristo\" \/>\n<meta property=\"og:url\" content=\"https:\/\/www.diocesitn.it\/area-testimonianza\/2024\/07\/01\/missionari-trentini-pellegrini-al-santuario-della-madonna-di-senale-vescovo-lauro-siete-frammento-della-luce-di-cristo\/\" \/>\n<meta property=\"og:site_name\" content=\"Testimonianza e Impegno sociale\" \/>\n<meta property=\"article:published_time\" content=\"2024-07-01T15:07:15+00:00\" \/>\n<meta property=\"article:modified_time\" content=\"2024-07-10T06:58:08+00:00\" \/>\n<meta property=\"og:image\" content=\"https:\/\/www.diocesitn.it\/area-testimonianza\/wp-content\/uploads\/sites\/37\/2024\/07\/sENALE_1LUG24_1.jpg\" \/>\n\t<meta property=\"og:image:width\" content=\"1959\" \/>\n\t<meta property=\"og:image:height\" content=\"1509\" \/>\n\t<meta property=\"og:image:type\" content=\"image\/jpeg\" \/>\n<meta name=\"author\" content=\"Piergiorgio Franceschini\" \/>\n<meta name=\"twitter:card\" content=\"summary_large_image\" \/>\n<meta name=\"twitter:label1\" content=\"Scritto da\" \/>\n\t<meta name=\"twitter:data1\" content=\"Piergiorgio Franceschini\" \/>\n\t<meta name=\"twitter:label2\" content=\"Tempo di lettura stimato\" \/>\n\t<meta name=\"twitter:data2\" content=\"4 minuti\" \/>\n<script type=\"application\/ld+json\" class=\"yoast-schema-graph\">{\"@context\":\"https:\/\/schema.org\",\"@graph\":[{\"@type\":\"Article\",\"@id\":\"https:\/\/www.diocesitn.it\/area-testimonianza\/2024\/07\/01\/missionari-trentini-pellegrini-al-santuario-della-madonna-di-senale-vescovo-lauro-siete-frammento-della-luce-di-cristo\/#article\",\"isPartOf\":{\"@id\":\"https:\/\/www.diocesitn.it\/area-testimonianza\/2024\/07\/01\/missionari-trentini-pellegrini-al-santuario-della-madonna-di-senale-vescovo-lauro-siete-frammento-della-luce-di-cristo\/\"},\"author\":{\"name\":\"Piergiorgio Franceschini\",\"@id\":\"https:\/\/www.diocesitn.it\/area-testimonianza\/#\/schema\/person\/99590c84577873a025247b6aeb16ad2e\"},\"headline\":\"Missionari trentini pellegrini al santuario della Madonna di Senale. Vescovo Lauro: siete frammento della luce di Cristo\",\"datePublished\":\"2024-07-01T15:07:15+00:00\",\"dateModified\":\"2024-07-10T06:58:08+00:00\",\"mainEntityOfPage\":{\"@id\":\"https:\/\/www.diocesitn.it\/area-testimonianza\/2024\/07\/01\/missionari-trentini-pellegrini-al-santuario-della-madonna-di-senale-vescovo-lauro-siete-frammento-della-luce-di-cristo\/\"},\"wordCount\":618,\"publisher\":{\"@id\":\"https:\/\/www.diocesitn.it\/area-testimonianza\/#organization\"},\"image\":{\"@id\":\"https:\/\/www.diocesitn.it\/area-testimonianza\/2024\/07\/01\/missionari-trentini-pellegrini-al-santuario-della-madonna-di-senale-vescovo-lauro-siete-frammento-della-luce-di-cristo\/#primaryimage\"},\"thumbnailUrl\":\"https:\/\/www.diocesitn.it\/area-testimonianza\/wp-content\/uploads\/sites\/37\/2024\/07\/sENALE_1LUG24_1.jpg\",\"keywords\":[\"madonna di senale\",\"missionari\"],\"articleSection\":[\"Notizie\",\"Pastorale Missionaria\"],\"inLanguage\":\"it-IT\",\"copyrightYear\":\"2024\",\"copyrightHolder\":{\"@id\":\"https:\/\/www.diocesitn.it\/#organization\"}},{\"@type\":\"WebPage\",\"@id\":\"https:\/\/www.diocesitn.it\/area-testimonianza\/2024\/07\/01\/missionari-trentini-pellegrini-al-santuario-della-madonna-di-senale-vescovo-lauro-siete-frammento-della-luce-di-cristo\/\",\"url\":\"https:\/\/www.diocesitn.it\/area-testimonianza\/2024\/07\/01\/missionari-trentini-pellegrini-al-santuario-della-madonna-di-senale-vescovo-lauro-siete-frammento-della-luce-di-cristo\/\",\"name\":\"Missionari trentini pellegrini al santuario della Madonna di Senale\",\"isPartOf\":{\"@id\":\"https:\/\/www.diocesitn.it\/area-testimonianza\/#website\"},\"primaryImageOfPage\":{\"@id\":\"https:\/\/www.diocesitn.it\/area-testimonianza\/2024\/07\/01\/missionari-trentini-pellegrini-al-santuario-della-madonna-di-senale-vescovo-lauro-siete-frammento-della-luce-di-cristo\/#primaryimage\"},\"image\":{\"@id\":\"https:\/\/www.diocesitn.it\/area-testimonianza\/2024\/07\/01\/missionari-trentini-pellegrini-al-santuario-della-madonna-di-senale-vescovo-lauro-siete-frammento-della-luce-di-cristo\/#primaryimage\"},\"thumbnailUrl\":\"https:\/\/www.diocesitn.it\/area-testimonianza\/wp-content\/uploads\/sites\/37\/2024\/07\/sENALE_1LUG24_1.jpg\",\"datePublished\":\"2024-07-01T15:07:15+00:00\",\"dateModified\":\"2024-07-10T06:58:08+00:00\",\"description\":\"Missionari trentini pellegrini al santuario della Madonna di Senale. Vescovo Lauro: siete frammento della luce di Cristo\",\"breadcrumb\":{\"@id\":\"https:\/\/www.diocesitn.it\/area-testimonianza\/2024\/07\/01\/missionari-trentini-pellegrini-al-santuario-della-madonna-di-senale-vescovo-lauro-siete-frammento-della-luce-di-cristo\/#breadcrumb\"},\"inLanguage\":\"it-IT\",\"potentialAction\":[{\"@type\":\"ReadAction\",\"target\":[\"https:\/\/www.diocesitn.it\/area-testimonianza\/2024\/07\/01\/missionari-trentini-pellegrini-al-santuario-della-madonna-di-senale-vescovo-lauro-siete-frammento-della-luce-di-cristo\/\"]}]},{\"@type\":\"ImageObject\",\"inLanguage\":\"it-IT\",\"@id\":\"https:\/\/www.diocesitn.it\/area-testimonianza\/2024\/07\/01\/missionari-trentini-pellegrini-al-santuario-della-madonna-di-senale-vescovo-lauro-siete-frammento-della-luce-di-cristo\/#primaryimage\",\"url\":\"https:\/\/www.diocesitn.it\/area-testimonianza\/wp-content\/uploads\/sites\/37\/2024\/07\/sENALE_1LUG24_1.jpg\",\"contentUrl\":\"https:\/\/www.diocesitn.it\/area-testimonianza\/wp-content\/uploads\/sites\/37\/2024\/07\/sENALE_1LUG24_1.jpg\",\"width\":1959,\"height\":1509},{\"@type\":\"BreadcrumbList\",\"@id\":\"https:\/\/www.diocesitn.it\/area-testimonianza\/2024\/07\/01\/missionari-trentini-pellegrini-al-santuario-della-madonna-di-senale-vescovo-lauro-siete-frammento-della-luce-di-cristo\/#breadcrumb\",\"itemListElement\":[{\"@type\":\"ListItem\",\"position\":1,\"name\":\"Home\",\"item\":\"https:\/\/www.diocesitn.it\/area-testimonianza\/\"},{\"@type\":\"ListItem\",\"position\":2,\"name\":\"Missionari trentini pellegrini al santuario della Madonna di Senale. Vescovo Lauro: siete frammento della luce di Cristo\"}]},{\"@type\":\"WebSite\",\"@id\":\"https:\/\/www.diocesitn.it\/area-testimonianza\/#website\",\"url\":\"https:\/\/www.diocesitn.it\/area-testimonianza\/\",\"name\":\"Testimonianza e Impegno sociale\",\"description\":\"Chiesa di Trento\",\"publisher\":{\"@id\":\"https:\/\/www.diocesitn.it\/area-testimonianza\/#organization\"},\"potentialAction\":[{\"@type\":\"SearchAction\",\"target\":{\"@type\":\"EntryPoint\",\"urlTemplate\":\"https:\/\/www.diocesitn.it\/area-testimonianza\/?s={search_term_string}\"},\"query-input\":\"required name=search_term_string\"}],\"inLanguage\":\"it-IT\"},{\"@type\":[\"Organization\",\"Place\"],\"@id\":\"https:\/\/www.diocesitn.it\/area-testimonianza\/#organization\",\"name\":\"Area Testimonianza e Impegno Sociale - Chiesa di Trento\",\"url\":\"https:\/\/www.diocesitn.it\/area-testimonianza\/\",\"logo\":{\"@id\":\"https:\/\/www.diocesitn.it\/area-testimonianza\/2024\/07\/01\/missionari-trentini-pellegrini-al-santuario-della-madonna-di-senale-vescovo-lauro-siete-frammento-della-luce-di-cristo\/#local-main-organization-logo\"},\"image\":{\"@id\":\"https:\/\/www.diocesitn.it\/area-testimonianza\/2024\/07\/01\/missionari-trentini-pellegrini-al-santuario-della-madonna-di-senale-vescovo-lauro-siete-frammento-della-luce-di-cristo\/#local-main-organization-logo\"},\"openingHoursSpecification\":[{\"@type\":\"OpeningHoursSpecification\",\"dayOfWeek\":[\"Monday\",\"Tuesday\",\"Wednesday\",\"Thursday\",\"Friday\",\"Saturday\",\"Sunday\"],\"opens\":\"09:00\",\"closes\":\"17:00\"}]},{\"@type\":\"ImageObject\",\"inLanguage\":\"it-IT\",\"@id\":\"https:\/\/www.diocesitn.it\/area-testimonianza\/2024\/07\/01\/missionari-trentini-pellegrini-al-santuario-della-madonna-di-senale-vescovo-lauro-siete-frammento-della-luce-di-cristo\/#local-main-organization-logo\",\"url\":\"https:\/\/www.diocesitn.it\/area-testimonianza\/wp-content\/uploads\/sites\/37\/2021\/09\/og-logo-testimonianza-e-impegno-sociale.jpg\",\"contentUrl\":\"https:\/\/www.diocesitn.it\/area-testimonianza\/wp-content\/uploads\/sites\/37\/2021\/09\/og-logo-testimonianza-e-impegno-sociale.jpg\",\"width\":1200,\"height\":630,\"caption\":\"Area Testimonianza e Impegno Sociale - Chiesa di Trento\"}]}<\/script>\n<!-- \/ Yoast SEO Premium plugin. -->","yoast_head_json":{"title":"Missionari trentini pellegrini al santuario della Madonna di Senale","description":"Missionari trentini pellegrini al santuario della Madonna di Senale. Vescovo Lauro: siete frammento della luce di Cristo","robots":{"index":"index","follow":"follow","max-snippet":"max-snippet:-1","max-image-preview":"max-image-preview:large","max-video-preview":"max-video-preview:-1"},"canonical":"https:\/\/www.diocesitn.it\/area-testimonianza\/2024\/07\/01\/missionari-trentini-pellegrini-al-santuario-della-madonna-di-senale-vescovo-lauro-siete-frammento-della-luce-di-cristo\/","og_locale":"it_IT","og_type":"article","og_title":"Missionari trentini pellegrini al santuario della Madonna di Senale. Vescovo Lauro: siete frammento della luce di Cristo","og_description":"Missionari trentini pellegrini al santuario della Madonna di Senale. Vescovo Lauro: siete frammento della luce di Cristo","og_url":"https:\/\/www.diocesitn.it\/area-testimonianza\/2024\/07\/01\/missionari-trentini-pellegrini-al-santuario-della-madonna-di-senale-vescovo-lauro-siete-frammento-della-luce-di-cristo\/","og_site_name":"Testimonianza e Impegno sociale","article_published_time":"2024-07-01T15:07:15+00:00","article_modified_time":"2024-07-10T06:58:08+00:00","og_image":[{"width":1959,"height":1509,"url":"https:\/\/www.diocesitn.it\/area-testimonianza\/wp-content\/uploads\/sites\/37\/2024\/07\/sENALE_1LUG24_1.jpg","type":"image\/jpeg"}],"author":"Piergiorgio Franceschini","twitter_card":"summary_large_image","twitter_misc":{"Scritto da":"Piergiorgio Franceschini","Tempo di lettura stimato":"4 minuti"},"schema":{"@context":"https:\/\/schema.org","@graph":[{"@type":"Article","@id":"https:\/\/www.diocesitn.it\/area-testimonianza\/2024\/07\/01\/missionari-trentini-pellegrini-al-santuario-della-madonna-di-senale-vescovo-lauro-siete-frammento-della-luce-di-cristo\/#article","isPartOf":{"@id":"https:\/\/www.diocesitn.it\/area-testimonianza\/2024\/07\/01\/missionari-trentini-pellegrini-al-santuario-della-madonna-di-senale-vescovo-lauro-siete-frammento-della-luce-di-cristo\/"},"author":{"name":"Piergiorgio Franceschini","@id":"https:\/\/www.diocesitn.it\/area-testimonianza\/#\/schema\/person\/99590c84577873a025247b6aeb16ad2e"},"headline":"Missionari trentini pellegrini al santuario della Madonna di Senale. Vescovo Lauro: siete frammento della luce di Cristo","datePublished":"2024-07-01T15:07:15+00:00","dateModified":"2024-07-10T06:58:08+00:00","mainEntityOfPage":{"@id":"https:\/\/www.diocesitn.it\/area-testimonianza\/2024\/07\/01\/missionari-trentini-pellegrini-al-santuario-della-madonna-di-senale-vescovo-lauro-siete-frammento-della-luce-di-cristo\/"},"wordCount":618,"publisher":{"@id":"https:\/\/www.diocesitn.it\/area-testimonianza\/#organization"},"image":{"@id":"https:\/\/www.diocesitn.it\/area-testimonianza\/2024\/07\/01\/missionari-trentini-pellegrini-al-santuario-della-madonna-di-senale-vescovo-lauro-siete-frammento-della-luce-di-cristo\/#primaryimage"},"thumbnailUrl":"https:\/\/www.diocesitn.it\/area-testimonianza\/wp-content\/uploads\/sites\/37\/2024\/07\/sENALE_1LUG24_1.jpg","keywords":["madonna di senale","missionari"],"articleSection":["Notizie","Pastorale Missionaria"],"inLanguage":"it-IT","copyrightYear":"2024","copyrightHolder":{"@id":"https:\/\/www.diocesitn.it\/#organization"}},{"@type":"WebPage","@id":"https:\/\/www.diocesitn.it\/area-testimonianza\/2024\/07\/01\/missionari-trentini-pellegrini-al-santuario-della-madonna-di-senale-vescovo-lauro-siete-frammento-della-luce-di-cristo\/","url":"https:\/\/www.diocesitn.it\/area-testimonianza\/2024\/07\/01\/missionari-trentini-pellegrini-al-santuario-della-madonna-di-senale-vescovo-lauro-siete-frammento-della-luce-di-cristo\/","name":"Missionari trentini pellegrini al santuario della Madonna di Senale","isPartOf":{"@id":"https:\/\/www.diocesitn.it\/area-testimonianza\/#website"},"primaryImageOfPage":{"@id":"https:\/\/www.diocesitn.it\/area-testimonianza\/2024\/07\/01\/missionari-trentini-pellegrini-al-santuario-della-madonna-di-senale-vescovo-lauro-siete-frammento-della-luce-di-cristo\/#primaryimage"},"image":{"@id":"https:\/\/www.diocesitn.it\/area-testimonianza\/2024\/07\/01\/missionari-trentini-pellegrini-al-santuario-della-madonna-di-senale-vescovo-lauro-siete-frammento-della-luce-di-cristo\/#primaryimage"},"thumbnailUrl":"https:\/\/www.diocesitn.it\/area-testimonianza\/wp-content\/uploads\/sites\/37\/2024\/07\/sENALE_1LUG24_1.jpg","datePublished":"2024-07-01T15:07:15+00:00","dateModified":"2024-07-10T06:58:08+00:00","description":"Missionari trentini pellegrini al santuario della Madonna di Senale. Vescovo Lauro: siete frammento della luce di Cristo","breadcrumb":{"@id":"https:\/\/www.diocesitn.it\/area-testimonianza\/2024\/07\/01\/missionari-trentini-pellegrini-al-santuario-della-madonna-di-senale-vescovo-lauro-siete-frammento-della-luce-di-cristo\/#breadcrumb"},"inLanguage":"it-IT","potentialAction":[{"@type":"ReadAction","target":["https:\/\/www.diocesitn.it\/area-testimonianza\/2024\/07\/01\/missionari-trentini-pellegrini-al-santuario-della-madonna-di-senale-vescovo-lauro-siete-frammento-della-luce-di-cristo\/"]}]},{"@type":"ImageObject","inLanguage":"it-IT","@id":"https:\/\/www.diocesitn.it\/area-testimonianza\/2024\/07\/01\/missionari-trentini-pellegrini-al-santuario-della-madonna-di-senale-vescovo-lauro-siete-frammento-della-luce-di-cristo\/#primaryimage","url":"https:\/\/www.diocesitn.it\/area-testimonianza\/wp-content\/uploads\/sites\/37\/2024\/07\/sENALE_1LUG24_1.jpg","contentUrl":"https:\/\/www.diocesitn.it\/area-testimonianza\/wp-content\/uploads\/sites\/37\/2024\/07\/sENALE_1LUG24_1.jpg","width":1959,"height":1509},{"@type":"BreadcrumbList","@id":"https:\/\/www.diocesitn.it\/area-testimonianza\/2024\/07\/01\/missionari-trentini-pellegrini-al-santuario-della-madonna-di-senale-vescovo-lauro-siete-frammento-della-luce-di-cristo\/#breadcrumb","itemListElement":[{"@type":"ListItem","position":1,"name":"Home","item":"https:\/\/www.diocesitn.it\/area-testimonianza\/"},{"@type":"ListItem","position":2,"name":"Missionari trentini pellegrini al santuario della Madonna di Senale. Vescovo Lauro: siete frammento della luce di Cristo"}]},{"@type":"WebSite","@id":"https:\/\/www.diocesitn.it\/area-testimonianza\/#website","url":"https:\/\/www.diocesitn.it\/area-testimonianza\/","name":"Testimonianza e Impegno sociale","description":"Chiesa di Trento","publisher":{"@id":"https:\/\/www.diocesitn.it\/area-testimonianza\/#organization"},"potentialAction":[{"@type":"SearchAction","target":{"@type":"EntryPoint","urlTemplate":"https:\/\/www.diocesitn.it\/area-testimonianza\/?s={search_term_string}"},"query-input":"required name=search_term_string"}],"inLanguage":"it-IT"},{"@type":["Organization","Place"],"@id":"https:\/\/www.diocesitn.it\/area-testimonianza\/#organization","name":"Area Testimonianza e Impegno Sociale - Chiesa di Trento","url":"https:\/\/www.diocesitn.it\/area-testimonianza\/","logo":{"@id":"https:\/\/www.diocesitn.it\/area-testimonianza\/2024\/07\/01\/missionari-trentini-pellegrini-al-santuario-della-madonna-di-senale-vescovo-lauro-siete-frammento-della-luce-di-cristo\/#local-main-organization-logo"},"image":{"@id":"https:\/\/www.diocesitn.it\/area-testimonianza\/2024\/07\/01\/missionari-trentini-pellegrini-al-santuario-della-madonna-di-senale-vescovo-lauro-siete-frammento-della-luce-di-cristo\/#local-main-organization-logo"},"openingHoursSpecification":[{"@type":"OpeningHoursSpecification","dayOfWeek":["Monday","Tuesday","Wednesday","Thursday","Friday","Saturday","Sunday"],"opens":"09:00","closes":"17:00"}]},{"@type":"ImageObject","inLanguage":"it-IT","@id":"https:\/\/www.diocesitn.it\/area-testimonianza\/2024\/07\/01\/missionari-trentini-pellegrini-al-santuario-della-madonna-di-senale-vescovo-lauro-siete-frammento-della-luce-di-cristo\/#local-main-organization-logo","url":"https:\/\/www.diocesitn.it\/area-testimonianza\/wp-content\/uploads\/sites\/37\/2021\/09\/og-logo-testimonianza-e-impegno-sociale.jpg","contentUrl":"https:\/\/www.diocesitn.it\/area-testimonianza\/wp-content\/uploads\/sites\/37\/2021\/09\/og-logo-testimonianza-e-impegno-sociale.jpg","width":1200,"height":630,"caption":"Area Testimonianza e Impegno Sociale - Chiesa di Trento"}]}},"_links":{"self":[{"href":"https:\/\/www.diocesitn.it\/area-testimonianza\/wp-json\/wp\/v2\/posts\/15362","targetHints":{"allow":["GET"]}}],"collection":[{"href":"https:\/\/www.diocesitn.it\/area-testimonianza\/wp-json\/wp\/v2\/posts"}],"about":[{"href":"https:\/\/www.diocesitn.it\/area-testimonianza\/wp-json\/wp\/v2\/types\/post"}],"author":[{"embeddable":true,"href":"https:\/\/www.diocesitn.it\/area-testimonianza\/wp-json\/wp\/v2\/users\/3"}],"replies":[{"embeddable":true,"href":"https:\/\/www.diocesitn.it\/area-testimonianza\/wp-json\/wp\/v2\/comments?post=15362"}],"version-history":[{"count":1,"href":"https:\/\/www.diocesitn.it\/area-testimonianza\/wp-json\/wp\/v2\/posts\/15362\/revisions"}],"predecessor-version":[{"id":15365,"href":"https:\/\/www.diocesitn.it\/area-testimonianza\/wp-json\/wp\/v2\/posts\/15362\/revisions\/15365"}],"wp:featuredmedia":[{"embeddable":true,"href":"https:\/\/www.diocesitn.it\/area-testimonianza\/wp-json\/wp\/v2\/media\/15364"}],"wp:attachment":[{"href":"https:\/\/www.diocesitn.it\/area-testimonianza\/wp-json\/wp\/v2\/media?parent=15362"}],"wp:term":[{"taxonomy":"category","embeddable":true,"href":"https:\/\/www.diocesitn.it\/area-testimonianza\/wp-json\/wp\/v2\/categories?post=15362"},{"taxonomy":"post_tag","embeddable":true,"href":"https:\/\/www.diocesitn.it\/area-testimonianza\/wp-json\/wp\/v2\/tags?post=15362"}],"curies":[{"name":"wp","href":"https:\/\/api.w.org\/{rel}","templated":true}]}}