{"id":15342,"date":"2024-06-21T09:36:07","date_gmt":"2024-06-21T07:36:07","guid":{"rendered":"https:\/\/www.diocesitn.it\/area-testimonianza\/?p=15342"},"modified":"2025-02-20T09:42:30","modified_gmt":"2025-02-20T08:42:30","slug":"il-muro-dei-beni-comuni-della-scuola-elementare-di-tassullo-si-arricchisce-del-dono-delle-donne","status":"publish","type":"post","link":"https:\/\/www.diocesitn.it\/area-testimonianza\/2024\/06\/21\/il-muro-dei-beni-comuni-della-scuola-elementare-di-tassullo-si-arricchisce-del-dono-delle-donne\/","title":{"rendered":"Il muro dei beni comuni della Scuola Elementare di Tassullo si arricchisce del \u2018dono delle donne\u2019."},"content":{"rendered":"<p><em>Un evento fatto da Caritas attraverso un percorso a scuola e concluso con l\u2019inaugurazione di un murales.<\/em><\/p>\n<hr \/>\n<p>\u00c8 tradizione a Tassullo che ogni classe 5<sup>a <\/sup>elementare, al termine del ciclo scolastico, lasci un decoro di piastrelle sulla facciata della scuola che ricordi un particolare percorso educativo svolto. Quest\u2019anno la cerimonia di \u2018laurea\u2019 ed inaugurazione delle piastrelle si \u00e8 svolta marted\u00ec 4 giugno presso il Centro Anziani di Tassullo e a seguire nel cortile della scuola elementare. Genitori, compagni, insegnanti ed esperti convenuti alla presenza del sindaco delle Valli di Anaunia, dottor Samuel Valentini, hanno potuto assistere alla commovente presentazione fatta dai bambini di 5<sup>a <\/sup>del progetto che li ha impegnati durante tutto l\u2019anno scolastico avente come tema quest\u2019anno il valore delle donne e del femminile, spesso oscurato da stereotipi, pregiudizi e violenza.<\/p>\n<p>Il nostro Servizio di Educazione e Sensibilizzazione \u00e8 stato coinvolto in questo progetto con la richiesta da parte delle maestre di un percorso educativo ad hoc. Difatti, ormai da diversi anni proponiamo nelle scuole dalla terza media in su un percorso di sensibilizzazione su pregiudizi e violenza di genere: \u2018<em>Il sonno di Adamo\u2019<\/em>. A seguito della richiesta delle maestre di Tassullo \u00e8 nato \u2018<em>Le nuvole\u2019<\/em>, una proposta educativa sul tema del rispetto e del valore di genere coinvolgente e giocosa, tarata sulla sensibilit\u00e0 ed esperienza dei pi\u00f9 piccoli.<\/p>\n<p>Abbiamo accolto con entusiasmo e convinzione questa richiesta da parte delle docenti condividendo pienamente la necessit\u00e0 di affrontare presto le tematiche di genere data la sempre maggiore precocit\u00e0 e pericolosit\u00e0 di certe esperienze tra i pi\u00f9 giovani. Non \u00e8 difficile constatare come ogni ambito educativo lasciato scoperto, privo di <em><u>buoni maestri<\/u><\/em>, rischi fatalmente di venire occupato dai <em><u>cattivi maestri<\/u><\/em>, quali spesso i social, i coetanei immaturi e male informati, un mondo degli adulti non sempre all\u2019altezza.<\/p>\n<p>Le maestre di Tassullo hanno proseguito il progetto coinvolgendo come testimoni due atlete locali, Nadia Battocletti e Melania Corradini, rispettivamente olimpica e paralimpica, e promuovendo da parte degli alunni la ricerca di 21 personaggi femminili &#8211; uno per ciascun bambino della classe &#8211; che nei diversi campi dell\u2019arte, della scienza, dell\u2019imprenditoria, della politica, etc. \u2026 si fossero distinte.<\/p>\n<p>Infine, a tutto questo percorso \u00e8 stato \u2018dato corpo\u2019 attraverso la realizzazione di piastrelle raffiguranti un profilo femminile che reca sulla folta chioma il nome delle 21 donne scelte come ambasciatrici del valore di genere. D\u2019ora in avanti, in alto, ben in vista, sul muro della scuola campegger\u00e0 questo riconoscimento al valore delle donne. Ci auguriamo possa essere un monito per noi tutti a fare meglio, a promuovere una vera parit\u00e0 di genere, che riconosca nella \u2018pluralit\u00e0\u2019 &#8211; dei generi, ma non solo &#8211; un fatto costitutivo dell\u2019essere umano, necessario all\u2019esistenza.<\/p>\n<p>In chiusura ci siamo augurati che anche da parte degli insegnanti maschi arrivino richieste di percorsi su pregiudizi e violenza di genere. Non solo perch\u00e9 \u00e8 necessario risarcire le donne della parit\u00e0 negata lungo tutta la storia, ma anche perch\u00e9 va infine compreso il valore del femminile in s\u00e9, che appartiene anche agli uomini. Per convincersene si potrebbe guardare, viceversa, a quanto \u2018testosterone\u2019 sembri circolare negli scenari di guerra\u2026<\/p>\n<p><img loading=\"lazy\" decoding=\"async\" class=\"alignnone  wp-image-15343 aligncenter\" src=\"https:\/\/www.diocesitn.it\/area-testimonianza\/wp-content\/uploads\/sites\/37\/2024\/06\/murales-300x185.jpg\" alt=\"\" width=\"589\" height=\"363\" srcset=\"https:\/\/www.diocesitn.it\/area-testimonianza\/wp-content\/uploads\/sites\/37\/2024\/06\/murales-300x185.jpg 300w, https:\/\/www.diocesitn.it\/area-testimonianza\/wp-content\/uploads\/sites\/37\/2024\/06\/murales-360x222.jpg 360w, https:\/\/www.diocesitn.it\/area-testimonianza\/wp-content\/uploads\/sites\/37\/2024\/06\/murales.jpg 727w\" sizes=\"auto, (max-width: 589px) 100vw, 589px\" \/><\/p>\n","protected":false},"excerpt":{"rendered":"<p>Un evento fatto da Caritas attraverso un percorso a scuola e concluso con l\u2019inaugurazione di un murales. \u00c8 tradizione a Tassullo che ogni classe 5a elementare, al termine del ciclo scolastico, lasci un decoro di<\/p>\n","protected":false},"author":161,"featured_media":15343,"comment_status":"closed","ping_status":"closed","sticky":false,"template":"","format":"standard","meta":{"footnotes":""},"categories":[1059,1074],"tags":[],"class_list":["post-15342","post","type-post","status-publish","format-standard","has-post-thumbnail","hentry","category-servizio-caritas","category-notizie"],"acf":{"seed-localization-paese-cod":"IT","seed-localization-address":"","seed-localization-citta":"Trento","seed-localization-regione-cod-istat":"04","seed-localization-citta-cod-istat":"022205","seed-localization-localita":"","seed-localization-cap":"","seed-localization-marker-visibility":false,"seed-localization-children-visibility":false,"seed-localization-kml":"","seed-localization-custom-marker":""},"yoast_head":"<!-- This site is optimized with the Yoast SEO Premium plugin v20.2.1 (Yoast SEO v22.2) - https:\/\/yoast.com\/wordpress\/plugins\/seo\/ -->\n<title>Il muro dei beni comuni della Scuola Elementare di Tassullo si arricchisce del \u2018dono delle donne\u2019. - Testimonianza e Impegno sociale<\/title>\n<meta name=\"description\" content=\"Un evento fatto da Caritas attraverso un percorso a scuola e concluso con l\u2019inaugurazione di un murales\" \/>\n<meta name=\"robots\" content=\"index, follow, max-snippet:-1, max-image-preview:large, max-video-preview:-1\" \/>\n<link rel=\"canonical\" href=\"https:\/\/www.diocesitn.it\/area-testimonianza\/2024\/06\/21\/il-muro-dei-beni-comuni-della-scuola-elementare-di-tassullo-si-arricchisce-del-dono-delle-donne\/\" \/>\n<meta property=\"og:locale\" content=\"it_IT\" \/>\n<meta property=\"og:type\" content=\"article\" \/>\n<meta property=\"og:title\" content=\"Il muro dei beni comuni della Scuola Elementare di Tassullo si arricchisce del \u2018dono delle donne\u2019.\" \/>\n<meta property=\"og:description\" content=\"Un evento fatto da Caritas attraverso un percorso a scuola e concluso con l\u2019inaugurazione di un murales\" \/>\n<meta property=\"og:url\" content=\"https:\/\/www.diocesitn.it\/area-testimonianza\/2024\/06\/21\/il-muro-dei-beni-comuni-della-scuola-elementare-di-tassullo-si-arricchisce-del-dono-delle-donne\/\" \/>\n<meta property=\"og:site_name\" content=\"Testimonianza e Impegno sociale\" \/>\n<meta property=\"article:published_time\" content=\"2024-06-21T07:36:07+00:00\" \/>\n<meta property=\"article:modified_time\" content=\"2025-02-20T08:42:30+00:00\" \/>\n<meta property=\"og:image\" content=\"https:\/\/www.diocesitn.it\/area-testimonianza\/wp-content\/uploads\/sites\/37\/2024\/06\/murales.jpg\" \/>\n\t<meta property=\"og:image:width\" content=\"727\" \/>\n\t<meta property=\"og:image:height\" content=\"449\" \/>\n\t<meta property=\"og:image:type\" content=\"image\/jpeg\" \/>\n<meta name=\"author\" content=\"smaule\" \/>\n<meta name=\"twitter:card\" content=\"summary_large_image\" \/>\n<meta name=\"twitter:label1\" content=\"Scritto da\" \/>\n\t<meta name=\"twitter:data1\" content=\"smaule\" \/>\n\t<meta name=\"twitter:label2\" content=\"Tempo di lettura stimato\" \/>\n\t<meta name=\"twitter:data2\" content=\"4 minuti\" \/>\n<script type=\"application\/ld+json\" class=\"yoast-schema-graph\">{\"@context\":\"https:\/\/schema.org\",\"@graph\":[{\"@type\":\"Article\",\"@id\":\"https:\/\/www.diocesitn.it\/area-testimonianza\/2024\/06\/21\/il-muro-dei-beni-comuni-della-scuola-elementare-di-tassullo-si-arricchisce-del-dono-delle-donne\/#article\",\"isPartOf\":{\"@id\":\"https:\/\/www.diocesitn.it\/area-testimonianza\/2024\/06\/21\/il-muro-dei-beni-comuni-della-scuola-elementare-di-tassullo-si-arricchisce-del-dono-delle-donne\/\"},\"author\":{\"name\":\"smaule\",\"@id\":\"https:\/\/www.diocesitn.it\/area-testimonianza\/#\/schema\/person\/bac489aafb7f98c1ca25f76c27174a95\"},\"headline\":\"Il muro dei beni comuni della Scuola Elementare di Tassullo si arricchisce del \u2018dono delle donne\u2019.\",\"datePublished\":\"2024-06-21T07:36:07+00:00\",\"dateModified\":\"2025-02-20T08:42:30+00:00\",\"mainEntityOfPage\":{\"@id\":\"https:\/\/www.diocesitn.it\/area-testimonianza\/2024\/06\/21\/il-muro-dei-beni-comuni-della-scuola-elementare-di-tassullo-si-arricchisce-del-dono-delle-donne\/\"},\"wordCount\":529,\"publisher\":{\"@id\":\"https:\/\/www.diocesitn.it\/area-testimonianza\/#organization\"},\"image\":{\"@id\":\"https:\/\/www.diocesitn.it\/area-testimonianza\/2024\/06\/21\/il-muro-dei-beni-comuni-della-scuola-elementare-di-tassullo-si-arricchisce-del-dono-delle-donne\/#primaryimage\"},\"thumbnailUrl\":\"https:\/\/www.diocesitn.it\/area-testimonianza\/wp-content\/uploads\/sites\/37\/2024\/06\/murales.jpg\",\"articleSection\":[\"Caritas diocesana\",\"Notizie\"],\"inLanguage\":\"it-IT\",\"copyrightYear\":\"2024\",\"copyrightHolder\":{\"@id\":\"https:\/\/www.diocesitn.it\/#organization\"}},{\"@type\":\"WebPage\",\"@id\":\"https:\/\/www.diocesitn.it\/area-testimonianza\/2024\/06\/21\/il-muro-dei-beni-comuni-della-scuola-elementare-di-tassullo-si-arricchisce-del-dono-delle-donne\/\",\"url\":\"https:\/\/www.diocesitn.it\/area-testimonianza\/2024\/06\/21\/il-muro-dei-beni-comuni-della-scuola-elementare-di-tassullo-si-arricchisce-del-dono-delle-donne\/\",\"name\":\"Il muro dei beni comuni della Scuola Elementare di Tassullo si arricchisce del \u2018dono delle donne\u2019. - Testimonianza e Impegno sociale\",\"isPartOf\":{\"@id\":\"https:\/\/www.diocesitn.it\/area-testimonianza\/#website\"},\"primaryImageOfPage\":{\"@id\":\"https:\/\/www.diocesitn.it\/area-testimonianza\/2024\/06\/21\/il-muro-dei-beni-comuni-della-scuola-elementare-di-tassullo-si-arricchisce-del-dono-delle-donne\/#primaryimage\"},\"image\":{\"@id\":\"https:\/\/www.diocesitn.it\/area-testimonianza\/2024\/06\/21\/il-muro-dei-beni-comuni-della-scuola-elementare-di-tassullo-si-arricchisce-del-dono-delle-donne\/#primaryimage\"},\"thumbnailUrl\":\"https:\/\/www.diocesitn.it\/area-testimonianza\/wp-content\/uploads\/sites\/37\/2024\/06\/murales.jpg\",\"datePublished\":\"2024-06-21T07:36:07+00:00\",\"dateModified\":\"2025-02-20T08:42:30+00:00\",\"description\":\"Un evento fatto da Caritas attraverso un percorso a scuola e concluso con l\u2019inaugurazione di un murales\",\"breadcrumb\":{\"@id\":\"https:\/\/www.diocesitn.it\/area-testimonianza\/2024\/06\/21\/il-muro-dei-beni-comuni-della-scuola-elementare-di-tassullo-si-arricchisce-del-dono-delle-donne\/#breadcrumb\"},\"inLanguage\":\"it-IT\",\"potentialAction\":[{\"@type\":\"ReadAction\",\"target\":[\"https:\/\/www.diocesitn.it\/area-testimonianza\/2024\/06\/21\/il-muro-dei-beni-comuni-della-scuola-elementare-di-tassullo-si-arricchisce-del-dono-delle-donne\/\"]}]},{\"@type\":\"ImageObject\",\"inLanguage\":\"it-IT\",\"@id\":\"https:\/\/www.diocesitn.it\/area-testimonianza\/2024\/06\/21\/il-muro-dei-beni-comuni-della-scuola-elementare-di-tassullo-si-arricchisce-del-dono-delle-donne\/#primaryimage\",\"url\":\"https:\/\/www.diocesitn.it\/area-testimonianza\/wp-content\/uploads\/sites\/37\/2024\/06\/murales.jpg\",\"contentUrl\":\"https:\/\/www.diocesitn.it\/area-testimonianza\/wp-content\/uploads\/sites\/37\/2024\/06\/murales.jpg\",\"width\":727,\"height\":449},{\"@type\":\"BreadcrumbList\",\"@id\":\"https:\/\/www.diocesitn.it\/area-testimonianza\/2024\/06\/21\/il-muro-dei-beni-comuni-della-scuola-elementare-di-tassullo-si-arricchisce-del-dono-delle-donne\/#breadcrumb\",\"itemListElement\":[{\"@type\":\"ListItem\",\"position\":1,\"name\":\"Home\",\"item\":\"https:\/\/www.diocesitn.it\/area-testimonianza\/\"},{\"@type\":\"ListItem\",\"position\":2,\"name\":\"Il muro dei beni comuni della Scuola Elementare di Tassullo si arricchisce del \u2018dono delle donne\u2019.\"}]},{\"@type\":\"WebSite\",\"@id\":\"https:\/\/www.diocesitn.it\/area-testimonianza\/#website\",\"url\":\"https:\/\/www.diocesitn.it\/area-testimonianza\/\",\"name\":\"Testimonianza e Impegno sociale\",\"description\":\"Chiesa di Trento\",\"publisher\":{\"@id\":\"https:\/\/www.diocesitn.it\/area-testimonianza\/#organization\"},\"potentialAction\":[{\"@type\":\"SearchAction\",\"target\":{\"@type\":\"EntryPoint\",\"urlTemplate\":\"https:\/\/www.diocesitn.it\/area-testimonianza\/?s={search_term_string}\"},\"query-input\":\"required name=search_term_string\"}],\"inLanguage\":\"it-IT\"},{\"@type\":[\"Organization\",\"Place\"],\"@id\":\"https:\/\/www.diocesitn.it\/area-testimonianza\/#organization\",\"name\":\"Area Testimonianza e Impegno Sociale - Chiesa di Trento\",\"url\":\"https:\/\/www.diocesitn.it\/area-testimonianza\/\",\"logo\":{\"@id\":\"https:\/\/www.diocesitn.it\/area-testimonianza\/2024\/06\/21\/il-muro-dei-beni-comuni-della-scuola-elementare-di-tassullo-si-arricchisce-del-dono-delle-donne\/#local-main-organization-logo\"},\"image\":{\"@id\":\"https:\/\/www.diocesitn.it\/area-testimonianza\/2024\/06\/21\/il-muro-dei-beni-comuni-della-scuola-elementare-di-tassullo-si-arricchisce-del-dono-delle-donne\/#local-main-organization-logo\"},\"openingHoursSpecification\":[{\"@type\":\"OpeningHoursSpecification\",\"dayOfWeek\":[\"Monday\",\"Tuesday\",\"Wednesday\",\"Thursday\",\"Friday\",\"Saturday\",\"Sunday\"],\"opens\":\"09:00\",\"closes\":\"17:00\"}]},{\"@type\":\"ImageObject\",\"inLanguage\":\"it-IT\",\"@id\":\"https:\/\/www.diocesitn.it\/area-testimonianza\/2024\/06\/21\/il-muro-dei-beni-comuni-della-scuola-elementare-di-tassullo-si-arricchisce-del-dono-delle-donne\/#local-main-organization-logo\",\"url\":\"https:\/\/www.diocesitn.it\/area-testimonianza\/wp-content\/uploads\/sites\/37\/2021\/09\/og-logo-testimonianza-e-impegno-sociale.jpg\",\"contentUrl\":\"https:\/\/www.diocesitn.it\/area-testimonianza\/wp-content\/uploads\/sites\/37\/2021\/09\/og-logo-testimonianza-e-impegno-sociale.jpg\",\"width\":1200,\"height\":630,\"caption\":\"Area Testimonianza e Impegno Sociale - Chiesa di Trento\"}]}<\/script>\n<!-- \/ Yoast SEO Premium plugin. -->","yoast_head_json":{"title":"Il muro dei beni comuni della Scuola Elementare di Tassullo si arricchisce del \u2018dono delle donne\u2019. - Testimonianza e Impegno sociale","description":"Un evento fatto da Caritas attraverso un percorso a scuola e concluso con l\u2019inaugurazione di un murales","robots":{"index":"index","follow":"follow","max-snippet":"max-snippet:-1","max-image-preview":"max-image-preview:large","max-video-preview":"max-video-preview:-1"},"canonical":"https:\/\/www.diocesitn.it\/area-testimonianza\/2024\/06\/21\/il-muro-dei-beni-comuni-della-scuola-elementare-di-tassullo-si-arricchisce-del-dono-delle-donne\/","og_locale":"it_IT","og_type":"article","og_title":"Il muro dei beni comuni della Scuola Elementare di Tassullo si arricchisce del \u2018dono delle donne\u2019.","og_description":"Un evento fatto da Caritas attraverso un percorso a scuola e concluso con l\u2019inaugurazione di un murales","og_url":"https:\/\/www.diocesitn.it\/area-testimonianza\/2024\/06\/21\/il-muro-dei-beni-comuni-della-scuola-elementare-di-tassullo-si-arricchisce-del-dono-delle-donne\/","og_site_name":"Testimonianza e Impegno sociale","article_published_time":"2024-06-21T07:36:07+00:00","article_modified_time":"2025-02-20T08:42:30+00:00","og_image":[{"width":727,"height":449,"url":"https:\/\/www.diocesitn.it\/area-testimonianza\/wp-content\/uploads\/sites\/37\/2024\/06\/murales.jpg","type":"image\/jpeg"}],"author":"smaule","twitter_card":"summary_large_image","twitter_misc":{"Scritto da":"smaule","Tempo di lettura stimato":"4 minuti"},"schema":{"@context":"https:\/\/schema.org","@graph":[{"@type":"Article","@id":"https:\/\/www.diocesitn.it\/area-testimonianza\/2024\/06\/21\/il-muro-dei-beni-comuni-della-scuola-elementare-di-tassullo-si-arricchisce-del-dono-delle-donne\/#article","isPartOf":{"@id":"https:\/\/www.diocesitn.it\/area-testimonianza\/2024\/06\/21\/il-muro-dei-beni-comuni-della-scuola-elementare-di-tassullo-si-arricchisce-del-dono-delle-donne\/"},"author":{"name":"smaule","@id":"https:\/\/www.diocesitn.it\/area-testimonianza\/#\/schema\/person\/bac489aafb7f98c1ca25f76c27174a95"},"headline":"Il muro dei beni comuni della Scuola Elementare di Tassullo si arricchisce del \u2018dono delle donne\u2019.","datePublished":"2024-06-21T07:36:07+00:00","dateModified":"2025-02-20T08:42:30+00:00","mainEntityOfPage":{"@id":"https:\/\/www.diocesitn.it\/area-testimonianza\/2024\/06\/21\/il-muro-dei-beni-comuni-della-scuola-elementare-di-tassullo-si-arricchisce-del-dono-delle-donne\/"},"wordCount":529,"publisher":{"@id":"https:\/\/www.diocesitn.it\/area-testimonianza\/#organization"},"image":{"@id":"https:\/\/www.diocesitn.it\/area-testimonianza\/2024\/06\/21\/il-muro-dei-beni-comuni-della-scuola-elementare-di-tassullo-si-arricchisce-del-dono-delle-donne\/#primaryimage"},"thumbnailUrl":"https:\/\/www.diocesitn.it\/area-testimonianza\/wp-content\/uploads\/sites\/37\/2024\/06\/murales.jpg","articleSection":["Caritas diocesana","Notizie"],"inLanguage":"it-IT","copyrightYear":"2024","copyrightHolder":{"@id":"https:\/\/www.diocesitn.it\/#organization"}},{"@type":"WebPage","@id":"https:\/\/www.diocesitn.it\/area-testimonianza\/2024\/06\/21\/il-muro-dei-beni-comuni-della-scuola-elementare-di-tassullo-si-arricchisce-del-dono-delle-donne\/","url":"https:\/\/www.diocesitn.it\/area-testimonianza\/2024\/06\/21\/il-muro-dei-beni-comuni-della-scuola-elementare-di-tassullo-si-arricchisce-del-dono-delle-donne\/","name":"Il muro dei beni comuni della Scuola Elementare di Tassullo si arricchisce del \u2018dono delle donne\u2019. - Testimonianza e Impegno sociale","isPartOf":{"@id":"https:\/\/www.diocesitn.it\/area-testimonianza\/#website"},"primaryImageOfPage":{"@id":"https:\/\/www.diocesitn.it\/area-testimonianza\/2024\/06\/21\/il-muro-dei-beni-comuni-della-scuola-elementare-di-tassullo-si-arricchisce-del-dono-delle-donne\/#primaryimage"},"image":{"@id":"https:\/\/www.diocesitn.it\/area-testimonianza\/2024\/06\/21\/il-muro-dei-beni-comuni-della-scuola-elementare-di-tassullo-si-arricchisce-del-dono-delle-donne\/#primaryimage"},"thumbnailUrl":"https:\/\/www.diocesitn.it\/area-testimonianza\/wp-content\/uploads\/sites\/37\/2024\/06\/murales.jpg","datePublished":"2024-06-21T07:36:07+00:00","dateModified":"2025-02-20T08:42:30+00:00","description":"Un evento fatto da Caritas attraverso un percorso a scuola e concluso con l\u2019inaugurazione di un murales","breadcrumb":{"@id":"https:\/\/www.diocesitn.it\/area-testimonianza\/2024\/06\/21\/il-muro-dei-beni-comuni-della-scuola-elementare-di-tassullo-si-arricchisce-del-dono-delle-donne\/#breadcrumb"},"inLanguage":"it-IT","potentialAction":[{"@type":"ReadAction","target":["https:\/\/www.diocesitn.it\/area-testimonianza\/2024\/06\/21\/il-muro-dei-beni-comuni-della-scuola-elementare-di-tassullo-si-arricchisce-del-dono-delle-donne\/"]}]},{"@type":"ImageObject","inLanguage":"it-IT","@id":"https:\/\/www.diocesitn.it\/area-testimonianza\/2024\/06\/21\/il-muro-dei-beni-comuni-della-scuola-elementare-di-tassullo-si-arricchisce-del-dono-delle-donne\/#primaryimage","url":"https:\/\/www.diocesitn.it\/area-testimonianza\/wp-content\/uploads\/sites\/37\/2024\/06\/murales.jpg","contentUrl":"https:\/\/www.diocesitn.it\/area-testimonianza\/wp-content\/uploads\/sites\/37\/2024\/06\/murales.jpg","width":727,"height":449},{"@type":"BreadcrumbList","@id":"https:\/\/www.diocesitn.it\/area-testimonianza\/2024\/06\/21\/il-muro-dei-beni-comuni-della-scuola-elementare-di-tassullo-si-arricchisce-del-dono-delle-donne\/#breadcrumb","itemListElement":[{"@type":"ListItem","position":1,"name":"Home","item":"https:\/\/www.diocesitn.it\/area-testimonianza\/"},{"@type":"ListItem","position":2,"name":"Il muro dei beni comuni della Scuola Elementare di Tassullo si arricchisce del \u2018dono delle donne\u2019."}]},{"@type":"WebSite","@id":"https:\/\/www.diocesitn.it\/area-testimonianza\/#website","url":"https:\/\/www.diocesitn.it\/area-testimonianza\/","name":"Testimonianza e Impegno sociale","description":"Chiesa di Trento","publisher":{"@id":"https:\/\/www.diocesitn.it\/area-testimonianza\/#organization"},"potentialAction":[{"@type":"SearchAction","target":{"@type":"EntryPoint","urlTemplate":"https:\/\/www.diocesitn.it\/area-testimonianza\/?s={search_term_string}"},"query-input":"required name=search_term_string"}],"inLanguage":"it-IT"},{"@type":["Organization","Place"],"@id":"https:\/\/www.diocesitn.it\/area-testimonianza\/#organization","name":"Area Testimonianza e Impegno Sociale - Chiesa di Trento","url":"https:\/\/www.diocesitn.it\/area-testimonianza\/","logo":{"@id":"https:\/\/www.diocesitn.it\/area-testimonianza\/2024\/06\/21\/il-muro-dei-beni-comuni-della-scuola-elementare-di-tassullo-si-arricchisce-del-dono-delle-donne\/#local-main-organization-logo"},"image":{"@id":"https:\/\/www.diocesitn.it\/area-testimonianza\/2024\/06\/21\/il-muro-dei-beni-comuni-della-scuola-elementare-di-tassullo-si-arricchisce-del-dono-delle-donne\/#local-main-organization-logo"},"openingHoursSpecification":[{"@type":"OpeningHoursSpecification","dayOfWeek":["Monday","Tuesday","Wednesday","Thursday","Friday","Saturday","Sunday"],"opens":"09:00","closes":"17:00"}]},{"@type":"ImageObject","inLanguage":"it-IT","@id":"https:\/\/www.diocesitn.it\/area-testimonianza\/2024\/06\/21\/il-muro-dei-beni-comuni-della-scuola-elementare-di-tassullo-si-arricchisce-del-dono-delle-donne\/#local-main-organization-logo","url":"https:\/\/www.diocesitn.it\/area-testimonianza\/wp-content\/uploads\/sites\/37\/2021\/09\/og-logo-testimonianza-e-impegno-sociale.jpg","contentUrl":"https:\/\/www.diocesitn.it\/area-testimonianza\/wp-content\/uploads\/sites\/37\/2021\/09\/og-logo-testimonianza-e-impegno-sociale.jpg","width":1200,"height":630,"caption":"Area Testimonianza e Impegno Sociale - Chiesa di Trento"}]}},"_links":{"self":[{"href":"https:\/\/www.diocesitn.it\/area-testimonianza\/wp-json\/wp\/v2\/posts\/15342","targetHints":{"allow":["GET"]}}],"collection":[{"href":"https:\/\/www.diocesitn.it\/area-testimonianza\/wp-json\/wp\/v2\/posts"}],"about":[{"href":"https:\/\/www.diocesitn.it\/area-testimonianza\/wp-json\/wp\/v2\/types\/post"}],"author":[{"embeddable":true,"href":"https:\/\/www.diocesitn.it\/area-testimonianza\/wp-json\/wp\/v2\/users\/161"}],"replies":[{"embeddable":true,"href":"https:\/\/www.diocesitn.it\/area-testimonianza\/wp-json\/wp\/v2\/comments?post=15342"}],"version-history":[{"count":2,"href":"https:\/\/www.diocesitn.it\/area-testimonianza\/wp-json\/wp\/v2\/posts\/15342\/revisions"}],"predecessor-version":[{"id":15345,"href":"https:\/\/www.diocesitn.it\/area-testimonianza\/wp-json\/wp\/v2\/posts\/15342\/revisions\/15345"}],"wp:featuredmedia":[{"embeddable":true,"href":"https:\/\/www.diocesitn.it\/area-testimonianza\/wp-json\/wp\/v2\/media\/15343"}],"wp:attachment":[{"href":"https:\/\/www.diocesitn.it\/area-testimonianza\/wp-json\/wp\/v2\/media?parent=15342"}],"wp:term":[{"taxonomy":"category","embeddable":true,"href":"https:\/\/www.diocesitn.it\/area-testimonianza\/wp-json\/wp\/v2\/categories?post=15342"},{"taxonomy":"post_tag","embeddable":true,"href":"https:\/\/www.diocesitn.it\/area-testimonianza\/wp-json\/wp\/v2\/tags?post=15342"}],"curies":[{"name":"wp","href":"https:\/\/api.w.org\/{rel}","templated":true}]}}