{"id":15333,"date":"2024-06-18T16:00:13","date_gmt":"2024-06-18T14:00:13","guid":{"rendered":"https:\/\/www.diocesitn.it\/area-testimonianza\/2024\/06\/18\/mettiamoci-in-gioco-si-presenta-anche-a-trento-il-rapporto-sui-volontari-caritas-appuntamento-al-vigilianum-giovedi-20-giugno\/"},"modified":"2025-02-20T09:42:19","modified_gmt":"2025-02-20T08:42:19","slug":"mettiamoci-in-gioco-si-presenta-anche-a-trento-il-rapporto-sui-volontari-caritas-appuntamento-al-vigilianum-giovedi-20-giugno","status":"publish","type":"post","link":"https:\/\/www.diocesitn.it\/area-testimonianza\/2024\/06\/18\/mettiamoci-in-gioco-si-presenta-anche-a-trento-il-rapporto-sui-volontari-caritas-appuntamento-al-vigilianum-giovedi-20-giugno\/","title":{"rendered":"#Mettiamoci in gioco. Si presenta anche a Trento il rapporto sui volontari Caritas. Appuntamento al Vigilianum gioved\u00ec 20 giugno"},"content":{"rendered":"<p>Sono quasi 14mila in Italia i <strong>giovani tra i 16 e i 34 anni <\/strong>che fanno volontariato in Caritas, nelle parrocchie e nei servizi diocesani, in media per pi\u00f9 di 5 ore alla settimana. S<span style=\"font-size: inherit\">ono in maggioranza di sesso femminile (70,3%) con <\/span><span style=\"font-size: inherit\">titolo di studio medio-alto e alcuni gi\u00e0 nel mondo del <\/span>lavoro. L<span style=\"font-size: inherit\">\u201983,1% si dichiara cattolico, ma solo il 38,5% ha altri impegni nella dimensione ecclesiale. Sono solo alcuni dei dati pi\u00f9 significativi del <strong>secondo Rapporto Caritas sul volontariato giovanile, dal titolo &#8220;Io sono l&#8217;altro&#8221;<\/strong>. <\/span><\/p>\n<p><span style=\"font-size: inherit\">Il Rapporto, illustrato a Roma nei giorni scorsi, sar\u00e0 presentato a Trento <strong>gioved\u00ec 20 giugno 2024 <\/strong>nell&#8217;ambito de<span style=\"color: black\">ll&#8217;evento <b>#Mettiamoci in Gioco<\/b>: al centro la ricerca generale sul volontariato in Caritas (&#8220;<b>Tutto \u00e8 possibile<\/b>&#8220;, riferita\u00a0 ogni et\u00e0) e quella pi\u00f9 specifica riguardante i giovani (il citato rapporto &#8220;<\/span><b>Io sono l\u2019altro&#8221;).\u00a0\u00a0<\/b><\/span><\/p>\n<p>L&#8217;appuntamento, destinato a tutti i volontari Caritas che operano in Trentino, sar\u00e0 alle <strong>ore 18 al Polo culturale Vigilianum <\/strong>(preceduto dalla <strong>Messa alle 17<\/strong> al <strong>Collegio Arcivescovile<\/strong>), alla presenza di <span style=\"color: black\"><strong>Walter Nanni<\/strong> del centro studi di Caritas italiana. Seguir\u00e0 un momento conviviale.<\/span><\/p>\n<p>\u201cL\u2019esperienza del volontariato in Caritas, in particolare\u201d, sottolinea il direttore di Caritas Italiana <strong>don Marco Pagniello<\/strong>, \u201cva oltre il sem\u00adplice fare: tocca l\u2019anima, invitando i giovani a guardare oltre s\u00e9 stessi per abbracciare una visione pi\u00f9 ampia di solidariet\u00e0 e fraternit\u00e0 uni\u00adversale, a partire dai pi\u00f9 poveri. In questo modo, il volontariato diventa non solo un\u2019opportunit\u00e0 di crescita personale, ma anche un mezzo per costruire una societ\u00e0 pi\u00f9 giusta e solidale\u201d.<\/p>\n<p>Il Rapporto Caritas sul volontariato \u00e8 disponibile in versione integrale su <a href=\"http:\/\/www.caritas.it\">www.caritas.it<\/a>.<\/p>\n<p>&nbsp;<\/p>\n","protected":false},"excerpt":{"rendered":"<p>Sono quasi 14mila in Italia i giovani tra i 16 e i 34 anni che fanno volontariato in Caritas, nelle parrocchie e nei servizi diocesani, in media per pi\u00f9 di 5 ore alla settimana. Sono<\/p>\n","protected":false},"author":3,"featured_media":14013,"comment_status":"closed","ping_status":"closed","sticky":false,"template":"","format":"standard","meta":{"footnotes":""},"categories":[1059,1074],"tags":[1092,2309,1428],"class_list":["post-15333","post","type-post","status-publish","format-standard","has-post-thumbnail","hentry","category-servizio-caritas","category-notizie","tag-caritas","tag-rapporto","tag-volontari"],"acf":{"seed-localization-paese-cod":"IT","seed-localization-address":"","seed-localization-citta":"Trento","seed-localization-regione-cod-istat":"04","seed-localization-citta-cod-istat":"022205","seed-localization-localita":"","seed-localization-cap":"","seed-localization-marker-visibility":false,"seed-localization-children-visibility":false,"seed-localization-kml":"","seed-localization-custom-marker":""},"yoast_head":"<!-- This site is optimized with the Yoast SEO Premium plugin v20.2.1 (Yoast SEO v22.2) - https:\/\/yoast.com\/wordpress\/plugins\/seo\/ -->\n<title>#Mettiamoci in gioco: a Trento il rapporto sui volontari Caritas<\/title>\n<meta name=\"description\" content=\"#Mettiamoci in gioco Si presenta anche a Trento il rapporto sui volontari in Caritas. Appuntamento al Vigilianum gioved\u00ec 20 giugno\" \/>\n<meta name=\"robots\" content=\"index, follow, max-snippet:-1, max-image-preview:large, max-video-preview:-1\" \/>\n<link rel=\"canonical\" href=\"https:\/\/www.diocesitn.it\/area-testimonianza\/2024\/06\/18\/mettiamoci-in-gioco-si-presenta-anche-a-trento-il-rapporto-sui-volontari-caritas-appuntamento-al-vigilianum-giovedi-20-giugno\/\" \/>\n<meta property=\"og:locale\" content=\"it_IT\" \/>\n<meta property=\"og:type\" content=\"article\" \/>\n<meta property=\"og:title\" content=\"#Mettiamoci in gioco. Si presenta anche a Trento il rapporto sui volontari Caritas. Appuntamento al Vigilianum gioved\u00ec 20 giugno\" \/>\n<meta property=\"og:description\" content=\"#Mettiamoci in gioco Si presenta anche a Trento il rapporto sui volontari in Caritas. Appuntamento al Vigilianum gioved\u00ec 20 giugno\" \/>\n<meta property=\"og:url\" content=\"https:\/\/www.diocesitn.it\/area-testimonianza\/2024\/06\/18\/mettiamoci-in-gioco-si-presenta-anche-a-trento-il-rapporto-sui-volontari-caritas-appuntamento-al-vigilianum-giovedi-20-giugno\/\" \/>\n<meta property=\"og:site_name\" content=\"Testimonianza e Impegno sociale\" \/>\n<meta property=\"article:published_time\" content=\"2024-06-18T14:00:13+00:00\" \/>\n<meta property=\"article:modified_time\" content=\"2025-02-20T08:42:19+00:00\" \/>\n<meta property=\"og:image\" content=\"https:\/\/www.diocesitn.it\/area-testimonianza\/wp-content\/uploads\/sites\/37\/2023\/11\/camminate_poveri_giudicarie_12.jpg\" \/>\n\t<meta property=\"og:image:width\" content=\"2048\" \/>\n\t<meta property=\"og:image:height\" content=\"1536\" \/>\n\t<meta property=\"og:image:type\" content=\"image\/jpeg\" \/>\n<meta name=\"author\" content=\"Piergiorgio Franceschini\" \/>\n<meta name=\"twitter:card\" content=\"summary_large_image\" \/>\n<meta name=\"twitter:label1\" content=\"Scritto da\" \/>\n\t<meta name=\"twitter:data1\" content=\"Piergiorgio Franceschini\" \/>\n\t<meta name=\"twitter:label2\" content=\"Tempo di lettura stimato\" \/>\n\t<meta name=\"twitter:data2\" content=\"2 minuti\" \/>\n<script type=\"application\/ld+json\" class=\"yoast-schema-graph\">{\"@context\":\"https:\/\/schema.org\",\"@graph\":[{\"@type\":\"Article\",\"@id\":\"https:\/\/www.diocesitn.it\/area-testimonianza\/2024\/06\/18\/mettiamoci-in-gioco-si-presenta-anche-a-trento-il-rapporto-sui-volontari-caritas-appuntamento-al-vigilianum-giovedi-20-giugno\/#article\",\"isPartOf\":{\"@id\":\"https:\/\/www.diocesitn.it\/area-testimonianza\/2024\/06\/18\/mettiamoci-in-gioco-si-presenta-anche-a-trento-il-rapporto-sui-volontari-caritas-appuntamento-al-vigilianum-giovedi-20-giugno\/\"},\"author\":{\"name\":\"Piergiorgio Franceschini\",\"@id\":\"https:\/\/www.diocesitn.it\/area-testimonianza\/#\/schema\/person\/99590c84577873a025247b6aeb16ad2e\"},\"headline\":\"#Mettiamoci in gioco. Si presenta anche a Trento il rapporto sui volontari Caritas. Appuntamento al Vigilianum gioved\u00ec 20 giugno\",\"datePublished\":\"2024-06-18T14:00:13+00:00\",\"dateModified\":\"2025-02-20T08:42:19+00:00\",\"mainEntityOfPage\":{\"@id\":\"https:\/\/www.diocesitn.it\/area-testimonianza\/2024\/06\/18\/mettiamoci-in-gioco-si-presenta-anche-a-trento-il-rapporto-sui-volontari-caritas-appuntamento-al-vigilianum-giovedi-20-giugno\/\"},\"wordCount\":276,\"publisher\":{\"@id\":\"https:\/\/www.diocesitn.it\/area-testimonianza\/#organization\"},\"image\":{\"@id\":\"https:\/\/www.diocesitn.it\/area-testimonianza\/2024\/06\/18\/mettiamoci-in-gioco-si-presenta-anche-a-trento-il-rapporto-sui-volontari-caritas-appuntamento-al-vigilianum-giovedi-20-giugno\/#primaryimage\"},\"thumbnailUrl\":\"https:\/\/www.diocesitn.it\/area-testimonianza\/wp-content\/uploads\/sites\/37\/2023\/11\/camminate_poveri_giudicarie_12.jpg\",\"keywords\":[\"Caritas\",\"rapporto\",\"volontari\"],\"articleSection\":[\"Caritas diocesana\",\"Notizie\"],\"inLanguage\":\"it-IT\",\"copyrightYear\":\"2024\",\"copyrightHolder\":{\"@id\":\"https:\/\/www.diocesitn.it\/#organization\"}},{\"@type\":\"WebPage\",\"@id\":\"https:\/\/www.diocesitn.it\/area-testimonianza\/2024\/06\/18\/mettiamoci-in-gioco-si-presenta-anche-a-trento-il-rapporto-sui-volontari-caritas-appuntamento-al-vigilianum-giovedi-20-giugno\/\",\"url\":\"https:\/\/www.diocesitn.it\/area-testimonianza\/2024\/06\/18\/mettiamoci-in-gioco-si-presenta-anche-a-trento-il-rapporto-sui-volontari-caritas-appuntamento-al-vigilianum-giovedi-20-giugno\/\",\"name\":\"#Mettiamoci in gioco: a Trento il rapporto sui volontari Caritas\",\"isPartOf\":{\"@id\":\"https:\/\/www.diocesitn.it\/area-testimonianza\/#website\"},\"primaryImageOfPage\":{\"@id\":\"https:\/\/www.diocesitn.it\/area-testimonianza\/2024\/06\/18\/mettiamoci-in-gioco-si-presenta-anche-a-trento-il-rapporto-sui-volontari-caritas-appuntamento-al-vigilianum-giovedi-20-giugno\/#primaryimage\"},\"image\":{\"@id\":\"https:\/\/www.diocesitn.it\/area-testimonianza\/2024\/06\/18\/mettiamoci-in-gioco-si-presenta-anche-a-trento-il-rapporto-sui-volontari-caritas-appuntamento-al-vigilianum-giovedi-20-giugno\/#primaryimage\"},\"thumbnailUrl\":\"https:\/\/www.diocesitn.it\/area-testimonianza\/wp-content\/uploads\/sites\/37\/2023\/11\/camminate_poveri_giudicarie_12.jpg\",\"datePublished\":\"2024-06-18T14:00:13+00:00\",\"dateModified\":\"2025-02-20T08:42:19+00:00\",\"description\":\"#Mettiamoci in gioco Si presenta anche a Trento il rapporto sui volontari in Caritas. Appuntamento al Vigilianum gioved\u00ec 20 giugno\",\"breadcrumb\":{\"@id\":\"https:\/\/www.diocesitn.it\/area-testimonianza\/2024\/06\/18\/mettiamoci-in-gioco-si-presenta-anche-a-trento-il-rapporto-sui-volontari-caritas-appuntamento-al-vigilianum-giovedi-20-giugno\/#breadcrumb\"},\"inLanguage\":\"it-IT\",\"potentialAction\":[{\"@type\":\"ReadAction\",\"target\":[\"https:\/\/www.diocesitn.it\/area-testimonianza\/2024\/06\/18\/mettiamoci-in-gioco-si-presenta-anche-a-trento-il-rapporto-sui-volontari-caritas-appuntamento-al-vigilianum-giovedi-20-giugno\/\"]}]},{\"@type\":\"ImageObject\",\"inLanguage\":\"it-IT\",\"@id\":\"https:\/\/www.diocesitn.it\/area-testimonianza\/2024\/06\/18\/mettiamoci-in-gioco-si-presenta-anche-a-trento-il-rapporto-sui-volontari-caritas-appuntamento-al-vigilianum-giovedi-20-giugno\/#primaryimage\",\"url\":\"https:\/\/www.diocesitn.it\/area-testimonianza\/wp-content\/uploads\/sites\/37\/2023\/11\/camminate_poveri_giudicarie_12.jpg\",\"contentUrl\":\"https:\/\/www.diocesitn.it\/area-testimonianza\/wp-content\/uploads\/sites\/37\/2023\/11\/camminate_poveri_giudicarie_12.jpg\",\"width\":2048,\"height\":1536},{\"@type\":\"BreadcrumbList\",\"@id\":\"https:\/\/www.diocesitn.it\/area-testimonianza\/2024\/06\/18\/mettiamoci-in-gioco-si-presenta-anche-a-trento-il-rapporto-sui-volontari-caritas-appuntamento-al-vigilianum-giovedi-20-giugno\/#breadcrumb\",\"itemListElement\":[{\"@type\":\"ListItem\",\"position\":1,\"name\":\"Home\",\"item\":\"https:\/\/www.diocesitn.it\/area-testimonianza\/\"},{\"@type\":\"ListItem\",\"position\":2,\"name\":\"#Mettiamoci in gioco. Si presenta anche a Trento il rapporto sui volontari Caritas. Appuntamento al Vigilianum gioved\u00ec 20 giugno\"}]},{\"@type\":\"WebSite\",\"@id\":\"https:\/\/www.diocesitn.it\/area-testimonianza\/#website\",\"url\":\"https:\/\/www.diocesitn.it\/area-testimonianza\/\",\"name\":\"Testimonianza e Impegno sociale\",\"description\":\"Chiesa di Trento\",\"publisher\":{\"@id\":\"https:\/\/www.diocesitn.it\/area-testimonianza\/#organization\"},\"potentialAction\":[{\"@type\":\"SearchAction\",\"target\":{\"@type\":\"EntryPoint\",\"urlTemplate\":\"https:\/\/www.diocesitn.it\/area-testimonianza\/?s={search_term_string}\"},\"query-input\":\"required name=search_term_string\"}],\"inLanguage\":\"it-IT\"},{\"@type\":[\"Organization\",\"Place\"],\"@id\":\"https:\/\/www.diocesitn.it\/area-testimonianza\/#organization\",\"name\":\"Area Testimonianza e Impegno Sociale - Chiesa di Trento\",\"url\":\"https:\/\/www.diocesitn.it\/area-testimonianza\/\",\"logo\":{\"@id\":\"https:\/\/www.diocesitn.it\/area-testimonianza\/2024\/06\/18\/mettiamoci-in-gioco-si-presenta-anche-a-trento-il-rapporto-sui-volontari-caritas-appuntamento-al-vigilianum-giovedi-20-giugno\/#local-main-organization-logo\"},\"image\":{\"@id\":\"https:\/\/www.diocesitn.it\/area-testimonianza\/2024\/06\/18\/mettiamoci-in-gioco-si-presenta-anche-a-trento-il-rapporto-sui-volontari-caritas-appuntamento-al-vigilianum-giovedi-20-giugno\/#local-main-organization-logo\"},\"openingHoursSpecification\":[{\"@type\":\"OpeningHoursSpecification\",\"dayOfWeek\":[\"Monday\",\"Tuesday\",\"Wednesday\",\"Thursday\",\"Friday\",\"Saturday\",\"Sunday\"],\"opens\":\"09:00\",\"closes\":\"17:00\"}]},{\"@type\":\"ImageObject\",\"inLanguage\":\"it-IT\",\"@id\":\"https:\/\/www.diocesitn.it\/area-testimonianza\/2024\/06\/18\/mettiamoci-in-gioco-si-presenta-anche-a-trento-il-rapporto-sui-volontari-caritas-appuntamento-al-vigilianum-giovedi-20-giugno\/#local-main-organization-logo\",\"url\":\"https:\/\/www.diocesitn.it\/area-testimonianza\/wp-content\/uploads\/sites\/37\/2021\/09\/og-logo-testimonianza-e-impegno-sociale.jpg\",\"contentUrl\":\"https:\/\/www.diocesitn.it\/area-testimonianza\/wp-content\/uploads\/sites\/37\/2021\/09\/og-logo-testimonianza-e-impegno-sociale.jpg\",\"width\":1200,\"height\":630,\"caption\":\"Area Testimonianza e Impegno Sociale - Chiesa di Trento\"}]}<\/script>\n<!-- \/ Yoast SEO Premium plugin. -->","yoast_head_json":{"title":"#Mettiamoci in gioco: a Trento il rapporto sui volontari Caritas","description":"#Mettiamoci in gioco Si presenta anche a Trento il rapporto sui volontari in Caritas. Appuntamento al Vigilianum gioved\u00ec 20 giugno","robots":{"index":"index","follow":"follow","max-snippet":"max-snippet:-1","max-image-preview":"max-image-preview:large","max-video-preview":"max-video-preview:-1"},"canonical":"https:\/\/www.diocesitn.it\/area-testimonianza\/2024\/06\/18\/mettiamoci-in-gioco-si-presenta-anche-a-trento-il-rapporto-sui-volontari-caritas-appuntamento-al-vigilianum-giovedi-20-giugno\/","og_locale":"it_IT","og_type":"article","og_title":"#Mettiamoci in gioco. Si presenta anche a Trento il rapporto sui volontari Caritas. Appuntamento al Vigilianum gioved\u00ec 20 giugno","og_description":"#Mettiamoci in gioco Si presenta anche a Trento il rapporto sui volontari in Caritas. Appuntamento al Vigilianum gioved\u00ec 20 giugno","og_url":"https:\/\/www.diocesitn.it\/area-testimonianza\/2024\/06\/18\/mettiamoci-in-gioco-si-presenta-anche-a-trento-il-rapporto-sui-volontari-caritas-appuntamento-al-vigilianum-giovedi-20-giugno\/","og_site_name":"Testimonianza e Impegno sociale","article_published_time":"2024-06-18T14:00:13+00:00","article_modified_time":"2025-02-20T08:42:19+00:00","og_image":[{"width":2048,"height":1536,"url":"https:\/\/www.diocesitn.it\/area-testimonianza\/wp-content\/uploads\/sites\/37\/2023\/11\/camminate_poveri_giudicarie_12.jpg","type":"image\/jpeg"}],"author":"Piergiorgio Franceschini","twitter_card":"summary_large_image","twitter_misc":{"Scritto da":"Piergiorgio Franceschini","Tempo di lettura stimato":"2 minuti"},"schema":{"@context":"https:\/\/schema.org","@graph":[{"@type":"Article","@id":"https:\/\/www.diocesitn.it\/area-testimonianza\/2024\/06\/18\/mettiamoci-in-gioco-si-presenta-anche-a-trento-il-rapporto-sui-volontari-caritas-appuntamento-al-vigilianum-giovedi-20-giugno\/#article","isPartOf":{"@id":"https:\/\/www.diocesitn.it\/area-testimonianza\/2024\/06\/18\/mettiamoci-in-gioco-si-presenta-anche-a-trento-il-rapporto-sui-volontari-caritas-appuntamento-al-vigilianum-giovedi-20-giugno\/"},"author":{"name":"Piergiorgio Franceschini","@id":"https:\/\/www.diocesitn.it\/area-testimonianza\/#\/schema\/person\/99590c84577873a025247b6aeb16ad2e"},"headline":"#Mettiamoci in gioco. Si presenta anche a Trento il rapporto sui volontari Caritas. Appuntamento al Vigilianum gioved\u00ec 20 giugno","datePublished":"2024-06-18T14:00:13+00:00","dateModified":"2025-02-20T08:42:19+00:00","mainEntityOfPage":{"@id":"https:\/\/www.diocesitn.it\/area-testimonianza\/2024\/06\/18\/mettiamoci-in-gioco-si-presenta-anche-a-trento-il-rapporto-sui-volontari-caritas-appuntamento-al-vigilianum-giovedi-20-giugno\/"},"wordCount":276,"publisher":{"@id":"https:\/\/www.diocesitn.it\/area-testimonianza\/#organization"},"image":{"@id":"https:\/\/www.diocesitn.it\/area-testimonianza\/2024\/06\/18\/mettiamoci-in-gioco-si-presenta-anche-a-trento-il-rapporto-sui-volontari-caritas-appuntamento-al-vigilianum-giovedi-20-giugno\/#primaryimage"},"thumbnailUrl":"https:\/\/www.diocesitn.it\/area-testimonianza\/wp-content\/uploads\/sites\/37\/2023\/11\/camminate_poveri_giudicarie_12.jpg","keywords":["Caritas","rapporto","volontari"],"articleSection":["Caritas diocesana","Notizie"],"inLanguage":"it-IT","copyrightYear":"2024","copyrightHolder":{"@id":"https:\/\/www.diocesitn.it\/#organization"}},{"@type":"WebPage","@id":"https:\/\/www.diocesitn.it\/area-testimonianza\/2024\/06\/18\/mettiamoci-in-gioco-si-presenta-anche-a-trento-il-rapporto-sui-volontari-caritas-appuntamento-al-vigilianum-giovedi-20-giugno\/","url":"https:\/\/www.diocesitn.it\/area-testimonianza\/2024\/06\/18\/mettiamoci-in-gioco-si-presenta-anche-a-trento-il-rapporto-sui-volontari-caritas-appuntamento-al-vigilianum-giovedi-20-giugno\/","name":"#Mettiamoci in gioco: a Trento il rapporto sui volontari Caritas","isPartOf":{"@id":"https:\/\/www.diocesitn.it\/area-testimonianza\/#website"},"primaryImageOfPage":{"@id":"https:\/\/www.diocesitn.it\/area-testimonianza\/2024\/06\/18\/mettiamoci-in-gioco-si-presenta-anche-a-trento-il-rapporto-sui-volontari-caritas-appuntamento-al-vigilianum-giovedi-20-giugno\/#primaryimage"},"image":{"@id":"https:\/\/www.diocesitn.it\/area-testimonianza\/2024\/06\/18\/mettiamoci-in-gioco-si-presenta-anche-a-trento-il-rapporto-sui-volontari-caritas-appuntamento-al-vigilianum-giovedi-20-giugno\/#primaryimage"},"thumbnailUrl":"https:\/\/www.diocesitn.it\/area-testimonianza\/wp-content\/uploads\/sites\/37\/2023\/11\/camminate_poveri_giudicarie_12.jpg","datePublished":"2024-06-18T14:00:13+00:00","dateModified":"2025-02-20T08:42:19+00:00","description":"#Mettiamoci in gioco Si presenta anche a Trento il rapporto sui volontari in Caritas. Appuntamento al Vigilianum gioved\u00ec 20 giugno","breadcrumb":{"@id":"https:\/\/www.diocesitn.it\/area-testimonianza\/2024\/06\/18\/mettiamoci-in-gioco-si-presenta-anche-a-trento-il-rapporto-sui-volontari-caritas-appuntamento-al-vigilianum-giovedi-20-giugno\/#breadcrumb"},"inLanguage":"it-IT","potentialAction":[{"@type":"ReadAction","target":["https:\/\/www.diocesitn.it\/area-testimonianza\/2024\/06\/18\/mettiamoci-in-gioco-si-presenta-anche-a-trento-il-rapporto-sui-volontari-caritas-appuntamento-al-vigilianum-giovedi-20-giugno\/"]}]},{"@type":"ImageObject","inLanguage":"it-IT","@id":"https:\/\/www.diocesitn.it\/area-testimonianza\/2024\/06\/18\/mettiamoci-in-gioco-si-presenta-anche-a-trento-il-rapporto-sui-volontari-caritas-appuntamento-al-vigilianum-giovedi-20-giugno\/#primaryimage","url":"https:\/\/www.diocesitn.it\/area-testimonianza\/wp-content\/uploads\/sites\/37\/2023\/11\/camminate_poveri_giudicarie_12.jpg","contentUrl":"https:\/\/www.diocesitn.it\/area-testimonianza\/wp-content\/uploads\/sites\/37\/2023\/11\/camminate_poveri_giudicarie_12.jpg","width":2048,"height":1536},{"@type":"BreadcrumbList","@id":"https:\/\/www.diocesitn.it\/area-testimonianza\/2024\/06\/18\/mettiamoci-in-gioco-si-presenta-anche-a-trento-il-rapporto-sui-volontari-caritas-appuntamento-al-vigilianum-giovedi-20-giugno\/#breadcrumb","itemListElement":[{"@type":"ListItem","position":1,"name":"Home","item":"https:\/\/www.diocesitn.it\/area-testimonianza\/"},{"@type":"ListItem","position":2,"name":"#Mettiamoci in gioco. Si presenta anche a Trento il rapporto sui volontari Caritas. Appuntamento al Vigilianum gioved\u00ec 20 giugno"}]},{"@type":"WebSite","@id":"https:\/\/www.diocesitn.it\/area-testimonianza\/#website","url":"https:\/\/www.diocesitn.it\/area-testimonianza\/","name":"Testimonianza e Impegno sociale","description":"Chiesa di Trento","publisher":{"@id":"https:\/\/www.diocesitn.it\/area-testimonianza\/#organization"},"potentialAction":[{"@type":"SearchAction","target":{"@type":"EntryPoint","urlTemplate":"https:\/\/www.diocesitn.it\/area-testimonianza\/?s={search_term_string}"},"query-input":"required name=search_term_string"}],"inLanguage":"it-IT"},{"@type":["Organization","Place"],"@id":"https:\/\/www.diocesitn.it\/area-testimonianza\/#organization","name":"Area Testimonianza e Impegno Sociale - Chiesa di Trento","url":"https:\/\/www.diocesitn.it\/area-testimonianza\/","logo":{"@id":"https:\/\/www.diocesitn.it\/area-testimonianza\/2024\/06\/18\/mettiamoci-in-gioco-si-presenta-anche-a-trento-il-rapporto-sui-volontari-caritas-appuntamento-al-vigilianum-giovedi-20-giugno\/#local-main-organization-logo"},"image":{"@id":"https:\/\/www.diocesitn.it\/area-testimonianza\/2024\/06\/18\/mettiamoci-in-gioco-si-presenta-anche-a-trento-il-rapporto-sui-volontari-caritas-appuntamento-al-vigilianum-giovedi-20-giugno\/#local-main-organization-logo"},"openingHoursSpecification":[{"@type":"OpeningHoursSpecification","dayOfWeek":["Monday","Tuesday","Wednesday","Thursday","Friday","Saturday","Sunday"],"opens":"09:00","closes":"17:00"}]},{"@type":"ImageObject","inLanguage":"it-IT","@id":"https:\/\/www.diocesitn.it\/area-testimonianza\/2024\/06\/18\/mettiamoci-in-gioco-si-presenta-anche-a-trento-il-rapporto-sui-volontari-caritas-appuntamento-al-vigilianum-giovedi-20-giugno\/#local-main-organization-logo","url":"https:\/\/www.diocesitn.it\/area-testimonianza\/wp-content\/uploads\/sites\/37\/2021\/09\/og-logo-testimonianza-e-impegno-sociale.jpg","contentUrl":"https:\/\/www.diocesitn.it\/area-testimonianza\/wp-content\/uploads\/sites\/37\/2021\/09\/og-logo-testimonianza-e-impegno-sociale.jpg","width":1200,"height":630,"caption":"Area Testimonianza e Impegno Sociale - Chiesa di Trento"}]}},"_links":{"self":[{"href":"https:\/\/www.diocesitn.it\/area-testimonianza\/wp-json\/wp\/v2\/posts\/15333","targetHints":{"allow":["GET"]}}],"collection":[{"href":"https:\/\/www.diocesitn.it\/area-testimonianza\/wp-json\/wp\/v2\/posts"}],"about":[{"href":"https:\/\/www.diocesitn.it\/area-testimonianza\/wp-json\/wp\/v2\/types\/post"}],"author":[{"embeddable":true,"href":"https:\/\/www.diocesitn.it\/area-testimonianza\/wp-json\/wp\/v2\/users\/3"}],"replies":[{"embeddable":true,"href":"https:\/\/www.diocesitn.it\/area-testimonianza\/wp-json\/wp\/v2\/comments?post=15333"}],"version-history":[{"count":1,"href":"https:\/\/www.diocesitn.it\/area-testimonianza\/wp-json\/wp\/v2\/posts\/15333\/revisions"}],"predecessor-version":[{"id":15346,"href":"https:\/\/www.diocesitn.it\/area-testimonianza\/wp-json\/wp\/v2\/posts\/15333\/revisions\/15346"}],"wp:featuredmedia":[{"embeddable":true,"href":"https:\/\/www.diocesitn.it\/area-testimonianza\/wp-json\/wp\/v2\/media\/14013"}],"wp:attachment":[{"href":"https:\/\/www.diocesitn.it\/area-testimonianza\/wp-json\/wp\/v2\/media?parent=15333"}],"wp:term":[{"taxonomy":"category","embeddable":true,"href":"https:\/\/www.diocesitn.it\/area-testimonianza\/wp-json\/wp\/v2\/categories?post=15333"},{"taxonomy":"post_tag","embeddable":true,"href":"https:\/\/www.diocesitn.it\/area-testimonianza\/wp-json\/wp\/v2\/tags?post=15333"}],"curies":[{"name":"wp","href":"https:\/\/api.w.org\/{rel}","templated":true}]}}