{"id":15330,"date":"2024-06-19T16:20:33","date_gmt":"2024-06-19T14:20:33","guid":{"rendered":"https:\/\/www.diocesitn.it\/area-testimonianza\/2024\/06\/19\/20-giugno-giornata-mondiale-del-rifugiato-unhcr-lancia-la-campagna-withrefugees-i-numeri-dellaccoglienza-in-diocesi-di-trento\/"},"modified":"2025-04-10T11:41:16","modified_gmt":"2025-04-10T09:41:16","slug":"20-giugno-giornata-mondiale-del-rifugiato-unhcr-lancia-la-campagna-withrefugees-i-numeri-dellaccoglienza-in-diocesi-di-trento","status":"publish","type":"post","link":"https:\/\/www.diocesitn.it\/area-testimonianza\/2024\/06\/19\/20-giugno-giornata-mondiale-del-rifugiato-unhcr-lancia-la-campagna-withrefugees-i-numeri-dellaccoglienza-in-diocesi-di-trento\/","title":{"rendered":"20 giugno, Giornata mondiale del rifugiato. UNHCR lancia la campagna\u00a0#WithRefugees. I numeri dell&#8217;accoglienza in Diocesi di Trento"},"content":{"rendered":"<p><strong>Gioved\u00ec 20 giugno si celebra la <a href=\"https:\/\/www.unhcr.org\/it\/notizie-storie\/comunicati-stampa\/giornata-mondiale-del-rifugiato-2024-unhcr-numero-delle-persone-in-fuga-nel-mondo-in-costante-aumento-da-13-anni\/\">Giornata Mondiale del Rifugiato<\/a><\/strong>, appuntamento annuale voluto dalle Nazioni Unite per riconoscere la forza, il coraggio e la perseveranza di milioni di persone costrette a fuggire nel mondo a causa di guerre, violenza, persecuzioni e violazioni dei diritti umani.<\/p>\n<p>Per l\u2019occasione UNHCR lancia la campagna\u00a0di solidariet\u00e0<strong>\u00a0<em>#WithRefugees<\/em><\/strong><em>,<strong>\u00a0per un mondo dove tutti i rifugiati sono benvenuti\u00a0<\/strong><\/em>perch\u00e9 &#8220;i rifugiati &#8211; spiegano i promotori &#8211; hanno bisogno del sostegno di tutti, ora pi\u00f9 che mai. Solidariet\u00e0 &#8211; aggiungono &#8211; significa lavorare insieme per un mondo che accoglie le persone rifugiate, celebrare i loro punti di forza e le loro conquiste e riflettere sulle sfide che devono affrontare&#8221;.<\/p>\n<p>La Giornata Mondiale del Rifugiato ha come obiettivo la\u00a0<strong>sensibilizzazione dell\u2019opinione pubblica sulla condizione di milioni di rifugiati e richiedenti asilo<\/strong>.<\/p>\n<h4>L&#8217;accoglienza in Diocesi di Trento: dai richiedenti asilo ai profughi afghani e ucraini<\/h4>\n<p><strong>Fondazione Caritas diocesana<\/strong> ad oggi <strong>accoglie <\/strong><span style=\"font-size: inherit\"><strong>63 richiedenti protezione internazionale<\/strong> all&#8217;interno del progetto &#8220;<\/span><strong><a style=\"font-size: inherit;background-color: #ffffff\" href=\"https:\/\/unacomunitaintera.it\/\">Una Comunit\u00e0 Intera<\/a><\/strong><span style=\"font-size: inherit\">&#8220;, sui territori di Trento, Val di Non, Vallagarina, Alto Garda e Ledro, Giudicarie. Obiettivo del progetto \u00e8 favorire forme di accoglienza &#8220;diffusa&#8221; sul territorio provinciale, consapevoli che un percorso di integrazione della persona parte innanzitutto dalla costruzione di reti sociali sul territorio. Gli <strong>alloggi sono 11<\/strong>, tra cui <strong>molte ex canoniche<\/strong> a disposizione del sistema di accoglienza provinciale fin dal 2015. Le nazionalit\u00e0 prevalenti sono <strong>Pakistan<\/strong> (82%) e <strong>Marocco<\/strong> (14%).\u00a0<\/span><\/p>\n<p>Vi sono poi <span style=\"font-size: inherit\"><strong>due famiglie afghane<\/strong> (11 persone) accolte tramite corridoio umanitario. <\/span><\/p>\n<p><span style=\"font-size: inherit\">Prosegue anche l&#8217;accoglienza da parte della Diocesi di <strong>profughi ucraini<\/strong>. Attualmente gli <strong>ospiti sono <\/strong><\/span><strong>63<\/strong> (divisi in\u00a026 nuclei familiari con 26 minori) accolti all&#8217;interno di\u00a0<strong>16 ex canoniche<\/strong>.<\/p>\n<h4>A settembre la Giornata del migrante promossa dalla Chiesa<\/h4>\n<p>La Giornata di giugno richiama anche l&#8217;<strong>appuntamento ecclesiale<\/strong> con la\u00a0 <strong>110\u00aa Giornata mondiale del migrante e del rifugiato<\/strong>, che si celebrer\u00e0 il <strong>29 settembre<\/strong>. Il Messaggio del Papa dal titolo \u201c<strong>Dio cammina con il Suo popolo<\/strong>\u201d si concentrer\u00e0 \u2013\u00a0precisa il Dicastero per il Servizio dello sviluppo umano integrale \u2013 sulla dimensione itinerante della Chiesa con uno sguardo particolare rivolto ai fratelli e alle sorelle migranti, icona contemporanea della Chiesa in cammino\u201d.<\/p>\n<p>Nella foto d&#8217;archivio (Gianni Zotta\/Vita Trentina) un gruppo di <strong>richiedenti asilo<\/strong> all&#8217;ex campo di Marco di Rovereto.<\/p>\n","protected":false},"excerpt":{"rendered":"<p>Gioved\u00ec 20 giugno si celebra la Giornata Mondiale del Rifugiato, appuntamento annuale voluto dalle Nazioni Unite per riconoscere la forza, il coraggio e la perseveranza di milioni di persone costrette a fuggire nel mondo a<\/p>\n","protected":false},"author":3,"featured_media":15331,"comment_status":"closed","ping_status":"closed","sticky":false,"template":"","format":"standard","meta":{"footnotes":""},"categories":[1074,1662],"tags":[1703],"class_list":["post-15330","post","type-post","status-publish","format-standard","has-post-thumbnail","hentry","category-notizie","category-servizio-migrazioni","tag-giornata-mondiale-migrante-e-rifugiato"],"acf":{"seed-localization-paese-cod":"IT","seed-localization-address":"","seed-localization-citta":"Trento","seed-localization-regione-cod-istat":"04","seed-localization-citta-cod-istat":"022205","seed-localization-localita":"","seed-localization-cap":"","seed-localization-marker-visibility":false,"seed-localization-children-visibility":false,"seed-localization-kml":"","seed-localization-custom-marker":""},"yoast_head":"<!-- This site is optimized with the Yoast SEO Premium plugin v20.2.1 (Yoast SEO v22.2) - https:\/\/yoast.com\/wordpress\/plugins\/seo\/ -->\n<title>20 giugno, Giornata mondiale del rifugiato<\/title>\n<meta name=\"description\" content=\"20 giugno, Giornata mondiale del rifugiato. Campagna\u00a0di solidariet\u00e0\u00a0#WithRefugees,\u00a0per un mondo dove tutti i rifugiati sono benvenuti\" \/>\n<meta name=\"robots\" content=\"index, follow, max-snippet:-1, max-image-preview:large, max-video-preview:-1\" \/>\n<link rel=\"canonical\" href=\"https:\/\/www.diocesitn.it\/area-testimonianza\/2024\/06\/19\/20-giugno-giornata-mondiale-del-rifugiato-unhcr-lancia-la-campagna-withrefugees-i-numeri-dellaccoglienza-in-diocesi-di-trento\/\" \/>\n<meta property=\"og:locale\" content=\"it_IT\" \/>\n<meta property=\"og:type\" content=\"article\" \/>\n<meta property=\"og:title\" content=\"20 giugno, Giornata mondiale del rifugiato. UNHCR lancia la campagna\u00a0#WithRefugees. I numeri dell&#039;accoglienza in Diocesi di Trento\" \/>\n<meta property=\"og:description\" content=\"20 giugno, Giornata mondiale del rifugiato. Campagna\u00a0di solidariet\u00e0\u00a0#WithRefugees,\u00a0per un mondo dove tutti i rifugiati sono benvenuti\" \/>\n<meta property=\"og:url\" content=\"https:\/\/www.diocesitn.it\/area-testimonianza\/2024\/06\/19\/20-giugno-giornata-mondiale-del-rifugiato-unhcr-lancia-la-campagna-withrefugees-i-numeri-dellaccoglienza-in-diocesi-di-trento\/\" \/>\n<meta property=\"og:site_name\" content=\"Testimonianza e Impegno sociale\" \/>\n<meta property=\"article:published_time\" content=\"2024-06-19T14:20:33+00:00\" \/>\n<meta property=\"article:modified_time\" content=\"2025-04-10T09:41:16+00:00\" \/>\n<meta property=\"og:image\" content=\"https:\/\/www.diocesitn.it\/area-testimonianza\/wp-content\/uploads\/sites\/37\/2024\/06\/richiedenti-asilo-Marco-di-Rovereto-2018-Gianni-Zotta-e1718806896252.jpg\" \/>\n\t<meta property=\"og:image:width\" content=\"900\" \/>\n\t<meta property=\"og:image:height\" content=\"708\" \/>\n\t<meta property=\"og:image:type\" content=\"image\/jpeg\" \/>\n<meta name=\"author\" content=\"Piergiorgio Franceschini\" \/>\n<meta name=\"twitter:card\" content=\"summary_large_image\" \/>\n<meta name=\"twitter:label1\" content=\"Scritto da\" \/>\n\t<meta name=\"twitter:data1\" content=\"Piergiorgio Franceschini\" \/>\n\t<meta name=\"twitter:label2\" content=\"Tempo di lettura stimato\" \/>\n\t<meta name=\"twitter:data2\" content=\"3 minuti\" \/>\n<script type=\"application\/ld+json\" class=\"yoast-schema-graph\">{\"@context\":\"https:\/\/schema.org\",\"@graph\":[{\"@type\":\"Article\",\"@id\":\"https:\/\/www.diocesitn.it\/area-testimonianza\/2024\/06\/19\/20-giugno-giornata-mondiale-del-rifugiato-unhcr-lancia-la-campagna-withrefugees-i-numeri-dellaccoglienza-in-diocesi-di-trento\/#article\",\"isPartOf\":{\"@id\":\"https:\/\/www.diocesitn.it\/area-testimonianza\/2024\/06\/19\/20-giugno-giornata-mondiale-del-rifugiato-unhcr-lancia-la-campagna-withrefugees-i-numeri-dellaccoglienza-in-diocesi-di-trento\/\"},\"author\":{\"name\":\"Piergiorgio Franceschini\",\"@id\":\"https:\/\/www.diocesitn.it\/area-testimonianza\/#\/schema\/person\/99590c84577873a025247b6aeb16ad2e\"},\"headline\":\"20 giugno, Giornata mondiale del rifugiato. UNHCR lancia la campagna\u00a0#WithRefugees. I numeri dell&#8217;accoglienza in Diocesi di Trento\",\"datePublished\":\"2024-06-19T14:20:33+00:00\",\"dateModified\":\"2025-04-10T09:41:16+00:00\",\"mainEntityOfPage\":{\"@id\":\"https:\/\/www.diocesitn.it\/area-testimonianza\/2024\/06\/19\/20-giugno-giornata-mondiale-del-rifugiato-unhcr-lancia-la-campagna-withrefugees-i-numeri-dellaccoglienza-in-diocesi-di-trento\/\"},\"wordCount\":376,\"publisher\":{\"@id\":\"https:\/\/www.diocesitn.it\/area-testimonianza\/#organization\"},\"image\":{\"@id\":\"https:\/\/www.diocesitn.it\/area-testimonianza\/2024\/06\/19\/20-giugno-giornata-mondiale-del-rifugiato-unhcr-lancia-la-campagna-withrefugees-i-numeri-dellaccoglienza-in-diocesi-di-trento\/#primaryimage\"},\"thumbnailUrl\":\"https:\/\/www.diocesitn.it\/area-testimonianza\/wp-content\/uploads\/sites\/37\/2024\/06\/richiedenti-asilo-Marco-di-Rovereto-2018-Gianni-Zotta-e1718806896252.jpg\",\"keywords\":[\"Giornata mondiale del migrante e del rifugiato\"],\"articleSection\":[\"Notizie\",\"Pastorale delle Migrazioni\"],\"inLanguage\":\"it-IT\",\"copyrightYear\":\"2024\",\"copyrightHolder\":{\"@id\":\"https:\/\/www.diocesitn.it\/#organization\"}},{\"@type\":\"WebPage\",\"@id\":\"https:\/\/www.diocesitn.it\/area-testimonianza\/2024\/06\/19\/20-giugno-giornata-mondiale-del-rifugiato-unhcr-lancia-la-campagna-withrefugees-i-numeri-dellaccoglienza-in-diocesi-di-trento\/\",\"url\":\"https:\/\/www.diocesitn.it\/area-testimonianza\/2024\/06\/19\/20-giugno-giornata-mondiale-del-rifugiato-unhcr-lancia-la-campagna-withrefugees-i-numeri-dellaccoglienza-in-diocesi-di-trento\/\",\"name\":\"20 giugno, Giornata mondiale del rifugiato\",\"isPartOf\":{\"@id\":\"https:\/\/www.diocesitn.it\/area-testimonianza\/#website\"},\"primaryImageOfPage\":{\"@id\":\"https:\/\/www.diocesitn.it\/area-testimonianza\/2024\/06\/19\/20-giugno-giornata-mondiale-del-rifugiato-unhcr-lancia-la-campagna-withrefugees-i-numeri-dellaccoglienza-in-diocesi-di-trento\/#primaryimage\"},\"image\":{\"@id\":\"https:\/\/www.diocesitn.it\/area-testimonianza\/2024\/06\/19\/20-giugno-giornata-mondiale-del-rifugiato-unhcr-lancia-la-campagna-withrefugees-i-numeri-dellaccoglienza-in-diocesi-di-trento\/#primaryimage\"},\"thumbnailUrl\":\"https:\/\/www.diocesitn.it\/area-testimonianza\/wp-content\/uploads\/sites\/37\/2024\/06\/richiedenti-asilo-Marco-di-Rovereto-2018-Gianni-Zotta-e1718806896252.jpg\",\"datePublished\":\"2024-06-19T14:20:33+00:00\",\"dateModified\":\"2025-04-10T09:41:16+00:00\",\"description\":\"20 giugno, Giornata mondiale del rifugiato. Campagna\u00a0di solidariet\u00e0\u00a0#WithRefugees,\u00a0per un mondo dove tutti i rifugiati sono benvenuti\",\"breadcrumb\":{\"@id\":\"https:\/\/www.diocesitn.it\/area-testimonianza\/2024\/06\/19\/20-giugno-giornata-mondiale-del-rifugiato-unhcr-lancia-la-campagna-withrefugees-i-numeri-dellaccoglienza-in-diocesi-di-trento\/#breadcrumb\"},\"inLanguage\":\"it-IT\",\"potentialAction\":[{\"@type\":\"ReadAction\",\"target\":[\"https:\/\/www.diocesitn.it\/area-testimonianza\/2024\/06\/19\/20-giugno-giornata-mondiale-del-rifugiato-unhcr-lancia-la-campagna-withrefugees-i-numeri-dellaccoglienza-in-diocesi-di-trento\/\"]}]},{\"@type\":\"ImageObject\",\"inLanguage\":\"it-IT\",\"@id\":\"https:\/\/www.diocesitn.it\/area-testimonianza\/2024\/06\/19\/20-giugno-giornata-mondiale-del-rifugiato-unhcr-lancia-la-campagna-withrefugees-i-numeri-dellaccoglienza-in-diocesi-di-trento\/#primaryimage\",\"url\":\"https:\/\/www.diocesitn.it\/area-testimonianza\/wp-content\/uploads\/sites\/37\/2024\/06\/richiedenti-asilo-Marco-di-Rovereto-2018-Gianni-Zotta-e1718806896252.jpg\",\"contentUrl\":\"https:\/\/www.diocesitn.it\/area-testimonianza\/wp-content\/uploads\/sites\/37\/2024\/06\/richiedenti-asilo-Marco-di-Rovereto-2018-Gianni-Zotta-e1718806896252.jpg\",\"width\":900,\"height\":708},{\"@type\":\"BreadcrumbList\",\"@id\":\"https:\/\/www.diocesitn.it\/area-testimonianza\/2024\/06\/19\/20-giugno-giornata-mondiale-del-rifugiato-unhcr-lancia-la-campagna-withrefugees-i-numeri-dellaccoglienza-in-diocesi-di-trento\/#breadcrumb\",\"itemListElement\":[{\"@type\":\"ListItem\",\"position\":1,\"name\":\"Home\",\"item\":\"https:\/\/www.diocesitn.it\/area-testimonianza\/\"},{\"@type\":\"ListItem\",\"position\":2,\"name\":\"20 giugno, Giornata mondiale del rifugiato. UNHCR lancia la campagna\u00a0#WithRefugees. I numeri dell&#8217;accoglienza in Diocesi di Trento\"}]},{\"@type\":\"WebSite\",\"@id\":\"https:\/\/www.diocesitn.it\/area-testimonianza\/#website\",\"url\":\"https:\/\/www.diocesitn.it\/area-testimonianza\/\",\"name\":\"Testimonianza e Impegno sociale\",\"description\":\"Chiesa di Trento\",\"publisher\":{\"@id\":\"https:\/\/www.diocesitn.it\/area-testimonianza\/#organization\"},\"potentialAction\":[{\"@type\":\"SearchAction\",\"target\":{\"@type\":\"EntryPoint\",\"urlTemplate\":\"https:\/\/www.diocesitn.it\/area-testimonianza\/?s={search_term_string}\"},\"query-input\":\"required name=search_term_string\"}],\"inLanguage\":\"it-IT\"},{\"@type\":[\"Organization\",\"Place\"],\"@id\":\"https:\/\/www.diocesitn.it\/area-testimonianza\/#organization\",\"name\":\"Area Testimonianza e Impegno Sociale - Chiesa di Trento\",\"url\":\"https:\/\/www.diocesitn.it\/area-testimonianza\/\",\"logo\":{\"@id\":\"https:\/\/www.diocesitn.it\/area-testimonianza\/2024\/06\/19\/20-giugno-giornata-mondiale-del-rifugiato-unhcr-lancia-la-campagna-withrefugees-i-numeri-dellaccoglienza-in-diocesi-di-trento\/#local-main-organization-logo\"},\"image\":{\"@id\":\"https:\/\/www.diocesitn.it\/area-testimonianza\/2024\/06\/19\/20-giugno-giornata-mondiale-del-rifugiato-unhcr-lancia-la-campagna-withrefugees-i-numeri-dellaccoglienza-in-diocesi-di-trento\/#local-main-organization-logo\"},\"openingHoursSpecification\":[{\"@type\":\"OpeningHoursSpecification\",\"dayOfWeek\":[\"Monday\",\"Tuesday\",\"Wednesday\",\"Thursday\",\"Friday\",\"Saturday\",\"Sunday\"],\"opens\":\"09:00\",\"closes\":\"17:00\"}]},{\"@type\":\"ImageObject\",\"inLanguage\":\"it-IT\",\"@id\":\"https:\/\/www.diocesitn.it\/area-testimonianza\/2024\/06\/19\/20-giugno-giornata-mondiale-del-rifugiato-unhcr-lancia-la-campagna-withrefugees-i-numeri-dellaccoglienza-in-diocesi-di-trento\/#local-main-organization-logo\",\"url\":\"https:\/\/www.diocesitn.it\/area-testimonianza\/wp-content\/uploads\/sites\/37\/2021\/09\/og-logo-testimonianza-e-impegno-sociale.jpg\",\"contentUrl\":\"https:\/\/www.diocesitn.it\/area-testimonianza\/wp-content\/uploads\/sites\/37\/2021\/09\/og-logo-testimonianza-e-impegno-sociale.jpg\",\"width\":1200,\"height\":630,\"caption\":\"Area Testimonianza e Impegno Sociale - Chiesa di Trento\"}]}<\/script>\n<!-- \/ Yoast SEO Premium plugin. -->","yoast_head_json":{"title":"20 giugno, Giornata mondiale del rifugiato","description":"20 giugno, Giornata mondiale del rifugiato. Campagna\u00a0di solidariet\u00e0\u00a0#WithRefugees,\u00a0per un mondo dove tutti i rifugiati sono benvenuti","robots":{"index":"index","follow":"follow","max-snippet":"max-snippet:-1","max-image-preview":"max-image-preview:large","max-video-preview":"max-video-preview:-1"},"canonical":"https:\/\/www.diocesitn.it\/area-testimonianza\/2024\/06\/19\/20-giugno-giornata-mondiale-del-rifugiato-unhcr-lancia-la-campagna-withrefugees-i-numeri-dellaccoglienza-in-diocesi-di-trento\/","og_locale":"it_IT","og_type":"article","og_title":"20 giugno, Giornata mondiale del rifugiato. UNHCR lancia la campagna\u00a0#WithRefugees. I numeri dell'accoglienza in Diocesi di Trento","og_description":"20 giugno, Giornata mondiale del rifugiato. Campagna\u00a0di solidariet\u00e0\u00a0#WithRefugees,\u00a0per un mondo dove tutti i rifugiati sono benvenuti","og_url":"https:\/\/www.diocesitn.it\/area-testimonianza\/2024\/06\/19\/20-giugno-giornata-mondiale-del-rifugiato-unhcr-lancia-la-campagna-withrefugees-i-numeri-dellaccoglienza-in-diocesi-di-trento\/","og_site_name":"Testimonianza e Impegno sociale","article_published_time":"2024-06-19T14:20:33+00:00","article_modified_time":"2025-04-10T09:41:16+00:00","og_image":[{"width":900,"height":708,"url":"https:\/\/www.diocesitn.it\/area-testimonianza\/wp-content\/uploads\/sites\/37\/2024\/06\/richiedenti-asilo-Marco-di-Rovereto-2018-Gianni-Zotta-e1718806896252.jpg","type":"image\/jpeg"}],"author":"Piergiorgio Franceschini","twitter_card":"summary_large_image","twitter_misc":{"Scritto da":"Piergiorgio Franceschini","Tempo di lettura stimato":"3 minuti"},"schema":{"@context":"https:\/\/schema.org","@graph":[{"@type":"Article","@id":"https:\/\/www.diocesitn.it\/area-testimonianza\/2024\/06\/19\/20-giugno-giornata-mondiale-del-rifugiato-unhcr-lancia-la-campagna-withrefugees-i-numeri-dellaccoglienza-in-diocesi-di-trento\/#article","isPartOf":{"@id":"https:\/\/www.diocesitn.it\/area-testimonianza\/2024\/06\/19\/20-giugno-giornata-mondiale-del-rifugiato-unhcr-lancia-la-campagna-withrefugees-i-numeri-dellaccoglienza-in-diocesi-di-trento\/"},"author":{"name":"Piergiorgio Franceschini","@id":"https:\/\/www.diocesitn.it\/area-testimonianza\/#\/schema\/person\/99590c84577873a025247b6aeb16ad2e"},"headline":"20 giugno, Giornata mondiale del rifugiato. UNHCR lancia la campagna\u00a0#WithRefugees. I numeri dell&#8217;accoglienza in Diocesi di Trento","datePublished":"2024-06-19T14:20:33+00:00","dateModified":"2025-04-10T09:41:16+00:00","mainEntityOfPage":{"@id":"https:\/\/www.diocesitn.it\/area-testimonianza\/2024\/06\/19\/20-giugno-giornata-mondiale-del-rifugiato-unhcr-lancia-la-campagna-withrefugees-i-numeri-dellaccoglienza-in-diocesi-di-trento\/"},"wordCount":376,"publisher":{"@id":"https:\/\/www.diocesitn.it\/area-testimonianza\/#organization"},"image":{"@id":"https:\/\/www.diocesitn.it\/area-testimonianza\/2024\/06\/19\/20-giugno-giornata-mondiale-del-rifugiato-unhcr-lancia-la-campagna-withrefugees-i-numeri-dellaccoglienza-in-diocesi-di-trento\/#primaryimage"},"thumbnailUrl":"https:\/\/www.diocesitn.it\/area-testimonianza\/wp-content\/uploads\/sites\/37\/2024\/06\/richiedenti-asilo-Marco-di-Rovereto-2018-Gianni-Zotta-e1718806896252.jpg","keywords":["Giornata mondiale del migrante e del rifugiato"],"articleSection":["Notizie","Pastorale delle Migrazioni"],"inLanguage":"it-IT","copyrightYear":"2024","copyrightHolder":{"@id":"https:\/\/www.diocesitn.it\/#organization"}},{"@type":"WebPage","@id":"https:\/\/www.diocesitn.it\/area-testimonianza\/2024\/06\/19\/20-giugno-giornata-mondiale-del-rifugiato-unhcr-lancia-la-campagna-withrefugees-i-numeri-dellaccoglienza-in-diocesi-di-trento\/","url":"https:\/\/www.diocesitn.it\/area-testimonianza\/2024\/06\/19\/20-giugno-giornata-mondiale-del-rifugiato-unhcr-lancia-la-campagna-withrefugees-i-numeri-dellaccoglienza-in-diocesi-di-trento\/","name":"20 giugno, Giornata mondiale del rifugiato","isPartOf":{"@id":"https:\/\/www.diocesitn.it\/area-testimonianza\/#website"},"primaryImageOfPage":{"@id":"https:\/\/www.diocesitn.it\/area-testimonianza\/2024\/06\/19\/20-giugno-giornata-mondiale-del-rifugiato-unhcr-lancia-la-campagna-withrefugees-i-numeri-dellaccoglienza-in-diocesi-di-trento\/#primaryimage"},"image":{"@id":"https:\/\/www.diocesitn.it\/area-testimonianza\/2024\/06\/19\/20-giugno-giornata-mondiale-del-rifugiato-unhcr-lancia-la-campagna-withrefugees-i-numeri-dellaccoglienza-in-diocesi-di-trento\/#primaryimage"},"thumbnailUrl":"https:\/\/www.diocesitn.it\/area-testimonianza\/wp-content\/uploads\/sites\/37\/2024\/06\/richiedenti-asilo-Marco-di-Rovereto-2018-Gianni-Zotta-e1718806896252.jpg","datePublished":"2024-06-19T14:20:33+00:00","dateModified":"2025-04-10T09:41:16+00:00","description":"20 giugno, Giornata mondiale del rifugiato. Campagna\u00a0di solidariet\u00e0\u00a0#WithRefugees,\u00a0per un mondo dove tutti i rifugiati sono benvenuti","breadcrumb":{"@id":"https:\/\/www.diocesitn.it\/area-testimonianza\/2024\/06\/19\/20-giugno-giornata-mondiale-del-rifugiato-unhcr-lancia-la-campagna-withrefugees-i-numeri-dellaccoglienza-in-diocesi-di-trento\/#breadcrumb"},"inLanguage":"it-IT","potentialAction":[{"@type":"ReadAction","target":["https:\/\/www.diocesitn.it\/area-testimonianza\/2024\/06\/19\/20-giugno-giornata-mondiale-del-rifugiato-unhcr-lancia-la-campagna-withrefugees-i-numeri-dellaccoglienza-in-diocesi-di-trento\/"]}]},{"@type":"ImageObject","inLanguage":"it-IT","@id":"https:\/\/www.diocesitn.it\/area-testimonianza\/2024\/06\/19\/20-giugno-giornata-mondiale-del-rifugiato-unhcr-lancia-la-campagna-withrefugees-i-numeri-dellaccoglienza-in-diocesi-di-trento\/#primaryimage","url":"https:\/\/www.diocesitn.it\/area-testimonianza\/wp-content\/uploads\/sites\/37\/2024\/06\/richiedenti-asilo-Marco-di-Rovereto-2018-Gianni-Zotta-e1718806896252.jpg","contentUrl":"https:\/\/www.diocesitn.it\/area-testimonianza\/wp-content\/uploads\/sites\/37\/2024\/06\/richiedenti-asilo-Marco-di-Rovereto-2018-Gianni-Zotta-e1718806896252.jpg","width":900,"height":708},{"@type":"BreadcrumbList","@id":"https:\/\/www.diocesitn.it\/area-testimonianza\/2024\/06\/19\/20-giugno-giornata-mondiale-del-rifugiato-unhcr-lancia-la-campagna-withrefugees-i-numeri-dellaccoglienza-in-diocesi-di-trento\/#breadcrumb","itemListElement":[{"@type":"ListItem","position":1,"name":"Home","item":"https:\/\/www.diocesitn.it\/area-testimonianza\/"},{"@type":"ListItem","position":2,"name":"20 giugno, Giornata mondiale del rifugiato. UNHCR lancia la campagna\u00a0#WithRefugees. I numeri dell&#8217;accoglienza in Diocesi di Trento"}]},{"@type":"WebSite","@id":"https:\/\/www.diocesitn.it\/area-testimonianza\/#website","url":"https:\/\/www.diocesitn.it\/area-testimonianza\/","name":"Testimonianza e Impegno sociale","description":"Chiesa di Trento","publisher":{"@id":"https:\/\/www.diocesitn.it\/area-testimonianza\/#organization"},"potentialAction":[{"@type":"SearchAction","target":{"@type":"EntryPoint","urlTemplate":"https:\/\/www.diocesitn.it\/area-testimonianza\/?s={search_term_string}"},"query-input":"required name=search_term_string"}],"inLanguage":"it-IT"},{"@type":["Organization","Place"],"@id":"https:\/\/www.diocesitn.it\/area-testimonianza\/#organization","name":"Area Testimonianza e Impegno Sociale - Chiesa di Trento","url":"https:\/\/www.diocesitn.it\/area-testimonianza\/","logo":{"@id":"https:\/\/www.diocesitn.it\/area-testimonianza\/2024\/06\/19\/20-giugno-giornata-mondiale-del-rifugiato-unhcr-lancia-la-campagna-withrefugees-i-numeri-dellaccoglienza-in-diocesi-di-trento\/#local-main-organization-logo"},"image":{"@id":"https:\/\/www.diocesitn.it\/area-testimonianza\/2024\/06\/19\/20-giugno-giornata-mondiale-del-rifugiato-unhcr-lancia-la-campagna-withrefugees-i-numeri-dellaccoglienza-in-diocesi-di-trento\/#local-main-organization-logo"},"openingHoursSpecification":[{"@type":"OpeningHoursSpecification","dayOfWeek":["Monday","Tuesday","Wednesday","Thursday","Friday","Saturday","Sunday"],"opens":"09:00","closes":"17:00"}]},{"@type":"ImageObject","inLanguage":"it-IT","@id":"https:\/\/www.diocesitn.it\/area-testimonianza\/2024\/06\/19\/20-giugno-giornata-mondiale-del-rifugiato-unhcr-lancia-la-campagna-withrefugees-i-numeri-dellaccoglienza-in-diocesi-di-trento\/#local-main-organization-logo","url":"https:\/\/www.diocesitn.it\/area-testimonianza\/wp-content\/uploads\/sites\/37\/2021\/09\/og-logo-testimonianza-e-impegno-sociale.jpg","contentUrl":"https:\/\/www.diocesitn.it\/area-testimonianza\/wp-content\/uploads\/sites\/37\/2021\/09\/og-logo-testimonianza-e-impegno-sociale.jpg","width":1200,"height":630,"caption":"Area Testimonianza e Impegno Sociale - Chiesa di Trento"}]}},"_links":{"self":[{"href":"https:\/\/www.diocesitn.it\/area-testimonianza\/wp-json\/wp\/v2\/posts\/15330","targetHints":{"allow":["GET"]}}],"collection":[{"href":"https:\/\/www.diocesitn.it\/area-testimonianza\/wp-json\/wp\/v2\/posts"}],"about":[{"href":"https:\/\/www.diocesitn.it\/area-testimonianza\/wp-json\/wp\/v2\/types\/post"}],"author":[{"embeddable":true,"href":"https:\/\/www.diocesitn.it\/area-testimonianza\/wp-json\/wp\/v2\/users\/3"}],"replies":[{"embeddable":true,"href":"https:\/\/www.diocesitn.it\/area-testimonianza\/wp-json\/wp\/v2\/comments?post=15330"}],"version-history":[{"count":1,"href":"https:\/\/www.diocesitn.it\/area-testimonianza\/wp-json\/wp\/v2\/posts\/15330\/revisions"}],"predecessor-version":[{"id":15335,"href":"https:\/\/www.diocesitn.it\/area-testimonianza\/wp-json\/wp\/v2\/posts\/15330\/revisions\/15335"}],"wp:featuredmedia":[{"embeddable":true,"href":"https:\/\/www.diocesitn.it\/area-testimonianza\/wp-json\/wp\/v2\/media\/15331"}],"wp:attachment":[{"href":"https:\/\/www.diocesitn.it\/area-testimonianza\/wp-json\/wp\/v2\/media?parent=15330"}],"wp:term":[{"taxonomy":"category","embeddable":true,"href":"https:\/\/www.diocesitn.it\/area-testimonianza\/wp-json\/wp\/v2\/categories?post=15330"},{"taxonomy":"post_tag","embeddable":true,"href":"https:\/\/www.diocesitn.it\/area-testimonianza\/wp-json\/wp\/v2\/tags?post=15330"}],"curies":[{"name":"wp","href":"https:\/\/api.w.org\/{rel}","templated":true}]}}