{"id":15298,"date":"2024-06-17T12:54:24","date_gmt":"2024-06-17T10:54:24","guid":{"rendered":"https:\/\/www.diocesitn.it\/area-testimonianza\/2024\/06\/17\/al-santuario-di-pine-partecipato-pellegrinaggio-diocesano-con-la-benedizione-dei-malati-vescovo-lauro-maria-ci-insegni-a-scrutare-nei-volti-dei-fratelli-il-regno-che-viene\/"},"modified":"2024-06-21T09:39:39","modified_gmt":"2024-06-21T07:39:39","slug":"al-santuario-di-pine-partecipato-pellegrinaggio-diocesano-con-la-benedizione-dei-malati-vescovo-lauro-maria-ci-insegni-a-scrutare-nei-volti-dei-fratelli-il-regno-che-viene","status":"publish","type":"post","link":"https:\/\/www.diocesitn.it\/area-testimonianza\/2024\/06\/17\/al-santuario-di-pine-partecipato-pellegrinaggio-diocesano-con-la-benedizione-dei-malati-vescovo-lauro-maria-ci-insegni-a-scrutare-nei-volti-dei-fratelli-il-regno-che-viene\/","title":{"rendered":"Al santuario di Pin\u00e8 partecipato pellegrinaggio diocesano con la benedizione dei malati. Vescovo Lauro: &#8220;Maria ci insegni a scrutare nei volti dei fratelli il Regno che viene&#8221;"},"content":{"rendered":"<p>Almeno <strong>400 fedeli<\/strong> da tutta la Diocesi, tra loro molti ammalati, sono stati protagonisti del <strong>pellegrinaggio diocesano<\/strong> a <strong>Montagnaga di Pin\u00e8<\/strong> in una soleggiata <strong>domenica 16 giugno.\u00a0<\/strong><\/p>\n<p>L&#8217;appuntamento, <span style=\"font-size: inherit\">organizzato dall\u2019<\/span><strong style=\"font-size: inherit\">Area Testimonianza e Impegno sociale<\/strong><span style=\"font-size: inherit\"> della D<\/span><span style=\"font-size: inherit\">iocesi e da <\/span><strong style=\"font-size: inherit\">Ospitalit\u00e0 Tridentina<\/strong>, ha preso le mosse di prima mattina dal <strong>Santuario <\/strong>di Montagnaga con la processione verso la conca della <strong>Comparsa. <\/strong>Qui si \u00e8 celebrata la <strong>S.<\/strong> <strong>Messa<\/strong> presieduta dal <strong>vescovo Lauro<\/strong> e concelebrata dal rettore del santuario <strong>don Piero Rattin, <\/strong>dal delegato dell&#8217;Area Testimonianza <strong>don Mauro Leonardelli<\/strong> insieme ai <strong>parroci<\/strong> e collaboratori pastorali della zona. Nel pomeriggio la recita del <strong>rosario<\/strong> e la <strong>benedizione eucaristica dei malati<\/strong>.<\/p>\n<h4>L&#8217;omelia del vescovo Lauro: &#8220;Un bicchier d&#8217;acqua e una carezza, potenza del Regno&#8221;<\/h4>\n<p>Nell&#8217;omelia,\u00a0 l&#8217;arcivescovo Lauro, commentando il Vangelo domenicale di Marco che descriveva il Regno di Dio come piccolo seme, capace di dare molto frutto, ha invitato i presenti a riconoscere un&#8217;<strong>idea spesso distorta di Dio<\/strong> come &#8220;certificatore dell\u2019etica, quello che ti dice se fai bene o se fai male&#8221;, fonte di &#8220;diffidenza quando non addirittura di paura&#8221;. In alternativa &#8211; denuncia l&#8217;Arcivescovo &#8211; si pensa a Dio come &#8220;l\u2019imputato su cui riversare tutto il male che abita nel mondo&#8221;.<\/p>\n<p>Di qui il vibrante appello di don Lauro:\u00a0&#8220;Da questo luogo chiediamo che <strong>Maria ci insegni<\/strong> che in un <strong>bicchier d\u2019acqua dato con amore<\/strong>, in una <strong>carezza nella semplicit\u00e0<\/strong>, in un <strong>sorriso regalato<\/strong> senza enfasi, in una <strong>stretta di mano<\/strong> guardando negli occhi i fratelli c\u2019\u00e8 una <strong>potenza enorme<\/strong>. Ed \u00e8 cos\u00ec che ricostruiamo il mondo, ricostruiamo la vita, ricostruiamo la Chiesa e le comunit\u00e0. Maria, non ti chiedo nient\u2019altro che questo, non ti chiedo folle, non ti chiedo numeri,\u00a0 imponenti strutture. Ti chiedo uomini e donne che, come il tuo amato Figlio, non visti da nessuno si siedono ai tanti pozzi di Sicar che sono le vite degli uomini di oggi. Regalando, come la Samaritana, la dolce beatitudine di chi sa vedere i campi che biondeggiano e di chi non si lascia piegare dalle immagini del male e sa <strong>scrutare nei volti dei fratelli il Regno che viene<\/strong>, quel Regno che cresce mentre noi dormiamo. A noi il compito di essere Chiesa viva che si fida di quel seme nuovo che \u00e8 Ges\u00f9&#8221;.<\/p>\n<h4>Don Rattin: &#8220;Rifornimento di fiducia e speranza&#8221;<\/h4>\n<p>Anche quest&#8217;anno, in nome di un&#8217;antica tradizione, alcuni gruppi di <strong>pellegrini hanno raggiunto a piedi<\/strong> il pi\u00f9 noto santuario mariano trentino, partendo anche dal Veneto e dal Tirolo. &#8220;Pin\u00e8 &#8211; riconosce il rettore don Piero Rattin &#8211; per tutti \u00e8 un po&#8217; sinonimo di una presenza materna, a cui confidare preoccupazioni personali e familiari, ma anche timori per un mondo che pare diventare sempre\u00a0 pi\u00f9 problematico. C&#8217;\u00e8 poi la dimensione del pellegrinaggio diocesano: un occasione per ritrovarsi a condividere tutti i motivi sopra ricordati. Farlo insieme \u00e8 pi\u00f9 bello. Pin\u00e8 la paragono a un&#8221;area di servizio&#8217; spirituale dove fare rifornimento di fiducia e speranza&#8221;.<\/p>\n<p>Foto di Gianni Zotta e da riprese Camillo Conci.<\/p>\n\n\n\t\t<style type='text\/css'>\n\n\t\t\t\/* PhotoSwipe Plugin *\/\n\t\t\t.psgal {\n\t\t\t\tmargin: auto;\n\t\t\t\tpadding-bottom:40px;\n\n\t\t\t\t-webkit-transition: all 0.4s ease;\n\t\t\t\t-moz-transition: all 0.4s ease;\n\t\t\t\t-o-transition: all 0.4s ease;\n\t\t\t\ttransition: all 0.4s ease;\n\t\t\t}\n\n\t\t\t.psgal figure {\n\t\t\t\tfloat: left;\n\t\t\t\ttext-align: center;\n    \t\t\twidth: 200px;\n                max-width: 50%;\n\t\t\t\tpadding:5px;\n\t\t\t\tmargin: 0px;\n\t\t\t\tbox-sizing:border-box;\n\t\t\t}\n\t\t\t.psgal a{\n\t\t\t\tdisplay:block;\n\t\t\t}\n\t\t\t.psgal figure figcaption{\n\t\t\t\tfont-size:13px;\n\t\t\t}\n\n\t\t\t.msnry{\n\t\t\t\tmargin:auto;\n\t\t\t}\n\t\t\t.pswp__caption__center{\n\t\t\t\ttext-align: center;\n\t\t\t}\n\t\t\t\n\n\t\t\t.photoswipe-gallery-caption{\n\t\t\t\tdisplay:none;\n\t\t\t}\n\n\t\t\t\n\t\t<\/style> <div style=\"clear:both\"><\/div>\n\n\t\t<div id=\"psgal_15298_1\" class=\"ps-gallery psgal gallery-columns-3 gallery-size-thumbnail\" itemscope itemtype=\"http:\/\/schema.org\/ImageGallery\" >\n\t\t\t\t<figure class=\"msnry_item\" itemscope itemtype=\"http:\/\/schema.org\/ImageObject\">\n\t\t\t\t\t<a href=\"https:\/\/www.diocesitn.it\/area-testimonianza\/wp-content\/uploads\/sites\/37\/2024\/06\/Pellegrinaggio_pine_16giu24_1-1024x768.jpg\"\n\t\t\t\t\titemprop=\"contentUrl\"\n\t\t\t\t\tdata-pswp-width=\"800\" \n\t\t\t\t    data-pswp-height=\"600\" \n\t\t\t\t    data-cropped=\"true\"\n\t\t\t\t\tdata-caption=\"\"\n\t\t\t\t\tclass=\"post-thumbnail-image-link container-fixed-aspect-ratio__16-9\">\n\t\t\t\t        <img src=https:\/\/www.diocesitn.it\/area-testimonianza\/wp-content\/uploads\/sites\/37\/2024\/06\/Pellegrinaggio_pine_16giu24_1-300x225.jpg itemprop=\"thumbnail\" alt=\"\"  \/>\n\t\t\t\t    <\/a>\n\t\t\t\t    <figcaption class=\"photoswipe-gallery-caption\" ><\/figcaption>\n\t\t\t    <\/figure>\n\t\t\t\t\n\t\t\t\t<figure class=\"msnry_item\" itemscope itemtype=\"http:\/\/schema.org\/ImageObject\">\n\t\t\t\t\t<a href=\"https:\/\/www.diocesitn.it\/area-testimonianza\/wp-content\/uploads\/sites\/37\/2024\/06\/Pellegrinaggio_pine_16giu24_4-e1718621360873.jpg\"\n\t\t\t\t\titemprop=\"contentUrl\"\n\t\t\t\t\tdata-pswp-width=\"800\" \n\t\t\t\t    data-pswp-height=\"607\" \n\t\t\t\t    data-cropped=\"true\"\n\t\t\t\t\tdata-caption=\"\"\n\t\t\t\t\tclass=\"post-thumbnail-image-link container-fixed-aspect-ratio__16-9\">\n\t\t\t\t        <img src=https:\/\/www.diocesitn.it\/area-testimonianza\/wp-content\/uploads\/sites\/37\/2024\/06\/Pellegrinaggio_pine_16giu24_4-e1718621360873-300x228.jpg itemprop=\"thumbnail\" alt=\"\"  \/>\n\t\t\t\t    <\/a>\n\t\t\t\t    <figcaption class=\"photoswipe-gallery-caption\" ><\/figcaption>\n\t\t\t    <\/figure>\n\t\t\t\t\n\t\t\t\t<figure class=\"msnry_item\" itemscope itemtype=\"http:\/\/schema.org\/ImageObject\">\n\t\t\t\t\t<a href=\"https:\/\/www.diocesitn.it\/area-testimonianza\/wp-content\/uploads\/sites\/37\/2024\/06\/Pellegrinaggio_pine_16giu24_8-e1718621425831.jpg\"\n\t\t\t\t\titemprop=\"contentUrl\"\n\t\t\t\t\tdata-pswp-width=\"800\" \n\t\t\t\t    data-pswp-height=\"467\" \n\t\t\t\t    data-cropped=\"true\"\n\t\t\t\t\tdata-caption=\"\"\n\t\t\t\t\tclass=\"post-thumbnail-image-link container-fixed-aspect-ratio__16-9\">\n\t\t\t\t        <img src=https:\/\/www.diocesitn.it\/area-testimonianza\/wp-content\/uploads\/sites\/37\/2024\/06\/Pellegrinaggio_pine_16giu24_8-e1718621425831-300x175.jpg itemprop=\"thumbnail\" alt=\"\"  \/>\n\t\t\t\t    <\/a>\n\t\t\t\t    <figcaption class=\"photoswipe-gallery-caption\" ><\/figcaption>\n\t\t\t    <\/figure>\n\t\t\t\t\n\t\t\t\t<figure class=\"msnry_item\" itemscope itemtype=\"http:\/\/schema.org\/ImageObject\">\n\t\t\t\t\t<a href=\"https:\/\/www.diocesitn.it\/area-testimonianza\/wp-content\/uploads\/sites\/37\/2024\/06\/Pellegrinaggio_pine_16giu24_2-e1718621389815.jpg\"\n\t\t\t\t\titemprop=\"contentUrl\"\n\t\t\t\t\tdata-pswp-width=\"800\" \n\t\t\t\t    data-pswp-height=\"531\" \n\t\t\t\t    data-cropped=\"true\"\n\t\t\t\t\tdata-caption=\"\"\n\t\t\t\t\tclass=\"post-thumbnail-image-link container-fixed-aspect-ratio__16-9\">\n\t\t\t\t        <img src=https:\/\/www.diocesitn.it\/area-testimonianza\/wp-content\/uploads\/sites\/37\/2024\/06\/Pellegrinaggio_pine_16giu24_2-e1718621389815-300x199.jpg itemprop=\"thumbnail\" alt=\"\"  \/>\n\t\t\t\t    <\/a>\n\t\t\t\t    <figcaption class=\"photoswipe-gallery-caption\" ><\/figcaption>\n\t\t\t    <\/figure>\n\t\t\t\t\n\t\t\t\t<figure class=\"msnry_item\" itemscope itemtype=\"http:\/\/schema.org\/ImageObject\">\n\t\t\t\t\t<a href=\"https:\/\/www.diocesitn.it\/area-testimonianza\/wp-content\/uploads\/sites\/37\/2024\/06\/Pellegrinaggio_pine_16giu24_9-e1718621412209.png\"\n\t\t\t\t\titemprop=\"contentUrl\"\n\t\t\t\t\tdata-pswp-width=\"800\" \n\t\t\t\t    data-pswp-height=\"431\" \n\t\t\t\t    data-cropped=\"true\"\n\t\t\t\t\tdata-caption=\"\"\n\t\t\t\t\tclass=\"post-thumbnail-image-link container-fixed-aspect-ratio__16-9\">\n\t\t\t\t        <img src=https:\/\/www.diocesitn.it\/area-testimonianza\/wp-content\/uploads\/sites\/37\/2024\/06\/Pellegrinaggio_pine_16giu24_9-e1718621412209-300x162.png itemprop=\"thumbnail\" alt=\"\"  \/>\n\t\t\t\t    <\/a>\n\t\t\t\t    <figcaption class=\"photoswipe-gallery-caption\" ><\/figcaption>\n\t\t\t    <\/figure>\n\t\t\t\t\n\t\t\t\t<figure class=\"msnry_item\" itemscope itemtype=\"http:\/\/schema.org\/ImageObject\">\n\t\t\t\t\t<a href=\"https:\/\/www.diocesitn.it\/area-testimonianza\/wp-content\/uploads\/sites\/37\/2024\/06\/Pellegrinaggio_pine_16giu24_3-e1718621377872.jpg\"\n\t\t\t\t\titemprop=\"contentUrl\"\n\t\t\t\t\tdata-pswp-width=\"800\" \n\t\t\t\t    data-pswp-height=\"600\" \n\t\t\t\t    data-cropped=\"true\"\n\t\t\t\t\tdata-caption=\"\"\n\t\t\t\t\tclass=\"post-thumbnail-image-link container-fixed-aspect-ratio__16-9\">\n\t\t\t\t        <img src=https:\/\/www.diocesitn.it\/area-testimonianza\/wp-content\/uploads\/sites\/37\/2024\/06\/Pellegrinaggio_pine_16giu24_3-e1718621377872-300x225.jpg itemprop=\"thumbnail\" alt=\"\"  \/>\n\t\t\t\t    <\/a>\n\t\t\t\t    <figcaption class=\"photoswipe-gallery-caption\" ><\/figcaption>\n\t\t\t    <\/figure>\n\t\t\t\t\n\t\t\t\t<figure class=\"msnry_item\" itemscope itemtype=\"http:\/\/schema.org\/ImageObject\">\n\t\t\t\t\t<a href=\"https:\/\/www.diocesitn.it\/area-testimonianza\/wp-content\/uploads\/sites\/37\/2024\/06\/Pellegrinaggio_pine_16giu24_6-e1718621336737.jpg\"\n\t\t\t\t\titemprop=\"contentUrl\"\n\t\t\t\t\tdata-pswp-width=\"800\" \n\t\t\t\t    data-pswp-height=\"404\" \n\t\t\t\t    data-cropped=\"true\"\n\t\t\t\t\tdata-caption=\"\"\n\t\t\t\t\tclass=\"post-thumbnail-image-link container-fixed-aspect-ratio__16-9\">\n\t\t\t\t        <img src=https:\/\/www.diocesitn.it\/area-testimonianza\/wp-content\/uploads\/sites\/37\/2024\/06\/Pellegrinaggio_pine_16giu24_6-e1718621336737-300x151.jpg itemprop=\"thumbnail\" alt=\"\"  \/>\n\t\t\t\t    <\/a>\n\t\t\t\t    <figcaption class=\"photoswipe-gallery-caption\" ><\/figcaption>\n\t\t\t    <\/figure>\n\t\t\t\t\n\t\t\t\t<figure class=\"msnry_item\" itemscope itemtype=\"http:\/\/schema.org\/ImageObject\">\n\t\t\t\t\t<a href=\"https:\/\/www.diocesitn.it\/area-testimonianza\/wp-content\/uploads\/sites\/37\/2024\/06\/Pellegrinaggio_pine_16giu24_5.jpg-e1718621347941.png\"\n\t\t\t\t\titemprop=\"contentUrl\"\n\t\t\t\t\tdata-pswp-width=\"800\" \n\t\t\t\t    data-pswp-height=\"422\" \n\t\t\t\t    data-cropped=\"true\"\n\t\t\t\t\tdata-caption=\"\"\n\t\t\t\t\tclass=\"post-thumbnail-image-link container-fixed-aspect-ratio__16-9\">\n\t\t\t\t        <img src=https:\/\/www.diocesitn.it\/area-testimonianza\/wp-content\/uploads\/sites\/37\/2024\/06\/Pellegrinaggio_pine_16giu24_5.jpg-e1718621347941-300x158.png itemprop=\"thumbnail\" alt=\"\"  \/>\n\t\t\t\t    <\/a>\n\t\t\t\t    <figcaption class=\"photoswipe-gallery-caption\" ><\/figcaption>\n\t\t\t    <\/figure>\n\t\t\t\t\n\t\t\t\t<figure class=\"msnry_item\" itemscope itemtype=\"http:\/\/schema.org\/ImageObject\">\n\t\t\t\t\t<a href=\"https:\/\/www.diocesitn.it\/area-testimonianza\/wp-content\/uploads\/sites\/37\/2024\/06\/Pellegrinaggio_pine_16giu24_7-e1718621319156.jpg\"\n\t\t\t\t\titemprop=\"contentUrl\"\n\t\t\t\t\tdata-pswp-width=\"800\" \n\t\t\t\t    data-pswp-height=\"417\" \n\t\t\t\t    data-cropped=\"true\"\n\t\t\t\t\tdata-caption=\"\"\n\t\t\t\t\tclass=\"post-thumbnail-image-link container-fixed-aspect-ratio__16-9\">\n\t\t\t\t        <img src=https:\/\/www.diocesitn.it\/area-testimonianza\/wp-content\/uploads\/sites\/37\/2024\/06\/Pellegrinaggio_pine_16giu24_7-e1718621319156-300x156.jpg itemprop=\"thumbnail\" alt=\"\"  \/>\n\t\t\t\t    <\/a>\n\t\t\t\t    <figcaption class=\"photoswipe-gallery-caption\" ><\/figcaption>\n\t\t\t    <\/figure>\n\t\t\t\t<\/div>\n\t\t<div style='clear:both'><\/div>\n\t\n","protected":false},"excerpt":{"rendered":"<p>Almeno 400 fedeli da tutta la Diocesi, tra loro molti ammalati, sono stati protagonisti del pellegrinaggio diocesano a Montagnaga di Pin\u00e8 in una soleggiata domenica 16 giugno.\u00a0 L&#8217;appuntamento, organizzato dall\u2019Area Testimonianza e Impegno sociale della<\/p>\n","protected":false},"author":3,"featured_media":15302,"comment_status":"closed","ping_status":"closed","sticky":false,"template":"","format":"standard","meta":{"footnotes":""},"categories":[1074,1102],"tags":[2299,2300,1423],"class_list":["post-15298","post","type-post","status-publish","format-standard","has-post-thumbnail","hentry","category-notizie","category-servizio-salute-pellegrinaggi-anziani","tag-ospitalita-trentina","tag-pellegrinaggio-ammalati-pine","tag-vescovo-lauro"],"acf":{"seed-localization-paese-cod":"IT","seed-localization-address":"","seed-localization-citta":"Trento","seed-localization-regione-cod-istat":"04","seed-localization-citta-cod-istat":"022205","seed-localization-localita":"","seed-localization-cap":"","seed-localization-marker-visibility":false,"seed-localization-children-visibility":false,"seed-localization-kml":"","seed-localization-custom-marker":""},"yoast_head":"<!-- This site is optimized with the Yoast SEO Premium plugin v20.2.1 (Yoast SEO v22.2) - https:\/\/yoast.com\/wordpress\/plugins\/seo\/ -->\n<title>Domenica 16 giugno pellegrinaggio a Montagnaga di Pin\u00e8<\/title>\n<meta name=\"description\" content=\"Domenica 16 giugno pellegrinaggio a Montagnaga di Pin\u00e8 fino alla Comparsa dove si celebrer\u00e0 la Messa e la benedizione eucaristica dei malati\" \/>\n<meta name=\"robots\" content=\"index, follow, max-snippet:-1, max-image-preview:large, max-video-preview:-1\" \/>\n<link rel=\"canonical\" href=\"https:\/\/www.diocesitn.it\/area-testimonianza\/2024\/06\/17\/al-santuario-di-pine-partecipato-pellegrinaggio-diocesano-con-la-benedizione-dei-malati-vescovo-lauro-maria-ci-insegni-a-scrutare-nei-volti-dei-fratelli-il-regno-che-viene\/\" \/>\n<meta property=\"og:locale\" content=\"it_IT\" \/>\n<meta property=\"og:type\" content=\"article\" \/>\n<meta property=\"og:title\" content=\"Al santuario di Pin\u00e8 partecipato pellegrinaggio diocesano con la benedizione dei malati. Vescovo Lauro: &quot;Maria ci insegni a scrutare nei volti dei fratelli il Regno che viene&quot;\" \/>\n<meta property=\"og:description\" content=\"Domenica 16 giugno pellegrinaggio a Montagnaga di Pin\u00e8 fino alla Comparsa dove si celebrer\u00e0 la Messa e la benedizione eucaristica dei malati\" \/>\n<meta property=\"og:url\" content=\"https:\/\/www.diocesitn.it\/area-testimonianza\/2024\/06\/17\/al-santuario-di-pine-partecipato-pellegrinaggio-diocesano-con-la-benedizione-dei-malati-vescovo-lauro-maria-ci-insegni-a-scrutare-nei-volti-dei-fratelli-il-regno-che-viene\/\" \/>\n<meta property=\"og:site_name\" content=\"Testimonianza e Impegno sociale\" \/>\n<meta property=\"article:published_time\" content=\"2024-06-17T10:54:24+00:00\" \/>\n<meta property=\"article:modified_time\" content=\"2024-06-21T07:39:39+00:00\" \/>\n<meta property=\"og:image\" content=\"https:\/\/www.diocesitn.it\/area-testimonianza\/wp-content\/uploads\/sites\/37\/2024\/06\/Pellegrinaggio_pine_16giu24_1.jpg\" \/>\n\t<meta property=\"og:image:width\" content=\"1600\" \/>\n\t<meta property=\"og:image:height\" content=\"1200\" \/>\n\t<meta property=\"og:image:type\" content=\"image\/jpeg\" \/>\n<meta name=\"author\" content=\"Piergiorgio Franceschini\" \/>\n<meta name=\"twitter:card\" content=\"summary_large_image\" \/>\n<meta name=\"twitter:label1\" content=\"Scritto da\" \/>\n\t<meta name=\"twitter:data1\" content=\"Piergiorgio Franceschini\" \/>\n\t<meta name=\"twitter:label2\" content=\"Tempo di lettura stimato\" \/>\n\t<meta name=\"twitter:data2\" content=\"3 minuti\" \/>\n<script type=\"application\/ld+json\" class=\"yoast-schema-graph\">{\"@context\":\"https:\/\/schema.org\",\"@graph\":[{\"@type\":\"Article\",\"@id\":\"https:\/\/www.diocesitn.it\/area-testimonianza\/2024\/06\/17\/al-santuario-di-pine-partecipato-pellegrinaggio-diocesano-con-la-benedizione-dei-malati-vescovo-lauro-maria-ci-insegni-a-scrutare-nei-volti-dei-fratelli-il-regno-che-viene\/#article\",\"isPartOf\":{\"@id\":\"https:\/\/www.diocesitn.it\/area-testimonianza\/2024\/06\/17\/al-santuario-di-pine-partecipato-pellegrinaggio-diocesano-con-la-benedizione-dei-malati-vescovo-lauro-maria-ci-insegni-a-scrutare-nei-volti-dei-fratelli-il-regno-che-viene\/\"},\"author\":{\"name\":\"Piergiorgio Franceschini\",\"@id\":\"https:\/\/www.diocesitn.it\/area-testimonianza\/#\/schema\/person\/99590c84577873a025247b6aeb16ad2e\"},\"headline\":\"Al santuario di Pin\u00e8 partecipato pellegrinaggio diocesano con la benedizione dei malati. Vescovo Lauro: &#8220;Maria ci insegni a scrutare nei volti dei fratelli il Regno che viene&#8221;\",\"datePublished\":\"2024-06-17T10:54:24+00:00\",\"dateModified\":\"2024-06-21T07:39:39+00:00\",\"mainEntityOfPage\":{\"@id\":\"https:\/\/www.diocesitn.it\/area-testimonianza\/2024\/06\/17\/al-santuario-di-pine-partecipato-pellegrinaggio-diocesano-con-la-benedizione-dei-malati-vescovo-lauro-maria-ci-insegni-a-scrutare-nei-volti-dei-fratelli-il-regno-che-viene\/\"},\"wordCount\":519,\"publisher\":{\"@id\":\"https:\/\/www.diocesitn.it\/area-testimonianza\/#organization\"},\"image\":{\"@id\":\"https:\/\/www.diocesitn.it\/area-testimonianza\/2024\/06\/17\/al-santuario-di-pine-partecipato-pellegrinaggio-diocesano-con-la-benedizione-dei-malati-vescovo-lauro-maria-ci-insegni-a-scrutare-nei-volti-dei-fratelli-il-regno-che-viene\/#primaryimage\"},\"thumbnailUrl\":\"https:\/\/www.diocesitn.it\/area-testimonianza\/wp-content\/uploads\/sites\/37\/2024\/06\/Pellegrinaggio_pine_16giu24_1.jpg\",\"keywords\":[\"ospitalit\u00e0 trentina\",\"pellegrinaggio ammalati pin\u00e9\",\"vescovo Lauro\"],\"articleSection\":[\"Notizie\",\"Salute Pellegrinaggi Anziani\"],\"inLanguage\":\"it-IT\",\"copyrightYear\":\"2024\",\"copyrightHolder\":{\"@id\":\"https:\/\/www.diocesitn.it\/#organization\"}},{\"@type\":\"WebPage\",\"@id\":\"https:\/\/www.diocesitn.it\/area-testimonianza\/2024\/06\/17\/al-santuario-di-pine-partecipato-pellegrinaggio-diocesano-con-la-benedizione-dei-malati-vescovo-lauro-maria-ci-insegni-a-scrutare-nei-volti-dei-fratelli-il-regno-che-viene\/\",\"url\":\"https:\/\/www.diocesitn.it\/area-testimonianza\/2024\/06\/17\/al-santuario-di-pine-partecipato-pellegrinaggio-diocesano-con-la-benedizione-dei-malati-vescovo-lauro-maria-ci-insegni-a-scrutare-nei-volti-dei-fratelli-il-regno-che-viene\/\",\"name\":\"Domenica 16 giugno pellegrinaggio a Montagnaga di Pin\u00e8\",\"isPartOf\":{\"@id\":\"https:\/\/www.diocesitn.it\/area-testimonianza\/#website\"},\"primaryImageOfPage\":{\"@id\":\"https:\/\/www.diocesitn.it\/area-testimonianza\/2024\/06\/17\/al-santuario-di-pine-partecipato-pellegrinaggio-diocesano-con-la-benedizione-dei-malati-vescovo-lauro-maria-ci-insegni-a-scrutare-nei-volti-dei-fratelli-il-regno-che-viene\/#primaryimage\"},\"image\":{\"@id\":\"https:\/\/www.diocesitn.it\/area-testimonianza\/2024\/06\/17\/al-santuario-di-pine-partecipato-pellegrinaggio-diocesano-con-la-benedizione-dei-malati-vescovo-lauro-maria-ci-insegni-a-scrutare-nei-volti-dei-fratelli-il-regno-che-viene\/#primaryimage\"},\"thumbnailUrl\":\"https:\/\/www.diocesitn.it\/area-testimonianza\/wp-content\/uploads\/sites\/37\/2024\/06\/Pellegrinaggio_pine_16giu24_1.jpg\",\"datePublished\":\"2024-06-17T10:54:24+00:00\",\"dateModified\":\"2024-06-21T07:39:39+00:00\",\"description\":\"Domenica 16 giugno pellegrinaggio a Montagnaga di Pin\u00e8 fino alla Comparsa dove si celebrer\u00e0 la Messa e la benedizione eucaristica dei malati\",\"breadcrumb\":{\"@id\":\"https:\/\/www.diocesitn.it\/area-testimonianza\/2024\/06\/17\/al-santuario-di-pine-partecipato-pellegrinaggio-diocesano-con-la-benedizione-dei-malati-vescovo-lauro-maria-ci-insegni-a-scrutare-nei-volti-dei-fratelli-il-regno-che-viene\/#breadcrumb\"},\"inLanguage\":\"it-IT\",\"potentialAction\":[{\"@type\":\"ReadAction\",\"target\":[\"https:\/\/www.diocesitn.it\/area-testimonianza\/2024\/06\/17\/al-santuario-di-pine-partecipato-pellegrinaggio-diocesano-con-la-benedizione-dei-malati-vescovo-lauro-maria-ci-insegni-a-scrutare-nei-volti-dei-fratelli-il-regno-che-viene\/\"]}]},{\"@type\":\"ImageObject\",\"inLanguage\":\"it-IT\",\"@id\":\"https:\/\/www.diocesitn.it\/area-testimonianza\/2024\/06\/17\/al-santuario-di-pine-partecipato-pellegrinaggio-diocesano-con-la-benedizione-dei-malati-vescovo-lauro-maria-ci-insegni-a-scrutare-nei-volti-dei-fratelli-il-regno-che-viene\/#primaryimage\",\"url\":\"https:\/\/www.diocesitn.it\/area-testimonianza\/wp-content\/uploads\/sites\/37\/2024\/06\/Pellegrinaggio_pine_16giu24_1.jpg\",\"contentUrl\":\"https:\/\/www.diocesitn.it\/area-testimonianza\/wp-content\/uploads\/sites\/37\/2024\/06\/Pellegrinaggio_pine_16giu24_1.jpg\",\"width\":1600,\"height\":1200},{\"@type\":\"BreadcrumbList\",\"@id\":\"https:\/\/www.diocesitn.it\/area-testimonianza\/2024\/06\/17\/al-santuario-di-pine-partecipato-pellegrinaggio-diocesano-con-la-benedizione-dei-malati-vescovo-lauro-maria-ci-insegni-a-scrutare-nei-volti-dei-fratelli-il-regno-che-viene\/#breadcrumb\",\"itemListElement\":[{\"@type\":\"ListItem\",\"position\":1,\"name\":\"Home\",\"item\":\"https:\/\/www.diocesitn.it\/area-testimonianza\/\"},{\"@type\":\"ListItem\",\"position\":2,\"name\":\"Al santuario di Pin\u00e8 partecipato pellegrinaggio diocesano con la benedizione dei malati. Vescovo Lauro: &#8220;Maria ci insegni a scrutare nei volti dei fratelli il Regno che viene&#8221;\"}]},{\"@type\":\"WebSite\",\"@id\":\"https:\/\/www.diocesitn.it\/area-testimonianza\/#website\",\"url\":\"https:\/\/www.diocesitn.it\/area-testimonianza\/\",\"name\":\"Testimonianza e Impegno sociale\",\"description\":\"Chiesa di Trento\",\"publisher\":{\"@id\":\"https:\/\/www.diocesitn.it\/area-testimonianza\/#organization\"},\"potentialAction\":[{\"@type\":\"SearchAction\",\"target\":{\"@type\":\"EntryPoint\",\"urlTemplate\":\"https:\/\/www.diocesitn.it\/area-testimonianza\/?s={search_term_string}\"},\"query-input\":\"required name=search_term_string\"}],\"inLanguage\":\"it-IT\"},{\"@type\":[\"Organization\",\"Place\"],\"@id\":\"https:\/\/www.diocesitn.it\/area-testimonianza\/#organization\",\"name\":\"Area Testimonianza e Impegno Sociale - Chiesa di Trento\",\"url\":\"https:\/\/www.diocesitn.it\/area-testimonianza\/\",\"logo\":{\"@id\":\"https:\/\/www.diocesitn.it\/area-testimonianza\/2024\/06\/17\/al-santuario-di-pine-partecipato-pellegrinaggio-diocesano-con-la-benedizione-dei-malati-vescovo-lauro-maria-ci-insegni-a-scrutare-nei-volti-dei-fratelli-il-regno-che-viene\/#local-main-organization-logo\"},\"image\":{\"@id\":\"https:\/\/www.diocesitn.it\/area-testimonianza\/2024\/06\/17\/al-santuario-di-pine-partecipato-pellegrinaggio-diocesano-con-la-benedizione-dei-malati-vescovo-lauro-maria-ci-insegni-a-scrutare-nei-volti-dei-fratelli-il-regno-che-viene\/#local-main-organization-logo\"},\"openingHoursSpecification\":[{\"@type\":\"OpeningHoursSpecification\",\"dayOfWeek\":[\"Monday\",\"Tuesday\",\"Wednesday\",\"Thursday\",\"Friday\",\"Saturday\",\"Sunday\"],\"opens\":\"09:00\",\"closes\":\"17:00\"}]},{\"@type\":\"ImageObject\",\"inLanguage\":\"it-IT\",\"@id\":\"https:\/\/www.diocesitn.it\/area-testimonianza\/2024\/06\/17\/al-santuario-di-pine-partecipato-pellegrinaggio-diocesano-con-la-benedizione-dei-malati-vescovo-lauro-maria-ci-insegni-a-scrutare-nei-volti-dei-fratelli-il-regno-che-viene\/#local-main-organization-logo\",\"url\":\"https:\/\/www.diocesitn.it\/area-testimonianza\/wp-content\/uploads\/sites\/37\/2021\/09\/og-logo-testimonianza-e-impegno-sociale.jpg\",\"contentUrl\":\"https:\/\/www.diocesitn.it\/area-testimonianza\/wp-content\/uploads\/sites\/37\/2021\/09\/og-logo-testimonianza-e-impegno-sociale.jpg\",\"width\":1200,\"height\":630,\"caption\":\"Area Testimonianza e Impegno Sociale - Chiesa di Trento\"}]}<\/script>\n<!-- \/ Yoast SEO Premium plugin. -->","yoast_head_json":{"title":"Domenica 16 giugno pellegrinaggio a Montagnaga di Pin\u00e8","description":"Domenica 16 giugno pellegrinaggio a Montagnaga di Pin\u00e8 fino alla Comparsa dove si celebrer\u00e0 la Messa e la benedizione eucaristica dei malati","robots":{"index":"index","follow":"follow","max-snippet":"max-snippet:-1","max-image-preview":"max-image-preview:large","max-video-preview":"max-video-preview:-1"},"canonical":"https:\/\/www.diocesitn.it\/area-testimonianza\/2024\/06\/17\/al-santuario-di-pine-partecipato-pellegrinaggio-diocesano-con-la-benedizione-dei-malati-vescovo-lauro-maria-ci-insegni-a-scrutare-nei-volti-dei-fratelli-il-regno-che-viene\/","og_locale":"it_IT","og_type":"article","og_title":"Al santuario di Pin\u00e8 partecipato pellegrinaggio diocesano con la benedizione dei malati. Vescovo Lauro: \"Maria ci insegni a scrutare nei volti dei fratelli il Regno che viene\"","og_description":"Domenica 16 giugno pellegrinaggio a Montagnaga di Pin\u00e8 fino alla Comparsa dove si celebrer\u00e0 la Messa e la benedizione eucaristica dei malati","og_url":"https:\/\/www.diocesitn.it\/area-testimonianza\/2024\/06\/17\/al-santuario-di-pine-partecipato-pellegrinaggio-diocesano-con-la-benedizione-dei-malati-vescovo-lauro-maria-ci-insegni-a-scrutare-nei-volti-dei-fratelli-il-regno-che-viene\/","og_site_name":"Testimonianza e Impegno sociale","article_published_time":"2024-06-17T10:54:24+00:00","article_modified_time":"2024-06-21T07:39:39+00:00","og_image":[{"width":1600,"height":1200,"url":"https:\/\/www.diocesitn.it\/area-testimonianza\/wp-content\/uploads\/sites\/37\/2024\/06\/Pellegrinaggio_pine_16giu24_1.jpg","type":"image\/jpeg"}],"author":"Piergiorgio Franceschini","twitter_card":"summary_large_image","twitter_misc":{"Scritto da":"Piergiorgio Franceschini","Tempo di lettura stimato":"3 minuti"},"schema":{"@context":"https:\/\/schema.org","@graph":[{"@type":"Article","@id":"https:\/\/www.diocesitn.it\/area-testimonianza\/2024\/06\/17\/al-santuario-di-pine-partecipato-pellegrinaggio-diocesano-con-la-benedizione-dei-malati-vescovo-lauro-maria-ci-insegni-a-scrutare-nei-volti-dei-fratelli-il-regno-che-viene\/#article","isPartOf":{"@id":"https:\/\/www.diocesitn.it\/area-testimonianza\/2024\/06\/17\/al-santuario-di-pine-partecipato-pellegrinaggio-diocesano-con-la-benedizione-dei-malati-vescovo-lauro-maria-ci-insegni-a-scrutare-nei-volti-dei-fratelli-il-regno-che-viene\/"},"author":{"name":"Piergiorgio Franceschini","@id":"https:\/\/www.diocesitn.it\/area-testimonianza\/#\/schema\/person\/99590c84577873a025247b6aeb16ad2e"},"headline":"Al santuario di Pin\u00e8 partecipato pellegrinaggio diocesano con la benedizione dei malati. Vescovo Lauro: &#8220;Maria ci insegni a scrutare nei volti dei fratelli il Regno che viene&#8221;","datePublished":"2024-06-17T10:54:24+00:00","dateModified":"2024-06-21T07:39:39+00:00","mainEntityOfPage":{"@id":"https:\/\/www.diocesitn.it\/area-testimonianza\/2024\/06\/17\/al-santuario-di-pine-partecipato-pellegrinaggio-diocesano-con-la-benedizione-dei-malati-vescovo-lauro-maria-ci-insegni-a-scrutare-nei-volti-dei-fratelli-il-regno-che-viene\/"},"wordCount":519,"publisher":{"@id":"https:\/\/www.diocesitn.it\/area-testimonianza\/#organization"},"image":{"@id":"https:\/\/www.diocesitn.it\/area-testimonianza\/2024\/06\/17\/al-santuario-di-pine-partecipato-pellegrinaggio-diocesano-con-la-benedizione-dei-malati-vescovo-lauro-maria-ci-insegni-a-scrutare-nei-volti-dei-fratelli-il-regno-che-viene\/#primaryimage"},"thumbnailUrl":"https:\/\/www.diocesitn.it\/area-testimonianza\/wp-content\/uploads\/sites\/37\/2024\/06\/Pellegrinaggio_pine_16giu24_1.jpg","keywords":["ospitalit\u00e0 trentina","pellegrinaggio ammalati pin\u00e9","vescovo Lauro"],"articleSection":["Notizie","Salute Pellegrinaggi Anziani"],"inLanguage":"it-IT","copyrightYear":"2024","copyrightHolder":{"@id":"https:\/\/www.diocesitn.it\/#organization"}},{"@type":"WebPage","@id":"https:\/\/www.diocesitn.it\/area-testimonianza\/2024\/06\/17\/al-santuario-di-pine-partecipato-pellegrinaggio-diocesano-con-la-benedizione-dei-malati-vescovo-lauro-maria-ci-insegni-a-scrutare-nei-volti-dei-fratelli-il-regno-che-viene\/","url":"https:\/\/www.diocesitn.it\/area-testimonianza\/2024\/06\/17\/al-santuario-di-pine-partecipato-pellegrinaggio-diocesano-con-la-benedizione-dei-malati-vescovo-lauro-maria-ci-insegni-a-scrutare-nei-volti-dei-fratelli-il-regno-che-viene\/","name":"Domenica 16 giugno pellegrinaggio a Montagnaga di Pin\u00e8","isPartOf":{"@id":"https:\/\/www.diocesitn.it\/area-testimonianza\/#website"},"primaryImageOfPage":{"@id":"https:\/\/www.diocesitn.it\/area-testimonianza\/2024\/06\/17\/al-santuario-di-pine-partecipato-pellegrinaggio-diocesano-con-la-benedizione-dei-malati-vescovo-lauro-maria-ci-insegni-a-scrutare-nei-volti-dei-fratelli-il-regno-che-viene\/#primaryimage"},"image":{"@id":"https:\/\/www.diocesitn.it\/area-testimonianza\/2024\/06\/17\/al-santuario-di-pine-partecipato-pellegrinaggio-diocesano-con-la-benedizione-dei-malati-vescovo-lauro-maria-ci-insegni-a-scrutare-nei-volti-dei-fratelli-il-regno-che-viene\/#primaryimage"},"thumbnailUrl":"https:\/\/www.diocesitn.it\/area-testimonianza\/wp-content\/uploads\/sites\/37\/2024\/06\/Pellegrinaggio_pine_16giu24_1.jpg","datePublished":"2024-06-17T10:54:24+00:00","dateModified":"2024-06-21T07:39:39+00:00","description":"Domenica 16 giugno pellegrinaggio a Montagnaga di Pin\u00e8 fino alla Comparsa dove si celebrer\u00e0 la Messa e la benedizione eucaristica dei malati","breadcrumb":{"@id":"https:\/\/www.diocesitn.it\/area-testimonianza\/2024\/06\/17\/al-santuario-di-pine-partecipato-pellegrinaggio-diocesano-con-la-benedizione-dei-malati-vescovo-lauro-maria-ci-insegni-a-scrutare-nei-volti-dei-fratelli-il-regno-che-viene\/#breadcrumb"},"inLanguage":"it-IT","potentialAction":[{"@type":"ReadAction","target":["https:\/\/www.diocesitn.it\/area-testimonianza\/2024\/06\/17\/al-santuario-di-pine-partecipato-pellegrinaggio-diocesano-con-la-benedizione-dei-malati-vescovo-lauro-maria-ci-insegni-a-scrutare-nei-volti-dei-fratelli-il-regno-che-viene\/"]}]},{"@type":"ImageObject","inLanguage":"it-IT","@id":"https:\/\/www.diocesitn.it\/area-testimonianza\/2024\/06\/17\/al-santuario-di-pine-partecipato-pellegrinaggio-diocesano-con-la-benedizione-dei-malati-vescovo-lauro-maria-ci-insegni-a-scrutare-nei-volti-dei-fratelli-il-regno-che-viene\/#primaryimage","url":"https:\/\/www.diocesitn.it\/area-testimonianza\/wp-content\/uploads\/sites\/37\/2024\/06\/Pellegrinaggio_pine_16giu24_1.jpg","contentUrl":"https:\/\/www.diocesitn.it\/area-testimonianza\/wp-content\/uploads\/sites\/37\/2024\/06\/Pellegrinaggio_pine_16giu24_1.jpg","width":1600,"height":1200},{"@type":"BreadcrumbList","@id":"https:\/\/www.diocesitn.it\/area-testimonianza\/2024\/06\/17\/al-santuario-di-pine-partecipato-pellegrinaggio-diocesano-con-la-benedizione-dei-malati-vescovo-lauro-maria-ci-insegni-a-scrutare-nei-volti-dei-fratelli-il-regno-che-viene\/#breadcrumb","itemListElement":[{"@type":"ListItem","position":1,"name":"Home","item":"https:\/\/www.diocesitn.it\/area-testimonianza\/"},{"@type":"ListItem","position":2,"name":"Al santuario di Pin\u00e8 partecipato pellegrinaggio diocesano con la benedizione dei malati. Vescovo Lauro: &#8220;Maria ci insegni a scrutare nei volti dei fratelli il Regno che viene&#8221;"}]},{"@type":"WebSite","@id":"https:\/\/www.diocesitn.it\/area-testimonianza\/#website","url":"https:\/\/www.diocesitn.it\/area-testimonianza\/","name":"Testimonianza e Impegno sociale","description":"Chiesa di Trento","publisher":{"@id":"https:\/\/www.diocesitn.it\/area-testimonianza\/#organization"},"potentialAction":[{"@type":"SearchAction","target":{"@type":"EntryPoint","urlTemplate":"https:\/\/www.diocesitn.it\/area-testimonianza\/?s={search_term_string}"},"query-input":"required name=search_term_string"}],"inLanguage":"it-IT"},{"@type":["Organization","Place"],"@id":"https:\/\/www.diocesitn.it\/area-testimonianza\/#organization","name":"Area Testimonianza e Impegno Sociale - Chiesa di Trento","url":"https:\/\/www.diocesitn.it\/area-testimonianza\/","logo":{"@id":"https:\/\/www.diocesitn.it\/area-testimonianza\/2024\/06\/17\/al-santuario-di-pine-partecipato-pellegrinaggio-diocesano-con-la-benedizione-dei-malati-vescovo-lauro-maria-ci-insegni-a-scrutare-nei-volti-dei-fratelli-il-regno-che-viene\/#local-main-organization-logo"},"image":{"@id":"https:\/\/www.diocesitn.it\/area-testimonianza\/2024\/06\/17\/al-santuario-di-pine-partecipato-pellegrinaggio-diocesano-con-la-benedizione-dei-malati-vescovo-lauro-maria-ci-insegni-a-scrutare-nei-volti-dei-fratelli-il-regno-che-viene\/#local-main-organization-logo"},"openingHoursSpecification":[{"@type":"OpeningHoursSpecification","dayOfWeek":["Monday","Tuesday","Wednesday","Thursday","Friday","Saturday","Sunday"],"opens":"09:00","closes":"17:00"}]},{"@type":"ImageObject","inLanguage":"it-IT","@id":"https:\/\/www.diocesitn.it\/area-testimonianza\/2024\/06\/17\/al-santuario-di-pine-partecipato-pellegrinaggio-diocesano-con-la-benedizione-dei-malati-vescovo-lauro-maria-ci-insegni-a-scrutare-nei-volti-dei-fratelli-il-regno-che-viene\/#local-main-organization-logo","url":"https:\/\/www.diocesitn.it\/area-testimonianza\/wp-content\/uploads\/sites\/37\/2021\/09\/og-logo-testimonianza-e-impegno-sociale.jpg","contentUrl":"https:\/\/www.diocesitn.it\/area-testimonianza\/wp-content\/uploads\/sites\/37\/2021\/09\/og-logo-testimonianza-e-impegno-sociale.jpg","width":1200,"height":630,"caption":"Area Testimonianza e Impegno Sociale - Chiesa di Trento"}]}},"_links":{"self":[{"href":"https:\/\/www.diocesitn.it\/area-testimonianza\/wp-json\/wp\/v2\/posts\/15298","targetHints":{"allow":["GET"]}}],"collection":[{"href":"https:\/\/www.diocesitn.it\/area-testimonianza\/wp-json\/wp\/v2\/posts"}],"about":[{"href":"https:\/\/www.diocesitn.it\/area-testimonianza\/wp-json\/wp\/v2\/types\/post"}],"author":[{"embeddable":true,"href":"https:\/\/www.diocesitn.it\/area-testimonianza\/wp-json\/wp\/v2\/users\/3"}],"replies":[{"embeddable":true,"href":"https:\/\/www.diocesitn.it\/area-testimonianza\/wp-json\/wp\/v2\/comments?post=15298"}],"version-history":[{"count":1,"href":"https:\/\/www.diocesitn.it\/area-testimonianza\/wp-json\/wp\/v2\/posts\/15298\/revisions"}],"predecessor-version":[{"id":15313,"href":"https:\/\/www.diocesitn.it\/area-testimonianza\/wp-json\/wp\/v2\/posts\/15298\/revisions\/15313"}],"wp:featuredmedia":[{"embeddable":true,"href":"https:\/\/www.diocesitn.it\/area-testimonianza\/wp-json\/wp\/v2\/media\/15302"}],"wp:attachment":[{"href":"https:\/\/www.diocesitn.it\/area-testimonianza\/wp-json\/wp\/v2\/media?parent=15298"}],"wp:term":[{"taxonomy":"category","embeddable":true,"href":"https:\/\/www.diocesitn.it\/area-testimonianza\/wp-json\/wp\/v2\/categories?post=15298"},{"taxonomy":"post_tag","embeddable":true,"href":"https:\/\/www.diocesitn.it\/area-testimonianza\/wp-json\/wp\/v2\/tags?post=15298"}],"curies":[{"name":"wp","href":"https:\/\/api.w.org\/{rel}","templated":true}]}}