{"id":15255,"date":"2024-06-04T12:08:13","date_gmt":"2024-06-04T10:08:13","guid":{"rendered":"https:\/\/www.diocesitn.it\/area-testimonianza\/2024\/06\/04\/domenica-16-giugno-pellegrinaggio-a-montagnaga-di-pine\/"},"modified":"2025-02-20T10:03:20","modified_gmt":"2025-02-20T09:03:20","slug":"domenica-16-giugno-pellegrinaggio-a-montagnaga-di-pine","status":"publish","type":"post","link":"https:\/\/www.diocesitn.it\/area-testimonianza\/2024\/06\/04\/domenica-16-giugno-pellegrinaggio-a-montagnaga-di-pine\/","title":{"rendered":"Domenica 16 giugno pellegrinaggio diocesano a Montagnaga di Pin\u00e8 con la benedizione dei malati"},"content":{"rendered":"<p>Si terr\u00e0 <strong>domenica 16 giugno<\/strong> il <strong>pellegrinaggio diocesano<\/strong> a <strong>Montagnaga di Pin\u00e8<\/strong> a cui sono invitate le parrocchie e le unit\u00e0 pastorali.<\/p>\n<p>L&#8217;appuntamento, <span style=\"font-size: inherit\">organizzato dall\u2019<\/span><strong style=\"font-size: inherit\">Area Testimonianza e Impegno sociale<\/strong><span style=\"font-size: inherit\"> della D<\/span><span style=\"font-size: inherit\">iocesi e da <\/span><strong style=\"font-size: inherit\">Ospitalit\u00e0 Tridentina<\/strong>,\u00a0inizier\u00e0 alle <strong>ore 9.30<\/strong> al <strong>Santuario <\/strong>di Montagnaga di Pin\u00e8 da dove si partir\u00e0 verso la conca della <strong>Comparsa. <\/strong>Qui alle 11.00 si celebrer\u00e0 la <strong>S.<\/strong> <strong>Messa<\/strong> presieduta dal <strong>vescovo Lauro<\/strong>\u00a0e nel pomeriggio alle 14.30 ci sar\u00e0 la recita del <strong>rosario<\/strong> e la <strong>benedizione eucaristica dei malati<\/strong>.<\/p>\n<p>Per informazioni: Area Testimonianza e Impegno sociale <strong>tel. 0461 891124<\/strong><\/p>\n<p><a href=\"https:\/\/www.diocesitn.it\/wp-content\/uploads\/2024\/06\/2024-05-24_Locandina-Pellegri-Dioc-Pine-16-giugno-2024_bozza-03.pdf\" target=\"_blank\" rel=\"noopener\"><img loading=\"lazy\" decoding=\"async\" class=\"alignnone wp-image-15256 size-medium\" src=\"https:\/\/www.diocesitn.it\/wp-content\/uploads\/sites\/37\/2024\/06\/Pellegrinaggio-Pine-2024-300x224.png\" alt=\"\" width=\"300\" height=\"224\" srcset=\"https:\/\/www.diocesitn.it\/area-testimonianza\/wp-content\/uploads\/sites\/37\/2024\/06\/Pellegrinaggio-Pine-2024-300x224.png 300w, https:\/\/www.diocesitn.it\/area-testimonianza\/wp-content\/uploads\/sites\/37\/2024\/06\/Pellegrinaggio-Pine-2024-360x269.png 360w, https:\/\/www.diocesitn.it\/area-testimonianza\/wp-content\/uploads\/sites\/37\/2024\/06\/Pellegrinaggio-Pine-2024.png 699w\" sizes=\"auto, (max-width: 300px) 100vw, 300px\" \/><\/a><\/p>\n","protected":false},"excerpt":{"rendered":"<p>Si terr\u00e0 domenica 16 giugno il pellegrinaggio diocesano a Montagnaga di Pin\u00e8 a cui sono invitate le parrocchie e le unit\u00e0 pastorali. L&#8217;appuntamento, organizzato dall\u2019Area Testimonianza e Impegno sociale della Diocesi e da Ospitalit\u00e0 Tridentina,\u00a0inizier\u00e0<\/p>\n","protected":false},"author":177,"featured_media":15258,"comment_status":"closed","ping_status":"closed","sticky":false,"template":"","format":"standard","meta":{"footnotes":""},"categories":[1695,1074,2085,1102],"tags":[2299,2300,1423],"class_list":["post-15255","post","type-post","status-publish","format-standard","has-post-thumbnail","hentry","category-area-testimonianza-e-impegno-sociale","category-notizie","category-pellegrinaggi","category-servizio-salute-pellegrinaggi-anziani","tag-ospitalita-trentina","tag-pellegrinaggio-ammalati-pine","tag-vescovo-lauro"],"acf":{"seed-localization-paese-cod":"IT","seed-localization-address":"","seed-localization-citta":"Trento","seed-localization-regione-cod-istat":"04","seed-localization-citta-cod-istat":"022205","seed-localization-localita":"","seed-localization-cap":"","seed-localization-marker-visibility":false,"seed-localization-children-visibility":false,"seed-localization-kml":"","seed-localization-custom-marker":""},"yoast_head":"<!-- This site is optimized with the Yoast SEO Premium plugin v20.2.1 (Yoast SEO v22.2) - https:\/\/yoast.com\/wordpress\/plugins\/seo\/ -->\n<title>Domenica 16 giugno pellegrinaggio a Montagnaga di Pin\u00e8<\/title>\n<meta name=\"description\" content=\"Domenica 16 giugno pellegrinaggio a Montagnaga di Pin\u00e8 fino alla Comparsa dove si celebrer\u00e0 la Messa e la benedizione eucaristica dei malati\" \/>\n<meta name=\"robots\" content=\"index, follow, max-snippet:-1, max-image-preview:large, max-video-preview:-1\" \/>\n<link rel=\"canonical\" href=\"https:\/\/www.diocesitn.it\/area-testimonianza\/2024\/06\/04\/domenica-16-giugno-pellegrinaggio-a-montagnaga-di-pine\/\" \/>\n<meta property=\"og:locale\" content=\"it_IT\" \/>\n<meta property=\"og:type\" content=\"article\" \/>\n<meta property=\"og:title\" content=\"Domenica 16 giugno pellegrinaggio diocesano a Montagnaga di Pin\u00e8 con la benedizione dei malati\" \/>\n<meta property=\"og:description\" content=\"Domenica 16 giugno pellegrinaggio a Montagnaga di Pin\u00e8 fino alla Comparsa dove si celebrer\u00e0 la Messa e la benedizione eucaristica dei malati\" \/>\n<meta property=\"og:url\" content=\"https:\/\/www.diocesitn.it\/area-testimonianza\/2024\/06\/04\/domenica-16-giugno-pellegrinaggio-a-montagnaga-di-pine\/\" \/>\n<meta property=\"og:site_name\" content=\"Testimonianza e Impegno sociale\" \/>\n<meta property=\"article:published_time\" content=\"2024-06-04T10:08:13+00:00\" \/>\n<meta property=\"article:modified_time\" content=\"2025-02-20T09:03:20+00:00\" \/>\n<meta property=\"og:image\" content=\"https:\/\/www.diocesitn.it\/area-testimonianza\/wp-content\/uploads\/sites\/37\/2024\/06\/2023_09_16_Pellegrinaggio-Anziani-Pine-9-scaled.jpg\" \/>\n\t<meta property=\"og:image:width\" content=\"2560\" \/>\n\t<meta property=\"og:image:height\" content=\"1920\" \/>\n\t<meta property=\"og:image:type\" content=\"image\/jpeg\" \/>\n<meta name=\"author\" content=\"cweiss\" \/>\n<meta name=\"twitter:card\" content=\"summary_large_image\" \/>\n<meta name=\"twitter:label1\" content=\"Scritto da\" \/>\n\t<meta name=\"twitter:data1\" content=\"cweiss\" \/>\n\t<meta name=\"twitter:label2\" content=\"Tempo di lettura stimato\" \/>\n\t<meta name=\"twitter:data2\" content=\"1 minuto\" \/>\n<script type=\"application\/ld+json\" class=\"yoast-schema-graph\">{\"@context\":\"https:\/\/schema.org\",\"@graph\":[{\"@type\":\"Article\",\"@id\":\"https:\/\/www.diocesitn.it\/area-testimonianza\/2024\/06\/04\/domenica-16-giugno-pellegrinaggio-a-montagnaga-di-pine\/#article\",\"isPartOf\":{\"@id\":\"https:\/\/www.diocesitn.it\/area-testimonianza\/2024\/06\/04\/domenica-16-giugno-pellegrinaggio-a-montagnaga-di-pine\/\"},\"author\":{\"name\":\"cweiss\",\"@id\":\"https:\/\/www.diocesitn.it\/area-testimonianza\/#\/schema\/person\/4d1771273d5fc5c33cf486f49f0d18fb\"},\"headline\":\"Domenica 16 giugno pellegrinaggio diocesano a Montagnaga di Pin\u00e8 con la benedizione dei malati\",\"datePublished\":\"2024-06-04T10:08:13+00:00\",\"dateModified\":\"2025-02-20T09:03:20+00:00\",\"mainEntityOfPage\":{\"@id\":\"https:\/\/www.diocesitn.it\/area-testimonianza\/2024\/06\/04\/domenica-16-giugno-pellegrinaggio-a-montagnaga-di-pine\/\"},\"wordCount\":102,\"publisher\":{\"@id\":\"https:\/\/www.diocesitn.it\/area-testimonianza\/#organization\"},\"image\":{\"@id\":\"https:\/\/www.diocesitn.it\/area-testimonianza\/2024\/06\/04\/domenica-16-giugno-pellegrinaggio-a-montagnaga-di-pine\/#primaryimage\"},\"thumbnailUrl\":\"https:\/\/www.diocesitn.it\/area-testimonianza\/wp-content\/uploads\/sites\/37\/2024\/06\/2023_09_16_Pellegrinaggio-Anziani-Pine-9-scaled.jpg\",\"keywords\":[\"ospitalit\u00e0 trentina\",\"pellegrinaggio ammalati pin\u00e9\",\"vescovo Lauro\"],\"articleSection\":[\"Area Testimonianza e Impegno sociale\",\"Notizie\",\"pellegrinaggi\",\"Salute Pellegrinaggi Anziani\"],\"inLanguage\":\"it-IT\",\"copyrightYear\":\"2024\",\"copyrightHolder\":{\"@id\":\"https:\/\/www.diocesitn.it\/#organization\"}},{\"@type\":\"WebPage\",\"@id\":\"https:\/\/www.diocesitn.it\/area-testimonianza\/2024\/06\/04\/domenica-16-giugno-pellegrinaggio-a-montagnaga-di-pine\/\",\"url\":\"https:\/\/www.diocesitn.it\/area-testimonianza\/2024\/06\/04\/domenica-16-giugno-pellegrinaggio-a-montagnaga-di-pine\/\",\"name\":\"Domenica 16 giugno pellegrinaggio a Montagnaga di Pin\u00e8\",\"isPartOf\":{\"@id\":\"https:\/\/www.diocesitn.it\/area-testimonianza\/#website\"},\"primaryImageOfPage\":{\"@id\":\"https:\/\/www.diocesitn.it\/area-testimonianza\/2024\/06\/04\/domenica-16-giugno-pellegrinaggio-a-montagnaga-di-pine\/#primaryimage\"},\"image\":{\"@id\":\"https:\/\/www.diocesitn.it\/area-testimonianza\/2024\/06\/04\/domenica-16-giugno-pellegrinaggio-a-montagnaga-di-pine\/#primaryimage\"},\"thumbnailUrl\":\"https:\/\/www.diocesitn.it\/area-testimonianza\/wp-content\/uploads\/sites\/37\/2024\/06\/2023_09_16_Pellegrinaggio-Anziani-Pine-9-scaled.jpg\",\"datePublished\":\"2024-06-04T10:08:13+00:00\",\"dateModified\":\"2025-02-20T09:03:20+00:00\",\"description\":\"Domenica 16 giugno pellegrinaggio a Montagnaga di Pin\u00e8 fino alla Comparsa dove si celebrer\u00e0 la Messa e la benedizione eucaristica dei malati\",\"breadcrumb\":{\"@id\":\"https:\/\/www.diocesitn.it\/area-testimonianza\/2024\/06\/04\/domenica-16-giugno-pellegrinaggio-a-montagnaga-di-pine\/#breadcrumb\"},\"inLanguage\":\"it-IT\",\"potentialAction\":[{\"@type\":\"ReadAction\",\"target\":[\"https:\/\/www.diocesitn.it\/area-testimonianza\/2024\/06\/04\/domenica-16-giugno-pellegrinaggio-a-montagnaga-di-pine\/\"]}]},{\"@type\":\"ImageObject\",\"inLanguage\":\"it-IT\",\"@id\":\"https:\/\/www.diocesitn.it\/area-testimonianza\/2024\/06\/04\/domenica-16-giugno-pellegrinaggio-a-montagnaga-di-pine\/#primaryimage\",\"url\":\"https:\/\/www.diocesitn.it\/area-testimonianza\/wp-content\/uploads\/sites\/37\/2024\/06\/2023_09_16_Pellegrinaggio-Anziani-Pine-9-scaled.jpg\",\"contentUrl\":\"https:\/\/www.diocesitn.it\/area-testimonianza\/wp-content\/uploads\/sites\/37\/2024\/06\/2023_09_16_Pellegrinaggio-Anziani-Pine-9-scaled.jpg\",\"width\":2560,\"height\":1920},{\"@type\":\"BreadcrumbList\",\"@id\":\"https:\/\/www.diocesitn.it\/area-testimonianza\/2024\/06\/04\/domenica-16-giugno-pellegrinaggio-a-montagnaga-di-pine\/#breadcrumb\",\"itemListElement\":[{\"@type\":\"ListItem\",\"position\":1,\"name\":\"Home\",\"item\":\"https:\/\/www.diocesitn.it\/area-testimonianza\/\"},{\"@type\":\"ListItem\",\"position\":2,\"name\":\"Domenica 16 giugno pellegrinaggio diocesano a Montagnaga di Pin\u00e8 con la benedizione dei malati\"}]},{\"@type\":\"WebSite\",\"@id\":\"https:\/\/www.diocesitn.it\/area-testimonianza\/#website\",\"url\":\"https:\/\/www.diocesitn.it\/area-testimonianza\/\",\"name\":\"Testimonianza e Impegno sociale\",\"description\":\"Chiesa di Trento\",\"publisher\":{\"@id\":\"https:\/\/www.diocesitn.it\/area-testimonianza\/#organization\"},\"potentialAction\":[{\"@type\":\"SearchAction\",\"target\":{\"@type\":\"EntryPoint\",\"urlTemplate\":\"https:\/\/www.diocesitn.it\/area-testimonianza\/?s={search_term_string}\"},\"query-input\":\"required name=search_term_string\"}],\"inLanguage\":\"it-IT\"},{\"@type\":[\"Organization\",\"Place\"],\"@id\":\"https:\/\/www.diocesitn.it\/area-testimonianza\/#organization\",\"name\":\"Area Testimonianza e Impegno Sociale - Chiesa di Trento\",\"url\":\"https:\/\/www.diocesitn.it\/area-testimonianza\/\",\"logo\":{\"@id\":\"https:\/\/www.diocesitn.it\/area-testimonianza\/2024\/06\/04\/domenica-16-giugno-pellegrinaggio-a-montagnaga-di-pine\/#local-main-organization-logo\"},\"image\":{\"@id\":\"https:\/\/www.diocesitn.it\/area-testimonianza\/2024\/06\/04\/domenica-16-giugno-pellegrinaggio-a-montagnaga-di-pine\/#local-main-organization-logo\"},\"openingHoursSpecification\":[{\"@type\":\"OpeningHoursSpecification\",\"dayOfWeek\":[\"Monday\",\"Tuesday\",\"Wednesday\",\"Thursday\",\"Friday\",\"Saturday\",\"Sunday\"],\"opens\":\"09:00\",\"closes\":\"17:00\"}]},{\"@type\":\"ImageObject\",\"inLanguage\":\"it-IT\",\"@id\":\"https:\/\/www.diocesitn.it\/area-testimonianza\/2024\/06\/04\/domenica-16-giugno-pellegrinaggio-a-montagnaga-di-pine\/#local-main-organization-logo\",\"url\":\"https:\/\/www.diocesitn.it\/area-testimonianza\/wp-content\/uploads\/sites\/37\/2021\/09\/og-logo-testimonianza-e-impegno-sociale.jpg\",\"contentUrl\":\"https:\/\/www.diocesitn.it\/area-testimonianza\/wp-content\/uploads\/sites\/37\/2021\/09\/og-logo-testimonianza-e-impegno-sociale.jpg\",\"width\":1200,\"height\":630,\"caption\":\"Area Testimonianza e Impegno Sociale - Chiesa di Trento\"}]}<\/script>\n<!-- \/ Yoast SEO Premium plugin. -->","yoast_head_json":{"title":"Domenica 16 giugno pellegrinaggio a Montagnaga di Pin\u00e8","description":"Domenica 16 giugno pellegrinaggio a Montagnaga di Pin\u00e8 fino alla Comparsa dove si celebrer\u00e0 la Messa e la benedizione eucaristica dei malati","robots":{"index":"index","follow":"follow","max-snippet":"max-snippet:-1","max-image-preview":"max-image-preview:large","max-video-preview":"max-video-preview:-1"},"canonical":"https:\/\/www.diocesitn.it\/area-testimonianza\/2024\/06\/04\/domenica-16-giugno-pellegrinaggio-a-montagnaga-di-pine\/","og_locale":"it_IT","og_type":"article","og_title":"Domenica 16 giugno pellegrinaggio diocesano a Montagnaga di Pin\u00e8 con la benedizione dei malati","og_description":"Domenica 16 giugno pellegrinaggio a Montagnaga di Pin\u00e8 fino alla Comparsa dove si celebrer\u00e0 la Messa e la benedizione eucaristica dei malati","og_url":"https:\/\/www.diocesitn.it\/area-testimonianza\/2024\/06\/04\/domenica-16-giugno-pellegrinaggio-a-montagnaga-di-pine\/","og_site_name":"Testimonianza e Impegno sociale","article_published_time":"2024-06-04T10:08:13+00:00","article_modified_time":"2025-02-20T09:03:20+00:00","og_image":[{"width":2560,"height":1920,"url":"https:\/\/www.diocesitn.it\/area-testimonianza\/wp-content\/uploads\/sites\/37\/2024\/06\/2023_09_16_Pellegrinaggio-Anziani-Pine-9-scaled.jpg","type":"image\/jpeg"}],"author":"cweiss","twitter_card":"summary_large_image","twitter_misc":{"Scritto da":"cweiss","Tempo di lettura stimato":"1 minuto"},"schema":{"@context":"https:\/\/schema.org","@graph":[{"@type":"Article","@id":"https:\/\/www.diocesitn.it\/area-testimonianza\/2024\/06\/04\/domenica-16-giugno-pellegrinaggio-a-montagnaga-di-pine\/#article","isPartOf":{"@id":"https:\/\/www.diocesitn.it\/area-testimonianza\/2024\/06\/04\/domenica-16-giugno-pellegrinaggio-a-montagnaga-di-pine\/"},"author":{"name":"cweiss","@id":"https:\/\/www.diocesitn.it\/area-testimonianza\/#\/schema\/person\/4d1771273d5fc5c33cf486f49f0d18fb"},"headline":"Domenica 16 giugno pellegrinaggio diocesano a Montagnaga di Pin\u00e8 con la benedizione dei malati","datePublished":"2024-06-04T10:08:13+00:00","dateModified":"2025-02-20T09:03:20+00:00","mainEntityOfPage":{"@id":"https:\/\/www.diocesitn.it\/area-testimonianza\/2024\/06\/04\/domenica-16-giugno-pellegrinaggio-a-montagnaga-di-pine\/"},"wordCount":102,"publisher":{"@id":"https:\/\/www.diocesitn.it\/area-testimonianza\/#organization"},"image":{"@id":"https:\/\/www.diocesitn.it\/area-testimonianza\/2024\/06\/04\/domenica-16-giugno-pellegrinaggio-a-montagnaga-di-pine\/#primaryimage"},"thumbnailUrl":"https:\/\/www.diocesitn.it\/area-testimonianza\/wp-content\/uploads\/sites\/37\/2024\/06\/2023_09_16_Pellegrinaggio-Anziani-Pine-9-scaled.jpg","keywords":["ospitalit\u00e0 trentina","pellegrinaggio ammalati pin\u00e9","vescovo Lauro"],"articleSection":["Area Testimonianza e Impegno sociale","Notizie","pellegrinaggi","Salute Pellegrinaggi Anziani"],"inLanguage":"it-IT","copyrightYear":"2024","copyrightHolder":{"@id":"https:\/\/www.diocesitn.it\/#organization"}},{"@type":"WebPage","@id":"https:\/\/www.diocesitn.it\/area-testimonianza\/2024\/06\/04\/domenica-16-giugno-pellegrinaggio-a-montagnaga-di-pine\/","url":"https:\/\/www.diocesitn.it\/area-testimonianza\/2024\/06\/04\/domenica-16-giugno-pellegrinaggio-a-montagnaga-di-pine\/","name":"Domenica 16 giugno pellegrinaggio a Montagnaga di Pin\u00e8","isPartOf":{"@id":"https:\/\/www.diocesitn.it\/area-testimonianza\/#website"},"primaryImageOfPage":{"@id":"https:\/\/www.diocesitn.it\/area-testimonianza\/2024\/06\/04\/domenica-16-giugno-pellegrinaggio-a-montagnaga-di-pine\/#primaryimage"},"image":{"@id":"https:\/\/www.diocesitn.it\/area-testimonianza\/2024\/06\/04\/domenica-16-giugno-pellegrinaggio-a-montagnaga-di-pine\/#primaryimage"},"thumbnailUrl":"https:\/\/www.diocesitn.it\/area-testimonianza\/wp-content\/uploads\/sites\/37\/2024\/06\/2023_09_16_Pellegrinaggio-Anziani-Pine-9-scaled.jpg","datePublished":"2024-06-04T10:08:13+00:00","dateModified":"2025-02-20T09:03:20+00:00","description":"Domenica 16 giugno pellegrinaggio a Montagnaga di Pin\u00e8 fino alla Comparsa dove si celebrer\u00e0 la Messa e la benedizione eucaristica dei malati","breadcrumb":{"@id":"https:\/\/www.diocesitn.it\/area-testimonianza\/2024\/06\/04\/domenica-16-giugno-pellegrinaggio-a-montagnaga-di-pine\/#breadcrumb"},"inLanguage":"it-IT","potentialAction":[{"@type":"ReadAction","target":["https:\/\/www.diocesitn.it\/area-testimonianza\/2024\/06\/04\/domenica-16-giugno-pellegrinaggio-a-montagnaga-di-pine\/"]}]},{"@type":"ImageObject","inLanguage":"it-IT","@id":"https:\/\/www.diocesitn.it\/area-testimonianza\/2024\/06\/04\/domenica-16-giugno-pellegrinaggio-a-montagnaga-di-pine\/#primaryimage","url":"https:\/\/www.diocesitn.it\/area-testimonianza\/wp-content\/uploads\/sites\/37\/2024\/06\/2023_09_16_Pellegrinaggio-Anziani-Pine-9-scaled.jpg","contentUrl":"https:\/\/www.diocesitn.it\/area-testimonianza\/wp-content\/uploads\/sites\/37\/2024\/06\/2023_09_16_Pellegrinaggio-Anziani-Pine-9-scaled.jpg","width":2560,"height":1920},{"@type":"BreadcrumbList","@id":"https:\/\/www.diocesitn.it\/area-testimonianza\/2024\/06\/04\/domenica-16-giugno-pellegrinaggio-a-montagnaga-di-pine\/#breadcrumb","itemListElement":[{"@type":"ListItem","position":1,"name":"Home","item":"https:\/\/www.diocesitn.it\/area-testimonianza\/"},{"@type":"ListItem","position":2,"name":"Domenica 16 giugno pellegrinaggio diocesano a Montagnaga di Pin\u00e8 con la benedizione dei malati"}]},{"@type":"WebSite","@id":"https:\/\/www.diocesitn.it\/area-testimonianza\/#website","url":"https:\/\/www.diocesitn.it\/area-testimonianza\/","name":"Testimonianza e Impegno sociale","description":"Chiesa di Trento","publisher":{"@id":"https:\/\/www.diocesitn.it\/area-testimonianza\/#organization"},"potentialAction":[{"@type":"SearchAction","target":{"@type":"EntryPoint","urlTemplate":"https:\/\/www.diocesitn.it\/area-testimonianza\/?s={search_term_string}"},"query-input":"required name=search_term_string"}],"inLanguage":"it-IT"},{"@type":["Organization","Place"],"@id":"https:\/\/www.diocesitn.it\/area-testimonianza\/#organization","name":"Area Testimonianza e Impegno Sociale - Chiesa di Trento","url":"https:\/\/www.diocesitn.it\/area-testimonianza\/","logo":{"@id":"https:\/\/www.diocesitn.it\/area-testimonianza\/2024\/06\/04\/domenica-16-giugno-pellegrinaggio-a-montagnaga-di-pine\/#local-main-organization-logo"},"image":{"@id":"https:\/\/www.diocesitn.it\/area-testimonianza\/2024\/06\/04\/domenica-16-giugno-pellegrinaggio-a-montagnaga-di-pine\/#local-main-organization-logo"},"openingHoursSpecification":[{"@type":"OpeningHoursSpecification","dayOfWeek":["Monday","Tuesday","Wednesday","Thursday","Friday","Saturday","Sunday"],"opens":"09:00","closes":"17:00"}]},{"@type":"ImageObject","inLanguage":"it-IT","@id":"https:\/\/www.diocesitn.it\/area-testimonianza\/2024\/06\/04\/domenica-16-giugno-pellegrinaggio-a-montagnaga-di-pine\/#local-main-organization-logo","url":"https:\/\/www.diocesitn.it\/area-testimonianza\/wp-content\/uploads\/sites\/37\/2021\/09\/og-logo-testimonianza-e-impegno-sociale.jpg","contentUrl":"https:\/\/www.diocesitn.it\/area-testimonianza\/wp-content\/uploads\/sites\/37\/2021\/09\/og-logo-testimonianza-e-impegno-sociale.jpg","width":1200,"height":630,"caption":"Area Testimonianza e Impegno Sociale - Chiesa di Trento"}]}},"_links":{"self":[{"href":"https:\/\/www.diocesitn.it\/area-testimonianza\/wp-json\/wp\/v2\/posts\/15255","targetHints":{"allow":["GET"]}}],"collection":[{"href":"https:\/\/www.diocesitn.it\/area-testimonianza\/wp-json\/wp\/v2\/posts"}],"about":[{"href":"https:\/\/www.diocesitn.it\/area-testimonianza\/wp-json\/wp\/v2\/types\/post"}],"author":[{"embeddable":true,"href":"https:\/\/www.diocesitn.it\/area-testimonianza\/wp-json\/wp\/v2\/users\/177"}],"replies":[{"embeddable":true,"href":"https:\/\/www.diocesitn.it\/area-testimonianza\/wp-json\/wp\/v2\/comments?post=15255"}],"version-history":[{"count":1,"href":"https:\/\/www.diocesitn.it\/area-testimonianza\/wp-json\/wp\/v2\/posts\/15255\/revisions"}],"predecessor-version":[{"id":15259,"href":"https:\/\/www.diocesitn.it\/area-testimonianza\/wp-json\/wp\/v2\/posts\/15255\/revisions\/15259"}],"wp:featuredmedia":[{"embeddable":true,"href":"https:\/\/www.diocesitn.it\/area-testimonianza\/wp-json\/wp\/v2\/media\/15258"}],"wp:attachment":[{"href":"https:\/\/www.diocesitn.it\/area-testimonianza\/wp-json\/wp\/v2\/media?parent=15255"}],"wp:term":[{"taxonomy":"category","embeddable":true,"href":"https:\/\/www.diocesitn.it\/area-testimonianza\/wp-json\/wp\/v2\/categories?post=15255"},{"taxonomy":"post_tag","embeddable":true,"href":"https:\/\/www.diocesitn.it\/area-testimonianza\/wp-json\/wp\/v2\/tags?post=15255"}],"curies":[{"name":"wp","href":"https:\/\/api.w.org\/{rel}","templated":true}]}}