{"id":15248,"date":"2024-06-01T10:46:35","date_gmt":"2024-06-01T08:46:35","guid":{"rendered":"https:\/\/www.diocesitn.it\/area-testimonianza\/2024\/06\/01\/mensa-della-provvidenza-di-trento-nuova-sede-dal-prossimo-settembre-dallex-convento-dei-cappuccini-alla-struttura-caritas-di-via-giusti-la-decisione-comunicata-oggi-ai-volontari\/"},"modified":"2025-02-20T09:43:16","modified_gmt":"2025-02-20T08:43:16","slug":"mensa-della-provvidenza-di-trento-nuova-sede-dal-prossimo-settembre-dallex-convento-dei-cappuccini-alla-struttura-caritas-di-via-giusti-la-decisione-comunicata-oggi-ai-volontari","status":"publish","type":"post","link":"https:\/\/www.diocesitn.it\/area-testimonianza\/2024\/06\/01\/mensa-della-provvidenza-di-trento-nuova-sede-dal-prossimo-settembre-dallex-convento-dei-cappuccini-alla-struttura-caritas-di-via-giusti-la-decisione-comunicata-oggi-ai-volontari\/","title":{"rendered":"Mensa della Provvidenza di Trento, nuova sede dal prossimo settembre"},"content":{"rendered":"<p>Avr\u00e0 presto una nuova sede la \u201cMensa della Provvidenza\u201d di Trento, attualmente ospitata nell\u2019ex convento dei frati Cappuccini alla Cervara.<\/p>\n<p><!--more--><\/p>\n<p>Gestita, dopo l\u2019<a href=\"https:\/\/www.diocesitn.it\/site\/i-frati-cappuccini-lasciano-il-convento-di-trento-resa-nota-la-decisione-del-capitolo-chiudono-anche-rovigo-e-bassano\/\">addio<\/a> dei frati la scorsa estate, dalla Diocesi di Trento attraverso la Fondazione Caritas, la Mensa sar\u00e0 trasferita dal prossimo autunno nell\u2019attuale Centro di Ascolto Caritas, in via Giusti. Tale struttura sar\u00e0 interessata a breve da importanti lavori di adattamento, per poter ospitare da settembre un refettorio in grado di continuare ad accogliere le persone bisognose, con una nuova zona destinata anche a nuclei familiari, nuove cucine e pi\u00f9 adeguati spazi di servizio.<\/p>\n<h4>La comunicazione ai volontari<\/h4>\n<p><img loading=\"lazy\" decoding=\"async\" class=\"size-medium wp-image-36417 alignleft\" src=\"https:\/\/www.diocesitn.it\/wp-content\/uploads\/2023\/12\/convento_mensa_2-300x186.jpg\" alt=\"\" width=\"300\" height=\"186\" \/>La decisione dello spostamento della Mensa della Provvidenza dalla sua sede storica all&#8217;ex convento (foto a lato), dove venne fondata una trentina d\u2019anni fa, \u00e8 stata comunicata nella mattinata di oggi ai volontari che da sempre si alternano nella preparazione e nella distribuzione del pasto serale, attualmente a beneficio, mediamente, di 120 persone, per lo pi\u00f9 senza dimora. All\u2019incontro erano presenti il delegato dell\u2019Area Testimonianza e Impegno sociale don Mauro Leonardelli e il direttore della Fondazione Caritas Fabio Chiari.<\/p>\n<p>Lo spostamento della Mensa consentir\u00e0 ai frati Cappuccini, come da loro espressamente chiesto nei mesi scorsi, di disporre dell\u2019intero complesso di propriet\u00e0, destinando l\u2019ex convento alle finalit\u00e0 che riterranno pi\u00f9 opportune. A tal proposito, va peraltro precisato che non si \u00e8 concretizzata l\u2019ipotesi avanzata inizialmente di una gestione in comodato dell\u2019ex convento da parte della Diocesi per ulteriori fini pastorali, oltre alla Mensa gi\u00e0 presa in carico.<\/p>\n<p>I religiosi faranno dono alla Diocesi, per la nuova struttura, dei mezzi e di tutta l\u2019attrezzatura attualmente in uso per la mensa dell\u2019ex convento.<\/p>\n<h4>Un servizio &#8220;provvidenziale&#8221;<\/h4>\n<p><img loading=\"lazy\" decoding=\"async\" class=\"size-medium wp-image-15250 alignleft\" src=\"https:\/\/www.diocesitn.it\/wp-content\/uploads\/sites\/37\/2024\/06\/mensa_viaGiusti_2-300x200.jpg\" alt=\"\" width=\"300\" height=\"200\" srcset=\"https:\/\/www.diocesitn.it\/area-testimonianza\/wp-content\/uploads\/sites\/37\/2024\/06\/mensa_viaGiusti_2-300x200.jpg 300w, https:\/\/www.diocesitn.it\/area-testimonianza\/wp-content\/uploads\/sites\/37\/2024\/06\/mensa_viaGiusti_2-1024x683.jpg 1024w, https:\/\/www.diocesitn.it\/area-testimonianza\/wp-content\/uploads\/sites\/37\/2024\/06\/mensa_viaGiusti_2-768x512.jpg 768w, https:\/\/www.diocesitn.it\/area-testimonianza\/wp-content\/uploads\/sites\/37\/2024\/06\/mensa_viaGiusti_2-360x240.jpg 360w, https:\/\/www.diocesitn.it\/area-testimonianza\/wp-content\/uploads\/sites\/37\/2024\/06\/mensa_viaGiusti_2-800x533.jpg 800w, https:\/\/www.diocesitn.it\/area-testimonianza\/wp-content\/uploads\/sites\/37\/2024\/06\/mensa_viaGiusti_2-1200x800.jpg 1200w, https:\/\/www.diocesitn.it\/area-testimonianza\/wp-content\/uploads\/sites\/37\/2024\/06\/mensa_viaGiusti_2-272x182.jpg 272w, https:\/\/www.diocesitn.it\/area-testimonianza\/wp-content\/uploads\/sites\/37\/2024\/06\/mensa_viaGiusti_2.jpg 1500w\" sizes=\"auto, (max-width: 300px) 100vw, 300px\" \/>In via Giusti le persone pi\u00f9 povere continueranno a bussare alla porta della \u201cMensa della Provvidenza\u201d, il cui nome quindi non cambier\u00e0. Per fedelt\u00e0 alla sua storia, ma anche per indicare la caratteristica essenziale di un servizio davvero provvidenziale, perch\u00e9 cresciuto grazie alla generosit\u00e0 di chi dona materie prime e offre sostegno economico e in virt\u00f9 di quel piccolo esercito di volontari che da sempre prestano la loro opera in cucina o nel servire i pasti. Saranno loro \u2013 \u00e8 stato confermato nell\u2019incontro di stamani \u2013 la colonna portante della Mensa anche per il futuro.<\/p>\n","protected":false},"excerpt":{"rendered":"<p>Avr\u00e0 presto una nuova sede la \u201cMensa della Provvidenza\u201d di Trento, attualmente ospitata nell\u2019ex convento dei frati Cappuccini alla Cervara.<\/p>\n","protected":false},"author":3,"featured_media":15249,"comment_status":"closed","ping_status":"closed","sticky":false,"template":"","format":"standard","meta":{"footnotes":""},"categories":[1059,1074],"tags":[2298,2136,2186],"class_list":["post-15248","post","type-post","status-publish","format-standard","has-post-thumbnail","hentry","category-servizio-caritas","category-notizie","tag-ex-convento-cappuccini","tag-fondazione-caritas-diocesana","tag-mensa-della-provvidenza"],"acf":{"seed-localization-paese-cod":"IT","seed-localization-address":"","seed-localization-citta":"Trento","seed-localization-regione-cod-istat":"04","seed-localization-citta-cod-istat":"022205","seed-localization-localita":"","seed-localization-cap":"","seed-localization-marker-visibility":false,"seed-localization-children-visibility":false,"seed-localization-kml":"","seed-localization-custom-marker":""},"yoast_head":"<!-- This site is optimized with the Yoast SEO Premium plugin v20.2.1 (Yoast SEO v22.2) - https:\/\/yoast.com\/wordpress\/plugins\/seo\/ -->\n<title>Mensa della Provvidenza di Trento, nuova sede<\/title>\n<meta name=\"description\" content=\"Mensa della Provvidenza di Trento, nuova sede: dall\u2019ex convento Cappuccini alla Caritas di via Giusti. La decisione comunicata ai volontari\u00a0\u00a0\u00a0\" \/>\n<meta name=\"robots\" content=\"index, follow, max-snippet:-1, max-image-preview:large, max-video-preview:-1\" \/>\n<link rel=\"canonical\" href=\"https:\/\/www.diocesitn.it\/area-testimonianza\/2024\/06\/01\/mensa-della-provvidenza-di-trento-nuova-sede-dal-prossimo-settembre-dallex-convento-dei-cappuccini-alla-struttura-caritas-di-via-giusti-la-decisione-comunicata-oggi-ai-volontari\/\" \/>\n<meta property=\"og:locale\" content=\"it_IT\" \/>\n<meta property=\"og:type\" content=\"article\" \/>\n<meta property=\"og:title\" content=\"Mensa della Provvidenza di Trento, nuova sede dal prossimo settembre\" \/>\n<meta property=\"og:description\" content=\"Mensa della Provvidenza di Trento, nuova sede: dall\u2019ex convento Cappuccini alla Caritas di via Giusti. La decisione comunicata ai volontari\u00a0\u00a0\u00a0\" \/>\n<meta property=\"og:url\" content=\"https:\/\/www.diocesitn.it\/area-testimonianza\/2024\/06\/01\/mensa-della-provvidenza-di-trento-nuova-sede-dal-prossimo-settembre-dallex-convento-dei-cappuccini-alla-struttura-caritas-di-via-giusti-la-decisione-comunicata-oggi-ai-volontari\/\" \/>\n<meta property=\"og:site_name\" content=\"Testimonianza e Impegno sociale\" \/>\n<meta property=\"article:published_time\" content=\"2024-06-01T08:46:35+00:00\" \/>\n<meta property=\"article:modified_time\" content=\"2025-02-20T08:43:16+00:00\" \/>\n<meta property=\"og:image\" content=\"https:\/\/www.diocesitn.it\/area-testimonianza\/wp-content\/uploads\/sites\/37\/2024\/06\/mensa_viaGiusti-scaled-e1717169121973.jpg\" \/>\n\t<meta property=\"og:image:width\" content=\"900\" \/>\n\t<meta property=\"og:image:height\" content=\"614\" \/>\n\t<meta property=\"og:image:type\" content=\"image\/jpeg\" \/>\n<meta name=\"author\" content=\"Piergiorgio Franceschini\" \/>\n<meta name=\"twitter:card\" content=\"summary_large_image\" \/>\n<meta name=\"twitter:label1\" content=\"Scritto da\" \/>\n\t<meta name=\"twitter:data1\" content=\"Piergiorgio Franceschini\" \/>\n\t<meta name=\"twitter:label2\" content=\"Tempo di lettura stimato\" \/>\n\t<meta name=\"twitter:data2\" content=\"3 minuti\" \/>\n<script type=\"application\/ld+json\" class=\"yoast-schema-graph\">{\"@context\":\"https:\/\/schema.org\",\"@graph\":[{\"@type\":\"Article\",\"@id\":\"https:\/\/www.diocesitn.it\/area-testimonianza\/2024\/06\/01\/mensa-della-provvidenza-di-trento-nuova-sede-dal-prossimo-settembre-dallex-convento-dei-cappuccini-alla-struttura-caritas-di-via-giusti-la-decisione-comunicata-oggi-ai-volontari\/#article\",\"isPartOf\":{\"@id\":\"https:\/\/www.diocesitn.it\/area-testimonianza\/2024\/06\/01\/mensa-della-provvidenza-di-trento-nuova-sede-dal-prossimo-settembre-dallex-convento-dei-cappuccini-alla-struttura-caritas-di-via-giusti-la-decisione-comunicata-oggi-ai-volontari\/\"},\"author\":{\"name\":\"Piergiorgio Franceschini\",\"@id\":\"https:\/\/www.diocesitn.it\/area-testimonianza\/#\/schema\/person\/99590c84577873a025247b6aeb16ad2e\"},\"headline\":\"Mensa della Provvidenza di Trento, nuova sede dal prossimo settembre\",\"datePublished\":\"2024-06-01T08:46:35+00:00\",\"dateModified\":\"2025-02-20T08:43:16+00:00\",\"mainEntityOfPage\":{\"@id\":\"https:\/\/www.diocesitn.it\/area-testimonianza\/2024\/06\/01\/mensa-della-provvidenza-di-trento-nuova-sede-dal-prossimo-settembre-dallex-convento-dei-cappuccini-alla-struttura-caritas-di-via-giusti-la-decisione-comunicata-oggi-ai-volontari\/\"},\"wordCount\":384,\"publisher\":{\"@id\":\"https:\/\/www.diocesitn.it\/area-testimonianza\/#organization\"},\"image\":{\"@id\":\"https:\/\/www.diocesitn.it\/area-testimonianza\/2024\/06\/01\/mensa-della-provvidenza-di-trento-nuova-sede-dal-prossimo-settembre-dallex-convento-dei-cappuccini-alla-struttura-caritas-di-via-giusti-la-decisione-comunicata-oggi-ai-volontari\/#primaryimage\"},\"thumbnailUrl\":\"https:\/\/www.diocesitn.it\/area-testimonianza\/wp-content\/uploads\/sites\/37\/2024\/06\/mensa_viaGiusti-scaled-e1717169121973.jpg\",\"keywords\":[\"ex convento cappuccini\",\"fondazione caritas diocesana\",\"mensa della provvidenza\"],\"articleSection\":[\"Caritas diocesana\",\"Notizie\"],\"inLanguage\":\"it-IT\",\"copyrightYear\":\"2024\",\"copyrightHolder\":{\"@id\":\"https:\/\/www.diocesitn.it\/#organization\"}},{\"@type\":\"WebPage\",\"@id\":\"https:\/\/www.diocesitn.it\/area-testimonianza\/2024\/06\/01\/mensa-della-provvidenza-di-trento-nuova-sede-dal-prossimo-settembre-dallex-convento-dei-cappuccini-alla-struttura-caritas-di-via-giusti-la-decisione-comunicata-oggi-ai-volontari\/\",\"url\":\"https:\/\/www.diocesitn.it\/area-testimonianza\/2024\/06\/01\/mensa-della-provvidenza-di-trento-nuova-sede-dal-prossimo-settembre-dallex-convento-dei-cappuccini-alla-struttura-caritas-di-via-giusti-la-decisione-comunicata-oggi-ai-volontari\/\",\"name\":\"Mensa della Provvidenza di Trento, nuova sede\",\"isPartOf\":{\"@id\":\"https:\/\/www.diocesitn.it\/area-testimonianza\/#website\"},\"primaryImageOfPage\":{\"@id\":\"https:\/\/www.diocesitn.it\/area-testimonianza\/2024\/06\/01\/mensa-della-provvidenza-di-trento-nuova-sede-dal-prossimo-settembre-dallex-convento-dei-cappuccini-alla-struttura-caritas-di-via-giusti-la-decisione-comunicata-oggi-ai-volontari\/#primaryimage\"},\"image\":{\"@id\":\"https:\/\/www.diocesitn.it\/area-testimonianza\/2024\/06\/01\/mensa-della-provvidenza-di-trento-nuova-sede-dal-prossimo-settembre-dallex-convento-dei-cappuccini-alla-struttura-caritas-di-via-giusti-la-decisione-comunicata-oggi-ai-volontari\/#primaryimage\"},\"thumbnailUrl\":\"https:\/\/www.diocesitn.it\/area-testimonianza\/wp-content\/uploads\/sites\/37\/2024\/06\/mensa_viaGiusti-scaled-e1717169121973.jpg\",\"datePublished\":\"2024-06-01T08:46:35+00:00\",\"dateModified\":\"2025-02-20T08:43:16+00:00\",\"description\":\"Mensa della Provvidenza di Trento, nuova sede: dall\u2019ex convento Cappuccini alla Caritas di via Giusti. La decisione comunicata ai volontari\u00a0\u00a0\u00a0\",\"breadcrumb\":{\"@id\":\"https:\/\/www.diocesitn.it\/area-testimonianza\/2024\/06\/01\/mensa-della-provvidenza-di-trento-nuova-sede-dal-prossimo-settembre-dallex-convento-dei-cappuccini-alla-struttura-caritas-di-via-giusti-la-decisione-comunicata-oggi-ai-volontari\/#breadcrumb\"},\"inLanguage\":\"it-IT\",\"potentialAction\":[{\"@type\":\"ReadAction\",\"target\":[\"https:\/\/www.diocesitn.it\/area-testimonianza\/2024\/06\/01\/mensa-della-provvidenza-di-trento-nuova-sede-dal-prossimo-settembre-dallex-convento-dei-cappuccini-alla-struttura-caritas-di-via-giusti-la-decisione-comunicata-oggi-ai-volontari\/\"]}]},{\"@type\":\"ImageObject\",\"inLanguage\":\"it-IT\",\"@id\":\"https:\/\/www.diocesitn.it\/area-testimonianza\/2024\/06\/01\/mensa-della-provvidenza-di-trento-nuova-sede-dal-prossimo-settembre-dallex-convento-dei-cappuccini-alla-struttura-caritas-di-via-giusti-la-decisione-comunicata-oggi-ai-volontari\/#primaryimage\",\"url\":\"https:\/\/www.diocesitn.it\/area-testimonianza\/wp-content\/uploads\/sites\/37\/2024\/06\/mensa_viaGiusti-scaled-e1717169121973.jpg\",\"contentUrl\":\"https:\/\/www.diocesitn.it\/area-testimonianza\/wp-content\/uploads\/sites\/37\/2024\/06\/mensa_viaGiusti-scaled-e1717169121973.jpg\",\"width\":900,\"height\":614},{\"@type\":\"BreadcrumbList\",\"@id\":\"https:\/\/www.diocesitn.it\/area-testimonianza\/2024\/06\/01\/mensa-della-provvidenza-di-trento-nuova-sede-dal-prossimo-settembre-dallex-convento-dei-cappuccini-alla-struttura-caritas-di-via-giusti-la-decisione-comunicata-oggi-ai-volontari\/#breadcrumb\",\"itemListElement\":[{\"@type\":\"ListItem\",\"position\":1,\"name\":\"Home\",\"item\":\"https:\/\/www.diocesitn.it\/area-testimonianza\/\"},{\"@type\":\"ListItem\",\"position\":2,\"name\":\"Mensa della Provvidenza di Trento, nuova sede dal prossimo settembre\"}]},{\"@type\":\"WebSite\",\"@id\":\"https:\/\/www.diocesitn.it\/area-testimonianza\/#website\",\"url\":\"https:\/\/www.diocesitn.it\/area-testimonianza\/\",\"name\":\"Testimonianza e Impegno sociale\",\"description\":\"Chiesa di Trento\",\"publisher\":{\"@id\":\"https:\/\/www.diocesitn.it\/area-testimonianza\/#organization\"},\"potentialAction\":[{\"@type\":\"SearchAction\",\"target\":{\"@type\":\"EntryPoint\",\"urlTemplate\":\"https:\/\/www.diocesitn.it\/area-testimonianza\/?s={search_term_string}\"},\"query-input\":\"required name=search_term_string\"}],\"inLanguage\":\"it-IT\"},{\"@type\":[\"Organization\",\"Place\"],\"@id\":\"https:\/\/www.diocesitn.it\/area-testimonianza\/#organization\",\"name\":\"Area Testimonianza e Impegno Sociale - Chiesa di Trento\",\"url\":\"https:\/\/www.diocesitn.it\/area-testimonianza\/\",\"logo\":{\"@id\":\"https:\/\/www.diocesitn.it\/area-testimonianza\/2024\/06\/01\/mensa-della-provvidenza-di-trento-nuova-sede-dal-prossimo-settembre-dallex-convento-dei-cappuccini-alla-struttura-caritas-di-via-giusti-la-decisione-comunicata-oggi-ai-volontari\/#local-main-organization-logo\"},\"image\":{\"@id\":\"https:\/\/www.diocesitn.it\/area-testimonianza\/2024\/06\/01\/mensa-della-provvidenza-di-trento-nuova-sede-dal-prossimo-settembre-dallex-convento-dei-cappuccini-alla-struttura-caritas-di-via-giusti-la-decisione-comunicata-oggi-ai-volontari\/#local-main-organization-logo\"},\"openingHoursSpecification\":[{\"@type\":\"OpeningHoursSpecification\",\"dayOfWeek\":[\"Monday\",\"Tuesday\",\"Wednesday\",\"Thursday\",\"Friday\",\"Saturday\",\"Sunday\"],\"opens\":\"09:00\",\"closes\":\"17:00\"}]},{\"@type\":\"ImageObject\",\"inLanguage\":\"it-IT\",\"@id\":\"https:\/\/www.diocesitn.it\/area-testimonianza\/2024\/06\/01\/mensa-della-provvidenza-di-trento-nuova-sede-dal-prossimo-settembre-dallex-convento-dei-cappuccini-alla-struttura-caritas-di-via-giusti-la-decisione-comunicata-oggi-ai-volontari\/#local-main-organization-logo\",\"url\":\"https:\/\/www.diocesitn.it\/area-testimonianza\/wp-content\/uploads\/sites\/37\/2021\/09\/og-logo-testimonianza-e-impegno-sociale.jpg\",\"contentUrl\":\"https:\/\/www.diocesitn.it\/area-testimonianza\/wp-content\/uploads\/sites\/37\/2021\/09\/og-logo-testimonianza-e-impegno-sociale.jpg\",\"width\":1200,\"height\":630,\"caption\":\"Area Testimonianza e Impegno Sociale - Chiesa di Trento\"}]}<\/script>\n<!-- \/ Yoast SEO Premium plugin. -->","yoast_head_json":{"title":"Mensa della Provvidenza di Trento, nuova sede","description":"Mensa della Provvidenza di Trento, nuova sede: dall\u2019ex convento Cappuccini alla Caritas di via Giusti. La decisione comunicata ai volontari\u00a0\u00a0\u00a0","robots":{"index":"index","follow":"follow","max-snippet":"max-snippet:-1","max-image-preview":"max-image-preview:large","max-video-preview":"max-video-preview:-1"},"canonical":"https:\/\/www.diocesitn.it\/area-testimonianza\/2024\/06\/01\/mensa-della-provvidenza-di-trento-nuova-sede-dal-prossimo-settembre-dallex-convento-dei-cappuccini-alla-struttura-caritas-di-via-giusti-la-decisione-comunicata-oggi-ai-volontari\/","og_locale":"it_IT","og_type":"article","og_title":"Mensa della Provvidenza di Trento, nuova sede dal prossimo settembre","og_description":"Mensa della Provvidenza di Trento, nuova sede: dall\u2019ex convento Cappuccini alla Caritas di via Giusti. La decisione comunicata ai volontari\u00a0\u00a0\u00a0","og_url":"https:\/\/www.diocesitn.it\/area-testimonianza\/2024\/06\/01\/mensa-della-provvidenza-di-trento-nuova-sede-dal-prossimo-settembre-dallex-convento-dei-cappuccini-alla-struttura-caritas-di-via-giusti-la-decisione-comunicata-oggi-ai-volontari\/","og_site_name":"Testimonianza e Impegno sociale","article_published_time":"2024-06-01T08:46:35+00:00","article_modified_time":"2025-02-20T08:43:16+00:00","og_image":[{"width":900,"height":614,"url":"https:\/\/www.diocesitn.it\/area-testimonianza\/wp-content\/uploads\/sites\/37\/2024\/06\/mensa_viaGiusti-scaled-e1717169121973.jpg","type":"image\/jpeg"}],"author":"Piergiorgio Franceschini","twitter_card":"summary_large_image","twitter_misc":{"Scritto da":"Piergiorgio Franceschini","Tempo di lettura stimato":"3 minuti"},"schema":{"@context":"https:\/\/schema.org","@graph":[{"@type":"Article","@id":"https:\/\/www.diocesitn.it\/area-testimonianza\/2024\/06\/01\/mensa-della-provvidenza-di-trento-nuova-sede-dal-prossimo-settembre-dallex-convento-dei-cappuccini-alla-struttura-caritas-di-via-giusti-la-decisione-comunicata-oggi-ai-volontari\/#article","isPartOf":{"@id":"https:\/\/www.diocesitn.it\/area-testimonianza\/2024\/06\/01\/mensa-della-provvidenza-di-trento-nuova-sede-dal-prossimo-settembre-dallex-convento-dei-cappuccini-alla-struttura-caritas-di-via-giusti-la-decisione-comunicata-oggi-ai-volontari\/"},"author":{"name":"Piergiorgio Franceschini","@id":"https:\/\/www.diocesitn.it\/area-testimonianza\/#\/schema\/person\/99590c84577873a025247b6aeb16ad2e"},"headline":"Mensa della Provvidenza di Trento, nuova sede dal prossimo settembre","datePublished":"2024-06-01T08:46:35+00:00","dateModified":"2025-02-20T08:43:16+00:00","mainEntityOfPage":{"@id":"https:\/\/www.diocesitn.it\/area-testimonianza\/2024\/06\/01\/mensa-della-provvidenza-di-trento-nuova-sede-dal-prossimo-settembre-dallex-convento-dei-cappuccini-alla-struttura-caritas-di-via-giusti-la-decisione-comunicata-oggi-ai-volontari\/"},"wordCount":384,"publisher":{"@id":"https:\/\/www.diocesitn.it\/area-testimonianza\/#organization"},"image":{"@id":"https:\/\/www.diocesitn.it\/area-testimonianza\/2024\/06\/01\/mensa-della-provvidenza-di-trento-nuova-sede-dal-prossimo-settembre-dallex-convento-dei-cappuccini-alla-struttura-caritas-di-via-giusti-la-decisione-comunicata-oggi-ai-volontari\/#primaryimage"},"thumbnailUrl":"https:\/\/www.diocesitn.it\/area-testimonianza\/wp-content\/uploads\/sites\/37\/2024\/06\/mensa_viaGiusti-scaled-e1717169121973.jpg","keywords":["ex convento cappuccini","fondazione caritas diocesana","mensa della provvidenza"],"articleSection":["Caritas diocesana","Notizie"],"inLanguage":"it-IT","copyrightYear":"2024","copyrightHolder":{"@id":"https:\/\/www.diocesitn.it\/#organization"}},{"@type":"WebPage","@id":"https:\/\/www.diocesitn.it\/area-testimonianza\/2024\/06\/01\/mensa-della-provvidenza-di-trento-nuova-sede-dal-prossimo-settembre-dallex-convento-dei-cappuccini-alla-struttura-caritas-di-via-giusti-la-decisione-comunicata-oggi-ai-volontari\/","url":"https:\/\/www.diocesitn.it\/area-testimonianza\/2024\/06\/01\/mensa-della-provvidenza-di-trento-nuova-sede-dal-prossimo-settembre-dallex-convento-dei-cappuccini-alla-struttura-caritas-di-via-giusti-la-decisione-comunicata-oggi-ai-volontari\/","name":"Mensa della Provvidenza di Trento, nuova sede","isPartOf":{"@id":"https:\/\/www.diocesitn.it\/area-testimonianza\/#website"},"primaryImageOfPage":{"@id":"https:\/\/www.diocesitn.it\/area-testimonianza\/2024\/06\/01\/mensa-della-provvidenza-di-trento-nuova-sede-dal-prossimo-settembre-dallex-convento-dei-cappuccini-alla-struttura-caritas-di-via-giusti-la-decisione-comunicata-oggi-ai-volontari\/#primaryimage"},"image":{"@id":"https:\/\/www.diocesitn.it\/area-testimonianza\/2024\/06\/01\/mensa-della-provvidenza-di-trento-nuova-sede-dal-prossimo-settembre-dallex-convento-dei-cappuccini-alla-struttura-caritas-di-via-giusti-la-decisione-comunicata-oggi-ai-volontari\/#primaryimage"},"thumbnailUrl":"https:\/\/www.diocesitn.it\/area-testimonianza\/wp-content\/uploads\/sites\/37\/2024\/06\/mensa_viaGiusti-scaled-e1717169121973.jpg","datePublished":"2024-06-01T08:46:35+00:00","dateModified":"2025-02-20T08:43:16+00:00","description":"Mensa della Provvidenza di Trento, nuova sede: dall\u2019ex convento Cappuccini alla Caritas di via Giusti. La decisione comunicata ai volontari\u00a0\u00a0\u00a0","breadcrumb":{"@id":"https:\/\/www.diocesitn.it\/area-testimonianza\/2024\/06\/01\/mensa-della-provvidenza-di-trento-nuova-sede-dal-prossimo-settembre-dallex-convento-dei-cappuccini-alla-struttura-caritas-di-via-giusti-la-decisione-comunicata-oggi-ai-volontari\/#breadcrumb"},"inLanguage":"it-IT","potentialAction":[{"@type":"ReadAction","target":["https:\/\/www.diocesitn.it\/area-testimonianza\/2024\/06\/01\/mensa-della-provvidenza-di-trento-nuova-sede-dal-prossimo-settembre-dallex-convento-dei-cappuccini-alla-struttura-caritas-di-via-giusti-la-decisione-comunicata-oggi-ai-volontari\/"]}]},{"@type":"ImageObject","inLanguage":"it-IT","@id":"https:\/\/www.diocesitn.it\/area-testimonianza\/2024\/06\/01\/mensa-della-provvidenza-di-trento-nuova-sede-dal-prossimo-settembre-dallex-convento-dei-cappuccini-alla-struttura-caritas-di-via-giusti-la-decisione-comunicata-oggi-ai-volontari\/#primaryimage","url":"https:\/\/www.diocesitn.it\/area-testimonianza\/wp-content\/uploads\/sites\/37\/2024\/06\/mensa_viaGiusti-scaled-e1717169121973.jpg","contentUrl":"https:\/\/www.diocesitn.it\/area-testimonianza\/wp-content\/uploads\/sites\/37\/2024\/06\/mensa_viaGiusti-scaled-e1717169121973.jpg","width":900,"height":614},{"@type":"BreadcrumbList","@id":"https:\/\/www.diocesitn.it\/area-testimonianza\/2024\/06\/01\/mensa-della-provvidenza-di-trento-nuova-sede-dal-prossimo-settembre-dallex-convento-dei-cappuccini-alla-struttura-caritas-di-via-giusti-la-decisione-comunicata-oggi-ai-volontari\/#breadcrumb","itemListElement":[{"@type":"ListItem","position":1,"name":"Home","item":"https:\/\/www.diocesitn.it\/area-testimonianza\/"},{"@type":"ListItem","position":2,"name":"Mensa della Provvidenza di Trento, nuova sede dal prossimo settembre"}]},{"@type":"WebSite","@id":"https:\/\/www.diocesitn.it\/area-testimonianza\/#website","url":"https:\/\/www.diocesitn.it\/area-testimonianza\/","name":"Testimonianza e Impegno sociale","description":"Chiesa di Trento","publisher":{"@id":"https:\/\/www.diocesitn.it\/area-testimonianza\/#organization"},"potentialAction":[{"@type":"SearchAction","target":{"@type":"EntryPoint","urlTemplate":"https:\/\/www.diocesitn.it\/area-testimonianza\/?s={search_term_string}"},"query-input":"required name=search_term_string"}],"inLanguage":"it-IT"},{"@type":["Organization","Place"],"@id":"https:\/\/www.diocesitn.it\/area-testimonianza\/#organization","name":"Area Testimonianza e Impegno Sociale - Chiesa di Trento","url":"https:\/\/www.diocesitn.it\/area-testimonianza\/","logo":{"@id":"https:\/\/www.diocesitn.it\/area-testimonianza\/2024\/06\/01\/mensa-della-provvidenza-di-trento-nuova-sede-dal-prossimo-settembre-dallex-convento-dei-cappuccini-alla-struttura-caritas-di-via-giusti-la-decisione-comunicata-oggi-ai-volontari\/#local-main-organization-logo"},"image":{"@id":"https:\/\/www.diocesitn.it\/area-testimonianza\/2024\/06\/01\/mensa-della-provvidenza-di-trento-nuova-sede-dal-prossimo-settembre-dallex-convento-dei-cappuccini-alla-struttura-caritas-di-via-giusti-la-decisione-comunicata-oggi-ai-volontari\/#local-main-organization-logo"},"openingHoursSpecification":[{"@type":"OpeningHoursSpecification","dayOfWeek":["Monday","Tuesday","Wednesday","Thursday","Friday","Saturday","Sunday"],"opens":"09:00","closes":"17:00"}]},{"@type":"ImageObject","inLanguage":"it-IT","@id":"https:\/\/www.diocesitn.it\/area-testimonianza\/2024\/06\/01\/mensa-della-provvidenza-di-trento-nuova-sede-dal-prossimo-settembre-dallex-convento-dei-cappuccini-alla-struttura-caritas-di-via-giusti-la-decisione-comunicata-oggi-ai-volontari\/#local-main-organization-logo","url":"https:\/\/www.diocesitn.it\/area-testimonianza\/wp-content\/uploads\/sites\/37\/2021\/09\/og-logo-testimonianza-e-impegno-sociale.jpg","contentUrl":"https:\/\/www.diocesitn.it\/area-testimonianza\/wp-content\/uploads\/sites\/37\/2021\/09\/og-logo-testimonianza-e-impegno-sociale.jpg","width":1200,"height":630,"caption":"Area Testimonianza e Impegno Sociale - Chiesa di Trento"}]}},"_links":{"self":[{"href":"https:\/\/www.diocesitn.it\/area-testimonianza\/wp-json\/wp\/v2\/posts\/15248","targetHints":{"allow":["GET"]}}],"collection":[{"href":"https:\/\/www.diocesitn.it\/area-testimonianza\/wp-json\/wp\/v2\/posts"}],"about":[{"href":"https:\/\/www.diocesitn.it\/area-testimonianza\/wp-json\/wp\/v2\/types\/post"}],"author":[{"embeddable":true,"href":"https:\/\/www.diocesitn.it\/area-testimonianza\/wp-json\/wp\/v2\/users\/3"}],"replies":[{"embeddable":true,"href":"https:\/\/www.diocesitn.it\/area-testimonianza\/wp-json\/wp\/v2\/comments?post=15248"}],"version-history":[{"count":3,"href":"https:\/\/www.diocesitn.it\/area-testimonianza\/wp-json\/wp\/v2\/posts\/15248\/revisions"}],"predecessor-version":[{"id":15429,"href":"https:\/\/www.diocesitn.it\/area-testimonianza\/wp-json\/wp\/v2\/posts\/15248\/revisions\/15429"}],"wp:featuredmedia":[{"embeddable":true,"href":"https:\/\/www.diocesitn.it\/area-testimonianza\/wp-json\/wp\/v2\/media\/15249"}],"wp:attachment":[{"href":"https:\/\/www.diocesitn.it\/area-testimonianza\/wp-json\/wp\/v2\/media?parent=15248"}],"wp:term":[{"taxonomy":"category","embeddable":true,"href":"https:\/\/www.diocesitn.it\/area-testimonianza\/wp-json\/wp\/v2\/categories?post=15248"},{"taxonomy":"post_tag","embeddable":true,"href":"https:\/\/www.diocesitn.it\/area-testimonianza\/wp-json\/wp\/v2\/tags?post=15248"}],"curies":[{"name":"wp","href":"https:\/\/api.w.org\/{rel}","templated":true}]}}