{"id":15088,"date":"2024-05-01T21:10:13","date_gmt":"2024-05-01T19:10:13","guid":{"rendered":"https:\/\/www.diocesitn.it\/area-testimonianza\/2024\/05\/01\/pasqua-ortodossa-gli-auguri-del-vescovo-lauro-la-luce-della-risurrezione-ha-ancora-la-capacita-di-portare-luce-la-dove-sembra-esserci-solo-il-buio\/"},"modified":"2024-05-09T09:22:12","modified_gmt":"2024-05-09T07:22:12","slug":"pasqua-ortodossa-gli-auguri-del-vescovo-lauro-la-luce-della-risurrezione-ha-ancora-la-capacita-di-portare-luce-la-dove-sembra-esserci-solo-il-buio","status":"publish","type":"post","link":"https:\/\/www.diocesitn.it\/area-testimonianza\/2024\/05\/01\/pasqua-ortodossa-gli-auguri-del-vescovo-lauro-la-luce-della-risurrezione-ha-ancora-la-capacita-di-portare-luce-la-dove-sembra-esserci-solo-il-buio\/","title":{"rendered":"Pasqua ortodossa, gli auguri del vescovo Lauro: &#8220;La luce della Risurrezione ha ancora la capacit\u00e0 di portare luce l\u00e0 dove sembra esserci solo il buio&#8221;"},"content":{"rendered":"<p>Si celebra\u00a0<strong>domenica 5 maggio <\/strong>la\u00a0<strong>Pasqua ortodossa<\/strong>. Anche quest\u2019anno l\u2019<strong>arcivescovo Lauro Tisi<\/strong> ha inviato un messaggio pasquale a tutte le Chiese Ortodosse presenti in Trentino. Ecco il testo integrale.<\/p>\n<blockquote><p>Carissimi padri e diaconi, carissimi fratelli, carissime sorelle appartenenti alle Chiese Ortodosse presenti sul nostro territorio trentino, con sentimenti di riconoscenza e di rinnovata\u00a0 speranza desidero far arrivare a ciascuna e ciascuno di Voi il mio augurio per la Grande Solennit\u00e0 della Pasqua di Risurrezione, che vi apprestate a celebrare.<\/p>\n<p>Sembra impossibile che di anno in anno gli scenari di morte costruiti dall&#8217;umanit\u00e0 anzich\u00e9 diminuire aumentino di numero e di forza; \u00e8 davvero assurdo e sembra assolutamente incredibile che l&#8217;umanit\u00e0, tanto geniale nella scienza, nell&#8217;arte, nello sport e in moltissimi altri ambiti, sappia essere altrettanto malvagiamente geniale nella sua capacit\u00e0 di seminare morte e distruzione. Mi sembra che questa semplice constatazione ci aiuti a capire ancora di pi\u00f9 il valore della Pasqua di Risurrezione. E questo vale non solo per noi credenti, ma per il mondo intero. Un Dio che condivide fino in fondo la nostra vita e i nostri drammi e che da quei drammi esce vittorioso per portare anche noi nella sua vittoria \u00e8 ci\u00f2 che il mondo sta affannosamente cercando, forse inconsapevolmente anche, ma con una sete infinita: sete di Bene, sete di Vita.<\/p>\n<p>Non vi pare di intravedere proprio qui, allora, la nostra missione come credenti? Quella di annunciare al mondo che la morte non ha senso, perch\u00e9 \u00e8 stata vinta dal Dio della vita. \u00c8 la forza della Pasqua che ci invia ad annunciare a tutti la vittoria di Dio; \u00e8 la luce della Risurrezione che ha ancora la capacit\u00e0 di portare luce l\u00e0 dove sembra esserci solo il buio del nonsenso e della violenza; \u00e8 la verit\u00e0 del Crocifisso Risorto che ci chiede di porre in essere scelte concrete di accoglienza, di riconciliazione, di pace.<\/p>\n<p>Sorelle e fratelli carissimi, che sia una Pasqua di speranza allora quella che, al di l\u00e0 dei diversi riti e calendari, condividiamo nella stessa fede e nella stessa carit\u00e0. E mentre Vi ringrazio molto per la Vostra testimonianza di fedelt\u00e0 al Vangelo e alle Vostre culture di provenienza, mi unisco a Voi nel chiedere al Signore Ges\u00f9 il dono della pace per il mondo intero.<\/p>\n<p>Buona Pasqua a tutte e tutti Voi! Con la mia benedizione e chiedendo umilmente la Vostra.<\/p><\/blockquote>\n","protected":false},"excerpt":{"rendered":"<p>Si celebra\u00a0domenica 5 maggio la\u00a0Pasqua ortodossa. Anche quest\u2019anno l\u2019arcivescovo Lauro Tisi ha inviato un messaggio pasquale a tutte le Chiese Ortodosse presenti in Trentino. Ecco il testo integrale. Carissimi padri e diaconi, carissimi fratelli, carissime<\/p>\n","protected":false},"author":168,"featured_media":2270,"comment_status":"closed","ping_status":"closed","sticky":false,"template":"","format":"standard","meta":{"footnotes":""},"categories":[1130,1074],"tags":[2279,2280],"class_list":["post-15088","post","type-post","status-publish","format-standard","has-post-thumbnail","hentry","category-servizio-ecumenismo-e-dialogo","category-notizie","tag-pasqua-ortodossa-trento","tag-pasqua-ortodossa-vescovo-lauro"],"acf":{"seed-localization-paese-cod":"IT","seed-localization-address":"","seed-localization-citta":"Trento","seed-localization-regione-cod-istat":"04","seed-localization-citta-cod-istat":"022205","seed-localization-localita":"","seed-localization-cap":"","seed-localization-marker-visibility":false,"seed-localization-children-visibility":false,"seed-localization-kml":"","seed-localization-custom-marker":""},"yoast_head":"<!-- This site is optimized with the Yoast SEO Premium plugin v20.2.1 (Yoast SEO v22.2) - https:\/\/yoast.com\/wordpress\/plugins\/seo\/ -->\n<title>Pasqua ortodossa, gli auguri del vescovo Lauro: &quot;La luce della Risurrezione ha ancora la capacit\u00e0 di portare luce l\u00e0 dove sembra esserci solo il buio&quot; - Testimonianza e Impegno sociale<\/title>\n<meta name=\"robots\" content=\"index, follow, max-snippet:-1, max-image-preview:large, max-video-preview:-1\" \/>\n<link rel=\"canonical\" href=\"https:\/\/www.diocesitn.it\/area-testimonianza\/2024\/05\/01\/pasqua-ortodossa-gli-auguri-del-vescovo-lauro-la-luce-della-risurrezione-ha-ancora-la-capacita-di-portare-luce-la-dove-sembra-esserci-solo-il-buio\/\" \/>\n<meta property=\"og:locale\" content=\"it_IT\" \/>\n<meta property=\"og:type\" content=\"article\" \/>\n<meta property=\"og:title\" content=\"Pasqua ortodossa, gli auguri del vescovo Lauro: &quot;La luce della Risurrezione ha ancora la capacit\u00e0 di portare luce l\u00e0 dove sembra esserci solo il buio&quot;\" \/>\n<meta property=\"og:description\" content=\"Si celebra\u00a0domenica 5 maggio la\u00a0Pasqua ortodossa. Anche quest\u2019anno l\u2019arcivescovo Lauro Tisi ha inviato un messaggio pasquale a tutte le Chiese Ortodosse presenti in Trentino. Ecco il testo integrale. Carissimi padri e diaconi, carissimi fratelli, carissime\" \/>\n<meta property=\"og:url\" content=\"https:\/\/www.diocesitn.it\/area-testimonianza\/2024\/05\/01\/pasqua-ortodossa-gli-auguri-del-vescovo-lauro-la-luce-della-risurrezione-ha-ancora-la-capacita-di-portare-luce-la-dove-sembra-esserci-solo-il-buio\/\" \/>\n<meta property=\"og:site_name\" content=\"Testimonianza e Impegno sociale\" \/>\n<meta property=\"article:published_time\" content=\"2024-05-01T19:10:13+00:00\" \/>\n<meta property=\"article:modified_time\" content=\"2024-05-09T07:22:12+00:00\" \/>\n<meta property=\"og:image\" content=\"https:\/\/www.diocesitn.it\/area-testimonianza\/wp-content\/uploads\/sites\/37\/2018\/02\/pasqua-ortodosso-rumena.jpg\" \/>\n\t<meta property=\"og:image:width\" content=\"530\" \/>\n\t<meta property=\"og:image:height\" content=\"330\" \/>\n\t<meta property=\"og:image:type\" content=\"image\/jpeg\" \/>\n<meta name=\"author\" content=\"losspapot\" \/>\n<meta name=\"twitter:card\" content=\"summary_large_image\" \/>\n<meta name=\"twitter:label1\" content=\"Scritto da\" \/>\n\t<meta name=\"twitter:data1\" content=\"losspapot\" \/>\n\t<meta name=\"twitter:label2\" content=\"Tempo di lettura stimato\" \/>\n\t<meta name=\"twitter:data2\" content=\"1 minuto\" \/>\n<script type=\"application\/ld+json\" class=\"yoast-schema-graph\">{\"@context\":\"https:\/\/schema.org\",\"@graph\":[{\"@type\":\"Article\",\"@id\":\"https:\/\/www.diocesitn.it\/area-testimonianza\/2024\/05\/01\/pasqua-ortodossa-gli-auguri-del-vescovo-lauro-la-luce-della-risurrezione-ha-ancora-la-capacita-di-portare-luce-la-dove-sembra-esserci-solo-il-buio\/#article\",\"isPartOf\":{\"@id\":\"https:\/\/www.diocesitn.it\/area-testimonianza\/2024\/05\/01\/pasqua-ortodossa-gli-auguri-del-vescovo-lauro-la-luce-della-risurrezione-ha-ancora-la-capacita-di-portare-luce-la-dove-sembra-esserci-solo-il-buio\/\"},\"author\":{\"name\":\"losspapot\",\"@id\":\"https:\/\/www.diocesitn.it\/area-testimonianza\/#\/schema\/person\/3526ceacb35e1aa4c86252e45adfad22\"},\"headline\":\"Pasqua ortodossa, gli auguri del vescovo Lauro: &#8220;La luce della Risurrezione ha ancora la capacit\u00e0 di portare luce l\u00e0 dove sembra esserci solo il buio&#8221;\",\"datePublished\":\"2024-05-01T19:10:13+00:00\",\"dateModified\":\"2024-05-09T07:22:12+00:00\",\"mainEntityOfPage\":{\"@id\":\"https:\/\/www.diocesitn.it\/area-testimonianza\/2024\/05\/01\/pasqua-ortodossa-gli-auguri-del-vescovo-lauro-la-luce-della-risurrezione-ha-ancora-la-capacita-di-portare-luce-la-dove-sembra-esserci-solo-il-buio\/\"},\"wordCount\":412,\"publisher\":{\"@id\":\"https:\/\/www.diocesitn.it\/area-testimonianza\/#organization\"},\"image\":{\"@id\":\"https:\/\/www.diocesitn.it\/area-testimonianza\/2024\/05\/01\/pasqua-ortodossa-gli-auguri-del-vescovo-lauro-la-luce-della-risurrezione-ha-ancora-la-capacita-di-portare-luce-la-dove-sembra-esserci-solo-il-buio\/#primaryimage\"},\"thumbnailUrl\":\"https:\/\/www.diocesitn.it\/area-testimonianza\/wp-content\/uploads\/sites\/37\/2018\/02\/pasqua-ortodosso-rumena.jpg\",\"keywords\":[\"pasqua ortodossa trento\",\"pasqua ortodossa vescovo lauro\"],\"articleSection\":[\"Ecumenismo e Dialogo interreligioso\",\"Notizie\"],\"inLanguage\":\"it-IT\",\"copyrightYear\":\"2024\",\"copyrightHolder\":{\"@id\":\"https:\/\/www.diocesitn.it\/#organization\"}},{\"@type\":\"WebPage\",\"@id\":\"https:\/\/www.diocesitn.it\/area-testimonianza\/2024\/05\/01\/pasqua-ortodossa-gli-auguri-del-vescovo-lauro-la-luce-della-risurrezione-ha-ancora-la-capacita-di-portare-luce-la-dove-sembra-esserci-solo-il-buio\/\",\"url\":\"https:\/\/www.diocesitn.it\/area-testimonianza\/2024\/05\/01\/pasqua-ortodossa-gli-auguri-del-vescovo-lauro-la-luce-della-risurrezione-ha-ancora-la-capacita-di-portare-luce-la-dove-sembra-esserci-solo-il-buio\/\",\"name\":\"Pasqua ortodossa, gli auguri del vescovo Lauro: \\\"La luce della Risurrezione ha ancora la capacit\u00e0 di portare luce l\u00e0 dove sembra esserci solo il buio\\\" - Testimonianza e Impegno sociale\",\"isPartOf\":{\"@id\":\"https:\/\/www.diocesitn.it\/area-testimonianza\/#website\"},\"primaryImageOfPage\":{\"@id\":\"https:\/\/www.diocesitn.it\/area-testimonianza\/2024\/05\/01\/pasqua-ortodossa-gli-auguri-del-vescovo-lauro-la-luce-della-risurrezione-ha-ancora-la-capacita-di-portare-luce-la-dove-sembra-esserci-solo-il-buio\/#primaryimage\"},\"image\":{\"@id\":\"https:\/\/www.diocesitn.it\/area-testimonianza\/2024\/05\/01\/pasqua-ortodossa-gli-auguri-del-vescovo-lauro-la-luce-della-risurrezione-ha-ancora-la-capacita-di-portare-luce-la-dove-sembra-esserci-solo-il-buio\/#primaryimage\"},\"thumbnailUrl\":\"https:\/\/www.diocesitn.it\/area-testimonianza\/wp-content\/uploads\/sites\/37\/2018\/02\/pasqua-ortodosso-rumena.jpg\",\"datePublished\":\"2024-05-01T19:10:13+00:00\",\"dateModified\":\"2024-05-09T07:22:12+00:00\",\"breadcrumb\":{\"@id\":\"https:\/\/www.diocesitn.it\/area-testimonianza\/2024\/05\/01\/pasqua-ortodossa-gli-auguri-del-vescovo-lauro-la-luce-della-risurrezione-ha-ancora-la-capacita-di-portare-luce-la-dove-sembra-esserci-solo-il-buio\/#breadcrumb\"},\"inLanguage\":\"it-IT\",\"potentialAction\":[{\"@type\":\"ReadAction\",\"target\":[\"https:\/\/www.diocesitn.it\/area-testimonianza\/2024\/05\/01\/pasqua-ortodossa-gli-auguri-del-vescovo-lauro-la-luce-della-risurrezione-ha-ancora-la-capacita-di-portare-luce-la-dove-sembra-esserci-solo-il-buio\/\"]}]},{\"@type\":\"ImageObject\",\"inLanguage\":\"it-IT\",\"@id\":\"https:\/\/www.diocesitn.it\/area-testimonianza\/2024\/05\/01\/pasqua-ortodossa-gli-auguri-del-vescovo-lauro-la-luce-della-risurrezione-ha-ancora-la-capacita-di-portare-luce-la-dove-sembra-esserci-solo-il-buio\/#primaryimage\",\"url\":\"https:\/\/www.diocesitn.it\/area-testimonianza\/wp-content\/uploads\/sites\/37\/2018\/02\/pasqua-ortodosso-rumena.jpg\",\"contentUrl\":\"https:\/\/www.diocesitn.it\/area-testimonianza\/wp-content\/uploads\/sites\/37\/2018\/02\/pasqua-ortodosso-rumena.jpg\",\"width\":530,\"height\":330},{\"@type\":\"BreadcrumbList\",\"@id\":\"https:\/\/www.diocesitn.it\/area-testimonianza\/2024\/05\/01\/pasqua-ortodossa-gli-auguri-del-vescovo-lauro-la-luce-della-risurrezione-ha-ancora-la-capacita-di-portare-luce-la-dove-sembra-esserci-solo-il-buio\/#breadcrumb\",\"itemListElement\":[{\"@type\":\"ListItem\",\"position\":1,\"name\":\"Home\",\"item\":\"https:\/\/www.diocesitn.it\/area-testimonianza\/\"},{\"@type\":\"ListItem\",\"position\":2,\"name\":\"Pasqua ortodossa, gli auguri del vescovo Lauro: &#8220;La luce della Risurrezione ha ancora la capacit\u00e0 di portare luce l\u00e0 dove sembra esserci solo il buio&#8221;\"}]},{\"@type\":\"WebSite\",\"@id\":\"https:\/\/www.diocesitn.it\/area-testimonianza\/#website\",\"url\":\"https:\/\/www.diocesitn.it\/area-testimonianza\/\",\"name\":\"Testimonianza e Impegno sociale\",\"description\":\"Chiesa di Trento\",\"publisher\":{\"@id\":\"https:\/\/www.diocesitn.it\/area-testimonianza\/#organization\"},\"potentialAction\":[{\"@type\":\"SearchAction\",\"target\":{\"@type\":\"EntryPoint\",\"urlTemplate\":\"https:\/\/www.diocesitn.it\/area-testimonianza\/?s={search_term_string}\"},\"query-input\":\"required name=search_term_string\"}],\"inLanguage\":\"it-IT\"},{\"@type\":[\"Organization\",\"Place\"],\"@id\":\"https:\/\/www.diocesitn.it\/area-testimonianza\/#organization\",\"name\":\"Area Testimonianza e Impegno Sociale - Chiesa di Trento\",\"url\":\"https:\/\/www.diocesitn.it\/area-testimonianza\/\",\"logo\":{\"@id\":\"https:\/\/www.diocesitn.it\/area-testimonianza\/2024\/05\/01\/pasqua-ortodossa-gli-auguri-del-vescovo-lauro-la-luce-della-risurrezione-ha-ancora-la-capacita-di-portare-luce-la-dove-sembra-esserci-solo-il-buio\/#local-main-organization-logo\"},\"image\":{\"@id\":\"https:\/\/www.diocesitn.it\/area-testimonianza\/2024\/05\/01\/pasqua-ortodossa-gli-auguri-del-vescovo-lauro-la-luce-della-risurrezione-ha-ancora-la-capacita-di-portare-luce-la-dove-sembra-esserci-solo-il-buio\/#local-main-organization-logo\"},\"openingHoursSpecification\":[{\"@type\":\"OpeningHoursSpecification\",\"dayOfWeek\":[\"Monday\",\"Tuesday\",\"Wednesday\",\"Thursday\",\"Friday\",\"Saturday\",\"Sunday\"],\"opens\":\"09:00\",\"closes\":\"17:00\"}]},{\"@type\":\"ImageObject\",\"inLanguage\":\"it-IT\",\"@id\":\"https:\/\/www.diocesitn.it\/area-testimonianza\/2024\/05\/01\/pasqua-ortodossa-gli-auguri-del-vescovo-lauro-la-luce-della-risurrezione-ha-ancora-la-capacita-di-portare-luce-la-dove-sembra-esserci-solo-il-buio\/#local-main-organization-logo\",\"url\":\"https:\/\/www.diocesitn.it\/area-testimonianza\/wp-content\/uploads\/sites\/37\/2021\/09\/og-logo-testimonianza-e-impegno-sociale.jpg\",\"contentUrl\":\"https:\/\/www.diocesitn.it\/area-testimonianza\/wp-content\/uploads\/sites\/37\/2021\/09\/og-logo-testimonianza-e-impegno-sociale.jpg\",\"width\":1200,\"height\":630,\"caption\":\"Area Testimonianza e Impegno Sociale - Chiesa di Trento\"}]}<\/script>\n<!-- \/ Yoast SEO Premium plugin. -->","yoast_head_json":{"title":"Pasqua ortodossa, gli auguri del vescovo Lauro: \"La luce della Risurrezione ha ancora la capacit\u00e0 di portare luce l\u00e0 dove sembra esserci solo il buio\" - Testimonianza e Impegno sociale","robots":{"index":"index","follow":"follow","max-snippet":"max-snippet:-1","max-image-preview":"max-image-preview:large","max-video-preview":"max-video-preview:-1"},"canonical":"https:\/\/www.diocesitn.it\/area-testimonianza\/2024\/05\/01\/pasqua-ortodossa-gli-auguri-del-vescovo-lauro-la-luce-della-risurrezione-ha-ancora-la-capacita-di-portare-luce-la-dove-sembra-esserci-solo-il-buio\/","og_locale":"it_IT","og_type":"article","og_title":"Pasqua ortodossa, gli auguri del vescovo Lauro: \"La luce della Risurrezione ha ancora la capacit\u00e0 di portare luce l\u00e0 dove sembra esserci solo il buio\"","og_description":"Si celebra\u00a0domenica 5 maggio la\u00a0Pasqua ortodossa. Anche quest\u2019anno l\u2019arcivescovo Lauro Tisi ha inviato un messaggio pasquale a tutte le Chiese Ortodosse presenti in Trentino. Ecco il testo integrale. Carissimi padri e diaconi, carissimi fratelli, carissime","og_url":"https:\/\/www.diocesitn.it\/area-testimonianza\/2024\/05\/01\/pasqua-ortodossa-gli-auguri-del-vescovo-lauro-la-luce-della-risurrezione-ha-ancora-la-capacita-di-portare-luce-la-dove-sembra-esserci-solo-il-buio\/","og_site_name":"Testimonianza e Impegno sociale","article_published_time":"2024-05-01T19:10:13+00:00","article_modified_time":"2024-05-09T07:22:12+00:00","og_image":[{"width":530,"height":330,"url":"https:\/\/www.diocesitn.it\/area-testimonianza\/wp-content\/uploads\/sites\/37\/2018\/02\/pasqua-ortodosso-rumena.jpg","type":"image\/jpeg"}],"author":"losspapot","twitter_card":"summary_large_image","twitter_misc":{"Scritto da":"losspapot","Tempo di lettura stimato":"1 minuto"},"schema":{"@context":"https:\/\/schema.org","@graph":[{"@type":"Article","@id":"https:\/\/www.diocesitn.it\/area-testimonianza\/2024\/05\/01\/pasqua-ortodossa-gli-auguri-del-vescovo-lauro-la-luce-della-risurrezione-ha-ancora-la-capacita-di-portare-luce-la-dove-sembra-esserci-solo-il-buio\/#article","isPartOf":{"@id":"https:\/\/www.diocesitn.it\/area-testimonianza\/2024\/05\/01\/pasqua-ortodossa-gli-auguri-del-vescovo-lauro-la-luce-della-risurrezione-ha-ancora-la-capacita-di-portare-luce-la-dove-sembra-esserci-solo-il-buio\/"},"author":{"name":"losspapot","@id":"https:\/\/www.diocesitn.it\/area-testimonianza\/#\/schema\/person\/3526ceacb35e1aa4c86252e45adfad22"},"headline":"Pasqua ortodossa, gli auguri del vescovo Lauro: &#8220;La luce della Risurrezione ha ancora la capacit\u00e0 di portare luce l\u00e0 dove sembra esserci solo il buio&#8221;","datePublished":"2024-05-01T19:10:13+00:00","dateModified":"2024-05-09T07:22:12+00:00","mainEntityOfPage":{"@id":"https:\/\/www.diocesitn.it\/area-testimonianza\/2024\/05\/01\/pasqua-ortodossa-gli-auguri-del-vescovo-lauro-la-luce-della-risurrezione-ha-ancora-la-capacita-di-portare-luce-la-dove-sembra-esserci-solo-il-buio\/"},"wordCount":412,"publisher":{"@id":"https:\/\/www.diocesitn.it\/area-testimonianza\/#organization"},"image":{"@id":"https:\/\/www.diocesitn.it\/area-testimonianza\/2024\/05\/01\/pasqua-ortodossa-gli-auguri-del-vescovo-lauro-la-luce-della-risurrezione-ha-ancora-la-capacita-di-portare-luce-la-dove-sembra-esserci-solo-il-buio\/#primaryimage"},"thumbnailUrl":"https:\/\/www.diocesitn.it\/area-testimonianza\/wp-content\/uploads\/sites\/37\/2018\/02\/pasqua-ortodosso-rumena.jpg","keywords":["pasqua ortodossa trento","pasqua ortodossa vescovo lauro"],"articleSection":["Ecumenismo e Dialogo interreligioso","Notizie"],"inLanguage":"it-IT","copyrightYear":"2024","copyrightHolder":{"@id":"https:\/\/www.diocesitn.it\/#organization"}},{"@type":"WebPage","@id":"https:\/\/www.diocesitn.it\/area-testimonianza\/2024\/05\/01\/pasqua-ortodossa-gli-auguri-del-vescovo-lauro-la-luce-della-risurrezione-ha-ancora-la-capacita-di-portare-luce-la-dove-sembra-esserci-solo-il-buio\/","url":"https:\/\/www.diocesitn.it\/area-testimonianza\/2024\/05\/01\/pasqua-ortodossa-gli-auguri-del-vescovo-lauro-la-luce-della-risurrezione-ha-ancora-la-capacita-di-portare-luce-la-dove-sembra-esserci-solo-il-buio\/","name":"Pasqua ortodossa, gli auguri del vescovo Lauro: \"La luce della Risurrezione ha ancora la capacit\u00e0 di portare luce l\u00e0 dove sembra esserci solo il buio\" - Testimonianza e Impegno sociale","isPartOf":{"@id":"https:\/\/www.diocesitn.it\/area-testimonianza\/#website"},"primaryImageOfPage":{"@id":"https:\/\/www.diocesitn.it\/area-testimonianza\/2024\/05\/01\/pasqua-ortodossa-gli-auguri-del-vescovo-lauro-la-luce-della-risurrezione-ha-ancora-la-capacita-di-portare-luce-la-dove-sembra-esserci-solo-il-buio\/#primaryimage"},"image":{"@id":"https:\/\/www.diocesitn.it\/area-testimonianza\/2024\/05\/01\/pasqua-ortodossa-gli-auguri-del-vescovo-lauro-la-luce-della-risurrezione-ha-ancora-la-capacita-di-portare-luce-la-dove-sembra-esserci-solo-il-buio\/#primaryimage"},"thumbnailUrl":"https:\/\/www.diocesitn.it\/area-testimonianza\/wp-content\/uploads\/sites\/37\/2018\/02\/pasqua-ortodosso-rumena.jpg","datePublished":"2024-05-01T19:10:13+00:00","dateModified":"2024-05-09T07:22:12+00:00","breadcrumb":{"@id":"https:\/\/www.diocesitn.it\/area-testimonianza\/2024\/05\/01\/pasqua-ortodossa-gli-auguri-del-vescovo-lauro-la-luce-della-risurrezione-ha-ancora-la-capacita-di-portare-luce-la-dove-sembra-esserci-solo-il-buio\/#breadcrumb"},"inLanguage":"it-IT","potentialAction":[{"@type":"ReadAction","target":["https:\/\/www.diocesitn.it\/area-testimonianza\/2024\/05\/01\/pasqua-ortodossa-gli-auguri-del-vescovo-lauro-la-luce-della-risurrezione-ha-ancora-la-capacita-di-portare-luce-la-dove-sembra-esserci-solo-il-buio\/"]}]},{"@type":"ImageObject","inLanguage":"it-IT","@id":"https:\/\/www.diocesitn.it\/area-testimonianza\/2024\/05\/01\/pasqua-ortodossa-gli-auguri-del-vescovo-lauro-la-luce-della-risurrezione-ha-ancora-la-capacita-di-portare-luce-la-dove-sembra-esserci-solo-il-buio\/#primaryimage","url":"https:\/\/www.diocesitn.it\/area-testimonianza\/wp-content\/uploads\/sites\/37\/2018\/02\/pasqua-ortodosso-rumena.jpg","contentUrl":"https:\/\/www.diocesitn.it\/area-testimonianza\/wp-content\/uploads\/sites\/37\/2018\/02\/pasqua-ortodosso-rumena.jpg","width":530,"height":330},{"@type":"BreadcrumbList","@id":"https:\/\/www.diocesitn.it\/area-testimonianza\/2024\/05\/01\/pasqua-ortodossa-gli-auguri-del-vescovo-lauro-la-luce-della-risurrezione-ha-ancora-la-capacita-di-portare-luce-la-dove-sembra-esserci-solo-il-buio\/#breadcrumb","itemListElement":[{"@type":"ListItem","position":1,"name":"Home","item":"https:\/\/www.diocesitn.it\/area-testimonianza\/"},{"@type":"ListItem","position":2,"name":"Pasqua ortodossa, gli auguri del vescovo Lauro: &#8220;La luce della Risurrezione ha ancora la capacit\u00e0 di portare luce l\u00e0 dove sembra esserci solo il buio&#8221;"}]},{"@type":"WebSite","@id":"https:\/\/www.diocesitn.it\/area-testimonianza\/#website","url":"https:\/\/www.diocesitn.it\/area-testimonianza\/","name":"Testimonianza e Impegno sociale","description":"Chiesa di Trento","publisher":{"@id":"https:\/\/www.diocesitn.it\/area-testimonianza\/#organization"},"potentialAction":[{"@type":"SearchAction","target":{"@type":"EntryPoint","urlTemplate":"https:\/\/www.diocesitn.it\/area-testimonianza\/?s={search_term_string}"},"query-input":"required name=search_term_string"}],"inLanguage":"it-IT"},{"@type":["Organization","Place"],"@id":"https:\/\/www.diocesitn.it\/area-testimonianza\/#organization","name":"Area Testimonianza e Impegno Sociale - Chiesa di Trento","url":"https:\/\/www.diocesitn.it\/area-testimonianza\/","logo":{"@id":"https:\/\/www.diocesitn.it\/area-testimonianza\/2024\/05\/01\/pasqua-ortodossa-gli-auguri-del-vescovo-lauro-la-luce-della-risurrezione-ha-ancora-la-capacita-di-portare-luce-la-dove-sembra-esserci-solo-il-buio\/#local-main-organization-logo"},"image":{"@id":"https:\/\/www.diocesitn.it\/area-testimonianza\/2024\/05\/01\/pasqua-ortodossa-gli-auguri-del-vescovo-lauro-la-luce-della-risurrezione-ha-ancora-la-capacita-di-portare-luce-la-dove-sembra-esserci-solo-il-buio\/#local-main-organization-logo"},"openingHoursSpecification":[{"@type":"OpeningHoursSpecification","dayOfWeek":["Monday","Tuesday","Wednesday","Thursday","Friday","Saturday","Sunday"],"opens":"09:00","closes":"17:00"}]},{"@type":"ImageObject","inLanguage":"it-IT","@id":"https:\/\/www.diocesitn.it\/area-testimonianza\/2024\/05\/01\/pasqua-ortodossa-gli-auguri-del-vescovo-lauro-la-luce-della-risurrezione-ha-ancora-la-capacita-di-portare-luce-la-dove-sembra-esserci-solo-il-buio\/#local-main-organization-logo","url":"https:\/\/www.diocesitn.it\/area-testimonianza\/wp-content\/uploads\/sites\/37\/2021\/09\/og-logo-testimonianza-e-impegno-sociale.jpg","contentUrl":"https:\/\/www.diocesitn.it\/area-testimonianza\/wp-content\/uploads\/sites\/37\/2021\/09\/og-logo-testimonianza-e-impegno-sociale.jpg","width":1200,"height":630,"caption":"Area Testimonianza e Impegno Sociale - Chiesa di Trento"}]}},"_links":{"self":[{"href":"https:\/\/www.diocesitn.it\/area-testimonianza\/wp-json\/wp\/v2\/posts\/15088","targetHints":{"allow":["GET"]}}],"collection":[{"href":"https:\/\/www.diocesitn.it\/area-testimonianza\/wp-json\/wp\/v2\/posts"}],"about":[{"href":"https:\/\/www.diocesitn.it\/area-testimonianza\/wp-json\/wp\/v2\/types\/post"}],"author":[{"embeddable":true,"href":"https:\/\/www.diocesitn.it\/area-testimonianza\/wp-json\/wp\/v2\/users\/168"}],"replies":[{"embeddable":true,"href":"https:\/\/www.diocesitn.it\/area-testimonianza\/wp-json\/wp\/v2\/comments?post=15088"}],"version-history":[{"count":1,"href":"https:\/\/www.diocesitn.it\/area-testimonianza\/wp-json\/wp\/v2\/posts\/15088\/revisions"}],"predecessor-version":[{"id":15100,"href":"https:\/\/www.diocesitn.it\/area-testimonianza\/wp-json\/wp\/v2\/posts\/15088\/revisions\/15100"}],"wp:featuredmedia":[{"embeddable":true,"href":"https:\/\/www.diocesitn.it\/area-testimonianza\/wp-json\/wp\/v2\/media\/2270"}],"wp:attachment":[{"href":"https:\/\/www.diocesitn.it\/area-testimonianza\/wp-json\/wp\/v2\/media?parent=15088"}],"wp:term":[{"taxonomy":"category","embeddable":true,"href":"https:\/\/www.diocesitn.it\/area-testimonianza\/wp-json\/wp\/v2\/categories?post=15088"},{"taxonomy":"post_tag","embeddable":true,"href":"https:\/\/www.diocesitn.it\/area-testimonianza\/wp-json\/wp\/v2\/tags?post=15088"}],"curies":[{"name":"wp","href":"https:\/\/api.w.org\/{rel}","templated":true}]}}