{"id":15047,"date":"2024-04-29T10:19:28","date_gmt":"2024-04-29T08:19:28","guid":{"rendered":"https:\/\/www.diocesitn.it\/area-testimonianza\/2024\/04\/29\/1-maggio-festa-di-san-giuseppe-lavoratore-il-vescovo-lauro-sara-a-ziano-nella-segheria-della-magnifica-comunita\/"},"modified":"2024-12-18T13:52:07","modified_gmt":"2024-12-18T12:52:07","slug":"1-maggio-festa-di-san-giuseppe-lavoratore-il-vescovo-lauro-sara-a-ziano-nella-segheria-della-magnifica-comunita","status":"publish","type":"post","link":"https:\/\/www.diocesitn.it\/area-testimonianza\/2024\/04\/29\/1-maggio-festa-di-san-giuseppe-lavoratore-il-vescovo-lauro-sara-a-ziano-nella-segheria-della-magnifica-comunita\/","title":{"rendered":"1 maggio, festa di San Giuseppe lavoratore: il vescovo Lauro sar\u00e0 a Ziano nella segheria della Magnifica Comunit\u00e0"},"content":{"rendered":"<p><a href=\"https:\/\/www.diocesitn.it\/wp-content\/uploads\/2024\/04\/Locandina-Messa-Vescovo-1-maggio-2024-scaled.jpg\" target=\"_blank\" rel=\"noopener\"><img loading=\"lazy\" decoding=\"async\" class=\"size-medium wp-image-15051 alignleft\" src=\"https:\/\/www.diocesitn.it\/area-testimonianza\/wp-content\/uploads\/sites\/37\/2024\/04\/Locandina-Messa-Vescovo-1-maggio-2024-scaled-1-212x300.jpg\" alt=\"\" width=\"212\" height=\"300\" srcset=\"https:\/\/www.diocesitn.it\/area-testimonianza\/wp-content\/uploads\/sites\/37\/2024\/04\/Locandina-Messa-Vescovo-1-maggio-2024-scaled-1-212x300.jpg 212w, https:\/\/www.diocesitn.it\/area-testimonianza\/wp-content\/uploads\/sites\/37\/2024\/04\/Locandina-Messa-Vescovo-1-maggio-2024-scaled-1-723x1024.jpg 723w, https:\/\/www.diocesitn.it\/area-testimonianza\/wp-content\/uploads\/sites\/37\/2024\/04\/Locandina-Messa-Vescovo-1-maggio-2024-scaled-1-768x1087.jpg 768w, https:\/\/www.diocesitn.it\/area-testimonianza\/wp-content\/uploads\/sites\/37\/2024\/04\/Locandina-Messa-Vescovo-1-maggio-2024-scaled-1-198x280.jpg 198w, https:\/\/www.diocesitn.it\/area-testimonianza\/wp-content\/uploads\/sites\/37\/2024\/04\/Locandina-Messa-Vescovo-1-maggio-2024-scaled-1-542x768.jpg 542w, https:\/\/www.diocesitn.it\/area-testimonianza\/wp-content\/uploads\/sites\/37\/2024\/04\/Locandina-Messa-Vescovo-1-maggio-2024-scaled-1-1085x1536.jpg 1085w, https:\/\/www.diocesitn.it\/area-testimonianza\/wp-content\/uploads\/sites\/37\/2024\/04\/Locandina-Messa-Vescovo-1-maggio-2024-scaled-1-1446x2048.jpg 1446w, https:\/\/www.diocesitn.it\/area-testimonianza\/wp-content\/uploads\/sites\/37\/2024\/04\/Locandina-Messa-Vescovo-1-maggio-2024-scaled-1-800x1133.jpg 800w, https:\/\/www.diocesitn.it\/area-testimonianza\/wp-content\/uploads\/sites\/37\/2024\/04\/Locandina-Messa-Vescovo-1-maggio-2024-scaled-1-1200x1699.jpg 1200w, https:\/\/www.diocesitn.it\/area-testimonianza\/wp-content\/uploads\/sites\/37\/2024\/04\/Locandina-Messa-Vescovo-1-maggio-2024-scaled-1-1320x1869.jpg 1320w, https:\/\/www.diocesitn.it\/area-testimonianza\/wp-content\/uploads\/sites\/37\/2024\/04\/Locandina-Messa-Vescovo-1-maggio-2024-scaled-1.jpg 1808w\" sizes=\"auto, (max-width: 212px) 100vw, 212px\" \/><\/a>Nel giorno in cui la Chiesa celebra la\u00a0<strong>festa di San Giuseppe lavoratore<\/strong>,\u00a0<strong>mercoled\u00ec 1 maggio<\/strong>, che \u00e8 anche festa dei lavoratori, il vescovo Lauro celebrer\u00e0 quest&#8217;anno la messa nella\u00a0<strong>segheria della Magnifica Comunit\u00e0 a Ziano di Fiemme <\/strong>(in foto), proseguendo la &#8220;tradizione&#8221; della celebrazione, ogni anno in quest&#8217;occasione, in un&#8217;azienda trentina.<\/p>\n<p>Il vescovo Lauro intende cos\u00ec far visita al mondo del lavoro e dell\u2019imprenditoria del territorio e testimoniare la stima e la vicinanza della comunit\u00e0 cristiana verso queste realt\u00e0 fondamentali della societ\u00e0.<\/p>\n<p>L&#8217;appuntamento, esteso dai parroci della Val di Fiemme (don Albino Dell&#8217;Eva, don Giorgio Broilo e don Gianni Damolin) a tutte le comunit\u00e0 e tutta la popolazione sar\u00e0 alle ore 10 presso la segheria in zona artigianale.<\/p>\n<p>&nbsp;<\/p>\n","protected":false},"excerpt":{"rendered":"<p>Nel giorno in cui la Chiesa celebra la\u00a0festa di San Giuseppe lavoratore,\u00a0mercoled\u00ec 1 maggio, che \u00e8 anche festa dei lavoratori, il vescovo Lauro celebrer\u00e0 quest&#8217;anno la messa nella\u00a0segheria della Magnifica Comunit\u00e0 a Ziano di Fiemme<\/p>\n","protected":false},"author":168,"featured_media":15049,"comment_status":"closed","ping_status":"closed","sticky":false,"template":"","format":"standard","meta":{"footnotes":""},"categories":[1074,2252],"tags":[2281,2456,2276,1423,2277],"class_list":["post-15047","post","type-post","status-publish","format-standard","has-post-thumbnail","hentry","category-notizie","category-servizio-sociale-lavoro","tag-1-maggio","tag-festa-del-lavoro","tag-val-di-fiemme","tag-vescovo-lauro","tag-ziano-di-fiemme"],"acf":{"seed-localization-paese-cod":"IT","seed-localization-address":"","seed-localization-citta":"Trento","seed-localization-regione-cod-istat":"04","seed-localization-citta-cod-istat":"022205","seed-localization-localita":"","seed-localization-cap":"","seed-localization-marker-visibility":false,"seed-localization-children-visibility":false,"seed-localization-kml":"","seed-localization-custom-marker":""},"yoast_head":"<!-- This site is optimized with the Yoast SEO Premium plugin v20.2.1 (Yoast SEO v22.2) - https:\/\/yoast.com\/wordpress\/plugins\/seo\/ -->\n<title>1 maggio, festa di San Giuseppe lavoratore: il vescovo Lauro sar\u00e0 a Ziano nella segheria della Magnifica Comunit\u00e0 - Testimonianza e Impegno sociale<\/title>\n<meta name=\"robots\" content=\"index, follow, max-snippet:-1, max-image-preview:large, max-video-preview:-1\" \/>\n<link rel=\"canonical\" href=\"https:\/\/www.diocesitn.it\/area-testimonianza\/2024\/04\/29\/1-maggio-festa-di-san-giuseppe-lavoratore-il-vescovo-lauro-sara-a-ziano-nella-segheria-della-magnifica-comunita\/\" \/>\n<meta property=\"og:locale\" content=\"it_IT\" \/>\n<meta property=\"og:type\" content=\"article\" \/>\n<meta property=\"og:title\" content=\"1 maggio, festa di San Giuseppe lavoratore: il vescovo Lauro sar\u00e0 a Ziano nella segheria della Magnifica Comunit\u00e0\" \/>\n<meta property=\"og:description\" content=\"Nel giorno in cui la Chiesa celebra la\u00a0festa di San Giuseppe lavoratore,\u00a0mercoled\u00ec 1 maggio, che \u00e8 anche festa dei lavoratori, il vescovo Lauro celebrer\u00e0 quest&#8217;anno la messa nella\u00a0segheria della Magnifica Comunit\u00e0 a Ziano di Fiemme\" \/>\n<meta property=\"og:url\" content=\"https:\/\/www.diocesitn.it\/area-testimonianza\/2024\/04\/29\/1-maggio-festa-di-san-giuseppe-lavoratore-il-vescovo-lauro-sara-a-ziano-nella-segheria-della-magnifica-comunita\/\" \/>\n<meta property=\"og:site_name\" content=\"Testimonianza e Impegno sociale\" \/>\n<meta property=\"article:published_time\" content=\"2024-04-29T08:19:28+00:00\" \/>\n<meta property=\"article:modified_time\" content=\"2024-12-18T12:52:07+00:00\" \/>\n<meta property=\"og:image\" content=\"https:\/\/www.diocesitn.it\/area-testimonianza\/wp-content\/uploads\/sites\/37\/2024\/04\/Segheria_Drone-1200x667-1.jpg\" \/>\n\t<meta property=\"og:image:width\" content=\"1200\" \/>\n\t<meta property=\"og:image:height\" content=\"667\" \/>\n\t<meta property=\"og:image:type\" content=\"image\/jpeg\" \/>\n<meta name=\"author\" content=\"losspapot\" \/>\n<meta name=\"twitter:card\" content=\"summary_large_image\" \/>\n<meta name=\"twitter:label1\" content=\"Scritto da\" \/>\n\t<meta name=\"twitter:data1\" content=\"losspapot\" \/>\n\t<meta name=\"twitter:label2\" content=\"Tempo di lettura stimato\" \/>\n\t<meta name=\"twitter:data2\" content=\"2 minuti\" \/>\n<script type=\"application\/ld+json\" class=\"yoast-schema-graph\">{\"@context\":\"https:\/\/schema.org\",\"@graph\":[{\"@type\":\"Article\",\"@id\":\"https:\/\/www.diocesitn.it\/area-testimonianza\/2024\/04\/29\/1-maggio-festa-di-san-giuseppe-lavoratore-il-vescovo-lauro-sara-a-ziano-nella-segheria-della-magnifica-comunita\/#article\",\"isPartOf\":{\"@id\":\"https:\/\/www.diocesitn.it\/area-testimonianza\/2024\/04\/29\/1-maggio-festa-di-san-giuseppe-lavoratore-il-vescovo-lauro-sara-a-ziano-nella-segheria-della-magnifica-comunita\/\"},\"author\":{\"name\":\"losspapot\",\"@id\":\"https:\/\/www.diocesitn.it\/area-testimonianza\/#\/schema\/person\/3526ceacb35e1aa4c86252e45adfad22\"},\"headline\":\"1 maggio, festa di San Giuseppe lavoratore: il vescovo Lauro sar\u00e0 a Ziano nella segheria della Magnifica Comunit\u00e0\",\"datePublished\":\"2024-04-29T08:19:28+00:00\",\"dateModified\":\"2024-12-18T12:52:07+00:00\",\"mainEntityOfPage\":{\"@id\":\"https:\/\/www.diocesitn.it\/area-testimonianza\/2024\/04\/29\/1-maggio-festa-di-san-giuseppe-lavoratore-il-vescovo-lauro-sara-a-ziano-nella-segheria-della-magnifica-comunita\/\"},\"wordCount\":135,\"publisher\":{\"@id\":\"https:\/\/www.diocesitn.it\/area-testimonianza\/#organization\"},\"image\":{\"@id\":\"https:\/\/www.diocesitn.it\/area-testimonianza\/2024\/04\/29\/1-maggio-festa-di-san-giuseppe-lavoratore-il-vescovo-lauro-sara-a-ziano-nella-segheria-della-magnifica-comunita\/#primaryimage\"},\"thumbnailUrl\":\"https:\/\/www.diocesitn.it\/area-testimonianza\/wp-content\/uploads\/sites\/37\/2024\/04\/Segheria_Drone-1200x667-1.jpg\",\"keywords\":[\"1\u00b0 maggio\",\"Festa del lavoro\",\"Val di Fiemme\",\"vescovo Lauro\",\"Ziano di Fiemme\"],\"articleSection\":[\"Notizie\",\"Pastorale Sociale e del Lavoro\"],\"inLanguage\":\"it-IT\",\"copyrightYear\":\"2024\",\"copyrightHolder\":{\"@id\":\"https:\/\/www.diocesitn.it\/#organization\"}},{\"@type\":\"WebPage\",\"@id\":\"https:\/\/www.diocesitn.it\/area-testimonianza\/2024\/04\/29\/1-maggio-festa-di-san-giuseppe-lavoratore-il-vescovo-lauro-sara-a-ziano-nella-segheria-della-magnifica-comunita\/\",\"url\":\"https:\/\/www.diocesitn.it\/area-testimonianza\/2024\/04\/29\/1-maggio-festa-di-san-giuseppe-lavoratore-il-vescovo-lauro-sara-a-ziano-nella-segheria-della-magnifica-comunita\/\",\"name\":\"1 maggio, festa di San Giuseppe lavoratore: il vescovo Lauro sar\u00e0 a Ziano nella segheria della Magnifica Comunit\u00e0 - Testimonianza e Impegno sociale\",\"isPartOf\":{\"@id\":\"https:\/\/www.diocesitn.it\/area-testimonianza\/#website\"},\"primaryImageOfPage\":{\"@id\":\"https:\/\/www.diocesitn.it\/area-testimonianza\/2024\/04\/29\/1-maggio-festa-di-san-giuseppe-lavoratore-il-vescovo-lauro-sara-a-ziano-nella-segheria-della-magnifica-comunita\/#primaryimage\"},\"image\":{\"@id\":\"https:\/\/www.diocesitn.it\/area-testimonianza\/2024\/04\/29\/1-maggio-festa-di-san-giuseppe-lavoratore-il-vescovo-lauro-sara-a-ziano-nella-segheria-della-magnifica-comunita\/#primaryimage\"},\"thumbnailUrl\":\"https:\/\/www.diocesitn.it\/area-testimonianza\/wp-content\/uploads\/sites\/37\/2024\/04\/Segheria_Drone-1200x667-1.jpg\",\"datePublished\":\"2024-04-29T08:19:28+00:00\",\"dateModified\":\"2024-12-18T12:52:07+00:00\",\"breadcrumb\":{\"@id\":\"https:\/\/www.diocesitn.it\/area-testimonianza\/2024\/04\/29\/1-maggio-festa-di-san-giuseppe-lavoratore-il-vescovo-lauro-sara-a-ziano-nella-segheria-della-magnifica-comunita\/#breadcrumb\"},\"inLanguage\":\"it-IT\",\"potentialAction\":[{\"@type\":\"ReadAction\",\"target\":[\"https:\/\/www.diocesitn.it\/area-testimonianza\/2024\/04\/29\/1-maggio-festa-di-san-giuseppe-lavoratore-il-vescovo-lauro-sara-a-ziano-nella-segheria-della-magnifica-comunita\/\"]}]},{\"@type\":\"ImageObject\",\"inLanguage\":\"it-IT\",\"@id\":\"https:\/\/www.diocesitn.it\/area-testimonianza\/2024\/04\/29\/1-maggio-festa-di-san-giuseppe-lavoratore-il-vescovo-lauro-sara-a-ziano-nella-segheria-della-magnifica-comunita\/#primaryimage\",\"url\":\"https:\/\/www.diocesitn.it\/area-testimonianza\/wp-content\/uploads\/sites\/37\/2024\/04\/Segheria_Drone-1200x667-1.jpg\",\"contentUrl\":\"https:\/\/www.diocesitn.it\/area-testimonianza\/wp-content\/uploads\/sites\/37\/2024\/04\/Segheria_Drone-1200x667-1.jpg\",\"width\":1200,\"height\":667},{\"@type\":\"BreadcrumbList\",\"@id\":\"https:\/\/www.diocesitn.it\/area-testimonianza\/2024\/04\/29\/1-maggio-festa-di-san-giuseppe-lavoratore-il-vescovo-lauro-sara-a-ziano-nella-segheria-della-magnifica-comunita\/#breadcrumb\",\"itemListElement\":[{\"@type\":\"ListItem\",\"position\":1,\"name\":\"Home\",\"item\":\"https:\/\/www.diocesitn.it\/area-testimonianza\/\"},{\"@type\":\"ListItem\",\"position\":2,\"name\":\"1 maggio, festa di San Giuseppe lavoratore: il vescovo Lauro sar\u00e0 a Ziano nella segheria della Magnifica Comunit\u00e0\"}]},{\"@type\":\"WebSite\",\"@id\":\"https:\/\/www.diocesitn.it\/area-testimonianza\/#website\",\"url\":\"https:\/\/www.diocesitn.it\/area-testimonianza\/\",\"name\":\"Testimonianza e Impegno sociale\",\"description\":\"Chiesa di Trento\",\"publisher\":{\"@id\":\"https:\/\/www.diocesitn.it\/area-testimonianza\/#organization\"},\"potentialAction\":[{\"@type\":\"SearchAction\",\"target\":{\"@type\":\"EntryPoint\",\"urlTemplate\":\"https:\/\/www.diocesitn.it\/area-testimonianza\/?s={search_term_string}\"},\"query-input\":\"required name=search_term_string\"}],\"inLanguage\":\"it-IT\"},{\"@type\":[\"Organization\",\"Place\"],\"@id\":\"https:\/\/www.diocesitn.it\/area-testimonianza\/#organization\",\"name\":\"Area Testimonianza e Impegno Sociale - Chiesa di Trento\",\"url\":\"https:\/\/www.diocesitn.it\/area-testimonianza\/\",\"logo\":{\"@id\":\"https:\/\/www.diocesitn.it\/area-testimonianza\/2024\/04\/29\/1-maggio-festa-di-san-giuseppe-lavoratore-il-vescovo-lauro-sara-a-ziano-nella-segheria-della-magnifica-comunita\/#local-main-organization-logo\"},\"image\":{\"@id\":\"https:\/\/www.diocesitn.it\/area-testimonianza\/2024\/04\/29\/1-maggio-festa-di-san-giuseppe-lavoratore-il-vescovo-lauro-sara-a-ziano-nella-segheria-della-magnifica-comunita\/#local-main-organization-logo\"},\"openingHoursSpecification\":[{\"@type\":\"OpeningHoursSpecification\",\"dayOfWeek\":[\"Monday\",\"Tuesday\",\"Wednesday\",\"Thursday\",\"Friday\",\"Saturday\",\"Sunday\"],\"opens\":\"09:00\",\"closes\":\"17:00\"}]},{\"@type\":\"ImageObject\",\"inLanguage\":\"it-IT\",\"@id\":\"https:\/\/www.diocesitn.it\/area-testimonianza\/2024\/04\/29\/1-maggio-festa-di-san-giuseppe-lavoratore-il-vescovo-lauro-sara-a-ziano-nella-segheria-della-magnifica-comunita\/#local-main-organization-logo\",\"url\":\"https:\/\/www.diocesitn.it\/area-testimonianza\/wp-content\/uploads\/sites\/37\/2021\/09\/og-logo-testimonianza-e-impegno-sociale.jpg\",\"contentUrl\":\"https:\/\/www.diocesitn.it\/area-testimonianza\/wp-content\/uploads\/sites\/37\/2021\/09\/og-logo-testimonianza-e-impegno-sociale.jpg\",\"width\":1200,\"height\":630,\"caption\":\"Area Testimonianza e Impegno Sociale - Chiesa di Trento\"}]}<\/script>\n<!-- \/ Yoast SEO Premium plugin. -->","yoast_head_json":{"title":"1 maggio, festa di San Giuseppe lavoratore: il vescovo Lauro sar\u00e0 a Ziano nella segheria della Magnifica Comunit\u00e0 - Testimonianza e Impegno sociale","robots":{"index":"index","follow":"follow","max-snippet":"max-snippet:-1","max-image-preview":"max-image-preview:large","max-video-preview":"max-video-preview:-1"},"canonical":"https:\/\/www.diocesitn.it\/area-testimonianza\/2024\/04\/29\/1-maggio-festa-di-san-giuseppe-lavoratore-il-vescovo-lauro-sara-a-ziano-nella-segheria-della-magnifica-comunita\/","og_locale":"it_IT","og_type":"article","og_title":"1 maggio, festa di San Giuseppe lavoratore: il vescovo Lauro sar\u00e0 a Ziano nella segheria della Magnifica Comunit\u00e0","og_description":"Nel giorno in cui la Chiesa celebra la\u00a0festa di San Giuseppe lavoratore,\u00a0mercoled\u00ec 1 maggio, che \u00e8 anche festa dei lavoratori, il vescovo Lauro celebrer\u00e0 quest&#8217;anno la messa nella\u00a0segheria della Magnifica Comunit\u00e0 a Ziano di Fiemme","og_url":"https:\/\/www.diocesitn.it\/area-testimonianza\/2024\/04\/29\/1-maggio-festa-di-san-giuseppe-lavoratore-il-vescovo-lauro-sara-a-ziano-nella-segheria-della-magnifica-comunita\/","og_site_name":"Testimonianza e Impegno sociale","article_published_time":"2024-04-29T08:19:28+00:00","article_modified_time":"2024-12-18T12:52:07+00:00","og_image":[{"width":1200,"height":667,"url":"https:\/\/www.diocesitn.it\/area-testimonianza\/wp-content\/uploads\/sites\/37\/2024\/04\/Segheria_Drone-1200x667-1.jpg","type":"image\/jpeg"}],"author":"losspapot","twitter_card":"summary_large_image","twitter_misc":{"Scritto da":"losspapot","Tempo di lettura stimato":"2 minuti"},"schema":{"@context":"https:\/\/schema.org","@graph":[{"@type":"Article","@id":"https:\/\/www.diocesitn.it\/area-testimonianza\/2024\/04\/29\/1-maggio-festa-di-san-giuseppe-lavoratore-il-vescovo-lauro-sara-a-ziano-nella-segheria-della-magnifica-comunita\/#article","isPartOf":{"@id":"https:\/\/www.diocesitn.it\/area-testimonianza\/2024\/04\/29\/1-maggio-festa-di-san-giuseppe-lavoratore-il-vescovo-lauro-sara-a-ziano-nella-segheria-della-magnifica-comunita\/"},"author":{"name":"losspapot","@id":"https:\/\/www.diocesitn.it\/area-testimonianza\/#\/schema\/person\/3526ceacb35e1aa4c86252e45adfad22"},"headline":"1 maggio, festa di San Giuseppe lavoratore: il vescovo Lauro sar\u00e0 a Ziano nella segheria della Magnifica Comunit\u00e0","datePublished":"2024-04-29T08:19:28+00:00","dateModified":"2024-12-18T12:52:07+00:00","mainEntityOfPage":{"@id":"https:\/\/www.diocesitn.it\/area-testimonianza\/2024\/04\/29\/1-maggio-festa-di-san-giuseppe-lavoratore-il-vescovo-lauro-sara-a-ziano-nella-segheria-della-magnifica-comunita\/"},"wordCount":135,"publisher":{"@id":"https:\/\/www.diocesitn.it\/area-testimonianza\/#organization"},"image":{"@id":"https:\/\/www.diocesitn.it\/area-testimonianza\/2024\/04\/29\/1-maggio-festa-di-san-giuseppe-lavoratore-il-vescovo-lauro-sara-a-ziano-nella-segheria-della-magnifica-comunita\/#primaryimage"},"thumbnailUrl":"https:\/\/www.diocesitn.it\/area-testimonianza\/wp-content\/uploads\/sites\/37\/2024\/04\/Segheria_Drone-1200x667-1.jpg","keywords":["1\u00b0 maggio","Festa del lavoro","Val di Fiemme","vescovo Lauro","Ziano di Fiemme"],"articleSection":["Notizie","Pastorale Sociale e del Lavoro"],"inLanguage":"it-IT","copyrightYear":"2024","copyrightHolder":{"@id":"https:\/\/www.diocesitn.it\/#organization"}},{"@type":"WebPage","@id":"https:\/\/www.diocesitn.it\/area-testimonianza\/2024\/04\/29\/1-maggio-festa-di-san-giuseppe-lavoratore-il-vescovo-lauro-sara-a-ziano-nella-segheria-della-magnifica-comunita\/","url":"https:\/\/www.diocesitn.it\/area-testimonianza\/2024\/04\/29\/1-maggio-festa-di-san-giuseppe-lavoratore-il-vescovo-lauro-sara-a-ziano-nella-segheria-della-magnifica-comunita\/","name":"1 maggio, festa di San Giuseppe lavoratore: il vescovo Lauro sar\u00e0 a Ziano nella segheria della Magnifica Comunit\u00e0 - Testimonianza e Impegno sociale","isPartOf":{"@id":"https:\/\/www.diocesitn.it\/area-testimonianza\/#website"},"primaryImageOfPage":{"@id":"https:\/\/www.diocesitn.it\/area-testimonianza\/2024\/04\/29\/1-maggio-festa-di-san-giuseppe-lavoratore-il-vescovo-lauro-sara-a-ziano-nella-segheria-della-magnifica-comunita\/#primaryimage"},"image":{"@id":"https:\/\/www.diocesitn.it\/area-testimonianza\/2024\/04\/29\/1-maggio-festa-di-san-giuseppe-lavoratore-il-vescovo-lauro-sara-a-ziano-nella-segheria-della-magnifica-comunita\/#primaryimage"},"thumbnailUrl":"https:\/\/www.diocesitn.it\/area-testimonianza\/wp-content\/uploads\/sites\/37\/2024\/04\/Segheria_Drone-1200x667-1.jpg","datePublished":"2024-04-29T08:19:28+00:00","dateModified":"2024-12-18T12:52:07+00:00","breadcrumb":{"@id":"https:\/\/www.diocesitn.it\/area-testimonianza\/2024\/04\/29\/1-maggio-festa-di-san-giuseppe-lavoratore-il-vescovo-lauro-sara-a-ziano-nella-segheria-della-magnifica-comunita\/#breadcrumb"},"inLanguage":"it-IT","potentialAction":[{"@type":"ReadAction","target":["https:\/\/www.diocesitn.it\/area-testimonianza\/2024\/04\/29\/1-maggio-festa-di-san-giuseppe-lavoratore-il-vescovo-lauro-sara-a-ziano-nella-segheria-della-magnifica-comunita\/"]}]},{"@type":"ImageObject","inLanguage":"it-IT","@id":"https:\/\/www.diocesitn.it\/area-testimonianza\/2024\/04\/29\/1-maggio-festa-di-san-giuseppe-lavoratore-il-vescovo-lauro-sara-a-ziano-nella-segheria-della-magnifica-comunita\/#primaryimage","url":"https:\/\/www.diocesitn.it\/area-testimonianza\/wp-content\/uploads\/sites\/37\/2024\/04\/Segheria_Drone-1200x667-1.jpg","contentUrl":"https:\/\/www.diocesitn.it\/area-testimonianza\/wp-content\/uploads\/sites\/37\/2024\/04\/Segheria_Drone-1200x667-1.jpg","width":1200,"height":667},{"@type":"BreadcrumbList","@id":"https:\/\/www.diocesitn.it\/area-testimonianza\/2024\/04\/29\/1-maggio-festa-di-san-giuseppe-lavoratore-il-vescovo-lauro-sara-a-ziano-nella-segheria-della-magnifica-comunita\/#breadcrumb","itemListElement":[{"@type":"ListItem","position":1,"name":"Home","item":"https:\/\/www.diocesitn.it\/area-testimonianza\/"},{"@type":"ListItem","position":2,"name":"1 maggio, festa di San Giuseppe lavoratore: il vescovo Lauro sar\u00e0 a Ziano nella segheria della Magnifica Comunit\u00e0"}]},{"@type":"WebSite","@id":"https:\/\/www.diocesitn.it\/area-testimonianza\/#website","url":"https:\/\/www.diocesitn.it\/area-testimonianza\/","name":"Testimonianza e Impegno sociale","description":"Chiesa di Trento","publisher":{"@id":"https:\/\/www.diocesitn.it\/area-testimonianza\/#organization"},"potentialAction":[{"@type":"SearchAction","target":{"@type":"EntryPoint","urlTemplate":"https:\/\/www.diocesitn.it\/area-testimonianza\/?s={search_term_string}"},"query-input":"required name=search_term_string"}],"inLanguage":"it-IT"},{"@type":["Organization","Place"],"@id":"https:\/\/www.diocesitn.it\/area-testimonianza\/#organization","name":"Area Testimonianza e Impegno Sociale - Chiesa di Trento","url":"https:\/\/www.diocesitn.it\/area-testimonianza\/","logo":{"@id":"https:\/\/www.diocesitn.it\/area-testimonianza\/2024\/04\/29\/1-maggio-festa-di-san-giuseppe-lavoratore-il-vescovo-lauro-sara-a-ziano-nella-segheria-della-magnifica-comunita\/#local-main-organization-logo"},"image":{"@id":"https:\/\/www.diocesitn.it\/area-testimonianza\/2024\/04\/29\/1-maggio-festa-di-san-giuseppe-lavoratore-il-vescovo-lauro-sara-a-ziano-nella-segheria-della-magnifica-comunita\/#local-main-organization-logo"},"openingHoursSpecification":[{"@type":"OpeningHoursSpecification","dayOfWeek":["Monday","Tuesday","Wednesday","Thursday","Friday","Saturday","Sunday"],"opens":"09:00","closes":"17:00"}]},{"@type":"ImageObject","inLanguage":"it-IT","@id":"https:\/\/www.diocesitn.it\/area-testimonianza\/2024\/04\/29\/1-maggio-festa-di-san-giuseppe-lavoratore-il-vescovo-lauro-sara-a-ziano-nella-segheria-della-magnifica-comunita\/#local-main-organization-logo","url":"https:\/\/www.diocesitn.it\/area-testimonianza\/wp-content\/uploads\/sites\/37\/2021\/09\/og-logo-testimonianza-e-impegno-sociale.jpg","contentUrl":"https:\/\/www.diocesitn.it\/area-testimonianza\/wp-content\/uploads\/sites\/37\/2021\/09\/og-logo-testimonianza-e-impegno-sociale.jpg","width":1200,"height":630,"caption":"Area Testimonianza e Impegno Sociale - Chiesa di Trento"}]}},"_links":{"self":[{"href":"https:\/\/www.diocesitn.it\/area-testimonianza\/wp-json\/wp\/v2\/posts\/15047","targetHints":{"allow":["GET"]}}],"collection":[{"href":"https:\/\/www.diocesitn.it\/area-testimonianza\/wp-json\/wp\/v2\/posts"}],"about":[{"href":"https:\/\/www.diocesitn.it\/area-testimonianza\/wp-json\/wp\/v2\/types\/post"}],"author":[{"embeddable":true,"href":"https:\/\/www.diocesitn.it\/area-testimonianza\/wp-json\/wp\/v2\/users\/168"}],"replies":[{"embeddable":true,"href":"https:\/\/www.diocesitn.it\/area-testimonianza\/wp-json\/wp\/v2\/comments?post=15047"}],"version-history":[{"count":3,"href":"https:\/\/www.diocesitn.it\/area-testimonianza\/wp-json\/wp\/v2\/posts\/15047\/revisions"}],"predecessor-version":[{"id":15053,"href":"https:\/\/www.diocesitn.it\/area-testimonianza\/wp-json\/wp\/v2\/posts\/15047\/revisions\/15053"}],"wp:featuredmedia":[{"embeddable":true,"href":"https:\/\/www.diocesitn.it\/area-testimonianza\/wp-json\/wp\/v2\/media\/15049"}],"wp:attachment":[{"href":"https:\/\/www.diocesitn.it\/area-testimonianza\/wp-json\/wp\/v2\/media?parent=15047"}],"wp:term":[{"taxonomy":"category","embeddable":true,"href":"https:\/\/www.diocesitn.it\/area-testimonianza\/wp-json\/wp\/v2\/categories?post=15047"},{"taxonomy":"post_tag","embeddable":true,"href":"https:\/\/www.diocesitn.it\/area-testimonianza\/wp-json\/wp\/v2\/tags?post=15047"}],"curies":[{"name":"wp","href":"https:\/\/api.w.org\/{rel}","templated":true}]}}