{"id":15033,"date":"2024-04-29T15:12:51","date_gmt":"2024-04-29T13:12:51","guid":{"rendered":"https:\/\/www.diocesitn.it\/area-testimonianza\/?p=15033"},"modified":"2025-02-20T09:43:08","modified_gmt":"2025-02-20T08:43:08","slug":"housing-temporaneo","status":"publish","type":"post","link":"https:\/\/www.diocesitn.it\/area-testimonianza\/2024\/04\/29\/housing-temporaneo\/","title":{"rendered":"Housing temporaneo"},"content":{"rendered":"<p>Il disagio abitativo \u00e8 una difficolt\u00e0 che colpisce anche la nostra Diocesi in varie forme. Col progetto di Housing temporaneo si prova a dare una risposta. <!--more-->Il diritto all\u2019abitare \u00e8 sicuramente molto importante per ogni percorso di inclusione che voglia incidere sul cambiamento di vita delle persone senza dimora cos\u00ec come per persone con vari livelli di fragilit\u00e0, ma anche con difficolt\u00e0 economiche, lavorative e naturalmente abitative. Un tentativo di risposta \u00e8 anche il <strong>Housing temporaneo<\/strong> che viene descritto anche come <em>Housing first<\/em> cio\u00e8 un\u2019assistenza alloggiativa temporanea, ma di ampio respiro, fino ad un massimo di 24 mesi. Tale servizio \u00e8 aperto 7 giorni su 7 per 24 ore su 24.<\/p>\n<p>Fondazione Caritas Diocesana ha aperto questa opportunit\u00e0, attraverso la P.A.T. ed i Servizi Sociali, presso una struttura in <a href=\"https:\/\/www.google.it\/maps\/place\/Via+Lavisotto,+125,+38121+Trento+TN\/@46.0840928,11.1077113,15.25z\/data=!4m6!3m5!1s0x47827125922bde2b:0x276a3df40f1e748e!8m2!3d46.0834845!4d11.1171083!16s%2Fg%2F11c4qncvsc?entry=ttu\" target=\"_blank\" rel=\"noopener\">via Lavisotto 125\/A a Trento Nord<\/a>.<\/p>\n<p>Per approfondire:<\/p>\n<ul>\n<li><a href=\"https:\/\/www.diocesitn.it\/area-testimonianza\/wp-content\/uploads\/sites\/37\/2024\/04\/housing-temporaneo-Abstract.pdf\" target=\"_blank\" rel=\"noopener\">Abstract<\/a><\/li>\n<li><a href=\"https:\/\/www.diocesitn.it\/area-testimonianza\/wp-content\/uploads\/sites\/37\/2024\/04\/Housing-temporaneo-Scheda-di-sintesi.pdf\" target=\"_blank\" rel=\"noopener\">Scheda di sintesi<\/a><\/li>\n<\/ul>\n<p><img loading=\"lazy\" decoding=\"async\" class=\"alignnone size-medium wp-image-15065 aligncenter\" src=\"https:\/\/www.diocesitn.it\/area-testimonianza\/wp-content\/uploads\/sites\/37\/2024\/04\/IMG_6121-186x300.jpeg\" alt=\"\" width=\"186\" height=\"300\" srcset=\"https:\/\/www.diocesitn.it\/area-testimonianza\/wp-content\/uploads\/sites\/37\/2024\/04\/IMG_6121-186x300.jpeg 186w, https:\/\/www.diocesitn.it\/area-testimonianza\/wp-content\/uploads\/sites\/37\/2024\/04\/IMG_6121-636x1024.jpeg 636w, https:\/\/www.diocesitn.it\/area-testimonianza\/wp-content\/uploads\/sites\/37\/2024\/04\/IMG_6121-768x1237.jpeg 768w, https:\/\/www.diocesitn.it\/area-testimonianza\/wp-content\/uploads\/sites\/37\/2024\/04\/IMG_6121-174x280.jpeg 174w, https:\/\/www.diocesitn.it\/area-testimonianza\/wp-content\/uploads\/sites\/37\/2024\/04\/IMG_6121-477x768.jpeg 477w, https:\/\/www.diocesitn.it\/area-testimonianza\/wp-content\/uploads\/sites\/37\/2024\/04\/IMG_6121-954x1536.jpeg 954w, https:\/\/www.diocesitn.it\/area-testimonianza\/wp-content\/uploads\/sites\/37\/2024\/04\/IMG_6121-1272x2048.jpeg 1272w, https:\/\/www.diocesitn.it\/area-testimonianza\/wp-content\/uploads\/sites\/37\/2024\/04\/IMG_6121-800x1288.jpeg 800w, https:\/\/www.diocesitn.it\/area-testimonianza\/wp-content\/uploads\/sites\/37\/2024\/04\/IMG_6121-1200x1932.jpeg 1200w, https:\/\/www.diocesitn.it\/area-testimonianza\/wp-content\/uploads\/sites\/37\/2024\/04\/IMG_6121-1320x2125.jpeg 1320w, https:\/\/www.diocesitn.it\/area-testimonianza\/wp-content\/uploads\/sites\/37\/2024\/04\/IMG_6121-scaled.jpeg 1590w\" sizes=\"auto, (max-width: 186px) 100vw, 186px\" \/><\/p>\n<p style=\"text-align: center\"><img loading=\"lazy\" decoding=\"async\" class=\"alignnone size-medium wp-image-15067\" src=\"https:\/\/www.diocesitn.it\/area-testimonianza\/wp-content\/uploads\/sites\/37\/2024\/04\/IMG_6119-300x225.jpeg\" alt=\"\" width=\"300\" height=\"225\" srcset=\"https:\/\/www.diocesitn.it\/area-testimonianza\/wp-content\/uploads\/sites\/37\/2024\/04\/IMG_6119-300x225.jpeg 300w, https:\/\/www.diocesitn.it\/area-testimonianza\/wp-content\/uploads\/sites\/37\/2024\/04\/IMG_6119-1024x768.jpeg 1024w, https:\/\/www.diocesitn.it\/area-testimonianza\/wp-content\/uploads\/sites\/37\/2024\/04\/IMG_6119-768x576.jpeg 768w, https:\/\/www.diocesitn.it\/area-testimonianza\/wp-content\/uploads\/sites\/37\/2024\/04\/IMG_6119-360x270.jpeg 360w, https:\/\/www.diocesitn.it\/area-testimonianza\/wp-content\/uploads\/sites\/37\/2024\/04\/IMG_6119-1536x1152.jpeg 1536w, https:\/\/www.diocesitn.it\/area-testimonianza\/wp-content\/uploads\/sites\/37\/2024\/04\/IMG_6119-2048x1536.jpeg 2048w, https:\/\/www.diocesitn.it\/area-testimonianza\/wp-content\/uploads\/sites\/37\/2024\/04\/IMG_6119-800x600.jpeg 800w, https:\/\/www.diocesitn.it\/area-testimonianza\/wp-content\/uploads\/sites\/37\/2024\/04\/IMG_6119-1200x900.jpeg 1200w, https:\/\/www.diocesitn.it\/area-testimonianza\/wp-content\/uploads\/sites\/37\/2024\/04\/IMG_6119-1320x990.jpeg 1320w\" sizes=\"auto, (max-width: 300px) 100vw, 300px\" \/> <img loading=\"lazy\" decoding=\"async\" class=\"alignnone size-medium wp-image-15066\" src=\"https:\/\/www.diocesitn.it\/area-testimonianza\/wp-content\/uploads\/sites\/37\/2024\/04\/20230118_162331-300x231.jpg\" alt=\"\" width=\"300\" height=\"231\" srcset=\"https:\/\/www.diocesitn.it\/area-testimonianza\/wp-content\/uploads\/sites\/37\/2024\/04\/20230118_162331-300x231.jpg 300w, https:\/\/www.diocesitn.it\/area-testimonianza\/wp-content\/uploads\/sites\/37\/2024\/04\/20230118_162331-1024x790.jpg 1024w, https:\/\/www.diocesitn.it\/area-testimonianza\/wp-content\/uploads\/sites\/37\/2024\/04\/20230118_162331-768x592.jpg 768w, https:\/\/www.diocesitn.it\/area-testimonianza\/wp-content\/uploads\/sites\/37\/2024\/04\/20230118_162331-360x278.jpg 360w, https:\/\/www.diocesitn.it\/area-testimonianza\/wp-content\/uploads\/sites\/37\/2024\/04\/20230118_162331-996x768.jpg 996w, https:\/\/www.diocesitn.it\/area-testimonianza\/wp-content\/uploads\/sites\/37\/2024\/04\/20230118_162331-1536x1184.jpg 1536w, https:\/\/www.diocesitn.it\/area-testimonianza\/wp-content\/uploads\/sites\/37\/2024\/04\/20230118_162331-2048x1579.jpg 2048w, https:\/\/www.diocesitn.it\/area-testimonianza\/wp-content\/uploads\/sites\/37\/2024\/04\/20230118_162331-800x617.jpg 800w, https:\/\/www.diocesitn.it\/area-testimonianza\/wp-content\/uploads\/sites\/37\/2024\/04\/20230118_162331-1200x925.jpg 1200w, https:\/\/www.diocesitn.it\/area-testimonianza\/wp-content\/uploads\/sites\/37\/2024\/04\/20230118_162331-1320x1018.jpg 1320w\" sizes=\"auto, (max-width: 300px) 100vw, 300px\" \/> \u00a0<img loading=\"lazy\" decoding=\"async\" class=\"alignnone size-medium wp-image-15064\" src=\"https:\/\/www.diocesitn.it\/area-testimonianza\/wp-content\/uploads\/sites\/37\/2024\/04\/IMG_6117-300x225.jpeg\" alt=\"\" width=\"300\" height=\"225\" srcset=\"https:\/\/www.diocesitn.it\/area-testimonianza\/wp-content\/uploads\/sites\/37\/2024\/04\/IMG_6117-300x225.jpeg 300w, https:\/\/www.diocesitn.it\/area-testimonianza\/wp-content\/uploads\/sites\/37\/2024\/04\/IMG_6117-1024x768.jpeg 1024w, https:\/\/www.diocesitn.it\/area-testimonianza\/wp-content\/uploads\/sites\/37\/2024\/04\/IMG_6117-768x576.jpeg 768w, https:\/\/www.diocesitn.it\/area-testimonianza\/wp-content\/uploads\/sites\/37\/2024\/04\/IMG_6117-360x270.jpeg 360w, https:\/\/www.diocesitn.it\/area-testimonianza\/wp-content\/uploads\/sites\/37\/2024\/04\/IMG_6117-1536x1152.jpeg 1536w, https:\/\/www.diocesitn.it\/area-testimonianza\/wp-content\/uploads\/sites\/37\/2024\/04\/IMG_6117-2048x1536.jpeg 2048w, https:\/\/www.diocesitn.it\/area-testimonianza\/wp-content\/uploads\/sites\/37\/2024\/04\/IMG_6117-800x600.jpeg 800w, https:\/\/www.diocesitn.it\/area-testimonianza\/wp-content\/uploads\/sites\/37\/2024\/04\/IMG_6117-1200x900.jpeg 1200w, https:\/\/www.diocesitn.it\/area-testimonianza\/wp-content\/uploads\/sites\/37\/2024\/04\/IMG_6117-1320x990.jpeg 1320w\" sizes=\"auto, (max-width: 300px) 100vw, 300px\" \/><\/p>\n<p style=\"text-align: center\">\n<p>&nbsp;<\/p>\n","protected":false},"excerpt":{"rendered":"<p>Il disagio abitativo \u00e8 una difficolt\u00e0 che colpisce anche la nostra Diocesi in varie forme. Col progetto di Housing temporaneo si prova a dare una risposta.<\/p>\n","protected":false},"author":161,"featured_media":14158,"comment_status":"closed","ping_status":"closed","sticky":false,"template":"","format":"standard","meta":{"footnotes":""},"categories":[1059,1074],"tags":[2274],"class_list":["post-15033","post","type-post","status-publish","format-standard","has-post-thumbnail","hentry","category-servizio-caritas","category-notizie","tag-housing-temporaneo"],"acf":{"seed-localization-paese-cod":"IT","seed-localization-address":"","seed-localization-citta":"Trento","seed-localization-regione-cod-istat":"04","seed-localization-citta-cod-istat":"022205","seed-localization-localita":"","seed-localization-cap":"","seed-localization-marker-visibility":false,"seed-localization-children-visibility":false,"seed-localization-kml":"","seed-localization-custom-marker":""},"yoast_head":"<!-- This site is optimized with the Yoast SEO Premium plugin v20.2.1 (Yoast SEO v22.2) - https:\/\/yoast.com\/wordpress\/plugins\/seo\/ -->\n<title>Housing temporaneo - Testimonianza e Impegno sociale<\/title>\n<meta name=\"robots\" content=\"index, follow, max-snippet:-1, max-image-preview:large, max-video-preview:-1\" \/>\n<link rel=\"canonical\" href=\"https:\/\/www.diocesitn.it\/area-testimonianza\/2024\/04\/29\/housing-temporaneo\/\" \/>\n<meta property=\"og:locale\" content=\"it_IT\" \/>\n<meta property=\"og:type\" content=\"article\" \/>\n<meta property=\"og:title\" content=\"Housing temporaneo\" \/>\n<meta property=\"og:description\" content=\"Il disagio abitativo \u00e8 una difficolt\u00e0 che colpisce anche la nostra Diocesi in varie forme. Col progetto di Housing temporaneo si prova a dare una risposta.\" \/>\n<meta property=\"og:url\" content=\"https:\/\/www.diocesitn.it\/area-testimonianza\/2024\/04\/29\/housing-temporaneo\/\" \/>\n<meta property=\"og:site_name\" content=\"Testimonianza e Impegno sociale\" \/>\n<meta property=\"article:published_time\" content=\"2024-04-29T13:12:51+00:00\" \/>\n<meta property=\"article:modified_time\" content=\"2025-02-20T08:43:08+00:00\" \/>\n<meta property=\"og:image\" content=\"https:\/\/www.diocesitn.it\/area-testimonianza\/wp-content\/uploads\/sites\/37\/2023\/12\/houses-7477950_1280.jpg\" \/>\n\t<meta property=\"og:image:width\" content=\"1280\" \/>\n\t<meta property=\"og:image:height\" content=\"1280\" \/>\n\t<meta property=\"og:image:type\" content=\"image\/jpeg\" \/>\n<meta name=\"author\" content=\"smaule\" \/>\n<meta name=\"twitter:card\" content=\"summary_large_image\" \/>\n<meta name=\"twitter:label1\" content=\"Scritto da\" \/>\n\t<meta name=\"twitter:data1\" content=\"smaule\" \/>\n\t<meta name=\"twitter:label2\" content=\"Tempo di lettura stimato\" \/>\n\t<meta name=\"twitter:data2\" content=\"2 minuti\" \/>\n<script type=\"application\/ld+json\" class=\"yoast-schema-graph\">{\"@context\":\"https:\/\/schema.org\",\"@graph\":[{\"@type\":\"Article\",\"@id\":\"https:\/\/www.diocesitn.it\/area-testimonianza\/2024\/04\/29\/housing-temporaneo\/#article\",\"isPartOf\":{\"@id\":\"https:\/\/www.diocesitn.it\/area-testimonianza\/2024\/04\/29\/housing-temporaneo\/\"},\"author\":{\"name\":\"smaule\",\"@id\":\"https:\/\/www.diocesitn.it\/area-testimonianza\/#\/schema\/person\/bac489aafb7f98c1ca25f76c27174a95\"},\"headline\":\"Housing temporaneo\",\"datePublished\":\"2024-04-29T13:12:51+00:00\",\"dateModified\":\"2025-02-20T08:43:08+00:00\",\"mainEntityOfPage\":{\"@id\":\"https:\/\/www.diocesitn.it\/area-testimonianza\/2024\/04\/29\/housing-temporaneo\/\"},\"wordCount\":139,\"publisher\":{\"@id\":\"https:\/\/www.diocesitn.it\/area-testimonianza\/#organization\"},\"image\":{\"@id\":\"https:\/\/www.diocesitn.it\/area-testimonianza\/2024\/04\/29\/housing-temporaneo\/#primaryimage\"},\"thumbnailUrl\":\"https:\/\/www.diocesitn.it\/area-testimonianza\/wp-content\/uploads\/sites\/37\/2023\/12\/houses-7477950_1280.jpg\",\"keywords\":[\"housing temporaneo\"],\"articleSection\":[\"Caritas diocesana\",\"Notizie\"],\"inLanguage\":\"it-IT\",\"copyrightYear\":\"2024\",\"copyrightHolder\":{\"@id\":\"https:\/\/www.diocesitn.it\/#organization\"}},{\"@type\":\"WebPage\",\"@id\":\"https:\/\/www.diocesitn.it\/area-testimonianza\/2024\/04\/29\/housing-temporaneo\/\",\"url\":\"https:\/\/www.diocesitn.it\/area-testimonianza\/2024\/04\/29\/housing-temporaneo\/\",\"name\":\"Housing temporaneo - Testimonianza e Impegno sociale\",\"isPartOf\":{\"@id\":\"https:\/\/www.diocesitn.it\/area-testimonianza\/#website\"},\"primaryImageOfPage\":{\"@id\":\"https:\/\/www.diocesitn.it\/area-testimonianza\/2024\/04\/29\/housing-temporaneo\/#primaryimage\"},\"image\":{\"@id\":\"https:\/\/www.diocesitn.it\/area-testimonianza\/2024\/04\/29\/housing-temporaneo\/#primaryimage\"},\"thumbnailUrl\":\"https:\/\/www.diocesitn.it\/area-testimonianza\/wp-content\/uploads\/sites\/37\/2023\/12\/houses-7477950_1280.jpg\",\"datePublished\":\"2024-04-29T13:12:51+00:00\",\"dateModified\":\"2025-02-20T08:43:08+00:00\",\"breadcrumb\":{\"@id\":\"https:\/\/www.diocesitn.it\/area-testimonianza\/2024\/04\/29\/housing-temporaneo\/#breadcrumb\"},\"inLanguage\":\"it-IT\",\"potentialAction\":[{\"@type\":\"ReadAction\",\"target\":[\"https:\/\/www.diocesitn.it\/area-testimonianza\/2024\/04\/29\/housing-temporaneo\/\"]}]},{\"@type\":\"ImageObject\",\"inLanguage\":\"it-IT\",\"@id\":\"https:\/\/www.diocesitn.it\/area-testimonianza\/2024\/04\/29\/housing-temporaneo\/#primaryimage\",\"url\":\"https:\/\/www.diocesitn.it\/area-testimonianza\/wp-content\/uploads\/sites\/37\/2023\/12\/houses-7477950_1280.jpg\",\"contentUrl\":\"https:\/\/www.diocesitn.it\/area-testimonianza\/wp-content\/uploads\/sites\/37\/2023\/12\/houses-7477950_1280.jpg\",\"width\":1280,\"height\":1280},{\"@type\":\"BreadcrumbList\",\"@id\":\"https:\/\/www.diocesitn.it\/area-testimonianza\/2024\/04\/29\/housing-temporaneo\/#breadcrumb\",\"itemListElement\":[{\"@type\":\"ListItem\",\"position\":1,\"name\":\"Home\",\"item\":\"https:\/\/www.diocesitn.it\/area-testimonianza\/\"},{\"@type\":\"ListItem\",\"position\":2,\"name\":\"Housing temporaneo\"}]},{\"@type\":\"WebSite\",\"@id\":\"https:\/\/www.diocesitn.it\/area-testimonianza\/#website\",\"url\":\"https:\/\/www.diocesitn.it\/area-testimonianza\/\",\"name\":\"Testimonianza e Impegno sociale\",\"description\":\"Chiesa di Trento\",\"publisher\":{\"@id\":\"https:\/\/www.diocesitn.it\/area-testimonianza\/#organization\"},\"potentialAction\":[{\"@type\":\"SearchAction\",\"target\":{\"@type\":\"EntryPoint\",\"urlTemplate\":\"https:\/\/www.diocesitn.it\/area-testimonianza\/?s={search_term_string}\"},\"query-input\":\"required name=search_term_string\"}],\"inLanguage\":\"it-IT\"},{\"@type\":[\"Organization\",\"Place\"],\"@id\":\"https:\/\/www.diocesitn.it\/area-testimonianza\/#organization\",\"name\":\"Area Testimonianza e Impegno Sociale - Chiesa di Trento\",\"url\":\"https:\/\/www.diocesitn.it\/area-testimonianza\/\",\"logo\":{\"@id\":\"https:\/\/www.diocesitn.it\/area-testimonianza\/2024\/04\/29\/housing-temporaneo\/#local-main-organization-logo\"},\"image\":{\"@id\":\"https:\/\/www.diocesitn.it\/area-testimonianza\/2024\/04\/29\/housing-temporaneo\/#local-main-organization-logo\"},\"openingHoursSpecification\":[{\"@type\":\"OpeningHoursSpecification\",\"dayOfWeek\":[\"Monday\",\"Tuesday\",\"Wednesday\",\"Thursday\",\"Friday\",\"Saturday\",\"Sunday\"],\"opens\":\"09:00\",\"closes\":\"17:00\"}]},{\"@type\":\"ImageObject\",\"inLanguage\":\"it-IT\",\"@id\":\"https:\/\/www.diocesitn.it\/area-testimonianza\/2024\/04\/29\/housing-temporaneo\/#local-main-organization-logo\",\"url\":\"https:\/\/www.diocesitn.it\/area-testimonianza\/wp-content\/uploads\/sites\/37\/2021\/09\/og-logo-testimonianza-e-impegno-sociale.jpg\",\"contentUrl\":\"https:\/\/www.diocesitn.it\/area-testimonianza\/wp-content\/uploads\/sites\/37\/2021\/09\/og-logo-testimonianza-e-impegno-sociale.jpg\",\"width\":1200,\"height\":630,\"caption\":\"Area Testimonianza e Impegno Sociale - Chiesa di Trento\"}]}<\/script>\n<!-- \/ Yoast SEO Premium plugin. -->","yoast_head_json":{"title":"Housing temporaneo - Testimonianza e Impegno sociale","robots":{"index":"index","follow":"follow","max-snippet":"max-snippet:-1","max-image-preview":"max-image-preview:large","max-video-preview":"max-video-preview:-1"},"canonical":"https:\/\/www.diocesitn.it\/area-testimonianza\/2024\/04\/29\/housing-temporaneo\/","og_locale":"it_IT","og_type":"article","og_title":"Housing temporaneo","og_description":"Il disagio abitativo \u00e8 una difficolt\u00e0 che colpisce anche la nostra Diocesi in varie forme. Col progetto di Housing temporaneo si prova a dare una risposta.","og_url":"https:\/\/www.diocesitn.it\/area-testimonianza\/2024\/04\/29\/housing-temporaneo\/","og_site_name":"Testimonianza e Impegno sociale","article_published_time":"2024-04-29T13:12:51+00:00","article_modified_time":"2025-02-20T08:43:08+00:00","og_image":[{"width":1280,"height":1280,"url":"https:\/\/www.diocesitn.it\/area-testimonianza\/wp-content\/uploads\/sites\/37\/2023\/12\/houses-7477950_1280.jpg","type":"image\/jpeg"}],"author":"smaule","twitter_card":"summary_large_image","twitter_misc":{"Scritto da":"smaule","Tempo di lettura stimato":"2 minuti"},"schema":{"@context":"https:\/\/schema.org","@graph":[{"@type":"Article","@id":"https:\/\/www.diocesitn.it\/area-testimonianza\/2024\/04\/29\/housing-temporaneo\/#article","isPartOf":{"@id":"https:\/\/www.diocesitn.it\/area-testimonianza\/2024\/04\/29\/housing-temporaneo\/"},"author":{"name":"smaule","@id":"https:\/\/www.diocesitn.it\/area-testimonianza\/#\/schema\/person\/bac489aafb7f98c1ca25f76c27174a95"},"headline":"Housing temporaneo","datePublished":"2024-04-29T13:12:51+00:00","dateModified":"2025-02-20T08:43:08+00:00","mainEntityOfPage":{"@id":"https:\/\/www.diocesitn.it\/area-testimonianza\/2024\/04\/29\/housing-temporaneo\/"},"wordCount":139,"publisher":{"@id":"https:\/\/www.diocesitn.it\/area-testimonianza\/#organization"},"image":{"@id":"https:\/\/www.diocesitn.it\/area-testimonianza\/2024\/04\/29\/housing-temporaneo\/#primaryimage"},"thumbnailUrl":"https:\/\/www.diocesitn.it\/area-testimonianza\/wp-content\/uploads\/sites\/37\/2023\/12\/houses-7477950_1280.jpg","keywords":["housing temporaneo"],"articleSection":["Caritas diocesana","Notizie"],"inLanguage":"it-IT","copyrightYear":"2024","copyrightHolder":{"@id":"https:\/\/www.diocesitn.it\/#organization"}},{"@type":"WebPage","@id":"https:\/\/www.diocesitn.it\/area-testimonianza\/2024\/04\/29\/housing-temporaneo\/","url":"https:\/\/www.diocesitn.it\/area-testimonianza\/2024\/04\/29\/housing-temporaneo\/","name":"Housing temporaneo - Testimonianza e Impegno sociale","isPartOf":{"@id":"https:\/\/www.diocesitn.it\/area-testimonianza\/#website"},"primaryImageOfPage":{"@id":"https:\/\/www.diocesitn.it\/area-testimonianza\/2024\/04\/29\/housing-temporaneo\/#primaryimage"},"image":{"@id":"https:\/\/www.diocesitn.it\/area-testimonianza\/2024\/04\/29\/housing-temporaneo\/#primaryimage"},"thumbnailUrl":"https:\/\/www.diocesitn.it\/area-testimonianza\/wp-content\/uploads\/sites\/37\/2023\/12\/houses-7477950_1280.jpg","datePublished":"2024-04-29T13:12:51+00:00","dateModified":"2025-02-20T08:43:08+00:00","breadcrumb":{"@id":"https:\/\/www.diocesitn.it\/area-testimonianza\/2024\/04\/29\/housing-temporaneo\/#breadcrumb"},"inLanguage":"it-IT","potentialAction":[{"@type":"ReadAction","target":["https:\/\/www.diocesitn.it\/area-testimonianza\/2024\/04\/29\/housing-temporaneo\/"]}]},{"@type":"ImageObject","inLanguage":"it-IT","@id":"https:\/\/www.diocesitn.it\/area-testimonianza\/2024\/04\/29\/housing-temporaneo\/#primaryimage","url":"https:\/\/www.diocesitn.it\/area-testimonianza\/wp-content\/uploads\/sites\/37\/2023\/12\/houses-7477950_1280.jpg","contentUrl":"https:\/\/www.diocesitn.it\/area-testimonianza\/wp-content\/uploads\/sites\/37\/2023\/12\/houses-7477950_1280.jpg","width":1280,"height":1280},{"@type":"BreadcrumbList","@id":"https:\/\/www.diocesitn.it\/area-testimonianza\/2024\/04\/29\/housing-temporaneo\/#breadcrumb","itemListElement":[{"@type":"ListItem","position":1,"name":"Home","item":"https:\/\/www.diocesitn.it\/area-testimonianza\/"},{"@type":"ListItem","position":2,"name":"Housing temporaneo"}]},{"@type":"WebSite","@id":"https:\/\/www.diocesitn.it\/area-testimonianza\/#website","url":"https:\/\/www.diocesitn.it\/area-testimonianza\/","name":"Testimonianza e Impegno sociale","description":"Chiesa di Trento","publisher":{"@id":"https:\/\/www.diocesitn.it\/area-testimonianza\/#organization"},"potentialAction":[{"@type":"SearchAction","target":{"@type":"EntryPoint","urlTemplate":"https:\/\/www.diocesitn.it\/area-testimonianza\/?s={search_term_string}"},"query-input":"required name=search_term_string"}],"inLanguage":"it-IT"},{"@type":["Organization","Place"],"@id":"https:\/\/www.diocesitn.it\/area-testimonianza\/#organization","name":"Area Testimonianza e Impegno Sociale - Chiesa di Trento","url":"https:\/\/www.diocesitn.it\/area-testimonianza\/","logo":{"@id":"https:\/\/www.diocesitn.it\/area-testimonianza\/2024\/04\/29\/housing-temporaneo\/#local-main-organization-logo"},"image":{"@id":"https:\/\/www.diocesitn.it\/area-testimonianza\/2024\/04\/29\/housing-temporaneo\/#local-main-organization-logo"},"openingHoursSpecification":[{"@type":"OpeningHoursSpecification","dayOfWeek":["Monday","Tuesday","Wednesday","Thursday","Friday","Saturday","Sunday"],"opens":"09:00","closes":"17:00"}]},{"@type":"ImageObject","inLanguage":"it-IT","@id":"https:\/\/www.diocesitn.it\/area-testimonianza\/2024\/04\/29\/housing-temporaneo\/#local-main-organization-logo","url":"https:\/\/www.diocesitn.it\/area-testimonianza\/wp-content\/uploads\/sites\/37\/2021\/09\/og-logo-testimonianza-e-impegno-sociale.jpg","contentUrl":"https:\/\/www.diocesitn.it\/area-testimonianza\/wp-content\/uploads\/sites\/37\/2021\/09\/og-logo-testimonianza-e-impegno-sociale.jpg","width":1200,"height":630,"caption":"Area Testimonianza e Impegno Sociale - Chiesa di Trento"}]}},"_links":{"self":[{"href":"https:\/\/www.diocesitn.it\/area-testimonianza\/wp-json\/wp\/v2\/posts\/15033","targetHints":{"allow":["GET"]}}],"collection":[{"href":"https:\/\/www.diocesitn.it\/area-testimonianza\/wp-json\/wp\/v2\/posts"}],"about":[{"href":"https:\/\/www.diocesitn.it\/area-testimonianza\/wp-json\/wp\/v2\/types\/post"}],"author":[{"embeddable":true,"href":"https:\/\/www.diocesitn.it\/area-testimonianza\/wp-json\/wp\/v2\/users\/161"}],"replies":[{"embeddable":true,"href":"https:\/\/www.diocesitn.it\/area-testimonianza\/wp-json\/wp\/v2\/comments?post=15033"}],"version-history":[{"count":3,"href":"https:\/\/www.diocesitn.it\/area-testimonianza\/wp-json\/wp\/v2\/posts\/15033\/revisions"}],"predecessor-version":[{"id":15068,"href":"https:\/\/www.diocesitn.it\/area-testimonianza\/wp-json\/wp\/v2\/posts\/15033\/revisions\/15068"}],"wp:featuredmedia":[{"embeddable":true,"href":"https:\/\/www.diocesitn.it\/area-testimonianza\/wp-json\/wp\/v2\/media\/14158"}],"wp:attachment":[{"href":"https:\/\/www.diocesitn.it\/area-testimonianza\/wp-json\/wp\/v2\/media?parent=15033"}],"wp:term":[{"taxonomy":"category","embeddable":true,"href":"https:\/\/www.diocesitn.it\/area-testimonianza\/wp-json\/wp\/v2\/categories?post=15033"},{"taxonomy":"post_tag","embeddable":true,"href":"https:\/\/www.diocesitn.it\/area-testimonianza\/wp-json\/wp\/v2\/tags?post=15033"}],"curies":[{"name":"wp","href":"https:\/\/api.w.org\/{rel}","templated":true}]}}