{"id":15016,"date":"2024-04-24T12:17:36","date_gmt":"2024-04-24T10:17:36","guid":{"rendered":"https:\/\/www.diocesitn.it\/area-testimonianza\/2024\/04\/24\/25-aprile-lappello-alla-pace-del-tavolo-locale-delle-appartenenze-religiose-di-trento-3\/"},"modified":"2024-12-16T15:03:28","modified_gmt":"2024-12-16T14:03:28","slug":"25-aprile-lappello-alla-pace-del-tavolo-locale-delle-appartenenze-religiose-di-trento-3","status":"publish","type":"post","link":"https:\/\/www.diocesitn.it\/area-testimonianza\/2024\/04\/24\/25-aprile-lappello-alla-pace-del-tavolo-locale-delle-appartenenze-religiose-di-trento-3\/","title":{"rendered":"25 aprile, l&#8217;appello alla pace del Tavolo locale delle appartenenze religiose di Trento"},"content":{"rendered":"<p>Il Tavolo Locale delle Appartenenze Religiose di Trento interviene per la prima volta con una nota in occasione delle <strong>celebrazioni del 25 aprile<\/strong>, <strong>Festa della Liberazione<\/strong>.<\/p>\n<p>Il &#8220;Tavolo&#8221; rivolge un <strong>accorato appello alla pace<\/strong> e alla <strong>fratellanza<\/strong>. Ecco il testo integrale:<\/p>\n<p><em>\u00abL\u2019Italia ripudia la guerra come strumento di offesa alla libert\u00e0 degli altri popoli e come mezzo di risoluzione delle controversie internazionali, consente, in condizioni di parit\u00e0 con gli altri Stati, alle limitazioni di sovranit\u00e0 necessarie ad un ordinamento che assicuri la pace e la giustizia fra le Nazioni; promuove e favorisce le organizzazioni internazionali rivolte a tale scopo\u00bb. <\/em><\/p>\n<p>L\u2019Articolo 11 della Costituzione della Repubblica Italiana figura sicuramente tra i frutti di quella liberazione che oggi ricordiamo e celebriamo; a distanza di quasi 80 anni, possiamo ben immaginare con quali sentimenti i Padri costituenti hanno espresso la loro contrariet\u00e0 alla guerra e la loro promozione delle ragioni della pace, guardando alle macerie lasciate da due guerre mondiali: \u00abL\u2019Italia ripudia la guerra\u00bb. Parole solenni, che i nostri Padri hanno scritto anche per noi e per tutti gli italiani, anche per quei cittadini che oggi abitano e arricchiscono il Paese, indipendentemente dalla loro origine storica, etnica e culturale, al di l\u00e0 della fede che professano o che non professano, al di l\u00e0 delle convinzioni politiche, etiche, filosofiche, religiose. Il Tavolo locale delle appartenenze religiose di Trento, piccola ma significativa testimonianza della pluralit\u00e0 che da anni caratterizza anche il nostro territorio cittadino e provinciale, \u00e8 orgoglioso di poter partecipare \u2013 per la prima volta in veste ufficiale \u2013 alle celebrazioni per l\u2019Anniversario della Liberazione: per affermare con forza che il senso profondo di ogni religione \u00e8 quello di promuovere dialogo, di testimoniare accoglienza, di costruire e mantenere la pace di tutti e con tutti.<\/p>\n<p>Un segno concreto di questo impegno e bisogno di pace \u00e8 la condivisione di questa preghiera, che il Tavolo offre a tutte le cittadine e a tutti i cittadini in questa occasione e in questo tempo:<\/p>\n<p>Fonte, inesauribile Luce!<\/p>\n<p>Guardando i volti di donne e di uomini<\/p>\n<p>che con me attraversano le strade del mondo,<\/p>\n<p>cos\u00ec diversi l\u2019uno dall\u2019altro,<\/p>\n<p>cos\u00ec dissimili nella forma e nel pensiero,<\/p>\n<p>non finir\u00f2 mai di stupirmi \u2013 e di rallegrarmi \u2013 insieme<\/p>\n<p>di quanto vi \u00e8 di incredibilmente affine<\/p>\n<p>nella ricerca di Luce e di Bene dell\u2019uno per l\u2019altro.<\/p>\n<p>E mai finir\u00f2 di ringraziarTi, Anima della Vita,<\/p>\n<p>per le molteplici possibilit\u00e0 che affidi ad ognuno<\/p>\n<p>di esprimere un Raggio del Tuo Spirito,<\/p>\n<p>una fiamma di Luce pura,<\/p>\n<p>una Goccia di quell\u2019acqua della Vita<\/p>\n<p>che, sola, ancora, pu\u00f2 irrorarci di Speranza.<\/p>\n","protected":false},"excerpt":{"rendered":"<p>Il Tavolo Locale delle Appartenenze Religiose di Trento interviene per la prima volta con una nota in occasione delle celebrazioni del 25 aprile, Festa della Liberazione. Il &#8220;Tavolo&#8221; rivolge un accorato appello alla pace e<\/p>\n","protected":false},"author":3,"featured_media":15013,"comment_status":"closed","ping_status":"closed","sticky":false,"template":"","format":"standard","meta":{"footnotes":""},"categories":[1130,1074],"tags":[2273],"class_list":["post-15016","post","type-post","status-publish","format-standard","has-post-thumbnail","hentry","category-servizio-ecumenismo-e-dialogo","category-notizie","tag-tavolo-delle-appartenenze-religiose"],"acf":{"seed-localization-paese-cod":"IT","seed-localization-address":"","seed-localization-citta":"Trento","seed-localization-regione-cod-istat":"04","seed-localization-citta-cod-istat":"022205","seed-localization-localita":"","seed-localization-cap":"","seed-localization-marker-visibility":false,"seed-localization-children-visibility":false,"seed-localization-kml":"","seed-localization-custom-marker":""},"yoast_head":"<!-- This site is optimized with the Yoast SEO Premium plugin v20.2.1 (Yoast SEO v22.2) - https:\/\/yoast.com\/wordpress\/plugins\/seo\/ -->\n<title>25 aprile, l&#039;appello alla pace del Tavolo locale delle appartenenze religiose di Trento - Testimonianza e Impegno sociale<\/title>\n<meta name=\"robots\" content=\"index, follow, max-snippet:-1, max-image-preview:large, max-video-preview:-1\" \/>\n<link rel=\"canonical\" href=\"https:\/\/www.diocesitn.it\/area-testimonianza\/2024\/04\/24\/25-aprile-lappello-alla-pace-del-tavolo-locale-delle-appartenenze-religiose-di-trento-3\/\" \/>\n<meta property=\"og:locale\" content=\"it_IT\" \/>\n<meta property=\"og:type\" content=\"article\" \/>\n<meta property=\"og:title\" content=\"25 aprile, l&#039;appello alla pace del Tavolo locale delle appartenenze religiose di Trento\" \/>\n<meta property=\"og:description\" content=\"Il Tavolo Locale delle Appartenenze Religiose di Trento interviene per la prima volta con una nota in occasione delle celebrazioni del 25 aprile, Festa della Liberazione. Il &#8220;Tavolo&#8221; rivolge un accorato appello alla pace e\" \/>\n<meta property=\"og:url\" content=\"https:\/\/www.diocesitn.it\/area-testimonianza\/2024\/04\/24\/25-aprile-lappello-alla-pace-del-tavolo-locale-delle-appartenenze-religiose-di-trento-3\/\" \/>\n<meta property=\"og:site_name\" content=\"Testimonianza e Impegno sociale\" \/>\n<meta property=\"article:published_time\" content=\"2024-04-24T10:17:36+00:00\" \/>\n<meta property=\"article:modified_time\" content=\"2024-12-16T14:03:28+00:00\" \/>\n<meta property=\"og:image\" content=\"https:\/\/www.diocesitn.it\/area-testimonianza\/wp-content\/uploads\/sites\/37\/2024\/04\/tavolo_religioni-scaled.jpg\" \/>\n\t<meta property=\"og:image:width\" content=\"2560\" \/>\n\t<meta property=\"og:image:height\" content=\"1920\" \/>\n\t<meta property=\"og:image:type\" content=\"image\/jpeg\" \/>\n<meta name=\"author\" content=\"Piergiorgio Franceschini\" \/>\n<meta name=\"twitter:card\" content=\"summary_large_image\" \/>\n<meta name=\"twitter:label1\" content=\"Scritto da\" \/>\n\t<meta name=\"twitter:data1\" content=\"Piergiorgio Franceschini\" \/>\n\t<meta name=\"twitter:label2\" content=\"Tempo di lettura stimato\" \/>\n\t<meta name=\"twitter:data2\" content=\"3 minuti\" \/>\n<script type=\"application\/ld+json\" class=\"yoast-schema-graph\">{\"@context\":\"https:\/\/schema.org\",\"@graph\":[{\"@type\":\"Article\",\"@id\":\"https:\/\/www.diocesitn.it\/area-testimonianza\/2024\/04\/24\/25-aprile-lappello-alla-pace-del-tavolo-locale-delle-appartenenze-religiose-di-trento-3\/#article\",\"isPartOf\":{\"@id\":\"https:\/\/www.diocesitn.it\/area-testimonianza\/2024\/04\/24\/25-aprile-lappello-alla-pace-del-tavolo-locale-delle-appartenenze-religiose-di-trento-3\/\"},\"author\":{\"name\":\"Piergiorgio Franceschini\",\"@id\":\"https:\/\/www.diocesitn.it\/area-testimonianza\/#\/schema\/person\/99590c84577873a025247b6aeb16ad2e\"},\"headline\":\"25 aprile, l&#8217;appello alla pace del Tavolo locale delle appartenenze religiose di Trento\",\"datePublished\":\"2024-04-24T10:17:36+00:00\",\"dateModified\":\"2024-12-16T14:03:28+00:00\",\"mainEntityOfPage\":{\"@id\":\"https:\/\/www.diocesitn.it\/area-testimonianza\/2024\/04\/24\/25-aprile-lappello-alla-pace-del-tavolo-locale-delle-appartenenze-religiose-di-trento-3\/\"},\"wordCount\":436,\"publisher\":{\"@id\":\"https:\/\/www.diocesitn.it\/area-testimonianza\/#organization\"},\"image\":{\"@id\":\"https:\/\/www.diocesitn.it\/area-testimonianza\/2024\/04\/24\/25-aprile-lappello-alla-pace-del-tavolo-locale-delle-appartenenze-religiose-di-trento-3\/#primaryimage\"},\"thumbnailUrl\":\"https:\/\/www.diocesitn.it\/area-testimonianza\/wp-content\/uploads\/sites\/37\/2024\/04\/tavolo_religioni-scaled.jpg\",\"keywords\":[\"tavolo delle appartenenze religiose\"],\"articleSection\":[\"Ecumenismo e Dialogo interreligioso\",\"Notizie\"],\"inLanguage\":\"it-IT\",\"copyrightYear\":\"2024\",\"copyrightHolder\":{\"@id\":\"https:\/\/www.diocesitn.it\/#organization\"}},{\"@type\":\"WebPage\",\"@id\":\"https:\/\/www.diocesitn.it\/area-testimonianza\/2024\/04\/24\/25-aprile-lappello-alla-pace-del-tavolo-locale-delle-appartenenze-religiose-di-trento-3\/\",\"url\":\"https:\/\/www.diocesitn.it\/area-testimonianza\/2024\/04\/24\/25-aprile-lappello-alla-pace-del-tavolo-locale-delle-appartenenze-religiose-di-trento-3\/\",\"name\":\"25 aprile, l'appello alla pace del Tavolo locale delle appartenenze religiose di Trento - Testimonianza e Impegno sociale\",\"isPartOf\":{\"@id\":\"https:\/\/www.diocesitn.it\/area-testimonianza\/#website\"},\"primaryImageOfPage\":{\"@id\":\"https:\/\/www.diocesitn.it\/area-testimonianza\/2024\/04\/24\/25-aprile-lappello-alla-pace-del-tavolo-locale-delle-appartenenze-religiose-di-trento-3\/#primaryimage\"},\"image\":{\"@id\":\"https:\/\/www.diocesitn.it\/area-testimonianza\/2024\/04\/24\/25-aprile-lappello-alla-pace-del-tavolo-locale-delle-appartenenze-religiose-di-trento-3\/#primaryimage\"},\"thumbnailUrl\":\"https:\/\/www.diocesitn.it\/area-testimonianza\/wp-content\/uploads\/sites\/37\/2024\/04\/tavolo_religioni-scaled.jpg\",\"datePublished\":\"2024-04-24T10:17:36+00:00\",\"dateModified\":\"2024-12-16T14:03:28+00:00\",\"breadcrumb\":{\"@id\":\"https:\/\/www.diocesitn.it\/area-testimonianza\/2024\/04\/24\/25-aprile-lappello-alla-pace-del-tavolo-locale-delle-appartenenze-religiose-di-trento-3\/#breadcrumb\"},\"inLanguage\":\"it-IT\",\"potentialAction\":[{\"@type\":\"ReadAction\",\"target\":[\"https:\/\/www.diocesitn.it\/area-testimonianza\/2024\/04\/24\/25-aprile-lappello-alla-pace-del-tavolo-locale-delle-appartenenze-religiose-di-trento-3\/\"]}]},{\"@type\":\"ImageObject\",\"inLanguage\":\"it-IT\",\"@id\":\"https:\/\/www.diocesitn.it\/area-testimonianza\/2024\/04\/24\/25-aprile-lappello-alla-pace-del-tavolo-locale-delle-appartenenze-religiose-di-trento-3\/#primaryimage\",\"url\":\"https:\/\/www.diocesitn.it\/area-testimonianza\/wp-content\/uploads\/sites\/37\/2024\/04\/tavolo_religioni-scaled.jpg\",\"contentUrl\":\"https:\/\/www.diocesitn.it\/area-testimonianza\/wp-content\/uploads\/sites\/37\/2024\/04\/tavolo_religioni-scaled.jpg\",\"width\":2560,\"height\":1920},{\"@type\":\"BreadcrumbList\",\"@id\":\"https:\/\/www.diocesitn.it\/area-testimonianza\/2024\/04\/24\/25-aprile-lappello-alla-pace-del-tavolo-locale-delle-appartenenze-religiose-di-trento-3\/#breadcrumb\",\"itemListElement\":[{\"@type\":\"ListItem\",\"position\":1,\"name\":\"Home\",\"item\":\"https:\/\/www.diocesitn.it\/area-testimonianza\/\"},{\"@type\":\"ListItem\",\"position\":2,\"name\":\"25 aprile, l&#8217;appello alla pace del Tavolo locale delle appartenenze religiose di Trento\"}]},{\"@type\":\"WebSite\",\"@id\":\"https:\/\/www.diocesitn.it\/area-testimonianza\/#website\",\"url\":\"https:\/\/www.diocesitn.it\/area-testimonianza\/\",\"name\":\"Testimonianza e Impegno sociale\",\"description\":\"Chiesa di Trento\",\"publisher\":{\"@id\":\"https:\/\/www.diocesitn.it\/area-testimonianza\/#organization\"},\"potentialAction\":[{\"@type\":\"SearchAction\",\"target\":{\"@type\":\"EntryPoint\",\"urlTemplate\":\"https:\/\/www.diocesitn.it\/area-testimonianza\/?s={search_term_string}\"},\"query-input\":\"required name=search_term_string\"}],\"inLanguage\":\"it-IT\"},{\"@type\":[\"Organization\",\"Place\"],\"@id\":\"https:\/\/www.diocesitn.it\/area-testimonianza\/#organization\",\"name\":\"Area Testimonianza e Impegno Sociale - Chiesa di Trento\",\"url\":\"https:\/\/www.diocesitn.it\/area-testimonianza\/\",\"logo\":{\"@id\":\"https:\/\/www.diocesitn.it\/area-testimonianza\/2024\/04\/24\/25-aprile-lappello-alla-pace-del-tavolo-locale-delle-appartenenze-religiose-di-trento-3\/#local-main-organization-logo\"},\"image\":{\"@id\":\"https:\/\/www.diocesitn.it\/area-testimonianza\/2024\/04\/24\/25-aprile-lappello-alla-pace-del-tavolo-locale-delle-appartenenze-religiose-di-trento-3\/#local-main-organization-logo\"},\"openingHoursSpecification\":[{\"@type\":\"OpeningHoursSpecification\",\"dayOfWeek\":[\"Monday\",\"Tuesday\",\"Wednesday\",\"Thursday\",\"Friday\",\"Saturday\",\"Sunday\"],\"opens\":\"09:00\",\"closes\":\"17:00\"}]},{\"@type\":\"ImageObject\",\"inLanguage\":\"it-IT\",\"@id\":\"https:\/\/www.diocesitn.it\/area-testimonianza\/2024\/04\/24\/25-aprile-lappello-alla-pace-del-tavolo-locale-delle-appartenenze-religiose-di-trento-3\/#local-main-organization-logo\",\"url\":\"https:\/\/www.diocesitn.it\/area-testimonianza\/wp-content\/uploads\/sites\/37\/2021\/09\/og-logo-testimonianza-e-impegno-sociale.jpg\",\"contentUrl\":\"https:\/\/www.diocesitn.it\/area-testimonianza\/wp-content\/uploads\/sites\/37\/2021\/09\/og-logo-testimonianza-e-impegno-sociale.jpg\",\"width\":1200,\"height\":630,\"caption\":\"Area Testimonianza e Impegno Sociale - Chiesa di Trento\"}]}<\/script>\n<!-- \/ Yoast SEO Premium plugin. -->","yoast_head_json":{"title":"25 aprile, l'appello alla pace del Tavolo locale delle appartenenze religiose di Trento - Testimonianza e Impegno sociale","robots":{"index":"index","follow":"follow","max-snippet":"max-snippet:-1","max-image-preview":"max-image-preview:large","max-video-preview":"max-video-preview:-1"},"canonical":"https:\/\/www.diocesitn.it\/area-testimonianza\/2024\/04\/24\/25-aprile-lappello-alla-pace-del-tavolo-locale-delle-appartenenze-religiose-di-trento-3\/","og_locale":"it_IT","og_type":"article","og_title":"25 aprile, l'appello alla pace del Tavolo locale delle appartenenze religiose di Trento","og_description":"Il Tavolo Locale delle Appartenenze Religiose di Trento interviene per la prima volta con una nota in occasione delle celebrazioni del 25 aprile, Festa della Liberazione. Il &#8220;Tavolo&#8221; rivolge un accorato appello alla pace e","og_url":"https:\/\/www.diocesitn.it\/area-testimonianza\/2024\/04\/24\/25-aprile-lappello-alla-pace-del-tavolo-locale-delle-appartenenze-religiose-di-trento-3\/","og_site_name":"Testimonianza e Impegno sociale","article_published_time":"2024-04-24T10:17:36+00:00","article_modified_time":"2024-12-16T14:03:28+00:00","og_image":[{"width":2560,"height":1920,"url":"https:\/\/www.diocesitn.it\/area-testimonianza\/wp-content\/uploads\/sites\/37\/2024\/04\/tavolo_religioni-scaled.jpg","type":"image\/jpeg"}],"author":"Piergiorgio Franceschini","twitter_card":"summary_large_image","twitter_misc":{"Scritto da":"Piergiorgio Franceschini","Tempo di lettura stimato":"3 minuti"},"schema":{"@context":"https:\/\/schema.org","@graph":[{"@type":"Article","@id":"https:\/\/www.diocesitn.it\/area-testimonianza\/2024\/04\/24\/25-aprile-lappello-alla-pace-del-tavolo-locale-delle-appartenenze-religiose-di-trento-3\/#article","isPartOf":{"@id":"https:\/\/www.diocesitn.it\/area-testimonianza\/2024\/04\/24\/25-aprile-lappello-alla-pace-del-tavolo-locale-delle-appartenenze-religiose-di-trento-3\/"},"author":{"name":"Piergiorgio Franceschini","@id":"https:\/\/www.diocesitn.it\/area-testimonianza\/#\/schema\/person\/99590c84577873a025247b6aeb16ad2e"},"headline":"25 aprile, l&#8217;appello alla pace del Tavolo locale delle appartenenze religiose di Trento","datePublished":"2024-04-24T10:17:36+00:00","dateModified":"2024-12-16T14:03:28+00:00","mainEntityOfPage":{"@id":"https:\/\/www.diocesitn.it\/area-testimonianza\/2024\/04\/24\/25-aprile-lappello-alla-pace-del-tavolo-locale-delle-appartenenze-religiose-di-trento-3\/"},"wordCount":436,"publisher":{"@id":"https:\/\/www.diocesitn.it\/area-testimonianza\/#organization"},"image":{"@id":"https:\/\/www.diocesitn.it\/area-testimonianza\/2024\/04\/24\/25-aprile-lappello-alla-pace-del-tavolo-locale-delle-appartenenze-religiose-di-trento-3\/#primaryimage"},"thumbnailUrl":"https:\/\/www.diocesitn.it\/area-testimonianza\/wp-content\/uploads\/sites\/37\/2024\/04\/tavolo_religioni-scaled.jpg","keywords":["tavolo delle appartenenze religiose"],"articleSection":["Ecumenismo e Dialogo interreligioso","Notizie"],"inLanguage":"it-IT","copyrightYear":"2024","copyrightHolder":{"@id":"https:\/\/www.diocesitn.it\/#organization"}},{"@type":"WebPage","@id":"https:\/\/www.diocesitn.it\/area-testimonianza\/2024\/04\/24\/25-aprile-lappello-alla-pace-del-tavolo-locale-delle-appartenenze-religiose-di-trento-3\/","url":"https:\/\/www.diocesitn.it\/area-testimonianza\/2024\/04\/24\/25-aprile-lappello-alla-pace-del-tavolo-locale-delle-appartenenze-religiose-di-trento-3\/","name":"25 aprile, l'appello alla pace del Tavolo locale delle appartenenze religiose di Trento - Testimonianza e Impegno sociale","isPartOf":{"@id":"https:\/\/www.diocesitn.it\/area-testimonianza\/#website"},"primaryImageOfPage":{"@id":"https:\/\/www.diocesitn.it\/area-testimonianza\/2024\/04\/24\/25-aprile-lappello-alla-pace-del-tavolo-locale-delle-appartenenze-religiose-di-trento-3\/#primaryimage"},"image":{"@id":"https:\/\/www.diocesitn.it\/area-testimonianza\/2024\/04\/24\/25-aprile-lappello-alla-pace-del-tavolo-locale-delle-appartenenze-religiose-di-trento-3\/#primaryimage"},"thumbnailUrl":"https:\/\/www.diocesitn.it\/area-testimonianza\/wp-content\/uploads\/sites\/37\/2024\/04\/tavolo_religioni-scaled.jpg","datePublished":"2024-04-24T10:17:36+00:00","dateModified":"2024-12-16T14:03:28+00:00","breadcrumb":{"@id":"https:\/\/www.diocesitn.it\/area-testimonianza\/2024\/04\/24\/25-aprile-lappello-alla-pace-del-tavolo-locale-delle-appartenenze-religiose-di-trento-3\/#breadcrumb"},"inLanguage":"it-IT","potentialAction":[{"@type":"ReadAction","target":["https:\/\/www.diocesitn.it\/area-testimonianza\/2024\/04\/24\/25-aprile-lappello-alla-pace-del-tavolo-locale-delle-appartenenze-religiose-di-trento-3\/"]}]},{"@type":"ImageObject","inLanguage":"it-IT","@id":"https:\/\/www.diocesitn.it\/area-testimonianza\/2024\/04\/24\/25-aprile-lappello-alla-pace-del-tavolo-locale-delle-appartenenze-religiose-di-trento-3\/#primaryimage","url":"https:\/\/www.diocesitn.it\/area-testimonianza\/wp-content\/uploads\/sites\/37\/2024\/04\/tavolo_religioni-scaled.jpg","contentUrl":"https:\/\/www.diocesitn.it\/area-testimonianza\/wp-content\/uploads\/sites\/37\/2024\/04\/tavolo_religioni-scaled.jpg","width":2560,"height":1920},{"@type":"BreadcrumbList","@id":"https:\/\/www.diocesitn.it\/area-testimonianza\/2024\/04\/24\/25-aprile-lappello-alla-pace-del-tavolo-locale-delle-appartenenze-religiose-di-trento-3\/#breadcrumb","itemListElement":[{"@type":"ListItem","position":1,"name":"Home","item":"https:\/\/www.diocesitn.it\/area-testimonianza\/"},{"@type":"ListItem","position":2,"name":"25 aprile, l&#8217;appello alla pace del Tavolo locale delle appartenenze religiose di Trento"}]},{"@type":"WebSite","@id":"https:\/\/www.diocesitn.it\/area-testimonianza\/#website","url":"https:\/\/www.diocesitn.it\/area-testimonianza\/","name":"Testimonianza e Impegno sociale","description":"Chiesa di Trento","publisher":{"@id":"https:\/\/www.diocesitn.it\/area-testimonianza\/#organization"},"potentialAction":[{"@type":"SearchAction","target":{"@type":"EntryPoint","urlTemplate":"https:\/\/www.diocesitn.it\/area-testimonianza\/?s={search_term_string}"},"query-input":"required name=search_term_string"}],"inLanguage":"it-IT"},{"@type":["Organization","Place"],"@id":"https:\/\/www.diocesitn.it\/area-testimonianza\/#organization","name":"Area Testimonianza e Impegno Sociale - Chiesa di Trento","url":"https:\/\/www.diocesitn.it\/area-testimonianza\/","logo":{"@id":"https:\/\/www.diocesitn.it\/area-testimonianza\/2024\/04\/24\/25-aprile-lappello-alla-pace-del-tavolo-locale-delle-appartenenze-religiose-di-trento-3\/#local-main-organization-logo"},"image":{"@id":"https:\/\/www.diocesitn.it\/area-testimonianza\/2024\/04\/24\/25-aprile-lappello-alla-pace-del-tavolo-locale-delle-appartenenze-religiose-di-trento-3\/#local-main-organization-logo"},"openingHoursSpecification":[{"@type":"OpeningHoursSpecification","dayOfWeek":["Monday","Tuesday","Wednesday","Thursday","Friday","Saturday","Sunday"],"opens":"09:00","closes":"17:00"}]},{"@type":"ImageObject","inLanguage":"it-IT","@id":"https:\/\/www.diocesitn.it\/area-testimonianza\/2024\/04\/24\/25-aprile-lappello-alla-pace-del-tavolo-locale-delle-appartenenze-religiose-di-trento-3\/#local-main-organization-logo","url":"https:\/\/www.diocesitn.it\/area-testimonianza\/wp-content\/uploads\/sites\/37\/2021\/09\/og-logo-testimonianza-e-impegno-sociale.jpg","contentUrl":"https:\/\/www.diocesitn.it\/area-testimonianza\/wp-content\/uploads\/sites\/37\/2021\/09\/og-logo-testimonianza-e-impegno-sociale.jpg","width":1200,"height":630,"caption":"Area Testimonianza e Impegno Sociale - Chiesa di Trento"}]}},"_links":{"self":[{"href":"https:\/\/www.diocesitn.it\/area-testimonianza\/wp-json\/wp\/v2\/posts\/15016","targetHints":{"allow":["GET"]}}],"collection":[{"href":"https:\/\/www.diocesitn.it\/area-testimonianza\/wp-json\/wp\/v2\/posts"}],"about":[{"href":"https:\/\/www.diocesitn.it\/area-testimonianza\/wp-json\/wp\/v2\/types\/post"}],"author":[{"embeddable":true,"href":"https:\/\/www.diocesitn.it\/area-testimonianza\/wp-json\/wp\/v2\/users\/3"}],"replies":[{"embeddable":true,"href":"https:\/\/www.diocesitn.it\/area-testimonianza\/wp-json\/wp\/v2\/comments?post=15016"}],"version-history":[{"count":1,"href":"https:\/\/www.diocesitn.it\/area-testimonianza\/wp-json\/wp\/v2\/posts\/15016\/revisions"}],"predecessor-version":[{"id":16709,"href":"https:\/\/www.diocesitn.it\/area-testimonianza\/wp-json\/wp\/v2\/posts\/15016\/revisions\/16709"}],"wp:featuredmedia":[{"embeddable":true,"href":"https:\/\/www.diocesitn.it\/area-testimonianza\/wp-json\/wp\/v2\/media\/15013"}],"wp:attachment":[{"href":"https:\/\/www.diocesitn.it\/area-testimonianza\/wp-json\/wp\/v2\/media?parent=15016"}],"wp:term":[{"taxonomy":"category","embeddable":true,"href":"https:\/\/www.diocesitn.it\/area-testimonianza\/wp-json\/wp\/v2\/categories?post=15016"},{"taxonomy":"post_tag","embeddable":true,"href":"https:\/\/www.diocesitn.it\/area-testimonianza\/wp-json\/wp\/v2\/tags?post=15016"}],"curies":[{"name":"wp","href":"https:\/\/api.w.org\/{rel}","templated":true}]}}