{"id":14954,"date":"2024-04-18T10:53:04","date_gmt":"2024-04-18T08:53:04","guid":{"rendered":"https:\/\/www.diocesitn.it\/area-testimonianza\/?p=14954"},"modified":"2024-07-18T09:59:23","modified_gmt":"2024-07-18T07:59:23","slug":"difendiamo-il-diritto-al-cibo-per-tutti","status":"publish","type":"post","link":"https:\/\/www.diocesitn.it\/area-testimonianza\/2024\/04\/18\/difendiamo-il-diritto-al-cibo-per-tutti\/","title":{"rendered":"Difendiamo il diritto al cibo per tutti. Ritorna la campagna Focsiv &#8220;Abbiamo riso per una cosa seria&#8221;"},"content":{"rendered":"<p>La Campagna FOCSIV\u00a0<strong>\u201cAbbiamo riso per una cosa seria\u201d<\/strong> torna nelle piazze, nelle parrocchie e nei mercati a <strong>maggio per due fine settimana consecutivi <\/strong><strong style=\"font-size: inherit\">sabato 18, domenica 19, sabato 25 e domenica 26<\/strong><span style=\"font-size: inherit\">.<\/span><\/p>\n<p><!--more--><\/p>\n<p><img loading=\"lazy\" decoding=\"async\" class=\"alignnone wp-image-14955 aligncenter\" src=\"https:\/\/www.diocesitn.it\/area-testimonianza\/wp-content\/uploads\/sites\/37\/2024\/04\/CR24-DATE_BANNER-SITO-770x350-1-300x136.png\" alt=\"\" width=\"547\" height=\"248\" srcset=\"https:\/\/www.diocesitn.it\/area-testimonianza\/wp-content\/uploads\/sites\/37\/2024\/04\/CR24-DATE_BANNER-SITO-770x350-1-300x136.png 300w, https:\/\/www.diocesitn.it\/area-testimonianza\/wp-content\/uploads\/sites\/37\/2024\/04\/CR24-DATE_BANNER-SITO-770x350-1-768x349.png 768w, https:\/\/www.diocesitn.it\/area-testimonianza\/wp-content\/uploads\/sites\/37\/2024\/04\/CR24-DATE_BANNER-SITO-770x350-1-360x164.png 360w, https:\/\/www.diocesitn.it\/area-testimonianza\/wp-content\/uploads\/sites\/37\/2024\/04\/CR24-DATE_BANNER-SITO-770x350-1.png 770w\" sizes=\"auto, (max-width: 547px) 100vw, 547px\" \/><\/p>\n<h1 style=\"text-align: center\">XXII CAMPAGNA FOCSIV<\/h1>\n<h1 style=\"text-align: center\"><em>Abbiamo riso per una cosa seria<\/em><\/h1>\n<h1 style=\"text-align: center\"><strong>Difendiamo il diritto al cibo per tutti<\/strong><\/h1>\n<h4 style=\"text-align: center\"><strong>Maggio <\/strong><strong style=\"font-size: inherit\">sabato 18, domenica 19, sabato 25 e domenica 26<\/strong><\/h4>\n<p>La Campagna \u2013 in collaborazione con Coldiretti, Campagna Amica e Fondazione MISSIO \u2013 porta sui banchetti allestiti in tutta Italia da migliaia di volontari pacchi di riso Arborio, 100% italiano, proveniente da piccole aziende della Filiera Agricola Italiana.<\/p>\n<p>Questo riso ha per noi un duplice valore. Significa <span style=\"text-decoration: underline\">promuovere l\u2019agricoltura familiare in Italia<\/span>, se pensiamo che la Campagna prevede di distribuire oltre 55.000 kg di riso nazionale (solo l\u2019ACCRI \u2013 nelle due province di Trento e Trieste \u2013 ne distribuisce 5.700 kg). Significa anche promuovere l\u2019agricoltura familiare nel mondo, visto che i 33 Progetti sostenuti dalla Campagna attraverso i soci FOCSIV, hanno tutti la medesima finalit\u00e0: <span style=\"text-decoration: underline\">il miglioramento della condizione socioeconomica delle comunit\u00e0 agricole in diversi Paesi di Africa, Asia e America Latina<\/span>.<\/p>\n<p>L\u2019ACCRI, per questa XXII edizione della Campagna, desidera proporre il sostegno al <strong>progetto \u201cUn pasto sicuro per gli alunni di 6 scuole primarie\u201d <\/strong>che l\u2019associazione realizza in <strong>Kenya<\/strong>, nelle aree rurali di Iriamurai e Mutuobare.<br \/>\nL\u2019intervento prevede:<\/p>\n<ul>\n<li>l\u2019installazione di cisterne per la raccolta di acqua piovana presso 6 scuole primarie;<\/li>\n<li>l\u2019avvio di altrettanti orti didattici al fine di migliorare i pasti di 1.100 alunni;<\/li>\n<li>l\u2019organizzazione di laboratori formativi destinati anche ai genitori, affinch\u00e9 le strategie messe in atto possano essere replicate a livello familiare, a garanzia della sostenibilit\u00e0 del progetto.<\/li>\n<\/ul>\n<p>Le attivit\u00e0 sono supportate da un team formato da due tecnici della Caritas della Diocesi di Embu (partner di progetto) e da Giulia, Lavinia e Michele, volontari dell\u2019ACCRI in Kenya.<\/p>\n<p><img loading=\"lazy\" decoding=\"async\" class=\"alignnone wp-image-14950 aligncenter\" src=\"https:\/\/www.diocesitn.it\/area-testimonianza\/wp-content\/uploads\/sites\/37\/2024\/04\/ACCRI-Alunni-mensa-300x136.jpeg\" alt=\"\" width=\"446\" height=\"202\" srcset=\"https:\/\/www.diocesitn.it\/area-testimonianza\/wp-content\/uploads\/sites\/37\/2024\/04\/ACCRI-Alunni-mensa-300x136.jpeg 300w, https:\/\/www.diocesitn.it\/area-testimonianza\/wp-content\/uploads\/sites\/37\/2024\/04\/ACCRI-Alunni-mensa-768x349.jpeg 768w, https:\/\/www.diocesitn.it\/area-testimonianza\/wp-content\/uploads\/sites\/37\/2024\/04\/ACCRI-Alunni-mensa-360x164.jpeg 360w, https:\/\/www.diocesitn.it\/area-testimonianza\/wp-content\/uploads\/sites\/37\/2024\/04\/ACCRI-Alunni-mensa.jpeg 770w\" sizes=\"auto, (max-width: 446px) 100vw, 446px\" \/><\/p>\n<hr \/>\n<h3><strong>SO<\/strong><strong>S<\/strong><strong>TIENI ANCHE TU LA CAMPAGNA!<\/strong><\/h3>\n<p><strong><em>Sabato 18, domenica19, sabato 25 e domenica 26 maggio, potrai trovare i pacchi di riso nelle seguenti localit\u00e0.<\/em><\/strong><\/p>\n<ul>\n<li><strong>Alto Garda e valle di Ledro: <\/strong>Varignano, Riva, Tenno, Biacesa, Pregasina e Campi.<\/li>\n<li><strong>Valle dei Laghi: <\/strong>Cavedine, Vezzano, Fraveggio, Ranzo, Ciago, Pergolese, Padergnone, Covelo, Terlago, Vigo Cavedine, Brusino, Stravino, Lasino, Madruzzo, Calavino, Santa Massenza, Sarche, Pietramurata.<\/li>\n<li><strong>Valsugana: <\/strong>Levico, Calceranica, Centa s. Nicol\u00f2, Tenna.<\/li>\n<li><strong>Valli di Fiemme e Fassa: <\/strong>Capriana, Valfloriana, Cavalese, Carano, Daiano, Masi, Varena, San Lugano, Molina di Fiemme, Predazzo, Moena e Forno.<\/li>\n<li><strong>Altopiano della Paganella: <\/strong>Fai, Cavedago, Spormaggiore, Andalo e Molveno.<\/li>\n<li><strong>Val di Non: <\/strong>Dardine, Pri\u00f2, Verv\u00f2, Tavon, Tres, Dermulo, Rev\u00f2, Sfruz, Coredo, Smarano, Taio, Segno, Torra, Mollaro, Sporminore, Denno, Campodenno, Cunevo, Denno, Dercolo, Flavon, Lover, Masi, Quetta, Sporminore, Termon, Terres, Toss, Vigo di Ton.<\/li>\n<li><strong>Valli Giudicarie: <\/strong>Tione, Bondo, Breguzzo, Roncone, Lardaro, Ragoli, Preore, Bolbeno, Zuclo, Saone, Montagne, Storo.<\/li>\n<li><strong>Rovereto e Vallagarina: <\/strong>parrocchie di S. Giorgio di Rovereto e Borgo Sacco, Besagno, Nomi e Pomarolo.<\/li>\n<li><strong>Trento e dintorni: <\/strong>chiesa di san Giuseppe, piazza Dante c\/o mercato di Campagna Amica, Ravina e Romagnano, Gardolo, Lavis, Zambana, Civezzano e Seregnano.<\/li>\n<\/ul>\n<p><img loading=\"lazy\" decoding=\"async\" class=\"alignnone size-medium wp-image-14958 alignleft\" src=\"https:\/\/www.diocesitn.it\/area-testimonianza\/wp-content\/uploads\/sites\/37\/2024\/04\/ACCRI-AVANTI-campagna-riso-204x300.png\" alt=\"\" width=\"204\" height=\"300\" srcset=\"https:\/\/www.diocesitn.it\/area-testimonianza\/wp-content\/uploads\/sites\/37\/2024\/04\/ACCRI-AVANTI-campagna-riso-204x300.png 204w, https:\/\/www.diocesitn.it\/area-testimonianza\/wp-content\/uploads\/sites\/37\/2024\/04\/ACCRI-AVANTI-campagna-riso-697x1024.png 697w, https:\/\/www.diocesitn.it\/area-testimonianza\/wp-content\/uploads\/sites\/37\/2024\/04\/ACCRI-AVANTI-campagna-riso-768x1129.png 768w, https:\/\/www.diocesitn.it\/area-testimonianza\/wp-content\/uploads\/sites\/37\/2024\/04\/ACCRI-AVANTI-campagna-riso-191x280.png 191w, https:\/\/www.diocesitn.it\/area-testimonianza\/wp-content\/uploads\/sites\/37\/2024\/04\/ACCRI-AVANTI-campagna-riso-523x768.png 523w, https:\/\/www.diocesitn.it\/area-testimonianza\/wp-content\/uploads\/sites\/37\/2024\/04\/ACCRI-AVANTI-campagna-riso-1045x1536.png 1045w, https:\/\/www.diocesitn.it\/area-testimonianza\/wp-content\/uploads\/sites\/37\/2024\/04\/ACCRI-AVANTI-campagna-riso-1394x2048.png 1394w, https:\/\/www.diocesitn.it\/area-testimonianza\/wp-content\/uploads\/sites\/37\/2024\/04\/ACCRI-AVANTI-campagna-riso-800x1176.png 800w, https:\/\/www.diocesitn.it\/area-testimonianza\/wp-content\/uploads\/sites\/37\/2024\/04\/ACCRI-AVANTI-campagna-riso-1200x1763.png 1200w, https:\/\/www.diocesitn.it\/area-testimonianza\/wp-content\/uploads\/sites\/37\/2024\/04\/ACCRI-AVANTI-campagna-riso-1320x1940.png 1320w, https:\/\/www.diocesitn.it\/area-testimonianza\/wp-content\/uploads\/sites\/37\/2024\/04\/ACCRI-AVANTI-campagna-riso.png 1606w\" sizes=\"auto, (max-width: 204px) 100vw, 204px\" \/><img loading=\"lazy\" decoding=\"async\" class=\"alignnone size-medium wp-image-14959 alignleft\" src=\"https:\/\/www.diocesitn.it\/area-testimonianza\/wp-content\/uploads\/sites\/37\/2024\/04\/ACCRI-RETRO-campagna-riso-204x300.png\" alt=\"\" width=\"204\" height=\"300\" srcset=\"https:\/\/www.diocesitn.it\/area-testimonianza\/wp-content\/uploads\/sites\/37\/2024\/04\/ACCRI-RETRO-campagna-riso-204x300.png 204w, https:\/\/www.diocesitn.it\/area-testimonianza\/wp-content\/uploads\/sites\/37\/2024\/04\/ACCRI-RETRO-campagna-riso-695x1024.png 695w, https:\/\/www.diocesitn.it\/area-testimonianza\/wp-content\/uploads\/sites\/37\/2024\/04\/ACCRI-RETRO-campagna-riso-768x1131.png 768w, https:\/\/www.diocesitn.it\/area-testimonianza\/wp-content\/uploads\/sites\/37\/2024\/04\/ACCRI-RETRO-campagna-riso-190x280.png 190w, https:\/\/www.diocesitn.it\/area-testimonianza\/wp-content\/uploads\/sites\/37\/2024\/04\/ACCRI-RETRO-campagna-riso-522x768.png 522w, https:\/\/www.diocesitn.it\/area-testimonianza\/wp-content\/uploads\/sites\/37\/2024\/04\/ACCRI-RETRO-campagna-riso-1043x1536.png 1043w, https:\/\/www.diocesitn.it\/area-testimonianza\/wp-content\/uploads\/sites\/37\/2024\/04\/ACCRI-RETRO-campagna-riso-1391x2048.png 1391w, https:\/\/www.diocesitn.it\/area-testimonianza\/wp-content\/uploads\/sites\/37\/2024\/04\/ACCRI-RETRO-campagna-riso-800x1178.png 800w, https:\/\/www.diocesitn.it\/area-testimonianza\/wp-content\/uploads\/sites\/37\/2024\/04\/ACCRI-RETRO-campagna-riso-1200x1767.png 1200w, https:\/\/www.diocesitn.it\/area-testimonianza\/wp-content\/uploads\/sites\/37\/2024\/04\/ACCRI-RETRO-campagna-riso-1320x1944.png 1320w, https:\/\/www.diocesitn.it\/area-testimonianza\/wp-content\/uploads\/sites\/37\/2024\/04\/ACCRI-RETRO-campagna-riso.png 1608w\" sizes=\"auto, (max-width: 204px) 100vw, 204px\" \/><\/p>\n<hr \/>\n<h3>Note<\/h3>\n<ul>\n<li>Per info: <a href=\"mailto:trento@accri.it\">trento@accri.it<\/a> \u2013 342-8537404<\/li>\n<li>Approfondimenti\n<ul>\n<li><a href=\"https:\/\/www.abbiamorisoperunacosaseria.it\/\">https:\/\/www.abbiamorisoperunacosaseria.it\/<\/a><\/li>\n<li><a style=\"font-size: inherit;background-color: #ffffff\" href=\"https:\/\/www.accri.it\/cosa-facciamo-2\/abbiamo-riso-per-una-cosa-seria-2024\/\">https:\/\/www.accri.it\/cosa-facciamo-2\/abbiamo-riso-per-una-cosa-seria-2024\/<\/a><\/li>\n<\/ul>\n<\/li>\n<\/ul>\n","protected":false},"excerpt":{"rendered":"<p>La Campagna FOCSIV\u00a0\u201cAbbiamo riso per una cosa seria\u201d torna nelle piazze, nelle parrocchie e nei mercati a maggio per due fine settimana consecutivi sabato 18, domenica 19, sabato 25 e domenica 26.<\/p>\n","protected":false},"author":161,"featured_media":14963,"comment_status":"closed","ping_status":"closed","sticky":false,"template":"","format":"standard","meta":{"footnotes":""},"categories":[1074,1151],"tags":[2194,1563,2264,2265],"class_list":["post-14954","post","type-post","status-publish","format-standard","has-post-thumbnail","hentry","category-notizie","category-servizio-missionario","tag-2194","tag-accri","tag-campagna-focsiv","tag-riso"],"acf":{"seed-localization-paese-cod":"IT","seed-localization-address":"","seed-localization-citta":"Trento","seed-localization-regione-cod-istat":"04","seed-localization-citta-cod-istat":"022205","seed-localization-localita":"","seed-localization-cap":"","seed-localization-marker-visibility":false,"seed-localization-children-visibility":false,"seed-localization-kml":"","seed-localization-custom-marker":""},"yoast_head":"<!-- This site is optimized with the Yoast SEO Premium plugin v20.2.1 (Yoast SEO v22.2) - https:\/\/yoast.com\/wordpress\/plugins\/seo\/ -->\n<title>Difendiamo il diritto al cibo per tutti. Ritorna la campagna Focsiv &quot;Abbiamo riso per una cosa seria&quot;<\/title>\n<meta name=\"description\" content=\"La Campagna FOCSIV\u00a0\u201cAbbiamo riso per una cosa seria\u201d torna nelle piazze, nelle parrocchie e nei mercati il 18, 19, 25 e 26 maggio.\" \/>\n<meta name=\"robots\" content=\"index, follow, max-snippet:-1, max-image-preview:large, max-video-preview:-1\" \/>\n<link rel=\"canonical\" href=\"https:\/\/www.diocesitn.it\/area-testimonianza\/2024\/04\/18\/difendiamo-il-diritto-al-cibo-per-tutti\/\" \/>\n<meta property=\"og:locale\" content=\"it_IT\" \/>\n<meta property=\"og:type\" content=\"article\" \/>\n<meta property=\"og:title\" content=\"Difendiamo il diritto al cibo per tutti. Ritorna la campagna Focsiv &quot;Abbiamo riso per una cosa seria&quot;\" \/>\n<meta property=\"og:description\" content=\"La Campagna FOCSIV\u00a0\u201cAbbiamo riso per una cosa seria\u201d torna nelle piazze, nelle parrocchie e nei mercati il 18, 19, 25 e 26 maggio.\" \/>\n<meta property=\"og:url\" content=\"https:\/\/www.diocesitn.it\/area-testimonianza\/2024\/04\/18\/difendiamo-il-diritto-al-cibo-per-tutti\/\" \/>\n<meta property=\"og:site_name\" content=\"Testimonianza e Impegno sociale\" \/>\n<meta property=\"article:published_time\" content=\"2024-04-18T08:53:04+00:00\" \/>\n<meta property=\"article:modified_time\" content=\"2024-07-18T07:59:23+00:00\" \/>\n<meta property=\"og:image\" content=\"https:\/\/www.diocesitn.it\/area-testimonianza\/wp-content\/uploads\/sites\/37\/2024\/04\/ACCRI-foto.jpg\" \/>\n\t<meta property=\"og:image:width\" content=\"466\" \/>\n\t<meta property=\"og:image:height\" content=\"350\" \/>\n\t<meta property=\"og:image:type\" content=\"image\/jpeg\" \/>\n<meta name=\"author\" content=\"smaule\" \/>\n<meta name=\"twitter:card\" content=\"summary_large_image\" \/>\n<meta name=\"twitter:label1\" content=\"Scritto da\" \/>\n\t<meta name=\"twitter:data1\" content=\"smaule\" \/>\n\t<meta name=\"twitter:label2\" content=\"Tempo di lettura stimato\" \/>\n\t<meta name=\"twitter:data2\" content=\"4 minuti\" \/>\n<script type=\"application\/ld+json\" class=\"yoast-schema-graph\">{\"@context\":\"https:\/\/schema.org\",\"@graph\":[{\"@type\":\"Article\",\"@id\":\"https:\/\/www.diocesitn.it\/area-testimonianza\/2024\/04\/18\/difendiamo-il-diritto-al-cibo-per-tutti\/#article\",\"isPartOf\":{\"@id\":\"https:\/\/www.diocesitn.it\/area-testimonianza\/2024\/04\/18\/difendiamo-il-diritto-al-cibo-per-tutti\/\"},\"author\":{\"name\":\"smaule\",\"@id\":\"https:\/\/www.diocesitn.it\/area-testimonianza\/#\/schema\/person\/bac489aafb7f98c1ca25f76c27174a95\"},\"headline\":\"Difendiamo il diritto al cibo per tutti. Ritorna la campagna Focsiv &#8220;Abbiamo riso per una cosa seria&#8221;\",\"datePublished\":\"2024-04-18T08:53:04+00:00\",\"dateModified\":\"2024-07-18T07:59:23+00:00\",\"mainEntityOfPage\":{\"@id\":\"https:\/\/www.diocesitn.it\/area-testimonianza\/2024\/04\/18\/difendiamo-il-diritto-al-cibo-per-tutti\/\"},\"wordCount\":510,\"publisher\":{\"@id\":\"https:\/\/www.diocesitn.it\/area-testimonianza\/#organization\"},\"image\":{\"@id\":\"https:\/\/www.diocesitn.it\/area-testimonianza\/2024\/04\/18\/difendiamo-il-diritto-al-cibo-per-tutti\/#primaryimage\"},\"thumbnailUrl\":\"https:\/\/www.diocesitn.it\/area-testimonianza\/wp-content\/uploads\/sites\/37\/2024\/04\/ACCRI-foto.jpg\",\"keywords\":[\"2024\",\"ACCRI\",\"campagna FOCSIV\",\"riso\"],\"articleSection\":[\"Notizie\",\"Pastorale Missionaria\"],\"inLanguage\":\"it-IT\",\"copyrightYear\":\"2024\",\"copyrightHolder\":{\"@id\":\"https:\/\/www.diocesitn.it\/#organization\"}},{\"@type\":\"WebPage\",\"@id\":\"https:\/\/www.diocesitn.it\/area-testimonianza\/2024\/04\/18\/difendiamo-il-diritto-al-cibo-per-tutti\/\",\"url\":\"https:\/\/www.diocesitn.it\/area-testimonianza\/2024\/04\/18\/difendiamo-il-diritto-al-cibo-per-tutti\/\",\"name\":\"Difendiamo il diritto al cibo per tutti. Ritorna la campagna Focsiv \\\"Abbiamo riso per una cosa seria\\\"\",\"isPartOf\":{\"@id\":\"https:\/\/www.diocesitn.it\/area-testimonianza\/#website\"},\"primaryImageOfPage\":{\"@id\":\"https:\/\/www.diocesitn.it\/area-testimonianza\/2024\/04\/18\/difendiamo-il-diritto-al-cibo-per-tutti\/#primaryimage\"},\"image\":{\"@id\":\"https:\/\/www.diocesitn.it\/area-testimonianza\/2024\/04\/18\/difendiamo-il-diritto-al-cibo-per-tutti\/#primaryimage\"},\"thumbnailUrl\":\"https:\/\/www.diocesitn.it\/area-testimonianza\/wp-content\/uploads\/sites\/37\/2024\/04\/ACCRI-foto.jpg\",\"datePublished\":\"2024-04-18T08:53:04+00:00\",\"dateModified\":\"2024-07-18T07:59:23+00:00\",\"description\":\"La Campagna FOCSIV\u00a0\u201cAbbiamo riso per una cosa seria\u201d torna nelle piazze, nelle parrocchie e nei mercati il 18, 19, 25 e 26 maggio.\",\"breadcrumb\":{\"@id\":\"https:\/\/www.diocesitn.it\/area-testimonianza\/2024\/04\/18\/difendiamo-il-diritto-al-cibo-per-tutti\/#breadcrumb\"},\"inLanguage\":\"it-IT\",\"potentialAction\":[{\"@type\":\"ReadAction\",\"target\":[\"https:\/\/www.diocesitn.it\/area-testimonianza\/2024\/04\/18\/difendiamo-il-diritto-al-cibo-per-tutti\/\"]}]},{\"@type\":\"ImageObject\",\"inLanguage\":\"it-IT\",\"@id\":\"https:\/\/www.diocesitn.it\/area-testimonianza\/2024\/04\/18\/difendiamo-il-diritto-al-cibo-per-tutti\/#primaryimage\",\"url\":\"https:\/\/www.diocesitn.it\/area-testimonianza\/wp-content\/uploads\/sites\/37\/2024\/04\/ACCRI-foto.jpg\",\"contentUrl\":\"https:\/\/www.diocesitn.it\/area-testimonianza\/wp-content\/uploads\/sites\/37\/2024\/04\/ACCRI-foto.jpg\",\"width\":466,\"height\":350},{\"@type\":\"BreadcrumbList\",\"@id\":\"https:\/\/www.diocesitn.it\/area-testimonianza\/2024\/04\/18\/difendiamo-il-diritto-al-cibo-per-tutti\/#breadcrumb\",\"itemListElement\":[{\"@type\":\"ListItem\",\"position\":1,\"name\":\"Home\",\"item\":\"https:\/\/www.diocesitn.it\/area-testimonianza\/\"},{\"@type\":\"ListItem\",\"position\":2,\"name\":\"Difendiamo il diritto al cibo per tutti. Ritorna la campagna Focsiv &#8220;Abbiamo riso per una cosa seria&#8221;\"}]},{\"@type\":\"WebSite\",\"@id\":\"https:\/\/www.diocesitn.it\/area-testimonianza\/#website\",\"url\":\"https:\/\/www.diocesitn.it\/area-testimonianza\/\",\"name\":\"Testimonianza e Impegno sociale\",\"description\":\"Chiesa di Trento\",\"publisher\":{\"@id\":\"https:\/\/www.diocesitn.it\/area-testimonianza\/#organization\"},\"potentialAction\":[{\"@type\":\"SearchAction\",\"target\":{\"@type\":\"EntryPoint\",\"urlTemplate\":\"https:\/\/www.diocesitn.it\/area-testimonianza\/?s={search_term_string}\"},\"query-input\":\"required name=search_term_string\"}],\"inLanguage\":\"it-IT\"},{\"@type\":[\"Organization\",\"Place\"],\"@id\":\"https:\/\/www.diocesitn.it\/area-testimonianza\/#organization\",\"name\":\"Area Testimonianza e Impegno Sociale - Chiesa di Trento\",\"url\":\"https:\/\/www.diocesitn.it\/area-testimonianza\/\",\"logo\":{\"@id\":\"https:\/\/www.diocesitn.it\/area-testimonianza\/2024\/04\/18\/difendiamo-il-diritto-al-cibo-per-tutti\/#local-main-organization-logo\"},\"image\":{\"@id\":\"https:\/\/www.diocesitn.it\/area-testimonianza\/2024\/04\/18\/difendiamo-il-diritto-al-cibo-per-tutti\/#local-main-organization-logo\"},\"openingHoursSpecification\":[{\"@type\":\"OpeningHoursSpecification\",\"dayOfWeek\":[\"Monday\",\"Tuesday\",\"Wednesday\",\"Thursday\",\"Friday\",\"Saturday\",\"Sunday\"],\"opens\":\"09:00\",\"closes\":\"17:00\"}]},{\"@type\":\"ImageObject\",\"inLanguage\":\"it-IT\",\"@id\":\"https:\/\/www.diocesitn.it\/area-testimonianza\/2024\/04\/18\/difendiamo-il-diritto-al-cibo-per-tutti\/#local-main-organization-logo\",\"url\":\"https:\/\/www.diocesitn.it\/area-testimonianza\/wp-content\/uploads\/sites\/37\/2021\/09\/og-logo-testimonianza-e-impegno-sociale.jpg\",\"contentUrl\":\"https:\/\/www.diocesitn.it\/area-testimonianza\/wp-content\/uploads\/sites\/37\/2021\/09\/og-logo-testimonianza-e-impegno-sociale.jpg\",\"width\":1200,\"height\":630,\"caption\":\"Area Testimonianza e Impegno Sociale - Chiesa di Trento\"}]}<\/script>\n<!-- \/ Yoast SEO Premium plugin. -->","yoast_head_json":{"title":"Difendiamo il diritto al cibo per tutti. Ritorna la campagna Focsiv \"Abbiamo riso per una cosa seria\"","description":"La Campagna FOCSIV\u00a0\u201cAbbiamo riso per una cosa seria\u201d torna nelle piazze, nelle parrocchie e nei mercati il 18, 19, 25 e 26 maggio.","robots":{"index":"index","follow":"follow","max-snippet":"max-snippet:-1","max-image-preview":"max-image-preview:large","max-video-preview":"max-video-preview:-1"},"canonical":"https:\/\/www.diocesitn.it\/area-testimonianza\/2024\/04\/18\/difendiamo-il-diritto-al-cibo-per-tutti\/","og_locale":"it_IT","og_type":"article","og_title":"Difendiamo il diritto al cibo per tutti. Ritorna la campagna Focsiv \"Abbiamo riso per una cosa seria\"","og_description":"La Campagna FOCSIV\u00a0\u201cAbbiamo riso per una cosa seria\u201d torna nelle piazze, nelle parrocchie e nei mercati il 18, 19, 25 e 26 maggio.","og_url":"https:\/\/www.diocesitn.it\/area-testimonianza\/2024\/04\/18\/difendiamo-il-diritto-al-cibo-per-tutti\/","og_site_name":"Testimonianza e Impegno sociale","article_published_time":"2024-04-18T08:53:04+00:00","article_modified_time":"2024-07-18T07:59:23+00:00","og_image":[{"width":466,"height":350,"url":"https:\/\/www.diocesitn.it\/area-testimonianza\/wp-content\/uploads\/sites\/37\/2024\/04\/ACCRI-foto.jpg","type":"image\/jpeg"}],"author":"smaule","twitter_card":"summary_large_image","twitter_misc":{"Scritto da":"smaule","Tempo di lettura stimato":"4 minuti"},"schema":{"@context":"https:\/\/schema.org","@graph":[{"@type":"Article","@id":"https:\/\/www.diocesitn.it\/area-testimonianza\/2024\/04\/18\/difendiamo-il-diritto-al-cibo-per-tutti\/#article","isPartOf":{"@id":"https:\/\/www.diocesitn.it\/area-testimonianza\/2024\/04\/18\/difendiamo-il-diritto-al-cibo-per-tutti\/"},"author":{"name":"smaule","@id":"https:\/\/www.diocesitn.it\/area-testimonianza\/#\/schema\/person\/bac489aafb7f98c1ca25f76c27174a95"},"headline":"Difendiamo il diritto al cibo per tutti. Ritorna la campagna Focsiv &#8220;Abbiamo riso per una cosa seria&#8221;","datePublished":"2024-04-18T08:53:04+00:00","dateModified":"2024-07-18T07:59:23+00:00","mainEntityOfPage":{"@id":"https:\/\/www.diocesitn.it\/area-testimonianza\/2024\/04\/18\/difendiamo-il-diritto-al-cibo-per-tutti\/"},"wordCount":510,"publisher":{"@id":"https:\/\/www.diocesitn.it\/area-testimonianza\/#organization"},"image":{"@id":"https:\/\/www.diocesitn.it\/area-testimonianza\/2024\/04\/18\/difendiamo-il-diritto-al-cibo-per-tutti\/#primaryimage"},"thumbnailUrl":"https:\/\/www.diocesitn.it\/area-testimonianza\/wp-content\/uploads\/sites\/37\/2024\/04\/ACCRI-foto.jpg","keywords":["2024","ACCRI","campagna FOCSIV","riso"],"articleSection":["Notizie","Pastorale Missionaria"],"inLanguage":"it-IT","copyrightYear":"2024","copyrightHolder":{"@id":"https:\/\/www.diocesitn.it\/#organization"}},{"@type":"WebPage","@id":"https:\/\/www.diocesitn.it\/area-testimonianza\/2024\/04\/18\/difendiamo-il-diritto-al-cibo-per-tutti\/","url":"https:\/\/www.diocesitn.it\/area-testimonianza\/2024\/04\/18\/difendiamo-il-diritto-al-cibo-per-tutti\/","name":"Difendiamo il diritto al cibo per tutti. Ritorna la campagna Focsiv \"Abbiamo riso per una cosa seria\"","isPartOf":{"@id":"https:\/\/www.diocesitn.it\/area-testimonianza\/#website"},"primaryImageOfPage":{"@id":"https:\/\/www.diocesitn.it\/area-testimonianza\/2024\/04\/18\/difendiamo-il-diritto-al-cibo-per-tutti\/#primaryimage"},"image":{"@id":"https:\/\/www.diocesitn.it\/area-testimonianza\/2024\/04\/18\/difendiamo-il-diritto-al-cibo-per-tutti\/#primaryimage"},"thumbnailUrl":"https:\/\/www.diocesitn.it\/area-testimonianza\/wp-content\/uploads\/sites\/37\/2024\/04\/ACCRI-foto.jpg","datePublished":"2024-04-18T08:53:04+00:00","dateModified":"2024-07-18T07:59:23+00:00","description":"La Campagna FOCSIV\u00a0\u201cAbbiamo riso per una cosa seria\u201d torna nelle piazze, nelle parrocchie e nei mercati il 18, 19, 25 e 26 maggio.","breadcrumb":{"@id":"https:\/\/www.diocesitn.it\/area-testimonianza\/2024\/04\/18\/difendiamo-il-diritto-al-cibo-per-tutti\/#breadcrumb"},"inLanguage":"it-IT","potentialAction":[{"@type":"ReadAction","target":["https:\/\/www.diocesitn.it\/area-testimonianza\/2024\/04\/18\/difendiamo-il-diritto-al-cibo-per-tutti\/"]}]},{"@type":"ImageObject","inLanguage":"it-IT","@id":"https:\/\/www.diocesitn.it\/area-testimonianza\/2024\/04\/18\/difendiamo-il-diritto-al-cibo-per-tutti\/#primaryimage","url":"https:\/\/www.diocesitn.it\/area-testimonianza\/wp-content\/uploads\/sites\/37\/2024\/04\/ACCRI-foto.jpg","contentUrl":"https:\/\/www.diocesitn.it\/area-testimonianza\/wp-content\/uploads\/sites\/37\/2024\/04\/ACCRI-foto.jpg","width":466,"height":350},{"@type":"BreadcrumbList","@id":"https:\/\/www.diocesitn.it\/area-testimonianza\/2024\/04\/18\/difendiamo-il-diritto-al-cibo-per-tutti\/#breadcrumb","itemListElement":[{"@type":"ListItem","position":1,"name":"Home","item":"https:\/\/www.diocesitn.it\/area-testimonianza\/"},{"@type":"ListItem","position":2,"name":"Difendiamo il diritto al cibo per tutti. Ritorna la campagna Focsiv &#8220;Abbiamo riso per una cosa seria&#8221;"}]},{"@type":"WebSite","@id":"https:\/\/www.diocesitn.it\/area-testimonianza\/#website","url":"https:\/\/www.diocesitn.it\/area-testimonianza\/","name":"Testimonianza e Impegno sociale","description":"Chiesa di Trento","publisher":{"@id":"https:\/\/www.diocesitn.it\/area-testimonianza\/#organization"},"potentialAction":[{"@type":"SearchAction","target":{"@type":"EntryPoint","urlTemplate":"https:\/\/www.diocesitn.it\/area-testimonianza\/?s={search_term_string}"},"query-input":"required name=search_term_string"}],"inLanguage":"it-IT"},{"@type":["Organization","Place"],"@id":"https:\/\/www.diocesitn.it\/area-testimonianza\/#organization","name":"Area Testimonianza e Impegno Sociale - Chiesa di Trento","url":"https:\/\/www.diocesitn.it\/area-testimonianza\/","logo":{"@id":"https:\/\/www.diocesitn.it\/area-testimonianza\/2024\/04\/18\/difendiamo-il-diritto-al-cibo-per-tutti\/#local-main-organization-logo"},"image":{"@id":"https:\/\/www.diocesitn.it\/area-testimonianza\/2024\/04\/18\/difendiamo-il-diritto-al-cibo-per-tutti\/#local-main-organization-logo"},"openingHoursSpecification":[{"@type":"OpeningHoursSpecification","dayOfWeek":["Monday","Tuesday","Wednesday","Thursday","Friday","Saturday","Sunday"],"opens":"09:00","closes":"17:00"}]},{"@type":"ImageObject","inLanguage":"it-IT","@id":"https:\/\/www.diocesitn.it\/area-testimonianza\/2024\/04\/18\/difendiamo-il-diritto-al-cibo-per-tutti\/#local-main-organization-logo","url":"https:\/\/www.diocesitn.it\/area-testimonianza\/wp-content\/uploads\/sites\/37\/2021\/09\/og-logo-testimonianza-e-impegno-sociale.jpg","contentUrl":"https:\/\/www.diocesitn.it\/area-testimonianza\/wp-content\/uploads\/sites\/37\/2021\/09\/og-logo-testimonianza-e-impegno-sociale.jpg","width":1200,"height":630,"caption":"Area Testimonianza e Impegno Sociale - Chiesa di Trento"}]}},"_links":{"self":[{"href":"https:\/\/www.diocesitn.it\/area-testimonianza\/wp-json\/wp\/v2\/posts\/14954","targetHints":{"allow":["GET"]}}],"collection":[{"href":"https:\/\/www.diocesitn.it\/area-testimonianza\/wp-json\/wp\/v2\/posts"}],"about":[{"href":"https:\/\/www.diocesitn.it\/area-testimonianza\/wp-json\/wp\/v2\/types\/post"}],"author":[{"embeddable":true,"href":"https:\/\/www.diocesitn.it\/area-testimonianza\/wp-json\/wp\/v2\/users\/161"}],"replies":[{"embeddable":true,"href":"https:\/\/www.diocesitn.it\/area-testimonianza\/wp-json\/wp\/v2\/comments?post=14954"}],"version-history":[{"count":4,"href":"https:\/\/www.diocesitn.it\/area-testimonianza\/wp-json\/wp\/v2\/posts\/14954\/revisions"}],"predecessor-version":[{"id":15244,"href":"https:\/\/www.diocesitn.it\/area-testimonianza\/wp-json\/wp\/v2\/posts\/14954\/revisions\/15244"}],"wp:featuredmedia":[{"embeddable":true,"href":"https:\/\/www.diocesitn.it\/area-testimonianza\/wp-json\/wp\/v2\/media\/14963"}],"wp:attachment":[{"href":"https:\/\/www.diocesitn.it\/area-testimonianza\/wp-json\/wp\/v2\/media?parent=14954"}],"wp:term":[{"taxonomy":"category","embeddable":true,"href":"https:\/\/www.diocesitn.it\/area-testimonianza\/wp-json\/wp\/v2\/categories?post=14954"},{"taxonomy":"post_tag","embeddable":true,"href":"https:\/\/www.diocesitn.it\/area-testimonianza\/wp-json\/wp\/v2\/tags?post=14954"}],"curies":[{"name":"wp","href":"https:\/\/api.w.org\/{rel}","templated":true}]}}