{"id":14914,"date":"2024-04-09T11:32:46","date_gmt":"2024-04-09T09:32:46","guid":{"rendered":"https:\/\/www.diocesitn.it\/area-testimonianza\/2024\/04\/09\/la-cronaca-del-44-convegno-nazionale-delle-caritas-diocesane-sul-tema-dei-confini-a-grado-anche-una-delegazione-trentina\/"},"modified":"2025-02-20T09:43:02","modified_gmt":"2025-02-20T08:43:02","slug":"la-cronaca-del-44-convegno-nazionale-delle-caritas-diocesane-sul-tema-dei-confini-a-grado-anche-una-delegazione-trentina","status":"publish","type":"post","link":"https:\/\/www.diocesitn.it\/area-testimonianza\/2024\/04\/09\/la-cronaca-del-44-convegno-nazionale-delle-caritas-diocesane-sul-tema-dei-confini-a-grado-anche-una-delegazione-trentina\/","title":{"rendered":"La cronaca del 44\u00b0 convegno nazionale delle Caritas diocesane, sul tema dei \u201cconfini\u201d. A Grado anche una delegazione trentina"},"content":{"rendered":"<div id=\"pl-14914\"  class=\"panel-layout\" ><div id=\"pg-14914-0\"  class=\"panel-grid panel-no-style\" ><div id=\"pgc-14914-0-0\"  class=\"panel-grid-cell\" ><div id=\"panel-14914-0-0-0\" class=\"so-panel widget widget_sow-editor panel-first-child panel-last-child\" data-index=\"0\" ><div\n\t\t\t\n\t\t\tclass=\"so-widget-sow-editor so-widget-sow-editor-base\"\n\t\t\t\n\t\t>\n<div class=\"siteorigin-widget-tinymce textwidget\">\n\t<p>Oltre <strong>600 i partecipanti<\/strong> dalle <strong>218 Caritas diocesane<\/strong> di tutta Italia (per l'<strong>Arcidiocesi di Trento<\/strong> \u00e8 presente il direttore <strong>Fabio Chiari<\/strong> con <strong>Cristian Gatti<\/strong>, responsabile della formazione sul territorio) che, ripartendo da quanto emerso dal Convegno <a href=\"https:\/\/www.caritas.it\/43-convegno-nazionale-delle-caritas-diocesane\/\" target=\"_blank\" rel=\"noopener\">dello scorso anno a Salerno<\/a>\u00a0e guardando al Giubileo del 2025, riflettono insieme sul tema dei \u201c<strong>confini<\/strong>\u201d alla luce delle \u201ctre vie\u201d consegnate loro da papa Francesco in occasione del 50\u00b0 dell\u2019istituzione di Caritas Italiana (1\u00b0 luglio 1971): la via degli ultimi; la via del Vangelo; la via della creativit\u00e0.<\/p>\n<p>Il \u201cconfine\u201d di questo <strong>44\u00b0 Convegno<\/strong> \u00e8 pensato non come la linea che stabilisce un dentro e un fuori, ma come\u00a0<strong>una porta, che permette di uscire e di entrare,<\/strong>\u00a0che si pu\u00f2 per\u00f2 anche chiudere e bloccare. Proprio il confine segna il punto di contatto tra centro e periferia: pu\u00f2 essere o diventare luogo di incontro e di annuncio o elemento che crea distanza ed esclusione; dipende da come si usa la porta.<\/p>\n<p>Il Convegno si svolge sul confine che scorre nei pressi di Grado e Gorizia, tra Italia e Slovenia, reso permeabile dalla comune appartenenza all\u2019Unione Europea, che per\u00f2 rimane a sottolineare come le differenze debbano essere valorizzate, messe in comunicazione, rese feconde. Gorizia che, assieme a Nova Gorica, nel 2025 sar\u00e0 Capitale europea della Cultura.<\/p>\n<\/div>\n<\/div><\/div><\/div><\/div><div id=\"pg-14914-1\"  class=\"panel-grid panel-no-style\" ><div id=\"pgc-14914-1-0\"  class=\"panel-grid-cell\" ><div id=\"panel-14914-1-0-0\" class=\"so-panel widget widget_sow-accordion panel-first-child panel-last-child\" data-index=\"1\" ><div\n\t\t\t\n\t\t\tclass=\"so-widget-sow-accordion so-widget-sow-accordion-default-046bdd38d635-14914\"\n\t\t\t\n\t\t><div>\n\t<div class=\"sow-accordion\">\n\t\t\t<div class=\"sow-accordion-panel\n\t\t\t\t\"\n\t\t\tdata-anchor-id=\"giovedi-11-aprile\">\n\t\t\t\t<div class=\"sow-accordion-panel-header-container\" role=\"heading\" aria-level=\"2\">\n\t\t\t\t\t<div class=\"sow-accordion-panel-header\" tabindex=\"0\" role=\"button\" id=\"accordion-label-gioved%c3%ac-11-aprile\" aria-controls=\"accordion-content-gioved%c3%ac-11-aprile\" aria-expanded=\"false\">\n\t\t\t\t\t\t<div class=\"sow-accordion-title sow-accordion-title-icon-left\">\n\t\t\t\t\t\t\t\t\t\t\t\t\t\tGioved\u00ec 11 aprile\t\t\t\t\t\t\t\t\t\t\t\t\t<\/div>\n\t\t\t\t\t\t<div class=\"sow-accordion-open-close-button\">\n\t\t\t\t\t\t\t<div class=\"sow-accordion-open-button\">\n\t\t\t\t\t\t\t\t<span class=\"sow-icon-ionicons\" data-sow-icon=\"&#xf218;\"\n\t\t \n\t\taria-hidden=\"true\"><\/span>\t\t\t\t\t\t\t<\/div>\n\t\t\t\t\t\t\t<div class=\"sow-accordion-close-button\">\n\t\t\t\t\t\t\t\t<span class=\"sow-icon-ionicons\" data-sow-icon=\"&#xf209;\"\n\t\t \n\t\taria-hidden=\"true\"><\/span>\t\t\t\t\t\t\t<\/div>\n\t\t\t\t\t\t<\/div>\n\t\t\t\t\t<\/div>\n\t\t\t\t<\/div>\n\n\t\t\t<div\n\t\t\t\tclass=\"sow-accordion-panel-content\"\n\t\t\t\trole=\"region\"\n\t\t\t\taria-labelledby=\"accordion-label-gioved%c3%ac-11-aprile\"\n\t\t\t\tid=\"accordion-content-gioved%c3%ac-11-aprile\"\n\t\t\t\tstyle=\"display: none;\"\t\t\t>\n\t\t\t\t<div class=\"sow-accordion-panel-border\">\n\t\t\t\t\t<p style=\"text-align: justify; margin: 3.0pt 0cm 3.0pt 0cm;\"><span style=\"font-size: 11.0pt; font-family: 'Times New Roman',serif; color: black;\">Si \u00e8 concluso oggi a Grado (GO) il 44\u00b0 Convegno nazionale delle Caritas diocesane dedicato al tema, assai attuale, dei \u201cConfini, zone di contatto, non di separazione\u201d. L\u2019evento ha visto incontrarsi e confrontarsi per quattro giorni insieme 613 tra direttori e membri di \u00e9quipe provenienti da 182 Caritas diocesane di tutta Italia.<\/span><\/p>\n<p style=\"text-align: justify; margin: 3.0pt 0cm 3.0pt 0cm;\"><span style=\"font-size: 11.0pt; font-family: 'Times New Roman',serif; color: black;\">Ad aprire questo ultimo giorno la <i>lectio<\/i>\u00a0della biblista <b>Antonella Anghinoni.<\/b><span style=\"background: white;\">\u00a0\u00c8 seguita la<\/span>\u00a0vibrante testimonianza di <b>don Otello Bisetto<\/b>, cappellano del carcere minorile di Treviso, alla quale si \u00e8 aggiunta quella di <b>Giulia Longo<\/b>, operatrice Caritas in Turchia, che ha riportato la sua esperienza di impegno \u201cal confine\u201d e nel post-terremoto e ha dato voce ai molti giovani operatori Caritas: \u201cNon su pu\u00f2 essere giovani senza gli adulti, non si pu\u00f2 essere adulti senza i giovani\u201d.<\/span><\/p>\n<p style=\"text-align: justify; margin: 3.0pt 0cm 3.0pt 0cm;\"><span style=\"font-size: 11.0pt; font-family: 'Times New Roman',serif; color: black;\"><a href=\"https:\/\/www.diocesitn.it\/wp-content\/uploads\/2024\/04\/Conclusioni.jpeg\"><img loading=\"lazy\" decoding=\"async\" class=\"alignleft size-medium wp-image-38441\" src=\"https:\/\/www.diocesitn.it\/wp-content\/uploads\/2024\/04\/Conclusioni-300x225.jpeg\" alt=\"\" width=\"300\" height=\"225\" \/><\/a>Negli \u201corientamenti\u201d finali il direttore di Caritas Italiana, <b>don Marco Pagniello<\/b>, ha indicato le proposte di lavoro per continuare il cammino Caritas nei prossimi mesi. Richiamandosi al primo presidente di Caritas Italiana, <b>don Giovanni Nervo<\/b>, ha ricordato l\u2019importanza di capire dove \u201cponiamo i confini\u201d, che per Caritas non sono dei limiti, ma delle \u201czone di contatto\u201d, \u201cluoghi in cui fare l\u2019esperienza della presenza di Dio perch\u00e9 ci permettono di aprirci agli altri e di capire che c\u2019\u00e8 Qualcuno che pu\u00f2 fare prima, durante e dopo il nostro servizio\u201d. I confini, per don Pagniello, \u201csono anche luoghi che permettono di custodire la nostra identit\u00e0 e chi siamo come Caritas\u201d, confini quindi \u201cda custodire\u201d come l\u2019impegno per la pace e a difesa della legge 185\/90 per il controllo del commercio delle armi, il servizio civile come luogo per educarsi alla pace e alla nonviolenza, la dignit\u00e0 umana, il diritto alla salute e l\u2019attenzione alle aree metropolitane e aree interne.<\/span><\/p>\n<p style=\"text-align: justify; margin: 3.0pt 0cm 3.0pt 0cm;\"><span style=\"font-size: 11.0pt; font-family: 'Times New Roman',serif; color: black;\">Caritas Italiana avvia al suo interno il <b>Coordinamento Europa<\/b>\u00a0e condivide l\u2019appello di Caritas Europa su cinque priorit\u00e0 in vista delle elezioni del prossimo giugno, proposte per\u00a0il Parlamento europeo per un'Europa \u201cpi\u00f9 giusta\u201d: mercati del lavoro e protezione sociale efficaci, accesso garantito a servizi sociali buoni e di qualit\u00e0, tutela dei diritti umani e della dignit\u00e0 nelle politiche di migrazione e di asilo, finanziamenti costanti per gli attori locali che svolgono attivit\u00e0 di sviluppo e umanitarie, politiche globali pi\u00f9 eque per lo sviluppo sostenibile, affrontando questioni come la necessit\u00e0 di sistemi alimentari equi e la finanza per il clima.<\/span><\/p>\n<p style=\"text-align: justify; margin: 3.0pt 0cm 3.0pt 0cm;\"><span style=\"font-size: 11.0pt; font-family: 'Times New Roman',serif; color: black;\">Il Direttore di Caritas Italiana ha rilanciato l\u2019importanza della <b>presenza dei volontari<\/b>\u00a0che sono un indicatore dell\u2019efficacia del lavoro di animazione della comunit\u00e0 cui \u00e8 chiamata la Caritas. Ha richiamato alla necessit\u00e0 di \u201cstare nelle complessit\u00e0\u201d e ribadito il senso e il ruolo della Caritas, ad ogni livello. L\u2019efficacia della Caritas non si misura sul fare, ma sull\u2019essere: \u201cIl nostro fare nasce dal nostro essere\u201d.<\/span><\/p>\n<p style=\"text-align: justify; margin: 3.0pt 0cm 3.0pt 0cm;\"><span style=\"font-size: 11.0pt; font-family: 'Times New Roman',serif; color: black;\">\u201cRiconoscere i nostri confini\u201d, ha concluso, \u201csignifica imparare a stare sulla soglia, consapevoli dei nostri limiti e potenzialit\u00e0, disposti a scoprire parti di s\u00e9 che solo l\u2019Altro pu\u00f2 svelare. <b>Animare la comunit\u00e0<\/b>, perch\u00e9 sappia custodire il senso profondo dell\u2019umano che affiora nella capacit\u00e0 di abitare il \u2018tra\u2019 di un attraversamento che \u00e8 anche un intrattenersi\u201d. Abitare il confine significa essere \u201ctestimoni di carit\u00e0, per seminare speranza ed essere segno\u201d, sapendo che \u201cla prima opera segno \u00e8 lo stile con cui facciamo le cose\u201d.<\/span><\/p>\n<p style=\"text-align: justify; margin: 3.0pt 0cm 3.0pt 0cm;\"><span style=\"font-size: 11.0pt; font-family: 'Times New Roman',serif; color: black;\">Don Pagniello ha annunciato i prossimi appuntamenti del <b>Giubileo 2025<\/b>, in particolare il \u201cGiubileo del mondo del volontariato\u201d dell\u20198-9 marzo 2025 e il \u201cGiubileo dei Poveri\u201d del 16 novembre 2025. Nell\u2019anno giubilare non si terr\u00e0 il Convegno nazionale, ma si organizzeranno convegni regionali nelle 16 Delegazioni regionali Caritas, a sottolineare l\u2019importanza della dimensione locale.<\/span><\/p>\n<p style=\"text-align: justify; margin: 3.0pt 0cm 3.0pt 0cm;\"><span style=\"font-size: 11.0pt; font-family: 'Times New Roman',serif; color: black;\">Infine, alcune proposte concrete di azione a livello nazionale, come un <b>microcredito sociale per il Giubileo<\/b>, a favore di persone che hanno difficolt\u00e0 ad accedere al credito ordinario. Poi una <b>rete di supporto<\/b>, costituita da istituzioni, enti ecclesiali e sociali, per minori e donne che decidono di lasciare la famiglia di origine per sottrarsi ai condizionamenti e alle violenze dovute all\u2019appartenenza ad organizzazioni criminali e azioni di informazione, sensibilizzazione, <b>prevenzione e contrasto dell\u2019azzardo<\/b>.<\/span><\/p>\n<p style=\"text-align: justify; margin: 3.0pt 0cm 3.0pt 0cm;\"><span style=\"font-size: 11.0pt; font-family: 'Times New Roman',serif; color: black;\">Il Convegno si \u00e8 chiuso con la concelebrazione eucaristica presieduta da <b>mons<\/b>.<b> Douglas Regattieri<\/b>, vescovo della diocesi di Cesena-Sarsina e membro di Presidenza di Caritas Italiana, che ha sottolineato il valore della testimonianza, cui tutti gli operatori Caritas, i volontari e i cristiani sono chiamati.<\/span><\/p>\n<p style=\"text-align: justify;\"><span style=\"font-size: 11.0pt; font-family: 'Times New Roman',serif; color: black;\">Il <b>programma completo<\/b>\u00a0e gli approfondimenti sono disponibili su <a href=\"http:\/\/www.caritas.it\">www.caritas.it<\/a><\/span><u><span style=\"font-size: 11.0pt; font-family: 'Times New Roman',serif; color: #0563c1;\">.<\/span><\/u><\/p>\n<p style=\"text-align: justify;\"><span style=\"font-size: 11.0pt; font-family: 'Times New Roman',serif; color: black;\">I <b>momenti assembleari <\/b>del Convegno sono stati trasmessi<b>\u00a0in diretta web tramite il <a href=\"http:\/\/www.youtube.com\/user\/CaritasItaliana\">canale YouTube<\/a>\u00a0di Caritas Italiana<\/b>, con aggiornamenti tramite i social tramite l\u2019hashtag #ConvegnoCaritas2024.<\/span><\/p>\n\t\t\t\t<\/div>\n\t\t\t<\/div>\n\t\t<\/div>\n\t\t\t<div class=\"sow-accordion-panel\n\t\t\t\t\"\n\t\t\tdata-anchor-id=\"martedi-9-aprile\">\n\t\t\t\t<div class=\"sow-accordion-panel-header-container\" role=\"heading\" aria-level=\"2\">\n\t\t\t\t\t<div class=\"sow-accordion-panel-header\" tabindex=\"0\" role=\"button\" id=\"accordion-label-marted%c3%ac-9-aprile\" aria-controls=\"accordion-content-marted%c3%ac-9-aprile\" aria-expanded=\"false\">\n\t\t\t\t\t\t<div class=\"sow-accordion-title sow-accordion-title-icon-left\">\n\t\t\t\t\t\t\t\t\t\t\t\t\t\tMarted\u00ec 9 aprile\t\t\t\t\t\t\t\t\t\t\t\t\t<\/div>\n\t\t\t\t\t\t<div class=\"sow-accordion-open-close-button\">\n\t\t\t\t\t\t\t<div class=\"sow-accordion-open-button\">\n\t\t\t\t\t\t\t\t<span class=\"sow-icon-ionicons\" data-sow-icon=\"&#xf218;\"\n\t\t \n\t\taria-hidden=\"true\"><\/span>\t\t\t\t\t\t\t<\/div>\n\t\t\t\t\t\t\t<div class=\"sow-accordion-close-button\">\n\t\t\t\t\t\t\t\t<span class=\"sow-icon-ionicons\" data-sow-icon=\"&#xf209;\"\n\t\t \n\t\taria-hidden=\"true\"><\/span>\t\t\t\t\t\t\t<\/div>\n\t\t\t\t\t\t<\/div>\n\t\t\t\t\t<\/div>\n\t\t\t\t<\/div>\n\n\t\t\t<div\n\t\t\t\tclass=\"sow-accordion-panel-content\"\n\t\t\t\trole=\"region\"\n\t\t\t\taria-labelledby=\"accordion-label-marted%c3%ac-9-aprile\"\n\t\t\t\tid=\"accordion-content-marted%c3%ac-9-aprile\"\n\t\t\t\tstyle=\"display: none;\"\t\t\t>\n\t\t\t\t<div class=\"sow-accordion-panel-border\">\n\t\t\t\t\t<p style=\"text-align: justify; margin: 6.0pt 0cm 6.0pt 0cm;\"><span style=\"font-size: 11.0pt; font-family: 'Times New Roman',serif;\">\u00a0<\/span><span style=\"font-size: 11.0pt; font-family: 'Calibri',sans-serif;\">Secondo giorno del Convegno nazionale delle Caritas diocesane, in svolgimento fino a gioved\u00ec a Grado (GO), caratterizzato da pi\u00f9 passaggi di \u201cconfini\u201d, non solo metaforici. Dopo la riflessione della biblista <b>Antonella Anghinoni, <\/b>e la testimonianza di <b>fra Francesco Zanoni<\/b>, <i>Custode Fraternit\u00e0 Francescana di Betania a Verona, <\/i>\u00e8 stato l\u2019intervento di mons.<i> <\/i><b>Michael Landau, <\/b>Presidente di Caritas Europa, a portare il confronto sui temi pi\u00f9 di attualit\u00e0 rispetto all\u2019impegno Caritas in questo momento in Europa, soprattutto a ridosso delle prossime elezioni europee di giugno. \u201cLa Chiesa \u2013 ha sottolineato mons. Landau - deve essere la difesa di tutti coloro che sono emarginati, presumibilmente \u2018superflui\u2019, a rischio di essere scartati - dai bambini disabili, agli anziani in fin di vita, la sostenitrice non ultima di tutte quelle persone che sono oppresse ed emarginate\u201d.<\/span><\/p>\n<p style=\"text-align: justify; margin: 6.0pt 0cm 6.0pt 0cm;\"><span style=\"font-size: 11.0pt; font-family: 'Calibri',sans-serif; color: black;\">Successivamente la tavola rotonda con <b>mons. Alojzij Cvikl<\/b>\u00a0(<i>presidente di Caritas Slovenia), <\/i><b>Stella Foskolou<\/b>\u00a0(<i>presidentessa di Caritas Grecia), <\/i><b>Natalia Peiro<\/b>\u00a0(<i>segretaria generale di Caritas Spagna) e <\/i><b>Ettore Fusaro<\/b>\u00a0(<i>Ufficio Europa di Caritas Italiana) ha permesso di spaziare sul <\/i>contributo di Caritas per \u201cun\u2019Europa senza confini\u201d<i>.<\/i><\/span><\/p>\n<p style=\"text-align: justify; margin: 6.0pt 0cm 6.0pt 0cm;\"><span style=\"font-size: 11.0pt; font-family: 'Calibri',sans-serif; color: #212529; background: white;\">Mons. Cvikl ha raccontato dell\u2019impegno di Caritas Slovenia a servizio delle fasce pi\u00f9 deboli della popolazione, ma anche nella creazione di occasioni di incontro e cooperazione con le altre realt\u00e0 slovene impegnate con i poveri. La presidente di Caritas Grecia, Stella Foskolou, ha testimoniato l\u2019impegno di una realt\u00e0 come quella cattolica, che \u00e8 minoranza in Grecia, ma che riesce a farsi riconoscere e apprezzare, superando \u201cconfini\u201d religiosi e politici, proprio per la sua coerenza e credibilit\u00e0.<\/span><\/p>\n<p style=\"text-align: justify; margin: 6.0pt 0cm 6.0pt 0cm;\"><span style=\"font-size: 11.0pt; font-family: 'Calibri',sans-serif; color: #212529; background: white;\">Ampio anche l\u2019impegno di Caritas Spagna, portato dalla sua Segretaria generale Natalia Peiro, che ha raccontato delle tante \u201cbarriere\u201d visibili e invisibili che si trovano ad affrontare molte persone emarginate in Spagna e dell\u2019impegno della Caritas nel superarle o ridurle. Infine Ettore Fusaro dell\u2019Ufficio Europa di Caritas Italiana, ha raccontato della difficile condizione dell\u2019Ucraina dopo pi\u00f9 di due anni di guerra, di come da situazione transitoria essa sia diventata quasi uno \u201cstile di vita\u201d e del <\/span><span style=\"font-size: 11.0pt; font-family: 'Calibri',sans-serif; color: #262524; background: white;\">confine anche etico che la guerra costituisce.<\/span><\/p>\n<p style=\"text-align: justify; margin: 6.0pt 0cm 6.0pt 0cm;\"><span style=\"font-size: 11.0pt; font-family: 'Calibri',sans-serif; color: black;\">Nel pomeriggio i convegnisti hanno superato <\/span><span style=\"font-size: 11.0pt; font-family: 'Calibri',sans-serif;\">anche i<span style=\"color: black;\">\u00a0\u201cconfini\u201d geografici con la visita e la preghiera nella Concattedrale di Nova Gorica in Slovenia, <\/span>accolti<span style=\"color: black;\">\u00a0da una rappresentanza delle autorit\u00e0 civili e religiose locali. A conclusione della giornata, la celebrazione eucaristica preseduta da <b>mons. Carlo Roberto Maria Redaelli<\/b>, Presidente di Caritas Italiana, che nella sua omelia ha ricordato \u201ci gesti di solidariet\u00e0 che diventano gesti di amore e carit\u00e0\u201d.<\/span><\/span><\/p>\n<p style=\"text-align: justify; margin: 6.0pt 0cm 6.0pt 0cm;\"><span style=\"font-size: 11.0pt; font-family: 'Calibri',sans-serif;\">La giornata di domani sar\u00e0 dedicata alle Assemblee tematiche di approfondimento, attraverso le quali i Convegnisti si confronteranno sulle loro esperienze e prospettive di impegno.<\/span><\/p>\n\t\t\t\t<\/div>\n\t\t\t<\/div>\n\t\t<\/div>\n\t\t\t<div class=\"sow-accordion-panel\n\t\t\t\t\"\n\t\t\tdata-anchor-id=\"lunedi-8-aprile\">\n\t\t\t\t<div class=\"sow-accordion-panel-header-container\" role=\"heading\" aria-level=\"2\">\n\t\t\t\t\t<div class=\"sow-accordion-panel-header\" tabindex=\"0\" role=\"button\" id=\"accordion-label-luned%c3%ac-8-aprile\" aria-controls=\"accordion-content-luned%c3%ac-8-aprile\" aria-expanded=\"false\">\n\t\t\t\t\t\t<div class=\"sow-accordion-title sow-accordion-title-icon-left\">\n\t\t\t\t\t\t\t\t\t\t\t\t\t\tLuned\u00ec 8 aprile\t\t\t\t\t\t\t\t\t\t\t\t\t<\/div>\n\t\t\t\t\t\t<div class=\"sow-accordion-open-close-button\">\n\t\t\t\t\t\t\t<div class=\"sow-accordion-open-button\">\n\t\t\t\t\t\t\t\t<span class=\"sow-icon-ionicons\" data-sow-icon=\"&#xf218;\"\n\t\t \n\t\taria-hidden=\"true\"><\/span>\t\t\t\t\t\t\t<\/div>\n\t\t\t\t\t\t\t<div class=\"sow-accordion-close-button\">\n\t\t\t\t\t\t\t\t<span class=\"sow-icon-ionicons\" data-sow-icon=\"&#xf209;\"\n\t\t \n\t\taria-hidden=\"true\"><\/span>\t\t\t\t\t\t\t<\/div>\n\t\t\t\t\t\t<\/div>\n\t\t\t\t\t<\/div>\n\t\t\t\t<\/div>\n\n\t\t\t<div\n\t\t\t\tclass=\"sow-accordion-panel-content\"\n\t\t\t\trole=\"region\"\n\t\t\t\taria-labelledby=\"accordion-label-luned%c3%ac-8-aprile\"\n\t\t\t\tid=\"accordion-content-luned%c3%ac-8-aprile\"\n\t\t\t\tstyle=\"display: none;\"\t\t\t>\n\t\t\t\t<div class=\"sow-accordion-panel-border\">\n\t\t\t\t\t<p>Al via questo pomeriggio presso l\u2019auditorium del Centro Congressi di Grado (GO) il\u00a0<strong>44\u00b0 Convegno nazionale delle Caritas diocesane<\/strong>, dal titolo \u201cConfini, zone di contatto, non di separazione\u201d.<\/p>\n<p>Presenti oltre\u00a0<strong>600 delegati, rappresentanti delle 218 Caritas diocesane di tutta Italia<\/strong>, che fino a gioved\u00ec 11 aprile, rifletteranno insieme sul tema del \u201cconfine\u201d, il collegamento tra centro e periferia che pu\u00f2 essere luogo di incontro e di annuncio o luogo di distanza a confinamento.<\/p>\n<p>A portare i saluti delle Istituzioni, dopo la lettura delle parole del presidente della Regione Autonoma Friuli Venezia Giulia,\u00a0<strong>Massimiliano Fedriga<\/strong>, il commissario del Comune di Grado\u00a0<strong>Augusto Viola<\/strong>, che ha ricordato la vocazione di Grado ad essere \u201cterra di passaggio\u201d pi\u00f9 che un confine.<\/p>\n<p>Per\u00a0<strong>mons. Francesco Moraglia<\/strong>, Patriarca di Venezia e presidente della Conferenza episcopale del Triveneto, che ha celebrato la liturgia di apertura \u201cla Chiesa \u00e8 immersa in una dinamica d\u2019amore concreto e senza confini. E nella nostra societ\u00e0 \u00e8 chiamata sempre pi\u00f9 a mostrare e indicare che c\u2019\u00e8 s\u00ec la giustizia ma c\u2019\u00e8 anche la carit\u00e0 \u2013 le due dimensioni non vanno confuse ma vanno tenute insieme \u2013 e che la vita dell\u2019uomo non pu\u00f2 essere ridotta ad una concezione materialista o spiritualista che, di fatto, porterebbero a ridimensionare o umiliare la dignit\u00e0 dell\u2019uomo stesso\u201d.<\/p>\n<p>Nei successivi interventi padre\u00a0<strong>Luciano Larivera s.j.<\/strong>\u00a0(direttore del Centro culturale Veritas di Trieste) ha sottolineato le tante frontiere (fisiche, geografiche, sociali, virtuali\u2026) che esistono e di come possano esse essere unite e superate allo stesso tempo, mentre\u00a0<strong>don Matteo Pasinato<\/strong>\u00a0(direttore dell\u2019Ufficio diocesano per la Pastorale Sociale e del Lavoro della Diocesi di Venezia) ha insistito sulla \u201csfida cristiana di collegare il confine, attraverso la comunione, evitando la tentazione dell\u2019invasione e della chiusura o separazione\u201d.<\/p>\n<p>Domani seconda giornata del Convegno, che oltre ad avere un approfondimento sulle tematiche europee, con l\u2019intervento tra gli altri del Presidente di Caritas Europa,\u00a0<strong>mons. Michael Landau<\/strong>, vedr\u00e0 anche una visita alle citt\u00e0 di Gorizia e Nova Gorica.<\/p>\n<p>\u201cDomani pomeriggio \u2013 ha ricordato il Presidente di Caritas Italiana,<strong>\u00a0mons. Carlo Roberto Maria Redaelli<\/strong>\u00a0\u2013 passeremo un confine, ormai superato dalla storia e che non c\u2019\u00e8 mai stato fino al Novecento, che divide le due citt\u00e0 Gorizia e Nova Gorica, due realt\u00e0 che l\u2019anno prossimo saranno insieme capitale europea della cultura. Un evento che per il solo fatto di essere stato pensato come possibile \u00e8 gi\u00e0 per noi una grazia. Comprendete quindi che parlare di confini come zone di contatto e non di separazione per noi che abitiamo e viviamo qui non \u00e8 una questione di principio o di studio, ma \u00e8 qualcosa che tocca la nostra carne, il nostro cuore e la nostra mente. \u00c8 per noi un tema necessario\u201d.<\/p>\n<p>I\u00a0<strong>momenti assembleari\u00a0<\/strong>del Convegno saranno trasmessi<strong>\u00a0in diretta web tramite il\u00a0<a href=\"http:\/\/www.youtube.com\/user\/CaritasItaliana\">canale YouTube<\/a>\u00a0di Caritas Italiana<\/strong>, con aggiornamenti tramite i social tramite l\u2019hashtag #ConvegnoCaritas2024.<\/p>\n\t\t\t\t<\/div>\n\t\t\t<\/div>\n\t\t<\/div>\n\t\t<\/div>\n<\/div>\n<\/div><\/div><\/div><\/div><\/div>","protected":false},"excerpt":{"rendered":"<p>Oltre 600 i partecipanti dalle 218 Caritas diocesane di tutta Italia (per l&#8217;Arcidiocesi di Trento \u00e8 presente il direttore Fabio Chiari con Cristian Gatti, responsabile della formazione sul territorio) che, ripartendo da quanto emerso dal<\/p>\n","protected":false},"author":168,"featured_media":14915,"comment_status":"closed","ping_status":"closed","sticky":false,"template":"","format":"standard","meta":{"footnotes":""},"categories":[1059,1074],"tags":[2194,1814],"class_list":["post-14914","post","type-post","status-publish","format-standard","has-post-thumbnail","hentry","category-servizio-caritas","category-notizie","tag-2194","tag-convegno-nazionale"],"acf":{"seed-localization-paese-cod":"IT","seed-localization-address":"","seed-localization-citta":"Trento","seed-localization-regione-cod-istat":"04","seed-localization-citta-cod-istat":"022205","seed-localization-localita":"","seed-localization-cap":"","seed-localization-marker-visibility":false,"seed-localization-children-visibility":false,"seed-localization-kml":"","seed-localization-custom-marker":""},"yoast_head":"<!-- This site is optimized with the Yoast SEO Premium plugin v20.2.1 (Yoast SEO v22.2) - https:\/\/yoast.com\/wordpress\/plugins\/seo\/ -->\n<title>La cronaca del 44\u00b0 convegno nazionale delle Caritas diocesane, sul tema dei \u201cconfini\u201d. A Grado anche una delegazione trentina - Testimonianza e Impegno sociale<\/title>\n<meta name=\"robots\" content=\"index, follow, max-snippet:-1, max-image-preview:large, max-video-preview:-1\" \/>\n<link rel=\"canonical\" href=\"https:\/\/www.diocesitn.it\/area-testimonianza\/2024\/04\/09\/la-cronaca-del-44-convegno-nazionale-delle-caritas-diocesane-sul-tema-dei-confini-a-grado-anche-una-delegazione-trentina\/\" \/>\n<meta property=\"og:locale\" content=\"it_IT\" \/>\n<meta property=\"og:type\" content=\"article\" \/>\n<meta property=\"og:title\" content=\"La cronaca del 44\u00b0 convegno nazionale delle Caritas diocesane, sul tema dei \u201cconfini\u201d. A Grado anche una delegazione trentina\" \/>\n<meta property=\"og:description\" content=\"Oltre 600 i partecipanti dalle 218 Caritas diocesane di tutta Italia (per l&#039;Arcidiocesi di Trento \u00e8 presente il direttore Fabio Chiari con Cristian Gatti, responsabile della formazione sul territorio) che, ripartendo da quanto emerso dal\" \/>\n<meta property=\"og:url\" content=\"https:\/\/www.diocesitn.it\/area-testimonianza\/2024\/04\/09\/la-cronaca-del-44-convegno-nazionale-delle-caritas-diocesane-sul-tema-dei-confini-a-grado-anche-una-delegazione-trentina\/\" \/>\n<meta property=\"og:site_name\" content=\"Testimonianza e Impegno sociale\" \/>\n<meta property=\"article:published_time\" content=\"2024-04-09T09:32:46+00:00\" \/>\n<meta property=\"article:modified_time\" content=\"2025-02-20T08:43:02+00:00\" \/>\n<meta property=\"og:image\" content=\"https:\/\/www.diocesitn.it\/area-testimonianza\/wp-content\/uploads\/sites\/37\/2024\/04\/Convegno.jpeg\" \/>\n\t<meta property=\"og:image:width\" content=\"2048\" \/>\n\t<meta property=\"og:image:height\" content=\"1536\" \/>\n\t<meta property=\"og:image:type\" content=\"image\/jpeg\" \/>\n<meta name=\"author\" content=\"losspapot\" \/>\n<meta name=\"twitter:card\" content=\"summary_large_image\" \/>\n<meta name=\"twitter:label1\" content=\"Scritto da\" \/>\n\t<meta name=\"twitter:data1\" content=\"losspapot\" \/>\n\t<meta name=\"twitter:label2\" content=\"Tempo di lettura stimato\" \/>\n\t<meta name=\"twitter:data2\" content=\"11 minuti\" \/>\n<script type=\"application\/ld+json\" class=\"yoast-schema-graph\">{\"@context\":\"https:\/\/schema.org\",\"@graph\":[{\"@type\":\"Article\",\"@id\":\"https:\/\/www.diocesitn.it\/area-testimonianza\/2024\/04\/09\/la-cronaca-del-44-convegno-nazionale-delle-caritas-diocesane-sul-tema-dei-confini-a-grado-anche-una-delegazione-trentina\/#article\",\"isPartOf\":{\"@id\":\"https:\/\/www.diocesitn.it\/area-testimonianza\/2024\/04\/09\/la-cronaca-del-44-convegno-nazionale-delle-caritas-diocesane-sul-tema-dei-confini-a-grado-anche-una-delegazione-trentina\/\"},\"author\":{\"name\":\"losspapot\",\"@id\":\"https:\/\/www.diocesitn.it\/area-testimonianza\/#\/schema\/person\/3526ceacb35e1aa4c86252e45adfad22\"},\"headline\":\"La cronaca del 44\u00b0 convegno nazionale delle Caritas diocesane, sul tema dei \u201cconfini\u201d. A Grado anche una delegazione trentina\",\"datePublished\":\"2024-04-09T09:32:46+00:00\",\"dateModified\":\"2025-02-20T08:43:02+00:00\",\"mainEntityOfPage\":{\"@id\":\"https:\/\/www.diocesitn.it\/area-testimonianza\/2024\/04\/09\/la-cronaca-del-44-convegno-nazionale-delle-caritas-diocesane-sul-tema-dei-confini-a-grado-anche-una-delegazione-trentina\/\"},\"wordCount\":233,\"publisher\":{\"@id\":\"https:\/\/www.diocesitn.it\/area-testimonianza\/#organization\"},\"image\":{\"@id\":\"https:\/\/www.diocesitn.it\/area-testimonianza\/2024\/04\/09\/la-cronaca-del-44-convegno-nazionale-delle-caritas-diocesane-sul-tema-dei-confini-a-grado-anche-una-delegazione-trentina\/#primaryimage\"},\"thumbnailUrl\":\"https:\/\/www.diocesitn.it\/area-testimonianza\/wp-content\/uploads\/sites\/37\/2024\/04\/Convegno.jpeg\",\"keywords\":[\"2024\",\"Convegno nazionale\"],\"articleSection\":[\"Caritas diocesana\",\"Notizie\"],\"inLanguage\":\"it-IT\",\"copyrightYear\":\"2024\",\"copyrightHolder\":{\"@id\":\"https:\/\/www.diocesitn.it\/#organization\"}},{\"@type\":\"WebPage\",\"@id\":\"https:\/\/www.diocesitn.it\/area-testimonianza\/2024\/04\/09\/la-cronaca-del-44-convegno-nazionale-delle-caritas-diocesane-sul-tema-dei-confini-a-grado-anche-una-delegazione-trentina\/\",\"url\":\"https:\/\/www.diocesitn.it\/area-testimonianza\/2024\/04\/09\/la-cronaca-del-44-convegno-nazionale-delle-caritas-diocesane-sul-tema-dei-confini-a-grado-anche-una-delegazione-trentina\/\",\"name\":\"La cronaca del 44\u00b0 convegno nazionale delle Caritas diocesane, sul tema dei \u201cconfini\u201d. A Grado anche una delegazione trentina - Testimonianza e Impegno sociale\",\"isPartOf\":{\"@id\":\"https:\/\/www.diocesitn.it\/area-testimonianza\/#website\"},\"primaryImageOfPage\":{\"@id\":\"https:\/\/www.diocesitn.it\/area-testimonianza\/2024\/04\/09\/la-cronaca-del-44-convegno-nazionale-delle-caritas-diocesane-sul-tema-dei-confini-a-grado-anche-una-delegazione-trentina\/#primaryimage\"},\"image\":{\"@id\":\"https:\/\/www.diocesitn.it\/area-testimonianza\/2024\/04\/09\/la-cronaca-del-44-convegno-nazionale-delle-caritas-diocesane-sul-tema-dei-confini-a-grado-anche-una-delegazione-trentina\/#primaryimage\"},\"thumbnailUrl\":\"https:\/\/www.diocesitn.it\/area-testimonianza\/wp-content\/uploads\/sites\/37\/2024\/04\/Convegno.jpeg\",\"datePublished\":\"2024-04-09T09:32:46+00:00\",\"dateModified\":\"2025-02-20T08:43:02+00:00\",\"breadcrumb\":{\"@id\":\"https:\/\/www.diocesitn.it\/area-testimonianza\/2024\/04\/09\/la-cronaca-del-44-convegno-nazionale-delle-caritas-diocesane-sul-tema-dei-confini-a-grado-anche-una-delegazione-trentina\/#breadcrumb\"},\"inLanguage\":\"it-IT\",\"potentialAction\":[{\"@type\":\"ReadAction\",\"target\":[\"https:\/\/www.diocesitn.it\/area-testimonianza\/2024\/04\/09\/la-cronaca-del-44-convegno-nazionale-delle-caritas-diocesane-sul-tema-dei-confini-a-grado-anche-una-delegazione-trentina\/\"]}]},{\"@type\":\"ImageObject\",\"inLanguage\":\"it-IT\",\"@id\":\"https:\/\/www.diocesitn.it\/area-testimonianza\/2024\/04\/09\/la-cronaca-del-44-convegno-nazionale-delle-caritas-diocesane-sul-tema-dei-confini-a-grado-anche-una-delegazione-trentina\/#primaryimage\",\"url\":\"https:\/\/www.diocesitn.it\/area-testimonianza\/wp-content\/uploads\/sites\/37\/2024\/04\/Convegno.jpeg\",\"contentUrl\":\"https:\/\/www.diocesitn.it\/area-testimonianza\/wp-content\/uploads\/sites\/37\/2024\/04\/Convegno.jpeg\",\"width\":2048,\"height\":1536},{\"@type\":\"BreadcrumbList\",\"@id\":\"https:\/\/www.diocesitn.it\/area-testimonianza\/2024\/04\/09\/la-cronaca-del-44-convegno-nazionale-delle-caritas-diocesane-sul-tema-dei-confini-a-grado-anche-una-delegazione-trentina\/#breadcrumb\",\"itemListElement\":[{\"@type\":\"ListItem\",\"position\":1,\"name\":\"Home\",\"item\":\"https:\/\/www.diocesitn.it\/area-testimonianza\/\"},{\"@type\":\"ListItem\",\"position\":2,\"name\":\"La cronaca del 44\u00b0 convegno nazionale delle Caritas diocesane, sul tema dei \u201cconfini\u201d. A Grado anche una delegazione trentina\"}]},{\"@type\":\"WebSite\",\"@id\":\"https:\/\/www.diocesitn.it\/area-testimonianza\/#website\",\"url\":\"https:\/\/www.diocesitn.it\/area-testimonianza\/\",\"name\":\"Testimonianza e Impegno sociale\",\"description\":\"Chiesa di Trento\",\"publisher\":{\"@id\":\"https:\/\/www.diocesitn.it\/area-testimonianza\/#organization\"},\"potentialAction\":[{\"@type\":\"SearchAction\",\"target\":{\"@type\":\"EntryPoint\",\"urlTemplate\":\"https:\/\/www.diocesitn.it\/area-testimonianza\/?s={search_term_string}\"},\"query-input\":\"required name=search_term_string\"}],\"inLanguage\":\"it-IT\"},{\"@type\":[\"Organization\",\"Place\"],\"@id\":\"https:\/\/www.diocesitn.it\/area-testimonianza\/#organization\",\"name\":\"Area Testimonianza e Impegno Sociale - Chiesa di Trento\",\"url\":\"https:\/\/www.diocesitn.it\/area-testimonianza\/\",\"logo\":{\"@id\":\"https:\/\/www.diocesitn.it\/area-testimonianza\/2024\/04\/09\/la-cronaca-del-44-convegno-nazionale-delle-caritas-diocesane-sul-tema-dei-confini-a-grado-anche-una-delegazione-trentina\/#local-main-organization-logo\"},\"image\":{\"@id\":\"https:\/\/www.diocesitn.it\/area-testimonianza\/2024\/04\/09\/la-cronaca-del-44-convegno-nazionale-delle-caritas-diocesane-sul-tema-dei-confini-a-grado-anche-una-delegazione-trentina\/#local-main-organization-logo\"},\"openingHoursSpecification\":[{\"@type\":\"OpeningHoursSpecification\",\"dayOfWeek\":[\"Monday\",\"Tuesday\",\"Wednesday\",\"Thursday\",\"Friday\",\"Saturday\",\"Sunday\"],\"opens\":\"09:00\",\"closes\":\"17:00\"}]},{\"@type\":\"ImageObject\",\"inLanguage\":\"it-IT\",\"@id\":\"https:\/\/www.diocesitn.it\/area-testimonianza\/2024\/04\/09\/la-cronaca-del-44-convegno-nazionale-delle-caritas-diocesane-sul-tema-dei-confini-a-grado-anche-una-delegazione-trentina\/#local-main-organization-logo\",\"url\":\"https:\/\/www.diocesitn.it\/area-testimonianza\/wp-content\/uploads\/sites\/37\/2021\/09\/og-logo-testimonianza-e-impegno-sociale.jpg\",\"contentUrl\":\"https:\/\/www.diocesitn.it\/area-testimonianza\/wp-content\/uploads\/sites\/37\/2021\/09\/og-logo-testimonianza-e-impegno-sociale.jpg\",\"width\":1200,\"height\":630,\"caption\":\"Area Testimonianza e Impegno Sociale - Chiesa di Trento\"}]}<\/script>\n<!-- \/ Yoast SEO Premium plugin. -->","yoast_head_json":{"title":"La cronaca del 44\u00b0 convegno nazionale delle Caritas diocesane, sul tema dei \u201cconfini\u201d. A Grado anche una delegazione trentina - Testimonianza e Impegno sociale","robots":{"index":"index","follow":"follow","max-snippet":"max-snippet:-1","max-image-preview":"max-image-preview:large","max-video-preview":"max-video-preview:-1"},"canonical":"https:\/\/www.diocesitn.it\/area-testimonianza\/2024\/04\/09\/la-cronaca-del-44-convegno-nazionale-delle-caritas-diocesane-sul-tema-dei-confini-a-grado-anche-una-delegazione-trentina\/","og_locale":"it_IT","og_type":"article","og_title":"La cronaca del 44\u00b0 convegno nazionale delle Caritas diocesane, sul tema dei \u201cconfini\u201d. A Grado anche una delegazione trentina","og_description":"Oltre 600 i partecipanti dalle 218 Caritas diocesane di tutta Italia (per l'Arcidiocesi di Trento \u00e8 presente il direttore Fabio Chiari con Cristian Gatti, responsabile della formazione sul territorio) che, ripartendo da quanto emerso dal","og_url":"https:\/\/www.diocesitn.it\/area-testimonianza\/2024\/04\/09\/la-cronaca-del-44-convegno-nazionale-delle-caritas-diocesane-sul-tema-dei-confini-a-grado-anche-una-delegazione-trentina\/","og_site_name":"Testimonianza e Impegno sociale","article_published_time":"2024-04-09T09:32:46+00:00","article_modified_time":"2025-02-20T08:43:02+00:00","og_image":[{"width":2048,"height":1536,"url":"https:\/\/www.diocesitn.it\/area-testimonianza\/wp-content\/uploads\/sites\/37\/2024\/04\/Convegno.jpeg","type":"image\/jpeg"}],"author":"losspapot","twitter_card":"summary_large_image","twitter_misc":{"Scritto da":"losspapot","Tempo di lettura stimato":"11 minuti"},"schema":{"@context":"https:\/\/schema.org","@graph":[{"@type":"Article","@id":"https:\/\/www.diocesitn.it\/area-testimonianza\/2024\/04\/09\/la-cronaca-del-44-convegno-nazionale-delle-caritas-diocesane-sul-tema-dei-confini-a-grado-anche-una-delegazione-trentina\/#article","isPartOf":{"@id":"https:\/\/www.diocesitn.it\/area-testimonianza\/2024\/04\/09\/la-cronaca-del-44-convegno-nazionale-delle-caritas-diocesane-sul-tema-dei-confini-a-grado-anche-una-delegazione-trentina\/"},"author":{"name":"losspapot","@id":"https:\/\/www.diocesitn.it\/area-testimonianza\/#\/schema\/person\/3526ceacb35e1aa4c86252e45adfad22"},"headline":"La cronaca del 44\u00b0 convegno nazionale delle Caritas diocesane, sul tema dei \u201cconfini\u201d. A Grado anche una delegazione trentina","datePublished":"2024-04-09T09:32:46+00:00","dateModified":"2025-02-20T08:43:02+00:00","mainEntityOfPage":{"@id":"https:\/\/www.diocesitn.it\/area-testimonianza\/2024\/04\/09\/la-cronaca-del-44-convegno-nazionale-delle-caritas-diocesane-sul-tema-dei-confini-a-grado-anche-una-delegazione-trentina\/"},"wordCount":233,"publisher":{"@id":"https:\/\/www.diocesitn.it\/area-testimonianza\/#organization"},"image":{"@id":"https:\/\/www.diocesitn.it\/area-testimonianza\/2024\/04\/09\/la-cronaca-del-44-convegno-nazionale-delle-caritas-diocesane-sul-tema-dei-confini-a-grado-anche-una-delegazione-trentina\/#primaryimage"},"thumbnailUrl":"https:\/\/www.diocesitn.it\/area-testimonianza\/wp-content\/uploads\/sites\/37\/2024\/04\/Convegno.jpeg","keywords":["2024","Convegno nazionale"],"articleSection":["Caritas diocesana","Notizie"],"inLanguage":"it-IT","copyrightYear":"2024","copyrightHolder":{"@id":"https:\/\/www.diocesitn.it\/#organization"}},{"@type":"WebPage","@id":"https:\/\/www.diocesitn.it\/area-testimonianza\/2024\/04\/09\/la-cronaca-del-44-convegno-nazionale-delle-caritas-diocesane-sul-tema-dei-confini-a-grado-anche-una-delegazione-trentina\/","url":"https:\/\/www.diocesitn.it\/area-testimonianza\/2024\/04\/09\/la-cronaca-del-44-convegno-nazionale-delle-caritas-diocesane-sul-tema-dei-confini-a-grado-anche-una-delegazione-trentina\/","name":"La cronaca del 44\u00b0 convegno nazionale delle Caritas diocesane, sul tema dei \u201cconfini\u201d. A Grado anche una delegazione trentina - Testimonianza e Impegno sociale","isPartOf":{"@id":"https:\/\/www.diocesitn.it\/area-testimonianza\/#website"},"primaryImageOfPage":{"@id":"https:\/\/www.diocesitn.it\/area-testimonianza\/2024\/04\/09\/la-cronaca-del-44-convegno-nazionale-delle-caritas-diocesane-sul-tema-dei-confini-a-grado-anche-una-delegazione-trentina\/#primaryimage"},"image":{"@id":"https:\/\/www.diocesitn.it\/area-testimonianza\/2024\/04\/09\/la-cronaca-del-44-convegno-nazionale-delle-caritas-diocesane-sul-tema-dei-confini-a-grado-anche-una-delegazione-trentina\/#primaryimage"},"thumbnailUrl":"https:\/\/www.diocesitn.it\/area-testimonianza\/wp-content\/uploads\/sites\/37\/2024\/04\/Convegno.jpeg","datePublished":"2024-04-09T09:32:46+00:00","dateModified":"2025-02-20T08:43:02+00:00","breadcrumb":{"@id":"https:\/\/www.diocesitn.it\/area-testimonianza\/2024\/04\/09\/la-cronaca-del-44-convegno-nazionale-delle-caritas-diocesane-sul-tema-dei-confini-a-grado-anche-una-delegazione-trentina\/#breadcrumb"},"inLanguage":"it-IT","potentialAction":[{"@type":"ReadAction","target":["https:\/\/www.diocesitn.it\/area-testimonianza\/2024\/04\/09\/la-cronaca-del-44-convegno-nazionale-delle-caritas-diocesane-sul-tema-dei-confini-a-grado-anche-una-delegazione-trentina\/"]}]},{"@type":"ImageObject","inLanguage":"it-IT","@id":"https:\/\/www.diocesitn.it\/area-testimonianza\/2024\/04\/09\/la-cronaca-del-44-convegno-nazionale-delle-caritas-diocesane-sul-tema-dei-confini-a-grado-anche-una-delegazione-trentina\/#primaryimage","url":"https:\/\/www.diocesitn.it\/area-testimonianza\/wp-content\/uploads\/sites\/37\/2024\/04\/Convegno.jpeg","contentUrl":"https:\/\/www.diocesitn.it\/area-testimonianza\/wp-content\/uploads\/sites\/37\/2024\/04\/Convegno.jpeg","width":2048,"height":1536},{"@type":"BreadcrumbList","@id":"https:\/\/www.diocesitn.it\/area-testimonianza\/2024\/04\/09\/la-cronaca-del-44-convegno-nazionale-delle-caritas-diocesane-sul-tema-dei-confini-a-grado-anche-una-delegazione-trentina\/#breadcrumb","itemListElement":[{"@type":"ListItem","position":1,"name":"Home","item":"https:\/\/www.diocesitn.it\/area-testimonianza\/"},{"@type":"ListItem","position":2,"name":"La cronaca del 44\u00b0 convegno nazionale delle Caritas diocesane, sul tema dei \u201cconfini\u201d. A Grado anche una delegazione trentina"}]},{"@type":"WebSite","@id":"https:\/\/www.diocesitn.it\/area-testimonianza\/#website","url":"https:\/\/www.diocesitn.it\/area-testimonianza\/","name":"Testimonianza e Impegno sociale","description":"Chiesa di Trento","publisher":{"@id":"https:\/\/www.diocesitn.it\/area-testimonianza\/#organization"},"potentialAction":[{"@type":"SearchAction","target":{"@type":"EntryPoint","urlTemplate":"https:\/\/www.diocesitn.it\/area-testimonianza\/?s={search_term_string}"},"query-input":"required name=search_term_string"}],"inLanguage":"it-IT"},{"@type":["Organization","Place"],"@id":"https:\/\/www.diocesitn.it\/area-testimonianza\/#organization","name":"Area Testimonianza e Impegno Sociale - Chiesa di Trento","url":"https:\/\/www.diocesitn.it\/area-testimonianza\/","logo":{"@id":"https:\/\/www.diocesitn.it\/area-testimonianza\/2024\/04\/09\/la-cronaca-del-44-convegno-nazionale-delle-caritas-diocesane-sul-tema-dei-confini-a-grado-anche-una-delegazione-trentina\/#local-main-organization-logo"},"image":{"@id":"https:\/\/www.diocesitn.it\/area-testimonianza\/2024\/04\/09\/la-cronaca-del-44-convegno-nazionale-delle-caritas-diocesane-sul-tema-dei-confini-a-grado-anche-una-delegazione-trentina\/#local-main-organization-logo"},"openingHoursSpecification":[{"@type":"OpeningHoursSpecification","dayOfWeek":["Monday","Tuesday","Wednesday","Thursday","Friday","Saturday","Sunday"],"opens":"09:00","closes":"17:00"}]},{"@type":"ImageObject","inLanguage":"it-IT","@id":"https:\/\/www.diocesitn.it\/area-testimonianza\/2024\/04\/09\/la-cronaca-del-44-convegno-nazionale-delle-caritas-diocesane-sul-tema-dei-confini-a-grado-anche-una-delegazione-trentina\/#local-main-organization-logo","url":"https:\/\/www.diocesitn.it\/area-testimonianza\/wp-content\/uploads\/sites\/37\/2021\/09\/og-logo-testimonianza-e-impegno-sociale.jpg","contentUrl":"https:\/\/www.diocesitn.it\/area-testimonianza\/wp-content\/uploads\/sites\/37\/2021\/09\/og-logo-testimonianza-e-impegno-sociale.jpg","width":1200,"height":630,"caption":"Area Testimonianza e Impegno Sociale - Chiesa di Trento"}]}},"_links":{"self":[{"href":"https:\/\/www.diocesitn.it\/area-testimonianza\/wp-json\/wp\/v2\/posts\/14914","targetHints":{"allow":["GET"]}}],"collection":[{"href":"https:\/\/www.diocesitn.it\/area-testimonianza\/wp-json\/wp\/v2\/posts"}],"about":[{"href":"https:\/\/www.diocesitn.it\/area-testimonianza\/wp-json\/wp\/v2\/types\/post"}],"author":[{"embeddable":true,"href":"https:\/\/www.diocesitn.it\/area-testimonianza\/wp-json\/wp\/v2\/users\/168"}],"replies":[{"embeddable":true,"href":"https:\/\/www.diocesitn.it\/area-testimonianza\/wp-json\/wp\/v2\/comments?post=14914"}],"version-history":[{"count":3,"href":"https:\/\/www.diocesitn.it\/area-testimonianza\/wp-json\/wp\/v2\/posts\/14914\/revisions"}],"predecessor-version":[{"id":14920,"href":"https:\/\/www.diocesitn.it\/area-testimonianza\/wp-json\/wp\/v2\/posts\/14914\/revisions\/14920"}],"wp:featuredmedia":[{"embeddable":true,"href":"https:\/\/www.diocesitn.it\/area-testimonianza\/wp-json\/wp\/v2\/media\/14915"}],"wp:attachment":[{"href":"https:\/\/www.diocesitn.it\/area-testimonianza\/wp-json\/wp\/v2\/media?parent=14914"}],"wp:term":[{"taxonomy":"category","embeddable":true,"href":"https:\/\/www.diocesitn.it\/area-testimonianza\/wp-json\/wp\/v2\/categories?post=14914"},{"taxonomy":"post_tag","embeddable":true,"href":"https:\/\/www.diocesitn.it\/area-testimonianza\/wp-json\/wp\/v2\/tags?post=14914"}],"curies":[{"name":"wp","href":"https:\/\/api.w.org\/{rel}","templated":true}]}}