{"id":14907,"date":"2024-04-10T08:18:50","date_gmt":"2024-04-10T06:18:50","guid":{"rendered":"https:\/\/www.diocesitn.it\/area-testimonianza\/2024\/04\/10\/fine-ramadan-il-saluto-dellarcivescovo-lauro-desidero-ardentemente-pregare-intensamente-con-voi-affinche-tutte-e-tutti-ci-accorgiamo-della-grandezza-della-misericordia-di-dio\/"},"modified":"2024-04-18T11:09:26","modified_gmt":"2024-04-18T09:09:26","slug":"fine-ramadan-il-saluto-dellarcivescovo-lauro-desidero-ardentemente-pregare-intensamente-con-voi-affinche-tutte-e-tutti-ci-accorgiamo-della-grandezza-della-misericordia-di-dio","status":"publish","type":"post","link":"https:\/\/www.diocesitn.it\/area-testimonianza\/2024\/04\/10\/fine-ramadan-il-saluto-dellarcivescovo-lauro-desidero-ardentemente-pregare-intensamente-con-voi-affinche-tutte-e-tutti-ci-accorgiamo-della-grandezza-della-misericordia-di-dio\/","title":{"rendered":"Fine Ramadan, il saluto dell&#8217;arcivescovo Lauro: &#8220;Desidero ardentemente pregare intensamente con Voi affinch\u00e9 tutte e tutti ci accorgiamo della grandezza della Misericordia di Dio&#8221;"},"content":{"rendered":"<p>A conclusione del <strong>mese di Ramadan<\/strong>, il periodo pi\u00f9 importante dell\u2019anno per la fede islamica, l&#8217;arcivescovo di Trento Lauro Tisi rivolge un messaggio alle <strong>Comunit\u00e0 Islamiche<\/strong> presenti sul territorio trentino.<\/p>\n<blockquote><p>&#8220;Sta giungendo al termine anche il Mese di Ramadan di quest&#8217;anno 1445\/2024 e sono onorato, cos\u00ec come gi\u00e0 fatto gli anni scorsi, di arrivare a Voi con il mio saluto e il mio augurio pieno di <strong>sincerit\u00e0<\/strong> e di <strong>stima<\/strong>. Gi\u00e0 lo scorso anno, nel mio analogo messaggio, riconoscevo insieme a Voi come <strong>la nostra umanit\u00e0<\/strong><br \/>\nabbia un &#8220;grande <strong>bisogno di gente di fede<\/strong>: uomini e donne che sappiano guardare alla storia con un occhio di vera giustizia, che si impegnino a <strong>costruire una pace giust<\/strong>a, che spendano tutte le energie possibili perch\u00e9 il mondo sia custodito e ogni creatura sia rispettata e valorizzata&#8221;. Ad un anno di distanza mi pare che questo bisogno di pace vera sia ancora pi\u00f9 urgente, e per contro mi sembra che la sicurezza dell&#8217;umanit\u00e0 sia ancora pi\u00f9 minacciata. La grande Tradizione islamica, cos\u00ec come la Tradizione cristiana e anche la Tradizione ebraica, riconoscono all&#8217;Altissimo una attitudine di Misericordia, dalla quale tutte le creature sono abbracciate; che le creature umane per\u00f2 abbiano un ruolo di primaria importanza non soltanto nel riconoscere la Misericordia infinita di Dio ma anche nel testimoniarla in prima persona, mi sembra fuori discussione.<\/p>\n<p>Desidero ardentemente, care sorelle e cari fratelli di fede islamica, <strong>pregare intensamente con Voi affinch\u00e9 tutte e tutti ci accorgiamo della grandezza della Misericordia di Dio<\/strong> e anche della <strong>fragilit\u00e0 con la quale essa \u00e8 affidata a noi<\/strong>, perch\u00e9 la promuoviamo instancabilmente; desidero offrire con Voi la mia e nostra preghiera, perch\u00e9 prevalgano sempre le ragioni del <strong>dialogo<\/strong>, della <strong>vera giustizia<\/strong>, di una <strong>pace<\/strong> che sappia generare coesione, collaborazione, accoglienza, riconciliazione. Faccio mie, quindi, con profonda convinzione le parole con cui il Dicastero Vaticano per il Dialogo lnterreligioso ha voluto intitolare il suo messaggio per il Mese di Ramadan che si sta concludendo &#8220;Cristiani e musulmani: estinguere il fuoco della guerra e accendere la candela della pace&#8221;; mi permetto di rilanciarle anche alle nostre Comunit\u00e0 islamiche e cristiane trentine, alla societ\u00e0 politica e civile, a tutte le cittadine e a tutti i cittadini credenti e non credenti, perch\u00e9 tutte e tutti, secondo le nostre forze, scegliamo con convinzione di accendere sempre e solo candele di pace.<\/p>\n<p>Buona conclusione di Ramadan, buona continuazione di cammino e grazie per la Vostra testimonianza!<\/p><\/blockquote>\n","protected":false},"excerpt":{"rendered":"<p>A conclusione del mese di Ramadan, il periodo pi\u00f9 importante dell\u2019anno per la fede islamica, l&#8217;arcivescovo di Trento Lauro Tisi rivolge un messaggio alle Comunit\u00e0 Islamiche presenti sul territorio trentino. &#8220;Sta giungendo al termine anche<\/p>\n","protected":false},"author":168,"featured_media":14908,"comment_status":"closed","ping_status":"closed","sticky":false,"template":"","format":"standard","meta":{"footnotes":""},"categories":[1130,1074],"tags":[2255],"class_list":["post-14907","post","type-post","status-publish","format-standard","has-post-thumbnail","hentry","category-servizio-ecumenismo-e-dialogo","category-notizie","tag-messaggio-ramadan-vescovo-lauro"],"acf":{"seed-localization-paese-cod":"IT","seed-localization-address":"","seed-localization-citta":"Trento","seed-localization-regione-cod-istat":"04","seed-localization-citta-cod-istat":"022205","seed-localization-localita":"","seed-localization-cap":"","seed-localization-marker-visibility":false,"seed-localization-children-visibility":false,"seed-localization-kml":"","seed-localization-custom-marker":""},"yoast_head":"<!-- This site is optimized with the Yoast SEO Premium plugin v20.2.1 (Yoast SEO v22.2) - https:\/\/yoast.com\/wordpress\/plugins\/seo\/ -->\n<title>Fine Ramadan, il saluto dell&#039;arcivescovo Lauro: &quot;Desidero ardentemente pregare intensamente con Voi affinch\u00e9 tutte e tutti ci accorgiamo della grandezza della Misericordia di Dio&quot; - Testimonianza e Impegno sociale<\/title>\n<meta name=\"robots\" content=\"index, follow, max-snippet:-1, max-image-preview:large, max-video-preview:-1\" \/>\n<link rel=\"canonical\" href=\"https:\/\/www.diocesitn.it\/area-testimonianza\/2024\/04\/10\/fine-ramadan-il-saluto-dellarcivescovo-lauro-desidero-ardentemente-pregare-intensamente-con-voi-affinche-tutte-e-tutti-ci-accorgiamo-della-grandezza-della-misericordia-di-dio\/\" \/>\n<meta property=\"og:locale\" content=\"it_IT\" \/>\n<meta property=\"og:type\" content=\"article\" \/>\n<meta property=\"og:title\" content=\"Fine Ramadan, il saluto dell&#039;arcivescovo Lauro: &quot;Desidero ardentemente pregare intensamente con Voi affinch\u00e9 tutte e tutti ci accorgiamo della grandezza della Misericordia di Dio&quot;\" \/>\n<meta property=\"og:description\" content=\"A conclusione del mese di Ramadan, il periodo pi\u00f9 importante dell\u2019anno per la fede islamica, l&#8217;arcivescovo di Trento Lauro Tisi rivolge un messaggio alle Comunit\u00e0 Islamiche presenti sul territorio trentino. &#8220;Sta giungendo al termine anche\" \/>\n<meta property=\"og:url\" content=\"https:\/\/www.diocesitn.it\/area-testimonianza\/2024\/04\/10\/fine-ramadan-il-saluto-dellarcivescovo-lauro-desidero-ardentemente-pregare-intensamente-con-voi-affinche-tutte-e-tutti-ci-accorgiamo-della-grandezza-della-misericordia-di-dio\/\" \/>\n<meta property=\"og:site_name\" content=\"Testimonianza e Impegno sociale\" \/>\n<meta property=\"article:published_time\" content=\"2024-04-10T06:18:50+00:00\" \/>\n<meta property=\"article:modified_time\" content=\"2024-04-18T09:09:26+00:00\" \/>\n<meta property=\"og:image\" content=\"https:\/\/www.diocesitn.it\/area-testimonianza\/wp-content\/uploads\/sites\/37\/2024\/04\/ramadan.jpg\" \/>\n\t<meta property=\"og:image:width\" content=\"1048\" \/>\n\t<meta property=\"og:image:height\" content=\"644\" \/>\n\t<meta property=\"og:image:type\" content=\"image\/jpeg\" \/>\n<meta name=\"author\" content=\"losspapot\" \/>\n<meta name=\"twitter:card\" content=\"summary_large_image\" \/>\n<meta name=\"twitter:label1\" content=\"Scritto da\" \/>\n\t<meta name=\"twitter:data1\" content=\"losspapot\" \/>\n\t<meta name=\"twitter:label2\" content=\"Tempo di lettura stimato\" \/>\n\t<meta name=\"twitter:data2\" content=\"1 minuto\" \/>\n<script type=\"application\/ld+json\" class=\"yoast-schema-graph\">{\"@context\":\"https:\/\/schema.org\",\"@graph\":[{\"@type\":\"Article\",\"@id\":\"https:\/\/www.diocesitn.it\/area-testimonianza\/2024\/04\/10\/fine-ramadan-il-saluto-dellarcivescovo-lauro-desidero-ardentemente-pregare-intensamente-con-voi-affinche-tutte-e-tutti-ci-accorgiamo-della-grandezza-della-misericordia-di-dio\/#article\",\"isPartOf\":{\"@id\":\"https:\/\/www.diocesitn.it\/area-testimonianza\/2024\/04\/10\/fine-ramadan-il-saluto-dellarcivescovo-lauro-desidero-ardentemente-pregare-intensamente-con-voi-affinche-tutte-e-tutti-ci-accorgiamo-della-grandezza-della-misericordia-di-dio\/\"},\"author\":{\"name\":\"losspapot\",\"@id\":\"https:\/\/www.diocesitn.it\/area-testimonianza\/#\/schema\/person\/3526ceacb35e1aa4c86252e45adfad22\"},\"headline\":\"Fine Ramadan, il saluto dell&#8217;arcivescovo Lauro: &#8220;Desidero ardentemente pregare intensamente con Voi affinch\u00e9 tutte e tutti ci accorgiamo della grandezza della Misericordia di Dio&#8221;\",\"datePublished\":\"2024-04-10T06:18:50+00:00\",\"dateModified\":\"2024-04-18T09:09:26+00:00\",\"mainEntityOfPage\":{\"@id\":\"https:\/\/www.diocesitn.it\/area-testimonianza\/2024\/04\/10\/fine-ramadan-il-saluto-dellarcivescovo-lauro-desidero-ardentemente-pregare-intensamente-con-voi-affinche-tutte-e-tutti-ci-accorgiamo-della-grandezza-della-misericordia-di-dio\/\"},\"wordCount\":425,\"publisher\":{\"@id\":\"https:\/\/www.diocesitn.it\/area-testimonianza\/#organization\"},\"image\":{\"@id\":\"https:\/\/www.diocesitn.it\/area-testimonianza\/2024\/04\/10\/fine-ramadan-il-saluto-dellarcivescovo-lauro-desidero-ardentemente-pregare-intensamente-con-voi-affinche-tutte-e-tutti-ci-accorgiamo-della-grandezza-della-misericordia-di-dio\/#primaryimage\"},\"thumbnailUrl\":\"https:\/\/www.diocesitn.it\/area-testimonianza\/wp-content\/uploads\/sites\/37\/2024\/04\/ramadan.jpg\",\"keywords\":[\"messaggio ramadan vescovo lauro\"],\"articleSection\":[\"Ecumenismo e Dialogo interreligioso\",\"Notizie\"],\"inLanguage\":\"it-IT\",\"copyrightYear\":\"2024\",\"copyrightHolder\":{\"@id\":\"https:\/\/www.diocesitn.it\/#organization\"}},{\"@type\":\"WebPage\",\"@id\":\"https:\/\/www.diocesitn.it\/area-testimonianza\/2024\/04\/10\/fine-ramadan-il-saluto-dellarcivescovo-lauro-desidero-ardentemente-pregare-intensamente-con-voi-affinche-tutte-e-tutti-ci-accorgiamo-della-grandezza-della-misericordia-di-dio\/\",\"url\":\"https:\/\/www.diocesitn.it\/area-testimonianza\/2024\/04\/10\/fine-ramadan-il-saluto-dellarcivescovo-lauro-desidero-ardentemente-pregare-intensamente-con-voi-affinche-tutte-e-tutti-ci-accorgiamo-della-grandezza-della-misericordia-di-dio\/\",\"name\":\"Fine Ramadan, il saluto dell'arcivescovo Lauro: \\\"Desidero ardentemente pregare intensamente con Voi affinch\u00e9 tutte e tutti ci accorgiamo della grandezza della Misericordia di Dio\\\" - Testimonianza e Impegno sociale\",\"isPartOf\":{\"@id\":\"https:\/\/www.diocesitn.it\/area-testimonianza\/#website\"},\"primaryImageOfPage\":{\"@id\":\"https:\/\/www.diocesitn.it\/area-testimonianza\/2024\/04\/10\/fine-ramadan-il-saluto-dellarcivescovo-lauro-desidero-ardentemente-pregare-intensamente-con-voi-affinche-tutte-e-tutti-ci-accorgiamo-della-grandezza-della-misericordia-di-dio\/#primaryimage\"},\"image\":{\"@id\":\"https:\/\/www.diocesitn.it\/area-testimonianza\/2024\/04\/10\/fine-ramadan-il-saluto-dellarcivescovo-lauro-desidero-ardentemente-pregare-intensamente-con-voi-affinche-tutte-e-tutti-ci-accorgiamo-della-grandezza-della-misericordia-di-dio\/#primaryimage\"},\"thumbnailUrl\":\"https:\/\/www.diocesitn.it\/area-testimonianza\/wp-content\/uploads\/sites\/37\/2024\/04\/ramadan.jpg\",\"datePublished\":\"2024-04-10T06:18:50+00:00\",\"dateModified\":\"2024-04-18T09:09:26+00:00\",\"breadcrumb\":{\"@id\":\"https:\/\/www.diocesitn.it\/area-testimonianza\/2024\/04\/10\/fine-ramadan-il-saluto-dellarcivescovo-lauro-desidero-ardentemente-pregare-intensamente-con-voi-affinche-tutte-e-tutti-ci-accorgiamo-della-grandezza-della-misericordia-di-dio\/#breadcrumb\"},\"inLanguage\":\"it-IT\",\"potentialAction\":[{\"@type\":\"ReadAction\",\"target\":[\"https:\/\/www.diocesitn.it\/area-testimonianza\/2024\/04\/10\/fine-ramadan-il-saluto-dellarcivescovo-lauro-desidero-ardentemente-pregare-intensamente-con-voi-affinche-tutte-e-tutti-ci-accorgiamo-della-grandezza-della-misericordia-di-dio\/\"]}]},{\"@type\":\"ImageObject\",\"inLanguage\":\"it-IT\",\"@id\":\"https:\/\/www.diocesitn.it\/area-testimonianza\/2024\/04\/10\/fine-ramadan-il-saluto-dellarcivescovo-lauro-desidero-ardentemente-pregare-intensamente-con-voi-affinche-tutte-e-tutti-ci-accorgiamo-della-grandezza-della-misericordia-di-dio\/#primaryimage\",\"url\":\"https:\/\/www.diocesitn.it\/area-testimonianza\/wp-content\/uploads\/sites\/37\/2024\/04\/ramadan.jpg\",\"contentUrl\":\"https:\/\/www.diocesitn.it\/area-testimonianza\/wp-content\/uploads\/sites\/37\/2024\/04\/ramadan.jpg\",\"width\":1048,\"height\":644},{\"@type\":\"BreadcrumbList\",\"@id\":\"https:\/\/www.diocesitn.it\/area-testimonianza\/2024\/04\/10\/fine-ramadan-il-saluto-dellarcivescovo-lauro-desidero-ardentemente-pregare-intensamente-con-voi-affinche-tutte-e-tutti-ci-accorgiamo-della-grandezza-della-misericordia-di-dio\/#breadcrumb\",\"itemListElement\":[{\"@type\":\"ListItem\",\"position\":1,\"name\":\"Home\",\"item\":\"https:\/\/www.diocesitn.it\/area-testimonianza\/\"},{\"@type\":\"ListItem\",\"position\":2,\"name\":\"Fine Ramadan, il saluto dell&#8217;arcivescovo Lauro: &#8220;Desidero ardentemente pregare intensamente con Voi affinch\u00e9 tutte e tutti ci accorgiamo della grandezza della Misericordia di Dio&#8221;\"}]},{\"@type\":\"WebSite\",\"@id\":\"https:\/\/www.diocesitn.it\/area-testimonianza\/#website\",\"url\":\"https:\/\/www.diocesitn.it\/area-testimonianza\/\",\"name\":\"Testimonianza e Impegno sociale\",\"description\":\"Chiesa di Trento\",\"publisher\":{\"@id\":\"https:\/\/www.diocesitn.it\/area-testimonianza\/#organization\"},\"potentialAction\":[{\"@type\":\"SearchAction\",\"target\":{\"@type\":\"EntryPoint\",\"urlTemplate\":\"https:\/\/www.diocesitn.it\/area-testimonianza\/?s={search_term_string}\"},\"query-input\":\"required name=search_term_string\"}],\"inLanguage\":\"it-IT\"},{\"@type\":[\"Organization\",\"Place\"],\"@id\":\"https:\/\/www.diocesitn.it\/area-testimonianza\/#organization\",\"name\":\"Area Testimonianza e Impegno Sociale - Chiesa di Trento\",\"url\":\"https:\/\/www.diocesitn.it\/area-testimonianza\/\",\"logo\":{\"@id\":\"https:\/\/www.diocesitn.it\/area-testimonianza\/2024\/04\/10\/fine-ramadan-il-saluto-dellarcivescovo-lauro-desidero-ardentemente-pregare-intensamente-con-voi-affinche-tutte-e-tutti-ci-accorgiamo-della-grandezza-della-misericordia-di-dio\/#local-main-organization-logo\"},\"image\":{\"@id\":\"https:\/\/www.diocesitn.it\/area-testimonianza\/2024\/04\/10\/fine-ramadan-il-saluto-dellarcivescovo-lauro-desidero-ardentemente-pregare-intensamente-con-voi-affinche-tutte-e-tutti-ci-accorgiamo-della-grandezza-della-misericordia-di-dio\/#local-main-organization-logo\"},\"openingHoursSpecification\":[{\"@type\":\"OpeningHoursSpecification\",\"dayOfWeek\":[\"Monday\",\"Tuesday\",\"Wednesday\",\"Thursday\",\"Friday\",\"Saturday\",\"Sunday\"],\"opens\":\"09:00\",\"closes\":\"17:00\"}]},{\"@type\":\"ImageObject\",\"inLanguage\":\"it-IT\",\"@id\":\"https:\/\/www.diocesitn.it\/area-testimonianza\/2024\/04\/10\/fine-ramadan-il-saluto-dellarcivescovo-lauro-desidero-ardentemente-pregare-intensamente-con-voi-affinche-tutte-e-tutti-ci-accorgiamo-della-grandezza-della-misericordia-di-dio\/#local-main-organization-logo\",\"url\":\"https:\/\/www.diocesitn.it\/area-testimonianza\/wp-content\/uploads\/sites\/37\/2021\/09\/og-logo-testimonianza-e-impegno-sociale.jpg\",\"contentUrl\":\"https:\/\/www.diocesitn.it\/area-testimonianza\/wp-content\/uploads\/sites\/37\/2021\/09\/og-logo-testimonianza-e-impegno-sociale.jpg\",\"width\":1200,\"height\":630,\"caption\":\"Area Testimonianza e Impegno Sociale - Chiesa di Trento\"}]}<\/script>\n<!-- \/ Yoast SEO Premium plugin. -->","yoast_head_json":{"title":"Fine Ramadan, il saluto dell'arcivescovo Lauro: \"Desidero ardentemente pregare intensamente con Voi affinch\u00e9 tutte e tutti ci accorgiamo della grandezza della Misericordia di Dio\" - Testimonianza e Impegno sociale","robots":{"index":"index","follow":"follow","max-snippet":"max-snippet:-1","max-image-preview":"max-image-preview:large","max-video-preview":"max-video-preview:-1"},"canonical":"https:\/\/www.diocesitn.it\/area-testimonianza\/2024\/04\/10\/fine-ramadan-il-saluto-dellarcivescovo-lauro-desidero-ardentemente-pregare-intensamente-con-voi-affinche-tutte-e-tutti-ci-accorgiamo-della-grandezza-della-misericordia-di-dio\/","og_locale":"it_IT","og_type":"article","og_title":"Fine Ramadan, il saluto dell'arcivescovo Lauro: \"Desidero ardentemente pregare intensamente con Voi affinch\u00e9 tutte e tutti ci accorgiamo della grandezza della Misericordia di Dio\"","og_description":"A conclusione del mese di Ramadan, il periodo pi\u00f9 importante dell\u2019anno per la fede islamica, l&#8217;arcivescovo di Trento Lauro Tisi rivolge un messaggio alle Comunit\u00e0 Islamiche presenti sul territorio trentino. &#8220;Sta giungendo al termine anche","og_url":"https:\/\/www.diocesitn.it\/area-testimonianza\/2024\/04\/10\/fine-ramadan-il-saluto-dellarcivescovo-lauro-desidero-ardentemente-pregare-intensamente-con-voi-affinche-tutte-e-tutti-ci-accorgiamo-della-grandezza-della-misericordia-di-dio\/","og_site_name":"Testimonianza e Impegno sociale","article_published_time":"2024-04-10T06:18:50+00:00","article_modified_time":"2024-04-18T09:09:26+00:00","og_image":[{"width":1048,"height":644,"url":"https:\/\/www.diocesitn.it\/area-testimonianza\/wp-content\/uploads\/sites\/37\/2024\/04\/ramadan.jpg","type":"image\/jpeg"}],"author":"losspapot","twitter_card":"summary_large_image","twitter_misc":{"Scritto da":"losspapot","Tempo di lettura stimato":"1 minuto"},"schema":{"@context":"https:\/\/schema.org","@graph":[{"@type":"Article","@id":"https:\/\/www.diocesitn.it\/area-testimonianza\/2024\/04\/10\/fine-ramadan-il-saluto-dellarcivescovo-lauro-desidero-ardentemente-pregare-intensamente-con-voi-affinche-tutte-e-tutti-ci-accorgiamo-della-grandezza-della-misericordia-di-dio\/#article","isPartOf":{"@id":"https:\/\/www.diocesitn.it\/area-testimonianza\/2024\/04\/10\/fine-ramadan-il-saluto-dellarcivescovo-lauro-desidero-ardentemente-pregare-intensamente-con-voi-affinche-tutte-e-tutti-ci-accorgiamo-della-grandezza-della-misericordia-di-dio\/"},"author":{"name":"losspapot","@id":"https:\/\/www.diocesitn.it\/area-testimonianza\/#\/schema\/person\/3526ceacb35e1aa4c86252e45adfad22"},"headline":"Fine Ramadan, il saluto dell&#8217;arcivescovo Lauro: &#8220;Desidero ardentemente pregare intensamente con Voi affinch\u00e9 tutte e tutti ci accorgiamo della grandezza della Misericordia di Dio&#8221;","datePublished":"2024-04-10T06:18:50+00:00","dateModified":"2024-04-18T09:09:26+00:00","mainEntityOfPage":{"@id":"https:\/\/www.diocesitn.it\/area-testimonianza\/2024\/04\/10\/fine-ramadan-il-saluto-dellarcivescovo-lauro-desidero-ardentemente-pregare-intensamente-con-voi-affinche-tutte-e-tutti-ci-accorgiamo-della-grandezza-della-misericordia-di-dio\/"},"wordCount":425,"publisher":{"@id":"https:\/\/www.diocesitn.it\/area-testimonianza\/#organization"},"image":{"@id":"https:\/\/www.diocesitn.it\/area-testimonianza\/2024\/04\/10\/fine-ramadan-il-saluto-dellarcivescovo-lauro-desidero-ardentemente-pregare-intensamente-con-voi-affinche-tutte-e-tutti-ci-accorgiamo-della-grandezza-della-misericordia-di-dio\/#primaryimage"},"thumbnailUrl":"https:\/\/www.diocesitn.it\/area-testimonianza\/wp-content\/uploads\/sites\/37\/2024\/04\/ramadan.jpg","keywords":["messaggio ramadan vescovo lauro"],"articleSection":["Ecumenismo e Dialogo interreligioso","Notizie"],"inLanguage":"it-IT","copyrightYear":"2024","copyrightHolder":{"@id":"https:\/\/www.diocesitn.it\/#organization"}},{"@type":"WebPage","@id":"https:\/\/www.diocesitn.it\/area-testimonianza\/2024\/04\/10\/fine-ramadan-il-saluto-dellarcivescovo-lauro-desidero-ardentemente-pregare-intensamente-con-voi-affinche-tutte-e-tutti-ci-accorgiamo-della-grandezza-della-misericordia-di-dio\/","url":"https:\/\/www.diocesitn.it\/area-testimonianza\/2024\/04\/10\/fine-ramadan-il-saluto-dellarcivescovo-lauro-desidero-ardentemente-pregare-intensamente-con-voi-affinche-tutte-e-tutti-ci-accorgiamo-della-grandezza-della-misericordia-di-dio\/","name":"Fine Ramadan, il saluto dell'arcivescovo Lauro: \"Desidero ardentemente pregare intensamente con Voi affinch\u00e9 tutte e tutti ci accorgiamo della grandezza della Misericordia di Dio\" - Testimonianza e Impegno sociale","isPartOf":{"@id":"https:\/\/www.diocesitn.it\/area-testimonianza\/#website"},"primaryImageOfPage":{"@id":"https:\/\/www.diocesitn.it\/area-testimonianza\/2024\/04\/10\/fine-ramadan-il-saluto-dellarcivescovo-lauro-desidero-ardentemente-pregare-intensamente-con-voi-affinche-tutte-e-tutti-ci-accorgiamo-della-grandezza-della-misericordia-di-dio\/#primaryimage"},"image":{"@id":"https:\/\/www.diocesitn.it\/area-testimonianza\/2024\/04\/10\/fine-ramadan-il-saluto-dellarcivescovo-lauro-desidero-ardentemente-pregare-intensamente-con-voi-affinche-tutte-e-tutti-ci-accorgiamo-della-grandezza-della-misericordia-di-dio\/#primaryimage"},"thumbnailUrl":"https:\/\/www.diocesitn.it\/area-testimonianza\/wp-content\/uploads\/sites\/37\/2024\/04\/ramadan.jpg","datePublished":"2024-04-10T06:18:50+00:00","dateModified":"2024-04-18T09:09:26+00:00","breadcrumb":{"@id":"https:\/\/www.diocesitn.it\/area-testimonianza\/2024\/04\/10\/fine-ramadan-il-saluto-dellarcivescovo-lauro-desidero-ardentemente-pregare-intensamente-con-voi-affinche-tutte-e-tutti-ci-accorgiamo-della-grandezza-della-misericordia-di-dio\/#breadcrumb"},"inLanguage":"it-IT","potentialAction":[{"@type":"ReadAction","target":["https:\/\/www.diocesitn.it\/area-testimonianza\/2024\/04\/10\/fine-ramadan-il-saluto-dellarcivescovo-lauro-desidero-ardentemente-pregare-intensamente-con-voi-affinche-tutte-e-tutti-ci-accorgiamo-della-grandezza-della-misericordia-di-dio\/"]}]},{"@type":"ImageObject","inLanguage":"it-IT","@id":"https:\/\/www.diocesitn.it\/area-testimonianza\/2024\/04\/10\/fine-ramadan-il-saluto-dellarcivescovo-lauro-desidero-ardentemente-pregare-intensamente-con-voi-affinche-tutte-e-tutti-ci-accorgiamo-della-grandezza-della-misericordia-di-dio\/#primaryimage","url":"https:\/\/www.diocesitn.it\/area-testimonianza\/wp-content\/uploads\/sites\/37\/2024\/04\/ramadan.jpg","contentUrl":"https:\/\/www.diocesitn.it\/area-testimonianza\/wp-content\/uploads\/sites\/37\/2024\/04\/ramadan.jpg","width":1048,"height":644},{"@type":"BreadcrumbList","@id":"https:\/\/www.diocesitn.it\/area-testimonianza\/2024\/04\/10\/fine-ramadan-il-saluto-dellarcivescovo-lauro-desidero-ardentemente-pregare-intensamente-con-voi-affinche-tutte-e-tutti-ci-accorgiamo-della-grandezza-della-misericordia-di-dio\/#breadcrumb","itemListElement":[{"@type":"ListItem","position":1,"name":"Home","item":"https:\/\/www.diocesitn.it\/area-testimonianza\/"},{"@type":"ListItem","position":2,"name":"Fine Ramadan, il saluto dell&#8217;arcivescovo Lauro: &#8220;Desidero ardentemente pregare intensamente con Voi affinch\u00e9 tutte e tutti ci accorgiamo della grandezza della Misericordia di Dio&#8221;"}]},{"@type":"WebSite","@id":"https:\/\/www.diocesitn.it\/area-testimonianza\/#website","url":"https:\/\/www.diocesitn.it\/area-testimonianza\/","name":"Testimonianza e Impegno sociale","description":"Chiesa di Trento","publisher":{"@id":"https:\/\/www.diocesitn.it\/area-testimonianza\/#organization"},"potentialAction":[{"@type":"SearchAction","target":{"@type":"EntryPoint","urlTemplate":"https:\/\/www.diocesitn.it\/area-testimonianza\/?s={search_term_string}"},"query-input":"required name=search_term_string"}],"inLanguage":"it-IT"},{"@type":["Organization","Place"],"@id":"https:\/\/www.diocesitn.it\/area-testimonianza\/#organization","name":"Area Testimonianza e Impegno Sociale - Chiesa di Trento","url":"https:\/\/www.diocesitn.it\/area-testimonianza\/","logo":{"@id":"https:\/\/www.diocesitn.it\/area-testimonianza\/2024\/04\/10\/fine-ramadan-il-saluto-dellarcivescovo-lauro-desidero-ardentemente-pregare-intensamente-con-voi-affinche-tutte-e-tutti-ci-accorgiamo-della-grandezza-della-misericordia-di-dio\/#local-main-organization-logo"},"image":{"@id":"https:\/\/www.diocesitn.it\/area-testimonianza\/2024\/04\/10\/fine-ramadan-il-saluto-dellarcivescovo-lauro-desidero-ardentemente-pregare-intensamente-con-voi-affinche-tutte-e-tutti-ci-accorgiamo-della-grandezza-della-misericordia-di-dio\/#local-main-organization-logo"},"openingHoursSpecification":[{"@type":"OpeningHoursSpecification","dayOfWeek":["Monday","Tuesday","Wednesday","Thursday","Friday","Saturday","Sunday"],"opens":"09:00","closes":"17:00"}]},{"@type":"ImageObject","inLanguage":"it-IT","@id":"https:\/\/www.diocesitn.it\/area-testimonianza\/2024\/04\/10\/fine-ramadan-il-saluto-dellarcivescovo-lauro-desidero-ardentemente-pregare-intensamente-con-voi-affinche-tutte-e-tutti-ci-accorgiamo-della-grandezza-della-misericordia-di-dio\/#local-main-organization-logo","url":"https:\/\/www.diocesitn.it\/area-testimonianza\/wp-content\/uploads\/sites\/37\/2021\/09\/og-logo-testimonianza-e-impegno-sociale.jpg","contentUrl":"https:\/\/www.diocesitn.it\/area-testimonianza\/wp-content\/uploads\/sites\/37\/2021\/09\/og-logo-testimonianza-e-impegno-sociale.jpg","width":1200,"height":630,"caption":"Area Testimonianza e Impegno Sociale - Chiesa di Trento"}]}},"_links":{"self":[{"href":"https:\/\/www.diocesitn.it\/area-testimonianza\/wp-json\/wp\/v2\/posts\/14907","targetHints":{"allow":["GET"]}}],"collection":[{"href":"https:\/\/www.diocesitn.it\/area-testimonianza\/wp-json\/wp\/v2\/posts"}],"about":[{"href":"https:\/\/www.diocesitn.it\/area-testimonianza\/wp-json\/wp\/v2\/types\/post"}],"author":[{"embeddable":true,"href":"https:\/\/www.diocesitn.it\/area-testimonianza\/wp-json\/wp\/v2\/users\/168"}],"replies":[{"embeddable":true,"href":"https:\/\/www.diocesitn.it\/area-testimonianza\/wp-json\/wp\/v2\/comments?post=14907"}],"version-history":[{"count":1,"href":"https:\/\/www.diocesitn.it\/area-testimonianza\/wp-json\/wp\/v2\/posts\/14907\/revisions"}],"predecessor-version":[{"id":14909,"href":"https:\/\/www.diocesitn.it\/area-testimonianza\/wp-json\/wp\/v2\/posts\/14907\/revisions\/14909"}],"wp:featuredmedia":[{"embeddable":true,"href":"https:\/\/www.diocesitn.it\/area-testimonianza\/wp-json\/wp\/v2\/media\/14908"}],"wp:attachment":[{"href":"https:\/\/www.diocesitn.it\/area-testimonianza\/wp-json\/wp\/v2\/media?parent=14907"}],"wp:term":[{"taxonomy":"category","embeddable":true,"href":"https:\/\/www.diocesitn.it\/area-testimonianza\/wp-json\/wp\/v2\/categories?post=14907"},{"taxonomy":"post_tag","embeddable":true,"href":"https:\/\/www.diocesitn.it\/area-testimonianza\/wp-json\/wp\/v2\/tags?post=14907"}],"curies":[{"name":"wp","href":"https:\/\/api.w.org\/{rel}","templated":true}]}}