{"id":14881,"date":"2024-04-08T16:20:00","date_gmt":"2024-04-08T14:20:00","guid":{"rendered":"https:\/\/www.diocesitn.it\/area-testimonianza\/2024\/04\/08\/mani-in-pasta-oltre-1500-giovani-in-tutto-il-territorio-diocesano-in-azione-per-la-solidarieta\/"},"modified":"2025-02-20T09:42:56","modified_gmt":"2025-02-20T08:42:56","slug":"mani-in-pasta-oltre-1500-giovani-in-tutto-il-territorio-diocesano-in-azione-per-la-solidarieta","status":"publish","type":"post","link":"https:\/\/www.diocesitn.it\/area-testimonianza\/2024\/04\/08\/mani-in-pasta-oltre-1500-giovani-in-tutto-il-territorio-diocesano-in-azione-per-la-solidarieta\/","title":{"rendered":"Mani in pasta: oltre 1500 giovani in tutto il territorio diocesano in azione per la solidariet\u00e0"},"content":{"rendered":"<p><strong>Servizio,<\/strong> <strong>gioia, ascolto<\/strong> e\u00a0<strong>incontro:<\/strong> queste le parole che <strong>sabato 6 aprile<\/strong> hanno spinto <strong>oltre 1500 giovani<\/strong> ha partecipare a &#8220;<strong>Mani in pasta<\/strong>&#8220;.<\/p>\n<p>L&#8217;iniziativa, proposta da\u00a0<strong>Caritas<\/strong>,\u00a0<strong>Pastorale giovanile<\/strong>\u00a0e\u00a0<strong>Associazione NOI, <\/strong>ha coinvolto un centinaio d<span style=\"font-size: inherit\">i gruppi giovani dell&#8217;intera zona diocesana che nella giornata di sabato si sono posizionati all\u2019ingresso dei supermercati per <strong>raccogliere generi di prima necessit\u00e0<\/strong>\u00a0da destinare poi a persone o famiglie seguite da <strong>Caritas,<\/strong> <strong>Banco Alimentare<\/strong>, <strong>Trentino Solidale<\/strong> e da altre associazioni che si prendono a cuore situazioni di particolare bisogno.<\/span><\/p>\n<p>&#8220;L&#8217;iniziativa &#8211; spiegano gli organizzatori &#8211;<strong> offre risposta ai bisogni del territorio e d\u00e0 visibilit\u00e0 a realt\u00e0 spesso sconosciute<\/strong>. Speriamo che Mani in Pasta non sia solo l&#8217;occasione per mettersi in servizio, ma anche per conoscere le associazioni impegnate localmente nel dare risposta al disagio. Dare un volto alla povert\u00e0 e a chi viene in soccorso di chi fa pi\u00f9 fatica rende ancora pi\u00f9 significativa la raccolta viveri\u201d.<\/p>\n<p>&nbsp;<\/p>\n\n\n\t\t<style type='text\/css'>\n\n\t\t\t\/* PhotoSwipe Plugin *\/\n\t\t\t.psgal {\n\t\t\t\tmargin: auto;\n\t\t\t\tpadding-bottom:40px;\n\n\t\t\t\t-webkit-transition: all 0.4s ease;\n\t\t\t\t-moz-transition: all 0.4s ease;\n\t\t\t\t-o-transition: all 0.4s ease;\n\t\t\t\ttransition: all 0.4s ease;\n\t\t\t}\n\n\t\t\t.psgal figure {\n\t\t\t\tfloat: left;\n\t\t\t\ttext-align: center;\n    \t\t\twidth: 200px;\n                max-width: 50%;\n\t\t\t\tpadding:5px;\n\t\t\t\tmargin: 0px;\n\t\t\t\tbox-sizing:border-box;\n\t\t\t}\n\t\t\t.psgal a{\n\t\t\t\tdisplay:block;\n\t\t\t}\n\t\t\t.psgal figure figcaption{\n\t\t\t\tfont-size:13px;\n\t\t\t}\n\n\t\t\t.msnry{\n\t\t\t\tmargin:auto;\n\t\t\t}\n\t\t\t.pswp__caption__center{\n\t\t\t\ttext-align: center;\n\t\t\t}\n\t\t\t\n\n\t\t\t.photoswipe-gallery-caption{\n\t\t\t\tdisplay:none;\n\t\t\t}\n\n\t\t\t\n\t\t<\/style> <div style=\"clear:both\"><\/div>\n\n\t\t<div id=\"psgal_14881_1\" class=\"ps-gallery psgal gallery-columns-4 gallery-size-medium\" itemscope itemtype=\"http:\/\/schema.org\/ImageGallery\" >\n\t\t\t\t<figure class=\"msnry_item\" itemscope itemtype=\"http:\/\/schema.org\/ImageObject\">\n\t\t\t\t\t<a href=\"https:\/\/www.diocesitn.it\/area-testimonianza\/wp-content\/uploads\/sites\/37\/2024\/04\/Mani-in-pasta.jpg\"\n\t\t\t\t\titemprop=\"contentUrl\"\n\t\t\t\t\tdata-pswp-width=\"720\" \n\t\t\t\t    data-pswp-height=\"960\" \n\t\t\t\t    data-cropped=\"true\"\n\t\t\t\t\tdata-caption=\"\"\n\t\t\t\t\tclass=\"post-thumbnail-image-link container-fixed-aspect-ratio__16-9\">\n\t\t\t\t        <img src=https:\/\/www.diocesitn.it\/area-testimonianza\/wp-content\/uploads\/sites\/37\/2024\/04\/Mani-in-pasta-225x300.jpg itemprop=\"thumbnail\" alt=\"\"  \/>\n\t\t\t\t    <\/a>\n\t\t\t\t    <figcaption class=\"photoswipe-gallery-caption\" ><\/figcaption>\n\t\t\t    <\/figure>\n\t\t\t\t\n\t\t\t\t<figure class=\"msnry_item\" itemscope itemtype=\"http:\/\/schema.org\/ImageObject\">\n\t\t\t\t\t<a href=\"https:\/\/www.diocesitn.it\/area-testimonianza\/wp-content\/uploads\/sites\/37\/2024\/04\/Mani-in-pasta-3-768x1024.jpg\"\n\t\t\t\t\titemprop=\"contentUrl\"\n\t\t\t\t\tdata-pswp-width=\"768\" \n\t\t\t\t    data-pswp-height=\"1024\" \n\t\t\t\t    data-cropped=\"true\"\n\t\t\t\t\tdata-caption=\"\"\n\t\t\t\t\tclass=\"post-thumbnail-image-link container-fixed-aspect-ratio__16-9\">\n\t\t\t\t        <img src=https:\/\/www.diocesitn.it\/area-testimonianza\/wp-content\/uploads\/sites\/37\/2024\/04\/Mani-in-pasta-3-225x300.jpg itemprop=\"thumbnail\" alt=\"\"  \/>\n\t\t\t\t    <\/a>\n\t\t\t\t    <figcaption class=\"photoswipe-gallery-caption\" ><\/figcaption>\n\t\t\t    <\/figure>\n\t\t\t\t\n\t\t\t\t<figure class=\"msnry_item\" itemscope itemtype=\"http:\/\/schema.org\/ImageObject\">\n\t\t\t\t\t<a href=\"https:\/\/www.diocesitn.it\/area-testimonianza\/wp-content\/uploads\/sites\/37\/2024\/04\/Mani-in-pasta-2-964x1024.jpg\"\n\t\t\t\t\titemprop=\"contentUrl\"\n\t\t\t\t\tdata-pswp-width=\"800\" \n\t\t\t\t    data-pswp-height=\"850\" \n\t\t\t\t    data-cropped=\"true\"\n\t\t\t\t\tdata-caption=\"\"\n\t\t\t\t\tclass=\"post-thumbnail-image-link container-fixed-aspect-ratio__16-9\">\n\t\t\t\t        <img src=https:\/\/www.diocesitn.it\/area-testimonianza\/wp-content\/uploads\/sites\/37\/2024\/04\/Mani-in-pasta-2-282x300.jpg itemprop=\"thumbnail\" alt=\"\"  \/>\n\t\t\t\t    <\/a>\n\t\t\t\t    <figcaption class=\"photoswipe-gallery-caption\" ><\/figcaption>\n\t\t\t    <\/figure>\n\t\t\t\t\n\t\t\t\t<figure class=\"msnry_item\" itemscope itemtype=\"http:\/\/schema.org\/ImageObject\">\n\t\t\t\t\t<a href=\"https:\/\/www.diocesitn.it\/area-testimonianza\/wp-content\/uploads\/sites\/37\/2024\/04\/Mani-in-pasta-4-768x1024.jpg\"\n\t\t\t\t\titemprop=\"contentUrl\"\n\t\t\t\t\tdata-pswp-width=\"768\" \n\t\t\t\t    data-pswp-height=\"1024\" \n\t\t\t\t    data-cropped=\"true\"\n\t\t\t\t\tdata-caption=\"\"\n\t\t\t\t\tclass=\"post-thumbnail-image-link container-fixed-aspect-ratio__16-9\">\n\t\t\t\t        <img src=https:\/\/www.diocesitn.it\/area-testimonianza\/wp-content\/uploads\/sites\/37\/2024\/04\/Mani-in-pasta-4-225x300.jpg itemprop=\"thumbnail\" alt=\"\"  \/>\n\t\t\t\t    <\/a>\n\t\t\t\t    <figcaption class=\"photoswipe-gallery-caption\" ><\/figcaption>\n\t\t\t    <\/figure>\n\t\t\t\t<\/div>\n\t\t<div style='clear:both'><\/div>\n\t\n","protected":false},"excerpt":{"rendered":"<p>Servizio, gioia, ascolto e\u00a0incontro: queste le parole che sabato 6 aprile hanno spinto oltre 1500 giovani ha partecipare a &#8220;Mani in pasta&#8220;. L&#8217;iniziativa, proposta da\u00a0Caritas,\u00a0Pastorale giovanile\u00a0e\u00a0Associazione NOI, ha coinvolto un centinaio di gruppi giovani dell&#8217;intera<\/p>\n","protected":false},"author":177,"featured_media":14882,"comment_status":"closed","ping_status":"closed","sticky":false,"template":"","format":"standard","meta":{"footnotes":""},"categories":[1059,1074],"tags":[1124,2229],"class_list":["post-14881","post","type-post","status-publish","format-standard","has-post-thumbnail","hentry","category-servizio-caritas","category-notizie","tag-giovani","tag-raccolta-viveri"],"acf":{"seed-localization-paese-cod":"IT","seed-localization-address":"","seed-localization-citta":"Trento","seed-localization-regione-cod-istat":"04","seed-localization-citta-cod-istat":"022205","seed-localization-localita":"","seed-localization-cap":"","seed-localization-marker-visibility":false,"seed-localization-children-visibility":false,"seed-localization-kml":"","seed-localization-custom-marker":""},"yoast_head":"<!-- This site is optimized with the Yoast SEO Premium plugin v20.2.1 (Yoast SEO v22.2) - https:\/\/yoast.com\/wordpress\/plugins\/seo\/ -->\n<title>Mani in Pasta: 1500 giovani attivi in tutta la Diocesi<\/title>\n<meta name=\"description\" content=\"Mani in Pasta: 1500 giovani attivi in tutta la Diocesi. L&#039;obiettivo \u00e8 rispondere ai bisogni e dare visibilit\u00e0 a realt\u00e0 spesso sconosciute\" \/>\n<meta name=\"robots\" content=\"index, follow, max-snippet:-1, max-image-preview:large, max-video-preview:-1\" \/>\n<link rel=\"canonical\" href=\"https:\/\/www.diocesitn.it\/area-testimonianza\/2024\/04\/08\/mani-in-pasta-oltre-1500-giovani-in-tutto-il-territorio-diocesano-in-azione-per-la-solidarieta\/\" \/>\n<meta property=\"og:locale\" content=\"it_IT\" \/>\n<meta property=\"og:type\" content=\"article\" \/>\n<meta property=\"og:title\" content=\"Mani in pasta: oltre 1500 giovani in tutto il territorio diocesano in azione per la solidariet\u00e0\" \/>\n<meta property=\"og:description\" content=\"Mani in Pasta: 1500 giovani attivi in tutta la Diocesi. L&#039;obiettivo \u00e8 rispondere ai bisogni e dare visibilit\u00e0 a realt\u00e0 spesso sconosciute\" \/>\n<meta property=\"og:url\" content=\"https:\/\/www.diocesitn.it\/area-testimonianza\/2024\/04\/08\/mani-in-pasta-oltre-1500-giovani-in-tutto-il-territorio-diocesano-in-azione-per-la-solidarieta\/\" \/>\n<meta property=\"og:site_name\" content=\"Testimonianza e Impegno sociale\" \/>\n<meta property=\"article:published_time\" content=\"2024-04-08T14:20:00+00:00\" \/>\n<meta property=\"article:modified_time\" content=\"2025-02-20T08:42:56+00:00\" \/>\n<meta property=\"og:image\" content=\"https:\/\/www.diocesitn.it\/area-testimonianza\/wp-content\/uploads\/sites\/37\/2024\/04\/Mani-in-pasta.jpg\" \/>\n\t<meta property=\"og:image:width\" content=\"720\" \/>\n\t<meta property=\"og:image:height\" content=\"960\" \/>\n\t<meta property=\"og:image:type\" content=\"image\/jpeg\" \/>\n<meta name=\"author\" content=\"cweiss\" \/>\n<meta name=\"twitter:card\" content=\"summary_large_image\" \/>\n<meta name=\"twitter:label1\" content=\"Scritto da\" \/>\n\t<meta name=\"twitter:data1\" content=\"cweiss\" \/>\n\t<meta name=\"twitter:label2\" content=\"Tempo di lettura stimato\" \/>\n\t<meta name=\"twitter:data2\" content=\"2 minuti\" \/>\n<script type=\"application\/ld+json\" class=\"yoast-schema-graph\">{\"@context\":\"https:\/\/schema.org\",\"@graph\":[{\"@type\":\"Article\",\"@id\":\"https:\/\/www.diocesitn.it\/area-testimonianza\/2024\/04\/08\/mani-in-pasta-oltre-1500-giovani-in-tutto-il-territorio-diocesano-in-azione-per-la-solidarieta\/#article\",\"isPartOf\":{\"@id\":\"https:\/\/www.diocesitn.it\/area-testimonianza\/2024\/04\/08\/mani-in-pasta-oltre-1500-giovani-in-tutto-il-territorio-diocesano-in-azione-per-la-solidarieta\/\"},\"author\":{\"name\":\"cweiss\",\"@id\":\"https:\/\/www.diocesitn.it\/area-testimonianza\/#\/schema\/person\/4d1771273d5fc5c33cf486f49f0d18fb\"},\"headline\":\"Mani in pasta: oltre 1500 giovani in tutto il territorio diocesano in azione per la solidariet\u00e0\",\"datePublished\":\"2024-04-08T14:20:00+00:00\",\"dateModified\":\"2025-02-20T08:42:56+00:00\",\"mainEntityOfPage\":{\"@id\":\"https:\/\/www.diocesitn.it\/area-testimonianza\/2024\/04\/08\/mani-in-pasta-oltre-1500-giovani-in-tutto-il-territorio-diocesano-in-azione-per-la-solidarieta\/\"},\"wordCount\":174,\"publisher\":{\"@id\":\"https:\/\/www.diocesitn.it\/area-testimonianza\/#organization\"},\"image\":{\"@id\":\"https:\/\/www.diocesitn.it\/area-testimonianza\/2024\/04\/08\/mani-in-pasta-oltre-1500-giovani-in-tutto-il-territorio-diocesano-in-azione-per-la-solidarieta\/#primaryimage\"},\"thumbnailUrl\":\"https:\/\/www.diocesitn.it\/area-testimonianza\/wp-content\/uploads\/sites\/37\/2024\/04\/Mani-in-pasta.jpg\",\"keywords\":[\"Giovani\",\"raccolta viveri\"],\"articleSection\":[\"Caritas diocesana\",\"Notizie\"],\"inLanguage\":\"it-IT\",\"copyrightYear\":\"2024\",\"copyrightHolder\":{\"@id\":\"https:\/\/www.diocesitn.it\/#organization\"}},{\"@type\":\"WebPage\",\"@id\":\"https:\/\/www.diocesitn.it\/area-testimonianza\/2024\/04\/08\/mani-in-pasta-oltre-1500-giovani-in-tutto-il-territorio-diocesano-in-azione-per-la-solidarieta\/\",\"url\":\"https:\/\/www.diocesitn.it\/area-testimonianza\/2024\/04\/08\/mani-in-pasta-oltre-1500-giovani-in-tutto-il-territorio-diocesano-in-azione-per-la-solidarieta\/\",\"name\":\"Mani in Pasta: 1500 giovani attivi in tutta la Diocesi\",\"isPartOf\":{\"@id\":\"https:\/\/www.diocesitn.it\/area-testimonianza\/#website\"},\"primaryImageOfPage\":{\"@id\":\"https:\/\/www.diocesitn.it\/area-testimonianza\/2024\/04\/08\/mani-in-pasta-oltre-1500-giovani-in-tutto-il-territorio-diocesano-in-azione-per-la-solidarieta\/#primaryimage\"},\"image\":{\"@id\":\"https:\/\/www.diocesitn.it\/area-testimonianza\/2024\/04\/08\/mani-in-pasta-oltre-1500-giovani-in-tutto-il-territorio-diocesano-in-azione-per-la-solidarieta\/#primaryimage\"},\"thumbnailUrl\":\"https:\/\/www.diocesitn.it\/area-testimonianza\/wp-content\/uploads\/sites\/37\/2024\/04\/Mani-in-pasta.jpg\",\"datePublished\":\"2024-04-08T14:20:00+00:00\",\"dateModified\":\"2025-02-20T08:42:56+00:00\",\"description\":\"Mani in Pasta: 1500 giovani attivi in tutta la Diocesi. L'obiettivo \u00e8 rispondere ai bisogni e dare visibilit\u00e0 a realt\u00e0 spesso sconosciute\",\"breadcrumb\":{\"@id\":\"https:\/\/www.diocesitn.it\/area-testimonianza\/2024\/04\/08\/mani-in-pasta-oltre-1500-giovani-in-tutto-il-territorio-diocesano-in-azione-per-la-solidarieta\/#breadcrumb\"},\"inLanguage\":\"it-IT\",\"potentialAction\":[{\"@type\":\"ReadAction\",\"target\":[\"https:\/\/www.diocesitn.it\/area-testimonianza\/2024\/04\/08\/mani-in-pasta-oltre-1500-giovani-in-tutto-il-territorio-diocesano-in-azione-per-la-solidarieta\/\"]}]},{\"@type\":\"ImageObject\",\"inLanguage\":\"it-IT\",\"@id\":\"https:\/\/www.diocesitn.it\/area-testimonianza\/2024\/04\/08\/mani-in-pasta-oltre-1500-giovani-in-tutto-il-territorio-diocesano-in-azione-per-la-solidarieta\/#primaryimage\",\"url\":\"https:\/\/www.diocesitn.it\/area-testimonianza\/wp-content\/uploads\/sites\/37\/2024\/04\/Mani-in-pasta.jpg\",\"contentUrl\":\"https:\/\/www.diocesitn.it\/area-testimonianza\/wp-content\/uploads\/sites\/37\/2024\/04\/Mani-in-pasta.jpg\",\"width\":720,\"height\":960},{\"@type\":\"BreadcrumbList\",\"@id\":\"https:\/\/www.diocesitn.it\/area-testimonianza\/2024\/04\/08\/mani-in-pasta-oltre-1500-giovani-in-tutto-il-territorio-diocesano-in-azione-per-la-solidarieta\/#breadcrumb\",\"itemListElement\":[{\"@type\":\"ListItem\",\"position\":1,\"name\":\"Home\",\"item\":\"https:\/\/www.diocesitn.it\/area-testimonianza\/\"},{\"@type\":\"ListItem\",\"position\":2,\"name\":\"Mani in pasta: oltre 1500 giovani in tutto il territorio diocesano in azione per la solidariet\u00e0\"}]},{\"@type\":\"WebSite\",\"@id\":\"https:\/\/www.diocesitn.it\/area-testimonianza\/#website\",\"url\":\"https:\/\/www.diocesitn.it\/area-testimonianza\/\",\"name\":\"Testimonianza e Impegno sociale\",\"description\":\"Chiesa di Trento\",\"publisher\":{\"@id\":\"https:\/\/www.diocesitn.it\/area-testimonianza\/#organization\"},\"potentialAction\":[{\"@type\":\"SearchAction\",\"target\":{\"@type\":\"EntryPoint\",\"urlTemplate\":\"https:\/\/www.diocesitn.it\/area-testimonianza\/?s={search_term_string}\"},\"query-input\":\"required name=search_term_string\"}],\"inLanguage\":\"it-IT\"},{\"@type\":[\"Organization\",\"Place\"],\"@id\":\"https:\/\/www.diocesitn.it\/area-testimonianza\/#organization\",\"name\":\"Area Testimonianza e Impegno Sociale - Chiesa di Trento\",\"url\":\"https:\/\/www.diocesitn.it\/area-testimonianza\/\",\"logo\":{\"@id\":\"https:\/\/www.diocesitn.it\/area-testimonianza\/2024\/04\/08\/mani-in-pasta-oltre-1500-giovani-in-tutto-il-territorio-diocesano-in-azione-per-la-solidarieta\/#local-main-organization-logo\"},\"image\":{\"@id\":\"https:\/\/www.diocesitn.it\/area-testimonianza\/2024\/04\/08\/mani-in-pasta-oltre-1500-giovani-in-tutto-il-territorio-diocesano-in-azione-per-la-solidarieta\/#local-main-organization-logo\"},\"openingHoursSpecification\":[{\"@type\":\"OpeningHoursSpecification\",\"dayOfWeek\":[\"Monday\",\"Tuesday\",\"Wednesday\",\"Thursday\",\"Friday\",\"Saturday\",\"Sunday\"],\"opens\":\"09:00\",\"closes\":\"17:00\"}]},{\"@type\":\"ImageObject\",\"inLanguage\":\"it-IT\",\"@id\":\"https:\/\/www.diocesitn.it\/area-testimonianza\/2024\/04\/08\/mani-in-pasta-oltre-1500-giovani-in-tutto-il-territorio-diocesano-in-azione-per-la-solidarieta\/#local-main-organization-logo\",\"url\":\"https:\/\/www.diocesitn.it\/area-testimonianza\/wp-content\/uploads\/sites\/37\/2021\/09\/og-logo-testimonianza-e-impegno-sociale.jpg\",\"contentUrl\":\"https:\/\/www.diocesitn.it\/area-testimonianza\/wp-content\/uploads\/sites\/37\/2021\/09\/og-logo-testimonianza-e-impegno-sociale.jpg\",\"width\":1200,\"height\":630,\"caption\":\"Area Testimonianza e Impegno Sociale - Chiesa di Trento\"}]}<\/script>\n<!-- \/ Yoast SEO Premium plugin. -->","yoast_head_json":{"title":"Mani in Pasta: 1500 giovani attivi in tutta la Diocesi","description":"Mani in Pasta: 1500 giovani attivi in tutta la Diocesi. L'obiettivo \u00e8 rispondere ai bisogni e dare visibilit\u00e0 a realt\u00e0 spesso sconosciute","robots":{"index":"index","follow":"follow","max-snippet":"max-snippet:-1","max-image-preview":"max-image-preview:large","max-video-preview":"max-video-preview:-1"},"canonical":"https:\/\/www.diocesitn.it\/area-testimonianza\/2024\/04\/08\/mani-in-pasta-oltre-1500-giovani-in-tutto-il-territorio-diocesano-in-azione-per-la-solidarieta\/","og_locale":"it_IT","og_type":"article","og_title":"Mani in pasta: oltre 1500 giovani in tutto il territorio diocesano in azione per la solidariet\u00e0","og_description":"Mani in Pasta: 1500 giovani attivi in tutta la Diocesi. L'obiettivo \u00e8 rispondere ai bisogni e dare visibilit\u00e0 a realt\u00e0 spesso sconosciute","og_url":"https:\/\/www.diocesitn.it\/area-testimonianza\/2024\/04\/08\/mani-in-pasta-oltre-1500-giovani-in-tutto-il-territorio-diocesano-in-azione-per-la-solidarieta\/","og_site_name":"Testimonianza e Impegno sociale","article_published_time":"2024-04-08T14:20:00+00:00","article_modified_time":"2025-02-20T08:42:56+00:00","og_image":[{"width":720,"height":960,"url":"https:\/\/www.diocesitn.it\/area-testimonianza\/wp-content\/uploads\/sites\/37\/2024\/04\/Mani-in-pasta.jpg","type":"image\/jpeg"}],"author":"cweiss","twitter_card":"summary_large_image","twitter_misc":{"Scritto da":"cweiss","Tempo di lettura stimato":"2 minuti"},"schema":{"@context":"https:\/\/schema.org","@graph":[{"@type":"Article","@id":"https:\/\/www.diocesitn.it\/area-testimonianza\/2024\/04\/08\/mani-in-pasta-oltre-1500-giovani-in-tutto-il-territorio-diocesano-in-azione-per-la-solidarieta\/#article","isPartOf":{"@id":"https:\/\/www.diocesitn.it\/area-testimonianza\/2024\/04\/08\/mani-in-pasta-oltre-1500-giovani-in-tutto-il-territorio-diocesano-in-azione-per-la-solidarieta\/"},"author":{"name":"cweiss","@id":"https:\/\/www.diocesitn.it\/area-testimonianza\/#\/schema\/person\/4d1771273d5fc5c33cf486f49f0d18fb"},"headline":"Mani in pasta: oltre 1500 giovani in tutto il territorio diocesano in azione per la solidariet\u00e0","datePublished":"2024-04-08T14:20:00+00:00","dateModified":"2025-02-20T08:42:56+00:00","mainEntityOfPage":{"@id":"https:\/\/www.diocesitn.it\/area-testimonianza\/2024\/04\/08\/mani-in-pasta-oltre-1500-giovani-in-tutto-il-territorio-diocesano-in-azione-per-la-solidarieta\/"},"wordCount":174,"publisher":{"@id":"https:\/\/www.diocesitn.it\/area-testimonianza\/#organization"},"image":{"@id":"https:\/\/www.diocesitn.it\/area-testimonianza\/2024\/04\/08\/mani-in-pasta-oltre-1500-giovani-in-tutto-il-territorio-diocesano-in-azione-per-la-solidarieta\/#primaryimage"},"thumbnailUrl":"https:\/\/www.diocesitn.it\/area-testimonianza\/wp-content\/uploads\/sites\/37\/2024\/04\/Mani-in-pasta.jpg","keywords":["Giovani","raccolta viveri"],"articleSection":["Caritas diocesana","Notizie"],"inLanguage":"it-IT","copyrightYear":"2024","copyrightHolder":{"@id":"https:\/\/www.diocesitn.it\/#organization"}},{"@type":"WebPage","@id":"https:\/\/www.diocesitn.it\/area-testimonianza\/2024\/04\/08\/mani-in-pasta-oltre-1500-giovani-in-tutto-il-territorio-diocesano-in-azione-per-la-solidarieta\/","url":"https:\/\/www.diocesitn.it\/area-testimonianza\/2024\/04\/08\/mani-in-pasta-oltre-1500-giovani-in-tutto-il-territorio-diocesano-in-azione-per-la-solidarieta\/","name":"Mani in Pasta: 1500 giovani attivi in tutta la Diocesi","isPartOf":{"@id":"https:\/\/www.diocesitn.it\/area-testimonianza\/#website"},"primaryImageOfPage":{"@id":"https:\/\/www.diocesitn.it\/area-testimonianza\/2024\/04\/08\/mani-in-pasta-oltre-1500-giovani-in-tutto-il-territorio-diocesano-in-azione-per-la-solidarieta\/#primaryimage"},"image":{"@id":"https:\/\/www.diocesitn.it\/area-testimonianza\/2024\/04\/08\/mani-in-pasta-oltre-1500-giovani-in-tutto-il-territorio-diocesano-in-azione-per-la-solidarieta\/#primaryimage"},"thumbnailUrl":"https:\/\/www.diocesitn.it\/area-testimonianza\/wp-content\/uploads\/sites\/37\/2024\/04\/Mani-in-pasta.jpg","datePublished":"2024-04-08T14:20:00+00:00","dateModified":"2025-02-20T08:42:56+00:00","description":"Mani in Pasta: 1500 giovani attivi in tutta la Diocesi. L'obiettivo \u00e8 rispondere ai bisogni e dare visibilit\u00e0 a realt\u00e0 spesso sconosciute","breadcrumb":{"@id":"https:\/\/www.diocesitn.it\/area-testimonianza\/2024\/04\/08\/mani-in-pasta-oltre-1500-giovani-in-tutto-il-territorio-diocesano-in-azione-per-la-solidarieta\/#breadcrumb"},"inLanguage":"it-IT","potentialAction":[{"@type":"ReadAction","target":["https:\/\/www.diocesitn.it\/area-testimonianza\/2024\/04\/08\/mani-in-pasta-oltre-1500-giovani-in-tutto-il-territorio-diocesano-in-azione-per-la-solidarieta\/"]}]},{"@type":"ImageObject","inLanguage":"it-IT","@id":"https:\/\/www.diocesitn.it\/area-testimonianza\/2024\/04\/08\/mani-in-pasta-oltre-1500-giovani-in-tutto-il-territorio-diocesano-in-azione-per-la-solidarieta\/#primaryimage","url":"https:\/\/www.diocesitn.it\/area-testimonianza\/wp-content\/uploads\/sites\/37\/2024\/04\/Mani-in-pasta.jpg","contentUrl":"https:\/\/www.diocesitn.it\/area-testimonianza\/wp-content\/uploads\/sites\/37\/2024\/04\/Mani-in-pasta.jpg","width":720,"height":960},{"@type":"BreadcrumbList","@id":"https:\/\/www.diocesitn.it\/area-testimonianza\/2024\/04\/08\/mani-in-pasta-oltre-1500-giovani-in-tutto-il-territorio-diocesano-in-azione-per-la-solidarieta\/#breadcrumb","itemListElement":[{"@type":"ListItem","position":1,"name":"Home","item":"https:\/\/www.diocesitn.it\/area-testimonianza\/"},{"@type":"ListItem","position":2,"name":"Mani in pasta: oltre 1500 giovani in tutto il territorio diocesano in azione per la solidariet\u00e0"}]},{"@type":"WebSite","@id":"https:\/\/www.diocesitn.it\/area-testimonianza\/#website","url":"https:\/\/www.diocesitn.it\/area-testimonianza\/","name":"Testimonianza e Impegno sociale","description":"Chiesa di Trento","publisher":{"@id":"https:\/\/www.diocesitn.it\/area-testimonianza\/#organization"},"potentialAction":[{"@type":"SearchAction","target":{"@type":"EntryPoint","urlTemplate":"https:\/\/www.diocesitn.it\/area-testimonianza\/?s={search_term_string}"},"query-input":"required name=search_term_string"}],"inLanguage":"it-IT"},{"@type":["Organization","Place"],"@id":"https:\/\/www.diocesitn.it\/area-testimonianza\/#organization","name":"Area Testimonianza e Impegno Sociale - Chiesa di Trento","url":"https:\/\/www.diocesitn.it\/area-testimonianza\/","logo":{"@id":"https:\/\/www.diocesitn.it\/area-testimonianza\/2024\/04\/08\/mani-in-pasta-oltre-1500-giovani-in-tutto-il-territorio-diocesano-in-azione-per-la-solidarieta\/#local-main-organization-logo"},"image":{"@id":"https:\/\/www.diocesitn.it\/area-testimonianza\/2024\/04\/08\/mani-in-pasta-oltre-1500-giovani-in-tutto-il-territorio-diocesano-in-azione-per-la-solidarieta\/#local-main-organization-logo"},"openingHoursSpecification":[{"@type":"OpeningHoursSpecification","dayOfWeek":["Monday","Tuesday","Wednesday","Thursday","Friday","Saturday","Sunday"],"opens":"09:00","closes":"17:00"}]},{"@type":"ImageObject","inLanguage":"it-IT","@id":"https:\/\/www.diocesitn.it\/area-testimonianza\/2024\/04\/08\/mani-in-pasta-oltre-1500-giovani-in-tutto-il-territorio-diocesano-in-azione-per-la-solidarieta\/#local-main-organization-logo","url":"https:\/\/www.diocesitn.it\/area-testimonianza\/wp-content\/uploads\/sites\/37\/2021\/09\/og-logo-testimonianza-e-impegno-sociale.jpg","contentUrl":"https:\/\/www.diocesitn.it\/area-testimonianza\/wp-content\/uploads\/sites\/37\/2021\/09\/og-logo-testimonianza-e-impegno-sociale.jpg","width":1200,"height":630,"caption":"Area Testimonianza e Impegno Sociale - Chiesa di Trento"}]}},"_links":{"self":[{"href":"https:\/\/www.diocesitn.it\/area-testimonianza\/wp-json\/wp\/v2\/posts\/14881","targetHints":{"allow":["GET"]}}],"collection":[{"href":"https:\/\/www.diocesitn.it\/area-testimonianza\/wp-json\/wp\/v2\/posts"}],"about":[{"href":"https:\/\/www.diocesitn.it\/area-testimonianza\/wp-json\/wp\/v2\/types\/post"}],"author":[{"embeddable":true,"href":"https:\/\/www.diocesitn.it\/area-testimonianza\/wp-json\/wp\/v2\/users\/177"}],"replies":[{"embeddable":true,"href":"https:\/\/www.diocesitn.it\/area-testimonianza\/wp-json\/wp\/v2\/comments?post=14881"}],"version-history":[{"count":1,"href":"https:\/\/www.diocesitn.it\/area-testimonianza\/wp-json\/wp\/v2\/posts\/14881\/revisions"}],"predecessor-version":[{"id":14886,"href":"https:\/\/www.diocesitn.it\/area-testimonianza\/wp-json\/wp\/v2\/posts\/14881\/revisions\/14886"}],"wp:featuredmedia":[{"embeddable":true,"href":"https:\/\/www.diocesitn.it\/area-testimonianza\/wp-json\/wp\/v2\/media\/14882"}],"wp:attachment":[{"href":"https:\/\/www.diocesitn.it\/area-testimonianza\/wp-json\/wp\/v2\/media?parent=14881"}],"wp:term":[{"taxonomy":"category","embeddable":true,"href":"https:\/\/www.diocesitn.it\/area-testimonianza\/wp-json\/wp\/v2\/categories?post=14881"},{"taxonomy":"post_tag","embeddable":true,"href":"https:\/\/www.diocesitn.it\/area-testimonianza\/wp-json\/wp\/v2\/tags?post=14881"}],"curies":[{"name":"wp","href":"https:\/\/api.w.org\/{rel}","templated":true}]}}